{"id":9526,"date":"2022-11-28T22:19:05","date_gmt":"2022-11-28T22:19:05","guid":{"rendered":"https:\/\/www.asesoriaorihuelacosta.com\/?p=9526"},"modified":"2022-11-30T17:07:21","modified_gmt":"2022-11-30T17:07:21","slug":"kit-digital-independant","status":"publish","type":"post","link":"https:\/\/www.asesoriaorihuelacosta.com\/fr\/kit-digital-independant\/","title":{"rendered":"Kit digital pour ind\u00e9pendant : troisi\u00e8me appel \u00e0 propositions"},"content":{"rendered":"\t\t<div data-elementor-type=\"wp-post\" data-elementor-id=\"9526\" class=\"elementor elementor-9526\" data-elementor-post-type=\"post\">\n\t\t\t\t\t\t<section data-particle_enable=\"false\" data-particle-mobile-disabled=\"false\" class=\"elementor-section elementor-top-section elementor-element elementor-element-e686dcf elementor-section-boxed elementor-section-height-default elementor-section-height-default\" data-id=\"e686dcf\" data-element_type=\"section\" data-e-type=\"section\">\r\n\t\t\r\n\t\t\t\t\t\t\t<div class=\"elementor-container elementor-column-gap-default\">\r\n\t\t\t\t\t\t\t\t\t\t\t<div class=\"elementor-column elementor-col-100 elementor-top-column elementor-element elementor-element-977ee2f\" data-id=\"977ee2f\" data-element_type=\"column\" data-e-type=\"column\">\r\n\t\t\t\t\t<div class=\"elementor-widget-wrap elementor-element-populated\">\r\n\t\t\t\t\t\t\t\t<div class=\"elementor-element elementor-element-eef43c6 elementor-widget elementor-widget-text-editor\" data-id=\"eef43c6\" data-element_type=\"widget\" data-e-type=\"widget\" data-widget_type=\"text-editor.default\">\n\t\t\t\t<div class=\"elementor-widget-container\">\n\t\t\t\t\t\t\t\t\t<p style=\"text-align: justify;\">L&rsquo;annonce a \u00e9t\u00e9 publi\u00e9e au BOE (Journal officiel de l&rsquo;\u00c9tat) du lancement du troisi\u00e8me appel \u00e0 l&rsquo;aide du <strong>kit digital pour ind\u00e9pendants<\/strong>, qui s&rsquo;adresse dans ce cas aux ind\u00e9pendants qui ont moins de trois travailleurs \u00e0 partir du 20 octobre. Le montant maximal de l&rsquo;aide dont b\u00e9n\u00e9ficieront ces travailleurs ind\u00e9pendants sera de 2 000 euros.<\/p>\n<p style=\"text-align: justify;\">Il y a une limitation publi\u00e9e dans les r\u00e8gles, qui \u00e9tait d\u00e9j\u00e0 connue. Les travailleurs ind\u00e9pendants qui sont consid\u00e9r\u00e9s comme des travailleurs ind\u00e9pendants en soci\u00e9t\u00e9 ou des travailleurs ind\u00e9pendants collaborateurs ne pourront pas b\u00e9n\u00e9ficier de cette aide.<\/p>\n<p style=\"text-align: justify;\">Elles doivent \u00e9galement remplir le reste des conditions pour pouvoir demander le kit num\u00e9rique, comme ne pas \u00eatre consid\u00e9r\u00e9es comme une entreprise en crise, ou \u00eatre \u00e0 jour de leurs obligations fiscales et de s\u00e9curit\u00e9 sociale..<\/p>\n<h2 style=\"text-align: justify;\">Qu&rsquo;est-ce que le kit digital?<\/h2>\n<p style=\"text-align: justify;\">Le kit num\u00e9rique pour les ind\u00e9pendants est un programme d&rsquo;aide financi\u00e8re, financ\u00e9 par l&rsquo;Union europ\u00e9enne par le biais des fonds Next Generation, dont l&rsquo;objectif est de parvenir \u00e0 la num\u00e9risation des ind\u00e9pendants et des PME.<\/p>\n<p style=\"text-align: justify;\">\u00a0<\/p>\n<h2 style=\"text-align: justify;\">Qui peut en profiter ?<\/h2>\n<p style=\"text-align: justify;\">Le kit num\u00e9rique s&rsquo;adresse aux PME et aux ind\u00e9pendants comptant entre 1 et 49 travailleurs et r\u00e9pondant aux crit\u00e8res \u00e9tablis par le gouvernement.<\/p>\n<p style=\"text-align: justify;\">Ces entreprises pourront recevoir une prime pouvant aller jusqu&rsquo;\u00e0 un maximum de 12 000 \u20ac de subventions en fonction du segment dans lequel elles se trouvent, qu&rsquo;elles devront utiliser pour la num\u00e9risation de leur entreprise en choisissant les solutions de num\u00e9risation du kit num\u00e9rique qui correspondent le mieux \u00e0 leurs besoins.<\/p>\n<p style=\"text-align: justify;\">Si vous avez des doutes quant \u00e0 votre capacit\u00e9 \u00e0 b\u00e9n\u00e9ficier du Digital Freelance Kit, ne vous inqui\u00e9tez pas&#8230; Nous vous appellerons !<\/p>\n<p style=\"text-align: justify;\">&#8211; <strong>Segment I : 10 \u00e0 49 salari\u00e9s \u2192 12.000 \u20ac.<\/strong><br \/>Date de d\u00e9but : 15\/03\/2022 &#8211; 11:00h \/ Date de fin : 15\/03\/2023 &#8211; 11:00h<\/p>\n<p style=\"text-align: justify;\">&#8211; <strong>Segment II<\/strong> : 3 \u00e0 9 employ\u00e9s \u2192 6.000 \u20ac.<br \/>Date de d\u00e9but : 02\/09\/2022 &#8211; 11:00h \/ Date de fin : 02\/09\/2023 &#8211; 11:00h<\/p>\n<p style=\"text-align: justify;\">&#8211; <strong>Segment III<\/strong> : de 0 \u00e0 2 salari\u00e9s et ind\u00e9pendants \u2192 2.000 \u20ac.<br \/>Date de d\u00e9but : 20\/10\/2022 &#8211; 11:00h<\/p>\n<p style=\"text-align: justify;\">\u00a0<\/p>\n<h2 style=\"text-align: justify;\">Comment postuler ?<\/h2>\n<div style=\"text-align: justify;\"><b>\u00a0<\/b><\/div>\n<p style=\"text-align: justify;\">1. s&rsquo;inscrire dans l&rsquo;espace priv\u00e9 d&rsquo;<a href=\"https:\/\/acelerapyme.es\" target=\"_blank\" rel=\"noopener\">accelerapyme<\/a> et remplir le test d&rsquo;autodiagnostic num\u00e9rique, qui ne prend pas plus de 10 minutes.<\/p>\n<p style=\"text-align: justify;\">\u00a0<\/p>\n<p style=\"text-align: justify;\">2. Consultez l&rsquo;information disponible sur les solutions de num\u00e9risation du programme Digital Kit, o\u00f9 vous pouvez choisir une ou plusieurs de celles qui figurent dans le catalogue consultable sur acelerapyme.es.<\/p>\n<p style=\"text-align: justify;\">3. demander l&rsquo;aide au si\u00e8ge \u00e9lectronique de Red.es (https:\/\/sede.red.gob.es).<\/p>\n<p style=\"text-align: justify;\">Une fois qu&rsquo;il est v\u00e9rifi\u00e9 que l&rsquo;entreprise remplit les conditions requises, le bon num\u00e9rique est accord\u00e9. Le b\u00e9n\u00e9ficiaire peut consulter le catalogue des solutions de num\u00e9risation de base propos\u00e9es par le programme \u00ab\u00a0Kit num\u00e9rique pour les ind\u00e9pendants\u00a0\u00bb et le catalogue des agents de num\u00e9risation sur acelerapyme.es.\u00a0 Ils doivent s\u00e9lectionner un ou plusieurs agents de num\u00e9risation avec lesquels ils d\u00e9velopperont les solutions de num\u00e9risation les mieux adapt\u00e9es aux besoins de leur entreprise et signer les \u00ab\u00a0conventions de fourniture de solutions de num\u00e9risation\u00a0\u00bb.<\/p>\n<p style=\"text-align: justify;\">Les subventions sont non comp\u00e9titives et seront attribu\u00e9es directement et selon le principe du premier arriv\u00e9, premier servi, apr\u00e8s v\u00e9rification de la conformit\u00e9 aux exigences \u00e9nonc\u00e9es dans l&rsquo;appel \u00e0 candidatures.<\/p>\n<h2 style=\"text-align: justify;\">Quelles sont les solutions num\u00e9riques disponibles ?<\/h2>\n<p style=\"text-align: justify;\">La date limite de d\u00e9p\u00f4t des candidatures sera le 20 octobre \u00e0 partir de 11 heures et restera ouverte pendant un an ou jusqu&rsquo;\u00e0 \u00e9puisement des 500 millions d&rsquo;euros pr\u00e9vus pour ce segment.<\/p>\n<p style=\"text-align: justify;\">Une fois l&rsquo;aide accord\u00e9e, le prestataire de services et le travailleur ind\u00e9pendant disposent d&rsquo;un d\u00e9lai maximum de 6 mois pour mettre en \u0153uvre l&rsquo;aide. Si l&rsquo;aide n&rsquo;est pas utilis\u00e9e dans ce d\u00e9lai, ce droit sera perdu.<\/p>\n<p style=\"text-align: justify;\">Le montant maximum accord\u00e9 par b\u00e9n\u00e9ficiaire sera de 2 000 \u20ac, ce qui n&rsquo;est pas suffisant pour mettre en \u0153uvre certaines am\u00e9liorations dans l&rsquo;entreprise et qui peut \u00eatre utilis\u00e9 dans les cat\u00e9gories suivantes :<\/p>\n<p style=\"text-align: justify;\">\u00a0<\/p>\n<p style=\"text-align: justify;\">&#8211; <strong>Site web et pr\u00e9sence de base sur Internet,<\/strong> jusqu&rsquo;\u00e0 2 000 euros avec 12 mois de prestation de services.<\/p>\n<p style=\"text-align: justify;\">&#8211; <strong>Commerce \u00e9lectronique<\/strong>, jusqu&rsquo;\u00e0 2 000 euros avec 12 mois de prestation de services.<\/p>\n<p style=\"text-align: justify;\">&#8211; <strong>Gestion des m\u00e9dias sociaux<\/strong>, jusqu&rsquo;\u00e0 2 000 euros avec 12 mois de prestation de services.<\/p>\n<p style=\"text-align: justify;\">&#8211; <strong>Gestion des clients<\/strong>, jusqu&rsquo;\u00e0 2 000 euros avec 12 mois de prestation de services et un seul utilisateur.<\/p>\n<p style=\"text-align: justify;\">&#8211; <strong>Business Intelligence and Analytics<\/strong>, jusqu&rsquo;\u00e0 1 500 euros avec 12 mois de prestation de services et un seul utilisateur.<\/p>\n<p style=\"text-align: justify;\">&#8211; <strong>Gestion des processus<\/strong>, jusqu&rsquo;\u00e0 2 000 euros avec 12 mois de prestation de services et incluant un seul utilisateur.<\/p>\n<p style=\"text-align: justify;\">&#8211; <strong>Facturation \u00e9lectronique<\/strong>, jusqu&rsquo;\u00e0 1 000 euros avec 12 mois de service et un utilisateur.<\/p>\n<p style=\"text-align: justify;\">&#8211; <strong>Services et outils de bureau virtuel<\/strong>, avec 12 mois de prestation de services et jusqu&rsquo;\u00e0 250 euros par utilisateur avec un maximum de deux utilisateurs.<\/p>\n<p style=\"text-align: justify;\">&#8211; <strong>Communications s\u00e9curis\u00e9es,<\/strong> avec 12 mois de prestation de services et jusqu&rsquo;\u00e0 125 euros par utilisateur avec un maximum de deux utilisateurs.<\/p>\n<p style=\"text-align: justify;\">&#8211; <strong>Cybers\u00e9curit\u00e9,<\/strong> avec 12 mois de prestation de services et jusqu&rsquo;\u00e0 125 euros par appareil, avec un maximum de deux.<\/p>\n<p style=\"text-align: justify;\">&#8211; <strong>Pr\u00e9sence avanc\u00e9e sur Internet<\/strong>, jusqu&rsquo;\u00e0 2 000 euros avec 12 mois de prestation de services.<\/p>\n<p style=\"text-align: justify;\">&#8211; <strong>March\u00e9,<\/strong> jusqu&rsquo;\u00e0 2 000 euros avec 12 mois de prestation de services.<\/p>\n<p style=\"text-align: justify;\">\u00a0<\/p>\n<p style=\"text-align: justify;\">S&rsquo;inscrire et demander l&rsquo;aide du kit digital aut\u00f3nomos est <strong>tr\u00e8s facile<\/strong> avec un certificat digital. Si vous avez besoin d&rsquo;aide ou si vous avez des questions, veuillez contacter Asesoria Orihuela Costa..<\/p>\t\t\t\t\t\t\t\t<\/div>\n\t\t\t\t<\/div>\n\t\t\t\t\t<\/div>\r\n\t\t\t\t<\/div>\r\n\t\t\t\t\t<\/div>\r\n\t\t\t\t<\/section>\r\n\t\t\t\t<\/div>\n\t\t","protected":false},"excerpt":{"rendered":"<p>L&rsquo;annonce a \u00e9t\u00e9 publi\u00e9e au BOE (Journal officiel de l&rsquo;\u00c9tat) du lancement du troisi\u00e8me appel \u00e0 l&rsquo;aide du kit digital pour ind\u00e9pendants, qui s&rsquo;adresse dans ce cas aux ind\u00e9pendants qui ont moins de trois travailleurs \u00e0 partir du 20 octobre. Le montant maximal de l&rsquo;aide dont b\u00e9n\u00e9ficieront ces travailleurs ind\u00e9pendants sera de 2 000 euros. [&hellip;]<\/p>\n","protected":false},"author":2,"featured_media":9397,"comment_status":"closed","ping_status":"closed","sticky":false,"template":"","format":"standard","meta":{"_eb_attr":"","inline_featured_image":false,"footnotes":""},"categories":[1],"tags":[],"class_list":["post-9526","post","type-post","status-publish","format-standard","has-post-thumbnail","hentry","category-blog"],"featured_image_src":{"landsacpe":["https:\/\/www.asesoriaorihuelacosta.com\/wp-content\/uploads\/2022\/11\/kit-digital-autonomos-1140x445.jpeg",1140,445,true],"list":["https:\/\/www.asesoriaorihuelacosta.com\/wp-content\/uploads\/2022\/11\/kit-digital-autonomos-463x348.jpeg",463,348,true],"medium":["https:\/\/www.asesoriaorihuelacosta.com\/wp-content\/uploads\/2022\/11\/kit-digital-autonomos-300x240.jpeg",300,240,true],"full":["https:\/\/www.asesoriaorihuelacosta.com\/wp-content\/uploads\/2022\/11\/kit-digital-autonomos.jpeg",1280,1024,false]},"yoast_head":"<!-- This site is optimized with the Yoast SEO Premium plugin v24.7 (Yoast SEO v27.4) - https:\/\/yoast.com\/product\/yoast-seo-premium-wordpress\/ -->\n<title>Kit digital pour ind\u00e9pendant : troisi\u00e8me appel \u00e0 propositions<\/title>\n<meta name=\"description\" content=\"Kit digital pour les ind\u00e9pendants, destin\u00e9 aux ind\u00e9pendants ayant moins de 3 travailleurs. Le montant maximal sera de 2 000 euros.\" \/>\n<meta name=\"robots\" content=\"index, follow, max-snippet:-1, max-image-preview:large, max-video-preview:-1\" \/>\n<link rel=\"canonical\" href=\"https:\/\/www.asesoriaorihuelacosta.com\/fr\/kit-digital-independant\/\" \/>\n<meta property=\"og:locale\" content=\"fr_FR\" \/>\n<meta property=\"og:type\" content=\"article\" \/>\n<meta property=\"og:title\" content=\"Kit digital pour ind\u00e9pendant : troisi\u00e8me appel \u00e0 propositions\" \/>\n<meta property=\"og:description\" content=\"Kit digital pour les ind\u00e9pendants, destin\u00e9 aux ind\u00e9pendants ayant moins de 3 travailleurs. Le montant maximal sera de 2 000 euros.\" \/>\n<meta property=\"og:url\" content=\"https:\/\/www.asesoriaorihuelacosta.com\/fr\/kit-digital-independant\/\" \/>\n<meta property=\"og:site_name\" content=\"Asesor\u00eda Orihuela Costa\" \/>\n<meta property=\"article:publisher\" content=\"https:\/\/www.facebook.com\/asesoriaorihuelacosta\" \/>\n<meta property=\"article:author\" content=\"https:\/\/www.facebook.com\/patrick.gordinneperez\" \/>\n<meta property=\"article:published_time\" content=\"2022-11-28T22:19:05+00:00\" \/>\n<meta property=\"article:modified_time\" content=\"2022-11-30T17:07:21+00:00\" \/>\n<meta property=\"og:image\" content=\"https:\/\/www.asesoriaorihuelacosta.com\/wp-content\/uploads\/2022\/11\/kit-digital-autonomos.jpeg\" \/>\n\t<meta property=\"og:image:width\" content=\"1280\" \/>\n\t<meta property=\"og:image:height\" content=\"1024\" \/>\n\t<meta property=\"og:image:type\" content=\"image\/jpeg\" \/>\n<meta name=\"author\" content=\"Patrick Gordinne Perez\" \/>\n<meta name=\"twitter:card\" content=\"summary_large_image\" \/>\n<meta name=\"twitter:label1\" content=\"\u00c9crit par\" \/>\n\t<meta name=\"twitter:data1\" content=\"Patrick Gordinne Perez\" \/>\n\t<meta name=\"twitter:label2\" content=\"Dur\u00e9e de lecture estim\u00e9e\" \/>\n\t<meta name=\"twitter:data2\" content=\"4 minutes\" \/>\n<script type=\"application\/ld+json\" class=\"yoast-schema-graph\">{\"@context\":\"https:\\\/\\\/schema.org\",\"@graph\":[{\"@type\":\"Article\",\"@id\":\"https:\\\/\\\/www.asesoriaorihuelacosta.com\\\/fr\\\/kit-digital-independant\\\/#article\",\"isPartOf\":{\"@id\":\"https:\\\/\\\/www.asesoriaorihuelacosta.com\\\/fr\\\/kit-digital-independant\\\/\"},\"author\":{\"name\":\"Patrick Gordinne Perez\",\"@id\":\"https:\\\/\\\/www.asesoriaorihuelacosta.com\\\/fr\\\/#\\\/schema\\\/person\\\/6614ce8cf6d2de542aaf351629fd539e\"},\"headline\":\"Kit digital pour ind\u00e9pendant : troisi\u00e8me appel \u00e0 propositions\",\"datePublished\":\"2022-11-28T22:19:05+00:00\",\"dateModified\":\"2022-11-30T17:07:21+00:00\",\"mainEntityOfPage\":{\"@id\":\"https:\\\/\\\/www.asesoriaorihuelacosta.com\\\/fr\\\/kit-digital-independant\\\/\"},\"wordCount\":916,\"publisher\":{\"@id\":\"https:\\\/\\\/www.asesoriaorihuelacosta.com\\\/fr\\\/#organization\"},\"image\":{\"@id\":\"https:\\\/\\\/www.asesoriaorihuelacosta.com\\\/fr\\\/kit-digital-independant\\\/#primaryimage\"},\"thumbnailUrl\":\"https:\\\/\\\/www.asesoriaorihuelacosta.com\\\/wp-content\\\/uploads\\\/2022\\\/11\\\/kit-digital-autonomos.jpeg\",\"articleSection\":[\"Blog\"],\"inLanguage\":\"fr-FR\"},{\"@type\":\"WebPage\",\"@id\":\"https:\\\/\\\/www.asesoriaorihuelacosta.com\\\/fr\\\/kit-digital-independant\\\/\",\"url\":\"https:\\\/\\\/www.asesoriaorihuelacosta.com\\\/fr\\\/kit-digital-independant\\\/\",\"name\":\"Kit digital pour ind\u00e9pendant : troisi\u00e8me appel \u00e0 propositions\",\"isPartOf\":{\"@id\":\"https:\\\/\\\/www.asesoriaorihuelacosta.com\\\/fr\\\/#website\"},\"primaryImageOfPage\":{\"@id\":\"https:\\\/\\\/www.asesoriaorihuelacosta.com\\\/fr\\\/kit-digital-independant\\\/#primaryimage\"},\"image\":{\"@id\":\"https:\\\/\\\/www.asesoriaorihuelacosta.com\\\/fr\\\/kit-digital-independant\\\/#primaryimage\"},\"thumbnailUrl\":\"https:\\\/\\\/www.asesoriaorihuelacosta.com\\\/wp-content\\\/uploads\\\/2022\\\/11\\\/kit-digital-autonomos.jpeg\",\"datePublished\":\"2022-11-28T22:19:05+00:00\",\"dateModified\":\"2022-11-30T17:07:21+00:00\",\"description\":\"Kit digital pour les ind\u00e9pendants, destin\u00e9 aux ind\u00e9pendants ayant moins de 3 travailleurs. Le montant maximal sera de 2 000 euros.\",\"breadcrumb\":{\"@id\":\"https:\\\/\\\/www.asesoriaorihuelacosta.com\\\/fr\\\/kit-digital-independant\\\/#breadcrumb\"},\"inLanguage\":\"fr-FR\",\"potentialAction\":[{\"@type\":\"ReadAction\",\"target\":[\"https:\\\/\\\/www.asesoriaorihuelacosta.com\\\/fr\\\/kit-digital-independant\\\/\"]}]},{\"@type\":\"ImageObject\",\"inLanguage\":\"fr-FR\",\"@id\":\"https:\\\/\\\/www.asesoriaorihuelacosta.com\\\/fr\\\/kit-digital-independant\\\/#primaryimage\",\"url\":\"https:\\\/\\\/www.asesoriaorihuelacosta.com\\\/wp-content\\\/uploads\\\/2022\\\/11\\\/kit-digital-autonomos.jpeg\",\"contentUrl\":\"https:\\\/\\\/www.asesoriaorihuelacosta.com\\\/wp-content\\\/uploads\\\/2022\\\/11\\\/kit-digital-autonomos.jpeg\",\"width\":1280,\"height\":1024,\"caption\":\"kit digital autonomos\"},{\"@type\":\"BreadcrumbList\",\"@id\":\"https:\\\/\\\/www.asesoriaorihuelacosta.com\\\/fr\\\/kit-digital-independant\\\/#breadcrumb\",\"itemListElement\":[{\"@type\":\"ListItem\",\"position\":1,\"name\":\"Home\",\"item\":\"https:\\\/\\\/www.asesoriaorihuelacosta.com\\\/fr\\\/\"},{\"@type\":\"ListItem\",\"position\":2,\"name\":\"Kit digital pour ind\u00e9pendant : troisi\u00e8me appel \u00e0 propositions\"}]},{\"@type\":\"WebSite\",\"@id\":\"https:\\\/\\\/www.asesoriaorihuelacosta.com\\\/fr\\\/#website\",\"url\":\"https:\\\/\\\/www.asesoriaorihuelacosta.com\\\/fr\\\/\",\"name\":\"https:\\\/\\\/www.asesoriaorihuelacosta.com\\\/\",\"description\":\"Grupo de asesores profesionales\",\"publisher\":{\"@id\":\"https:\\\/\\\/www.asesoriaorihuelacosta.com\\\/fr\\\/#organization\"},\"potentialAction\":[{\"@type\":\"SearchAction\",\"target\":{\"@type\":\"EntryPoint\",\"urlTemplate\":\"https:\\\/\\\/www.asesoriaorihuelacosta.com\\\/fr\\\/?s={search_term_string}\"},\"query-input\":{\"@type\":\"PropertyValueSpecification\",\"valueRequired\":true,\"valueName\":\"search_term_string\"}}],\"inLanguage\":\"fr-FR\"},{\"@type\":\"Organization\",\"@id\":\"https:\\\/\\\/www.asesoriaorihuelacosta.com\\\/fr\\\/#organization\",\"name\":\"Asesor\u00eda Orihuela Costa\",\"url\":\"https:\\\/\\\/www.asesoriaorihuelacosta.com\\\/fr\\\/\",\"logo\":{\"@type\":\"ImageObject\",\"inLanguage\":\"fr-FR\",\"@id\":\"https:\\\/\\\/www.asesoriaorihuelacosta.com\\\/fr\\\/#\\\/schema\\\/logo\\\/image\\\/\",\"url\":\"https:\\\/\\\/www.asesoriaorihuelacosta.com\\\/wp-content\\\/uploads\\\/2022\\\/06\\\/Logo-espa\u5bf8l-asesoriaorihuela.jpg\",\"contentUrl\":\"https:\\\/\\\/www.asesoriaorihuelacosta.com\\\/wp-content\\\/uploads\\\/2022\\\/06\\\/Logo-espa\u5bf8l-asesoriaorihuela.jpg\",\"width\":588,\"height\":136,\"caption\":\"Asesor\u00eda Orihuela Costa\"},\"image\":{\"@id\":\"https:\\\/\\\/www.asesoriaorihuelacosta.com\\\/fr\\\/#\\\/schema\\\/logo\\\/image\\\/\"},\"sameAs\":[\"https:\\\/\\\/www.facebook.com\\\/asesoriaorihuelacosta\"]},{\"@type\":\"Person\",\"@id\":\"https:\\\/\\\/www.asesoriaorihuelacosta.com\\\/fr\\\/#\\\/schema\\\/person\\\/6614ce8cf6d2de542aaf351629fd539e\",\"name\":\"Patrick Gordinne Perez\",\"description\":\"Soy economista colegiado por el colegio de economistas de Alicante con el n\u00famero 2722. Llevo ejerciendo desde el a\u00f1o 2005. Soy especialista en fiscalidad de empresas y aut\u00f3nomos y tambi\u00e9n especialista en gestionar compraventas. Hablo espa\u00f1ol, ingl\u00e9s y franc\u00e9s.\",\"sameAs\":[\"https:\\\/\\\/www.asesoriaorihuelacosta.com\",\"https:\\\/\\\/www.facebook.com\\\/patrick.gordinneperez\",\"https:\\\/\\\/www.linkedin.com\\\/in\\\/patrick-gordinne-perez-1b73aab3\\\/\",\"https:\\\/\\\/www.youtube.com\\\/channel\\\/UC5e95RJEVQlxCnhwDmGNVCw\"],\"gender\":\"Hombre\",\"knowsLanguage\":[\"ingl\u00e9s\",\"franc\u00e9s\",\"espa\u00f1ol\"],\"jobTitle\":\"Gerente\",\"worksFor\":\"Asesoria Orihuela Costa SL\"}]}<\/script>\n<!-- \/ Yoast SEO Premium plugin. -->","yoast_head_json":{"title":"Kit digital pour ind\u00e9pendant : troisi\u00e8me appel \u00e0 propositions","description":"Kit digital pour les ind\u00e9pendants, destin\u00e9 aux ind\u00e9pendants ayant moins de 3 travailleurs. Le montant maximal sera de 2 000 euros.","robots":{"index":"index","follow":"follow","max-snippet":"max-snippet:-1","max-image-preview":"max-image-preview:large","max-video-preview":"max-video-preview:-1"},"canonical":"https:\/\/www.asesoriaorihuelacosta.com\/fr\/kit-digital-independant\/","og_locale":"fr_FR","og_type":"article","og_title":"Kit digital pour ind\u00e9pendant : troisi\u00e8me appel \u00e0 propositions","og_description":"Kit digital pour les ind\u00e9pendants, destin\u00e9 aux ind\u00e9pendants ayant moins de 3 travailleurs. Le montant maximal sera de 2 000 euros.","og_url":"https:\/\/www.asesoriaorihuelacosta.com\/fr\/kit-digital-independant\/","og_site_name":"Asesor\u00eda Orihuela Costa","article_publisher":"https:\/\/www.facebook.com\/asesoriaorihuelacosta","article_author":"https:\/\/www.facebook.com\/patrick.gordinneperez","article_published_time":"2022-11-28T22:19:05+00:00","article_modified_time":"2022-11-30T17:07:21+00:00","og_image":[{"width":1280,"height":1024,"url":"https:\/\/www.asesoriaorihuelacosta.com\/wp-content\/uploads\/2022\/11\/kit-digital-autonomos.jpeg","type":"image\/jpeg"}],"author":"Patrick Gordinne Perez","twitter_card":"summary_large_image","twitter_misc":{"\u00c9crit par":"Patrick Gordinne Perez","Dur\u00e9e de lecture estim\u00e9e":"4 minutes"},"schema":{"@context":"https:\/\/schema.org","@graph":[{"@type":"Article","@id":"https:\/\/www.asesoriaorihuelacosta.com\/fr\/kit-digital-independant\/#article","isPartOf":{"@id":"https:\/\/www.asesoriaorihuelacosta.com\/fr\/kit-digital-independant\/"},"author":{"name":"Patrick Gordinne Perez","@id":"https:\/\/www.asesoriaorihuelacosta.com\/fr\/#\/schema\/person\/6614ce8cf6d2de542aaf351629fd539e"},"headline":"Kit digital pour ind\u00e9pendant : troisi\u00e8me appel \u00e0 propositions","datePublished":"2022-11-28T22:19:05+00:00","dateModified":"2022-11-30T17:07:21+00:00","mainEntityOfPage":{"@id":"https:\/\/www.asesoriaorihuelacosta.com\/fr\/kit-digital-independant\/"},"wordCount":916,"publisher":{"@id":"https:\/\/www.asesoriaorihuelacosta.com\/fr\/#organization"},"image":{"@id":"https:\/\/www.asesoriaorihuelacosta.com\/fr\/kit-digital-independant\/#primaryimage"},"thumbnailUrl":"https:\/\/www.asesoriaorihuelacosta.com\/wp-content\/uploads\/2022\/11\/kit-digital-autonomos.jpeg","articleSection":["Blog"],"inLanguage":"fr-FR"},{"@type":"WebPage","@id":"https:\/\/www.asesoriaorihuelacosta.com\/fr\/kit-digital-independant\/","url":"https:\/\/www.asesoriaorihuelacosta.com\/fr\/kit-digital-independant\/","name":"Kit digital pour ind\u00e9pendant : troisi\u00e8me appel \u00e0 propositions","isPartOf":{"@id":"https:\/\/www.asesoriaorihuelacosta.com\/fr\/#website"},"primaryImageOfPage":{"@id":"https:\/\/www.asesoriaorihuelacosta.com\/fr\/kit-digital-independant\/#primaryimage"},"image":{"@id":"https:\/\/www.asesoriaorihuelacosta.com\/fr\/kit-digital-independant\/#primaryimage"},"thumbnailUrl":"https:\/\/www.asesoriaorihuelacosta.com\/wp-content\/uploads\/2022\/11\/kit-digital-autonomos.jpeg","datePublished":"2022-11-28T22:19:05+00:00","dateModified":"2022-11-30T17:07:21+00:00","description":"Kit digital pour les ind\u00e9pendants, destin\u00e9 aux ind\u00e9pendants ayant moins de 3 travailleurs. Le montant maximal sera de 2 000 euros.","breadcrumb":{"@id":"https:\/\/www.asesoriaorihuelacosta.com\/fr\/kit-digital-independant\/#breadcrumb"},"inLanguage":"fr-FR","potentialAction":[{"@type":"ReadAction","target":["https:\/\/www.asesoriaorihuelacosta.com\/fr\/kit-digital-independant\/"]}]},{"@type":"ImageObject","inLanguage":"fr-FR","@id":"https:\/\/www.asesoriaorihuelacosta.com\/fr\/kit-digital-independant\/#primaryimage","url":"https:\/\/www.asesoriaorihuelacosta.com\/wp-content\/uploads\/2022\/11\/kit-digital-autonomos.jpeg","contentUrl":"https:\/\/www.asesoriaorihuelacosta.com\/wp-content\/uploads\/2022\/11\/kit-digital-autonomos.jpeg","width":1280,"height":1024,"caption":"kit digital autonomos"},{"@type":"BreadcrumbList","@id":"https:\/\/www.asesoriaorihuelacosta.com\/fr\/kit-digital-independant\/#breadcrumb","itemListElement":[{"@type":"ListItem","position":1,"name":"Home","item":"https:\/\/www.asesoriaorihuelacosta.com\/fr\/"},{"@type":"ListItem","position":2,"name":"Kit digital pour ind\u00e9pendant : troisi\u00e8me appel \u00e0 propositions"}]},{"@type":"WebSite","@id":"https:\/\/www.asesoriaorihuelacosta.com\/fr\/#website","url":"https:\/\/www.asesoriaorihuelacosta.com\/fr\/","name":"https:\/\/www.asesoriaorihuelacosta.com\/","description":"Grupo de asesores profesionales","publisher":{"@id":"https:\/\/www.asesoriaorihuelacosta.com\/fr\/#organization"},"potentialAction":[{"@type":"SearchAction","target":{"@type":"EntryPoint","urlTemplate":"https:\/\/www.asesoriaorihuelacosta.com\/fr\/?s={search_term_string}"},"query-input":{"@type":"PropertyValueSpecification","valueRequired":true,"valueName":"search_term_string"}}],"inLanguage":"fr-FR"},{"@type":"Organization","@id":"https:\/\/www.asesoriaorihuelacosta.com\/fr\/#organization","name":"Asesor\u00eda Orihuela Costa","url":"https:\/\/www.asesoriaorihuelacosta.com\/fr\/","logo":{"@type":"ImageObject","inLanguage":"fr-FR","@id":"https:\/\/www.asesoriaorihuelacosta.com\/fr\/#\/schema\/logo\/image\/","url":"https:\/\/www.asesoriaorihuelacosta.com\/wp-content\/uploads\/2022\/06\/Logo-espa\u5bf8l-asesoriaorihuela.jpg","contentUrl":"https:\/\/www.asesoriaorihuelacosta.com\/wp-content\/uploads\/2022\/06\/Logo-espa\u5bf8l-asesoriaorihuela.jpg","width":588,"height":136,"caption":"Asesor\u00eda Orihuela Costa"},"image":{"@id":"https:\/\/www.asesoriaorihuelacosta.com\/fr\/#\/schema\/logo\/image\/"},"sameAs":["https:\/\/www.facebook.com\/asesoriaorihuelacosta"]},{"@type":"Person","@id":"https:\/\/www.asesoriaorihuelacosta.com\/fr\/#\/schema\/person\/6614ce8cf6d2de542aaf351629fd539e","name":"Patrick Gordinne Perez","description":"Soy economista colegiado por el colegio de economistas de Alicante con el n\u00famero 2722. Llevo ejerciendo desde el a\u00f1o 2005. Soy especialista en fiscalidad de empresas y aut\u00f3nomos y tambi\u00e9n especialista en gestionar compraventas. Hablo espa\u00f1ol, ingl\u00e9s y franc\u00e9s.","sameAs":["https:\/\/www.asesoriaorihuelacosta.com","https:\/\/www.facebook.com\/patrick.gordinneperez","https:\/\/www.linkedin.com\/in\/patrick-gordinne-perez-1b73aab3\/","https:\/\/www.youtube.com\/channel\/UC5e95RJEVQlxCnhwDmGNVCw"],"gender":"Hombre","knowsLanguage":["ingl\u00e9s","franc\u00e9s","espa\u00f1ol"],"jobTitle":"Gerente","worksFor":"Asesoria Orihuela Costa SL"}]}},"_links":{"self":[{"href":"https:\/\/www.asesoriaorihuelacosta.com\/fr\/wp-json\/wp\/v2\/posts\/9526","targetHints":{"allow":["GET"]}}],"collection":[{"href":"https:\/\/www.asesoriaorihuelacosta.com\/fr\/wp-json\/wp\/v2\/posts"}],"about":[{"href":"https:\/\/www.asesoriaorihuelacosta.com\/fr\/wp-json\/wp\/v2\/types\/post"}],"author":[{"embeddable":true,"href":"https:\/\/www.asesoriaorihuelacosta.com\/fr\/wp-json\/wp\/v2\/users\/2"}],"replies":[{"embeddable":true,"href":"https:\/\/www.asesoriaorihuelacosta.com\/fr\/wp-json\/wp\/v2\/comments?post=9526"}],"version-history":[{"count":10,"href":"https:\/\/www.asesoriaorihuelacosta.com\/fr\/wp-json\/wp\/v2\/posts\/9526\/revisions"}],"predecessor-version":[{"id":9537,"href":"https:\/\/www.asesoriaorihuelacosta.com\/fr\/wp-json\/wp\/v2\/posts\/9526\/revisions\/9537"}],"wp:featuredmedia":[{"embeddable":true,"href":"https:\/\/www.asesoriaorihuelacosta.com\/fr\/wp-json\/wp\/v2\/media\/9397"}],"wp:attachment":[{"href":"https:\/\/www.asesoriaorihuelacosta.com\/fr\/wp-json\/wp\/v2\/media?parent=9526"}],"wp:term":[{"taxonomy":"category","embeddable":true,"href":"https:\/\/www.asesoriaorihuelacosta.com\/fr\/wp-json\/wp\/v2\/categories?post=9526"},{"taxonomy":"post_tag","embeddable":true,"href":"https:\/\/www.asesoriaorihuelacosta.com\/fr\/wp-json\/wp\/v2\/tags?post=9526"}],"curies":[{"name":"wp","href":"https:\/\/api.w.org\/{rel}","templated":true}]}}