{"id":9284,"date":"2022-11-09T12:14:34","date_gmt":"2022-11-09T12:14:34","guid":{"rendered":"https:\/\/www.asesoriaorihuelacosta.com\/?p=9284"},"modified":"2022-11-19T07:22:32","modified_gmt":"2022-11-19T07:22:32","slug":"investissement-energie-renouvelable-alicante","status":"publish","type":"post","link":"https:\/\/www.asesoriaorihuelacosta.com\/fr\/investissement-energie-renouvelable-alicante\/","title":{"rendered":"Taxe d\u00e9ductible: Investissement Energie renouvelable \u00e0 Alicante"},"content":{"rendered":"\t\t<div data-elementor-type=\"wp-post\" data-elementor-id=\"9284\" class=\"elementor elementor-9284\" data-elementor-post-type=\"post\">\n\t\t\t\t\t\t<section data-particle_enable=\"false\" data-particle-mobile-disabled=\"false\" class=\"elementor-section elementor-top-section elementor-element elementor-element-5ea354a0 elementor-section-boxed elementor-section-height-default elementor-section-height-default\" data-id=\"5ea354a0\" data-element_type=\"section\" data-e-type=\"section\">\r\n\t\t\r\n\t\t\t\t\t\t\t<div class=\"elementor-container elementor-column-gap-default\">\r\n\t\t\t\t\t\t\t\t\t\t\t<div class=\"elementor-column elementor-col-100 elementor-top-column elementor-element elementor-element-6af36ded\" data-id=\"6af36ded\" data-element_type=\"column\" data-e-type=\"column\">\r\n\t\t\t\t\t<div class=\"elementor-widget-wrap elementor-element-populated\">\r\n\t\t\t\t\t\t\t\t<div class=\"elementor-element elementor-element-5b83f324 elementor-widget elementor-widget-text-editor\" data-id=\"5b83f324\" data-element_type=\"widget\" data-e-type=\"widget\" data-widget_type=\"text-editor.default\">\n\t\t\t\t<div class=\"elementor-widget-container\">\n\t\t\t\t\t\t\t\t\t\n<p><\/p>\n\n\n\n<p><\/p>\n\n\n\n<p><\/p>\n\t\t\t\t\t\t\t\t<\/div>\n\t\t\t\t<\/div>\n\t\t\t\t\t<\/div>\r\n\t\t\t\t<\/div>\r\n\t\t\t\t\t<\/div>\r\n\t\t\t\t<\/section>\r\n\t\t\t\t<section data-particle_enable=\"false\" data-particle-mobile-disabled=\"false\" class=\"elementor-section elementor-top-section elementor-element elementor-element-eaebde6 elementor-section-boxed elementor-section-height-default elementor-section-height-default\" data-id=\"eaebde6\" data-element_type=\"section\" data-e-type=\"section\">\r\n\t\t\r\n\t\t\t\t\t\t\t<div class=\"elementor-container elementor-column-gap-default\">\r\n\t\t\t\t\t\t\t\t\t\t\t<div class=\"elementor-column elementor-col-100 elementor-top-column elementor-element elementor-element-35d5857\" data-id=\"35d5857\" data-element_type=\"column\" data-e-type=\"column\">\r\n\t\t\t\t\t<div class=\"elementor-widget-wrap elementor-element-populated\">\r\n\t\t\t\t\t\t\t\t\t<\/div>\r\n\t\t\t\t<\/div>\r\n\t\t\t\t\t<\/div>\r\n\t\t\t\t<\/section>\r\n\t\t\t\t<section data-particle_enable=\"false\" data-particle-mobile-disabled=\"false\" class=\"elementor-section elementor-top-section elementor-element elementor-element-0eb8d11 elementor-section-boxed elementor-section-height-default elementor-section-height-default\" data-id=\"0eb8d11\" data-element_type=\"section\" data-e-type=\"section\">\r\n\t\t\r\n\t\t\t\t\t\t\t<div class=\"elementor-container elementor-column-gap-default\">\r\n\t\t\t\t\t\t\t\t\t\t\t<div class=\"elementor-column elementor-col-100 elementor-top-column elementor-element elementor-element-f2e0b61\" data-id=\"f2e0b61\" data-element_type=\"column\" data-e-type=\"column\">\r\n\t\t\t\t\t<div class=\"elementor-widget-wrap elementor-element-populated\">\r\n\t\t\t\t\t\t\t\t<div class=\"elementor-element elementor-element-7b9857a elementor-widget elementor-widget-text-editor\" data-id=\"7b9857a\" data-element_type=\"widget\" data-e-type=\"widget\" data-widget_type=\"text-editor.default\">\n\t\t\t\t<div class=\"elementor-widget-container\">\n\t\t\t\t\t\t\t\t\t<h2 style=\"text-align: justify;\">La Communaut\u00e9 de Valence a mis en place des d\u00e9ductions pour les personnes qui investissent dans l&rsquo;\u00e9nergie solaire.<\/h2>\n<p>\u00a0<\/p>\n<p style=\"text-align: justify;\">\u00c0 combien s&rsquo;\u00e9l\u00e8vent les d\u00e9ductions de l&rsquo;imp\u00f4t sur le revenu des personnes physiques pour l&rsquo;installation de panneaux solaires dans la Communaut\u00e9 de Valence, comment demander la d\u00e9duction, quels documents sont n\u00e9cessaires ? Si vous \u00eates un <strong>r\u00e9sident r\u00e9gulier de la Communaut\u00e9 de Valence ( Province Alicante, Valence et Castellon)<\/strong>, cela vous int\u00e9ressera.\u00a0<strong>Nous vous l&rsquo;expliquons ici<\/strong><\/p>\n<p style=\"text-align: justify;\">Le temps est venu de passer \u00e0 l&rsquo;\u00e9nergie solaire. Nous disposons d\u00e9j\u00e0 d&rsquo;un contexte r\u00e9glementaire de plus en plus favorable \u00e0 l&rsquo;autoconsommation photovolta\u00efque. Nous pouvons \u00e9galement constater que de plus en plus de communaut\u00e9s autonomes s&rsquo;engagent \u00e0 promouvoir l&rsquo;\u00e9nergie solaire par le biais de subventions et d&rsquo;aides \u00e0 l&rsquo;installation de panneaux solaires. Et \u00e0 cela, il faut ajouter les municipalit\u00e9s qui facilitent la transition \u00e9nerg\u00e9tique par des remises sur les IBI et ICIO.<\/p>\n<p style=\"text-align: justify;\">Cependant, certaines communaut\u00e9s autonomes vont un peu plus loin dans la promotion de la transition \u00e9nerg\u00e9tique. <strong>Nous parlons de la Communaut\u00e9 de Valence<\/strong>\u00a0de la que fait partie la province d&rsquo;Alicante , Valence et Castellon qui, depuis janvier de cette ann\u00e9e, permet aux contribuables de d\u00e9duire 40 % du montant investi dans l&rsquo;installation de panneaux solaires dans leur r\u00e9sidence principale ou dans des installations collectives dans l&rsquo;immeuble o\u00f9 elle se trouve.<\/p>\n<p>\u00a0<\/p>\n<h3 style=\"text-align: justify;\">Quelles installations photovolta\u00efques peuvent \u00eatre d\u00e9duites dans l&rsquo;IRPF ?<\/h3>\n<p style=\"text-align: justify;\">Toutes les installations d&rsquo;autoconsommation r\u00e9alis\u00e9es dans votre r\u00e9sidence principale ou dans les installations collectives de l&rsquo;immeuble o\u00f9 vous habitez habituellement.<\/p>\n<p>\u00a0<\/p>\n<h3 style=\"text-align: justify;\">Mais qu&rsquo;est-ce qu&rsquo;une r\u00e9sidence habituelle ?\u00a0<\/h3>\n<p style=\"text-align: justify;\">Une r\u00e9sidence habituelle est un logement o\u00f9 vous avez v\u00e9cu pendant plus de trois ans et o\u00f9 vous \u00eates enregistr\u00e9 en tant que r\u00e9sident a la mairie ( inscrit au padron)<\/p>\n<p style=\"text-align: justify;\">Les installations photovolta\u00efques ne peuvent pas \u00eatre li\u00e9es \u00e0 l&rsquo;exercice d&rsquo;une activit\u00e9 \u00e9conomique. Les installations qui ont un caract\u00e8re obligatoire ne peuvent pas non plus b\u00e9n\u00e9ficier de la d\u00e9duction.<\/p>\n<p style=\"text-align: justify;\">Concr\u00e8tement, les finalit\u00e9s pour lesquelles les installations doivent \u00eatre utilis\u00e9es afin de b\u00e9n\u00e9ficier des d\u00e9ductions sont les suivantes :<\/p>\n<ol>\n<li style=\"text-align: justify;\"><strong>Installations pour l&rsquo;autoconsommation<\/strong> d&rsquo;\u00e9nergie \u00e9lectrique (modalit\u00e9 d&rsquo;approvisionnement en \u00e9nergie \u00e9lectrique par autoconsommation).<\/li>\n<li style=\"text-align: justify;\"><strong>Installations de production d&rsquo;\u00e9nergie thermique<\/strong> \u00e0 partir de l&rsquo;\u00e9nergie solaire, de la biomasse ou de la g\u00e9othermie pour la production d&rsquo;eau chaude sanitaire, le chauffage et\/ou la climatisation.<\/li>\n<li style=\"text-align: justify;\"><strong>Installations de production d&rsquo;\u00e9nergie \u00e9lectrique<\/strong> \u00e0 partir de l&rsquo;\u00e9nergie solaire photovolta\u00efque et\/ou \u00e9olienne, pour l&rsquo;\u00e9lectrification de logements isol\u00e9s du r\u00e9seau \u00e9lectrique. Ceci, \u00e0 condition que le raccordement au r\u00e9seau soit techniquement, \u00e9cologiquement et\/ou \u00e9conomiquement irr\u00e9alisable.<\/li>\n<\/ol>\n<h2 style=\"text-align: justify;\"><br \/>Qui peut demander la d\u00e9duction ?<\/h2>\n<p style=\"text-align: justify;\"><strong>Tout contribuable qui installe l&rsquo;autoconsommation ou l&rsquo;utilisation d&rsquo;\u00e9nergies renouvelables dans sa r\u00e9sidence principale dans la Communaut\u00e9 de Valence<\/strong>, et qui remplit les conditions \u00e9tablies.<\/p>\n<p style=\"text-align: justify;\">\u00a0<\/p>\n<h2 style=\"text-align: justify;\">Quelles sont les exigences \u00e0 respecter ?<\/h2>\n<p style=\"text-align: justify;\">Pour acc\u00e9der \u00e0 ces d\u00e9ductions, vous devez remplir les conditions suivantes :<\/p>\n<ul>\n<li style=\"text-align: justify;\">Qu&rsquo;il s&rsquo;agisse d&rsquo;une <strong>r\u00e9sidence habituelle<\/strong>, comme indiqu\u00e9 dans la r\u00e9glementation de l&rsquo;\u00c9tat r\u00e9gissant l&rsquo;imp\u00f4t sur le revenu des personnes physiques, appartenant aux contribuables eux-m\u00eames qui demandent la d\u00e9duction.<\/li>\n<li style=\"text-align: justify;\">Pour les installations communes avec couverture l\u00e9gale, dans les groupes d&rsquo;habitations sous le r\u00e9gime de la propri\u00e9t\u00e9 horizontale, la d\u00e9duction peut \u00eatre appliqu\u00e9e \u00e0 chaque propri\u00e9taire individuellement, selon le coefficient de participation qui leur correspond et en respectant les exigences.<\/li>\n<li style=\"text-align: justify;\">Pour que vous puissiez d\u00e9duire, <strong>vous devez obtenir la reconnaissance pr\u00e9alable de l&rsquo;administration autonome comp\u00e9tente.<\/strong> Dans ce cas, c&rsquo;est l&rsquo;Institut Valenciennes de la comp\u00e9titivit\u00e9 des entreprises (IVACE) qui est charg\u00e9 de d\u00e9livrer le certificat d&rsquo;accr\u00e9ditation correspondant.<\/li>\n<li style=\"text-align: justify;\">Enfin, les installations doivent \u00eatre r\u00e9alis\u00e9es par des entreprises d&rsquo;installation r\u00e9pondant aux exigences r\u00e9glementaires.<\/li>\n<\/ul>\n<h2 style=\"text-align: justify;\"><br \/>Quel montant puis-je d\u00e9duire ?<\/h2>\n<p style=\"text-align: justify;\">Vous pourrez d\u00e9duire 40% de ce que vous investissez dans les installations susmentionn\u00e9es dans votre r\u00e9sidence principale.<\/p>\n<p style=\"text-align: justify;\">Vous pouvez \u00e9galement d\u00e9duire 20 % si vous installez des panneaux solaires dans votre r\u00e9sidence secondaire, pour autant que cela ne soit pas li\u00e9 \u00e0 une activit\u00e9 \u00e9conomique.<\/p>\n<p style=\"text-align: justify;\">Toutefois, cette d\u00e9duction a une <strong>base annuelle maximale de 8 000 euros.<\/strong> Et si vous recevez une subvention publique pour votre installation photovolta\u00efque, le montant subventionn\u00e9 ne pourra pas \u00eatre d\u00e9duit.<\/p>\n<p style=\"text-align: justify;\">Il est important de noter que cette limite s&rsquo;applique par foyer et par an pour tous les contribuables vivant dans le m\u00eame foyer.<\/p>\n<p style=\"text-align: justify;\">Et dans le cas o\u00f9 vous demandez un financement \u00e0 une banque, l&rsquo;amortissement du capital de chaque ann\u00e9e sera consid\u00e9r\u00e9 comme faisant partie de la d\u00e9duction. Ce que vous ne pourrez pas inclure, ce sont les int\u00e9r\u00eats factur\u00e9s par la banque.<\/p>\n<p style=\"text-align: justify;\"><strong>IMPORTANT<\/strong> : L&rsquo;aide est une d\u00e9duction, <strong>ce n&rsquo;est pas une aide directe qui donne de l&rsquo;argent<\/strong>, c&rsquo;est-\u00e0-dire qu&rsquo;ils ne vous donnent pas 8.000 \u20ac mais c&rsquo;est de l&rsquo;argent que vous pouvez d\u00e9duire dans la base imposable de vos revenus.<\/p>\n<p style=\"text-align: justify;\">\u00a0<\/p>\n<h2 style=\"text-align: justify;\">Quand puis-je demander la d\u00e9duction ?<\/h2>\n<p style=\"text-align: justify;\">Lorsque vous avez r\u00e9alis\u00e9 l&rsquo;investissement, \u00e0 partir <strong>du 1er juillet 2022,<\/strong> \u00e0 tout moment de l&rsquo;ann\u00e9e, vous pouvez demander le certificat d&rsquo;accr\u00e9ditation.<\/p>\n<p style=\"text-align: justify;\">\u00a0<\/p>\n<h2 style=\"text-align: justify;\">O\u00f9 puis-je en faire la demande ?<\/h2>\n<p style=\"text-align: justify;\">Vous pouvez t\u00e9l\u00e9charger le formulaire de candidature standard sur le <a href=\"https:\/\/www.ivace.es\/index.php\/es\/\" target=\"_blank\" rel=\"noopener\"><strong>site web de l&rsquo;IVACE.<\/strong><\/a><\/p>\n<p style=\"text-align: justify;\">Vous pouvez d\u00e9poser votre candidature en personne au si\u00e8ge de l&rsquo;IVACE ou dans les formulaires pr\u00e9vus par la proc\u00e9dure administrative commune des administrations publiques.<\/p>\n<p style=\"text-align: justify;\">Vous pouvez \u00e9galement soumettre la demande au registre \u00e9lectronique IVACE.<\/p>\n<p style=\"text-align: justify;\">\u00a0<\/p>\n<h2 style=\"text-align: justify;\">Quels documents dois-je fournir ?<\/h2>\n<p style=\"text-align: justify;\">En plus de la demande, vous devez fournir la documentation commune \u00e0 tous les demandeurs, ainsi que d&rsquo;autres documents sp\u00e9cifiques en fonction de la typologie de l&rsquo;installation.<\/p>\n<h3 style=\"text-align: justify;\">Pour tous les candidats<\/h3>\n<ul>\n<li style=\"text-align: justify;\">Factures de l&rsquo;installation, faisant r\u00e9f\u00e9rence au demandeur.<\/li>\n<li style=\"text-align: justify;\">Preuve de paiement (par carte, virement, ch\u00e8que ou d\u00e9p\u00f4t), se rapportant au demandeur.<\/li>\n<li style=\"text-align: justify;\">Photographies de l&rsquo;installation et de chaque \u00e9l\u00e9ment qui la compose.<\/li>\n<li style=\"text-align: justify;\">Enregistrement cadastral de la propri\u00e9t\u00e9, soit par le biais du si\u00e8ge \u00e9lectronique du cadastre, soit en fournissant la r\u00e9f\u00e9rence cadastrale.<\/li>\n<li style=\"text-align: justify;\">Certificat d&rsquo;habitabilit\u00e9, certificat municipal ou \u00e9quivalent pour les logements construits sur des terrains non urbains (am\u00e9nageables et non am\u00e9nageables).<\/li>\n<li style=\"text-align: justify;\">Pour les installations collectives, d\u00e9claration de l&rsquo;administrateur ou du pr\u00e9sident avec la liste des propri\u00e9taires qui ont particip\u00e9 \u00e0 l&rsquo;investissement et leur pourcentage de participation.<\/li>\n<li style=\"text-align: justify;\">Pour les b\u00e2timents construits apr\u00e8s 2006, une copie de la demande de permis de construire ou tout autre document qui accr\u00e9dite la date de construction du b\u00e2timent ou que le b\u00e2timent est hors du champ d&rsquo;application du code technique de construction (CTE).<\/li>\n<li style=\"text-align: justify;\">Lorsqu&rsquo;une installation obligatoire d\u00e9passe l&rsquo;exigence pos\u00e9e, un document explicatif sign\u00e9 par un technicien ou une entreprise d&rsquo;installation comp\u00e9tente comparant l&rsquo;installation r\u00e9alis\u00e9e au minimum requis pour le respect de la CTE, tant sur le plan technique qu&rsquo;\u00e9conomique, et justifiant le surinvestissement r\u00e9alis\u00e9.<\/li>\n<\/ul>\n<h3 style=\"text-align: justify;\"><br \/>Pour chaque type d&rsquo;installation<\/h3>\n<p style=\"text-align: justify;\"><strong>Pour les installations d&rsquo;autoconsommation.<\/strong><\/p>\n<ul>\n<li style=\"text-align: justify;\">Certificat de l&rsquo;installation individuelle, d\u00e9livr\u00e9 par l&rsquo;administration autonome.<\/li>\n<li style=\"text-align: justify;\">Fiche technique ou fiche de caract\u00e9ristiques du fabricant de l&rsquo;\u00e9quipement principal.<\/li>\n<\/ul>\n<p><strong>Installations de production d&rsquo;\u00e9nergie thermique.<\/strong><\/p>\n<ul>\n<li style=\"text-align: justify;\">Pour toutes les sources d&rsquo;\u00e9nergie : fiche technique ou fiche de caract\u00e9ristiques du fabricant de l&rsquo;\u00e9quipement principal.<\/li>\n<li style=\"text-align: justify;\">Pour les installations d&rsquo;\u00e9nergie solaire thermique : copie de la r\u00e9solution de certification du capteur ou du syst\u00e8me solaire pr\u00e9fabriqu\u00e9 utilis\u00e9, en \u00e9tat actuel ; ou indiquer sur le formulaire de demande, le mot de passe de certification de l&rsquo;\u00e9quipement, pour une v\u00e9rification ult\u00e9rieure par l&rsquo;IVACE.<\/li>\n<\/ul>\n<p><strong>Installations de production d&rsquo;\u00e9nergie \u00e9lectrique isol\u00e9es du r\u00e9seau.<\/strong><\/p>\n<ul>\n<li style=\"text-align: justify;\">Certificat de l&rsquo;installation individuelle d\u00e9livr\u00e9 par l&rsquo;administration autonome.<\/li>\n<li style=\"text-align: justify;\">Accr\u00e9ditation de la non-viabilit\u00e9 du raccordement au r\u00e9seau \u00e9lectrique, sur la base de la notification de la soci\u00e9t\u00e9 de distribution d&rsquo;\u00e9lectricit\u00e9 o\u00f9 sont \u00e9tablies les conditions de raccordement de la fourniture.<\/li>\n<li style=\"text-align: justify;\">Fiche technique ou fiche de caract\u00e9ristiques du fabricant de l&rsquo;\u00e9quipement principal.<\/li>\n<\/ul>\t\t\t\t\t\t\t\t<\/div>\n\t\t\t\t<\/div>\n\t\t\t\t\t<\/div>\r\n\t\t\t\t<\/div>\r\n\t\t\t\t\t<\/div>\r\n\t\t\t\t<\/section>\r\n\t\t\t\t<\/div>\n\t\t","protected":false},"excerpt":{"rendered":"<p>La Communaut\u00e9 de Valence a mis en place des d\u00e9ductions pour les personnes qui investissent dans l&rsquo;\u00e9nergie solaire. \u00a0 \u00c0 combien s&rsquo;\u00e9l\u00e8vent les d\u00e9ductions de l&rsquo;imp\u00f4t sur le revenu des personnes physiques pour l&rsquo;installation de panneaux solaires dans la Communaut\u00e9 de Valence, comment demander la d\u00e9duction, quels documents sont n\u00e9cessaires ? Si vous \u00eates un [&hellip;]<\/p>\n","protected":false},"author":2,"featured_media":9239,"comment_status":"closed","ping_status":"closed","sticky":false,"template":"","format":"standard","meta":{"_eb_attr":"","inline_featured_image":false,"footnotes":""},"categories":[45,1],"tags":[],"class_list":["post-9284","post","type-post","status-publish","format-standard","has-post-thumbnail","hentry","category-blog"],"featured_image_src":{"landsacpe":["https:\/\/www.asesoriaorihuelacosta.com\/wp-content\/uploads\/2022\/11\/Blue-Modern-Climate-Action-Solar-Panels-Instagram-Post-Poster-1140x445.png",1140,445,true],"list":["https:\/\/www.asesoriaorihuelacosta.com\/wp-content\/uploads\/2022\/11\/Blue-Modern-Climate-Action-Solar-Panels-Instagram-Post-Poster-463x348.png",463,348,true],"medium":["https:\/\/www.asesoriaorihuelacosta.com\/wp-content\/uploads\/2022\/11\/Blue-Modern-Climate-Action-Solar-Panels-Instagram-Post-Poster-212x300.png",212,300,true],"full":["https:\/\/www.asesoriaorihuelacosta.com\/wp-content\/uploads\/2022\/11\/Blue-Modern-Climate-Action-Solar-Panels-Instagram-Post-Poster.png",1587,2245,false]},"yoast_head":"<!-- This site is optimized with the Yoast SEO Premium plugin v24.7 (Yoast SEO v27.4) - https:\/\/yoast.com\/product\/yoast-seo-premium-wordpress\/ -->\n<title>Taxe d\u00e9ductible: Investissement Energie renouvelable \u00e0 Alicante - Asesor\u00eda Orihuela Costa<\/title>\n<meta name=\"description\" content=\"Taxe d\u00e9ductible pour Investissement Energie renouvelable r\u00e9gion d&#039;Alicante. Ici on vous explique comment fonctionne la d\u00e9duction\" \/>\n<meta name=\"robots\" content=\"index, follow, max-snippet:-1, max-image-preview:large, max-video-preview:-1\" \/>\n<link rel=\"canonical\" href=\"https:\/\/www.asesoriaorihuelacosta.com\/fr\/investissement-energie-renouvelable-alicante\/\" \/>\n<meta property=\"og:locale\" content=\"fr_FR\" \/>\n<meta property=\"og:type\" content=\"article\" \/>\n<meta property=\"og:title\" content=\"Taxe d\u00e9ductible: Investissement Energie renouvelable \u00e0 Alicante\" \/>\n<meta property=\"og:description\" content=\"Taxe d\u00e9ductible pour Investissement Energie renouvelable r\u00e9gion d&#039;Alicante. Ici on vous explique comment fonctionne la d\u00e9duction\" \/>\n<meta property=\"og:url\" content=\"https:\/\/www.asesoriaorihuelacosta.com\/fr\/investissement-energie-renouvelable-alicante\/\" \/>\n<meta property=\"og:site_name\" content=\"Asesor\u00eda Orihuela Costa\" \/>\n<meta property=\"article:publisher\" content=\"https:\/\/www.facebook.com\/asesoriaorihuelacosta\" \/>\n<meta property=\"article:author\" content=\"https:\/\/www.facebook.com\/patrick.gordinneperez\" \/>\n<meta property=\"article:published_time\" content=\"2022-11-09T12:14:34+00:00\" \/>\n<meta property=\"article:modified_time\" content=\"2022-11-19T07:22:32+00:00\" \/>\n<meta property=\"og:image\" content=\"https:\/\/www.asesoriaorihuelacosta.com\/wp-content\/uploads\/2022\/11\/Blue-Modern-Climate-Action-Solar-Panels-Instagram-Post-Poster-724x1024.png\" \/>\n\t<meta property=\"og:image:width\" content=\"724\" \/>\n\t<meta property=\"og:image:height\" content=\"1024\" \/>\n\t<meta property=\"og:image:type\" content=\"image\/png\" \/>\n<meta name=\"author\" content=\"Patrick Gordinne Perez\" \/>\n<meta name=\"twitter:card\" content=\"summary_large_image\" \/>\n<meta name=\"twitter:label1\" content=\"\u00c9crit par\" \/>\n\t<meta name=\"twitter:data1\" content=\"Patrick Gordinne Perez\" \/>\n\t<meta name=\"twitter:label2\" content=\"Dur\u00e9e de lecture estim\u00e9e\" \/>\n\t<meta name=\"twitter:data2\" content=\"6 minutes\" \/>\n<script type=\"application\/ld+json\" class=\"yoast-schema-graph\">{\"@context\":\"https:\\\/\\\/schema.org\",\"@graph\":[{\"@type\":\"Article\",\"@id\":\"https:\\\/\\\/www.asesoriaorihuelacosta.com\\\/fr\\\/investissement-energie-renouvelable-alicante\\\/#article\",\"isPartOf\":{\"@id\":\"https:\\\/\\\/www.asesoriaorihuelacosta.com\\\/fr\\\/investissement-energie-renouvelable-alicante\\\/\"},\"author\":{\"name\":\"Patrick Gordinne Perez\",\"@id\":\"https:\\\/\\\/www.asesoriaorihuelacosta.com\\\/fr\\\/#\\\/schema\\\/person\\\/6614ce8cf6d2de542aaf351629fd539e\"},\"headline\":\"Taxe d\u00e9ductible: Investissement Energie renouvelable \u00e0 Alicante\",\"datePublished\":\"2022-11-09T12:14:34+00:00\",\"dateModified\":\"2022-11-19T07:22:32+00:00\",\"mainEntityOfPage\":{\"@id\":\"https:\\\/\\\/www.asesoriaorihuelacosta.com\\\/fr\\\/investissement-energie-renouvelable-alicante\\\/\"},\"wordCount\":1401,\"publisher\":{\"@id\":\"https:\\\/\\\/www.asesoriaorihuelacosta.com\\\/fr\\\/#organization\"},\"image\":{\"@id\":\"https:\\\/\\\/www.asesoriaorihuelacosta.com\\\/fr\\\/investissement-energie-renouvelable-alicante\\\/#primaryimage\"},\"thumbnailUrl\":\"https:\\\/\\\/www.asesoriaorihuelacosta.com\\\/wp-content\\\/uploads\\\/2022\\\/11\\\/Blue-Modern-Climate-Action-Solar-Panels-Instagram-Post-Poster.png\",\"articleSection\":[\"Blog\",\"Blog\"],\"inLanguage\":\"fr-FR\"},{\"@type\":\"WebPage\",\"@id\":\"https:\\\/\\\/www.asesoriaorihuelacosta.com\\\/fr\\\/investissement-energie-renouvelable-alicante\\\/\",\"url\":\"https:\\\/\\\/www.asesoriaorihuelacosta.com\\\/fr\\\/investissement-energie-renouvelable-alicante\\\/\",\"name\":\"Taxe d\u00e9ductible: Investissement Energie renouvelable \u00e0 Alicante - Asesor\u00eda Orihuela Costa\",\"isPartOf\":{\"@id\":\"https:\\\/\\\/www.asesoriaorihuelacosta.com\\\/fr\\\/#website\"},\"primaryImageOfPage\":{\"@id\":\"https:\\\/\\\/www.asesoriaorihuelacosta.com\\\/fr\\\/investissement-energie-renouvelable-alicante\\\/#primaryimage\"},\"image\":{\"@id\":\"https:\\\/\\\/www.asesoriaorihuelacosta.com\\\/fr\\\/investissement-energie-renouvelable-alicante\\\/#primaryimage\"},\"thumbnailUrl\":\"https:\\\/\\\/www.asesoriaorihuelacosta.com\\\/wp-content\\\/uploads\\\/2022\\\/11\\\/Blue-Modern-Climate-Action-Solar-Panels-Instagram-Post-Poster.png\",\"datePublished\":\"2022-11-09T12:14:34+00:00\",\"dateModified\":\"2022-11-19T07:22:32+00:00\",\"description\":\"Taxe d\u00e9ductible pour Investissement Energie renouvelable r\u00e9gion d'Alicante. Ici on vous explique comment fonctionne la d\u00e9duction\",\"breadcrumb\":{\"@id\":\"https:\\\/\\\/www.asesoriaorihuelacosta.com\\\/fr\\\/investissement-energie-renouvelable-alicante\\\/#breadcrumb\"},\"inLanguage\":\"fr-FR\",\"potentialAction\":[{\"@type\":\"ReadAction\",\"target\":[\"https:\\\/\\\/www.asesoriaorihuelacosta.com\\\/fr\\\/investissement-energie-renouvelable-alicante\\\/\"]}]},{\"@type\":\"ImageObject\",\"inLanguage\":\"fr-FR\",\"@id\":\"https:\\\/\\\/www.asesoriaorihuelacosta.com\\\/fr\\\/investissement-energie-renouvelable-alicante\\\/#primaryimage\",\"url\":\"https:\\\/\\\/www.asesoriaorihuelacosta.com\\\/wp-content\\\/uploads\\\/2022\\\/11\\\/Blue-Modern-Climate-Action-Solar-Panels-Instagram-Post-Poster.png\",\"contentUrl\":\"https:\\\/\\\/www.asesoriaorihuelacosta.com\\\/wp-content\\\/uploads\\\/2022\\\/11\\\/Blue-Modern-Climate-Action-Solar-Panels-Instagram-Post-Poster.png\",\"width\":1587,\"height\":2245,\"caption\":\"deducci\u00f3n irpf\"},{\"@type\":\"BreadcrumbList\",\"@id\":\"https:\\\/\\\/www.asesoriaorihuelacosta.com\\\/fr\\\/investissement-energie-renouvelable-alicante\\\/#breadcrumb\",\"itemListElement\":[{\"@type\":\"ListItem\",\"position\":1,\"name\":\"Home\",\"item\":\"https:\\\/\\\/www.asesoriaorihuelacosta.com\\\/fr\\\/\"},{\"@type\":\"ListItem\",\"position\":2,\"name\":\"Taxe d\u00e9ductible: Investissement Energie renouvelable \u00e0 Alicante\"}]},{\"@type\":\"WebSite\",\"@id\":\"https:\\\/\\\/www.asesoriaorihuelacosta.com\\\/fr\\\/#website\",\"url\":\"https:\\\/\\\/www.asesoriaorihuelacosta.com\\\/fr\\\/\",\"name\":\"https:\\\/\\\/www.asesoriaorihuelacosta.com\\\/\",\"description\":\"Grupo de asesores profesionales\",\"publisher\":{\"@id\":\"https:\\\/\\\/www.asesoriaorihuelacosta.com\\\/fr\\\/#organization\"},\"potentialAction\":[{\"@type\":\"SearchAction\",\"target\":{\"@type\":\"EntryPoint\",\"urlTemplate\":\"https:\\\/\\\/www.asesoriaorihuelacosta.com\\\/fr\\\/?s={search_term_string}\"},\"query-input\":{\"@type\":\"PropertyValueSpecification\",\"valueRequired\":true,\"valueName\":\"search_term_string\"}}],\"inLanguage\":\"fr-FR\"},{\"@type\":\"Organization\",\"@id\":\"https:\\\/\\\/www.asesoriaorihuelacosta.com\\\/fr\\\/#organization\",\"name\":\"Asesor\u00eda Orihuela Costa\",\"url\":\"https:\\\/\\\/www.asesoriaorihuelacosta.com\\\/fr\\\/\",\"logo\":{\"@type\":\"ImageObject\",\"inLanguage\":\"fr-FR\",\"@id\":\"https:\\\/\\\/www.asesoriaorihuelacosta.com\\\/fr\\\/#\\\/schema\\\/logo\\\/image\\\/\",\"url\":\"https:\\\/\\\/www.asesoriaorihuelacosta.com\\\/wp-content\\\/uploads\\\/2022\\\/06\\\/Logo-espa\u5bf8l-asesoriaorihuela.jpg\",\"contentUrl\":\"https:\\\/\\\/www.asesoriaorihuelacosta.com\\\/wp-content\\\/uploads\\\/2022\\\/06\\\/Logo-espa\u5bf8l-asesoriaorihuela.jpg\",\"width\":588,\"height\":136,\"caption\":\"Asesor\u00eda Orihuela Costa\"},\"image\":{\"@id\":\"https:\\\/\\\/www.asesoriaorihuelacosta.com\\\/fr\\\/#\\\/schema\\\/logo\\\/image\\\/\"},\"sameAs\":[\"https:\\\/\\\/www.facebook.com\\\/asesoriaorihuelacosta\"]},{\"@type\":\"Person\",\"@id\":\"https:\\\/\\\/www.asesoriaorihuelacosta.com\\\/fr\\\/#\\\/schema\\\/person\\\/6614ce8cf6d2de542aaf351629fd539e\",\"name\":\"Patrick Gordinne Perez\",\"description\":\"Soy economista colegiado por el colegio de economistas de Alicante con el n\u00famero 2722. Llevo ejerciendo desde el a\u00f1o 2005. Soy especialista en fiscalidad de empresas y aut\u00f3nomos y tambi\u00e9n especialista en gestionar compraventas. Hablo espa\u00f1ol, ingl\u00e9s y franc\u00e9s.\",\"sameAs\":[\"https:\\\/\\\/www.asesoriaorihuelacosta.com\",\"https:\\\/\\\/www.facebook.com\\\/patrick.gordinneperez\",\"https:\\\/\\\/www.linkedin.com\\\/in\\\/patrick-gordinne-perez-1b73aab3\\\/\",\"https:\\\/\\\/www.youtube.com\\\/channel\\\/UC5e95RJEVQlxCnhwDmGNVCw\"],\"gender\":\"Hombre\",\"knowsLanguage\":[\"ingl\u00e9s\",\"franc\u00e9s\",\"espa\u00f1ol\"],\"jobTitle\":\"Gerente\",\"worksFor\":\"Asesoria Orihuela Costa SL\"}]}<\/script>\n<!-- \/ Yoast SEO Premium plugin. -->","yoast_head_json":{"title":"Taxe d\u00e9ductible: Investissement Energie renouvelable \u00e0 Alicante - Asesor\u00eda Orihuela Costa","description":"Taxe d\u00e9ductible pour Investissement Energie renouvelable r\u00e9gion d'Alicante. Ici on vous explique comment fonctionne la d\u00e9duction","robots":{"index":"index","follow":"follow","max-snippet":"max-snippet:-1","max-image-preview":"max-image-preview:large","max-video-preview":"max-video-preview:-1"},"canonical":"https:\/\/www.asesoriaorihuelacosta.com\/fr\/investissement-energie-renouvelable-alicante\/","og_locale":"fr_FR","og_type":"article","og_title":"Taxe d\u00e9ductible: Investissement Energie renouvelable \u00e0 Alicante","og_description":"Taxe d\u00e9ductible pour Investissement Energie renouvelable r\u00e9gion d'Alicante. Ici on vous explique comment fonctionne la d\u00e9duction","og_url":"https:\/\/www.asesoriaorihuelacosta.com\/fr\/investissement-energie-renouvelable-alicante\/","og_site_name":"Asesor\u00eda Orihuela Costa","article_publisher":"https:\/\/www.facebook.com\/asesoriaorihuelacosta","article_author":"https:\/\/www.facebook.com\/patrick.gordinneperez","article_published_time":"2022-11-09T12:14:34+00:00","article_modified_time":"2022-11-19T07:22:32+00:00","og_image":[{"width":724,"height":1024,"url":"https:\/\/www.asesoriaorihuelacosta.com\/wp-content\/uploads\/2022\/11\/Blue-Modern-Climate-Action-Solar-Panels-Instagram-Post-Poster-724x1024.png","type":"image\/png"}],"author":"Patrick Gordinne Perez","twitter_card":"summary_large_image","twitter_misc":{"\u00c9crit par":"Patrick Gordinne Perez","Dur\u00e9e de lecture estim\u00e9e":"6 minutes"},"schema":{"@context":"https:\/\/schema.org","@graph":[{"@type":"Article","@id":"https:\/\/www.asesoriaorihuelacosta.com\/fr\/investissement-energie-renouvelable-alicante\/#article","isPartOf":{"@id":"https:\/\/www.asesoriaorihuelacosta.com\/fr\/investissement-energie-renouvelable-alicante\/"},"author":{"name":"Patrick Gordinne Perez","@id":"https:\/\/www.asesoriaorihuelacosta.com\/fr\/#\/schema\/person\/6614ce8cf6d2de542aaf351629fd539e"},"headline":"Taxe d\u00e9ductible: Investissement Energie renouvelable \u00e0 Alicante","datePublished":"2022-11-09T12:14:34+00:00","dateModified":"2022-11-19T07:22:32+00:00","mainEntityOfPage":{"@id":"https:\/\/www.asesoriaorihuelacosta.com\/fr\/investissement-energie-renouvelable-alicante\/"},"wordCount":1401,"publisher":{"@id":"https:\/\/www.asesoriaorihuelacosta.com\/fr\/#organization"},"image":{"@id":"https:\/\/www.asesoriaorihuelacosta.com\/fr\/investissement-energie-renouvelable-alicante\/#primaryimage"},"thumbnailUrl":"https:\/\/www.asesoriaorihuelacosta.com\/wp-content\/uploads\/2022\/11\/Blue-Modern-Climate-Action-Solar-Panels-Instagram-Post-Poster.png","articleSection":["Blog","Blog"],"inLanguage":"fr-FR"},{"@type":"WebPage","@id":"https:\/\/www.asesoriaorihuelacosta.com\/fr\/investissement-energie-renouvelable-alicante\/","url":"https:\/\/www.asesoriaorihuelacosta.com\/fr\/investissement-energie-renouvelable-alicante\/","name":"Taxe d\u00e9ductible: Investissement Energie renouvelable \u00e0 Alicante - Asesor\u00eda Orihuela Costa","isPartOf":{"@id":"https:\/\/www.asesoriaorihuelacosta.com\/fr\/#website"},"primaryImageOfPage":{"@id":"https:\/\/www.asesoriaorihuelacosta.com\/fr\/investissement-energie-renouvelable-alicante\/#primaryimage"},"image":{"@id":"https:\/\/www.asesoriaorihuelacosta.com\/fr\/investissement-energie-renouvelable-alicante\/#primaryimage"},"thumbnailUrl":"https:\/\/www.asesoriaorihuelacosta.com\/wp-content\/uploads\/2022\/11\/Blue-Modern-Climate-Action-Solar-Panels-Instagram-Post-Poster.png","datePublished":"2022-11-09T12:14:34+00:00","dateModified":"2022-11-19T07:22:32+00:00","description":"Taxe d\u00e9ductible pour Investissement Energie renouvelable r\u00e9gion d'Alicante. Ici on vous explique comment fonctionne la d\u00e9duction","breadcrumb":{"@id":"https:\/\/www.asesoriaorihuelacosta.com\/fr\/investissement-energie-renouvelable-alicante\/#breadcrumb"},"inLanguage":"fr-FR","potentialAction":[{"@type":"ReadAction","target":["https:\/\/www.asesoriaorihuelacosta.com\/fr\/investissement-energie-renouvelable-alicante\/"]}]},{"@type":"ImageObject","inLanguage":"fr-FR","@id":"https:\/\/www.asesoriaorihuelacosta.com\/fr\/investissement-energie-renouvelable-alicante\/#primaryimage","url":"https:\/\/www.asesoriaorihuelacosta.com\/wp-content\/uploads\/2022\/11\/Blue-Modern-Climate-Action-Solar-Panels-Instagram-Post-Poster.png","contentUrl":"https:\/\/www.asesoriaorihuelacosta.com\/wp-content\/uploads\/2022\/11\/Blue-Modern-Climate-Action-Solar-Panels-Instagram-Post-Poster.png","width":1587,"height":2245,"caption":"deducci\u00f3n irpf"},{"@type":"BreadcrumbList","@id":"https:\/\/www.asesoriaorihuelacosta.com\/fr\/investissement-energie-renouvelable-alicante\/#breadcrumb","itemListElement":[{"@type":"ListItem","position":1,"name":"Home","item":"https:\/\/www.asesoriaorihuelacosta.com\/fr\/"},{"@type":"ListItem","position":2,"name":"Taxe d\u00e9ductible: Investissement Energie renouvelable \u00e0 Alicante"}]},{"@type":"WebSite","@id":"https:\/\/www.asesoriaorihuelacosta.com\/fr\/#website","url":"https:\/\/www.asesoriaorihuelacosta.com\/fr\/","name":"https:\/\/www.asesoriaorihuelacosta.com\/","description":"Grupo de asesores profesionales","publisher":{"@id":"https:\/\/www.asesoriaorihuelacosta.com\/fr\/#organization"},"potentialAction":[{"@type":"SearchAction","target":{"@type":"EntryPoint","urlTemplate":"https:\/\/www.asesoriaorihuelacosta.com\/fr\/?s={search_term_string}"},"query-input":{"@type":"PropertyValueSpecification","valueRequired":true,"valueName":"search_term_string"}}],"inLanguage":"fr-FR"},{"@type":"Organization","@id":"https:\/\/www.asesoriaorihuelacosta.com\/fr\/#organization","name":"Asesor\u00eda Orihuela Costa","url":"https:\/\/www.asesoriaorihuelacosta.com\/fr\/","logo":{"@type":"ImageObject","inLanguage":"fr-FR","@id":"https:\/\/www.asesoriaorihuelacosta.com\/fr\/#\/schema\/logo\/image\/","url":"https:\/\/www.asesoriaorihuelacosta.com\/wp-content\/uploads\/2022\/06\/Logo-espa\u5bf8l-asesoriaorihuela.jpg","contentUrl":"https:\/\/www.asesoriaorihuelacosta.com\/wp-content\/uploads\/2022\/06\/Logo-espa\u5bf8l-asesoriaorihuela.jpg","width":588,"height":136,"caption":"Asesor\u00eda Orihuela Costa"},"image":{"@id":"https:\/\/www.asesoriaorihuelacosta.com\/fr\/#\/schema\/logo\/image\/"},"sameAs":["https:\/\/www.facebook.com\/asesoriaorihuelacosta"]},{"@type":"Person","@id":"https:\/\/www.asesoriaorihuelacosta.com\/fr\/#\/schema\/person\/6614ce8cf6d2de542aaf351629fd539e","name":"Patrick Gordinne Perez","description":"Soy economista colegiado por el colegio de economistas de Alicante con el n\u00famero 2722. Llevo ejerciendo desde el a\u00f1o 2005. Soy especialista en fiscalidad de empresas y aut\u00f3nomos y tambi\u00e9n especialista en gestionar compraventas. Hablo espa\u00f1ol, ingl\u00e9s y franc\u00e9s.","sameAs":["https:\/\/www.asesoriaorihuelacosta.com","https:\/\/www.facebook.com\/patrick.gordinneperez","https:\/\/www.linkedin.com\/in\/patrick-gordinne-perez-1b73aab3\/","https:\/\/www.youtube.com\/channel\/UC5e95RJEVQlxCnhwDmGNVCw"],"gender":"Hombre","knowsLanguage":["ingl\u00e9s","franc\u00e9s","espa\u00f1ol"],"jobTitle":"Gerente","worksFor":"Asesoria Orihuela Costa SL"}]}},"_links":{"self":[{"href":"https:\/\/www.asesoriaorihuelacosta.com\/fr\/wp-json\/wp\/v2\/posts\/9284","targetHints":{"allow":["GET"]}}],"collection":[{"href":"https:\/\/www.asesoriaorihuelacosta.com\/fr\/wp-json\/wp\/v2\/posts"}],"about":[{"href":"https:\/\/www.asesoriaorihuelacosta.com\/fr\/wp-json\/wp\/v2\/types\/post"}],"author":[{"embeddable":true,"href":"https:\/\/www.asesoriaorihuelacosta.com\/fr\/wp-json\/wp\/v2\/users\/2"}],"replies":[{"embeddable":true,"href":"https:\/\/www.asesoriaorihuelacosta.com\/fr\/wp-json\/wp\/v2\/comments?post=9284"}],"version-history":[{"count":12,"href":"https:\/\/www.asesoriaorihuelacosta.com\/fr\/wp-json\/wp\/v2\/posts\/9284\/revisions"}],"predecessor-version":[{"id":9304,"href":"https:\/\/www.asesoriaorihuelacosta.com\/fr\/wp-json\/wp\/v2\/posts\/9284\/revisions\/9304"}],"wp:featuredmedia":[{"embeddable":true,"href":"https:\/\/www.asesoriaorihuelacosta.com\/fr\/wp-json\/wp\/v2\/media\/9239"}],"wp:attachment":[{"href":"https:\/\/www.asesoriaorihuelacosta.com\/fr\/wp-json\/wp\/v2\/media?parent=9284"}],"wp:term":[{"taxonomy":"category","embeddable":true,"href":"https:\/\/www.asesoriaorihuelacosta.com\/fr\/wp-json\/wp\/v2\/categories?post=9284"},{"taxonomy":"post_tag","embeddable":true,"href":"https:\/\/www.asesoriaorihuelacosta.com\/fr\/wp-json\/wp\/v2\/tags?post=9284"}],"curies":[{"name":"wp","href":"https:\/\/api.w.org\/{rel}","templated":true}]}}