{"id":9048,"date":"2022-10-23T05:37:40","date_gmt":"2022-10-23T05:37:40","guid":{"rendered":"https:\/\/www.asesoriaorihuelacosta.com\/?p=9048"},"modified":"2023-01-01T10:48:15","modified_gmt":"2023-01-01T10:48:15","slug":"nouveaux-quotas-independants","status":"publish","type":"post","link":"https:\/\/www.asesoriaorihuelacosta.com\/fr\/nouveaux-quotas-independants\/","title":{"rendered":"Nouveaux quotas Ind\u00e9pendants 2023"},"content":{"rendered":"\t\t<div data-elementor-type=\"wp-post\" data-elementor-id=\"9048\" class=\"elementor elementor-9048\" data-elementor-post-type=\"post\">\n\t\t\t\t\t\t<section data-particle_enable=\"false\" data-particle-mobile-disabled=\"false\" class=\"elementor-section elementor-top-section elementor-element elementor-element-3a6f5f7 elementor-section-boxed elementor-section-height-default elementor-section-height-default\" data-id=\"3a6f5f7\" data-element_type=\"section\" data-e-type=\"section\">\r\n\t\t\r\n\t\t\t\t\t\t\t<div class=\"elementor-container elementor-column-gap-default\">\r\n\t\t\t\t\t\t\t\t\t\t\t<div class=\"elementor-column elementor-col-100 elementor-top-column elementor-element elementor-element-6a1a9de\" data-id=\"6a1a9de\" data-element_type=\"column\" data-e-type=\"column\">\r\n\t\t\t\t\t<div class=\"elementor-widget-wrap elementor-element-populated\">\r\n\t\t\t\t\t\t\t\t<div class=\"elementor-element elementor-element-736329b elementor-widget elementor-widget-text-editor\" data-id=\"736329b\" data-element_type=\"widget\" data-e-type=\"widget\" data-widget_type=\"text-editor.default\">\n\t\t\t\t<div class=\"elementor-widget-container\">\n\t\t\t\t\t\t\t\t\t<p style=\"text-align: left;\">\u00cates-vous ind\u00e9pendant ? Ceci est d&rsquo;un grand int\u00e9r\u00eat pour vous. A partir de 2023, le nouveau syst\u00e8me de cotisation pour les ind\u00e9pendants 2023 d\u00e9butera. Nous vous expliquons ici comment cela fonctionne les\u00a0<strong>nouveaux quotas ind\u00e9pendants\u00a0<\/strong>et combien vous allez payer.<\/p><p style=\"text-align: left;\">La majorit\u00e9 des travailleurs ind\u00e9pendants en Espagne ont toujours pay\u00e9 la cotisation minimale de s\u00e9curit\u00e9 sociale ou \u00ab\u00a0cuota m\u00ednima de seguridad social\u00a0\u00bb.\u00a0Certains politiciens et experts pensent que cela ne refl\u00e8te pas la r\u00e9alit\u00e9 et que cela ne permet pas de soutenir la caisse de s\u00e9curit\u00e9 sociale. Comme cela se fait en Europe, les ind\u00e9pendants devront d\u00e9sormais cotiser \u00e0 la caisse de s\u00e9curit\u00e9 sociale en fonction de ce qu&rsquo;ils gagnent avec le nouveau syst\u00e8me de cotisation des ind\u00e9pendants ou nouveaux quotas ind\u00e9pendants.\u00a0Mais alors, combien les ind\u00e9pendants paieront-ils en 2023 ?<\/p><p style=\"text-align: left;\">Le d\u00e9cret-loi royal 13\/2022, du 26 juillet, qui \u00e9tablit un nouveau syst\u00e8me de cotisation pour les travailleurs ind\u00e9pendants, a \u00e9t\u00e9 publi\u00e9 au Journal officiel de l&rsquo;\u00c9tat.<\/p><p style=\"text-align: left;\">Ce nouveau syst\u00e8me de cotisation pour les ind\u00e9pendants consiste en un mod\u00e8le de cotisation progressive qui sera mis en \u0153uvre sur une p\u00e9riode de trois ans, entre 2023 et 2025. Dans ce processus, la cotisation sera r\u00e9duite pour les ind\u00e9pendants aux revenus les plus faibles, tandis qu&rsquo;elle sera augment\u00e9e pour ceux qui gagnent le plus.<\/p><p style=\"text-align: left;\">Ainsi, le nouveau syst\u00e8me pr\u00e9voit 15 niveaux de cotisation dans lesquels chaque ind\u00e9pendant sera plac\u00e9 en fonction de son revenu attendu, qu&rsquo;il devra d\u00e9clarer \u00e0 la S\u00e9curit\u00e9 sociale.<\/p><p style=\"text-align: left;\">Alors que les premiers niveaux signifieront une r\u00e9duction de la contribution par rapport \u00e0 la base minimale, les niveaux sup\u00e9rieurs verront une augmentation.<\/p><p style=\"text-align: left;\">Il entrera en vigueur le 1er janvier 2023 avec une contribution minimale de 230 euros et maximale de 500 euros. En 2024, les contributions s&rsquo;\u00e9chelonneront de 225 \u00e0 530 euros. Enfin, en 2025, les cotisations pour les ind\u00e9pendants seront comprises entre 200 et 590 euros.<\/p><p style=\"text-align: left;\">L&rsquo;objectif est d&rsquo;\u00e9galiser les prestations entre le r\u00e9gime g\u00e9n\u00e9ral et le RETA. La pension moyenne des ind\u00e9pendants est inf\u00e9rieure de 43 % \u00e0 celle du r\u00e9gime g\u00e9n\u00e9ral, ce qui correspond \u00e0 une diff\u00e9rence d&rsquo;environ 600 euros. Toutefois, cette r\u00e9forme ne concerne pas seulement le tableau des cotisations, car le r\u00e8glement approuv\u00e9 aujourd&rsquo;hui contient d&rsquo;autres points d&rsquo;int\u00e9r\u00eat pour les ind\u00e9pendants.<\/p><p style=\"text-align: left;\">Le d\u00e9cret-loi royal 13\/2022 du 26 juillet (BOE 27 juillet 2022) introduit un nouveau syst\u00e8me de cotisation pour le revenu net des ind\u00e9pendants. Parmi ses nouvelles fonctionnalit\u00e9s, les suivantes se distinguent :<\/p><h2 style=\"text-align: left;\">1. Entr\u00e9e en vigueur et date limite pour le systeme de nouveaux quotas ind\u00e9pendants<\/h2><p style=\"text-align: left;\">L&rsquo;arr\u00eat\u00e9-loi royal entrera en vigueur le 1er janvier 2023. Toutefois, l&rsquo;application de ce changement sera progressive.<\/p><p style=\"text-align: left;\">Le nouveau syst\u00e8me sera mis en \u0153uvre sur une p\u00e9riode maximale de neuf ans et sera r\u00e9examin\u00e9 tous les trois ans (la premi\u00e8re p\u00e9riode de mise en \u0153uvre s&rsquo;\u00e9tendra de 2023 \u00e0 2025).<\/p><h2 style=\"text-align: left;\">2. R\u00e9duction de la redevance de 80 euros par mois entre 2023 et 2025 pour le d\u00e9marrage d&rsquo;une activit\u00e9 ind\u00e9pendante.<\/h2><p style=\"text-align: left;\">Pour la p\u00e9riode comprise entre 2023 et 2025, un taux r\u00e9duit de 80 euros par mois sera \u00e9tabli pour les cas de premi\u00e8re inscription au RETA ou pour les cas o\u00f9 le travailleur ind\u00e9pendant n&rsquo;a pas \u00e9t\u00e9 inscrit au cours des deux ann\u00e9es pr\u00e9c\u00e9dant imm\u00e9diatement l&rsquo;inscription.<\/p><p style=\"text-align: left;\">Cette mesure s&rsquo;appliquera pendant les 12 premiers mois et pourra \u00eatre prolong\u00e9e de 12 mois suppl\u00e9mentaires si le revenu de la premi\u00e8re ann\u00e9e est inf\u00e9rieur au salaire minimum interprofessionnel.<\/p><p style=\"text-align: left;\">Ce chiffre statutaire remplacera le taux forfaitaire pour les ind\u00e9pendants.<\/p><h2 style=\"text-align: left;\">3. Tableaux des cotisations pour les nouveaux quotas ind\u00e9pendants au cours des exercices 2023, 2024 et 2025<\/h2><table class=\" alignleft\" width=\"763\"><tbody><tr><td width=\"90\">\u00a0<\/td><td colspan=\"2\" width=\"251\">Tranches de rendement net 2023<\/td><td width=\"109\">Socle minimum<\/td><td width=\"109\">Frais \u00e0 payer<\/td><td width=\"95\">Socle maximale<\/td><td width=\"109\">Frais \u00e0 payer<\/td><\/tr><tr><td colspan=\"2\" width=\"179\">\u00a0<\/td><td width=\"162\">\u00a0<\/td><td width=\"109\">\u00a0<\/td><td width=\"109\">\u00a0<\/td><td>\u00a0<\/td><td width=\"109\">\u00a0<\/td><\/tr><tr><td colspan=\"2\" width=\"179\">Euros\/mois<\/td><td width=\"162\">Euros \/mois<\/td><td width=\"109\">Euros\/mois<\/td><td width=\"109\">Euros\/mois<\/td><td>Euros\/mois<\/td><td width=\"109\">Euros\/mois<\/td><\/tr><tr><td rowspan=\"3\" width=\"90\">Table r\u00e9duite.<\/td><td width=\"89\">Section 1.<\/td><td width=\"162\">&lt; = 670<\/td><td width=\"109\">\u00a0 \u00a0 751,63<\/td><td width=\"109\"><strong>230<\/strong><\/td><td width=\"95\">849,66<\/td><td width=\"109\">260<\/td><\/tr><tr><td width=\"89\">Section 2.<\/td><td width=\"162\">&gt; 670 y &lt;=900<\/td><td width=\"109\">849,67<\/td><td width=\"109\"><strong>260<\/strong><\/td><td width=\"95\">900<\/td><td width=\"109\">275<\/td><\/tr><tr><td width=\"89\">Section 3.<\/td><td width=\"162\">&gt;900 y &lt; 1.166,70<\/td><td width=\"109\">898,69<\/td><td width=\"109\"><strong>275<\/strong><\/td><td width=\"95\">1166,7<\/td><td width=\"109\">357<\/td><\/tr><tr><td rowspan=\"11\" width=\"90\">Table g\u00e9n\u00e9ral.<\/td><td width=\"89\">Section 1.<\/td><td width=\"162\">&gt; = 1.166,70 y &lt; = 1.300<\/td><td width=\"109\">950,98<\/td><td width=\"109\"><strong>291<\/strong><\/td><td width=\"95\">1.300<\/td><td width=\"109\">398<\/td><\/tr><tr><td width=\"89\">Section 2.<\/td><td width=\"162\">&gt; 1.300 y &lt;=1.500<\/td><td width=\"109\">960,78<\/td><td width=\"109\"><strong>294<\/strong><\/td><td width=\"95\">1.500<\/td><td width=\"109\">459<\/td><\/tr><tr><td width=\"89\">Section 3.<\/td><td width=\"162\">&gt; 1.500 y &lt;=1.700<\/td><td width=\"109\">960,78<\/td><td width=\"109\"><strong>294<\/strong><\/td><td width=\"95\">1.700<\/td><td width=\"109\">520<\/td><\/tr><tr><td width=\"89\">Section 4.<\/td><td width=\"162\">&gt; 1.700 y &lt;=1.850<\/td><td width=\"109\">1.013,07<\/td><td width=\"109\"><strong>310<\/strong><\/td><td width=\"95\">1.850<\/td><td width=\"109\">566<\/td><\/tr><tr><td width=\"89\">Section 5.<\/td><td width=\"162\">&gt; 1.850 y &lt;=2.030<\/td><td width=\"109\">1.029,41<\/td><td width=\"109\"><strong>315<\/strong><\/td><td width=\"95\">2.030<\/td><td width=\"109\">621<\/td><\/tr><tr><td width=\"89\">Section 6.<\/td><td width=\"162\">&gt; 2.030 y &lt;=2.330<\/td><td width=\"109\">1.045,75<\/td><td width=\"109\"><strong>320<\/strong><\/td><td width=\"95\">2.330<\/td><td width=\"109\">713<\/td><\/tr><tr><td width=\"89\">Section 7.<\/td><td width=\"162\">&gt; 2.330 y &lt;=2.760<\/td><td width=\"109\">1.078,43<\/td><td width=\"109\"><strong>330<\/strong><\/td><td width=\"95\">2.760<\/td><td width=\"109\">845<\/td><\/tr><tr><td width=\"89\">Section 8.<\/td><td width=\"162\">&gt; 2.760 y &lt; =3.190<\/td><td width=\"109\">1.143,79<\/td><td width=\"109\"><strong>350<\/strong><\/td><td width=\"95\">3.190<\/td><td width=\"109\">976<\/td><\/tr><tr><td width=\"89\">Section 9.<\/td><td width=\"162\">&gt; 3.190 y &lt;=3.620<\/td><td width=\"109\">1.209,15<\/td><td width=\"109\"><strong>370<\/strong><\/td><td width=\"95\">3.620<\/td><td width=\"109\">1108<\/td><\/tr><tr><td width=\"89\">Section 10.<\/td><td width=\"162\">&gt; 3.620 y &lt;= 4.050<\/td><td width=\"109\">1.274,51<\/td><td width=\"109\"><strong>390<\/strong><\/td><td width=\"95\">4.050<\/td><td width=\"109\">1239<\/td><\/tr><tr><td width=\"89\">Section 11.<\/td><td width=\"162\">&gt; 4.050 y &lt;=6.000<\/td><td width=\"109\">1.372,55<\/td><td width=\"109\"><strong>420<\/strong><\/td><td width=\"95\">4.139,40<\/td><td width=\"109\">1267<\/td><\/tr><tr><td width=\"90\">\u00a0<\/td><td width=\"89\">Section 12.<\/td><td width=\"162\">&gt; 6.000<\/td><td width=\"109\">1.633,99<\/td><td width=\"109\"><strong>500<\/strong><\/td><td width=\"95\">4.139,40<\/td><td width=\"109\">1267<\/td><\/tr><\/tbody><\/table><p style=\"text-align: left;\">Les salari\u00e9s relevant du r\u00e9gime sp\u00e9cial des travailleurs ind\u00e9pendants (RETA), commun\u00e9ment appel\u00e9s ind\u00e9pendants, doivent payer des cotisations en fonction de leur revenu total.<\/p><p style=\"text-align: left;\">Les ind\u00e9pendants paient des cotisations sur la base de l&rsquo;assiette de cotisation correspondant \u00e0 leur classe de revenus selon les tableaux g\u00e9n\u00e9raux et r\u00e9duits applicables pour chaque ann\u00e9e de la p\u00e9riode 2023 \u00e0 2025.<\/p><p style=\"text-align: left;\">Le nouveau syst\u00e8me de nouveaux quotas ind\u00e9pendants pr\u00e9voit des classes de cotisation progressives pour les ann\u00e9es 2023 \u00e0 2025, en fonction du niveau du revenu total.<\/p><p style=\"text-align: left;\">&#8211; Cotisation minimale : en 2023, les ind\u00e9pendants dont le revenu net est inf\u00e9rieur \u00e0 670 euros paieront 230 euros par mois. En 2024, ils paieront 225 euros, et en 2025, la contribution sera de 200 euros.<\/p><p style=\"text-align: left;\">&#8211; Cotisation maximale : \u00e0 l&rsquo;autre bout de l&rsquo;\u00e9chelle, les ind\u00e9pendants payant la cotisation maximale (plus de 6 000 euros) paieront 500 euros en 2023, 530 euros en 2024 et 590 euros en 2025.<\/p><h2 style=\"text-align: left;\">4. Jusqu&rsquo;\u00e0 six modifications annuelles de la base de cotisation (tranche)<\/h2><p style=\"text-align: left;\">Les travailleurs affili\u00e9s au RETA peuvent modifier l&rsquo;assiette sur laquelle ils doivent payer les cotisations jusqu&rsquo;\u00e0 six fois par an, en choisissant une assiette diff\u00e9rente dans les limites minimales et maximales qui leur correspondent pour chaque exercice, \u00e0 condition d&rsquo;en faire la demande \u00e0 la Tr\u00e9sorerie g\u00e9n\u00e9rale de la s\u00e9curit\u00e9 sociale, avec les effets suivants<\/p><p style=\"text-align: left;\">(a) le 1er mars si la demande est introduite entre le 1er janvier et le dernier jour civil du mois de f\u00e9vrier.<\/p><p style=\"text-align: left;\">(b) le 1er mai, si la demande est introduite entre le 1er mars et le 30 avril.<\/p><p style=\"text-align: left;\">(c) le 1er juillet, si la demande est introduite entre le 1er mai et le 30 juin.<\/p><p style=\"text-align: left;\">(d) le 1er septembre, si la demande est introduite entre le 1er juillet et le 31 ao\u00fbt.<\/p><p style=\"text-align: left;\">(e) le 1er novembre, si la demande est introduite entre le 1er septembre et le 31 octobre.<\/p><p style=\"text-align: left;\">(f) le 1er janvier de l&rsquo;ann\u00e9e suivante si la demande est introduite entre le 1er novembre et le 31 d\u00e9cembre.<\/p><p style=\"text-align: left;\">Cette option peut \u00eatre utilis\u00e9e en cas de modification du revenu gagn\u00e9 pendant l&rsquo;ann\u00e9e en cours.<\/p><h2 style=\"text-align: left;\">FAQ sur la cotisation des nouveaux quotas ind\u00e9pendants<\/h2><h4 style=\"text-align: left;\">1) Le taux forfaitaire pour les ind\u00e9pendants sera-t-il maintenu en 2023 ?<\/h4><p style=\"text-align: left;\">Le b\u00e9n\u00e9fice de la contribution continuera \u00e0 s&rsquo;appliquer, dans les m\u00eames conditions, \u00e0 ceux qui en \u00e9taient b\u00e9n\u00e9ficiaires avant le 1er janvier 2023, jusqu&rsquo;\u00e0 l&rsquo;\u00e9puisement des p\u00e9riodes maximales fix\u00e9es pour son application dans chaque cas. \u00c0 la fin de la p\u00e9riode transitoire, la cotisation r\u00e9duite de 80 euros par mois s&rsquo;appliquera entre 2023 et 2025.<\/p><h4 style=\"text-align: left;\">2) Les travailleurs ind\u00e9pendants qui n&rsquo;atteignent pas le salaire minimum sectoriel doivent-ils payer des cotisations ?<\/h4><p style=\"text-align: left;\">Le nouveau syst\u00e8me permet aux cotisants dont les cotisations sont calcul\u00e9es sur des bases de cotisation inf\u00e9rieures au salaire minimum sectoriel de payer des cotisations si le revenu du travailleur ind\u00e9pendant n&rsquo;atteint pas ce seuil.<\/p><h4 style=\"text-align: left;\">3) Comment est d\u00e9termin\u00e9 le revenu annuel net qui place le travailleur ind\u00e9pendant dans la tranche de cotisation correspondante ?<\/h4><p style=\"text-align: left;\">&#8211; Ind\u00e9pendants : selon les dispositions de l&rsquo;ordonnance sur l&rsquo;imp\u00f4t sur le revenu des personnes physiques pour le calcul du revenu net de l&rsquo;activit\u00e9 ind\u00e9pendante, plus la cotisation de l&rsquo;ind\u00e9pendant et moins 7 % de ce montant.<\/p><p style=\"text-align: left;\">&#8211; Ind\u00e9pendants corporatifs : on calcule le total des revenus en esp\u00e8ces ou en nature provenant de la participation au capital des entit\u00e9s dans lesquelles ils ont une participation d&rsquo;au moins 33% du capital social ou, s&rsquo;ils ont le statut d&rsquo;administrateur, une participation d&rsquo;au moins 25%, au moment de la r\u00e9gularisation de l&rsquo;imp\u00f4t sur les soci\u00e9t\u00e9s, ainsi que le total des revenus du travail d\u00e9riv\u00e9s de leur activit\u00e9 dans ces entit\u00e9s.<\/p><h4 style=\"text-align: left;\">4. que deviennent les travailleurs ind\u00e9pendants qui, au 31 d\u00e9cembre 2022, cotisaient \u00e0 une base imposable sup\u00e9rieure \u00e0 celle qui leur correspondait en fonction de leurs revenus ?<\/h4><p style=\"text-align: left;\">Les travailleurs ind\u00e9pendants ou les professions lib\u00e9rales qui ont pay\u00e9 des cotisations au 31 d\u00e9cembre 2022 \u00e0 une base de cotisation sup\u00e9rieure \u00e0 celle qui leur correspondrait en fonction de leurs revenus, pourront maintenir cette base de cotisation ou une base inf\u00e9rieure, m\u00eame si leurs revenus impliquent l&rsquo;application d&rsquo;une base de cotisation inf\u00e9rieure aux deux autres.<\/p><h4 style=\"text-align: left;\">5. les plafonds de cotisation sont-ils maintenus en fonction de l&rsquo;\u00e2ge du travailleur ind\u00e9pendant ?<\/h4><p style=\"text-align: left;\">L&rsquo;amendement supprime les limites actuelles de cotisation li\u00e9es \u00e0 l&rsquo;\u00e2ge pour les travailleurs ind\u00e9pendants. Dans le cadre du nouveau mod\u00e8le, les ind\u00e9pendants de plus de 47 ans paieront des cotisations sur la base de leurs revenus r\u00e9els, c&rsquo;est-\u00e0-dire qu&rsquo;il sera possible d&rsquo;augmenter leur base de cotisation dans la derni\u00e8re phase de leur carri\u00e8re professionnelle, \u00e0 condition qu&rsquo;ils augmentent leurs revenus.<\/p><h4 style=\"text-align: left;\">6. comment se fait la d\u00e9termination initiale de la classe de cotisation dans laquelle le travailleur ind\u00e9pendant doit se ranger ?<\/h4><p style=\"text-align: left;\">Lors de sa demande d&rsquo;inscription, le travailleur ind\u00e9pendant doit pr\u00e9senter une d\u00e9claration du revenu net qu&rsquo;il pr\u00e9voit d&rsquo;obtenir au cours de l&rsquo;ann\u00e9e civile o\u00f9 il s&rsquo;inscrit pour son activit\u00e9 \u00e9conomique ou professionnelle.<\/p><p style=\"text-align: left;\">&#8211; Si la cotisation provisoire est inf\u00e9rieure \u00e0 celle correspondant \u00e0 la base de cotisation minimale de la cat\u00e9gorie de revenus dont rel\u00e8ve le revenu : le travailleur ind\u00e9pendant doit payer la diff\u00e9rence entre les deux cotisations avant le dernier jour du mois suivant celui au cours duquel le r\u00e9sultat de la r\u00e9gularisation lui a \u00e9t\u00e9 notifi\u00e9, sans int\u00e9r\u00eat de retard ni majoration s&rsquo;il paie dans ce d\u00e9lai.<\/p><p style=\"text-align: left;\">&#8211; Si la cotisation vers\u00e9e \u00e0 titre provisoire est sup\u00e9rieure \u00e0 celle correspondant \u00e0 la base maximale imposable pour la cat\u00e9gorie de revenus dont rel\u00e8ve votre revenu : <a href=\"https:\/\/www.seg-social.es\/wps\/portal\/wss\/internet\/Conocenos\/QuienesSomos\/29408?changeLanguage=fr\" target=\"_blank\" rel=\"noopener\"><strong>la TGSS<\/strong><\/a> vous remboursera automatiquement la diff\u00e9rence entre les deux cotisations, sans int\u00e9r\u00eat de retard, avant le 31 mai de l&rsquo;ann\u00e9e suivant celle o\u00f9 les autorit\u00e9s fiscales correspondantes ont notifi\u00e9 \u00e0 l&rsquo;Administration g\u00e9n\u00e9rale des imp\u00f4ts de la S\u00e9curit\u00e9 sociale le revenu \u00e0 payer.<\/p><h4 style=\"text-align: left;\">7. ai-je droit \u00e0 une allocation pour m&rsquo;occuper d&rsquo;un enfant atteint d&rsquo;un cancer ou d&rsquo;une autre maladie grave ?<\/h4><p style=\"text-align: left;\">Oui, si vous b\u00e9n\u00e9ficiez d&rsquo;un remboursement de 75 % de votre cotisation de travailleur ind\u00e9pendant pendant la p\u00e9riode o\u00f9 vous recevez la prestation pour soigner un enfant mineur atteint d&rsquo;un cancer ou d&rsquo;une autre maladie grave.<\/p><h4 style=\"text-align: left;\">8. ai-je droit \u00e0 un abattement pour la naissance d&rsquo;un enfant, l&rsquo;adoption, le placement en famille d&rsquo;accueil et la tutelle lorsque je redeviens ind\u00e9pendant ?<\/h4><p style=\"text-align: left;\">Oui, vous avez droit \u00e0 un remboursement de 80 % de la cotisation pendant 24 mois \u00e0 compter de la date de votre retour \u00e0 une activit\u00e9 ind\u00e9pendante.<\/p><h4 style=\"text-align: left;\">9. Si j&rsquo;\u00e9tais d\u00e9j\u00e0 inscrit comme ind\u00e9pendant, suis-je oblig\u00e9 de d\u00e9clarer mes revenus pour adapter ma base de cotisation ?<\/h4><p style=\"text-align: left;\">Non, vous ne l&rsquo;\u00eates pas. Si vous ne d\u00e9clarez rien, vous continuerez \u00e0 payer des cotisations en 2023 sur la base que vous aviez au 31 d\u00e9cembre 2022.<\/p><h4 style=\"text-align: left;\">10. Si, au 31 d\u00e9cembre 2022, je paie des cotisations sur une base plus \u00e9lev\u00e9e que celle \u00e0 laquelle j&rsquo;aurais droit en fonction de mes revenus, puis-je conserver cette base?<\/h4><p style=\"text-align: left;\">Oui, m\u00eame si vos revenus sont faibles, vous pouvez conserver la base de cotisation \u00e0 laquelle vous cotisiez au 31 d\u00e9cembre 2022.<\/p>\t\t\t\t\t\t\t\t<\/div>\n\t\t\t\t<\/div>\n\t\t\t\t\t<\/div>\r\n\t\t\t\t<\/div>\r\n\t\t\t\t\t<\/div>\r\n\t\t\t\t<\/section>\r\n\t\t\t\t<section data-particle_enable=\"false\" data-particle-mobile-disabled=\"false\" class=\"elementor-section elementor-top-section elementor-element elementor-element-f99b558 elementor-section-boxed elementor-section-height-default elementor-section-height-default\" data-id=\"f99b558\" data-element_type=\"section\" data-e-type=\"section\">\r\n\t\t\r\n\t\t\t\t\t\t\t<div class=\"elementor-container elementor-column-gap-default\">\r\n\t\t\t\t\t\t\t\t\t\t\t<div class=\"elementor-column elementor-col-100 elementor-top-column elementor-element elementor-element-70107d0\" data-id=\"70107d0\" data-element_type=\"column\" data-e-type=\"column\">\r\n\t\t\t\t\t<div class=\"elementor-widget-wrap elementor-element-populated\">\r\n\t\t\t\t\t\t\t\t<div class=\"elementor-element elementor-element-42821f2 elementor-align-center elementor-widget elementor-widget-button\" data-id=\"42821f2\" data-element_type=\"widget\" data-e-type=\"widget\" data-widget_type=\"button.default\">\n\t\t\t\t<div class=\"elementor-widget-container\">\n\t\t\t\t\t\t\t\t\t<div class=\"elementor-button-wrapper\">\n\t\t\t\t\t<a class=\"elementor-button elementor-button-link elementor-size-lg\" href=\"https:\/\/www.asesoriaorihuelacosta.com\/fr\/contacter\/\">\n\t\t\t\t\t\t<span class=\"elementor-button-content-wrapper\">\n\t\t\t\t\t\t\t\t\t<span class=\"elementor-button-text\">Contactez-nous<\/span>\n\t\t\t\t\t<\/span>\n\t\t\t\t\t<\/a>\n\t\t\t\t<\/div>\n\t\t\t\t\t\t\t\t<\/div>\n\t\t\t\t<\/div>\n\t\t\t\t\t<\/div>\r\n\t\t\t\t<\/div>\r\n\t\t\t\t\t<\/div>\r\n\t\t\t\t<\/section>\r\n\t\t\t\t<\/div>\n\t\t","protected":false},"excerpt":{"rendered":"<p>\u00cates-vous ind\u00e9pendant ? Ceci est d&rsquo;un grand int\u00e9r\u00eat pour vous. A partir de 2023, le nouveau syst\u00e8me de cotisation pour les ind\u00e9pendants 2023 d\u00e9butera. Nous vous expliquons ici comment cela fonctionne les&nbsp;nouveaux quotas ind\u00e9pendants&nbsp;et combien vous allez payer. La majorit\u00e9 des travailleurs ind\u00e9pendants en Espagne ont toujours pay\u00e9 la cotisation minimale de s\u00e9curit\u00e9 sociale ou [&hellip;]<\/p>\n","protected":false},"author":2,"featured_media":9001,"comment_status":"closed","ping_status":"closed","sticky":false,"template":"","format":"standard","meta":{"_eb_attr":"","inline_featured_image":false,"footnotes":""},"categories":[1],"tags":[],"class_list":["post-9048","post","type-post","status-publish","format-standard","has-post-thumbnail","hentry","category-blog"],"featured_image_src":{"landsacpe":["https:\/\/www.asesoriaorihuelacosta.com\/wp-content\/uploads\/2022\/10\/Nuevo-sistema-de-cotizacion-de-autonomos-2023-940x445.png",940,445,true],"list":["https:\/\/www.asesoriaorihuelacosta.com\/wp-content\/uploads\/2022\/10\/Nuevo-sistema-de-cotizacion-de-autonomos-2023-463x348.png",463,348,true],"medium":["https:\/\/www.asesoriaorihuelacosta.com\/wp-content\/uploads\/2022\/10\/Nuevo-sistema-de-cotizacion-de-autonomos-2023-300x251.png",300,251,true],"full":["https:\/\/www.asesoriaorihuelacosta.com\/wp-content\/uploads\/2022\/10\/Nuevo-sistema-de-cotizacion-de-autonomos-2023.png",940,788,false]},"yoast_head":"<!-- This site is optimized with the Yoast SEO Premium plugin v24.7 (Yoast SEO v27.4) - https:\/\/yoast.com\/product\/yoast-seo-premium-wordpress\/ -->\n<title>Nouveaux quotas Ind\u00e9pendants 2023 - Asesor\u00eda Orihuela Costa<\/title>\n<meta name=\"description\" content=\"\u00cates-vous ind\u00e9pendant en Espagne? Nous vous expliquons ici combien vous paierez avec les nouveaux quotas ind\u00e9pendants en 2023.\" \/>\n<meta name=\"robots\" content=\"index, follow, max-snippet:-1, max-image-preview:large, max-video-preview:-1\" \/>\n<link rel=\"canonical\" href=\"https:\/\/www.asesoriaorihuelacosta.com\/fr\/nouveaux-quotas-independants\/\" \/>\n<meta property=\"og:locale\" content=\"fr_FR\" \/>\n<meta property=\"og:type\" content=\"article\" \/>\n<meta property=\"og:title\" content=\"Nouveaux quotas Ind\u00e9pendants 2023\" \/>\n<meta property=\"og:description\" content=\"\u00cates-vous ind\u00e9pendant en Espagne? Nous vous expliquons ici combien vous paierez avec les nouveaux quotas ind\u00e9pendants en 2023.\" \/>\n<meta property=\"og:url\" content=\"https:\/\/www.asesoriaorihuelacosta.com\/fr\/nouveaux-quotas-independants\/\" \/>\n<meta property=\"og:site_name\" content=\"Asesor\u00eda Orihuela Costa\" \/>\n<meta property=\"article:publisher\" content=\"https:\/\/www.facebook.com\/asesoriaorihuelacosta\" \/>\n<meta property=\"article:author\" content=\"https:\/\/www.facebook.com\/patrick.gordinneperez\" \/>\n<meta property=\"article:published_time\" content=\"2022-10-23T05:37:40+00:00\" \/>\n<meta property=\"article:modified_time\" content=\"2023-01-01T10:48:15+00:00\" \/>\n<meta property=\"og:image\" content=\"https:\/\/www.asesoriaorihuelacosta.com\/wp-content\/uploads\/2022\/10\/Nuevo-sistema-de-cotizacion-de-autonomos-2023.png\" \/>\n\t<meta property=\"og:image:width\" content=\"940\" \/>\n\t<meta property=\"og:image:height\" content=\"788\" \/>\n\t<meta property=\"og:image:type\" content=\"image\/png\" \/>\n<meta name=\"author\" content=\"Patrick Gordinne Perez\" \/>\n<meta name=\"twitter:card\" content=\"summary_large_image\" \/>\n<meta name=\"twitter:label1\" content=\"\u00c9crit par\" \/>\n\t<meta name=\"twitter:data1\" content=\"Patrick Gordinne Perez\" \/>\n\t<meta name=\"twitter:label2\" content=\"Dur\u00e9e de lecture estim\u00e9e\" \/>\n\t<meta name=\"twitter:data2\" content=\"9 minutes\" \/>\n<script type=\"application\/ld+json\" class=\"yoast-schema-graph\">{\"@context\":\"https:\\\/\\\/schema.org\",\"@graph\":[{\"@type\":\"Article\",\"@id\":\"https:\\\/\\\/www.asesoriaorihuelacosta.com\\\/fr\\\/nouveaux-quotas-independants\\\/#article\",\"isPartOf\":{\"@id\":\"https:\\\/\\\/www.asesoriaorihuelacosta.com\\\/fr\\\/nouveaux-quotas-independants\\\/\"},\"author\":{\"name\":\"Patrick Gordinne Perez\",\"@id\":\"https:\\\/\\\/www.asesoriaorihuelacosta.com\\\/fr\\\/#\\\/schema\\\/person\\\/6614ce8cf6d2de542aaf351629fd539e\"},\"headline\":\"Nouveaux quotas Ind\u00e9pendants 2023\",\"datePublished\":\"2022-10-23T05:37:40+00:00\",\"dateModified\":\"2023-01-01T10:48:15+00:00\",\"mainEntityOfPage\":{\"@id\":\"https:\\\/\\\/www.asesoriaorihuelacosta.com\\\/fr\\\/nouveaux-quotas-independants\\\/\"},\"wordCount\":1971,\"publisher\":{\"@id\":\"https:\\\/\\\/www.asesoriaorihuelacosta.com\\\/fr\\\/#organization\"},\"image\":{\"@id\":\"https:\\\/\\\/www.asesoriaorihuelacosta.com\\\/fr\\\/nouveaux-quotas-independants\\\/#primaryimage\"},\"thumbnailUrl\":\"https:\\\/\\\/www.asesoriaorihuelacosta.com\\\/wp-content\\\/uploads\\\/2022\\\/10\\\/Nuevo-sistema-de-cotizacion-de-autonomos-2023.png\",\"articleSection\":[\"Blog\"],\"inLanguage\":\"fr-FR\"},{\"@type\":\"WebPage\",\"@id\":\"https:\\\/\\\/www.asesoriaorihuelacosta.com\\\/fr\\\/nouveaux-quotas-independants\\\/\",\"url\":\"https:\\\/\\\/www.asesoriaorihuelacosta.com\\\/fr\\\/nouveaux-quotas-independants\\\/\",\"name\":\"Nouveaux quotas Ind\u00e9pendants 2023 - Asesor\u00eda Orihuela Costa\",\"isPartOf\":{\"@id\":\"https:\\\/\\\/www.asesoriaorihuelacosta.com\\\/fr\\\/#website\"},\"primaryImageOfPage\":{\"@id\":\"https:\\\/\\\/www.asesoriaorihuelacosta.com\\\/fr\\\/nouveaux-quotas-independants\\\/#primaryimage\"},\"image\":{\"@id\":\"https:\\\/\\\/www.asesoriaorihuelacosta.com\\\/fr\\\/nouveaux-quotas-independants\\\/#primaryimage\"},\"thumbnailUrl\":\"https:\\\/\\\/www.asesoriaorihuelacosta.com\\\/wp-content\\\/uploads\\\/2022\\\/10\\\/Nuevo-sistema-de-cotizacion-de-autonomos-2023.png\",\"datePublished\":\"2022-10-23T05:37:40+00:00\",\"dateModified\":\"2023-01-01T10:48:15+00:00\",\"description\":\"\u00cates-vous ind\u00e9pendant en Espagne? Nous vous expliquons ici combien vous paierez avec les nouveaux quotas ind\u00e9pendants en 2023.\",\"breadcrumb\":{\"@id\":\"https:\\\/\\\/www.asesoriaorihuelacosta.com\\\/fr\\\/nouveaux-quotas-independants\\\/#breadcrumb\"},\"inLanguage\":\"fr-FR\",\"potentialAction\":[{\"@type\":\"ReadAction\",\"target\":[\"https:\\\/\\\/www.asesoriaorihuelacosta.com\\\/fr\\\/nouveaux-quotas-independants\\\/\"]}]},{\"@type\":\"ImageObject\",\"inLanguage\":\"fr-FR\",\"@id\":\"https:\\\/\\\/www.asesoriaorihuelacosta.com\\\/fr\\\/nouveaux-quotas-independants\\\/#primaryimage\",\"url\":\"https:\\\/\\\/www.asesoriaorihuelacosta.com\\\/wp-content\\\/uploads\\\/2022\\\/10\\\/Nuevo-sistema-de-cotizacion-de-autonomos-2023.png\",\"contentUrl\":\"https:\\\/\\\/www.asesoriaorihuelacosta.com\\\/wp-content\\\/uploads\\\/2022\\\/10\\\/Nuevo-sistema-de-cotizacion-de-autonomos-2023.png\",\"width\":940,\"height\":788,\"caption\":\"Nuevo sistema de cotizaci\u00f3n de aut\u00f3nomos 2023\"},{\"@type\":\"BreadcrumbList\",\"@id\":\"https:\\\/\\\/www.asesoriaorihuelacosta.com\\\/fr\\\/nouveaux-quotas-independants\\\/#breadcrumb\",\"itemListElement\":[{\"@type\":\"ListItem\",\"position\":1,\"name\":\"Home\",\"item\":\"https:\\\/\\\/www.asesoriaorihuelacosta.com\\\/fr\\\/\"},{\"@type\":\"ListItem\",\"position\":2,\"name\":\"Nouveaux quotas Ind\u00e9pendants 2023\"}]},{\"@type\":\"WebSite\",\"@id\":\"https:\\\/\\\/www.asesoriaorihuelacosta.com\\\/fr\\\/#website\",\"url\":\"https:\\\/\\\/www.asesoriaorihuelacosta.com\\\/fr\\\/\",\"name\":\"https:\\\/\\\/www.asesoriaorihuelacosta.com\\\/\",\"description\":\"Grupo de asesores profesionales\",\"publisher\":{\"@id\":\"https:\\\/\\\/www.asesoriaorihuelacosta.com\\\/fr\\\/#organization\"},\"potentialAction\":[{\"@type\":\"SearchAction\",\"target\":{\"@type\":\"EntryPoint\",\"urlTemplate\":\"https:\\\/\\\/www.asesoriaorihuelacosta.com\\\/fr\\\/?s={search_term_string}\"},\"query-input\":{\"@type\":\"PropertyValueSpecification\",\"valueRequired\":true,\"valueName\":\"search_term_string\"}}],\"inLanguage\":\"fr-FR\"},{\"@type\":\"Organization\",\"@id\":\"https:\\\/\\\/www.asesoriaorihuelacosta.com\\\/fr\\\/#organization\",\"name\":\"Asesor\u00eda Orihuela Costa\",\"url\":\"https:\\\/\\\/www.asesoriaorihuelacosta.com\\\/fr\\\/\",\"logo\":{\"@type\":\"ImageObject\",\"inLanguage\":\"fr-FR\",\"@id\":\"https:\\\/\\\/www.asesoriaorihuelacosta.com\\\/fr\\\/#\\\/schema\\\/logo\\\/image\\\/\",\"url\":\"https:\\\/\\\/www.asesoriaorihuelacosta.com\\\/wp-content\\\/uploads\\\/2022\\\/06\\\/Logo-espa\u5bf8l-asesoriaorihuela.jpg\",\"contentUrl\":\"https:\\\/\\\/www.asesoriaorihuelacosta.com\\\/wp-content\\\/uploads\\\/2022\\\/06\\\/Logo-espa\u5bf8l-asesoriaorihuela.jpg\",\"width\":588,\"height\":136,\"caption\":\"Asesor\u00eda Orihuela Costa\"},\"image\":{\"@id\":\"https:\\\/\\\/www.asesoriaorihuelacosta.com\\\/fr\\\/#\\\/schema\\\/logo\\\/image\\\/\"},\"sameAs\":[\"https:\\\/\\\/www.facebook.com\\\/asesoriaorihuelacosta\"]},{\"@type\":\"Person\",\"@id\":\"https:\\\/\\\/www.asesoriaorihuelacosta.com\\\/fr\\\/#\\\/schema\\\/person\\\/6614ce8cf6d2de542aaf351629fd539e\",\"name\":\"Patrick Gordinne Perez\",\"description\":\"Soy economista colegiado por el colegio de economistas de Alicante con el n\u00famero 2722. Llevo ejerciendo desde el a\u00f1o 2005. Soy especialista en fiscalidad de empresas y aut\u00f3nomos y tambi\u00e9n especialista en gestionar compraventas. Hablo espa\u00f1ol, ingl\u00e9s y franc\u00e9s.\",\"sameAs\":[\"https:\\\/\\\/www.asesoriaorihuelacosta.com\",\"https:\\\/\\\/www.facebook.com\\\/patrick.gordinneperez\",\"https:\\\/\\\/www.linkedin.com\\\/in\\\/patrick-gordinne-perez-1b73aab3\\\/\",\"https:\\\/\\\/www.youtube.com\\\/channel\\\/UC5e95RJEVQlxCnhwDmGNVCw\"],\"gender\":\"Hombre\",\"knowsLanguage\":[\"ingl\u00e9s\",\"franc\u00e9s\",\"espa\u00f1ol\"],\"jobTitle\":\"Gerente\",\"worksFor\":\"Asesoria Orihuela Costa SL\"}]}<\/script>\n<!-- \/ Yoast SEO Premium plugin. -->","yoast_head_json":{"title":"Nouveaux quotas Ind\u00e9pendants 2023 - Asesor\u00eda Orihuela Costa","description":"\u00cates-vous ind\u00e9pendant en Espagne? Nous vous expliquons ici combien vous paierez avec les nouveaux quotas ind\u00e9pendants en 2023.","robots":{"index":"index","follow":"follow","max-snippet":"max-snippet:-1","max-image-preview":"max-image-preview:large","max-video-preview":"max-video-preview:-1"},"canonical":"https:\/\/www.asesoriaorihuelacosta.com\/fr\/nouveaux-quotas-independants\/","og_locale":"fr_FR","og_type":"article","og_title":"Nouveaux quotas Ind\u00e9pendants 2023","og_description":"\u00cates-vous ind\u00e9pendant en Espagne? Nous vous expliquons ici combien vous paierez avec les nouveaux quotas ind\u00e9pendants en 2023.","og_url":"https:\/\/www.asesoriaorihuelacosta.com\/fr\/nouveaux-quotas-independants\/","og_site_name":"Asesor\u00eda Orihuela Costa","article_publisher":"https:\/\/www.facebook.com\/asesoriaorihuelacosta","article_author":"https:\/\/www.facebook.com\/patrick.gordinneperez","article_published_time":"2022-10-23T05:37:40+00:00","article_modified_time":"2023-01-01T10:48:15+00:00","og_image":[{"width":940,"height":788,"url":"https:\/\/www.asesoriaorihuelacosta.com\/wp-content\/uploads\/2022\/10\/Nuevo-sistema-de-cotizacion-de-autonomos-2023.png","type":"image\/png"}],"author":"Patrick Gordinne Perez","twitter_card":"summary_large_image","twitter_misc":{"\u00c9crit par":"Patrick Gordinne Perez","Dur\u00e9e de lecture estim\u00e9e":"9 minutes"},"schema":{"@context":"https:\/\/schema.org","@graph":[{"@type":"Article","@id":"https:\/\/www.asesoriaorihuelacosta.com\/fr\/nouveaux-quotas-independants\/#article","isPartOf":{"@id":"https:\/\/www.asesoriaorihuelacosta.com\/fr\/nouveaux-quotas-independants\/"},"author":{"name":"Patrick Gordinne Perez","@id":"https:\/\/www.asesoriaorihuelacosta.com\/fr\/#\/schema\/person\/6614ce8cf6d2de542aaf351629fd539e"},"headline":"Nouveaux quotas Ind\u00e9pendants 2023","datePublished":"2022-10-23T05:37:40+00:00","dateModified":"2023-01-01T10:48:15+00:00","mainEntityOfPage":{"@id":"https:\/\/www.asesoriaorihuelacosta.com\/fr\/nouveaux-quotas-independants\/"},"wordCount":1971,"publisher":{"@id":"https:\/\/www.asesoriaorihuelacosta.com\/fr\/#organization"},"image":{"@id":"https:\/\/www.asesoriaorihuelacosta.com\/fr\/nouveaux-quotas-independants\/#primaryimage"},"thumbnailUrl":"https:\/\/www.asesoriaorihuelacosta.com\/wp-content\/uploads\/2022\/10\/Nuevo-sistema-de-cotizacion-de-autonomos-2023.png","articleSection":["Blog"],"inLanguage":"fr-FR"},{"@type":"WebPage","@id":"https:\/\/www.asesoriaorihuelacosta.com\/fr\/nouveaux-quotas-independants\/","url":"https:\/\/www.asesoriaorihuelacosta.com\/fr\/nouveaux-quotas-independants\/","name":"Nouveaux quotas Ind\u00e9pendants 2023 - Asesor\u00eda Orihuela Costa","isPartOf":{"@id":"https:\/\/www.asesoriaorihuelacosta.com\/fr\/#website"},"primaryImageOfPage":{"@id":"https:\/\/www.asesoriaorihuelacosta.com\/fr\/nouveaux-quotas-independants\/#primaryimage"},"image":{"@id":"https:\/\/www.asesoriaorihuelacosta.com\/fr\/nouveaux-quotas-independants\/#primaryimage"},"thumbnailUrl":"https:\/\/www.asesoriaorihuelacosta.com\/wp-content\/uploads\/2022\/10\/Nuevo-sistema-de-cotizacion-de-autonomos-2023.png","datePublished":"2022-10-23T05:37:40+00:00","dateModified":"2023-01-01T10:48:15+00:00","description":"\u00cates-vous ind\u00e9pendant en Espagne? Nous vous expliquons ici combien vous paierez avec les nouveaux quotas ind\u00e9pendants en 2023.","breadcrumb":{"@id":"https:\/\/www.asesoriaorihuelacosta.com\/fr\/nouveaux-quotas-independants\/#breadcrumb"},"inLanguage":"fr-FR","potentialAction":[{"@type":"ReadAction","target":["https:\/\/www.asesoriaorihuelacosta.com\/fr\/nouveaux-quotas-independants\/"]}]},{"@type":"ImageObject","inLanguage":"fr-FR","@id":"https:\/\/www.asesoriaorihuelacosta.com\/fr\/nouveaux-quotas-independants\/#primaryimage","url":"https:\/\/www.asesoriaorihuelacosta.com\/wp-content\/uploads\/2022\/10\/Nuevo-sistema-de-cotizacion-de-autonomos-2023.png","contentUrl":"https:\/\/www.asesoriaorihuelacosta.com\/wp-content\/uploads\/2022\/10\/Nuevo-sistema-de-cotizacion-de-autonomos-2023.png","width":940,"height":788,"caption":"Nuevo sistema de cotizaci\u00f3n de aut\u00f3nomos 2023"},{"@type":"BreadcrumbList","@id":"https:\/\/www.asesoriaorihuelacosta.com\/fr\/nouveaux-quotas-independants\/#breadcrumb","itemListElement":[{"@type":"ListItem","position":1,"name":"Home","item":"https:\/\/www.asesoriaorihuelacosta.com\/fr\/"},{"@type":"ListItem","position":2,"name":"Nouveaux quotas Ind\u00e9pendants 2023"}]},{"@type":"WebSite","@id":"https:\/\/www.asesoriaorihuelacosta.com\/fr\/#website","url":"https:\/\/www.asesoriaorihuelacosta.com\/fr\/","name":"https:\/\/www.asesoriaorihuelacosta.com\/","description":"Grupo de asesores profesionales","publisher":{"@id":"https:\/\/www.asesoriaorihuelacosta.com\/fr\/#organization"},"potentialAction":[{"@type":"SearchAction","target":{"@type":"EntryPoint","urlTemplate":"https:\/\/www.asesoriaorihuelacosta.com\/fr\/?s={search_term_string}"},"query-input":{"@type":"PropertyValueSpecification","valueRequired":true,"valueName":"search_term_string"}}],"inLanguage":"fr-FR"},{"@type":"Organization","@id":"https:\/\/www.asesoriaorihuelacosta.com\/fr\/#organization","name":"Asesor\u00eda Orihuela Costa","url":"https:\/\/www.asesoriaorihuelacosta.com\/fr\/","logo":{"@type":"ImageObject","inLanguage":"fr-FR","@id":"https:\/\/www.asesoriaorihuelacosta.com\/fr\/#\/schema\/logo\/image\/","url":"https:\/\/www.asesoriaorihuelacosta.com\/wp-content\/uploads\/2022\/06\/Logo-espa\u5bf8l-asesoriaorihuela.jpg","contentUrl":"https:\/\/www.asesoriaorihuelacosta.com\/wp-content\/uploads\/2022\/06\/Logo-espa\u5bf8l-asesoriaorihuela.jpg","width":588,"height":136,"caption":"Asesor\u00eda Orihuela Costa"},"image":{"@id":"https:\/\/www.asesoriaorihuelacosta.com\/fr\/#\/schema\/logo\/image\/"},"sameAs":["https:\/\/www.facebook.com\/asesoriaorihuelacosta"]},{"@type":"Person","@id":"https:\/\/www.asesoriaorihuelacosta.com\/fr\/#\/schema\/person\/6614ce8cf6d2de542aaf351629fd539e","name":"Patrick Gordinne Perez","description":"Soy economista colegiado por el colegio de economistas de Alicante con el n\u00famero 2722. Llevo ejerciendo desde el a\u00f1o 2005. Soy especialista en fiscalidad de empresas y aut\u00f3nomos y tambi\u00e9n especialista en gestionar compraventas. Hablo espa\u00f1ol, ingl\u00e9s y franc\u00e9s.","sameAs":["https:\/\/www.asesoriaorihuelacosta.com","https:\/\/www.facebook.com\/patrick.gordinneperez","https:\/\/www.linkedin.com\/in\/patrick-gordinne-perez-1b73aab3\/","https:\/\/www.youtube.com\/channel\/UC5e95RJEVQlxCnhwDmGNVCw"],"gender":"Hombre","knowsLanguage":["ingl\u00e9s","franc\u00e9s","espa\u00f1ol"],"jobTitle":"Gerente","worksFor":"Asesoria Orihuela Costa SL"}]}},"_links":{"self":[{"href":"https:\/\/www.asesoriaorihuelacosta.com\/fr\/wp-json\/wp\/v2\/posts\/9048","targetHints":{"allow":["GET"]}}],"collection":[{"href":"https:\/\/www.asesoriaorihuelacosta.com\/fr\/wp-json\/wp\/v2\/posts"}],"about":[{"href":"https:\/\/www.asesoriaorihuelacosta.com\/fr\/wp-json\/wp\/v2\/types\/post"}],"author":[{"embeddable":true,"href":"https:\/\/www.asesoriaorihuelacosta.com\/fr\/wp-json\/wp\/v2\/users\/2"}],"replies":[{"embeddable":true,"href":"https:\/\/www.asesoriaorihuelacosta.com\/fr\/wp-json\/wp\/v2\/comments?post=9048"}],"version-history":[{"count":18,"href":"https:\/\/www.asesoriaorihuelacosta.com\/fr\/wp-json\/wp\/v2\/posts\/9048\/revisions"}],"predecessor-version":[{"id":10631,"href":"https:\/\/www.asesoriaorihuelacosta.com\/fr\/wp-json\/wp\/v2\/posts\/9048\/revisions\/10631"}],"wp:featuredmedia":[{"embeddable":true,"href":"https:\/\/www.asesoriaorihuelacosta.com\/fr\/wp-json\/wp\/v2\/media\/9001"}],"wp:attachment":[{"href":"https:\/\/www.asesoriaorihuelacosta.com\/fr\/wp-json\/wp\/v2\/media?parent=9048"}],"wp:term":[{"taxonomy":"category","embeddable":true,"href":"https:\/\/www.asesoriaorihuelacosta.com\/fr\/wp-json\/wp\/v2\/categories?post=9048"},{"taxonomy":"post_tag","embeddable":true,"href":"https:\/\/www.asesoriaorihuelacosta.com\/fr\/wp-json\/wp\/v2\/tags?post=9048"}],"curies":[{"name":"wp","href":"https:\/\/api.w.org\/{rel}","templated":true}]}}