{"id":8869,"date":"2022-09-24T17:30:22","date_gmt":"2022-09-24T17:30:22","guid":{"rendered":"https:\/\/www.asesoriaorihuelacosta.com\/?p=8869"},"modified":"2024-07-14T02:15:31","modified_gmt":"2024-07-14T02:15:31","slug":"mesures-obligatoires-deconomie-denergie","status":"publish","type":"post","link":"https:\/\/www.asesoriaorihuelacosta.com\/fr\/mesures-obligatoires-deconomie-denergie\/","title":{"rendered":"Mesures obligatoires d&rsquo;\u00e9conomie d&rsquo;\u00e9nergie"},"content":{"rendered":"\t\t<div data-elementor-type=\"wp-post\" data-elementor-id=\"8869\" class=\"elementor elementor-8869\" data-elementor-post-type=\"post\">\n\t\t\t\t\t\t<section data-particle_enable=\"false\" data-particle-mobile-disabled=\"false\" class=\"elementor-section elementor-top-section elementor-element elementor-element-972844f elementor-section-boxed elementor-section-height-default elementor-section-height-default\" data-id=\"972844f\" data-element_type=\"section\" data-e-type=\"section\">\r\n\t\t\r\n\t\t\t\t\t\t\t<div class=\"elementor-container elementor-column-gap-default\">\r\n\t\t\t\t\t\t\t\t\t\t\t<div class=\"elementor-column elementor-col-100 elementor-top-column elementor-element elementor-element-f91080c\" data-id=\"f91080c\" data-element_type=\"column\" data-e-type=\"column\">\r\n\t\t\t\t\t<div class=\"elementor-widget-wrap elementor-element-populated\">\r\n\t\t\t\t\t\t\t\t<div class=\"elementor-element elementor-element-689a3b0 elementor-widget elementor-widget-text-editor\" data-id=\"689a3b0\" data-element_type=\"widget\" data-e-type=\"widget\" data-widget_type=\"text-editor.default\">\n\t\t\t\t<div class=\"elementor-widget-container\">\n\t\t\t\t\t\t\t\t\t<p>Le Conseil des ministres a approuv\u00e9 un ensemble de mesures d&rsquo;urgence visant \u00e0 r\u00e9duire la consommation de gaz, convenu par l&rsquo;UE, car la guerre en Ukraine pourrait entra\u00eener une diminution des approvisionnements en gaz russe.<\/p><p>Par cons\u00e9quent, selon les exigences de l&rsquo;UE, les entreprises et les m\u00e9nages doivent r\u00e9duire leur consommation de gaz de 7 %. Les mesures d&rsquo;\u00e9conomie d&rsquo;\u00e9nergie sont obligatoires pour ces entreprises et volontaires pour les m\u00e9nages, bien qu&rsquo;il leur soit conseill\u00e9 de limiter leur consommation d&rsquo;\u00e9nergie.<\/p><h2>Quelles mesures les entreprises doivent-elles suivre ?\u00a0<\/h2><p>Les principales mesures de r\u00e9duction de la consommation d&rsquo;\u00e9nergie qui concernent les entreprises sont les suivantes :<\/p><p>&#8211; Obligation de r\u00e9gler la climatisation et le chauffage pour qu&rsquo;ils ne d\u00e9passent pas 27 degr\u00e9s en \u00e9t\u00e9 et 19 degr\u00e9s en hiver.<\/p><p>&#8211; Maintenez l&rsquo;humidit\u00e9 ambiante entre 30 et 70 %. &#8211; \u00c9teignez les lumi\u00e8res dans les locaux commerciaux apr\u00e8s 22 heures.<\/p><p>&#8211; Cr\u00e9ez un syst\u00e8me efficace de fermeture des portes dans les pi\u00e8ces ayant un acc\u00e8s direct \u00e0 la rue lorsque les syst\u00e8mes de refroidissement et de chauffage fonctionnent.<\/p><p>&#8211; Si la derni\u00e8re fois a eu lieu avant le 1er janvier 2021, un contr\u00f4le sp\u00e9cial de l&rsquo;efficacit\u00e9 \u00e9nerg\u00e9tique doit \u00eatre effectu\u00e9.<\/p><p>En outre, les entreprises sont tenues de :<\/p><p>&#8211; Affichez des posters promouvant la nouvelle loi et les mesures qu&rsquo;elle prendra.<\/p><p>&#8211; Affichez les limites de temp\u00e9rature et d&rsquo;humidit\u00e9 d\u00e9finies sur un moniteur ou un autre dispositif.<\/p><p>&#8211; Dans les deux cas, les panneaux et les affichages doivent \u00eatre visibles de l&rsquo;entr\u00e9e ou du passage. Il convient de noter que toutes ces mesures s&rsquo;ajoutent \u00e0 celles d\u00e9j\u00e0 pr\u00e9vues par la r\u00e9glementation sur les \u00e9quipements thermiques des b\u00e2timents (RITE).<\/p><p>Des appels ont \u00e9galement \u00e9t\u00e9 lanc\u00e9s aux grandes entreprises pour qu&rsquo;elles encouragent le t\u00e9l\u00e9travail, en faisant valoir qu&rsquo;il permet d&rsquo;\u00e9conomiser l&rsquo;\u00e9nergie n\u00e9cessaire aux d\u00e9placements et aux b\u00e2timents.<\/p><h2>Qui sera touch\u00e9 par le r\u00e8glement sur l&rsquo;efficacit\u00e9 \u00e9nerg\u00e9tique ?<\/h2><p>L&rsquo;arr\u00eat\u00e9 royal stipule qu&rsquo;en ce qui concerne la r\u00e9gulation de la temp\u00e9rature, elle doit \u00eatre mise en \u0153uvre dans tous les b\u00e2timents utilis\u00e9s pour.. :<\/p><p>&#8211; Administration : y compris les bureaux, les halls d&rsquo;entr\u00e9e et les zones communes.<\/p><p>&#8211; Commercial : magasins, supermarch\u00e9s, grands magasins et centres commerciaux ou similaires.<\/p><p>&#8211; Culture : th\u00e9\u00e2tres, cin\u00e9mas, auditoriums, centres de congr\u00e8s et salles d&rsquo;exposition.<\/p><p>&#8211; Spectacles et divertissements publics.<\/p><p>&#8211; Restauration : bars, restaurants et caf\u00e9t\u00e9rias.<\/p><p>&#8211; Transport de personnel : gares et a\u00e9roports.<\/p><p>En ce qui concerne les restrictions de temp\u00e9rature, l&rsquo;arr\u00eat\u00e9 royal pr\u00e9voit les exceptions suivantes :<\/p><p>&#8211; H\u00f4pitaux, centres de sant\u00e9 et de soins<br \/>&#8211; \u00c9coles et centres de formation<br \/>&#8211; coiffeurs<br \/>&#8211; Blanchisseries en libre-service<br \/>&#8211; Gymnases<br \/>&#8211; Transports (mais pas les gares)<br \/>&#8211; chambre d&rsquo;h\u00f4tel priv\u00e9e (mais doit \u00eatre partag\u00e9e avec d&rsquo;autres chambres)<br \/>&#8211; les \u00e9tablissements n\u00e9cessitant des d\u00e9rogations en raison de conditions de travail ou de conditions sp\u00e9cifiques au secteur.<\/p><p>Par cons\u00e9quent, les installations ou institutions qui ne figurent pas dans cette liste doivent justifier qu&rsquo;elles n&rsquo;appliquent pas de restrictions de temp\u00e9rature. Cette justification doit \u00eatre fond\u00e9e sur la protection de la sant\u00e9 des travailleurs ou des utilisateurs.<\/p><p>En revanche, les restrictions d&rsquo;\u00e9clairage ne s&rsquo;appliqueront pas aux monuments qui ne sont pas des b\u00e2timents publics, surtout s&rsquo;il y a encore des visiteurs pendant cette p\u00e9riode.<\/p><h2>Quelle est la date limite pour la mise en \u0153uvre du programme d&rsquo;\u00e9conomie d&rsquo;\u00e9nergie ?<\/h2><p>Le r\u00e8glement fixe diff\u00e9rents d\u00e9lais pour les mesures que les entreprises doivent mettre en \u0153uvre.<\/p><p>&#8211; Temp\u00e9rature et \u00e9clairage : Ces mesures doivent \u00eatre mises en \u0153uvre le 2 ao\u00fbt, soit 7 jours apr\u00e8s la publication du BOE. Ainsi, \u00e0 partir du 9 ao\u00fbt 2022, toutes les entreprises devront se conformer \u00e0 la nouvelle r\u00e9glementation en mati\u00e8re de chauffage et d&rsquo;\u00e9clairage. Les r\u00e8gles seront en vigueur jusqu&rsquo;au 1er novembre 2023.<\/p><p>&#8211; Obligation d&rsquo;information : Les \u00e9tablissements doivent annoncer les nouvelles r\u00e8gles et fixer des limites de temp\u00e9rature au moyen de panneaux, d&rsquo;affichages et d&rsquo;autres \u00e9quipements. Ces \u00e9l\u00e9ments de visibilit\u00e9 doivent \u00eatre mis en \u0153uvre avant le 2 septembre 2022 et rester en place jusqu&rsquo;au 1er novembre 2023.<\/p><p>&#8211; Fermeture des portes : \u00e0 partir du 30 septembre 2022, tous les \u00e9tablissements ayant un acc\u00e8s direct \u00e0 l&rsquo;ext\u00e9rieur devront \u00eatre \u00e9quip\u00e9s d&rsquo;un syst\u00e8me de fermeture automatique des portes.<\/p><h2>Quelles sont les sanctions en cas de non-respect du programme d&rsquo;\u00e9conomie d&rsquo;\u00e9nergie ?<\/h2><p>Bien que le d\u00e9cret ne mentionne pas directement les sanctions, il indique que les dispositions du r\u00e8glement sur les \u00e9quipements de chauffage dans les b\u00e2timents (RITE) s&rsquo;appliqueront. La loi d\u00e9finit trois types d&rsquo;infractions p\u00e9nales :<\/p><p>&#8211; Mineure, avec une amende pouvant aller jusqu&rsquo;\u00e0 60 000 euros.<\/p><p>&#8211; Grave, avec une amende pouvant aller jusqu&rsquo;\u00e0 6 millions d&rsquo;euros.<\/p><p>&#8211; Tr\u00e8s grave, avec une amende pouvant aller jusqu&rsquo;\u00e0 100 million d&rsquo;euros.<\/p>\t\t\t\t\t\t\t\t<\/div>\n\t\t\t\t<\/div>\n\t\t\t\t\t<\/div>\r\n\t\t\t\t<\/div>\r\n\t\t\t\t\t<\/div>\r\n\t\t\t\t<\/section>\r\n\t\t\t\t<\/div>\n\t\t","protected":false},"excerpt":{"rendered":"<p>Le Conseil des ministres a approuv\u00e9 un ensemble de mesures d&rsquo;urgence visant \u00e0 r\u00e9duire la consommation de gaz, convenu par l&rsquo;UE, car la guerre en Ukraine pourrait entra\u00eener une diminution des approvisionnements en gaz russe. Par cons\u00e9quent, selon les exigences de l&rsquo;UE, les entreprises et les m\u00e9nages doivent r\u00e9duire leur consommation de gaz de 7 [&hellip;]<\/p>\n","protected":false},"author":2,"featured_media":8856,"comment_status":"closed","ping_status":"closed","sticky":false,"template":"","format":"standard","meta":{"_eb_attr":"","inline_featured_image":false,"footnotes":""},"categories":[45],"tags":[],"class_list":["post-8869","post","type-post","status-publish","format-standard","has-post-thumbnail","hentry","category-blog"],"featured_image_src":{"landsacpe":["https:\/\/www.asesoriaorihuelacosta.com\/wp-content\/uploads\/2022\/09\/Medidas-obligatorias-para-el-ahorro-energetico-1140x445.png",1140,445,true],"list":["https:\/\/www.asesoriaorihuelacosta.com\/wp-content\/uploads\/2022\/09\/Medidas-obligatorias-para-el-ahorro-energetico-463x348.png",463,348,true],"medium":["https:\/\/www.asesoriaorihuelacosta.com\/wp-content\/uploads\/2022\/09\/Medidas-obligatorias-para-el-ahorro-energetico-212x300.png",212,300,true],"full":["https:\/\/www.asesoriaorihuelacosta.com\/wp-content\/uploads\/2022\/09\/Medidas-obligatorias-para-el-ahorro-energetico.png",1587,2245,false]},"yoast_head":"<!-- This site is optimized with the Yoast SEO Premium plugin v24.7 (Yoast SEO v27.5) - https:\/\/yoast.com\/product\/yoast-seo-premium-wordpress\/ -->\n<title>Mesures obligatoires d&#039;\u00e9conomie d&#039;\u00e9nergie - Asesor\u00eda Orihuela Costa<\/title>\n<meta name=\"description\" content=\"Mesures obligatoires d&#039;\u00e9conomie d&#039;\u00e9nergie, la pand\u00e9mie du covid es venue nous montrez que le monde es fr\u00e1gil.\" \/>\n<meta name=\"robots\" content=\"index, follow, max-snippet:-1, max-image-preview:large, max-video-preview:-1\" \/>\n<link rel=\"canonical\" href=\"https:\/\/www.asesoriaorihuelacosta.com\/fr\/mesures-obligatoires-deconomie-denergie\/\" \/>\n<meta property=\"og:locale\" content=\"fr_FR\" \/>\n<meta property=\"og:type\" content=\"article\" \/>\n<meta property=\"og:title\" content=\"Mesures obligatoires d&#039;\u00e9conomie d&#039;\u00e9nergie\" \/>\n<meta property=\"og:description\" content=\"Mesures obligatoires d&#039;\u00e9conomie d&#039;\u00e9nergie, la pand\u00e9mie du covid es venue nous montrez que le monde es fr\u00e1gil.\" \/>\n<meta property=\"og:url\" content=\"https:\/\/www.asesoriaorihuelacosta.com\/fr\/mesures-obligatoires-deconomie-denergie\/\" \/>\n<meta property=\"og:site_name\" content=\"Asesor\u00eda Orihuela Costa\" \/>\n<meta property=\"article:publisher\" content=\"https:\/\/www.facebook.com\/asesoriaorihuelacosta\" \/>\n<meta property=\"article:author\" content=\"https:\/\/www.facebook.com\/patrick.gordinneperez\" \/>\n<meta property=\"article:published_time\" content=\"2022-09-24T17:30:22+00:00\" \/>\n<meta property=\"article:modified_time\" content=\"2024-07-14T02:15:31+00:00\" \/>\n<meta property=\"og:image\" content=\"https:\/\/www.asesoriaorihuelacosta.com\/wp-content\/uploads\/2022\/09\/Medidas-obligatorias-para-el-ahorro-energetico-724x1024.png\" \/>\n\t<meta property=\"og:image:width\" content=\"724\" \/>\n\t<meta property=\"og:image:height\" content=\"1024\" \/>\n\t<meta property=\"og:image:type\" content=\"image\/png\" \/>\n<meta name=\"author\" content=\"Patrick Gordinne Perez\" \/>\n<meta name=\"twitter:card\" content=\"summary_large_image\" \/>\n<meta name=\"twitter:label1\" content=\"\u00c9crit par\" \/>\n\t<meta name=\"twitter:data1\" content=\"Patrick Gordinne Perez\" \/>\n\t<meta name=\"twitter:label2\" content=\"Dur\u00e9e de lecture estim\u00e9e\" \/>\n\t<meta name=\"twitter:data2\" content=\"4 minutes\" \/>\n<script type=\"application\/ld+json\" class=\"yoast-schema-graph\">{\"@context\":\"https:\\\/\\\/schema.org\",\"@graph\":[{\"@type\":\"Article\",\"@id\":\"https:\\\/\\\/www.asesoriaorihuelacosta.com\\\/fr\\\/mesures-obligatoires-deconomie-denergie\\\/#article\",\"isPartOf\":{\"@id\":\"https:\\\/\\\/www.asesoriaorihuelacosta.com\\\/fr\\\/mesures-obligatoires-deconomie-denergie\\\/\"},\"author\":{\"name\":\"Patrick Gordinne Perez\",\"@id\":\"https:\\\/\\\/www.asesoriaorihuelacosta.com\\\/fr\\\/#\\\/schema\\\/person\\\/6614ce8cf6d2de542aaf351629fd539e\"},\"headline\":\"Mesures obligatoires d&rsquo;\u00e9conomie d&rsquo;\u00e9nergie\",\"datePublished\":\"2022-09-24T17:30:22+00:00\",\"dateModified\":\"2024-07-14T02:15:31+00:00\",\"mainEntityOfPage\":{\"@id\":\"https:\\\/\\\/www.asesoriaorihuelacosta.com\\\/fr\\\/mesures-obligatoires-deconomie-denergie\\\/\"},\"wordCount\":866,\"publisher\":{\"@id\":\"https:\\\/\\\/www.asesoriaorihuelacosta.com\\\/fr\\\/#organization\"},\"image\":{\"@id\":\"https:\\\/\\\/www.asesoriaorihuelacosta.com\\\/fr\\\/mesures-obligatoires-deconomie-denergie\\\/#primaryimage\"},\"thumbnailUrl\":\"https:\\\/\\\/www.asesoriaorihuelacosta.com\\\/wp-content\\\/uploads\\\/2022\\\/09\\\/Medidas-obligatorias-para-el-ahorro-energetico.png\",\"articleSection\":[\"Blog\"],\"inLanguage\":\"fr-FR\"},{\"@type\":\"WebPage\",\"@id\":\"https:\\\/\\\/www.asesoriaorihuelacosta.com\\\/fr\\\/mesures-obligatoires-deconomie-denergie\\\/\",\"url\":\"https:\\\/\\\/www.asesoriaorihuelacosta.com\\\/fr\\\/mesures-obligatoires-deconomie-denergie\\\/\",\"name\":\"Mesures obligatoires d'\u00e9conomie d'\u00e9nergie - Asesor\u00eda Orihuela Costa\",\"isPartOf\":{\"@id\":\"https:\\\/\\\/www.asesoriaorihuelacosta.com\\\/fr\\\/#website\"},\"primaryImageOfPage\":{\"@id\":\"https:\\\/\\\/www.asesoriaorihuelacosta.com\\\/fr\\\/mesures-obligatoires-deconomie-denergie\\\/#primaryimage\"},\"image\":{\"@id\":\"https:\\\/\\\/www.asesoriaorihuelacosta.com\\\/fr\\\/mesures-obligatoires-deconomie-denergie\\\/#primaryimage\"},\"thumbnailUrl\":\"https:\\\/\\\/www.asesoriaorihuelacosta.com\\\/wp-content\\\/uploads\\\/2022\\\/09\\\/Medidas-obligatorias-para-el-ahorro-energetico.png\",\"datePublished\":\"2022-09-24T17:30:22+00:00\",\"dateModified\":\"2024-07-14T02:15:31+00:00\",\"description\":\"Mesures obligatoires d'\u00e9conomie d'\u00e9nergie, la pand\u00e9mie du covid es venue nous montrez que le monde es fr\u00e1gil.\",\"breadcrumb\":{\"@id\":\"https:\\\/\\\/www.asesoriaorihuelacosta.com\\\/fr\\\/mesures-obligatoires-deconomie-denergie\\\/#breadcrumb\"},\"inLanguage\":\"fr-FR\",\"potentialAction\":[{\"@type\":\"ReadAction\",\"target\":[\"https:\\\/\\\/www.asesoriaorihuelacosta.com\\\/fr\\\/mesures-obligatoires-deconomie-denergie\\\/\"]}]},{\"@type\":\"ImageObject\",\"inLanguage\":\"fr-FR\",\"@id\":\"https:\\\/\\\/www.asesoriaorihuelacosta.com\\\/fr\\\/mesures-obligatoires-deconomie-denergie\\\/#primaryimage\",\"url\":\"https:\\\/\\\/www.asesoriaorihuelacosta.com\\\/wp-content\\\/uploads\\\/2022\\\/09\\\/Medidas-obligatorias-para-el-ahorro-energetico.png\",\"contentUrl\":\"https:\\\/\\\/www.asesoriaorihuelacosta.com\\\/wp-content\\\/uploads\\\/2022\\\/09\\\/Medidas-obligatorias-para-el-ahorro-energetico.png\",\"width\":1587,\"height\":2245,\"caption\":\"Medidas obligatorias para el ahorro energ\u00e9tico\"},{\"@type\":\"BreadcrumbList\",\"@id\":\"https:\\\/\\\/www.asesoriaorihuelacosta.com\\\/fr\\\/mesures-obligatoires-deconomie-denergie\\\/#breadcrumb\",\"itemListElement\":[{\"@type\":\"ListItem\",\"position\":1,\"name\":\"Home\",\"item\":\"https:\\\/\\\/www.asesoriaorihuelacosta.com\\\/fr\\\/\"},{\"@type\":\"ListItem\",\"position\":2,\"name\":\"Mesures obligatoires d&#8217;\u00e9conomie d&#8217;\u00e9nergie\"}]},{\"@type\":\"WebSite\",\"@id\":\"https:\\\/\\\/www.asesoriaorihuelacosta.com\\\/fr\\\/#website\",\"url\":\"https:\\\/\\\/www.asesoriaorihuelacosta.com\\\/fr\\\/\",\"name\":\"https:\\\/\\\/www.asesoriaorihuelacosta.com\\\/\",\"description\":\"Grupo de asesores profesionales\",\"publisher\":{\"@id\":\"https:\\\/\\\/www.asesoriaorihuelacosta.com\\\/fr\\\/#organization\"},\"potentialAction\":[{\"@type\":\"SearchAction\",\"target\":{\"@type\":\"EntryPoint\",\"urlTemplate\":\"https:\\\/\\\/www.asesoriaorihuelacosta.com\\\/fr\\\/?s={search_term_string}\"},\"query-input\":{\"@type\":\"PropertyValueSpecification\",\"valueRequired\":true,\"valueName\":\"search_term_string\"}}],\"inLanguage\":\"fr-FR\"},{\"@type\":\"Organization\",\"@id\":\"https:\\\/\\\/www.asesoriaorihuelacosta.com\\\/fr\\\/#organization\",\"name\":\"Asesor\u00eda Orihuela Costa\",\"url\":\"https:\\\/\\\/www.asesoriaorihuelacosta.com\\\/fr\\\/\",\"logo\":{\"@type\":\"ImageObject\",\"inLanguage\":\"fr-FR\",\"@id\":\"https:\\\/\\\/www.asesoriaorihuelacosta.com\\\/fr\\\/#\\\/schema\\\/logo\\\/image\\\/\",\"url\":\"https:\\\/\\\/www.asesoriaorihuelacosta.com\\\/wp-content\\\/uploads\\\/2022\\\/06\\\/Logo-espa\u5bf8l-asesoriaorihuela.jpg\",\"contentUrl\":\"https:\\\/\\\/www.asesoriaorihuelacosta.com\\\/wp-content\\\/uploads\\\/2022\\\/06\\\/Logo-espa\u5bf8l-asesoriaorihuela.jpg\",\"width\":588,\"height\":136,\"caption\":\"Asesor\u00eda Orihuela Costa\"},\"image\":{\"@id\":\"https:\\\/\\\/www.asesoriaorihuelacosta.com\\\/fr\\\/#\\\/schema\\\/logo\\\/image\\\/\"},\"sameAs\":[\"https:\\\/\\\/www.facebook.com\\\/asesoriaorihuelacosta\"]},{\"@type\":\"Person\",\"@id\":\"https:\\\/\\\/www.asesoriaorihuelacosta.com\\\/fr\\\/#\\\/schema\\\/person\\\/6614ce8cf6d2de542aaf351629fd539e\",\"name\":\"Patrick Gordinne Perez\",\"description\":\"Soy economista colegiado por el colegio de economistas de Alicante con el n\u00famero 2722. Llevo ejerciendo desde el a\u00f1o 2005. Soy especialista en fiscalidad de empresas y aut\u00f3nomos y tambi\u00e9n especialista en gestionar compraventas. Hablo espa\u00f1ol, ingl\u00e9s y franc\u00e9s.\",\"sameAs\":[\"https:\\\/\\\/www.asesoriaorihuelacosta.com\",\"https:\\\/\\\/www.facebook.com\\\/patrick.gordinneperez\",\"https:\\\/\\\/www.linkedin.com\\\/in\\\/patrick-gordinne-perez-1b73aab3\\\/\",\"https:\\\/\\\/www.youtube.com\\\/channel\\\/UC5e95RJEVQlxCnhwDmGNVCw\"],\"gender\":\"Hombre\",\"knowsLanguage\":[\"ingl\u00e9s\",\"franc\u00e9s\",\"espa\u00f1ol\"],\"jobTitle\":\"Gerente\",\"worksFor\":\"Asesoria Orihuela Costa SL\"}]}<\/script>\n<!-- \/ Yoast SEO Premium plugin. -->","yoast_head_json":{"title":"Mesures obligatoires d'\u00e9conomie d'\u00e9nergie - Asesor\u00eda Orihuela Costa","description":"Mesures obligatoires d'\u00e9conomie d'\u00e9nergie, la pand\u00e9mie du covid es venue nous montrez que le monde es fr\u00e1gil.","robots":{"index":"index","follow":"follow","max-snippet":"max-snippet:-1","max-image-preview":"max-image-preview:large","max-video-preview":"max-video-preview:-1"},"canonical":"https:\/\/www.asesoriaorihuelacosta.com\/fr\/mesures-obligatoires-deconomie-denergie\/","og_locale":"fr_FR","og_type":"article","og_title":"Mesures obligatoires d'\u00e9conomie d'\u00e9nergie","og_description":"Mesures obligatoires d'\u00e9conomie d'\u00e9nergie, la pand\u00e9mie du covid es venue nous montrez que le monde es fr\u00e1gil.","og_url":"https:\/\/www.asesoriaorihuelacosta.com\/fr\/mesures-obligatoires-deconomie-denergie\/","og_site_name":"Asesor\u00eda Orihuela Costa","article_publisher":"https:\/\/www.facebook.com\/asesoriaorihuelacosta","article_author":"https:\/\/www.facebook.com\/patrick.gordinneperez","article_published_time":"2022-09-24T17:30:22+00:00","article_modified_time":"2024-07-14T02:15:31+00:00","og_image":[{"width":724,"height":1024,"url":"https:\/\/www.asesoriaorihuelacosta.com\/wp-content\/uploads\/2022\/09\/Medidas-obligatorias-para-el-ahorro-energetico-724x1024.png","type":"image\/png"}],"author":"Patrick Gordinne Perez","twitter_card":"summary_large_image","twitter_misc":{"\u00c9crit par":"Patrick Gordinne Perez","Dur\u00e9e de lecture estim\u00e9e":"4 minutes"},"schema":{"@context":"https:\/\/schema.org","@graph":[{"@type":"Article","@id":"https:\/\/www.asesoriaorihuelacosta.com\/fr\/mesures-obligatoires-deconomie-denergie\/#article","isPartOf":{"@id":"https:\/\/www.asesoriaorihuelacosta.com\/fr\/mesures-obligatoires-deconomie-denergie\/"},"author":{"name":"Patrick Gordinne Perez","@id":"https:\/\/www.asesoriaorihuelacosta.com\/fr\/#\/schema\/person\/6614ce8cf6d2de542aaf351629fd539e"},"headline":"Mesures obligatoires d&rsquo;\u00e9conomie d&rsquo;\u00e9nergie","datePublished":"2022-09-24T17:30:22+00:00","dateModified":"2024-07-14T02:15:31+00:00","mainEntityOfPage":{"@id":"https:\/\/www.asesoriaorihuelacosta.com\/fr\/mesures-obligatoires-deconomie-denergie\/"},"wordCount":866,"publisher":{"@id":"https:\/\/www.asesoriaorihuelacosta.com\/fr\/#organization"},"image":{"@id":"https:\/\/www.asesoriaorihuelacosta.com\/fr\/mesures-obligatoires-deconomie-denergie\/#primaryimage"},"thumbnailUrl":"https:\/\/www.asesoriaorihuelacosta.com\/wp-content\/uploads\/2022\/09\/Medidas-obligatorias-para-el-ahorro-energetico.png","articleSection":["Blog"],"inLanguage":"fr-FR"},{"@type":"WebPage","@id":"https:\/\/www.asesoriaorihuelacosta.com\/fr\/mesures-obligatoires-deconomie-denergie\/","url":"https:\/\/www.asesoriaorihuelacosta.com\/fr\/mesures-obligatoires-deconomie-denergie\/","name":"Mesures obligatoires d'\u00e9conomie d'\u00e9nergie - Asesor\u00eda Orihuela Costa","isPartOf":{"@id":"https:\/\/www.asesoriaorihuelacosta.com\/fr\/#website"},"primaryImageOfPage":{"@id":"https:\/\/www.asesoriaorihuelacosta.com\/fr\/mesures-obligatoires-deconomie-denergie\/#primaryimage"},"image":{"@id":"https:\/\/www.asesoriaorihuelacosta.com\/fr\/mesures-obligatoires-deconomie-denergie\/#primaryimage"},"thumbnailUrl":"https:\/\/www.asesoriaorihuelacosta.com\/wp-content\/uploads\/2022\/09\/Medidas-obligatorias-para-el-ahorro-energetico.png","datePublished":"2022-09-24T17:30:22+00:00","dateModified":"2024-07-14T02:15:31+00:00","description":"Mesures obligatoires d'\u00e9conomie d'\u00e9nergie, la pand\u00e9mie du covid es venue nous montrez que le monde es fr\u00e1gil.","breadcrumb":{"@id":"https:\/\/www.asesoriaorihuelacosta.com\/fr\/mesures-obligatoires-deconomie-denergie\/#breadcrumb"},"inLanguage":"fr-FR","potentialAction":[{"@type":"ReadAction","target":["https:\/\/www.asesoriaorihuelacosta.com\/fr\/mesures-obligatoires-deconomie-denergie\/"]}]},{"@type":"ImageObject","inLanguage":"fr-FR","@id":"https:\/\/www.asesoriaorihuelacosta.com\/fr\/mesures-obligatoires-deconomie-denergie\/#primaryimage","url":"https:\/\/www.asesoriaorihuelacosta.com\/wp-content\/uploads\/2022\/09\/Medidas-obligatorias-para-el-ahorro-energetico.png","contentUrl":"https:\/\/www.asesoriaorihuelacosta.com\/wp-content\/uploads\/2022\/09\/Medidas-obligatorias-para-el-ahorro-energetico.png","width":1587,"height":2245,"caption":"Medidas obligatorias para el ahorro energ\u00e9tico"},{"@type":"BreadcrumbList","@id":"https:\/\/www.asesoriaorihuelacosta.com\/fr\/mesures-obligatoires-deconomie-denergie\/#breadcrumb","itemListElement":[{"@type":"ListItem","position":1,"name":"Home","item":"https:\/\/www.asesoriaorihuelacosta.com\/fr\/"},{"@type":"ListItem","position":2,"name":"Mesures obligatoires d&#8217;\u00e9conomie d&#8217;\u00e9nergie"}]},{"@type":"WebSite","@id":"https:\/\/www.asesoriaorihuelacosta.com\/fr\/#website","url":"https:\/\/www.asesoriaorihuelacosta.com\/fr\/","name":"https:\/\/www.asesoriaorihuelacosta.com\/","description":"Grupo de asesores profesionales","publisher":{"@id":"https:\/\/www.asesoriaorihuelacosta.com\/fr\/#organization"},"potentialAction":[{"@type":"SearchAction","target":{"@type":"EntryPoint","urlTemplate":"https:\/\/www.asesoriaorihuelacosta.com\/fr\/?s={search_term_string}"},"query-input":{"@type":"PropertyValueSpecification","valueRequired":true,"valueName":"search_term_string"}}],"inLanguage":"fr-FR"},{"@type":"Organization","@id":"https:\/\/www.asesoriaorihuelacosta.com\/fr\/#organization","name":"Asesor\u00eda Orihuela Costa","url":"https:\/\/www.asesoriaorihuelacosta.com\/fr\/","logo":{"@type":"ImageObject","inLanguage":"fr-FR","@id":"https:\/\/www.asesoriaorihuelacosta.com\/fr\/#\/schema\/logo\/image\/","url":"https:\/\/www.asesoriaorihuelacosta.com\/wp-content\/uploads\/2022\/06\/Logo-espa\u5bf8l-asesoriaorihuela.jpg","contentUrl":"https:\/\/www.asesoriaorihuelacosta.com\/wp-content\/uploads\/2022\/06\/Logo-espa\u5bf8l-asesoriaorihuela.jpg","width":588,"height":136,"caption":"Asesor\u00eda Orihuela Costa"},"image":{"@id":"https:\/\/www.asesoriaorihuelacosta.com\/fr\/#\/schema\/logo\/image\/"},"sameAs":["https:\/\/www.facebook.com\/asesoriaorihuelacosta"]},{"@type":"Person","@id":"https:\/\/www.asesoriaorihuelacosta.com\/fr\/#\/schema\/person\/6614ce8cf6d2de542aaf351629fd539e","name":"Patrick Gordinne Perez","description":"Soy economista colegiado por el colegio de economistas de Alicante con el n\u00famero 2722. Llevo ejerciendo desde el a\u00f1o 2005. Soy especialista en fiscalidad de empresas y aut\u00f3nomos y tambi\u00e9n especialista en gestionar compraventas. Hablo espa\u00f1ol, ingl\u00e9s y franc\u00e9s.","sameAs":["https:\/\/www.asesoriaorihuelacosta.com","https:\/\/www.facebook.com\/patrick.gordinneperez","https:\/\/www.linkedin.com\/in\/patrick-gordinne-perez-1b73aab3\/","https:\/\/www.youtube.com\/channel\/UC5e95RJEVQlxCnhwDmGNVCw"],"gender":"Hombre","knowsLanguage":["ingl\u00e9s","franc\u00e9s","espa\u00f1ol"],"jobTitle":"Gerente","worksFor":"Asesoria Orihuela Costa SL"}]}},"_links":{"self":[{"href":"https:\/\/www.asesoriaorihuelacosta.com\/fr\/wp-json\/wp\/v2\/posts\/8869","targetHints":{"allow":["GET"]}}],"collection":[{"href":"https:\/\/www.asesoriaorihuelacosta.com\/fr\/wp-json\/wp\/v2\/posts"}],"about":[{"href":"https:\/\/www.asesoriaorihuelacosta.com\/fr\/wp-json\/wp\/v2\/types\/post"}],"author":[{"embeddable":true,"href":"https:\/\/www.asesoriaorihuelacosta.com\/fr\/wp-json\/wp\/v2\/users\/2"}],"replies":[{"embeddable":true,"href":"https:\/\/www.asesoriaorihuelacosta.com\/fr\/wp-json\/wp\/v2\/comments?post=8869"}],"version-history":[{"count":4,"href":"https:\/\/www.asesoriaorihuelacosta.com\/fr\/wp-json\/wp\/v2\/posts\/8869\/revisions"}],"predecessor-version":[{"id":8873,"href":"https:\/\/www.asesoriaorihuelacosta.com\/fr\/wp-json\/wp\/v2\/posts\/8869\/revisions\/8873"}],"wp:featuredmedia":[{"embeddable":true,"href":"https:\/\/www.asesoriaorihuelacosta.com\/fr\/wp-json\/wp\/v2\/media\/8856"}],"wp:attachment":[{"href":"https:\/\/www.asesoriaorihuelacosta.com\/fr\/wp-json\/wp\/v2\/media?parent=8869"}],"wp:term":[{"taxonomy":"category","embeddable":true,"href":"https:\/\/www.asesoriaorihuelacosta.com\/fr\/wp-json\/wp\/v2\/categories?post=8869"},{"taxonomy":"post_tag","embeddable":true,"href":"https:\/\/www.asesoriaorihuelacosta.com\/fr\/wp-json\/wp\/v2\/tags?post=8869"}],"curies":[{"name":"wp","href":"https:\/\/api.w.org\/{rel}","templated":true}]}}