{"id":8488,"date":"2022-07-18T06:43:00","date_gmt":"2022-07-18T06:43:00","guid":{"rendered":"https:\/\/www.asesoriaorihuelacosta.com\/?p=8488"},"modified":"2024-12-11T17:42:40","modified_gmt":"2024-12-11T17:42:40","slug":"procedures-de-securite-sociale-pour-la-creation-dune-entreprise","status":"publish","type":"post","link":"https:\/\/www.asesoriaorihuelacosta.com\/fr\/procedures-de-securite-sociale-pour-la-creation-dune-entreprise\/","title":{"rendered":"Proc\u00e9dures de s\u00e9curit\u00e9 sociale pour la cr\u00e9ation d&rsquo;une entreprise"},"content":{"rendered":"\t\t<div data-elementor-type=\"wp-post\" data-elementor-id=\"8488\" class=\"elementor elementor-8488\" data-elementor-post-type=\"post\">\n\t\t\t\t\t\t<section data-particle_enable=\"false\" data-particle-mobile-disabled=\"false\" class=\"elementor-section elementor-top-section elementor-element elementor-element-d5bc8c6 elementor-section-boxed elementor-section-height-default elementor-section-height-default\" data-id=\"d5bc8c6\" data-element_type=\"section\" data-e-type=\"section\">\r\n\t\t\r\n\t\t\t\t\t\t\t<div class=\"elementor-container elementor-column-gap-default\">\r\n\t\t\t\t\t\t\t\t\t\t\t<div class=\"elementor-column elementor-col-100 elementor-top-column elementor-element elementor-element-50f0c53\" data-id=\"50f0c53\" data-element_type=\"column\" data-e-type=\"column\">\r\n\t\t\t\t\t<div class=\"elementor-widget-wrap elementor-element-populated\">\r\n\t\t\t\t\t\t\t\t<div class=\"elementor-element elementor-element-1e8395d elementor-widget elementor-widget-text-editor\" data-id=\"1e8395d\" data-element_type=\"widget\" data-e-type=\"widget\" data-widget_type=\"text-editor.default\">\n\t\t\t\t<div class=\"elementor-widget-container\">\n\t\t\t\t\t\t\t\t\t<p>Les<strong> proc\u00e9dures de s\u00e9curit\u00e9 sociale pour la cr\u00e9ation d&rsquo;une entreprise<\/strong> impliquent l&rsquo;obligation d&rsquo;enregistrer une soci\u00e9t\u00e9. En Espagne, il existe une s\u00e9rie de conditions essentielles pour mener \u00e0 bien ce processus, dans le but d&rsquo;attribuer \u00e0 l&rsquo;entrepreneur un num\u00e9ro dans la Tr\u00e9sorerie G\u00e9n\u00e9rale de la S\u00e9curit\u00e9 Sociale, et d&rsquo;identifier l&rsquo;activit\u00e9 de l&rsquo;entreprise dans un r\u00e9gime sp\u00e9cifique du syst\u00e8me de S\u00e9curit\u00e9 Sociale.<\/p><p>Chez Asesor\u00eda Orihuela Costa nous sommes des <a href=\"https:\/\/www.asesoriaorihuelacosta.com\/fr\/conseil-aux-entrepreneurs\/\" target=\"_blank\" rel=\"noopener\">sp\u00e9cialistes du conseil en mati\u00e8re de cr\u00e9ation de soci\u00e9t\u00e9s en Espagne<\/a>, si vous avez besoin d&rsquo;aide pour mener \u00e0 bien cette proc\u00e9dure, contactez notre \u00e9quipe juridique et comptez sur le soutien d&rsquo;experts dans ce type de d\u00e9marches administratives.<\/p>\t\t\t\t\t\t\t\t<\/div>\n\t\t\t\t<\/div>\n\t\t\t\t<div class=\"elementor-element elementor-element-1288b9c elementor-widget elementor-widget-heading\" data-id=\"1288b9c\" data-element_type=\"widget\" data-e-type=\"widget\" data-widget_type=\"heading.default\">\n\t\t\t\t<div class=\"elementor-widget-container\">\n\t\t\t\t\t<h2 class=\"elementor-heading-title elementor-size-default\">Documentation essentielle pour l'enregistrement d'une entreprise aupr\u00e8s du syst\u00e8me de s\u00e9curit\u00e9 sociale<\/h2>\t\t\t\t<\/div>\n\t\t\t\t<\/div>\n\t\t\t\t<div class=\"elementor-element elementor-element-1db9159 elementor-widget elementor-widget-text-editor\" data-id=\"1db9159\" data-element_type=\"widget\" data-e-type=\"widget\" data-widget_type=\"text-editor.default\">\n\t\t\t\t<div class=\"elementor-widget-container\">\n\t\t\t\t\t\t\t\t\t<p>Avant de commencer \u00e0 analyser le processus d&rsquo;enregistrement, nous d\u00e9terminerons les documents n\u00e9cessaires pour mener \u00e0 bien cette d\u00e9marche.<\/p><ul><li>Demande d&rsquo;inscription au syst\u00e8me de s\u00e9curit\u00e9 sociale. Ce document est li\u00e9 \u00e0 la demande TA6 analys\u00e9e ci-dessous.<\/li><li>Document national d&rsquo;identit\u00e9 (DNI) du repr\u00e9sentant l\u00e9gal.<\/li><li>Acte de constitution d\u00fbment enregistr\u00e9 au registre du commerce.<\/li><li>Num\u00e9ro d&rsquo;identification fiscale (NIF) de l&rsquo;entreprise.<\/li><li>D\u00e9claration d&rsquo;inscription au recensement des chefs d&rsquo;entreprise, des professions lib\u00e9rales et des d\u00e9tenteurs de parts sociales (formulaire 036).<\/li><li>D\u00e9claration d&rsquo;inscription \u00e0 la taxe sur les activit\u00e9s \u00e9conomiques (formulaire 840).<\/li><li>Document accr\u00e9ditant les pouvoirs du signataire, si cela n&rsquo;est pas pr\u00e9cis\u00e9 dans l&rsquo;acte.<\/li><li>Autorisation, si la demande n&rsquo;est pas pr\u00e9sent\u00e9e par le repr\u00e9sentant de l&rsquo;entreprise.<\/li><li>Document d&rsquo;identit\u00e9 national (DNI) de la personne autoris\u00e9e, le cas \u00e9ch\u00e9ant.<\/li><li>D\u00e9claration relative \u00e0 la protection contre les accidents du travail et \u00e0 la prise en charge de la prestation \u00e9conomique pour incapacit\u00e9 temporaire par la s\u00e9curit\u00e9 sociale ou par une mutuelle d&#8217;employeur.<\/li><\/ul><p>Ces documents seront <span style=\"text-decoration: underline;\">essentiels pour la plupart, bien que dans certains cas, ils ne soient demand\u00e9s que dans certaines situations,<\/span> par exemple les documents relatifs aux personnes autoris\u00e9es.<\/p>\t\t\t\t\t\t\t\t<\/div>\n\t\t\t\t<\/div>\n\t\t\t\t<div class=\"elementor-element elementor-element-68df1d9 elementor-widget elementor-widget-heading\" data-id=\"68df1d9\" data-element_type=\"widget\" data-e-type=\"widget\" data-widget_type=\"heading.default\">\n\t\t\t\t<div class=\"elementor-widget-container\">\n\t\t\t\t\t<h2 class=\"elementor-heading-title elementor-size-default\">D\u00e9marches \u00e0 effectuer avant les proc\u00e9dures de s\u00e9curit\u00e9 sociale<\/h2>\t\t\t\t<\/div>\n\t\t\t\t<\/div>\n\t\t\t\t<div class=\"elementor-element elementor-element-0a50af5 elementor-widget elementor-widget-text-editor\" data-id=\"0a50af5\" data-element_type=\"widget\" data-e-type=\"widget\" data-widget_type=\"text-editor.default\">\n\t\t\t\t<div class=\"elementor-widget-container\">\n\t\t\t\t\t\t\t\t\t<p>Avant de se rendre \u00e0 la S\u00e9curit\u00e9 sociale, il est n\u00e9cessaire d&rsquo;accomplir une s\u00e9rie de formalit\u00e9s pr\u00e9alables, qui sont r\u00e9sum\u00e9es ci-dessous.<\/p><h3>Choix de la forme juridique de l&rsquo;entreprise<\/h3><p>La forme juridique d&rsquo;une entreprise fait r\u00e9f\u00e9rence \u00e0 la forme juridique que l&rsquo;entreprise elle-m\u00eame choisit pour exercer son activit\u00e9 et affecte ses obligations fiscales et comptables.<\/p><p>Les formes juridiques suivantes existent pour les soci\u00e9t\u00e9s en Espagne :<\/p><ul><li>Ind\u00e9pendant<\/li><li>Soci\u00e9t\u00e9 Anonyme (S.L)<\/li><li>Soci\u00e9t\u00e9 Anonyme (S.A.)<\/li><li>Coop\u00e9rative<\/li><li>Sociedad Civil (S.C.)<\/li><li>Communaut\u00e9 de biens<\/li><\/ul><p>Les formes les plus courantes sont les trois premi\u00e8res, Aut\u00f3nomos, Sociedad Limitada et Sociedad An\u00f3nima, bien qu&rsquo;il existe d&rsquo;autres formes juridiques pour les soci\u00e9t\u00e9s de nature particuli\u00e8re.<\/p><h3>Enregistrement RETA<\/h3><p>Le RETA d\u00e9signe le r\u00e9gime sp\u00e9cial des travailleurs ind\u00e9pendants. Tant l&rsquo;entrepreneur individuel que les administrateurs de la soci\u00e9t\u00e9 doivent s&rsquo;inscrire aupr\u00e8s de la RETA pour faire partie de ce registre.<\/p><h3>Acte de constitution<\/h3><p>Pour la cr\u00e9ation d&rsquo;une soci\u00e9t\u00e9, il faut un acte public confirm\u00e9 devant un notaire, qui \u00e9tablit que la soci\u00e9t\u00e9 a \u00e9t\u00e9 effectivement constitu\u00e9e et qu&rsquo;elle pr\u00e9sente un certain nombre de caract\u00e9ristiques qui sont \u00e9galement reprises dans ce document.<\/p><p><span style=\"text-decoration: underline;\">L&rsquo;acte notari\u00e9 est donc l&rsquo;acte constitutif de la soci\u00e9t\u00e9 elle-m\u00eame.<\/span><\/p><h3>Inscription au registre du commerce<\/h3><p>La soci\u00e9t\u00e9 doit \u00e9galement \u00eatre inscrite au registre du commerce, ou \u00e0 un registre public \u00e9quivalent.<\/p><h3>NIF<\/h3><p>Chaque entreprise doit avoir un NIF ou un num\u00e9ro d&rsquo;identification fiscale. L&rsquo;Agence des imp\u00f4ts permet actuellement de demander cette proc\u00e9dure en ligne.<\/p><h3>Inscription au recensement des entrepreneurs<\/h3><p>Le formulaire 036 de l&rsquo;Agence des imp\u00f4ts permet au(x) repr\u00e9sentant(s) de l&rsquo;entreprise de s&rsquo;inscrire au Recensement des entrepreneurs, des titulaires et des professionnels.<\/p><h3>Inscription \u00e0 l&rsquo;imp\u00f4t sur les activit\u00e9s \u00e9conomiques (Impuesto de Actividades Econ\u00f3micas)<\/h3><p>Au moyen du formulaire 840, il est indispensable de demander l&rsquo;enregistrement aupr\u00e8s de la taxe sur les activit\u00e9s \u00e9conomiques.<\/p><p>Une fois les formulaires 036 et 840 d\u00e9pos\u00e9s, nous pouvons proc\u00e9der aux derni\u00e8res formalit\u00e9s, cette fois aupr\u00e8s de la S\u00e9curit\u00e9 sociale.<\/p>\t\t\t\t\t\t\t\t<\/div>\n\t\t\t\t<\/div>\n\t\t\t\t<div class=\"elementor-element elementor-element-ab370ad elementor-widget elementor-widget-text-editor\" data-id=\"ab370ad\" data-element_type=\"widget\" data-e-type=\"widget\" data-widget_type=\"text-editor.default\">\n\t\t\t\t<div class=\"elementor-widget-container\">\n\t\t\t\t\t\t\t\t\t<h2>Processus administratif pour la cr\u00e9ation d&rsquo;une soci\u00e9t\u00e9 dans la SS<\/h2><p>D&rsquo;une mani\u00e8re g\u00e9n\u00e9rale, nous pouvons diviser les proc\u00e9dures de s\u00e9curit\u00e9 sociale pour la cr\u00e9ation d&rsquo;une entreprise en plusieurs \u00e9tapes.<\/p><h3>Application pour le mod\u00e8le TA.6<\/h3><p>Le formulaire TA.6 est la principale proc\u00e9dure d&rsquo;enregistrement d&rsquo;une entreprise aupr\u00e8s de la S\u00e9curit\u00e9 sociale.<\/p><p>Par le biais de cette proc\u00e9dure, nous nous inscrivons aupr\u00e8s de la S\u00e9curit\u00e9 sociale en tant que travailleurs ind\u00e9pendants et, par cons\u00e9quent, l&#8217;employeur ouvre un compte de cotisations. Que comprend le formulaire TA.6 ? Les donn\u00e9es relatives \u00e0 l&rsquo;entreprise, \u00e0 son activit\u00e9 et au r\u00e9gime de S\u00e9curit\u00e9 sociale dont rel\u00e8ve son activit\u00e9.<\/p><p>Le formulaire TA.6 est pr\u00e9sent\u00e9 \u00e0 la Tr\u00e9sorerie de la s\u00e9curit\u00e9 sociale, soit en personne, soit par voie t\u00e9l\u00e9matique via le bureau \u00e9lectronique.<\/p><h3>Couverture de l&rsquo;incapacit\u00e9 temporaire<\/h3><p>La s\u00e9curit\u00e9 sociale rend \u00e9galement obligatoire le choix de la couverture en cas d&rsquo;incapacit\u00e9 temporaire des travailleurs. Il est possible de choisir entre l&rsquo;Institut national de s\u00e9curit\u00e9 sociale (INSS) et la Mutuelle patronale des accidents du travail (Mutua Patronal de Accidentes de Trabajo).<\/p><h3>Code de cotation<\/h3><p>Il sera \u00e9galement n\u00e9cessaire d&rsquo;obtenir un code de compte de cotisation pour g\u00e9rer l&rsquo;enregistrement des travailleurs.<\/p><p>Ce code num\u00e9rique est accord\u00e9 par la S\u00e9curit\u00e9 sociale, par l&rsquo;interm\u00e9diaire de la Tr\u00e9sorerie g\u00e9n\u00e9rale. Le code de cotisation est attribu\u00e9 \u00e0 chaque employeur et s&rsquo;effectue par le biais du mod\u00e8le TA.6.<\/p><h3>Demande de rendez-vous<\/h3><p>Les proc\u00e9dures comprennent \u00e9galement la demande d&rsquo;un rendez-vous \u00e0 la Tr\u00e9sorerie de la s\u00e9curit\u00e9 sociale pour la remise de la documentation. Une fois que l&rsquo;administration a fix\u00e9 une date, l&#8217;employeur doit se rendre en personne pour accomplir la proc\u00e9dure.<\/p>\t\t\t\t\t\t\t\t<\/div>\n\t\t\t\t<\/div>\n\t\t\t\t<div class=\"elementor-element elementor-element-011b630 elementor-widget elementor-widget-text-editor\" data-id=\"011b630\" data-element_type=\"widget\" data-e-type=\"widget\" data-widget_type=\"text-editor.default\">\n\t\t\t\t<div class=\"elementor-widget-container\">\n\t\t\t\t\t\t\t\t\t<h2>Conseils sur l&rsquo;enregistrement d&rsquo;une entreprise aupr\u00e8s de la s\u00e9curit\u00e9 sociale<\/h2><p>L&rsquo;inscription d&rsquo;une soci\u00e9t\u00e9 dans les registres pertinents est un processus complexe. Dans la plupart des cas, il est n\u00e9cessaire de contacter diff\u00e9rentes administrations, par le biais de processus qui peuvent \u00eatre longs si vous ne disposez pas des bons conseils.<\/p><p>Chez <a href=\"https:\/\/www.asesoriaorihuelacosta.com\/fr\/\" target=\"_blank\" rel=\"noopener\">Asesor\u00eda Orihuela Costa<\/a>, nous vous aidons \u00e0 remplir toutes les formalit\u00e9s administratives que vous devez effectuer aupr\u00e8s de la S\u00e9curit\u00e9 sociale, et des autres administrations impliqu\u00e9es dans la cr\u00e9ation d&rsquo;une entreprise.<\/p>\t\t\t\t\t\t\t\t<\/div>\n\t\t\t\t<\/div>\n\t\t\t\t\t<\/div>\r\n\t\t\t\t<\/div>\r\n\t\t\t\t\t<\/div>\r\n\t\t\t\t<\/section>\r\n\t\t\t\t<\/div>\n\t\t","protected":false},"excerpt":{"rendered":"<p>Les proc\u00e9dures de s\u00e9curit\u00e9 sociale pour la cr\u00e9ation d&rsquo;une entreprise impliquent l&rsquo;obligation d&rsquo;enregistrer une soci\u00e9t\u00e9. En Espagne, il existe une s\u00e9rie de conditions essentielles pour mener \u00e0 bien ce processus, dans le but d&rsquo;attribuer \u00e0 l&rsquo;entrepreneur un num\u00e9ro dans la Tr\u00e9sorerie G\u00e9n\u00e9rale de la S\u00e9curit\u00e9 Sociale, et d&rsquo;identifier l&rsquo;activit\u00e9 de l&rsquo;entreprise dans un r\u00e9gime sp\u00e9cifique [&hellip;]<\/p>\n","protected":false},"author":2,"featured_media":8397,"comment_status":"closed","ping_status":"closed","sticky":false,"template":"","format":"standard","meta":{"_eb_attr":"","inline_featured_image":false,"footnotes":""},"categories":[46],"tags":[],"class_list":["post-8488","post","type-post","status-publish","format-standard","has-post-thumbnail","hentry","category-blog"],"featured_image_src":{"landsacpe":["https:\/\/www.asesoriaorihuelacosta.com\/wp-content\/uploads\/2022\/07\/seguridad-social-INSS-TGSS.jpg",550,368,false],"list":["https:\/\/www.asesoriaorihuelacosta.com\/wp-content\/uploads\/2022\/07\/seguridad-social-INSS-TGSS-463x348.jpg",463,348,true],"medium":["https:\/\/www.asesoriaorihuelacosta.com\/wp-content\/uploads\/2022\/07\/seguridad-social-INSS-TGSS-300x201.jpg",300,201,true],"full":["https:\/\/www.asesoriaorihuelacosta.com\/wp-content\/uploads\/2022\/07\/seguridad-social-INSS-TGSS.jpg",550,368,false]},"yoast_head":"<!-- This site is optimized with the Yoast SEO Premium plugin v24.7 (Yoast SEO v27.4) - https:\/\/yoast.com\/product\/yoast-seo-premium-wordpress\/ -->\n<title>Proc\u00e9dures de s\u00e9curit\u00e9 sociale pour cr\u00e9ation d&#039;entreprise | Phases<\/title>\n<meta name=\"description\" content=\"Proc\u00e9dures \u00e0 suivre pour cr\u00e9er une entreprise aupr\u00e8s de la S\u00e9curit\u00e9 sociale? En savoir plus sur des \u00e9tapes, formulaires et formalit\u00e9s\" \/>\n<meta name=\"robots\" content=\"index, follow, max-snippet:-1, max-image-preview:large, max-video-preview:-1\" \/>\n<link rel=\"canonical\" href=\"https:\/\/www.asesoriaorihuelacosta.com\/fr\/procedures-de-securite-sociale-pour-la-creation-dune-entreprise\/\" \/>\n<meta property=\"og:locale\" content=\"fr_FR\" \/>\n<meta property=\"og:type\" content=\"article\" \/>\n<meta property=\"og:title\" content=\"Proc\u00e9dures de s\u00e9curit\u00e9 sociale pour la cr\u00e9ation d&#039;une entreprise\" \/>\n<meta property=\"og:description\" content=\"Proc\u00e9dures \u00e0 suivre pour cr\u00e9er une entreprise aupr\u00e8s de la S\u00e9curit\u00e9 sociale? En savoir plus sur des \u00e9tapes, formulaires et formalit\u00e9s\" \/>\n<meta property=\"og:url\" content=\"https:\/\/www.asesoriaorihuelacosta.com\/fr\/procedures-de-securite-sociale-pour-la-creation-dune-entreprise\/\" \/>\n<meta property=\"og:site_name\" content=\"Asesor\u00eda Orihuela Costa\" \/>\n<meta property=\"article:publisher\" content=\"https:\/\/www.facebook.com\/asesoriaorihuelacosta\" \/>\n<meta property=\"article:author\" content=\"https:\/\/www.facebook.com\/patrick.gordinneperez\" \/>\n<meta property=\"article:published_time\" content=\"2022-07-18T06:43:00+00:00\" \/>\n<meta property=\"article:modified_time\" content=\"2024-12-11T17:42:40+00:00\" \/>\n<meta property=\"og:image\" content=\"https:\/\/www.asesoriaorihuelacosta.com\/wp-content\/uploads\/2022\/07\/seguridad-social-INSS-TGSS.jpg\" \/>\n\t<meta property=\"og:image:width\" content=\"550\" \/>\n\t<meta property=\"og:image:height\" content=\"368\" \/>\n\t<meta property=\"og:image:type\" content=\"image\/jpeg\" \/>\n<meta name=\"author\" content=\"Patrick Gordinne Perez\" \/>\n<meta name=\"twitter:card\" content=\"summary_large_image\" \/>\n<meta name=\"twitter:label1\" content=\"\u00c9crit par\" \/>\n\t<meta name=\"twitter:data1\" content=\"Patrick Gordinne Perez\" \/>\n\t<meta name=\"twitter:label2\" content=\"Dur\u00e9e de lecture estim\u00e9e\" \/>\n\t<meta name=\"twitter:data2\" content=\"5 minutes\" \/>\n<script type=\"application\/ld+json\" class=\"yoast-schema-graph\">{\"@context\":\"https:\\\/\\\/schema.org\",\"@graph\":[{\"@type\":\"Article\",\"@id\":\"https:\\\/\\\/www.asesoriaorihuelacosta.com\\\/fr\\\/procedures-de-securite-sociale-pour-la-creation-dune-entreprise\\\/#article\",\"isPartOf\":{\"@id\":\"https:\\\/\\\/www.asesoriaorihuelacosta.com\\\/fr\\\/procedures-de-securite-sociale-pour-la-creation-dune-entreprise\\\/\"},\"author\":{\"name\":\"Patrick Gordinne Perez\",\"@id\":\"https:\\\/\\\/www.asesoriaorihuelacosta.com\\\/fr\\\/#\\\/schema\\\/person\\\/6614ce8cf6d2de542aaf351629fd539e\"},\"headline\":\"Proc\u00e9dures de s\u00e9curit\u00e9 sociale pour la cr\u00e9ation d&rsquo;une entreprise\",\"datePublished\":\"2022-07-18T06:43:00+00:00\",\"dateModified\":\"2024-12-11T17:42:40+00:00\",\"mainEntityOfPage\":{\"@id\":\"https:\\\/\\\/www.asesoriaorihuelacosta.com\\\/fr\\\/procedures-de-securite-sociale-pour-la-creation-dune-entreprise\\\/\"},\"wordCount\":1184,\"publisher\":{\"@id\":\"https:\\\/\\\/www.asesoriaorihuelacosta.com\\\/fr\\\/#organization\"},\"image\":{\"@id\":\"https:\\\/\\\/www.asesoriaorihuelacosta.com\\\/fr\\\/procedures-de-securite-sociale-pour-la-creation-dune-entreprise\\\/#primaryimage\"},\"thumbnailUrl\":\"https:\\\/\\\/www.asesoriaorihuelacosta.com\\\/wp-content\\\/uploads\\\/2022\\\/07\\\/seguridad-social-INSS-TGSS.jpg\",\"articleSection\":[\"Blog\"],\"inLanguage\":\"fr-FR\"},{\"@type\":\"WebPage\",\"@id\":\"https:\\\/\\\/www.asesoriaorihuelacosta.com\\\/fr\\\/procedures-de-securite-sociale-pour-la-creation-dune-entreprise\\\/\",\"url\":\"https:\\\/\\\/www.asesoriaorihuelacosta.com\\\/fr\\\/procedures-de-securite-sociale-pour-la-creation-dune-entreprise\\\/\",\"name\":\"Proc\u00e9dures de s\u00e9curit\u00e9 sociale pour cr\u00e9ation d'entreprise | Phases\",\"isPartOf\":{\"@id\":\"https:\\\/\\\/www.asesoriaorihuelacosta.com\\\/fr\\\/#website\"},\"primaryImageOfPage\":{\"@id\":\"https:\\\/\\\/www.asesoriaorihuelacosta.com\\\/fr\\\/procedures-de-securite-sociale-pour-la-creation-dune-entreprise\\\/#primaryimage\"},\"image\":{\"@id\":\"https:\\\/\\\/www.asesoriaorihuelacosta.com\\\/fr\\\/procedures-de-securite-sociale-pour-la-creation-dune-entreprise\\\/#primaryimage\"},\"thumbnailUrl\":\"https:\\\/\\\/www.asesoriaorihuelacosta.com\\\/wp-content\\\/uploads\\\/2022\\\/07\\\/seguridad-social-INSS-TGSS.jpg\",\"datePublished\":\"2022-07-18T06:43:00+00:00\",\"dateModified\":\"2024-12-11T17:42:40+00:00\",\"description\":\"Proc\u00e9dures \u00e0 suivre pour cr\u00e9er une entreprise aupr\u00e8s de la S\u00e9curit\u00e9 sociale? En savoir plus sur des \u00e9tapes, formulaires et formalit\u00e9s\",\"breadcrumb\":{\"@id\":\"https:\\\/\\\/www.asesoriaorihuelacosta.com\\\/fr\\\/procedures-de-securite-sociale-pour-la-creation-dune-entreprise\\\/#breadcrumb\"},\"inLanguage\":\"fr-FR\",\"potentialAction\":[{\"@type\":\"ReadAction\",\"target\":[\"https:\\\/\\\/www.asesoriaorihuelacosta.com\\\/fr\\\/procedures-de-securite-sociale-pour-la-creation-dune-entreprise\\\/\"]}]},{\"@type\":\"ImageObject\",\"inLanguage\":\"fr-FR\",\"@id\":\"https:\\\/\\\/www.asesoriaorihuelacosta.com\\\/fr\\\/procedures-de-securite-sociale-pour-la-creation-dune-entreprise\\\/#primaryimage\",\"url\":\"https:\\\/\\\/www.asesoriaorihuelacosta.com\\\/wp-content\\\/uploads\\\/2022\\\/07\\\/seguridad-social-INSS-TGSS.jpg\",\"contentUrl\":\"https:\\\/\\\/www.asesoriaorihuelacosta.com\\\/wp-content\\\/uploads\\\/2022\\\/07\\\/seguridad-social-INSS-TGSS.jpg\",\"width\":550,\"height\":368},{\"@type\":\"BreadcrumbList\",\"@id\":\"https:\\\/\\\/www.asesoriaorihuelacosta.com\\\/fr\\\/procedures-de-securite-sociale-pour-la-creation-dune-entreprise\\\/#breadcrumb\",\"itemListElement\":[{\"@type\":\"ListItem\",\"position\":1,\"name\":\"Home\",\"item\":\"https:\\\/\\\/www.asesoriaorihuelacosta.com\\\/fr\\\/\"},{\"@type\":\"ListItem\",\"position\":2,\"name\":\"Proc\u00e9dures de s\u00e9curit\u00e9 sociale pour la cr\u00e9ation d&#8217;une entreprise\"}]},{\"@type\":\"WebSite\",\"@id\":\"https:\\\/\\\/www.asesoriaorihuelacosta.com\\\/fr\\\/#website\",\"url\":\"https:\\\/\\\/www.asesoriaorihuelacosta.com\\\/fr\\\/\",\"name\":\"https:\\\/\\\/www.asesoriaorihuelacosta.com\\\/\",\"description\":\"Grupo de asesores profesionales\",\"publisher\":{\"@id\":\"https:\\\/\\\/www.asesoriaorihuelacosta.com\\\/fr\\\/#organization\"},\"potentialAction\":[{\"@type\":\"SearchAction\",\"target\":{\"@type\":\"EntryPoint\",\"urlTemplate\":\"https:\\\/\\\/www.asesoriaorihuelacosta.com\\\/fr\\\/?s={search_term_string}\"},\"query-input\":{\"@type\":\"PropertyValueSpecification\",\"valueRequired\":true,\"valueName\":\"search_term_string\"}}],\"inLanguage\":\"fr-FR\"},{\"@type\":\"Organization\",\"@id\":\"https:\\\/\\\/www.asesoriaorihuelacosta.com\\\/fr\\\/#organization\",\"name\":\"Asesor\u00eda Orihuela Costa\",\"url\":\"https:\\\/\\\/www.asesoriaorihuelacosta.com\\\/fr\\\/\",\"logo\":{\"@type\":\"ImageObject\",\"inLanguage\":\"fr-FR\",\"@id\":\"https:\\\/\\\/www.asesoriaorihuelacosta.com\\\/fr\\\/#\\\/schema\\\/logo\\\/image\\\/\",\"url\":\"https:\\\/\\\/www.asesoriaorihuelacosta.com\\\/wp-content\\\/uploads\\\/2022\\\/06\\\/Logo-espa\u5bf8l-asesoriaorihuela.jpg\",\"contentUrl\":\"https:\\\/\\\/www.asesoriaorihuelacosta.com\\\/wp-content\\\/uploads\\\/2022\\\/06\\\/Logo-espa\u5bf8l-asesoriaorihuela.jpg\",\"width\":588,\"height\":136,\"caption\":\"Asesor\u00eda Orihuela Costa\"},\"image\":{\"@id\":\"https:\\\/\\\/www.asesoriaorihuelacosta.com\\\/fr\\\/#\\\/schema\\\/logo\\\/image\\\/\"},\"sameAs\":[\"https:\\\/\\\/www.facebook.com\\\/asesoriaorihuelacosta\"]},{\"@type\":\"Person\",\"@id\":\"https:\\\/\\\/www.asesoriaorihuelacosta.com\\\/fr\\\/#\\\/schema\\\/person\\\/6614ce8cf6d2de542aaf351629fd539e\",\"name\":\"Patrick Gordinne Perez\",\"description\":\"Soy economista colegiado por el colegio de economistas de Alicante con el n\u00famero 2722. Llevo ejerciendo desde el a\u00f1o 2005. Soy especialista en fiscalidad de empresas y aut\u00f3nomos y tambi\u00e9n especialista en gestionar compraventas. Hablo espa\u00f1ol, ingl\u00e9s y franc\u00e9s.\",\"sameAs\":[\"https:\\\/\\\/www.asesoriaorihuelacosta.com\",\"https:\\\/\\\/www.facebook.com\\\/patrick.gordinneperez\",\"https:\\\/\\\/www.linkedin.com\\\/in\\\/patrick-gordinne-perez-1b73aab3\\\/\",\"https:\\\/\\\/www.youtube.com\\\/channel\\\/UC5e95RJEVQlxCnhwDmGNVCw\"],\"gender\":\"Hombre\",\"knowsLanguage\":[\"ingl\u00e9s\",\"franc\u00e9s\",\"espa\u00f1ol\"],\"jobTitle\":\"Gerente\",\"worksFor\":\"Asesoria Orihuela Costa SL\"}]}<\/script>\n<!-- \/ Yoast SEO Premium plugin. -->","yoast_head_json":{"title":"Proc\u00e9dures de s\u00e9curit\u00e9 sociale pour cr\u00e9ation d'entreprise | Phases","description":"Proc\u00e9dures \u00e0 suivre pour cr\u00e9er une entreprise aupr\u00e8s de la S\u00e9curit\u00e9 sociale? En savoir plus sur des \u00e9tapes, formulaires et formalit\u00e9s","robots":{"index":"index","follow":"follow","max-snippet":"max-snippet:-1","max-image-preview":"max-image-preview:large","max-video-preview":"max-video-preview:-1"},"canonical":"https:\/\/www.asesoriaorihuelacosta.com\/fr\/procedures-de-securite-sociale-pour-la-creation-dune-entreprise\/","og_locale":"fr_FR","og_type":"article","og_title":"Proc\u00e9dures de s\u00e9curit\u00e9 sociale pour la cr\u00e9ation d'une entreprise","og_description":"Proc\u00e9dures \u00e0 suivre pour cr\u00e9er une entreprise aupr\u00e8s de la S\u00e9curit\u00e9 sociale? En savoir plus sur des \u00e9tapes, formulaires et formalit\u00e9s","og_url":"https:\/\/www.asesoriaorihuelacosta.com\/fr\/procedures-de-securite-sociale-pour-la-creation-dune-entreprise\/","og_site_name":"Asesor\u00eda Orihuela Costa","article_publisher":"https:\/\/www.facebook.com\/asesoriaorihuelacosta","article_author":"https:\/\/www.facebook.com\/patrick.gordinneperez","article_published_time":"2022-07-18T06:43:00+00:00","article_modified_time":"2024-12-11T17:42:40+00:00","og_image":[{"width":550,"height":368,"url":"https:\/\/www.asesoriaorihuelacosta.com\/wp-content\/uploads\/2022\/07\/seguridad-social-INSS-TGSS.jpg","type":"image\/jpeg"}],"author":"Patrick Gordinne Perez","twitter_card":"summary_large_image","twitter_misc":{"\u00c9crit par":"Patrick Gordinne Perez","Dur\u00e9e de lecture estim\u00e9e":"5 minutes"},"schema":{"@context":"https:\/\/schema.org","@graph":[{"@type":"Article","@id":"https:\/\/www.asesoriaorihuelacosta.com\/fr\/procedures-de-securite-sociale-pour-la-creation-dune-entreprise\/#article","isPartOf":{"@id":"https:\/\/www.asesoriaorihuelacosta.com\/fr\/procedures-de-securite-sociale-pour-la-creation-dune-entreprise\/"},"author":{"name":"Patrick Gordinne Perez","@id":"https:\/\/www.asesoriaorihuelacosta.com\/fr\/#\/schema\/person\/6614ce8cf6d2de542aaf351629fd539e"},"headline":"Proc\u00e9dures de s\u00e9curit\u00e9 sociale pour la cr\u00e9ation d&rsquo;une entreprise","datePublished":"2022-07-18T06:43:00+00:00","dateModified":"2024-12-11T17:42:40+00:00","mainEntityOfPage":{"@id":"https:\/\/www.asesoriaorihuelacosta.com\/fr\/procedures-de-securite-sociale-pour-la-creation-dune-entreprise\/"},"wordCount":1184,"publisher":{"@id":"https:\/\/www.asesoriaorihuelacosta.com\/fr\/#organization"},"image":{"@id":"https:\/\/www.asesoriaorihuelacosta.com\/fr\/procedures-de-securite-sociale-pour-la-creation-dune-entreprise\/#primaryimage"},"thumbnailUrl":"https:\/\/www.asesoriaorihuelacosta.com\/wp-content\/uploads\/2022\/07\/seguridad-social-INSS-TGSS.jpg","articleSection":["Blog"],"inLanguage":"fr-FR"},{"@type":"WebPage","@id":"https:\/\/www.asesoriaorihuelacosta.com\/fr\/procedures-de-securite-sociale-pour-la-creation-dune-entreprise\/","url":"https:\/\/www.asesoriaorihuelacosta.com\/fr\/procedures-de-securite-sociale-pour-la-creation-dune-entreprise\/","name":"Proc\u00e9dures de s\u00e9curit\u00e9 sociale pour cr\u00e9ation d'entreprise | Phases","isPartOf":{"@id":"https:\/\/www.asesoriaorihuelacosta.com\/fr\/#website"},"primaryImageOfPage":{"@id":"https:\/\/www.asesoriaorihuelacosta.com\/fr\/procedures-de-securite-sociale-pour-la-creation-dune-entreprise\/#primaryimage"},"image":{"@id":"https:\/\/www.asesoriaorihuelacosta.com\/fr\/procedures-de-securite-sociale-pour-la-creation-dune-entreprise\/#primaryimage"},"thumbnailUrl":"https:\/\/www.asesoriaorihuelacosta.com\/wp-content\/uploads\/2022\/07\/seguridad-social-INSS-TGSS.jpg","datePublished":"2022-07-18T06:43:00+00:00","dateModified":"2024-12-11T17:42:40+00:00","description":"Proc\u00e9dures \u00e0 suivre pour cr\u00e9er une entreprise aupr\u00e8s de la S\u00e9curit\u00e9 sociale? En savoir plus sur des \u00e9tapes, formulaires et formalit\u00e9s","breadcrumb":{"@id":"https:\/\/www.asesoriaorihuelacosta.com\/fr\/procedures-de-securite-sociale-pour-la-creation-dune-entreprise\/#breadcrumb"},"inLanguage":"fr-FR","potentialAction":[{"@type":"ReadAction","target":["https:\/\/www.asesoriaorihuelacosta.com\/fr\/procedures-de-securite-sociale-pour-la-creation-dune-entreprise\/"]}]},{"@type":"ImageObject","inLanguage":"fr-FR","@id":"https:\/\/www.asesoriaorihuelacosta.com\/fr\/procedures-de-securite-sociale-pour-la-creation-dune-entreprise\/#primaryimage","url":"https:\/\/www.asesoriaorihuelacosta.com\/wp-content\/uploads\/2022\/07\/seguridad-social-INSS-TGSS.jpg","contentUrl":"https:\/\/www.asesoriaorihuelacosta.com\/wp-content\/uploads\/2022\/07\/seguridad-social-INSS-TGSS.jpg","width":550,"height":368},{"@type":"BreadcrumbList","@id":"https:\/\/www.asesoriaorihuelacosta.com\/fr\/procedures-de-securite-sociale-pour-la-creation-dune-entreprise\/#breadcrumb","itemListElement":[{"@type":"ListItem","position":1,"name":"Home","item":"https:\/\/www.asesoriaorihuelacosta.com\/fr\/"},{"@type":"ListItem","position":2,"name":"Proc\u00e9dures de s\u00e9curit\u00e9 sociale pour la cr\u00e9ation d&#8217;une entreprise"}]},{"@type":"WebSite","@id":"https:\/\/www.asesoriaorihuelacosta.com\/fr\/#website","url":"https:\/\/www.asesoriaorihuelacosta.com\/fr\/","name":"https:\/\/www.asesoriaorihuelacosta.com\/","description":"Grupo de asesores profesionales","publisher":{"@id":"https:\/\/www.asesoriaorihuelacosta.com\/fr\/#organization"},"potentialAction":[{"@type":"SearchAction","target":{"@type":"EntryPoint","urlTemplate":"https:\/\/www.asesoriaorihuelacosta.com\/fr\/?s={search_term_string}"},"query-input":{"@type":"PropertyValueSpecification","valueRequired":true,"valueName":"search_term_string"}}],"inLanguage":"fr-FR"},{"@type":"Organization","@id":"https:\/\/www.asesoriaorihuelacosta.com\/fr\/#organization","name":"Asesor\u00eda Orihuela Costa","url":"https:\/\/www.asesoriaorihuelacosta.com\/fr\/","logo":{"@type":"ImageObject","inLanguage":"fr-FR","@id":"https:\/\/www.asesoriaorihuelacosta.com\/fr\/#\/schema\/logo\/image\/","url":"https:\/\/www.asesoriaorihuelacosta.com\/wp-content\/uploads\/2022\/06\/Logo-espa\u5bf8l-asesoriaorihuela.jpg","contentUrl":"https:\/\/www.asesoriaorihuelacosta.com\/wp-content\/uploads\/2022\/06\/Logo-espa\u5bf8l-asesoriaorihuela.jpg","width":588,"height":136,"caption":"Asesor\u00eda Orihuela Costa"},"image":{"@id":"https:\/\/www.asesoriaorihuelacosta.com\/fr\/#\/schema\/logo\/image\/"},"sameAs":["https:\/\/www.facebook.com\/asesoriaorihuelacosta"]},{"@type":"Person","@id":"https:\/\/www.asesoriaorihuelacosta.com\/fr\/#\/schema\/person\/6614ce8cf6d2de542aaf351629fd539e","name":"Patrick Gordinne Perez","description":"Soy economista colegiado por el colegio de economistas de Alicante con el n\u00famero 2722. Llevo ejerciendo desde el a\u00f1o 2005. Soy especialista en fiscalidad de empresas y aut\u00f3nomos y tambi\u00e9n especialista en gestionar compraventas. Hablo espa\u00f1ol, ingl\u00e9s y franc\u00e9s.","sameAs":["https:\/\/www.asesoriaorihuelacosta.com","https:\/\/www.facebook.com\/patrick.gordinneperez","https:\/\/www.linkedin.com\/in\/patrick-gordinne-perez-1b73aab3\/","https:\/\/www.youtube.com\/channel\/UC5e95RJEVQlxCnhwDmGNVCw"],"gender":"Hombre","knowsLanguage":["ingl\u00e9s","franc\u00e9s","espa\u00f1ol"],"jobTitle":"Gerente","worksFor":"Asesoria Orihuela Costa SL"}]}},"_links":{"self":[{"href":"https:\/\/www.asesoriaorihuelacosta.com\/fr\/wp-json\/wp\/v2\/posts\/8488","targetHints":{"allow":["GET"]}}],"collection":[{"href":"https:\/\/www.asesoriaorihuelacosta.com\/fr\/wp-json\/wp\/v2\/posts"}],"about":[{"href":"https:\/\/www.asesoriaorihuelacosta.com\/fr\/wp-json\/wp\/v2\/types\/post"}],"author":[{"embeddable":true,"href":"https:\/\/www.asesoriaorihuelacosta.com\/fr\/wp-json\/wp\/v2\/users\/2"}],"replies":[{"embeddable":true,"href":"https:\/\/www.asesoriaorihuelacosta.com\/fr\/wp-json\/wp\/v2\/comments?post=8488"}],"version-history":[{"count":5,"href":"https:\/\/www.asesoriaorihuelacosta.com\/fr\/wp-json\/wp\/v2\/posts\/8488\/revisions"}],"predecessor-version":[{"id":36429,"href":"https:\/\/www.asesoriaorihuelacosta.com\/fr\/wp-json\/wp\/v2\/posts\/8488\/revisions\/36429"}],"wp:featuredmedia":[{"embeddable":true,"href":"https:\/\/www.asesoriaorihuelacosta.com\/fr\/wp-json\/wp\/v2\/media\/8397"}],"wp:attachment":[{"href":"https:\/\/www.asesoriaorihuelacosta.com\/fr\/wp-json\/wp\/v2\/media?parent=8488"}],"wp:term":[{"taxonomy":"category","embeddable":true,"href":"https:\/\/www.asesoriaorihuelacosta.com\/fr\/wp-json\/wp\/v2\/categories?post=8488"},{"taxonomy":"post_tag","embeddable":true,"href":"https:\/\/www.asesoriaorihuelacosta.com\/fr\/wp-json\/wp\/v2\/tags?post=8488"}],"curies":[{"name":"wp","href":"https:\/\/api.w.org\/{rel}","templated":true}]}}