{"id":7240,"date":"2022-03-30T09:02:58","date_gmt":"2022-03-30T09:02:58","guid":{"rendered":"https:\/\/www.asesoriaorihuelacosta.com\/estado-de-alarma-a-nivel-nacional-por-el-covid-19\/"},"modified":"2023-01-31T16:44:07","modified_gmt":"2023-01-31T16:44:07","slug":"etat-dalarme","status":"publish","type":"post","link":"https:\/\/www.asesoriaorihuelacosta.com\/fr\/etat-dalarme\/","title":{"rendered":"INFORMATION POUR L\u2019\u00c9TAT D&rsquo;ALARME EN ESPAGNE #COVID-19"},"content":{"rendered":"\t\t<div data-elementor-type=\"wp-post\" data-elementor-id=\"7240\" class=\"elementor elementor-7240\" data-elementor-post-type=\"post\">\n\t\t\t\t\t\t<section data-particle_enable=\"false\" data-particle-mobile-disabled=\"false\" class=\"elementor-section elementor-top-section elementor-element elementor-element-d3b218b elementor-section-boxed elementor-section-height-default elementor-section-height-default\" data-id=\"d3b218b\" data-element_type=\"section\" data-e-type=\"section\">\r\n\t\t\r\n\t\t\t\t\t\t\t<div class=\"elementor-container elementor-column-gap-default\">\r\n\t\t\t\t\t\t\t\t\t\t\t<div class=\"elementor-column elementor-col-100 elementor-top-column elementor-element elementor-element-97d2fc7\" data-id=\"97d2fc7\" data-element_type=\"column\" data-e-type=\"column\">\r\n\t\t\t\t\t<div class=\"elementor-widget-wrap elementor-element-populated\">\r\n\t\t\t\t\t\t\t\t<div class=\"elementor-element elementor-element-1984d9e elementor-widget elementor-widget-text-editor\" data-id=\"1984d9e\" data-element_type=\"widget\" data-e-type=\"widget\" data-widget_type=\"text-editor.default\">\n\t\t\t\t<div class=\"elementor-widget-container\">\n\t\t\t\t\t\t\t\t\t<div>Chers clients,<br \/><br \/>Samedi dernier, le 14 mars, a \u00e9t\u00e9 publi\u00e9 le<a href=\"https:\/\/www.boe.es\/boe\/dias\/2020\/03\/14\/\">\u00a0RD 463\/2020<\/a>, qui a d\u00e9clar\u00e9 l&rsquo;\u00e9tat d&rsquo;alarme en Espagne, afin de faire face \u00e0 la situation d&rsquo;urgence sanitaire caus\u00e9e par le coronavirus COVID-19.<br \/><br \/>La dur\u00e9e de l&rsquo;\u00e9tat d&rsquo;alarme est de quinze jours pour le moment.<br \/><br \/>Pendant la p\u00e9riode de l&rsquo;\u00e9tat d&rsquo;alerte, la libert\u00e9 de circulation des personnes a \u00e9t\u00e9 limit\u00e9e. Vous ne pourrez circuler le long des routes \u00e0 usage public que pour r\u00e9aliser les activit\u00e9s suivantes:<br \/><br \/>a) Acquisition de nourriture, de produits pharmaceutiques et de produits de premi\u00e8re n\u00e9cessit\u00e9.<br \/><br \/>b) Assistance aux centres, services et \u00e9tablissements de sant\u00e9.<br \/><br \/>c) Se rendre sur le lieu de travail pour effectuer sa prestation de travail, professionnelle ou commerciale.<br \/><br \/>d) Retour au lieu de r\u00e9sidence habituelle.<br \/><br \/>e) Assistance et soins aux personnes \u00e2g\u00e9es, aux mineurs, aux personnes \u00e0 charge, aux personnes handicap\u00e9es ou aux personnes particuli\u00e8rement vuln\u00e9rables.<br \/><br \/>f) D\u00e9placement vers des entit\u00e9s financi\u00e8res et d&rsquo;assurance.<br \/><br \/>g) En raison d&rsquo;un cas de force majeure ou d&rsquo;un besoin.<br \/><br \/>h) Toute autre activit\u00e9 de nature similaire qui doit \u00eatre effectu\u00e9e individuellement, \u00e0 moins d&rsquo;\u00eatre accompagn\u00e9e de personnes handicap\u00e9es ou pour toute autre cause justifi\u00e9e.<br \/><br \/>De m\u00eame, la circulation de v\u00e9hicules particuliers sur la voie publique sera autoris\u00e9e \u00e0 r\u00e9aliser les activit\u00e9s vis\u00e9es \u00e0 la section pr\u00e9c\u00e9dente ou \u00e0 faire le plein dans les stations-service ou les stations-service.<br \/><br \/><strong>Concernant les mesures de confinement en mati\u00e8re d&rsquo;activit\u00e9 commerciale:<\/strong><br \/><br \/>\u2022 L\u2019ouverture au public des petits \u00e9tablissements est suspendue, \u00e0 l\u2019exception des \u00e9tablissements commerciaux de denr\u00e9es alimentaires, boissons, produits et biens essentiels, \u00e9tablissements pharmaceutiques, produits m\u00e9dicaux, optiques et orthop\u00e9diques, produits d\u2019hygi\u00e8ne, presse et papeterie, carburants automobiles, tabacs, \u00e9quipements technologiques et de t\u00e9l\u00e9communications, aliments pour animaux de compagnie, commerce par Internet, t\u00e9l\u00e9phone ou correspondance, nettoyeurs \u00e0 sec et blanchisseries. Toute autre activit\u00e9 ou \u00e9tablissement qui, de l&rsquo;avis de l&rsquo;autorit\u00e9 comp\u00e9tente, peut pr\u00e9senter un risque de contagion est suspendue.<br \/><br \/>\u2022 Les activit\u00e9s d\u2019h\u00f4tel, de caf\u00e9-bar et de restaurant sont suspendues mais il peuvent vendre leur produit pour emporter ou \u00e0 domicile exclusivement.<br \/><br \/>\u2022 L&rsquo;ouverture au public des mus\u00e9es, archives, biblioth\u00e8ques, monuments, ainsi que des locaux et \u00e9tablissements o\u00f9 se d\u00e9roulent des spectacles publics, des activit\u00e9s sportives et de loisirs est suspendue.<br \/>\u00a0<br \/>Nous allons continuer \u00e0 vous fournir les services comme toujours et, maintenant si possible, avec plus d&rsquo;int\u00e9r\u00eat et de d\u00e9vouement, vous informant rapidement de tout ce qui affecte l&rsquo;activit\u00e9 et essayant de r\u00e9soudre les probl\u00e8mes qui surviennent.<br \/>Nous vous informons des mesures urgentes les plus pertinentes publi\u00e9es dans la loi Real Decreto 7\/2020 sur l&rsquo;impact \u00e9conomique de COVID-19.<br \/><br \/>Facilit\u00e9s de report de la dette fiscale aupr\u00e8s de l&rsquo;administration fiscale:<br \/><br \/>\u2022 Les reports de dettes fiscales dans une p\u00e9riode de paiement volontaire seront accord\u00e9s \u00e0 partir d&rsquo;aujourd&rsquo;hui 13 mars jusqu&rsquo;au 30 mai.<br \/><br \/>\u2022 Le report est sur demande, sans obligation de caution et jusqu&rsquo;\u00e0 un maximum de 30 000 \u20ac.<br \/><br \/>\u2022 Le report des imp\u00f4ts retenus \u00e0 la source, des acomptes, des acomptes provisionnels et de la TVA est \u00e9galement autoris\u00e9 &#8211; jusqu&rsquo;\u00e0 pr\u00e9sent non autoris\u00e9.<br \/><br \/>\u2022 Cela n&rsquo;affecte que les PME &#8211; volume d&rsquo;op\u00e9rations en 2019 qui ne d\u00e9passe pas 6.010.121,04 \u20ac<br \/><br \/>\u2022 Terme de 6 mois sans int\u00e9r\u00eats de retard dans les 3 premiers.<br \/><br \/>Par cons\u00e9quent, cette mesure affectera, par exemple, la TVA mensuelle de f\u00e9vrier, mars et avril, pour les PME qui ont opt\u00e9 pour le SII, et pour les paiements correspondant au premier trimestre &#8211; tels que la retenue d&rsquo;imp\u00f4t, la TVA, qui doivent \u00eatre soumis se termine le 20 avril.<br \/><br \/>\u2022 Une ligne de financement sp\u00e9cifique est octroy\u00e9e par le biais de l&rsquo;ICO pour un montant de 400 millions d&rsquo;euros afin de r\u00e9pondre aux besoins de liquidit\u00e9 des entreprises et des ind\u00e9pendants du secteur du tourisme, ainsi qu&rsquo;aux activit\u00e9s reli\u00e9es qui sont affect\u00e9es par la situation actuelle.<br \/>Nous continuerons \u00e0 vous informer sur les aides \u00e9conomiques pour les ind\u00e9pendants, les entreprises et les travailleurs qui sont approuv\u00e9es dans les prochains jours.<\/div><p><br \/>Cordialement,<\/p>\t\t\t\t\t\t\t\t<\/div>\n\t\t\t\t<\/div>\n\t\t\t\t\t<\/div>\r\n\t\t\t\t<\/div>\r\n\t\t\t\t\t<\/div>\r\n\t\t\t\t<\/section>\r\n\t\t\t\t<\/div>\n\t\t","protected":false},"excerpt":{"rendered":"<p>Chers clients, Samedi dernier, le 14 mars, a \u00e9t\u00e9 publi\u00e9 le&nbsp;RD 463\/2020, qui a d\u00e9clar\u00e9 l&rsquo;\u00e9tat d&rsquo;alarme en Espagne, afin de faire face \u00e0 la situation d&rsquo;urgence sanitaire caus\u00e9e par le coronavirus COVID-19. La dur\u00e9e de l&rsquo;\u00e9tat d&rsquo;alarme est de quinze jours pour le moment. Pendant la p\u00e9riode de l&rsquo;\u00e9tat d&rsquo;alerte, la libert\u00e9 de circulation [&hellip;]<\/p>\n","protected":false},"author":1,"featured_media":12580,"comment_status":"closed","ping_status":"closed","sticky":false,"template":"","format":"standard","meta":{"_eb_attr":"","inline_featured_image":false,"footnotes":""},"categories":[45],"tags":[],"class_list":["post-7240","post","type-post","status-publish","format-standard","has-post-thumbnail","hentry","category-blog"],"featured_image_src":{"landsacpe":["https:\/\/www.asesoriaorihuelacosta.com\/wp-content\/uploads\/2022\/03\/estado-de-alarma-1050x445.jpeg",1050,445,true],"list":["https:\/\/www.asesoriaorihuelacosta.com\/wp-content\/uploads\/2022\/03\/estado-de-alarma-463x348.jpeg",463,348,true],"medium":["https:\/\/www.asesoriaorihuelacosta.com\/wp-content\/uploads\/2022\/03\/estado-de-alarma-300x171.jpeg",300,171,true],"full":["https:\/\/www.asesoriaorihuelacosta.com\/wp-content\/uploads\/2022\/03\/estado-de-alarma.jpeg",1050,600,false]},"yoast_head":"<!-- This site is optimized with the Yoast SEO Premium plugin v24.7 (Yoast SEO v27.4) - https:\/\/yoast.com\/product\/yoast-seo-premium-wordpress\/ -->\n<title>INFORMATION POUR L\u2019\u00c9TAT D&#039;ALARME EN ESPAGNE #COVID-19<\/title>\n<meta name=\"description\" content=\"Le gouvernement espagnol a publi\u00e9 dans le Boe le d\u00e9cret royal 463\/2020 dans lequel il d\u00e9clare l&#039;\u00e9tat d&#039;alarme en Espagne.\" \/>\n<meta name=\"robots\" content=\"index, follow, max-snippet:-1, max-image-preview:large, max-video-preview:-1\" \/>\n<link rel=\"canonical\" href=\"https:\/\/www.asesoriaorihuelacosta.com\/fr\/etat-dalarme\/\" \/>\n<meta property=\"og:locale\" content=\"fr_FR\" \/>\n<meta property=\"og:type\" content=\"article\" \/>\n<meta property=\"og:title\" content=\"INFORMATION POUR L\u2019\u00c9TAT D&#039;ALARME EN ESPAGNE #COVID-19\" \/>\n<meta property=\"og:description\" content=\"Le gouvernement espagnol a publi\u00e9 dans le Boe le d\u00e9cret royal 463\/2020 dans lequel il d\u00e9clare l&#039;\u00e9tat d&#039;alarme en Espagne.\" \/>\n<meta property=\"og:url\" content=\"https:\/\/www.asesoriaorihuelacosta.com\/fr\/etat-dalarme\/\" \/>\n<meta property=\"og:site_name\" content=\"Asesor\u00eda Orihuela Costa\" \/>\n<meta property=\"article:publisher\" content=\"https:\/\/www.facebook.com\/asesoriaorihuelacosta\" \/>\n<meta property=\"article:published_time\" content=\"2022-03-30T09:02:58+00:00\" \/>\n<meta property=\"article:modified_time\" content=\"2023-01-31T16:44:07+00:00\" \/>\n<meta property=\"og:image\" content=\"https:\/\/www.asesoriaorihuelacosta.com\/wp-content\/uploads\/2022\/03\/estado-de-alarma.jpeg\" \/>\n\t<meta property=\"og:image:width\" content=\"1050\" \/>\n\t<meta property=\"og:image:height\" content=\"600\" \/>\n\t<meta property=\"og:image:type\" content=\"image\/jpeg\" \/>\n<meta name=\"author\" content=\"admin\" \/>\n<meta name=\"twitter:card\" content=\"summary_large_image\" \/>\n<meta name=\"twitter:label1\" content=\"\u00c9crit par\" \/>\n\t<meta name=\"twitter:data1\" content=\"admin\" \/>\n\t<meta name=\"twitter:label2\" content=\"Dur\u00e9e de lecture estim\u00e9e\" \/>\n\t<meta name=\"twitter:data2\" content=\"3 minutes\" \/>\n<script type=\"application\/ld+json\" class=\"yoast-schema-graph\">{\"@context\":\"https:\\\/\\\/schema.org\",\"@graph\":[{\"@type\":\"Article\",\"@id\":\"https:\\\/\\\/www.asesoriaorihuelacosta.com\\\/fr\\\/etat-dalarme\\\/#article\",\"isPartOf\":{\"@id\":\"https:\\\/\\\/www.asesoriaorihuelacosta.com\\\/fr\\\/etat-dalarme\\\/\"},\"author\":{\"name\":\"admin\",\"@id\":\"https:\\\/\\\/www.asesoriaorihuelacosta.com\\\/fr\\\/#\\\/schema\\\/person\\\/633255eadc5df7945d142848ebcc5d02\"},\"headline\":\"INFORMATION POUR L\u2019\u00c9TAT D&rsquo;ALARME EN ESPAGNE #COVID-19\",\"datePublished\":\"2022-03-30T09:02:58+00:00\",\"dateModified\":\"2023-01-31T16:44:07+00:00\",\"mainEntityOfPage\":{\"@id\":\"https:\\\/\\\/www.asesoriaorihuelacosta.com\\\/fr\\\/etat-dalarme\\\/\"},\"wordCount\":725,\"publisher\":{\"@id\":\"https:\\\/\\\/www.asesoriaorihuelacosta.com\\\/fr\\\/#organization\"},\"image\":{\"@id\":\"https:\\\/\\\/www.asesoriaorihuelacosta.com\\\/fr\\\/etat-dalarme\\\/#primaryimage\"},\"thumbnailUrl\":\"https:\\\/\\\/www.asesoriaorihuelacosta.com\\\/wp-content\\\/uploads\\\/2022\\\/03\\\/estado-de-alarma.jpeg\",\"articleSection\":[\"Blog\"],\"inLanguage\":\"fr-FR\"},{\"@type\":\"WebPage\",\"@id\":\"https:\\\/\\\/www.asesoriaorihuelacosta.com\\\/fr\\\/etat-dalarme\\\/\",\"url\":\"https:\\\/\\\/www.asesoriaorihuelacosta.com\\\/fr\\\/etat-dalarme\\\/\",\"name\":\"INFORMATION POUR L\u2019\u00c9TAT D'ALARME EN ESPAGNE #COVID-19\",\"isPartOf\":{\"@id\":\"https:\\\/\\\/www.asesoriaorihuelacosta.com\\\/fr\\\/#website\"},\"primaryImageOfPage\":{\"@id\":\"https:\\\/\\\/www.asesoriaorihuelacosta.com\\\/fr\\\/etat-dalarme\\\/#primaryimage\"},\"image\":{\"@id\":\"https:\\\/\\\/www.asesoriaorihuelacosta.com\\\/fr\\\/etat-dalarme\\\/#primaryimage\"},\"thumbnailUrl\":\"https:\\\/\\\/www.asesoriaorihuelacosta.com\\\/wp-content\\\/uploads\\\/2022\\\/03\\\/estado-de-alarma.jpeg\",\"datePublished\":\"2022-03-30T09:02:58+00:00\",\"dateModified\":\"2023-01-31T16:44:07+00:00\",\"description\":\"Le gouvernement espagnol a publi\u00e9 dans le Boe le d\u00e9cret royal 463\\\/2020 dans lequel il d\u00e9clare l'\u00e9tat d'alarme en Espagne.\",\"breadcrumb\":{\"@id\":\"https:\\\/\\\/www.asesoriaorihuelacosta.com\\\/fr\\\/etat-dalarme\\\/#breadcrumb\"},\"inLanguage\":\"fr-FR\",\"potentialAction\":[{\"@type\":\"ReadAction\",\"target\":[\"https:\\\/\\\/www.asesoriaorihuelacosta.com\\\/fr\\\/etat-dalarme\\\/\"]}]},{\"@type\":\"ImageObject\",\"inLanguage\":\"fr-FR\",\"@id\":\"https:\\\/\\\/www.asesoriaorihuelacosta.com\\\/fr\\\/etat-dalarme\\\/#primaryimage\",\"url\":\"https:\\\/\\\/www.asesoriaorihuelacosta.com\\\/wp-content\\\/uploads\\\/2022\\\/03\\\/estado-de-alarma.jpeg\",\"contentUrl\":\"https:\\\/\\\/www.asesoriaorihuelacosta.com\\\/wp-content\\\/uploads\\\/2022\\\/03\\\/estado-de-alarma.jpeg\",\"width\":1050,\"height\":600,\"caption\":\"estado de alarma\"},{\"@type\":\"BreadcrumbList\",\"@id\":\"https:\\\/\\\/www.asesoriaorihuelacosta.com\\\/fr\\\/etat-dalarme\\\/#breadcrumb\",\"itemListElement\":[{\"@type\":\"ListItem\",\"position\":1,\"name\":\"Home\",\"item\":\"https:\\\/\\\/www.asesoriaorihuelacosta.com\\\/fr\\\/\"},{\"@type\":\"ListItem\",\"position\":2,\"name\":\"INFORMATION POUR L\u2019\u00c9TAT D&#8217;ALARME EN ESPAGNE #COVID-19\"}]},{\"@type\":\"WebSite\",\"@id\":\"https:\\\/\\\/www.asesoriaorihuelacosta.com\\\/fr\\\/#website\",\"url\":\"https:\\\/\\\/www.asesoriaorihuelacosta.com\\\/fr\\\/\",\"name\":\"https:\\\/\\\/www.asesoriaorihuelacosta.com\\\/\",\"description\":\"Grupo de asesores profesionales\",\"publisher\":{\"@id\":\"https:\\\/\\\/www.asesoriaorihuelacosta.com\\\/fr\\\/#organization\"},\"potentialAction\":[{\"@type\":\"SearchAction\",\"target\":{\"@type\":\"EntryPoint\",\"urlTemplate\":\"https:\\\/\\\/www.asesoriaorihuelacosta.com\\\/fr\\\/?s={search_term_string}\"},\"query-input\":{\"@type\":\"PropertyValueSpecification\",\"valueRequired\":true,\"valueName\":\"search_term_string\"}}],\"inLanguage\":\"fr-FR\"},{\"@type\":\"Organization\",\"@id\":\"https:\\\/\\\/www.asesoriaorihuelacosta.com\\\/fr\\\/#organization\",\"name\":\"Asesor\u00eda Orihuela Costa\",\"url\":\"https:\\\/\\\/www.asesoriaorihuelacosta.com\\\/fr\\\/\",\"logo\":{\"@type\":\"ImageObject\",\"inLanguage\":\"fr-FR\",\"@id\":\"https:\\\/\\\/www.asesoriaorihuelacosta.com\\\/fr\\\/#\\\/schema\\\/logo\\\/image\\\/\",\"url\":\"https:\\\/\\\/www.asesoriaorihuelacosta.com\\\/wp-content\\\/uploads\\\/2022\\\/06\\\/Logo-espa\u5bf8l-asesoriaorihuela.jpg\",\"contentUrl\":\"https:\\\/\\\/www.asesoriaorihuelacosta.com\\\/wp-content\\\/uploads\\\/2022\\\/06\\\/Logo-espa\u5bf8l-asesoriaorihuela.jpg\",\"width\":588,\"height\":136,\"caption\":\"Asesor\u00eda Orihuela Costa\"},\"image\":{\"@id\":\"https:\\\/\\\/www.asesoriaorihuelacosta.com\\\/fr\\\/#\\\/schema\\\/logo\\\/image\\\/\"},\"sameAs\":[\"https:\\\/\\\/www.facebook.com\\\/asesoriaorihuelacosta\"]},{\"@type\":\"Person\",\"@id\":\"https:\\\/\\\/www.asesoriaorihuelacosta.com\\\/fr\\\/#\\\/schema\\\/person\\\/633255eadc5df7945d142848ebcc5d02\",\"name\":\"admin\"}]}<\/script>\n<!-- \/ Yoast SEO Premium plugin. -->","yoast_head_json":{"title":"INFORMATION POUR L\u2019\u00c9TAT D'ALARME EN ESPAGNE #COVID-19","description":"Le gouvernement espagnol a publi\u00e9 dans le Boe le d\u00e9cret royal 463\/2020 dans lequel il d\u00e9clare l'\u00e9tat d'alarme en Espagne.","robots":{"index":"index","follow":"follow","max-snippet":"max-snippet:-1","max-image-preview":"max-image-preview:large","max-video-preview":"max-video-preview:-1"},"canonical":"https:\/\/www.asesoriaorihuelacosta.com\/fr\/etat-dalarme\/","og_locale":"fr_FR","og_type":"article","og_title":"INFORMATION POUR L\u2019\u00c9TAT D'ALARME EN ESPAGNE #COVID-19","og_description":"Le gouvernement espagnol a publi\u00e9 dans le Boe le d\u00e9cret royal 463\/2020 dans lequel il d\u00e9clare l'\u00e9tat d'alarme en Espagne.","og_url":"https:\/\/www.asesoriaorihuelacosta.com\/fr\/etat-dalarme\/","og_site_name":"Asesor\u00eda Orihuela Costa","article_publisher":"https:\/\/www.facebook.com\/asesoriaorihuelacosta","article_published_time":"2022-03-30T09:02:58+00:00","article_modified_time":"2023-01-31T16:44:07+00:00","og_image":[{"width":1050,"height":600,"url":"https:\/\/www.asesoriaorihuelacosta.com\/wp-content\/uploads\/2022\/03\/estado-de-alarma.jpeg","type":"image\/jpeg"}],"author":"admin","twitter_card":"summary_large_image","twitter_misc":{"\u00c9crit par":"admin","Dur\u00e9e de lecture estim\u00e9e":"3 minutes"},"schema":{"@context":"https:\/\/schema.org","@graph":[{"@type":"Article","@id":"https:\/\/www.asesoriaorihuelacosta.com\/fr\/etat-dalarme\/#article","isPartOf":{"@id":"https:\/\/www.asesoriaorihuelacosta.com\/fr\/etat-dalarme\/"},"author":{"name":"admin","@id":"https:\/\/www.asesoriaorihuelacosta.com\/fr\/#\/schema\/person\/633255eadc5df7945d142848ebcc5d02"},"headline":"INFORMATION POUR L\u2019\u00c9TAT D&rsquo;ALARME EN ESPAGNE #COVID-19","datePublished":"2022-03-30T09:02:58+00:00","dateModified":"2023-01-31T16:44:07+00:00","mainEntityOfPage":{"@id":"https:\/\/www.asesoriaorihuelacosta.com\/fr\/etat-dalarme\/"},"wordCount":725,"publisher":{"@id":"https:\/\/www.asesoriaorihuelacosta.com\/fr\/#organization"},"image":{"@id":"https:\/\/www.asesoriaorihuelacosta.com\/fr\/etat-dalarme\/#primaryimage"},"thumbnailUrl":"https:\/\/www.asesoriaorihuelacosta.com\/wp-content\/uploads\/2022\/03\/estado-de-alarma.jpeg","articleSection":["Blog"],"inLanguage":"fr-FR"},{"@type":"WebPage","@id":"https:\/\/www.asesoriaorihuelacosta.com\/fr\/etat-dalarme\/","url":"https:\/\/www.asesoriaorihuelacosta.com\/fr\/etat-dalarme\/","name":"INFORMATION POUR L\u2019\u00c9TAT D'ALARME EN ESPAGNE #COVID-19","isPartOf":{"@id":"https:\/\/www.asesoriaorihuelacosta.com\/fr\/#website"},"primaryImageOfPage":{"@id":"https:\/\/www.asesoriaorihuelacosta.com\/fr\/etat-dalarme\/#primaryimage"},"image":{"@id":"https:\/\/www.asesoriaorihuelacosta.com\/fr\/etat-dalarme\/#primaryimage"},"thumbnailUrl":"https:\/\/www.asesoriaorihuelacosta.com\/wp-content\/uploads\/2022\/03\/estado-de-alarma.jpeg","datePublished":"2022-03-30T09:02:58+00:00","dateModified":"2023-01-31T16:44:07+00:00","description":"Le gouvernement espagnol a publi\u00e9 dans le Boe le d\u00e9cret royal 463\/2020 dans lequel il d\u00e9clare l'\u00e9tat d'alarme en Espagne.","breadcrumb":{"@id":"https:\/\/www.asesoriaorihuelacosta.com\/fr\/etat-dalarme\/#breadcrumb"},"inLanguage":"fr-FR","potentialAction":[{"@type":"ReadAction","target":["https:\/\/www.asesoriaorihuelacosta.com\/fr\/etat-dalarme\/"]}]},{"@type":"ImageObject","inLanguage":"fr-FR","@id":"https:\/\/www.asesoriaorihuelacosta.com\/fr\/etat-dalarme\/#primaryimage","url":"https:\/\/www.asesoriaorihuelacosta.com\/wp-content\/uploads\/2022\/03\/estado-de-alarma.jpeg","contentUrl":"https:\/\/www.asesoriaorihuelacosta.com\/wp-content\/uploads\/2022\/03\/estado-de-alarma.jpeg","width":1050,"height":600,"caption":"estado de alarma"},{"@type":"BreadcrumbList","@id":"https:\/\/www.asesoriaorihuelacosta.com\/fr\/etat-dalarme\/#breadcrumb","itemListElement":[{"@type":"ListItem","position":1,"name":"Home","item":"https:\/\/www.asesoriaorihuelacosta.com\/fr\/"},{"@type":"ListItem","position":2,"name":"INFORMATION POUR L\u2019\u00c9TAT D&#8217;ALARME EN ESPAGNE #COVID-19"}]},{"@type":"WebSite","@id":"https:\/\/www.asesoriaorihuelacosta.com\/fr\/#website","url":"https:\/\/www.asesoriaorihuelacosta.com\/fr\/","name":"https:\/\/www.asesoriaorihuelacosta.com\/","description":"Grupo de asesores profesionales","publisher":{"@id":"https:\/\/www.asesoriaorihuelacosta.com\/fr\/#organization"},"potentialAction":[{"@type":"SearchAction","target":{"@type":"EntryPoint","urlTemplate":"https:\/\/www.asesoriaorihuelacosta.com\/fr\/?s={search_term_string}"},"query-input":{"@type":"PropertyValueSpecification","valueRequired":true,"valueName":"search_term_string"}}],"inLanguage":"fr-FR"},{"@type":"Organization","@id":"https:\/\/www.asesoriaorihuelacosta.com\/fr\/#organization","name":"Asesor\u00eda Orihuela Costa","url":"https:\/\/www.asesoriaorihuelacosta.com\/fr\/","logo":{"@type":"ImageObject","inLanguage":"fr-FR","@id":"https:\/\/www.asesoriaorihuelacosta.com\/fr\/#\/schema\/logo\/image\/","url":"https:\/\/www.asesoriaorihuelacosta.com\/wp-content\/uploads\/2022\/06\/Logo-espa\u5bf8l-asesoriaorihuela.jpg","contentUrl":"https:\/\/www.asesoriaorihuelacosta.com\/wp-content\/uploads\/2022\/06\/Logo-espa\u5bf8l-asesoriaorihuela.jpg","width":588,"height":136,"caption":"Asesor\u00eda Orihuela Costa"},"image":{"@id":"https:\/\/www.asesoriaorihuelacosta.com\/fr\/#\/schema\/logo\/image\/"},"sameAs":["https:\/\/www.facebook.com\/asesoriaorihuelacosta"]},{"@type":"Person","@id":"https:\/\/www.asesoriaorihuelacosta.com\/fr\/#\/schema\/person\/633255eadc5df7945d142848ebcc5d02","name":"admin"}]}},"_links":{"self":[{"href":"https:\/\/www.asesoriaorihuelacosta.com\/fr\/wp-json\/wp\/v2\/posts\/7240","targetHints":{"allow":["GET"]}}],"collection":[{"href":"https:\/\/www.asesoriaorihuelacosta.com\/fr\/wp-json\/wp\/v2\/posts"}],"about":[{"href":"https:\/\/www.asesoriaorihuelacosta.com\/fr\/wp-json\/wp\/v2\/types\/post"}],"author":[{"embeddable":true,"href":"https:\/\/www.asesoriaorihuelacosta.com\/fr\/wp-json\/wp\/v2\/users\/1"}],"replies":[{"embeddable":true,"href":"https:\/\/www.asesoriaorihuelacosta.com\/fr\/wp-json\/wp\/v2\/comments?post=7240"}],"version-history":[{"count":5,"href":"https:\/\/www.asesoriaorihuelacosta.com\/fr\/wp-json\/wp\/v2\/posts\/7240\/revisions"}],"predecessor-version":[{"id":12586,"href":"https:\/\/www.asesoriaorihuelacosta.com\/fr\/wp-json\/wp\/v2\/posts\/7240\/revisions\/12586"}],"wp:featuredmedia":[{"embeddable":true,"href":"https:\/\/www.asesoriaorihuelacosta.com\/fr\/wp-json\/wp\/v2\/media\/12580"}],"wp:attachment":[{"href":"https:\/\/www.asesoriaorihuelacosta.com\/fr\/wp-json\/wp\/v2\/media?parent=7240"}],"wp:term":[{"taxonomy":"category","embeddable":true,"href":"https:\/\/www.asesoriaorihuelacosta.com\/fr\/wp-json\/wp\/v2\/categories?post=7240"},{"taxonomy":"post_tag","embeddable":true,"href":"https:\/\/www.asesoriaorihuelacosta.com\/fr\/wp-json\/wp\/v2\/tags?post=7240"}],"curies":[{"name":"wp","href":"https:\/\/api.w.org\/{rel}","templated":true}]}}