{"id":7215,"date":"2022-03-30T08:49:33","date_gmt":"2022-03-30T08:49:33","guid":{"rendered":"https:\/\/www.asesoriaorihuelacosta.com\/desescalada-del-estado-de-alarma-asi-sera-cada-fase\/"},"modified":"2024-10-13T07:28:36","modified_gmt":"2024-10-13T07:28:36","slug":"desescalade-de-etat-dalarme","status":"publish","type":"post","link":"https:\/\/www.asesoriaorihuelacosta.com\/fr\/desescalade-de-etat-dalarme\/","title":{"rendered":"LES 4 PHASES DU PLAN DE D\u00c9SESCALADE EN ESPAGNE"},"content":{"rendered":"\t\t<div data-elementor-type=\"wp-post\" data-elementor-id=\"7215\" class=\"elementor elementor-7215\" data-elementor-post-type=\"post\">\n\t\t\t\t\t\t<section data-particle_enable=\"false\" data-particle-mobile-disabled=\"false\" class=\"elementor-section elementor-top-section elementor-element elementor-element-c9785cb elementor-section-boxed elementor-section-height-default elementor-section-height-default\" data-id=\"c9785cb\" data-element_type=\"section\" data-e-type=\"section\">\r\n\t\t\r\n\t\t\t\t\t\t\t<div class=\"elementor-container elementor-column-gap-default\">\r\n\t\t\t\t\t\t\t\t\t\t\t<div class=\"elementor-column elementor-col-100 elementor-top-column elementor-element elementor-element-ce4d79d\" data-id=\"ce4d79d\" data-element_type=\"column\" data-e-type=\"column\">\r\n\t\t\t\t\t<div class=\"elementor-widget-wrap elementor-element-populated\">\r\n\t\t\t\t\t\t\t\t<div class=\"elementor-element elementor-element-300b563 elementor-widget elementor-widget-text-editor\" data-id=\"300b563\" data-element_type=\"widget\" data-e-type=\"widget\" data-widget_type=\"text-editor.default\">\n\t\t\t\t<div class=\"elementor-widget-container\">\n\t\t\t\t\t\t\t\t\t<p>Le 28 avril, le gouvernement a pr\u00e9sent\u00e9 le Plan de d\u00e9sescalade contre la crise caus\u00e9e par le coronavirus (COVID-19), appel\u00e9 \u00abPlan de transition vers une nouvelle normalit\u00e9\u00bb, qui comprend quatre phases (phase 0, phase 1, phase 2 et Phase 3), \u00e0 travers lesquelles les secteurs \u00e9conomiques seront ouverts et les limitations et les contacts sociaux de la population seront assouplis en fonction de l&rsquo;avanc\u00e9e de la pand\u00e9mie dans chaque r\u00e9gion. Ce plan de d\u00e9sescalade d\u00e9butera le 4 mai et, dans le meilleur des cas, se terminera le 21 juin.<br \/><br \/><br \/>Calendrier du plan de transition vers une \u00ab\u00a0nouvelle normalit\u00e9\u00a0\u00bb<br \/><br \/>Les quatre phases du plan de d\u00e9sescalade du gouvernement sont phase 0, qui, au minimum, couvrira du 4 au 10 mai; phase 1, qui, au minimum, couvrira du 11 au 24 mai; phase 2, qui, au minimum, couvrira du 25 mai au 8 juin, phase 4, qui, au minimum, couvrira du 9 au 21 juin, commen\u00e7ant, dans le meilleur des cas, le 26 juin avec le nouvel appel normalit\u00e9.<br \/><br \/>De mani\u00e8re g\u00e9n\u00e9rale, les mouvements de population entre les provinces seront interdits tout au long du plan de d\u00e9sescalade. Avec des restrictions, la circulation intraprovinciale sera autoris\u00e9e, mais la circulation interprovinciale ne sera pas autoris\u00e9e, sauf pour des raisons professionnelles ou pour assister \u00e0 un r\u00e9veil. De m\u00eame, l&rsquo;utilisation d&rsquo;un masque dans les lieux de travail, les lieux publics et les transports publics est fortement recommand\u00e9e.<br \/><br \/>Phase 0: Commerce sur rendez-vous<br \/><br \/>Plus pr\u00e9cis\u00e9ment, le plan comprend une premi\u00e8re \u00ab\u00a0phase z\u00e9ro\u00a0\u00bb dans laquelle les \u00ab\u00a0petits restes d&rsquo;activit\u00e9 \u00e9conomique\u00a0\u00bb seront autoris\u00e9s, avec l&rsquo;ouverture de petits locaux et \u00e9tablissements sur rendez-vous pour un service client individuel, comme l&rsquo;ouverture de restaurants avec restauration \u00e0 emporter, sans consommation sur place et avec la protection \u00ab\u00a0maximale\u00a0\u00bb, ou ouverture de formations individuelles et de base de ligues professionnelles.<br \/><br \/>Phase 1: petits commerces et terrasses, avec limitations<br \/><br \/>Avec la \u00abphase 1\u00bb, qui d\u00e9butera en principe le 11 mai de mani\u00e8re g\u00e9n\u00e9ralis\u00e9e, le d\u00e9marrage partiel des activit\u00e9s aura lieu, avec l&rsquo;ouverture du petit magasin dans la rue avec des conditions de s\u00e9curit\u00e9 \u00abstrictes\u00bb, mais elles ne seront pas ouvertes les centres ou les grands parcs commerciaux o\u00f9 les foules sont plus fr\u00e9quentes.<br \/><br \/>Pour cette phase, l&rsquo;ouverture des terrasses est incluse dans la restauration avec une limitation d&rsquo;occupation de 30% et dans les h\u00f4tels une premi\u00e8re phase d&rsquo;ouverture, incluant les h\u00f4tels et h\u00e9bergements touristiques mais \u00e0 l&rsquo;exclusion des parties communes et avec certaines restrictions fix\u00e9es par la Sant\u00e9.<br \/><br \/>Heures pr\u00e9f\u00e9r\u00e9es pour les personnes de plus de 65 ans<br \/><br \/>De plus, les locaux seront ouverts avec un horaire pr\u00e9f\u00e9rentiel pour les plus de 65 ans, qui sera un groupe prioritaire, l&rsquo;activit\u00e9 du secteur agroalimentaire et de la p\u00eache reprendra, et les lieux de culte s&rsquo;ouvriront avec une capacit\u00e9 d&rsquo;un tiers.<br \/><br \/>L&rsquo;ouverture de centres performants \u00e0 tour de r\u00f4le et la formation moyenne dans les ligues professionnelles sont \u00e9galement pr\u00e9vues. Dans les transports publics, l&rsquo;utilisation du masque sera fortement recommand\u00e9e dans toutes les phases.<br \/><br \/>Phase 2: Espace int\u00e9rieur des locaux et retour aux loisirs et \u00e0 la culture<br \/><br \/>Pour la phase \u00abphase 2\u00bb ou \u00abinterm\u00e9diaire\u00bb, si les rep\u00e8res sont respect\u00e9s, l&rsquo;ouverture de l&rsquo;espace int\u00e9rieur des lieux de restauration est envisag\u00e9e, avec une troisi\u00e8me capacit\u00e9 et uniquement pour le service aux tables, d\u00e9but de l&rsquo;ann\u00e9e scolaire en septembre et la reprise de la chasse et de la p\u00eache sportive.<br \/><br \/>Les loisirs et la culture reviendront \u00e9galement, avec des cin\u00e9mas, des th\u00e9\u00e2tres et des auditoriums avec des si\u00e8ges pr\u00e9-attribu\u00e9s et la limitation de la capacit\u00e9 \u00e0 un tiers, et l&rsquo;activit\u00e9 de visiter les monuments et les salles d&rsquo;exposition et de conf\u00e9rence avec une troisi\u00e8me capacit\u00e9, tout en pouvant organiser des spectacles culturels avec moins de 50 personnes \u00e0 l&rsquo;int\u00e9rieur, \u00e9galement avec une troisi\u00e8me capacit\u00e9.<br \/><br \/>Si le spectacle est \u00e0 l&rsquo;ext\u00e9rieur, il sera autoris\u00e9 lorsqu&rsquo;ils rassembleront moins de 400 personnes, tant qu&rsquo;ils seront assis. Les lieux de culte limiteront la capacit\u00e9 \u00e0 50% dans cette deuxi\u00e8me phase.<br \/><br \/>Phase 3: les limitations seront encore assouplies<br \/><br \/>Avec la \u00ab\u00a0 phase 3 \u00a0\u00bb ou la phase \u00ab\u00a0 avanc\u00e9e \u00a0\u00bb et la derni\u00e8re jusqu&rsquo;\u00e0 retrouver la \u00ab\u00a0 nouvelle normalit\u00e9 \u00a0\u00bb, une fois les marqueurs requis atteints, la mobilit\u00e9 g\u00e9n\u00e9rale sera assouplie mais la recommandation d&rsquo;utilisation d&rsquo;un masque en dehors du domicile et au domicile sera maintenue. transport public.<br \/><br \/>Dans le domaine commercial, la capacit\u00e9 sera limit\u00e9e \u00e0 50% et une distance minimale de deux m\u00e8tres sera fix\u00e9e. En restauration, les limitations de capacit\u00e9 et d&rsquo;occupation seront quelque peu assouplies, mais toujours dans des \u00ab\u00a0conditions strictes de s\u00e9paration\u00a0\u00bb. Pour cette derni\u00e8re phase, l&rsquo;ouverture des plages est envisag\u00e9e, a soulign\u00e9 S\u00e1nchez.<br \/><br \/>En tout cas, il a pr\u00e9cis\u00e9 qu &lsquo;\u00a0\u00bbil n&rsquo;y aura pas de mobilit\u00e9 entre les provinces ou les \u00eeles jusqu&rsquo;\u00e0 ce que la normalit\u00e9 soit atteinte\u00a0\u00bb apr\u00e8s la pand\u00e9mie de coronavirus et il ne sera pas possible de passer d&rsquo;une province \u00e0 l&rsquo;autre tant que chacune n&rsquo;aura pas franchi les phases.<br \/><br \/><br \/>Un travailleur inclus dans un ERTE peut-il retourner au travail?<br \/><br \/>Pour un travailleur inclus dans l&rsquo;ERTE vous pouvez reprendre l&rsquo;activit\u00e9, vous devrez le d\u00e9saffecter de l&rsquo;ERTE en suivant ces \u00e9tapes:<br \/><br \/>1. Communiquez au service du travail vos conseils, avant de commencer \u00e0 travailler, l&rsquo;intention de le d\u00e9saffecter car nous devons signaler sa nouvelle situation au SEPE et \u00e0 la S\u00e9curit\u00e9 sociale.<br \/><br \/>2. Avertissez le travailleur avec un pr\u00e9avis suffisant.<br \/><br \/>3. Les cons\u00e9quences de la d\u00e9saffection sont:<br \/><br \/>a) Pour le travailleur: il percevra l&rsquo;allocation de ch\u00f4mage jusqu&rsquo;au jour pr\u00e9c\u00e9dant le d\u00e9but du travail et \u00e0 partir de ce jour il recevra le salaire directement de l&rsquo;entreprise.<br \/><br \/>b) Pour l&rsquo;entreprise: elle commencera \u00e0 payer le salaire du travailleur et les charges sociales ne seront plus exon\u00e9r\u00e9es.<br \/><br \/>En cons\u00e9quence, tant l&rsquo;entreprise que le travailleur, reviennent \u00e0 la situation et aux obligations pr\u00e9alables \u00e0 la pr\u00e9sentation de l&rsquo;ERTE.<br \/><br \/>Il faut tenir compte du fait qu&rsquo;une fois le travailleur d\u00e9saffect\u00e9, nous ne pouvons plus l&rsquo;affecter \u00e0 ERTE. Si vous souhaitez l&rsquo;inclure dans un ERTE, un nouvel ERTE doit \u00eatre pr\u00e9sent\u00e9, analysant les cons\u00e9quences et les co\u00fbts d\u00e9riv\u00e9s.<\/p>\t\t\t\t\t\t\t\t<\/div>\n\t\t\t\t<\/div>\n\t\t\t\t\t<\/div>\r\n\t\t\t\t<\/div>\r\n\t\t\t\t\t<\/div>\r\n\t\t\t\t<\/section>\r\n\t\t\t\t<\/div>\n\t\t","protected":false},"excerpt":{"rendered":"<p>Le 28 avril, le gouvernement a pr\u00e9sent\u00e9 le Plan de d\u00e9sescalade contre la crise caus\u00e9e par le coronavirus (COVID-19), appel\u00e9 \u00abPlan de transition vers une nouvelle normalit\u00e9\u00bb, qui comprend quatre phases (phase 0, phase 1, phase 2 et Phase 3), \u00e0 travers lesquelles les secteurs \u00e9conomiques seront ouverts et les limitations et les contacts sociaux [&hellip;]<\/p>\n","protected":false},"author":1,"featured_media":12580,"comment_status":"closed","ping_status":"closed","sticky":false,"template":"","format":"standard","meta":{"_eb_attr":"","inline_featured_image":false,"footnotes":""},"categories":[46],"tags":[],"class_list":["post-7215","post","type-post","status-publish","format-standard","has-post-thumbnail","hentry","category-blog"],"featured_image_src":{"landsacpe":["https:\/\/www.asesoriaorihuelacosta.com\/wp-content\/uploads\/2022\/03\/estado-de-alarma-1050x445.jpeg",1050,445,true],"list":["https:\/\/www.asesoriaorihuelacosta.com\/wp-content\/uploads\/2022\/03\/estado-de-alarma-463x348.jpeg",463,348,true],"medium":["https:\/\/www.asesoriaorihuelacosta.com\/wp-content\/uploads\/2022\/03\/estado-de-alarma-300x171.jpeg",300,171,true],"full":["https:\/\/www.asesoriaorihuelacosta.com\/wp-content\/uploads\/2022\/03\/estado-de-alarma.jpeg",1050,600,false]},"yoast_head":"<!-- This site is optimized with the Yoast SEO Premium plugin v24.7 (Yoast SEO v27.4) - https:\/\/yoast.com\/product\/yoast-seo-premium-wordpress\/ -->\n<title>LES 4 PHASES DU PLAN DE D\u00c9SESCALADE EN ESPAGNE - Asesor\u00eda Orihuela Costa<\/title>\n<meta name=\"description\" content=\"D\u00e9couvrez le plan de d\u00e9sescalade en Espagne contre le COVID-19. D\u00e9couvrez les phases de transition vers la \u00ab nouvelle normalit\u00e9.\" \/>\n<meta name=\"robots\" content=\"index, follow, max-snippet:-1, max-image-preview:large, max-video-preview:-1\" \/>\n<link rel=\"canonical\" href=\"https:\/\/www.asesoriaorihuelacosta.com\/fr\/desescalade-de-etat-dalarme\/\" \/>\n<meta property=\"og:locale\" content=\"fr_FR\" \/>\n<meta property=\"og:type\" content=\"article\" \/>\n<meta property=\"og:title\" content=\"LES 4 PHASES DU PLAN DE D\u00c9SESCALADE EN ESPAGNE\" \/>\n<meta property=\"og:description\" content=\"D\u00e9couvrez le plan de d\u00e9sescalade en Espagne contre le COVID-19. D\u00e9couvrez les phases de transition vers la \u00ab nouvelle normalit\u00e9.\" \/>\n<meta property=\"og:url\" content=\"https:\/\/www.asesoriaorihuelacosta.com\/fr\/desescalade-de-etat-dalarme\/\" \/>\n<meta property=\"og:site_name\" content=\"Asesor\u00eda Orihuela Costa\" \/>\n<meta property=\"article:publisher\" content=\"https:\/\/www.facebook.com\/asesoriaorihuelacosta\" \/>\n<meta property=\"article:published_time\" content=\"2022-03-30T08:49:33+00:00\" \/>\n<meta property=\"article:modified_time\" content=\"2024-10-13T07:28:36+00:00\" \/>\n<meta property=\"og:image\" content=\"https:\/\/www.asesoriaorihuelacosta.com\/wp-content\/uploads\/2022\/03\/estado-de-alarma.jpeg\" \/>\n\t<meta property=\"og:image:width\" content=\"1050\" \/>\n\t<meta property=\"og:image:height\" content=\"600\" \/>\n\t<meta property=\"og:image:type\" content=\"image\/jpeg\" \/>\n<meta name=\"author\" content=\"admin\" \/>\n<meta name=\"twitter:card\" content=\"summary_large_image\" \/>\n<meta name=\"twitter:label1\" content=\"\u00c9crit par\" \/>\n\t<meta name=\"twitter:data1\" content=\"admin\" \/>\n\t<meta name=\"twitter:label2\" content=\"Dur\u00e9e de lecture estim\u00e9e\" \/>\n\t<meta name=\"twitter:data2\" content=\"5 minutes\" \/>\n<script type=\"application\/ld+json\" class=\"yoast-schema-graph\">{\"@context\":\"https:\\\/\\\/schema.org\",\"@graph\":[{\"@type\":\"Article\",\"@id\":\"https:\\\/\\\/www.asesoriaorihuelacosta.com\\\/fr\\\/desescalade-de-etat-dalarme\\\/#article\",\"isPartOf\":{\"@id\":\"https:\\\/\\\/www.asesoriaorihuelacosta.com\\\/fr\\\/desescalade-de-etat-dalarme\\\/\"},\"author\":{\"name\":\"admin\",\"@id\":\"https:\\\/\\\/www.asesoriaorihuelacosta.com\\\/fr\\\/#\\\/schema\\\/person\\\/633255eadc5df7945d142848ebcc5d02\"},\"headline\":\"LES 4 PHASES DU PLAN DE D\u00c9SESCALADE EN ESPAGNE\",\"datePublished\":\"2022-03-30T08:49:33+00:00\",\"dateModified\":\"2024-10-13T07:28:36+00:00\",\"mainEntityOfPage\":{\"@id\":\"https:\\\/\\\/www.asesoriaorihuelacosta.com\\\/fr\\\/desescalade-de-etat-dalarme\\\/\"},\"wordCount\":1085,\"publisher\":{\"@id\":\"https:\\\/\\\/www.asesoriaorihuelacosta.com\\\/fr\\\/#organization\"},\"image\":{\"@id\":\"https:\\\/\\\/www.asesoriaorihuelacosta.com\\\/fr\\\/desescalade-de-etat-dalarme\\\/#primaryimage\"},\"thumbnailUrl\":\"https:\\\/\\\/www.asesoriaorihuelacosta.com\\\/wp-content\\\/uploads\\\/2022\\\/03\\\/estado-de-alarma.jpeg\",\"articleSection\":[\"Blog\"],\"inLanguage\":\"fr-FR\"},{\"@type\":\"WebPage\",\"@id\":\"https:\\\/\\\/www.asesoriaorihuelacosta.com\\\/fr\\\/desescalade-de-etat-dalarme\\\/\",\"url\":\"https:\\\/\\\/www.asesoriaorihuelacosta.com\\\/fr\\\/desescalade-de-etat-dalarme\\\/\",\"name\":\"LES 4 PHASES DU PLAN DE D\u00c9SESCALADE EN ESPAGNE - Asesor\u00eda Orihuela Costa\",\"isPartOf\":{\"@id\":\"https:\\\/\\\/www.asesoriaorihuelacosta.com\\\/fr\\\/#website\"},\"primaryImageOfPage\":{\"@id\":\"https:\\\/\\\/www.asesoriaorihuelacosta.com\\\/fr\\\/desescalade-de-etat-dalarme\\\/#primaryimage\"},\"image\":{\"@id\":\"https:\\\/\\\/www.asesoriaorihuelacosta.com\\\/fr\\\/desescalade-de-etat-dalarme\\\/#primaryimage\"},\"thumbnailUrl\":\"https:\\\/\\\/www.asesoriaorihuelacosta.com\\\/wp-content\\\/uploads\\\/2022\\\/03\\\/estado-de-alarma.jpeg\",\"datePublished\":\"2022-03-30T08:49:33+00:00\",\"dateModified\":\"2024-10-13T07:28:36+00:00\",\"description\":\"D\u00e9couvrez le plan de d\u00e9sescalade en Espagne contre le COVID-19. D\u00e9couvrez les phases de transition vers la \u00ab nouvelle normalit\u00e9.\",\"breadcrumb\":{\"@id\":\"https:\\\/\\\/www.asesoriaorihuelacosta.com\\\/fr\\\/desescalade-de-etat-dalarme\\\/#breadcrumb\"},\"inLanguage\":\"fr-FR\",\"potentialAction\":[{\"@type\":\"ReadAction\",\"target\":[\"https:\\\/\\\/www.asesoriaorihuelacosta.com\\\/fr\\\/desescalade-de-etat-dalarme\\\/\"]}]},{\"@type\":\"ImageObject\",\"inLanguage\":\"fr-FR\",\"@id\":\"https:\\\/\\\/www.asesoriaorihuelacosta.com\\\/fr\\\/desescalade-de-etat-dalarme\\\/#primaryimage\",\"url\":\"https:\\\/\\\/www.asesoriaorihuelacosta.com\\\/wp-content\\\/uploads\\\/2022\\\/03\\\/estado-de-alarma.jpeg\",\"contentUrl\":\"https:\\\/\\\/www.asesoriaorihuelacosta.com\\\/wp-content\\\/uploads\\\/2022\\\/03\\\/estado-de-alarma.jpeg\",\"width\":1050,\"height\":600,\"caption\":\"estado de alarma\"},{\"@type\":\"BreadcrumbList\",\"@id\":\"https:\\\/\\\/www.asesoriaorihuelacosta.com\\\/fr\\\/desescalade-de-etat-dalarme\\\/#breadcrumb\",\"itemListElement\":[{\"@type\":\"ListItem\",\"position\":1,\"name\":\"Home\",\"item\":\"https:\\\/\\\/www.asesoriaorihuelacosta.com\\\/fr\\\/\"},{\"@type\":\"ListItem\",\"position\":2,\"name\":\"LES 4 PHASES DU PLAN DE D\u00c9SESCALADE EN ESPAGNE\"}]},{\"@type\":\"WebSite\",\"@id\":\"https:\\\/\\\/www.asesoriaorihuelacosta.com\\\/fr\\\/#website\",\"url\":\"https:\\\/\\\/www.asesoriaorihuelacosta.com\\\/fr\\\/\",\"name\":\"https:\\\/\\\/www.asesoriaorihuelacosta.com\\\/\",\"description\":\"Grupo de asesores profesionales\",\"publisher\":{\"@id\":\"https:\\\/\\\/www.asesoriaorihuelacosta.com\\\/fr\\\/#organization\"},\"potentialAction\":[{\"@type\":\"SearchAction\",\"target\":{\"@type\":\"EntryPoint\",\"urlTemplate\":\"https:\\\/\\\/www.asesoriaorihuelacosta.com\\\/fr\\\/?s={search_term_string}\"},\"query-input\":{\"@type\":\"PropertyValueSpecification\",\"valueRequired\":true,\"valueName\":\"search_term_string\"}}],\"inLanguage\":\"fr-FR\"},{\"@type\":\"Organization\",\"@id\":\"https:\\\/\\\/www.asesoriaorihuelacosta.com\\\/fr\\\/#organization\",\"name\":\"Asesor\u00eda Orihuela Costa\",\"url\":\"https:\\\/\\\/www.asesoriaorihuelacosta.com\\\/fr\\\/\",\"logo\":{\"@type\":\"ImageObject\",\"inLanguage\":\"fr-FR\",\"@id\":\"https:\\\/\\\/www.asesoriaorihuelacosta.com\\\/fr\\\/#\\\/schema\\\/logo\\\/image\\\/\",\"url\":\"https:\\\/\\\/www.asesoriaorihuelacosta.com\\\/wp-content\\\/uploads\\\/2022\\\/06\\\/Logo-espa\u5bf8l-asesoriaorihuela.jpg\",\"contentUrl\":\"https:\\\/\\\/www.asesoriaorihuelacosta.com\\\/wp-content\\\/uploads\\\/2022\\\/06\\\/Logo-espa\u5bf8l-asesoriaorihuela.jpg\",\"width\":588,\"height\":136,\"caption\":\"Asesor\u00eda Orihuela Costa\"},\"image\":{\"@id\":\"https:\\\/\\\/www.asesoriaorihuelacosta.com\\\/fr\\\/#\\\/schema\\\/logo\\\/image\\\/\"},\"sameAs\":[\"https:\\\/\\\/www.facebook.com\\\/asesoriaorihuelacosta\"]},{\"@type\":\"Person\",\"@id\":\"https:\\\/\\\/www.asesoriaorihuelacosta.com\\\/fr\\\/#\\\/schema\\\/person\\\/633255eadc5df7945d142848ebcc5d02\",\"name\":\"admin\"}]}<\/script>\n<!-- \/ Yoast SEO Premium plugin. -->","yoast_head_json":{"title":"LES 4 PHASES DU PLAN DE D\u00c9SESCALADE EN ESPAGNE - Asesor\u00eda Orihuela Costa","description":"D\u00e9couvrez le plan de d\u00e9sescalade en Espagne contre le COVID-19. D\u00e9couvrez les phases de transition vers la \u00ab nouvelle normalit\u00e9.","robots":{"index":"index","follow":"follow","max-snippet":"max-snippet:-1","max-image-preview":"max-image-preview:large","max-video-preview":"max-video-preview:-1"},"canonical":"https:\/\/www.asesoriaorihuelacosta.com\/fr\/desescalade-de-etat-dalarme\/","og_locale":"fr_FR","og_type":"article","og_title":"LES 4 PHASES DU PLAN DE D\u00c9SESCALADE EN ESPAGNE","og_description":"D\u00e9couvrez le plan de d\u00e9sescalade en Espagne contre le COVID-19. D\u00e9couvrez les phases de transition vers la \u00ab nouvelle normalit\u00e9.","og_url":"https:\/\/www.asesoriaorihuelacosta.com\/fr\/desescalade-de-etat-dalarme\/","og_site_name":"Asesor\u00eda Orihuela Costa","article_publisher":"https:\/\/www.facebook.com\/asesoriaorihuelacosta","article_published_time":"2022-03-30T08:49:33+00:00","article_modified_time":"2024-10-13T07:28:36+00:00","og_image":[{"width":1050,"height":600,"url":"https:\/\/www.asesoriaorihuelacosta.com\/wp-content\/uploads\/2022\/03\/estado-de-alarma.jpeg","type":"image\/jpeg"}],"author":"admin","twitter_card":"summary_large_image","twitter_misc":{"\u00c9crit par":"admin","Dur\u00e9e de lecture estim\u00e9e":"5 minutes"},"schema":{"@context":"https:\/\/schema.org","@graph":[{"@type":"Article","@id":"https:\/\/www.asesoriaorihuelacosta.com\/fr\/desescalade-de-etat-dalarme\/#article","isPartOf":{"@id":"https:\/\/www.asesoriaorihuelacosta.com\/fr\/desescalade-de-etat-dalarme\/"},"author":{"name":"admin","@id":"https:\/\/www.asesoriaorihuelacosta.com\/fr\/#\/schema\/person\/633255eadc5df7945d142848ebcc5d02"},"headline":"LES 4 PHASES DU PLAN DE D\u00c9SESCALADE EN ESPAGNE","datePublished":"2022-03-30T08:49:33+00:00","dateModified":"2024-10-13T07:28:36+00:00","mainEntityOfPage":{"@id":"https:\/\/www.asesoriaorihuelacosta.com\/fr\/desescalade-de-etat-dalarme\/"},"wordCount":1085,"publisher":{"@id":"https:\/\/www.asesoriaorihuelacosta.com\/fr\/#organization"},"image":{"@id":"https:\/\/www.asesoriaorihuelacosta.com\/fr\/desescalade-de-etat-dalarme\/#primaryimage"},"thumbnailUrl":"https:\/\/www.asesoriaorihuelacosta.com\/wp-content\/uploads\/2022\/03\/estado-de-alarma.jpeg","articleSection":["Blog"],"inLanguage":"fr-FR"},{"@type":"WebPage","@id":"https:\/\/www.asesoriaorihuelacosta.com\/fr\/desescalade-de-etat-dalarme\/","url":"https:\/\/www.asesoriaorihuelacosta.com\/fr\/desescalade-de-etat-dalarme\/","name":"LES 4 PHASES DU PLAN DE D\u00c9SESCALADE EN ESPAGNE - Asesor\u00eda Orihuela Costa","isPartOf":{"@id":"https:\/\/www.asesoriaorihuelacosta.com\/fr\/#website"},"primaryImageOfPage":{"@id":"https:\/\/www.asesoriaorihuelacosta.com\/fr\/desescalade-de-etat-dalarme\/#primaryimage"},"image":{"@id":"https:\/\/www.asesoriaorihuelacosta.com\/fr\/desescalade-de-etat-dalarme\/#primaryimage"},"thumbnailUrl":"https:\/\/www.asesoriaorihuelacosta.com\/wp-content\/uploads\/2022\/03\/estado-de-alarma.jpeg","datePublished":"2022-03-30T08:49:33+00:00","dateModified":"2024-10-13T07:28:36+00:00","description":"D\u00e9couvrez le plan de d\u00e9sescalade en Espagne contre le COVID-19. D\u00e9couvrez les phases de transition vers la \u00ab nouvelle normalit\u00e9.","breadcrumb":{"@id":"https:\/\/www.asesoriaorihuelacosta.com\/fr\/desescalade-de-etat-dalarme\/#breadcrumb"},"inLanguage":"fr-FR","potentialAction":[{"@type":"ReadAction","target":["https:\/\/www.asesoriaorihuelacosta.com\/fr\/desescalade-de-etat-dalarme\/"]}]},{"@type":"ImageObject","inLanguage":"fr-FR","@id":"https:\/\/www.asesoriaorihuelacosta.com\/fr\/desescalade-de-etat-dalarme\/#primaryimage","url":"https:\/\/www.asesoriaorihuelacosta.com\/wp-content\/uploads\/2022\/03\/estado-de-alarma.jpeg","contentUrl":"https:\/\/www.asesoriaorihuelacosta.com\/wp-content\/uploads\/2022\/03\/estado-de-alarma.jpeg","width":1050,"height":600,"caption":"estado de alarma"},{"@type":"BreadcrumbList","@id":"https:\/\/www.asesoriaorihuelacosta.com\/fr\/desescalade-de-etat-dalarme\/#breadcrumb","itemListElement":[{"@type":"ListItem","position":1,"name":"Home","item":"https:\/\/www.asesoriaorihuelacosta.com\/fr\/"},{"@type":"ListItem","position":2,"name":"LES 4 PHASES DU PLAN DE D\u00c9SESCALADE EN ESPAGNE"}]},{"@type":"WebSite","@id":"https:\/\/www.asesoriaorihuelacosta.com\/fr\/#website","url":"https:\/\/www.asesoriaorihuelacosta.com\/fr\/","name":"https:\/\/www.asesoriaorihuelacosta.com\/","description":"Grupo de asesores profesionales","publisher":{"@id":"https:\/\/www.asesoriaorihuelacosta.com\/fr\/#organization"},"potentialAction":[{"@type":"SearchAction","target":{"@type":"EntryPoint","urlTemplate":"https:\/\/www.asesoriaorihuelacosta.com\/fr\/?s={search_term_string}"},"query-input":{"@type":"PropertyValueSpecification","valueRequired":true,"valueName":"search_term_string"}}],"inLanguage":"fr-FR"},{"@type":"Organization","@id":"https:\/\/www.asesoriaorihuelacosta.com\/fr\/#organization","name":"Asesor\u00eda Orihuela Costa","url":"https:\/\/www.asesoriaorihuelacosta.com\/fr\/","logo":{"@type":"ImageObject","inLanguage":"fr-FR","@id":"https:\/\/www.asesoriaorihuelacosta.com\/fr\/#\/schema\/logo\/image\/","url":"https:\/\/www.asesoriaorihuelacosta.com\/wp-content\/uploads\/2022\/06\/Logo-espa\u5bf8l-asesoriaorihuela.jpg","contentUrl":"https:\/\/www.asesoriaorihuelacosta.com\/wp-content\/uploads\/2022\/06\/Logo-espa\u5bf8l-asesoriaorihuela.jpg","width":588,"height":136,"caption":"Asesor\u00eda Orihuela Costa"},"image":{"@id":"https:\/\/www.asesoriaorihuelacosta.com\/fr\/#\/schema\/logo\/image\/"},"sameAs":["https:\/\/www.facebook.com\/asesoriaorihuelacosta"]},{"@type":"Person","@id":"https:\/\/www.asesoriaorihuelacosta.com\/fr\/#\/schema\/person\/633255eadc5df7945d142848ebcc5d02","name":"admin"}]}},"_links":{"self":[{"href":"https:\/\/www.asesoriaorihuelacosta.com\/fr\/wp-json\/wp\/v2\/posts\/7215","targetHints":{"allow":["GET"]}}],"collection":[{"href":"https:\/\/www.asesoriaorihuelacosta.com\/fr\/wp-json\/wp\/v2\/posts"}],"about":[{"href":"https:\/\/www.asesoriaorihuelacosta.com\/fr\/wp-json\/wp\/v2\/types\/post"}],"author":[{"embeddable":true,"href":"https:\/\/www.asesoriaorihuelacosta.com\/fr\/wp-json\/wp\/v2\/users\/1"}],"replies":[{"embeddable":true,"href":"https:\/\/www.asesoriaorihuelacosta.com\/fr\/wp-json\/wp\/v2\/comments?post=7215"}],"version-history":[{"count":4,"href":"https:\/\/www.asesoriaorihuelacosta.com\/fr\/wp-json\/wp\/v2\/posts\/7215\/revisions"}],"predecessor-version":[{"id":7219,"href":"https:\/\/www.asesoriaorihuelacosta.com\/fr\/wp-json\/wp\/v2\/posts\/7215\/revisions\/7219"}],"wp:featuredmedia":[{"embeddable":true,"href":"https:\/\/www.asesoriaorihuelacosta.com\/fr\/wp-json\/wp\/v2\/media\/12580"}],"wp:attachment":[{"href":"https:\/\/www.asesoriaorihuelacosta.com\/fr\/wp-json\/wp\/v2\/media?parent=7215"}],"wp:term":[{"taxonomy":"category","embeddable":true,"href":"https:\/\/www.asesoriaorihuelacosta.com\/fr\/wp-json\/wp\/v2\/categories?post=7215"},{"taxonomy":"post_tag","embeddable":true,"href":"https:\/\/www.asesoriaorihuelacosta.com\/fr\/wp-json\/wp\/v2\/tags?post=7215"}],"curies":[{"name":"wp","href":"https:\/\/api.w.org\/{rel}","templated":true}]}}