{"id":7210,"date":"2022-03-30T08:43:30","date_gmt":"2022-03-30T08:43:30","guid":{"rendered":"https:\/\/www.asesoriaorihuelacosta.com\/como-va-a-actuar-la-inspeccion-de-trabajo-en-2020\/"},"modified":"2024-07-14T00:37:09","modified_gmt":"2024-07-14T00:37:09","slug":"como-va-a-actuar-la-inspeccion-de-trabajo-en-2020","status":"publish","type":"post","link":"https:\/\/www.asesoriaorihuelacosta.com\/fr\/como-va-a-actuar-la-inspeccion-de-trabajo-en-2020\/","title":{"rendered":"PLAN STRAT\u00c9GIQUE POUR L&rsquo;INSPECTION DU TRAVAIL ET DE LA S\u00c9CURIT\u00c9 SOCIALE 2018-2020."},"content":{"rendered":"\t\t<div data-elementor-type=\"wp-post\" data-elementor-id=\"7210\" class=\"elementor elementor-7210\" data-elementor-post-type=\"post\">\n\t\t\t\t\t\t<section data-particle_enable=\"false\" data-particle-mobile-disabled=\"false\" class=\"elementor-section elementor-top-section elementor-element elementor-element-d3d2859 elementor-section-boxed elementor-section-height-default elementor-section-height-default\" data-id=\"d3d2859\" data-element_type=\"section\" data-e-type=\"section\">\r\n\t\t\r\n\t\t\t\t\t\t\t<div class=\"elementor-container elementor-column-gap-default\">\r\n\t\t\t\t\t\t\t\t\t\t\t<div class=\"elementor-column elementor-col-100 elementor-top-column elementor-element elementor-element-952793b\" data-id=\"952793b\" data-element_type=\"column\" data-e-type=\"column\">\r\n\t\t\t\t\t<div class=\"elementor-widget-wrap elementor-element-populated\">\r\n\t\t\t\t\t\t\t\t<div class=\"elementor-element elementor-element-6a44992 elementor-widget elementor-widget-text-editor\" data-id=\"6a44992\" data-element_type=\"widget\" data-e-type=\"widget\" data-widget_type=\"text-editor.default\">\n\t\t\t\t<div class=\"elementor-widget-container\">\n\t\t\t\t\t\t\t\t\t<div class=\"blogpost-content\"><div class=\"text-justify\"><div>Le Conseil des ministres a approuv\u00e9 le plan strat\u00e9gique pour l&rsquo;inspection du travail et de la s\u00e9curit\u00e9 sociale 2018-2020. Ce plan est structur\u00e9 en quatre axes et fixe douze objectifs et cent lignes de mise \u00e0 jour pour les ann\u00e9es \u00e0 venir, parmi lesquels l&rsquo;accent est mis sur le contr\u00f4le que l&rsquo;inspection du travail effectuera en termes de surveillance et de respect des r\u00e9glementations. r\u00e9glementaire.<br \/><br \/>Le rapport annuel de l&rsquo;inspection du travail 2018 a r\u00e9cemment \u00e9t\u00e9 rendu public. Le rapport annuel de l&rsquo;inspection du travail comprend, entre autres informations, un r\u00e9sum\u00e9 des actions men\u00e9es et des r\u00e9sultats obtenus en 2018. Les lignes sont \u00e9galement indiqu\u00e9es des actions men\u00e9es par l&rsquo;Inspection en 2019 et qui se poursuivront en 2020, pour pr\u00e9venir et contr\u00f4ler la fraude.<br \/><br \/>Ainsi, parmi les aspects les plus nouveaux, l&rsquo;Inspection r\u00e9alisera les actions suivantes:<br \/><br \/>&#8211; Agira contre les contrats temporaires frauduleux. Par exemple, de nombreuses entreprises continuent de recourir \u00e0 des contrats temporaires pour couvrir les besoins fixes de leur cycle de production.<br \/><br \/>&#8211; Inspecter les embauches frauduleuses \u00e0 temps partiel et tenter de d\u00e9tecter les heures suppl\u00e9mentaires non r\u00e9mun\u00e9r\u00e9es.<br \/><br \/>&#8211; Il corrigera les manquements en mati\u00e8re salariale et ceux issus de l&rsquo;externalisation des activit\u00e9s.<br \/><br \/>&#8211; Il prot\u00e9gera les droits fondamentaux et la promotion de l&rsquo;\u00e9galit\u00e9. \u00c0 ces fins, il sera v\u00e9rifi\u00e9 si les entreprises oblig\u00e9es d&rsquo;avoir un plan d&rsquo;\u00e9galit\u00e9 en disposent.<br \/><br \/>&#8211; Il va r\u00e9gulariser la situation des travailleurs qui sont sous la figure de \u00ab\u00a0faux camarade\u00a0\u00bb. N&rsquo;oubliez pas que le travail effectu\u00e9 par les boursiers doit servir \u00e0 compl\u00e9ter leur formation, et non pas pour que l&rsquo;entreprise profite du travail effectu\u00e9.<br \/><br \/>&#8211; Il contr\u00f4lera l&rsquo;enregistrement de la journ\u00e9e de travail obligatoire.<br \/><br \/>&#8211; Il r\u00e9visera le registre des salaires: l&rsquo;obligation de tous les employeurs, quel que soit le nombre de travailleurs qu&rsquo;ils occupent, est \u00e9tablie de tenir un registre des salaires de leur personnel en indiquant les valeurs moyennes des salaires.<br \/><br \/>&#8211; Des campagnes de contr\u00f4le de diff\u00e9rentes zones seront pr\u00e9vues:<br \/><br \/>a) Cadrage dans des r\u00e9gimes de s\u00e9curit\u00e9 sociale inappropri\u00e9s.<br \/>b) Absence d&rsquo;inscription et d&rsquo;inscription.<br \/>c) Contr\u00f4le de l&#8217;emploi affleurant.<br \/>d) Diff\u00e9rences de prix.<br \/>e) Bonus des contrats: Contr\u00f4le des bonus.<br \/>f) D\u00e9rivation de responsabilit\u00e9.<br \/>g) Autres actions de s\u00e9curit\u00e9 sociale: soci\u00e9t\u00e9s \u00e9crans et soci\u00e9t\u00e9s qui ne transmettent pas les fichiers obligatoires de l&rsquo;ARC (\u00e9l\u00e9ments de r\u00e9mun\u00e9ration pay\u00e9s).<br \/><br \/>&#8211; Enfin, ils continueront d&rsquo;exercer un contr\u00f4le strict dans le domaine de la pr\u00e9vention des risques professionnels, notamment en cas d&rsquo;accident du travail.<br \/><br \/>Pour rendre tout cela possible, l&rsquo;Ex\u00e9cutif renforcera les ressources humaines et mat\u00e9rielles de l&rsquo;Inspection du travail et de la s\u00e9curit\u00e9 sociale, en renfor\u00e7ant les mod\u00e8les et la coop\u00e9ration administrative, ce qui permettra \u00e0 l&rsquo;ITSS un plus grand \u00e9change de donn\u00e9es avec d&rsquo;autres administrations et donc , une plus grande circulation de l&rsquo;information et un contr\u00f4le avec lequel agir.<\/div><\/div><\/div>\t\t\t\t\t\t\t\t<\/div>\n\t\t\t\t<\/div>\n\t\t\t\t\t<\/div>\r\n\t\t\t\t<\/div>\r\n\t\t\t\t\t<\/div>\r\n\t\t\t\t<\/section>\r\n\t\t\t\t<\/div>\n\t\t","protected":false},"excerpt":{"rendered":"<p>Le Conseil des ministres a approuv\u00e9 le plan strat\u00e9gique pour l&rsquo;inspection du travail et de la s\u00e9curit\u00e9 sociale 2018-2020. Ce plan est structur\u00e9 en quatre axes et fixe douze objectifs et cent lignes de mise \u00e0 jour pour les ann\u00e9es \u00e0 venir, parmi lesquels l&rsquo;accent est mis sur le contr\u00f4le que l&rsquo;inspection du travail effectuera [&hellip;]<\/p>\n","protected":false},"author":1,"featured_media":6536,"comment_status":"closed","ping_status":"closed","sticky":false,"template":"","format":"standard","meta":{"_eb_attr":"","inline_featured_image":false,"footnotes":""},"categories":[46],"tags":[],"class_list":["post-7210","post","type-post","status-publish","format-standard","has-post-thumbnail","hentry","category-blog"],"featured_image_src":{"landsacpe":["https:\/\/www.asesoriaorihuelacosta.com\/wp-content\/uploads\/2022\/03\/Inspeccion-de-trabajo.jpg",500,250,false],"list":["https:\/\/www.asesoriaorihuelacosta.com\/wp-content\/uploads\/2022\/03\/Inspeccion-de-trabajo-463x250.jpg",463,250,true],"medium":["https:\/\/www.asesoriaorihuelacosta.com\/wp-content\/uploads\/2022\/03\/Inspeccion-de-trabajo-300x150.jpg",300,150,true],"full":["https:\/\/www.asesoriaorihuelacosta.com\/wp-content\/uploads\/2022\/03\/Inspeccion-de-trabajo.jpg",500,250,false]},"yoast_head":"<!-- This site is optimized with the Yoast SEO Premium plugin v24.7 (Yoast SEO v27.4) - https:\/\/yoast.com\/product\/yoast-seo-premium-wordpress\/ -->\n<title>PLAN STRAT\u00c9GIQUE POUR L&#039;INSPECTION DU TRAVAIL - Asesor\u00eda Orihuela Costa<\/title>\n<meta name=\"description\" content=\"PLAN STRAT\u00c9GIQUE POUR L&#039;INSPECTION DU TRAVAIL EN ESPAGNE ET DE LA S\u00c9CURIT\u00c9 SOCIALE ESPAGNOL POUR LA P\u00c9RIODE 2018-2020.\" \/>\n<meta name=\"robots\" content=\"index, follow, max-snippet:-1, max-image-preview:large, max-video-preview:-1\" \/>\n<link rel=\"canonical\" href=\"https:\/\/www.asesoriaorihuelacosta.com\/fr\/como-va-a-actuar-la-inspeccion-de-trabajo-en-2020\/\" \/>\n<meta property=\"og:locale\" content=\"fr_FR\" \/>\n<meta property=\"og:type\" content=\"article\" \/>\n<meta property=\"og:title\" content=\"PLAN STRAT\u00c9GIQUE POUR L&#039;INSPECTION DU TRAVAIL ET DE LA S\u00c9CURIT\u00c9 SOCIALE 2018-2020.\" \/>\n<meta property=\"og:description\" content=\"PLAN STRAT\u00c9GIQUE POUR L&#039;INSPECTION DU TRAVAIL EN ESPAGNE ET DE LA S\u00c9CURIT\u00c9 SOCIALE ESPAGNOL POUR LA P\u00c9RIODE 2018-2020.\" \/>\n<meta property=\"og:url\" content=\"https:\/\/www.asesoriaorihuelacosta.com\/fr\/como-va-a-actuar-la-inspeccion-de-trabajo-en-2020\/\" \/>\n<meta property=\"og:site_name\" content=\"Asesor\u00eda Orihuela Costa\" \/>\n<meta property=\"article:publisher\" content=\"https:\/\/www.facebook.com\/asesoriaorihuelacosta\" \/>\n<meta property=\"article:published_time\" content=\"2022-03-30T08:43:30+00:00\" \/>\n<meta property=\"article:modified_time\" content=\"2024-07-14T00:37:09+00:00\" \/>\n<meta property=\"og:image\" content=\"https:\/\/www.asesoriaorihuelacosta.com\/wp-content\/uploads\/2022\/03\/Inspeccion-de-trabajo.jpg\" \/>\n\t<meta property=\"og:image:width\" content=\"500\" \/>\n\t<meta property=\"og:image:height\" content=\"250\" \/>\n\t<meta property=\"og:image:type\" content=\"image\/jpeg\" \/>\n<meta name=\"author\" content=\"admin\" \/>\n<meta name=\"twitter:card\" content=\"summary_large_image\" \/>\n<meta name=\"twitter:label1\" content=\"\u00c9crit par\" \/>\n\t<meta name=\"twitter:data1\" content=\"admin\" \/>\n\t<meta name=\"twitter:label2\" content=\"Dur\u00e9e de lecture estim\u00e9e\" \/>\n\t<meta name=\"twitter:data2\" content=\"3 minutes\" \/>\n<script type=\"application\/ld+json\" class=\"yoast-schema-graph\">{\"@context\":\"https:\\\/\\\/schema.org\",\"@graph\":[{\"@type\":\"Article\",\"@id\":\"https:\\\/\\\/www.asesoriaorihuelacosta.com\\\/fr\\\/como-va-a-actuar-la-inspeccion-de-trabajo-en-2020\\\/#article\",\"isPartOf\":{\"@id\":\"https:\\\/\\\/www.asesoriaorihuelacosta.com\\\/fr\\\/como-va-a-actuar-la-inspeccion-de-trabajo-en-2020\\\/\"},\"author\":{\"name\":\"admin\",\"@id\":\"https:\\\/\\\/www.asesoriaorihuelacosta.com\\\/fr\\\/#\\\/schema\\\/person\\\/633255eadc5df7945d142848ebcc5d02\"},\"headline\":\"PLAN STRAT\u00c9GIQUE POUR L&rsquo;INSPECTION DU TRAVAIL ET DE LA S\u00c9CURIT\u00c9 SOCIALE 2018-2020.\",\"datePublished\":\"2022-03-30T08:43:30+00:00\",\"dateModified\":\"2024-07-14T00:37:09+00:00\",\"mainEntityOfPage\":{\"@id\":\"https:\\\/\\\/www.asesoriaorihuelacosta.com\\\/fr\\\/como-va-a-actuar-la-inspeccion-de-trabajo-en-2020\\\/\"},\"wordCount\":551,\"publisher\":{\"@id\":\"https:\\\/\\\/www.asesoriaorihuelacosta.com\\\/fr\\\/#organization\"},\"image\":{\"@id\":\"https:\\\/\\\/www.asesoriaorihuelacosta.com\\\/fr\\\/como-va-a-actuar-la-inspeccion-de-trabajo-en-2020\\\/#primaryimage\"},\"thumbnailUrl\":\"https:\\\/\\\/www.asesoriaorihuelacosta.com\\\/wp-content\\\/uploads\\\/2022\\\/03\\\/Inspeccion-de-trabajo.jpg\",\"articleSection\":[\"Blog\"],\"inLanguage\":\"fr-FR\"},{\"@type\":\"WebPage\",\"@id\":\"https:\\\/\\\/www.asesoriaorihuelacosta.com\\\/fr\\\/como-va-a-actuar-la-inspeccion-de-trabajo-en-2020\\\/\",\"url\":\"https:\\\/\\\/www.asesoriaorihuelacosta.com\\\/fr\\\/como-va-a-actuar-la-inspeccion-de-trabajo-en-2020\\\/\",\"name\":\"PLAN STRAT\u00c9GIQUE POUR L'INSPECTION DU TRAVAIL - Asesor\u00eda Orihuela Costa\",\"isPartOf\":{\"@id\":\"https:\\\/\\\/www.asesoriaorihuelacosta.com\\\/fr\\\/#website\"},\"primaryImageOfPage\":{\"@id\":\"https:\\\/\\\/www.asesoriaorihuelacosta.com\\\/fr\\\/como-va-a-actuar-la-inspeccion-de-trabajo-en-2020\\\/#primaryimage\"},\"image\":{\"@id\":\"https:\\\/\\\/www.asesoriaorihuelacosta.com\\\/fr\\\/como-va-a-actuar-la-inspeccion-de-trabajo-en-2020\\\/#primaryimage\"},\"thumbnailUrl\":\"https:\\\/\\\/www.asesoriaorihuelacosta.com\\\/wp-content\\\/uploads\\\/2022\\\/03\\\/Inspeccion-de-trabajo.jpg\",\"datePublished\":\"2022-03-30T08:43:30+00:00\",\"dateModified\":\"2024-07-14T00:37:09+00:00\",\"description\":\"PLAN STRAT\u00c9GIQUE POUR L'INSPECTION DU TRAVAIL EN ESPAGNE ET DE LA S\u00c9CURIT\u00c9 SOCIALE ESPAGNOL POUR LA P\u00c9RIODE 2018-2020.\",\"breadcrumb\":{\"@id\":\"https:\\\/\\\/www.asesoriaorihuelacosta.com\\\/fr\\\/como-va-a-actuar-la-inspeccion-de-trabajo-en-2020\\\/#breadcrumb\"},\"inLanguage\":\"fr-FR\",\"potentialAction\":[{\"@type\":\"ReadAction\",\"target\":[\"https:\\\/\\\/www.asesoriaorihuelacosta.com\\\/fr\\\/como-va-a-actuar-la-inspeccion-de-trabajo-en-2020\\\/\"]}]},{\"@type\":\"ImageObject\",\"inLanguage\":\"fr-FR\",\"@id\":\"https:\\\/\\\/www.asesoriaorihuelacosta.com\\\/fr\\\/como-va-a-actuar-la-inspeccion-de-trabajo-en-2020\\\/#primaryimage\",\"url\":\"https:\\\/\\\/www.asesoriaorihuelacosta.com\\\/wp-content\\\/uploads\\\/2022\\\/03\\\/Inspeccion-de-trabajo.jpg\",\"contentUrl\":\"https:\\\/\\\/www.asesoriaorihuelacosta.com\\\/wp-content\\\/uploads\\\/2022\\\/03\\\/Inspeccion-de-trabajo.jpg\",\"width\":500,\"height\":250},{\"@type\":\"BreadcrumbList\",\"@id\":\"https:\\\/\\\/www.asesoriaorihuelacosta.com\\\/fr\\\/como-va-a-actuar-la-inspeccion-de-trabajo-en-2020\\\/#breadcrumb\",\"itemListElement\":[{\"@type\":\"ListItem\",\"position\":1,\"name\":\"Home\",\"item\":\"https:\\\/\\\/www.asesoriaorihuelacosta.com\\\/fr\\\/\"},{\"@type\":\"ListItem\",\"position\":2,\"name\":\"PLAN STRAT\u00c9GIQUE POUR L&#8217;INSPECTION DU TRAVAIL ET DE LA S\u00c9CURIT\u00c9 SOCIALE 2018-2020.\"}]},{\"@type\":\"WebSite\",\"@id\":\"https:\\\/\\\/www.asesoriaorihuelacosta.com\\\/fr\\\/#website\",\"url\":\"https:\\\/\\\/www.asesoriaorihuelacosta.com\\\/fr\\\/\",\"name\":\"https:\\\/\\\/www.asesoriaorihuelacosta.com\\\/\",\"description\":\"Grupo de asesores profesionales\",\"publisher\":{\"@id\":\"https:\\\/\\\/www.asesoriaorihuelacosta.com\\\/fr\\\/#organization\"},\"potentialAction\":[{\"@type\":\"SearchAction\",\"target\":{\"@type\":\"EntryPoint\",\"urlTemplate\":\"https:\\\/\\\/www.asesoriaorihuelacosta.com\\\/fr\\\/?s={search_term_string}\"},\"query-input\":{\"@type\":\"PropertyValueSpecification\",\"valueRequired\":true,\"valueName\":\"search_term_string\"}}],\"inLanguage\":\"fr-FR\"},{\"@type\":\"Organization\",\"@id\":\"https:\\\/\\\/www.asesoriaorihuelacosta.com\\\/fr\\\/#organization\",\"name\":\"Asesor\u00eda Orihuela Costa\",\"url\":\"https:\\\/\\\/www.asesoriaorihuelacosta.com\\\/fr\\\/\",\"logo\":{\"@type\":\"ImageObject\",\"inLanguage\":\"fr-FR\",\"@id\":\"https:\\\/\\\/www.asesoriaorihuelacosta.com\\\/fr\\\/#\\\/schema\\\/logo\\\/image\\\/\",\"url\":\"https:\\\/\\\/www.asesoriaorihuelacosta.com\\\/wp-content\\\/uploads\\\/2022\\\/06\\\/Logo-espa\u5bf8l-asesoriaorihuela.jpg\",\"contentUrl\":\"https:\\\/\\\/www.asesoriaorihuelacosta.com\\\/wp-content\\\/uploads\\\/2022\\\/06\\\/Logo-espa\u5bf8l-asesoriaorihuela.jpg\",\"width\":588,\"height\":136,\"caption\":\"Asesor\u00eda Orihuela Costa\"},\"image\":{\"@id\":\"https:\\\/\\\/www.asesoriaorihuelacosta.com\\\/fr\\\/#\\\/schema\\\/logo\\\/image\\\/\"},\"sameAs\":[\"https:\\\/\\\/www.facebook.com\\\/asesoriaorihuelacosta\"]},{\"@type\":\"Person\",\"@id\":\"https:\\\/\\\/www.asesoriaorihuelacosta.com\\\/fr\\\/#\\\/schema\\\/person\\\/633255eadc5df7945d142848ebcc5d02\",\"name\":\"admin\"}]}<\/script>\n<!-- \/ Yoast SEO Premium plugin. -->","yoast_head_json":{"title":"PLAN STRAT\u00c9GIQUE POUR L'INSPECTION DU TRAVAIL - Asesor\u00eda Orihuela Costa","description":"PLAN STRAT\u00c9GIQUE POUR L'INSPECTION DU TRAVAIL EN ESPAGNE ET DE LA S\u00c9CURIT\u00c9 SOCIALE ESPAGNOL POUR LA P\u00c9RIODE 2018-2020.","robots":{"index":"index","follow":"follow","max-snippet":"max-snippet:-1","max-image-preview":"max-image-preview:large","max-video-preview":"max-video-preview:-1"},"canonical":"https:\/\/www.asesoriaorihuelacosta.com\/fr\/como-va-a-actuar-la-inspeccion-de-trabajo-en-2020\/","og_locale":"fr_FR","og_type":"article","og_title":"PLAN STRAT\u00c9GIQUE POUR L'INSPECTION DU TRAVAIL ET DE LA S\u00c9CURIT\u00c9 SOCIALE 2018-2020.","og_description":"PLAN STRAT\u00c9GIQUE POUR L'INSPECTION DU TRAVAIL EN ESPAGNE ET DE LA S\u00c9CURIT\u00c9 SOCIALE ESPAGNOL POUR LA P\u00c9RIODE 2018-2020.","og_url":"https:\/\/www.asesoriaorihuelacosta.com\/fr\/como-va-a-actuar-la-inspeccion-de-trabajo-en-2020\/","og_site_name":"Asesor\u00eda Orihuela Costa","article_publisher":"https:\/\/www.facebook.com\/asesoriaorihuelacosta","article_published_time":"2022-03-30T08:43:30+00:00","article_modified_time":"2024-07-14T00:37:09+00:00","og_image":[{"width":500,"height":250,"url":"https:\/\/www.asesoriaorihuelacosta.com\/wp-content\/uploads\/2022\/03\/Inspeccion-de-trabajo.jpg","type":"image\/jpeg"}],"author":"admin","twitter_card":"summary_large_image","twitter_misc":{"\u00c9crit par":"admin","Dur\u00e9e de lecture estim\u00e9e":"3 minutes"},"schema":{"@context":"https:\/\/schema.org","@graph":[{"@type":"Article","@id":"https:\/\/www.asesoriaorihuelacosta.com\/fr\/como-va-a-actuar-la-inspeccion-de-trabajo-en-2020\/#article","isPartOf":{"@id":"https:\/\/www.asesoriaorihuelacosta.com\/fr\/como-va-a-actuar-la-inspeccion-de-trabajo-en-2020\/"},"author":{"name":"admin","@id":"https:\/\/www.asesoriaorihuelacosta.com\/fr\/#\/schema\/person\/633255eadc5df7945d142848ebcc5d02"},"headline":"PLAN STRAT\u00c9GIQUE POUR L&rsquo;INSPECTION DU TRAVAIL ET DE LA S\u00c9CURIT\u00c9 SOCIALE 2018-2020.","datePublished":"2022-03-30T08:43:30+00:00","dateModified":"2024-07-14T00:37:09+00:00","mainEntityOfPage":{"@id":"https:\/\/www.asesoriaorihuelacosta.com\/fr\/como-va-a-actuar-la-inspeccion-de-trabajo-en-2020\/"},"wordCount":551,"publisher":{"@id":"https:\/\/www.asesoriaorihuelacosta.com\/fr\/#organization"},"image":{"@id":"https:\/\/www.asesoriaorihuelacosta.com\/fr\/como-va-a-actuar-la-inspeccion-de-trabajo-en-2020\/#primaryimage"},"thumbnailUrl":"https:\/\/www.asesoriaorihuelacosta.com\/wp-content\/uploads\/2022\/03\/Inspeccion-de-trabajo.jpg","articleSection":["Blog"],"inLanguage":"fr-FR"},{"@type":"WebPage","@id":"https:\/\/www.asesoriaorihuelacosta.com\/fr\/como-va-a-actuar-la-inspeccion-de-trabajo-en-2020\/","url":"https:\/\/www.asesoriaorihuelacosta.com\/fr\/como-va-a-actuar-la-inspeccion-de-trabajo-en-2020\/","name":"PLAN STRAT\u00c9GIQUE POUR L'INSPECTION DU TRAVAIL - Asesor\u00eda Orihuela Costa","isPartOf":{"@id":"https:\/\/www.asesoriaorihuelacosta.com\/fr\/#website"},"primaryImageOfPage":{"@id":"https:\/\/www.asesoriaorihuelacosta.com\/fr\/como-va-a-actuar-la-inspeccion-de-trabajo-en-2020\/#primaryimage"},"image":{"@id":"https:\/\/www.asesoriaorihuelacosta.com\/fr\/como-va-a-actuar-la-inspeccion-de-trabajo-en-2020\/#primaryimage"},"thumbnailUrl":"https:\/\/www.asesoriaorihuelacosta.com\/wp-content\/uploads\/2022\/03\/Inspeccion-de-trabajo.jpg","datePublished":"2022-03-30T08:43:30+00:00","dateModified":"2024-07-14T00:37:09+00:00","description":"PLAN STRAT\u00c9GIQUE POUR L'INSPECTION DU TRAVAIL EN ESPAGNE ET DE LA S\u00c9CURIT\u00c9 SOCIALE ESPAGNOL POUR LA P\u00c9RIODE 2018-2020.","breadcrumb":{"@id":"https:\/\/www.asesoriaorihuelacosta.com\/fr\/como-va-a-actuar-la-inspeccion-de-trabajo-en-2020\/#breadcrumb"},"inLanguage":"fr-FR","potentialAction":[{"@type":"ReadAction","target":["https:\/\/www.asesoriaorihuelacosta.com\/fr\/como-va-a-actuar-la-inspeccion-de-trabajo-en-2020\/"]}]},{"@type":"ImageObject","inLanguage":"fr-FR","@id":"https:\/\/www.asesoriaorihuelacosta.com\/fr\/como-va-a-actuar-la-inspeccion-de-trabajo-en-2020\/#primaryimage","url":"https:\/\/www.asesoriaorihuelacosta.com\/wp-content\/uploads\/2022\/03\/Inspeccion-de-trabajo.jpg","contentUrl":"https:\/\/www.asesoriaorihuelacosta.com\/wp-content\/uploads\/2022\/03\/Inspeccion-de-trabajo.jpg","width":500,"height":250},{"@type":"BreadcrumbList","@id":"https:\/\/www.asesoriaorihuelacosta.com\/fr\/como-va-a-actuar-la-inspeccion-de-trabajo-en-2020\/#breadcrumb","itemListElement":[{"@type":"ListItem","position":1,"name":"Home","item":"https:\/\/www.asesoriaorihuelacosta.com\/fr\/"},{"@type":"ListItem","position":2,"name":"PLAN STRAT\u00c9GIQUE POUR L&#8217;INSPECTION DU TRAVAIL ET DE LA S\u00c9CURIT\u00c9 SOCIALE 2018-2020."}]},{"@type":"WebSite","@id":"https:\/\/www.asesoriaorihuelacosta.com\/fr\/#website","url":"https:\/\/www.asesoriaorihuelacosta.com\/fr\/","name":"https:\/\/www.asesoriaorihuelacosta.com\/","description":"Grupo de asesores profesionales","publisher":{"@id":"https:\/\/www.asesoriaorihuelacosta.com\/fr\/#organization"},"potentialAction":[{"@type":"SearchAction","target":{"@type":"EntryPoint","urlTemplate":"https:\/\/www.asesoriaorihuelacosta.com\/fr\/?s={search_term_string}"},"query-input":{"@type":"PropertyValueSpecification","valueRequired":true,"valueName":"search_term_string"}}],"inLanguage":"fr-FR"},{"@type":"Organization","@id":"https:\/\/www.asesoriaorihuelacosta.com\/fr\/#organization","name":"Asesor\u00eda Orihuela Costa","url":"https:\/\/www.asesoriaorihuelacosta.com\/fr\/","logo":{"@type":"ImageObject","inLanguage":"fr-FR","@id":"https:\/\/www.asesoriaorihuelacosta.com\/fr\/#\/schema\/logo\/image\/","url":"https:\/\/www.asesoriaorihuelacosta.com\/wp-content\/uploads\/2022\/06\/Logo-espa\u5bf8l-asesoriaorihuela.jpg","contentUrl":"https:\/\/www.asesoriaorihuelacosta.com\/wp-content\/uploads\/2022\/06\/Logo-espa\u5bf8l-asesoriaorihuela.jpg","width":588,"height":136,"caption":"Asesor\u00eda Orihuela Costa"},"image":{"@id":"https:\/\/www.asesoriaorihuelacosta.com\/fr\/#\/schema\/logo\/image\/"},"sameAs":["https:\/\/www.facebook.com\/asesoriaorihuelacosta"]},{"@type":"Person","@id":"https:\/\/www.asesoriaorihuelacosta.com\/fr\/#\/schema\/person\/633255eadc5df7945d142848ebcc5d02","name":"admin"}]}},"_links":{"self":[{"href":"https:\/\/www.asesoriaorihuelacosta.com\/fr\/wp-json\/wp\/v2\/posts\/7210","targetHints":{"allow":["GET"]}}],"collection":[{"href":"https:\/\/www.asesoriaorihuelacosta.com\/fr\/wp-json\/wp\/v2\/posts"}],"about":[{"href":"https:\/\/www.asesoriaorihuelacosta.com\/fr\/wp-json\/wp\/v2\/types\/post"}],"author":[{"embeddable":true,"href":"https:\/\/www.asesoriaorihuelacosta.com\/fr\/wp-json\/wp\/v2\/users\/1"}],"replies":[{"embeddable":true,"href":"https:\/\/www.asesoriaorihuelacosta.com\/fr\/wp-json\/wp\/v2\/comments?post=7210"}],"version-history":[{"count":4,"href":"https:\/\/www.asesoriaorihuelacosta.com\/fr\/wp-json\/wp\/v2\/posts\/7210\/revisions"}],"predecessor-version":[{"id":7214,"href":"https:\/\/www.asesoriaorihuelacosta.com\/fr\/wp-json\/wp\/v2\/posts\/7210\/revisions\/7214"}],"wp:featuredmedia":[{"embeddable":true,"href":"https:\/\/www.asesoriaorihuelacosta.com\/fr\/wp-json\/wp\/v2\/media\/6536"}],"wp:attachment":[{"href":"https:\/\/www.asesoriaorihuelacosta.com\/fr\/wp-json\/wp\/v2\/media?parent=7210"}],"wp:term":[{"taxonomy":"category","embeddable":true,"href":"https:\/\/www.asesoriaorihuelacosta.com\/fr\/wp-json\/wp\/v2\/categories?post=7210"},{"taxonomy":"post_tag","embeddable":true,"href":"https:\/\/www.asesoriaorihuelacosta.com\/fr\/wp-json\/wp\/v2\/tags?post=7210"}],"curies":[{"name":"wp","href":"https:\/\/api.w.org\/{rel}","templated":true}]}}