{"id":7190,"date":"2020-03-29T09:15:00","date_gmt":"2020-03-29T09:15:00","guid":{"rendered":"https:\/\/www.asesoriaorihuelacosta.com\/duras-sanciones-por-el-incumplimiento-de-medidas-laborales-para-hacer-frente-al-covid-19\/"},"modified":"2022-12-31T07:41:05","modified_gmt":"2022-12-31T07:41:05","slug":"sanction-mesure-de-travail-covid-19","status":"publish","type":"post","link":"https:\/\/www.asesoriaorihuelacosta.com\/fr\/sanction-mesure-de-travail-covid-19\/","title":{"rendered":"L&rsquo;inspection m\u00e9trera des sanctions pour les mesures du travail Covid-19"},"content":{"rendered":"\t\t<div data-elementor-type=\"wp-post\" data-elementor-id=\"7190\" class=\"elementor elementor-7190\" data-elementor-post-type=\"post\">\n\t\t\t\t\t\t<section data-particle_enable=\"false\" data-particle-mobile-disabled=\"false\" class=\"elementor-section elementor-top-section elementor-element elementor-element-5490016 elementor-section-boxed elementor-section-height-default elementor-section-height-default\" data-id=\"5490016\" data-element_type=\"section\" data-e-type=\"section\">\r\n\t\t\r\n\t\t\t\t\t\t\t<div class=\"elementor-container elementor-column-gap-default\">\r\n\t\t\t\t\t\t\t\t\t\t\t<div class=\"elementor-column elementor-col-100 elementor-top-column elementor-element elementor-element-3f42cb6\" data-id=\"3f42cb6\" data-element_type=\"column\" data-e-type=\"column\">\r\n\t\t\t\t\t<div class=\"elementor-widget-wrap elementor-element-populated\">\r\n\t\t\t\t\t\t\t\t<div class=\"elementor-element elementor-element-c1f6e3c elementor-widget elementor-widget-text-editor\" data-id=\"c1f6e3c\" data-element_type=\"widget\" data-e-type=\"widget\" data-widget_type=\"text-editor.default\">\n\t\t\t\t<div class=\"elementor-widget-container\">\n\t\t\t\t\t\t\t\t\t<h2>Sanction mesure du travail Covid-19<\/h2><div><p>\u00a0<\/p><p><strong>L&rsquo;inspection du travail peut sanctionner le non-respect des mesures de pr\u00e9vention et d&rsquo;hygi\u00e8ne sur le lieu de travail<\/strong><\/p><p><a href=\"https:\/\/www.boe.es\/diario_boe\/txt.php?id=BOE-A-2020-7432\">Le d\u00e9cret-loi royal 26\/2020 du 7 juillet<\/a>\u00a0sur les mesures de relance \u00e9conomique pour faire face \u00e0 l&rsquo;impact du COVID-19 dans les domaines des transports et du logement, dans sa douzi\u00e8me disposition finale, autorise les agents de l&rsquo;inspection du travail et de la s\u00e9curit\u00e9 sociale pour contr\u00f4ler le respect, par les entreprises, des mesures de sant\u00e9 publique pr\u00e9vues par\u00a0<a href=\"https:\/\/www.boe.es\/diario_boe\/txt.php?id=BOE-A-2020-5895\">le d\u00e9cret-loi royal 21\/2020, du 9 juin<\/a>, des mesures urgentes de pr\u00e9vention, de confinement et de coordination pour faire face \u00e0 la crise sanitaire.<\/p><p><strong>Ces mesures sanitaires sont les suivantes:<\/strong><\/p><p>\u2022\u00a0<strong>Adoption de mesures de ventilation<\/strong>, de nettoyage et de d\u00e9sinfection adapt\u00e9es aux caract\u00e9ristiques et \u00e0 l&rsquo;intensit\u00e9 d&rsquo;utilisation des postes de travail, conform\u00e9ment aux protocoles \u00e9tablis.<\/p><p>\u2022\u00a0<strong>Fournir\u00a0savon et eau<\/strong>,\u00a0gels hydroalcooliques ou\u00a0d\u00e9sinfectants \u00e0 activit\u00e9 virucide, autoris\u00e9s et enregistr\u00e9s par le Minist\u00e8re de la Sant\u00e9, pour le nettoyage des mains.<\/p><p>\u2022\u00a0<strong>Adaptation des conditions de travai<\/strong>l, y compris l&rsquo;organisation des emplois et l&rsquo;organisation des quarts, ainsi que l&rsquo;utilisation des lieux communs afin de garantir une distance minimale de s\u00e9curit\u00e9 interpersonnelle de 1,5 m\u00e8tre entre les travailleurs. Lorsque cela n&rsquo;est pas possible, les travailleurs doivent disposer d&rsquo;un \u00e9quipement de protection adapt\u00e9 au niveau de risque.<\/p><p>\u2022\u00a0<strong>Adoption de mesures pour \u00e9viter la co\u00efncidence massive de personnes<\/strong>, \u00e0 la fois les travailleurs et les clients \/ utilisateurs, dans les centres de travail pendant les p\u00e9riodes d&rsquo;afflux pr\u00e9vu.<\/p><p><strong>Le non-respect de ces mesures peut \u00eatre consid\u00e9r\u00e9 comme un d\u00e9lit grave dans la pr\u00e9vention des risques professionnels et peut entra\u00eener des sanctions de l&rsquo;inspection du travail et de la s\u00e9curit\u00e9 sociale pour des montants allant de 2.046 \u00e0 40.985 euros.<\/strong><\/p><p>Nous esp\u00e9rons que ces informations vous seront utiles et\u00a0<a href=\"https:\/\/www.asesoriaorihuelacosta.com\/contact\">nous restons \u00e0 votre disposition<\/a>, comme toujours.<\/p><\/div>\t\t\t\t\t\t\t\t<\/div>\n\t\t\t\t<\/div>\n\t\t\t\t\t<\/div>\r\n\t\t\t\t<\/div>\r\n\t\t\t\t\t<\/div>\r\n\t\t\t\t<\/section>\r\n\t\t\t\t<\/div>\n\t\t","protected":false},"excerpt":{"rendered":"<p>Sanction mesure du travail Covid-19 \u00a0 L&rsquo;inspection du travail peut sanctionner le non-respect des mesures de pr\u00e9vention et d&rsquo;hygi\u00e8ne sur le lieu de travail Le d\u00e9cret-loi royal 26\/2020 du 7 juillet\u00a0sur les mesures de relance \u00e9conomique pour faire face \u00e0 l&rsquo;impact du COVID-19 dans les domaines des transports et du logement, dans sa douzi\u00e8me disposition [&hellip;]<\/p>\n","protected":false},"author":1,"featured_media":10492,"comment_status":"closed","ping_status":"closed","sticky":false,"template":"","format":"standard","meta":{"_eb_attr":"","inline_featured_image":false,"footnotes":""},"categories":[46],"tags":[],"class_list":["post-7190","post","type-post","status-publish","format-standard","has-post-thumbnail","hentry","category-blog"],"featured_image_src":{"landsacpe":["https:\/\/www.asesoriaorihuelacosta.com\/wp-content\/uploads\/2022\/03\/Sanciones-medidas-laborales-Covid-19-1140x445.jpeg",1140,445,true],"list":["https:\/\/www.asesoriaorihuelacosta.com\/wp-content\/uploads\/2022\/03\/Sanciones-medidas-laborales-Covid-19-463x348.jpeg",463,348,true],"medium":["https:\/\/www.asesoriaorihuelacosta.com\/wp-content\/uploads\/2022\/03\/Sanciones-medidas-laborales-Covid-19-300x240.jpeg",300,240,true],"full":["https:\/\/www.asesoriaorihuelacosta.com\/wp-content\/uploads\/2022\/03\/Sanciones-medidas-laborales-Covid-19.jpeg",1280,1024,false]},"yoast_head":"<!-- This site is optimized with the Yoast SEO Premium plugin v24.7 (Yoast SEO v27.4) - https:\/\/yoast.com\/product\/yoast-seo-premium-wordpress\/ -->\n<title>L&#039;inspection m\u00e9trera des sanctions mesures du travail Covid-19<\/title>\n<meta name=\"description\" content=\"L\u2019inspection du travail peut sanctionner le non-respect des mesures de pr\u00e9vention et d\u2019hygi\u00e8ne sur le lieu de travail\" \/>\n<meta name=\"robots\" content=\"index, follow, max-snippet:-1, max-image-preview:large, max-video-preview:-1\" \/>\n<link rel=\"canonical\" href=\"https:\/\/www.asesoriaorihuelacosta.com\/fr\/sanction-mesure-de-travail-covid-19\/\" \/>\n<meta property=\"og:locale\" content=\"fr_FR\" \/>\n<meta property=\"og:type\" content=\"article\" \/>\n<meta property=\"og:title\" content=\"L&#039;inspection m\u00e9trera des sanctions pour les mesures du travail Covid-19\" \/>\n<meta property=\"og:description\" content=\"L\u2019inspection du travail peut sanctionner le non-respect des mesures de pr\u00e9vention et d\u2019hygi\u00e8ne sur le lieu de travail\" \/>\n<meta property=\"og:url\" content=\"https:\/\/www.asesoriaorihuelacosta.com\/fr\/sanction-mesure-de-travail-covid-19\/\" \/>\n<meta property=\"og:site_name\" content=\"Asesor\u00eda Orihuela Costa\" \/>\n<meta property=\"article:publisher\" content=\"https:\/\/www.facebook.com\/asesoriaorihuelacosta\" \/>\n<meta property=\"article:published_time\" content=\"2020-03-29T09:15:00+00:00\" \/>\n<meta property=\"article:modified_time\" content=\"2022-12-31T07:41:05+00:00\" \/>\n<meta property=\"og:image\" content=\"https:\/\/www.asesoriaorihuelacosta.com\/wp-content\/uploads\/2022\/03\/Sanciones-medidas-laborales-Covid-19.jpeg\" \/>\n\t<meta property=\"og:image:width\" content=\"1280\" \/>\n\t<meta property=\"og:image:height\" content=\"1024\" \/>\n\t<meta property=\"og:image:type\" content=\"image\/jpeg\" \/>\n<meta name=\"author\" content=\"admin\" \/>\n<meta name=\"twitter:card\" content=\"summary_large_image\" \/>\n<meta name=\"twitter:label1\" content=\"\u00c9crit par\" \/>\n\t<meta name=\"twitter:data1\" content=\"admin\" \/>\n\t<meta name=\"twitter:label2\" content=\"Dur\u00e9e de lecture estim\u00e9e\" \/>\n\t<meta name=\"twitter:data2\" content=\"2 minutes\" \/>\n<script type=\"application\/ld+json\" class=\"yoast-schema-graph\">{\"@context\":\"https:\\\/\\\/schema.org\",\"@graph\":[{\"@type\":\"Article\",\"@id\":\"https:\\\/\\\/www.asesoriaorihuelacosta.com\\\/fr\\\/sanction-mesure-de-travail-covid-19\\\/#article\",\"isPartOf\":{\"@id\":\"https:\\\/\\\/www.asesoriaorihuelacosta.com\\\/fr\\\/sanction-mesure-de-travail-covid-19\\\/\"},\"author\":{\"name\":\"admin\",\"@id\":\"https:\\\/\\\/www.asesoriaorihuelacosta.com\\\/fr\\\/#\\\/schema\\\/person\\\/633255eadc5df7945d142848ebcc5d02\"},\"headline\":\"L&rsquo;inspection m\u00e9trera des sanctions pour les mesures du travail Covid-19\",\"datePublished\":\"2020-03-29T09:15:00+00:00\",\"dateModified\":\"2022-12-31T07:41:05+00:00\",\"mainEntityOfPage\":{\"@id\":\"https:\\\/\\\/www.asesoriaorihuelacosta.com\\\/fr\\\/sanction-mesure-de-travail-covid-19\\\/\"},\"wordCount\":340,\"publisher\":{\"@id\":\"https:\\\/\\\/www.asesoriaorihuelacosta.com\\\/fr\\\/#organization\"},\"image\":{\"@id\":\"https:\\\/\\\/www.asesoriaorihuelacosta.com\\\/fr\\\/sanction-mesure-de-travail-covid-19\\\/#primaryimage\"},\"thumbnailUrl\":\"https:\\\/\\\/www.asesoriaorihuelacosta.com\\\/wp-content\\\/uploads\\\/2022\\\/03\\\/Sanciones-medidas-laborales-Covid-19.jpeg\",\"articleSection\":[\"Blog\"],\"inLanguage\":\"fr-FR\"},{\"@type\":\"WebPage\",\"@id\":\"https:\\\/\\\/www.asesoriaorihuelacosta.com\\\/fr\\\/sanction-mesure-de-travail-covid-19\\\/\",\"url\":\"https:\\\/\\\/www.asesoriaorihuelacosta.com\\\/fr\\\/sanction-mesure-de-travail-covid-19\\\/\",\"name\":\"L'inspection m\u00e9trera des sanctions mesures du travail Covid-19\",\"isPartOf\":{\"@id\":\"https:\\\/\\\/www.asesoriaorihuelacosta.com\\\/fr\\\/#website\"},\"primaryImageOfPage\":{\"@id\":\"https:\\\/\\\/www.asesoriaorihuelacosta.com\\\/fr\\\/sanction-mesure-de-travail-covid-19\\\/#primaryimage\"},\"image\":{\"@id\":\"https:\\\/\\\/www.asesoriaorihuelacosta.com\\\/fr\\\/sanction-mesure-de-travail-covid-19\\\/#primaryimage\"},\"thumbnailUrl\":\"https:\\\/\\\/www.asesoriaorihuelacosta.com\\\/wp-content\\\/uploads\\\/2022\\\/03\\\/Sanciones-medidas-laborales-Covid-19.jpeg\",\"datePublished\":\"2020-03-29T09:15:00+00:00\",\"dateModified\":\"2022-12-31T07:41:05+00:00\",\"description\":\"L\u2019inspection du travail peut sanctionner le non-respect des mesures de pr\u00e9vention et d\u2019hygi\u00e8ne sur le lieu de travail\",\"breadcrumb\":{\"@id\":\"https:\\\/\\\/www.asesoriaorihuelacosta.com\\\/fr\\\/sanction-mesure-de-travail-covid-19\\\/#breadcrumb\"},\"inLanguage\":\"fr-FR\",\"potentialAction\":[{\"@type\":\"ReadAction\",\"target\":[\"https:\\\/\\\/www.asesoriaorihuelacosta.com\\\/fr\\\/sanction-mesure-de-travail-covid-19\\\/\"]}]},{\"@type\":\"ImageObject\",\"inLanguage\":\"fr-FR\",\"@id\":\"https:\\\/\\\/www.asesoriaorihuelacosta.com\\\/fr\\\/sanction-mesure-de-travail-covid-19\\\/#primaryimage\",\"url\":\"https:\\\/\\\/www.asesoriaorihuelacosta.com\\\/wp-content\\\/uploads\\\/2022\\\/03\\\/Sanciones-medidas-laborales-Covid-19.jpeg\",\"contentUrl\":\"https:\\\/\\\/www.asesoriaorihuelacosta.com\\\/wp-content\\\/uploads\\\/2022\\\/03\\\/Sanciones-medidas-laborales-Covid-19.jpeg\",\"width\":1280,\"height\":1024,\"caption\":\"Sanciones medidas laborales Covid-19\"},{\"@type\":\"BreadcrumbList\",\"@id\":\"https:\\\/\\\/www.asesoriaorihuelacosta.com\\\/fr\\\/sanction-mesure-de-travail-covid-19\\\/#breadcrumb\",\"itemListElement\":[{\"@type\":\"ListItem\",\"position\":1,\"name\":\"Home\",\"item\":\"https:\\\/\\\/www.asesoriaorihuelacosta.com\\\/fr\\\/\"},{\"@type\":\"ListItem\",\"position\":2,\"name\":\"L&#8217;inspection m\u00e9trera des sanctions pour les mesures du travail Covid-19\"}]},{\"@type\":\"WebSite\",\"@id\":\"https:\\\/\\\/www.asesoriaorihuelacosta.com\\\/fr\\\/#website\",\"url\":\"https:\\\/\\\/www.asesoriaorihuelacosta.com\\\/fr\\\/\",\"name\":\"https:\\\/\\\/www.asesoriaorihuelacosta.com\\\/\",\"description\":\"Grupo de asesores profesionales\",\"publisher\":{\"@id\":\"https:\\\/\\\/www.asesoriaorihuelacosta.com\\\/fr\\\/#organization\"},\"potentialAction\":[{\"@type\":\"SearchAction\",\"target\":{\"@type\":\"EntryPoint\",\"urlTemplate\":\"https:\\\/\\\/www.asesoriaorihuelacosta.com\\\/fr\\\/?s={search_term_string}\"},\"query-input\":{\"@type\":\"PropertyValueSpecification\",\"valueRequired\":true,\"valueName\":\"search_term_string\"}}],\"inLanguage\":\"fr-FR\"},{\"@type\":\"Organization\",\"@id\":\"https:\\\/\\\/www.asesoriaorihuelacosta.com\\\/fr\\\/#organization\",\"name\":\"Asesor\u00eda Orihuela Costa\",\"url\":\"https:\\\/\\\/www.asesoriaorihuelacosta.com\\\/fr\\\/\",\"logo\":{\"@type\":\"ImageObject\",\"inLanguage\":\"fr-FR\",\"@id\":\"https:\\\/\\\/www.asesoriaorihuelacosta.com\\\/fr\\\/#\\\/schema\\\/logo\\\/image\\\/\",\"url\":\"https:\\\/\\\/www.asesoriaorihuelacosta.com\\\/wp-content\\\/uploads\\\/2022\\\/06\\\/Logo-espa\u5bf8l-asesoriaorihuela.jpg\",\"contentUrl\":\"https:\\\/\\\/www.asesoriaorihuelacosta.com\\\/wp-content\\\/uploads\\\/2022\\\/06\\\/Logo-espa\u5bf8l-asesoriaorihuela.jpg\",\"width\":588,\"height\":136,\"caption\":\"Asesor\u00eda Orihuela Costa\"},\"image\":{\"@id\":\"https:\\\/\\\/www.asesoriaorihuelacosta.com\\\/fr\\\/#\\\/schema\\\/logo\\\/image\\\/\"},\"sameAs\":[\"https:\\\/\\\/www.facebook.com\\\/asesoriaorihuelacosta\"]},{\"@type\":\"Person\",\"@id\":\"https:\\\/\\\/www.asesoriaorihuelacosta.com\\\/fr\\\/#\\\/schema\\\/person\\\/633255eadc5df7945d142848ebcc5d02\",\"name\":\"admin\"}]}<\/script>\n<!-- \/ Yoast SEO Premium plugin. -->","yoast_head_json":{"title":"L'inspection m\u00e9trera des sanctions mesures du travail Covid-19","description":"L\u2019inspection du travail peut sanctionner le non-respect des mesures de pr\u00e9vention et d\u2019hygi\u00e8ne sur le lieu de travail","robots":{"index":"index","follow":"follow","max-snippet":"max-snippet:-1","max-image-preview":"max-image-preview:large","max-video-preview":"max-video-preview:-1"},"canonical":"https:\/\/www.asesoriaorihuelacosta.com\/fr\/sanction-mesure-de-travail-covid-19\/","og_locale":"fr_FR","og_type":"article","og_title":"L'inspection m\u00e9trera des sanctions pour les mesures du travail Covid-19","og_description":"L\u2019inspection du travail peut sanctionner le non-respect des mesures de pr\u00e9vention et d\u2019hygi\u00e8ne sur le lieu de travail","og_url":"https:\/\/www.asesoriaorihuelacosta.com\/fr\/sanction-mesure-de-travail-covid-19\/","og_site_name":"Asesor\u00eda Orihuela Costa","article_publisher":"https:\/\/www.facebook.com\/asesoriaorihuelacosta","article_published_time":"2020-03-29T09:15:00+00:00","article_modified_time":"2022-12-31T07:41:05+00:00","og_image":[{"width":1280,"height":1024,"url":"https:\/\/www.asesoriaorihuelacosta.com\/wp-content\/uploads\/2022\/03\/Sanciones-medidas-laborales-Covid-19.jpeg","type":"image\/jpeg"}],"author":"admin","twitter_card":"summary_large_image","twitter_misc":{"\u00c9crit par":"admin","Dur\u00e9e de lecture estim\u00e9e":"2 minutes"},"schema":{"@context":"https:\/\/schema.org","@graph":[{"@type":"Article","@id":"https:\/\/www.asesoriaorihuelacosta.com\/fr\/sanction-mesure-de-travail-covid-19\/#article","isPartOf":{"@id":"https:\/\/www.asesoriaorihuelacosta.com\/fr\/sanction-mesure-de-travail-covid-19\/"},"author":{"name":"admin","@id":"https:\/\/www.asesoriaorihuelacosta.com\/fr\/#\/schema\/person\/633255eadc5df7945d142848ebcc5d02"},"headline":"L&rsquo;inspection m\u00e9trera des sanctions pour les mesures du travail Covid-19","datePublished":"2020-03-29T09:15:00+00:00","dateModified":"2022-12-31T07:41:05+00:00","mainEntityOfPage":{"@id":"https:\/\/www.asesoriaorihuelacosta.com\/fr\/sanction-mesure-de-travail-covid-19\/"},"wordCount":340,"publisher":{"@id":"https:\/\/www.asesoriaorihuelacosta.com\/fr\/#organization"},"image":{"@id":"https:\/\/www.asesoriaorihuelacosta.com\/fr\/sanction-mesure-de-travail-covid-19\/#primaryimage"},"thumbnailUrl":"https:\/\/www.asesoriaorihuelacosta.com\/wp-content\/uploads\/2022\/03\/Sanciones-medidas-laborales-Covid-19.jpeg","articleSection":["Blog"],"inLanguage":"fr-FR"},{"@type":"WebPage","@id":"https:\/\/www.asesoriaorihuelacosta.com\/fr\/sanction-mesure-de-travail-covid-19\/","url":"https:\/\/www.asesoriaorihuelacosta.com\/fr\/sanction-mesure-de-travail-covid-19\/","name":"L'inspection m\u00e9trera des sanctions mesures du travail Covid-19","isPartOf":{"@id":"https:\/\/www.asesoriaorihuelacosta.com\/fr\/#website"},"primaryImageOfPage":{"@id":"https:\/\/www.asesoriaorihuelacosta.com\/fr\/sanction-mesure-de-travail-covid-19\/#primaryimage"},"image":{"@id":"https:\/\/www.asesoriaorihuelacosta.com\/fr\/sanction-mesure-de-travail-covid-19\/#primaryimage"},"thumbnailUrl":"https:\/\/www.asesoriaorihuelacosta.com\/wp-content\/uploads\/2022\/03\/Sanciones-medidas-laborales-Covid-19.jpeg","datePublished":"2020-03-29T09:15:00+00:00","dateModified":"2022-12-31T07:41:05+00:00","description":"L\u2019inspection du travail peut sanctionner le non-respect des mesures de pr\u00e9vention et d\u2019hygi\u00e8ne sur le lieu de travail","breadcrumb":{"@id":"https:\/\/www.asesoriaorihuelacosta.com\/fr\/sanction-mesure-de-travail-covid-19\/#breadcrumb"},"inLanguage":"fr-FR","potentialAction":[{"@type":"ReadAction","target":["https:\/\/www.asesoriaorihuelacosta.com\/fr\/sanction-mesure-de-travail-covid-19\/"]}]},{"@type":"ImageObject","inLanguage":"fr-FR","@id":"https:\/\/www.asesoriaorihuelacosta.com\/fr\/sanction-mesure-de-travail-covid-19\/#primaryimage","url":"https:\/\/www.asesoriaorihuelacosta.com\/wp-content\/uploads\/2022\/03\/Sanciones-medidas-laborales-Covid-19.jpeg","contentUrl":"https:\/\/www.asesoriaorihuelacosta.com\/wp-content\/uploads\/2022\/03\/Sanciones-medidas-laborales-Covid-19.jpeg","width":1280,"height":1024,"caption":"Sanciones medidas laborales Covid-19"},{"@type":"BreadcrumbList","@id":"https:\/\/www.asesoriaorihuelacosta.com\/fr\/sanction-mesure-de-travail-covid-19\/#breadcrumb","itemListElement":[{"@type":"ListItem","position":1,"name":"Home","item":"https:\/\/www.asesoriaorihuelacosta.com\/fr\/"},{"@type":"ListItem","position":2,"name":"L&#8217;inspection m\u00e9trera des sanctions pour les mesures du travail Covid-19"}]},{"@type":"WebSite","@id":"https:\/\/www.asesoriaorihuelacosta.com\/fr\/#website","url":"https:\/\/www.asesoriaorihuelacosta.com\/fr\/","name":"https:\/\/www.asesoriaorihuelacosta.com\/","description":"Grupo de asesores profesionales","publisher":{"@id":"https:\/\/www.asesoriaorihuelacosta.com\/fr\/#organization"},"potentialAction":[{"@type":"SearchAction","target":{"@type":"EntryPoint","urlTemplate":"https:\/\/www.asesoriaorihuelacosta.com\/fr\/?s={search_term_string}"},"query-input":{"@type":"PropertyValueSpecification","valueRequired":true,"valueName":"search_term_string"}}],"inLanguage":"fr-FR"},{"@type":"Organization","@id":"https:\/\/www.asesoriaorihuelacosta.com\/fr\/#organization","name":"Asesor\u00eda Orihuela Costa","url":"https:\/\/www.asesoriaorihuelacosta.com\/fr\/","logo":{"@type":"ImageObject","inLanguage":"fr-FR","@id":"https:\/\/www.asesoriaorihuelacosta.com\/fr\/#\/schema\/logo\/image\/","url":"https:\/\/www.asesoriaorihuelacosta.com\/wp-content\/uploads\/2022\/06\/Logo-espa\u5bf8l-asesoriaorihuela.jpg","contentUrl":"https:\/\/www.asesoriaorihuelacosta.com\/wp-content\/uploads\/2022\/06\/Logo-espa\u5bf8l-asesoriaorihuela.jpg","width":588,"height":136,"caption":"Asesor\u00eda Orihuela Costa"},"image":{"@id":"https:\/\/www.asesoriaorihuelacosta.com\/fr\/#\/schema\/logo\/image\/"},"sameAs":["https:\/\/www.facebook.com\/asesoriaorihuelacosta"]},{"@type":"Person","@id":"https:\/\/www.asesoriaorihuelacosta.com\/fr\/#\/schema\/person\/633255eadc5df7945d142848ebcc5d02","name":"admin"}]}},"_links":{"self":[{"href":"https:\/\/www.asesoriaorihuelacosta.com\/fr\/wp-json\/wp\/v2\/posts\/7190","targetHints":{"allow":["GET"]}}],"collection":[{"href":"https:\/\/www.asesoriaorihuelacosta.com\/fr\/wp-json\/wp\/v2\/posts"}],"about":[{"href":"https:\/\/www.asesoriaorihuelacosta.com\/fr\/wp-json\/wp\/v2\/types\/post"}],"author":[{"embeddable":true,"href":"https:\/\/www.asesoriaorihuelacosta.com\/fr\/wp-json\/wp\/v2\/users\/1"}],"replies":[{"embeddable":true,"href":"https:\/\/www.asesoriaorihuelacosta.com\/fr\/wp-json\/wp\/v2\/comments?post=7190"}],"version-history":[{"count":8,"href":"https:\/\/www.asesoriaorihuelacosta.com\/fr\/wp-json\/wp\/v2\/posts\/7190\/revisions"}],"predecessor-version":[{"id":10504,"href":"https:\/\/www.asesoriaorihuelacosta.com\/fr\/wp-json\/wp\/v2\/posts\/7190\/revisions\/10504"}],"wp:featuredmedia":[{"embeddable":true,"href":"https:\/\/www.asesoriaorihuelacosta.com\/fr\/wp-json\/wp\/v2\/media\/10492"}],"wp:attachment":[{"href":"https:\/\/www.asesoriaorihuelacosta.com\/fr\/wp-json\/wp\/v2\/media?parent=7190"}],"wp:term":[{"taxonomy":"category","embeddable":true,"href":"https:\/\/www.asesoriaorihuelacosta.com\/fr\/wp-json\/wp\/v2\/categories?post=7190"},{"taxonomy":"post_tag","embeddable":true,"href":"https:\/\/www.asesoriaorihuelacosta.com\/fr\/wp-json\/wp\/v2\/tags?post=7190"}],"curies":[{"name":"wp","href":"https:\/\/api.w.org\/{rel}","templated":true}]}}