{"id":7175,"date":"2022-03-29T09:07:40","date_gmt":"2022-03-29T09:07:40","guid":{"rendered":"https:\/\/www.asesoriaorihuelacosta.com\/elementor-5821\/"},"modified":"2023-02-01T09:38:02","modified_gmt":"2023-02-01T09:38:02","slug":"fermeture-des-discotheques-et-des-bars","status":"publish","type":"post","link":"https:\/\/www.asesoriaorihuelacosta.com\/fr\/fermeture-des-discotheques-et-des-bars\/","title":{"rendered":"NOUVELLES MESURES POUR BARS,  ET DISCOTH\u00c8QUE"},"content":{"rendered":"\t\t<div data-elementor-type=\"wp-post\" data-elementor-id=\"7175\" class=\"elementor elementor-7175\" data-elementor-post-type=\"post\">\n\t\t\t\t\t\t<section data-particle_enable=\"false\" data-particle-mobile-disabled=\"false\" class=\"elementor-section elementor-top-section elementor-element elementor-element-6bc6480 elementor-section-boxed elementor-section-height-default elementor-section-height-default\" data-id=\"6bc6480\" data-element_type=\"section\" data-e-type=\"section\">\r\n\t\t\r\n\t\t\t\t\t\t\t<div class=\"elementor-container elementor-column-gap-default\">\r\n\t\t\t\t\t\t\t\t\t\t\t<div class=\"elementor-column elementor-col-100 elementor-top-column elementor-element elementor-element-726cece\" data-id=\"726cece\" data-element_type=\"column\" data-e-type=\"column\">\r\n\t\t\t\t\t<div class=\"elementor-widget-wrap elementor-element-populated\">\r\n\t\t\t\t\t\t\t\t<div class=\"elementor-element elementor-element-0ef03e8 elementor-widget elementor-widget-text-editor\" data-id=\"0ef03e8\" data-element_type=\"widget\" data-e-type=\"widget\" data-widget_type=\"text-editor.default\">\n\t\t\t\t<div class=\"elementor-widget-container\">\n\t\t\t\t\t\t\t\t\t<p>Le minist\u00e8re de la Sant\u00e9 de la comunaut\u00e9 valenciene ( Alicante , valence et Castellon) dans \u00e7a\u00a0<a href=\"http:\/\/www.dogv.gva.es\/es\/inici#sumari\">R\u00c9SOLUTION du 17 ao\u00fbt 2020<\/a>\u00a0[2020\/6707],\u00a0 l&rsquo;adoption des mesures \u00e9tablies dans l&rsquo;accord du Conseil interterritorial du syst\u00e8me national de sant\u00e9, des nouvelles mesures de pr\u00e9vention contre Covid-19 a convenu \u00e0 titre temporaire des mesures suivantes \u00e0 appliquer dans toute la Communaut\u00e9 valencienne\u00a0<strong>pendant une p\u00e9riode de 21 jours<\/strong>\u00a0\u00e0 compter de la date de publication de la pr\u00e9sente r\u00e9solution, sans pr\u00e9judice de sa r\u00e9vision et de sa prolongation en fonction de la situation \u00e9pid\u00e9miologique,<br \/><br \/><br \/><strong>1. Mesures de limitation et de pr\u00e9vention par secteur<\/strong><br \/><br \/>a) En mati\u00e8re de loisirs<strong>: suspension de l&rsquo;activit\u00e9 dans les bo\u00eetes de nuit, salles de danse, karaok\u00e9 et bars \u00e0 cocktails<\/strong>\u00a0avec et sans spectacles musicaux en direct.<br \/>Les performances de karaok\u00e9s et de chants sporadiques ou amateurs dans les restaurants et les h\u00f4tels sont \u00e9galement suspendues.<br \/><br \/>b) Concernant les h\u00f4tels et restaurants: dans les h\u00f4tels, restaurants, terrasses et bars de plage ou restaurants, la distance de s\u00e9curit\u00e9 physique de 1,5 m\u00e8tre entre les tables ou, le cas \u00e9ch\u00e9ant, les groupes de tables sera assur\u00e9e. Cette distance de 1,5 m\u00e8tre doit \u00eatre mesur\u00e9e entre les personnes les plus proches des diff\u00e9rentes tables ou groupes de tables. L&rsquo;occupation maximale sera de 10 personnes par table ou groupe de tables.<br \/><br \/>L&rsquo;acc\u00e8s \u00e0 l&rsquo;int\u00e9rieur et au service de bar est autoris\u00e9, avec une distance de s\u00e9curit\u00e9 physique de 1,5 m\u00e8tre entre les clients ou groupes de clients. Dans tous les cas, il faut s&rsquo;assurer que la bonne distance de s\u00e9curit\u00e9 interpersonnelle de 1,5 m\u00e8tre est maintenue entre les clients ou groupes de clients, \u00e0 la fois aux tables et au bar \u00e0 l&rsquo;int\u00e9rieur de l&rsquo;\u00e9tablissement, ainsi qu&rsquo;\u00e0 l&rsquo;ext\u00e9rieur desdits \u00e9tablissements.<br \/><br \/><strong>Les \u00e9tablissements et services de HORECA doivent fermer au plus tard \u00e0 01h00<\/strong>, sans pouvoir permettre l&rsquo;acc\u00e8s \u00e0 de nouveaux clients apr\u00e8s 00h00. A partir de 00h00, la consommation en dehors des locaux sera r\u00e9alis\u00e9e exclusivement dans l&rsquo;espace d\u00e9limit\u00e9 et autoris\u00e9 pour les terrasses, assis \u00e0 table et respectant la capacit\u00e9 pr\u00e9vue, ne pouvant donc pas consommer les produits ou boissons du \u00e9tablissement en dehors de la zone limite de la terrasse.<br \/><br \/><em>Ces mesures sont applicables tous les jours de la semaine, y compris les jours f\u00e9ri\u00e9s<\/em><br \/><br \/><strong>2. Mesures visant \u00e0 recommander la restriction de la famille et des groupes sociaux dans la sph\u00e8re priv\u00e9e<\/strong><br \/><br \/>Un maximum de personnes par groupe est recommand\u00e9 pour les r\u00e9unions familiales ou sociales, dans des espaces priv\u00e9s, jusqu&rsquo;\u00e0 10 personnes. Il est recommand\u00e9 de limiter les rencontres sociales en dehors du groupe de coexistence stable.<br \/><br \/><strong>3. Mesures suppl\u00e9mentaires du tabac et de la consommation similaire<\/strong><br \/>Vous ne pouvez pas fumer sur les voies publiques, terrasses, plages ou autres espaces ext\u00e9rieurs, lorsque la distance interpersonnelle minimale d&rsquo;au moins 2 m\u00e8tres ne peut \u00eatre respect\u00e9e.<br \/>Cette limitation s&rsquo;appliquera \u00e9galement \u00e0 l&rsquo;utilisation de tout autre appareil d&rsquo;inhalation de tabac, pipe \u00e0 eau, narguil\u00e9 ou appareil similaire, y compris les cigarettes \u00e9lectroniques ou le vapotage.<br \/><br \/><a href=\"https:\/\/www.asesoriaorihuelacosta.com\/contact\">Contacter-nous<\/a>\u00a0si vous avez des questions<\/p>\t\t\t\t\t\t\t\t<\/div>\n\t\t\t\t<\/div>\n\t\t\t\t\t<\/div>\r\n\t\t\t\t<\/div>\r\n\t\t\t\t\t<\/div>\r\n\t\t\t\t<\/section>\r\n\t\t\t\t<\/div>\n\t\t","protected":false},"excerpt":{"rendered":"<p>Le minist\u00e8re de la Sant\u00e9 de la comunaut\u00e9 valenciene ( Alicante , valence et Castellon) dans \u00e7a&nbsp;R\u00c9SOLUTION du 17 ao\u00fbt 2020&nbsp;[2020\/6707],&nbsp; l&rsquo;adoption des mesures \u00e9tablies dans l&rsquo;accord du Conseil interterritorial du syst\u00e8me national de sant\u00e9, des nouvelles mesures de pr\u00e9vention contre Covid-19 a convenu \u00e0 titre temporaire des mesures suivantes \u00e0 appliquer dans toute la [&hellip;]<\/p>\n","protected":false},"author":1,"featured_media":10049,"comment_status":"closed","ping_status":"closed","sticky":false,"template":"","format":"standard","meta":{"_eb_attr":"","inline_featured_image":false,"footnotes":""},"categories":[46],"tags":[],"class_list":["post-7175","post","type-post","status-publish","format-standard","has-post-thumbnail","hentry","category-blog"],"featured_image_src":{"landsacpe":["https:\/\/www.asesoriaorihuelacosta.com\/wp-content\/uploads\/2022\/12\/cierre-de-discotecas-y-bares-1140x445.jpeg",1140,445,true],"list":["https:\/\/www.asesoriaorihuelacosta.com\/wp-content\/uploads\/2022\/12\/cierre-de-discotecas-y-bares-463x348.jpeg",463,348,true],"medium":["https:\/\/www.asesoriaorihuelacosta.com\/wp-content\/uploads\/2022\/12\/cierre-de-discotecas-y-bares-300x240.jpeg",300,240,true],"full":["https:\/\/www.asesoriaorihuelacosta.com\/wp-content\/uploads\/2022\/12\/cierre-de-discotecas-y-bares.jpeg",1280,1024,false]},"yoast_head":"<!-- This site is optimized with the Yoast SEO Premium plugin v24.7 (Yoast SEO v27.5) - https:\/\/yoast.com\/product\/yoast-seo-premium-wordpress\/ -->\n<title>NOUVELLES MESURES POUR BARS, ET DISCOTH\u00c8QUE<\/title>\n<meta name=\"description\" content=\"NOUVELLES MESURES POUR fermeture de BARS, RESTAURANTS ET DISCOTH\u00c8QUE a la communaut\u00e9 valenciennes en Espagne\" \/>\n<meta name=\"robots\" content=\"index, follow, max-snippet:-1, max-image-preview:large, max-video-preview:-1\" \/>\n<link rel=\"canonical\" href=\"https:\/\/www.asesoriaorihuelacosta.com\/fr\/fermeture-des-discotheques-et-des-bars\/\" \/>\n<meta property=\"og:locale\" content=\"fr_FR\" \/>\n<meta property=\"og:type\" content=\"article\" \/>\n<meta property=\"og:title\" content=\"NOUVELLES MESURES POUR BARS, ET DISCOTH\u00c8QUE\" \/>\n<meta property=\"og:description\" content=\"NOUVELLES MESURES POUR fermeture de BARS, RESTAURANTS ET DISCOTH\u00c8QUE a la communaut\u00e9 valenciennes en Espagne\" \/>\n<meta property=\"og:url\" content=\"https:\/\/www.asesoriaorihuelacosta.com\/fr\/fermeture-des-discotheques-et-des-bars\/\" \/>\n<meta property=\"og:site_name\" content=\"Asesor\u00eda Orihuela Costa\" \/>\n<meta property=\"article:publisher\" content=\"https:\/\/www.facebook.com\/asesoriaorihuelacosta\" \/>\n<meta property=\"article:published_time\" content=\"2022-03-29T09:07:40+00:00\" \/>\n<meta property=\"article:modified_time\" content=\"2023-02-01T09:38:02+00:00\" \/>\n<meta property=\"og:image\" content=\"https:\/\/www.asesoriaorihuelacosta.com\/wp-content\/uploads\/2022\/12\/cierre-de-discotecas-y-bares.jpeg\" \/>\n\t<meta property=\"og:image:width\" content=\"1280\" \/>\n\t<meta property=\"og:image:height\" content=\"1024\" \/>\n\t<meta property=\"og:image:type\" content=\"image\/jpeg\" \/>\n<meta name=\"author\" content=\"admin\" \/>\n<meta name=\"twitter:card\" content=\"summary_large_image\" \/>\n<meta name=\"twitter:label1\" content=\"\u00c9crit par\" \/>\n\t<meta name=\"twitter:data1\" content=\"admin\" \/>\n\t<meta name=\"twitter:label2\" content=\"Dur\u00e9e de lecture estim\u00e9e\" \/>\n\t<meta name=\"twitter:data2\" content=\"3 minutes\" \/>\n<script type=\"application\/ld+json\" class=\"yoast-schema-graph\">{\"@context\":\"https:\\\/\\\/schema.org\",\"@graph\":[{\"@type\":\"Article\",\"@id\":\"https:\\\/\\\/www.asesoriaorihuelacosta.com\\\/fr\\\/fermeture-des-discotheques-et-des-bars\\\/#article\",\"isPartOf\":{\"@id\":\"https:\\\/\\\/www.asesoriaorihuelacosta.com\\\/fr\\\/fermeture-des-discotheques-et-des-bars\\\/\"},\"author\":{\"name\":\"admin\",\"@id\":\"https:\\\/\\\/www.asesoriaorihuelacosta.com\\\/fr\\\/#\\\/schema\\\/person\\\/633255eadc5df7945d142848ebcc5d02\"},\"headline\":\"NOUVELLES MESURES POUR BARS, ET DISCOTH\u00c8QUE\",\"datePublished\":\"2022-03-29T09:07:40+00:00\",\"dateModified\":\"2023-02-01T09:38:02+00:00\",\"mainEntityOfPage\":{\"@id\":\"https:\\\/\\\/www.asesoriaorihuelacosta.com\\\/fr\\\/fermeture-des-discotheques-et-des-bars\\\/\"},\"wordCount\":550,\"publisher\":{\"@id\":\"https:\\\/\\\/www.asesoriaorihuelacosta.com\\\/fr\\\/#organization\"},\"image\":{\"@id\":\"https:\\\/\\\/www.asesoriaorihuelacosta.com\\\/fr\\\/fermeture-des-discotheques-et-des-bars\\\/#primaryimage\"},\"thumbnailUrl\":\"https:\\\/\\\/www.asesoriaorihuelacosta.com\\\/wp-content\\\/uploads\\\/2022\\\/12\\\/cierre-de-discotecas-y-bares.jpeg\",\"articleSection\":[\"Blog\"],\"inLanguage\":\"fr-FR\"},{\"@type\":\"WebPage\",\"@id\":\"https:\\\/\\\/www.asesoriaorihuelacosta.com\\\/fr\\\/fermeture-des-discotheques-et-des-bars\\\/\",\"url\":\"https:\\\/\\\/www.asesoriaorihuelacosta.com\\\/fr\\\/fermeture-des-discotheques-et-des-bars\\\/\",\"name\":\"NOUVELLES MESURES POUR BARS, ET DISCOTH\u00c8QUE\",\"isPartOf\":{\"@id\":\"https:\\\/\\\/www.asesoriaorihuelacosta.com\\\/fr\\\/#website\"},\"primaryImageOfPage\":{\"@id\":\"https:\\\/\\\/www.asesoriaorihuelacosta.com\\\/fr\\\/fermeture-des-discotheques-et-des-bars\\\/#primaryimage\"},\"image\":{\"@id\":\"https:\\\/\\\/www.asesoriaorihuelacosta.com\\\/fr\\\/fermeture-des-discotheques-et-des-bars\\\/#primaryimage\"},\"thumbnailUrl\":\"https:\\\/\\\/www.asesoriaorihuelacosta.com\\\/wp-content\\\/uploads\\\/2022\\\/12\\\/cierre-de-discotecas-y-bares.jpeg\",\"datePublished\":\"2022-03-29T09:07:40+00:00\",\"dateModified\":\"2023-02-01T09:38:02+00:00\",\"description\":\"NOUVELLES MESURES POUR fermeture de BARS, RESTAURANTS ET DISCOTH\u00c8QUE a la communaut\u00e9 valenciennes en Espagne\",\"breadcrumb\":{\"@id\":\"https:\\\/\\\/www.asesoriaorihuelacosta.com\\\/fr\\\/fermeture-des-discotheques-et-des-bars\\\/#breadcrumb\"},\"inLanguage\":\"fr-FR\",\"potentialAction\":[{\"@type\":\"ReadAction\",\"target\":[\"https:\\\/\\\/www.asesoriaorihuelacosta.com\\\/fr\\\/fermeture-des-discotheques-et-des-bars\\\/\"]}]},{\"@type\":\"ImageObject\",\"inLanguage\":\"fr-FR\",\"@id\":\"https:\\\/\\\/www.asesoriaorihuelacosta.com\\\/fr\\\/fermeture-des-discotheques-et-des-bars\\\/#primaryimage\",\"url\":\"https:\\\/\\\/www.asesoriaorihuelacosta.com\\\/wp-content\\\/uploads\\\/2022\\\/12\\\/cierre-de-discotecas-y-bares.jpeg\",\"contentUrl\":\"https:\\\/\\\/www.asesoriaorihuelacosta.com\\\/wp-content\\\/uploads\\\/2022\\\/12\\\/cierre-de-discotecas-y-bares.jpeg\",\"width\":1280,\"height\":1024,\"caption\":\"cierre de discotecas y bares\"},{\"@type\":\"BreadcrumbList\",\"@id\":\"https:\\\/\\\/www.asesoriaorihuelacosta.com\\\/fr\\\/fermeture-des-discotheques-et-des-bars\\\/#breadcrumb\",\"itemListElement\":[{\"@type\":\"ListItem\",\"position\":1,\"name\":\"Home\",\"item\":\"https:\\\/\\\/www.asesoriaorihuelacosta.com\\\/fr\\\/\"},{\"@type\":\"ListItem\",\"position\":2,\"name\":\"NOUVELLES MESURES POUR BARS, ET DISCOTH\u00c8QUE\"}]},{\"@type\":\"WebSite\",\"@id\":\"https:\\\/\\\/www.asesoriaorihuelacosta.com\\\/fr\\\/#website\",\"url\":\"https:\\\/\\\/www.asesoriaorihuelacosta.com\\\/fr\\\/\",\"name\":\"https:\\\/\\\/www.asesoriaorihuelacosta.com\\\/\",\"description\":\"Grupo de asesores profesionales\",\"publisher\":{\"@id\":\"https:\\\/\\\/www.asesoriaorihuelacosta.com\\\/fr\\\/#organization\"},\"potentialAction\":[{\"@type\":\"SearchAction\",\"target\":{\"@type\":\"EntryPoint\",\"urlTemplate\":\"https:\\\/\\\/www.asesoriaorihuelacosta.com\\\/fr\\\/?s={search_term_string}\"},\"query-input\":{\"@type\":\"PropertyValueSpecification\",\"valueRequired\":true,\"valueName\":\"search_term_string\"}}],\"inLanguage\":\"fr-FR\"},{\"@type\":\"Organization\",\"@id\":\"https:\\\/\\\/www.asesoriaorihuelacosta.com\\\/fr\\\/#organization\",\"name\":\"Asesor\u00eda Orihuela Costa\",\"url\":\"https:\\\/\\\/www.asesoriaorihuelacosta.com\\\/fr\\\/\",\"logo\":{\"@type\":\"ImageObject\",\"inLanguage\":\"fr-FR\",\"@id\":\"https:\\\/\\\/www.asesoriaorihuelacosta.com\\\/fr\\\/#\\\/schema\\\/logo\\\/image\\\/\",\"url\":\"https:\\\/\\\/www.asesoriaorihuelacosta.com\\\/wp-content\\\/uploads\\\/2022\\\/06\\\/Logo-espa\u5bf8l-asesoriaorihuela.jpg\",\"contentUrl\":\"https:\\\/\\\/www.asesoriaorihuelacosta.com\\\/wp-content\\\/uploads\\\/2022\\\/06\\\/Logo-espa\u5bf8l-asesoriaorihuela.jpg\",\"width\":588,\"height\":136,\"caption\":\"Asesor\u00eda Orihuela Costa\"},\"image\":{\"@id\":\"https:\\\/\\\/www.asesoriaorihuelacosta.com\\\/fr\\\/#\\\/schema\\\/logo\\\/image\\\/\"},\"sameAs\":[\"https:\\\/\\\/www.facebook.com\\\/asesoriaorihuelacosta\"]},{\"@type\":\"Person\",\"@id\":\"https:\\\/\\\/www.asesoriaorihuelacosta.com\\\/fr\\\/#\\\/schema\\\/person\\\/633255eadc5df7945d142848ebcc5d02\",\"name\":\"admin\"}]}<\/script>\n<!-- \/ Yoast SEO Premium plugin. -->","yoast_head_json":{"title":"NOUVELLES MESURES POUR BARS, ET DISCOTH\u00c8QUE","description":"NOUVELLES MESURES POUR fermeture de BARS, RESTAURANTS ET DISCOTH\u00c8QUE a la communaut\u00e9 valenciennes en Espagne","robots":{"index":"index","follow":"follow","max-snippet":"max-snippet:-1","max-image-preview":"max-image-preview:large","max-video-preview":"max-video-preview:-1"},"canonical":"https:\/\/www.asesoriaorihuelacosta.com\/fr\/fermeture-des-discotheques-et-des-bars\/","og_locale":"fr_FR","og_type":"article","og_title":"NOUVELLES MESURES POUR BARS, ET DISCOTH\u00c8QUE","og_description":"NOUVELLES MESURES POUR fermeture de BARS, RESTAURANTS ET DISCOTH\u00c8QUE a la communaut\u00e9 valenciennes en Espagne","og_url":"https:\/\/www.asesoriaorihuelacosta.com\/fr\/fermeture-des-discotheques-et-des-bars\/","og_site_name":"Asesor\u00eda Orihuela Costa","article_publisher":"https:\/\/www.facebook.com\/asesoriaorihuelacosta","article_published_time":"2022-03-29T09:07:40+00:00","article_modified_time":"2023-02-01T09:38:02+00:00","og_image":[{"width":1280,"height":1024,"url":"https:\/\/www.asesoriaorihuelacosta.com\/wp-content\/uploads\/2022\/12\/cierre-de-discotecas-y-bares.jpeg","type":"image\/jpeg"}],"author":"admin","twitter_card":"summary_large_image","twitter_misc":{"\u00c9crit par":"admin","Dur\u00e9e de lecture estim\u00e9e":"3 minutes"},"schema":{"@context":"https:\/\/schema.org","@graph":[{"@type":"Article","@id":"https:\/\/www.asesoriaorihuelacosta.com\/fr\/fermeture-des-discotheques-et-des-bars\/#article","isPartOf":{"@id":"https:\/\/www.asesoriaorihuelacosta.com\/fr\/fermeture-des-discotheques-et-des-bars\/"},"author":{"name":"admin","@id":"https:\/\/www.asesoriaorihuelacosta.com\/fr\/#\/schema\/person\/633255eadc5df7945d142848ebcc5d02"},"headline":"NOUVELLES MESURES POUR BARS, ET DISCOTH\u00c8QUE","datePublished":"2022-03-29T09:07:40+00:00","dateModified":"2023-02-01T09:38:02+00:00","mainEntityOfPage":{"@id":"https:\/\/www.asesoriaorihuelacosta.com\/fr\/fermeture-des-discotheques-et-des-bars\/"},"wordCount":550,"publisher":{"@id":"https:\/\/www.asesoriaorihuelacosta.com\/fr\/#organization"},"image":{"@id":"https:\/\/www.asesoriaorihuelacosta.com\/fr\/fermeture-des-discotheques-et-des-bars\/#primaryimage"},"thumbnailUrl":"https:\/\/www.asesoriaorihuelacosta.com\/wp-content\/uploads\/2022\/12\/cierre-de-discotecas-y-bares.jpeg","articleSection":["Blog"],"inLanguage":"fr-FR"},{"@type":"WebPage","@id":"https:\/\/www.asesoriaorihuelacosta.com\/fr\/fermeture-des-discotheques-et-des-bars\/","url":"https:\/\/www.asesoriaorihuelacosta.com\/fr\/fermeture-des-discotheques-et-des-bars\/","name":"NOUVELLES MESURES POUR BARS, ET DISCOTH\u00c8QUE","isPartOf":{"@id":"https:\/\/www.asesoriaorihuelacosta.com\/fr\/#website"},"primaryImageOfPage":{"@id":"https:\/\/www.asesoriaorihuelacosta.com\/fr\/fermeture-des-discotheques-et-des-bars\/#primaryimage"},"image":{"@id":"https:\/\/www.asesoriaorihuelacosta.com\/fr\/fermeture-des-discotheques-et-des-bars\/#primaryimage"},"thumbnailUrl":"https:\/\/www.asesoriaorihuelacosta.com\/wp-content\/uploads\/2022\/12\/cierre-de-discotecas-y-bares.jpeg","datePublished":"2022-03-29T09:07:40+00:00","dateModified":"2023-02-01T09:38:02+00:00","description":"NOUVELLES MESURES POUR fermeture de BARS, RESTAURANTS ET DISCOTH\u00c8QUE a la communaut\u00e9 valenciennes en Espagne","breadcrumb":{"@id":"https:\/\/www.asesoriaorihuelacosta.com\/fr\/fermeture-des-discotheques-et-des-bars\/#breadcrumb"},"inLanguage":"fr-FR","potentialAction":[{"@type":"ReadAction","target":["https:\/\/www.asesoriaorihuelacosta.com\/fr\/fermeture-des-discotheques-et-des-bars\/"]}]},{"@type":"ImageObject","inLanguage":"fr-FR","@id":"https:\/\/www.asesoriaorihuelacosta.com\/fr\/fermeture-des-discotheques-et-des-bars\/#primaryimage","url":"https:\/\/www.asesoriaorihuelacosta.com\/wp-content\/uploads\/2022\/12\/cierre-de-discotecas-y-bares.jpeg","contentUrl":"https:\/\/www.asesoriaorihuelacosta.com\/wp-content\/uploads\/2022\/12\/cierre-de-discotecas-y-bares.jpeg","width":1280,"height":1024,"caption":"cierre de discotecas y bares"},{"@type":"BreadcrumbList","@id":"https:\/\/www.asesoriaorihuelacosta.com\/fr\/fermeture-des-discotheques-et-des-bars\/#breadcrumb","itemListElement":[{"@type":"ListItem","position":1,"name":"Home","item":"https:\/\/www.asesoriaorihuelacosta.com\/fr\/"},{"@type":"ListItem","position":2,"name":"NOUVELLES MESURES POUR BARS, ET DISCOTH\u00c8QUE"}]},{"@type":"WebSite","@id":"https:\/\/www.asesoriaorihuelacosta.com\/fr\/#website","url":"https:\/\/www.asesoriaorihuelacosta.com\/fr\/","name":"https:\/\/www.asesoriaorihuelacosta.com\/","description":"Grupo de asesores profesionales","publisher":{"@id":"https:\/\/www.asesoriaorihuelacosta.com\/fr\/#organization"},"potentialAction":[{"@type":"SearchAction","target":{"@type":"EntryPoint","urlTemplate":"https:\/\/www.asesoriaorihuelacosta.com\/fr\/?s={search_term_string}"},"query-input":{"@type":"PropertyValueSpecification","valueRequired":true,"valueName":"search_term_string"}}],"inLanguage":"fr-FR"},{"@type":"Organization","@id":"https:\/\/www.asesoriaorihuelacosta.com\/fr\/#organization","name":"Asesor\u00eda Orihuela Costa","url":"https:\/\/www.asesoriaorihuelacosta.com\/fr\/","logo":{"@type":"ImageObject","inLanguage":"fr-FR","@id":"https:\/\/www.asesoriaorihuelacosta.com\/fr\/#\/schema\/logo\/image\/","url":"https:\/\/www.asesoriaorihuelacosta.com\/wp-content\/uploads\/2022\/06\/Logo-espa\u5bf8l-asesoriaorihuela.jpg","contentUrl":"https:\/\/www.asesoriaorihuelacosta.com\/wp-content\/uploads\/2022\/06\/Logo-espa\u5bf8l-asesoriaorihuela.jpg","width":588,"height":136,"caption":"Asesor\u00eda Orihuela Costa"},"image":{"@id":"https:\/\/www.asesoriaorihuelacosta.com\/fr\/#\/schema\/logo\/image\/"},"sameAs":["https:\/\/www.facebook.com\/asesoriaorihuelacosta"]},{"@type":"Person","@id":"https:\/\/www.asesoriaorihuelacosta.com\/fr\/#\/schema\/person\/633255eadc5df7945d142848ebcc5d02","name":"admin"}]}},"_links":{"self":[{"href":"https:\/\/www.asesoriaorihuelacosta.com\/fr\/wp-json\/wp\/v2\/posts\/7175","targetHints":{"allow":["GET"]}}],"collection":[{"href":"https:\/\/www.asesoriaorihuelacosta.com\/fr\/wp-json\/wp\/v2\/posts"}],"about":[{"href":"https:\/\/www.asesoriaorihuelacosta.com\/fr\/wp-json\/wp\/v2\/types\/post"}],"author":[{"embeddable":true,"href":"https:\/\/www.asesoriaorihuelacosta.com\/fr\/wp-json\/wp\/v2\/users\/1"}],"replies":[{"embeddable":true,"href":"https:\/\/www.asesoriaorihuelacosta.com\/fr\/wp-json\/wp\/v2\/comments?post=7175"}],"version-history":[{"count":5,"href":"https:\/\/www.asesoriaorihuelacosta.com\/fr\/wp-json\/wp\/v2\/posts\/7175\/revisions"}],"predecessor-version":[{"id":12605,"href":"https:\/\/www.asesoriaorihuelacosta.com\/fr\/wp-json\/wp\/v2\/posts\/7175\/revisions\/12605"}],"wp:featuredmedia":[{"embeddable":true,"href":"https:\/\/www.asesoriaorihuelacosta.com\/fr\/wp-json\/wp\/v2\/media\/10049"}],"wp:attachment":[{"href":"https:\/\/www.asesoriaorihuelacosta.com\/fr\/wp-json\/wp\/v2\/media?parent=7175"}],"wp:term":[{"taxonomy":"category","embeddable":true,"href":"https:\/\/www.asesoriaorihuelacosta.com\/fr\/wp-json\/wp\/v2\/categories?post=7175"},{"taxonomy":"post_tag","embeddable":true,"href":"https:\/\/www.asesoriaorihuelacosta.com\/fr\/wp-json\/wp\/v2\/tags?post=7175"}],"curies":[{"name":"wp","href":"https:\/\/api.w.org\/{rel}","templated":true}]}}