{"id":7160,"date":"2022-03-29T08:47:38","date_gmt":"2022-03-29T08:47:38","guid":{"rendered":"https:\/\/www.asesoriaorihuelacosta.com\/extension-y-ampliacion-de-la-cobertura-de-las-ayudas-para-autonomos\/"},"modified":"2023-01-31T16:58:56","modified_gmt":"2023-01-31T16:58:56","slug":"aide-aux-independants-covid","status":"publish","type":"post","link":"https:\/\/www.asesoriaorihuelacosta.com\/fr\/aide-aux-independants-covid\/","title":{"rendered":"Extension et \u00e9largissement de la couverture de l&rsquo;aide aux ind\u00e9pendants"},"content":{"rendered":"\t\t<div data-elementor-type=\"wp-post\" data-elementor-id=\"7160\" class=\"elementor elementor-7160\" data-elementor-post-type=\"post\">\n\t\t\t\t\t\t<section data-particle_enable=\"false\" data-particle-mobile-disabled=\"false\" class=\"elementor-section elementor-top-section elementor-element elementor-element-7a68086 elementor-section-boxed elementor-section-height-default elementor-section-height-default\" data-id=\"7a68086\" data-element_type=\"section\" data-e-type=\"section\">\r\n\t\t\r\n\t\t\t\t\t\t\t<div class=\"elementor-container elementor-column-gap-default\">\r\n\t\t\t\t\t\t\t\t\t\t\t<div class=\"elementor-column elementor-col-100 elementor-top-column elementor-element elementor-element-6f68cfb\" data-id=\"6f68cfb\" data-element_type=\"column\" data-e-type=\"column\">\r\n\t\t\t\t\t<div class=\"elementor-widget-wrap elementor-element-populated\">\r\n\t\t\t\t\t\t\t\t<div class=\"elementor-element elementor-element-1120d1b elementor-widget elementor-widget-text-editor\" data-id=\"1120d1b\" data-element_type=\"widget\" data-e-type=\"widget\" data-widget_type=\"text-editor.default\">\n\t\t\t\t<div class=\"elementor-widget-container\">\n\t\t\t\t\t\t\t\t\t<p>En materia de aut\u00f3nomos incluye la extensi\u00f3n y ampliaci\u00f3n de la cobertura de las ayudas para aut\u00f3nomos hasta el 31 de enero de 2021.<br \/>\u00a0<br \/><u>Se distingue entre 4 escenarios:<\/u><br \/>\u00a0<br \/><strong>1.\u00a0<\/strong><u><strong>Cese de actividad extraordinario (suspensi\u00f3n de la actividad por nuevas restricciones)<\/strong><\/u><br \/>\u00a0<\/p><ul><li><strong>Estar afiliado y el alta en RETA, al menos 30 d\u00edas naturales antes la fecha de cese\u00a0<\/strong>y estar al corriente en el pago de las cuotas.<\/li><li>Prestaci\u00f3n: 50% de la base de cotizaci\u00f3n (alrededor de 472,20\u20ac). Ampliable 20% para familia numerosa. (Cuando convivan en un mismo domicilio personas unidas por v\u00ednculo conyugal y dos o m\u00e1s tengan derecho a la prestaci\u00f3n, la cuant\u00eda se reducir\u00e1 al 40%)<\/li><li><strong>Pago de cuotas: exento.<\/strong><\/li><li>Duraci\u00f3n: Desde el d\u00eda siguiente a la adopci\u00f3n de la medida de cierre de actividad adoptada por la autoridad competente hasta el \u00faltimo d\u00eda del mes en se acuerde el levantamiento de la misma.\u00a0<\/li><\/ul><p><br \/><strong>2.\u00a0<\/strong><u><strong>Cese de actividad ordinario (para los que no coticen por cese actividad)<\/strong><\/u><br \/>\u00a0<\/p><ul><li>Estar afiliado y alta en RETA antes del 1 de abril de 2020 y estar al corriente en el pago de las cuotas.<\/li><li><strong>No tener ingresos en el cuarto trimestre 2020 superiores al SMI (950\u20ac\/mes) y prever una reducci\u00f3n de ingresos en el cuarto trimestre de 2020 de al menos el 50% en relaci\u00f3n a los ingresos del primer trimestre de 2020.<\/strong><\/li><li>Prestaci\u00f3n: 50% de la base de cotizaci\u00f3n (alrededor de 472,20\u20ac). Ampliable 20% para familia numerosa. (Cuando convivan en un mismo domicilio personas unidas por v\u00ednculo conyugal y dos o m\u00e1s tengan derecho a la prestaci\u00f3n, la cuant\u00eda se reducir\u00e1 al 40%)<\/li><li><strong>Pago de cuotas: Exento<\/strong><\/li><li>Duraci\u00f3n: desde el 01\/10\/2020 al 31\/01\/2020 si se solicita antes del 14\/10\/20. Si se solicita posteriormente, los efectos ser\u00e1n del primer d\u00eda del mes siguiente a la fecha de solicitud.\u00a0<\/li><\/ul><p>\u00a0<br \/>\u00a0<br \/><strong>3.\u00a0<u>Cese de actividad ordinario (para los que cotizan por cese actividad)<\/u><\/strong><br \/>\u00a0<\/p><ul><li>Estar afiliados y en alta en el RETA y al corriente en el pago de las cuotas.<\/li><li>Haber cotizado por cese de actividad durante un per\u00edodo m\u00ednimo de\u00a0<strong>12 meses continuados<\/strong>\u00a0e inmediatamente anteriores al cese.<\/li><li>Haber percibido hasta el 30\/06\/20 la prestaci\u00f3n extraordinaria por cese de actividad.<\/li><li><strong>Acreditar una reducci\u00f3n en la facturaci\u00f3n durante el cuatro trimestre del a\u00f1o 2020 de al menos el 75 % en relaci\u00f3n con el mismo periodo del a\u00f1o 2019, as\u00ed como no haber obtenido durante el cuarto trimestre de 2020 unos rendimientos netos superiores a 5.818,75 euros (1.939,58 euros mensuales.<\/strong><\/li><li>Prestaci\u00f3n: 70% de la base de cotizaci\u00f3n + el importe de las cotizaciones por contingencias comunes (alrededor de 928,00\u20ac)<\/li><li>Pago de cuotas:\u00a0Ingreso de la\u00a0<strong>totalidad de las cotizaciones<\/strong>\u00a0aplicando los tipos vigentes a la base de cotizaci\u00f3n correspondiente<\/li><li>Duraci\u00f3n: desde el 01\/10\/2020 hasta m\u00e1ximo el 31\/01\/2020 si se solicita antes del 14\/10\/20. Si se solicita posteriormente, los efectos ser\u00e1n del primer d\u00eda del mes siguiente a la fecha de solicitud.\u00a0<\/li><\/ul><p>\u00a0<br \/><strong>4.\u00a0<u>Ayuda al aut\u00f3nomo de temporada<\/u>\u00a0<\/strong><br \/>\u00a0<\/p><ul><li>Haber estado de alta en RETA durante al menos cuatro meses en el periodo comprendido entre los meses de junio a diciembre de cada uno de los a\u00f1os 2018 y 2019.<\/li><li>No haber estado en alta o asimilado al alta como trabajador por cuenta ajena en el r\u00e9gimen de Seguridad Social correspondiente m\u00e1s de 120 d\u00edas durante el periodo comprendido entre el 1 de junio de 2018 y el 31 de julio de 2020.<\/li><li>No haber desarrollado actividad ni haber estado dado en alta o asimilado al alta desde el 1 de marzo al 31 de mayo de 2020.<\/li><li>No haber percibido prestaci\u00f3n alguna del sistema de Seguridad Social durante los meses de enero a junio de 2020, salvo que la misma fuera compatible con el ejercicio de una actividad como trabajador aut\u00f3nomo<\/li><li>No haber obtenido durante el a\u00f1o 2020 unos ingresos que superen los 23.275\u20ac<\/li><li>Hallarse al corriente en el pago de las cuotas a la Seguridad Social<\/li><li>Prestaci\u00f3n: 70% de la base m\u00ednima de cotizaci\u00f3n (661,00\u20ac)<\/li><li>Durante la percepci\u00f3n de la prestaci\u00f3n no existir\u00e1 obligaci\u00f3n de cotizar, permaneciendo el trabajador en situaci\u00f3n de alta o asimilada al alta en el r\u00e9gimen de Seguridad Social correspondiente.\u00a0<\/li><\/ul><p><strong>IMPORTANTE:<\/strong>\u00a0El incumplimiento de los requisitos establecidos en cada modalidad conllevar\u00e1 la devoluci\u00f3n de las prestaciones percibidas.<br \/><br \/>Si cree que puede estar en alguna de las anteriores opciones\u00a0<a href=\"https:\/\/www.asesoriaorihuelacosta.com\/contacto\">puede contactarnos<\/a>\u00a0para ayudarle a pedir la ayuda.<\/p>\t\t\t\t\t\t\t\t<\/div>\n\t\t\t\t<\/div>\n\t\t\t\t\t<\/div>\r\n\t\t\t\t<\/div>\r\n\t\t\t\t\t<\/div>\r\n\t\t\t\t<\/section>\r\n\t\t\t\t<\/div>\n\t\t","protected":false},"excerpt":{"rendered":"<p>En materia de aut\u00f3nomos incluye la extensi\u00f3n y ampliaci\u00f3n de la cobertura de las ayudas para aut\u00f3nomos hasta el 31 de enero de 2021. Se distingue entre 4 escenarios: 1.&nbsp;Cese de actividad extraordinario (suspensi\u00f3n de la actividad por nuevas restricciones)&nbsp; Estar afiliado y el alta en RETA, al menos 30 d\u00edas naturales antes la fecha [&hellip;]<\/p>\n","protected":false},"author":1,"featured_media":0,"comment_status":"closed","ping_status":"closed","sticky":false,"template":"","format":"standard","meta":{"_eb_attr":"","inline_featured_image":false,"footnotes":""},"categories":[1],"tags":[],"class_list":["post-7160","post","type-post","status-publish","format-standard","hentry","category-blog"],"featured_image_src":{"landsacpe":false,"list":false,"medium":false,"full":false},"yoast_head":"<!-- This site is optimized with the Yoast SEO Premium plugin v24.7 (Yoast SEO v27.5) - https:\/\/yoast.com\/product\/yoast-seo-premium-wordpress\/ -->\n<title>Extension et \u00e9largissement de la couverture de l&#039;aide aux ind\u00e9pendants<\/title>\n<meta name=\"description\" content=\"L&#039;aide aux ind\u00e9pendants en Espagne a \u00e9t\u00e9 prolong\u00e9e jusqu&#039;au 31 janvier 2021. Entrez et d\u00e9couvrez les 4 sc\u00e9narios posible.\" \/>\n<meta name=\"robots\" content=\"index, follow, max-snippet:-1, max-image-preview:large, max-video-preview:-1\" \/>\n<link rel=\"canonical\" href=\"https:\/\/www.asesoriaorihuelacosta.com\/fr\/aide-aux-independants-covid\/\" \/>\n<meta property=\"og:locale\" content=\"fr_FR\" \/>\n<meta property=\"og:type\" content=\"article\" \/>\n<meta property=\"og:title\" content=\"Extension et \u00e9largissement de la couverture de l&#039;aide aux ind\u00e9pendants\" \/>\n<meta property=\"og:description\" content=\"L&#039;aide aux ind\u00e9pendants en Espagne a \u00e9t\u00e9 prolong\u00e9e jusqu&#039;au 31 janvier 2021. Entrez et d\u00e9couvrez les 4 sc\u00e9narios posible.\" \/>\n<meta property=\"og:url\" content=\"https:\/\/www.asesoriaorihuelacosta.com\/fr\/aide-aux-independants-covid\/\" \/>\n<meta property=\"og:site_name\" content=\"Asesor\u00eda Orihuela Costa\" \/>\n<meta property=\"article:publisher\" content=\"https:\/\/www.facebook.com\/asesoriaorihuelacosta\" \/>\n<meta property=\"article:published_time\" content=\"2022-03-29T08:47:38+00:00\" \/>\n<meta property=\"article:modified_time\" content=\"2023-01-31T16:58:56+00:00\" \/>\n<meta name=\"author\" content=\"admin\" \/>\n<meta name=\"twitter:card\" content=\"summary_large_image\" \/>\n<meta name=\"twitter:label1\" content=\"\u00c9crit par\" \/>\n\t<meta name=\"twitter:data1\" content=\"admin\" \/>\n\t<meta name=\"twitter:label2\" content=\"Dur\u00e9e de lecture estim\u00e9e\" \/>\n\t<meta name=\"twitter:data2\" content=\"4 minutes\" \/>\n<script type=\"application\/ld+json\" class=\"yoast-schema-graph\">{\"@context\":\"https:\\\/\\\/schema.org\",\"@graph\":[{\"@type\":\"Article\",\"@id\":\"https:\\\/\\\/www.asesoriaorihuelacosta.com\\\/fr\\\/aide-aux-independants-covid\\\/#article\",\"isPartOf\":{\"@id\":\"https:\\\/\\\/www.asesoriaorihuelacosta.com\\\/fr\\\/aide-aux-independants-covid\\\/\"},\"author\":{\"name\":\"admin\",\"@id\":\"https:\\\/\\\/www.asesoriaorihuelacosta.com\\\/fr\\\/#\\\/schema\\\/person\\\/633255eadc5df7945d142848ebcc5d02\"},\"headline\":\"Extension et \u00e9largissement de la couverture de l&rsquo;aide aux ind\u00e9pendants\",\"datePublished\":\"2022-03-29T08:47:38+00:00\",\"dateModified\":\"2023-01-31T16:58:56+00:00\",\"mainEntityOfPage\":{\"@id\":\"https:\\\/\\\/www.asesoriaorihuelacosta.com\\\/fr\\\/aide-aux-independants-covid\\\/\"},\"wordCount\":754,\"publisher\":{\"@id\":\"https:\\\/\\\/www.asesoriaorihuelacosta.com\\\/fr\\\/#organization\"},\"articleSection\":[\"Blog\"],\"inLanguage\":\"fr-FR\"},{\"@type\":\"WebPage\",\"@id\":\"https:\\\/\\\/www.asesoriaorihuelacosta.com\\\/fr\\\/aide-aux-independants-covid\\\/\",\"url\":\"https:\\\/\\\/www.asesoriaorihuelacosta.com\\\/fr\\\/aide-aux-independants-covid\\\/\",\"name\":\"Extension et \u00e9largissement de la couverture de l'aide aux ind\u00e9pendants\",\"isPartOf\":{\"@id\":\"https:\\\/\\\/www.asesoriaorihuelacosta.com\\\/fr\\\/#website\"},\"datePublished\":\"2022-03-29T08:47:38+00:00\",\"dateModified\":\"2023-01-31T16:58:56+00:00\",\"description\":\"L'aide aux ind\u00e9pendants en Espagne a \u00e9t\u00e9 prolong\u00e9e jusqu'au 31 janvier 2021. Entrez et d\u00e9couvrez les 4 sc\u00e9narios posible.\",\"breadcrumb\":{\"@id\":\"https:\\\/\\\/www.asesoriaorihuelacosta.com\\\/fr\\\/aide-aux-independants-covid\\\/#breadcrumb\"},\"inLanguage\":\"fr-FR\",\"potentialAction\":[{\"@type\":\"ReadAction\",\"target\":[\"https:\\\/\\\/www.asesoriaorihuelacosta.com\\\/fr\\\/aide-aux-independants-covid\\\/\"]}]},{\"@type\":\"BreadcrumbList\",\"@id\":\"https:\\\/\\\/www.asesoriaorihuelacosta.com\\\/fr\\\/aide-aux-independants-covid\\\/#breadcrumb\",\"itemListElement\":[{\"@type\":\"ListItem\",\"position\":1,\"name\":\"Home\",\"item\":\"https:\\\/\\\/www.asesoriaorihuelacosta.com\\\/fr\\\/\"},{\"@type\":\"ListItem\",\"position\":2,\"name\":\"Extension et \u00e9largissement de la couverture de l&#8217;aide aux ind\u00e9pendants\"}]},{\"@type\":\"WebSite\",\"@id\":\"https:\\\/\\\/www.asesoriaorihuelacosta.com\\\/fr\\\/#website\",\"url\":\"https:\\\/\\\/www.asesoriaorihuelacosta.com\\\/fr\\\/\",\"name\":\"https:\\\/\\\/www.asesoriaorihuelacosta.com\\\/\",\"description\":\"Grupo de asesores profesionales\",\"publisher\":{\"@id\":\"https:\\\/\\\/www.asesoriaorihuelacosta.com\\\/fr\\\/#organization\"},\"potentialAction\":[{\"@type\":\"SearchAction\",\"target\":{\"@type\":\"EntryPoint\",\"urlTemplate\":\"https:\\\/\\\/www.asesoriaorihuelacosta.com\\\/fr\\\/?s={search_term_string}\"},\"query-input\":{\"@type\":\"PropertyValueSpecification\",\"valueRequired\":true,\"valueName\":\"search_term_string\"}}],\"inLanguage\":\"fr-FR\"},{\"@type\":\"Organization\",\"@id\":\"https:\\\/\\\/www.asesoriaorihuelacosta.com\\\/fr\\\/#organization\",\"name\":\"Asesor\u00eda Orihuela Costa\",\"url\":\"https:\\\/\\\/www.asesoriaorihuelacosta.com\\\/fr\\\/\",\"logo\":{\"@type\":\"ImageObject\",\"inLanguage\":\"fr-FR\",\"@id\":\"https:\\\/\\\/www.asesoriaorihuelacosta.com\\\/fr\\\/#\\\/schema\\\/logo\\\/image\\\/\",\"url\":\"https:\\\/\\\/www.asesoriaorihuelacosta.com\\\/wp-content\\\/uploads\\\/2022\\\/06\\\/Logo-espa\u5bf8l-asesoriaorihuela.jpg\",\"contentUrl\":\"https:\\\/\\\/www.asesoriaorihuelacosta.com\\\/wp-content\\\/uploads\\\/2022\\\/06\\\/Logo-espa\u5bf8l-asesoriaorihuela.jpg\",\"width\":588,\"height\":136,\"caption\":\"Asesor\u00eda Orihuela Costa\"},\"image\":{\"@id\":\"https:\\\/\\\/www.asesoriaorihuelacosta.com\\\/fr\\\/#\\\/schema\\\/logo\\\/image\\\/\"},\"sameAs\":[\"https:\\\/\\\/www.facebook.com\\\/asesoriaorihuelacosta\"]},{\"@type\":\"Person\",\"@id\":\"https:\\\/\\\/www.asesoriaorihuelacosta.com\\\/fr\\\/#\\\/schema\\\/person\\\/633255eadc5df7945d142848ebcc5d02\",\"name\":\"admin\"}]}<\/script>\n<!-- \/ Yoast SEO Premium plugin. -->","yoast_head_json":{"title":"Extension et \u00e9largissement de la couverture de l'aide aux ind\u00e9pendants","description":"L'aide aux ind\u00e9pendants en Espagne a \u00e9t\u00e9 prolong\u00e9e jusqu'au 31 janvier 2021. Entrez et d\u00e9couvrez les 4 sc\u00e9narios posible.","robots":{"index":"index","follow":"follow","max-snippet":"max-snippet:-1","max-image-preview":"max-image-preview:large","max-video-preview":"max-video-preview:-1"},"canonical":"https:\/\/www.asesoriaorihuelacosta.com\/fr\/aide-aux-independants-covid\/","og_locale":"fr_FR","og_type":"article","og_title":"Extension et \u00e9largissement de la couverture de l'aide aux ind\u00e9pendants","og_description":"L'aide aux ind\u00e9pendants en Espagne a \u00e9t\u00e9 prolong\u00e9e jusqu'au 31 janvier 2021. Entrez et d\u00e9couvrez les 4 sc\u00e9narios posible.","og_url":"https:\/\/www.asesoriaorihuelacosta.com\/fr\/aide-aux-independants-covid\/","og_site_name":"Asesor\u00eda Orihuela Costa","article_publisher":"https:\/\/www.facebook.com\/asesoriaorihuelacosta","article_published_time":"2022-03-29T08:47:38+00:00","article_modified_time":"2023-01-31T16:58:56+00:00","author":"admin","twitter_card":"summary_large_image","twitter_misc":{"\u00c9crit par":"admin","Dur\u00e9e de lecture estim\u00e9e":"4 minutes"},"schema":{"@context":"https:\/\/schema.org","@graph":[{"@type":"Article","@id":"https:\/\/www.asesoriaorihuelacosta.com\/fr\/aide-aux-independants-covid\/#article","isPartOf":{"@id":"https:\/\/www.asesoriaorihuelacosta.com\/fr\/aide-aux-independants-covid\/"},"author":{"name":"admin","@id":"https:\/\/www.asesoriaorihuelacosta.com\/fr\/#\/schema\/person\/633255eadc5df7945d142848ebcc5d02"},"headline":"Extension et \u00e9largissement de la couverture de l&rsquo;aide aux ind\u00e9pendants","datePublished":"2022-03-29T08:47:38+00:00","dateModified":"2023-01-31T16:58:56+00:00","mainEntityOfPage":{"@id":"https:\/\/www.asesoriaorihuelacosta.com\/fr\/aide-aux-independants-covid\/"},"wordCount":754,"publisher":{"@id":"https:\/\/www.asesoriaorihuelacosta.com\/fr\/#organization"},"articleSection":["Blog"],"inLanguage":"fr-FR"},{"@type":"WebPage","@id":"https:\/\/www.asesoriaorihuelacosta.com\/fr\/aide-aux-independants-covid\/","url":"https:\/\/www.asesoriaorihuelacosta.com\/fr\/aide-aux-independants-covid\/","name":"Extension et \u00e9largissement de la couverture de l'aide aux ind\u00e9pendants","isPartOf":{"@id":"https:\/\/www.asesoriaorihuelacosta.com\/fr\/#website"},"datePublished":"2022-03-29T08:47:38+00:00","dateModified":"2023-01-31T16:58:56+00:00","description":"L'aide aux ind\u00e9pendants en Espagne a \u00e9t\u00e9 prolong\u00e9e jusqu'au 31 janvier 2021. Entrez et d\u00e9couvrez les 4 sc\u00e9narios posible.","breadcrumb":{"@id":"https:\/\/www.asesoriaorihuelacosta.com\/fr\/aide-aux-independants-covid\/#breadcrumb"},"inLanguage":"fr-FR","potentialAction":[{"@type":"ReadAction","target":["https:\/\/www.asesoriaorihuelacosta.com\/fr\/aide-aux-independants-covid\/"]}]},{"@type":"BreadcrumbList","@id":"https:\/\/www.asesoriaorihuelacosta.com\/fr\/aide-aux-independants-covid\/#breadcrumb","itemListElement":[{"@type":"ListItem","position":1,"name":"Home","item":"https:\/\/www.asesoriaorihuelacosta.com\/fr\/"},{"@type":"ListItem","position":2,"name":"Extension et \u00e9largissement de la couverture de l&#8217;aide aux ind\u00e9pendants"}]},{"@type":"WebSite","@id":"https:\/\/www.asesoriaorihuelacosta.com\/fr\/#website","url":"https:\/\/www.asesoriaorihuelacosta.com\/fr\/","name":"https:\/\/www.asesoriaorihuelacosta.com\/","description":"Grupo de asesores profesionales","publisher":{"@id":"https:\/\/www.asesoriaorihuelacosta.com\/fr\/#organization"},"potentialAction":[{"@type":"SearchAction","target":{"@type":"EntryPoint","urlTemplate":"https:\/\/www.asesoriaorihuelacosta.com\/fr\/?s={search_term_string}"},"query-input":{"@type":"PropertyValueSpecification","valueRequired":true,"valueName":"search_term_string"}}],"inLanguage":"fr-FR"},{"@type":"Organization","@id":"https:\/\/www.asesoriaorihuelacosta.com\/fr\/#organization","name":"Asesor\u00eda Orihuela Costa","url":"https:\/\/www.asesoriaorihuelacosta.com\/fr\/","logo":{"@type":"ImageObject","inLanguage":"fr-FR","@id":"https:\/\/www.asesoriaorihuelacosta.com\/fr\/#\/schema\/logo\/image\/","url":"https:\/\/www.asesoriaorihuelacosta.com\/wp-content\/uploads\/2022\/06\/Logo-espa\u5bf8l-asesoriaorihuela.jpg","contentUrl":"https:\/\/www.asesoriaorihuelacosta.com\/wp-content\/uploads\/2022\/06\/Logo-espa\u5bf8l-asesoriaorihuela.jpg","width":588,"height":136,"caption":"Asesor\u00eda Orihuela Costa"},"image":{"@id":"https:\/\/www.asesoriaorihuelacosta.com\/fr\/#\/schema\/logo\/image\/"},"sameAs":["https:\/\/www.facebook.com\/asesoriaorihuelacosta"]},{"@type":"Person","@id":"https:\/\/www.asesoriaorihuelacosta.com\/fr\/#\/schema\/person\/633255eadc5df7945d142848ebcc5d02","name":"admin"}]}},"_links":{"self":[{"href":"https:\/\/www.asesoriaorihuelacosta.com\/fr\/wp-json\/wp\/v2\/posts\/7160","targetHints":{"allow":["GET"]}}],"collection":[{"href":"https:\/\/www.asesoriaorihuelacosta.com\/fr\/wp-json\/wp\/v2\/posts"}],"about":[{"href":"https:\/\/www.asesoriaorihuelacosta.com\/fr\/wp-json\/wp\/v2\/types\/post"}],"author":[{"embeddable":true,"href":"https:\/\/www.asesoriaorihuelacosta.com\/fr\/wp-json\/wp\/v2\/users\/1"}],"replies":[{"embeddable":true,"href":"https:\/\/www.asesoriaorihuelacosta.com\/fr\/wp-json\/wp\/v2\/comments?post=7160"}],"version-history":[{"count":6,"href":"https:\/\/www.asesoriaorihuelacosta.com\/fr\/wp-json\/wp\/v2\/posts\/7160\/revisions"}],"predecessor-version":[{"id":12598,"href":"https:\/\/www.asesoriaorihuelacosta.com\/fr\/wp-json\/wp\/v2\/posts\/7160\/revisions\/12598"}],"wp:attachment":[{"href":"https:\/\/www.asesoriaorihuelacosta.com\/fr\/wp-json\/wp\/v2\/media?parent=7160"}],"wp:term":[{"taxonomy":"category","embeddable":true,"href":"https:\/\/www.asesoriaorihuelacosta.com\/fr\/wp-json\/wp\/v2\/categories?post=7160"},{"taxonomy":"post_tag","embeddable":true,"href":"https:\/\/www.asesoriaorihuelacosta.com\/fr\/wp-json\/wp\/v2\/tags?post=7160"}],"curies":[{"name":"wp","href":"https:\/\/api.w.org\/{rel}","templated":true}]}}