{"id":7145,"date":"2022-03-29T08:44:45","date_gmt":"2022-03-29T08:44:45","guid":{"rendered":"https:\/\/www.asesoriaorihuelacosta.com\/cambios-en-la-tributacion-del-iva-de-las-ventas-online\/"},"modified":"2023-01-06T05:55:16","modified_gmt":"2023-01-06T05:55:16","slug":"cambios-en-la-tributacion-del-iva-de-las-ventas-online","status":"publish","type":"post","link":"https:\/\/www.asesoriaorihuelacosta.com\/fr\/cambios-en-la-tributacion-del-iva-de-las-ventas-online\/","title":{"rendered":"Changements dans l&rsquo;imposition de la TVA sur les ventes en ligne"},"content":{"rendered":"\t\t<div data-elementor-type=\"wp-post\" data-elementor-id=\"7145\" class=\"elementor elementor-7145\" data-elementor-post-type=\"post\">\n\t\t\t\t\t\t<section data-particle_enable=\"false\" data-particle-mobile-disabled=\"false\" class=\"elementor-section elementor-top-section elementor-element elementor-element-57ecb5b elementor-section-boxed elementor-section-height-default elementor-section-height-default\" data-id=\"57ecb5b\" data-element_type=\"section\" data-e-type=\"section\">\r\n\t\t\r\n\t\t\t\t\t\t\t<div class=\"elementor-container elementor-column-gap-default\">\r\n\t\t\t\t\t\t\t\t\t\t\t<div class=\"elementor-column elementor-col-100 elementor-top-column elementor-element elementor-element-73f7a37\" data-id=\"73f7a37\" data-element_type=\"column\" data-e-type=\"column\">\r\n\t\t\t\t\t<div class=\"elementor-widget-wrap elementor-element-populated\">\r\n\t\t\t\t\t\t\t\t<div class=\"elementor-element elementor-element-cc2b622 elementor-widget elementor-widget-text-editor\" data-id=\"cc2b622\" data-element_type=\"widget\" data-e-type=\"widget\" data-widget_type=\"text-editor.default\">\n\t\t\t\t<div class=\"elementor-widget-container\">\n\t\t\t\t\t\t\t\t\t<p>Changements dans les ventes \u00e0 distance<\/p><p>\u00c0 compter du 1er juillet 2021, des modifications seront apport\u00e9es au r\u00e9gime de vente \u00e0 distance. A ces fins, la limite \u00e0 partir de laquelle la TVA du pays de destination est applicable est unifi\u00e9e \u00e0 10 000 euros dans tous les pays.<br \/>R\u00e9gime sp\u00e9cial<br \/>Ventes aux particuliers dans l&rsquo;UE. Si votre entreprise livre des produits \u00e0 des particuliers (consommateurs finaux) d&rsquo;autres pays de l&rsquo;Union europ\u00e9enne, en g\u00e9n\u00e9ral, vous devez leur facturer la TVA espagnole (dans ces cas, il n&rsquo;y a pas d&rsquo;exon\u00e9ration de TVA, contrairement \u00e0 ce qui se passe lorsque le client est une entreprise). Attention! Toutefois, si certaines conditions sont remplies, le \u00abr\u00e9gime de vente \u00e0 distance\u00bb s&rsquo;appliquera et la TVA du pays de destination devra \u00eatre r\u00e9percut\u00e9e et pay\u00e9e \u00e0 l&rsquo;administration fiscale dudit territoire.<\/p><p>Exigences. En particulier, votre entreprise se trouvera dans cette situation si elle r\u00e9pond aux exigences suivantes en m\u00eame temps:<\/p><p>Que les marchandises qu&rsquo;elle vend soient transport\u00e9es d&rsquo;Espagne vers le pays de l&rsquo;individu qui les acquiert. Attention! Si l&rsquo;individu voyageait en Espagne et les achetait dans notre pays, la vente porterait la TVA espagnole.<br \/>Cela dit, le transport est effectu\u00e9 pour le compte de votre entreprise.<br \/>Et que, au cours de l&rsquo;ann\u00e9e pr\u00e9c\u00e9dente ou de l&rsquo;ann\u00e9e en cours, le volume des ventes de ce type effectu\u00e9es par votre entreprise dans le m\u00eame pays de l&rsquo;UE a d\u00e9pass\u00e9 la limite \u00e9tablie sur ce territoire. Remarque. Si vous remplissez ces conditions, pour les ventes que vous effectuez \u00e0 des particuliers dans ce pays, vous devez appliquer la TVA de ce territoire.<br \/>Limites par pays. Actuellement, pour que ce r\u00e9gime de vente \u00e0 distance soit applicable, chaque pays a \u00e9tabli une limite diff\u00e9rente. Remarque. Ainsi, par exemple, si votre entreprise vend \u00e0 des particuliers en Allemagne, elle sera oblig\u00e9e de s&rsquo;inscrire au recensement des entrepreneurs de ce territoire et de facturer la TVA allemande lorsque ses ventes d\u00e9passent 100 000 euros. En revanche, en Italie et en France, la limite est de 35 000 euros.<\/p><p>Changements: 1 juillet 2021<br \/>Limite unique de 10 000 euros. Eh bien, \u00e0 compter du 1er juillet 2021, les limites pr\u00e9c\u00e9dentes sont homog\u00e9n\u00e9is\u00e9es. De cette mani\u00e8re, si les ventes r\u00e9alis\u00e9es aux particuliers dans le m\u00eame pays l&rsquo;ann\u00e9e pr\u00e9c\u00e9dente ou l&rsquo;ann\u00e9e en cours atteignent 10 000 euros, votre entreprise doit d\u00e9j\u00e0 appliquer la TVA de ce territoire. Attention! Bien que ce changement devait \u00eatre introduit \u00e0 partir du 1er janvier 2021, en raison de la crise sanitaire, son entr\u00e9e en vigueur a \u00e9t\u00e9 report\u00e9e de six mois.<\/p><p>Mini guichet unique. En revanche, et pour faciliter l&rsquo;application de ce r\u00e9gime, il ne sera plus n\u00e9cessaire pour votre entreprise de s&rsquo;inscrire aupr\u00e8s de l&rsquo;administration fiscale de chacun des pays auxquels elle vend (comme c&rsquo;est actuellement le cas). Remarque. Pour saisir les quotas de TVA appliqu\u00e9s dans chaque pays, vous pouvez vous pr\u00e9valoir d&rsquo;un syst\u00e8me de \u00abmini guichet unique\u00bb, comme celui qui existe d\u00e9j\u00e0 pour les entreprises qui fournissent des services \u00e9lectroniques aux particuliers dans l&rsquo;UE. De cette mani\u00e8re, votre entreprise pourra r\u00e9gler toute la TVA qui est r\u00e9percut\u00e9e dans l&rsquo;UE via le Tr\u00e9sor espagnol (celui-ci \u00e9tant en charge du transfert de la TVA correspondante sur chaque territoire).<\/p><p>Brexit<br \/>Exportations. <a href=\"https:\/\/www.asesoriaorihuelacosta.com\/fr\/brexit-societes-espagnoles\/\" target=\"_blank\" rel=\"noopener\"><strong>Si votre entreprise vend \u00e0 des particuliers au Royaume-Uni<\/strong><\/a>, le programme de vente \u00e0 distance s&rsquo;applique d\u00e9sormais \u00e0 vous lorsque vos ventes d\u00e9passent 70 000 \u00a3 (qui est le seuil britannique). Attention! Eh bien, rappelez-vous qu&rsquo;\u00e0 compter du 1er janvier 2021, la p\u00e9riode de transition se termine pendant laquelle le Royaume-Uni continue d&rsquo;\u00eatre soumis \u00e0 la r\u00e9glementation de l&rsquo;UE. Par cons\u00e9quent, \u00e0 compter de cette date, toutes les ventes effectu\u00e9es sur ledit territoire seront consid\u00e9r\u00e9es comme des exportations et seront exon\u00e9r\u00e9es de TVA.<\/p><p>Au 1er juillet 2021, le plafond \u00e0 partir duquel la TVA du pays de destination doit \u00eatre r\u00e9percut\u00e9e sur les ventes aux particuliers est unifi\u00e9 \u00e0 10 000 euros. Adaptez la facturation de votre entreprise \u00e0 ce changement important.<\/p>\t\t\t\t\t\t\t\t<\/div>\n\t\t\t\t<\/div>\n\t\t\t\t\t<\/div>\r\n\t\t\t\t<\/div>\r\n\t\t\t\t\t<\/div>\r\n\t\t\t\t<\/section>\r\n\t\t\t\t<\/div>\n\t\t","protected":false},"excerpt":{"rendered":"<p>Changements dans les ventes \u00e0 distance \u00c0 compter du 1er juillet 2021, des modifications seront apport\u00e9es au r\u00e9gime de vente \u00e0 distance. A ces fins, la limite \u00e0 partir de laquelle la TVA du pays de destination est applicable est unifi\u00e9e \u00e0 10 000 euros dans tous les pays.R\u00e9gime sp\u00e9cialVentes aux particuliers dans l&rsquo;UE. Si [&hellip;]<\/p>\n","protected":false},"author":1,"featured_media":10925,"comment_status":"closed","ping_status":"closed","sticky":false,"template":"","format":"standard","meta":{"_eb_attr":"","inline_featured_image":false,"footnotes":""},"categories":[46],"tags":[],"class_list":["post-7145","post","type-post","status-publish","format-standard","has-post-thumbnail","hentry","category-blog"],"featured_image_src":{"landsacpe":["https:\/\/www.asesoriaorihuelacosta.com\/wp-content\/uploads\/2022\/03\/iva-ventas-online-500x445.png",500,445,true],"list":["https:\/\/www.asesoriaorihuelacosta.com\/wp-content\/uploads\/2022\/03\/iva-ventas-online-463x348.png",463,348,true],"medium":["https:\/\/www.asesoriaorihuelacosta.com\/wp-content\/uploads\/2022\/03\/iva-ventas-online-300x300.png",300,300,true],"full":["https:\/\/www.asesoriaorihuelacosta.com\/wp-content\/uploads\/2022\/03\/iva-ventas-online.png",500,500,false]},"yoast_head":"<!-- This site is optimized with the Yoast SEO Premium plugin v24.7 (Yoast SEO v27.4) - https:\/\/yoast.com\/product\/yoast-seo-premium-wordpress\/ -->\n<title>Changements dans l&#039;imposition de la TVA sur les ventes en ligne<\/title>\n<meta name=\"description\" content=\"\u00c0 partir du 1er juillet 2021, la limite d&#039;application de la TVA du pays de destination sur les ventes en ligne sera unifi\u00e9e \u00e0 10 000 \u00a4.\" \/>\n<meta name=\"robots\" content=\"index, follow, max-snippet:-1, max-image-preview:large, max-video-preview:-1\" \/>\n<link rel=\"canonical\" href=\"https:\/\/www.asesoriaorihuelacosta.com\/fr\/cambios-en-la-tributacion-del-iva-de-las-ventas-online\/\" \/>\n<meta property=\"og:locale\" content=\"fr_FR\" \/>\n<meta property=\"og:type\" content=\"article\" \/>\n<meta property=\"og:title\" content=\"Changements dans l&#039;imposition de la TVA sur les ventes en ligne\" \/>\n<meta property=\"og:description\" content=\"\u00c0 partir du 1er juillet 2021, la limite d&#039;application de la TVA du pays de destination sur les ventes en ligne sera unifi\u00e9e \u00e0 10 000 \u00a4.\" \/>\n<meta property=\"og:url\" content=\"https:\/\/www.asesoriaorihuelacosta.com\/fr\/cambios-en-la-tributacion-del-iva-de-las-ventas-online\/\" \/>\n<meta property=\"og:site_name\" content=\"Asesor\u00eda Orihuela Costa\" \/>\n<meta property=\"article:publisher\" content=\"https:\/\/www.facebook.com\/asesoriaorihuelacosta\" \/>\n<meta property=\"article:published_time\" content=\"2022-03-29T08:44:45+00:00\" \/>\n<meta property=\"article:modified_time\" content=\"2023-01-06T05:55:16+00:00\" \/>\n<meta property=\"og:image\" content=\"https:\/\/www.asesoriaorihuelacosta.com\/wp-content\/uploads\/2022\/03\/iva-ventas-online.png\" \/>\n\t<meta property=\"og:image:width\" content=\"500\" \/>\n\t<meta property=\"og:image:height\" content=\"500\" \/>\n\t<meta property=\"og:image:type\" content=\"image\/png\" \/>\n<meta name=\"author\" content=\"admin\" \/>\n<meta name=\"twitter:card\" content=\"summary_large_image\" \/>\n<meta name=\"twitter:label1\" content=\"\u00c9crit par\" \/>\n\t<meta name=\"twitter:data1\" content=\"admin\" \/>\n\t<meta name=\"twitter:label2\" content=\"Dur\u00e9e de lecture estim\u00e9e\" \/>\n\t<meta name=\"twitter:data2\" content=\"3 minutes\" \/>\n<script type=\"application\/ld+json\" class=\"yoast-schema-graph\">{\"@context\":\"https:\\\/\\\/schema.org\",\"@graph\":[{\"@type\":\"Article\",\"@id\":\"https:\\\/\\\/www.asesoriaorihuelacosta.com\\\/fr\\\/cambios-en-la-tributacion-del-iva-de-las-ventas-online\\\/#article\",\"isPartOf\":{\"@id\":\"https:\\\/\\\/www.asesoriaorihuelacosta.com\\\/fr\\\/cambios-en-la-tributacion-del-iva-de-las-ventas-online\\\/\"},\"author\":{\"name\":\"admin\",\"@id\":\"https:\\\/\\\/www.asesoriaorihuelacosta.com\\\/fr\\\/#\\\/schema\\\/person\\\/633255eadc5df7945d142848ebcc5d02\"},\"headline\":\"Changements dans l&rsquo;imposition de la TVA sur les ventes en ligne\",\"datePublished\":\"2022-03-29T08:44:45+00:00\",\"dateModified\":\"2023-01-06T05:55:16+00:00\",\"mainEntityOfPage\":{\"@id\":\"https:\\\/\\\/www.asesoriaorihuelacosta.com\\\/fr\\\/cambios-en-la-tributacion-del-iva-de-las-ventas-online\\\/\"},\"wordCount\":713,\"publisher\":{\"@id\":\"https:\\\/\\\/www.asesoriaorihuelacosta.com\\\/fr\\\/#organization\"},\"image\":{\"@id\":\"https:\\\/\\\/www.asesoriaorihuelacosta.com\\\/fr\\\/cambios-en-la-tributacion-del-iva-de-las-ventas-online\\\/#primaryimage\"},\"thumbnailUrl\":\"https:\\\/\\\/www.asesoriaorihuelacosta.com\\\/wp-content\\\/uploads\\\/2022\\\/03\\\/iva-ventas-online.png\",\"articleSection\":[\"Blog\"],\"inLanguage\":\"fr-FR\"},{\"@type\":\"WebPage\",\"@id\":\"https:\\\/\\\/www.asesoriaorihuelacosta.com\\\/fr\\\/cambios-en-la-tributacion-del-iva-de-las-ventas-online\\\/\",\"url\":\"https:\\\/\\\/www.asesoriaorihuelacosta.com\\\/fr\\\/cambios-en-la-tributacion-del-iva-de-las-ventas-online\\\/\",\"name\":\"Changements dans l'imposition de la TVA sur les ventes en ligne\",\"isPartOf\":{\"@id\":\"https:\\\/\\\/www.asesoriaorihuelacosta.com\\\/fr\\\/#website\"},\"primaryImageOfPage\":{\"@id\":\"https:\\\/\\\/www.asesoriaorihuelacosta.com\\\/fr\\\/cambios-en-la-tributacion-del-iva-de-las-ventas-online\\\/#primaryimage\"},\"image\":{\"@id\":\"https:\\\/\\\/www.asesoriaorihuelacosta.com\\\/fr\\\/cambios-en-la-tributacion-del-iva-de-las-ventas-online\\\/#primaryimage\"},\"thumbnailUrl\":\"https:\\\/\\\/www.asesoriaorihuelacosta.com\\\/wp-content\\\/uploads\\\/2022\\\/03\\\/iva-ventas-online.png\",\"datePublished\":\"2022-03-29T08:44:45+00:00\",\"dateModified\":\"2023-01-06T05:55:16+00:00\",\"description\":\"\u00c0 partir du 1er juillet 2021, la limite d'application de la TVA du pays de destination sur les ventes en ligne sera unifi\u00e9e \u00e0 10 000 \u00a4.\",\"breadcrumb\":{\"@id\":\"https:\\\/\\\/www.asesoriaorihuelacosta.com\\\/fr\\\/cambios-en-la-tributacion-del-iva-de-las-ventas-online\\\/#breadcrumb\"},\"inLanguage\":\"fr-FR\",\"potentialAction\":[{\"@type\":\"ReadAction\",\"target\":[\"https:\\\/\\\/www.asesoriaorihuelacosta.com\\\/fr\\\/cambios-en-la-tributacion-del-iva-de-las-ventas-online\\\/\"]}]},{\"@type\":\"ImageObject\",\"inLanguage\":\"fr-FR\",\"@id\":\"https:\\\/\\\/www.asesoriaorihuelacosta.com\\\/fr\\\/cambios-en-la-tributacion-del-iva-de-las-ventas-online\\\/#primaryimage\",\"url\":\"https:\\\/\\\/www.asesoriaorihuelacosta.com\\\/wp-content\\\/uploads\\\/2022\\\/03\\\/iva-ventas-online.png\",\"contentUrl\":\"https:\\\/\\\/www.asesoriaorihuelacosta.com\\\/wp-content\\\/uploads\\\/2022\\\/03\\\/iva-ventas-online.png\",\"width\":500,\"height\":500,\"caption\":\"iva ventas online\"},{\"@type\":\"BreadcrumbList\",\"@id\":\"https:\\\/\\\/www.asesoriaorihuelacosta.com\\\/fr\\\/cambios-en-la-tributacion-del-iva-de-las-ventas-online\\\/#breadcrumb\",\"itemListElement\":[{\"@type\":\"ListItem\",\"position\":1,\"name\":\"Home\",\"item\":\"https:\\\/\\\/www.asesoriaorihuelacosta.com\\\/fr\\\/\"},{\"@type\":\"ListItem\",\"position\":2,\"name\":\"Changements dans l&#8217;imposition de la TVA sur les ventes en ligne\"}]},{\"@type\":\"WebSite\",\"@id\":\"https:\\\/\\\/www.asesoriaorihuelacosta.com\\\/fr\\\/#website\",\"url\":\"https:\\\/\\\/www.asesoriaorihuelacosta.com\\\/fr\\\/\",\"name\":\"https:\\\/\\\/www.asesoriaorihuelacosta.com\\\/\",\"description\":\"Grupo de asesores profesionales\",\"publisher\":{\"@id\":\"https:\\\/\\\/www.asesoriaorihuelacosta.com\\\/fr\\\/#organization\"},\"potentialAction\":[{\"@type\":\"SearchAction\",\"target\":{\"@type\":\"EntryPoint\",\"urlTemplate\":\"https:\\\/\\\/www.asesoriaorihuelacosta.com\\\/fr\\\/?s={search_term_string}\"},\"query-input\":{\"@type\":\"PropertyValueSpecification\",\"valueRequired\":true,\"valueName\":\"search_term_string\"}}],\"inLanguage\":\"fr-FR\"},{\"@type\":\"Organization\",\"@id\":\"https:\\\/\\\/www.asesoriaorihuelacosta.com\\\/fr\\\/#organization\",\"name\":\"Asesor\u00eda Orihuela Costa\",\"url\":\"https:\\\/\\\/www.asesoriaorihuelacosta.com\\\/fr\\\/\",\"logo\":{\"@type\":\"ImageObject\",\"inLanguage\":\"fr-FR\",\"@id\":\"https:\\\/\\\/www.asesoriaorihuelacosta.com\\\/fr\\\/#\\\/schema\\\/logo\\\/image\\\/\",\"url\":\"https:\\\/\\\/www.asesoriaorihuelacosta.com\\\/wp-content\\\/uploads\\\/2022\\\/06\\\/Logo-espa\u5bf8l-asesoriaorihuela.jpg\",\"contentUrl\":\"https:\\\/\\\/www.asesoriaorihuelacosta.com\\\/wp-content\\\/uploads\\\/2022\\\/06\\\/Logo-espa\u5bf8l-asesoriaorihuela.jpg\",\"width\":588,\"height\":136,\"caption\":\"Asesor\u00eda Orihuela Costa\"},\"image\":{\"@id\":\"https:\\\/\\\/www.asesoriaorihuelacosta.com\\\/fr\\\/#\\\/schema\\\/logo\\\/image\\\/\"},\"sameAs\":[\"https:\\\/\\\/www.facebook.com\\\/asesoriaorihuelacosta\"]},{\"@type\":\"Person\",\"@id\":\"https:\\\/\\\/www.asesoriaorihuelacosta.com\\\/fr\\\/#\\\/schema\\\/person\\\/633255eadc5df7945d142848ebcc5d02\",\"name\":\"admin\"}]}<\/script>\n<!-- \/ Yoast SEO Premium plugin. -->","yoast_head_json":{"title":"Changements dans l'imposition de la TVA sur les ventes en ligne","description":"\u00c0 partir du 1er juillet 2021, la limite d'application de la TVA du pays de destination sur les ventes en ligne sera unifi\u00e9e \u00e0 10 000 \u00a4.","robots":{"index":"index","follow":"follow","max-snippet":"max-snippet:-1","max-image-preview":"max-image-preview:large","max-video-preview":"max-video-preview:-1"},"canonical":"https:\/\/www.asesoriaorihuelacosta.com\/fr\/cambios-en-la-tributacion-del-iva-de-las-ventas-online\/","og_locale":"fr_FR","og_type":"article","og_title":"Changements dans l'imposition de la TVA sur les ventes en ligne","og_description":"\u00c0 partir du 1er juillet 2021, la limite d'application de la TVA du pays de destination sur les ventes en ligne sera unifi\u00e9e \u00e0 10 000 \u00a4.","og_url":"https:\/\/www.asesoriaorihuelacosta.com\/fr\/cambios-en-la-tributacion-del-iva-de-las-ventas-online\/","og_site_name":"Asesor\u00eda Orihuela Costa","article_publisher":"https:\/\/www.facebook.com\/asesoriaorihuelacosta","article_published_time":"2022-03-29T08:44:45+00:00","article_modified_time":"2023-01-06T05:55:16+00:00","og_image":[{"width":500,"height":500,"url":"https:\/\/www.asesoriaorihuelacosta.com\/wp-content\/uploads\/2022\/03\/iva-ventas-online.png","type":"image\/png"}],"author":"admin","twitter_card":"summary_large_image","twitter_misc":{"\u00c9crit par":"admin","Dur\u00e9e de lecture estim\u00e9e":"3 minutes"},"schema":{"@context":"https:\/\/schema.org","@graph":[{"@type":"Article","@id":"https:\/\/www.asesoriaorihuelacosta.com\/fr\/cambios-en-la-tributacion-del-iva-de-las-ventas-online\/#article","isPartOf":{"@id":"https:\/\/www.asesoriaorihuelacosta.com\/fr\/cambios-en-la-tributacion-del-iva-de-las-ventas-online\/"},"author":{"name":"admin","@id":"https:\/\/www.asesoriaorihuelacosta.com\/fr\/#\/schema\/person\/633255eadc5df7945d142848ebcc5d02"},"headline":"Changements dans l&rsquo;imposition de la TVA sur les ventes en ligne","datePublished":"2022-03-29T08:44:45+00:00","dateModified":"2023-01-06T05:55:16+00:00","mainEntityOfPage":{"@id":"https:\/\/www.asesoriaorihuelacosta.com\/fr\/cambios-en-la-tributacion-del-iva-de-las-ventas-online\/"},"wordCount":713,"publisher":{"@id":"https:\/\/www.asesoriaorihuelacosta.com\/fr\/#organization"},"image":{"@id":"https:\/\/www.asesoriaorihuelacosta.com\/fr\/cambios-en-la-tributacion-del-iva-de-las-ventas-online\/#primaryimage"},"thumbnailUrl":"https:\/\/www.asesoriaorihuelacosta.com\/wp-content\/uploads\/2022\/03\/iva-ventas-online.png","articleSection":["Blog"],"inLanguage":"fr-FR"},{"@type":"WebPage","@id":"https:\/\/www.asesoriaorihuelacosta.com\/fr\/cambios-en-la-tributacion-del-iva-de-las-ventas-online\/","url":"https:\/\/www.asesoriaorihuelacosta.com\/fr\/cambios-en-la-tributacion-del-iva-de-las-ventas-online\/","name":"Changements dans l'imposition de la TVA sur les ventes en ligne","isPartOf":{"@id":"https:\/\/www.asesoriaorihuelacosta.com\/fr\/#website"},"primaryImageOfPage":{"@id":"https:\/\/www.asesoriaorihuelacosta.com\/fr\/cambios-en-la-tributacion-del-iva-de-las-ventas-online\/#primaryimage"},"image":{"@id":"https:\/\/www.asesoriaorihuelacosta.com\/fr\/cambios-en-la-tributacion-del-iva-de-las-ventas-online\/#primaryimage"},"thumbnailUrl":"https:\/\/www.asesoriaorihuelacosta.com\/wp-content\/uploads\/2022\/03\/iva-ventas-online.png","datePublished":"2022-03-29T08:44:45+00:00","dateModified":"2023-01-06T05:55:16+00:00","description":"\u00c0 partir du 1er juillet 2021, la limite d'application de la TVA du pays de destination sur les ventes en ligne sera unifi\u00e9e \u00e0 10 000 \u00a4.","breadcrumb":{"@id":"https:\/\/www.asesoriaorihuelacosta.com\/fr\/cambios-en-la-tributacion-del-iva-de-las-ventas-online\/#breadcrumb"},"inLanguage":"fr-FR","potentialAction":[{"@type":"ReadAction","target":["https:\/\/www.asesoriaorihuelacosta.com\/fr\/cambios-en-la-tributacion-del-iva-de-las-ventas-online\/"]}]},{"@type":"ImageObject","inLanguage":"fr-FR","@id":"https:\/\/www.asesoriaorihuelacosta.com\/fr\/cambios-en-la-tributacion-del-iva-de-las-ventas-online\/#primaryimage","url":"https:\/\/www.asesoriaorihuelacosta.com\/wp-content\/uploads\/2022\/03\/iva-ventas-online.png","contentUrl":"https:\/\/www.asesoriaorihuelacosta.com\/wp-content\/uploads\/2022\/03\/iva-ventas-online.png","width":500,"height":500,"caption":"iva ventas online"},{"@type":"BreadcrumbList","@id":"https:\/\/www.asesoriaorihuelacosta.com\/fr\/cambios-en-la-tributacion-del-iva-de-las-ventas-online\/#breadcrumb","itemListElement":[{"@type":"ListItem","position":1,"name":"Home","item":"https:\/\/www.asesoriaorihuelacosta.com\/fr\/"},{"@type":"ListItem","position":2,"name":"Changements dans l&#8217;imposition de la TVA sur les ventes en ligne"}]},{"@type":"WebSite","@id":"https:\/\/www.asesoriaorihuelacosta.com\/fr\/#website","url":"https:\/\/www.asesoriaorihuelacosta.com\/fr\/","name":"https:\/\/www.asesoriaorihuelacosta.com\/","description":"Grupo de asesores profesionales","publisher":{"@id":"https:\/\/www.asesoriaorihuelacosta.com\/fr\/#organization"},"potentialAction":[{"@type":"SearchAction","target":{"@type":"EntryPoint","urlTemplate":"https:\/\/www.asesoriaorihuelacosta.com\/fr\/?s={search_term_string}"},"query-input":{"@type":"PropertyValueSpecification","valueRequired":true,"valueName":"search_term_string"}}],"inLanguage":"fr-FR"},{"@type":"Organization","@id":"https:\/\/www.asesoriaorihuelacosta.com\/fr\/#organization","name":"Asesor\u00eda Orihuela Costa","url":"https:\/\/www.asesoriaorihuelacosta.com\/fr\/","logo":{"@type":"ImageObject","inLanguage":"fr-FR","@id":"https:\/\/www.asesoriaorihuelacosta.com\/fr\/#\/schema\/logo\/image\/","url":"https:\/\/www.asesoriaorihuelacosta.com\/wp-content\/uploads\/2022\/06\/Logo-espa\u5bf8l-asesoriaorihuela.jpg","contentUrl":"https:\/\/www.asesoriaorihuelacosta.com\/wp-content\/uploads\/2022\/06\/Logo-espa\u5bf8l-asesoriaorihuela.jpg","width":588,"height":136,"caption":"Asesor\u00eda Orihuela Costa"},"image":{"@id":"https:\/\/www.asesoriaorihuelacosta.com\/fr\/#\/schema\/logo\/image\/"},"sameAs":["https:\/\/www.facebook.com\/asesoriaorihuelacosta"]},{"@type":"Person","@id":"https:\/\/www.asesoriaorihuelacosta.com\/fr\/#\/schema\/person\/633255eadc5df7945d142848ebcc5d02","name":"admin"}]}},"_links":{"self":[{"href":"https:\/\/www.asesoriaorihuelacosta.com\/fr\/wp-json\/wp\/v2\/posts\/7145","targetHints":{"allow":["GET"]}}],"collection":[{"href":"https:\/\/www.asesoriaorihuelacosta.com\/fr\/wp-json\/wp\/v2\/posts"}],"about":[{"href":"https:\/\/www.asesoriaorihuelacosta.com\/fr\/wp-json\/wp\/v2\/types\/post"}],"author":[{"embeddable":true,"href":"https:\/\/www.asesoriaorihuelacosta.com\/fr\/wp-json\/wp\/v2\/users\/1"}],"replies":[{"embeddable":true,"href":"https:\/\/www.asesoriaorihuelacosta.com\/fr\/wp-json\/wp\/v2\/comments?post=7145"}],"version-history":[{"count":8,"href":"https:\/\/www.asesoriaorihuelacosta.com\/fr\/wp-json\/wp\/v2\/posts\/7145\/revisions"}],"predecessor-version":[{"id":10919,"href":"https:\/\/www.asesoriaorihuelacosta.com\/fr\/wp-json\/wp\/v2\/posts\/7145\/revisions\/10919"}],"wp:featuredmedia":[{"embeddable":true,"href":"https:\/\/www.asesoriaorihuelacosta.com\/fr\/wp-json\/wp\/v2\/media\/10925"}],"wp:attachment":[{"href":"https:\/\/www.asesoriaorihuelacosta.com\/fr\/wp-json\/wp\/v2\/media?parent=7145"}],"wp:term":[{"taxonomy":"category","embeddable":true,"href":"https:\/\/www.asesoriaorihuelacosta.com\/fr\/wp-json\/wp\/v2\/categories?post=7145"},{"taxonomy":"post_tag","embeddable":true,"href":"https:\/\/www.asesoriaorihuelacosta.com\/fr\/wp-json\/wp\/v2\/tags?post=7145"}],"curies":[{"name":"wp","href":"https:\/\/api.w.org\/{rel}","templated":true}]}}