{"id":7140,"date":"2022-03-29T08:43:38","date_gmt":"2022-03-29T08:43:38","guid":{"rendered":"https:\/\/www.asesoriaorihuelacosta.com\/las-nuevas-medidas-sanitarias-no-afectan-a-orihuela-costa\/"},"modified":"2024-01-23T03:59:18","modified_gmt":"2024-01-23T03:59:18","slug":"las-nuevas-medidas-sanitarias-no-afectan-a-orihuela-costa","status":"publish","type":"post","link":"https:\/\/www.asesoriaorihuelacosta.com\/fr\/las-nuevas-medidas-sanitarias-no-afectan-a-orihuela-costa\/","title":{"rendered":"LES NOUVELLES MESURES SANITAIRE NE SONT PAS D&rsquo;APPLICATION \u00c0 ORIHUELA COSTA"},"content":{"rendered":"\t\t<div data-elementor-type=\"wp-post\" data-elementor-id=\"7140\" class=\"elementor elementor-7140\" data-elementor-post-type=\"post\">\n\t\t\t\t\t\t<section data-particle_enable=\"false\" data-particle-mobile-disabled=\"false\" class=\"elementor-section elementor-top-section elementor-element elementor-element-b54f921 elementor-section-boxed elementor-section-height-default elementor-section-height-default\" data-id=\"b54f921\" data-element_type=\"section\" data-e-type=\"section\">\r\n\t\t\r\n\t\t\t\t\t\t\t<div class=\"elementor-container elementor-column-gap-default\">\r\n\t\t\t\t\t\t\t\t\t\t\t<div class=\"elementor-column elementor-col-100 elementor-top-column elementor-element elementor-element-59d8432\" data-id=\"59d8432\" data-element_type=\"column\" data-e-type=\"column\">\r\n\t\t\t\t\t<div class=\"elementor-widget-wrap elementor-element-populated\">\r\n\t\t\t\t\t\t\t\t<div class=\"elementor-element elementor-element-3a85085 elementor-widget elementor-widget-text-editor\" data-id=\"3a85085\" data-element_type=\"widget\" data-e-type=\"widget\" data-widget_type=\"text-editor.default\">\n\t\t\t\t<div class=\"elementor-widget-container\">\n\t\t\t\t\t\t\t\t\t<p>Les nouvelles mesures prises par le minist\u00e8re de la Sant\u00e9 de Valence pour la ville d&rsquo;Orihuela et les districts\u00a0<strong>ne sont pas applicables \u00e0 Orihuela Costa.<\/strong><br \/><br \/>Les mesures \u00e0 Orihuela touchent la commune et tous ses districts,\u00a0<strong>\u00e0 l&rsquo;exception d&rsquo;Orihuela Cost<\/strong>a et du hameau de Torremendo, a expliqu\u00e9 le ministre de la Sant\u00e9 Barcel\u00f3, qui a d\u00e9taill\u00e9 qu&rsquo;il est pass\u00e9 de 120 cas pour 100000 habitants du 1er au 13 septembre \u00e0 184 du 14 au 27 septembre et 431 cas du 28 septembre au 11 octobre.<br \/><br \/>Les nombreux foyers d\u00e9tect\u00e9s sont aussi, pour la plupart, d&rsquo;origine sociale li\u00e9e aux unit\u00e9s familiales et aux amis et \u00ab\u00a0il y a une perte de tra\u00e7abilit\u00e9\u00a0\u00bb, a-t-il soulign\u00e9; 41% des personnes touch\u00e9es ont entre 15 et 44 ans et les plus de 65 ans repr\u00e9sentent 17,2%, donc \u00ab\u00a0un fardeau important n&rsquo;a pas encore \u00e9t\u00e9 observ\u00e9 \u00e0 l&rsquo;h\u00f4pital d&rsquo;Orihuela\u00a0\u00bb.<br \/><br \/>Ici vous pouvez voir\u00a0<a href=\"http:\/\/www.dogv.gva.es\/datos\/2020\/10\/16\/pdf\/2020_8566.pdf\">le lien vers la r\u00e9solution des nouvelles mesures sanitaires<\/a>\u00a0prises par la communaut\u00e9 valencienne pour la ville d&rsquo;Orihuela et les districts.<\/p>\t\t\t\t\t\t\t\t<\/div>\n\t\t\t\t<\/div>\n\t\t\t\t\t<\/div>\r\n\t\t\t\t<\/div>\r\n\t\t\t\t\t<\/div>\r\n\t\t\t\t<\/section>\r\n\t\t\t\t<\/div>\n\t\t","protected":false},"excerpt":{"rendered":"<p>Les nouvelles mesures prises par le minist\u00e8re de la Sant\u00e9 de Valence pour la ville d&rsquo;Orihuela et les districts\u00a0ne sont pas applicables \u00e0 Orihuela Costa. Les mesures \u00e0 Orihuela touchent la commune et tous ses districts,\u00a0\u00e0 l&rsquo;exception d&rsquo;Orihuela Costa et du hameau de Torremendo, a expliqu\u00e9 le ministre de la Sant\u00e9 Barcel\u00f3, qui a d\u00e9taill\u00e9 [&hellip;]<\/p>\n","protected":false},"author":1,"featured_media":0,"comment_status":"closed","ping_status":"closed","sticky":false,"template":"","format":"standard","meta":{"_eb_attr":"","inline_featured_image":false,"footnotes":""},"categories":[46],"tags":[],"class_list":["post-7140","post","type-post","status-publish","format-standard","hentry","category-blog"],"featured_image_src":{"landsacpe":false,"list":false,"medium":false,"full":false},"yoast_head":"<!-- This site is optimized with the Yoast SEO Premium plugin v24.7 (Yoast SEO v27.4) - https:\/\/yoast.com\/product\/yoast-seo-premium-wordpress\/ -->\n<title>MESURES SANITAIRE \u00c0 ORIHUELA COSTA - Asesor\u00eda Orihuela Costa<\/title>\n<meta name=\"description\" content=\"Les mesures prises \u00e0 Orihuela concernent la municipalit\u00e9 et toutes ses pedan\u00edas, \u00e0 l&#039;exception d&#039;Orihuela Costa et Torremendo.\" \/>\n<meta name=\"robots\" content=\"index, follow, max-snippet:-1, max-image-preview:large, max-video-preview:-1\" \/>\n<link rel=\"canonical\" href=\"https:\/\/www.asesoriaorihuelacosta.com\/fr\/las-nuevas-medidas-sanitarias-no-afectan-a-orihuela-costa\/\" \/>\n<meta property=\"og:locale\" content=\"fr_FR\" \/>\n<meta property=\"og:type\" content=\"article\" \/>\n<meta property=\"og:title\" content=\"LES NOUVELLES MESURES SANITAIRE NE SONT PAS D&#039;APPLICATION \u00c0 ORIHUELA COSTA\" \/>\n<meta property=\"og:description\" content=\"Les mesures prises \u00e0 Orihuela concernent la municipalit\u00e9 et toutes ses pedan\u00edas, \u00e0 l&#039;exception d&#039;Orihuela Costa et Torremendo.\" \/>\n<meta property=\"og:url\" content=\"https:\/\/www.asesoriaorihuelacosta.com\/fr\/las-nuevas-medidas-sanitarias-no-afectan-a-orihuela-costa\/\" \/>\n<meta property=\"og:site_name\" content=\"Asesor\u00eda Orihuela Costa\" \/>\n<meta property=\"article:publisher\" content=\"https:\/\/www.facebook.com\/asesoriaorihuelacosta\" \/>\n<meta property=\"article:published_time\" content=\"2022-03-29T08:43:38+00:00\" \/>\n<meta property=\"article:modified_time\" content=\"2024-01-23T03:59:18+00:00\" \/>\n<meta name=\"author\" content=\"admin\" \/>\n<meta name=\"twitter:card\" content=\"summary_large_image\" \/>\n<meta name=\"twitter:label1\" content=\"\u00c9crit par\" \/>\n\t<meta name=\"twitter:data1\" content=\"admin\" \/>\n\t<meta name=\"twitter:label2\" content=\"Dur\u00e9e de lecture estim\u00e9e\" \/>\n\t<meta name=\"twitter:data2\" content=\"1 minute\" \/>\n<script type=\"application\/ld+json\" class=\"yoast-schema-graph\">{\"@context\":\"https:\\\/\\\/schema.org\",\"@graph\":[{\"@type\":\"Article\",\"@id\":\"https:\\\/\\\/www.asesoriaorihuelacosta.com\\\/fr\\\/las-nuevas-medidas-sanitarias-no-afectan-a-orihuela-costa\\\/#article\",\"isPartOf\":{\"@id\":\"https:\\\/\\\/www.asesoriaorihuelacosta.com\\\/fr\\\/las-nuevas-medidas-sanitarias-no-afectan-a-orihuela-costa\\\/\"},\"author\":{\"name\":\"admin\",\"@id\":\"https:\\\/\\\/www.asesoriaorihuelacosta.com\\\/fr\\\/#\\\/schema\\\/person\\\/633255eadc5df7945d142848ebcc5d02\"},\"headline\":\"LES NOUVELLES MESURES SANITAIRE NE SONT PAS D&rsquo;APPLICATION \u00c0 ORIHUELA COSTA\",\"datePublished\":\"2022-03-29T08:43:38+00:00\",\"dateModified\":\"2024-01-23T03:59:18+00:00\",\"mainEntityOfPage\":{\"@id\":\"https:\\\/\\\/www.asesoriaorihuelacosta.com\\\/fr\\\/las-nuevas-medidas-sanitarias-no-afectan-a-orihuela-costa\\\/\"},\"wordCount\":182,\"publisher\":{\"@id\":\"https:\\\/\\\/www.asesoriaorihuelacosta.com\\\/fr\\\/#organization\"},\"articleSection\":[\"Blog\"],\"inLanguage\":\"fr-FR\"},{\"@type\":\"WebPage\",\"@id\":\"https:\\\/\\\/www.asesoriaorihuelacosta.com\\\/fr\\\/las-nuevas-medidas-sanitarias-no-afectan-a-orihuela-costa\\\/\",\"url\":\"https:\\\/\\\/www.asesoriaorihuelacosta.com\\\/fr\\\/las-nuevas-medidas-sanitarias-no-afectan-a-orihuela-costa\\\/\",\"name\":\"MESURES SANITAIRE \u00c0 ORIHUELA COSTA - Asesor\u00eda Orihuela Costa\",\"isPartOf\":{\"@id\":\"https:\\\/\\\/www.asesoriaorihuelacosta.com\\\/fr\\\/#website\"},\"datePublished\":\"2022-03-29T08:43:38+00:00\",\"dateModified\":\"2024-01-23T03:59:18+00:00\",\"description\":\"Les mesures prises \u00e0 Orihuela concernent la municipalit\u00e9 et toutes ses pedan\u00edas, \u00e0 l'exception d'Orihuela Costa et Torremendo.\",\"breadcrumb\":{\"@id\":\"https:\\\/\\\/www.asesoriaorihuelacosta.com\\\/fr\\\/las-nuevas-medidas-sanitarias-no-afectan-a-orihuela-costa\\\/#breadcrumb\"},\"inLanguage\":\"fr-FR\",\"potentialAction\":[{\"@type\":\"ReadAction\",\"target\":[\"https:\\\/\\\/www.asesoriaorihuelacosta.com\\\/fr\\\/las-nuevas-medidas-sanitarias-no-afectan-a-orihuela-costa\\\/\"]}]},{\"@type\":\"BreadcrumbList\",\"@id\":\"https:\\\/\\\/www.asesoriaorihuelacosta.com\\\/fr\\\/las-nuevas-medidas-sanitarias-no-afectan-a-orihuela-costa\\\/#breadcrumb\",\"itemListElement\":[{\"@type\":\"ListItem\",\"position\":1,\"name\":\"Home\",\"item\":\"https:\\\/\\\/www.asesoriaorihuelacosta.com\\\/fr\\\/\"},{\"@type\":\"ListItem\",\"position\":2,\"name\":\"LES NOUVELLES MESURES SANITAIRE NE SONT PAS D&#8217;APPLICATION \u00c0 ORIHUELA COSTA\"}]},{\"@type\":\"WebSite\",\"@id\":\"https:\\\/\\\/www.asesoriaorihuelacosta.com\\\/fr\\\/#website\",\"url\":\"https:\\\/\\\/www.asesoriaorihuelacosta.com\\\/fr\\\/\",\"name\":\"https:\\\/\\\/www.asesoriaorihuelacosta.com\\\/\",\"description\":\"Grupo de asesores profesionales\",\"publisher\":{\"@id\":\"https:\\\/\\\/www.asesoriaorihuelacosta.com\\\/fr\\\/#organization\"},\"potentialAction\":[{\"@type\":\"SearchAction\",\"target\":{\"@type\":\"EntryPoint\",\"urlTemplate\":\"https:\\\/\\\/www.asesoriaorihuelacosta.com\\\/fr\\\/?s={search_term_string}\"},\"query-input\":{\"@type\":\"PropertyValueSpecification\",\"valueRequired\":true,\"valueName\":\"search_term_string\"}}],\"inLanguage\":\"fr-FR\"},{\"@type\":\"Organization\",\"@id\":\"https:\\\/\\\/www.asesoriaorihuelacosta.com\\\/fr\\\/#organization\",\"name\":\"Asesor\u00eda Orihuela Costa\",\"url\":\"https:\\\/\\\/www.asesoriaorihuelacosta.com\\\/fr\\\/\",\"logo\":{\"@type\":\"ImageObject\",\"inLanguage\":\"fr-FR\",\"@id\":\"https:\\\/\\\/www.asesoriaorihuelacosta.com\\\/fr\\\/#\\\/schema\\\/logo\\\/image\\\/\",\"url\":\"https:\\\/\\\/www.asesoriaorihuelacosta.com\\\/wp-content\\\/uploads\\\/2022\\\/06\\\/Logo-espa\u5bf8l-asesoriaorihuela.jpg\",\"contentUrl\":\"https:\\\/\\\/www.asesoriaorihuelacosta.com\\\/wp-content\\\/uploads\\\/2022\\\/06\\\/Logo-espa\u5bf8l-asesoriaorihuela.jpg\",\"width\":588,\"height\":136,\"caption\":\"Asesor\u00eda Orihuela Costa\"},\"image\":{\"@id\":\"https:\\\/\\\/www.asesoriaorihuelacosta.com\\\/fr\\\/#\\\/schema\\\/logo\\\/image\\\/\"},\"sameAs\":[\"https:\\\/\\\/www.facebook.com\\\/asesoriaorihuelacosta\"]},{\"@type\":\"Person\",\"@id\":\"https:\\\/\\\/www.asesoriaorihuelacosta.com\\\/fr\\\/#\\\/schema\\\/person\\\/633255eadc5df7945d142848ebcc5d02\",\"name\":\"admin\"}]}<\/script>\n<!-- \/ Yoast SEO Premium plugin. -->","yoast_head_json":{"title":"MESURES SANITAIRE \u00c0 ORIHUELA COSTA - Asesor\u00eda Orihuela Costa","description":"Les mesures prises \u00e0 Orihuela concernent la municipalit\u00e9 et toutes ses pedan\u00edas, \u00e0 l'exception d'Orihuela Costa et Torremendo.","robots":{"index":"index","follow":"follow","max-snippet":"max-snippet:-1","max-image-preview":"max-image-preview:large","max-video-preview":"max-video-preview:-1"},"canonical":"https:\/\/www.asesoriaorihuelacosta.com\/fr\/las-nuevas-medidas-sanitarias-no-afectan-a-orihuela-costa\/","og_locale":"fr_FR","og_type":"article","og_title":"LES NOUVELLES MESURES SANITAIRE NE SONT PAS D'APPLICATION \u00c0 ORIHUELA COSTA","og_description":"Les mesures prises \u00e0 Orihuela concernent la municipalit\u00e9 et toutes ses pedan\u00edas, \u00e0 l'exception d'Orihuela Costa et Torremendo.","og_url":"https:\/\/www.asesoriaorihuelacosta.com\/fr\/las-nuevas-medidas-sanitarias-no-afectan-a-orihuela-costa\/","og_site_name":"Asesor\u00eda Orihuela Costa","article_publisher":"https:\/\/www.facebook.com\/asesoriaorihuelacosta","article_published_time":"2022-03-29T08:43:38+00:00","article_modified_time":"2024-01-23T03:59:18+00:00","author":"admin","twitter_card":"summary_large_image","twitter_misc":{"\u00c9crit par":"admin","Dur\u00e9e de lecture estim\u00e9e":"1 minute"},"schema":{"@context":"https:\/\/schema.org","@graph":[{"@type":"Article","@id":"https:\/\/www.asesoriaorihuelacosta.com\/fr\/las-nuevas-medidas-sanitarias-no-afectan-a-orihuela-costa\/#article","isPartOf":{"@id":"https:\/\/www.asesoriaorihuelacosta.com\/fr\/las-nuevas-medidas-sanitarias-no-afectan-a-orihuela-costa\/"},"author":{"name":"admin","@id":"https:\/\/www.asesoriaorihuelacosta.com\/fr\/#\/schema\/person\/633255eadc5df7945d142848ebcc5d02"},"headline":"LES NOUVELLES MESURES SANITAIRE NE SONT PAS D&rsquo;APPLICATION \u00c0 ORIHUELA COSTA","datePublished":"2022-03-29T08:43:38+00:00","dateModified":"2024-01-23T03:59:18+00:00","mainEntityOfPage":{"@id":"https:\/\/www.asesoriaorihuelacosta.com\/fr\/las-nuevas-medidas-sanitarias-no-afectan-a-orihuela-costa\/"},"wordCount":182,"publisher":{"@id":"https:\/\/www.asesoriaorihuelacosta.com\/fr\/#organization"},"articleSection":["Blog"],"inLanguage":"fr-FR"},{"@type":"WebPage","@id":"https:\/\/www.asesoriaorihuelacosta.com\/fr\/las-nuevas-medidas-sanitarias-no-afectan-a-orihuela-costa\/","url":"https:\/\/www.asesoriaorihuelacosta.com\/fr\/las-nuevas-medidas-sanitarias-no-afectan-a-orihuela-costa\/","name":"MESURES SANITAIRE \u00c0 ORIHUELA COSTA - Asesor\u00eda Orihuela Costa","isPartOf":{"@id":"https:\/\/www.asesoriaorihuelacosta.com\/fr\/#website"},"datePublished":"2022-03-29T08:43:38+00:00","dateModified":"2024-01-23T03:59:18+00:00","description":"Les mesures prises \u00e0 Orihuela concernent la municipalit\u00e9 et toutes ses pedan\u00edas, \u00e0 l'exception d'Orihuela Costa et Torremendo.","breadcrumb":{"@id":"https:\/\/www.asesoriaorihuelacosta.com\/fr\/las-nuevas-medidas-sanitarias-no-afectan-a-orihuela-costa\/#breadcrumb"},"inLanguage":"fr-FR","potentialAction":[{"@type":"ReadAction","target":["https:\/\/www.asesoriaorihuelacosta.com\/fr\/las-nuevas-medidas-sanitarias-no-afectan-a-orihuela-costa\/"]}]},{"@type":"BreadcrumbList","@id":"https:\/\/www.asesoriaorihuelacosta.com\/fr\/las-nuevas-medidas-sanitarias-no-afectan-a-orihuela-costa\/#breadcrumb","itemListElement":[{"@type":"ListItem","position":1,"name":"Home","item":"https:\/\/www.asesoriaorihuelacosta.com\/fr\/"},{"@type":"ListItem","position":2,"name":"LES NOUVELLES MESURES SANITAIRE NE SONT PAS D&#8217;APPLICATION \u00c0 ORIHUELA COSTA"}]},{"@type":"WebSite","@id":"https:\/\/www.asesoriaorihuelacosta.com\/fr\/#website","url":"https:\/\/www.asesoriaorihuelacosta.com\/fr\/","name":"https:\/\/www.asesoriaorihuelacosta.com\/","description":"Grupo de asesores profesionales","publisher":{"@id":"https:\/\/www.asesoriaorihuelacosta.com\/fr\/#organization"},"potentialAction":[{"@type":"SearchAction","target":{"@type":"EntryPoint","urlTemplate":"https:\/\/www.asesoriaorihuelacosta.com\/fr\/?s={search_term_string}"},"query-input":{"@type":"PropertyValueSpecification","valueRequired":true,"valueName":"search_term_string"}}],"inLanguage":"fr-FR"},{"@type":"Organization","@id":"https:\/\/www.asesoriaorihuelacosta.com\/fr\/#organization","name":"Asesor\u00eda Orihuela Costa","url":"https:\/\/www.asesoriaorihuelacosta.com\/fr\/","logo":{"@type":"ImageObject","inLanguage":"fr-FR","@id":"https:\/\/www.asesoriaorihuelacosta.com\/fr\/#\/schema\/logo\/image\/","url":"https:\/\/www.asesoriaorihuelacosta.com\/wp-content\/uploads\/2022\/06\/Logo-espa\u5bf8l-asesoriaorihuela.jpg","contentUrl":"https:\/\/www.asesoriaorihuelacosta.com\/wp-content\/uploads\/2022\/06\/Logo-espa\u5bf8l-asesoriaorihuela.jpg","width":588,"height":136,"caption":"Asesor\u00eda Orihuela Costa"},"image":{"@id":"https:\/\/www.asesoriaorihuelacosta.com\/fr\/#\/schema\/logo\/image\/"},"sameAs":["https:\/\/www.facebook.com\/asesoriaorihuelacosta"]},{"@type":"Person","@id":"https:\/\/www.asesoriaorihuelacosta.com\/fr\/#\/schema\/person\/633255eadc5df7945d142848ebcc5d02","name":"admin"}]}},"_links":{"self":[{"href":"https:\/\/www.asesoriaorihuelacosta.com\/fr\/wp-json\/wp\/v2\/posts\/7140","targetHints":{"allow":["GET"]}}],"collection":[{"href":"https:\/\/www.asesoriaorihuelacosta.com\/fr\/wp-json\/wp\/v2\/posts"}],"about":[{"href":"https:\/\/www.asesoriaorihuelacosta.com\/fr\/wp-json\/wp\/v2\/types\/post"}],"author":[{"embeddable":true,"href":"https:\/\/www.asesoriaorihuelacosta.com\/fr\/wp-json\/wp\/v2\/users\/1"}],"replies":[{"embeddable":true,"href":"https:\/\/www.asesoriaorihuelacosta.com\/fr\/wp-json\/wp\/v2\/comments?post=7140"}],"version-history":[{"count":4,"href":"https:\/\/www.asesoriaorihuelacosta.com\/fr\/wp-json\/wp\/v2\/posts\/7140\/revisions"}],"predecessor-version":[{"id":7144,"href":"https:\/\/www.asesoriaorihuelacosta.com\/fr\/wp-json\/wp\/v2\/posts\/7140\/revisions\/7144"}],"wp:attachment":[{"href":"https:\/\/www.asesoriaorihuelacosta.com\/fr\/wp-json\/wp\/v2\/media?parent=7140"}],"wp:term":[{"taxonomy":"category","embeddable":true,"href":"https:\/\/www.asesoriaorihuelacosta.com\/fr\/wp-json\/wp\/v2\/categories?post=7140"},{"taxonomy":"post_tag","embeddable":true,"href":"https:\/\/www.asesoriaorihuelacosta.com\/fr\/wp-json\/wp\/v2\/tags?post=7140"}],"curies":[{"name":"wp","href":"https:\/\/api.w.org\/{rel}","templated":true}]}}