{"id":7130,"date":"2022-03-29T08:41:26","date_gmt":"2022-03-29T08:41:26","guid":{"rendered":"https:\/\/www.asesoriaorihuelacosta.com\/nuevas-medidas-para-el-toque-de-queda-en-la-comunidad-valenciana\/"},"modified":"2024-10-13T07:47:49","modified_gmt":"2024-10-13T07:47:49","slug":"couvre-feu-communaute-valencienne","status":"publish","type":"post","link":"https:\/\/www.asesoriaorihuelacosta.com\/fr\/couvre-feu-communaute-valencienne\/","title":{"rendered":"NOUVELLES MESURES COUVRE-FEU COMMUNAUT\u00c9 VALENCIENNE"},"content":{"rendered":"\t\t<div data-elementor-type=\"wp-post\" data-elementor-id=\"7130\" class=\"elementor elementor-7130\" data-elementor-post-type=\"post\">\n\t\t\t\t\t\t<section data-particle_enable=\"false\" data-particle-mobile-disabled=\"false\" class=\"elementor-section elementor-top-section elementor-element elementor-element-0330206 elementor-section-boxed elementor-section-height-default elementor-section-height-default\" data-id=\"0330206\" data-element_type=\"section\" data-e-type=\"section\">\r\n\t\t\r\n\t\t\t\t\t\t\t<div class=\"elementor-container elementor-column-gap-default\">\r\n\t\t\t\t\t\t\t\t\t\t\t<div class=\"elementor-column elementor-col-100 elementor-top-column elementor-element elementor-element-b852683\" data-id=\"b852683\" data-element_type=\"column\" data-e-type=\"column\">\r\n\t\t\t\t\t<div class=\"elementor-widget-wrap elementor-element-populated\">\r\n\t\t\t\t\t\t\t\t<div class=\"elementor-element elementor-element-2aae749 elementor-widget elementor-widget-text-editor\" data-id=\"2aae749\" data-element_type=\"widget\" data-e-type=\"widget\" data-widget_type=\"text-editor.default\">\n\t\t\t\t<div class=\"elementor-widget-container\">\n\t\t\t\t\t\t\t\t\t<p>Le gouvernement de la communaut\u00e9 Valencienne a accord\u00e9 des mesures jusqu&rsquo;au 9 decembre 2020 (pour rappel la comunaut\u00e9e valencienne est form\u00e9 par les provinces de Valence, Castellon et Alicante)<br \/><br \/><strong>Ici vous pouvez lire un resum\u00e9 de la police de Orihuela:<\/strong><br \/><br \/>NOUVELLES MESURES CONTRE COVID-19 selon la r\u00e9solution du 24 octobre 2020? ?Communaut\u00e9 valencienne.<br \/><br \/>ENTR\u00c9E EN VIGUEUR. Ces nouvelles mesures entreront en vigueur \u00e0\u00a0<strong>01h00 le 25 octobre 2020.<\/strong><br \/>\u00a0<\/p><ol><li>La circulation, l&rsquo;errance et la permanence sur les routes et les espaces \u00e0 usage public de toutes les personnes entre<strong>\u00a000h00 et 06h00\u00a0<\/strong>sont interdites.<\/li><li>Le nombre maximum de membres dans une r\u00e9union familiale ou sociale dans des espaces publics et priv\u00e9s entre personnes non cohabitant est\u00a0<strong>limit\u00e9 \u00e0 6 personnes<\/strong>.<\/li><li>Dans les \u00e9tablissements h\u00f4teliers et de restauration: la consommation se fera toujours \u00e0 table, jamais au bar, les tables seront pour un\u00a0<strong>maximum de 6 personnes<\/strong>.<\/li><li>La vente d&rsquo;alcool est interdite entre 10 heures du soir et 8 heures du matin,\u00a0<strong>sauf dans les h\u00f4tels et restaurants<\/strong>.<\/li><\/ol><p><br \/><br \/>Ici vous pouver lire tout le texte de la\u00a0<a href=\"http:\/\/www.dogv.gva.es\/datos\/2020\/10\/24\/pdf\/2020_8861.pdf\">r\u00e9solution du departement de la sant\u00e9e<\/a>\u00a0de la comunaut\u00e9 de Valencienne<br \/><br \/><strong>1. Mesures relatives \u00e0 la circulation des personnes<\/strong><br \/><br \/>1.1.\u00a0<u><em>Interdiction de circulation, d\u00e9ambulation et permanence sur les routes et espaces \u00e0 usage public par tous entre 00h00 et 6h00<\/em><\/u>, \u00e0 l&rsquo;exception des activit\u00e9s suivantes:<br \/>&#8211; D\u00e9placement vers le lieu de travail pour effectuer leur travail, service professionnel ou commercial.<br \/>&#8211; Retour au lieu de r\u00e9sidence habituelle apr\u00e8s les heures de travail.<br \/>&#8211; Assistance aux centres, services et \u00e9tablissements de sant\u00e9 ou acquisition de produits pharmaceutiques.<br \/>&#8211; Assistance et prise en charge des personnes \u00e2g\u00e9es, des mineurs, des personnes \u00e0 charge, des personnes handicap\u00e9es ou surtout des personnes vuln\u00e9rables.<br \/>&#8211; Cause de force majeure ou situation de besoin.<br \/><br \/>\u00a01.2. Pour r\u00e9aliser les activit\u00e9s except\u00e9es dans la section pr\u00e9c\u00e9dente, il sera permis:<br \/>&#8211; La circulation des v\u00e9hicules priv\u00e9s, des taxis et de tout autre v\u00e9hicule de service public circulant sur les routes pour le transfert d&rsquo;activit\u00e9s exceptionnelles ou pour le ravitaillement dans les stations-service ou les stations-service.<br \/>&#8211; La circulation de v\u00e9hicules pour la fourniture et la fourniture d&rsquo;activit\u00e9s \u00e9conomiques, qui, de par leur nature, doivent \u00eatre effectu\u00e9es de nuit.<br \/>&#8211; Et la circulation du personnel et des v\u00e9hicules en charge du nettoyage de la voie publique et de la collecte des d\u00e9chets urbains.<br \/><br \/>1.3. Dans tous les cas, dans tout d\u00e9placement, les recommandations et obligations \u00e9mises par les autorit\u00e9s sanitaires doivent \u00eatre respect\u00e9es.<br \/><br \/><strong>2. Mesures dans les r\u00e9unions familiales et sociales<\/strong><br \/><br \/>2.1. La participation \u00e0 tout groupe ou r\u00e9union \u00e0 caract\u00e8re familial et \/ ou social sera limit\u00e9e \u00e0 un nombre maximum de 6 personnes, tant dans les espaces publics que priv\u00e9s, sauf en cas de cohabitation de personnes, en gardant les activit\u00e9s et \u00e9v\u00e9nements avec la capacit\u00e9 et les mesures \u00e9tabli dans l&rsquo;Accord du 19 juin, du Consell, sur les mesures de pr\u00e9vention contre Covid-19, selon le libell\u00e9 donn\u00e9 par la R\u00e9solution du 17 juillet 2020, du Conseiller \u00e0 la Sant\u00e9 universelle et \u00e0 la sant\u00e9 publique, de modification et d&rsquo;adoption de mesures additionnelles et compl\u00e9mentaires de l&rsquo;Accord du 19 juin, du Consell et de la R\u00e9solution du 24 juillet 2020 de la Consellera de Sanidad Universal y Salud P\u00fablica, par laquelle un nouveau libell\u00e9 est donn\u00e9 \u00e0 certaines mesures incluses dans la R\u00e9solution du 17 Juillet 2020, du ministre r\u00e9gional de la Sant\u00e9 universelle et de la sant\u00e9 publique. Et R\u00e9solution du 17 ao\u00fbt 2020, de la Consellera de Sanidad Universal y Salud P\u00fablica, pour l&rsquo;adoption des mesures \u00e9tablies dans l&rsquo;accord du Conseil Interterritorial du Syst\u00e8me National de Sant\u00e9, sur les mesures de pr\u00e9vention contre Covid-19 et successives extensions.<br \/><br \/>2.2. Il est recommand\u00e9 que les activit\u00e9s d&rsquo;interaction sociale soient men\u00e9es toujours et en priorit\u00e9 dans des espaces ouverts et bien ventil\u00e9s.<br \/><br \/>2.3. Il est recommand\u00e9 d&rsquo;annuler ou de reporter toute activit\u00e9 familiale ou sociale qui n&rsquo;est pas consid\u00e9r\u00e9e comme essentielle et peut \u00eatre report\u00e9e.<br \/><br \/>2.4. Il est recommand\u00e9 \u00e0 la population de limiter au maximum son activit\u00e9 sociale.<br \/><br \/><strong>3. Mesures relatives aux jardins et aux aires de loisirs en plein air<\/strong><br \/><br \/>Les jardins et les aires de loisirs en plein air ne resteront ouverts que de 8 h 00 \u00e0 22 h 00.<br \/><br \/><br \/><strong>\u00a04. Mesures relatives aux \u00e9tablissements h\u00f4teliers et de restauration<\/strong><br \/><br \/>4.1. La consommation sera toujours \u00e0 table \u00e0 la fois \u00e0 l&rsquo;int\u00e9rieur et sur les terrasses.<br \/><br \/>4.2. Aux tables ou groupes de tables, \u00e0 l&rsquo;int\u00e9rieur comme sur les terrasses, la pr\u00e9sence sera limit\u00e9e \u00e0 un maximum de 6 personnes.<br \/><br \/>4.3. Les bars ne peuvent \u00eatre utilis\u00e9s que par des personnes pour commander et r\u00e9cup\u00e9rer leur boisson.<br \/><br \/>4.4. L&rsquo;heure de fermeture des \u00e9tablissements sera \u00e0 00h00, sans pouvoir accepter les commandes apr\u00e8s 23h00.<br \/><br \/>4.5. L&rsquo;utilisation du masque sera requise \u00e0 tout moment sauf au moment de la consommation.<br \/><br \/>4.6. Le strict respect des mesures de ventilation et de climatisation sera effectu\u00e9 dans les espaces int\u00e9rieurs.<br \/><br \/><strong>5. Mesures li\u00e9es \u00e0 la vente d&rsquo;alcool<\/strong><br \/><br \/>5.1. La vente d&rsquo;alcool est interdite pendant la plage horaire entre 22 h 00 et 8 h 00 le lendemain, de tous les types d&rsquo;\u00e9tablissements de vente au d\u00e9tail quel que soit le permis avec lequel ils op\u00e8rent, sauf dans les \u00e9tablissements d&rsquo;accueil et la restauration qui sera r\u00e9gie par ce qui est \u00e9tabli au point pr\u00e9c\u00e9dent.<br \/><br \/>5.2. De m\u00eame, la consommation absolue d&rsquo;alcool sur la voie publique est interdite, 24 heures sur 24, sauf dans les \u00e9tablissements h\u00f4teliers et de restauration.<br \/><br \/><strong>Deuxi\u00e8mement &#8211; Mesures actuelles<\/strong><br \/><br \/>Dans tout ce qui n&rsquo;est pas pr\u00e9vu dans cette r\u00e9solution, et dans ce qui est compatible avec elle, les mesures qui ne sont pas modifi\u00e9es dans cette r\u00e9solution et qui, en g\u00e9n\u00e9ral, sont \u00e9tablies en l&rsquo;Accord du 19 juin, du Consell, sur les mesures de pr\u00e9vention contre Covid-19 et dans la R\u00e9solution du 17 ao\u00fbt 2020, du Conseiller \u00e0 la Sant\u00e9 Universelle et \u00e0 la Sant\u00e9 Publique, pour l&rsquo;ado\u00a0pci\u00f3n des mesures \u00e9tablies dans l&rsquo;accord du Conseil Interterritorial du Syst\u00e8me National de Sant\u00e9, sur les mesures de pr\u00e9vention contre Covid-19 et les extensions successives.<br \/><br \/>Dans les municipalit\u00e9s de Guadassuar, Elche, Orihuela, la r\u00e9solution du 16 octobre de la Consellera de Sanidad Universal y Salud P\u00fablica, par laquelle des mesures suppl\u00e9mentaires sont convenues dans les municipalit\u00e9s de Guadassuar dans le province de Valence, Elx et Orihuela (noyau urbain et districts de La Aparecida, Rinc\u00f3n de Bonanza, Desamparados, Arneva, Hurchillo, La Murada, La Matanza, La Campaneta, San Bartolom\u00e9, Virgen del Camino, Molins, Correntias et El Escorratel) \u00e0 la province d&rsquo;Alicante, pendant 14 jours calendaires, en raison de la crise sanitaire caus\u00e9e par le COVID-19 que vivent ces communes (DOGV du 16\/10\/2020). Cependant, la mesure de la premi\u00e8re r\u00e9solution de cette r\u00e9solution sera \u00e9galement appliqu\u00e9e.<br \/><br \/>Et dans la municipalit\u00e9 d&rsquo;Onda, la r\u00e9solution du 16 octobre 2020 du conseiller pour la sant\u00e9 universelle et la sant\u00e9 publique, qui accepte des mesures suppl\u00e9mentaires dans la municipalit\u00e9 d&rsquo;Onda (Castell\u00f3n), continuera de s&rsquo;appliquer pendant sa p\u00e9riode de validit\u00e9. pendant 14 jours calendaires, en raison de la crise sanitaire caus\u00e9e par le COVID-19 dans cette commune (DOGV du 16\/10\/2020). Cependant, les mesures contenues dans la premi\u00e8re et la deuxi\u00e8me r\u00e9solution de cette r\u00e9solution seront \u00e9galement appliqu\u00e9es.<br \/><br \/><strong>Troisi\u00e8me.- Ratification judiciaire<\/strong><br \/><br \/>En raison du risque \u00e9lev\u00e9 de transmission qui a \u00e9t\u00e9 observ\u00e9 ces derniers jours, il est imminent d&rsquo;adopter ces mesures \u00e0 appliquer ce week-end, et de cette mani\u00e8re emp\u00eacher la propagation du virus et prot\u00e9ger la sant\u00e9 des personnes. Pour toutes ces raisons, cette r\u00e9solution est publi\u00e9e imm\u00e9diatement, la transf\u00e9rant au procureur g\u00e9n\u00e9ral de la Generalitat afin de demander la ratification judiciaire correspondante conform\u00e9ment \u00e0 la loi 29\/1998 du 13 juillet r\u00e9glementant la Comp\u00e9tence administrative contentieuse, en ce qui concerne les mesures de mobilit\u00e9 restrictives et les droits fondamentaux restrictifs.<br \/><br \/><strong>Quatri\u00e8me &#8211; Collaboration<\/strong><br \/><br \/>Demander la collaboration des forces et organes de s\u00e9curit\u00e9 de l\u2019\u00c9tat par l\u2019interm\u00e9diaire de la d\u00e9l\u00e9gation du gouvernement et de la police locale pour garantir la bonne ex\u00e9cution des mesures convenues dans cette r\u00e9solution.<br \/><br \/><strong>Cinqui\u00e8me &#8211; R\u00e9gime de sanctions<\/strong><br \/>Le non-respect des mesures de cette r\u00e9solution sera soumis \u00e0 la proc\u00e9dure de l&rsquo;activit\u00e9 d&rsquo;inspection et au r\u00e9gime de sanction \u00e9tabli dans le d\u00e9cret-loi 11\/2020, du 24 juillet, du Consell, de r\u00e9gime de sanction sp\u00e9cifique contre le non-respect des dispositions r\u00e9glementaires des mesures de pr\u00e9vention contre Covid-19.<br \/><br \/><strong>Six.- Efficacit\u00e9<\/strong><br \/><br \/><em>Cette r\u00e9solution prendra effet \u00e0 1 h 00 le 25 octobre 2020, jusqu&rsquo;\u00e0 23 h 59 le 9 d\u00e9cembre 2020.<\/em><\/p>\t\t\t\t\t\t\t\t<\/div>\n\t\t\t\t<\/div>\n\t\t\t\t\t<\/div>\r\n\t\t\t\t<\/div>\r\n\t\t\t\t\t<\/div>\r\n\t\t\t\t<\/section>\r\n\t\t\t\t<\/div>\n\t\t","protected":false},"excerpt":{"rendered":"<p>Le gouvernement de la communaut\u00e9 Valencienne a accord\u00e9 des mesures jusqu&rsquo;au 9 decembre 2020 (pour rappel la comunaut\u00e9e valencienne est form\u00e9 par les provinces de Valence, Castellon et Alicante) Ici vous pouvez lire un resum\u00e9 de la police de Orihuela: NOUVELLES MESURES CONTRE COVID-19 selon la r\u00e9solution du 24 octobre 2020? ?Communaut\u00e9 valencienne. ENTR\u00c9E EN [&hellip;]<\/p>\n","protected":false},"author":1,"featured_media":12574,"comment_status":"closed","ping_status":"closed","sticky":false,"template":"","format":"standard","meta":{"_eb_attr":"","inline_featured_image":false,"footnotes":""},"categories":[46],"tags":[],"class_list":["post-7130","post","type-post","status-publish","format-standard","has-post-thumbnail","hentry","category-blog"],"featured_image_src":{"landsacpe":["https:\/\/www.asesoriaorihuelacosta.com\/wp-content\/uploads\/2022\/03\/toque-de-queda-1050x445.jpeg",1050,445,true],"list":["https:\/\/www.asesoriaorihuelacosta.com\/wp-content\/uploads\/2022\/03\/toque-de-queda-463x348.jpeg",463,348,true],"medium":["https:\/\/www.asesoriaorihuelacosta.com\/wp-content\/uploads\/2022\/03\/toque-de-queda-300x171.jpeg",300,171,true],"full":["https:\/\/www.asesoriaorihuelacosta.com\/wp-content\/uploads\/2022\/03\/toque-de-queda.jpeg",1050,600,false]},"yoast_head":"<!-- This site is optimized with the Yoast SEO Premium plugin v24.7 (Yoast SEO v27.4) - https:\/\/yoast.com\/product\/yoast-seo-premium-wordpress\/ -->\n<title>NOUVELLES MESURES COUVRE-FEU<\/title>\n<meta name=\"description\" content=\"Nouvelles mesures contre le COVID-19 dans la communaut\u00e9 valencienne. Restrictions de mouvement et r\u00e9unions nocturnes pour arr\u00eater le virus.\" \/>\n<meta name=\"robots\" content=\"index, follow, max-snippet:-1, max-image-preview:large, max-video-preview:-1\" \/>\n<link rel=\"canonical\" href=\"https:\/\/www.asesoriaorihuelacosta.com\/fr\/couvre-feu-communaute-valencienne\/\" \/>\n<meta property=\"og:locale\" content=\"fr_FR\" \/>\n<meta property=\"og:type\" content=\"article\" \/>\n<meta property=\"og:title\" content=\"NOUVELLES MESURES COUVRE-FEU COMMUNAUT\u00c9 VALENCIENNE\" \/>\n<meta property=\"og:description\" content=\"Nouvelles mesures contre le COVID-19 dans la communaut\u00e9 valencienne. Restrictions de mouvement et r\u00e9unions nocturnes pour arr\u00eater le virus.\" \/>\n<meta property=\"og:url\" content=\"https:\/\/www.asesoriaorihuelacosta.com\/fr\/couvre-feu-communaute-valencienne\/\" \/>\n<meta property=\"og:site_name\" content=\"Asesor\u00eda Orihuela Costa\" \/>\n<meta property=\"article:publisher\" content=\"https:\/\/www.facebook.com\/asesoriaorihuelacosta\" \/>\n<meta property=\"article:published_time\" content=\"2022-03-29T08:41:26+00:00\" \/>\n<meta property=\"article:modified_time\" content=\"2024-10-13T07:47:49+00:00\" \/>\n<meta property=\"og:image\" content=\"https:\/\/www.asesoriaorihuelacosta.com\/wp-content\/uploads\/2022\/03\/toque-de-queda.jpeg\" \/>\n\t<meta property=\"og:image:width\" content=\"1050\" \/>\n\t<meta property=\"og:image:height\" content=\"600\" \/>\n\t<meta property=\"og:image:type\" content=\"image\/jpeg\" \/>\n<meta name=\"author\" content=\"admin\" \/>\n<meta name=\"twitter:card\" content=\"summary_large_image\" \/>\n<meta name=\"twitter:label1\" content=\"\u00c9crit par\" \/>\n\t<meta name=\"twitter:data1\" content=\"admin\" \/>\n\t<meta name=\"twitter:label2\" content=\"Dur\u00e9e de lecture estim\u00e9e\" \/>\n\t<meta name=\"twitter:data2\" content=\"7 minutes\" \/>\n<script type=\"application\/ld+json\" class=\"yoast-schema-graph\">{\"@context\":\"https:\\\/\\\/schema.org\",\"@graph\":[{\"@type\":\"Article\",\"@id\":\"https:\\\/\\\/www.asesoriaorihuelacosta.com\\\/fr\\\/couvre-feu-communaute-valencienne\\\/#article\",\"isPartOf\":{\"@id\":\"https:\\\/\\\/www.asesoriaorihuelacosta.com\\\/fr\\\/couvre-feu-communaute-valencienne\\\/\"},\"author\":{\"name\":\"admin\",\"@id\":\"https:\\\/\\\/www.asesoriaorihuelacosta.com\\\/fr\\\/#\\\/schema\\\/person\\\/633255eadc5df7945d142848ebcc5d02\"},\"headline\":\"NOUVELLES MESURES COUVRE-FEU COMMUNAUT\u00c9 VALENCIENNE\",\"datePublished\":\"2022-03-29T08:41:26+00:00\",\"dateModified\":\"2024-10-13T07:47:49+00:00\",\"mainEntityOfPage\":{\"@id\":\"https:\\\/\\\/www.asesoriaorihuelacosta.com\\\/fr\\\/couvre-feu-communaute-valencienne\\\/\"},\"wordCount\":1481,\"publisher\":{\"@id\":\"https:\\\/\\\/www.asesoriaorihuelacosta.com\\\/fr\\\/#organization\"},\"image\":{\"@id\":\"https:\\\/\\\/www.asesoriaorihuelacosta.com\\\/fr\\\/couvre-feu-communaute-valencienne\\\/#primaryimage\"},\"thumbnailUrl\":\"https:\\\/\\\/www.asesoriaorihuelacosta.com\\\/wp-content\\\/uploads\\\/2022\\\/03\\\/toque-de-queda.jpeg\",\"articleSection\":[\"Blog\"],\"inLanguage\":\"fr-FR\"},{\"@type\":\"WebPage\",\"@id\":\"https:\\\/\\\/www.asesoriaorihuelacosta.com\\\/fr\\\/couvre-feu-communaute-valencienne\\\/\",\"url\":\"https:\\\/\\\/www.asesoriaorihuelacosta.com\\\/fr\\\/couvre-feu-communaute-valencienne\\\/\",\"name\":\"NOUVELLES MESURES COUVRE-FEU\",\"isPartOf\":{\"@id\":\"https:\\\/\\\/www.asesoriaorihuelacosta.com\\\/fr\\\/#website\"},\"primaryImageOfPage\":{\"@id\":\"https:\\\/\\\/www.asesoriaorihuelacosta.com\\\/fr\\\/couvre-feu-communaute-valencienne\\\/#primaryimage\"},\"image\":{\"@id\":\"https:\\\/\\\/www.asesoriaorihuelacosta.com\\\/fr\\\/couvre-feu-communaute-valencienne\\\/#primaryimage\"},\"thumbnailUrl\":\"https:\\\/\\\/www.asesoriaorihuelacosta.com\\\/wp-content\\\/uploads\\\/2022\\\/03\\\/toque-de-queda.jpeg\",\"datePublished\":\"2022-03-29T08:41:26+00:00\",\"dateModified\":\"2024-10-13T07:47:49+00:00\",\"description\":\"Nouvelles mesures contre le COVID-19 dans la communaut\u00e9 valencienne. Restrictions de mouvement et r\u00e9unions nocturnes pour arr\u00eater le virus.\",\"breadcrumb\":{\"@id\":\"https:\\\/\\\/www.asesoriaorihuelacosta.com\\\/fr\\\/couvre-feu-communaute-valencienne\\\/#breadcrumb\"},\"inLanguage\":\"fr-FR\",\"potentialAction\":[{\"@type\":\"ReadAction\",\"target\":[\"https:\\\/\\\/www.asesoriaorihuelacosta.com\\\/fr\\\/couvre-feu-communaute-valencienne\\\/\"]}]},{\"@type\":\"ImageObject\",\"inLanguage\":\"fr-FR\",\"@id\":\"https:\\\/\\\/www.asesoriaorihuelacosta.com\\\/fr\\\/couvre-feu-communaute-valencienne\\\/#primaryimage\",\"url\":\"https:\\\/\\\/www.asesoriaorihuelacosta.com\\\/wp-content\\\/uploads\\\/2022\\\/03\\\/toque-de-queda.jpeg\",\"contentUrl\":\"https:\\\/\\\/www.asesoriaorihuelacosta.com\\\/wp-content\\\/uploads\\\/2022\\\/03\\\/toque-de-queda.jpeg\",\"width\":1050,\"height\":600,\"caption\":\"toque de queda\"},{\"@type\":\"BreadcrumbList\",\"@id\":\"https:\\\/\\\/www.asesoriaorihuelacosta.com\\\/fr\\\/couvre-feu-communaute-valencienne\\\/#breadcrumb\",\"itemListElement\":[{\"@type\":\"ListItem\",\"position\":1,\"name\":\"Home\",\"item\":\"https:\\\/\\\/www.asesoriaorihuelacosta.com\\\/fr\\\/\"},{\"@type\":\"ListItem\",\"position\":2,\"name\":\"NOUVELLES MESURES COUVRE-FEU COMMUNAUT\u00c9 VALENCIENNE\"}]},{\"@type\":\"WebSite\",\"@id\":\"https:\\\/\\\/www.asesoriaorihuelacosta.com\\\/fr\\\/#website\",\"url\":\"https:\\\/\\\/www.asesoriaorihuelacosta.com\\\/fr\\\/\",\"name\":\"https:\\\/\\\/www.asesoriaorihuelacosta.com\\\/\",\"description\":\"Grupo de asesores profesionales\",\"publisher\":{\"@id\":\"https:\\\/\\\/www.asesoriaorihuelacosta.com\\\/fr\\\/#organization\"},\"potentialAction\":[{\"@type\":\"SearchAction\",\"target\":{\"@type\":\"EntryPoint\",\"urlTemplate\":\"https:\\\/\\\/www.asesoriaorihuelacosta.com\\\/fr\\\/?s={search_term_string}\"},\"query-input\":{\"@type\":\"PropertyValueSpecification\",\"valueRequired\":true,\"valueName\":\"search_term_string\"}}],\"inLanguage\":\"fr-FR\"},{\"@type\":\"Organization\",\"@id\":\"https:\\\/\\\/www.asesoriaorihuelacosta.com\\\/fr\\\/#organization\",\"name\":\"Asesor\u00eda Orihuela Costa\",\"url\":\"https:\\\/\\\/www.asesoriaorihuelacosta.com\\\/fr\\\/\",\"logo\":{\"@type\":\"ImageObject\",\"inLanguage\":\"fr-FR\",\"@id\":\"https:\\\/\\\/www.asesoriaorihuelacosta.com\\\/fr\\\/#\\\/schema\\\/logo\\\/image\\\/\",\"url\":\"https:\\\/\\\/www.asesoriaorihuelacosta.com\\\/wp-content\\\/uploads\\\/2022\\\/06\\\/Logo-espa\u5bf8l-asesoriaorihuela.jpg\",\"contentUrl\":\"https:\\\/\\\/www.asesoriaorihuelacosta.com\\\/wp-content\\\/uploads\\\/2022\\\/06\\\/Logo-espa\u5bf8l-asesoriaorihuela.jpg\",\"width\":588,\"height\":136,\"caption\":\"Asesor\u00eda Orihuela Costa\"},\"image\":{\"@id\":\"https:\\\/\\\/www.asesoriaorihuelacosta.com\\\/fr\\\/#\\\/schema\\\/logo\\\/image\\\/\"},\"sameAs\":[\"https:\\\/\\\/www.facebook.com\\\/asesoriaorihuelacosta\"]},{\"@type\":\"Person\",\"@id\":\"https:\\\/\\\/www.asesoriaorihuelacosta.com\\\/fr\\\/#\\\/schema\\\/person\\\/633255eadc5df7945d142848ebcc5d02\",\"name\":\"admin\"}]}<\/script>\n<!-- \/ Yoast SEO Premium plugin. -->","yoast_head_json":{"title":"NOUVELLES MESURES COUVRE-FEU","description":"Nouvelles mesures contre le COVID-19 dans la communaut\u00e9 valencienne. Restrictions de mouvement et r\u00e9unions nocturnes pour arr\u00eater le virus.","robots":{"index":"index","follow":"follow","max-snippet":"max-snippet:-1","max-image-preview":"max-image-preview:large","max-video-preview":"max-video-preview:-1"},"canonical":"https:\/\/www.asesoriaorihuelacosta.com\/fr\/couvre-feu-communaute-valencienne\/","og_locale":"fr_FR","og_type":"article","og_title":"NOUVELLES MESURES COUVRE-FEU COMMUNAUT\u00c9 VALENCIENNE","og_description":"Nouvelles mesures contre le COVID-19 dans la communaut\u00e9 valencienne. Restrictions de mouvement et r\u00e9unions nocturnes pour arr\u00eater le virus.","og_url":"https:\/\/www.asesoriaorihuelacosta.com\/fr\/couvre-feu-communaute-valencienne\/","og_site_name":"Asesor\u00eda Orihuela Costa","article_publisher":"https:\/\/www.facebook.com\/asesoriaorihuelacosta","article_published_time":"2022-03-29T08:41:26+00:00","article_modified_time":"2024-10-13T07:47:49+00:00","og_image":[{"width":1050,"height":600,"url":"https:\/\/www.asesoriaorihuelacosta.com\/wp-content\/uploads\/2022\/03\/toque-de-queda.jpeg","type":"image\/jpeg"}],"author":"admin","twitter_card":"summary_large_image","twitter_misc":{"\u00c9crit par":"admin","Dur\u00e9e de lecture estim\u00e9e":"7 minutes"},"schema":{"@context":"https:\/\/schema.org","@graph":[{"@type":"Article","@id":"https:\/\/www.asesoriaorihuelacosta.com\/fr\/couvre-feu-communaute-valencienne\/#article","isPartOf":{"@id":"https:\/\/www.asesoriaorihuelacosta.com\/fr\/couvre-feu-communaute-valencienne\/"},"author":{"name":"admin","@id":"https:\/\/www.asesoriaorihuelacosta.com\/fr\/#\/schema\/person\/633255eadc5df7945d142848ebcc5d02"},"headline":"NOUVELLES MESURES COUVRE-FEU COMMUNAUT\u00c9 VALENCIENNE","datePublished":"2022-03-29T08:41:26+00:00","dateModified":"2024-10-13T07:47:49+00:00","mainEntityOfPage":{"@id":"https:\/\/www.asesoriaorihuelacosta.com\/fr\/couvre-feu-communaute-valencienne\/"},"wordCount":1481,"publisher":{"@id":"https:\/\/www.asesoriaorihuelacosta.com\/fr\/#organization"},"image":{"@id":"https:\/\/www.asesoriaorihuelacosta.com\/fr\/couvre-feu-communaute-valencienne\/#primaryimage"},"thumbnailUrl":"https:\/\/www.asesoriaorihuelacosta.com\/wp-content\/uploads\/2022\/03\/toque-de-queda.jpeg","articleSection":["Blog"],"inLanguage":"fr-FR"},{"@type":"WebPage","@id":"https:\/\/www.asesoriaorihuelacosta.com\/fr\/couvre-feu-communaute-valencienne\/","url":"https:\/\/www.asesoriaorihuelacosta.com\/fr\/couvre-feu-communaute-valencienne\/","name":"NOUVELLES MESURES COUVRE-FEU","isPartOf":{"@id":"https:\/\/www.asesoriaorihuelacosta.com\/fr\/#website"},"primaryImageOfPage":{"@id":"https:\/\/www.asesoriaorihuelacosta.com\/fr\/couvre-feu-communaute-valencienne\/#primaryimage"},"image":{"@id":"https:\/\/www.asesoriaorihuelacosta.com\/fr\/couvre-feu-communaute-valencienne\/#primaryimage"},"thumbnailUrl":"https:\/\/www.asesoriaorihuelacosta.com\/wp-content\/uploads\/2022\/03\/toque-de-queda.jpeg","datePublished":"2022-03-29T08:41:26+00:00","dateModified":"2024-10-13T07:47:49+00:00","description":"Nouvelles mesures contre le COVID-19 dans la communaut\u00e9 valencienne. Restrictions de mouvement et r\u00e9unions nocturnes pour arr\u00eater le virus.","breadcrumb":{"@id":"https:\/\/www.asesoriaorihuelacosta.com\/fr\/couvre-feu-communaute-valencienne\/#breadcrumb"},"inLanguage":"fr-FR","potentialAction":[{"@type":"ReadAction","target":["https:\/\/www.asesoriaorihuelacosta.com\/fr\/couvre-feu-communaute-valencienne\/"]}]},{"@type":"ImageObject","inLanguage":"fr-FR","@id":"https:\/\/www.asesoriaorihuelacosta.com\/fr\/couvre-feu-communaute-valencienne\/#primaryimage","url":"https:\/\/www.asesoriaorihuelacosta.com\/wp-content\/uploads\/2022\/03\/toque-de-queda.jpeg","contentUrl":"https:\/\/www.asesoriaorihuelacosta.com\/wp-content\/uploads\/2022\/03\/toque-de-queda.jpeg","width":1050,"height":600,"caption":"toque de queda"},{"@type":"BreadcrumbList","@id":"https:\/\/www.asesoriaorihuelacosta.com\/fr\/couvre-feu-communaute-valencienne\/#breadcrumb","itemListElement":[{"@type":"ListItem","position":1,"name":"Home","item":"https:\/\/www.asesoriaorihuelacosta.com\/fr\/"},{"@type":"ListItem","position":2,"name":"NOUVELLES MESURES COUVRE-FEU COMMUNAUT\u00c9 VALENCIENNE"}]},{"@type":"WebSite","@id":"https:\/\/www.asesoriaorihuelacosta.com\/fr\/#website","url":"https:\/\/www.asesoriaorihuelacosta.com\/fr\/","name":"https:\/\/www.asesoriaorihuelacosta.com\/","description":"Grupo de asesores profesionales","publisher":{"@id":"https:\/\/www.asesoriaorihuelacosta.com\/fr\/#organization"},"potentialAction":[{"@type":"SearchAction","target":{"@type":"EntryPoint","urlTemplate":"https:\/\/www.asesoriaorihuelacosta.com\/fr\/?s={search_term_string}"},"query-input":{"@type":"PropertyValueSpecification","valueRequired":true,"valueName":"search_term_string"}}],"inLanguage":"fr-FR"},{"@type":"Organization","@id":"https:\/\/www.asesoriaorihuelacosta.com\/fr\/#organization","name":"Asesor\u00eda Orihuela Costa","url":"https:\/\/www.asesoriaorihuelacosta.com\/fr\/","logo":{"@type":"ImageObject","inLanguage":"fr-FR","@id":"https:\/\/www.asesoriaorihuelacosta.com\/fr\/#\/schema\/logo\/image\/","url":"https:\/\/www.asesoriaorihuelacosta.com\/wp-content\/uploads\/2022\/06\/Logo-espa\u5bf8l-asesoriaorihuela.jpg","contentUrl":"https:\/\/www.asesoriaorihuelacosta.com\/wp-content\/uploads\/2022\/06\/Logo-espa\u5bf8l-asesoriaorihuela.jpg","width":588,"height":136,"caption":"Asesor\u00eda Orihuela Costa"},"image":{"@id":"https:\/\/www.asesoriaorihuelacosta.com\/fr\/#\/schema\/logo\/image\/"},"sameAs":["https:\/\/www.facebook.com\/asesoriaorihuelacosta"]},{"@type":"Person","@id":"https:\/\/www.asesoriaorihuelacosta.com\/fr\/#\/schema\/person\/633255eadc5df7945d142848ebcc5d02","name":"admin"}]}},"_links":{"self":[{"href":"https:\/\/www.asesoriaorihuelacosta.com\/fr\/wp-json\/wp\/v2\/posts\/7130","targetHints":{"allow":["GET"]}}],"collection":[{"href":"https:\/\/www.asesoriaorihuelacosta.com\/fr\/wp-json\/wp\/v2\/posts"}],"about":[{"href":"https:\/\/www.asesoriaorihuelacosta.com\/fr\/wp-json\/wp\/v2\/types\/post"}],"author":[{"embeddable":true,"href":"https:\/\/www.asesoriaorihuelacosta.com\/fr\/wp-json\/wp\/v2\/users\/1"}],"replies":[{"embeddable":true,"href":"https:\/\/www.asesoriaorihuelacosta.com\/fr\/wp-json\/wp\/v2\/comments?post=7130"}],"version-history":[{"count":5,"href":"https:\/\/www.asesoriaorihuelacosta.com\/fr\/wp-json\/wp\/v2\/posts\/7130\/revisions"}],"predecessor-version":[{"id":12576,"href":"https:\/\/www.asesoriaorihuelacosta.com\/fr\/wp-json\/wp\/v2\/posts\/7130\/revisions\/12576"}],"wp:featuredmedia":[{"embeddable":true,"href":"https:\/\/www.asesoriaorihuelacosta.com\/fr\/wp-json\/wp\/v2\/media\/12574"}],"wp:attachment":[{"href":"https:\/\/www.asesoriaorihuelacosta.com\/fr\/wp-json\/wp\/v2\/media?parent=7130"}],"wp:term":[{"taxonomy":"category","embeddable":true,"href":"https:\/\/www.asesoriaorihuelacosta.com\/fr\/wp-json\/wp\/v2\/categories?post=7130"},{"taxonomy":"post_tag","embeddable":true,"href":"https:\/\/www.asesoriaorihuelacosta.com\/fr\/wp-json\/wp\/v2\/tags?post=7130"}],"curies":[{"name":"wp","href":"https:\/\/api.w.org\/{rel}","templated":true}]}}