{"id":7085,"date":"2022-03-29T08:26:24","date_gmt":"2022-03-29T08:26:24","guid":{"rendered":"https:\/\/www.asesoriaorihuelacosta.com\/guia-para-cumplir-con-el-registro-salarial-obligatorio\/"},"modified":"2024-04-05T17:12:35","modified_gmt":"2024-04-05T17:12:35","slug":"guia-para-cumplir-con-el-registro-salarial-obligatorio","status":"publish","type":"post","link":"https:\/\/www.asesoriaorihuelacosta.com\/fr\/guia-para-cumplir-con-el-registro-salarial-obligatorio\/","title":{"rendered":"UN GUIDE POUR SE CONFORMER \u00c0 L&rsquo;ENREGISTREMENT OBLIGATOIRE DES SALAIRES"},"content":{"rendered":"\t\t<div data-elementor-type=\"wp-post\" data-elementor-id=\"7085\" class=\"elementor elementor-7085\" data-elementor-post-type=\"post\">\n\t\t\t\t\t\t<section data-particle_enable=\"false\" data-particle-mobile-disabled=\"false\" class=\"elementor-section elementor-top-section elementor-element elementor-element-e4ba7ac elementor-section-boxed elementor-section-height-default elementor-section-height-default\" data-id=\"e4ba7ac\" data-element_type=\"section\" data-e-type=\"section\">\r\n\t\t\r\n\t\t\t\t\t\t\t<div class=\"elementor-container elementor-column-gap-default\">\r\n\t\t\t\t\t\t\t\t\t\t\t<div class=\"elementor-column elementor-col-100 elementor-top-column elementor-element elementor-element-1cc604e\" data-id=\"1cc604e\" data-element_type=\"column\" data-e-type=\"column\">\r\n\t\t\t\t\t<div class=\"elementor-widget-wrap elementor-element-populated\">\r\n\t\t\t\t\t\t\t\t<div class=\"elementor-element elementor-element-bfe7a63 elementor-widget elementor-widget-text-editor\" data-id=\"bfe7a63\" data-element_type=\"widget\" data-e-type=\"widget\" data-widget_type=\"text-editor.default\">\n\t\t\t\t<div class=\"elementor-widget-container\">\n\t\t\t\t\t\t\t\t\t<div class=\"blogpost-content\"><div class=\"text-justify\"><div>Le gouvernement espagnol a publi\u00e9 au Journal officiel de l&rsquo;\u00c9tat un nouveau d\u00e9cret visant \u00e0 garantir l&rsquo;\u00e9galit\u00e9 de r\u00e9mun\u00e9ration entre les hommes et les femmes. Il s&rsquo;agit du\u00a0<a href=\"https:\/\/www.boe.es\/buscar\/act.php?id=BOE-A-2020-12215\">d\u00e9cret royal 902\/2020<\/a>, du 13 octobre, sur l&rsquo;\u00e9galit\u00e9 salariale entre les femmes et les hommes, qui d\u00e9termine que toutes les entreprises devront disposer d&rsquo;un registre des salaires \u00e0 partir d&rsquo;avril 2021.<br \/><br \/>Le registre des salaires est un document qui doit contenir toutes les informations salariales de l&rsquo;entreprise, en d\u00e9tail, en indiquant s\u00e9par\u00e9ment les salaires des hommes et des femmes de votre personnel. L&rsquo;objectif de ce registre est d&rsquo;assurer la transparence des r\u00e9mun\u00e9rations et de faciliter l&rsquo;acc\u00e8s \u00e0 ces informations, quelle que soit la taille de l&rsquo;entreprise.<br \/><br \/>Ce document doit inclure toutes les informations sur les salaires, y compris ceux des cadres et des cadres sup\u00e9rieurs.<br \/><br \/><br \/><strong>Qui est oblig\u00e9 de tenir un registre des r\u00e9mun\u00e9rations ?<\/strong><br \/><br \/>Toutes les entreprises devront tenir un registre des r\u00e9mun\u00e9rations pour l&rsquo;ensemble de leur personnel, y compris les dirigeants et les cadres sup\u00e9rieurs.<br \/><br \/><br \/><strong>Dates limites<\/strong><br \/><br \/>L&rsquo;obligation de tenir un registre des r\u00e9mun\u00e9rations existe d\u00e9j\u00e0 depuis 2019. Toutefois, une p\u00e9riode d&rsquo;adaptation de 6 mois a \u00e9t\u00e9 \u00e9tablie pour s&rsquo;adapter aux nouvelles obligations. \u00c0 partir du 13 avril 2021, toutes les entreprises devront disposer d&rsquo;un registre des r\u00e9mun\u00e9rations adapt\u00e9 au d\u00e9cret royal 902\/2020.<br \/><br \/><br \/><strong>A quoi \u00e7a sert ?<\/strong><br \/><br \/>Elle vise des objectifs diff\u00e9rents :<br \/><br \/>&#8211; Servir d&rsquo;outil de r\u00e9f\u00e9rence pour analyser quelles sont les causes des diff\u00e9rences de r\u00e9mun\u00e9ration et si le sexe en est une.<br \/><br \/>&#8211; Am\u00e9liorer la transparence des salaires afin de mettre en lumi\u00e8re les discriminations. En effet, les travailleuses ont le droit d&rsquo;acc\u00e9der, par le biais de la repr\u00e9sentation l\u00e9gale des travailleurs dans l&rsquo;entreprise, au registre des salaires de leur entreprise.<br \/><br \/>&#8211; Exiger une justification des \u00e9carts. Lorsque, dans une entreprise de plus de 50 travailleurs, il existe un \u00e9cart salarial de plus de 25 %, l&#8217;employeur doit en justifier les raisons.<br \/><br \/>&#8211; Faire partie des informations que l&rsquo;entreprise doit fournir au comit\u00e9 d&rsquo;entreprise au moins une fois par an. Cela inclut \u00e9galement la proportion de femmes et d&rsquo;hommes aux diff\u00e9rents niveaux professionnels et les mesures prises pour promouvoir l&rsquo;\u00e9galit\u00e9.<br \/><br \/>&#8211; Faciliter les audits salariaux auxquels doivent se soumettre les entreprises oblig\u00e9es d&rsquo;\u00e9tablir un plan d&rsquo;\u00e9galit\u00e9.<br \/><br \/><br \/><strong>Comment s&rsquo;effectue le registre des r\u00e9mun\u00e9rations ?<\/strong><br \/><br \/>Le registre des r\u00e9mun\u00e9rations doit comprendre les donn\u00e9es suivantes, ventil\u00e9es par sexe :<br \/><br \/>&#8211; Salaire annuel total et \u00e9cart entre les sexes pour ce concept.<br \/>&#8211; Salaire de base annuel et \u00e9cart entre les sexes pour ce concept.<br \/>&#8211; Suppl\u00e9ments de salaire annuels et \u00e9cart entre les sexes pour ce concept.<br \/>&#8211; Paiements de salaires suppl\u00e9mentaires et \u00e9cart entre les sexes pour ce concept.<br \/>&#8211; Les paiements annuels pour les heures suppl\u00e9mentaires et compl\u00e9mentaires et l&rsquo;\u00e9cart entre les sexes pour ce concept.<br \/><br \/>Chacun de ces \u00e9l\u00e9ments doit \u00eatre ventil\u00e9 par cat\u00e9gorie professionnelle, groupe professionnel et poste de travail. En outre, il convient d&rsquo;\u00e9tablir la moyenne arithm\u00e9tique et la m\u00e9diane de ce qui est effectivement per\u00e7u par chaque groupe professionnel, cat\u00e9gorie, poste, etc.<br \/><br \/>Toutes les informations doivent \u00eatre ventil\u00e9es par sexe et selon la nature de la r\u00e9mun\u00e9ration, y compris le salaire de base, toutes les indemnit\u00e9s et les paiements non salariaux, de mani\u00e8re diff\u00e9renci\u00e9e. La p\u00e9riode de r\u00e9f\u00e9rence est d&rsquo;une ann\u00e9e civile, \u00e0 moins que des modifications substantielles ne soient apport\u00e9es \u00e0 l&rsquo;un des concepts.<br \/><br \/>Le repr\u00e9sentant l\u00e9gal des travailleurs doit \u00eatre consult\u00e9 10 jours avant l&rsquo;\u00e9tablissement du registre et avant sa modification. En cas d&rsquo;anomalie ou de mauvaise pratique en mati\u00e8re d&rsquo;\u00e9galit\u00e9 salariale, l&rsquo;entreprise doit inclure dans le document les mesures qu&rsquo;elle appliquera pour rectifier ces circonstances.<br \/><br \/>Lorsque l&rsquo;entreprise compte plus de 50 employ\u00e9s et qu&rsquo;il existe une diff\u00e9rence de 25 % ou plus entre les salaires des hommes et des femmes, une justification selon laquelle la diff\u00e9rence n&rsquo;est pas li\u00e9e au sexe de la main-d&rsquo;\u0153uvre doit \u00eatre incluse dans le registre des salaires.<br \/><br \/><br \/><strong>Un salaire \u00e9gal pour un travail de valeur \u00e9gale<\/strong><br \/><br \/>L&rsquo;obligation d&rsquo;un salaire \u00e9gal pour un travail de valeur \u00e9gale est r\u00e9glement\u00e9e, d\u00e9finissant ce qui est consid\u00e9r\u00e9 comme un travail de valeur \u00e9gale : un travail qui remplit les m\u00eames fonctions, avec les m\u00eames facteurs et conditions de travail et qui requiert les m\u00eames exigences professionnelles ou de formation pour son ex\u00e9cution.<br \/><br \/>En outre, le principe de transparence de la r\u00e9mun\u00e9ration doit \u00eatre appliqu\u00e9 dans les registres de r\u00e9mun\u00e9ration, ainsi que dans les audits de r\u00e9mun\u00e9ration et le syst\u00e8me d&rsquo;\u00e9valuation du travail, qui est \u00e9galement inclus dans le r\u00e8glement et que nous verrons ci-dessous.<br \/><br \/><br \/><strong>Amendes pour d\u00e9faut de tenue d&rsquo;un registre des r\u00e9mun\u00e9rations<\/strong><br \/><br \/>L&rsquo;absence du registre des r\u00e9mun\u00e9rations peut donner lieu \u00e0 des actions administratives et judiciaires et\/ou \u00e0 l&rsquo;application de sanctions pour discrimination.<br \/><br \/>Les entreprises qui falsifient ou omettent de tenir le registre des r\u00e9mun\u00e9rations peuvent \u00eatre sanctionn\u00e9es selon le syst\u00e8me d&rsquo;infractions et de sanctions de la LISOS, en fonction de la gravit\u00e9 des faits. Pour les infractions les plus graves, des sanctions allant de 6 251 \u00e0 187 515 euros peuvent \u00eatre impos\u00e9es.<br \/>\u00a0<\/div><div><a href=\"https:\/\/www.asesoriaorihuelacosta.com\/contact\">Contactez-nous\u00a0<\/a>si vous avez des questions<\/div><\/div><\/div>\t\t\t\t\t\t\t\t<\/div>\n\t\t\t\t<\/div>\n\t\t\t\t\t<\/div>\r\n\t\t\t\t<\/div>\r\n\t\t\t\t\t<\/div>\r\n\t\t\t\t<\/section>\r\n\t\t\t\t<\/div>\n\t\t","protected":false},"excerpt":{"rendered":"<p>Le gouvernement espagnol a publi\u00e9 au Journal officiel de l&rsquo;\u00c9tat un nouveau d\u00e9cret visant \u00e0 garantir l&rsquo;\u00e9galit\u00e9 de r\u00e9mun\u00e9ration entre les hommes et les femmes. Il s&rsquo;agit du\u00a0d\u00e9cret royal 902\/2020, du 13 octobre, sur l&rsquo;\u00e9galit\u00e9 salariale entre les femmes et les hommes, qui d\u00e9termine que toutes les entreprises devront disposer d&rsquo;un registre des salaires \u00e0 [&hellip;]<\/p>\n","protected":false},"author":1,"featured_media":12313,"comment_status":"closed","ping_status":"closed","sticky":false,"template":"","format":"standard","meta":{"_eb_attr":"","inline_featured_image":false,"footnotes":""},"categories":[46],"tags":[],"class_list":["post-7085","post","type-post","status-publish","format-standard","has-post-thumbnail","hentry","category-blog"],"featured_image_src":{"landsacpe":["https:\/\/www.asesoriaorihuelacosta.com\/wp-content\/uploads\/2022\/03\/Registro-salarial-obligatorio-800x445.jpeg",800,445,true],"list":["https:\/\/www.asesoriaorihuelacosta.com\/wp-content\/uploads\/2022\/03\/Registro-salarial-obligatorio-463x348.jpeg",463,348,true],"medium":["https:\/\/www.asesoriaorihuelacosta.com\/wp-content\/uploads\/2022\/03\/Registro-salarial-obligatorio-200x300.jpeg",200,300,true],"full":["https:\/\/www.asesoriaorihuelacosta.com\/wp-content\/uploads\/2022\/03\/Registro-salarial-obligatorio.jpeg",800,1200,false]},"yoast_head":"<!-- This site is optimized with the Yoast SEO Premium plugin v24.7 (Yoast SEO v27.4) - https:\/\/yoast.com\/product\/yoast-seo-premium-wordpress\/ -->\n<title>UN GUIDE D&#039;ENREGISTREMENT OBLIGATOIRE DES SALAIRES<\/title>\n<meta name=\"description\" content=\"Le gouvernement espagnol a publi\u00e9 au BOE un nouveau d\u00e9cret avec le registre obligatoire des salaires pour les hommes et les femmes. \u2705\" \/>\n<meta name=\"robots\" content=\"index, follow, max-snippet:-1, max-image-preview:large, max-video-preview:-1\" \/>\n<link rel=\"canonical\" href=\"https:\/\/www.asesoriaorihuelacosta.com\/fr\/guia-para-cumplir-con-el-registro-salarial-obligatorio\/\" \/>\n<meta property=\"og:locale\" content=\"fr_FR\" \/>\n<meta property=\"og:type\" content=\"article\" \/>\n<meta property=\"og:title\" content=\"UN GUIDE POUR SE CONFORMER \u00c0 L&#039;ENREGISTREMENT OBLIGATOIRE DES SALAIRES\" \/>\n<meta property=\"og:description\" content=\"Le gouvernement espagnol a publi\u00e9 au BOE un nouveau d\u00e9cret avec le registre obligatoire des salaires pour les hommes et les femmes. \u2705\" \/>\n<meta property=\"og:url\" content=\"https:\/\/www.asesoriaorihuelacosta.com\/fr\/guia-para-cumplir-con-el-registro-salarial-obligatorio\/\" \/>\n<meta property=\"og:site_name\" content=\"Asesor\u00eda Orihuela Costa\" \/>\n<meta property=\"article:publisher\" content=\"https:\/\/www.facebook.com\/asesoriaorihuelacosta\" \/>\n<meta property=\"article:published_time\" content=\"2022-03-29T08:26:24+00:00\" \/>\n<meta property=\"article:modified_time\" content=\"2024-04-05T17:12:35+00:00\" \/>\n<meta property=\"og:image\" content=\"https:\/\/www.asesoriaorihuelacosta.com\/wp-content\/uploads\/2022\/03\/Registro-salarial-obligatorio.jpeg\" \/>\n\t<meta property=\"og:image:width\" content=\"800\" \/>\n\t<meta property=\"og:image:height\" content=\"1200\" \/>\n\t<meta property=\"og:image:type\" content=\"image\/jpeg\" \/>\n<meta name=\"author\" content=\"admin\" \/>\n<meta name=\"twitter:card\" content=\"summary_large_image\" \/>\n<meta name=\"twitter:label1\" content=\"\u00c9crit par\" \/>\n\t<meta name=\"twitter:data1\" content=\"admin\" \/>\n\t<meta name=\"twitter:label2\" content=\"Dur\u00e9e de lecture estim\u00e9e\" \/>\n\t<meta name=\"twitter:data2\" content=\"4 minutes\" \/>\n<script type=\"application\/ld+json\" class=\"yoast-schema-graph\">{\"@context\":\"https:\\\/\\\/schema.org\",\"@graph\":[{\"@type\":\"Article\",\"@id\":\"https:\\\/\\\/www.asesoriaorihuelacosta.com\\\/fr\\\/guia-para-cumplir-con-el-registro-salarial-obligatorio\\\/#article\",\"isPartOf\":{\"@id\":\"https:\\\/\\\/www.asesoriaorihuelacosta.com\\\/fr\\\/guia-para-cumplir-con-el-registro-salarial-obligatorio\\\/\"},\"author\":{\"name\":\"admin\",\"@id\":\"https:\\\/\\\/www.asesoriaorihuelacosta.com\\\/fr\\\/#\\\/schema\\\/person\\\/633255eadc5df7945d142848ebcc5d02\"},\"headline\":\"UN GUIDE POUR SE CONFORMER \u00c0 L&rsquo;ENREGISTREMENT OBLIGATOIRE DES SALAIRES\",\"datePublished\":\"2022-03-29T08:26:24+00:00\",\"dateModified\":\"2024-04-05T17:12:35+00:00\",\"mainEntityOfPage\":{\"@id\":\"https:\\\/\\\/www.asesoriaorihuelacosta.com\\\/fr\\\/guia-para-cumplir-con-el-registro-salarial-obligatorio\\\/\"},\"wordCount\":954,\"publisher\":{\"@id\":\"https:\\\/\\\/www.asesoriaorihuelacosta.com\\\/fr\\\/#organization\"},\"image\":{\"@id\":\"https:\\\/\\\/www.asesoriaorihuelacosta.com\\\/fr\\\/guia-para-cumplir-con-el-registro-salarial-obligatorio\\\/#primaryimage\"},\"thumbnailUrl\":\"https:\\\/\\\/www.asesoriaorihuelacosta.com\\\/wp-content\\\/uploads\\\/2022\\\/03\\\/Registro-salarial-obligatorio.jpeg\",\"articleSection\":[\"Blog\"],\"inLanguage\":\"fr-FR\"},{\"@type\":\"WebPage\",\"@id\":\"https:\\\/\\\/www.asesoriaorihuelacosta.com\\\/fr\\\/guia-para-cumplir-con-el-registro-salarial-obligatorio\\\/\",\"url\":\"https:\\\/\\\/www.asesoriaorihuelacosta.com\\\/fr\\\/guia-para-cumplir-con-el-registro-salarial-obligatorio\\\/\",\"name\":\"UN GUIDE D'ENREGISTREMENT OBLIGATOIRE DES SALAIRES\",\"isPartOf\":{\"@id\":\"https:\\\/\\\/www.asesoriaorihuelacosta.com\\\/fr\\\/#website\"},\"primaryImageOfPage\":{\"@id\":\"https:\\\/\\\/www.asesoriaorihuelacosta.com\\\/fr\\\/guia-para-cumplir-con-el-registro-salarial-obligatorio\\\/#primaryimage\"},\"image\":{\"@id\":\"https:\\\/\\\/www.asesoriaorihuelacosta.com\\\/fr\\\/guia-para-cumplir-con-el-registro-salarial-obligatorio\\\/#primaryimage\"},\"thumbnailUrl\":\"https:\\\/\\\/www.asesoriaorihuelacosta.com\\\/wp-content\\\/uploads\\\/2022\\\/03\\\/Registro-salarial-obligatorio.jpeg\",\"datePublished\":\"2022-03-29T08:26:24+00:00\",\"dateModified\":\"2024-04-05T17:12:35+00:00\",\"description\":\"Le gouvernement espagnol a publi\u00e9 au BOE un nouveau d\u00e9cret avec le registre obligatoire des salaires pour les hommes et les femmes. \u2705\",\"breadcrumb\":{\"@id\":\"https:\\\/\\\/www.asesoriaorihuelacosta.com\\\/fr\\\/guia-para-cumplir-con-el-registro-salarial-obligatorio\\\/#breadcrumb\"},\"inLanguage\":\"fr-FR\",\"potentialAction\":[{\"@type\":\"ReadAction\",\"target\":[\"https:\\\/\\\/www.asesoriaorihuelacosta.com\\\/fr\\\/guia-para-cumplir-con-el-registro-salarial-obligatorio\\\/\"]}]},{\"@type\":\"ImageObject\",\"inLanguage\":\"fr-FR\",\"@id\":\"https:\\\/\\\/www.asesoriaorihuelacosta.com\\\/fr\\\/guia-para-cumplir-con-el-registro-salarial-obligatorio\\\/#primaryimage\",\"url\":\"https:\\\/\\\/www.asesoriaorihuelacosta.com\\\/wp-content\\\/uploads\\\/2022\\\/03\\\/Registro-salarial-obligatorio.jpeg\",\"contentUrl\":\"https:\\\/\\\/www.asesoriaorihuelacosta.com\\\/wp-content\\\/uploads\\\/2022\\\/03\\\/Registro-salarial-obligatorio.jpeg\",\"width\":800,\"height\":1200,\"caption\":\"Registro salarial obligatorio\"},{\"@type\":\"BreadcrumbList\",\"@id\":\"https:\\\/\\\/www.asesoriaorihuelacosta.com\\\/fr\\\/guia-para-cumplir-con-el-registro-salarial-obligatorio\\\/#breadcrumb\",\"itemListElement\":[{\"@type\":\"ListItem\",\"position\":1,\"name\":\"Home\",\"item\":\"https:\\\/\\\/www.asesoriaorihuelacosta.com\\\/fr\\\/\"},{\"@type\":\"ListItem\",\"position\":2,\"name\":\"UN GUIDE POUR SE CONFORMER \u00c0 L&#8217;ENREGISTREMENT OBLIGATOIRE DES SALAIRES\"}]},{\"@type\":\"WebSite\",\"@id\":\"https:\\\/\\\/www.asesoriaorihuelacosta.com\\\/fr\\\/#website\",\"url\":\"https:\\\/\\\/www.asesoriaorihuelacosta.com\\\/fr\\\/\",\"name\":\"https:\\\/\\\/www.asesoriaorihuelacosta.com\\\/\",\"description\":\"Grupo de asesores profesionales\",\"publisher\":{\"@id\":\"https:\\\/\\\/www.asesoriaorihuelacosta.com\\\/fr\\\/#organization\"},\"potentialAction\":[{\"@type\":\"SearchAction\",\"target\":{\"@type\":\"EntryPoint\",\"urlTemplate\":\"https:\\\/\\\/www.asesoriaorihuelacosta.com\\\/fr\\\/?s={search_term_string}\"},\"query-input\":{\"@type\":\"PropertyValueSpecification\",\"valueRequired\":true,\"valueName\":\"search_term_string\"}}],\"inLanguage\":\"fr-FR\"},{\"@type\":\"Organization\",\"@id\":\"https:\\\/\\\/www.asesoriaorihuelacosta.com\\\/fr\\\/#organization\",\"name\":\"Asesor\u00eda Orihuela Costa\",\"url\":\"https:\\\/\\\/www.asesoriaorihuelacosta.com\\\/fr\\\/\",\"logo\":{\"@type\":\"ImageObject\",\"inLanguage\":\"fr-FR\",\"@id\":\"https:\\\/\\\/www.asesoriaorihuelacosta.com\\\/fr\\\/#\\\/schema\\\/logo\\\/image\\\/\",\"url\":\"https:\\\/\\\/www.asesoriaorihuelacosta.com\\\/wp-content\\\/uploads\\\/2022\\\/06\\\/Logo-espa\u5bf8l-asesoriaorihuela.jpg\",\"contentUrl\":\"https:\\\/\\\/www.asesoriaorihuelacosta.com\\\/wp-content\\\/uploads\\\/2022\\\/06\\\/Logo-espa\u5bf8l-asesoriaorihuela.jpg\",\"width\":588,\"height\":136,\"caption\":\"Asesor\u00eda Orihuela Costa\"},\"image\":{\"@id\":\"https:\\\/\\\/www.asesoriaorihuelacosta.com\\\/fr\\\/#\\\/schema\\\/logo\\\/image\\\/\"},\"sameAs\":[\"https:\\\/\\\/www.facebook.com\\\/asesoriaorihuelacosta\"]},{\"@type\":\"Person\",\"@id\":\"https:\\\/\\\/www.asesoriaorihuelacosta.com\\\/fr\\\/#\\\/schema\\\/person\\\/633255eadc5df7945d142848ebcc5d02\",\"name\":\"admin\"}]}<\/script>\n<!-- \/ Yoast SEO Premium plugin. -->","yoast_head_json":{"title":"UN GUIDE D'ENREGISTREMENT OBLIGATOIRE DES SALAIRES","description":"Le gouvernement espagnol a publi\u00e9 au BOE un nouveau d\u00e9cret avec le registre obligatoire des salaires pour les hommes et les femmes. \u2705","robots":{"index":"index","follow":"follow","max-snippet":"max-snippet:-1","max-image-preview":"max-image-preview:large","max-video-preview":"max-video-preview:-1"},"canonical":"https:\/\/www.asesoriaorihuelacosta.com\/fr\/guia-para-cumplir-con-el-registro-salarial-obligatorio\/","og_locale":"fr_FR","og_type":"article","og_title":"UN GUIDE POUR SE CONFORMER \u00c0 L'ENREGISTREMENT OBLIGATOIRE DES SALAIRES","og_description":"Le gouvernement espagnol a publi\u00e9 au BOE un nouveau d\u00e9cret avec le registre obligatoire des salaires pour les hommes et les femmes. \u2705","og_url":"https:\/\/www.asesoriaorihuelacosta.com\/fr\/guia-para-cumplir-con-el-registro-salarial-obligatorio\/","og_site_name":"Asesor\u00eda Orihuela Costa","article_publisher":"https:\/\/www.facebook.com\/asesoriaorihuelacosta","article_published_time":"2022-03-29T08:26:24+00:00","article_modified_time":"2024-04-05T17:12:35+00:00","og_image":[{"width":800,"height":1200,"url":"https:\/\/www.asesoriaorihuelacosta.com\/wp-content\/uploads\/2022\/03\/Registro-salarial-obligatorio.jpeg","type":"image\/jpeg"}],"author":"admin","twitter_card":"summary_large_image","twitter_misc":{"\u00c9crit par":"admin","Dur\u00e9e de lecture estim\u00e9e":"4 minutes"},"schema":{"@context":"https:\/\/schema.org","@graph":[{"@type":"Article","@id":"https:\/\/www.asesoriaorihuelacosta.com\/fr\/guia-para-cumplir-con-el-registro-salarial-obligatorio\/#article","isPartOf":{"@id":"https:\/\/www.asesoriaorihuelacosta.com\/fr\/guia-para-cumplir-con-el-registro-salarial-obligatorio\/"},"author":{"name":"admin","@id":"https:\/\/www.asesoriaorihuelacosta.com\/fr\/#\/schema\/person\/633255eadc5df7945d142848ebcc5d02"},"headline":"UN GUIDE POUR SE CONFORMER \u00c0 L&rsquo;ENREGISTREMENT OBLIGATOIRE DES SALAIRES","datePublished":"2022-03-29T08:26:24+00:00","dateModified":"2024-04-05T17:12:35+00:00","mainEntityOfPage":{"@id":"https:\/\/www.asesoriaorihuelacosta.com\/fr\/guia-para-cumplir-con-el-registro-salarial-obligatorio\/"},"wordCount":954,"publisher":{"@id":"https:\/\/www.asesoriaorihuelacosta.com\/fr\/#organization"},"image":{"@id":"https:\/\/www.asesoriaorihuelacosta.com\/fr\/guia-para-cumplir-con-el-registro-salarial-obligatorio\/#primaryimage"},"thumbnailUrl":"https:\/\/www.asesoriaorihuelacosta.com\/wp-content\/uploads\/2022\/03\/Registro-salarial-obligatorio.jpeg","articleSection":["Blog"],"inLanguage":"fr-FR"},{"@type":"WebPage","@id":"https:\/\/www.asesoriaorihuelacosta.com\/fr\/guia-para-cumplir-con-el-registro-salarial-obligatorio\/","url":"https:\/\/www.asesoriaorihuelacosta.com\/fr\/guia-para-cumplir-con-el-registro-salarial-obligatorio\/","name":"UN GUIDE D'ENREGISTREMENT OBLIGATOIRE DES SALAIRES","isPartOf":{"@id":"https:\/\/www.asesoriaorihuelacosta.com\/fr\/#website"},"primaryImageOfPage":{"@id":"https:\/\/www.asesoriaorihuelacosta.com\/fr\/guia-para-cumplir-con-el-registro-salarial-obligatorio\/#primaryimage"},"image":{"@id":"https:\/\/www.asesoriaorihuelacosta.com\/fr\/guia-para-cumplir-con-el-registro-salarial-obligatorio\/#primaryimage"},"thumbnailUrl":"https:\/\/www.asesoriaorihuelacosta.com\/wp-content\/uploads\/2022\/03\/Registro-salarial-obligatorio.jpeg","datePublished":"2022-03-29T08:26:24+00:00","dateModified":"2024-04-05T17:12:35+00:00","description":"Le gouvernement espagnol a publi\u00e9 au BOE un nouveau d\u00e9cret avec le registre obligatoire des salaires pour les hommes et les femmes. \u2705","breadcrumb":{"@id":"https:\/\/www.asesoriaorihuelacosta.com\/fr\/guia-para-cumplir-con-el-registro-salarial-obligatorio\/#breadcrumb"},"inLanguage":"fr-FR","potentialAction":[{"@type":"ReadAction","target":["https:\/\/www.asesoriaorihuelacosta.com\/fr\/guia-para-cumplir-con-el-registro-salarial-obligatorio\/"]}]},{"@type":"ImageObject","inLanguage":"fr-FR","@id":"https:\/\/www.asesoriaorihuelacosta.com\/fr\/guia-para-cumplir-con-el-registro-salarial-obligatorio\/#primaryimage","url":"https:\/\/www.asesoriaorihuelacosta.com\/wp-content\/uploads\/2022\/03\/Registro-salarial-obligatorio.jpeg","contentUrl":"https:\/\/www.asesoriaorihuelacosta.com\/wp-content\/uploads\/2022\/03\/Registro-salarial-obligatorio.jpeg","width":800,"height":1200,"caption":"Registro salarial obligatorio"},{"@type":"BreadcrumbList","@id":"https:\/\/www.asesoriaorihuelacosta.com\/fr\/guia-para-cumplir-con-el-registro-salarial-obligatorio\/#breadcrumb","itemListElement":[{"@type":"ListItem","position":1,"name":"Home","item":"https:\/\/www.asesoriaorihuelacosta.com\/fr\/"},{"@type":"ListItem","position":2,"name":"UN GUIDE POUR SE CONFORMER \u00c0 L&#8217;ENREGISTREMENT OBLIGATOIRE DES SALAIRES"}]},{"@type":"WebSite","@id":"https:\/\/www.asesoriaorihuelacosta.com\/fr\/#website","url":"https:\/\/www.asesoriaorihuelacosta.com\/fr\/","name":"https:\/\/www.asesoriaorihuelacosta.com\/","description":"Grupo de asesores profesionales","publisher":{"@id":"https:\/\/www.asesoriaorihuelacosta.com\/fr\/#organization"},"potentialAction":[{"@type":"SearchAction","target":{"@type":"EntryPoint","urlTemplate":"https:\/\/www.asesoriaorihuelacosta.com\/fr\/?s={search_term_string}"},"query-input":{"@type":"PropertyValueSpecification","valueRequired":true,"valueName":"search_term_string"}}],"inLanguage":"fr-FR"},{"@type":"Organization","@id":"https:\/\/www.asesoriaorihuelacosta.com\/fr\/#organization","name":"Asesor\u00eda Orihuela Costa","url":"https:\/\/www.asesoriaorihuelacosta.com\/fr\/","logo":{"@type":"ImageObject","inLanguage":"fr-FR","@id":"https:\/\/www.asesoriaorihuelacosta.com\/fr\/#\/schema\/logo\/image\/","url":"https:\/\/www.asesoriaorihuelacosta.com\/wp-content\/uploads\/2022\/06\/Logo-espa\u5bf8l-asesoriaorihuela.jpg","contentUrl":"https:\/\/www.asesoriaorihuelacosta.com\/wp-content\/uploads\/2022\/06\/Logo-espa\u5bf8l-asesoriaorihuela.jpg","width":588,"height":136,"caption":"Asesor\u00eda Orihuela Costa"},"image":{"@id":"https:\/\/www.asesoriaorihuelacosta.com\/fr\/#\/schema\/logo\/image\/"},"sameAs":["https:\/\/www.facebook.com\/asesoriaorihuelacosta"]},{"@type":"Person","@id":"https:\/\/www.asesoriaorihuelacosta.com\/fr\/#\/schema\/person\/633255eadc5df7945d142848ebcc5d02","name":"admin"}]}},"_links":{"self":[{"href":"https:\/\/www.asesoriaorihuelacosta.com\/fr\/wp-json\/wp\/v2\/posts\/7085","targetHints":{"allow":["GET"]}}],"collection":[{"href":"https:\/\/www.asesoriaorihuelacosta.com\/fr\/wp-json\/wp\/v2\/posts"}],"about":[{"href":"https:\/\/www.asesoriaorihuelacosta.com\/fr\/wp-json\/wp\/v2\/types\/post"}],"author":[{"embeddable":true,"href":"https:\/\/www.asesoriaorihuelacosta.com\/fr\/wp-json\/wp\/v2\/users\/1"}],"replies":[{"embeddable":true,"href":"https:\/\/www.asesoriaorihuelacosta.com\/fr\/wp-json\/wp\/v2\/comments?post=7085"}],"version-history":[{"count":4,"href":"https:\/\/www.asesoriaorihuelacosta.com\/fr\/wp-json\/wp\/v2\/posts\/7085\/revisions"}],"predecessor-version":[{"id":7089,"href":"https:\/\/www.asesoriaorihuelacosta.com\/fr\/wp-json\/wp\/v2\/posts\/7085\/revisions\/7089"}],"wp:featuredmedia":[{"embeddable":true,"href":"https:\/\/www.asesoriaorihuelacosta.com\/fr\/wp-json\/wp\/v2\/media\/12313"}],"wp:attachment":[{"href":"https:\/\/www.asesoriaorihuelacosta.com\/fr\/wp-json\/wp\/v2\/media?parent=7085"}],"wp:term":[{"taxonomy":"category","embeddable":true,"href":"https:\/\/www.asesoriaorihuelacosta.com\/fr\/wp-json\/wp\/v2\/categories?post=7085"},{"taxonomy":"post_tag","embeddable":true,"href":"https:\/\/www.asesoriaorihuelacosta.com\/fr\/wp-json\/wp\/v2\/tags?post=7085"}],"curies":[{"name":"wp","href":"https:\/\/api.w.org\/{rel}","templated":true}]}}