{"id":6815,"date":"2022-03-30T09:35:05","date_gmt":"2022-03-30T09:35:05","guid":{"rendered":"https:\/\/www.asesoriaorihuelacosta.com\/?p=6815"},"modified":"2024-07-14T02:16:56","modified_gmt":"2024-07-14T02:16:56","slug":"permis-de-travail-non-remuneres","status":"publish","type":"post","link":"https:\/\/www.asesoriaorihuelacosta.com\/fr\/permis-de-travail-non-remuneres\/","title":{"rendered":"PERMIS DE TRAVAIL NON R\u00c9MUN\u00c9R\u00c9S"},"content":{"rendered":"\t\t<div data-elementor-type=\"wp-post\" data-elementor-id=\"6815\" class=\"elementor elementor-6815\" data-elementor-post-type=\"post\">\n\t\t\t\t\t\t<section data-particle_enable=\"false\" data-particle-mobile-disabled=\"false\" class=\"elementor-section elementor-top-section elementor-element elementor-element-5e93020 elementor-section-boxed elementor-section-height-default elementor-section-height-default\" data-id=\"5e93020\" data-element_type=\"section\" data-e-type=\"section\">\r\n\t\t\r\n\t\t\t\t\t\t\t<div class=\"elementor-container elementor-column-gap-default\">\r\n\t\t\t\t\t\t\t\t\t\t\t<div class=\"elementor-column elementor-col-100 elementor-top-column elementor-element elementor-element-34c433f\" data-id=\"34c433f\" data-element_type=\"column\" data-e-type=\"column\">\r\n\t\t\t\t\t<div class=\"elementor-widget-wrap elementor-element-populated\">\r\n\t\t\t\t\t\t\t\t<div class=\"elementor-element elementor-element-5a4aee3 elementor-widget elementor-widget-text-editor\" data-id=\"5a4aee3\" data-element_type=\"widget\" data-e-type=\"widget\" data-widget_type=\"text-editor.default\">\n\t\t\t\t<div class=\"elementor-widget-container\">\n\t\t\t\t\t\t\t\t\t<p>&#8211; Celui connu sous le nom de z\u00e9ro co\u00fbt consiste \u00e0 offrir des services \u00e0 un prix tr\u00e8s bas ou gratuitement, en les r\u00e9mun\u00e9rant gr\u00e2ce \u00e0 des fonds pour la formation des travailleurs.<br \/><br \/>&#8211; L&rsquo;Agence de proteccion des donn\u00e9e personnele en Espagne a publi\u00e9 un document d&rsquo;information, pr\u00e9par\u00e9 en collaboration avec l&rsquo;Inspection du travail et de la s\u00e9curit\u00e9 sociale et l&rsquo;Agence fiscale, qui comprend les sanctions qui peuvent \u00eatre impos\u00e9es pour les infractions administratives pouvant entra\u00eener la sous-traitance de ce type de services.<br \/><br \/>&#8211; L&rsquo;Agence \u00e9vite \u00e9galement d&rsquo;autres pratiques frauduleuses associ\u00e9es, telles que la propagation de la n\u00e9cessit\u00e9 d&rsquo;engager un DPD dans tous les cas ou la fourniture de services inutiles, entre autres.<br \/><br \/>L&rsquo;Agence espagnole de protection des donn\u00e9es (AEPD) a publi\u00e9 un document informatif dans lequel elle avertit les PME et les ind\u00e9pendants des risques de sous-traiter les services d&rsquo;adaptation aux r\u00e9glementations de protection des donn\u00e9es aux entreprises qui les proposent \u00e0 \u00ab\u00a0 co\u00fbt z\u00e9ro \u00a0\u00bb. Le document, qui a \u00e9t\u00e9 pr\u00e9par\u00e9 avec la collaboration de l&rsquo;inspection du travail et de la s\u00e9curit\u00e9 sociale et de l&rsquo;administration fiscale, comprend \u00e9galement d&rsquo;autres pratiques frauduleuses g\u00e9n\u00e9ralement associ\u00e9es \u00e0 ce type de services.<br \/><br \/><br \/>Dans le domaine de la protection des donn\u00e9es, qu&rsquo;est-ce que le \u00ab\u00a0co\u00fbt z\u00e9ro\u00a0\u00bb?<br \/><br \/>L&rsquo;adaptation \u00e0 la r\u00e9glementation sur la protection des donn\u00e9es dite z\u00e9ro co\u00fbt consiste \u00e0 proposer ces services \u00e0 un prix tr\u00e8s bas voire m\u00eame gratuitement, en les payant via les fonds de l&rsquo;entreprise allou\u00e9s aux programmes de formation des travailleurs, qui Ils sont soumis \u00e0 une prime de la S\u00e9curit\u00e9 sociale.<br \/><br \/>La contractualisation du service d&rsquo;adaptation \u00e0 la r\u00e9glementation de la protection des donn\u00e9es \u00e0 co\u00fbt nul, financ\u00e9 par des fonds publics \u00e0 travers des primes de charges sociales pour la formation professionnelle \u00e0 l&#8217;emploi, peut entra\u00eener des infractions qui seront sanctionn\u00e9es, pour l&rsquo;inspection du travail et de la s\u00e9curit\u00e9 sociale, avec des amendes de 626 euros \u00e0 187 515 euros, sans pr\u00e9judice de consid\u00e9rer, dans chaque cas, une infraction pour chaque entreprise et pour chaque action de formation, la solidarit\u00e9 des diff\u00e9rents sujets impliqu\u00e9s dans l&rsquo;organisation et l&rsquo;ex\u00e9cution de la formation au retour des sommes ind\u00fbment obtenues et des sanctions accessoires qui dans chaque cas se d\u00e9roulent.<br \/><br \/>En outre, en ce qui concerne le respect des obligations fiscales par les entreprises, tant celles qui offrent le service que celles qui le louent, les activit\u00e9s de formation des travailleurs sont exon\u00e9r\u00e9es de la TVA, tandis que le type correspondant un service d&rsquo;adaptation \u00e0 une certaine l\u00e9gislation serait de 21%. Si la prestation effectivement r\u00e9alis\u00e9e est masqu\u00e9e, une infraction fiscale peut \u00eatre commise, passible d&rsquo;une amende proportionnelle de 50% ou plus, sur le montant non saisi.<br \/><br \/>L&rsquo;Agence pr\u00e9vient \u00e9galement les PME et les ind\u00e9pendants, destinataires fondamentaux de ce type de pratiques, que les services de conformit\u00e9 \u00e0 la r\u00e9glementation n\u00e9cessitent la r\u00e9alisation d&rsquo;une \u00e9tude individuelle d\u00e9taill\u00e9e de l&rsquo;entit\u00e9, des types de traitements pratiqu\u00e9s, des syst\u00e8mes informatiques et les syst\u00e8mes de gestion des documents, en appliquant les principes de protection des donn\u00e9es dans les proc\u00e9dures. Par cons\u00e9quent, les conseils bas\u00e9s sur des documents g\u00e9n\u00e9riques qui ne prennent pas en compte les caract\u00e9ristiques sp\u00e9cifiques de l&rsquo;activit\u00e9 sont insuffisants.<br \/><br \/><br \/>Autres actes frauduleux.<br \/><br \/>En revanche, faire croire aux PME et aux ind\u00e9pendants qu&rsquo;ils sont en tout \u00e9tat de cause oblig\u00e9s de d\u00e9signer un d\u00e9l\u00e9gu\u00e9 \u00e0 la protection des donn\u00e9es ou de proposer des services inutiles pour les traitements effectu\u00e9s par l&rsquo;entreprise sont d&rsquo;autres messages souvent trompeurs.<br \/><br \/>Le document fait \u00e9galement r\u00e9f\u00e9rence \u00e0 des pratiques agressives susceptibles d&rsquo;entra\u00eener une concurrence d\u00e9loyale, comme agir avec l&rsquo;intention de supplanter l&rsquo;identit\u00e9 de l&rsquo;Agence dans les communications qui sont faites, donnant l&rsquo;impression qu&rsquo;elle agit en collaboration avec l&rsquo;AEPD, mettant en \u0153uvre des pratiques des publicit\u00e9s dans lesquelles le pouvoir de d\u00e9cision des destinataires est limit\u00e9 par r\u00e9f\u00e9rence \u00e0 l&rsquo;imposition \u00e9ventuelle de sanctions en cas de violation des r\u00e8gles de protection des donn\u00e9es, ou offrent une documentation qui cherche \u00e0 cr\u00e9er une apparence de conformit\u00e9 aux r\u00e8gles d&rsquo;une mani\u00e8re Compl\u00e9mentaire \u00e0 la r\u00e9alisation d&rsquo;actions de formation sans avoir effectu\u00e9 les actions n\u00e9cessaires pour v\u00e9rifier ladite conformit\u00e9. Dans ces cas, les personnes concern\u00e9es peuvent intenter une action devant les tribunaux de commerce ou la d\u00e9noncer devant la Commission nationale des march\u00e9s et de la concurrence en cas de violation de la loi sur la d\u00e9fense de la concurrence.<br \/><br \/>L&rsquo;Agence rappelle la commodit\u00e9 que les PME et les ind\u00e9pendants qui souhaitent ou doivent louer des services conform\u00e9ment \u00e0 la r\u00e9glementation sur la protection des donn\u00e9es garantissent que les services qui leur sont propos\u00e9s n&rsquo;encourent pas les pratiques mentionn\u00e9es ci-dessus.<\/p>\t\t\t\t\t\t\t\t<\/div>\n\t\t\t\t<\/div>\n\t\t\t\t\t<\/div>\r\n\t\t\t\t<\/div>\r\n\t\t\t\t\t<\/div>\r\n\t\t\t\t<\/section>\r\n\t\t\t\t<\/div>\n\t\t","protected":false},"excerpt":{"rendered":"<p>&#8211; Celui connu sous le nom de z\u00e9ro co\u00fbt consiste \u00e0 offrir des services \u00e0 un prix tr\u00e8s bas ou gratuitement, en les r\u00e9mun\u00e9rant gr\u00e2ce \u00e0 des fonds pour la formation des travailleurs. &#8211; L&rsquo;Agence de proteccion des donn\u00e9e personnele en Espagne a publi\u00e9 un document d&rsquo;information, pr\u00e9par\u00e9 en collaboration avec l&rsquo;Inspection du travail et [&hellip;]<\/p>\n","protected":false},"author":1,"featured_media":6582,"comment_status":"closed","ping_status":"closed","sticky":false,"template":"","format":"standard","meta":{"_eb_attr":"","inline_featured_image":false,"footnotes":""},"categories":[46],"tags":[],"class_list":["post-6815","post","type-post","status-publish","format-standard","has-post-thumbnail","hentry","category-blog"],"featured_image_src":{"landsacpe":["https:\/\/www.asesoriaorihuelacosta.com\/wp-content\/uploads\/2022\/03\/RGPD.jpg",500,250,false],"list":["https:\/\/www.asesoriaorihuelacosta.com\/wp-content\/uploads\/2022\/03\/RGPD-463x250.jpg",463,250,true],"medium":["https:\/\/www.asesoriaorihuelacosta.com\/wp-content\/uploads\/2022\/03\/RGPD-300x150.jpg",300,150,true],"full":["https:\/\/www.asesoriaorihuelacosta.com\/wp-content\/uploads\/2022\/03\/RGPD.jpg",500,250,false]},"yoast_head":"<!-- This site is optimized with the Yoast SEO Premium plugin v24.7 (Yoast SEO v27.4) - https:\/\/yoast.com\/product\/yoast-seo-premium-wordpress\/ -->\n<title>PERMIS DE TRAVAIL NON R\u00c9MUN\u00c9R\u00c9S - Asesor\u00eda Orihuela Costa<\/title>\n<meta name=\"description\" content=\"PERMIS DE TRAVAIL NON R\u00c9MUN\u00c9R\u00c9S en Espagne. Trouvez avec nous des informations sur le droit des employ\u00e9s d&#039;une entreprise.\" \/>\n<meta name=\"robots\" content=\"index, follow, max-snippet:-1, max-image-preview:large, max-video-preview:-1\" \/>\n<link rel=\"canonical\" href=\"https:\/\/www.asesoriaorihuelacosta.com\/fr\/permis-de-travail-non-remuneres\/\" \/>\n<meta property=\"og:locale\" content=\"fr_FR\" \/>\n<meta property=\"og:type\" content=\"article\" \/>\n<meta property=\"og:title\" content=\"PERMIS DE TRAVAIL NON R\u00c9MUN\u00c9R\u00c9S\" \/>\n<meta property=\"og:description\" content=\"PERMIS DE TRAVAIL NON R\u00c9MUN\u00c9R\u00c9S en Espagne. Trouvez avec nous des informations sur le droit des employ\u00e9s d&#039;une entreprise.\" \/>\n<meta property=\"og:url\" content=\"https:\/\/www.asesoriaorihuelacosta.com\/fr\/permis-de-travail-non-remuneres\/\" \/>\n<meta property=\"og:site_name\" content=\"Asesor\u00eda Orihuela Costa\" \/>\n<meta property=\"article:publisher\" content=\"https:\/\/www.facebook.com\/asesoriaorihuelacosta\" \/>\n<meta property=\"article:published_time\" content=\"2022-03-30T09:35:05+00:00\" \/>\n<meta property=\"article:modified_time\" content=\"2024-07-14T02:16:56+00:00\" \/>\n<meta property=\"og:image\" content=\"https:\/\/www.asesoriaorihuelacosta.com\/wp-content\/uploads\/2022\/03\/RGPD.jpg\" \/>\n\t<meta property=\"og:image:width\" content=\"500\" \/>\n\t<meta property=\"og:image:height\" content=\"250\" \/>\n\t<meta property=\"og:image:type\" content=\"image\/jpeg\" \/>\n<meta name=\"author\" content=\"admin\" \/>\n<meta name=\"twitter:card\" content=\"summary_large_image\" \/>\n<meta name=\"twitter:label1\" content=\"\u00c9crit par\" \/>\n\t<meta name=\"twitter:data1\" content=\"admin\" \/>\n\t<meta name=\"twitter:label2\" content=\"Dur\u00e9e de lecture estim\u00e9e\" \/>\n\t<meta name=\"twitter:data2\" content=\"4 minutes\" \/>\n<script type=\"application\/ld+json\" class=\"yoast-schema-graph\">{\"@context\":\"https:\\\/\\\/schema.org\",\"@graph\":[{\"@type\":\"Article\",\"@id\":\"https:\\\/\\\/www.asesoriaorihuelacosta.com\\\/fr\\\/permis-de-travail-non-remuneres\\\/#article\",\"isPartOf\":{\"@id\":\"https:\\\/\\\/www.asesoriaorihuelacosta.com\\\/fr\\\/permis-de-travail-non-remuneres\\\/\"},\"author\":{\"name\":\"admin\",\"@id\":\"https:\\\/\\\/www.asesoriaorihuelacosta.com\\\/fr\\\/#\\\/schema\\\/person\\\/633255eadc5df7945d142848ebcc5d02\"},\"headline\":\"PERMIS DE TRAVAIL NON R\u00c9MUN\u00c9R\u00c9S\",\"datePublished\":\"2022-03-30T09:35:05+00:00\",\"dateModified\":\"2024-07-14T02:16:56+00:00\",\"mainEntityOfPage\":{\"@id\":\"https:\\\/\\\/www.asesoriaorihuelacosta.com\\\/fr\\\/permis-de-travail-non-remuneres\\\/\"},\"wordCount\":877,\"publisher\":{\"@id\":\"https:\\\/\\\/www.asesoriaorihuelacosta.com\\\/fr\\\/#organization\"},\"image\":{\"@id\":\"https:\\\/\\\/www.asesoriaorihuelacosta.com\\\/fr\\\/permis-de-travail-non-remuneres\\\/#primaryimage\"},\"thumbnailUrl\":\"https:\\\/\\\/www.asesoriaorihuelacosta.com\\\/wp-content\\\/uploads\\\/2022\\\/03\\\/RGPD.jpg\",\"articleSection\":[\"Blog\"],\"inLanguage\":\"fr-FR\"},{\"@type\":\"WebPage\",\"@id\":\"https:\\\/\\\/www.asesoriaorihuelacosta.com\\\/fr\\\/permis-de-travail-non-remuneres\\\/\",\"url\":\"https:\\\/\\\/www.asesoriaorihuelacosta.com\\\/fr\\\/permis-de-travail-non-remuneres\\\/\",\"name\":\"PERMIS DE TRAVAIL NON R\u00c9MUN\u00c9R\u00c9S - Asesor\u00eda Orihuela Costa\",\"isPartOf\":{\"@id\":\"https:\\\/\\\/www.asesoriaorihuelacosta.com\\\/fr\\\/#website\"},\"primaryImageOfPage\":{\"@id\":\"https:\\\/\\\/www.asesoriaorihuelacosta.com\\\/fr\\\/permis-de-travail-non-remuneres\\\/#primaryimage\"},\"image\":{\"@id\":\"https:\\\/\\\/www.asesoriaorihuelacosta.com\\\/fr\\\/permis-de-travail-non-remuneres\\\/#primaryimage\"},\"thumbnailUrl\":\"https:\\\/\\\/www.asesoriaorihuelacosta.com\\\/wp-content\\\/uploads\\\/2022\\\/03\\\/RGPD.jpg\",\"datePublished\":\"2022-03-30T09:35:05+00:00\",\"dateModified\":\"2024-07-14T02:16:56+00:00\",\"description\":\"PERMIS DE TRAVAIL NON R\u00c9MUN\u00c9R\u00c9S en Espagne. Trouvez avec nous des informations sur le droit des employ\u00e9s d'une entreprise.\",\"breadcrumb\":{\"@id\":\"https:\\\/\\\/www.asesoriaorihuelacosta.com\\\/fr\\\/permis-de-travail-non-remuneres\\\/#breadcrumb\"},\"inLanguage\":\"fr-FR\",\"potentialAction\":[{\"@type\":\"ReadAction\",\"target\":[\"https:\\\/\\\/www.asesoriaorihuelacosta.com\\\/fr\\\/permis-de-travail-non-remuneres\\\/\"]}]},{\"@type\":\"ImageObject\",\"inLanguage\":\"fr-FR\",\"@id\":\"https:\\\/\\\/www.asesoriaorihuelacosta.com\\\/fr\\\/permis-de-travail-non-remuneres\\\/#primaryimage\",\"url\":\"https:\\\/\\\/www.asesoriaorihuelacosta.com\\\/wp-content\\\/uploads\\\/2022\\\/03\\\/RGPD.jpg\",\"contentUrl\":\"https:\\\/\\\/www.asesoriaorihuelacosta.com\\\/wp-content\\\/uploads\\\/2022\\\/03\\\/RGPD.jpg\",\"width\":500,\"height\":250},{\"@type\":\"BreadcrumbList\",\"@id\":\"https:\\\/\\\/www.asesoriaorihuelacosta.com\\\/fr\\\/permis-de-travail-non-remuneres\\\/#breadcrumb\",\"itemListElement\":[{\"@type\":\"ListItem\",\"position\":1,\"name\":\"Home\",\"item\":\"https:\\\/\\\/www.asesoriaorihuelacosta.com\\\/fr\\\/\"},{\"@type\":\"ListItem\",\"position\":2,\"name\":\"PERMIS DE TRAVAIL NON R\u00c9MUN\u00c9R\u00c9S\"}]},{\"@type\":\"WebSite\",\"@id\":\"https:\\\/\\\/www.asesoriaorihuelacosta.com\\\/fr\\\/#website\",\"url\":\"https:\\\/\\\/www.asesoriaorihuelacosta.com\\\/fr\\\/\",\"name\":\"https:\\\/\\\/www.asesoriaorihuelacosta.com\\\/\",\"description\":\"Grupo de asesores profesionales\",\"publisher\":{\"@id\":\"https:\\\/\\\/www.asesoriaorihuelacosta.com\\\/fr\\\/#organization\"},\"potentialAction\":[{\"@type\":\"SearchAction\",\"target\":{\"@type\":\"EntryPoint\",\"urlTemplate\":\"https:\\\/\\\/www.asesoriaorihuelacosta.com\\\/fr\\\/?s={search_term_string}\"},\"query-input\":{\"@type\":\"PropertyValueSpecification\",\"valueRequired\":true,\"valueName\":\"search_term_string\"}}],\"inLanguage\":\"fr-FR\"},{\"@type\":\"Organization\",\"@id\":\"https:\\\/\\\/www.asesoriaorihuelacosta.com\\\/fr\\\/#organization\",\"name\":\"Asesor\u00eda Orihuela Costa\",\"url\":\"https:\\\/\\\/www.asesoriaorihuelacosta.com\\\/fr\\\/\",\"logo\":{\"@type\":\"ImageObject\",\"inLanguage\":\"fr-FR\",\"@id\":\"https:\\\/\\\/www.asesoriaorihuelacosta.com\\\/fr\\\/#\\\/schema\\\/logo\\\/image\\\/\",\"url\":\"https:\\\/\\\/www.asesoriaorihuelacosta.com\\\/wp-content\\\/uploads\\\/2022\\\/06\\\/Logo-espa\u5bf8l-asesoriaorihuela.jpg\",\"contentUrl\":\"https:\\\/\\\/www.asesoriaorihuelacosta.com\\\/wp-content\\\/uploads\\\/2022\\\/06\\\/Logo-espa\u5bf8l-asesoriaorihuela.jpg\",\"width\":588,\"height\":136,\"caption\":\"Asesor\u00eda Orihuela Costa\"},\"image\":{\"@id\":\"https:\\\/\\\/www.asesoriaorihuelacosta.com\\\/fr\\\/#\\\/schema\\\/logo\\\/image\\\/\"},\"sameAs\":[\"https:\\\/\\\/www.facebook.com\\\/asesoriaorihuelacosta\"]},{\"@type\":\"Person\",\"@id\":\"https:\\\/\\\/www.asesoriaorihuelacosta.com\\\/fr\\\/#\\\/schema\\\/person\\\/633255eadc5df7945d142848ebcc5d02\",\"name\":\"admin\"}]}<\/script>\n<!-- \/ Yoast SEO Premium plugin. -->","yoast_head_json":{"title":"PERMIS DE TRAVAIL NON R\u00c9MUN\u00c9R\u00c9S - Asesor\u00eda Orihuela Costa","description":"PERMIS DE TRAVAIL NON R\u00c9MUN\u00c9R\u00c9S en Espagne. Trouvez avec nous des informations sur le droit des employ\u00e9s d'une entreprise.","robots":{"index":"index","follow":"follow","max-snippet":"max-snippet:-1","max-image-preview":"max-image-preview:large","max-video-preview":"max-video-preview:-1"},"canonical":"https:\/\/www.asesoriaorihuelacosta.com\/fr\/permis-de-travail-non-remuneres\/","og_locale":"fr_FR","og_type":"article","og_title":"PERMIS DE TRAVAIL NON R\u00c9MUN\u00c9R\u00c9S","og_description":"PERMIS DE TRAVAIL NON R\u00c9MUN\u00c9R\u00c9S en Espagne. Trouvez avec nous des informations sur le droit des employ\u00e9s d'une entreprise.","og_url":"https:\/\/www.asesoriaorihuelacosta.com\/fr\/permis-de-travail-non-remuneres\/","og_site_name":"Asesor\u00eda Orihuela Costa","article_publisher":"https:\/\/www.facebook.com\/asesoriaorihuelacosta","article_published_time":"2022-03-30T09:35:05+00:00","article_modified_time":"2024-07-14T02:16:56+00:00","og_image":[{"width":500,"height":250,"url":"https:\/\/www.asesoriaorihuelacosta.com\/wp-content\/uploads\/2022\/03\/RGPD.jpg","type":"image\/jpeg"}],"author":"admin","twitter_card":"summary_large_image","twitter_misc":{"\u00c9crit par":"admin","Dur\u00e9e de lecture estim\u00e9e":"4 minutes"},"schema":{"@context":"https:\/\/schema.org","@graph":[{"@type":"Article","@id":"https:\/\/www.asesoriaorihuelacosta.com\/fr\/permis-de-travail-non-remuneres\/#article","isPartOf":{"@id":"https:\/\/www.asesoriaorihuelacosta.com\/fr\/permis-de-travail-non-remuneres\/"},"author":{"name":"admin","@id":"https:\/\/www.asesoriaorihuelacosta.com\/fr\/#\/schema\/person\/633255eadc5df7945d142848ebcc5d02"},"headline":"PERMIS DE TRAVAIL NON R\u00c9MUN\u00c9R\u00c9S","datePublished":"2022-03-30T09:35:05+00:00","dateModified":"2024-07-14T02:16:56+00:00","mainEntityOfPage":{"@id":"https:\/\/www.asesoriaorihuelacosta.com\/fr\/permis-de-travail-non-remuneres\/"},"wordCount":877,"publisher":{"@id":"https:\/\/www.asesoriaorihuelacosta.com\/fr\/#organization"},"image":{"@id":"https:\/\/www.asesoriaorihuelacosta.com\/fr\/permis-de-travail-non-remuneres\/#primaryimage"},"thumbnailUrl":"https:\/\/www.asesoriaorihuelacosta.com\/wp-content\/uploads\/2022\/03\/RGPD.jpg","articleSection":["Blog"],"inLanguage":"fr-FR"},{"@type":"WebPage","@id":"https:\/\/www.asesoriaorihuelacosta.com\/fr\/permis-de-travail-non-remuneres\/","url":"https:\/\/www.asesoriaorihuelacosta.com\/fr\/permis-de-travail-non-remuneres\/","name":"PERMIS DE TRAVAIL NON R\u00c9MUN\u00c9R\u00c9S - Asesor\u00eda Orihuela Costa","isPartOf":{"@id":"https:\/\/www.asesoriaorihuelacosta.com\/fr\/#website"},"primaryImageOfPage":{"@id":"https:\/\/www.asesoriaorihuelacosta.com\/fr\/permis-de-travail-non-remuneres\/#primaryimage"},"image":{"@id":"https:\/\/www.asesoriaorihuelacosta.com\/fr\/permis-de-travail-non-remuneres\/#primaryimage"},"thumbnailUrl":"https:\/\/www.asesoriaorihuelacosta.com\/wp-content\/uploads\/2022\/03\/RGPD.jpg","datePublished":"2022-03-30T09:35:05+00:00","dateModified":"2024-07-14T02:16:56+00:00","description":"PERMIS DE TRAVAIL NON R\u00c9MUN\u00c9R\u00c9S en Espagne. Trouvez avec nous des informations sur le droit des employ\u00e9s d'une entreprise.","breadcrumb":{"@id":"https:\/\/www.asesoriaorihuelacosta.com\/fr\/permis-de-travail-non-remuneres\/#breadcrumb"},"inLanguage":"fr-FR","potentialAction":[{"@type":"ReadAction","target":["https:\/\/www.asesoriaorihuelacosta.com\/fr\/permis-de-travail-non-remuneres\/"]}]},{"@type":"ImageObject","inLanguage":"fr-FR","@id":"https:\/\/www.asesoriaorihuelacosta.com\/fr\/permis-de-travail-non-remuneres\/#primaryimage","url":"https:\/\/www.asesoriaorihuelacosta.com\/wp-content\/uploads\/2022\/03\/RGPD.jpg","contentUrl":"https:\/\/www.asesoriaorihuelacosta.com\/wp-content\/uploads\/2022\/03\/RGPD.jpg","width":500,"height":250},{"@type":"BreadcrumbList","@id":"https:\/\/www.asesoriaorihuelacosta.com\/fr\/permis-de-travail-non-remuneres\/#breadcrumb","itemListElement":[{"@type":"ListItem","position":1,"name":"Home","item":"https:\/\/www.asesoriaorihuelacosta.com\/fr\/"},{"@type":"ListItem","position":2,"name":"PERMIS DE TRAVAIL NON R\u00c9MUN\u00c9R\u00c9S"}]},{"@type":"WebSite","@id":"https:\/\/www.asesoriaorihuelacosta.com\/fr\/#website","url":"https:\/\/www.asesoriaorihuelacosta.com\/fr\/","name":"https:\/\/www.asesoriaorihuelacosta.com\/","description":"Grupo de asesores profesionales","publisher":{"@id":"https:\/\/www.asesoriaorihuelacosta.com\/fr\/#organization"},"potentialAction":[{"@type":"SearchAction","target":{"@type":"EntryPoint","urlTemplate":"https:\/\/www.asesoriaorihuelacosta.com\/fr\/?s={search_term_string}"},"query-input":{"@type":"PropertyValueSpecification","valueRequired":true,"valueName":"search_term_string"}}],"inLanguage":"fr-FR"},{"@type":"Organization","@id":"https:\/\/www.asesoriaorihuelacosta.com\/fr\/#organization","name":"Asesor\u00eda Orihuela Costa","url":"https:\/\/www.asesoriaorihuelacosta.com\/fr\/","logo":{"@type":"ImageObject","inLanguage":"fr-FR","@id":"https:\/\/www.asesoriaorihuelacosta.com\/fr\/#\/schema\/logo\/image\/","url":"https:\/\/www.asesoriaorihuelacosta.com\/wp-content\/uploads\/2022\/06\/Logo-espa\u5bf8l-asesoriaorihuela.jpg","contentUrl":"https:\/\/www.asesoriaorihuelacosta.com\/wp-content\/uploads\/2022\/06\/Logo-espa\u5bf8l-asesoriaorihuela.jpg","width":588,"height":136,"caption":"Asesor\u00eda Orihuela Costa"},"image":{"@id":"https:\/\/www.asesoriaorihuelacosta.com\/fr\/#\/schema\/logo\/image\/"},"sameAs":["https:\/\/www.facebook.com\/asesoriaorihuelacosta"]},{"@type":"Person","@id":"https:\/\/www.asesoriaorihuelacosta.com\/fr\/#\/schema\/person\/633255eadc5df7945d142848ebcc5d02","name":"admin"}]}},"_links":{"self":[{"href":"https:\/\/www.asesoriaorihuelacosta.com\/fr\/wp-json\/wp\/v2\/posts\/6815","targetHints":{"allow":["GET"]}}],"collection":[{"href":"https:\/\/www.asesoriaorihuelacosta.com\/fr\/wp-json\/wp\/v2\/posts"}],"about":[{"href":"https:\/\/www.asesoriaorihuelacosta.com\/fr\/wp-json\/wp\/v2\/types\/post"}],"author":[{"embeddable":true,"href":"https:\/\/www.asesoriaorihuelacosta.com\/fr\/wp-json\/wp\/v2\/users\/1"}],"replies":[{"embeddable":true,"href":"https:\/\/www.asesoriaorihuelacosta.com\/fr\/wp-json\/wp\/v2\/comments?post=6815"}],"version-history":[{"count":5,"href":"https:\/\/www.asesoriaorihuelacosta.com\/fr\/wp-json\/wp\/v2\/posts\/6815\/revisions"}],"predecessor-version":[{"id":7337,"href":"https:\/\/www.asesoriaorihuelacosta.com\/fr\/wp-json\/wp\/v2\/posts\/6815\/revisions\/7337"}],"wp:featuredmedia":[{"embeddable":true,"href":"https:\/\/www.asesoriaorihuelacosta.com\/fr\/wp-json\/wp\/v2\/media\/6582"}],"wp:attachment":[{"href":"https:\/\/www.asesoriaorihuelacosta.com\/fr\/wp-json\/wp\/v2\/media?parent=6815"}],"wp:term":[{"taxonomy":"category","embeddable":true,"href":"https:\/\/www.asesoriaorihuelacosta.com\/fr\/wp-json\/wp\/v2\/categories?post=6815"},{"taxonomy":"post_tag","embeddable":true,"href":"https:\/\/www.asesoriaorihuelacosta.com\/fr\/wp-json\/wp\/v2\/tags?post=6815"}],"curies":[{"name":"wp","href":"https:\/\/api.w.org\/{rel}","templated":true}]}}