{"id":45585,"date":"2025-08-12T11:53:18","date_gmt":"2025-08-12T11:53:18","guid":{"rendered":"https:\/\/www.asesoriaorihuelacosta.com\/?p=44184"},"modified":"2025-10-08T14:43:52","modified_gmt":"2025-10-08T14:43:52","slug":"processus-regroupement-familial-espagne","status":"publish","type":"post","link":"https:\/\/www.asesoriaorihuelacosta.com\/fr\/processus-regroupement-familial-espagne\/","title":{"rendered":"Le processus de regroupement familial en Espagne"},"content":{"rendered":"\t\t<div data-elementor-type=\"wp-post\" data-elementor-id=\"45585\" class=\"elementor elementor-45585\" data-elementor-post-type=\"post\">\n\t\t\t\t\t\t<section data-particle_enable=\"false\" data-particle-mobile-disabled=\"false\" class=\"elementor-section elementor-top-section elementor-element elementor-element-654c13e elementor-section-boxed elementor-section-height-default elementor-section-height-default\" data-id=\"654c13e\" data-element_type=\"section\" data-e-type=\"section\">\r\n\t\t\r\n\t\t\t\t\t\t\t<div class=\"elementor-container elementor-column-gap-default\">\r\n\t\t\t\t\t\t\t\t\t\t\t<div class=\"elementor-column elementor-col-100 elementor-top-column elementor-element elementor-element-7818340\" data-id=\"7818340\" data-element_type=\"column\" data-e-type=\"column\">\r\n\t\t\t\t\t<div class=\"elementor-widget-wrap elementor-element-populated\">\r\n\t\t\t\t\t\t\t\t<div class=\"elementor-element elementor-element-7c619a1 elementor-widget elementor-widget-text-editor\" data-id=\"7c619a1\" data-element_type=\"widget\" data-e-type=\"widget\" data-widget_type=\"text-editor.default\">\n\t\t\t\t<div class=\"elementor-widget-container\">\n\t\t\t\t\t\t\t\t\t<p>Le regroupement familial est un droit qui permet aux \u00e9trangers r\u00e9sidant en Espagne d&rsquo;amener certains membres de la famille pour vivre l\u00e9galement avec eux. Son objectif principal est de garantir l&rsquo;unit\u00e9 familiale et de favoriser l&rsquo;int\u00e9gration sociale de ceux qui ont \u00e9tabli leur vie dans le pays.<\/p><p>Ce droit est r\u00e9gi par la loi sur les \u00e9trangers et son r\u00e8glement, et ne peut \u00eatre exerc\u00e9 que par les \u00e9trangers qui ont un permis de s\u00e9jour renouvel\u00e9 et qui remplissent certaines conditions \u00e9conomiques et de logement. C&rsquo;est-\u00e0-dire que n&rsquo;importe quel \u00e9tranger ne peut pas se regrouper : il est n\u00e9cessaire d&rsquo;avoir r\u00e9sid\u00e9 l\u00e9galement en Espagne pendant au moins un an et d&rsquo;avoir l&rsquo;autorisation de r\u00e9sider un an de plus.<\/p><p>Les membres de la famille qui peuvent \u00eatre regroup\u00e9s comprennent, en g\u00e9n\u00e9ral :<\/p><ul><li>Conjoint ou partenaire de fait.<\/li><li>Enfants de moins de 18 ans ou incapables.<\/li><li>Enfants du conjoint ou du partenaire de fait mineurs ou incapables.<\/li><li>Ascendants au premier degr\u00e9 (parents) lorsqu&rsquo;ils sont \u00e0 la charge du regroupant et qu&rsquo;il existe des raisons justifi\u00e9es.<\/li><\/ul><p>Il est important de garder \u00e0 l&rsquo;esprit que le regroupement familial n&rsquo;est pas seulement une proc\u00e9dure administrative : cela implique de respecter strictement les exigences et de d\u00e9montrer devant l&rsquo;administration que la coexistence et les moyens de subsistance \u00e9conomiques sont garantis.<\/p>\t\t\t\t\t\t\t\t<\/div>\n\t\t\t\t<\/div>\n\t\t\t\t\t<\/div>\r\n\t\t\t\t<\/div>\r\n\t\t\t\t\t<\/div>\r\n\t\t\t\t<\/section>\r\n\t\t\t\t<section data-particle_enable=\"false\" data-particle-mobile-disabled=\"false\" class=\"elementor-section elementor-top-section elementor-element elementor-element-2b2b4e2 elementor-section-boxed elementor-section-height-default elementor-section-height-default\" data-id=\"2b2b4e2\" data-element_type=\"section\" data-e-type=\"section\">\r\n\t\t\r\n\t\t\t\t\t\t\t<div class=\"elementor-container elementor-column-gap-default\">\r\n\t\t\t\t\t\t\t\t\t\t\t<div class=\"elementor-column elementor-col-100 elementor-top-column elementor-element elementor-element-d7d8b04\" data-id=\"d7d8b04\" data-element_type=\"column\" data-e-type=\"column\">\r\n\t\t\t\t\t<div class=\"elementor-widget-wrap elementor-element-populated\">\r\n\t\t\t\t\t\t\t\t<div class=\"elementor-element elementor-element-c95eada elementor-widget elementor-widget-heading\" data-id=\"c95eada\" data-element_type=\"widget\" data-e-type=\"widget\" data-widget_type=\"heading.default\">\n\t\t\t\t<div class=\"elementor-widget-container\">\n\t\t\t\t\t<h2 class=\"elementor-heading-title elementor-size-default\">D\u00e9lais et proc\u00e9dure de demande de regroupement<\/h2>\t\t\t\t<\/div>\n\t\t\t\t<\/div>\n\t\t\t\t\t<\/div>\r\n\t\t\t\t<\/div>\r\n\t\t\t\t\t<\/div>\r\n\t\t\t\t<\/section>\r\n\t\t\t\t<section data-particle_enable=\"false\" data-particle-mobile-disabled=\"false\" class=\"elementor-section elementor-top-section elementor-element elementor-element-a6addb4 elementor-section-boxed elementor-section-height-default elementor-section-height-default\" data-id=\"a6addb4\" data-element_type=\"section\" data-e-type=\"section\">\r\n\t\t\r\n\t\t\t\t\t\t\t<div class=\"elementor-container elementor-column-gap-default\">\r\n\t\t\t\t\t\t\t\t\t\t\t<div class=\"elementor-column elementor-col-100 elementor-top-column elementor-element elementor-element-c8aeb07\" data-id=\"c8aeb07\" data-element_type=\"column\" data-e-type=\"column\">\r\n\t\t\t\t\t<div class=\"elementor-widget-wrap elementor-element-populated\">\r\n\t\t\t\t\t\t\t\t<div class=\"elementor-element elementor-element-a6880f7 elementor-widget elementor-widget-text-editor\" data-id=\"a6880f7\" data-element_type=\"widget\" data-e-type=\"widget\" data-widget_type=\"text-editor.default\">\n\t\t\t\t<div class=\"elementor-widget-container\">\n\t\t\t\t\t\t\t\t\t<p>Le processus de regroupement familial en Espagne est compos\u00e9 de plusieurs \u00e9tapes et d\u00e9lais qui doivent \u00eatre respect\u00e9s pour que la demande soit accept\u00e9e.<\/p><p>Tout d&rsquo;abord, le regroupant doit demander l&rsquo;autorisation de s\u00e9jour pour regroupement familial aupr\u00e8s du bureau des \u00e9trangers de son lieu de r\u00e9sidence. Cette proc\u00e9dure ne peut pas \u00eatre engag\u00e9e si le regroupant ne remplit pas les conditions de dur\u00e9e de r\u00e9sidence, de moyens \u00e9conomiques et de conditions de logement.<\/p><p>Les \u00e9tapes du processus en Espagne sont les suivantes.<\/p><ul><li><strong>Pr\u00e9sentation de la demande et documents<\/strong><\/li><\/ul><p>La documentation comprend le formulaire officiel, une copie du passeport, de la carte de s\u00e9jour, un certificat d&rsquo;enregistrement, un contrat de location ou un acte de propri\u00e9t\u00e9 du logement, des moyens \u00e9conomiques (fiches de paie, d\u00e9clarations de revenus, etc.) et des documents prouvant le lien familial (certificat de mariage, de naissance, etc.). Dans certains cas, il est n\u00e9cessaire que ces documents soient l\u00e9galis\u00e9s et traduits.<\/p><ul><li><strong>R\u00e9solution de l&rsquo;autorisation<\/strong><\/li><\/ul><p>L&rsquo;administration dispose de 45 jours pour r\u00e9pondre. S&rsquo;il n&rsquo;y a pas de r\u00e9ponse dans ce d\u00e9lai, elle est consid\u00e9r\u00e9e comme refus\u00e9e par silence administratif n\u00e9gatif, il est donc important de suivre le dossier.<\/p><ul><li><strong>Demande de visa dans le pays d&rsquo;origine<\/strong><\/li><\/ul><p>Si l&rsquo;autorisation est approuv\u00e9e, le membre de la famille qui souhaite se regrouper doit demander un visa au consulat espagnol de son pays d&rsquo;origine, en pr\u00e9sentant la d\u00e9cision favorable et le reste de la documentation requise.<\/p><ul><li><strong>Entr\u00e9e en Espagne et demande de TIE<\/strong><\/li><\/ul><p>Une fois le visa accord\u00e9, le membre de la famille dispose de trois mois pour entrer en Espagne. Ensuite, vous devez demander la carte d&rsquo;identit\u00e9 d&rsquo;\u00e9tranger (TIE) au poste de police correspondant.<\/p><p>Le respect des d\u00e9lais est essentiel : \u00eatre en retard \u00e0 l&rsquo;une de ces \u00e9tapes peut signifier que vous devez recommencer la proc\u00e9dure.<\/p>\t\t\t\t\t\t\t\t<\/div>\n\t\t\t\t<\/div>\n\t\t\t\t\t<\/div>\r\n\t\t\t\t<\/div>\r\n\t\t\t\t\t<\/div>\r\n\t\t\t\t<\/section>\r\n\t\t\t\t<section data-particle_enable=\"false\" data-particle-mobile-disabled=\"false\" class=\"elementor-section elementor-top-section elementor-element elementor-element-52040c8 elementor-section-boxed elementor-section-height-default elementor-section-height-default\" data-id=\"52040c8\" data-element_type=\"section\" data-e-type=\"section\">\r\n\t\t\r\n\t\t\t\t\t\t\t<div class=\"elementor-container elementor-column-gap-default\">\r\n\t\t\t\t\t\t\t\t\t\t\t<div class=\"elementor-column elementor-col-100 elementor-top-column elementor-element elementor-element-440cb62\" data-id=\"440cb62\" data-element_type=\"column\" data-e-type=\"column\">\r\n\t\t\t\t\t<div class=\"elementor-widget-wrap elementor-element-populated\">\r\n\t\t\t\t\t\t\t\t<div class=\"elementor-element elementor-element-acabbe1 elementor-widget elementor-widget-heading\" data-id=\"acabbe1\" data-element_type=\"widget\" data-e-type=\"widget\" data-widget_type=\"heading.default\">\n\t\t\t\t<div class=\"elementor-widget-container\">\n\t\t\t\t\t<h2 class=\"elementor-heading-title elementor-size-default\">Conseils pratiques, avertissements et recommandations<\/h2>\t\t\t\t<\/div>\n\t\t\t\t<\/div>\n\t\t\t\t\t<\/div>\r\n\t\t\t\t<\/div>\r\n\t\t\t\t\t<\/div>\r\n\t\t\t\t<\/section>\r\n\t\t\t\t<section data-particle_enable=\"false\" data-particle-mobile-disabled=\"false\" class=\"elementor-section elementor-top-section elementor-element elementor-element-860ed95 elementor-section-boxed elementor-section-height-default elementor-section-height-default\" data-id=\"860ed95\" data-element_type=\"section\" data-e-type=\"section\">\r\n\t\t\r\n\t\t\t\t\t\t\t<div class=\"elementor-container elementor-column-gap-default\">\r\n\t\t\t\t\t\t\t\t\t\t\t<div class=\"elementor-column elementor-col-100 elementor-top-column elementor-element elementor-element-ad2b950\" data-id=\"ad2b950\" data-element_type=\"column\" data-e-type=\"column\">\r\n\t\t\t\t\t<div class=\"elementor-widget-wrap elementor-element-populated\">\r\n\t\t\t\t\t\t\t\t<div class=\"elementor-element elementor-element-14778f1 elementor-widget elementor-widget-text-editor\" data-id=\"14778f1\" data-element_type=\"widget\" data-e-type=\"widget\" data-widget_type=\"text-editor.default\">\n\t\t\t\t<div class=\"elementor-widget-container\">\n\t\t\t\t\t\t\t\t\t<p>Le succ\u00e8s d&rsquo;un regroupement familial d\u00e9pend en grande partie de la pr\u00e9paration pr\u00e9alable. Il ne suffit pas de remplir les conditions : il faut les d\u00e9montrer de mani\u00e8re claire et ordonn\u00e9e. Par cons\u00e9quent, la premi\u00e8re \u00e9tape recommand\u00e9e consiste \u00e0 v\u00e9rifier que vous r\u00e9pondez aux crit\u00e8res \u00e9conomiques et de logement avant de commencer la demande.<\/p><p>L&rsquo;un des probl\u00e8mes les plus courants est l&rsquo;absence de documentation d\u00fbment l\u00e9galis\u00e9e ou traduite. Les documents d\u00e9livr\u00e9s \u00e0 l&rsquo;\u00e9tranger doivent \u00eatre apostill\u00e9s ou l\u00e9galis\u00e9s et, s&rsquo;ils ne sont pas en espagnol, traduits par un traducteur asserment\u00e9 reconnu en Espagne. Ce d\u00e9tail, m\u00eame s&rsquo;il semble mineur, est une cause fr\u00e9quente de retards et de refus.<\/p><p>Il est \u00e9galement important de se rappeler que l&rsquo;autorisation de regroupement expire si le membre de la famille ne demande pas le visa dans le d\u00e9lai correspondant. En outre, les ascendants (p\u00e8res \/ m\u00e8res) ne peuvent \u00eatre regroup\u00e9s que dans des circonstances tr\u00e8s sp\u00e9cifiques, g\u00e9n\u00e9ralement en prouvant une d\u00e9pendance \u00e9conomique et des raisons humanitaires.<\/p><p>Les erreurs les plus courantes au cours de ce processus sont les suivantes :<\/p><ul><li>Ne pas prouver de moyens \u00e9conomiques suffisants selon l&rsquo;IPREM annuel requis.<\/li><li>Oublier de l\u00e9galiser ou de traduire des documents \u00e9trangers.<\/li><li>Pr\u00e9senter une demande sans respecter la dur\u00e9e minimale de r\u00e9sidence.<\/li><li>Ne pas avoir de contrat de logement qui r\u00e9pond aux exigences l\u00e9gales.<\/li><\/ul><p>Il est \u00e9galement essentiel de se tenir au courant d&rsquo;\u00e9ventuels changements dans la l\u00e9gislation, les mises \u00e0 jour \u00e0 cet \u00e9gard sont tr\u00e8s courantes.<\/p><p>Asesor\u00eda Orihuela Costa : votre conseil juridique en Espagne<\/p><p>Chez Asesor\u00eda Orihuela Costa, nous savons combien il est important d&rsquo;avoir vos proches \u00e0 proximit\u00e9. Notre \u00e9quipe sp\u00e9cialis\u00e9e dans les \u00e9trangers est charg\u00e9e de g\u00e9rer l&rsquo;ensemble du processus de regroupement familial, de la pr\u00e9paration de la documentation au suivi de chaque \u00e9tape, afin que vous n&rsquo;ayez pas \u00e0 vous soucier des d\u00e9lais ou des exigences.<\/p><p>Si vous voulez vous assurer que votre demande est compl\u00e8te, correcte et sans erreurs qui peuvent retarder les retrouvailles, faites confiance \u00e0 notre \u00e9quipe juridique, nous sommes sp\u00e9cialis\u00e9s dans les proc\u00e9dures d&rsquo;immigration sur tout le territoire espagnol.<\/p>\t\t\t\t\t\t\t\t<\/div>\n\t\t\t\t<\/div>\n\t\t\t\t\t<\/div>\r\n\t\t\t\t<\/div>\r\n\t\t\t\t\t<\/div>\r\n\t\t\t\t<\/section>\r\n\t\t\t\t<\/div>\n\t\t","protected":false},"excerpt":{"rendered":"<p>Le regroupement familial est un droit qui permet aux \u00e9trangers r\u00e9sidant en Espagne d&rsquo;amener certains membres de la famille pour vivre l\u00e9galement avec eux. Son objectif principal est de garantir l&rsquo;unit\u00e9 familiale et de favoriser l&rsquo;int\u00e9gration sociale de ceux qui ont \u00e9tabli leur vie dans le pays. Ce droit est r\u00e9gi par la loi sur [&hellip;]<\/p>\n","protected":false},"author":2,"featured_media":45591,"comment_status":"closed","ping_status":"closed","sticky":false,"template":"","format":"standard","meta":{"_eb_attr":"","inline_featured_image":false,"footnotes":""},"categories":[45,1],"tags":[],"class_list":["post-45585","post","type-post","status-publish","format-standard","has-post-thumbnail","hentry","category-blog"],"featured_image_src":{"landsacpe":["https:\/\/www.asesoriaorihuelacosta.com\/wp-content\/uploads\/2025\/08\/family-7392843_640.jpg",640,427,false],"list":["https:\/\/www.asesoriaorihuelacosta.com\/wp-content\/uploads\/2025\/08\/family-7392843_640-463x348.jpg",463,348,true],"medium":["https:\/\/www.asesoriaorihuelacosta.com\/wp-content\/uploads\/2025\/08\/family-7392843_640-300x200.jpg",300,200,true],"full":["https:\/\/www.asesoriaorihuelacosta.com\/wp-content\/uploads\/2025\/08\/family-7392843_640.jpg",640,427,false]},"yoast_head":"<!-- This site is optimized with the Yoast SEO Premium plugin v24.7 (Yoast SEO v27.4) - https:\/\/yoast.com\/product\/yoast-seo-premium-wordpress\/ -->\n<title>Le processus de regroupement familial en Espagne - Asesor\u00eda Orihuela Costa<\/title>\n<meta name=\"description\" content=\"Nous vous pr\u00e9sentons les conditions l\u00e9gales actuelles pour demander un processus de regroupement familial en Espagne.\" \/>\n<meta name=\"robots\" content=\"index, follow, max-snippet:-1, max-image-preview:large, max-video-preview:-1\" \/>\n<link rel=\"canonical\" href=\"https:\/\/www.asesoriaorihuelacosta.com\/fr\/processus-regroupement-familial-espagne\/\" \/>\n<meta property=\"og:locale\" content=\"fr_FR\" \/>\n<meta property=\"og:type\" content=\"article\" \/>\n<meta property=\"og:title\" content=\"Le processus de regroupement familial en Espagne\" \/>\n<meta property=\"og:description\" content=\"Nous vous pr\u00e9sentons les conditions l\u00e9gales actuelles pour demander un processus de regroupement familial en Espagne.\" \/>\n<meta property=\"og:url\" content=\"https:\/\/www.asesoriaorihuelacosta.com\/fr\/processus-regroupement-familial-espagne\/\" \/>\n<meta property=\"og:site_name\" content=\"Asesor\u00eda Orihuela Costa\" \/>\n<meta property=\"article:publisher\" content=\"https:\/\/www.facebook.com\/asesoriaorihuelacosta\" \/>\n<meta property=\"article:author\" content=\"https:\/\/www.facebook.com\/patrick.gordinneperez\" \/>\n<meta property=\"article:published_time\" content=\"2025-08-12T11:53:18+00:00\" \/>\n<meta property=\"article:modified_time\" content=\"2025-10-08T14:43:52+00:00\" \/>\n<meta property=\"og:image\" content=\"https:\/\/www.asesoriaorihuelacosta.com\/wp-content\/uploads\/2025\/08\/family-7392843_640.jpg\" \/>\n\t<meta property=\"og:image:width\" content=\"640\" \/>\n\t<meta property=\"og:image:height\" content=\"427\" \/>\n\t<meta property=\"og:image:type\" content=\"image\/jpeg\" \/>\n<meta name=\"author\" content=\"Patrick Gordinne Perez\" \/>\n<meta name=\"twitter:card\" content=\"summary_large_image\" \/>\n<meta name=\"twitter:label1\" content=\"\u00c9crit par\" \/>\n\t<meta name=\"twitter:data1\" content=\"Patrick Gordinne Perez\" \/>\n\t<meta name=\"twitter:label2\" content=\"Dur\u00e9e de lecture estim\u00e9e\" \/>\n\t<meta name=\"twitter:data2\" content=\"5 minutes\" \/>\n<script type=\"application\/ld+json\" class=\"yoast-schema-graph\">{\"@context\":\"https:\\\/\\\/schema.org\",\"@graph\":[{\"@type\":\"Article\",\"@id\":\"https:\\\/\\\/www.asesoriaorihuelacosta.com\\\/fr\\\/processus-regroupement-familial-espagne\\\/#article\",\"isPartOf\":{\"@id\":\"https:\\\/\\\/www.asesoriaorihuelacosta.com\\\/fr\\\/processus-regroupement-familial-espagne\\\/\"},\"author\":{\"name\":\"Patrick Gordinne Perez\",\"@id\":\"https:\\\/\\\/www.asesoriaorihuelacosta.com\\\/fr\\\/#\\\/schema\\\/person\\\/6614ce8cf6d2de542aaf351629fd539e\"},\"headline\":\"Le processus de regroupement familial en Espagne\",\"datePublished\":\"2025-08-12T11:53:18+00:00\",\"dateModified\":\"2025-10-08T14:43:52+00:00\",\"mainEntityOfPage\":{\"@id\":\"https:\\\/\\\/www.asesoriaorihuelacosta.com\\\/fr\\\/processus-regroupement-familial-espagne\\\/\"},\"wordCount\":993,\"publisher\":{\"@id\":\"https:\\\/\\\/www.asesoriaorihuelacosta.com\\\/fr\\\/#organization\"},\"image\":{\"@id\":\"https:\\\/\\\/www.asesoriaorihuelacosta.com\\\/fr\\\/processus-regroupement-familial-espagne\\\/#primaryimage\"},\"thumbnailUrl\":\"https:\\\/\\\/www.asesoriaorihuelacosta.com\\\/wp-content\\\/uploads\\\/2025\\\/08\\\/family-7392843_640.jpg\",\"articleSection\":[\"Blog\",\"Blog\"],\"inLanguage\":\"fr-FR\"},{\"@type\":\"WebPage\",\"@id\":\"https:\\\/\\\/www.asesoriaorihuelacosta.com\\\/fr\\\/processus-regroupement-familial-espagne\\\/\",\"url\":\"https:\\\/\\\/www.asesoriaorihuelacosta.com\\\/fr\\\/processus-regroupement-familial-espagne\\\/\",\"name\":\"Le processus de regroupement familial en Espagne - Asesor\u00eda Orihuela Costa\",\"isPartOf\":{\"@id\":\"https:\\\/\\\/www.asesoriaorihuelacosta.com\\\/fr\\\/#website\"},\"primaryImageOfPage\":{\"@id\":\"https:\\\/\\\/www.asesoriaorihuelacosta.com\\\/fr\\\/processus-regroupement-familial-espagne\\\/#primaryimage\"},\"image\":{\"@id\":\"https:\\\/\\\/www.asesoriaorihuelacosta.com\\\/fr\\\/processus-regroupement-familial-espagne\\\/#primaryimage\"},\"thumbnailUrl\":\"https:\\\/\\\/www.asesoriaorihuelacosta.com\\\/wp-content\\\/uploads\\\/2025\\\/08\\\/family-7392843_640.jpg\",\"datePublished\":\"2025-08-12T11:53:18+00:00\",\"dateModified\":\"2025-10-08T14:43:52+00:00\",\"description\":\"Nous vous pr\u00e9sentons les conditions l\u00e9gales actuelles pour demander un processus de regroupement familial en Espagne.\",\"breadcrumb\":{\"@id\":\"https:\\\/\\\/www.asesoriaorihuelacosta.com\\\/fr\\\/processus-regroupement-familial-espagne\\\/#breadcrumb\"},\"inLanguage\":\"fr-FR\",\"potentialAction\":[{\"@type\":\"ReadAction\",\"target\":[\"https:\\\/\\\/www.asesoriaorihuelacosta.com\\\/fr\\\/processus-regroupement-familial-espagne\\\/\"]}]},{\"@type\":\"ImageObject\",\"inLanguage\":\"fr-FR\",\"@id\":\"https:\\\/\\\/www.asesoriaorihuelacosta.com\\\/fr\\\/processus-regroupement-familial-espagne\\\/#primaryimage\",\"url\":\"https:\\\/\\\/www.asesoriaorihuelacosta.com\\\/wp-content\\\/uploads\\\/2025\\\/08\\\/family-7392843_640.jpg\",\"contentUrl\":\"https:\\\/\\\/www.asesoriaorihuelacosta.com\\\/wp-content\\\/uploads\\\/2025\\\/08\\\/family-7392843_640.jpg\",\"width\":640,\"height\":427,\"caption\":\"reagrupaci\u00f3n\"},{\"@type\":\"BreadcrumbList\",\"@id\":\"https:\\\/\\\/www.asesoriaorihuelacosta.com\\\/fr\\\/processus-regroupement-familial-espagne\\\/#breadcrumb\",\"itemListElement\":[{\"@type\":\"ListItem\",\"position\":1,\"name\":\"Home\",\"item\":\"https:\\\/\\\/www.asesoriaorihuelacosta.com\\\/fr\\\/\"},{\"@type\":\"ListItem\",\"position\":2,\"name\":\"Le processus de regroupement familial en Espagne\"}]},{\"@type\":\"WebSite\",\"@id\":\"https:\\\/\\\/www.asesoriaorihuelacosta.com\\\/fr\\\/#website\",\"url\":\"https:\\\/\\\/www.asesoriaorihuelacosta.com\\\/fr\\\/\",\"name\":\"https:\\\/\\\/www.asesoriaorihuelacosta.com\\\/\",\"description\":\"Grupo de asesores profesionales\",\"publisher\":{\"@id\":\"https:\\\/\\\/www.asesoriaorihuelacosta.com\\\/fr\\\/#organization\"},\"potentialAction\":[{\"@type\":\"SearchAction\",\"target\":{\"@type\":\"EntryPoint\",\"urlTemplate\":\"https:\\\/\\\/www.asesoriaorihuelacosta.com\\\/fr\\\/?s={search_term_string}\"},\"query-input\":{\"@type\":\"PropertyValueSpecification\",\"valueRequired\":true,\"valueName\":\"search_term_string\"}}],\"inLanguage\":\"fr-FR\"},{\"@type\":\"Organization\",\"@id\":\"https:\\\/\\\/www.asesoriaorihuelacosta.com\\\/fr\\\/#organization\",\"name\":\"Asesor\u00eda Orihuela Costa\",\"url\":\"https:\\\/\\\/www.asesoriaorihuelacosta.com\\\/fr\\\/\",\"logo\":{\"@type\":\"ImageObject\",\"inLanguage\":\"fr-FR\",\"@id\":\"https:\\\/\\\/www.asesoriaorihuelacosta.com\\\/fr\\\/#\\\/schema\\\/logo\\\/image\\\/\",\"url\":\"https:\\\/\\\/www.asesoriaorihuelacosta.com\\\/wp-content\\\/uploads\\\/2022\\\/06\\\/Logo-espa\u5bf8l-asesoriaorihuela.jpg\",\"contentUrl\":\"https:\\\/\\\/www.asesoriaorihuelacosta.com\\\/wp-content\\\/uploads\\\/2022\\\/06\\\/Logo-espa\u5bf8l-asesoriaorihuela.jpg\",\"width\":588,\"height\":136,\"caption\":\"Asesor\u00eda Orihuela Costa\"},\"image\":{\"@id\":\"https:\\\/\\\/www.asesoriaorihuelacosta.com\\\/fr\\\/#\\\/schema\\\/logo\\\/image\\\/\"},\"sameAs\":[\"https:\\\/\\\/www.facebook.com\\\/asesoriaorihuelacosta\"]},{\"@type\":\"Person\",\"@id\":\"https:\\\/\\\/www.asesoriaorihuelacosta.com\\\/fr\\\/#\\\/schema\\\/person\\\/6614ce8cf6d2de542aaf351629fd539e\",\"name\":\"Patrick Gordinne Perez\",\"description\":\"Soy economista colegiado por el colegio de economistas de Alicante con el n\u00famero 2722. Llevo ejerciendo desde el a\u00f1o 2005. Soy especialista en fiscalidad de empresas y aut\u00f3nomos y tambi\u00e9n especialista en gestionar compraventas. Hablo espa\u00f1ol, ingl\u00e9s y franc\u00e9s.\",\"sameAs\":[\"https:\\\/\\\/www.asesoriaorihuelacosta.com\",\"https:\\\/\\\/www.facebook.com\\\/patrick.gordinneperez\",\"https:\\\/\\\/www.linkedin.com\\\/in\\\/patrick-gordinne-perez-1b73aab3\\\/\",\"https:\\\/\\\/www.youtube.com\\\/channel\\\/UC5e95RJEVQlxCnhwDmGNVCw\"],\"gender\":\"Hombre\",\"knowsLanguage\":[\"ingl\u00e9s\",\"franc\u00e9s\",\"espa\u00f1ol\"],\"jobTitle\":\"Gerente\",\"worksFor\":\"Asesoria Orihuela Costa SL\"}]}<\/script>\n<!-- \/ Yoast SEO Premium plugin. -->","yoast_head_json":{"title":"Le processus de regroupement familial en Espagne - Asesor\u00eda Orihuela Costa","description":"Nous vous pr\u00e9sentons les conditions l\u00e9gales actuelles pour demander un processus de regroupement familial en Espagne.","robots":{"index":"index","follow":"follow","max-snippet":"max-snippet:-1","max-image-preview":"max-image-preview:large","max-video-preview":"max-video-preview:-1"},"canonical":"https:\/\/www.asesoriaorihuelacosta.com\/fr\/processus-regroupement-familial-espagne\/","og_locale":"fr_FR","og_type":"article","og_title":"Le processus de regroupement familial en Espagne","og_description":"Nous vous pr\u00e9sentons les conditions l\u00e9gales actuelles pour demander un processus de regroupement familial en Espagne.","og_url":"https:\/\/www.asesoriaorihuelacosta.com\/fr\/processus-regroupement-familial-espagne\/","og_site_name":"Asesor\u00eda Orihuela Costa","article_publisher":"https:\/\/www.facebook.com\/asesoriaorihuelacosta","article_author":"https:\/\/www.facebook.com\/patrick.gordinneperez","article_published_time":"2025-08-12T11:53:18+00:00","article_modified_time":"2025-10-08T14:43:52+00:00","og_image":[{"width":640,"height":427,"url":"https:\/\/www.asesoriaorihuelacosta.com\/wp-content\/uploads\/2025\/08\/family-7392843_640.jpg","type":"image\/jpeg"}],"author":"Patrick Gordinne Perez","twitter_card":"summary_large_image","twitter_misc":{"\u00c9crit par":"Patrick Gordinne Perez","Dur\u00e9e de lecture estim\u00e9e":"5 minutes"},"schema":{"@context":"https:\/\/schema.org","@graph":[{"@type":"Article","@id":"https:\/\/www.asesoriaorihuelacosta.com\/fr\/processus-regroupement-familial-espagne\/#article","isPartOf":{"@id":"https:\/\/www.asesoriaorihuelacosta.com\/fr\/processus-regroupement-familial-espagne\/"},"author":{"name":"Patrick Gordinne Perez","@id":"https:\/\/www.asesoriaorihuelacosta.com\/fr\/#\/schema\/person\/6614ce8cf6d2de542aaf351629fd539e"},"headline":"Le processus de regroupement familial en Espagne","datePublished":"2025-08-12T11:53:18+00:00","dateModified":"2025-10-08T14:43:52+00:00","mainEntityOfPage":{"@id":"https:\/\/www.asesoriaorihuelacosta.com\/fr\/processus-regroupement-familial-espagne\/"},"wordCount":993,"publisher":{"@id":"https:\/\/www.asesoriaorihuelacosta.com\/fr\/#organization"},"image":{"@id":"https:\/\/www.asesoriaorihuelacosta.com\/fr\/processus-regroupement-familial-espagne\/#primaryimage"},"thumbnailUrl":"https:\/\/www.asesoriaorihuelacosta.com\/wp-content\/uploads\/2025\/08\/family-7392843_640.jpg","articleSection":["Blog","Blog"],"inLanguage":"fr-FR"},{"@type":"WebPage","@id":"https:\/\/www.asesoriaorihuelacosta.com\/fr\/processus-regroupement-familial-espagne\/","url":"https:\/\/www.asesoriaorihuelacosta.com\/fr\/processus-regroupement-familial-espagne\/","name":"Le processus de regroupement familial en Espagne - Asesor\u00eda Orihuela Costa","isPartOf":{"@id":"https:\/\/www.asesoriaorihuelacosta.com\/fr\/#website"},"primaryImageOfPage":{"@id":"https:\/\/www.asesoriaorihuelacosta.com\/fr\/processus-regroupement-familial-espagne\/#primaryimage"},"image":{"@id":"https:\/\/www.asesoriaorihuelacosta.com\/fr\/processus-regroupement-familial-espagne\/#primaryimage"},"thumbnailUrl":"https:\/\/www.asesoriaorihuelacosta.com\/wp-content\/uploads\/2025\/08\/family-7392843_640.jpg","datePublished":"2025-08-12T11:53:18+00:00","dateModified":"2025-10-08T14:43:52+00:00","description":"Nous vous pr\u00e9sentons les conditions l\u00e9gales actuelles pour demander un processus de regroupement familial en Espagne.","breadcrumb":{"@id":"https:\/\/www.asesoriaorihuelacosta.com\/fr\/processus-regroupement-familial-espagne\/#breadcrumb"},"inLanguage":"fr-FR","potentialAction":[{"@type":"ReadAction","target":["https:\/\/www.asesoriaorihuelacosta.com\/fr\/processus-regroupement-familial-espagne\/"]}]},{"@type":"ImageObject","inLanguage":"fr-FR","@id":"https:\/\/www.asesoriaorihuelacosta.com\/fr\/processus-regroupement-familial-espagne\/#primaryimage","url":"https:\/\/www.asesoriaorihuelacosta.com\/wp-content\/uploads\/2025\/08\/family-7392843_640.jpg","contentUrl":"https:\/\/www.asesoriaorihuelacosta.com\/wp-content\/uploads\/2025\/08\/family-7392843_640.jpg","width":640,"height":427,"caption":"reagrupaci\u00f3n"},{"@type":"BreadcrumbList","@id":"https:\/\/www.asesoriaorihuelacosta.com\/fr\/processus-regroupement-familial-espagne\/#breadcrumb","itemListElement":[{"@type":"ListItem","position":1,"name":"Home","item":"https:\/\/www.asesoriaorihuelacosta.com\/fr\/"},{"@type":"ListItem","position":2,"name":"Le processus de regroupement familial en Espagne"}]},{"@type":"WebSite","@id":"https:\/\/www.asesoriaorihuelacosta.com\/fr\/#website","url":"https:\/\/www.asesoriaorihuelacosta.com\/fr\/","name":"https:\/\/www.asesoriaorihuelacosta.com\/","description":"Grupo de asesores profesionales","publisher":{"@id":"https:\/\/www.asesoriaorihuelacosta.com\/fr\/#organization"},"potentialAction":[{"@type":"SearchAction","target":{"@type":"EntryPoint","urlTemplate":"https:\/\/www.asesoriaorihuelacosta.com\/fr\/?s={search_term_string}"},"query-input":{"@type":"PropertyValueSpecification","valueRequired":true,"valueName":"search_term_string"}}],"inLanguage":"fr-FR"},{"@type":"Organization","@id":"https:\/\/www.asesoriaorihuelacosta.com\/fr\/#organization","name":"Asesor\u00eda Orihuela Costa","url":"https:\/\/www.asesoriaorihuelacosta.com\/fr\/","logo":{"@type":"ImageObject","inLanguage":"fr-FR","@id":"https:\/\/www.asesoriaorihuelacosta.com\/fr\/#\/schema\/logo\/image\/","url":"https:\/\/www.asesoriaorihuelacosta.com\/wp-content\/uploads\/2022\/06\/Logo-espa\u5bf8l-asesoriaorihuela.jpg","contentUrl":"https:\/\/www.asesoriaorihuelacosta.com\/wp-content\/uploads\/2022\/06\/Logo-espa\u5bf8l-asesoriaorihuela.jpg","width":588,"height":136,"caption":"Asesor\u00eda Orihuela Costa"},"image":{"@id":"https:\/\/www.asesoriaorihuelacosta.com\/fr\/#\/schema\/logo\/image\/"},"sameAs":["https:\/\/www.facebook.com\/asesoriaorihuelacosta"]},{"@type":"Person","@id":"https:\/\/www.asesoriaorihuelacosta.com\/fr\/#\/schema\/person\/6614ce8cf6d2de542aaf351629fd539e","name":"Patrick Gordinne Perez","description":"Soy economista colegiado por el colegio de economistas de Alicante con el n\u00famero 2722. Llevo ejerciendo desde el a\u00f1o 2005. Soy especialista en fiscalidad de empresas y aut\u00f3nomos y tambi\u00e9n especialista en gestionar compraventas. Hablo espa\u00f1ol, ingl\u00e9s y franc\u00e9s.","sameAs":["https:\/\/www.asesoriaorihuelacosta.com","https:\/\/www.facebook.com\/patrick.gordinneperez","https:\/\/www.linkedin.com\/in\/patrick-gordinne-perez-1b73aab3\/","https:\/\/www.youtube.com\/channel\/UC5e95RJEVQlxCnhwDmGNVCw"],"gender":"Hombre","knowsLanguage":["ingl\u00e9s","franc\u00e9s","espa\u00f1ol"],"jobTitle":"Gerente","worksFor":"Asesoria Orihuela Costa SL"}]}},"_links":{"self":[{"href":"https:\/\/www.asesoriaorihuelacosta.com\/fr\/wp-json\/wp\/v2\/posts\/45585","targetHints":{"allow":["GET"]}}],"collection":[{"href":"https:\/\/www.asesoriaorihuelacosta.com\/fr\/wp-json\/wp\/v2\/posts"}],"about":[{"href":"https:\/\/www.asesoriaorihuelacosta.com\/fr\/wp-json\/wp\/v2\/types\/post"}],"author":[{"embeddable":true,"href":"https:\/\/www.asesoriaorihuelacosta.com\/fr\/wp-json\/wp\/v2\/users\/2"}],"replies":[{"embeddable":true,"href":"https:\/\/www.asesoriaorihuelacosta.com\/fr\/wp-json\/wp\/v2\/comments?post=45585"}],"version-history":[{"count":1,"href":"https:\/\/www.asesoriaorihuelacosta.com\/fr\/wp-json\/wp\/v2\/posts\/45585\/revisions"}],"predecessor-version":[{"id":45628,"href":"https:\/\/www.asesoriaorihuelacosta.com\/fr\/wp-json\/wp\/v2\/posts\/45585\/revisions\/45628"}],"wp:featuredmedia":[{"embeddable":true,"href":"https:\/\/www.asesoriaorihuelacosta.com\/fr\/wp-json\/wp\/v2\/media\/45591"}],"wp:attachment":[{"href":"https:\/\/www.asesoriaorihuelacosta.com\/fr\/wp-json\/wp\/v2\/media?parent=45585"}],"wp:term":[{"taxonomy":"category","embeddable":true,"href":"https:\/\/www.asesoriaorihuelacosta.com\/fr\/wp-json\/wp\/v2\/categories?post=45585"},{"taxonomy":"post_tag","embeddable":true,"href":"https:\/\/www.asesoriaorihuelacosta.com\/fr\/wp-json\/wp\/v2\/tags?post=45585"}],"curies":[{"name":"wp","href":"https:\/\/api.w.org\/{rel}","templated":true}]}}