{"id":45563,"date":"2025-07-03T12:21:46","date_gmt":"2025-07-03T12:21:46","guid":{"rendered":"https:\/\/www.asesoriaorihuelacosta.com\/?p=44247"},"modified":"2025-10-08T15:16:15","modified_gmt":"2025-10-08T15:16:15","slug":"les-sanctions-les-plus-courantes-lors-des-inspections-du-travail-en-espagne","status":"publish","type":"post","link":"https:\/\/www.asesoriaorihuelacosta.com\/fr\/les-sanctions-les-plus-courantes-lors-des-inspections-du-travail-en-espagne\/","title":{"rendered":"Les sanctions les plus courantes lors des inspections du travail en Espagne"},"content":{"rendered":"\t\t<div data-elementor-type=\"wp-post\" data-elementor-id=\"45563\" class=\"elementor elementor-45563\" data-elementor-post-type=\"post\">\n\t\t\t\t\t\t<section data-particle_enable=\"false\" data-particle-mobile-disabled=\"false\" class=\"elementor-section elementor-top-section elementor-element elementor-element-6ecc816 elementor-section-boxed elementor-section-height-default elementor-section-height-default\" data-id=\"6ecc816\" data-element_type=\"section\" data-e-type=\"section\">\r\n\t\t\r\n\t\t\t\t\t\t\t<div class=\"elementor-container elementor-column-gap-default\">\r\n\t\t\t\t\t\t\t\t\t\t\t<div class=\"elementor-column elementor-col-100 elementor-top-column elementor-element elementor-element-8b39803\" data-id=\"8b39803\" data-element_type=\"column\" data-e-type=\"column\">\r\n\t\t\t\t\t<div class=\"elementor-widget-wrap elementor-element-populated\">\r\n\t\t\t\t\t\t\t\t<div class=\"elementor-element elementor-element-c0aa98c elementor-widget elementor-widget-text-editor\" data-id=\"c0aa98c\" data-element_type=\"widget\" data-e-type=\"widget\" data-widget_type=\"text-editor.default\">\n\t\t\t\t<div class=\"elementor-widget-container\">\n\t\t\t\t\t\t\t\t\t<p>Lorsqu&rsquo;une entreprise fait l&rsquo;objet d&rsquo;un contr\u00f4le du travail, les inspecteurs peuvent d\u00e9tecter diverses infractions pouvant entra\u00eener des sanctions financi\u00e8res, voire la fermeture temporaire de l&rsquo;entreprise. Il est important de conna\u00eetre les sanctions les plus courantes et de savoir comment les \u00e9viter.\u00a0<\/p><p><strong>1. Non-affiliation \u00e0 la s\u00e9curit\u00e9 sociale<\/strong><\/p><p>L&rsquo;une des erreurs les plus graves et les plus fr\u00e9quentes consiste \u00e0 ne pas affilier les travailleurs \u00e0 la s\u00e9curit\u00e9 sociale. Cette infraction entra\u00eene des sanctions pouvant aller de 3.750 \u00e0 12.000 euros par travailleur non affili\u00e9. En outre, l&rsquo;entreprise devra payer les cotisations arri\u00e9r\u00e9es, major\u00e9es de p\u00e9nalit\u00e9s et d&rsquo;int\u00e9r\u00eats.\u00a0<\/p><p><strong>Comment l&rsquo;\u00e9viter ?<\/strong><\/p><ul><li>Assurez-vous que chaque nouvel employ\u00e9 est d\u00e9clar\u00e9 avant son premier jour de travail.<\/li><li>Gardez un contr\u00f4le rigoureux des contrats et des documents de travail.<\/li><\/ul><p><strong>2. Non-respect du salaire minimum et retards dans le paiement des salaires<\/strong><\/p><p><br \/>Les inspections v\u00e9rifient g\u00e9n\u00e9ralement que les employ\u00e9s per\u00e7oivent au moins le salaire minimum interprofessionnel (SMI) et que les paiements sont effectu\u00e9s en temps et en heure. Le non-respect de ces obligations entra\u00eene des amendes de 626 \u00e0 6.250 euros selon la gravit\u00e9 et la r\u00e9cidive.<\/p><p><strong>Comment l&rsquo;\u00e9viter ?<\/strong><\/p><ul><li>V\u00e9rifiez chaque ann\u00e9e les modifications apport\u00e9es au SMI.<\/li><li>Mettre en place des m\u00e9canismes internes pour garantir le paiement ponctuel des salaires.<\/li><\/ul><p><strong>3. Heures suppl\u00e9mentaires et heures suppl\u00e9mentaires non pay\u00e9es<\/strong><\/p><p><br \/>Le Statut des travailleurs fixe une limite de 80 heures suppl\u00e9mentaires par an, sauf dans des situations exceptionnelles. Le non-paiement ou l&rsquo;enregistrement incorrect de ces heures peut entra\u00eener des sanctions allant de 626 \u00e0 6.250 euros.<\/p><p><strong>Comment l&rsquo;\u00e9viter ?<\/strong><\/p><ul><li>Mettre en place un syst\u00e8me d&rsquo;enregistrement des heures qui refl\u00e8te les heures travaill\u00e9es.<\/li><li>\u00c9viter de surcharger les employ\u00e9s avec des journ\u00e9es de travail excessives.<\/li><\/ul><p><strong>4. Absence de pr\u00e9vention des risques professionnels<\/strong><\/p><p><br \/>Le non-respect des r\u00e8gles de s\u00e9curit\u00e9 et de sant\u00e9 au travail constitue une infraction grave. L&rsquo;amende varie entre 2.046 et 819.780 euros, en fonction de la dangerosit\u00e9 et des cons\u00e9quences du non-respect.\u00a0<\/p><p><strong>Comment l&rsquo;\u00e9viter ?<\/strong><\/p><ul><li>R\u00e9alisez des \u00e9valuations des risques r\u00e9guli\u00e8res.<\/li><li>Formez vos employ\u00e9s \u00e0 la pr\u00e9vention des risques.<\/li><\/ul><p><strong>5. Contrats frauduleux<\/strong><\/p><p><br \/>L&rsquo;utilisation abusive de contrats temporaires pour des postes \u00e0 dur\u00e9e ind\u00e9termin\u00e9e est l&rsquo;une des pratiques les plus sanctionn\u00e9es. L&rsquo;entreprise peut se voir infliger des amendes de 1.000 \u00e0 10.000 euros par contrat si un abus en mati\u00e8re de contrats temporaires est constat\u00e9.<\/p><p>Comment l&rsquo;\u00e9viter ?<br \/>Faites v\u00e9rifier chaque contrat par un expert en droit du travail.<br \/>Assurez-vous que le contrat temporaire r\u00e9pond \u00e0 un besoin r\u00e9el et justifi\u00e9.\u00a0<\/p><p><strong>6. Discrimination au travail<\/strong><\/p><p><br \/>Les pratiques discriminatoires fond\u00e9es sur le sexe, l&rsquo;\u00e2ge, l&rsquo;origine ou tout autre motif peuvent entra\u00eener des sanctions pouvant aller jusqu&rsquo;\u00e0 225 018 euros, en plus d&rsquo;\u00e9ventuelles demandes de dommages et int\u00e9r\u00eats.<\/p><p><strong>Comment l&rsquo;\u00e9viter ?<\/strong><\/p><ul><li>Garantir l&rsquo;\u00e9galit\u00e9 des conditions dans les offres d&#8217;emploi et les promotions internes.<\/li><li>Disposer de protocoles de pr\u00e9vention du harc\u00e8lement et de la discrimination.\u00a0<\/li><\/ul><p><strong>7. Absence de documents obligatoires<\/strong><\/p><p>Les inspections v\u00e9rifient \u00e9galement les documents relatifs \u00e0 l&#8217;emploi, notamment les contrats, les fiches de paie, les registres des heures travaill\u00e9es et les protocoles de pr\u00e9vention. L&rsquo;absence de ces documents peut entra\u00eener des amendes de 60 \u00e0 6 250 euros.<\/p><p><strong>Comment l&rsquo;\u00e9viter ?<\/strong><\/p><ul><li>Conservez des archives organis\u00e9es contenant tous les documents requis.<\/li><li>Num\u00e9risez et sauvegardez les documents importants.<\/li><\/ul>\t\t\t\t\t\t\t\t<\/div>\n\t\t\t\t<\/div>\n\t\t\t\t\t<\/div>\r\n\t\t\t\t<\/div>\r\n\t\t\t\t\t<\/div>\r\n\t\t\t\t<\/section>\r\n\t\t\t\t<section data-particle_enable=\"false\" data-particle-mobile-disabled=\"false\" class=\"elementor-section elementor-top-section elementor-element elementor-element-53e4a75 elementor-section-boxed elementor-section-height-default elementor-section-height-default\" data-id=\"53e4a75\" data-element_type=\"section\" data-e-type=\"section\">\r\n\t\t\r\n\t\t\t\t\t\t\t<div class=\"elementor-container elementor-column-gap-default\">\r\n\t\t\t\t\t\t\t\t\t\t\t<div class=\"elementor-column elementor-col-100 elementor-top-column elementor-element elementor-element-621a12b\" data-id=\"621a12b\" data-element_type=\"column\" data-e-type=\"column\">\r\n\t\t\t\t\t<div class=\"elementor-widget-wrap elementor-element-populated\">\r\n\t\t\t\t\t\t\t\t<div class=\"elementor-element elementor-element-012372a elementor-widget elementor-widget-heading\" data-id=\"012372a\" data-element_type=\"widget\" data-e-type=\"widget\" data-widget_type=\"heading.default\">\n\t\t\t\t<div class=\"elementor-widget-container\">\n\t\t\t\t\t<h2 class=\"elementor-heading-title elementor-size-default\">Comment les sanctions r\u00e9sultant d'inspections du travail sont-elles notifi\u00e9es ?<\/h2>\t\t\t\t<\/div>\n\t\t\t\t<\/div>\n\t\t\t\t\t<\/div>\r\n\t\t\t\t<\/div>\r\n\t\t\t\t\t<\/div>\r\n\t\t\t\t<\/section>\r\n\t\t\t\t<section data-particle_enable=\"false\" data-particle-mobile-disabled=\"false\" class=\"elementor-section elementor-top-section elementor-element elementor-element-a0091e2 elementor-section-boxed elementor-section-height-default elementor-section-height-default\" data-id=\"a0091e2\" data-element_type=\"section\" data-e-type=\"section\">\r\n\t\t\r\n\t\t\t\t\t\t\t<div class=\"elementor-container elementor-column-gap-default\">\r\n\t\t\t\t\t\t\t\t\t\t\t<div class=\"elementor-column elementor-col-100 elementor-top-column elementor-element elementor-element-126db42\" data-id=\"126db42\" data-element_type=\"column\" data-e-type=\"column\">\r\n\t\t\t\t\t<div class=\"elementor-widget-wrap elementor-element-populated\">\r\n\t\t\t\t\t\t\t\t<div class=\"elementor-element elementor-element-5033b44 elementor-widget elementor-widget-text-editor\" data-id=\"5033b44\" data-element_type=\"widget\" data-e-type=\"widget\" data-widget_type=\"text-editor.default\">\n\t\t\t\t<div class=\"elementor-widget-container\">\n\t\t\t\t\t\t\t\t\t<p>Lorsqu&rsquo;une entreprise fait l&rsquo;objet d&rsquo;un contr\u00f4le du travail et que des irr\u00e9gularit\u00e9s sont constat\u00e9es, la sanction est officiellement notifi\u00e9e par le biais d&rsquo;une proc\u00e9dure administrative. Tout d&rsquo;abord, l&rsquo;Inspection du travail \u00e9tablit un proc\u00e8s-verbal d&rsquo;infraction, dans lequel sont d\u00e9taill\u00e9es les infractions constat\u00e9es et la r\u00e9glementation applicable.<\/p><p>Ce proc\u00e8s-verbal est notifi\u00e9 \u00e0 l&#8217;employeur par courrier recommand\u00e9, par notification \u00e9lectronique via le si\u00e8ge \u00e9lectronique ou, dans certains cas, par remise en mains propres si l&rsquo;inspecteur le juge n\u00e9cessaire. \u00c0 compter de la r\u00e9ception de la notification, l&rsquo;entreprise dispose d&rsquo;un d\u00e9lai pour pr\u00e9senter ses observations ou fournir des documents suppl\u00e9mentaires susceptibles de justifier sa situation.<\/p><p>Si les observations ne sont pas suffisantes ou ne sont pas pr\u00e9sent\u00e9es, la sanction est officialis\u00e9e par une d\u00e9cision administrative, qui peut inclure une amende et, dans les cas graves, l&rsquo;obligation de r\u00e9gulariser la situation de travail constat\u00e9e.<\/p>\t\t\t\t\t\t\t\t<\/div>\n\t\t\t\t<\/div>\n\t\t\t\t\t<\/div>\r\n\t\t\t\t<\/div>\r\n\t\t\t\t\t<\/div>\r\n\t\t\t\t<\/section>\r\n\t\t\t\t<section data-particle_enable=\"false\" data-particle-mobile-disabled=\"false\" class=\"elementor-section elementor-top-section elementor-element elementor-element-ed61539 elementor-section-boxed elementor-section-height-default elementor-section-height-default\" data-id=\"ed61539\" data-element_type=\"section\" data-e-type=\"section\">\r\n\t\t\r\n\t\t\t\t\t\t\t<div class=\"elementor-container elementor-column-gap-default\">\r\n\t\t\t\t\t\t\t\t\t\t\t<div class=\"elementor-column elementor-col-100 elementor-top-column elementor-element elementor-element-322677f\" data-id=\"322677f\" data-element_type=\"column\" data-e-type=\"column\">\r\n\t\t\t\t\t<div class=\"elementor-widget-wrap elementor-element-populated\">\r\n\t\t\t\t\t\t\t\t<div class=\"elementor-element elementor-element-823f29f elementor-widget elementor-widget-heading\" data-id=\"823f29f\" data-element_type=\"widget\" data-e-type=\"widget\" data-widget_type=\"heading.default\">\n\t\t\t\t<div class=\"elementor-widget-container\">\n\t\t\t\t\t<h2 class=\"elementor-heading-title elementor-size-default\">Comment g\u00e9rer une sanction suite \u00e0 un contr\u00f4le du travail ?<\/h2>\t\t\t\t<\/div>\n\t\t\t\t<\/div>\n\t\t\t\t\t<\/div>\r\n\t\t\t\t<\/div>\r\n\t\t\t\t\t<\/div>\r\n\t\t\t\t<\/section>\r\n\t\t\t\t<section data-particle_enable=\"false\" data-particle-mobile-disabled=\"false\" class=\"elementor-section elementor-top-section elementor-element elementor-element-63f8e6f elementor-section-boxed elementor-section-height-default elementor-section-height-default\" data-id=\"63f8e6f\" data-element_type=\"section\" data-e-type=\"section\">\r\n\t\t\r\n\t\t\t\t\t\t\t<div class=\"elementor-container elementor-column-gap-default\">\r\n\t\t\t\t\t\t\t\t\t\t\t<div class=\"elementor-column elementor-col-100 elementor-top-column elementor-element elementor-element-444ff75\" data-id=\"444ff75\" data-element_type=\"column\" data-e-type=\"column\">\r\n\t\t\t\t\t<div class=\"elementor-widget-wrap elementor-element-populated\">\r\n\t\t\t\t\t\t\t\t<div class=\"elementor-element elementor-element-7f0731e elementor-widget elementor-widget-text-editor\" data-id=\"7f0731e\" data-element_type=\"widget\" data-e-type=\"widget\" data-widget_type=\"text-editor.default\">\n\t\t\t\t<div class=\"elementor-widget-container\">\n\t\t\t\t\t\t\t\t\t<p>En cas de sanction suite \u00e0 un contr\u00f4le du travail, la premi\u00e8re chose \u00e0 faire est d&rsquo;examiner en d\u00e9tail le proc\u00e8s-verbal d&rsquo;infraction afin de v\u00e9rifier le fondement juridique de la sanction et s&rsquo;il existe des erreurs ou des interpr\u00e9tations discutables. Il est recommand\u00e9 de faire appel \u00e0 un avocat ou \u00e0 un conseiller sp\u00e9cialis\u00e9 en droit du travail.<\/p><p>Si l&rsquo;entreprise estime que la sanction est injuste ou disproportionn\u00e9e, elle peut pr\u00e9senter des arguments dans le d\u00e9lai imparti. Il est essentiel de fournir des preuves, des contrats ou des documents justifiant sa d\u00e9cision.<\/p><p>Si l&rsquo;administration maintient la sanction, il est encore possible de faire appel en introduisant un recours hi\u00e9rarchique ou de saisir la justice par le biais d&rsquo;un recours contentieux-administratif. Parall\u00e8lement, il convient de corriger les irr\u00e9gularit\u00e9s signal\u00e9es afin d&rsquo;\u00e9viter de futures sanctions.<\/p>\t\t\t\t\t\t\t\t<\/div>\n\t\t\t\t<\/div>\n\t\t\t\t\t<\/div>\r\n\t\t\t\t<\/div>\r\n\t\t\t\t\t<\/div>\r\n\t\t\t\t<\/section>\r\n\t\t\t\t<section data-particle_enable=\"false\" data-particle-mobile-disabled=\"false\" class=\"elementor-section elementor-top-section elementor-element elementor-element-097ea86 elementor-section-boxed elementor-section-height-default elementor-section-height-default\" data-id=\"097ea86\" data-element_type=\"section\" data-e-type=\"section\">\r\n\t\t\r\n\t\t\t\t\t\t\t<div class=\"elementor-container elementor-column-gap-default\">\r\n\t\t\t\t\t\t\t\t\t\t\t<div class=\"elementor-column elementor-col-100 elementor-top-column elementor-element elementor-element-f4962bb\" data-id=\"f4962bb\" data-element_type=\"column\" data-e-type=\"column\">\r\n\t\t\t\t\t<div class=\"elementor-widget-wrap elementor-element-populated\">\r\n\t\t\t\t\t\t\t\t<div class=\"elementor-element elementor-element-6493d8a elementor-widget elementor-widget-heading\" data-id=\"6493d8a\" data-element_type=\"widget\" data-e-type=\"widget\" data-widget_type=\"heading.default\">\n\t\t\t\t<div class=\"elementor-widget-container\">\n\t\t\t\t\t<h2 class=\"elementor-heading-title elementor-size-default\">Conseil Orihuela Costa : votre solution face aux inspections du travail<\/h2>\t\t\t\t<\/div>\n\t\t\t\t<\/div>\n\t\t\t\t\t<\/div>\r\n\t\t\t\t<\/div>\r\n\t\t\t\t\t<\/div>\r\n\t\t\t\t<\/section>\r\n\t\t\t\t<section data-particle_enable=\"false\" data-particle-mobile-disabled=\"false\" class=\"elementor-section elementor-top-section elementor-element elementor-element-7fc2dbd elementor-section-boxed elementor-section-height-default elementor-section-height-default\" data-id=\"7fc2dbd\" data-element_type=\"section\" data-e-type=\"section\">\r\n\t\t\r\n\t\t\t\t\t\t\t<div class=\"elementor-container elementor-column-gap-default\">\r\n\t\t\t\t\t\t\t\t\t\t\t<div class=\"elementor-column elementor-col-100 elementor-top-column elementor-element elementor-element-d8c8273\" data-id=\"d8c8273\" data-element_type=\"column\" data-e-type=\"column\">\r\n\t\t\t\t\t<div class=\"elementor-widget-wrap elementor-element-populated\">\r\n\t\t\t\t\t\t\t\t<div class=\"elementor-element elementor-element-429ec5d elementor-widget elementor-widget-text-editor\" data-id=\"429ec5d\" data-element_type=\"widget\" data-e-type=\"widget\" data-widget_type=\"text-editor.default\">\n\t\t\t\t<div class=\"elementor-widget-container\">\n\t\t\t\t\t\t\t\t\t<p>Chez Asesor\u00eda Orihuela Costa, nous savons \u00e0 quel point une inspection du travail peut \u00eatre pr\u00e9occupante pour toute entreprise. <strong><a href=\"https:\/\/www.asesoriaorihuelacosta.com\/fr\/droit-du-travail\/\" target=\"_blank\" rel=\"noopener\">Notre \u00e9quipe d&rsquo;experts en droit du travail et en s\u00e9curit\u00e9 sociale<\/a><\/strong> vous aide \u00e0 respecter toutes les r\u00e9glementations afin d&rsquo;\u00e9viter les sanctions et de garantir le bon fonctionnement de votre entreprise.<\/p><ul><li>Audits pr\u00e9ventifs en mati\u00e8re de droit du travail.<\/li><li>Conseils en mati\u00e8re d&#8217;embauche et de licenciement.<\/li><li>Gestion des documents li\u00e9s au droit du travail.<\/li><li>Plans de pr\u00e9vention des risques.<\/li><li>Ne laissez pas une inspection du travail affecter votre entreprise. Contactez Asesor\u00eda Orihuela Costa et prot\u00e9gez votre entreprise avec les meilleurs professionnels !<\/li><\/ul>\t\t\t\t\t\t\t\t<\/div>\n\t\t\t\t<\/div>\n\t\t\t\t\t<\/div>\r\n\t\t\t\t<\/div>\r\n\t\t\t\t\t<\/div>\r\n\t\t\t\t<\/section>\r\n\t\t\t\t<\/div>\n\t\t","protected":false},"excerpt":{"rendered":"<p>Lorsqu&rsquo;une entreprise fait l&rsquo;objet d&rsquo;un contr\u00f4le du travail, les inspecteurs peuvent d\u00e9tecter diverses infractions pouvant entra\u00eener des sanctions financi\u00e8res, voire la fermeture temporaire de l&rsquo;entreprise. Il est important de conna\u00eetre les sanctions les plus courantes et de savoir comment les \u00e9viter.\u00a0 1. Non-affiliation \u00e0 la s\u00e9curit\u00e9 sociale L&rsquo;une des erreurs les plus graves et les [&hellip;]<\/p>\n","protected":false},"author":2,"featured_media":45612,"comment_status":"closed","ping_status":"closed","sticky":false,"template":"","format":"standard","meta":{"_eb_attr":"","inline_featured_image":false,"footnotes":""},"categories":[1],"tags":[],"class_list":["post-45563","post","type-post","status-publish","format-standard","has-post-thumbnail","hentry","category-blog"],"featured_image_src":{"landsacpe":["https:\/\/www.asesoriaorihuelacosta.com\/wp-content\/uploads\/2025\/07\/cutting-granite-stones-8028375_640.jpg",640,426,false],"list":["https:\/\/www.asesoriaorihuelacosta.com\/wp-content\/uploads\/2025\/07\/cutting-granite-stones-8028375_640-463x348.jpg",463,348,true],"medium":["https:\/\/www.asesoriaorihuelacosta.com\/wp-content\/uploads\/2025\/07\/cutting-granite-stones-8028375_640-300x200.jpg",300,200,true],"full":["https:\/\/www.asesoriaorihuelacosta.com\/wp-content\/uploads\/2025\/07\/cutting-granite-stones-8028375_640.jpg",640,426,false]},"yoast_head":"<!-- This site is optimized with the Yoast SEO Premium plugin v24.7 (Yoast SEO v27.4) - https:\/\/yoast.com\/product\/yoast-seo-premium-wordpress\/ -->\n<title>Les sanctions les plus courantes lors des inspections du travail - Asesor\u00eda Orihuela Costa<\/title>\n<meta name=\"description\" content=\"Nous vous informons des sanctions les plus courantes lors des inspections du travail en Espagne et comment les \u00e9viter.\" \/>\n<meta name=\"robots\" content=\"index, follow, max-snippet:-1, max-image-preview:large, max-video-preview:-1\" \/>\n<link rel=\"canonical\" href=\"https:\/\/www.asesoriaorihuelacosta.com\/fr\/les-sanctions-les-plus-courantes-lors-des-inspections-du-travail-en-espagne\/\" \/>\n<meta property=\"og:locale\" content=\"fr_FR\" \/>\n<meta property=\"og:type\" content=\"article\" \/>\n<meta property=\"og:title\" content=\"Les sanctions les plus courantes lors des inspections du travail en Espagne\" \/>\n<meta property=\"og:description\" content=\"Nous vous informons des sanctions les plus courantes lors des inspections du travail en Espagne et comment les \u00e9viter.\" \/>\n<meta property=\"og:url\" content=\"https:\/\/www.asesoriaorihuelacosta.com\/fr\/les-sanctions-les-plus-courantes-lors-des-inspections-du-travail-en-espagne\/\" \/>\n<meta property=\"og:site_name\" content=\"Asesor\u00eda Orihuela Costa\" \/>\n<meta property=\"article:publisher\" content=\"https:\/\/www.facebook.com\/asesoriaorihuelacosta\" \/>\n<meta property=\"article:author\" content=\"https:\/\/www.facebook.com\/patrick.gordinneperez\" \/>\n<meta property=\"article:published_time\" content=\"2025-07-03T12:21:46+00:00\" \/>\n<meta property=\"article:modified_time\" content=\"2025-10-08T15:16:15+00:00\" \/>\n<meta property=\"og:image\" content=\"https:\/\/www.asesoriaorihuelacosta.com\/wp-content\/uploads\/2025\/07\/cutting-granite-stones-8028375_640.jpg\" \/>\n\t<meta property=\"og:image:width\" content=\"640\" \/>\n\t<meta property=\"og:image:height\" content=\"426\" \/>\n\t<meta property=\"og:image:type\" content=\"image\/jpeg\" \/>\n<meta name=\"author\" content=\"Patrick Gordinne Perez\" \/>\n<meta name=\"twitter:card\" content=\"summary_large_image\" \/>\n<meta name=\"twitter:label1\" content=\"\u00c9crit par\" \/>\n\t<meta name=\"twitter:data1\" content=\"Patrick Gordinne Perez\" \/>\n\t<meta name=\"twitter:label2\" content=\"Dur\u00e9e de lecture estim\u00e9e\" \/>\n\t<meta name=\"twitter:data2\" content=\"5 minutes\" \/>\n<script type=\"application\/ld+json\" class=\"yoast-schema-graph\">{\"@context\":\"https:\\\/\\\/schema.org\",\"@graph\":[{\"@type\":\"Article\",\"@id\":\"https:\\\/\\\/www.asesoriaorihuelacosta.com\\\/fr\\\/les-sanctions-les-plus-courantes-lors-des-inspections-du-travail-en-espagne\\\/#article\",\"isPartOf\":{\"@id\":\"https:\\\/\\\/www.asesoriaorihuelacosta.com\\\/fr\\\/les-sanctions-les-plus-courantes-lors-des-inspections-du-travail-en-espagne\\\/\"},\"author\":{\"name\":\"Patrick Gordinne Perez\",\"@id\":\"https:\\\/\\\/www.asesoriaorihuelacosta.com\\\/fr\\\/#\\\/schema\\\/person\\\/6614ce8cf6d2de542aaf351629fd539e\"},\"headline\":\"Les sanctions les plus courantes lors des inspections du travail en Espagne\",\"datePublished\":\"2025-07-03T12:21:46+00:00\",\"dateModified\":\"2025-10-08T15:16:15+00:00\",\"mainEntityOfPage\":{\"@id\":\"https:\\\/\\\/www.asesoriaorihuelacosta.com\\\/fr\\\/les-sanctions-les-plus-courantes-lors-des-inspections-du-travail-en-espagne\\\/\"},\"wordCount\":1063,\"publisher\":{\"@id\":\"https:\\\/\\\/www.asesoriaorihuelacosta.com\\\/fr\\\/#organization\"},\"image\":{\"@id\":\"https:\\\/\\\/www.asesoriaorihuelacosta.com\\\/fr\\\/les-sanctions-les-plus-courantes-lors-des-inspections-du-travail-en-espagne\\\/#primaryimage\"},\"thumbnailUrl\":\"https:\\\/\\\/www.asesoriaorihuelacosta.com\\\/wp-content\\\/uploads\\\/2025\\\/07\\\/cutting-granite-stones-8028375_640.jpg\",\"articleSection\":[\"Blog\"],\"inLanguage\":\"fr-FR\"},{\"@type\":\"WebPage\",\"@id\":\"https:\\\/\\\/www.asesoriaorihuelacosta.com\\\/fr\\\/les-sanctions-les-plus-courantes-lors-des-inspections-du-travail-en-espagne\\\/\",\"url\":\"https:\\\/\\\/www.asesoriaorihuelacosta.com\\\/fr\\\/les-sanctions-les-plus-courantes-lors-des-inspections-du-travail-en-espagne\\\/\",\"name\":\"Les sanctions les plus courantes lors des inspections du travail - Asesor\u00eda Orihuela Costa\",\"isPartOf\":{\"@id\":\"https:\\\/\\\/www.asesoriaorihuelacosta.com\\\/fr\\\/#website\"},\"primaryImageOfPage\":{\"@id\":\"https:\\\/\\\/www.asesoriaorihuelacosta.com\\\/fr\\\/les-sanctions-les-plus-courantes-lors-des-inspections-du-travail-en-espagne\\\/#primaryimage\"},\"image\":{\"@id\":\"https:\\\/\\\/www.asesoriaorihuelacosta.com\\\/fr\\\/les-sanctions-les-plus-courantes-lors-des-inspections-du-travail-en-espagne\\\/#primaryimage\"},\"thumbnailUrl\":\"https:\\\/\\\/www.asesoriaorihuelacosta.com\\\/wp-content\\\/uploads\\\/2025\\\/07\\\/cutting-granite-stones-8028375_640.jpg\",\"datePublished\":\"2025-07-03T12:21:46+00:00\",\"dateModified\":\"2025-10-08T15:16:15+00:00\",\"description\":\"Nous vous informons des sanctions les plus courantes lors des inspections du travail en Espagne et comment les \u00e9viter.\",\"breadcrumb\":{\"@id\":\"https:\\\/\\\/www.asesoriaorihuelacosta.com\\\/fr\\\/les-sanctions-les-plus-courantes-lors-des-inspections-du-travail-en-espagne\\\/#breadcrumb\"},\"inLanguage\":\"fr-FR\",\"potentialAction\":[{\"@type\":\"ReadAction\",\"target\":[\"https:\\\/\\\/www.asesoriaorihuelacosta.com\\\/fr\\\/les-sanctions-les-plus-courantes-lors-des-inspections-du-travail-en-espagne\\\/\"]}]},{\"@type\":\"ImageObject\",\"inLanguage\":\"fr-FR\",\"@id\":\"https:\\\/\\\/www.asesoriaorihuelacosta.com\\\/fr\\\/les-sanctions-les-plus-courantes-lors-des-inspections-du-travail-en-espagne\\\/#primaryimage\",\"url\":\"https:\\\/\\\/www.asesoriaorihuelacosta.com\\\/wp-content\\\/uploads\\\/2025\\\/07\\\/cutting-granite-stones-8028375_640.jpg\",\"contentUrl\":\"https:\\\/\\\/www.asesoriaorihuelacosta.com\\\/wp-content\\\/uploads\\\/2025\\\/07\\\/cutting-granite-stones-8028375_640.jpg\",\"width\":640,\"height\":426,\"caption\":\"sanciones\"},{\"@type\":\"BreadcrumbList\",\"@id\":\"https:\\\/\\\/www.asesoriaorihuelacosta.com\\\/fr\\\/les-sanctions-les-plus-courantes-lors-des-inspections-du-travail-en-espagne\\\/#breadcrumb\",\"itemListElement\":[{\"@type\":\"ListItem\",\"position\":1,\"name\":\"Home\",\"item\":\"https:\\\/\\\/www.asesoriaorihuelacosta.com\\\/fr\\\/\"},{\"@type\":\"ListItem\",\"position\":2,\"name\":\"Les sanctions les plus courantes lors des inspections du travail en Espagne\"}]},{\"@type\":\"WebSite\",\"@id\":\"https:\\\/\\\/www.asesoriaorihuelacosta.com\\\/fr\\\/#website\",\"url\":\"https:\\\/\\\/www.asesoriaorihuelacosta.com\\\/fr\\\/\",\"name\":\"https:\\\/\\\/www.asesoriaorihuelacosta.com\\\/\",\"description\":\"Grupo de asesores profesionales\",\"publisher\":{\"@id\":\"https:\\\/\\\/www.asesoriaorihuelacosta.com\\\/fr\\\/#organization\"},\"potentialAction\":[{\"@type\":\"SearchAction\",\"target\":{\"@type\":\"EntryPoint\",\"urlTemplate\":\"https:\\\/\\\/www.asesoriaorihuelacosta.com\\\/fr\\\/?s={search_term_string}\"},\"query-input\":{\"@type\":\"PropertyValueSpecification\",\"valueRequired\":true,\"valueName\":\"search_term_string\"}}],\"inLanguage\":\"fr-FR\"},{\"@type\":\"Organization\",\"@id\":\"https:\\\/\\\/www.asesoriaorihuelacosta.com\\\/fr\\\/#organization\",\"name\":\"Asesor\u00eda Orihuela Costa\",\"url\":\"https:\\\/\\\/www.asesoriaorihuelacosta.com\\\/fr\\\/\",\"logo\":{\"@type\":\"ImageObject\",\"inLanguage\":\"fr-FR\",\"@id\":\"https:\\\/\\\/www.asesoriaorihuelacosta.com\\\/fr\\\/#\\\/schema\\\/logo\\\/image\\\/\",\"url\":\"https:\\\/\\\/www.asesoriaorihuelacosta.com\\\/wp-content\\\/uploads\\\/2022\\\/06\\\/Logo-espa\u5bf8l-asesoriaorihuela.jpg\",\"contentUrl\":\"https:\\\/\\\/www.asesoriaorihuelacosta.com\\\/wp-content\\\/uploads\\\/2022\\\/06\\\/Logo-espa\u5bf8l-asesoriaorihuela.jpg\",\"width\":588,\"height\":136,\"caption\":\"Asesor\u00eda Orihuela Costa\"},\"image\":{\"@id\":\"https:\\\/\\\/www.asesoriaorihuelacosta.com\\\/fr\\\/#\\\/schema\\\/logo\\\/image\\\/\"},\"sameAs\":[\"https:\\\/\\\/www.facebook.com\\\/asesoriaorihuelacosta\"]},{\"@type\":\"Person\",\"@id\":\"https:\\\/\\\/www.asesoriaorihuelacosta.com\\\/fr\\\/#\\\/schema\\\/person\\\/6614ce8cf6d2de542aaf351629fd539e\",\"name\":\"Patrick Gordinne Perez\",\"description\":\"Soy economista colegiado por el colegio de economistas de Alicante con el n\u00famero 2722. Llevo ejerciendo desde el a\u00f1o 2005. Soy especialista en fiscalidad de empresas y aut\u00f3nomos y tambi\u00e9n especialista en gestionar compraventas. Hablo espa\u00f1ol, ingl\u00e9s y franc\u00e9s.\",\"sameAs\":[\"https:\\\/\\\/www.asesoriaorihuelacosta.com\",\"https:\\\/\\\/www.facebook.com\\\/patrick.gordinneperez\",\"https:\\\/\\\/www.linkedin.com\\\/in\\\/patrick-gordinne-perez-1b73aab3\\\/\",\"https:\\\/\\\/www.youtube.com\\\/channel\\\/UC5e95RJEVQlxCnhwDmGNVCw\"],\"gender\":\"Hombre\",\"knowsLanguage\":[\"ingl\u00e9s\",\"franc\u00e9s\",\"espa\u00f1ol\"],\"jobTitle\":\"Gerente\",\"worksFor\":\"Asesoria Orihuela Costa SL\"}]}<\/script>\n<!-- \/ Yoast SEO Premium plugin. -->","yoast_head_json":{"title":"Les sanctions les plus courantes lors des inspections du travail - Asesor\u00eda Orihuela Costa","description":"Nous vous informons des sanctions les plus courantes lors des inspections du travail en Espagne et comment les \u00e9viter.","robots":{"index":"index","follow":"follow","max-snippet":"max-snippet:-1","max-image-preview":"max-image-preview:large","max-video-preview":"max-video-preview:-1"},"canonical":"https:\/\/www.asesoriaorihuelacosta.com\/fr\/les-sanctions-les-plus-courantes-lors-des-inspections-du-travail-en-espagne\/","og_locale":"fr_FR","og_type":"article","og_title":"Les sanctions les plus courantes lors des inspections du travail en Espagne","og_description":"Nous vous informons des sanctions les plus courantes lors des inspections du travail en Espagne et comment les \u00e9viter.","og_url":"https:\/\/www.asesoriaorihuelacosta.com\/fr\/les-sanctions-les-plus-courantes-lors-des-inspections-du-travail-en-espagne\/","og_site_name":"Asesor\u00eda Orihuela Costa","article_publisher":"https:\/\/www.facebook.com\/asesoriaorihuelacosta","article_author":"https:\/\/www.facebook.com\/patrick.gordinneperez","article_published_time":"2025-07-03T12:21:46+00:00","article_modified_time":"2025-10-08T15:16:15+00:00","og_image":[{"width":640,"height":426,"url":"https:\/\/www.asesoriaorihuelacosta.com\/wp-content\/uploads\/2025\/07\/cutting-granite-stones-8028375_640.jpg","type":"image\/jpeg"}],"author":"Patrick Gordinne Perez","twitter_card":"summary_large_image","twitter_misc":{"\u00c9crit par":"Patrick Gordinne Perez","Dur\u00e9e de lecture estim\u00e9e":"5 minutes"},"schema":{"@context":"https:\/\/schema.org","@graph":[{"@type":"Article","@id":"https:\/\/www.asesoriaorihuelacosta.com\/fr\/les-sanctions-les-plus-courantes-lors-des-inspections-du-travail-en-espagne\/#article","isPartOf":{"@id":"https:\/\/www.asesoriaorihuelacosta.com\/fr\/les-sanctions-les-plus-courantes-lors-des-inspections-du-travail-en-espagne\/"},"author":{"name":"Patrick Gordinne Perez","@id":"https:\/\/www.asesoriaorihuelacosta.com\/fr\/#\/schema\/person\/6614ce8cf6d2de542aaf351629fd539e"},"headline":"Les sanctions les plus courantes lors des inspections du travail en Espagne","datePublished":"2025-07-03T12:21:46+00:00","dateModified":"2025-10-08T15:16:15+00:00","mainEntityOfPage":{"@id":"https:\/\/www.asesoriaorihuelacosta.com\/fr\/les-sanctions-les-plus-courantes-lors-des-inspections-du-travail-en-espagne\/"},"wordCount":1063,"publisher":{"@id":"https:\/\/www.asesoriaorihuelacosta.com\/fr\/#organization"},"image":{"@id":"https:\/\/www.asesoriaorihuelacosta.com\/fr\/les-sanctions-les-plus-courantes-lors-des-inspections-du-travail-en-espagne\/#primaryimage"},"thumbnailUrl":"https:\/\/www.asesoriaorihuelacosta.com\/wp-content\/uploads\/2025\/07\/cutting-granite-stones-8028375_640.jpg","articleSection":["Blog"],"inLanguage":"fr-FR"},{"@type":"WebPage","@id":"https:\/\/www.asesoriaorihuelacosta.com\/fr\/les-sanctions-les-plus-courantes-lors-des-inspections-du-travail-en-espagne\/","url":"https:\/\/www.asesoriaorihuelacosta.com\/fr\/les-sanctions-les-plus-courantes-lors-des-inspections-du-travail-en-espagne\/","name":"Les sanctions les plus courantes lors des inspections du travail - Asesor\u00eda Orihuela Costa","isPartOf":{"@id":"https:\/\/www.asesoriaorihuelacosta.com\/fr\/#website"},"primaryImageOfPage":{"@id":"https:\/\/www.asesoriaorihuelacosta.com\/fr\/les-sanctions-les-plus-courantes-lors-des-inspections-du-travail-en-espagne\/#primaryimage"},"image":{"@id":"https:\/\/www.asesoriaorihuelacosta.com\/fr\/les-sanctions-les-plus-courantes-lors-des-inspections-du-travail-en-espagne\/#primaryimage"},"thumbnailUrl":"https:\/\/www.asesoriaorihuelacosta.com\/wp-content\/uploads\/2025\/07\/cutting-granite-stones-8028375_640.jpg","datePublished":"2025-07-03T12:21:46+00:00","dateModified":"2025-10-08T15:16:15+00:00","description":"Nous vous informons des sanctions les plus courantes lors des inspections du travail en Espagne et comment les \u00e9viter.","breadcrumb":{"@id":"https:\/\/www.asesoriaorihuelacosta.com\/fr\/les-sanctions-les-plus-courantes-lors-des-inspections-du-travail-en-espagne\/#breadcrumb"},"inLanguage":"fr-FR","potentialAction":[{"@type":"ReadAction","target":["https:\/\/www.asesoriaorihuelacosta.com\/fr\/les-sanctions-les-plus-courantes-lors-des-inspections-du-travail-en-espagne\/"]}]},{"@type":"ImageObject","inLanguage":"fr-FR","@id":"https:\/\/www.asesoriaorihuelacosta.com\/fr\/les-sanctions-les-plus-courantes-lors-des-inspections-du-travail-en-espagne\/#primaryimage","url":"https:\/\/www.asesoriaorihuelacosta.com\/wp-content\/uploads\/2025\/07\/cutting-granite-stones-8028375_640.jpg","contentUrl":"https:\/\/www.asesoriaorihuelacosta.com\/wp-content\/uploads\/2025\/07\/cutting-granite-stones-8028375_640.jpg","width":640,"height":426,"caption":"sanciones"},{"@type":"BreadcrumbList","@id":"https:\/\/www.asesoriaorihuelacosta.com\/fr\/les-sanctions-les-plus-courantes-lors-des-inspections-du-travail-en-espagne\/#breadcrumb","itemListElement":[{"@type":"ListItem","position":1,"name":"Home","item":"https:\/\/www.asesoriaorihuelacosta.com\/fr\/"},{"@type":"ListItem","position":2,"name":"Les sanctions les plus courantes lors des inspections du travail en Espagne"}]},{"@type":"WebSite","@id":"https:\/\/www.asesoriaorihuelacosta.com\/fr\/#website","url":"https:\/\/www.asesoriaorihuelacosta.com\/fr\/","name":"https:\/\/www.asesoriaorihuelacosta.com\/","description":"Grupo de asesores profesionales","publisher":{"@id":"https:\/\/www.asesoriaorihuelacosta.com\/fr\/#organization"},"potentialAction":[{"@type":"SearchAction","target":{"@type":"EntryPoint","urlTemplate":"https:\/\/www.asesoriaorihuelacosta.com\/fr\/?s={search_term_string}"},"query-input":{"@type":"PropertyValueSpecification","valueRequired":true,"valueName":"search_term_string"}}],"inLanguage":"fr-FR"},{"@type":"Organization","@id":"https:\/\/www.asesoriaorihuelacosta.com\/fr\/#organization","name":"Asesor\u00eda Orihuela Costa","url":"https:\/\/www.asesoriaorihuelacosta.com\/fr\/","logo":{"@type":"ImageObject","inLanguage":"fr-FR","@id":"https:\/\/www.asesoriaorihuelacosta.com\/fr\/#\/schema\/logo\/image\/","url":"https:\/\/www.asesoriaorihuelacosta.com\/wp-content\/uploads\/2022\/06\/Logo-espa\u5bf8l-asesoriaorihuela.jpg","contentUrl":"https:\/\/www.asesoriaorihuelacosta.com\/wp-content\/uploads\/2022\/06\/Logo-espa\u5bf8l-asesoriaorihuela.jpg","width":588,"height":136,"caption":"Asesor\u00eda Orihuela Costa"},"image":{"@id":"https:\/\/www.asesoriaorihuelacosta.com\/fr\/#\/schema\/logo\/image\/"},"sameAs":["https:\/\/www.facebook.com\/asesoriaorihuelacosta"]},{"@type":"Person","@id":"https:\/\/www.asesoriaorihuelacosta.com\/fr\/#\/schema\/person\/6614ce8cf6d2de542aaf351629fd539e","name":"Patrick Gordinne Perez","description":"Soy economista colegiado por el colegio de economistas de Alicante con el n\u00famero 2722. Llevo ejerciendo desde el a\u00f1o 2005. Soy especialista en fiscalidad de empresas y aut\u00f3nomos y tambi\u00e9n especialista en gestionar compraventas. Hablo espa\u00f1ol, ingl\u00e9s y franc\u00e9s.","sameAs":["https:\/\/www.asesoriaorihuelacosta.com","https:\/\/www.facebook.com\/patrick.gordinneperez","https:\/\/www.linkedin.com\/in\/patrick-gordinne-perez-1b73aab3\/","https:\/\/www.youtube.com\/channel\/UC5e95RJEVQlxCnhwDmGNVCw"],"gender":"Hombre","knowsLanguage":["ingl\u00e9s","franc\u00e9s","espa\u00f1ol"],"jobTitle":"Gerente","worksFor":"Asesoria Orihuela Costa SL"}]}},"_links":{"self":[{"href":"https:\/\/www.asesoriaorihuelacosta.com\/fr\/wp-json\/wp\/v2\/posts\/45563","targetHints":{"allow":["GET"]}}],"collection":[{"href":"https:\/\/www.asesoriaorihuelacosta.com\/fr\/wp-json\/wp\/v2\/posts"}],"about":[{"href":"https:\/\/www.asesoriaorihuelacosta.com\/fr\/wp-json\/wp\/v2\/types\/post"}],"author":[{"embeddable":true,"href":"https:\/\/www.asesoriaorihuelacosta.com\/fr\/wp-json\/wp\/v2\/users\/2"}],"replies":[{"embeddable":true,"href":"https:\/\/www.asesoriaorihuelacosta.com\/fr\/wp-json\/wp\/v2\/comments?post=45563"}],"version-history":[{"count":2,"href":"https:\/\/www.asesoriaorihuelacosta.com\/fr\/wp-json\/wp\/v2\/posts\/45563\/revisions"}],"predecessor-version":[{"id":45709,"href":"https:\/\/www.asesoriaorihuelacosta.com\/fr\/wp-json\/wp\/v2\/posts\/45563\/revisions\/45709"}],"wp:featuredmedia":[{"embeddable":true,"href":"https:\/\/www.asesoriaorihuelacosta.com\/fr\/wp-json\/wp\/v2\/media\/45612"}],"wp:attachment":[{"href":"https:\/\/www.asesoriaorihuelacosta.com\/fr\/wp-json\/wp\/v2\/media?parent=45563"}],"wp:term":[{"taxonomy":"category","embeddable":true,"href":"https:\/\/www.asesoriaorihuelacosta.com\/fr\/wp-json\/wp\/v2\/categories?post=45563"},{"taxonomy":"post_tag","embeddable":true,"href":"https:\/\/www.asesoriaorihuelacosta.com\/fr\/wp-json\/wp\/v2\/tags?post=45563"}],"curies":[{"name":"wp","href":"https:\/\/api.w.org\/{rel}","templated":true}]}}