{"id":45545,"date":"2025-06-20T06:14:54","date_gmt":"2025-06-20T06:14:54","guid":{"rendered":"https:\/\/www.asesoriaorihuelacosta.com\/?p=44417"},"modified":"2025-10-08T15:23:22","modified_gmt":"2025-10-08T15:23:22","slug":"gestion-de-nominas-y-contratos-2","status":"publish","type":"post","link":"https:\/\/www.asesoriaorihuelacosta.com\/fr\/gestion-de-nominas-y-contratos-2\/","title":{"rendered":"Gestion des salaires et des contrats : Les cl\u00e9s pour \u00e9viter les erreurs"},"content":{"rendered":"\t\t<div data-elementor-type=\"wp-post\" data-elementor-id=\"45545\" class=\"elementor elementor-45545\" data-elementor-post-type=\"post\">\n\t\t\t\t\t\t<section data-particle_enable=\"false\" data-particle-mobile-disabled=\"false\" class=\"elementor-section elementor-top-section elementor-element elementor-element-de1bf14 elementor-section-boxed elementor-section-height-default elementor-section-height-default\" data-id=\"de1bf14\" data-element_type=\"section\" data-e-type=\"section\">\r\n\t\t\r\n\t\t\t\t\t\t\t<div class=\"elementor-container elementor-column-gap-default\">\r\n\t\t\t\t\t\t\t\t\t\t\t<div class=\"elementor-column elementor-col-100 elementor-top-column elementor-element elementor-element-09b4fc6\" data-id=\"09b4fc6\" data-element_type=\"column\" data-e-type=\"column\">\r\n\t\t\t\t\t<div class=\"elementor-widget-wrap elementor-element-populated\">\r\n\t\t\t\t\t\t\t\t<div class=\"elementor-element elementor-element-5392fc9 elementor-widget elementor-widget-text-editor\" data-id=\"5392fc9\" data-element_type=\"widget\" data-e-type=\"widget\" data-widget_type=\"text-editor.default\">\n\t\t\t\t<div class=\"elementor-widget-container\">\n\t\t\t\t\t\t\t\t\t<p>Saviez-vous que 45 % des petites et moyennes entreprises perdent de l&rsquo;argent chaque ann\u00e9e en raison d&rsquo;erreurs administratives dans les contrats de travail et les contrats de paie ?<\/p><p>Ces erreurs, apparemment insignifiantes, peuvent se transformer en v\u00e9ritables cauchemars juridiques et financiers. C&rsquo;est pourquoi la <strong>gestion des salaires et des contrats de travail<\/strong> doit \u00eatre effectu\u00e9e avec la plus grande pr\u00e9cision et le plus grand professionnalisme.<\/p><p>Dans cet article, nous vous donnons des conseils pratiques, des informations essentielles et des outils efficaces pour prot\u00e9ger votre entreprise contre ces risques courants et co\u00fbteux. Lisez la suite !<\/p>\t\t\t\t\t\t\t\t<\/div>\n\t\t\t\t<\/div>\n\t\t\t\t\t<\/div>\r\n\t\t\t\t<\/div>\r\n\t\t\t\t\t<\/div>\r\n\t\t\t\t<\/section>\r\n\t\t\t\t<section data-particle_enable=\"false\" data-particle-mobile-disabled=\"false\" class=\"elementor-section elementor-top-section elementor-element elementor-element-9899347 elementor-section-boxed elementor-section-height-default elementor-section-height-default\" data-id=\"9899347\" data-element_type=\"section\" data-e-type=\"section\">\r\n\t\t\r\n\t\t\t\t\t\t\t<div class=\"elementor-container elementor-column-gap-default\">\r\n\t\t\t\t\t\t\t\t\t\t\t<div class=\"elementor-column elementor-col-100 elementor-top-column elementor-element elementor-element-f2de1f1\" data-id=\"f2de1f1\" data-element_type=\"column\" data-e-type=\"column\">\r\n\t\t\t\t\t<div class=\"elementor-widget-wrap elementor-element-populated\">\r\n\t\t\t\t\t\t\t\t<div class=\"elementor-element elementor-element-366ce31 elementor-widget elementor-widget-heading\" data-id=\"366ce31\" data-element_type=\"widget\" data-e-type=\"widget\" data-widget_type=\"heading.default\">\n\t\t\t\t<div class=\"elementor-widget-container\">\n\t\t\t\t\t<h2 class=\"elementor-heading-title elementor-size-default\">Qu'est-ce que la gestion des salaires et des contrats ?<\/h2>\t\t\t\t<\/div>\n\t\t\t\t<\/div>\n\t\t\t\t\t<\/div>\r\n\t\t\t\t<\/div>\r\n\t\t\t\t\t<\/div>\r\n\t\t\t\t<\/section>\r\n\t\t\t\t<section data-particle_enable=\"false\" data-particle-mobile-disabled=\"false\" class=\"elementor-section elementor-top-section elementor-element elementor-element-bc1e7c5 elementor-section-boxed elementor-section-height-default elementor-section-height-default\" data-id=\"bc1e7c5\" data-element_type=\"section\" data-e-type=\"section\">\r\n\t\t\r\n\t\t\t\t\t\t\t<div class=\"elementor-container elementor-column-gap-default\">\r\n\t\t\t\t\t\t\t\t\t\t\t<div class=\"elementor-column elementor-col-100 elementor-top-column elementor-element elementor-element-81c9fbd\" data-id=\"81c9fbd\" data-element_type=\"column\" data-e-type=\"column\">\r\n\t\t\t\t\t<div class=\"elementor-widget-wrap elementor-element-populated\">\r\n\t\t\t\t\t\t\t\t<div class=\"elementor-element elementor-element-625784b elementor-widget elementor-widget-text-editor\" data-id=\"625784b\" data-element_type=\"widget\" data-e-type=\"widget\" data-widget_type=\"text-editor.default\">\n\t\t\t\t<div class=\"elementor-widget-container\">\n\t\t\t\t\t\t\t\t\t<p>La <strong>gestion des salaires et des contrats<\/strong> couvre l&rsquo;ensemble du processus li\u00e9 \u00e0 l&#8217;embauche du personnel et au r\u00e8glement correct de leurs salaires. Cela va de la<strong> pr\u00e9paration des contrats de travail<\/strong> \u00e0 leur adaptation aux diff\u00e9rents <a href=\"https:\/\/www.sepe.es\/HomeSepe\/fr\/que-es-el-sepe\/comunicacion-institucional\/publicaciones\/publicaciones-oficiales\/listado-pub-empleo\/guia-contratos.html\" target=\"_blank\" rel=\"noopener\">types de contrats de travail<\/a>, en passant par le calcul correct des salaires, des d\u00e9ductions, des primes et le respect des <strong>obligations de l&rsquo;entreprise<\/strong> vis-\u00e0-vis de la <strong>s\u00e9curit\u00e9 sociale espagnole<\/strong>.<\/p>\t\t\t\t\t\t\t\t<\/div>\n\t\t\t\t<\/div>\n\t\t\t\t\t<\/div>\r\n\t\t\t\t<\/div>\r\n\t\t\t\t\t<\/div>\r\n\t\t\t\t<\/section>\r\n\t\t\t\t<section data-particle_enable=\"false\" data-particle-mobile-disabled=\"false\" class=\"elementor-section elementor-top-section elementor-element elementor-element-0884d26 elementor-section-boxed elementor-section-height-default elementor-section-height-default\" data-id=\"0884d26\" data-element_type=\"section\" data-e-type=\"section\">\r\n\t\t\r\n\t\t\t\t\t\t\t<div class=\"elementor-container elementor-column-gap-default\">\r\n\t\t\t\t\t\t\t\t\t\t\t<div class=\"elementor-column elementor-col-100 elementor-top-column elementor-element elementor-element-06a60e8\" data-id=\"06a60e8\" data-element_type=\"column\" data-e-type=\"column\">\r\n\t\t\t\t\t<div class=\"elementor-widget-wrap elementor-element-populated\">\r\n\t\t\t\t\t\t\t\t<div class=\"elementor-element elementor-element-be181a5 elementor-widget elementor-widget-heading\" data-id=\"be181a5\" data-element_type=\"widget\" data-e-type=\"widget\" data-widget_type=\"heading.default\">\n\t\t\t\t<div class=\"elementor-widget-container\">\n\t\t\t\t\t<h2 class=\"elementor-heading-title elementor-size-default\">Pourquoi une bonne gestion des salaires et des contrats est-elle essentielle ?<\/h2>\t\t\t\t<\/div>\n\t\t\t\t<\/div>\n\t\t\t\t\t<\/div>\r\n\t\t\t\t<\/div>\r\n\t\t\t\t\t<\/div>\r\n\t\t\t\t<\/section>\r\n\t\t\t\t<section data-particle_enable=\"false\" data-particle-mobile-disabled=\"false\" class=\"elementor-section elementor-top-section elementor-element elementor-element-40f3e63 elementor-section-boxed elementor-section-height-default elementor-section-height-default\" data-id=\"40f3e63\" data-element_type=\"section\" data-e-type=\"section\">\r\n\t\t\r\n\t\t\t\t\t\t\t<div class=\"elementor-container elementor-column-gap-default\">\r\n\t\t\t\t\t\t\t\t\t\t\t<div class=\"elementor-column elementor-col-100 elementor-top-column elementor-element elementor-element-feb66cf\" data-id=\"feb66cf\" data-element_type=\"column\" data-e-type=\"column\">\r\n\t\t\t\t\t<div class=\"elementor-widget-wrap elementor-element-populated\">\r\n\t\t\t\t\t\t\t\t<div class=\"elementor-element elementor-element-15b752f elementor-widget elementor-widget-text-editor\" data-id=\"15b752f\" data-element_type=\"widget\" data-e-type=\"widget\" data-widget_type=\"text-editor.default\">\n\t\t\t\t<div class=\"elementor-widget-container\">\n\t\t\t\t\t\t\t\t\t<p>Une bonne <strong>gestion des salaires<\/strong> garantit que les employ\u00e9s re\u00e7oivent leur<strong> salaire<\/strong> en temps et en heure, dans le respect des droits et des conditions de travail. Elle permet \u00e9galement \u00e0 l&rsquo;entreprise de se conformer \u00e0 ses obligations en mati\u00e8re de fiscalit\u00e9 et de travail, \u00e9vitant ainsi les inspections et les sanctions.<\/p><p>Des erreurs fr\u00e9quentes dans la gestion de la paie peuvent entra\u00eener<\/p><ul><li>Des erreurs de calcul du salaire net.<\/li><li>Une mauvaise application des retenues fiscales.<\/li><li>Omission de primes ou d&rsquo;avantages sociaux.<\/li><li>Non-conformit\u00e9 des paiements de s\u00e9curit\u00e9 sociale.<\/li><\/ul>\t\t\t\t\t\t\t\t<\/div>\n\t\t\t\t<\/div>\n\t\t\t\t\t<\/div>\r\n\t\t\t\t<\/div>\r\n\t\t\t\t\t<\/div>\r\n\t\t\t\t<\/section>\r\n\t\t\t\t<section data-particle_enable=\"false\" data-particle-mobile-disabled=\"false\" class=\"elementor-section elementor-top-section elementor-element elementor-element-6531e50 elementor-section-boxed elementor-section-height-default elementor-section-height-default\" data-id=\"6531e50\" data-element_type=\"section\" data-e-type=\"section\">\r\n\t\t\r\n\t\t\t\t\t\t\t<div class=\"elementor-container elementor-column-gap-default\">\r\n\t\t\t\t\t\t\t\t\t\t\t<div class=\"elementor-column elementor-col-100 elementor-top-column elementor-element elementor-element-f08c102\" data-id=\"f08c102\" data-element_type=\"column\" data-e-type=\"column\">\r\n\t\t\t\t\t<div class=\"elementor-widget-wrap elementor-element-populated\">\r\n\t\t\t\t\t\t\t\t<div class=\"elementor-element elementor-element-b6b61e1 elementor-widget elementor-widget-heading\" data-id=\"b6b61e1\" data-element_type=\"widget\" data-e-type=\"widget\" data-widget_type=\"heading.default\">\n\t\t\t\t<div class=\"elementor-widget-container\">\n\t\t\t\t\t<h2 class=\"elementor-heading-title elementor-size-default\">Les principales erreurs en mati\u00e8re de paie et comment les \u00e9viter<\/h2>\t\t\t\t<\/div>\n\t\t\t\t<\/div>\n\t\t\t\t\t<\/div>\r\n\t\t\t\t<\/div>\r\n\t\t\t\t\t<\/div>\r\n\t\t\t\t<\/section>\r\n\t\t\t\t<section data-particle_enable=\"false\" data-particle-mobile-disabled=\"false\" class=\"elementor-section elementor-top-section elementor-element elementor-element-607d381 elementor-section-boxed elementor-section-height-default elementor-section-height-default\" data-id=\"607d381\" data-element_type=\"section\" data-e-type=\"section\">\r\n\t\t\r\n\t\t\t\t\t\t\t<div class=\"elementor-container elementor-column-gap-default\">\r\n\t\t\t\t\t\t\t\t\t\t\t<div class=\"elementor-column elementor-col-100 elementor-top-column elementor-element elementor-element-1da761e\" data-id=\"1da761e\" data-element_type=\"column\" data-e-type=\"column\">\r\n\t\t\t\t\t<div class=\"elementor-widget-wrap elementor-element-populated\">\r\n\t\t\t\t\t\t\t\t<div class=\"elementor-element elementor-element-5ecfcfc elementor-widget elementor-widget-text-editor\" data-id=\"5ecfcfc\" data-element_type=\"widget\" data-e-type=\"widget\" data-widget_type=\"text-editor.default\">\n\t\t\t\t<div class=\"elementor-widget-container\">\n\t\t\t\t\t\t\t\t\t<p>Nous pr\u00e9sentons ci-dessous les principales erreurs commises dans la gestion des salaires et des contrats, ainsi que les moyens de les \u00e9viter :<\/p><h3>Erreur dans le calcul de la paie<\/h3><p>L&rsquo;une des <strong>erreurs les plus fr\u00e9quentes en mati\u00e8re de paie<\/strong> est le calcul incorrect des salaires, des heures suppl\u00e9mentaires ou des primes. Ces erreurs peuvent entra\u00eener des conflits du travail ou des plaintes aupr\u00e8s de la <a href=\"https:\/\/www.seg-social.es\/wps\/portal\/wss\/internet\/Inicio?changeLanguage=fr\" target=\"_blank\" rel=\"noopener\">s\u00e9curit\u00e9 sociale<\/a>.<\/p><p>Pour \u00e9viter cela :<\/p><ul><li>Utilisez un logiciel de paie et de contrat actualis\u00e9 et fiable, tel que <a href=\"https:\/\/www.endalia.com\/\" target=\"_blank\" rel=\"noopener\">Endalia<\/a>, <a href=\"https:\/\/remote.com\/\" target=\"_blank\" rel=\"noopener\">Remote<\/a>, <a href=\"https:\/\/factorial.es\/\" target=\"_blank\" rel=\"noopener\">Factorial<\/a>, entre autres.<\/li><li>Formez r\u00e9guli\u00e8rement votre personnel charg\u00e9 de la paie.<\/li><li>R\u00e9alisez des audits internes trimestriels afin d&rsquo;identifier les erreurs potentielles.<\/li><\/ul><h3>Non-respect des obligations de l&rsquo;entreprise<\/h3><p>Le non-respect des obligations l\u00e9gales peut entra\u00eener des amendes ou des sanctions administratives. Parmi ces obligations figure la soumission en temps voulu des cotisations et des documents exig\u00e9s par les autorit\u00e9s du travail.<\/p><p>Pour \u00e9viter cela, il faut<\/p><ul><li>En planifiant rigoureusement les d\u00e9lais de soumission aux organismes officiels<\/li><li>En recourant \u00e0 des conseils externes sp\u00e9cialis\u00e9s, tels que les services d&rsquo;Asesor\u00eda Orihuela Costa, si votre entreprise ne dispose pas d&rsquo;une \u00e9quipe d\u00e9di\u00e9e \u00e0 ces fonctions.<\/li><\/ul><h3>Erreurs dans les accords salariaux<\/h3><p>Les r\u00e8glements salariaux erron\u00e9s peuvent donner lieu \u00e0 des poursuites judiciaires. Les erreurs les plus courantes sont les sous-paiements pour les licenciements ou les r\u00e8glements mal calcul\u00e9s.<\/p><p>Pour \u00e9viter cela :<\/p><ul><li>Examinez constamment la <a href=\"https:\/\/www.boe.es\/buscar\/pdf\/2015\/BOE-A-2015-11430-consolidado.pdf\" target=\"_blank\" rel=\"noopener\">r\u00e9glementation du travail en vigueur<\/a>.<\/li><li>Utilisez des outils num\u00e9riques sp\u00e9cialis\u00e9s qui calculent automatiquement les indemnit\u00e9s, comme Odoo, <a href=\"https:\/\/payhawk.com\/es\" target=\"_blank\" rel=\"noopener\">Payhawk<\/a>, etc.<\/li><\/ul>\t\t\t\t\t\t\t\t<\/div>\n\t\t\t\t<\/div>\n\t\t\t\t\t<\/div>\r\n\t\t\t\t<\/div>\r\n\t\t\t\t\t<\/div>\r\n\t\t\t\t<\/section>\r\n\t\t\t\t<section data-particle_enable=\"false\" data-particle-mobile-disabled=\"false\" class=\"elementor-section elementor-top-section elementor-element elementor-element-b320841 elementor-section-boxed elementor-section-height-default elementor-section-height-default\" data-id=\"b320841\" data-element_type=\"section\" data-e-type=\"section\">\r\n\t\t\r\n\t\t\t\t\t\t\t<div class=\"elementor-container elementor-column-gap-default\">\r\n\t\t\t\t\t\t\t\t\t\t\t<div class=\"elementor-column elementor-col-100 elementor-top-column elementor-element elementor-element-9ee66aa\" data-id=\"9ee66aa\" data-element_type=\"column\" data-e-type=\"column\">\r\n\t\t\t\t\t<div class=\"elementor-widget-wrap elementor-element-populated\">\r\n\t\t\t\t\t\t\t\t<div class=\"elementor-element elementor-element-f65f5f0 elementor-widget elementor-widget-image\" data-id=\"f65f5f0\" data-element_type=\"widget\" data-e-type=\"widget\" data-widget_type=\"image.default\">\n\t\t\t\t<div class=\"elementor-widget-container\">\n\t\t\t\t\t\t\t\t\t\t\t\t\t\t\t<img decoding=\"async\" src=\"https:\/\/www.asesoriaorihuelacosta.com\/wp-content\/uploads\/2025\/06\/elaboracion-de-contratos-laborales.webp\" title=\"\" alt=\"elaboracion-de-contratos-laborales\" loading=\"lazy\" \/>\t\t\t\t\t\t\t\t\t\t\t\t\t\t\t<\/div>\n\t\t\t\t<\/div>\n\t\t\t\t\t<\/div>\r\n\t\t\t\t<\/div>\r\n\t\t\t\t\t<\/div>\r\n\t\t\t\t<\/section>\r\n\t\t\t\t<section data-particle_enable=\"false\" data-particle-mobile-disabled=\"false\" class=\"elementor-section elementor-top-section elementor-element elementor-element-5b29a15 elementor-section-boxed elementor-section-height-default elementor-section-height-default\" data-id=\"5b29a15\" data-element_type=\"section\" data-e-type=\"section\">\r\n\t\t\r\n\t\t\t\t\t\t\t<div class=\"elementor-container elementor-column-gap-default\">\r\n\t\t\t\t\t\t\t\t\t\t\t<div class=\"elementor-column elementor-col-100 elementor-top-column elementor-element elementor-element-b44c155\" data-id=\"b44c155\" data-element_type=\"column\" data-e-type=\"column\">\r\n\t\t\t\t\t<div class=\"elementor-widget-wrap elementor-element-populated\">\r\n\t\t\t\t\t\t\t\t<div class=\"elementor-element elementor-element-08c1084 elementor-widget elementor-widget-heading\" data-id=\"08c1084\" data-element_type=\"widget\" data-e-type=\"widget\" data-widget_type=\"heading.default\">\n\t\t\t\t<div class=\"elementor-widget-container\">\n\t\t\t\t\t<h2 class=\"elementor-heading-title elementor-size-default\">R\u00e9daction des contrats de travail : \u00e9viter les erreurs les plus courantes<\/h2>\t\t\t\t<\/div>\n\t\t\t\t<\/div>\n\t\t\t\t\t<\/div>\r\n\t\t\t\t<\/div>\r\n\t\t\t\t\t<\/div>\r\n\t\t\t\t<\/section>\r\n\t\t\t\t<section data-particle_enable=\"false\" data-particle-mobile-disabled=\"false\" class=\"elementor-section elementor-top-section elementor-element elementor-element-02a63d8 elementor-section-boxed elementor-section-height-default elementor-section-height-default\" data-id=\"02a63d8\" data-element_type=\"section\" data-e-type=\"section\">\r\n\t\t\r\n\t\t\t\t\t\t\t<div class=\"elementor-container elementor-column-gap-default\">\r\n\t\t\t\t\t\t\t\t\t\t\t<div class=\"elementor-column elementor-col-100 elementor-top-column elementor-element elementor-element-34180c9\" data-id=\"34180c9\" data-element_type=\"column\" data-e-type=\"column\">\r\n\t\t\t\t\t<div class=\"elementor-widget-wrap elementor-element-populated\">\r\n\t\t\t\t\t\t\t\t<div class=\"elementor-element elementor-element-a97f1d5 elementor-widget elementor-widget-text-editor\" data-id=\"a97f1d5\" data-element_type=\"widget\" data-e-type=\"widget\" data-widget_type=\"text-editor.default\">\n\t\t\t\t<div class=\"elementor-widget-container\">\n\t\t\t\t\t\t\t\t\t<p>Lors de la gestion des contrats de travail, il est essentiel de prendre en compte plusieurs facteurs afin d&rsquo;\u00e9viter de futures erreurs de paie :<\/p><h3>Mauvaise utilisation des types de contrats de travail<\/h3><p>L&rsquo;utilisation incorrecte des <strong>types de contrats de travail<\/strong> est une erreur courante qui peut entra\u00eener des litiges, voire des sanctions pour fraude \u00e0 l&#8217;embauche.<\/p><p>Voici comment y rem\u00e9dier :<\/p><ul><li>Conna\u00eetre chaque type de contrat selon la r\u00e9glementation en vigueur :<\/li><li>Contrat \u00e0 dur\u00e9e ind\u00e9termin\u00e9e : sans date de fin.<\/li><li>Contrat temporaire : li\u00e9 \u00e0 une dur\u00e9e sp\u00e9cifique.<\/li><li>Contrat de formation : destin\u00e9 \u00e0 former le travailleur.<\/li><li>Contrat \u00e0 temps partiel : avec une journ\u00e9e de travail r\u00e9duite.<\/li><li>Prenez conseil avant de formaliser les contrats afin de les adapter parfaitement aux besoins du poste et de l&rsquo;entreprise.<\/li><\/ul><h3>Omissions ou erreurs dans les clauses contractuelles<\/h3><p>Oublier d&rsquo;inclure des clauses essentielles telles que la dur\u00e9e, les heures de travail ou les conditions salariales est une autre erreur fr\u00e9quente.<\/p><p>Pour l&rsquo;\u00e9viter :<\/p><ul><li>Utilisez des contrats types \u00e9valu\u00e9s par des pairs.<\/li><li>V\u00e9rifier r\u00e9guli\u00e8rement les mises \u00e0 jour juridiques qui affectent les clauses contractuelles.<\/li><\/ul>\t\t\t\t\t\t\t\t<\/div>\n\t\t\t\t<\/div>\n\t\t\t\t\t<\/div>\r\n\t\t\t\t<\/div>\r\n\t\t\t\t\t<\/div>\r\n\t\t\t\t<\/section>\r\n\t\t\t\t<section data-particle_enable=\"false\" data-particle-mobile-disabled=\"false\" class=\"elementor-section elementor-top-section elementor-element elementor-element-b2cf2e4 elementor-section-boxed elementor-section-height-default elementor-section-height-default\" data-id=\"b2cf2e4\" data-element_type=\"section\" data-e-type=\"section\">\r\n\t\t\r\n\t\t\t\t\t\t\t<div class=\"elementor-container elementor-column-gap-default\">\r\n\t\t\t\t\t\t\t\t\t\t\t<div class=\"elementor-column elementor-col-100 elementor-top-column elementor-element elementor-element-bb0a523\" data-id=\"bb0a523\" data-element_type=\"column\" data-e-type=\"column\">\r\n\t\t\t\t\t<div class=\"elementor-widget-wrap elementor-element-populated\">\r\n\t\t\t\t\t\t\t\t<div class=\"elementor-element elementor-element-dff4bff elementor-widget elementor-widget-heading\" data-id=\"dff4bff\" data-element_type=\"widget\" data-e-type=\"widget\" data-widget_type=\"heading.default\">\n\t\t\t\t<div class=\"elementor-widget-container\">\n\t\t\t\t\t<h2 class=\"elementor-heading-title elementor-size-default\">Avantages de l'utilisation d'un logiciel de gestion des salaires et des contrats<\/h2>\t\t\t\t<\/div>\n\t\t\t\t<\/div>\n\t\t\t\t\t<\/div>\r\n\t\t\t\t<\/div>\r\n\t\t\t\t\t<\/div>\r\n\t\t\t\t<\/section>\r\n\t\t\t\t<section data-particle_enable=\"false\" data-particle-mobile-disabled=\"false\" class=\"elementor-section elementor-top-section elementor-element elementor-element-984160a elementor-section-boxed elementor-section-height-default elementor-section-height-default\" data-id=\"984160a\" data-element_type=\"section\" data-e-type=\"section\">\r\n\t\t\r\n\t\t\t\t\t\t\t<div class=\"elementor-container elementor-column-gap-default\">\r\n\t\t\t\t\t\t\t\t\t\t\t<div class=\"elementor-column elementor-col-100 elementor-top-column elementor-element elementor-element-60c27cc\" data-id=\"60c27cc\" data-element_type=\"column\" data-e-type=\"column\">\r\n\t\t\t\t\t<div class=\"elementor-widget-wrap elementor-element-populated\">\r\n\t\t\t\t\t\t\t\t<div class=\"elementor-element elementor-element-6dcf986 elementor-widget elementor-widget-text-editor\" data-id=\"6dcf986\" data-element_type=\"widget\" data-e-type=\"widget\" data-widget_type=\"text-editor.default\">\n\t\t\t\t<div class=\"elementor-widget-container\">\n\t\t\t\t\t\t\t\t\t<p>Aujourd&rsquo;hui, l&rsquo;automatisation de la <strong>gestion des salaires<\/strong> <strong>et des contrats<\/strong> \u00e0 l&rsquo;aide d&rsquo;un bon <strong>logiciel de gestion des salaires<\/strong> et des contrats est essentielle pour r\u00e9duire les erreurs et gagner en efficacit\u00e9.<\/p><p>Les principaux avantages sont les suivants<\/p><ul><li><strong>Mise \u00e0 jour automatique<\/strong> en fonction des changements de l\u00e9gislation.<\/li><li>Calcul pr\u00e9cis des salaires, des retenues \u00e0 la source et des indemnit\u00e9s.<\/li><li>Cr\u00e9ation de contrats de travail personnalis\u00e9s.<\/li><li>Int\u00e9gration avec la <strong>s\u00e9curit\u00e9 sociale<\/strong> et les syst\u00e8mes fiscaux.<\/li><li>Acc\u00e8s rapide et num\u00e9rique aux rapports, documents et fiches de paie.<\/li><\/ul><p>Un logiciel bien impl\u00e9ment\u00e9 lib\u00e8re du temps pour se concentrer sur les domaines strat\u00e9giques de l&rsquo;entreprise, tout en garantissant la conformit\u00e9 r\u00e9glementaire.<\/p>\t\t\t\t\t\t\t\t<\/div>\n\t\t\t\t<\/div>\n\t\t\t\t\t<\/div>\r\n\t\t\t\t<\/div>\r\n\t\t\t\t\t<\/div>\r\n\t\t\t\t<\/section>\r\n\t\t\t\t<section data-particle_enable=\"false\" data-particle-mobile-disabled=\"false\" class=\"elementor-section elementor-top-section elementor-element elementor-element-88c09a7 elementor-section-boxed elementor-section-height-default elementor-section-height-default\" data-id=\"88c09a7\" data-element_type=\"section\" data-e-type=\"section\">\r\n\t\t\r\n\t\t\t\t\t\t\t<div class=\"elementor-container elementor-column-gap-default\">\r\n\t\t\t\t\t\t\t\t\t\t\t<div class=\"elementor-column elementor-col-100 elementor-top-column elementor-element elementor-element-4a10fdd\" data-id=\"4a10fdd\" data-element_type=\"column\" data-e-type=\"column\">\r\n\t\t\t\t\t<div class=\"elementor-widget-wrap elementor-element-populated\">\r\n\t\t\t\t\t\t\t\t<div class=\"elementor-element elementor-element-1028f6e elementor-widget elementor-widget-heading\" data-id=\"1028f6e\" data-element_type=\"widget\" data-e-type=\"widget\" data-widget_type=\"heading.default\">\n\t\t\t\t<div class=\"elementor-widget-container\">\n\t\t\t\t\t<h2 class=\"elementor-heading-title elementor-size-default\">Obligations des entreprises : ne pas les perdre de vue<\/h2>\t\t\t\t<\/div>\n\t\t\t\t<\/div>\n\t\t\t\t\t<\/div>\r\n\t\t\t\t<\/div>\r\n\t\t\t\t\t<\/div>\r\n\t\t\t\t<\/section>\r\n\t\t\t\t<section data-particle_enable=\"false\" data-particle-mobile-disabled=\"false\" class=\"elementor-section elementor-top-section elementor-element elementor-element-9817e7a elementor-section-boxed elementor-section-height-default elementor-section-height-default\" data-id=\"9817e7a\" data-element_type=\"section\" data-e-type=\"section\">\r\n\t\t\r\n\t\t\t\t\t\t\t<div class=\"elementor-container elementor-column-gap-default\">\r\n\t\t\t\t\t\t\t\t\t\t\t<div class=\"elementor-column elementor-col-100 elementor-top-column elementor-element elementor-element-be7381e\" data-id=\"be7381e\" data-element_type=\"column\" data-e-type=\"column\">\r\n\t\t\t\t\t<div class=\"elementor-widget-wrap elementor-element-populated\">\r\n\t\t\t\t\t\t\t\t<div class=\"elementor-element elementor-element-967894d elementor-widget elementor-widget-text-editor\" data-id=\"967894d\" data-element_type=\"widget\" data-e-type=\"widget\" data-widget_type=\"text-editor.default\">\n\t\t\t\t<div class=\"elementor-widget-container\">\n\t\t\t\t\t\t\t\t\t<p>Toute entreprise ou tout travailleur ind\u00e9pendant employant des salari\u00e9s doit respecter un certain nombre d&rsquo;obligations professionnelles, notamment<\/p><ul><li>Enregistrer les contrats aupr\u00e8s du SEPE.<\/li><li>Communiquer les inscriptions, les annulations et les modifications \u00e0 la s\u00e9curit\u00e9 sociale.<\/li><li>Pr\u00e9senter les formulaires fiscaux trimestriels et annuels.<\/li><li>Verser les cotisations de s\u00e9curit\u00e9 sociale correspondantes.<\/li><li>Conserver les documents d&#8217;emploi pendant la p\u00e9riode l\u00e9galement requise.<\/li><\/ul><p>.<\/p>\t\t\t\t\t\t\t\t<\/div>\n\t\t\t\t<\/div>\n\t\t\t\t\t<\/div>\r\n\t\t\t\t<\/div>\r\n\t\t\t\t\t<\/div>\r\n\t\t\t\t<\/section>\r\n\t\t\t\t<section data-particle_enable=\"false\" data-particle-mobile-disabled=\"false\" class=\"elementor-section elementor-top-section elementor-element elementor-element-a207044 elementor-section-boxed elementor-section-height-default elementor-section-height-default\" data-id=\"a207044\" data-element_type=\"section\" data-e-type=\"section\">\r\n\t\t\r\n\t\t\t\t\t\t\t<div class=\"elementor-container elementor-column-gap-default\">\r\n\t\t\t\t\t\t\t\t\t\t\t<div class=\"elementor-column elementor-col-100 elementor-top-column elementor-element elementor-element-3108d2b\" data-id=\"3108d2b\" data-element_type=\"column\" data-e-type=\"column\">\r\n\t\t\t\t\t<div class=\"elementor-widget-wrap elementor-element-populated\">\r\n\t\t\t\t\t\t\t\t<div class=\"elementor-element elementor-element-f0b6c6d elementor-widget elementor-widget-heading\" data-id=\"f0b6c6d\" data-element_type=\"widget\" data-e-type=\"widget\" data-widget_type=\"heading.default\">\n\t\t\t\t<div class=\"elementor-widget-container\">\n\t\t\t\t\t<h2 class=\"elementor-heading-title elementor-size-default\">Pourquoi est-il important de faire appel \u00e0 un cabinet de conseil professionnel en mati\u00e8re de gestion des salaires et des contrats ?<\/h2>\t\t\t\t<\/div>\n\t\t\t\t<\/div>\n\t\t\t\t\t<\/div>\r\n\t\t\t\t<\/div>\r\n\t\t\t\t\t<\/div>\r\n\t\t\t\t<\/section>\r\n\t\t\t\t<section data-particle_enable=\"false\" data-particle-mobile-disabled=\"false\" class=\"elementor-section elementor-top-section elementor-element elementor-element-38fa8ef elementor-section-boxed elementor-section-height-default elementor-section-height-default\" data-id=\"38fa8ef\" data-element_type=\"section\" data-e-type=\"section\">\r\n\t\t\r\n\t\t\t\t\t\t\t<div class=\"elementor-container elementor-column-gap-default\">\r\n\t\t\t\t\t\t\t\t\t\t\t<div class=\"elementor-column elementor-col-100 elementor-top-column elementor-element elementor-element-76273b3\" data-id=\"76273b3\" data-element_type=\"column\" data-e-type=\"column\">\r\n\t\t\t\t\t<div class=\"elementor-widget-wrap elementor-element-populated\">\r\n\t\t\t\t\t\t\t\t<div class=\"elementor-element elementor-element-0b8ba06 elementor-widget elementor-widget-text-editor\" data-id=\"0b8ba06\" data-element_type=\"widget\" data-e-type=\"widget\" data-widget_type=\"text-editor.default\">\n\t\t\t\t<div class=\"elementor-widget-container\">\n\t\t\t\t\t\t\t\t\t<p>D\u00e9l\u00e9guer la <strong>gestion des salaires et des contrats<\/strong> \u00e0 un cabinet de conseil sp\u00e9cialis\u00e9, comme <a href=\"https:\/\/www.asesoriaorihuelacosta.com\/fr\/\" target=\"_blank\" rel=\"noopener\">Asesor\u00eda Orihuela Costa<\/a>, est l&rsquo;une des meilleures d\u00e9cisions que puisse prendre un chef d&rsquo;entreprise ou un travailleur ind\u00e9pendant. Disposer d&rsquo;une \u00e9quipe d&rsquo;experts permet de<\/p><ul><li>Minimiser les erreurs humaines<\/li><li>De se tenir au courant des r\u00e9glementations.<\/li><li>Garantir la pr\u00e9paration correcte des contrats.<\/li><li>Gagner du temps et des ressources.<br \/>d&rsquo;\u00e9viter les sanctions administratives<\/li><\/ul>\t\t\t\t\t\t\t\t<\/div>\n\t\t\t\t<\/div>\n\t\t\t\t\t<\/div>\r\n\t\t\t\t<\/div>\r\n\t\t\t\t\t<\/div>\r\n\t\t\t\t<\/section>\r\n\t\t\t\t<section data-particle_enable=\"false\" data-particle-mobile-disabled=\"false\" class=\"elementor-section elementor-top-section elementor-element elementor-element-a8ac67f elementor-section-boxed elementor-section-height-default elementor-section-height-default\" data-id=\"a8ac67f\" data-element_type=\"section\" data-e-type=\"section\">\r\n\t\t\r\n\t\t\t\t\t\t\t<div class=\"elementor-container elementor-column-gap-default\">\r\n\t\t\t\t\t\t\t\t\t\t\t<div class=\"elementor-column elementor-col-100 elementor-top-column elementor-element elementor-element-1552e8c\" data-id=\"1552e8c\" data-element_type=\"column\" data-e-type=\"column\">\r\n\t\t\t\t\t<div class=\"elementor-widget-wrap elementor-element-populated\">\r\n\t\t\t\t\t\t\t\t<div class=\"elementor-element elementor-element-82b9dde elementor-widget elementor-widget-heading\" data-id=\"82b9dde\" data-element_type=\"widget\" data-e-type=\"widget\" data-widget_type=\"heading.default\">\n\t\t\t\t<div class=\"elementor-widget-container\">\n\t\t\t\t\t<h2 class=\"elementor-heading-title elementor-size-default\">Vous \u00eates \u00e0 la recherche d'un bureau de conseil qui vous aidera \u00e0 \u00e9viter les erreurs dans le domaine des salaires et des contrats ?<\/h2>\t\t\t\t<\/div>\n\t\t\t\t<\/div>\n\t\t\t\t\t<\/div>\r\n\t\t\t\t<\/div>\r\n\t\t\t\t\t<\/div>\r\n\t\t\t\t<\/section>\r\n\t\t\t\t<section data-particle_enable=\"false\" data-particle-mobile-disabled=\"false\" class=\"elementor-section elementor-top-section elementor-element elementor-element-8eccd79 elementor-section-boxed elementor-section-height-default elementor-section-height-default\" data-id=\"8eccd79\" data-element_type=\"section\" data-e-type=\"section\">\r\n\t\t\r\n\t\t\t\t\t\t\t<div class=\"elementor-container elementor-column-gap-default\">\r\n\t\t\t\t\t\t\t\t\t\t\t<div class=\"elementor-column elementor-col-100 elementor-top-column elementor-element elementor-element-bf8994c\" data-id=\"bf8994c\" data-element_type=\"column\" data-e-type=\"column\">\r\n\t\t\t\t\t<div class=\"elementor-widget-wrap elementor-element-populated\">\r\n\t\t\t\t\t\t\t\t<div class=\"elementor-element elementor-element-418a33b elementor-widget elementor-widget-image\" data-id=\"418a33b\" data-element_type=\"widget\" data-e-type=\"widget\" data-widget_type=\"image.default\">\n\t\t\t\t<div class=\"elementor-widget-container\">\n\t\t\t\t\t\t\t\t\t\t\t\t\t\t\t<img decoding=\"async\" src=\"https:\/\/www.asesoriaorihuelacosta.com\/wp-content\/uploads\/2025\/06\/asesoria-orihuela-costa-te-ayuda-a-evitar-errores-en-nominas-y-contratos.webp\" title=\"\" alt=\"asesoria-orihuela-costa-te-ayuda-a-evitar-errores-en-nominas-y-contratos\" loading=\"lazy\" \/>\t\t\t\t\t\t\t\t\t\t\t\t\t\t\t<\/div>\n\t\t\t\t<\/div>\n\t\t\t\t\t<\/div>\r\n\t\t\t\t<\/div>\r\n\t\t\t\t\t<\/div>\r\n\t\t\t\t<\/section>\r\n\t\t\t\t<section data-particle_enable=\"false\" data-particle-mobile-disabled=\"false\" class=\"elementor-section elementor-top-section elementor-element elementor-element-141b5b7 elementor-section-boxed elementor-section-height-default elementor-section-height-default\" data-id=\"141b5b7\" data-element_type=\"section\" data-e-type=\"section\">\r\n\t\t\r\n\t\t\t\t\t\t\t<div class=\"elementor-container elementor-column-gap-default\">\r\n\t\t\t\t\t\t\t\t\t\t\t<div class=\"elementor-column elementor-col-100 elementor-top-column elementor-element elementor-element-bb75a30\" data-id=\"bb75a30\" data-element_type=\"column\" data-e-type=\"column\">\r\n\t\t\t\t\t<div class=\"elementor-widget-wrap elementor-element-populated\">\r\n\t\t\t\t\t\t\t\t<div class=\"elementor-element elementor-element-6888129 elementor-widget elementor-widget-text-editor\" data-id=\"6888129\" data-element_type=\"widget\" data-e-type=\"widget\" data-widget_type=\"text-editor.default\">\n\t\t\t\t<div class=\"elementor-widget-container\">\n\t\t\t\t\t\t\t\t\t<h3>Asesor\u00eda Orihuela Costa est votre meilleure option !<\/h3><p><strong>Asesor\u00eda Orihuela Costa<\/strong> est sp\u00e9cialis\u00e9e dans la<strong> gestion des salaires et des contrats<\/strong> et propose des solutions adapt\u00e9es aux <strong>entreprises, aux PME et aux travailleurs ind\u00e9pendants<\/strong>. Notre \u00e9quipe d&rsquo;experts veille au respect rigoureux de la r\u00e9glementation, en optimisant les processus et en \u00e9vitant les erreurs qui pourraient mettre votre entreprise en p\u00e9ril.<\/p><p>Nos services comprennent<\/p><ul><li><a href=\"https:\/\/www.asesoriaorihuelacosta.com\/fr\/fiduciaire\/\" target=\"_blank\" rel=\"noopener\">Conseil int\u00e9gral<\/a> : fiscalit\u00e9, comptabilit\u00e9 et travail.<\/li><li><a href=\"https:\/\/www.asesoriaorihuelacosta.com\/fr\/conseil-entreprises\/\" target=\"_blank\" rel=\"noopener\">Conseil aux entreprises<\/a> et aux PME : adapt\u00e9 \u00e0 vos besoins.<\/li><li><a href=\"https:\/\/www.asesoriaorihuelacosta.com\/fr\/conseil-independant\/\" target=\"_blank\" rel=\"noopener\">Conseil aux ind\u00e9pendants<\/a> : nous g\u00e9rons toutes vos obligations.<\/li><li><a href=\"https:\/\/www.asesoriaorihuelacosta.com\/fr\/conseils-aux-etrangers\/\" target=\"_blank\" rel=\"noopener\">Gestor\u00eda<\/a> : proc\u00e9dures agiles et efficaces.<\/li><li>Et bien plus encore : conseil strat\u00e9gique, d\u00e9clarations fiscales, inscription \u00e0 la s\u00e9curit\u00e9 sociale, etc.<\/li><\/ul><p>Demandez votre conseil personnalis\u00e9 et \u00e9vitez les complications dans l&rsquo;administration de votre entreprise : <a href=\"https:\/\/www.asesoriaorihuelacosta.com\/fr\/contacter\/\" target=\"_blank\" rel=\"noopener\">contactez-nous<\/a> et commencez \u00e0 travailler en toute s\u00e9r\u00e9nit\u00e9!<\/p>\t\t\t\t\t\t\t\t<\/div>\n\t\t\t\t<\/div>\n\t\t\t\t\t<\/div>\r\n\t\t\t\t<\/div>\r\n\t\t\t\t\t<\/div>\r\n\t\t\t\t<\/section>\r\n\t\t\t\t<\/div>\n\t\t","protected":false},"excerpt":{"rendered":"<p>Saviez-vous que 45 % des petites et moyennes entreprises perdent de l&rsquo;argent chaque ann\u00e9e en raison d&rsquo;erreurs administratives dans les contrats de travail et les contrats de paie ? Ces erreurs, apparemment insignifiantes, peuvent se transformer en v\u00e9ritables cauchemars juridiques et financiers. C&rsquo;est pourquoi la gestion des salaires et des contrats de travail doit \u00eatre [&hellip;]<\/p>\n","protected":false},"author":2,"featured_media":45599,"comment_status":"closed","ping_status":"closed","sticky":false,"template":"","format":"standard","meta":{"_eb_attr":"","inline_featured_image":false,"footnotes":""},"categories":[1],"tags":[],"class_list":["post-45545","post","type-post","status-publish","format-standard","has-post-thumbnail","hentry","category-blog"],"featured_image_src":{"landsacpe":["https:\/\/www.asesoriaorihuelacosta.com\/wp-content\/uploads\/2025\/06\/gestion-de-nominas-y-contratos-940x445.webp",940,445,true],"list":["https:\/\/www.asesoriaorihuelacosta.com\/wp-content\/uploads\/2025\/06\/gestion-de-nominas-y-contratos-463x348.webp",463,348,true],"medium":["https:\/\/www.asesoriaorihuelacosta.com\/wp-content\/uploads\/2025\/06\/gestion-de-nominas-y-contratos-300x251.webp",300,251,true],"full":["https:\/\/www.asesoriaorihuelacosta.com\/wp-content\/uploads\/2025\/06\/gestion-de-nominas-y-contratos.webp",940,788,false]},"yoast_head":"<!-- This site is optimized with the Yoast SEO Premium plugin v24.7 (Yoast SEO v27.5) - https:\/\/yoast.com\/product\/yoast-seo-premium-wordpress\/ -->\n<title>Gestion des salaires et des contrats: \u00e9viter les erreurs - Asesor\u00eda Orihuela Costa<\/title>\n<meta name=\"description\" content=\"\u00c9vitez les p\u00e9nalit\u00e9s gr\u00e2ce \u00e0 une gestion efficace des salaires et des contrats. Respectez les obligations de l&#039;entreprise en Espagne.\" \/>\n<meta name=\"robots\" content=\"index, follow, max-snippet:-1, max-image-preview:large, max-video-preview:-1\" \/>\n<link rel=\"canonical\" href=\"https:\/\/www.asesoriaorihuelacosta.com\/fr\/gestion-de-nominas-y-contratos-2\/\" \/>\n<meta property=\"og:locale\" content=\"fr_FR\" \/>\n<meta property=\"og:type\" content=\"article\" \/>\n<meta property=\"og:title\" content=\"Gestion des salaires et des contrats : Les cl\u00e9s pour \u00e9viter les erreurs\" \/>\n<meta property=\"og:description\" content=\"\u00c9vitez les p\u00e9nalit\u00e9s gr\u00e2ce \u00e0 une gestion efficace des salaires et des contrats. Respectez les obligations de l&#039;entreprise en Espagne.\" \/>\n<meta property=\"og:url\" content=\"https:\/\/www.asesoriaorihuelacosta.com\/fr\/gestion-de-nominas-y-contratos-2\/\" \/>\n<meta property=\"og:site_name\" content=\"Asesor\u00eda Orihuela Costa\" \/>\n<meta property=\"article:publisher\" content=\"https:\/\/www.facebook.com\/asesoriaorihuelacosta\" \/>\n<meta property=\"article:author\" content=\"https:\/\/www.facebook.com\/patrick.gordinneperez\" \/>\n<meta property=\"article:published_time\" content=\"2025-06-20T06:14:54+00:00\" \/>\n<meta property=\"article:modified_time\" content=\"2025-10-08T15:23:22+00:00\" \/>\n<meta property=\"og:image\" content=\"https:\/\/www.asesoriaorihuelacosta.com\/wp-content\/uploads\/2025\/06\/gestion-de-nominas-y-contratos.webp\" \/>\n\t<meta property=\"og:image:width\" content=\"940\" \/>\n\t<meta property=\"og:image:height\" content=\"788\" \/>\n\t<meta property=\"og:image:type\" content=\"image\/webp\" \/>\n<meta name=\"author\" content=\"Patrick Gordinne Perez\" \/>\n<meta name=\"twitter:card\" content=\"summary_large_image\" \/>\n<meta name=\"twitter:label1\" content=\"\u00c9crit par\" \/>\n\t<meta name=\"twitter:data1\" content=\"Patrick Gordinne Perez\" \/>\n\t<meta name=\"twitter:label2\" content=\"Dur\u00e9e de lecture estim\u00e9e\" \/>\n\t<meta name=\"twitter:data2\" content=\"1 minute\" \/>\n<script type=\"application\/ld+json\" class=\"yoast-schema-graph\">{\"@context\":\"https:\\\/\\\/schema.org\",\"@graph\":[{\"@type\":\"Article\",\"@id\":\"https:\\\/\\\/www.asesoriaorihuelacosta.com\\\/fr\\\/gestion-de-nominas-y-contratos-2\\\/#article\",\"isPartOf\":{\"@id\":\"https:\\\/\\\/www.asesoriaorihuelacosta.com\\\/fr\\\/gestion-de-nominas-y-contratos-2\\\/\"},\"author\":{\"name\":\"Patrick Gordinne Perez\",\"@id\":\"https:\\\/\\\/www.asesoriaorihuelacosta.com\\\/fr\\\/#\\\/schema\\\/person\\\/6614ce8cf6d2de542aaf351629fd539e\"},\"headline\":\"Gestion des salaires et des contrats : Les cl\u00e9s pour \u00e9viter les erreurs\",\"datePublished\":\"2025-06-20T06:14:54+00:00\",\"dateModified\":\"2025-10-08T15:23:22+00:00\",\"mainEntityOfPage\":{\"@id\":\"https:\\\/\\\/www.asesoriaorihuelacosta.com\\\/fr\\\/gestion-de-nominas-y-contratos-2\\\/\"},\"wordCount\":1270,\"publisher\":{\"@id\":\"https:\\\/\\\/www.asesoriaorihuelacosta.com\\\/fr\\\/#organization\"},\"image\":{\"@id\":\"https:\\\/\\\/www.asesoriaorihuelacosta.com\\\/fr\\\/gestion-de-nominas-y-contratos-2\\\/#primaryimage\"},\"thumbnailUrl\":\"https:\\\/\\\/www.asesoriaorihuelacosta.com\\\/wp-content\\\/uploads\\\/2025\\\/06\\\/gestion-de-nominas-y-contratos.webp\",\"articleSection\":[\"Blog\"],\"inLanguage\":\"fr-FR\"},{\"@type\":\"WebPage\",\"@id\":\"https:\\\/\\\/www.asesoriaorihuelacosta.com\\\/fr\\\/gestion-de-nominas-y-contratos-2\\\/\",\"url\":\"https:\\\/\\\/www.asesoriaorihuelacosta.com\\\/fr\\\/gestion-de-nominas-y-contratos-2\\\/\",\"name\":\"Gestion des salaires et des contrats: \u00e9viter les erreurs - Asesor\u00eda Orihuela Costa\",\"isPartOf\":{\"@id\":\"https:\\\/\\\/www.asesoriaorihuelacosta.com\\\/fr\\\/#website\"},\"primaryImageOfPage\":{\"@id\":\"https:\\\/\\\/www.asesoriaorihuelacosta.com\\\/fr\\\/gestion-de-nominas-y-contratos-2\\\/#primaryimage\"},\"image\":{\"@id\":\"https:\\\/\\\/www.asesoriaorihuelacosta.com\\\/fr\\\/gestion-de-nominas-y-contratos-2\\\/#primaryimage\"},\"thumbnailUrl\":\"https:\\\/\\\/www.asesoriaorihuelacosta.com\\\/wp-content\\\/uploads\\\/2025\\\/06\\\/gestion-de-nominas-y-contratos.webp\",\"datePublished\":\"2025-06-20T06:14:54+00:00\",\"dateModified\":\"2025-10-08T15:23:22+00:00\",\"description\":\"\u00c9vitez les p\u00e9nalit\u00e9s gr\u00e2ce \u00e0 une gestion efficace des salaires et des contrats. Respectez les obligations de l'entreprise en Espagne.\",\"breadcrumb\":{\"@id\":\"https:\\\/\\\/www.asesoriaorihuelacosta.com\\\/fr\\\/gestion-de-nominas-y-contratos-2\\\/#breadcrumb\"},\"inLanguage\":\"fr-FR\",\"potentialAction\":[{\"@type\":\"ReadAction\",\"target\":[\"https:\\\/\\\/www.asesoriaorihuelacosta.com\\\/fr\\\/gestion-de-nominas-y-contratos-2\\\/\"]}]},{\"@type\":\"ImageObject\",\"inLanguage\":\"fr-FR\",\"@id\":\"https:\\\/\\\/www.asesoriaorihuelacosta.com\\\/fr\\\/gestion-de-nominas-y-contratos-2\\\/#primaryimage\",\"url\":\"https:\\\/\\\/www.asesoriaorihuelacosta.com\\\/wp-content\\\/uploads\\\/2025\\\/06\\\/gestion-de-nominas-y-contratos.webp\",\"contentUrl\":\"https:\\\/\\\/www.asesoriaorihuelacosta.com\\\/wp-content\\\/uploads\\\/2025\\\/06\\\/gestion-de-nominas-y-contratos.webp\",\"width\":940,\"height\":788,\"caption\":\"gestion-de-nominas-y-contratos\"},{\"@type\":\"BreadcrumbList\",\"@id\":\"https:\\\/\\\/www.asesoriaorihuelacosta.com\\\/fr\\\/gestion-de-nominas-y-contratos-2\\\/#breadcrumb\",\"itemListElement\":[{\"@type\":\"ListItem\",\"position\":1,\"name\":\"Home\",\"item\":\"https:\\\/\\\/www.asesoriaorihuelacosta.com\\\/fr\\\/\"},{\"@type\":\"ListItem\",\"position\":2,\"name\":\"Gestion des salaires et des contrats : Les cl\u00e9s pour \u00e9viter les erreurs\"}]},{\"@type\":\"WebSite\",\"@id\":\"https:\\\/\\\/www.asesoriaorihuelacosta.com\\\/fr\\\/#website\",\"url\":\"https:\\\/\\\/www.asesoriaorihuelacosta.com\\\/fr\\\/\",\"name\":\"https:\\\/\\\/www.asesoriaorihuelacosta.com\\\/\",\"description\":\"Grupo de asesores profesionales\",\"publisher\":{\"@id\":\"https:\\\/\\\/www.asesoriaorihuelacosta.com\\\/fr\\\/#organization\"},\"potentialAction\":[{\"@type\":\"SearchAction\",\"target\":{\"@type\":\"EntryPoint\",\"urlTemplate\":\"https:\\\/\\\/www.asesoriaorihuelacosta.com\\\/fr\\\/?s={search_term_string}\"},\"query-input\":{\"@type\":\"PropertyValueSpecification\",\"valueRequired\":true,\"valueName\":\"search_term_string\"}}],\"inLanguage\":\"fr-FR\"},{\"@type\":\"Organization\",\"@id\":\"https:\\\/\\\/www.asesoriaorihuelacosta.com\\\/fr\\\/#organization\",\"name\":\"Asesor\u00eda Orihuela Costa\",\"url\":\"https:\\\/\\\/www.asesoriaorihuelacosta.com\\\/fr\\\/\",\"logo\":{\"@type\":\"ImageObject\",\"inLanguage\":\"fr-FR\",\"@id\":\"https:\\\/\\\/www.asesoriaorihuelacosta.com\\\/fr\\\/#\\\/schema\\\/logo\\\/image\\\/\",\"url\":\"https:\\\/\\\/www.asesoriaorihuelacosta.com\\\/wp-content\\\/uploads\\\/2022\\\/06\\\/Logo-espa\u5bf8l-asesoriaorihuela.jpg\",\"contentUrl\":\"https:\\\/\\\/www.asesoriaorihuelacosta.com\\\/wp-content\\\/uploads\\\/2022\\\/06\\\/Logo-espa\u5bf8l-asesoriaorihuela.jpg\",\"width\":588,\"height\":136,\"caption\":\"Asesor\u00eda Orihuela Costa\"},\"image\":{\"@id\":\"https:\\\/\\\/www.asesoriaorihuelacosta.com\\\/fr\\\/#\\\/schema\\\/logo\\\/image\\\/\"},\"sameAs\":[\"https:\\\/\\\/www.facebook.com\\\/asesoriaorihuelacosta\"]},{\"@type\":\"Person\",\"@id\":\"https:\\\/\\\/www.asesoriaorihuelacosta.com\\\/fr\\\/#\\\/schema\\\/person\\\/6614ce8cf6d2de542aaf351629fd539e\",\"name\":\"Patrick Gordinne Perez\",\"description\":\"Soy economista colegiado por el colegio de economistas de Alicante con el n\u00famero 2722. Llevo ejerciendo desde el a\u00f1o 2005. Soy especialista en fiscalidad de empresas y aut\u00f3nomos y tambi\u00e9n especialista en gestionar compraventas. Hablo espa\u00f1ol, ingl\u00e9s y franc\u00e9s.\",\"sameAs\":[\"https:\\\/\\\/www.asesoriaorihuelacosta.com\",\"https:\\\/\\\/www.facebook.com\\\/patrick.gordinneperez\",\"https:\\\/\\\/www.linkedin.com\\\/in\\\/patrick-gordinne-perez-1b73aab3\\\/\",\"https:\\\/\\\/www.youtube.com\\\/channel\\\/UC5e95RJEVQlxCnhwDmGNVCw\"],\"gender\":\"Hombre\",\"knowsLanguage\":[\"ingl\u00e9s\",\"franc\u00e9s\",\"espa\u00f1ol\"],\"jobTitle\":\"Gerente\",\"worksFor\":\"Asesoria Orihuela Costa SL\"}]}<\/script>\n<!-- \/ Yoast SEO Premium plugin. -->","yoast_head_json":{"title":"Gestion des salaires et des contrats: \u00e9viter les erreurs - Asesor\u00eda Orihuela Costa","description":"\u00c9vitez les p\u00e9nalit\u00e9s gr\u00e2ce \u00e0 une gestion efficace des salaires et des contrats. Respectez les obligations de l'entreprise en Espagne.","robots":{"index":"index","follow":"follow","max-snippet":"max-snippet:-1","max-image-preview":"max-image-preview:large","max-video-preview":"max-video-preview:-1"},"canonical":"https:\/\/www.asesoriaorihuelacosta.com\/fr\/gestion-de-nominas-y-contratos-2\/","og_locale":"fr_FR","og_type":"article","og_title":"Gestion des salaires et des contrats : Les cl\u00e9s pour \u00e9viter les erreurs","og_description":"\u00c9vitez les p\u00e9nalit\u00e9s gr\u00e2ce \u00e0 une gestion efficace des salaires et des contrats. Respectez les obligations de l'entreprise en Espagne.","og_url":"https:\/\/www.asesoriaorihuelacosta.com\/fr\/gestion-de-nominas-y-contratos-2\/","og_site_name":"Asesor\u00eda Orihuela Costa","article_publisher":"https:\/\/www.facebook.com\/asesoriaorihuelacosta","article_author":"https:\/\/www.facebook.com\/patrick.gordinneperez","article_published_time":"2025-06-20T06:14:54+00:00","article_modified_time":"2025-10-08T15:23:22+00:00","og_image":[{"width":940,"height":788,"url":"https:\/\/www.asesoriaorihuelacosta.com\/wp-content\/uploads\/2025\/06\/gestion-de-nominas-y-contratos.webp","type":"image\/webp"}],"author":"Patrick Gordinne Perez","twitter_card":"summary_large_image","twitter_misc":{"\u00c9crit par":"Patrick Gordinne Perez","Dur\u00e9e de lecture estim\u00e9e":"1 minute"},"schema":{"@context":"https:\/\/schema.org","@graph":[{"@type":"Article","@id":"https:\/\/www.asesoriaorihuelacosta.com\/fr\/gestion-de-nominas-y-contratos-2\/#article","isPartOf":{"@id":"https:\/\/www.asesoriaorihuelacosta.com\/fr\/gestion-de-nominas-y-contratos-2\/"},"author":{"name":"Patrick Gordinne Perez","@id":"https:\/\/www.asesoriaorihuelacosta.com\/fr\/#\/schema\/person\/6614ce8cf6d2de542aaf351629fd539e"},"headline":"Gestion des salaires et des contrats : Les cl\u00e9s pour \u00e9viter les erreurs","datePublished":"2025-06-20T06:14:54+00:00","dateModified":"2025-10-08T15:23:22+00:00","mainEntityOfPage":{"@id":"https:\/\/www.asesoriaorihuelacosta.com\/fr\/gestion-de-nominas-y-contratos-2\/"},"wordCount":1270,"publisher":{"@id":"https:\/\/www.asesoriaorihuelacosta.com\/fr\/#organization"},"image":{"@id":"https:\/\/www.asesoriaorihuelacosta.com\/fr\/gestion-de-nominas-y-contratos-2\/#primaryimage"},"thumbnailUrl":"https:\/\/www.asesoriaorihuelacosta.com\/wp-content\/uploads\/2025\/06\/gestion-de-nominas-y-contratos.webp","articleSection":["Blog"],"inLanguage":"fr-FR"},{"@type":"WebPage","@id":"https:\/\/www.asesoriaorihuelacosta.com\/fr\/gestion-de-nominas-y-contratos-2\/","url":"https:\/\/www.asesoriaorihuelacosta.com\/fr\/gestion-de-nominas-y-contratos-2\/","name":"Gestion des salaires et des contrats: \u00e9viter les erreurs - Asesor\u00eda Orihuela Costa","isPartOf":{"@id":"https:\/\/www.asesoriaorihuelacosta.com\/fr\/#website"},"primaryImageOfPage":{"@id":"https:\/\/www.asesoriaorihuelacosta.com\/fr\/gestion-de-nominas-y-contratos-2\/#primaryimage"},"image":{"@id":"https:\/\/www.asesoriaorihuelacosta.com\/fr\/gestion-de-nominas-y-contratos-2\/#primaryimage"},"thumbnailUrl":"https:\/\/www.asesoriaorihuelacosta.com\/wp-content\/uploads\/2025\/06\/gestion-de-nominas-y-contratos.webp","datePublished":"2025-06-20T06:14:54+00:00","dateModified":"2025-10-08T15:23:22+00:00","description":"\u00c9vitez les p\u00e9nalit\u00e9s gr\u00e2ce \u00e0 une gestion efficace des salaires et des contrats. Respectez les obligations de l'entreprise en Espagne.","breadcrumb":{"@id":"https:\/\/www.asesoriaorihuelacosta.com\/fr\/gestion-de-nominas-y-contratos-2\/#breadcrumb"},"inLanguage":"fr-FR","potentialAction":[{"@type":"ReadAction","target":["https:\/\/www.asesoriaorihuelacosta.com\/fr\/gestion-de-nominas-y-contratos-2\/"]}]},{"@type":"ImageObject","inLanguage":"fr-FR","@id":"https:\/\/www.asesoriaorihuelacosta.com\/fr\/gestion-de-nominas-y-contratos-2\/#primaryimage","url":"https:\/\/www.asesoriaorihuelacosta.com\/wp-content\/uploads\/2025\/06\/gestion-de-nominas-y-contratos.webp","contentUrl":"https:\/\/www.asesoriaorihuelacosta.com\/wp-content\/uploads\/2025\/06\/gestion-de-nominas-y-contratos.webp","width":940,"height":788,"caption":"gestion-de-nominas-y-contratos"},{"@type":"BreadcrumbList","@id":"https:\/\/www.asesoriaorihuelacosta.com\/fr\/gestion-de-nominas-y-contratos-2\/#breadcrumb","itemListElement":[{"@type":"ListItem","position":1,"name":"Home","item":"https:\/\/www.asesoriaorihuelacosta.com\/fr\/"},{"@type":"ListItem","position":2,"name":"Gestion des salaires et des contrats : Les cl\u00e9s pour \u00e9viter les erreurs"}]},{"@type":"WebSite","@id":"https:\/\/www.asesoriaorihuelacosta.com\/fr\/#website","url":"https:\/\/www.asesoriaorihuelacosta.com\/fr\/","name":"https:\/\/www.asesoriaorihuelacosta.com\/","description":"Grupo de asesores profesionales","publisher":{"@id":"https:\/\/www.asesoriaorihuelacosta.com\/fr\/#organization"},"potentialAction":[{"@type":"SearchAction","target":{"@type":"EntryPoint","urlTemplate":"https:\/\/www.asesoriaorihuelacosta.com\/fr\/?s={search_term_string}"},"query-input":{"@type":"PropertyValueSpecification","valueRequired":true,"valueName":"search_term_string"}}],"inLanguage":"fr-FR"},{"@type":"Organization","@id":"https:\/\/www.asesoriaorihuelacosta.com\/fr\/#organization","name":"Asesor\u00eda Orihuela Costa","url":"https:\/\/www.asesoriaorihuelacosta.com\/fr\/","logo":{"@type":"ImageObject","inLanguage":"fr-FR","@id":"https:\/\/www.asesoriaorihuelacosta.com\/fr\/#\/schema\/logo\/image\/","url":"https:\/\/www.asesoriaorihuelacosta.com\/wp-content\/uploads\/2022\/06\/Logo-espa\u5bf8l-asesoriaorihuela.jpg","contentUrl":"https:\/\/www.asesoriaorihuelacosta.com\/wp-content\/uploads\/2022\/06\/Logo-espa\u5bf8l-asesoriaorihuela.jpg","width":588,"height":136,"caption":"Asesor\u00eda Orihuela Costa"},"image":{"@id":"https:\/\/www.asesoriaorihuelacosta.com\/fr\/#\/schema\/logo\/image\/"},"sameAs":["https:\/\/www.facebook.com\/asesoriaorihuelacosta"]},{"@type":"Person","@id":"https:\/\/www.asesoriaorihuelacosta.com\/fr\/#\/schema\/person\/6614ce8cf6d2de542aaf351629fd539e","name":"Patrick Gordinne Perez","description":"Soy economista colegiado por el colegio de economistas de Alicante con el n\u00famero 2722. Llevo ejerciendo desde el a\u00f1o 2005. Soy especialista en fiscalidad de empresas y aut\u00f3nomos y tambi\u00e9n especialista en gestionar compraventas. Hablo espa\u00f1ol, ingl\u00e9s y franc\u00e9s.","sameAs":["https:\/\/www.asesoriaorihuelacosta.com","https:\/\/www.facebook.com\/patrick.gordinneperez","https:\/\/www.linkedin.com\/in\/patrick-gordinne-perez-1b73aab3\/","https:\/\/www.youtube.com\/channel\/UC5e95RJEVQlxCnhwDmGNVCw"],"gender":"Hombre","knowsLanguage":["ingl\u00e9s","franc\u00e9s","espa\u00f1ol"],"jobTitle":"Gerente","worksFor":"Asesoria Orihuela Costa SL"}]}},"_links":{"self":[{"href":"https:\/\/www.asesoriaorihuelacosta.com\/fr\/wp-json\/wp\/v2\/posts\/45545","targetHints":{"allow":["GET"]}}],"collection":[{"href":"https:\/\/www.asesoriaorihuelacosta.com\/fr\/wp-json\/wp\/v2\/posts"}],"about":[{"href":"https:\/\/www.asesoriaorihuelacosta.com\/fr\/wp-json\/wp\/v2\/types\/post"}],"author":[{"embeddable":true,"href":"https:\/\/www.asesoriaorihuelacosta.com\/fr\/wp-json\/wp\/v2\/users\/2"}],"replies":[{"embeddable":true,"href":"https:\/\/www.asesoriaorihuelacosta.com\/fr\/wp-json\/wp\/v2\/comments?post=45545"}],"version-history":[{"count":2,"href":"https:\/\/www.asesoriaorihuelacosta.com\/fr\/wp-json\/wp\/v2\/posts\/45545\/revisions"}],"predecessor-version":[{"id":45716,"href":"https:\/\/www.asesoriaorihuelacosta.com\/fr\/wp-json\/wp\/v2\/posts\/45545\/revisions\/45716"}],"wp:featuredmedia":[{"embeddable":true,"href":"https:\/\/www.asesoriaorihuelacosta.com\/fr\/wp-json\/wp\/v2\/media\/45599"}],"wp:attachment":[{"href":"https:\/\/www.asesoriaorihuelacosta.com\/fr\/wp-json\/wp\/v2\/media?parent=45545"}],"wp:term":[{"taxonomy":"category","embeddable":true,"href":"https:\/\/www.asesoriaorihuelacosta.com\/fr\/wp-json\/wp\/v2\/categories?post=45545"},{"taxonomy":"post_tag","embeddable":true,"href":"https:\/\/www.asesoriaorihuelacosta.com\/fr\/wp-json\/wp\/v2\/tags?post=45545"}],"curies":[{"name":"wp","href":"https:\/\/api.w.org\/{rel}","templated":true}]}}