{"id":45528,"date":"2025-05-13T05:26:56","date_gmt":"2025-05-13T05:26:56","guid":{"rendered":"https:\/\/www.asesoriaorihuelacosta.com\/?p=43501"},"modified":"2025-10-08T15:56:05","modified_gmt":"2025-10-08T15:56:05","slug":"si-vous-exercez-une-activite-exoneree-de-tva-vous-etes-plus-interesse-a-prendre-un-leasing-ou-un-pret","status":"publish","type":"post","link":"https:\/\/www.asesoriaorihuelacosta.com\/fr\/si-vous-exercez-une-activite-exoneree-de-tva-vous-etes-plus-interesse-a-prendre-un-leasing-ou-un-pret\/","title":{"rendered":"Si vous exercez une activit\u00e9 exon\u00e9r\u00e9e de TVA, vous \u00eates plus int\u00e9ress\u00e9 \u00e0 prendre un Leasing ou un pr\u00eat?"},"content":{"rendered":"\t\t<div data-elementor-type=\"wp-post\" data-elementor-id=\"45528\" class=\"elementor elementor-45528\" data-elementor-post-type=\"post\">\n\t\t\t\t\t\t<section data-particle_enable=\"false\" data-particle-mobile-disabled=\"false\" class=\"elementor-section elementor-top-section elementor-element elementor-element-7d43114 elementor-section-boxed elementor-section-height-default elementor-section-height-default\" data-id=\"7d43114\" data-element_type=\"section\" data-e-type=\"section\">\r\n\t\t\r\n\t\t\t\t\t\t\t<div class=\"elementor-container elementor-column-gap-default\">\r\n\t\t\t\t\t\t\t\t\t\t\t<div class=\"elementor-column elementor-col-100 elementor-top-column elementor-element elementor-element-b2a2ea5\" data-id=\"b2a2ea5\" data-element_type=\"column\" data-e-type=\"column\">\r\n\t\t\t\t\t<div class=\"elementor-widget-wrap elementor-element-populated\">\r\n\t\t\t\t\t\t\t\t<div class=\"elementor-element elementor-element-ffbb69d elementor-widget elementor-widget-text-editor\" data-id=\"ffbb69d\" data-element_type=\"widget\" data-e-type=\"widget\" data-widget_type=\"text-editor.default\">\n\t\t\t\t<div class=\"elementor-widget-container\">\n\t\t\t\t\t\t\t\t\t<p>Votre entreprise exerce une activit\u00e9 exon\u00e9r\u00e9e qui ne vous donne pas le droit de d\u00e9duire la TVA qu&rsquo;elle supporte. Eh bien, si vous allez financer l&rsquo;achat d&rsquo;un nouvel actif, qu&rsquo;est-ce qui vous convient le mieux : formaliser un pr\u00eat ou un leasing?<\/p>\t\t\t\t\t\t\t\t<\/div>\n\t\t\t\t<\/div>\n\t\t\t\t\t<\/div>\r\n\t\t\t\t<\/div>\r\n\t\t\t\t\t<\/div>\r\n\t\t\t\t<\/section>\r\n\t\t\t\t<section data-particle_enable=\"false\" data-particle-mobile-disabled=\"false\" class=\"elementor-section elementor-top-section elementor-element elementor-element-03c20c8 elementor-section-boxed elementor-section-height-default elementor-section-height-default\" data-id=\"03c20c8\" data-element_type=\"section\" data-e-type=\"section\">\r\n\t\t\r\n\t\t\t\t\t\t\t<div class=\"elementor-container elementor-column-gap-default\">\r\n\t\t\t\t\t\t\t\t\t\t\t<div class=\"elementor-column elementor-col-100 elementor-top-column elementor-element elementor-element-88e3cd1\" data-id=\"88e3cd1\" data-element_type=\"column\" data-e-type=\"column\">\r\n\t\t\t\t\t<div class=\"elementor-widget-wrap elementor-element-populated\">\r\n\t\t\t\t\t\t\t\t<div class=\"elementor-element elementor-element-37663be elementor-widget elementor-widget-heading\" data-id=\"37663be\" data-element_type=\"widget\" data-e-type=\"widget\" data-widget_type=\"heading.default\">\n\t\t\t\t<div class=\"elementor-widget-container\">\n\t\t\t\t\t<h2 class=\"elementor-heading-title elementor-size-default\">Activit\u00e9 exon\u00e9r\u00e9e de TVA<\/h2>\t\t\t\t<\/div>\n\t\t\t\t<\/div>\n\t\t\t\t\t<\/div>\r\n\t\t\t\t<\/div>\r\n\t\t\t\t\t<\/div>\r\n\t\t\t\t<\/section>\r\n\t\t\t\t<section data-particle_enable=\"false\" data-particle-mobile-disabled=\"false\" class=\"elementor-section elementor-top-section elementor-element elementor-element-cf6b934 elementor-section-boxed elementor-section-height-default elementor-section-height-default\" data-id=\"cf6b934\" data-element_type=\"section\" data-e-type=\"section\">\r\n\t\t\r\n\t\t\t\t\t\t\t<div class=\"elementor-container elementor-column-gap-default\">\r\n\t\t\t\t\t\t\t\t\t\t\t<div class=\"elementor-column elementor-col-100 elementor-top-column elementor-element elementor-element-f285071\" data-id=\"f285071\" data-element_type=\"column\" data-e-type=\"column\">\r\n\t\t\t\t\t<div class=\"elementor-widget-wrap elementor-element-populated\">\r\n\t\t\t\t\t\t\t\t<div class=\"elementor-element elementor-element-9c353de elementor-widget elementor-widget-text-editor\" data-id=\"9c353de\" data-element_type=\"widget\" data-e-type=\"widget\" data-widget_type=\"text-editor.default\">\n\t\t\t\t<div class=\"elementor-widget-container\">\n\t\t\t\t\t\t\t\t\t<h3>Financement d&rsquo;actifs<\/h3><p>Votre entreprise exerce une activit\u00e9 qui ne vous donne pas droit \u00e0 la d\u00e9duction de la TVA qu&rsquo;elle supporte (cela peut se produire, par exemple, si elle fournit certains services m\u00e9dicaux, culturels ou \u00e9ducatifs ou si elle se consacre \u00e0 la location de logements), de sorte que cette taxe repr\u00e9sente un co\u00fbt plus \u00e9lev\u00e9 des biens et services achet\u00e9s pour votre entreprise.<\/p><p>Si vous d\u00e9cidez d&rsquo;acqu\u00e9rir un nouvel actif et que vous devez financer l&rsquo;achat,<\/p><p>Qu&rsquo;est-ce qui vous convient le mieux : formaliser un pr\u00eat ou un leasing ?<\/p><p>Quelle est l&rsquo;option avec laquelle vous supporterez moins de co\u00fbts de TVA et d&rsquo;int\u00e9r\u00eats ?<\/p><h3>Co\u00fbts similaires entre leasing ou pr\u00eat<\/h3><p>Eh bien, si votre entreprise ne peut pas d\u00e9duire la TVA, les deux alternatives ont des co\u00fbts totaux similaires :<\/p><ul><li><strong>Pr\u00eat<\/strong>. Si vous demandez un pr\u00eat, vous devez acheter l&rsquo;actif au fournisseur et celui-ci r\u00e9percutera la TVA sur le prix (qui, en g\u00e9n\u00e9ral, entra\u00eenera un co\u00fbt suppl\u00e9mentaire de 21 %).<\/li><\/ul><p>Dans ce cas, la banque devra \u00e9galement financer la TVA, ce qui augmentera les int\u00e9r\u00eats \u00e0 payer.<\/p><ul><li><strong>Leasing<\/strong>. Si vous demandez un leasing, en revanche, c&rsquo;est la banque qui ach\u00e8tera l&rsquo;actif (en g\u00e9n\u00e9ral, d\u00e9duction faite de la totalit\u00e9 de la TVA support\u00e9e). Et celui-ci financera le prix du bien sans TVA, de sorte que votre entreprise paiera moins d&rsquo;int\u00e9r\u00eats.<\/li><\/ul><p>Cependant, la banque r\u00e9percutera la TVA sur tous les versements du leasing, de sorte que vous finirez par payer cette taxe \u00e9galement sur les int\u00e9r\u00eats et pas seulement sur le principal (les co\u00fbts totaux des int\u00e9r\u00eats et de la TVA du leasing sont assimil\u00e9s \u00e0 ceux du pr\u00eat).<\/p>\t\t\t\t\t\t\t\t<\/div>\n\t\t\t\t<\/div>\n\t\t\t\t\t<\/div>\r\n\t\t\t\t<\/div>\r\n\t\t\t\t\t<\/div>\r\n\t\t\t\t<\/section>\r\n\t\t\t\t<section data-particle_enable=\"false\" data-particle-mobile-disabled=\"false\" class=\"elementor-section elementor-top-section elementor-element elementor-element-1a7fc18 elementor-section-boxed elementor-section-height-default elementor-section-height-default\" data-id=\"1a7fc18\" data-element_type=\"section\" data-e-type=\"section\">\r\n\t\t\r\n\t\t\t\t\t\t\t<div class=\"elementor-container elementor-column-gap-default\">\r\n\t\t\t\t\t\t\t\t\t\t\t<div class=\"elementor-column elementor-col-100 elementor-top-column elementor-element elementor-element-0cae0a5\" data-id=\"0cae0a5\" data-element_type=\"column\" data-e-type=\"column\">\r\n\t\t\t\t\t<div class=\"elementor-widget-wrap elementor-element-populated\">\r\n\t\t\t\t\t\t\t\t<div class=\"elementor-element elementor-element-6d33f9b elementor-widget elementor-widget-heading\" data-id=\"6d33f9b\" data-element_type=\"widget\" data-e-type=\"widget\" data-widget_type=\"heading.default\">\n\t\t\t\t<div class=\"elementor-widget-container\">\n\t\t\t\t\t<h2 class=\"elementor-heading-title elementor-size-default\">Comparaison Leasing ou pr\u00eat<\/h2>\t\t\t\t<\/div>\n\t\t\t\t<\/div>\n\t\t\t\t\t<\/div>\r\n\t\t\t\t<\/div>\r\n\t\t\t\t\t<\/div>\r\n\t\t\t\t<\/section>\r\n\t\t\t\t<section data-particle_enable=\"false\" data-particle-mobile-disabled=\"false\" class=\"elementor-section elementor-top-section elementor-element elementor-element-9367c9e elementor-section-boxed elementor-section-height-default elementor-section-height-default\" data-id=\"9367c9e\" data-element_type=\"section\" data-e-type=\"section\">\r\n\t\t\r\n\t\t\t\t\t\t\t<div class=\"elementor-container elementor-column-gap-default\">\r\n\t\t\t\t\t\t\t\t\t\t\t<div class=\"elementor-column elementor-col-100 elementor-top-column elementor-element elementor-element-b7ad0b8\" data-id=\"b7ad0b8\" data-element_type=\"column\" data-e-type=\"column\">\r\n\t\t\t\t\t<div class=\"elementor-widget-wrap elementor-element-populated\">\r\n\t\t\t\t\t\t\t\t<div class=\"elementor-element elementor-element-e5e929a elementor-widget elementor-widget-text-editor\" data-id=\"e5e929a\" data-element_type=\"widget\" data-e-type=\"widget\" data-widget_type=\"text-editor.default\">\n\t\t\t\t<div class=\"elementor-widget-container\">\n\t\t\t\t\t\t\t\t\t<p>Votre entreprise va acqu\u00e9rir un nouvel actif d&rsquo;un co\u00fbt total de 100 000 euros plus 21 % de TVA :<\/p><p>Pr\u00eat. Demandez un pr\u00eat de 121 000 euros (100 000 euros plus TVA) \u00e0 rembourser dans un d\u00e9lai de cinq ans, \u00e0 5 % d&rsquo;int\u00e9r\u00eat.<\/p><p>&lsquo;Leasing&rsquo; . Il formalise un leasing de 100 000 euros sur cinq ans, au m\u00eame taux d&rsquo;int\u00e9r\u00eat.<\/p><table rules=\"all\"><tbody><tr><td rowspan=\"2\">Ann\u00e9e<\/td><td colspan=\"2\">Pr\u00eat<\/td><td colspan=\"3\">\u2018Leasing\u2019<\/td><\/tr><tr><td>Ppal.<\/td><td>Int\u00e9r\u00eat<\/td><td>Ppal.<\/td><td>Int\u00e9r\u00eat<\/td><td>TVA<\/td><\/tr><tr><td>1<\/td><td>21.847<\/td><td>5.554<\/td><td>18.055<\/td><td>4.590<\/td><td>4.755<\/td><\/tr><tr><td>2<\/td><td>22.965<\/td><td>4.436<\/td><td>18.979<\/td><td>3.666<\/td><td>4.755<\/td><\/tr><tr><td>3<\/td><td>24.140<\/td><td>3.261<\/td><td>19.950<\/td><td>2.695<\/td><td>4.755<\/td><\/tr><tr><td>4<\/td><td>25.375<\/td><td>2.026<\/td><td>20.971<\/td><td>1.674<\/td><td>4.755<\/td><\/tr><tr><td>5<\/td><td>26.673<\/td><td>728<\/td><td>22.045<\/td><td>600<\/td><td>4.755<\/td><\/tr><tr><td><strong>Paiements<\/strong><\/td><td><strong>121.000<\/strong><\/td><td><strong>16.005<\/strong><\/td><td><strong>100.000<\/strong><\/td><td><strong>13.225<\/strong><\/td><td><strong>23.780<\/strong><\/td><\/tr><tr><td><strong>Total<\/strong><\/td><td colspan=\"2\"><strong>137.005 (1) (2)<\/strong><\/td><td colspan=\"3\"><strong>137.005 (1) (2)<\/strong><\/td><\/tr><\/tbody><\/table><p class=\"li-tab-legend-number\">Le co\u00fbt total de l&rsquo;actif (TVA et int\u00e9r\u00eats inclus) finit par \u00eatre le m\u00eame quelle que soit la mani\u00e8re de le financer.<\/p><p class=\"li-tab-legend-number\">M\u00eame si le pr\u00eat supporte une TVA plus faible et qu&rsquo;il semble que ce soit l&rsquo;option la moins co\u00fbteuse (puisque votre entreprise ne peut pas d\u00e9duire cette taxe), vous devrez payer des int\u00e9r\u00eats plus \u00e9lev\u00e9s qu&rsquo;avec le leasing, ce qui \u00e9quilibre les deux alternatives.<\/p>\t\t\t\t\t\t\t\t<\/div>\n\t\t\t\t<\/div>\n\t\t\t\t\t<\/div>\r\n\t\t\t\t<\/div>\r\n\t\t\t\t\t<\/div>\r\n\t\t\t\t<\/section>\r\n\t\t\t\t<section data-particle_enable=\"false\" data-particle-mobile-disabled=\"false\" class=\"elementor-section elementor-top-section elementor-element elementor-element-52fdbbe elementor-section-boxed elementor-section-height-default elementor-section-height-default\" data-id=\"52fdbbe\" data-element_type=\"section\" data-e-type=\"section\">\r\n\t\t\r\n\t\t\t\t\t\t\t<div class=\"elementor-container elementor-column-gap-default\">\r\n\t\t\t\t\t\t\t\t\t\t\t<div class=\"elementor-column elementor-col-100 elementor-top-column elementor-element elementor-element-237ed63\" data-id=\"237ed63\" data-element_type=\"column\" data-e-type=\"column\">\r\n\t\t\t\t\t<div class=\"elementor-widget-wrap elementor-element-populated\">\r\n\t\t\t\t\t\t\t\t<div class=\"elementor-element elementor-element-87091f5 elementor-widget elementor-widget-heading\" data-id=\"87091f5\" data-element_type=\"widget\" data-e-type=\"widget\" data-widget_type=\"heading.default\">\n\t\t\t\t<div class=\"elementor-widget-container\">\n\t\t\t\t\t<h2 class=\"elementor-heading-title elementor-size-default\">Autres facteurs importants<\/h2>\t\t\t\t<\/div>\n\t\t\t\t<\/div>\n\t\t\t\t\t<\/div>\r\n\t\t\t\t<\/div>\r\n\t\t\t\t\t<\/div>\r\n\t\t\t\t<\/section>\r\n\t\t\t\t<section data-particle_enable=\"false\" data-particle-mobile-disabled=\"false\" class=\"elementor-section elementor-top-section elementor-element elementor-element-4ea4ee3 elementor-section-boxed elementor-section-height-default elementor-section-height-default\" data-id=\"4ea4ee3\" data-element_type=\"section\" data-e-type=\"section\">\r\n\t\t\r\n\t\t\t\t\t\t\t<div class=\"elementor-container elementor-column-gap-default\">\r\n\t\t\t\t\t\t\t\t\t\t\t<div class=\"elementor-column elementor-col-100 elementor-top-column elementor-element elementor-element-3419c30\" data-id=\"3419c30\" data-element_type=\"column\" data-e-type=\"column\">\r\n\t\t\t\t\t<div class=\"elementor-widget-wrap elementor-element-populated\">\r\n\t\t\t\t\t\t\t\t<div class=\"elementor-element elementor-element-0fb2f44 elementor-widget elementor-widget-text-editor\" data-id=\"0fb2f44\" data-element_type=\"widget\" data-e-type=\"widget\" data-widget_type=\"text-editor.default\">\n\t\t\t\t<div class=\"elementor-widget-container\">\n\t\t\t\t\t\t\t\t\t<h3>Qu&rsquo;est-ce qui vous convient le mieux ? Un leasing ou un pr\u00eat<\/h3><p>Compte tenu de ce qui est indiqu\u00e9, pour d\u00e9cider quelle option est la meilleure, vous devrez analyser d&rsquo;autres facteurs. Par exemple :<\/p><ul><li>Si vous demandez un pr\u00eat, la banque vous demandera probablement de constituer une garantie de paiement, ce qui entra\u00eenera des co\u00fbts suppl\u00e9mentaires. Avec le leasing, en revanche, l&rsquo;actif lui-m\u00eame (\u00e9tant la propri\u00e9t\u00e9 de la banque) peut lui servir de garantie.<\/li><li>D&rsquo;autre part, avec le leasing, vous pourrez amortir l&rsquo;actif plus rapidement et diff\u00e9rer le paiement de l&rsquo;imp\u00f4t sur les soci\u00e9t\u00e9s (IS), car vous pourrez b\u00e9n\u00e9ficier du r\u00e9gime sp\u00e9cial de leasing.<\/li><li>En revanche, la formalisation d&rsquo;un pr\u00eat et l&rsquo;acquisition de l&rsquo;actif en propri\u00e9t\u00e9 vous facilitera les proc\u00e9dures de vente si vous d\u00e9cidez de le vendre avant d&rsquo;avoir fini de rembourser le cr\u00e9dit.<\/li><\/ul>\t\t\t\t\t\t\t\t<\/div>\n\t\t\t\t<\/div>\n\t\t\t\t\t<\/div>\r\n\t\t\t\t<\/div>\r\n\t\t\t\t\t<\/div>\r\n\t\t\t\t<\/section>\r\n\t\t\t\t<section data-particle_enable=\"false\" data-particle-mobile-disabled=\"false\" class=\"elementor-section elementor-top-section elementor-element elementor-element-43321aa elementor-section-boxed elementor-section-height-default elementor-section-height-default\" data-id=\"43321aa\" data-element_type=\"section\" data-e-type=\"section\">\r\n\t\t\r\n\t\t\t\t\t\t\t<div class=\"elementor-container elementor-column-gap-default\">\r\n\t\t\t\t\t\t\t\t\t\t\t<div class=\"elementor-column elementor-col-100 elementor-top-column elementor-element elementor-element-6e51ded\" data-id=\"6e51ded\" data-element_type=\"column\" data-e-type=\"column\">\r\n\t\t\t\t\t<div class=\"elementor-widget-wrap elementor-element-populated\">\r\n\t\t\t\t\t\t\t\t<div class=\"elementor-element elementor-element-1f70473 elementor-widget elementor-widget-heading\" data-id=\"1f70473\" data-element_type=\"widget\" data-e-type=\"widget\" data-widget_type=\"heading.default\">\n\t\t\t\t<div class=\"elementor-widget-container\">\n\t\t\t\t\t<h2 class=\"elementor-heading-title elementor-size-default\">En conclusion<\/h2>\t\t\t\t<\/div>\n\t\t\t\t<\/div>\n\t\t\t\t\t<\/div>\r\n\t\t\t\t<\/div>\r\n\t\t\t\t\t<\/div>\r\n\t\t\t\t<\/section>\r\n\t\t\t\t<section data-particle_enable=\"false\" data-particle-mobile-disabled=\"false\" class=\"elementor-section elementor-top-section elementor-element elementor-element-15c18c1 elementor-section-boxed elementor-section-height-default elementor-section-height-default\" data-id=\"15c18c1\" data-element_type=\"section\" data-e-type=\"section\">\r\n\t\t\r\n\t\t\t\t\t\t\t<div class=\"elementor-container elementor-column-gap-default\">\r\n\t\t\t\t\t\t\t\t\t\t\t<div class=\"elementor-column elementor-col-100 elementor-top-column elementor-element elementor-element-c48725c\" data-id=\"c48725c\" data-element_type=\"column\" data-e-type=\"column\">\r\n\t\t\t\t\t<div class=\"elementor-widget-wrap elementor-element-populated\">\r\n\t\t\t\t\t\t\t\t<div class=\"elementor-element elementor-element-6810f73 elementor-widget elementor-widget-text-editor\" data-id=\"6810f73\" data-element_type=\"widget\" data-e-type=\"widget\" data-widget_type=\"text-editor.default\">\n\t\t\t\t<div class=\"elementor-widget-container\">\n\t\t\t\t\t\t\t\t\t<p>Bien qu&rsquo;a priori formaliser un pr\u00eat semble \u00eatre la meilleure option &#8211; puisque la TVA en amont est plus faible -, cela est compens\u00e9 par la baisse des int\u00e9r\u00eats du \u00ab\u00a0leasing\u00a0\u00bb.<\/p><p>Par cons\u00e9quent, d&rsquo;autres facteurs, tels que le co\u00fbt des garanties, doivent \u00e9galement \u00eatre analys\u00e9s.<\/p>\t\t\t\t\t\t\t\t<\/div>\n\t\t\t\t<\/div>\n\t\t\t\t\t<\/div>\r\n\t\t\t\t<\/div>\r\n\t\t\t\t\t<\/div>\r\n\t\t\t\t<\/section>\r\n\t\t\t\t<\/div>\n\t\t","protected":false},"excerpt":{"rendered":"<p>Votre entreprise exerce une activit\u00e9 exon\u00e9r\u00e9e qui ne vous donne pas le droit de d\u00e9duire la TVA qu&rsquo;elle supporte. Eh bien, si vous allez financer l&rsquo;achat d&rsquo;un nouvel actif, qu&rsquo;est-ce qui vous convient le mieux : formaliser un pr\u00eat ou un leasing? Activit\u00e9 exon\u00e9r\u00e9e de TVA Financement d&rsquo;actifs Votre entreprise exerce une activit\u00e9 qui ne [&hellip;]<\/p>\n","protected":false},"author":2,"featured_media":43080,"comment_status":"closed","ping_status":"closed","sticky":false,"template":"","format":"standard","meta":{"_eb_attr":"","inline_featured_image":false,"footnotes":""},"categories":[1,45],"tags":[],"class_list":["post-45528","post","type-post","status-publish","format-standard","has-post-thumbnail","hentry","category-blog"],"featured_image_src":{"landsacpe":["https:\/\/www.asesoriaorihuelacosta.com\/wp-content\/uploads\/2025\/05\/leasing-o-prestamo-1140x445.webp",1140,445,true],"list":["https:\/\/www.asesoriaorihuelacosta.com\/wp-content\/uploads\/2025\/05\/leasing-o-prestamo-463x348.webp",463,348,true],"medium":["https:\/\/www.asesoriaorihuelacosta.com\/wp-content\/uploads\/2025\/05\/leasing-o-prestamo-300x169.webp",300,169,true],"full":["https:\/\/www.asesoriaorihuelacosta.com\/wp-content\/uploads\/2025\/05\/leasing-o-prestamo.webp",1920,1080,false]},"yoast_head":"<!-- This site is optimized with the Yoast SEO Premium plugin v24.7 (Yoast SEO v27.4) - https:\/\/yoast.com\/product\/yoast-seo-premium-wordpress\/ -->\n<title>Activit\u00e9 exon\u00e9r\u00e9e de TVA, leasing ou pr\u00eat ? - Asesor\u00eda Orihuela Costa<\/title>\n<meta name=\"description\" content=\"Choisir entre un leasing ou un pr\u00eat dans une activit\u00e9 exon\u00e9r\u00e9e de TVA est diff\u00e9rent de choisir dans une activit\u00e9 soumise \u00e0 la TVA. Voyons voir ici\" \/>\n<meta name=\"robots\" content=\"index, follow, max-snippet:-1, max-image-preview:large, max-video-preview:-1\" \/>\n<link rel=\"canonical\" href=\"https:\/\/www.asesoriaorihuelacosta.com\/fr\/si-vous-exercez-une-activite-exoneree-de-tva-vous-etes-plus-interesse-a-prendre-un-leasing-ou-un-pret\/\" \/>\n<meta property=\"og:locale\" content=\"fr_FR\" \/>\n<meta property=\"og:type\" content=\"article\" \/>\n<meta property=\"og:title\" content=\"Si vous exercez une activit\u00e9 exon\u00e9r\u00e9e de TVA, vous \u00eates plus int\u00e9ress\u00e9 \u00e0 prendre un Leasing ou un pr\u00eat?\" \/>\n<meta property=\"og:description\" content=\"Choisir entre un leasing ou un pr\u00eat dans une activit\u00e9 exon\u00e9r\u00e9e de TVA est diff\u00e9rent de choisir dans une activit\u00e9 soumise \u00e0 la TVA. Voyons voir ici\" \/>\n<meta property=\"og:url\" content=\"https:\/\/www.asesoriaorihuelacosta.com\/fr\/si-vous-exercez-une-activite-exoneree-de-tva-vous-etes-plus-interesse-a-prendre-un-leasing-ou-un-pret\/\" \/>\n<meta property=\"og:site_name\" content=\"Asesor\u00eda Orihuela Costa\" \/>\n<meta property=\"article:publisher\" content=\"https:\/\/www.facebook.com\/asesoriaorihuelacosta\" \/>\n<meta property=\"article:author\" content=\"https:\/\/www.facebook.com\/patrick.gordinneperez\" \/>\n<meta property=\"article:published_time\" content=\"2025-05-13T05:26:56+00:00\" \/>\n<meta property=\"article:modified_time\" content=\"2025-10-08T15:56:05+00:00\" \/>\n<meta property=\"og:image\" content=\"https:\/\/www.asesoriaorihuelacosta.com\/wp-content\/uploads\/2025\/05\/leasing-o-prestamo.webp\" \/>\n\t<meta property=\"og:image:width\" content=\"1920\" \/>\n\t<meta property=\"og:image:height\" content=\"1080\" \/>\n\t<meta property=\"og:image:type\" content=\"image\/webp\" \/>\n<meta name=\"author\" content=\"Patrick Gordinne Perez\" \/>\n<meta name=\"twitter:card\" content=\"summary_large_image\" \/>\n<meta name=\"twitter:label1\" content=\"\u00c9crit par\" \/>\n\t<meta name=\"twitter:data1\" content=\"Patrick Gordinne Perez\" \/>\n\t<meta name=\"twitter:label2\" content=\"Dur\u00e9e de lecture estim\u00e9e\" \/>\n\t<meta name=\"twitter:data2\" content=\"4 minutes\" \/>\n<script type=\"application\/ld+json\" class=\"yoast-schema-graph\">{\"@context\":\"https:\\\/\\\/schema.org\",\"@graph\":[{\"@type\":\"Article\",\"@id\":\"https:\\\/\\\/www.asesoriaorihuelacosta.com\\\/fr\\\/si-vous-exercez-une-activite-exoneree-de-tva-vous-etes-plus-interesse-a-prendre-un-leasing-ou-un-pret\\\/#article\",\"isPartOf\":{\"@id\":\"https:\\\/\\\/www.asesoriaorihuelacosta.com\\\/fr\\\/si-vous-exercez-une-activite-exoneree-de-tva-vous-etes-plus-interesse-a-prendre-un-leasing-ou-un-pret\\\/\"},\"author\":{\"name\":\"Patrick Gordinne Perez\",\"@id\":\"https:\\\/\\\/www.asesoriaorihuelacosta.com\\\/fr\\\/#\\\/schema\\\/person\\\/6614ce8cf6d2de542aaf351629fd539e\"},\"headline\":\"Si vous exercez une activit\u00e9 exon\u00e9r\u00e9e de TVA, vous \u00eates plus int\u00e9ress\u00e9 \u00e0 prendre un Leasing ou un pr\u00eat?\",\"datePublished\":\"2025-05-13T05:26:56+00:00\",\"dateModified\":\"2025-10-08T15:56:05+00:00\",\"mainEntityOfPage\":{\"@id\":\"https:\\\/\\\/www.asesoriaorihuelacosta.com\\\/fr\\\/si-vous-exercez-une-activite-exoneree-de-tva-vous-etes-plus-interesse-a-prendre-un-leasing-ou-un-pret\\\/\"},\"wordCount\":771,\"publisher\":{\"@id\":\"https:\\\/\\\/www.asesoriaorihuelacosta.com\\\/fr\\\/#organization\"},\"image\":{\"@id\":\"https:\\\/\\\/www.asesoriaorihuelacosta.com\\\/fr\\\/si-vous-exercez-une-activite-exoneree-de-tva-vous-etes-plus-interesse-a-prendre-un-leasing-ou-un-pret\\\/#primaryimage\"},\"thumbnailUrl\":\"https:\\\/\\\/www.asesoriaorihuelacosta.com\\\/wp-content\\\/uploads\\\/2025\\\/05\\\/leasing-o-prestamo.webp\",\"articleSection\":[\"Blog\",\"Blog\"],\"inLanguage\":\"fr-FR\"},{\"@type\":\"WebPage\",\"@id\":\"https:\\\/\\\/www.asesoriaorihuelacosta.com\\\/fr\\\/si-vous-exercez-une-activite-exoneree-de-tva-vous-etes-plus-interesse-a-prendre-un-leasing-ou-un-pret\\\/\",\"url\":\"https:\\\/\\\/www.asesoriaorihuelacosta.com\\\/fr\\\/si-vous-exercez-une-activite-exoneree-de-tva-vous-etes-plus-interesse-a-prendre-un-leasing-ou-un-pret\\\/\",\"name\":\"Activit\u00e9 exon\u00e9r\u00e9e de TVA, leasing ou pr\u00eat ? - Asesor\u00eda Orihuela Costa\",\"isPartOf\":{\"@id\":\"https:\\\/\\\/www.asesoriaorihuelacosta.com\\\/fr\\\/#website\"},\"primaryImageOfPage\":{\"@id\":\"https:\\\/\\\/www.asesoriaorihuelacosta.com\\\/fr\\\/si-vous-exercez-une-activite-exoneree-de-tva-vous-etes-plus-interesse-a-prendre-un-leasing-ou-un-pret\\\/#primaryimage\"},\"image\":{\"@id\":\"https:\\\/\\\/www.asesoriaorihuelacosta.com\\\/fr\\\/si-vous-exercez-une-activite-exoneree-de-tva-vous-etes-plus-interesse-a-prendre-un-leasing-ou-un-pret\\\/#primaryimage\"},\"thumbnailUrl\":\"https:\\\/\\\/www.asesoriaorihuelacosta.com\\\/wp-content\\\/uploads\\\/2025\\\/05\\\/leasing-o-prestamo.webp\",\"datePublished\":\"2025-05-13T05:26:56+00:00\",\"dateModified\":\"2025-10-08T15:56:05+00:00\",\"description\":\"Choisir entre un leasing ou un pr\u00eat dans une activit\u00e9 exon\u00e9r\u00e9e de TVA est diff\u00e9rent de choisir dans une activit\u00e9 soumise \u00e0 la TVA. Voyons voir ici\",\"breadcrumb\":{\"@id\":\"https:\\\/\\\/www.asesoriaorihuelacosta.com\\\/fr\\\/si-vous-exercez-une-activite-exoneree-de-tva-vous-etes-plus-interesse-a-prendre-un-leasing-ou-un-pret\\\/#breadcrumb\"},\"inLanguage\":\"fr-FR\",\"potentialAction\":[{\"@type\":\"ReadAction\",\"target\":[\"https:\\\/\\\/www.asesoriaorihuelacosta.com\\\/fr\\\/si-vous-exercez-une-activite-exoneree-de-tva-vous-etes-plus-interesse-a-prendre-un-leasing-ou-un-pret\\\/\"]}]},{\"@type\":\"ImageObject\",\"inLanguage\":\"fr-FR\",\"@id\":\"https:\\\/\\\/www.asesoriaorihuelacosta.com\\\/fr\\\/si-vous-exercez-une-activite-exoneree-de-tva-vous-etes-plus-interesse-a-prendre-un-leasing-ou-un-pret\\\/#primaryimage\",\"url\":\"https:\\\/\\\/www.asesoriaorihuelacosta.com\\\/wp-content\\\/uploads\\\/2025\\\/05\\\/leasing-o-prestamo.webp\",\"contentUrl\":\"https:\\\/\\\/www.asesoriaorihuelacosta.com\\\/wp-content\\\/uploads\\\/2025\\\/05\\\/leasing-o-prestamo.webp\",\"width\":1920,\"height\":1080,\"caption\":\"leasing o prestamo\"},{\"@type\":\"BreadcrumbList\",\"@id\":\"https:\\\/\\\/www.asesoriaorihuelacosta.com\\\/fr\\\/si-vous-exercez-une-activite-exoneree-de-tva-vous-etes-plus-interesse-a-prendre-un-leasing-ou-un-pret\\\/#breadcrumb\",\"itemListElement\":[{\"@type\":\"ListItem\",\"position\":1,\"name\":\"Home\",\"item\":\"https:\\\/\\\/www.asesoriaorihuelacosta.com\\\/fr\\\/\"},{\"@type\":\"ListItem\",\"position\":2,\"name\":\"Si vous exercez une activit\u00e9 exon\u00e9r\u00e9e de TVA, vous \u00eates plus int\u00e9ress\u00e9 \u00e0 prendre un Leasing ou un pr\u00eat?\"}]},{\"@type\":\"WebSite\",\"@id\":\"https:\\\/\\\/www.asesoriaorihuelacosta.com\\\/fr\\\/#website\",\"url\":\"https:\\\/\\\/www.asesoriaorihuelacosta.com\\\/fr\\\/\",\"name\":\"https:\\\/\\\/www.asesoriaorihuelacosta.com\\\/\",\"description\":\"Grupo de asesores profesionales\",\"publisher\":{\"@id\":\"https:\\\/\\\/www.asesoriaorihuelacosta.com\\\/fr\\\/#organization\"},\"potentialAction\":[{\"@type\":\"SearchAction\",\"target\":{\"@type\":\"EntryPoint\",\"urlTemplate\":\"https:\\\/\\\/www.asesoriaorihuelacosta.com\\\/fr\\\/?s={search_term_string}\"},\"query-input\":{\"@type\":\"PropertyValueSpecification\",\"valueRequired\":true,\"valueName\":\"search_term_string\"}}],\"inLanguage\":\"fr-FR\"},{\"@type\":\"Organization\",\"@id\":\"https:\\\/\\\/www.asesoriaorihuelacosta.com\\\/fr\\\/#organization\",\"name\":\"Asesor\u00eda Orihuela Costa\",\"url\":\"https:\\\/\\\/www.asesoriaorihuelacosta.com\\\/fr\\\/\",\"logo\":{\"@type\":\"ImageObject\",\"inLanguage\":\"fr-FR\",\"@id\":\"https:\\\/\\\/www.asesoriaorihuelacosta.com\\\/fr\\\/#\\\/schema\\\/logo\\\/image\\\/\",\"url\":\"https:\\\/\\\/www.asesoriaorihuelacosta.com\\\/wp-content\\\/uploads\\\/2022\\\/06\\\/Logo-espa\u5bf8l-asesoriaorihuela.jpg\",\"contentUrl\":\"https:\\\/\\\/www.asesoriaorihuelacosta.com\\\/wp-content\\\/uploads\\\/2022\\\/06\\\/Logo-espa\u5bf8l-asesoriaorihuela.jpg\",\"width\":588,\"height\":136,\"caption\":\"Asesor\u00eda Orihuela Costa\"},\"image\":{\"@id\":\"https:\\\/\\\/www.asesoriaorihuelacosta.com\\\/fr\\\/#\\\/schema\\\/logo\\\/image\\\/\"},\"sameAs\":[\"https:\\\/\\\/www.facebook.com\\\/asesoriaorihuelacosta\"]},{\"@type\":\"Person\",\"@id\":\"https:\\\/\\\/www.asesoriaorihuelacosta.com\\\/fr\\\/#\\\/schema\\\/person\\\/6614ce8cf6d2de542aaf351629fd539e\",\"name\":\"Patrick Gordinne Perez\",\"description\":\"Soy economista colegiado por el colegio de economistas de Alicante con el n\u00famero 2722. Llevo ejerciendo desde el a\u00f1o 2005. Soy especialista en fiscalidad de empresas y aut\u00f3nomos y tambi\u00e9n especialista en gestionar compraventas. Hablo espa\u00f1ol, ingl\u00e9s y franc\u00e9s.\",\"sameAs\":[\"https:\\\/\\\/www.asesoriaorihuelacosta.com\",\"https:\\\/\\\/www.facebook.com\\\/patrick.gordinneperez\",\"https:\\\/\\\/www.linkedin.com\\\/in\\\/patrick-gordinne-perez-1b73aab3\\\/\",\"https:\\\/\\\/www.youtube.com\\\/channel\\\/UC5e95RJEVQlxCnhwDmGNVCw\"],\"gender\":\"Hombre\",\"knowsLanguage\":[\"ingl\u00e9s\",\"franc\u00e9s\",\"espa\u00f1ol\"],\"jobTitle\":\"Gerente\",\"worksFor\":\"Asesoria Orihuela Costa SL\"}]}<\/script>\n<!-- \/ Yoast SEO Premium plugin. -->","yoast_head_json":{"title":"Activit\u00e9 exon\u00e9r\u00e9e de TVA, leasing ou pr\u00eat ? - Asesor\u00eda Orihuela Costa","description":"Choisir entre un leasing ou un pr\u00eat dans une activit\u00e9 exon\u00e9r\u00e9e de TVA est diff\u00e9rent de choisir dans une activit\u00e9 soumise \u00e0 la TVA. Voyons voir ici","robots":{"index":"index","follow":"follow","max-snippet":"max-snippet:-1","max-image-preview":"max-image-preview:large","max-video-preview":"max-video-preview:-1"},"canonical":"https:\/\/www.asesoriaorihuelacosta.com\/fr\/si-vous-exercez-une-activite-exoneree-de-tva-vous-etes-plus-interesse-a-prendre-un-leasing-ou-un-pret\/","og_locale":"fr_FR","og_type":"article","og_title":"Si vous exercez une activit\u00e9 exon\u00e9r\u00e9e de TVA, vous \u00eates plus int\u00e9ress\u00e9 \u00e0 prendre un Leasing ou un pr\u00eat?","og_description":"Choisir entre un leasing ou un pr\u00eat dans une activit\u00e9 exon\u00e9r\u00e9e de TVA est diff\u00e9rent de choisir dans une activit\u00e9 soumise \u00e0 la TVA. Voyons voir ici","og_url":"https:\/\/www.asesoriaorihuelacosta.com\/fr\/si-vous-exercez-une-activite-exoneree-de-tva-vous-etes-plus-interesse-a-prendre-un-leasing-ou-un-pret\/","og_site_name":"Asesor\u00eda Orihuela Costa","article_publisher":"https:\/\/www.facebook.com\/asesoriaorihuelacosta","article_author":"https:\/\/www.facebook.com\/patrick.gordinneperez","article_published_time":"2025-05-13T05:26:56+00:00","article_modified_time":"2025-10-08T15:56:05+00:00","og_image":[{"width":1920,"height":1080,"url":"https:\/\/www.asesoriaorihuelacosta.com\/wp-content\/uploads\/2025\/05\/leasing-o-prestamo.webp","type":"image\/webp"}],"author":"Patrick Gordinne Perez","twitter_card":"summary_large_image","twitter_misc":{"\u00c9crit par":"Patrick Gordinne Perez","Dur\u00e9e de lecture estim\u00e9e":"4 minutes"},"schema":{"@context":"https:\/\/schema.org","@graph":[{"@type":"Article","@id":"https:\/\/www.asesoriaorihuelacosta.com\/fr\/si-vous-exercez-une-activite-exoneree-de-tva-vous-etes-plus-interesse-a-prendre-un-leasing-ou-un-pret\/#article","isPartOf":{"@id":"https:\/\/www.asesoriaorihuelacosta.com\/fr\/si-vous-exercez-une-activite-exoneree-de-tva-vous-etes-plus-interesse-a-prendre-un-leasing-ou-un-pret\/"},"author":{"name":"Patrick Gordinne Perez","@id":"https:\/\/www.asesoriaorihuelacosta.com\/fr\/#\/schema\/person\/6614ce8cf6d2de542aaf351629fd539e"},"headline":"Si vous exercez une activit\u00e9 exon\u00e9r\u00e9e de TVA, vous \u00eates plus int\u00e9ress\u00e9 \u00e0 prendre un Leasing ou un pr\u00eat?","datePublished":"2025-05-13T05:26:56+00:00","dateModified":"2025-10-08T15:56:05+00:00","mainEntityOfPage":{"@id":"https:\/\/www.asesoriaorihuelacosta.com\/fr\/si-vous-exercez-une-activite-exoneree-de-tva-vous-etes-plus-interesse-a-prendre-un-leasing-ou-un-pret\/"},"wordCount":771,"publisher":{"@id":"https:\/\/www.asesoriaorihuelacosta.com\/fr\/#organization"},"image":{"@id":"https:\/\/www.asesoriaorihuelacosta.com\/fr\/si-vous-exercez-une-activite-exoneree-de-tva-vous-etes-plus-interesse-a-prendre-un-leasing-ou-un-pret\/#primaryimage"},"thumbnailUrl":"https:\/\/www.asesoriaorihuelacosta.com\/wp-content\/uploads\/2025\/05\/leasing-o-prestamo.webp","articleSection":["Blog","Blog"],"inLanguage":"fr-FR"},{"@type":"WebPage","@id":"https:\/\/www.asesoriaorihuelacosta.com\/fr\/si-vous-exercez-une-activite-exoneree-de-tva-vous-etes-plus-interesse-a-prendre-un-leasing-ou-un-pret\/","url":"https:\/\/www.asesoriaorihuelacosta.com\/fr\/si-vous-exercez-une-activite-exoneree-de-tva-vous-etes-plus-interesse-a-prendre-un-leasing-ou-un-pret\/","name":"Activit\u00e9 exon\u00e9r\u00e9e de TVA, leasing ou pr\u00eat ? - Asesor\u00eda Orihuela Costa","isPartOf":{"@id":"https:\/\/www.asesoriaorihuelacosta.com\/fr\/#website"},"primaryImageOfPage":{"@id":"https:\/\/www.asesoriaorihuelacosta.com\/fr\/si-vous-exercez-une-activite-exoneree-de-tva-vous-etes-plus-interesse-a-prendre-un-leasing-ou-un-pret\/#primaryimage"},"image":{"@id":"https:\/\/www.asesoriaorihuelacosta.com\/fr\/si-vous-exercez-une-activite-exoneree-de-tva-vous-etes-plus-interesse-a-prendre-un-leasing-ou-un-pret\/#primaryimage"},"thumbnailUrl":"https:\/\/www.asesoriaorihuelacosta.com\/wp-content\/uploads\/2025\/05\/leasing-o-prestamo.webp","datePublished":"2025-05-13T05:26:56+00:00","dateModified":"2025-10-08T15:56:05+00:00","description":"Choisir entre un leasing ou un pr\u00eat dans une activit\u00e9 exon\u00e9r\u00e9e de TVA est diff\u00e9rent de choisir dans une activit\u00e9 soumise \u00e0 la TVA. Voyons voir ici","breadcrumb":{"@id":"https:\/\/www.asesoriaorihuelacosta.com\/fr\/si-vous-exercez-une-activite-exoneree-de-tva-vous-etes-plus-interesse-a-prendre-un-leasing-ou-un-pret\/#breadcrumb"},"inLanguage":"fr-FR","potentialAction":[{"@type":"ReadAction","target":["https:\/\/www.asesoriaorihuelacosta.com\/fr\/si-vous-exercez-une-activite-exoneree-de-tva-vous-etes-plus-interesse-a-prendre-un-leasing-ou-un-pret\/"]}]},{"@type":"ImageObject","inLanguage":"fr-FR","@id":"https:\/\/www.asesoriaorihuelacosta.com\/fr\/si-vous-exercez-une-activite-exoneree-de-tva-vous-etes-plus-interesse-a-prendre-un-leasing-ou-un-pret\/#primaryimage","url":"https:\/\/www.asesoriaorihuelacosta.com\/wp-content\/uploads\/2025\/05\/leasing-o-prestamo.webp","contentUrl":"https:\/\/www.asesoriaorihuelacosta.com\/wp-content\/uploads\/2025\/05\/leasing-o-prestamo.webp","width":1920,"height":1080,"caption":"leasing o prestamo"},{"@type":"BreadcrumbList","@id":"https:\/\/www.asesoriaorihuelacosta.com\/fr\/si-vous-exercez-une-activite-exoneree-de-tva-vous-etes-plus-interesse-a-prendre-un-leasing-ou-un-pret\/#breadcrumb","itemListElement":[{"@type":"ListItem","position":1,"name":"Home","item":"https:\/\/www.asesoriaorihuelacosta.com\/fr\/"},{"@type":"ListItem","position":2,"name":"Si vous exercez une activit\u00e9 exon\u00e9r\u00e9e de TVA, vous \u00eates plus int\u00e9ress\u00e9 \u00e0 prendre un Leasing ou un pr\u00eat?"}]},{"@type":"WebSite","@id":"https:\/\/www.asesoriaorihuelacosta.com\/fr\/#website","url":"https:\/\/www.asesoriaorihuelacosta.com\/fr\/","name":"https:\/\/www.asesoriaorihuelacosta.com\/","description":"Grupo de asesores profesionales","publisher":{"@id":"https:\/\/www.asesoriaorihuelacosta.com\/fr\/#organization"},"potentialAction":[{"@type":"SearchAction","target":{"@type":"EntryPoint","urlTemplate":"https:\/\/www.asesoriaorihuelacosta.com\/fr\/?s={search_term_string}"},"query-input":{"@type":"PropertyValueSpecification","valueRequired":true,"valueName":"search_term_string"}}],"inLanguage":"fr-FR"},{"@type":"Organization","@id":"https:\/\/www.asesoriaorihuelacosta.com\/fr\/#organization","name":"Asesor\u00eda Orihuela Costa","url":"https:\/\/www.asesoriaorihuelacosta.com\/fr\/","logo":{"@type":"ImageObject","inLanguage":"fr-FR","@id":"https:\/\/www.asesoriaorihuelacosta.com\/fr\/#\/schema\/logo\/image\/","url":"https:\/\/www.asesoriaorihuelacosta.com\/wp-content\/uploads\/2022\/06\/Logo-espa\u5bf8l-asesoriaorihuela.jpg","contentUrl":"https:\/\/www.asesoriaorihuelacosta.com\/wp-content\/uploads\/2022\/06\/Logo-espa\u5bf8l-asesoriaorihuela.jpg","width":588,"height":136,"caption":"Asesor\u00eda Orihuela Costa"},"image":{"@id":"https:\/\/www.asesoriaorihuelacosta.com\/fr\/#\/schema\/logo\/image\/"},"sameAs":["https:\/\/www.facebook.com\/asesoriaorihuelacosta"]},{"@type":"Person","@id":"https:\/\/www.asesoriaorihuelacosta.com\/fr\/#\/schema\/person\/6614ce8cf6d2de542aaf351629fd539e","name":"Patrick Gordinne Perez","description":"Soy economista colegiado por el colegio de economistas de Alicante con el n\u00famero 2722. Llevo ejerciendo desde el a\u00f1o 2005. Soy especialista en fiscalidad de empresas y aut\u00f3nomos y tambi\u00e9n especialista en gestionar compraventas. Hablo espa\u00f1ol, ingl\u00e9s y franc\u00e9s.","sameAs":["https:\/\/www.asesoriaorihuelacosta.com","https:\/\/www.facebook.com\/patrick.gordinneperez","https:\/\/www.linkedin.com\/in\/patrick-gordinne-perez-1b73aab3\/","https:\/\/www.youtube.com\/channel\/UC5e95RJEVQlxCnhwDmGNVCw"],"gender":"Hombre","knowsLanguage":["ingl\u00e9s","franc\u00e9s","espa\u00f1ol"],"jobTitle":"Gerente","worksFor":"Asesoria Orihuela Costa SL"}]}},"_links":{"self":[{"href":"https:\/\/www.asesoriaorihuelacosta.com\/fr\/wp-json\/wp\/v2\/posts\/45528","targetHints":{"allow":["GET"]}}],"collection":[{"href":"https:\/\/www.asesoriaorihuelacosta.com\/fr\/wp-json\/wp\/v2\/posts"}],"about":[{"href":"https:\/\/www.asesoriaorihuelacosta.com\/fr\/wp-json\/wp\/v2\/types\/post"}],"author":[{"embeddable":true,"href":"https:\/\/www.asesoriaorihuelacosta.com\/fr\/wp-json\/wp\/v2\/users\/2"}],"replies":[{"embeddable":true,"href":"https:\/\/www.asesoriaorihuelacosta.com\/fr\/wp-json\/wp\/v2\/comments?post=45528"}],"version-history":[{"count":1,"href":"https:\/\/www.asesoriaorihuelacosta.com\/fr\/wp-json\/wp\/v2\/posts\/45528\/revisions"}],"predecessor-version":[{"id":45673,"href":"https:\/\/www.asesoriaorihuelacosta.com\/fr\/wp-json\/wp\/v2\/posts\/45528\/revisions\/45673"}],"wp:featuredmedia":[{"embeddable":true,"href":"https:\/\/www.asesoriaorihuelacosta.com\/fr\/wp-json\/wp\/v2\/media\/43080"}],"wp:attachment":[{"href":"https:\/\/www.asesoriaorihuelacosta.com\/fr\/wp-json\/wp\/v2\/media?parent=45528"}],"wp:term":[{"taxonomy":"category","embeddable":true,"href":"https:\/\/www.asesoriaorihuelacosta.com\/fr\/wp-json\/wp\/v2\/categories?post=45528"},{"taxonomy":"post_tag","embeddable":true,"href":"https:\/\/www.asesoriaorihuelacosta.com\/fr\/wp-json\/wp\/v2\/tags?post=45528"}],"curies":[{"name":"wp","href":"https:\/\/api.w.org\/{rel}","templated":true}]}}