{"id":42776,"date":"2025-03-24T04:42:15","date_gmt":"2025-03-24T04:42:15","guid":{"rendered":"https:\/\/www.asesoriaorihuelacosta.com\/?p=42776"},"modified":"2025-05-01T03:44:36","modified_gmt":"2025-05-01T03:44:36","slug":"comment-puis-je-vendre-un-local-loue-avec-une-nue-propriete-et-un-usufruit","status":"publish","type":"post","link":"https:\/\/www.asesoriaorihuelacosta.com\/fr\/comment-puis-je-vendre-un-local-loue-avec-une-nue-propriete-et-un-usufruit\/","title":{"rendered":"Comment puis-je vendre un local lou\u00e9 avec une nue-propri\u00e9t\u00e9 et un usufruit ?"},"content":{"rendered":"\t\t<div data-elementor-type=\"wp-post\" data-elementor-id=\"42776\" class=\"elementor elementor-42776\" data-elementor-post-type=\"post\">\n\t\t\t\t\t\t<section data-particle_enable=\"false\" data-particle-mobile-disabled=\"false\" class=\"elementor-section elementor-top-section elementor-element elementor-element-81e309b elementor-section-boxed elementor-section-height-default elementor-section-height-default\" data-id=\"81e309b\" data-element_type=\"section\" data-e-type=\"section\">\r\n\t\t\r\n\t\t\t\t\t\t\t<div class=\"elementor-container elementor-column-gap-default\">\r\n\t\t\t\t\t\t\t\t\t\t\t<div class=\"elementor-column elementor-col-100 elementor-top-column elementor-element elementor-element-d611a25\" data-id=\"d611a25\" data-element_type=\"column\" data-e-type=\"column\">\r\n\t\t\t\t\t<div class=\"elementor-widget-wrap elementor-element-populated\">\r\n\t\t\t\t\t\t\t\t<div class=\"elementor-element elementor-element-d4a6772 elementor-widget elementor-widget-text-editor\" data-id=\"d4a6772\" data-element_type=\"widget\" data-e-type=\"widget\" data-widget_type=\"text-editor.default\">\n\t\t\t\t<div class=\"elementor-widget-container\">\n\t\t\t\t\t\t\t\t\t<p>Il est de plus en plus fr\u00e9quent de trouver des biens immobiliers qui sont d\u00e9membr\u00e9s entre la propri\u00e9t\u00e9 nue et l&rsquo;usufruit.<\/p><p>Que se passe-t-il si vous voulez vendre ce type de biens ?<\/p><p>Dans cet article, nous allons donner un exemple de la fa\u00e7on dont l&rsquo;imp\u00f4t sur la vente d&rsquo;un local avec une propri\u00e9t\u00e9 nue.<\/p><p>Lors de la vente d&rsquo;un local lou\u00e9, il arrive souvent que le local soit d\u00e9membr\u00e9 entre plusieurs propri\u00e9taires : certains avec la pleine propri\u00e9t\u00e9, et d&rsquo;autres avec l&rsquo;usufruit et l&rsquo;autre avec la nue-propri\u00e9t\u00e9.<\/p><p>Comment la vente d&rsquo;un local \u00e0 la TVA est-elle impos\u00e9e ?<\/p>\t\t\t\t\t\t\t\t<\/div>\n\t\t\t\t<\/div>\n\t\t\t\t\t<\/div>\r\n\t\t\t\t<\/div>\r\n\t\t\t\t\t<\/div>\r\n\t\t\t\t<\/section>\r\n\t\t\t\t<section data-particle_enable=\"false\" data-particle-mobile-disabled=\"false\" class=\"elementor-section elementor-top-section elementor-element elementor-element-c139f7d elementor-section-boxed elementor-section-height-default elementor-section-height-default\" data-id=\"c139f7d\" data-element_type=\"section\" data-e-type=\"section\">\r\n\t\t\r\n\t\t\t\t\t\t\t<div class=\"elementor-container elementor-column-gap-default\">\r\n\t\t\t\t\t\t\t\t\t\t\t<div class=\"elementor-column elementor-col-100 elementor-top-column elementor-element elementor-element-11cf80f\" data-id=\"11cf80f\" data-element_type=\"column\" data-e-type=\"column\">\r\n\t\t\t\t\t<div class=\"elementor-widget-wrap elementor-element-populated\">\r\n\t\t\t\t\t\t\t\t<div class=\"elementor-element elementor-element-121fad2 elementor-widget elementor-widget-heading\" data-id=\"121fad2\" data-element_type=\"widget\" data-e-type=\"widget\" data-widget_type=\"heading.default\">\n\t\t\t\t<div class=\"elementor-widget-container\">\n\t\t\t\t\t<h2 class=\"elementor-heading-title elementor-size-default\">Propri\u00e9t\u00e9 d\u00e9membr\u00e9e entre nue-propri\u00e9t\u00e9 et usufruit<\/h2>\t\t\t\t<\/div>\n\t\t\t\t<\/div>\n\t\t\t\t\t<\/div>\r\n\t\t\t\t<\/div>\r\n\t\t\t\t\t<\/div>\r\n\t\t\t\t<\/section>\r\n\t\t\t\t<section data-particle_enable=\"false\" data-particle-mobile-disabled=\"false\" class=\"elementor-section elementor-top-section elementor-element elementor-element-1759635 elementor-section-boxed elementor-section-height-default elementor-section-height-default\" data-id=\"1759635\" data-element_type=\"section\" data-e-type=\"section\">\r\n\t\t\r\n\t\t\t\t\t\t\t<div class=\"elementor-container elementor-column-gap-default\">\r\n\t\t\t\t\t\t\t\t\t\t\t<div class=\"elementor-column elementor-col-100 elementor-top-column elementor-element elementor-element-f5c29aa\" data-id=\"f5c29aa\" data-element_type=\"column\" data-e-type=\"column\">\r\n\t\t\t\t\t<div class=\"elementor-widget-wrap elementor-element-populated\">\r\n\t\t\t\t\t\t\t\t<div class=\"elementor-element elementor-element-2e9ff18 elementor-widget elementor-widget-text-editor\" data-id=\"2e9ff18\" data-element_type=\"widget\" data-e-type=\"widget\" data-widget_type=\"text-editor.default\">\n\t\t\t\t<div class=\"elementor-widget-container\">\n\t\t\t\t\t\t\t\t\t<p>Que signifie d\u00e9membrer ?<\/p><p>D\u00e9membrer signica diviser ou s\u00e9parer quelque chose<\/p>\t\t\t\t\t\t\t\t<\/div>\n\t\t\t\t<\/div>\n\t\t\t\t\t<\/div>\r\n\t\t\t\t<\/div>\r\n\t\t\t\t\t<\/div>\r\n\t\t\t\t<\/section>\r\n\t\t\t\t<section data-particle_enable=\"false\" data-particle-mobile-disabled=\"false\" class=\"elementor-section elementor-top-section elementor-element elementor-element-3623b1c elementor-section-boxed elementor-section-height-default elementor-section-height-default\" data-id=\"3623b1c\" data-element_type=\"section\" data-e-type=\"section\">\r\n\t\t\r\n\t\t\t\t\t\t\t<div class=\"elementor-container elementor-column-gap-default\">\r\n\t\t\t\t\t\t\t\t\t\t\t<div class=\"elementor-column elementor-col-100 elementor-top-column elementor-element elementor-element-8141176\" data-id=\"8141176\" data-element_type=\"column\" data-e-type=\"column\">\r\n\t\t\t\t\t<div class=\"elementor-widget-wrap elementor-element-populated\">\r\n\t\t\t\t\t\t\t\t<div class=\"elementor-element elementor-element-19e7996 elementor-widget elementor-widget-text-editor\" data-id=\"19e7996\" data-element_type=\"widget\" data-e-type=\"widget\" data-widget_type=\"text-editor.default\">\n\t\t\t\t<div class=\"elementor-widget-container\">\n\t\t\t\t\t\t\t\t\t<h3>Il y a plusieurs propri\u00e9taires du local<\/h3><p>Il est tr\u00e8s courant qu&rsquo;apr\u00e8s un d\u00e9c\u00e8s, la propri\u00e9t\u00e9 des biens immobiliers h\u00e9rit\u00e9s soit d\u00e9membr\u00e9e, de sorte qu&rsquo;il y a des membres de la famille qui restent l&rsquo;usufruit (g\u00e9n\u00e9ralement le conjoint) et d&rsquo;autres la propri\u00e9t\u00e9 nue.<\/p><p>Dans ce cas, il arrive souvent que, pour un m\u00eame immeuble ou un m\u00eame local, il y ait des propri\u00e9taires qui ont la pleine propri\u00e9t\u00e9, d&rsquo;autres une partie de l&rsquo;usufruit et d&rsquo;autres une partie de la nue-propri\u00e9t\u00e9.<\/p><p>Dans le cas o\u00f9 la propri\u00e9t\u00e9 est un local ou un entrep\u00f4t lou\u00e9,<\/p><p>Comment chaque propri\u00e9taire doit-il \u00eatre impos\u00e9 \u00e0 la TVA s&rsquo;il d\u00e9cide de le vendre ?<\/p><h3>Exemple 1 de propri\u00e9t\u00e9 d\u00e9membr\u00e9e<\/h3><p>Cela peut se produire, par exemple, dans le cas d&rsquo;un b\u00e2timent industriel lou\u00e9 qui \u00e9tait la propri\u00e9t\u00e9 de deux fr\u00e8res (en pleine propri\u00e9t\u00e9) et que, au d\u00e9c\u00e8s de l&rsquo;un d&rsquo;eux, celui-ci laisse l&rsquo;usufruit de sa part \u00e0 son conjoint et la nue-propri\u00e9t\u00e9 \u00e0 un enfant.<\/p><p>Eh bien, si les trois acceptent de transmettre le navire, l&rsquo;imposition de la TVA de chacun sera diff\u00e9rente. Voir ci-dessous.<\/p>\t\t\t\t\t\t\t\t<\/div>\n\t\t\t\t<\/div>\n\t\t\t\t\t<\/div>\r\n\t\t\t\t<\/div>\r\n\t\t\t\t\t<\/div>\r\n\t\t\t\t<\/section>\r\n\t\t\t\t<section data-particle_enable=\"false\" data-particle-mobile-disabled=\"false\" class=\"elementor-section elementor-top-section elementor-element elementor-element-e8f62ec elementor-section-boxed elementor-section-height-default elementor-section-height-default\" data-id=\"e8f62ec\" data-element_type=\"section\" data-e-type=\"section\">\r\n\t\t\r\n\t\t\t\t\t\t\t<div class=\"elementor-container elementor-column-gap-default\">\r\n\t\t\t\t\t\t\t\t\t\t\t<div class=\"elementor-column elementor-col-100 elementor-top-column elementor-element elementor-element-1364894\" data-id=\"1364894\" data-element_type=\"column\" data-e-type=\"column\">\r\n\t\t\t\t\t<div class=\"elementor-widget-wrap elementor-element-populated\">\r\n\t\t\t\t\t\t\t\t<div class=\"elementor-element elementor-element-03b7117 elementor-widget elementor-widget-heading\" data-id=\"03b7117\" data-element_type=\"widget\" data-e-type=\"widget\" data-widget_type=\"heading.default\">\n\t\t\t\t<div class=\"elementor-widget-container\">\n\t\t\t\t\t<h2 class=\"elementor-heading-title elementor-size-default\">Taxation par TVA<\/h2>\t\t\t\t<\/div>\n\t\t\t\t<\/div>\n\t\t\t\t\t<\/div>\r\n\t\t\t\t<\/div>\r\n\t\t\t\t\t<\/div>\r\n\t\t\t\t<\/section>\r\n\t\t\t\t<section data-particle_enable=\"false\" data-particle-mobile-disabled=\"false\" class=\"elementor-section elementor-top-section elementor-element elementor-element-262dc72 elementor-section-boxed elementor-section-height-default elementor-section-height-default\" data-id=\"262dc72\" data-element_type=\"section\" data-e-type=\"section\">\r\n\t\t\r\n\t\t\t\t\t\t\t<div class=\"elementor-container elementor-column-gap-default\">\r\n\t\t\t\t\t\t\t\t\t\t\t<div class=\"elementor-column elementor-col-100 elementor-top-column elementor-element elementor-element-bbb5ba2\" data-id=\"bbb5ba2\" data-element_type=\"column\" data-e-type=\"column\">\r\n\t\t\t\t\t<div class=\"elementor-widget-wrap elementor-element-populated\">\r\n\t\t\t\t\t\t\t\t<div class=\"elementor-element elementor-element-8e11381 elementor-widget elementor-widget-text-editor\" data-id=\"8e11381\" data-element_type=\"widget\" data-e-type=\"widget\" data-widget_type=\"text-editor.default\">\n\t\t\t\t<div class=\"elementor-widget-container\">\n\t\t\t\t\t\t\t\t\t<p>Propri\u00e9taire avec pleine propri\u00e9t\u00e9<\/p><p>Pour le propri\u00e9taire qui d\u00e9tient la pleine propri\u00e9t\u00e9 d&rsquo;une partie du bien (dans l&rsquo;exemple, le fr\u00e8re), la vente de cette partie aura le caract\u00e8re d&rsquo;une deuxi\u00e8me transmission d&rsquo;un bien immobilier (\u00e9tant donn\u00e9 qu&rsquo;il est utilis\u00e9).<\/p><p>C&rsquo;est pour cette raison et en r\u00e8gle g\u00e9n\u00e9rale, la vente de sa part de pleine propri\u00e9t\u00e9 sera soumise et exon\u00e9r\u00e9e de TVA, et l&rsquo;acqu\u00e9reur devra \u00eatre impos\u00e9 par ITP-TPO.<\/p><p>Toutefois, \u00e9tant donn\u00e9 que ledit propri\u00e9taire se consid\u00e8re comme un entrepreneur aux fins de la TVA (puisqu&rsquo;il r\u00e9percute la TVA sur la location de sa partie de l&rsquo;entrep\u00f4t), il a la possibilit\u00e9 de renoncer \u00e0 l&rsquo;exon\u00e9ration de la TVA, de sorte que la transmission taxe sur cette taxe, et non sur l&rsquo;ITP-TPO.<\/p><p>Renonciation \u00e0 l&rsquo;exon\u00e9ration de la TVA<\/p><p>N&rsquo;oubliez pas que pour renoncer \u00e0 l&rsquo;exon\u00e9ration de la TVA, l&rsquo;acheteur doit acheter le local pour l&rsquo;exercice de son activit\u00e9 et doit avoir le droit de d\u00e9duire la TVA support\u00e9e par l&rsquo;achat du local ou, au moins, une partie de celui-ci.<\/p><p>S&rsquo;il y a renonciation, le vendeur ne doit pas la r\u00e9percuter ; c&rsquo;est l&rsquo;acqu\u00e9reur qui est tenu de se r\u00e9percuter sur la taxe.<\/p><p>C&rsquo;est ce qu&rsquo;on appelle la r\u00e8gle de l&rsquo;inversion du contribuable.<\/p><p>En tant qu&rsquo;imp\u00f4t sur la TVA, vous ne devez pas d\u00e9bourser la TVA parce que vous l&rsquo;auto-impactez, vous paierez moins d&rsquo;imp\u00f4ts.<\/p><p>Bien s\u00fbr, vous devrez payer AJD, 1,56 dans la communaut\u00e9 valencienne. 2% dans la r\u00e9gion de Murcie,<\/p>\t\t\t\t\t\t\t\t<\/div>\n\t\t\t\t<\/div>\n\t\t\t\t\t<\/div>\r\n\t\t\t\t<\/div>\r\n\t\t\t\t\t<\/div>\r\n\t\t\t\t<\/section>\r\n\t\t\t\t<section data-particle_enable=\"false\" data-particle-mobile-disabled=\"false\" class=\"elementor-section elementor-top-section elementor-element elementor-element-94eb2c4 elementor-section-boxed elementor-section-height-default elementor-section-height-default\" data-id=\"94eb2c4\" data-element_type=\"section\" data-e-type=\"section\">\r\n\t\t\r\n\t\t\t\t\t\t\t<div class=\"elementor-container elementor-column-gap-default\">\r\n\t\t\t\t\t\t\t\t\t\t\t<div class=\"elementor-column elementor-col-100 elementor-top-column elementor-element elementor-element-3d01fb0\" data-id=\"3d01fb0\" data-element_type=\"column\" data-e-type=\"column\">\r\n\t\t\t\t\t<div class=\"elementor-widget-wrap elementor-element-populated\">\r\n\t\t\t\t\t\t\t\t<div class=\"elementor-element elementor-element-5fd7375 elementor-widget-divider--view-line elementor-widget elementor-widget-divider\" data-id=\"5fd7375\" data-element_type=\"widget\" data-e-type=\"widget\" data-widget_type=\"divider.default\">\n\t\t\t\t<div class=\"elementor-widget-container\">\n\t\t\t\t\t\t\t<div class=\"elementor-divider\">\n\t\t\t<span class=\"elementor-divider-separator\">\n\t\t\t\t\t\t<\/span>\n\t\t<\/div>\n\t\t\t\t\t\t<\/div>\n\t\t\t\t<\/div>\n\t\t\t\t\t<\/div>\r\n\t\t\t\t<\/div>\r\n\t\t\t\t\t<\/div>\r\n\t\t\t\t<\/section>\r\n\t\t\t\t<section data-particle_enable=\"false\" data-particle-mobile-disabled=\"false\" class=\"elementor-section elementor-top-section elementor-element elementor-element-45be183 elementor-section-boxed elementor-section-height-default elementor-section-height-default\" data-id=\"45be183\" data-element_type=\"section\" data-e-type=\"section\">\r\n\t\t\r\n\t\t\t\t\t\t\t<div class=\"elementor-container elementor-column-gap-default\">\r\n\t\t\t\t\t\t\t\t\t\t\t<div class=\"elementor-column elementor-col-100 elementor-top-column elementor-element elementor-element-6bdc127\" data-id=\"6bdc127\" data-element_type=\"column\" data-e-type=\"column\">\r\n\t\t\t\t\t<div class=\"elementor-widget-wrap elementor-element-populated\">\r\n\t\t\t\t\t\t\t\t<div class=\"elementor-element elementor-element-a24dced elementor-widget elementor-widget-heading\" data-id=\"a24dced\" data-element_type=\"widget\" data-e-type=\"widget\" data-widget_type=\"heading.default\">\n\t\t\t\t<div class=\"elementor-widget-container\">\n\t\t\t\t\t<h2 class=\"elementor-heading-title elementor-size-default\">Voulez-vous payer moins d'imp\u00f4ts ?<\/h2>\t\t\t\t<\/div>\n\t\t\t\t<\/div>\n\t\t\t\t\t<\/div>\r\n\t\t\t\t<\/div>\r\n\t\t\t\t\t<\/div>\r\n\t\t\t\t<\/section>\r\n\t\t\t\t<section data-particle_enable=\"false\" data-particle-mobile-disabled=\"false\" class=\"elementor-section elementor-top-section elementor-element elementor-element-5d12dc2 elementor-section-boxed elementor-section-height-default elementor-section-height-default\" data-id=\"5d12dc2\" data-element_type=\"section\" data-e-type=\"section\">\r\n\t\t\r\n\t\t\t\t\t\t\t<div class=\"elementor-container elementor-column-gap-default\">\r\n\t\t\t\t\t\t\t\t\t\t\t<div class=\"elementor-column elementor-col-100 elementor-top-column elementor-element elementor-element-a762d26\" data-id=\"a762d26\" data-element_type=\"column\" data-e-type=\"column\">\r\n\t\t\t\t\t<div class=\"elementor-widget-wrap\">\r\n\t\t\t\t\t\t\t\t\t<\/div>\r\n\t\t\t\t<\/div>\r\n\t\t\t\t\t<\/div>\r\n\t\t\t\t<\/section>\r\n\t\t\t\t<section data-particle_enable=\"false\" data-particle-mobile-disabled=\"false\" class=\"elementor-section elementor-top-section elementor-element elementor-element-e6481a6 elementor-section-boxed elementor-section-height-default elementor-section-height-default\" data-id=\"e6481a6\" data-element_type=\"section\" data-e-type=\"section\">\r\n\t\t\r\n\t\t\t\t\t\t\t<div class=\"elementor-container elementor-column-gap-default\">\r\n\t\t\t\t\t\t\t\t\t\t\t<div class=\"elementor-column elementor-col-100 elementor-top-column elementor-element elementor-element-815948e\" data-id=\"815948e\" data-element_type=\"column\" data-e-type=\"column\">\r\n\t\t\t\t\t<div class=\"elementor-widget-wrap elementor-element-populated\">\r\n\t\t\t\t\t\t\t\t<div class=\"elementor-element elementor-element-4c04ec9 elementor-widget-divider--view-line elementor-widget elementor-widget-divider\" data-id=\"4c04ec9\" data-element_type=\"widget\" data-e-type=\"widget\" data-widget_type=\"divider.default\">\n\t\t\t\t<div class=\"elementor-widget-container\">\n\t\t\t\t\t\t\t<div class=\"elementor-divider\">\n\t\t\t<span class=\"elementor-divider-separator\">\n\t\t\t\t\t\t<\/span>\n\t\t<\/div>\n\t\t\t\t\t\t<\/div>\n\t\t\t\t<\/div>\n\t\t\t\t\t<\/div>\r\n\t\t\t\t<\/div>\r\n\t\t\t\t\t<\/div>\r\n\t\t\t\t<\/section>\r\n\t\t\t\t<section data-particle_enable=\"false\" data-particle-mobile-disabled=\"false\" class=\"elementor-section elementor-top-section elementor-element elementor-element-a78e72a elementor-section-boxed elementor-section-height-default elementor-section-height-default\" data-id=\"a78e72a\" data-element_type=\"section\" data-e-type=\"section\">\r\n\t\t\r\n\t\t\t\t\t\t\t<div class=\"elementor-container elementor-column-gap-default\">\r\n\t\t\t\t\t\t\t\t\t\t\t<div class=\"elementor-column elementor-col-100 elementor-top-column elementor-element elementor-element-cf4d64b\" data-id=\"cf4d64b\" data-element_type=\"column\" data-e-type=\"column\">\r\n\t\t\t\t\t<div class=\"elementor-widget-wrap elementor-element-populated\">\r\n\t\t\t\t\t\t\t\t<div class=\"elementor-element elementor-element-6435b48 elementor-widget elementor-widget-text-editor\" data-id=\"6435b48\" data-element_type=\"widget\" data-e-type=\"widget\" data-widget_type=\"text-editor.default\">\n\t\t\t\t<div class=\"elementor-widget-container\">\n\t\t\t\t\t\t\t\t\t<h3>Nuda propri\u00e9t\u00e9 du local<\/h3><p>Dans le cas du n\u0153ud propri\u00e9taire (le fils), le traitement de la vente est diff\u00e9rent : c&rsquo;est celui qui a l&rsquo;usufruit qui loue, et non celui qui poss\u00e8de la nue-propri\u00e9t\u00e9.<\/p><p>Ainsi, \u00e0 moins que ce dernier n&rsquo;agisse en tant qu&rsquo;entrepreneur (cela se produira s&rsquo;il loue d&rsquo;autres locaux), la vente de sa part ne sera pas soumise \u00e0 la TVA.<\/p><p>Par cons\u00e9quent, l&rsquo;acqu\u00e9reur doit payer ITP-TPO pour la partie de la propri\u00e9t\u00e9 nue acquise, sans qu&rsquo;il soit possible de renoncer \u00e0 l&rsquo;exon\u00e9ration.<\/p><h3>Usufruit du local<\/h3><p>Enfin, en ce qui concerne la part de l&rsquo;usufruitier (le conjoint), puisque ce qu&rsquo;il transmet est un droit r\u00e9el de jouissance et de jouissance (il ne s&rsquo;agit donc pas d&rsquo;une deuxi\u00e8me livraison de biens immobiliers) et que cette transmission est effectu\u00e9e par un entrepreneur (c&rsquo;est lui qui loue et non le n\u0153ud propri\u00e9taire), elle est soumise et non exon\u00e9r\u00e9e de TVA.<\/p><p>Notez que, dans ce cas, l&rsquo;achat est tax\u00e9 \u00e0 la TVA sans que l&rsquo;acheteur doit renoncer \u00e0 l&rsquo;exon\u00e9ration.<\/p>\t\t\t\t\t\t\t\t<\/div>\n\t\t\t\t<\/div>\n\t\t\t\t\t<\/div>\r\n\t\t\t\t<\/div>\r\n\t\t\t\t\t<\/div>\r\n\t\t\t\t<\/section>\r\n\t\t\t\t<section data-particle_enable=\"false\" data-particle-mobile-disabled=\"false\" class=\"elementor-section elementor-top-section elementor-element elementor-element-650a5b7 elementor-section-boxed elementor-section-height-default elementor-section-height-default\" data-id=\"650a5b7\" data-element_type=\"section\" data-e-type=\"section\">\r\n\t\t\r\n\t\t\t\t\t\t\t<div class=\"elementor-container elementor-column-gap-default\">\r\n\t\t\t\t\t\t\t\t\t\t\t<div class=\"elementor-column elementor-col-100 elementor-top-column elementor-element elementor-element-1e5b305\" data-id=\"1e5b305\" data-element_type=\"column\" data-e-type=\"column\">\r\n\t\t\t\t\t<div class=\"elementor-widget-wrap elementor-element-populated\">\r\n\t\t\t\t\t\t\t\t<div class=\"elementor-element elementor-element-2f15f13 elementor-widget elementor-widget-heading\" data-id=\"2f15f13\" data-element_type=\"widget\" data-e-type=\"widget\" data-widget_type=\"heading.default\">\n\t\t\t\t<div class=\"elementor-widget-container\">\n\t\t\t\t\t<h2 class=\"elementor-heading-title elementor-size-default\">Exemple de la mani\u00e8re d'imposer la nue propri\u00e9t\u00e9 et l'usufruit d'un local<\/h2>\t\t\t\t<\/div>\n\t\t\t\t<\/div>\n\t\t\t\t\t<\/div>\r\n\t\t\t\t<\/div>\r\n\t\t\t\t\t<\/div>\r\n\t\t\t\t<\/section>\r\n\t\t\t\t<section data-particle_enable=\"false\" data-particle-mobile-disabled=\"false\" class=\"elementor-section elementor-top-section elementor-element elementor-element-9de31d1 elementor-section-boxed elementor-section-height-default elementor-section-height-default\" data-id=\"9de31d1\" data-element_type=\"section\" data-e-type=\"section\">\r\n\t\t\r\n\t\t\t\t\t\t\t<div class=\"elementor-container elementor-column-gap-default\">\r\n\t\t\t\t\t\t\t\t\t\t\t<div class=\"elementor-column elementor-col-100 elementor-top-column elementor-element elementor-element-aef74f5\" data-id=\"aef74f5\" data-element_type=\"column\" data-e-type=\"column\">\r\n\t\t\t\t\t<div class=\"elementor-widget-wrap elementor-element-populated\">\r\n\t\t\t\t\t\t\t\t<div class=\"elementor-element elementor-element-28476dd elementor-widget elementor-widget-text-editor\" data-id=\"28476dd\" data-element_type=\"widget\" data-e-type=\"widget\" data-widget_type=\"text-editor.default\">\n\t\t\t\t<div class=\"elementor-widget-container\">\n\t\t\t\t\t\t\t\t\t<p>Poursuivant avec l&rsquo;exemple, si le b\u00e2timent est vendu pour un million d&rsquo;euros et que l&rsquo;usufruitier a 65 ans (par cons\u00e9quent, son usufruit repr\u00e9sente 24 % et la nue-propri\u00e9t\u00e9 de l&rsquo;enfant, 76 %) :<\/p><table rules=\"all\"><tbody><tr><td>Vente<\/td><td>Imposition \u00e0 la TVA<\/td><\/tr><tr><td>Fr\u00e8re : \u00e0 moiti\u00e9 pleine propri\u00e9t\u00e9<\/td><td>L&rsquo;acqu\u00e9reur se r\u00e9percute sur 105.000 euros de TVA (500.000 \u00d7 21%) (1)<\/td><\/tr><tr><td>Enfant : nue propri\u00e9t\u00e9 (76% de l&rsquo;autre moiti\u00e9)<\/td><td>Exon\u00e9r\u00e9 de TVA (l&rsquo;acqu\u00e9reur paie ITP-TPO sur 380.000)<\/td><\/tr><tr><td>Conjoint : usufruit (24 % de l&rsquo;autre moiti\u00e9)<\/td><td>Le conjoint doit r\u00e9percuter 25.200 euros de TVA (120.000 \u00d7 21%)Il y a une renonciation \u00e0 l&rsquo;exemption.<\/td><\/tr><\/tbody><\/table><p>S&rsquo;il n&rsquo;y en a pas, l&rsquo;acqu\u00e9reur devrait satisfaire ITP-TPO sur 500.000 euros.<\/p>\t\t\t\t\t\t\t\t<\/div>\n\t\t\t\t<\/div>\n\t\t\t\t\t<\/div>\r\n\t\t\t\t<\/div>\r\n\t\t\t\t\t<\/div>\r\n\t\t\t\t<\/section>\r\n\t\t\t\t<section data-particle_enable=\"false\" data-particle-mobile-disabled=\"false\" class=\"elementor-section elementor-top-section elementor-element elementor-element-5ab32d4 elementor-section-boxed elementor-section-height-default elementor-section-height-default\" data-id=\"5ab32d4\" data-element_type=\"section\" data-e-type=\"section\">\r\n\t\t\r\n\t\t\t\t\t\t\t<div class=\"elementor-container elementor-column-gap-default\">\r\n\t\t\t\t\t\t\t\t\t\t\t<div class=\"elementor-column elementor-col-100 elementor-top-column elementor-element elementor-element-0c0c3a8\" data-id=\"0c0c3a8\" data-element_type=\"column\" data-e-type=\"column\">\r\n\t\t\t\t\t<div class=\"elementor-widget-wrap elementor-element-populated\">\r\n\t\t\t\t\t\t\t\t<div class=\"elementor-element elementor-element-51d0814 elementor-widget elementor-widget-text-editor\" data-id=\"51d0814\" data-element_type=\"widget\" data-e-type=\"widget\" data-widget_type=\"text-editor.default\">\n\t\t\t\t<div class=\"elementor-widget-container\">\n\t\t\t\t\t\t\t\t\t<p>La vente de l&rsquo;usufruit est impos\u00e9e \u00e0 la TVA dans tous les cas. La vente de la pleine propri\u00e9t\u00e9 est \u00e9galement impos\u00e9e par cette taxe en cas de renonciation \u00e0 l&rsquo;exon\u00e9ration. La transmission de la nue-propri\u00e9t\u00e9 n&rsquo;est pas soumise \u00e0 la TVA, sauf si le vendeur est un entrepreneur.<\/p>\t\t\t\t\t\t\t\t<\/div>\n\t\t\t\t<\/div>\n\t\t\t\t\t<\/div>\r\n\t\t\t\t<\/div>\r\n\t\t\t\t\t<\/div>\r\n\t\t\t\t<\/section>\r\n\t\t\t\t<\/div>\n\t\t","protected":false},"excerpt":{"rendered":"<p>Il est de plus en plus fr\u00e9quent de trouver des biens immobiliers qui sont d\u00e9membr\u00e9s entre la propri\u00e9t\u00e9 nue et l&rsquo;usufruit. Que se passe-t-il si vous voulez vendre ce type de biens ? Dans cet article, nous allons donner un exemple de la fa\u00e7on dont l&rsquo;imp\u00f4t sur la vente d&rsquo;un local avec une propri\u00e9t\u00e9 nue. [&hellip;]<\/p>\n","protected":false},"author":2,"featured_media":41921,"comment_status":"closed","ping_status":"closed","sticky":false,"template":"","format":"standard","meta":{"_eb_attr":"","inline_featured_image":false,"footnotes":""},"categories":[46],"tags":[],"class_list":["post-42776","post","type-post","status-publish","format-standard","has-post-thumbnail","hentry","category-blog"],"featured_image_src":{"landsacpe":["https:\/\/www.asesoriaorihuelacosta.com\/wp-content\/uploads\/2025\/03\/nuda-propiedad-local.webp",640,360,false],"list":["https:\/\/www.asesoriaorihuelacosta.com\/wp-content\/uploads\/2025\/03\/nuda-propiedad-local-463x348.webp",463,348,true],"medium":["https:\/\/www.asesoriaorihuelacosta.com\/wp-content\/uploads\/2025\/03\/nuda-propiedad-local-300x169.webp",300,169,true],"full":["https:\/\/www.asesoriaorihuelacosta.com\/wp-content\/uploads\/2025\/03\/nuda-propiedad-local.webp",640,360,false]},"yoast_head":"<!-- This site is optimized with the Yoast SEO Premium plugin v24.7 (Yoast SEO v27.4) - https:\/\/yoast.com\/product\/yoast-seo-premium-wordpress\/ -->\n<title>Vendre un local lou\u00e9 avec une nue-propri\u00e9t\u00e9 et un usufruit - Asesor\u00eda Orihuela Costa<\/title>\n<meta name=\"description\" content=\"Il est courant de n&#039;avoir que la nue-propri\u00e9t\u00e9 ou l&#039;usufruit d&#039;un bien. Si vous souhaitez le vendre, nous voyons l&#039;imposition de la vente.\" \/>\n<meta name=\"robots\" content=\"index, follow, max-snippet:-1, max-image-preview:large, max-video-preview:-1\" \/>\n<link rel=\"canonical\" href=\"https:\/\/www.asesoriaorihuelacosta.com\/fr\/comment-puis-je-vendre-un-local-loue-avec-une-nue-propriete-et-un-usufruit\/\" \/>\n<meta property=\"og:locale\" content=\"fr_FR\" \/>\n<meta property=\"og:type\" content=\"article\" \/>\n<meta property=\"og:title\" content=\"Comment puis-je vendre un local lou\u00e9 avec une nue-propri\u00e9t\u00e9 et un usufruit ?\" \/>\n<meta property=\"og:description\" content=\"Il est courant de n&#039;avoir que la nue-propri\u00e9t\u00e9 ou l&#039;usufruit d&#039;un bien. Si vous souhaitez le vendre, nous voyons l&#039;imposition de la vente.\" \/>\n<meta property=\"og:url\" content=\"https:\/\/www.asesoriaorihuelacosta.com\/fr\/comment-puis-je-vendre-un-local-loue-avec-une-nue-propriete-et-un-usufruit\/\" \/>\n<meta property=\"og:site_name\" content=\"Asesor\u00eda Orihuela Costa\" \/>\n<meta property=\"article:publisher\" content=\"https:\/\/www.facebook.com\/asesoriaorihuelacosta\" \/>\n<meta property=\"article:author\" content=\"https:\/\/www.facebook.com\/patrick.gordinneperez\" \/>\n<meta property=\"article:published_time\" content=\"2025-03-24T04:42:15+00:00\" \/>\n<meta property=\"article:modified_time\" content=\"2025-05-01T03:44:36+00:00\" \/>\n<meta property=\"og:image\" content=\"https:\/\/www.asesoriaorihuelacosta.com\/wp-content\/uploads\/2025\/03\/nuda-propiedad-local.webp\" \/>\n\t<meta property=\"og:image:width\" content=\"640\" \/>\n\t<meta property=\"og:image:height\" content=\"360\" \/>\n\t<meta property=\"og:image:type\" content=\"image\/webp\" \/>\n<meta name=\"author\" content=\"Patrick Gordinne Perez\" \/>\n<meta name=\"twitter:card\" content=\"summary_large_image\" \/>\n<meta name=\"twitter:label1\" content=\"\u00c9crit par\" \/>\n\t<meta name=\"twitter:data1\" content=\"Patrick Gordinne Perez\" \/>\n\t<meta name=\"twitter:label2\" content=\"Dur\u00e9e de lecture estim\u00e9e\" \/>\n\t<meta name=\"twitter:data2\" content=\"5 minutes\" \/>\n<script type=\"application\/ld+json\" class=\"yoast-schema-graph\">{\"@context\":\"https:\\\/\\\/schema.org\",\"@graph\":[{\"@type\":\"Article\",\"@id\":\"https:\\\/\\\/www.asesoriaorihuelacosta.com\\\/fr\\\/comment-puis-je-vendre-un-local-loue-avec-une-nue-propriete-et-un-usufruit\\\/#article\",\"isPartOf\":{\"@id\":\"https:\\\/\\\/www.asesoriaorihuelacosta.com\\\/fr\\\/comment-puis-je-vendre-un-local-loue-avec-une-nue-propriete-et-un-usufruit\\\/\"},\"author\":{\"name\":\"Patrick Gordinne Perez\",\"@id\":\"https:\\\/\\\/www.asesoriaorihuelacosta.com\\\/fr\\\/#\\\/schema\\\/person\\\/6614ce8cf6d2de542aaf351629fd539e\"},\"headline\":\"Comment puis-je vendre un local lou\u00e9 avec une nue-propri\u00e9t\u00e9 et un usufruit ?\",\"datePublished\":\"2025-03-24T04:42:15+00:00\",\"dateModified\":\"2025-05-01T03:44:36+00:00\",\"mainEntityOfPage\":{\"@id\":\"https:\\\/\\\/www.asesoriaorihuelacosta.com\\\/fr\\\/comment-puis-je-vendre-un-local-loue-avec-une-nue-propriete-et-un-usufruit\\\/\"},\"wordCount\":1090,\"publisher\":{\"@id\":\"https:\\\/\\\/www.asesoriaorihuelacosta.com\\\/fr\\\/#organization\"},\"image\":{\"@id\":\"https:\\\/\\\/www.asesoriaorihuelacosta.com\\\/fr\\\/comment-puis-je-vendre-un-local-loue-avec-une-nue-propriete-et-un-usufruit\\\/#primaryimage\"},\"thumbnailUrl\":\"https:\\\/\\\/www.asesoriaorihuelacosta.com\\\/wp-content\\\/uploads\\\/2025\\\/03\\\/nuda-propiedad-local.webp\",\"articleSection\":[\"Blog\"],\"inLanguage\":\"fr-FR\"},{\"@type\":\"WebPage\",\"@id\":\"https:\\\/\\\/www.asesoriaorihuelacosta.com\\\/fr\\\/comment-puis-je-vendre-un-local-loue-avec-une-nue-propriete-et-un-usufruit\\\/\",\"url\":\"https:\\\/\\\/www.asesoriaorihuelacosta.com\\\/fr\\\/comment-puis-je-vendre-un-local-loue-avec-une-nue-propriete-et-un-usufruit\\\/\",\"name\":\"Vendre un local lou\u00e9 avec une nue-propri\u00e9t\u00e9 et un usufruit - Asesor\u00eda Orihuela Costa\",\"isPartOf\":{\"@id\":\"https:\\\/\\\/www.asesoriaorihuelacosta.com\\\/fr\\\/#website\"},\"primaryImageOfPage\":{\"@id\":\"https:\\\/\\\/www.asesoriaorihuelacosta.com\\\/fr\\\/comment-puis-je-vendre-un-local-loue-avec-une-nue-propriete-et-un-usufruit\\\/#primaryimage\"},\"image\":{\"@id\":\"https:\\\/\\\/www.asesoriaorihuelacosta.com\\\/fr\\\/comment-puis-je-vendre-un-local-loue-avec-une-nue-propriete-et-un-usufruit\\\/#primaryimage\"},\"thumbnailUrl\":\"https:\\\/\\\/www.asesoriaorihuelacosta.com\\\/wp-content\\\/uploads\\\/2025\\\/03\\\/nuda-propiedad-local.webp\",\"datePublished\":\"2025-03-24T04:42:15+00:00\",\"dateModified\":\"2025-05-01T03:44:36+00:00\",\"description\":\"Il est courant de n'avoir que la nue-propri\u00e9t\u00e9 ou l'usufruit d'un bien. Si vous souhaitez le vendre, nous voyons l'imposition de la vente.\",\"breadcrumb\":{\"@id\":\"https:\\\/\\\/www.asesoriaorihuelacosta.com\\\/fr\\\/comment-puis-je-vendre-un-local-loue-avec-une-nue-propriete-et-un-usufruit\\\/#breadcrumb\"},\"inLanguage\":\"fr-FR\",\"potentialAction\":[{\"@type\":\"ReadAction\",\"target\":[\"https:\\\/\\\/www.asesoriaorihuelacosta.com\\\/fr\\\/comment-puis-je-vendre-un-local-loue-avec-une-nue-propriete-et-un-usufruit\\\/\"]}]},{\"@type\":\"ImageObject\",\"inLanguage\":\"fr-FR\",\"@id\":\"https:\\\/\\\/www.asesoriaorihuelacosta.com\\\/fr\\\/comment-puis-je-vendre-un-local-loue-avec-une-nue-propriete-et-un-usufruit\\\/#primaryimage\",\"url\":\"https:\\\/\\\/www.asesoriaorihuelacosta.com\\\/wp-content\\\/uploads\\\/2025\\\/03\\\/nuda-propiedad-local.webp\",\"contentUrl\":\"https:\\\/\\\/www.asesoriaorihuelacosta.com\\\/wp-content\\\/uploads\\\/2025\\\/03\\\/nuda-propiedad-local.webp\",\"width\":640,\"height\":360,\"caption\":\"nuda propiedad local\"},{\"@type\":\"BreadcrumbList\",\"@id\":\"https:\\\/\\\/www.asesoriaorihuelacosta.com\\\/fr\\\/comment-puis-je-vendre-un-local-loue-avec-une-nue-propriete-et-un-usufruit\\\/#breadcrumb\",\"itemListElement\":[{\"@type\":\"ListItem\",\"position\":1,\"name\":\"Home\",\"item\":\"https:\\\/\\\/www.asesoriaorihuelacosta.com\\\/fr\\\/\"},{\"@type\":\"ListItem\",\"position\":2,\"name\":\"Comment puis-je vendre un local lou\u00e9 avec une nue-propri\u00e9t\u00e9 et un usufruit ?\"}]},{\"@type\":\"WebSite\",\"@id\":\"https:\\\/\\\/www.asesoriaorihuelacosta.com\\\/fr\\\/#website\",\"url\":\"https:\\\/\\\/www.asesoriaorihuelacosta.com\\\/fr\\\/\",\"name\":\"https:\\\/\\\/www.asesoriaorihuelacosta.com\\\/\",\"description\":\"Grupo de asesores profesionales\",\"publisher\":{\"@id\":\"https:\\\/\\\/www.asesoriaorihuelacosta.com\\\/fr\\\/#organization\"},\"potentialAction\":[{\"@type\":\"SearchAction\",\"target\":{\"@type\":\"EntryPoint\",\"urlTemplate\":\"https:\\\/\\\/www.asesoriaorihuelacosta.com\\\/fr\\\/?s={search_term_string}\"},\"query-input\":{\"@type\":\"PropertyValueSpecification\",\"valueRequired\":true,\"valueName\":\"search_term_string\"}}],\"inLanguage\":\"fr-FR\"},{\"@type\":\"Organization\",\"@id\":\"https:\\\/\\\/www.asesoriaorihuelacosta.com\\\/fr\\\/#organization\",\"name\":\"Asesor\u00eda Orihuela Costa\",\"url\":\"https:\\\/\\\/www.asesoriaorihuelacosta.com\\\/fr\\\/\",\"logo\":{\"@type\":\"ImageObject\",\"inLanguage\":\"fr-FR\",\"@id\":\"https:\\\/\\\/www.asesoriaorihuelacosta.com\\\/fr\\\/#\\\/schema\\\/logo\\\/image\\\/\",\"url\":\"https:\\\/\\\/www.asesoriaorihuelacosta.com\\\/wp-content\\\/uploads\\\/2022\\\/06\\\/Logo-espa\u5bf8l-asesoriaorihuela.jpg\",\"contentUrl\":\"https:\\\/\\\/www.asesoriaorihuelacosta.com\\\/wp-content\\\/uploads\\\/2022\\\/06\\\/Logo-espa\u5bf8l-asesoriaorihuela.jpg\",\"width\":588,\"height\":136,\"caption\":\"Asesor\u00eda Orihuela Costa\"},\"image\":{\"@id\":\"https:\\\/\\\/www.asesoriaorihuelacosta.com\\\/fr\\\/#\\\/schema\\\/logo\\\/image\\\/\"},\"sameAs\":[\"https:\\\/\\\/www.facebook.com\\\/asesoriaorihuelacosta\"]},{\"@type\":\"Person\",\"@id\":\"https:\\\/\\\/www.asesoriaorihuelacosta.com\\\/fr\\\/#\\\/schema\\\/person\\\/6614ce8cf6d2de542aaf351629fd539e\",\"name\":\"Patrick Gordinne Perez\",\"description\":\"Soy economista colegiado por el colegio de economistas de Alicante con el n\u00famero 2722. Llevo ejerciendo desde el a\u00f1o 2005. Soy especialista en fiscalidad de empresas y aut\u00f3nomos y tambi\u00e9n especialista en gestionar compraventas. Hablo espa\u00f1ol, ingl\u00e9s y franc\u00e9s.\",\"sameAs\":[\"https:\\\/\\\/www.asesoriaorihuelacosta.com\",\"https:\\\/\\\/www.facebook.com\\\/patrick.gordinneperez\",\"https:\\\/\\\/www.linkedin.com\\\/in\\\/patrick-gordinne-perez-1b73aab3\\\/\",\"https:\\\/\\\/www.youtube.com\\\/channel\\\/UC5e95RJEVQlxCnhwDmGNVCw\"],\"gender\":\"Hombre\",\"knowsLanguage\":[\"ingl\u00e9s\",\"franc\u00e9s\",\"espa\u00f1ol\"],\"jobTitle\":\"Gerente\",\"worksFor\":\"Asesoria Orihuela Costa SL\"}]}<\/script>\n<!-- \/ Yoast SEO Premium plugin. -->","yoast_head_json":{"title":"Vendre un local lou\u00e9 avec une nue-propri\u00e9t\u00e9 et un usufruit - Asesor\u00eda Orihuela Costa","description":"Il est courant de n'avoir que la nue-propri\u00e9t\u00e9 ou l'usufruit d'un bien. Si vous souhaitez le vendre, nous voyons l'imposition de la vente.","robots":{"index":"index","follow":"follow","max-snippet":"max-snippet:-1","max-image-preview":"max-image-preview:large","max-video-preview":"max-video-preview:-1"},"canonical":"https:\/\/www.asesoriaorihuelacosta.com\/fr\/comment-puis-je-vendre-un-local-loue-avec-une-nue-propriete-et-un-usufruit\/","og_locale":"fr_FR","og_type":"article","og_title":"Comment puis-je vendre un local lou\u00e9 avec une nue-propri\u00e9t\u00e9 et un usufruit ?","og_description":"Il est courant de n'avoir que la nue-propri\u00e9t\u00e9 ou l'usufruit d'un bien. Si vous souhaitez le vendre, nous voyons l'imposition de la vente.","og_url":"https:\/\/www.asesoriaorihuelacosta.com\/fr\/comment-puis-je-vendre-un-local-loue-avec-une-nue-propriete-et-un-usufruit\/","og_site_name":"Asesor\u00eda Orihuela Costa","article_publisher":"https:\/\/www.facebook.com\/asesoriaorihuelacosta","article_author":"https:\/\/www.facebook.com\/patrick.gordinneperez","article_published_time":"2025-03-24T04:42:15+00:00","article_modified_time":"2025-05-01T03:44:36+00:00","og_image":[{"width":640,"height":360,"url":"https:\/\/www.asesoriaorihuelacosta.com\/wp-content\/uploads\/2025\/03\/nuda-propiedad-local.webp","type":"image\/webp"}],"author":"Patrick Gordinne Perez","twitter_card":"summary_large_image","twitter_misc":{"\u00c9crit par":"Patrick Gordinne Perez","Dur\u00e9e de lecture estim\u00e9e":"5 minutes"},"schema":{"@context":"https:\/\/schema.org","@graph":[{"@type":"Article","@id":"https:\/\/www.asesoriaorihuelacosta.com\/fr\/comment-puis-je-vendre-un-local-loue-avec-une-nue-propriete-et-un-usufruit\/#article","isPartOf":{"@id":"https:\/\/www.asesoriaorihuelacosta.com\/fr\/comment-puis-je-vendre-un-local-loue-avec-une-nue-propriete-et-un-usufruit\/"},"author":{"name":"Patrick Gordinne Perez","@id":"https:\/\/www.asesoriaorihuelacosta.com\/fr\/#\/schema\/person\/6614ce8cf6d2de542aaf351629fd539e"},"headline":"Comment puis-je vendre un local lou\u00e9 avec une nue-propri\u00e9t\u00e9 et un usufruit ?","datePublished":"2025-03-24T04:42:15+00:00","dateModified":"2025-05-01T03:44:36+00:00","mainEntityOfPage":{"@id":"https:\/\/www.asesoriaorihuelacosta.com\/fr\/comment-puis-je-vendre-un-local-loue-avec-une-nue-propriete-et-un-usufruit\/"},"wordCount":1090,"publisher":{"@id":"https:\/\/www.asesoriaorihuelacosta.com\/fr\/#organization"},"image":{"@id":"https:\/\/www.asesoriaorihuelacosta.com\/fr\/comment-puis-je-vendre-un-local-loue-avec-une-nue-propriete-et-un-usufruit\/#primaryimage"},"thumbnailUrl":"https:\/\/www.asesoriaorihuelacosta.com\/wp-content\/uploads\/2025\/03\/nuda-propiedad-local.webp","articleSection":["Blog"],"inLanguage":"fr-FR"},{"@type":"WebPage","@id":"https:\/\/www.asesoriaorihuelacosta.com\/fr\/comment-puis-je-vendre-un-local-loue-avec-une-nue-propriete-et-un-usufruit\/","url":"https:\/\/www.asesoriaorihuelacosta.com\/fr\/comment-puis-je-vendre-un-local-loue-avec-une-nue-propriete-et-un-usufruit\/","name":"Vendre un local lou\u00e9 avec une nue-propri\u00e9t\u00e9 et un usufruit - Asesor\u00eda Orihuela Costa","isPartOf":{"@id":"https:\/\/www.asesoriaorihuelacosta.com\/fr\/#website"},"primaryImageOfPage":{"@id":"https:\/\/www.asesoriaorihuelacosta.com\/fr\/comment-puis-je-vendre-un-local-loue-avec-une-nue-propriete-et-un-usufruit\/#primaryimage"},"image":{"@id":"https:\/\/www.asesoriaorihuelacosta.com\/fr\/comment-puis-je-vendre-un-local-loue-avec-une-nue-propriete-et-un-usufruit\/#primaryimage"},"thumbnailUrl":"https:\/\/www.asesoriaorihuelacosta.com\/wp-content\/uploads\/2025\/03\/nuda-propiedad-local.webp","datePublished":"2025-03-24T04:42:15+00:00","dateModified":"2025-05-01T03:44:36+00:00","description":"Il est courant de n'avoir que la nue-propri\u00e9t\u00e9 ou l'usufruit d'un bien. Si vous souhaitez le vendre, nous voyons l'imposition de la vente.","breadcrumb":{"@id":"https:\/\/www.asesoriaorihuelacosta.com\/fr\/comment-puis-je-vendre-un-local-loue-avec-une-nue-propriete-et-un-usufruit\/#breadcrumb"},"inLanguage":"fr-FR","potentialAction":[{"@type":"ReadAction","target":["https:\/\/www.asesoriaorihuelacosta.com\/fr\/comment-puis-je-vendre-un-local-loue-avec-une-nue-propriete-et-un-usufruit\/"]}]},{"@type":"ImageObject","inLanguage":"fr-FR","@id":"https:\/\/www.asesoriaorihuelacosta.com\/fr\/comment-puis-je-vendre-un-local-loue-avec-une-nue-propriete-et-un-usufruit\/#primaryimage","url":"https:\/\/www.asesoriaorihuelacosta.com\/wp-content\/uploads\/2025\/03\/nuda-propiedad-local.webp","contentUrl":"https:\/\/www.asesoriaorihuelacosta.com\/wp-content\/uploads\/2025\/03\/nuda-propiedad-local.webp","width":640,"height":360,"caption":"nuda propiedad local"},{"@type":"BreadcrumbList","@id":"https:\/\/www.asesoriaorihuelacosta.com\/fr\/comment-puis-je-vendre-un-local-loue-avec-une-nue-propriete-et-un-usufruit\/#breadcrumb","itemListElement":[{"@type":"ListItem","position":1,"name":"Home","item":"https:\/\/www.asesoriaorihuelacosta.com\/fr\/"},{"@type":"ListItem","position":2,"name":"Comment puis-je vendre un local lou\u00e9 avec une nue-propri\u00e9t\u00e9 et un usufruit ?"}]},{"@type":"WebSite","@id":"https:\/\/www.asesoriaorihuelacosta.com\/fr\/#website","url":"https:\/\/www.asesoriaorihuelacosta.com\/fr\/","name":"https:\/\/www.asesoriaorihuelacosta.com\/","description":"Grupo de asesores profesionales","publisher":{"@id":"https:\/\/www.asesoriaorihuelacosta.com\/fr\/#organization"},"potentialAction":[{"@type":"SearchAction","target":{"@type":"EntryPoint","urlTemplate":"https:\/\/www.asesoriaorihuelacosta.com\/fr\/?s={search_term_string}"},"query-input":{"@type":"PropertyValueSpecification","valueRequired":true,"valueName":"search_term_string"}}],"inLanguage":"fr-FR"},{"@type":"Organization","@id":"https:\/\/www.asesoriaorihuelacosta.com\/fr\/#organization","name":"Asesor\u00eda Orihuela Costa","url":"https:\/\/www.asesoriaorihuelacosta.com\/fr\/","logo":{"@type":"ImageObject","inLanguage":"fr-FR","@id":"https:\/\/www.asesoriaorihuelacosta.com\/fr\/#\/schema\/logo\/image\/","url":"https:\/\/www.asesoriaorihuelacosta.com\/wp-content\/uploads\/2022\/06\/Logo-espa\u5bf8l-asesoriaorihuela.jpg","contentUrl":"https:\/\/www.asesoriaorihuelacosta.com\/wp-content\/uploads\/2022\/06\/Logo-espa\u5bf8l-asesoriaorihuela.jpg","width":588,"height":136,"caption":"Asesor\u00eda Orihuela Costa"},"image":{"@id":"https:\/\/www.asesoriaorihuelacosta.com\/fr\/#\/schema\/logo\/image\/"},"sameAs":["https:\/\/www.facebook.com\/asesoriaorihuelacosta"]},{"@type":"Person","@id":"https:\/\/www.asesoriaorihuelacosta.com\/fr\/#\/schema\/person\/6614ce8cf6d2de542aaf351629fd539e","name":"Patrick Gordinne Perez","description":"Soy economista colegiado por el colegio de economistas de Alicante con el n\u00famero 2722. Llevo ejerciendo desde el a\u00f1o 2005. Soy especialista en fiscalidad de empresas y aut\u00f3nomos y tambi\u00e9n especialista en gestionar compraventas. Hablo espa\u00f1ol, ingl\u00e9s y franc\u00e9s.","sameAs":["https:\/\/www.asesoriaorihuelacosta.com","https:\/\/www.facebook.com\/patrick.gordinneperez","https:\/\/www.linkedin.com\/in\/patrick-gordinne-perez-1b73aab3\/","https:\/\/www.youtube.com\/channel\/UC5e95RJEVQlxCnhwDmGNVCw"],"gender":"Hombre","knowsLanguage":["ingl\u00e9s","franc\u00e9s","espa\u00f1ol"],"jobTitle":"Gerente","worksFor":"Asesoria Orihuela Costa SL"}]}},"_links":{"self":[{"href":"https:\/\/www.asesoriaorihuelacosta.com\/fr\/wp-json\/wp\/v2\/posts\/42776","targetHints":{"allow":["GET"]}}],"collection":[{"href":"https:\/\/www.asesoriaorihuelacosta.com\/fr\/wp-json\/wp\/v2\/posts"}],"about":[{"href":"https:\/\/www.asesoriaorihuelacosta.com\/fr\/wp-json\/wp\/v2\/types\/post"}],"author":[{"embeddable":true,"href":"https:\/\/www.asesoriaorihuelacosta.com\/fr\/wp-json\/wp\/v2\/users\/2"}],"replies":[{"embeddable":true,"href":"https:\/\/www.asesoriaorihuelacosta.com\/fr\/wp-json\/wp\/v2\/comments?post=42776"}],"version-history":[{"count":11,"href":"https:\/\/www.asesoriaorihuelacosta.com\/fr\/wp-json\/wp\/v2\/posts\/42776\/revisions"}],"predecessor-version":[{"id":42793,"href":"https:\/\/www.asesoriaorihuelacosta.com\/fr\/wp-json\/wp\/v2\/posts\/42776\/revisions\/42793"}],"wp:featuredmedia":[{"embeddable":true,"href":"https:\/\/www.asesoriaorihuelacosta.com\/fr\/wp-json\/wp\/v2\/media\/41921"}],"wp:attachment":[{"href":"https:\/\/www.asesoriaorihuelacosta.com\/fr\/wp-json\/wp\/v2\/media?parent=42776"}],"wp:term":[{"taxonomy":"category","embeddable":true,"href":"https:\/\/www.asesoriaorihuelacosta.com\/fr\/wp-json\/wp\/v2\/categories?post=42776"},{"taxonomy":"post_tag","embeddable":true,"href":"https:\/\/www.asesoriaorihuelacosta.com\/fr\/wp-json\/wp\/v2\/tags?post=42776"}],"curies":[{"name":"wp","href":"https:\/\/api.w.org\/{rel}","templated":true}]}}