{"id":42335,"date":"2025-03-29T05:07:16","date_gmt":"2025-03-29T05:07:16","guid":{"rendered":"https:\/\/www.asesoriaorihuelacosta.com\/?p=42335"},"modified":"2025-04-11T03:08:18","modified_gmt":"2025-04-11T03:08:18","slug":"comment-fonctionne-la-tva-sur-les-ventes-en-dehors-de-lespagne","status":"publish","type":"post","link":"https:\/\/www.asesoriaorihuelacosta.com\/fr\/comment-fonctionne-la-tva-sur-les-ventes-en-dehors-de-lespagne\/","title":{"rendered":"Comment fonctionne la TVA sur les ventes en dehors de l&rsquo;Espagne"},"content":{"rendered":"\t\t<div data-elementor-type=\"wp-post\" data-elementor-id=\"42335\" class=\"elementor elementor-42335\" data-elementor-post-type=\"post\">\n\t\t\t\t\t\t<section data-particle_enable=\"false\" data-particle-mobile-disabled=\"false\" class=\"elementor-section elementor-top-section elementor-element elementor-element-c097536 elementor-section-boxed elementor-section-height-default elementor-section-height-default\" data-id=\"c097536\" data-element_type=\"section\" data-e-type=\"section\">\r\n\t\t\r\n\t\t\t\t\t\t\t<div class=\"elementor-container elementor-column-gap-default\">\r\n\t\t\t\t\t\t\t\t\t\t\t<div class=\"elementor-column elementor-col-100 elementor-top-column elementor-element elementor-element-87dc42f\" data-id=\"87dc42f\" data-element_type=\"column\" data-e-type=\"column\">\r\n\t\t\t\t\t<div class=\"elementor-widget-wrap elementor-element-populated\">\r\n\t\t\t\t\t\t\t\t<div class=\"elementor-element elementor-element-c974e3d elementor-widget elementor-widget-text-editor\" data-id=\"c974e3d\" data-element_type=\"widget\" data-e-type=\"widget\" data-widget_type=\"text-editor.default\">\n\t\t\t\t<div class=\"elementor-widget-container\">\n\t\t\t\t\t\t\t\t\t<p>Bien que la TVA soit une taxe neutre pour les entreprises ou les entrepreneurs individuels, il faut toujours \u00eatre tr\u00e8s prudent dans les op\u00e9rations portant la TVA. Par exemple, les ventes en dehors de l&rsquo;Espagne.<\/p><p>L&rsquo;agence fiscale est tr\u00e8s stricte avec les exigences pour ne pas verser la TVA dans le fisc et impose de nombreuses exigences pour la justification des ventes en dehors de l&rsquo;Espagne.<\/p><p>Aujourd&rsquo;hui, il est tr\u00e8s difficile de gagner de l&rsquo;argent, de tirer profit de votre produit, de cr\u00e9er de nouvelles entreprises, car il y a de plus en plus de concurrence, m\u00eame de l&rsquo;\u00e9tranger.<\/p><p>Nous voulons dire par l\u00e0 qu&rsquo;il y a beaucoup de ruse avec des choses qui n&rsquo;ont pas \u00e0 voir avec votre produit, mais avec des choses externes, par exemple la TVA.<\/p><p>Il y a des entreprises qui ne paient pas de TVA et sont donc moins ch\u00e8res et gagnent plus d&rsquo;argent.<\/p><p>C&rsquo;est pourquoi le fisc contr\u00f4le beaucoup les op\u00e9rations exon\u00e9r\u00e9es de TVA.<\/p><p>Dans cet article, nous allons expliquer les exigences que vous devez demander pour ne pas facturer la TVA \u00e0 vos clients sur les ventes en dehors de l&rsquo;Espagne.<\/p>\t\t\t\t\t\t\t\t<\/div>\n\t\t\t\t<\/div>\n\t\t\t\t\t<\/div>\r\n\t\t\t\t<\/div>\r\n\t\t\t\t\t<\/div>\r\n\t\t\t\t<\/section>\r\n\t\t\t\t<section data-particle_enable=\"false\" data-particle-mobile-disabled=\"false\" class=\"elementor-section elementor-top-section elementor-element elementor-element-255e962 elementor-section-boxed elementor-section-height-default elementor-section-height-default\" data-id=\"255e962\" data-element_type=\"section\" data-e-type=\"section\">\r\n\t\t\r\n\t\t\t\t\t\t\t<div class=\"elementor-container elementor-column-gap-default\">\r\n\t\t\t\t\t\t\t\t\t\t\t<div class=\"elementor-column elementor-col-100 elementor-top-column elementor-element elementor-element-d189a46\" data-id=\"d189a46\" data-element_type=\"column\" data-e-type=\"column\">\r\n\t\t\t\t\t<div class=\"elementor-widget-wrap elementor-element-populated\">\r\n\t\t\t\t\t\t\t\t<div class=\"elementor-element elementor-element-82917b6 elementor-widget elementor-widget-heading\" data-id=\"82917b6\" data-element_type=\"widget\" data-e-type=\"widget\" data-widget_type=\"heading.default\">\n\t\t\t\t<div class=\"elementor-widget-container\">\n\t\t\t\t\t<h2 class=\"elementor-heading-title elementor-size-default\">L'exportateur est l'acqu\u00e9reur des ventes en dehors de l'Espagne<\/h2>\t\t\t\t<\/div>\n\t\t\t\t<\/div>\n\t\t\t\t\t<\/div>\r\n\t\t\t\t<\/div>\r\n\t\t\t\t\t<\/div>\r\n\t\t\t\t<\/section>\r\n\t\t\t\t<section data-particle_enable=\"false\" data-particle-mobile-disabled=\"false\" class=\"elementor-section elementor-top-section elementor-element elementor-element-f168b2f elementor-section-boxed elementor-section-height-default elementor-section-height-default\" data-id=\"f168b2f\" data-element_type=\"section\" data-e-type=\"section\">\r\n\t\t\r\n\t\t\t\t\t\t\t<div class=\"elementor-container elementor-column-gap-default\">\r\n\t\t\t\t\t\t\t\t\t\t\t<div class=\"elementor-column elementor-col-100 elementor-top-column elementor-element elementor-element-d9df58e\" data-id=\"d9df58e\" data-element_type=\"column\" data-e-type=\"column\">\r\n\t\t\t\t\t<div class=\"elementor-widget-wrap elementor-element-populated\">\r\n\t\t\t\t\t\t\t\t<div class=\"elementor-element elementor-element-f73e1e4 elementor-widget elementor-widget-text-editor\" data-id=\"f73e1e4\" data-element_type=\"widget\" data-e-type=\"widget\" data-widget_type=\"text-editor.default\">\n\t\t\t\t<div class=\"elementor-widget-container\">\n\t\t\t\t\t\t\t\t\t<p>Si votre entreprise vend et exp\u00e9die ses produits \u00e0 d&rsquo;autres entreprises situ\u00e9es en dehors de l&rsquo;Espagne, vous ne devez pas leur facturer la TVA.<\/p><p>Mais&#8230;<\/p><p>Comment devez-vous agir si la livraison des marchandises a lieu en Espagne et que ce sont ces entreprises qui les emm\u00e8nent \u00e0 l&rsquo;\u00e9tranger ?<\/p>\t\t\t\t\t\t\t\t<\/div>\n\t\t\t\t<\/div>\n\t\t\t\t\t<\/div>\r\n\t\t\t\t<\/div>\r\n\t\t\t\t\t<\/div>\r\n\t\t\t\t<\/section>\r\n\t\t\t\t<section data-particle_enable=\"false\" data-particle-mobile-disabled=\"false\" class=\"elementor-section elementor-top-section elementor-element elementor-element-c3df401 elementor-section-boxed elementor-section-height-default elementor-section-height-default\" data-id=\"c3df401\" data-element_type=\"section\" data-e-type=\"section\">\r\n\t\t\r\n\t\t\t\t\t\t\t<div class=\"elementor-container elementor-column-gap-default\">\r\n\t\t\t\t\t\t\t\t\t\t\t<div class=\"elementor-column elementor-col-100 elementor-top-column elementor-element elementor-element-0f5915a\" data-id=\"0f5915a\" data-element_type=\"column\" data-e-type=\"column\">\r\n\t\t\t\t\t<div class=\"elementor-widget-wrap elementor-element-populated\">\r\n\t\t\t\t\t\t\t\t<div class=\"elementor-element elementor-element-e3a59ae elementor-widget elementor-widget-heading\" data-id=\"e3a59ae\" data-element_type=\"widget\" data-e-type=\"widget\" data-widget_type=\"heading.default\">\n\t\t\t\t<div class=\"elementor-widget-container\">\n\t\t\t\t\t<h2 class=\"elementor-heading-title elementor-size-default\">Ventes en Espagne hors TVA<\/h2>\t\t\t\t<\/div>\n\t\t\t\t<\/div>\n\t\t\t\t\t<\/div>\r\n\t\t\t\t<\/div>\r\n\t\t\t\t\t<\/div>\r\n\t\t\t\t<\/section>\r\n\t\t\t\t<section data-particle_enable=\"false\" data-particle-mobile-disabled=\"false\" class=\"elementor-section elementor-top-section elementor-element elementor-element-2cd2d91 elementor-section-boxed elementor-section-height-default elementor-section-height-default\" data-id=\"2cd2d91\" data-element_type=\"section\" data-e-type=\"section\">\r\n\t\t\r\n\t\t\t\t\t\t\t<div class=\"elementor-container elementor-column-gap-default\">\r\n\t\t\t\t\t\t\t\t\t\t\t<div class=\"elementor-column elementor-col-100 elementor-top-column elementor-element elementor-element-85727b0\" data-id=\"85727b0\" data-element_type=\"column\" data-e-type=\"column\">\r\n\t\t\t\t\t<div class=\"elementor-widget-wrap elementor-element-populated\">\r\n\t\t\t\t\t\t\t\t<div class=\"elementor-element elementor-element-5335de5 elementor-widget elementor-widget-text-editor\" data-id=\"5335de5\" data-element_type=\"widget\" data-e-type=\"widget\" data-widget_type=\"text-editor.default\">\n\t\t\t\t<div class=\"elementor-widget-container\">\n\t\t\t\t\t\t\t\t\t<p>En g\u00e9n\u00e9ral, si votre entreprise effectue des livraisons de biens \u00e0 d&rsquo;autres entreprises dans le cadre du \u00ab\u00a0territoire de la TVA espagnole\u00a0\u00bb (TAI) &#8211; dans la p\u00e9ninsule et les \u00eeles Bal\u00e9ares -, vous devez r\u00e9percuter la TVA sur ces ventes (ce sont des op\u00e9rations soumises et non exon\u00e9r\u00e9es).<\/p><p>Cependant, si l&rsquo;entreprise acqu\u00e9reuse est \u00e9tablie en dehors de l&rsquo;Espagne, il est possible qu&rsquo;elle ne doive pas r\u00e9percuter la TVA (dans ce cas, l&rsquo;op\u00e9ration est consid\u00e9r\u00e9e comme soumise et exon\u00e9r\u00e9e).<\/p><p>Pour ce faire, il est n\u00e9cessaire que l&rsquo;entreprise acqu\u00e9reuse :<\/p><ul><li>Je vous informe que vous allez emporter les marchandises hors d&rsquo;Espagne, soit par vos propres moyens, soit par l&rsquo;interm\u00e9diaire d&rsquo;un tiers engag\u00e9 par vous.<\/li><li>Et qui justifie par la documentation que les produits ont \u00e9t\u00e9 transport\u00e9s hors d&rsquo;Espagne.<\/li><\/ul>\t\t\t\t\t\t\t\t<\/div>\n\t\t\t\t<\/div>\n\t\t\t\t\t<\/div>\r\n\t\t\t\t<\/div>\r\n\t\t\t\t\t<\/div>\r\n\t\t\t\t<\/section>\r\n\t\t\t\t<section data-particle_enable=\"false\" data-particle-mobile-disabled=\"false\" class=\"elementor-section elementor-top-section elementor-element elementor-element-0b05dbb elementor-section-boxed elementor-section-height-default elementor-section-height-default\" data-id=\"0b05dbb\" data-element_type=\"section\" data-e-type=\"section\">\r\n\t\t\r\n\t\t\t\t\t\t\t<div class=\"elementor-container elementor-column-gap-default\">\r\n\t\t\t\t\t\t\t\t\t\t\t<div class=\"elementor-column elementor-col-100 elementor-top-column elementor-element elementor-element-953b1db\" data-id=\"953b1db\" data-element_type=\"column\" data-e-type=\"column\">\r\n\t\t\t\t\t<div class=\"elementor-widget-wrap elementor-element-populated\">\r\n\t\t\t\t\t\t\t\t<div class=\"elementor-element elementor-element-9284ff7 elementor-widget elementor-widget-heading\" data-id=\"9284ff7\" data-element_type=\"widget\" data-e-type=\"widget\" data-widget_type=\"heading.default\">\n\t\t\t\t<div class=\"elementor-widget-container\">\n\t\t\t\t\t<h2 class=\"elementor-heading-title elementor-size-default\">Ventes hors de l'Union europ\u00e9enne : l'exportation<\/h2>\t\t\t\t<\/div>\n\t\t\t\t<\/div>\n\t\t\t\t\t<\/div>\r\n\t\t\t\t<\/div>\r\n\t\t\t\t\t<\/div>\r\n\t\t\t\t<\/section>\r\n\t\t\t\t<section data-particle_enable=\"false\" data-particle-mobile-disabled=\"false\" class=\"elementor-section elementor-top-section elementor-element elementor-element-2168b82 elementor-section-boxed elementor-section-height-default elementor-section-height-default\" data-id=\"2168b82\" data-element_type=\"section\" data-e-type=\"section\">\r\n\t\t\r\n\t\t\t\t\t\t\t<div class=\"elementor-container elementor-column-gap-default\">\r\n\t\t\t\t\t\t\t\t\t\t\t<div class=\"elementor-column elementor-col-100 elementor-top-column elementor-element elementor-element-db6941b\" data-id=\"db6941b\" data-element_type=\"column\" data-e-type=\"column\">\r\n\t\t\t\t\t<div class=\"elementor-widget-wrap elementor-element-populated\">\r\n\t\t\t\t\t\t\t\t<div class=\"elementor-element elementor-element-f907fed elementor-widget elementor-widget-text-editor\" data-id=\"f907fed\" data-element_type=\"widget\" data-e-type=\"widget\" data-widget_type=\"text-editor.default\">\n\t\t\t\t<div class=\"elementor-widget-container\">\n\t\t\t\t\t\t\t\t\t<h3>Transport \u00e0 la douane<\/h3><p>Si l&rsquo;entreprise acqu\u00e9reuse doit emporter ces produits en dehors de l&rsquo;Union europ\u00e9enne (auquel cas il s&rsquo;agira d&rsquo;une exportation), il est n\u00e9cessaire qu&rsquo;avant un mois apr\u00e8s la vente en dehors de l&rsquo;Espagne, elle les conduise \u00e0 la douane, et qu&rsquo;elle vous donne les preuves d&rsquo;un transport international.<\/p><p>En particulier, il doit lui fournir le DUA d&rsquo;exportation (une copie remplie par la douane de sortie) et une copie des justificatifs de transport.<\/p><h3>Recommandation<\/h3><p>S&rsquo;il s&rsquo;agit d&rsquo;une op\u00e9ration avec un client que votre entreprise ne conna\u00eet pas, il est recommand\u00e9 d&rsquo;\u00e9mettre d&rsquo;abord la facture avec TVA et, une fois les justificatifs re\u00e7us, d&rsquo;effectuer la rectification correspondante et de rembourser la taxe pay\u00e9e (si elle a d\u00e9j\u00e0 \u00e9t\u00e9 pay\u00e9e).<\/p>\t\t\t\t\t\t\t\t<\/div>\n\t\t\t\t<\/div>\n\t\t\t\t\t<\/div>\r\n\t\t\t\t<\/div>\r\n\t\t\t\t\t<\/div>\r\n\t\t\t\t<\/section>\r\n\t\t\t\t<section data-particle_enable=\"false\" data-particle-mobile-disabled=\"false\" class=\"elementor-section elementor-top-section elementor-element elementor-element-24a47b2 elementor-section-boxed elementor-section-height-default elementor-section-height-default\" data-id=\"24a47b2\" data-element_type=\"section\" data-e-type=\"section\">\r\n\t\t\r\n\t\t\t\t\t\t\t<div class=\"elementor-container elementor-column-gap-default\">\r\n\t\t\t\t\t\t\t\t\t\t\t<div class=\"elementor-column elementor-col-100 elementor-top-column elementor-element elementor-element-91a4677\" data-id=\"91a4677\" data-element_type=\"column\" data-e-type=\"column\">\r\n\t\t\t\t\t<div class=\"elementor-widget-wrap elementor-element-populated\">\r\n\t\t\t\t\t\t\t\t<div class=\"elementor-element elementor-element-440875e elementor-widget elementor-widget-text-editor\" data-id=\"440875e\" data-element_type=\"widget\" data-e-type=\"widget\" data-widget_type=\"text-editor.default\">\n\t\t\t\t<div class=\"elementor-widget-container\">\n\t\t\t\t\t\t\t\t\t<p style=\"text-align: center;\">Dans tous les cas, si les marchandises vendues en dehors de l&rsquo;Espagne mettent plus d&rsquo;un mois \u00e0 quitter l&rsquo;Espagne et que votre entreprise a \u00e9mis la facture sans TVA, n&rsquo;admettez pas que le fisc vous demande la taxe.<\/p>\t\t\t\t\t\t\t\t<\/div>\n\t\t\t\t<\/div>\n\t\t\t\t\t<\/div>\r\n\t\t\t\t<\/div>\r\n\t\t\t\t\t<\/div>\r\n\t\t\t\t<\/section>\r\n\t\t\t\t<section data-particle_enable=\"false\" data-particle-mobile-disabled=\"false\" class=\"elementor-section elementor-top-section elementor-element elementor-element-790831e elementor-section-boxed elementor-section-height-default elementor-section-height-default\" data-id=\"790831e\" data-element_type=\"section\" data-e-type=\"section\">\r\n\t\t\r\n\t\t\t\t\t\t\t<div class=\"elementor-container elementor-column-gap-default\">\r\n\t\t\t\t\t\t\t\t\t\t\t<div class=\"elementor-column elementor-col-100 elementor-top-column elementor-element elementor-element-c76fffd\" data-id=\"c76fffd\" data-element_type=\"column\" data-e-type=\"column\">\r\n\t\t\t\t\t<div class=\"elementor-widget-wrap elementor-element-populated\">\r\n\t\t\t\t\t\t\t\t<div class=\"elementor-element elementor-element-589eaa8 elementor-widget elementor-widget-text-editor\" data-id=\"589eaa8\" data-element_type=\"widget\" data-e-type=\"widget\" data-widget_type=\"text-editor.default\">\n\t\t\t\t<div class=\"elementor-widget-container\">\n\t\t\t\t\t\t\t\t\t<p>M\u00eame si ce d\u00e9lai n&rsquo;est pas respect\u00e9, si vous pouvez prouver que les produits sont effectivement sortis de l&rsquo;Union europ\u00e9enne, le Tr\u00e9sor ne peut pas emp\u00eacher l&rsquo;exon\u00e9ration (c&rsquo;est ce qu&rsquo;a \u00e9tabli la Cour europ\u00e9enne).<\/p><h3>Douane de sortie<\/h3><p>D&rsquo;autre part, dans ces cas, il n&rsquo;est pas n\u00e9cessaire que les marchandises sortent d&rsquo;une douane espagnole.<\/p><p>Si le client, apr\u00e8s avoir achet\u00e9 les marchandises, effectue l&rsquo;exportation depuis les douanes d&rsquo;un autre pays de l&rsquo;UE, la vente sera \u00e9galement exempt\u00e9e si les autres conditions sont remplies.<\/p>\t\t\t\t\t\t\t\t<\/div>\n\t\t\t\t<\/div>\n\t\t\t\t\t<\/div>\r\n\t\t\t\t<\/div>\r\n\t\t\t\t\t<\/div>\r\n\t\t\t\t<\/section>\r\n\t\t\t\t<section data-particle_enable=\"false\" data-particle-mobile-disabled=\"false\" class=\"elementor-section elementor-top-section elementor-element elementor-element-630dcb6 elementor-section-boxed elementor-section-height-default elementor-section-height-default\" data-id=\"630dcb6\" data-element_type=\"section\" data-e-type=\"section\">\r\n\t\t\r\n\t\t\t\t\t\t\t<div class=\"elementor-container elementor-column-gap-default\">\r\n\t\t\t\t\t\t\t\t\t\t\t<div class=\"elementor-column elementor-col-100 elementor-top-column elementor-element elementor-element-0e1c07a\" data-id=\"0e1c07a\" data-element_type=\"column\" data-e-type=\"column\">\r\n\t\t\t\t\t<div class=\"elementor-widget-wrap elementor-element-populated\">\r\n\t\t\t\t\t\t\t\t<div class=\"elementor-element elementor-element-a1827b5 elementor-widget elementor-widget-heading\" data-id=\"a1827b5\" data-element_type=\"widget\" data-e-type=\"widget\" data-widget_type=\"heading.default\">\n\t\t\t\t<div class=\"elementor-widget-container\">\n\t\t\t\t\t<h2 class=\"elementor-heading-title elementor-size-default\">Ventes au sein de l'Union europ\u00e9enne: livraisons intracommunautaires<\/h2>\t\t\t\t<\/div>\n\t\t\t\t<\/div>\n\t\t\t\t\t<\/div>\r\n\t\t\t\t<\/div>\r\n\t\t\t\t\t<\/div>\r\n\t\t\t\t<\/section>\r\n\t\t\t\t<section data-particle_enable=\"false\" data-particle-mobile-disabled=\"false\" class=\"elementor-section elementor-top-section elementor-element elementor-element-3a0a088 elementor-section-boxed elementor-section-height-default elementor-section-height-default\" data-id=\"3a0a088\" data-element_type=\"section\" data-e-type=\"section\">\r\n\t\t\r\n\t\t\t\t\t\t\t<div class=\"elementor-container elementor-column-gap-default\">\r\n\t\t\t\t\t\t\t\t\t\t\t<div class=\"elementor-column elementor-col-100 elementor-top-column elementor-element elementor-element-ed4bdc4\" data-id=\"ed4bdc4\" data-element_type=\"column\" data-e-type=\"column\">\r\n\t\t\t\t\t<div class=\"elementor-widget-wrap elementor-element-populated\">\r\n\t\t\t\t\t\t\t\t<div class=\"elementor-element elementor-element-8536490 elementor-widget elementor-widget-text-editor\" data-id=\"8536490\" data-element_type=\"widget\" data-e-type=\"widget\" data-widget_type=\"text-editor.default\">\n\t\t\t\t<div class=\"elementor-widget-container\">\n\t\t\t\t\t\t\t\t\t<h3>Exon\u00e9ration de la TVA<\/h3><p>Si l&rsquo;entreprise acqu\u00e9reuse &#8211; ou un tiers engag\u00e9 par elle &#8211; apporte les produits dans un autre pays de l&rsquo;UE et fournit un NIF TVA de ce territoire, la livraison sera une livraison intracommunautaire et sera \u00e9galement exon\u00e9r\u00e9e (c&rsquo;est-\u00e0-dire, votre entreprise doit d\u00e9clarer l&rsquo;op\u00e9ration sur le mod\u00e8le 349).<\/p><p>Dans ce cas, pour justifier la sortie, l&rsquo;acqu\u00e9reur doit lui fournir :<\/p><p>Au moins deux documents relatifs au transport d\u00e9livr\u00e9s par des parties ind\u00e9pendantes (par exemple, une lettre ou un document CMR sign\u00e9, un connaissement ou une facture de fret a\u00e9rien ou du transporteur).<\/p><p>Ou l&rsquo;un des \u00e9l\u00e9ments de preuve ci-dessus et au moins l&rsquo;un des documents de transport suivants :<\/p><ul><li>Assurance transport,<\/li><li>La preuve du paiement,<\/li><li>Un document officiel d\u00e9livr\u00e9 par une autorit\u00e9 publique<\/li><li>Le re\u00e7u des marchandises d&rsquo;un entrep\u00f4t du pays de destination.<\/li><\/ul><h3>Tr\u00e8s important : la d\u00e9claration \u00e9crite<\/h3><p>En outre, dans les dix jours suivant la livraison des biens, l&rsquo;acqu\u00e9reur doit lui fournir une d\u00e9claration \u00e9crite attestant qu&rsquo;il a transport\u00e9 les biens.<\/p>\t\t\t\t\t\t\t\t<\/div>\n\t\t\t\t<\/div>\n\t\t\t\t\t<\/div>\r\n\t\t\t\t<\/div>\r\n\t\t\t\t\t<\/div>\r\n\t\t\t\t<\/section>\r\n\t\t\t\t<section data-particle_enable=\"false\" data-particle-mobile-disabled=\"false\" class=\"elementor-section elementor-top-section elementor-element elementor-element-d462735 elementor-section-boxed elementor-section-height-default elementor-section-height-default\" data-id=\"d462735\" data-element_type=\"section\" data-e-type=\"section\">\r\n\t\t\r\n\t\t\t\t\t\t\t<div class=\"elementor-container elementor-column-gap-default\">\r\n\t\t\t\t\t\t\t\t\t\t\t<div class=\"elementor-column elementor-col-100 elementor-top-column elementor-element elementor-element-dc43b9a\" data-id=\"dc43b9a\" data-element_type=\"column\" data-e-type=\"column\">\r\n\t\t\t\t\t<div class=\"elementor-widget-wrap elementor-element-populated\">\r\n\t\t\t\t\t\t\t\t<div class=\"elementor-element elementor-element-9576b9a elementor-widget elementor-widget-heading\" data-id=\"9576b9a\" data-element_type=\"widget\" data-e-type=\"widget\" data-widget_type=\"heading.default\">\n\t\t\t\t<div class=\"elementor-widget-container\">\n\t\t\t\t\t<h2 class=\"elementor-heading-title elementor-size-default\">La TVA sur les ventes en dehors de l'Espagne en r\u00e9sum\u00e9<\/h2>\t\t\t\t<\/div>\n\t\t\t\t<\/div>\n\t\t\t\t\t<\/div>\r\n\t\t\t\t<\/div>\r\n\t\t\t\t\t<\/div>\r\n\t\t\t\t<\/section>\r\n\t\t\t\t<section data-particle_enable=\"false\" data-particle-mobile-disabled=\"false\" class=\"elementor-section elementor-top-section elementor-element elementor-element-ec14674 elementor-section-boxed elementor-section-height-default elementor-section-height-default\" data-id=\"ec14674\" data-element_type=\"section\" data-e-type=\"section\">\r\n\t\t\r\n\t\t\t\t\t\t\t<div class=\"elementor-container elementor-column-gap-default\">\r\n\t\t\t\t\t\t\t\t\t\t\t<div class=\"elementor-column elementor-col-100 elementor-top-column elementor-element elementor-element-1b74149\" data-id=\"1b74149\" data-element_type=\"column\" data-e-type=\"column\">\r\n\t\t\t\t\t<div class=\"elementor-widget-wrap elementor-element-populated\">\r\n\t\t\t\t\t\t\t\t<div class=\"elementor-element elementor-element-afba9c8 elementor-widget elementor-widget-text-editor\" data-id=\"afba9c8\" data-element_type=\"widget\" data-e-type=\"widget\" data-widget_type=\"text-editor.default\">\n\t\t\t\t<div class=\"elementor-widget-container\">\n\t\t\t\t\t\t\t\t\t<p>Si l&rsquo;entreprise qui ach\u00e8te les marchandises prouve qu&rsquo;elles ont \u00e9t\u00e9 transport\u00e9es hors d&rsquo;Espagne, la vente sera exon\u00e9r\u00e9e et son entreprise ne devra pas facturer la TVA.<\/p><p>Les pi\u00e8ces justificatives sont diff\u00e9rentes si les marchandises se rendent dans un autre pays de l&rsquo;UE ou sortent de l&rsquo;UE.<\/p>\t\t\t\t\t\t\t\t<\/div>\n\t\t\t\t<\/div>\n\t\t\t\t\t<\/div>\r\n\t\t\t\t<\/div>\r\n\t\t\t\t\t<\/div>\r\n\t\t\t\t<\/section>\r\n\t\t\t\t<\/div>\n\t\t","protected":false},"excerpt":{"rendered":"<p>Bien que la TVA soit une taxe neutre pour les entreprises ou les entrepreneurs individuels, il faut toujours \u00eatre tr\u00e8s prudent dans les op\u00e9rations portant la TVA. Par exemple, les ventes en dehors de l&rsquo;Espagne. L&rsquo;agence fiscale est tr\u00e8s stricte avec les exigences pour ne pas verser la TVA dans le fisc et impose de [&hellip;]<\/p>\n","protected":false},"author":2,"featured_media":42148,"comment_status":"closed","ping_status":"closed","sticky":false,"template":"","format":"standard","meta":{"_eb_attr":"","inline_featured_image":false,"footnotes":""},"categories":[46],"tags":[],"class_list":["post-42335","post","type-post","status-publish","format-standard","has-post-thumbnail","hentry","category-blog"],"featured_image_src":{"landsacpe":["https:\/\/www.asesoriaorihuelacosta.com\/wp-content\/uploads\/2025\/03\/ventas-fuera-de-Espana-1140x445.webp",1140,445,true],"list":["https:\/\/www.asesoriaorihuelacosta.com\/wp-content\/uploads\/2025\/03\/ventas-fuera-de-Espana-463x348.webp",463,348,true],"medium":["https:\/\/www.asesoriaorihuelacosta.com\/wp-content\/uploads\/2025\/03\/ventas-fuera-de-Espana-300x169.webp",300,169,true],"full":["https:\/\/www.asesoriaorihuelacosta.com\/wp-content\/uploads\/2025\/03\/ventas-fuera-de-Espana.webp",1280,720,false]},"yoast_head":"<!-- This site is optimized with the Yoast SEO Premium plugin v24.7 (Yoast SEO v27.4) - https:\/\/yoast.com\/product\/yoast-seo-premium-wordpress\/ -->\n<title>Comment fonctionne la TVA sur les ventes en dehors de l&#039;Espagne - Asesor\u00eda Orihuela Costa<\/title>\n<meta name=\"description\" content=\"TVA sur les ventes en dehors de l&#039;Espagne. Si votre entreprise vend et exp\u00e9die ses produits en dehors de l&#039;Espagne, comment devez-vous agir?\" \/>\n<meta name=\"robots\" content=\"index, follow, max-snippet:-1, max-image-preview:large, max-video-preview:-1\" \/>\n<link rel=\"canonical\" href=\"https:\/\/www.asesoriaorihuelacosta.com\/fr\/comment-fonctionne-la-tva-sur-les-ventes-en-dehors-de-lespagne\/\" \/>\n<meta property=\"og:locale\" content=\"fr_FR\" \/>\n<meta property=\"og:type\" content=\"article\" \/>\n<meta property=\"og:title\" content=\"Comment fonctionne la TVA sur les ventes en dehors de l&#039;Espagne\" \/>\n<meta property=\"og:description\" content=\"TVA sur les ventes en dehors de l&#039;Espagne. Si votre entreprise vend et exp\u00e9die ses produits en dehors de l&#039;Espagne, comment devez-vous agir?\" \/>\n<meta property=\"og:url\" content=\"https:\/\/www.asesoriaorihuelacosta.com\/fr\/comment-fonctionne-la-tva-sur-les-ventes-en-dehors-de-lespagne\/\" \/>\n<meta property=\"og:site_name\" content=\"Asesor\u00eda Orihuela Costa\" \/>\n<meta property=\"article:publisher\" content=\"https:\/\/www.facebook.com\/asesoriaorihuelacosta\" \/>\n<meta property=\"article:author\" content=\"https:\/\/www.facebook.com\/patrick.gordinneperez\" \/>\n<meta property=\"article:published_time\" content=\"2025-03-29T05:07:16+00:00\" \/>\n<meta property=\"article:modified_time\" content=\"2025-04-11T03:08:18+00:00\" \/>\n<meta property=\"og:image\" content=\"https:\/\/www.asesoriaorihuelacosta.com\/wp-content\/uploads\/2025\/03\/ventas-fuera-de-Espana.webp\" \/>\n\t<meta property=\"og:image:width\" content=\"1280\" \/>\n\t<meta property=\"og:image:height\" content=\"720\" \/>\n\t<meta property=\"og:image:type\" content=\"image\/webp\" \/>\n<meta name=\"author\" content=\"Patrick Gordinne Perez\" \/>\n<meta name=\"twitter:card\" content=\"summary_large_image\" \/>\n<meta name=\"twitter:label1\" content=\"\u00c9crit par\" \/>\n\t<meta name=\"twitter:data1\" content=\"Patrick Gordinne Perez\" \/>\n\t<meta name=\"twitter:label2\" content=\"Dur\u00e9e de lecture estim\u00e9e\" \/>\n\t<meta name=\"twitter:data2\" content=\"4 minutes\" \/>\n<script type=\"application\/ld+json\" class=\"yoast-schema-graph\">{\"@context\":\"https:\\\/\\\/schema.org\",\"@graph\":[{\"@type\":\"Article\",\"@id\":\"https:\\\/\\\/www.asesoriaorihuelacosta.com\\\/fr\\\/comment-fonctionne-la-tva-sur-les-ventes-en-dehors-de-lespagne\\\/#article\",\"isPartOf\":{\"@id\":\"https:\\\/\\\/www.asesoriaorihuelacosta.com\\\/fr\\\/comment-fonctionne-la-tva-sur-les-ventes-en-dehors-de-lespagne\\\/\"},\"author\":{\"name\":\"Patrick Gordinne Perez\",\"@id\":\"https:\\\/\\\/www.asesoriaorihuelacosta.com\\\/fr\\\/#\\\/schema\\\/person\\\/6614ce8cf6d2de542aaf351629fd539e\"},\"headline\":\"Comment fonctionne la TVA sur les ventes en dehors de l&rsquo;Espagne\",\"datePublished\":\"2025-03-29T05:07:16+00:00\",\"dateModified\":\"2025-04-11T03:08:18+00:00\",\"mainEntityOfPage\":{\"@id\":\"https:\\\/\\\/www.asesoriaorihuelacosta.com\\\/fr\\\/comment-fonctionne-la-tva-sur-les-ventes-en-dehors-de-lespagne\\\/\"},\"wordCount\":1013,\"publisher\":{\"@id\":\"https:\\\/\\\/www.asesoriaorihuelacosta.com\\\/fr\\\/#organization\"},\"image\":{\"@id\":\"https:\\\/\\\/www.asesoriaorihuelacosta.com\\\/fr\\\/comment-fonctionne-la-tva-sur-les-ventes-en-dehors-de-lespagne\\\/#primaryimage\"},\"thumbnailUrl\":\"https:\\\/\\\/www.asesoriaorihuelacosta.com\\\/wp-content\\\/uploads\\\/2025\\\/03\\\/ventas-fuera-de-Espana.webp\",\"articleSection\":[\"Blog\"],\"inLanguage\":\"fr-FR\"},{\"@type\":\"WebPage\",\"@id\":\"https:\\\/\\\/www.asesoriaorihuelacosta.com\\\/fr\\\/comment-fonctionne-la-tva-sur-les-ventes-en-dehors-de-lespagne\\\/\",\"url\":\"https:\\\/\\\/www.asesoriaorihuelacosta.com\\\/fr\\\/comment-fonctionne-la-tva-sur-les-ventes-en-dehors-de-lespagne\\\/\",\"name\":\"Comment fonctionne la TVA sur les ventes en dehors de l'Espagne - Asesor\u00eda Orihuela Costa\",\"isPartOf\":{\"@id\":\"https:\\\/\\\/www.asesoriaorihuelacosta.com\\\/fr\\\/#website\"},\"primaryImageOfPage\":{\"@id\":\"https:\\\/\\\/www.asesoriaorihuelacosta.com\\\/fr\\\/comment-fonctionne-la-tva-sur-les-ventes-en-dehors-de-lespagne\\\/#primaryimage\"},\"image\":{\"@id\":\"https:\\\/\\\/www.asesoriaorihuelacosta.com\\\/fr\\\/comment-fonctionne-la-tva-sur-les-ventes-en-dehors-de-lespagne\\\/#primaryimage\"},\"thumbnailUrl\":\"https:\\\/\\\/www.asesoriaorihuelacosta.com\\\/wp-content\\\/uploads\\\/2025\\\/03\\\/ventas-fuera-de-Espana.webp\",\"datePublished\":\"2025-03-29T05:07:16+00:00\",\"dateModified\":\"2025-04-11T03:08:18+00:00\",\"description\":\"TVA sur les ventes en dehors de l'Espagne. Si votre entreprise vend et exp\u00e9die ses produits en dehors de l'Espagne, comment devez-vous agir?\",\"breadcrumb\":{\"@id\":\"https:\\\/\\\/www.asesoriaorihuelacosta.com\\\/fr\\\/comment-fonctionne-la-tva-sur-les-ventes-en-dehors-de-lespagne\\\/#breadcrumb\"},\"inLanguage\":\"fr-FR\",\"potentialAction\":[{\"@type\":\"ReadAction\",\"target\":[\"https:\\\/\\\/www.asesoriaorihuelacosta.com\\\/fr\\\/comment-fonctionne-la-tva-sur-les-ventes-en-dehors-de-lespagne\\\/\"]}]},{\"@type\":\"ImageObject\",\"inLanguage\":\"fr-FR\",\"@id\":\"https:\\\/\\\/www.asesoriaorihuelacosta.com\\\/fr\\\/comment-fonctionne-la-tva-sur-les-ventes-en-dehors-de-lespagne\\\/#primaryimage\",\"url\":\"https:\\\/\\\/www.asesoriaorihuelacosta.com\\\/wp-content\\\/uploads\\\/2025\\\/03\\\/ventas-fuera-de-Espana.webp\",\"contentUrl\":\"https:\\\/\\\/www.asesoriaorihuelacosta.com\\\/wp-content\\\/uploads\\\/2025\\\/03\\\/ventas-fuera-de-Espana.webp\",\"width\":1280,\"height\":720,\"caption\":\"ventas fuera de Espa\u00f1a\"},{\"@type\":\"BreadcrumbList\",\"@id\":\"https:\\\/\\\/www.asesoriaorihuelacosta.com\\\/fr\\\/comment-fonctionne-la-tva-sur-les-ventes-en-dehors-de-lespagne\\\/#breadcrumb\",\"itemListElement\":[{\"@type\":\"ListItem\",\"position\":1,\"name\":\"Home\",\"item\":\"https:\\\/\\\/www.asesoriaorihuelacosta.com\\\/fr\\\/\"},{\"@type\":\"ListItem\",\"position\":2,\"name\":\"Comment fonctionne la TVA sur les ventes en dehors de l&#8217;Espagne\"}]},{\"@type\":\"WebSite\",\"@id\":\"https:\\\/\\\/www.asesoriaorihuelacosta.com\\\/fr\\\/#website\",\"url\":\"https:\\\/\\\/www.asesoriaorihuelacosta.com\\\/fr\\\/\",\"name\":\"https:\\\/\\\/www.asesoriaorihuelacosta.com\\\/\",\"description\":\"Grupo de asesores profesionales\",\"publisher\":{\"@id\":\"https:\\\/\\\/www.asesoriaorihuelacosta.com\\\/fr\\\/#organization\"},\"potentialAction\":[{\"@type\":\"SearchAction\",\"target\":{\"@type\":\"EntryPoint\",\"urlTemplate\":\"https:\\\/\\\/www.asesoriaorihuelacosta.com\\\/fr\\\/?s={search_term_string}\"},\"query-input\":{\"@type\":\"PropertyValueSpecification\",\"valueRequired\":true,\"valueName\":\"search_term_string\"}}],\"inLanguage\":\"fr-FR\"},{\"@type\":\"Organization\",\"@id\":\"https:\\\/\\\/www.asesoriaorihuelacosta.com\\\/fr\\\/#organization\",\"name\":\"Asesor\u00eda Orihuela Costa\",\"url\":\"https:\\\/\\\/www.asesoriaorihuelacosta.com\\\/fr\\\/\",\"logo\":{\"@type\":\"ImageObject\",\"inLanguage\":\"fr-FR\",\"@id\":\"https:\\\/\\\/www.asesoriaorihuelacosta.com\\\/fr\\\/#\\\/schema\\\/logo\\\/image\\\/\",\"url\":\"https:\\\/\\\/www.asesoriaorihuelacosta.com\\\/wp-content\\\/uploads\\\/2022\\\/06\\\/Logo-espa\u5bf8l-asesoriaorihuela.jpg\",\"contentUrl\":\"https:\\\/\\\/www.asesoriaorihuelacosta.com\\\/wp-content\\\/uploads\\\/2022\\\/06\\\/Logo-espa\u5bf8l-asesoriaorihuela.jpg\",\"width\":588,\"height\":136,\"caption\":\"Asesor\u00eda Orihuela Costa\"},\"image\":{\"@id\":\"https:\\\/\\\/www.asesoriaorihuelacosta.com\\\/fr\\\/#\\\/schema\\\/logo\\\/image\\\/\"},\"sameAs\":[\"https:\\\/\\\/www.facebook.com\\\/asesoriaorihuelacosta\"]},{\"@type\":\"Person\",\"@id\":\"https:\\\/\\\/www.asesoriaorihuelacosta.com\\\/fr\\\/#\\\/schema\\\/person\\\/6614ce8cf6d2de542aaf351629fd539e\",\"name\":\"Patrick Gordinne Perez\",\"description\":\"Soy economista colegiado por el colegio de economistas de Alicante con el n\u00famero 2722. Llevo ejerciendo desde el a\u00f1o 2005. Soy especialista en fiscalidad de empresas y aut\u00f3nomos y tambi\u00e9n especialista en gestionar compraventas. Hablo espa\u00f1ol, ingl\u00e9s y franc\u00e9s.\",\"sameAs\":[\"https:\\\/\\\/www.asesoriaorihuelacosta.com\",\"https:\\\/\\\/www.facebook.com\\\/patrick.gordinneperez\",\"https:\\\/\\\/www.linkedin.com\\\/in\\\/patrick-gordinne-perez-1b73aab3\\\/\",\"https:\\\/\\\/www.youtube.com\\\/channel\\\/UC5e95RJEVQlxCnhwDmGNVCw\"],\"gender\":\"Hombre\",\"knowsLanguage\":[\"ingl\u00e9s\",\"franc\u00e9s\",\"espa\u00f1ol\"],\"jobTitle\":\"Gerente\",\"worksFor\":\"Asesoria Orihuela Costa SL\"}]}<\/script>\n<!-- \/ Yoast SEO Premium plugin. -->","yoast_head_json":{"title":"Comment fonctionne la TVA sur les ventes en dehors de l'Espagne - Asesor\u00eda Orihuela Costa","description":"TVA sur les ventes en dehors de l'Espagne. Si votre entreprise vend et exp\u00e9die ses produits en dehors de l'Espagne, comment devez-vous agir?","robots":{"index":"index","follow":"follow","max-snippet":"max-snippet:-1","max-image-preview":"max-image-preview:large","max-video-preview":"max-video-preview:-1"},"canonical":"https:\/\/www.asesoriaorihuelacosta.com\/fr\/comment-fonctionne-la-tva-sur-les-ventes-en-dehors-de-lespagne\/","og_locale":"fr_FR","og_type":"article","og_title":"Comment fonctionne la TVA sur les ventes en dehors de l'Espagne","og_description":"TVA sur les ventes en dehors de l'Espagne. Si votre entreprise vend et exp\u00e9die ses produits en dehors de l'Espagne, comment devez-vous agir?","og_url":"https:\/\/www.asesoriaorihuelacosta.com\/fr\/comment-fonctionne-la-tva-sur-les-ventes-en-dehors-de-lespagne\/","og_site_name":"Asesor\u00eda Orihuela Costa","article_publisher":"https:\/\/www.facebook.com\/asesoriaorihuelacosta","article_author":"https:\/\/www.facebook.com\/patrick.gordinneperez","article_published_time":"2025-03-29T05:07:16+00:00","article_modified_time":"2025-04-11T03:08:18+00:00","og_image":[{"width":1280,"height":720,"url":"https:\/\/www.asesoriaorihuelacosta.com\/wp-content\/uploads\/2025\/03\/ventas-fuera-de-Espana.webp","type":"image\/webp"}],"author":"Patrick Gordinne Perez","twitter_card":"summary_large_image","twitter_misc":{"\u00c9crit par":"Patrick Gordinne Perez","Dur\u00e9e de lecture estim\u00e9e":"4 minutes"},"schema":{"@context":"https:\/\/schema.org","@graph":[{"@type":"Article","@id":"https:\/\/www.asesoriaorihuelacosta.com\/fr\/comment-fonctionne-la-tva-sur-les-ventes-en-dehors-de-lespagne\/#article","isPartOf":{"@id":"https:\/\/www.asesoriaorihuelacosta.com\/fr\/comment-fonctionne-la-tva-sur-les-ventes-en-dehors-de-lespagne\/"},"author":{"name":"Patrick Gordinne Perez","@id":"https:\/\/www.asesoriaorihuelacosta.com\/fr\/#\/schema\/person\/6614ce8cf6d2de542aaf351629fd539e"},"headline":"Comment fonctionne la TVA sur les ventes en dehors de l&rsquo;Espagne","datePublished":"2025-03-29T05:07:16+00:00","dateModified":"2025-04-11T03:08:18+00:00","mainEntityOfPage":{"@id":"https:\/\/www.asesoriaorihuelacosta.com\/fr\/comment-fonctionne-la-tva-sur-les-ventes-en-dehors-de-lespagne\/"},"wordCount":1013,"publisher":{"@id":"https:\/\/www.asesoriaorihuelacosta.com\/fr\/#organization"},"image":{"@id":"https:\/\/www.asesoriaorihuelacosta.com\/fr\/comment-fonctionne-la-tva-sur-les-ventes-en-dehors-de-lespagne\/#primaryimage"},"thumbnailUrl":"https:\/\/www.asesoriaorihuelacosta.com\/wp-content\/uploads\/2025\/03\/ventas-fuera-de-Espana.webp","articleSection":["Blog"],"inLanguage":"fr-FR"},{"@type":"WebPage","@id":"https:\/\/www.asesoriaorihuelacosta.com\/fr\/comment-fonctionne-la-tva-sur-les-ventes-en-dehors-de-lespagne\/","url":"https:\/\/www.asesoriaorihuelacosta.com\/fr\/comment-fonctionne-la-tva-sur-les-ventes-en-dehors-de-lespagne\/","name":"Comment fonctionne la TVA sur les ventes en dehors de l'Espagne - Asesor\u00eda Orihuela Costa","isPartOf":{"@id":"https:\/\/www.asesoriaorihuelacosta.com\/fr\/#website"},"primaryImageOfPage":{"@id":"https:\/\/www.asesoriaorihuelacosta.com\/fr\/comment-fonctionne-la-tva-sur-les-ventes-en-dehors-de-lespagne\/#primaryimage"},"image":{"@id":"https:\/\/www.asesoriaorihuelacosta.com\/fr\/comment-fonctionne-la-tva-sur-les-ventes-en-dehors-de-lespagne\/#primaryimage"},"thumbnailUrl":"https:\/\/www.asesoriaorihuelacosta.com\/wp-content\/uploads\/2025\/03\/ventas-fuera-de-Espana.webp","datePublished":"2025-03-29T05:07:16+00:00","dateModified":"2025-04-11T03:08:18+00:00","description":"TVA sur les ventes en dehors de l'Espagne. Si votre entreprise vend et exp\u00e9die ses produits en dehors de l'Espagne, comment devez-vous agir?","breadcrumb":{"@id":"https:\/\/www.asesoriaorihuelacosta.com\/fr\/comment-fonctionne-la-tva-sur-les-ventes-en-dehors-de-lespagne\/#breadcrumb"},"inLanguage":"fr-FR","potentialAction":[{"@type":"ReadAction","target":["https:\/\/www.asesoriaorihuelacosta.com\/fr\/comment-fonctionne-la-tva-sur-les-ventes-en-dehors-de-lespagne\/"]}]},{"@type":"ImageObject","inLanguage":"fr-FR","@id":"https:\/\/www.asesoriaorihuelacosta.com\/fr\/comment-fonctionne-la-tva-sur-les-ventes-en-dehors-de-lespagne\/#primaryimage","url":"https:\/\/www.asesoriaorihuelacosta.com\/wp-content\/uploads\/2025\/03\/ventas-fuera-de-Espana.webp","contentUrl":"https:\/\/www.asesoriaorihuelacosta.com\/wp-content\/uploads\/2025\/03\/ventas-fuera-de-Espana.webp","width":1280,"height":720,"caption":"ventas fuera de Espa\u00f1a"},{"@type":"BreadcrumbList","@id":"https:\/\/www.asesoriaorihuelacosta.com\/fr\/comment-fonctionne-la-tva-sur-les-ventes-en-dehors-de-lespagne\/#breadcrumb","itemListElement":[{"@type":"ListItem","position":1,"name":"Home","item":"https:\/\/www.asesoriaorihuelacosta.com\/fr\/"},{"@type":"ListItem","position":2,"name":"Comment fonctionne la TVA sur les ventes en dehors de l&#8217;Espagne"}]},{"@type":"WebSite","@id":"https:\/\/www.asesoriaorihuelacosta.com\/fr\/#website","url":"https:\/\/www.asesoriaorihuelacosta.com\/fr\/","name":"https:\/\/www.asesoriaorihuelacosta.com\/","description":"Grupo de asesores profesionales","publisher":{"@id":"https:\/\/www.asesoriaorihuelacosta.com\/fr\/#organization"},"potentialAction":[{"@type":"SearchAction","target":{"@type":"EntryPoint","urlTemplate":"https:\/\/www.asesoriaorihuelacosta.com\/fr\/?s={search_term_string}"},"query-input":{"@type":"PropertyValueSpecification","valueRequired":true,"valueName":"search_term_string"}}],"inLanguage":"fr-FR"},{"@type":"Organization","@id":"https:\/\/www.asesoriaorihuelacosta.com\/fr\/#organization","name":"Asesor\u00eda Orihuela Costa","url":"https:\/\/www.asesoriaorihuelacosta.com\/fr\/","logo":{"@type":"ImageObject","inLanguage":"fr-FR","@id":"https:\/\/www.asesoriaorihuelacosta.com\/fr\/#\/schema\/logo\/image\/","url":"https:\/\/www.asesoriaorihuelacosta.com\/wp-content\/uploads\/2022\/06\/Logo-espa\u5bf8l-asesoriaorihuela.jpg","contentUrl":"https:\/\/www.asesoriaorihuelacosta.com\/wp-content\/uploads\/2022\/06\/Logo-espa\u5bf8l-asesoriaorihuela.jpg","width":588,"height":136,"caption":"Asesor\u00eda Orihuela Costa"},"image":{"@id":"https:\/\/www.asesoriaorihuelacosta.com\/fr\/#\/schema\/logo\/image\/"},"sameAs":["https:\/\/www.facebook.com\/asesoriaorihuelacosta"]},{"@type":"Person","@id":"https:\/\/www.asesoriaorihuelacosta.com\/fr\/#\/schema\/person\/6614ce8cf6d2de542aaf351629fd539e","name":"Patrick Gordinne Perez","description":"Soy economista colegiado por el colegio de economistas de Alicante con el n\u00famero 2722. Llevo ejerciendo desde el a\u00f1o 2005. Soy especialista en fiscalidad de empresas y aut\u00f3nomos y tambi\u00e9n especialista en gestionar compraventas. Hablo espa\u00f1ol, ingl\u00e9s y franc\u00e9s.","sameAs":["https:\/\/www.asesoriaorihuelacosta.com","https:\/\/www.facebook.com\/patrick.gordinneperez","https:\/\/www.linkedin.com\/in\/patrick-gordinne-perez-1b73aab3\/","https:\/\/www.youtube.com\/channel\/UC5e95RJEVQlxCnhwDmGNVCw"],"gender":"Hombre","knowsLanguage":["ingl\u00e9s","franc\u00e9s","espa\u00f1ol"],"jobTitle":"Gerente","worksFor":"Asesoria Orihuela Costa SL"}]}},"_links":{"self":[{"href":"https:\/\/www.asesoriaorihuelacosta.com\/fr\/wp-json\/wp\/v2\/posts\/42335","targetHints":{"allow":["GET"]}}],"collection":[{"href":"https:\/\/www.asesoriaorihuelacosta.com\/fr\/wp-json\/wp\/v2\/posts"}],"about":[{"href":"https:\/\/www.asesoriaorihuelacosta.com\/fr\/wp-json\/wp\/v2\/types\/post"}],"author":[{"embeddable":true,"href":"https:\/\/www.asesoriaorihuelacosta.com\/fr\/wp-json\/wp\/v2\/users\/2"}],"replies":[{"embeddable":true,"href":"https:\/\/www.asesoriaorihuelacosta.com\/fr\/wp-json\/wp\/v2\/comments?post=42335"}],"version-history":[{"count":7,"href":"https:\/\/www.asesoriaorihuelacosta.com\/fr\/wp-json\/wp\/v2\/posts\/42335\/revisions"}],"predecessor-version":[{"id":42342,"href":"https:\/\/www.asesoriaorihuelacosta.com\/fr\/wp-json\/wp\/v2\/posts\/42335\/revisions\/42342"}],"wp:featuredmedia":[{"embeddable":true,"href":"https:\/\/www.asesoriaorihuelacosta.com\/fr\/wp-json\/wp\/v2\/media\/42148"}],"wp:attachment":[{"href":"https:\/\/www.asesoriaorihuelacosta.com\/fr\/wp-json\/wp\/v2\/media?parent=42335"}],"wp:term":[{"taxonomy":"category","embeddable":true,"href":"https:\/\/www.asesoriaorihuelacosta.com\/fr\/wp-json\/wp\/v2\/categories?post=42335"},{"taxonomy":"post_tag","embeddable":true,"href":"https:\/\/www.asesoriaorihuelacosta.com\/fr\/wp-json\/wp\/v2\/tags?post=42335"}],"curies":[{"name":"wp","href":"https:\/\/api.w.org\/{rel}","templated":true}]}}