{"id":42050,"date":"2025-02-03T09:10:05","date_gmt":"2025-02-03T09:10:05","guid":{"rendered":"https:\/\/www.asesoriaorihuelacosta.com\/?p=42050"},"modified":"2025-03-25T06:18:32","modified_gmt":"2025-03-25T06:18:32","slug":"gestion-professionnelle-de-la-paie-pour-votre-entreprise","status":"publish","type":"post","link":"https:\/\/www.asesoriaorihuelacosta.com\/fr\/gestion-professionnelle-de-la-paie-pour-votre-entreprise\/","title":{"rendered":"Gestion professionnelle de la paie pour votre entreprise"},"content":{"rendered":"\t\t<div data-elementor-type=\"wp-post\" data-elementor-id=\"42050\" class=\"elementor elementor-42050\" data-elementor-post-type=\"post\">\n\t\t\t\t\t\t<section data-particle_enable=\"false\" data-particle-mobile-disabled=\"false\" class=\"elementor-section elementor-top-section elementor-element elementor-element-679c62a elementor-section-boxed elementor-section-height-default elementor-section-height-default\" data-id=\"679c62a\" data-element_type=\"section\" data-e-type=\"section\">\r\n\t\t\r\n\t\t\t\t\t\t\t<div class=\"elementor-container elementor-column-gap-default\">\r\n\t\t\t\t\t\t\t\t\t\t\t<div class=\"elementor-column elementor-col-100 elementor-top-column elementor-element elementor-element-bb13271\" data-id=\"bb13271\" data-element_type=\"column\" data-e-type=\"column\">\r\n\t\t\t\t\t<div class=\"elementor-widget-wrap elementor-element-populated\">\r\n\t\t\t\t\t\t\t\t<div class=\"elementor-element elementor-element-5dc3d2c elementor-widget elementor-widget-text-editor\" data-id=\"5dc3d2c\" data-element_type=\"widget\" data-e-type=\"widget\" data-widget_type=\"text-editor.default\">\n\t\t\t\t<div class=\"elementor-widget-container\">\n\t\t\t\t\t\t\t\t\t<p>La gestion de la paie est un processus fondamental pour toute entreprise, car elle garantit que les employ\u00e9s re\u00e7oivent leurs salaires de mani\u00e8re correcte et ponctuelle. Cette proc\u00e9dure va du calcul des salaires et des retenues \u00e0 la production d&rsquo;imp\u00f4ts et \u00e0 la cr\u00e9ation de documents juridiques. Pour les entreprises qui cherchent \u00e0 optimiser leurs ressources et \u00e0 r\u00e9duire les erreurs, disposer d&rsquo;une agence de paie peut faire la diff\u00e9rence.<\/p>\t\t\t\t\t\t\t\t<\/div>\n\t\t\t\t<\/div>\n\t\t\t\t\t<\/div>\r\n\t\t\t\t<\/div>\r\n\t\t\t\t\t<\/div>\r\n\t\t\t\t<\/section>\r\n\t\t\t\t<section data-particle_enable=\"false\" data-particle-mobile-disabled=\"false\" class=\"elementor-section elementor-top-section elementor-element elementor-element-fe66db1 elementor-section-boxed elementor-section-height-default elementor-section-height-default\" data-id=\"fe66db1\" data-element_type=\"section\" data-e-type=\"section\">\r\n\t\t\r\n\t\t\t\t\t\t\t<div class=\"elementor-container elementor-column-gap-default\">\r\n\t\t\t\t\t\t\t\t\t\t\t<div class=\"elementor-column elementor-col-100 elementor-top-column elementor-element elementor-element-17b6ac6\" data-id=\"17b6ac6\" data-element_type=\"column\" data-e-type=\"column\">\r\n\t\t\t\t\t<div class=\"elementor-widget-wrap elementor-element-populated\">\r\n\t\t\t\t\t\t\t\t<div class=\"elementor-element elementor-element-5666892 elementor-widget elementor-widget-heading\" data-id=\"5666892\" data-element_type=\"widget\" data-e-type=\"widget\" data-widget_type=\"heading.default\">\n\t\t\t\t<div class=\"elementor-widget-container\">\n\t\t\t\t\t<h2 class=\"elementor-heading-title elementor-size-default\">Importance d'une bonne gestion de la paie<\/h2>\t\t\t\t<\/div>\n\t\t\t\t<\/div>\n\t\t\t\t\t<\/div>\r\n\t\t\t\t<\/div>\r\n\t\t\t\t\t<\/div>\r\n\t\t\t\t<\/section>\r\n\t\t\t\t<section data-particle_enable=\"false\" data-particle-mobile-disabled=\"false\" class=\"elementor-section elementor-top-section elementor-element elementor-element-771489b elementor-section-boxed elementor-section-height-default elementor-section-height-default\" data-id=\"771489b\" data-element_type=\"section\" data-e-type=\"section\">\r\n\t\t\r\n\t\t\t\t\t\t\t<div class=\"elementor-container elementor-column-gap-default\">\r\n\t\t\t\t\t\t\t\t\t\t\t<div class=\"elementor-column elementor-col-100 elementor-top-column elementor-element elementor-element-c038fdb\" data-id=\"c038fdb\" data-element_type=\"column\" data-e-type=\"column\">\r\n\t\t\t\t\t<div class=\"elementor-widget-wrap elementor-element-populated\">\r\n\t\t\t\t\t\t\t\t<div class=\"elementor-element elementor-element-c17894b elementor-widget elementor-widget-text-editor\" data-id=\"c17894b\" data-element_type=\"widget\" data-e-type=\"widget\" data-widget_type=\"text-editor.default\">\n\t\t\t\t<div class=\"elementor-widget-container\">\n\t\t\t\t\t\t\t\t\t<p>Un contr\u00f4le ad\u00e9quat de la masse salariale permet non seulement de se conformer aux exigences l\u00e9gales, mais contribue \u00e9galement au bien-\u00eatre au travail. Une erreur dans le calcul d&rsquo;un salaire ou dans l&rsquo;application de retenues peut entra\u00eener une insatisfaction chez les employ\u00e9s et des probl\u00e8mes juridiques pour l&rsquo;entreprise. Pour cette raison, de nombreuses entreprises ont recours \u00e0 la gestion de la paie en ligne pour automatiser et rationaliser ces processus.<\/p>\t\t\t\t\t\t\t\t<\/div>\n\t\t\t\t<\/div>\n\t\t\t\t\t<\/div>\r\n\t\t\t\t<\/div>\r\n\t\t\t\t\t<\/div>\r\n\t\t\t\t<\/section>\r\n\t\t\t\t<section data-particle_enable=\"false\" data-particle-mobile-disabled=\"false\" class=\"elementor-section elementor-top-section elementor-element elementor-element-401e6aa elementor-section-boxed elementor-section-height-default elementor-section-height-default\" data-id=\"401e6aa\" data-element_type=\"section\" data-e-type=\"section\">\r\n\t\t\r\n\t\t\t\t\t\t\t<div class=\"elementor-container elementor-column-gap-default\">\r\n\t\t\t\t\t\t\t\t\t\t\t<div class=\"elementor-column elementor-col-100 elementor-top-column elementor-element elementor-element-c3dc64c\" data-id=\"c3dc64c\" data-element_type=\"column\" data-e-type=\"column\">\r\n\t\t\t\t\t<div class=\"elementor-widget-wrap elementor-element-populated\">\r\n\t\t\t\t\t\t\t\t<div class=\"elementor-element elementor-element-02acde0 elementor-widget elementor-widget-heading\" data-id=\"02acde0\" data-element_type=\"widget\" data-e-type=\"widget\" data-widget_type=\"heading.default\">\n\t\t\t\t<div class=\"elementor-widget-container\">\n\t\t\t\t\t<h2 class=\"elementor-heading-title elementor-size-default\">\u00c9l\u00e9ments cl\u00e9s de la gestion de la paie\n<\/h2>\t\t\t\t<\/div>\n\t\t\t\t<\/div>\n\t\t\t\t\t<\/div>\r\n\t\t\t\t<\/div>\r\n\t\t\t\t\t<\/div>\r\n\t\t\t\t<\/section>\r\n\t\t\t\t<section data-particle_enable=\"false\" data-particle-mobile-disabled=\"false\" class=\"elementor-section elementor-top-section elementor-element elementor-element-7d83861 elementor-section-boxed elementor-section-height-default elementor-section-height-default\" data-id=\"7d83861\" data-element_type=\"section\" data-e-type=\"section\">\r\n\t\t\r\n\t\t\t\t\t\t\t<div class=\"elementor-container elementor-column-gap-default\">\r\n\t\t\t\t\t\t\t\t\t\t\t<div class=\"elementor-column elementor-col-100 elementor-top-column elementor-element elementor-element-c0c1fa6\" data-id=\"c0c1fa6\" data-element_type=\"column\" data-e-type=\"column\">\r\n\t\t\t\t\t<div class=\"elementor-widget-wrap elementor-element-populated\">\r\n\t\t\t\t\t\t\t\t<div class=\"elementor-element elementor-element-a65602d elementor-widget elementor-widget-text-editor\" data-id=\"a65602d\" data-element_type=\"widget\" data-e-type=\"widget\" data-widget_type=\"text-editor.default\">\n\t\t\t\t<div class=\"elementor-widget-container\">\n\t\t\t\t\t\t\t\t\t<p>Pour r\u00e9aliser une gestion efficace, il est essentiel de consid\u00e9rer les aspects suivants :<\/p><ul><li>Calcul des salaires : Le salaire de base, les primes, les heures suppl\u00e9mentaires et les d\u00e9ductions doivent \u00eatre pris en compte.<\/li><li>Retenues fiscales et s\u00e9curit\u00e9 sociale : Application des imp\u00f4ts et des cotisations conform\u00e9ment \u00e0 la r\u00e9glementation en vigueur.<\/li><li>Pr\u00e9paration et livraison des fiches de paie : G\u00e9n\u00e9rer les documents avec toutes les informations d\u00e9taill\u00e9es pour chaque travailleur.<\/li><li>D\u00e9claration d&rsquo;imp\u00f4ts : Respectez les d\u00e9lais et les exigences pour \u00e9viter les sanctions.<\/li><li>Enregistrement et stockage des documents : Maintenir un contr\u00f4le documentaire qui facilite les audits et les r\u00e9visions.<\/li><\/ul>\t\t\t\t\t\t\t\t<\/div>\n\t\t\t\t<\/div>\n\t\t\t\t\t<\/div>\r\n\t\t\t\t<\/div>\r\n\t\t\t\t\t<\/div>\r\n\t\t\t\t<\/section>\r\n\t\t\t\t<section data-particle_enable=\"false\" data-particle-mobile-disabled=\"false\" class=\"elementor-section elementor-top-section elementor-element elementor-element-d024ae3 elementor-section-boxed elementor-section-height-default elementor-section-height-default\" data-id=\"d024ae3\" data-element_type=\"section\" data-e-type=\"section\">\r\n\t\t\r\n\t\t\t\t\t\t\t<div class=\"elementor-container elementor-column-gap-default\">\r\n\t\t\t\t\t\t\t\t\t\t\t<div class=\"elementor-column elementor-col-100 elementor-top-column elementor-element elementor-element-43cea3c\" data-id=\"43cea3c\" data-element_type=\"column\" data-e-type=\"column\">\r\n\t\t\t\t\t<div class=\"elementor-widget-wrap elementor-element-populated\">\r\n\t\t\t\t\t\t\t\t<div class=\"elementor-element elementor-element-aefd47e elementor-widget elementor-widget-heading\" data-id=\"aefd47e\" data-element_type=\"widget\" data-e-type=\"widget\" data-widget_type=\"heading.default\">\n\t\t\t\t<div class=\"elementor-widget-container\">\n\t\t\t\t\t<h2 class=\"elementor-heading-title elementor-size-default\">R\u00e9glementation sur la gestion des salaires en Espagne<\/h2>\t\t\t\t<\/div>\n\t\t\t\t<\/div>\n\t\t\t\t\t<\/div>\r\n\t\t\t\t<\/div>\r\n\t\t\t\t\t<\/div>\r\n\t\t\t\t<\/section>\r\n\t\t\t\t<section data-particle_enable=\"false\" data-particle-mobile-disabled=\"false\" class=\"elementor-section elementor-top-section elementor-element elementor-element-dc010ba elementor-section-boxed elementor-section-height-default elementor-section-height-default\" data-id=\"dc010ba\" data-element_type=\"section\" data-e-type=\"section\">\r\n\t\t\r\n\t\t\t\t\t\t\t<div class=\"elementor-container elementor-column-gap-default\">\r\n\t\t\t\t\t\t\t\t\t\t\t<div class=\"elementor-column elementor-col-100 elementor-top-column elementor-element elementor-element-55493e5\" data-id=\"55493e5\" data-element_type=\"column\" data-e-type=\"column\">\r\n\t\t\t\t\t<div class=\"elementor-widget-wrap elementor-element-populated\">\r\n\t\t\t\t\t\t\t\t<div class=\"elementor-element elementor-element-4b73a05 elementor-widget elementor-widget-text-editor\" data-id=\"4b73a05\" data-element_type=\"widget\" data-e-type=\"widget\" data-widget_type=\"text-editor.default\">\n\t\t\t\t<div class=\"elementor-widget-container\">\n\t\t\t\t\t\t\t\t\t<p>La gestion de la paie en Espagne est soumise \u00e0 une r\u00e9glementation stricte qui \u00e9tablit comment les salaires des travailleurs doivent \u00eatre calcul\u00e9s, pay\u00e9s et enregistr\u00e9s. La r\u00e9glementation cl\u00e9 est le statut des travailleurs, qui r\u00e9git les droits et obligations des employ\u00e9s et des employeurs en mati\u00e8re de r\u00e9mun\u00e9ration. Le d\u00e9cret royal 1620\/2011, qui sp\u00e9cifie des aspects tels que la structure salariale et les cotisations \u00e0 la s\u00e9curit\u00e9 sociale, est \u00e9galement essentiel.<\/p><p>Les fiches de paie doivent respecter un format structur\u00e9 qui refl\u00e8te des concepts tels que le salaire de base, les suppl\u00e9ments de salaire, les d\u00e9ductions d&rsquo;imp\u00f4t sur le revenu des personnes physiques et les cotisations de s\u00e9curit\u00e9 sociale. Ces paiements sont r\u00e9glement\u00e9s par la loi g\u00e9n\u00e9rale sur la s\u00e9curit\u00e9 sociale, qui \u00e9tablit l&rsquo;obligation pour l&#8217;employeur d&rsquo;effectuer des retenues et des cotisations au nom du travailleur.<\/p><p>La fiscalit\u00e9 joue \u00e9galement un r\u00f4le cl\u00e9 dans la gestion de la masse salariale. Les entreprises doivent calculer la retenue \u00e0 la source de l&rsquo;imp\u00f4t sur le revenu des personnes physiques (IRPF) en fonction de la situation personnelle de l&#8217;employ\u00e9, ce qui implique un ajustement de la r\u00e9mun\u00e9ration nette. En outre, les fiches de paie doivent \u00eatre enregistr\u00e9es et disponibles pour les inspections du travail, garantissant le respect des r\u00e9glementations en mati\u00e8re de transparence et de droits du travail.<\/p>\t\t\t\t\t\t\t\t<\/div>\n\t\t\t\t<\/div>\n\t\t\t\t\t<\/div>\r\n\t\t\t\t<\/div>\r\n\t\t\t\t\t<\/div>\r\n\t\t\t\t<\/section>\r\n\t\t\t\t<section data-particle_enable=\"false\" data-particle-mobile-disabled=\"false\" class=\"elementor-section elementor-top-section elementor-element elementor-element-7f9bea8 elementor-section-boxed elementor-section-height-default elementor-section-height-default\" data-id=\"7f9bea8\" data-element_type=\"section\" data-e-type=\"section\">\r\n\t\t\r\n\t\t\t\t\t\t\t<div class=\"elementor-container elementor-column-gap-default\">\r\n\t\t\t\t\t\t\t\t\t\t\t<div class=\"elementor-column elementor-col-100 elementor-top-column elementor-element elementor-element-7e832fb\" data-id=\"7e832fb\" data-element_type=\"column\" data-e-type=\"column\">\r\n\t\t\t\t\t<div class=\"elementor-widget-wrap elementor-element-populated\">\r\n\t\t\t\t\t\t\t\t<div class=\"elementor-element elementor-element-9c157f2 elementor-widget elementor-widget-heading\" data-id=\"9c157f2\" data-element_type=\"widget\" data-e-type=\"widget\" data-widget_type=\"heading.default\">\n\t\t\t\t<div class=\"elementor-widget-container\">\n\t\t\t\t\t<h2 class=\"elementor-heading-title elementor-size-default\">Avantages de l'externalisation de la gestion des salaires<\/h2>\t\t\t\t<\/div>\n\t\t\t\t<\/div>\n\t\t\t\t\t<\/div>\r\n\t\t\t\t<\/div>\r\n\t\t\t\t\t<\/div>\r\n\t\t\t\t<\/section>\r\n\t\t\t\t<section data-particle_enable=\"false\" data-particle-mobile-disabled=\"false\" class=\"elementor-section elementor-top-section elementor-element elementor-element-3ef9fc8 elementor-section-boxed elementor-section-height-default elementor-section-height-default\" data-id=\"3ef9fc8\" data-element_type=\"section\" data-e-type=\"section\">\r\n\t\t\r\n\t\t\t\t\t\t\t<div class=\"elementor-container elementor-column-gap-default\">\r\n\t\t\t\t\t\t\t\t\t\t\t<div class=\"elementor-column elementor-col-100 elementor-top-column elementor-element elementor-element-4326c25\" data-id=\"4326c25\" data-element_type=\"column\" data-e-type=\"column\">\r\n\t\t\t\t\t<div class=\"elementor-widget-wrap elementor-element-populated\">\r\n\t\t\t\t\t\t\t\t<div class=\"elementor-element elementor-element-671dcbc elementor-widget elementor-widget-text-editor\" data-id=\"671dcbc\" data-element_type=\"widget\" data-e-type=\"widget\" data-widget_type=\"text-editor.default\">\n\t\t\t\t<div class=\"elementor-widget-container\">\n\t\t\t\t\t\t\t\t\t<p>De nombreuses entreprises choisissent de faire appel \u00e0 une agence de paie pour d\u00e9l\u00e9guer cette t\u00e2che \u00e0 des experts. Certains des principaux avantages sont :<\/p><ul><li>Gain de temps et de ressources : Permet \u00e0 l&rsquo;entreprise de se concentrer sur son activit\u00e9 principale.<\/li><li>R\u00e9duction des erreurs : Des professionnels sp\u00e9cialis\u00e9s garantissent la bonne application des r\u00e9glementations.<\/li><li>Conformit\u00e9 l\u00e9gale : \u00c9vitez les sanctions et les probl\u00e8mes avec l&rsquo;administration publique.<\/li><li>Acc\u00e8s \u00e0 une technologie avanc\u00e9e : Les plateformes de gestion de la paie en ligne offrent une automatisation et une s\u00e9curit\u00e9 dans le traitement des donn\u00e9es.<\/li><\/ul>\t\t\t\t\t\t\t\t<\/div>\n\t\t\t\t<\/div>\n\t\t\t\t\t<\/div>\r\n\t\t\t\t<\/div>\r\n\t\t\t\t\t<\/div>\r\n\t\t\t\t<\/section>\r\n\t\t\t\t<section data-particle_enable=\"false\" data-particle-mobile-disabled=\"false\" class=\"elementor-section elementor-top-section elementor-element elementor-element-9485cdb elementor-section-boxed elementor-section-height-default elementor-section-height-default\" data-id=\"9485cdb\" data-element_type=\"section\" data-e-type=\"section\">\r\n\t\t\r\n\t\t\t\t\t\t\t<div class=\"elementor-container elementor-column-gap-default\">\r\n\t\t\t\t\t\t\t\t\t\t\t<div class=\"elementor-column elementor-col-100 elementor-top-column elementor-element elementor-element-e7b7651\" data-id=\"e7b7651\" data-element_type=\"column\" data-e-type=\"column\">\r\n\t\t\t\t\t<div class=\"elementor-widget-wrap elementor-element-populated\">\r\n\t\t\t\t\t\t\t\t<div class=\"elementor-element elementor-element-03379b6 elementor-widget elementor-widget-heading\" data-id=\"03379b6\" data-element_type=\"widget\" data-e-type=\"widget\" data-widget_type=\"heading.default\">\n\t\t\t\t<div class=\"elementor-widget-container\">\n\t\t\t\t\t<h2 class=\"elementor-heading-title elementor-size-default\">Aspects au-del\u00e0 de la gestion de la paie<\/h2>\t\t\t\t<\/div>\n\t\t\t\t<\/div>\n\t\t\t\t\t<\/div>\r\n\t\t\t\t<\/div>\r\n\t\t\t\t\t<\/div>\r\n\t\t\t\t<\/section>\r\n\t\t\t\t<section data-particle_enable=\"false\" data-particle-mobile-disabled=\"false\" class=\"elementor-section elementor-top-section elementor-element elementor-element-5eb8719 elementor-section-boxed elementor-section-height-default elementor-section-height-default\" data-id=\"5eb8719\" data-element_type=\"section\" data-e-type=\"section\">\r\n\t\t\r\n\t\t\t\t\t\t\t<div class=\"elementor-container elementor-column-gap-default\">\r\n\t\t\t\t\t\t\t\t\t\t\t<div class=\"elementor-column elementor-col-100 elementor-top-column elementor-element elementor-element-8743631\" data-id=\"8743631\" data-element_type=\"column\" data-e-type=\"column\">\r\n\t\t\t\t\t<div class=\"elementor-widget-wrap elementor-element-populated\">\r\n\t\t\t\t\t\t\t\t<div class=\"elementor-element elementor-element-2f130c3 elementor-widget elementor-widget-text-editor\" data-id=\"2f130c3\" data-element_type=\"widget\" data-e-type=\"widget\" data-widget_type=\"text-editor.default\">\n\t\t\t\t<div class=\"elementor-widget-container\">\n\t\t\t\t\t\t\t\t\t<p>La gestion de la paie ne se limite pas au calcul et au paiement des salaires, elle implique \u00e9galement une s\u00e9rie de processus li\u00e9s \u00e0 l&rsquo;administration du personnel et \u00e0 la strat\u00e9gie commerciale.<\/p><p>L&rsquo;un de ces aspects est la gestion des avantages et des indemnit\u00e9s, qui comprend les incitations, les r\u00e9gimes de retraite, les assurances m\u00e9dicales et les primes. Ces \u00e9l\u00e9ments influencent la motivation et la r\u00e9tention des talents au sein de l&rsquo;entreprise.<\/p><p>Un autre point cl\u00e9 est la num\u00e9risation et l&rsquo;automatisation des salaires. De nombreuses entreprises ont recours \u00e0 des logiciels de gestion qui int\u00e8grent la comptabilit\u00e9, la s\u00e9curit\u00e9 sociale et la retenue \u00e0 la source dans un seul syst\u00e8me, r\u00e9duisant ainsi les erreurs et les d\u00e9lais administratifs.<\/p><p>La gestion de l&rsquo;information et la protection des donn\u00e9es sont \u00e9galement pertinentes. Avec le r\u00e8glement g\u00e9n\u00e9ral sur la protection des donn\u00e9es (RGPD), les entreprises doivent garantir la confidentialit\u00e9 des informations sur les salaires et les travailleurs, en \u00e9vitant les acc\u00e8s non autoris\u00e9s.<\/p><p>La planification des co\u00fbts de main-d&rsquo;\u0153uvre est essentielle \u00e0 la viabilit\u00e9 financi\u00e8re de l&rsquo;entreprise. La bonne gestion des salaires permet de pr\u00e9voir les charges \u00e9conomiques et de prendre des d\u00e9cisions strat\u00e9giques en mati\u00e8re d&#8217;embauche, d&rsquo;externalisation ou d&rsquo;ajustements salariaux en fonction de la performance et de la viabilit\u00e9 \u00e9conomique.<\/p>\t\t\t\t\t\t\t\t<\/div>\n\t\t\t\t<\/div>\n\t\t\t\t\t<\/div>\r\n\t\t\t\t<\/div>\r\n\t\t\t\t\t<\/div>\r\n\t\t\t\t<\/section>\r\n\t\t\t\t<section data-particle_enable=\"false\" data-particle-mobile-disabled=\"false\" class=\"elementor-section elementor-top-section elementor-element elementor-element-bf661f5 elementor-section-boxed elementor-section-height-default elementor-section-height-default\" data-id=\"bf661f5\" data-element_type=\"section\" data-e-type=\"section\">\r\n\t\t\r\n\t\t\t\t\t\t\t<div class=\"elementor-container elementor-column-gap-default\">\r\n\t\t\t\t\t\t\t\t\t\t\t<div class=\"elementor-column elementor-col-100 elementor-top-column elementor-element elementor-element-d28255a\" data-id=\"d28255a\" data-element_type=\"column\" data-e-type=\"column\">\r\n\t\t\t\t\t<div class=\"elementor-widget-wrap elementor-element-populated\">\r\n\t\t\t\t\t\t\t\t<div class=\"elementor-element elementor-element-dab6dc8 elementor-widget elementor-widget-heading\" data-id=\"dab6dc8\" data-element_type=\"widget\" data-e-type=\"widget\" data-widget_type=\"heading.default\">\n\t\t\t\t<div class=\"elementor-widget-container\">\n\t\t\t\t\t<h2 class=\"elementor-heading-title elementor-size-default\">Diff\u00e9rences entre la gestion de la paie traditionnelle et en ligne<\/h2>\t\t\t\t<\/div>\n\t\t\t\t<\/div>\n\t\t\t\t\t<\/div>\r\n\t\t\t\t<\/div>\r\n\t\t\t\t\t<\/div>\r\n\t\t\t\t<\/section>\r\n\t\t\t\t<section data-particle_enable=\"false\" data-particle-mobile-disabled=\"false\" class=\"elementor-section elementor-top-section elementor-element elementor-element-14689a3 elementor-section-boxed elementor-section-height-default elementor-section-height-default\" data-id=\"14689a3\" data-element_type=\"section\" data-e-type=\"section\">\r\n\t\t\r\n\t\t\t\t\t\t\t<div class=\"elementor-container elementor-column-gap-default\">\r\n\t\t\t\t\t\t\t\t\t\t\t<div class=\"elementor-column elementor-col-100 elementor-top-column elementor-element elementor-element-060113e\" data-id=\"060113e\" data-element_type=\"column\" data-e-type=\"column\">\r\n\t\t\t\t\t<div class=\"elementor-widget-wrap elementor-element-populated\">\r\n\t\t\t\t\t\t\t\t<div class=\"elementor-element elementor-element-cb8f63c elementor-widget elementor-widget-text-editor\" data-id=\"cb8f63c\" data-element_type=\"widget\" data-e-type=\"widget\" data-widget_type=\"text-editor.default\">\n\t\t\t\t<div class=\"elementor-widget-container\">\n\t\t\t\t\t\t\t\t\t<p>La num\u00e9risation a r\u00e9volutionn\u00e9 la fa\u00e7on dont les entreprises g\u00e8rent leurs salaires. Alors que la m\u00e9thode traditionnelle implique des processus manuels et une charge administrative plus \u00e9lev\u00e9e, la gestion de la paie en ligne offre des solutions plus efficaces.<\/p><ul><li>Vitesse et automatisation : Les syst\u00e8mes en ligne traitent les donn\u00e9es rapidement, minimisant ainsi les erreurs.<\/li><li>Accessibilit\u00e9 : Il est accessible \u00e0 partir de n&rsquo;importe quel appareil connect\u00e9 \u00e0 Internet.<\/li><li>Mise \u00e0 jour l\u00e9gale automatique : Adaptation aux changements de l\u00e9gislation sans avoir besoin de r\u00e9visions manuelles.<\/li><li>S\u00e9curit\u00e9 accrue : Protection des donn\u00e9es avec cryptage et sauvegardes.<\/li><\/ul>\t\t\t\t\t\t\t\t<\/div>\n\t\t\t\t<\/div>\n\t\t\t\t\t<\/div>\r\n\t\t\t\t<\/div>\r\n\t\t\t\t\t<\/div>\r\n\t\t\t\t<\/section>\r\n\t\t\t\t<section data-particle_enable=\"false\" data-particle-mobile-disabled=\"false\" class=\"elementor-section elementor-top-section elementor-element elementor-element-49294b7 elementor-section-boxed elementor-section-height-default elementor-section-height-default\" data-id=\"49294b7\" data-element_type=\"section\" data-e-type=\"section\">\r\n\t\t\r\n\t\t\t\t\t\t\t<div class=\"elementor-container elementor-column-gap-default\">\r\n\t\t\t\t\t\t\t\t\t\t\t<div class=\"elementor-column elementor-col-100 elementor-top-column elementor-element elementor-element-e325ce4\" data-id=\"e325ce4\" data-element_type=\"column\" data-e-type=\"column\">\r\n\t\t\t\t\t<div class=\"elementor-widget-wrap elementor-element-populated\">\r\n\t\t\t\t\t\t\t\t<div class=\"elementor-element elementor-element-7963c6d elementor-widget elementor-widget-heading\" data-id=\"7963c6d\" data-element_type=\"widget\" data-e-type=\"widget\" data-widget_type=\"heading.default\">\n\t\t\t\t<div class=\"elementor-widget-container\">\n\t\t\t\t\t<h2 class=\"elementor-heading-title elementor-size-default\">Notre engagement dans Asesoria Orihuela Costa<\/h2>\t\t\t\t<\/div>\n\t\t\t\t<\/div>\n\t\t\t\t\t<\/div>\r\n\t\t\t\t<\/div>\r\n\t\t\t\t\t<\/div>\r\n\t\t\t\t<\/section>\r\n\t\t\t\t<section data-particle_enable=\"false\" data-particle-mobile-disabled=\"false\" class=\"elementor-section elementor-top-section elementor-element elementor-element-05a5cdb elementor-section-boxed elementor-section-height-default elementor-section-height-default\" data-id=\"05a5cdb\" data-element_type=\"section\" data-e-type=\"section\">\r\n\t\t\r\n\t\t\t\t\t\t\t<div class=\"elementor-container elementor-column-gap-default\">\r\n\t\t\t\t\t\t\t\t\t\t\t<div class=\"elementor-column elementor-col-100 elementor-top-column elementor-element elementor-element-51260e5\" data-id=\"51260e5\" data-element_type=\"column\" data-e-type=\"column\">\r\n\t\t\t\t\t<div class=\"elementor-widget-wrap elementor-element-populated\">\r\n\t\t\t\t\t\t\t\t<div class=\"elementor-element elementor-element-e8cc267 elementor-widget elementor-widget-text-editor\" data-id=\"e8cc267\" data-element_type=\"widget\" data-e-type=\"widget\" data-widget_type=\"text-editor.default\">\n\t\t\t\t<div class=\"elementor-widget-container\">\n\t\t\t\t\t\t\t\t\t<p>Chez Asesor\u00eda Orihuela Costa, nous offrons un service complet de gestion de la paie adapt\u00e9 aux besoins de chaque entreprise. Notre \u00e9quipe d&rsquo;experts s&rsquo;occupe de chaque d\u00e9tail, du calcul des salaires \u00e0 la pr\u00e9sentation des imp\u00f4ts, en assurant une conformit\u00e9 r\u00e9glementaire ad\u00e9quate.<\/p><p>Nous sommes sp\u00e9cialis\u00e9s dans la gestion de la paie pour les petites et moyennes entreprises, offrant un service personnalis\u00e9 qui garantit la tranquillit\u00e9 d&rsquo;esprit et l&rsquo;efficacit\u00e9. De plus, nous disposons d&rsquo;outils num\u00e9riques avanc\u00e9s pour offrir la gestion de la paie en ligne, permettant \u00e0 nos clients d&rsquo;acc\u00e9der \u00e0 leur documentation en temps r\u00e9el et en toute s\u00e9curit\u00e9.<\/p><h3>Pourquoi nous choisir ?<\/h3><ul><li>Exp\u00e9rience et professionnalisme : Nous avons des ann\u00e9es d&rsquo;exp\u00e9rience dans le conseil en mati\u00e8re d&#8217;emploi, garantissant un service de qualit\u00e9.<\/li><li>Solutions personnalis\u00e9es : Nous adaptons nos services aux besoins sp\u00e9cifiques de chaque entreprise.<\/li><li>Technologie avanc\u00e9e : Nous mettons en \u0153uvre des plateformes num\u00e9riques pour faciliter la gestion de la paie en ligne.<\/li><li>Conformit\u00e9 r\u00e9glementaire : Nous veillons \u00e0 ce que toutes les obligations fiscales et professionnelles soient \u00e0 jour.<\/li><li>Attention proche et transparente : Nous offrons un traitement direct avec chaque client, en r\u00e9solvant les doutes et en g\u00e9rant rapidement les incidents.<\/li><\/ul><p>Si vous cherchez \u00e0 optimiser la gestion de la paie de votre entreprise avec une \u00e9quipe de confiance, chez Asesor\u00eda Orihuela Costa, nous pouvons vous aider. Contactez-nous et d\u00e9couvrez comment nous pouvons am\u00e9liorer la gestion de votre entreprise.<\/p>\t\t\t\t\t\t\t\t<\/div>\n\t\t\t\t<\/div>\n\t\t\t\t\t<\/div>\r\n\t\t\t\t<\/div>\r\n\t\t\t\t\t<\/div>\r\n\t\t\t\t<\/section>\r\n\t\t\t\t<\/div>\n\t\t","protected":false},"excerpt":{"rendered":"<p>La gestion de la paie est un processus fondamental pour toute entreprise, car elle garantit que les employ\u00e9s re\u00e7oivent leurs salaires de mani\u00e8re correcte et ponctuelle. Cette proc\u00e9dure va du calcul des salaires et des retenues \u00e0 la production d&rsquo;imp\u00f4ts et \u00e0 la cr\u00e9ation de documents juridiques. Pour les entreprises qui cherchent \u00e0 optimiser leurs [&hellip;]<\/p>\n","protected":false},"author":2,"featured_media":40159,"comment_status":"closed","ping_status":"closed","sticky":false,"template":"","format":"standard","meta":{"_eb_attr":"","inline_featured_image":false,"footnotes":""},"categories":[46],"tags":[],"class_list":["post-42050","post","type-post","status-publish","format-standard","has-post-thumbnail","hentry","category-blog"],"featured_image_src":{"landsacpe":["https:\/\/www.asesoriaorihuelacosta.com\/wp-content\/uploads\/2025\/02\/file-folders-923523_640.jpg",640,426,false],"list":["https:\/\/www.asesoriaorihuelacosta.com\/wp-content\/uploads\/2025\/02\/file-folders-923523_640-463x348.jpg",463,348,true],"medium":["https:\/\/www.asesoriaorihuelacosta.com\/wp-content\/uploads\/2025\/02\/file-folders-923523_640-300x200.jpg",300,200,true],"full":["https:\/\/www.asesoriaorihuelacosta.com\/wp-content\/uploads\/2025\/02\/file-folders-923523_640.jpg",640,426,false]},"yoast_head":"<!-- This site is optimized with the Yoast SEO Premium plugin v24.7 (Yoast SEO v27.5) - https:\/\/yoast.com\/product\/yoast-seo-premium-wordpress\/ -->\n<title>Gestion professionnelle de la paie pour votre entreprise - Asesor\u00eda Orihuela Costa<\/title>\n<meta name=\"robots\" content=\"index, follow, max-snippet:-1, max-image-preview:large, max-video-preview:-1\" \/>\n<link rel=\"canonical\" href=\"https:\/\/www.asesoriaorihuelacosta.com\/fr\/gestion-professionnelle-de-la-paie-pour-votre-entreprise\/\" \/>\n<meta property=\"og:locale\" content=\"fr_FR\" \/>\n<meta property=\"og:type\" content=\"article\" \/>\n<meta property=\"og:title\" content=\"Gestion professionnelle de la paie pour votre entreprise\" \/>\n<meta property=\"og:description\" content=\"La gestion de la paie est un processus fondamental pour toute entreprise, car elle garantit que les employ\u00e9s re\u00e7oivent leurs salaires de mani\u00e8re correcte et ponctuelle. Cette proc\u00e9dure va du calcul des salaires et des retenues \u00e0 la production d&rsquo;imp\u00f4ts et \u00e0 la cr\u00e9ation de documents juridiques. Pour les entreprises qui cherchent \u00e0 optimiser leurs [&hellip;]\" \/>\n<meta property=\"og:url\" content=\"https:\/\/www.asesoriaorihuelacosta.com\/fr\/gestion-professionnelle-de-la-paie-pour-votre-entreprise\/\" \/>\n<meta property=\"og:site_name\" content=\"Asesor\u00eda Orihuela Costa\" \/>\n<meta property=\"article:publisher\" content=\"https:\/\/www.facebook.com\/asesoriaorihuelacosta\" \/>\n<meta property=\"article:author\" content=\"https:\/\/www.facebook.com\/patrick.gordinneperez\" \/>\n<meta property=\"article:published_time\" content=\"2025-02-03T09:10:05+00:00\" \/>\n<meta property=\"article:modified_time\" content=\"2025-03-25T06:18:32+00:00\" \/>\n<meta property=\"og:image\" content=\"https:\/\/www.asesoriaorihuelacosta.com\/wp-content\/uploads\/2025\/02\/file-folders-923523_640.jpg\" \/>\n\t<meta property=\"og:image:width\" content=\"640\" \/>\n\t<meta property=\"og:image:height\" content=\"426\" \/>\n\t<meta property=\"og:image:type\" content=\"image\/jpeg\" \/>\n<meta name=\"author\" content=\"Patrick Gordinne Perez\" \/>\n<meta name=\"twitter:card\" content=\"summary_large_image\" \/>\n<meta name=\"twitter:label1\" content=\"\u00c9crit par\" \/>\n\t<meta name=\"twitter:data1\" content=\"Patrick Gordinne Perez\" \/>\n\t<meta name=\"twitter:label2\" content=\"Dur\u00e9e de lecture estim\u00e9e\" \/>\n\t<meta name=\"twitter:data2\" content=\"6 minutes\" \/>\n<script type=\"application\/ld+json\" class=\"yoast-schema-graph\">{\"@context\":\"https:\\\/\\\/schema.org\",\"@graph\":[{\"@type\":\"Article\",\"@id\":\"https:\\\/\\\/www.asesoriaorihuelacosta.com\\\/fr\\\/gestion-professionnelle-de-la-paie-pour-votre-entreprise\\\/#article\",\"isPartOf\":{\"@id\":\"https:\\\/\\\/www.asesoriaorihuelacosta.com\\\/fr\\\/gestion-professionnelle-de-la-paie-pour-votre-entreprise\\\/\"},\"author\":{\"name\":\"Patrick Gordinne Perez\",\"@id\":\"https:\\\/\\\/www.asesoriaorihuelacosta.com\\\/fr\\\/#\\\/schema\\\/person\\\/6614ce8cf6d2de542aaf351629fd539e\"},\"headline\":\"Gestion professionnelle de la paie pour votre entreprise\",\"datePublished\":\"2025-02-03T09:10:05+00:00\",\"dateModified\":\"2025-03-25T06:18:32+00:00\",\"mainEntityOfPage\":{\"@id\":\"https:\\\/\\\/www.asesoriaorihuelacosta.com\\\/fr\\\/gestion-professionnelle-de-la-paie-pour-votre-entreprise\\\/\"},\"wordCount\":1286,\"publisher\":{\"@id\":\"https:\\\/\\\/www.asesoriaorihuelacosta.com\\\/fr\\\/#organization\"},\"image\":{\"@id\":\"https:\\\/\\\/www.asesoriaorihuelacosta.com\\\/fr\\\/gestion-professionnelle-de-la-paie-pour-votre-entreprise\\\/#primaryimage\"},\"thumbnailUrl\":\"https:\\\/\\\/www.asesoriaorihuelacosta.com\\\/wp-content\\\/uploads\\\/2025\\\/02\\\/file-folders-923523_640.jpg\",\"articleSection\":[\"Blog\"],\"inLanguage\":\"fr-FR\"},{\"@type\":\"WebPage\",\"@id\":\"https:\\\/\\\/www.asesoriaorihuelacosta.com\\\/fr\\\/gestion-professionnelle-de-la-paie-pour-votre-entreprise\\\/\",\"url\":\"https:\\\/\\\/www.asesoriaorihuelacosta.com\\\/fr\\\/gestion-professionnelle-de-la-paie-pour-votre-entreprise\\\/\",\"name\":\"Gestion professionnelle de la paie pour votre entreprise - Asesor\u00eda Orihuela Costa\",\"isPartOf\":{\"@id\":\"https:\\\/\\\/www.asesoriaorihuelacosta.com\\\/fr\\\/#website\"},\"primaryImageOfPage\":{\"@id\":\"https:\\\/\\\/www.asesoriaorihuelacosta.com\\\/fr\\\/gestion-professionnelle-de-la-paie-pour-votre-entreprise\\\/#primaryimage\"},\"image\":{\"@id\":\"https:\\\/\\\/www.asesoriaorihuelacosta.com\\\/fr\\\/gestion-professionnelle-de-la-paie-pour-votre-entreprise\\\/#primaryimage\"},\"thumbnailUrl\":\"https:\\\/\\\/www.asesoriaorihuelacosta.com\\\/wp-content\\\/uploads\\\/2025\\\/02\\\/file-folders-923523_640.jpg\",\"datePublished\":\"2025-02-03T09:10:05+00:00\",\"dateModified\":\"2025-03-25T06:18:32+00:00\",\"breadcrumb\":{\"@id\":\"https:\\\/\\\/www.asesoriaorihuelacosta.com\\\/fr\\\/gestion-professionnelle-de-la-paie-pour-votre-entreprise\\\/#breadcrumb\"},\"inLanguage\":\"fr-FR\",\"potentialAction\":[{\"@type\":\"ReadAction\",\"target\":[\"https:\\\/\\\/www.asesoriaorihuelacosta.com\\\/fr\\\/gestion-professionnelle-de-la-paie-pour-votre-entreprise\\\/\"]}]},{\"@type\":\"ImageObject\",\"inLanguage\":\"fr-FR\",\"@id\":\"https:\\\/\\\/www.asesoriaorihuelacosta.com\\\/fr\\\/gestion-professionnelle-de-la-paie-pour-votre-entreprise\\\/#primaryimage\",\"url\":\"https:\\\/\\\/www.asesoriaorihuelacosta.com\\\/wp-content\\\/uploads\\\/2025\\\/02\\\/file-folders-923523_640.jpg\",\"contentUrl\":\"https:\\\/\\\/www.asesoriaorihuelacosta.com\\\/wp-content\\\/uploads\\\/2025\\\/02\\\/file-folders-923523_640.jpg\",\"width\":640,\"height\":426,\"caption\":\"n\u00f3minas\"},{\"@type\":\"BreadcrumbList\",\"@id\":\"https:\\\/\\\/www.asesoriaorihuelacosta.com\\\/fr\\\/gestion-professionnelle-de-la-paie-pour-votre-entreprise\\\/#breadcrumb\",\"itemListElement\":[{\"@type\":\"ListItem\",\"position\":1,\"name\":\"Home\",\"item\":\"https:\\\/\\\/www.asesoriaorihuelacosta.com\\\/fr\\\/\"},{\"@type\":\"ListItem\",\"position\":2,\"name\":\"Gestion professionnelle de la paie pour votre entreprise\"}]},{\"@type\":\"WebSite\",\"@id\":\"https:\\\/\\\/www.asesoriaorihuelacosta.com\\\/fr\\\/#website\",\"url\":\"https:\\\/\\\/www.asesoriaorihuelacosta.com\\\/fr\\\/\",\"name\":\"https:\\\/\\\/www.asesoriaorihuelacosta.com\\\/\",\"description\":\"Grupo de asesores profesionales\",\"publisher\":{\"@id\":\"https:\\\/\\\/www.asesoriaorihuelacosta.com\\\/fr\\\/#organization\"},\"potentialAction\":[{\"@type\":\"SearchAction\",\"target\":{\"@type\":\"EntryPoint\",\"urlTemplate\":\"https:\\\/\\\/www.asesoriaorihuelacosta.com\\\/fr\\\/?s={search_term_string}\"},\"query-input\":{\"@type\":\"PropertyValueSpecification\",\"valueRequired\":true,\"valueName\":\"search_term_string\"}}],\"inLanguage\":\"fr-FR\"},{\"@type\":\"Organization\",\"@id\":\"https:\\\/\\\/www.asesoriaorihuelacosta.com\\\/fr\\\/#organization\",\"name\":\"Asesor\u00eda Orihuela Costa\",\"url\":\"https:\\\/\\\/www.asesoriaorihuelacosta.com\\\/fr\\\/\",\"logo\":{\"@type\":\"ImageObject\",\"inLanguage\":\"fr-FR\",\"@id\":\"https:\\\/\\\/www.asesoriaorihuelacosta.com\\\/fr\\\/#\\\/schema\\\/logo\\\/image\\\/\",\"url\":\"https:\\\/\\\/www.asesoriaorihuelacosta.com\\\/wp-content\\\/uploads\\\/2022\\\/06\\\/Logo-espa\u5bf8l-asesoriaorihuela.jpg\",\"contentUrl\":\"https:\\\/\\\/www.asesoriaorihuelacosta.com\\\/wp-content\\\/uploads\\\/2022\\\/06\\\/Logo-espa\u5bf8l-asesoriaorihuela.jpg\",\"width\":588,\"height\":136,\"caption\":\"Asesor\u00eda Orihuela Costa\"},\"image\":{\"@id\":\"https:\\\/\\\/www.asesoriaorihuelacosta.com\\\/fr\\\/#\\\/schema\\\/logo\\\/image\\\/\"},\"sameAs\":[\"https:\\\/\\\/www.facebook.com\\\/asesoriaorihuelacosta\"]},{\"@type\":\"Person\",\"@id\":\"https:\\\/\\\/www.asesoriaorihuelacosta.com\\\/fr\\\/#\\\/schema\\\/person\\\/6614ce8cf6d2de542aaf351629fd539e\",\"name\":\"Patrick Gordinne Perez\",\"description\":\"Soy economista colegiado por el colegio de economistas de Alicante con el n\u00famero 2722. Llevo ejerciendo desde el a\u00f1o 2005. Soy especialista en fiscalidad de empresas y aut\u00f3nomos y tambi\u00e9n especialista en gestionar compraventas. Hablo espa\u00f1ol, ingl\u00e9s y franc\u00e9s.\",\"sameAs\":[\"https:\\\/\\\/www.asesoriaorihuelacosta.com\",\"https:\\\/\\\/www.facebook.com\\\/patrick.gordinneperez\",\"https:\\\/\\\/www.linkedin.com\\\/in\\\/patrick-gordinne-perez-1b73aab3\\\/\",\"https:\\\/\\\/www.youtube.com\\\/channel\\\/UC5e95RJEVQlxCnhwDmGNVCw\"],\"gender\":\"Hombre\",\"knowsLanguage\":[\"ingl\u00e9s\",\"franc\u00e9s\",\"espa\u00f1ol\"],\"jobTitle\":\"Gerente\",\"worksFor\":\"Asesoria Orihuela Costa SL\"}]}<\/script>\n<!-- \/ Yoast SEO Premium plugin. -->","yoast_head_json":{"title":"Gestion professionnelle de la paie pour votre entreprise - Asesor\u00eda Orihuela Costa","robots":{"index":"index","follow":"follow","max-snippet":"max-snippet:-1","max-image-preview":"max-image-preview:large","max-video-preview":"max-video-preview:-1"},"canonical":"https:\/\/www.asesoriaorihuelacosta.com\/fr\/gestion-professionnelle-de-la-paie-pour-votre-entreprise\/","og_locale":"fr_FR","og_type":"article","og_title":"Gestion professionnelle de la paie pour votre entreprise","og_description":"La gestion de la paie est un processus fondamental pour toute entreprise, car elle garantit que les employ\u00e9s re\u00e7oivent leurs salaires de mani\u00e8re correcte et ponctuelle. Cette proc\u00e9dure va du calcul des salaires et des retenues \u00e0 la production d&rsquo;imp\u00f4ts et \u00e0 la cr\u00e9ation de documents juridiques. Pour les entreprises qui cherchent \u00e0 optimiser leurs [&hellip;]","og_url":"https:\/\/www.asesoriaorihuelacosta.com\/fr\/gestion-professionnelle-de-la-paie-pour-votre-entreprise\/","og_site_name":"Asesor\u00eda Orihuela Costa","article_publisher":"https:\/\/www.facebook.com\/asesoriaorihuelacosta","article_author":"https:\/\/www.facebook.com\/patrick.gordinneperez","article_published_time":"2025-02-03T09:10:05+00:00","article_modified_time":"2025-03-25T06:18:32+00:00","og_image":[{"width":640,"height":426,"url":"https:\/\/www.asesoriaorihuelacosta.com\/wp-content\/uploads\/2025\/02\/file-folders-923523_640.jpg","type":"image\/jpeg"}],"author":"Patrick Gordinne Perez","twitter_card":"summary_large_image","twitter_misc":{"\u00c9crit par":"Patrick Gordinne Perez","Dur\u00e9e de lecture estim\u00e9e":"6 minutes"},"schema":{"@context":"https:\/\/schema.org","@graph":[{"@type":"Article","@id":"https:\/\/www.asesoriaorihuelacosta.com\/fr\/gestion-professionnelle-de-la-paie-pour-votre-entreprise\/#article","isPartOf":{"@id":"https:\/\/www.asesoriaorihuelacosta.com\/fr\/gestion-professionnelle-de-la-paie-pour-votre-entreprise\/"},"author":{"name":"Patrick Gordinne Perez","@id":"https:\/\/www.asesoriaorihuelacosta.com\/fr\/#\/schema\/person\/6614ce8cf6d2de542aaf351629fd539e"},"headline":"Gestion professionnelle de la paie pour votre entreprise","datePublished":"2025-02-03T09:10:05+00:00","dateModified":"2025-03-25T06:18:32+00:00","mainEntityOfPage":{"@id":"https:\/\/www.asesoriaorihuelacosta.com\/fr\/gestion-professionnelle-de-la-paie-pour-votre-entreprise\/"},"wordCount":1286,"publisher":{"@id":"https:\/\/www.asesoriaorihuelacosta.com\/fr\/#organization"},"image":{"@id":"https:\/\/www.asesoriaorihuelacosta.com\/fr\/gestion-professionnelle-de-la-paie-pour-votre-entreprise\/#primaryimage"},"thumbnailUrl":"https:\/\/www.asesoriaorihuelacosta.com\/wp-content\/uploads\/2025\/02\/file-folders-923523_640.jpg","articleSection":["Blog"],"inLanguage":"fr-FR"},{"@type":"WebPage","@id":"https:\/\/www.asesoriaorihuelacosta.com\/fr\/gestion-professionnelle-de-la-paie-pour-votre-entreprise\/","url":"https:\/\/www.asesoriaorihuelacosta.com\/fr\/gestion-professionnelle-de-la-paie-pour-votre-entreprise\/","name":"Gestion professionnelle de la paie pour votre entreprise - Asesor\u00eda Orihuela Costa","isPartOf":{"@id":"https:\/\/www.asesoriaorihuelacosta.com\/fr\/#website"},"primaryImageOfPage":{"@id":"https:\/\/www.asesoriaorihuelacosta.com\/fr\/gestion-professionnelle-de-la-paie-pour-votre-entreprise\/#primaryimage"},"image":{"@id":"https:\/\/www.asesoriaorihuelacosta.com\/fr\/gestion-professionnelle-de-la-paie-pour-votre-entreprise\/#primaryimage"},"thumbnailUrl":"https:\/\/www.asesoriaorihuelacosta.com\/wp-content\/uploads\/2025\/02\/file-folders-923523_640.jpg","datePublished":"2025-02-03T09:10:05+00:00","dateModified":"2025-03-25T06:18:32+00:00","breadcrumb":{"@id":"https:\/\/www.asesoriaorihuelacosta.com\/fr\/gestion-professionnelle-de-la-paie-pour-votre-entreprise\/#breadcrumb"},"inLanguage":"fr-FR","potentialAction":[{"@type":"ReadAction","target":["https:\/\/www.asesoriaorihuelacosta.com\/fr\/gestion-professionnelle-de-la-paie-pour-votre-entreprise\/"]}]},{"@type":"ImageObject","inLanguage":"fr-FR","@id":"https:\/\/www.asesoriaorihuelacosta.com\/fr\/gestion-professionnelle-de-la-paie-pour-votre-entreprise\/#primaryimage","url":"https:\/\/www.asesoriaorihuelacosta.com\/wp-content\/uploads\/2025\/02\/file-folders-923523_640.jpg","contentUrl":"https:\/\/www.asesoriaorihuelacosta.com\/wp-content\/uploads\/2025\/02\/file-folders-923523_640.jpg","width":640,"height":426,"caption":"n\u00f3minas"},{"@type":"BreadcrumbList","@id":"https:\/\/www.asesoriaorihuelacosta.com\/fr\/gestion-professionnelle-de-la-paie-pour-votre-entreprise\/#breadcrumb","itemListElement":[{"@type":"ListItem","position":1,"name":"Home","item":"https:\/\/www.asesoriaorihuelacosta.com\/fr\/"},{"@type":"ListItem","position":2,"name":"Gestion professionnelle de la paie pour votre entreprise"}]},{"@type":"WebSite","@id":"https:\/\/www.asesoriaorihuelacosta.com\/fr\/#website","url":"https:\/\/www.asesoriaorihuelacosta.com\/fr\/","name":"https:\/\/www.asesoriaorihuelacosta.com\/","description":"Grupo de asesores profesionales","publisher":{"@id":"https:\/\/www.asesoriaorihuelacosta.com\/fr\/#organization"},"potentialAction":[{"@type":"SearchAction","target":{"@type":"EntryPoint","urlTemplate":"https:\/\/www.asesoriaorihuelacosta.com\/fr\/?s={search_term_string}"},"query-input":{"@type":"PropertyValueSpecification","valueRequired":true,"valueName":"search_term_string"}}],"inLanguage":"fr-FR"},{"@type":"Organization","@id":"https:\/\/www.asesoriaorihuelacosta.com\/fr\/#organization","name":"Asesor\u00eda Orihuela Costa","url":"https:\/\/www.asesoriaorihuelacosta.com\/fr\/","logo":{"@type":"ImageObject","inLanguage":"fr-FR","@id":"https:\/\/www.asesoriaorihuelacosta.com\/fr\/#\/schema\/logo\/image\/","url":"https:\/\/www.asesoriaorihuelacosta.com\/wp-content\/uploads\/2022\/06\/Logo-espa\u5bf8l-asesoriaorihuela.jpg","contentUrl":"https:\/\/www.asesoriaorihuelacosta.com\/wp-content\/uploads\/2022\/06\/Logo-espa\u5bf8l-asesoriaorihuela.jpg","width":588,"height":136,"caption":"Asesor\u00eda Orihuela Costa"},"image":{"@id":"https:\/\/www.asesoriaorihuelacosta.com\/fr\/#\/schema\/logo\/image\/"},"sameAs":["https:\/\/www.facebook.com\/asesoriaorihuelacosta"]},{"@type":"Person","@id":"https:\/\/www.asesoriaorihuelacosta.com\/fr\/#\/schema\/person\/6614ce8cf6d2de542aaf351629fd539e","name":"Patrick Gordinne Perez","description":"Soy economista colegiado por el colegio de economistas de Alicante con el n\u00famero 2722. Llevo ejerciendo desde el a\u00f1o 2005. Soy especialista en fiscalidad de empresas y aut\u00f3nomos y tambi\u00e9n especialista en gestionar compraventas. Hablo espa\u00f1ol, ingl\u00e9s y franc\u00e9s.","sameAs":["https:\/\/www.asesoriaorihuelacosta.com","https:\/\/www.facebook.com\/patrick.gordinneperez","https:\/\/www.linkedin.com\/in\/patrick-gordinne-perez-1b73aab3\/","https:\/\/www.youtube.com\/channel\/UC5e95RJEVQlxCnhwDmGNVCw"],"gender":"Hombre","knowsLanguage":["ingl\u00e9s","franc\u00e9s","espa\u00f1ol"],"jobTitle":"Gerente","worksFor":"Asesoria Orihuela Costa SL"}]}},"_links":{"self":[{"href":"https:\/\/www.asesoriaorihuelacosta.com\/fr\/wp-json\/wp\/v2\/posts\/42050","targetHints":{"allow":["GET"]}}],"collection":[{"href":"https:\/\/www.asesoriaorihuelacosta.com\/fr\/wp-json\/wp\/v2\/posts"}],"about":[{"href":"https:\/\/www.asesoriaorihuelacosta.com\/fr\/wp-json\/wp\/v2\/types\/post"}],"author":[{"embeddable":true,"href":"https:\/\/www.asesoriaorihuelacosta.com\/fr\/wp-json\/wp\/v2\/users\/2"}],"replies":[{"embeddable":true,"href":"https:\/\/www.asesoriaorihuelacosta.com\/fr\/wp-json\/wp\/v2\/comments?post=42050"}],"version-history":[{"count":4,"href":"https:\/\/www.asesoriaorihuelacosta.com\/fr\/wp-json\/wp\/v2\/posts\/42050\/revisions"}],"predecessor-version":[{"id":42054,"href":"https:\/\/www.asesoriaorihuelacosta.com\/fr\/wp-json\/wp\/v2\/posts\/42050\/revisions\/42054"}],"wp:featuredmedia":[{"embeddable":true,"href":"https:\/\/www.asesoriaorihuelacosta.com\/fr\/wp-json\/wp\/v2\/media\/40159"}],"wp:attachment":[{"href":"https:\/\/www.asesoriaorihuelacosta.com\/fr\/wp-json\/wp\/v2\/media?parent=42050"}],"wp:term":[{"taxonomy":"category","embeddable":true,"href":"https:\/\/www.asesoriaorihuelacosta.com\/fr\/wp-json\/wp\/v2\/categories?post=42050"},{"taxonomy":"post_tag","embeddable":true,"href":"https:\/\/www.asesoriaorihuelacosta.com\/fr\/wp-json\/wp\/v2\/tags?post=42050"}],"curies":[{"name":"wp","href":"https:\/\/api.w.org\/{rel}","templated":true}]}}