{"id":41803,"date":"2024-12-08T09:18:34","date_gmt":"2024-12-08T09:18:34","guid":{"rendered":"https:\/\/www.asesoriaorihuelacosta.com\/?p=41803"},"modified":"2025-03-14T04:04:00","modified_gmt":"2025-03-14T04:04:00","slug":"exportations-cle-de-la-croissance-economique-en-espagne","status":"publish","type":"post","link":"https:\/\/www.asesoriaorihuelacosta.com\/fr\/exportations-cle-de-la-croissance-economique-en-espagne\/","title":{"rendered":"Exportations : cl\u00e9 de la croissance \u00e9conomique en Espagne"},"content":{"rendered":"\t\t<div data-elementor-type=\"wp-post\" data-elementor-id=\"41803\" class=\"elementor elementor-41803\" data-elementor-post-type=\"post\">\n\t\t\t\t\t\t<section data-particle_enable=\"false\" data-particle-mobile-disabled=\"false\" class=\"elementor-section elementor-top-section elementor-element elementor-element-e20c094 elementor-section-boxed elementor-section-height-default elementor-section-height-default\" data-id=\"e20c094\" data-element_type=\"section\" data-e-type=\"section\">\r\n\t\t\r\n\t\t\t\t\t\t\t<div class=\"elementor-container elementor-column-gap-default\">\r\n\t\t\t\t\t\t\t\t\t\t\t<div class=\"elementor-column elementor-col-100 elementor-top-column elementor-element elementor-element-40676cd\" data-id=\"40676cd\" data-element_type=\"column\" data-e-type=\"column\">\r\n\t\t\t\t\t<div class=\"elementor-widget-wrap elementor-element-populated\">\r\n\t\t\t\t\t\t\t\t<div class=\"elementor-element elementor-element-f407fa4 elementor-widget elementor-widget-text-editor\" data-id=\"f407fa4\" data-element_type=\"widget\" data-e-type=\"widget\" data-widget_type=\"text-editor.default\">\n\t\t\t\t<div class=\"elementor-widget-container\">\n\t\t\t\t\t\t\t\t\t<p>Les exportations sont l&rsquo;envoi de biens et de services vers d&rsquo;autres pays.<\/p><p>Son r\u00f4le est fondamental dans le commerce international et affecte directement l&rsquo;\u00e9conomie d&rsquo;une nation.<\/p><p>Cet article aborde l&rsquo;importance des exportations, leur impact sur la balance commerciale et le PIB, ainsi que les strat\u00e9gies pour leur mise en \u0153uvre effective.<\/p><p>En outre, les d\u00e9fis auxquels sont confront\u00e9s les exportateurs seront analys\u00e9s.<\/p>\t\t\t\t\t\t\t\t<\/div>\n\t\t\t\t<\/div>\n\t\t\t\t\t<\/div>\r\n\t\t\t\t<\/div>\r\n\t\t\t\t\t<\/div>\r\n\t\t\t\t<\/section>\r\n\t\t\t\t<section data-particle_enable=\"false\" data-particle-mobile-disabled=\"false\" class=\"elementor-section elementor-top-section elementor-element elementor-element-41ef88a elementor-section-boxed elementor-section-height-default elementor-section-height-default\" data-id=\"41ef88a\" data-element_type=\"section\" data-e-type=\"section\">\r\n\t\t\r\n\t\t\t\t\t\t\t<div class=\"elementor-container elementor-column-gap-default\">\r\n\t\t\t\t\t\t\t\t\t\t\t<div class=\"elementor-column elementor-col-100 elementor-top-column elementor-element elementor-element-99393b4\" data-id=\"99393b4\" data-element_type=\"column\" data-e-type=\"column\">\r\n\t\t\t\t\t<div class=\"elementor-widget-wrap elementor-element-populated\">\r\n\t\t\t\t\t\t\t\t<div class=\"elementor-element elementor-element-237fab8 elementor-widget elementor-widget-heading\" data-id=\"237fab8\" data-element_type=\"widget\" data-e-type=\"widget\" data-widget_type=\"heading.default\">\n\t\t\t\t<div class=\"elementor-widget-container\">\n\t\t\t\t\t<h2 class=\"elementor-heading-title elementor-size-default\">Et si je commence \u00e0 exporter ?<\/h2>\t\t\t\t<\/div>\n\t\t\t\t<\/div>\n\t\t\t\t\t<\/div>\r\n\t\t\t\t<\/div>\r\n\t\t\t\t\t<\/div>\r\n\t\t\t\t<\/section>\r\n\t\t\t\t<section data-particle_enable=\"false\" data-particle-mobile-disabled=\"false\" class=\"elementor-section elementor-top-section elementor-element elementor-element-2989b9f elementor-section-boxed elementor-section-height-default elementor-section-height-default\" data-id=\"2989b9f\" data-element_type=\"section\" data-e-type=\"section\">\r\n\t\t\r\n\t\t\t\t\t\t\t<div class=\"elementor-container elementor-column-gap-default\">\r\n\t\t\t\t\t\t\t\t\t\t\t<div class=\"elementor-column elementor-col-100 elementor-top-column elementor-element elementor-element-7b5afd9\" data-id=\"7b5afd9\" data-element_type=\"column\" data-e-type=\"column\">\r\n\t\t\t\t\t<div class=\"elementor-widget-wrap elementor-element-populated\">\r\n\t\t\t\t\t\t\t\t<div class=\"elementor-element elementor-element-1d0461a elementor-widget elementor-widget-text-editor\" data-id=\"1d0461a\" data-element_type=\"widget\" data-e-type=\"widget\" data-widget_type=\"text-editor.default\">\n\t\t\t\t<div class=\"elementor-widget-container\">\n\t\t\t\t\t\t\t\t\t<h3>Exportation<\/h3><p>Face \u00e0 la situation de crise actuelle, vous cherchez des formules pour augmenter votre chiffre d&rsquo;affaires.<\/p><p>Eh bien, envisagez la possibilit\u00e9 d&rsquo;exporter, car cela vous permet de diversifier le risque d&rsquo;entreprise (en vous ouvrant \u00e0 de nouveaux march\u00e9s) et d&rsquo;am\u00e9liorer la comp\u00e9titivit\u00e9 globale de votre entreprise.<\/p><h4>Programme Xpande<\/h4><p>\u00c0 cet effet, les Chambres de commerce proposent un programme destin\u00e9 aux PME qui vous aidera \u00e0 faire les premiers pas dans ce domaine.<\/p><p>Ce programme, qui consiste en des conseils personnalis\u00e9s pour aider les petites entreprises \u00e0 internationaliser leur activit\u00e9, dure 80 heures et :<\/p><ul><li>Il dispose d&rsquo;une premi\u00e8re phase &#8211; sans frais pour l&rsquo;entreprise &#8211; qui comprend \u00e0 la fois une orientation strat\u00e9gique pour s\u00e9lectionner et acc\u00e9der au march\u00e9 cible et la r\u00e9alisation d&rsquo;un plan de marketing et d&rsquo;affaires.<\/li><\/ul><p>\u00a0<\/p><ul><li>La deuxi\u00e8me phase d&rsquo;\u00e9laboration du plan et de son financement est cofinanc\u00e9e par le Fonds europ\u00e9en de d\u00e9veloppement r\u00e9gional (FEDER), qui offre des subventions pour les d\u00e9penses du programme jusqu&rsquo;\u00e0 un maximum de 9 000 euros par entreprise.<\/li><\/ul>\t\t\t\t\t\t\t\t<\/div>\n\t\t\t\t<\/div>\n\t\t\t\t\t<\/div>\r\n\t\t\t\t<\/div>\r\n\t\t\t\t\t<\/div>\r\n\t\t\t\t<\/section>\r\n\t\t\t\t<section data-particle_enable=\"false\" data-particle-mobile-disabled=\"false\" class=\"elementor-section elementor-top-section elementor-element elementor-element-7dadea5 elementor-section-boxed elementor-section-height-default elementor-section-height-default\" data-id=\"7dadea5\" data-element_type=\"section\" data-e-type=\"section\">\r\n\t\t\r\n\t\t\t\t\t\t\t<div class=\"elementor-container elementor-column-gap-default\">\r\n\t\t\t\t\t\t\t\t\t\t\t<div class=\"elementor-column elementor-col-100 elementor-top-column elementor-element elementor-element-fa926fa\" data-id=\"fa926fa\" data-element_type=\"column\" data-e-type=\"column\">\r\n\t\t\t\t\t<div class=\"elementor-widget-wrap elementor-element-populated\">\r\n\t\t\t\t\t\t\t\t<div class=\"elementor-element elementor-element-841c258 elementor-widget elementor-widget-text-editor\" data-id=\"841c258\" data-element_type=\"widget\" data-e-type=\"widget\" data-widget_type=\"text-editor.default\">\n\t\t\t\t<div class=\"elementor-widget-container\">\n\t\t\t\t\t\t\t\t\t<p>Profitez des aides en mati\u00e8re de conseil et de conception d&rsquo;un plan d&rsquo;internationalisation propos\u00e9es par les Chambres de commerce.<\/p>\t\t\t\t\t\t\t\t<\/div>\n\t\t\t\t<\/div>\n\t\t\t\t\t<\/div>\r\n\t\t\t\t<\/div>\r\n\t\t\t\t\t<\/div>\r\n\t\t\t\t<\/section>\r\n\t\t\t\t<section data-particle_enable=\"false\" data-particle-mobile-disabled=\"false\" class=\"elementor-section elementor-top-section elementor-element elementor-element-c33010a elementor-section-boxed elementor-section-height-default elementor-section-height-default\" data-id=\"c33010a\" data-element_type=\"section\" data-e-type=\"section\">\r\n\t\t\r\n\t\t\t\t\t\t\t<div class=\"elementor-container elementor-column-gap-default\">\r\n\t\t\t\t\t\t\t\t\t\t\t<div class=\"elementor-column elementor-col-100 elementor-top-column elementor-element elementor-element-7198c31\" data-id=\"7198c31\" data-element_type=\"column\" data-e-type=\"column\">\r\n\t\t\t\t\t<div class=\"elementor-widget-wrap elementor-element-populated\">\r\n\t\t\t\t\t\t\t\t<div class=\"elementor-element elementor-element-267888d elementor-widget elementor-widget-text-editor\" data-id=\"267888d\" data-element_type=\"widget\" data-e-type=\"widget\" data-widget_type=\"text-editor.default\">\n\t\t\t\t<div class=\"elementor-widget-container\">\n\t\t\t\t\t\t\t\t\t<p>Mais avant d&rsquo;entrer dans le sujet, commencons par les bases.<\/p>\t\t\t\t\t\t\t\t<\/div>\n\t\t\t\t<\/div>\n\t\t\t\t\t<\/div>\r\n\t\t\t\t<\/div>\r\n\t\t\t\t\t<\/div>\r\n\t\t\t\t<\/section>\r\n\t\t\t\t<section data-particle_enable=\"false\" data-particle-mobile-disabled=\"false\" class=\"elementor-section elementor-top-section elementor-element elementor-element-ea872ba elementor-section-boxed elementor-section-height-default elementor-section-height-default\" data-id=\"ea872ba\" data-element_type=\"section\" data-e-type=\"section\">\r\n\t\t\r\n\t\t\t\t\t\t\t<div class=\"elementor-container elementor-column-gap-default\">\r\n\t\t\t\t\t\t\t\t\t\t\t<div class=\"elementor-column elementor-col-100 elementor-top-column elementor-element elementor-element-181fa81\" data-id=\"181fa81\" data-element_type=\"column\" data-e-type=\"column\">\r\n\t\t\t\t\t<div class=\"elementor-widget-wrap elementor-element-populated\">\r\n\t\t\t\t\t\t\t\t<div class=\"elementor-element elementor-element-f579722 elementor-widget elementor-widget-heading\" data-id=\"f579722\" data-element_type=\"widget\" data-e-type=\"widget\" data-widget_type=\"heading.default\">\n\t\t\t\t<div class=\"elementor-widget-container\">\n\t\t\t\t\t<h2 class=\"elementor-heading-title elementor-size-default\">Que signifie exportations ?<\/h2>\t\t\t\t<\/div>\n\t\t\t\t<\/div>\n\t\t\t\t\t<\/div>\r\n\t\t\t\t<\/div>\r\n\t\t\t\t\t<\/div>\r\n\t\t\t\t<\/section>\r\n\t\t\t\t<section data-particle_enable=\"false\" data-particle-mobile-disabled=\"false\" class=\"elementor-section elementor-top-section elementor-element elementor-element-d9ef9eb elementor-section-boxed elementor-section-height-default elementor-section-height-default\" data-id=\"d9ef9eb\" data-element_type=\"section\" data-e-type=\"section\">\r\n\t\t\r\n\t\t\t\t\t\t\t<div class=\"elementor-container elementor-column-gap-default\">\r\n\t\t\t\t\t\t\t\t\t\t\t<div class=\"elementor-column elementor-col-100 elementor-top-column elementor-element elementor-element-d01cb36\" data-id=\"d01cb36\" data-element_type=\"column\" data-e-type=\"column\">\r\n\t\t\t\t\t<div class=\"elementor-widget-wrap elementor-element-populated\">\r\n\t\t\t\t\t\t\t\t<div class=\"elementor-element elementor-element-7b052ff elementor-widget elementor-widget-text-editor\" data-id=\"7b052ff\" data-element_type=\"widget\" data-e-type=\"widget\" data-widget_type=\"text-editor.default\">\n\t\t\t\t<div class=\"elementor-widget-container\">\n\t\t\t\t\t\t\t\t\t<h3>Concept d&rsquo;exportation<\/h3><p>Les exportations sont une activit\u00e9 cl\u00e9 dans l&rsquo;environnement du commerce international.<\/p><p>Comprendre sa signification et sa pertinence est essentiel pour appr\u00e9cier son impact sur les \u00e9conomies nationales et mondiales.<\/p><h3>Que sont les exportations ?<\/h3><p><span style=\"color: #0000ff;\">Les exportations sont d\u00e9finies comme le processus par lequel un pays envoie des biens ou des services \u00e0 un autre pays.<\/span><\/p><p>Cet \u00e9change est une manifestation du commerce ext\u00e9rieur, o\u00f9 les nations cherchent \u00e0 maximiser les ressources et \u00e0 r\u00e9pondre aux demandes ext\u00e9rieures.<\/p><p>L&rsquo;exp\u00e9dition de produits \u00e0 l&rsquo;\u00e9tranger comprend \u00e0 la fois les mati\u00e8res premi\u00e8res et les produits manufactur\u00e9s, ainsi que les services financiers, technologiques et culturels.<\/p><p>Ce ph\u00e9nom\u00e8ne contribue non seulement \u00e0 l&rsquo;\u00e9conomie du pays exportateur, mais cr\u00e9e \u00e9galement des liens entre les march\u00e9s au niveau mondial.<\/p><h3>Importance du commerce ext\u00e9rieur<\/h3><p>Le commerce ext\u00e9rieur est un moteur essentiel de la croissance \u00e9conomique.<\/p><p>Il facilite l&rsquo;obtention de devises, ce qui permet aux pays d&rsquo;acheter des produits et des services qui peuvent ne pas \u00eatre disponibles localement.<\/p><p>En outre, il encourage l&rsquo;ouverture des march\u00e9s, am\u00e9liore la comp\u00e9titivit\u00e9 et encourage l&rsquo;innovation, car les entreprises doivent s&rsquo;adapter aux exigences du march\u00e9 international.<\/p><p>Gr\u00e2ce au commerce ext\u00e9rieur, les nations peuvent \u00e9galement diversifier leurs sources de revenus, r\u00e9duisant leur d\u00e9pendance \u00e0 l&rsquo;\u00e9gard de la demande int\u00e9rieure.<\/p><h3>Exportations et importations<\/h3><p>Les exportations et les importations sont les deux faces d&rsquo;une m\u00eame monnaie dans le commerce international.<\/p><p>Alors que les exportations repr\u00e9sentent la sortie de biens et de services, les importations sont l&rsquo;entr\u00e9e de produits en provenance de l&rsquo;\u00e9tranger.<\/p><p>La balance commerciale, qui est calcul\u00e9e comme la diff\u00e9rence entre ces deux, est un indicateur crucial de la sant\u00e9 \u00e9conomique d&rsquo;un pays.<\/p><p>Une balance positive indique que les exportations d\u00e9passent les importations, ce qui est g\u00e9n\u00e9ralement consid\u00e9r\u00e9 comme un signe de force \u00e9conomique.<\/p><h3>Exportation de biens et de services<\/h3><p>L&rsquo;exportation peut \u00eatre class\u00e9e en biens et services.<\/p><p>L&rsquo;exportation de biens comprend tous les types de produits, tels que la nourriture, les machines, la technologie et les produits manufactur\u00e9s.<\/p><p>D&rsquo;autre part, l&rsquo;exportation de services couvre des activit\u00e9s intangibles telles que le conseil, l&rsquo;\u00e9ducation, le tourisme et les services financiers.<\/p><p>Les deux types d&rsquo;exportations sont essentiels \u00e0 l&rsquo;\u00e9conomie d&rsquo;un pays et peuvent avoir des exigences et des r\u00e9glementations diff\u00e9rentes selon le march\u00e9 cible.<\/p><p>Claire, non ?<\/p>\t\t\t\t\t\t\t\t<\/div>\n\t\t\t\t<\/div>\n\t\t\t\t\t<\/div>\r\n\t\t\t\t<\/div>\r\n\t\t\t\t\t<\/div>\r\n\t\t\t\t<\/section>\r\n\t\t\t\t<section data-particle_enable=\"false\" data-particle-mobile-disabled=\"false\" class=\"elementor-section elementor-top-section elementor-element elementor-element-c01666d elementor-section-boxed elementor-section-height-default elementor-section-height-default\" data-id=\"c01666d\" data-element_type=\"section\" data-e-type=\"section\">\r\n\t\t\r\n\t\t\t\t\t\t\t<div class=\"elementor-container elementor-column-gap-default\">\r\n\t\t\t\t\t\t\t\t\t\t\t<div class=\"elementor-column elementor-col-100 elementor-top-column elementor-element elementor-element-24e8f40\" data-id=\"24e8f40\" data-element_type=\"column\" data-e-type=\"column\">\r\n\t\t\t\t\t<div class=\"elementor-widget-wrap elementor-element-populated\">\r\n\t\t\t\t\t\t\t\t<div class=\"elementor-element elementor-element-7503c3a elementor-widget elementor-widget-heading\" data-id=\"7503c3a\" data-element_type=\"widget\" data-e-type=\"widget\" data-widget_type=\"heading.default\">\n\t\t\t\t<div class=\"elementor-widget-container\">\n\t\t\t\t\t<h2 class=\"elementor-heading-title elementor-size-default\">Votre entreprise est-elle pr\u00eate \u00e0 exporter ?<\/h2>\t\t\t\t<\/div>\n\t\t\t\t<\/div>\n\t\t\t\t\t<\/div>\r\n\t\t\t\t<\/div>\r\n\t\t\t\t\t<\/div>\r\n\t\t\t\t<\/section>\r\n\t\t\t\t<section data-particle_enable=\"false\" data-particle-mobile-disabled=\"false\" class=\"elementor-section elementor-top-section elementor-element elementor-element-a7ec835 elementor-section-boxed elementor-section-height-default elementor-section-height-default\" data-id=\"a7ec835\" data-element_type=\"section\" data-e-type=\"section\">\r\n\t\t\r\n\t\t\t\t\t\t\t<div class=\"elementor-container elementor-column-gap-default\">\r\n\t\t\t\t\t\t\t\t\t\t\t<div class=\"elementor-column elementor-col-100 elementor-top-column elementor-element elementor-element-74972fd\" data-id=\"74972fd\" data-element_type=\"column\" data-e-type=\"column\">\r\n\t\t\t\t\t<div class=\"elementor-widget-wrap elementor-element-populated\">\r\n\t\t\t\t\t\t\t\t<div class=\"elementor-element elementor-element-3b0240e elementor-widget elementor-widget-text-editor\" data-id=\"3b0240e\" data-element_type=\"widget\" data-e-type=\"widget\" data-widget_type=\"text-editor.default\">\n\t\t\t\t<div class=\"elementor-widget-container\">\n\t\t\t\t\t\t\t\t\t<p>Comme nous l&rsquo;avons vu, les exportations sont tr\u00e8s importantes pour un pays et une entreprise rentables, mais<\/p><p>Vous avez un bon produit, bien qu&rsquo;en cette p\u00e9riode de contraction de l&rsquo;\u00e9conomie, vos ventes en souffrent, vous envisagez donc d&rsquo;exporter vers d&rsquo;autres march\u00e9s.<\/p><p>Et \u00e0 ce stade, il se demande si son entreprise est pr\u00eate \u00e0 franchir cette \u00e9tape.<\/p><p>Eh bien, le minist\u00e8re de l&rsquo;Industrie, du Commerce et du Tourisme a d\u00e9velopp\u00e9 un outil destin\u00e9 \u00e0 r\u00e9aliser l&rsquo;<a href=\"http:\/\/autodiagnosticos.ipyme.org\/NuevosMercados\/\" target=\"_blank\" rel=\"noopener\">autodiagnostic de l&rsquo;acc\u00e8s \u00e0 de nouveaux march\u00e9s<\/a> :<\/p><ul><li>Aider les PME \u00e0 conna\u00eetre leur situation en vue de commencer leur ouverture \u00e0 l&rsquo;\u00e9tranger, \u00e0 savoir ce que cela implique et \u00e0 quoi s&rsquo;attendre.<\/li><li>Informer sur les profils types des PME espagnoles pr\u00e9sentes \u00e0 l&rsquo;\u00e9tranger et les bonnes pratiques qu&rsquo;elles ont mises en \u0153uvre afin que vous puissiez commencer \u00e0 faire vos premiers pas.<\/li><\/ul>\t\t\t\t\t\t\t\t<\/div>\n\t\t\t\t<\/div>\n\t\t\t\t\t<\/div>\r\n\t\t\t\t<\/div>\r\n\t\t\t\t\t<\/div>\r\n\t\t\t\t<\/section>\r\n\t\t\t\t<section data-particle_enable=\"false\" data-particle-mobile-disabled=\"false\" class=\"elementor-section elementor-top-section elementor-element elementor-element-8156026 elementor-section-boxed elementor-section-height-default elementor-section-height-default\" data-id=\"8156026\" data-element_type=\"section\" data-e-type=\"section\">\r\n\t\t\r\n\t\t\t\t\t\t\t<div class=\"elementor-container elementor-column-gap-default\">\r\n\t\t\t\t\t\t\t\t\t\t\t<div class=\"elementor-column elementor-col-100 elementor-top-column elementor-element elementor-element-a447de8\" data-id=\"a447de8\" data-element_type=\"column\" data-e-type=\"column\">\r\n\t\t\t\t\t<div class=\"elementor-widget-wrap elementor-element-populated\">\r\n\t\t\t\t\t\t\t\t<div class=\"elementor-element elementor-element-a2582d4 elementor-widget elementor-widget-text-editor\" data-id=\"a2582d4\" data-element_type=\"widget\" data-e-type=\"widget\" data-widget_type=\"text-editor.default\">\n\t\t\t\t<div class=\"elementor-widget-container\">\n\t\t\t\t\t\t\t\t\t<p>Avec l&rsquo;outil d&rsquo;autodiagnostic pour acc\u00e9der \u00e0 de nouveaux march\u00e9s, vous saurez si vous \u00eates pr\u00eat \u00e0 exporter.<\/p>\t\t\t\t\t\t\t\t<\/div>\n\t\t\t\t<\/div>\n\t\t\t\t\t<\/div>\r\n\t\t\t\t<\/div>\r\n\t\t\t\t\t<\/div>\r\n\t\t\t\t<\/section>\r\n\t\t\t\t<section data-particle_enable=\"false\" data-particle-mobile-disabled=\"false\" class=\"elementor-section elementor-top-section elementor-element elementor-element-3fd2e73 elementor-section-boxed elementor-section-height-default elementor-section-height-default\" data-id=\"3fd2e73\" data-element_type=\"section\" data-e-type=\"section\">\r\n\t\t\r\n\t\t\t\t\t\t\t<div class=\"elementor-container elementor-column-gap-default\">\r\n\t\t\t\t\t\t\t\t\t\t\t<div class=\"elementor-column elementor-col-100 elementor-top-column elementor-element elementor-element-c425984\" data-id=\"c425984\" data-element_type=\"column\" data-e-type=\"column\">\r\n\t\t\t\t\t<div class=\"elementor-widget-wrap elementor-element-populated\">\r\n\t\t\t\t\t\t\t\t<div class=\"elementor-element elementor-element-899750a elementor-widget-divider--view-line elementor-widget elementor-widget-divider\" data-id=\"899750a\" data-element_type=\"widget\" data-e-type=\"widget\" data-widget_type=\"divider.default\">\n\t\t\t\t<div class=\"elementor-widget-container\">\n\t\t\t\t\t\t\t<div class=\"elementor-divider\">\n\t\t\t<span class=\"elementor-divider-separator\">\n\t\t\t\t\t\t<\/span>\n\t\t<\/div>\n\t\t\t\t\t\t<\/div>\n\t\t\t\t<\/div>\n\t\t\t\t\t<\/div>\r\n\t\t\t\t<\/div>\r\n\t\t\t\t\t<\/div>\r\n\t\t\t\t<\/section>\r\n\t\t\t\t<section data-particle_enable=\"false\" data-particle-mobile-disabled=\"false\" class=\"elementor-section elementor-top-section elementor-element elementor-element-2694e55 elementor-section-boxed elementor-section-height-default elementor-section-height-default\" data-id=\"2694e55\" data-element_type=\"section\" data-e-type=\"section\">\r\n\t\t\r\n\t\t\t\t\t\t\t<div class=\"elementor-container elementor-column-gap-default\">\r\n\t\t\t\t\t\t\t\t\t\t\t<div class=\"elementor-column elementor-col-100 elementor-top-column elementor-element elementor-element-6cd1cf4\" data-id=\"6cd1cf4\" data-element_type=\"column\" data-e-type=\"column\">\r\n\t\t\t\t\t<div class=\"elementor-widget-wrap\">\r\n\t\t\t\t\t\t\t\t\t<\/div>\r\n\t\t\t\t<\/div>\r\n\t\t\t\t\t<\/div>\r\n\t\t\t\t<\/section>\r\n\t\t\t\t<section data-particle_enable=\"false\" data-particle-mobile-disabled=\"false\" class=\"elementor-section elementor-top-section elementor-element elementor-element-64d8220 elementor-section-boxed elementor-section-height-default elementor-section-height-default\" data-id=\"64d8220\" data-element_type=\"section\" data-e-type=\"section\">\r\n\t\t\r\n\t\t\t\t\t\t\t<div class=\"elementor-container elementor-column-gap-default\">\r\n\t\t\t\t\t\t\t\t\t\t\t<div class=\"elementor-column elementor-col-100 elementor-top-column elementor-element elementor-element-58438ca\" data-id=\"58438ca\" data-element_type=\"column\" data-e-type=\"column\">\r\n\t\t\t\t\t<div class=\"elementor-widget-wrap elementor-element-populated\">\r\n\t\t\t\t\t\t\t\t<div class=\"elementor-element elementor-element-8dd3013 elementor-widget-divider--view-line elementor-widget elementor-widget-divider\" data-id=\"8dd3013\" data-element_type=\"widget\" data-e-type=\"widget\" data-widget_type=\"divider.default\">\n\t\t\t\t<div class=\"elementor-widget-container\">\n\t\t\t\t\t\t\t<div class=\"elementor-divider\">\n\t\t\t<span class=\"elementor-divider-separator\">\n\t\t\t\t\t\t<\/span>\n\t\t<\/div>\n\t\t\t\t\t\t<\/div>\n\t\t\t\t<\/div>\n\t\t\t\t\t<\/div>\r\n\t\t\t\t<\/div>\r\n\t\t\t\t\t<\/div>\r\n\t\t\t\t<\/section>\r\n\t\t\t\t<section data-particle_enable=\"false\" data-particle-mobile-disabled=\"false\" class=\"elementor-section elementor-top-section elementor-element elementor-element-2a19b8c elementor-section-boxed elementor-section-height-default elementor-section-height-default\" data-id=\"2a19b8c\" data-element_type=\"section\" data-e-type=\"section\">\r\n\t\t\r\n\t\t\t\t\t\t\t<div class=\"elementor-container elementor-column-gap-default\">\r\n\t\t\t\t\t\t\t\t\t\t\t<div class=\"elementor-column elementor-col-100 elementor-top-column elementor-element elementor-element-05c61f8\" data-id=\"05c61f8\" data-element_type=\"column\" data-e-type=\"column\">\r\n\t\t\t\t\t<div class=\"elementor-widget-wrap elementor-element-populated\">\r\n\t\t\t\t\t\t\t\t<div class=\"elementor-element elementor-element-a08a4a9 elementor-widget elementor-widget-heading\" data-id=\"a08a4a9\" data-element_type=\"widget\" data-e-type=\"widget\" data-widget_type=\"heading.default\">\n\t\t\t\t<div class=\"elementor-widget-container\">\n\t\t\t\t\t<h2 class=\"elementor-heading-title elementor-size-default\">Strat\u00e9gies d'exportation<\/h2>\t\t\t\t<\/div>\n\t\t\t\t<\/div>\n\t\t\t\t\t<\/div>\r\n\t\t\t\t<\/div>\r\n\t\t\t\t\t<\/div>\r\n\t\t\t\t<\/section>\r\n\t\t\t\t<section data-particle_enable=\"false\" data-particle-mobile-disabled=\"false\" class=\"elementor-section elementor-top-section elementor-element elementor-element-e1fb11e elementor-section-boxed elementor-section-height-default elementor-section-height-default\" data-id=\"e1fb11e\" data-element_type=\"section\" data-e-type=\"section\">\r\n\t\t\r\n\t\t\t\t\t\t\t<div class=\"elementor-container elementor-column-gap-default\">\r\n\t\t\t\t\t\t\t\t\t\t\t<div class=\"elementor-column elementor-col-100 elementor-top-column elementor-element elementor-element-5aeaedb\" data-id=\"5aeaedb\" data-element_type=\"column\" data-e-type=\"column\">\r\n\t\t\t\t\t<div class=\"elementor-widget-wrap elementor-element-populated\">\r\n\t\t\t\t\t\t\t\t<div class=\"elementor-element elementor-element-750891a elementor-widget elementor-widget-text-editor\" data-id=\"750891a\" data-element_type=\"widget\" data-e-type=\"widget\" data-widget_type=\"text-editor.default\">\n\t\t\t\t<div class=\"elementor-widget-container\">\n\t\t\t\t\t\t\t\t\t<p>Les strat\u00e9gies d&rsquo;exportation sont cruciales pour garantir que les entreprises puissent acc\u00e9der efficacement aux march\u00e9s internationaux.<\/p><p>Gr\u00e2ce \u00e0 une approche structur\u00e9e, les organisations peuvent maximiser leur potentiel dans le commerce ext\u00e9rieur.<\/p><h3>Strat\u00e9gie d&rsquo;internationalisation<\/h3><p>La strat\u00e9gie d&rsquo;internationalisation fait r\u00e9f\u00e9rence au processus par lequel une entreprise se d\u00e9veloppe sur des march\u00e9s au-del\u00e0 de son pays d&rsquo;origine.<\/p><p>Ce processus implique plusieurs \u00e9tapes et doit \u00eatre adapt\u00e9 \u00e0 la nature et aux capacit\u00e9s de chaque entreprise.<\/p><p>Une bonne strat\u00e9gie d&rsquo;internationalisation comprend :<\/p><ul><li>Analyse de march\u00e9 : \u00c9valuer la demande de produits ou de services sur les march\u00e9s \u00e9trangers.<\/li><li>Recherche sur les barri\u00e8res \u00e0 l&rsquo;entr\u00e9e : Comprendre les r\u00e9glementations locales et culturelles qui pourraient affecter l&rsquo;entr\u00e9e sur le march\u00e9.<\/li><li>\u00c9laboration d&rsquo;un plan d&rsquo;affaires sp\u00e9cifique : Cr\u00e9er un plan d\u00e9taill\u00e9 qui d\u00e9finit les objectifs d&rsquo;exportation et les ressources n\u00e9cessaires pour les atteindre.<\/li><\/ul><h3>S\u00e9lection des march\u00e9s d&rsquo;exportation<\/h3><p>La s\u00e9lection des march\u00e9s d&rsquo;exportation est une \u00e9tape critique qui d\u00e9termine le succ\u00e8s ou l&rsquo;\u00e9chec de la strat\u00e9gie internationale.<\/p><p>Des facteurs tels que :<\/p><ul><li>D\u00e9mographie : Identifier les march\u00e9s avec une population qui correspond au profil du consommateur cible.<\/li><li>Stabilit\u00e9 politique et \u00e9conomique : Analyser l&rsquo;environnement du march\u00e9 et les politiques qui pourraient influencer les op\u00e9rations commerciales.<\/li><li>Concurrence : \u00c9valuer la pr\u00e9sence des concurrents et leur position sur le march\u00e9.<\/li><\/ul><h3>Avantages et inconv\u00e9nients des diff\u00e9rentes strat\u00e9gies<\/h3><p>Chaque strat\u00e9gie d&rsquo;exportation a ses avantages et ses inconv\u00e9nients.<\/p><p>Il est essentiel que les entreprises \u00e9valuent l&rsquo;approche qui leur convient le mieux :<\/p><ul><li>Exportation indirecte:<\/li><li style=\"list-style-type: none;\"><ul><li>Avantages de l&rsquo;exportation indirecte : Faible investissement et risque r\u00e9duit, lors de l&rsquo;utilisation d&rsquo;interm\u00e9diaires.<\/li><li>Inconv\u00e9nients de l&rsquo;exportation indirecte : Moins de contr\u00f4le sur le marketing et la distribution.<\/li><\/ul><\/li><\/ul><p>\u00a0<\/p><ul><li>Exportation directe:<\/li><li style=\"list-style-type: none;\"><ul><li>Avantages de l&rsquo;exportation directe Un plus grand contr\u00f4le sur le marketing et la relation directe avec le client. Cela peut se traduire par des marges b\u00e9n\u00e9ficiaires plus \u00e9lev\u00e9es.<\/li><li>Inconv\u00e9nients de l&rsquo;exportation directe N\u00e9cessite plus de ressources et d&rsquo;exp\u00e9rience sur les march\u00e9s \u00e9trangers.<\/li><\/ul><\/li><\/ul><p>\u00a0<\/p><h3>Internationalisation des entreprises<\/h3><p>Le processus d&rsquo;internationalisation des entreprises est complexe et vari\u00e9.<\/p><p>Cela implique non seulement l&rsquo;exportation de produits, mais aussi l&rsquo;adaptation de la strat\u00e9gie commerciale \u00e0 un contexte mondial.<\/p><p>Pour mener \u00e0 bien ce processus, les entreprises ont besoin de :<\/p><ul><li>Former des \u00e9quipes ayant une exp\u00e9rience internationale capables de g\u00e9rer les complexit\u00e9s du march\u00e9 mondial.<\/li><li>Mettre en \u0153uvre des technologies qui facilitent la communication et l&rsquo;exploitation au niveau mondial.<\/li><li>\u00c9tablir des relations solides avec des partenaires locaux qui comprennent le march\u00e9 cible.<\/li><\/ul><p>L&rsquo;internationalisation doit \u00eatre consid\u00e9r\u00e9e comme un investissement \u00e0 long terme dans la croissance durable de l&rsquo;entreprise, et pas simplement comme une tactique pour augmenter les ventes \u00e0 court terme.<\/p>\t\t\t\t\t\t\t\t<\/div>\n\t\t\t\t<\/div>\n\t\t\t\t\t<\/div>\r\n\t\t\t\t<\/div>\r\n\t\t\t\t\t<\/div>\r\n\t\t\t\t<\/section>\r\n\t\t\t\t<section data-particle_enable=\"false\" data-particle-mobile-disabled=\"false\" class=\"elementor-section elementor-top-section elementor-element elementor-element-225e279 elementor-section-boxed elementor-section-height-default elementor-section-height-default\" data-id=\"225e279\" data-element_type=\"section\" data-e-type=\"section\">\r\n\t\t\r\n\t\t\t\t\t\t\t<div class=\"elementor-container elementor-column-gap-default\">\r\n\t\t\t\t\t\t\t\t\t\t\t<div class=\"elementor-column elementor-col-100 elementor-top-column elementor-element elementor-element-712c7d5\" data-id=\"712c7d5\" data-element_type=\"column\" data-e-type=\"column\">\r\n\t\t\t\t\t<div class=\"elementor-widget-wrap elementor-element-populated\">\r\n\t\t\t\t\t\t\t\t<div class=\"elementor-element elementor-element-827f13a elementor-widget elementor-widget-heading\" data-id=\"827f13a\" data-element_type=\"widget\" data-e-type=\"widget\" data-widget_type=\"heading.default\">\n\t\t\t\t<div class=\"elementor-widget-container\">\n\t\t\t\t\t<h2 class=\"elementor-heading-title elementor-size-default\">Comment puis-je financer mes exportations ?<\/h2>\t\t\t\t<\/div>\n\t\t\t\t<\/div>\n\t\t\t\t\t<\/div>\r\n\t\t\t\t<\/div>\r\n\t\t\t\t\t<\/div>\r\n\t\t\t\t<\/section>\r\n\t\t\t\t<section data-particle_enable=\"false\" data-particle-mobile-disabled=\"false\" class=\"elementor-section elementor-top-section elementor-element elementor-element-5d66772 elementor-section-boxed elementor-section-height-default elementor-section-height-default\" data-id=\"5d66772\" data-element_type=\"section\" data-e-type=\"section\">\r\n\t\t\r\n\t\t\t\t\t\t\t<div class=\"elementor-container elementor-column-gap-default\">\r\n\t\t\t\t\t\t\t\t\t\t\t<div class=\"elementor-column elementor-col-100 elementor-top-column elementor-element elementor-element-14eaf74\" data-id=\"14eaf74\" data-element_type=\"column\" data-e-type=\"column\">\r\n\t\t\t\t\t<div class=\"elementor-widget-wrap elementor-element-populated\">\r\n\t\t\t\t\t\t\t\t<div class=\"elementor-element elementor-element-8ac1a40 elementor-widget elementor-widget-text-editor\" data-id=\"8ac1a40\" data-element_type=\"widget\" data-e-type=\"widget\" data-widget_type=\"text-editor.default\">\n\t\t\t\t<div class=\"elementor-widget-container\">\n\t\t\t\t\t\t\t\t\t<p>Vous avez d\u00e9cid\u00e9 d&rsquo;exporter et vous avez besoin de financement pour assumer les co\u00fbts initiaux.<\/p><p>Le minist\u00e8re de l&rsquo;Industrie, du Commerce et du Tourisme promeut divers projets et syst\u00e8mes de financement pour soutenir l&rsquo;internationalisation des entreprises, et il existe plusieurs programmes sp\u00e9cialement con\u00e7us pour les PME:<\/p><h3>FIEM<\/h3><p>Il s&rsquo;agit d&rsquo;un fonds qui finance les op\u00e9rations d&rsquo;exportation et d&rsquo;investissement \u00e0 l&rsquo;\u00e9tranger, avec un simulateur qui permet de calculer le co\u00fbt du financement que vous souhaitez demander.<\/p><h3>COFIDES<\/h3><p>La Soci\u00e9t\u00e9 espagnole de financement du d\u00e9veloppement dispose du programme Pyme-Investe, qui fournit un financement entre 75 000 et 10 millions d&rsquo;euros et dont les pr\u00eats peuvent atteindre 80 % du projet, avec une p\u00e9riode d&rsquo;amortissement allant jusqu&rsquo;\u00e0 huit ans et des carences allant jusqu&rsquo;\u00e0 trois ans.<\/p><p><strong>Autres<\/strong><\/p><p>Vous pouvez \u00e9galement demander les services du CESCE (une soci\u00e9t\u00e9 de gestion de cr\u00e9dit commercial) ou du CARI (un syst\u00e8me d&rsquo;assurance de couverture du risque de taux d&rsquo;int\u00e9r\u00eat).<\/p><h3>Comment choisir le financement<\/h3><p>Sur le site web du minist\u00e8re, vous trouverez un formulaire qui, une fois rempli, vous indiquera le type de service qui correspond le mieux \u00e0 vos besoins.<\/p><p>Acc\u00e9dez \u00e0 ce formulaire en cliquant sur le lien suivant : <a href=\"https:\/\/comercio.gob.es\/Financiacion_para_internacionalizacion\" target=\"_blank\" rel=\"noopener\">https:\/\/comercio.gob.es\/Financiacion_para_internacionalizacion<\/a> .<\/p>\t\t\t\t\t\t\t\t<\/div>\n\t\t\t\t<\/div>\n\t\t\t\t\t<\/div>\r\n\t\t\t\t<\/div>\r\n\t\t\t\t\t<\/div>\r\n\t\t\t\t<\/section>\r\n\t\t\t\t<section data-particle_enable=\"false\" data-particle-mobile-disabled=\"false\" class=\"elementor-section elementor-top-section elementor-element elementor-element-6620b33 elementor-section-boxed elementor-section-height-default elementor-section-height-default\" data-id=\"6620b33\" data-element_type=\"section\" data-e-type=\"section\">\r\n\t\t\r\n\t\t\t\t\t\t\t<div class=\"elementor-container elementor-column-gap-default\">\r\n\t\t\t\t\t\t\t\t\t\t\t<div class=\"elementor-column elementor-col-100 elementor-top-column elementor-element elementor-element-eaaf7c1\" data-id=\"eaaf7c1\" data-element_type=\"column\" data-e-type=\"column\">\r\n\t\t\t\t\t<div class=\"elementor-widget-wrap elementor-element-populated\">\r\n\t\t\t\t\t\t\t\t<div class=\"elementor-element elementor-element-5b11d2a elementor-widget elementor-widget-text-editor\" data-id=\"5b11d2a\" data-element_type=\"widget\" data-e-type=\"widget\" data-widget_type=\"text-editor.default\">\n\t\t\t\t<div class=\"elementor-widget-container\">\n\t\t\t\t\t\t\t\t\t<p>Trouvez sur le <a href=\"https:\/\/www.mintur.gob.es\/es-es\/Paginas\/index.aspx\" target=\"_blank\" rel=\"noopener\">site web du minist\u00e8re de l&rsquo;industrie, du commerce et du tourisme<\/a> les services de soutien \u00e0 l&rsquo;exportation et \u00e0 l&rsquo;internationalisation des entreprises.<\/p>\t\t\t\t\t\t\t\t<\/div>\n\t\t\t\t<\/div>\n\t\t\t\t\t<\/div>\r\n\t\t\t\t<\/div>\r\n\t\t\t\t\t<\/div>\r\n\t\t\t\t<\/section>\r\n\t\t\t\t<section data-particle_enable=\"false\" data-particle-mobile-disabled=\"false\" class=\"elementor-section elementor-top-section elementor-element elementor-element-6047090 elementor-section-boxed elementor-section-height-default elementor-section-height-default\" data-id=\"6047090\" data-element_type=\"section\" data-e-type=\"section\">\r\n\t\t\r\n\t\t\t\t\t\t\t<div class=\"elementor-container elementor-column-gap-default\">\r\n\t\t\t\t\t\t\t\t\t\t\t<div class=\"elementor-column elementor-col-100 elementor-top-column elementor-element elementor-element-c6b03ba\" data-id=\"c6b03ba\" data-element_type=\"column\" data-e-type=\"column\">\r\n\t\t\t\t\t<div class=\"elementor-widget-wrap elementor-element-populated\">\r\n\t\t\t\t\t\t\t\t<div class=\"elementor-element elementor-element-b967c78 elementor-widget elementor-widget-heading\" data-id=\"b967c78\" data-element_type=\"widget\" data-e-type=\"widget\" data-widget_type=\"heading.default\">\n\t\t\t\t<div class=\"elementor-widget-container\">\n\t\t\t\t\t<h2 class=\"elementor-heading-title elementor-size-default\">Est-ce qu'ils vont me facturer des droits de douane sur mes exportations ?<\/h2>\t\t\t\t<\/div>\n\t\t\t\t<\/div>\n\t\t\t\t\t<\/div>\r\n\t\t\t\t<\/div>\r\n\t\t\t\t\t<\/div>\r\n\t\t\t\t<\/section>\r\n\t\t\t\t<section data-particle_enable=\"false\" data-particle-mobile-disabled=\"false\" class=\"elementor-section elementor-top-section elementor-element elementor-element-3bfc6f3 elementor-section-boxed elementor-section-height-default elementor-section-height-default\" data-id=\"3bfc6f3\" data-element_type=\"section\" data-e-type=\"section\">\r\n\t\t\r\n\t\t\t\t\t\t\t<div class=\"elementor-container elementor-column-gap-default\">\r\n\t\t\t\t\t\t\t\t\t\t\t<div class=\"elementor-column elementor-col-100 elementor-top-column elementor-element elementor-element-8884fe8\" data-id=\"8884fe8\" data-element_type=\"column\" data-e-type=\"column\">\r\n\t\t\t\t\t<div class=\"elementor-widget-wrap elementor-element-populated\">\r\n\t\t\t\t\t\t\t\t<div class=\"elementor-element elementor-element-df3165c elementor-widget elementor-widget-text-editor\" data-id=\"df3165c\" data-element_type=\"widget\" data-e-type=\"widget\" data-widget_type=\"text-editor.default\">\n\t\t\t\t<div class=\"elementor-widget-container\">\n\t\t\t\t\t\t\t\t\t<p>Si vous vendez vos produits \u00e0 des pays hors de l&rsquo;Union europ\u00e9enne, tenez compte de la possibilit\u00e9 qu&rsquo;ils soient soumis \u00e0 des droits de douane.<\/p><p>\u00a0<\/p><p>Comment conna\u00eetre le montant de cette cargaison et les \u00e9ventuelles restrictions dans le pays de destination ?<\/p>\t\t\t\t\t\t\t\t<\/div>\n\t\t\t\t<\/div>\n\t\t\t\t\t<\/div>\r\n\t\t\t\t<\/div>\r\n\t\t\t\t\t<\/div>\r\n\t\t\t\t<\/section>\r\n\t\t\t\t<section data-particle_enable=\"false\" data-particle-mobile-disabled=\"false\" class=\"elementor-section elementor-top-section elementor-element elementor-element-9068a2a elementor-section-boxed elementor-section-height-default elementor-section-height-default\" data-id=\"9068a2a\" data-element_type=\"section\" data-e-type=\"section\">\r\n\t\t\r\n\t\t\t\t\t\t\t<div class=\"elementor-container elementor-column-gap-default\">\r\n\t\t\t\t\t\t\t\t\t\t\t<div class=\"elementor-column elementor-col-100 elementor-top-column elementor-element elementor-element-c35d55b\" data-id=\"c35d55b\" data-element_type=\"column\" data-e-type=\"column\">\r\n\t\t\t\t\t<div class=\"elementor-widget-wrap elementor-element-populated\">\r\n\t\t\t\t\t\t\t\t<div class=\"elementor-element elementor-element-fbfb5a5 elementor-widget elementor-widget-text-editor\" data-id=\"fbfb5a5\" data-element_type=\"widget\" data-e-type=\"widget\" data-widget_type=\"text-editor.default\">\n\t\t\t\t<div class=\"elementor-widget-container\">\n\t\t\t\t\t\t\t\t\t<h3>Exportations hors UE<\/h3><p>Il n&rsquo;y a pas de droits de douane pour la vente de produits vers d&rsquo;autres pays de l&rsquo;UE, car il y a libre circulation des marchandises.<\/p><p>En revanche, dans certains pays tiers, il est possible que leurs produits soient soumis au paiement de droits de douane.<\/p><p>(En fait, les tarifs sont le cheval de bataille entre les deux puissances mondiales qui sont les \u00c9tats-Unis et la Chine et l&rsquo;Europe en tant que troisi\u00e8me en discorde)<\/p><p>\u00c0 ces fins :<\/p><ul><li>La base de donn\u00e9es \u00ab\u00a0Market Access Database\u00a0\u00bb (MADB), g\u00e9r\u00e9e par la Commission europ\u00e9enne, fournit des informations sur les taxes, les exigences et les droits applicables selon les produits et le pays de destination (disponible sur http:\/\/madb.europa.eu\/madb\/indexPubli.htm ).<\/li><\/ul><p>\u00a0<\/p><ul><li>Le Secr\u00e9tariat d&rsquo;\u00c9tat au commerce ( http:\/\/www.barrerascomerciales.es ) informe \u00e9galement sur les \u00e9ventuelles barri\u00e8res commerciales.<\/li><\/ul><h3>Traitement pr\u00e9f\u00e9rentiel \u00e0 l&rsquo;exportation<\/h3><p>Cependant, l&rsquo;UE a sign\u00e9 des accords commerciaux pr\u00e9f\u00e9rentiels avec les pays de l&rsquo;AELE (Suisse, Norv\u00e8ge, Islande et Liechtenstein) et avec quelques autres (Afrique du Sud, Isra\u00ebl, Tunisie, Maroc, Turquie, Mexique, Chili&#8230;), de sorte que de nombreuses marchandises b\u00e9n\u00e9ficient d&rsquo;un traitement pr\u00e9f\u00e9rentiel \u00e0 leur entr\u00e9e dans ces pays, y compris avec une r\u00e9duction ou une exon\u00e9ration de droits de douane (voir le site web de la Direction g\u00e9n\u00e9rale du commerce de la Commission europ\u00e9enne : http:\/\/ec.europa.eu\/trade ).<\/p>\t\t\t\t\t\t\t\t<\/div>\n\t\t\t\t<\/div>\n\t\t\t\t\t<\/div>\r\n\t\t\t\t<\/div>\r\n\t\t\t\t\t<\/div>\r\n\t\t\t\t<\/section>\r\n\t\t\t\t<section data-particle_enable=\"false\" data-particle-mobile-disabled=\"false\" class=\"elementor-section elementor-top-section elementor-element elementor-element-b8a2c12 elementor-section-boxed elementor-section-height-default elementor-section-height-default\" data-id=\"b8a2c12\" data-element_type=\"section\" data-e-type=\"section\">\r\n\t\t\r\n\t\t\t\t\t\t\t<div class=\"elementor-container elementor-column-gap-default\">\r\n\t\t\t\t\t\t\t\t\t\t\t<div class=\"elementor-column elementor-col-100 elementor-top-column elementor-element elementor-element-09abb4b\" data-id=\"09abb4b\" data-element_type=\"column\" data-e-type=\"column\">\r\n\t\t\t\t\t<div class=\"elementor-widget-wrap elementor-element-populated\">\r\n\t\t\t\t\t\t\t\t<div class=\"elementor-element elementor-element-27d3043 elementor-widget elementor-widget-heading\" data-id=\"27d3043\" data-element_type=\"widget\" data-e-type=\"widget\" data-widget_type=\"heading.default\">\n\t\t\t\t<div class=\"elementor-widget-container\">\n\t\t\t\t\t<h2 class=\"elementor-heading-title elementor-size-default\">Origine de la marchandise pour l'exportation<\/h2>\t\t\t\t<\/div>\n\t\t\t\t<\/div>\n\t\t\t\t\t<\/div>\r\n\t\t\t\t<\/div>\r\n\t\t\t\t\t<\/div>\r\n\t\t\t\t<\/section>\r\n\t\t\t\t<section data-particle_enable=\"false\" data-particle-mobile-disabled=\"false\" class=\"elementor-section elementor-top-section elementor-element elementor-element-a6ecaff elementor-section-boxed elementor-section-height-default elementor-section-height-default\" data-id=\"a6ecaff\" data-element_type=\"section\" data-e-type=\"section\">\r\n\t\t\r\n\t\t\t\t\t\t\t<div class=\"elementor-container elementor-column-gap-default\">\r\n\t\t\t\t\t\t\t\t\t\t\t<div class=\"elementor-column elementor-col-100 elementor-top-column elementor-element elementor-element-aad0ec1\" data-id=\"aad0ec1\" data-element_type=\"column\" data-e-type=\"column\">\r\n\t\t\t\t\t<div class=\"elementor-widget-wrap elementor-element-populated\">\r\n\t\t\t\t\t\t\t\t<div class=\"elementor-element elementor-element-1d04c97 elementor-widget elementor-widget-text-editor\" data-id=\"1d04c97\" data-element_type=\"widget\" data-e-type=\"widget\" data-widget_type=\"text-editor.default\">\n\t\t\t\t<div class=\"elementor-widget-container\">\n\t\t\t\t\t\t\t\t\t<h3>Preuve d&rsquo;entreprise exportatrice<\/h3><p>Bien s\u00fbr, pour b\u00e9n\u00e9ficier de ce traitement pr\u00e9f\u00e9rentiel, il doit prouver l&rsquo;origine communautaire des marchandises au moyen du certificat de circulation ATR-1 (d\u00e9livr\u00e9 par les douanes et qui certifie l&rsquo;origine communautaire des produits).<\/p><p>Toute divergence dans les donn\u00e9es figurant sur le certificat peut faire en sorte que la marchandise ne soit pas privil\u00e9gi\u00e9e.<\/p><p>Dans ce cas, vous devrez demander un nouveau certificat, avec les frais cons\u00e9quents pour le retard de livraison.<\/p><h3>Autoris\u00e9 par l&rsquo;AEAT pour exporter<\/h3><p>Pour \u00e9viter ce risque, demandez au fisc une certification d&rsquo;\u00ab exportateur agr\u00e9\u00e9 \u00bb.<\/p><p>De cette fa\u00e7on, vous pouvez accueillir vos marchandises \u00e0 des accords pr\u00e9f\u00e9rentiels sans avoir \u00e0 pr\u00e9senter le certificat d&rsquo;origine pour chaque exportation (voir plus d&rsquo;informations sur les proc\u00e9dures douani\u00e8res aupr\u00e8s du Tr\u00e9sor sur https:\/\/sede.agenciatributaria.gob.es\/Sede\/aduanas_.html ) :<\/p><ul><li>Il suffira que la facture mentionne l&rsquo;origine communautaire de la marchandise, ainsi que le num\u00e9ro d&rsquo;exportateur agr\u00e9\u00e9.<\/li><li>Vous \u00e9conomiserez les frais de l&rsquo;agent de douane pour l&rsquo;exp\u00e9dition de l&rsquo;EUR-1, ainsi que les frais de stockage de la marchandise dans le pays de destination pendant l&rsquo;approbation de l&rsquo;introduction sur votre territoire.<\/li><\/ul>\t\t\t\t\t\t\t\t<\/div>\n\t\t\t\t<\/div>\n\t\t\t\t\t<\/div>\r\n\t\t\t\t<\/div>\r\n\t\t\t\t\t<\/div>\r\n\t\t\t\t<\/section>\r\n\t\t\t\t<section data-particle_enable=\"false\" data-particle-mobile-disabled=\"false\" class=\"elementor-section elementor-top-section elementor-element elementor-element-0b0a880 elementor-section-boxed elementor-section-height-default elementor-section-height-default\" data-id=\"0b0a880\" data-element_type=\"section\" data-e-type=\"section\">\r\n\t\t\r\n\t\t\t\t\t\t\t<div class=\"elementor-container elementor-column-gap-default\">\r\n\t\t\t\t\t\t\t\t\t\t\t<div class=\"elementor-column elementor-col-100 elementor-top-column elementor-element elementor-element-e16ee0f\" data-id=\"e16ee0f\" data-element_type=\"column\" data-e-type=\"column\">\r\n\t\t\t\t\t<div class=\"elementor-widget-wrap elementor-element-populated\">\r\n\t\t\t\t\t\t\t\t<div class=\"elementor-element elementor-element-c4db42f elementor-widget elementor-widget-heading\" data-id=\"c4db42f\" data-element_type=\"widget\" data-e-type=\"widget\" data-widget_type=\"heading.default\">\n\t\t\t\t<div class=\"elementor-widget-container\">\n\t\t\t\t\t<h2 class=\"elementor-heading-title elementor-size-default\">Codification de la marchandise dans les exportations<\/h2>\t\t\t\t<\/div>\n\t\t\t\t<\/div>\n\t\t\t\t\t<\/div>\r\n\t\t\t\t<\/div>\r\n\t\t\t\t\t<\/div>\r\n\t\t\t\t<\/section>\r\n\t\t\t\t<section data-particle_enable=\"false\" data-particle-mobile-disabled=\"false\" class=\"elementor-section elementor-top-section elementor-element elementor-element-a638269 elementor-section-boxed elementor-section-height-default elementor-section-height-default\" data-id=\"a638269\" data-element_type=\"section\" data-e-type=\"section\">\r\n\t\t\r\n\t\t\t\t\t\t\t<div class=\"elementor-container elementor-column-gap-default\">\r\n\t\t\t\t\t\t\t\t\t\t\t<div class=\"elementor-column elementor-col-100 elementor-top-column elementor-element elementor-element-cae30e8\" data-id=\"cae30e8\" data-element_type=\"column\" data-e-type=\"column\">\r\n\t\t\t\t\t<div class=\"elementor-widget-wrap elementor-element-populated\">\r\n\t\t\t\t\t\t\t\t<div class=\"elementor-element elementor-element-809f10d elementor-widget elementor-widget-text-editor\" data-id=\"809f10d\" data-element_type=\"widget\" data-e-type=\"widget\" data-widget_type=\"text-editor.default\">\n\t\t\t\t<div class=\"elementor-widget-container\">\n\t\t\t\t\t\t\t\t\t<h3>Code des marchandises \u00e0 l&rsquo;exportation<\/h3><p>Il existe une codification harmonis\u00e9e (TARIC) selon les r\u00e8gles applicables au produit sp\u00e9cifique.<\/p><p>Un codage correct \u00e9vitera des incidents \u00e0 destination (tarifs incorrects, restrictions \u00e0 l&rsquo;entr\u00e9e de certains produits&#8230;) :<\/p><ul><li>Le code attribu\u00e9 d\u00e9terminera les droits de douane dans le pays de destination et les r\u00e9glementations qu&rsquo;il devra respecter (sanitaires, par exemple).<\/li><li>Il existe des rubriques qui peuvent entra\u00eener des \u00e9conomies ; par exemple, certains pays facturent un droit de douane sur un produit fini et, au lieu de cela, en appliquent un droit inf\u00e9rieur si ce produit est exp\u00e9di\u00e9 par pi\u00e8ces et assembl\u00e9 sur ce territoire.<\/li><\/ul><h3>Code TARIC<\/h3><p>Consultez le code TARIC aupr\u00e8s de la Direction g\u00e9n\u00e9rale de la fiscalit\u00e9 et de l&rsquo;Union douani\u00e8re de l&rsquo;UE :<\/p><p>Http:\/\/ec.europa.eu\/taxation_customs\/dds2\/taric .<\/p><p>En cas de doute, demandez \u00e0 la sous-direction g\u00e9n\u00e9rale de la gestion douani\u00e8re du d\u00e9partement des douanes une IAV (information tarifaire contraignante) sur la classification applicable.<\/p>\t\t\t\t\t\t\t\t<\/div>\n\t\t\t\t<\/div>\n\t\t\t\t\t<\/div>\r\n\t\t\t\t<\/div>\r\n\t\t\t\t\t<\/div>\r\n\t\t\t\t<\/section>\r\n\t\t\t\t<\/div>\n\t\t","protected":false},"excerpt":{"rendered":"<p>Les exportations sont l&rsquo;envoi de biens et de services vers d&rsquo;autres pays. Son r\u00f4le est fondamental dans le commerce international et affecte directement l&rsquo;\u00e9conomie d&rsquo;une nation. Cet article aborde l&rsquo;importance des exportations, leur impact sur la balance commerciale et le PIB, ainsi que les strat\u00e9gies pour leur mise en \u0153uvre effective. En outre, les d\u00e9fis [&hellip;]<\/p>\n","protected":false},"author":2,"featured_media":36150,"comment_status":"closed","ping_status":"closed","sticky":false,"template":"","format":"standard","meta":{"_eb_attr":"","inline_featured_image":false,"footnotes":""},"categories":[46],"tags":[],"class_list":["post-41803","post","type-post","status-publish","format-standard","has-post-thumbnail","hentry","category-blog"],"featured_image_src":{"landsacpe":["https:\/\/www.asesoriaorihuelacosta.com\/wp-content\/uploads\/2024\/12\/exportaciones.jpeg",640,360,false],"list":["https:\/\/www.asesoriaorihuelacosta.com\/wp-content\/uploads\/2024\/12\/exportaciones-463x348.jpeg",463,348,true],"medium":["https:\/\/www.asesoriaorihuelacosta.com\/wp-content\/uploads\/2024\/12\/exportaciones-300x169.jpeg",300,169,true],"full":["https:\/\/www.asesoriaorihuelacosta.com\/wp-content\/uploads\/2024\/12\/exportaciones.jpeg",640,360,false]},"yoast_head":"<!-- This site is optimized with the Yoast SEO Premium plugin v24.7 (Yoast SEO v27.4) - https:\/\/yoast.com\/product\/yoast-seo-premium-wordpress\/ -->\n<title>Exportations : cl\u00e9 de la croissance \u00e9conomique en Espagne - Asesor\u00eda Orihuela Costa<\/title>\n<meta name=\"description\" content=\"Les exportations sont une activit\u00e9 cl\u00e9 dans l&#039;environnement du commerce international. Comprendre leur pertinence est essentiel pour grandir.\" \/>\n<meta name=\"robots\" content=\"index, follow, max-snippet:-1, max-image-preview:large, max-video-preview:-1\" \/>\n<link rel=\"canonical\" href=\"https:\/\/www.asesoriaorihuelacosta.com\/fr\/exportations-cle-de-la-croissance-economique-en-espagne\/\" \/>\n<meta property=\"og:locale\" content=\"fr_FR\" \/>\n<meta property=\"og:type\" content=\"article\" \/>\n<meta property=\"og:title\" content=\"Exportations : cl\u00e9 de la croissance \u00e9conomique en Espagne\" \/>\n<meta property=\"og:description\" content=\"Les exportations sont une activit\u00e9 cl\u00e9 dans l&#039;environnement du commerce international. Comprendre leur pertinence est essentiel pour grandir.\" \/>\n<meta property=\"og:url\" content=\"https:\/\/www.asesoriaorihuelacosta.com\/fr\/exportations-cle-de-la-croissance-economique-en-espagne\/\" \/>\n<meta property=\"og:site_name\" content=\"Asesor\u00eda Orihuela Costa\" \/>\n<meta property=\"article:publisher\" content=\"https:\/\/www.facebook.com\/asesoriaorihuelacosta\" \/>\n<meta property=\"article:author\" content=\"https:\/\/www.facebook.com\/patrick.gordinneperez\" \/>\n<meta property=\"article:published_time\" content=\"2024-12-08T09:18:34+00:00\" \/>\n<meta property=\"article:modified_time\" content=\"2025-03-14T04:04:00+00:00\" \/>\n<meta property=\"og:image\" content=\"https:\/\/www.asesoriaorihuelacosta.com\/wp-content\/uploads\/2024\/12\/exportaciones.jpeg\" \/>\n\t<meta property=\"og:image:width\" content=\"640\" \/>\n\t<meta property=\"og:image:height\" content=\"360\" \/>\n\t<meta property=\"og:image:type\" content=\"image\/jpeg\" \/>\n<meta name=\"author\" content=\"Patrick Gordinne Perez\" \/>\n<meta name=\"twitter:card\" content=\"summary_large_image\" \/>\n<meta name=\"twitter:label1\" content=\"\u00c9crit par\" \/>\n\t<meta name=\"twitter:data1\" content=\"Patrick Gordinne Perez\" \/>\n\t<meta name=\"twitter:label2\" content=\"Dur\u00e9e de lecture estim\u00e9e\" \/>\n\t<meta name=\"twitter:data2\" content=\"10 minutes\" \/>\n<script type=\"application\/ld+json\" class=\"yoast-schema-graph\">{\"@context\":\"https:\\\/\\\/schema.org\",\"@graph\":[{\"@type\":\"Article\",\"@id\":\"https:\\\/\\\/www.asesoriaorihuelacosta.com\\\/fr\\\/exportations-cle-de-la-croissance-economique-en-espagne\\\/#article\",\"isPartOf\":{\"@id\":\"https:\\\/\\\/www.asesoriaorihuelacosta.com\\\/fr\\\/exportations-cle-de-la-croissance-economique-en-espagne\\\/\"},\"author\":{\"name\":\"Patrick Gordinne Perez\",\"@id\":\"https:\\\/\\\/www.asesoriaorihuelacosta.com\\\/fr\\\/#\\\/schema\\\/person\\\/6614ce8cf6d2de542aaf351629fd539e\"},\"headline\":\"Exportations : cl\u00e9 de la croissance \u00e9conomique en Espagne\",\"datePublished\":\"2024-12-08T09:18:34+00:00\",\"dateModified\":\"2025-03-14T04:04:00+00:00\",\"mainEntityOfPage\":{\"@id\":\"https:\\\/\\\/www.asesoriaorihuelacosta.com\\\/fr\\\/exportations-cle-de-la-croissance-economique-en-espagne\\\/\"},\"wordCount\":2402,\"publisher\":{\"@id\":\"https:\\\/\\\/www.asesoriaorihuelacosta.com\\\/fr\\\/#organization\"},\"image\":{\"@id\":\"https:\\\/\\\/www.asesoriaorihuelacosta.com\\\/fr\\\/exportations-cle-de-la-croissance-economique-en-espagne\\\/#primaryimage\"},\"thumbnailUrl\":\"https:\\\/\\\/www.asesoriaorihuelacosta.com\\\/wp-content\\\/uploads\\\/2024\\\/12\\\/exportaciones.jpeg\",\"articleSection\":[\"Blog\"],\"inLanguage\":\"fr-FR\"},{\"@type\":\"WebPage\",\"@id\":\"https:\\\/\\\/www.asesoriaorihuelacosta.com\\\/fr\\\/exportations-cle-de-la-croissance-economique-en-espagne\\\/\",\"url\":\"https:\\\/\\\/www.asesoriaorihuelacosta.com\\\/fr\\\/exportations-cle-de-la-croissance-economique-en-espagne\\\/\",\"name\":\"Exportations : cl\u00e9 de la croissance \u00e9conomique en Espagne - Asesor\u00eda Orihuela Costa\",\"isPartOf\":{\"@id\":\"https:\\\/\\\/www.asesoriaorihuelacosta.com\\\/fr\\\/#website\"},\"primaryImageOfPage\":{\"@id\":\"https:\\\/\\\/www.asesoriaorihuelacosta.com\\\/fr\\\/exportations-cle-de-la-croissance-economique-en-espagne\\\/#primaryimage\"},\"image\":{\"@id\":\"https:\\\/\\\/www.asesoriaorihuelacosta.com\\\/fr\\\/exportations-cle-de-la-croissance-economique-en-espagne\\\/#primaryimage\"},\"thumbnailUrl\":\"https:\\\/\\\/www.asesoriaorihuelacosta.com\\\/wp-content\\\/uploads\\\/2024\\\/12\\\/exportaciones.jpeg\",\"datePublished\":\"2024-12-08T09:18:34+00:00\",\"dateModified\":\"2025-03-14T04:04:00+00:00\",\"description\":\"Les exportations sont une activit\u00e9 cl\u00e9 dans l'environnement du commerce international. Comprendre leur pertinence est essentiel pour grandir.\",\"breadcrumb\":{\"@id\":\"https:\\\/\\\/www.asesoriaorihuelacosta.com\\\/fr\\\/exportations-cle-de-la-croissance-economique-en-espagne\\\/#breadcrumb\"},\"inLanguage\":\"fr-FR\",\"potentialAction\":[{\"@type\":\"ReadAction\",\"target\":[\"https:\\\/\\\/www.asesoriaorihuelacosta.com\\\/fr\\\/exportations-cle-de-la-croissance-economique-en-espagne\\\/\"]}]},{\"@type\":\"ImageObject\",\"inLanguage\":\"fr-FR\",\"@id\":\"https:\\\/\\\/www.asesoriaorihuelacosta.com\\\/fr\\\/exportations-cle-de-la-croissance-economique-en-espagne\\\/#primaryimage\",\"url\":\"https:\\\/\\\/www.asesoriaorihuelacosta.com\\\/wp-content\\\/uploads\\\/2024\\\/12\\\/exportaciones.jpeg\",\"contentUrl\":\"https:\\\/\\\/www.asesoriaorihuelacosta.com\\\/wp-content\\\/uploads\\\/2024\\\/12\\\/exportaciones.jpeg\",\"width\":640,\"height\":360,\"caption\":\"exportaciones\"},{\"@type\":\"BreadcrumbList\",\"@id\":\"https:\\\/\\\/www.asesoriaorihuelacosta.com\\\/fr\\\/exportations-cle-de-la-croissance-economique-en-espagne\\\/#breadcrumb\",\"itemListElement\":[{\"@type\":\"ListItem\",\"position\":1,\"name\":\"Home\",\"item\":\"https:\\\/\\\/www.asesoriaorihuelacosta.com\\\/fr\\\/\"},{\"@type\":\"ListItem\",\"position\":2,\"name\":\"Exportations : cl\u00e9 de la croissance \u00e9conomique en Espagne\"}]},{\"@type\":\"WebSite\",\"@id\":\"https:\\\/\\\/www.asesoriaorihuelacosta.com\\\/fr\\\/#website\",\"url\":\"https:\\\/\\\/www.asesoriaorihuelacosta.com\\\/fr\\\/\",\"name\":\"https:\\\/\\\/www.asesoriaorihuelacosta.com\\\/\",\"description\":\"Grupo de asesores profesionales\",\"publisher\":{\"@id\":\"https:\\\/\\\/www.asesoriaorihuelacosta.com\\\/fr\\\/#organization\"},\"potentialAction\":[{\"@type\":\"SearchAction\",\"target\":{\"@type\":\"EntryPoint\",\"urlTemplate\":\"https:\\\/\\\/www.asesoriaorihuelacosta.com\\\/fr\\\/?s={search_term_string}\"},\"query-input\":{\"@type\":\"PropertyValueSpecification\",\"valueRequired\":true,\"valueName\":\"search_term_string\"}}],\"inLanguage\":\"fr-FR\"},{\"@type\":\"Organization\",\"@id\":\"https:\\\/\\\/www.asesoriaorihuelacosta.com\\\/fr\\\/#organization\",\"name\":\"Asesor\u00eda Orihuela Costa\",\"url\":\"https:\\\/\\\/www.asesoriaorihuelacosta.com\\\/fr\\\/\",\"logo\":{\"@type\":\"ImageObject\",\"inLanguage\":\"fr-FR\",\"@id\":\"https:\\\/\\\/www.asesoriaorihuelacosta.com\\\/fr\\\/#\\\/schema\\\/logo\\\/image\\\/\",\"url\":\"https:\\\/\\\/www.asesoriaorihuelacosta.com\\\/wp-content\\\/uploads\\\/2022\\\/06\\\/Logo-espa\u5bf8l-asesoriaorihuela.jpg\",\"contentUrl\":\"https:\\\/\\\/www.asesoriaorihuelacosta.com\\\/wp-content\\\/uploads\\\/2022\\\/06\\\/Logo-espa\u5bf8l-asesoriaorihuela.jpg\",\"width\":588,\"height\":136,\"caption\":\"Asesor\u00eda Orihuela Costa\"},\"image\":{\"@id\":\"https:\\\/\\\/www.asesoriaorihuelacosta.com\\\/fr\\\/#\\\/schema\\\/logo\\\/image\\\/\"},\"sameAs\":[\"https:\\\/\\\/www.facebook.com\\\/asesoriaorihuelacosta\"]},{\"@type\":\"Person\",\"@id\":\"https:\\\/\\\/www.asesoriaorihuelacosta.com\\\/fr\\\/#\\\/schema\\\/person\\\/6614ce8cf6d2de542aaf351629fd539e\",\"name\":\"Patrick Gordinne Perez\",\"description\":\"Soy economista colegiado por el colegio de economistas de Alicante con el n\u00famero 2722. Llevo ejerciendo desde el a\u00f1o 2005. Soy especialista en fiscalidad de empresas y aut\u00f3nomos y tambi\u00e9n especialista en gestionar compraventas. Hablo espa\u00f1ol, ingl\u00e9s y franc\u00e9s.\",\"sameAs\":[\"https:\\\/\\\/www.asesoriaorihuelacosta.com\",\"https:\\\/\\\/www.facebook.com\\\/patrick.gordinneperez\",\"https:\\\/\\\/www.linkedin.com\\\/in\\\/patrick-gordinne-perez-1b73aab3\\\/\",\"https:\\\/\\\/www.youtube.com\\\/channel\\\/UC5e95RJEVQlxCnhwDmGNVCw\"],\"gender\":\"Hombre\",\"knowsLanguage\":[\"ingl\u00e9s\",\"franc\u00e9s\",\"espa\u00f1ol\"],\"jobTitle\":\"Gerente\",\"worksFor\":\"Asesoria Orihuela Costa SL\"}]}<\/script>\n<!-- \/ Yoast SEO Premium plugin. -->","yoast_head_json":{"title":"Exportations : cl\u00e9 de la croissance \u00e9conomique en Espagne - Asesor\u00eda Orihuela Costa","description":"Les exportations sont une activit\u00e9 cl\u00e9 dans l'environnement du commerce international. Comprendre leur pertinence est essentiel pour grandir.","robots":{"index":"index","follow":"follow","max-snippet":"max-snippet:-1","max-image-preview":"max-image-preview:large","max-video-preview":"max-video-preview:-1"},"canonical":"https:\/\/www.asesoriaorihuelacosta.com\/fr\/exportations-cle-de-la-croissance-economique-en-espagne\/","og_locale":"fr_FR","og_type":"article","og_title":"Exportations : cl\u00e9 de la croissance \u00e9conomique en Espagne","og_description":"Les exportations sont une activit\u00e9 cl\u00e9 dans l'environnement du commerce international. Comprendre leur pertinence est essentiel pour grandir.","og_url":"https:\/\/www.asesoriaorihuelacosta.com\/fr\/exportations-cle-de-la-croissance-economique-en-espagne\/","og_site_name":"Asesor\u00eda Orihuela Costa","article_publisher":"https:\/\/www.facebook.com\/asesoriaorihuelacosta","article_author":"https:\/\/www.facebook.com\/patrick.gordinneperez","article_published_time":"2024-12-08T09:18:34+00:00","article_modified_time":"2025-03-14T04:04:00+00:00","og_image":[{"width":640,"height":360,"url":"https:\/\/www.asesoriaorihuelacosta.com\/wp-content\/uploads\/2024\/12\/exportaciones.jpeg","type":"image\/jpeg"}],"author":"Patrick Gordinne Perez","twitter_card":"summary_large_image","twitter_misc":{"\u00c9crit par":"Patrick Gordinne Perez","Dur\u00e9e de lecture estim\u00e9e":"10 minutes"},"schema":{"@context":"https:\/\/schema.org","@graph":[{"@type":"Article","@id":"https:\/\/www.asesoriaorihuelacosta.com\/fr\/exportations-cle-de-la-croissance-economique-en-espagne\/#article","isPartOf":{"@id":"https:\/\/www.asesoriaorihuelacosta.com\/fr\/exportations-cle-de-la-croissance-economique-en-espagne\/"},"author":{"name":"Patrick Gordinne Perez","@id":"https:\/\/www.asesoriaorihuelacosta.com\/fr\/#\/schema\/person\/6614ce8cf6d2de542aaf351629fd539e"},"headline":"Exportations : cl\u00e9 de la croissance \u00e9conomique en Espagne","datePublished":"2024-12-08T09:18:34+00:00","dateModified":"2025-03-14T04:04:00+00:00","mainEntityOfPage":{"@id":"https:\/\/www.asesoriaorihuelacosta.com\/fr\/exportations-cle-de-la-croissance-economique-en-espagne\/"},"wordCount":2402,"publisher":{"@id":"https:\/\/www.asesoriaorihuelacosta.com\/fr\/#organization"},"image":{"@id":"https:\/\/www.asesoriaorihuelacosta.com\/fr\/exportations-cle-de-la-croissance-economique-en-espagne\/#primaryimage"},"thumbnailUrl":"https:\/\/www.asesoriaorihuelacosta.com\/wp-content\/uploads\/2024\/12\/exportaciones.jpeg","articleSection":["Blog"],"inLanguage":"fr-FR"},{"@type":"WebPage","@id":"https:\/\/www.asesoriaorihuelacosta.com\/fr\/exportations-cle-de-la-croissance-economique-en-espagne\/","url":"https:\/\/www.asesoriaorihuelacosta.com\/fr\/exportations-cle-de-la-croissance-economique-en-espagne\/","name":"Exportations : cl\u00e9 de la croissance \u00e9conomique en Espagne - Asesor\u00eda Orihuela Costa","isPartOf":{"@id":"https:\/\/www.asesoriaorihuelacosta.com\/fr\/#website"},"primaryImageOfPage":{"@id":"https:\/\/www.asesoriaorihuelacosta.com\/fr\/exportations-cle-de-la-croissance-economique-en-espagne\/#primaryimage"},"image":{"@id":"https:\/\/www.asesoriaorihuelacosta.com\/fr\/exportations-cle-de-la-croissance-economique-en-espagne\/#primaryimage"},"thumbnailUrl":"https:\/\/www.asesoriaorihuelacosta.com\/wp-content\/uploads\/2024\/12\/exportaciones.jpeg","datePublished":"2024-12-08T09:18:34+00:00","dateModified":"2025-03-14T04:04:00+00:00","description":"Les exportations sont une activit\u00e9 cl\u00e9 dans l'environnement du commerce international. Comprendre leur pertinence est essentiel pour grandir.","breadcrumb":{"@id":"https:\/\/www.asesoriaorihuelacosta.com\/fr\/exportations-cle-de-la-croissance-economique-en-espagne\/#breadcrumb"},"inLanguage":"fr-FR","potentialAction":[{"@type":"ReadAction","target":["https:\/\/www.asesoriaorihuelacosta.com\/fr\/exportations-cle-de-la-croissance-economique-en-espagne\/"]}]},{"@type":"ImageObject","inLanguage":"fr-FR","@id":"https:\/\/www.asesoriaorihuelacosta.com\/fr\/exportations-cle-de-la-croissance-economique-en-espagne\/#primaryimage","url":"https:\/\/www.asesoriaorihuelacosta.com\/wp-content\/uploads\/2024\/12\/exportaciones.jpeg","contentUrl":"https:\/\/www.asesoriaorihuelacosta.com\/wp-content\/uploads\/2024\/12\/exportaciones.jpeg","width":640,"height":360,"caption":"exportaciones"},{"@type":"BreadcrumbList","@id":"https:\/\/www.asesoriaorihuelacosta.com\/fr\/exportations-cle-de-la-croissance-economique-en-espagne\/#breadcrumb","itemListElement":[{"@type":"ListItem","position":1,"name":"Home","item":"https:\/\/www.asesoriaorihuelacosta.com\/fr\/"},{"@type":"ListItem","position":2,"name":"Exportations : cl\u00e9 de la croissance \u00e9conomique en Espagne"}]},{"@type":"WebSite","@id":"https:\/\/www.asesoriaorihuelacosta.com\/fr\/#website","url":"https:\/\/www.asesoriaorihuelacosta.com\/fr\/","name":"https:\/\/www.asesoriaorihuelacosta.com\/","description":"Grupo de asesores profesionales","publisher":{"@id":"https:\/\/www.asesoriaorihuelacosta.com\/fr\/#organization"},"potentialAction":[{"@type":"SearchAction","target":{"@type":"EntryPoint","urlTemplate":"https:\/\/www.asesoriaorihuelacosta.com\/fr\/?s={search_term_string}"},"query-input":{"@type":"PropertyValueSpecification","valueRequired":true,"valueName":"search_term_string"}}],"inLanguage":"fr-FR"},{"@type":"Organization","@id":"https:\/\/www.asesoriaorihuelacosta.com\/fr\/#organization","name":"Asesor\u00eda Orihuela Costa","url":"https:\/\/www.asesoriaorihuelacosta.com\/fr\/","logo":{"@type":"ImageObject","inLanguage":"fr-FR","@id":"https:\/\/www.asesoriaorihuelacosta.com\/fr\/#\/schema\/logo\/image\/","url":"https:\/\/www.asesoriaorihuelacosta.com\/wp-content\/uploads\/2022\/06\/Logo-espa\u5bf8l-asesoriaorihuela.jpg","contentUrl":"https:\/\/www.asesoriaorihuelacosta.com\/wp-content\/uploads\/2022\/06\/Logo-espa\u5bf8l-asesoriaorihuela.jpg","width":588,"height":136,"caption":"Asesor\u00eda Orihuela Costa"},"image":{"@id":"https:\/\/www.asesoriaorihuelacosta.com\/fr\/#\/schema\/logo\/image\/"},"sameAs":["https:\/\/www.facebook.com\/asesoriaorihuelacosta"]},{"@type":"Person","@id":"https:\/\/www.asesoriaorihuelacosta.com\/fr\/#\/schema\/person\/6614ce8cf6d2de542aaf351629fd539e","name":"Patrick Gordinne Perez","description":"Soy economista colegiado por el colegio de economistas de Alicante con el n\u00famero 2722. Llevo ejerciendo desde el a\u00f1o 2005. Soy especialista en fiscalidad de empresas y aut\u00f3nomos y tambi\u00e9n especialista en gestionar compraventas. Hablo espa\u00f1ol, ingl\u00e9s y franc\u00e9s.","sameAs":["https:\/\/www.asesoriaorihuelacosta.com","https:\/\/www.facebook.com\/patrick.gordinneperez","https:\/\/www.linkedin.com\/in\/patrick-gordinne-perez-1b73aab3\/","https:\/\/www.youtube.com\/channel\/UC5e95RJEVQlxCnhwDmGNVCw"],"gender":"Hombre","knowsLanguage":["ingl\u00e9s","franc\u00e9s","espa\u00f1ol"],"jobTitle":"Gerente","worksFor":"Asesoria Orihuela Costa SL"}]}},"_links":{"self":[{"href":"https:\/\/www.asesoriaorihuelacosta.com\/fr\/wp-json\/wp\/v2\/posts\/41803","targetHints":{"allow":["GET"]}}],"collection":[{"href":"https:\/\/www.asesoriaorihuelacosta.com\/fr\/wp-json\/wp\/v2\/posts"}],"about":[{"href":"https:\/\/www.asesoriaorihuelacosta.com\/fr\/wp-json\/wp\/v2\/types\/post"}],"author":[{"embeddable":true,"href":"https:\/\/www.asesoriaorihuelacosta.com\/fr\/wp-json\/wp\/v2\/users\/2"}],"replies":[{"embeddable":true,"href":"https:\/\/www.asesoriaorihuelacosta.com\/fr\/wp-json\/wp\/v2\/comments?post=41803"}],"version-history":[{"count":17,"href":"https:\/\/www.asesoriaorihuelacosta.com\/fr\/wp-json\/wp\/v2\/posts\/41803\/revisions"}],"predecessor-version":[{"id":41821,"href":"https:\/\/www.asesoriaorihuelacosta.com\/fr\/wp-json\/wp\/v2\/posts\/41803\/revisions\/41821"}],"wp:featuredmedia":[{"embeddable":true,"href":"https:\/\/www.asesoriaorihuelacosta.com\/fr\/wp-json\/wp\/v2\/media\/36150"}],"wp:attachment":[{"href":"https:\/\/www.asesoriaorihuelacosta.com\/fr\/wp-json\/wp\/v2\/media?parent=41803"}],"wp:term":[{"taxonomy":"category","embeddable":true,"href":"https:\/\/www.asesoriaorihuelacosta.com\/fr\/wp-json\/wp\/v2\/categories?post=41803"},{"taxonomy":"post_tag","embeddable":true,"href":"https:\/\/www.asesoriaorihuelacosta.com\/fr\/wp-json\/wp\/v2\/tags?post=41803"}],"curies":[{"name":"wp","href":"https:\/\/api.w.org\/{rel}","templated":true}]}}