{"id":41738,"date":"2022-12-27T20:59:09","date_gmt":"2022-12-27T20:59:09","guid":{"rendered":"https:\/\/www.asesoriaorihuelacosta.com\/?p=41738"},"modified":"2025-03-13T03:31:26","modified_gmt":"2025-03-13T03:31:26","slug":"la-facture-simplifiee","status":"publish","type":"post","link":"https:\/\/www.asesoriaorihuelacosta.com\/fr\/la-facture-simplifiee\/","title":{"rendered":"La facture simplifi\u00e9e"},"content":{"rendered":"\t\t<div data-elementor-type=\"wp-post\" data-elementor-id=\"41738\" class=\"elementor elementor-41738\" data-elementor-post-type=\"post\">\n\t\t\t\t\t\t<section data-particle_enable=\"false\" data-particle-mobile-disabled=\"false\" class=\"elementor-section elementor-top-section elementor-element elementor-element-f40d59a elementor-section-boxed elementor-section-height-default elementor-section-height-default\" data-id=\"f40d59a\" data-element_type=\"section\" data-e-type=\"section\">\r\n\t\t\r\n\t\t\t\t\t\t\t<div class=\"elementor-container elementor-column-gap-default\">\r\n\t\t\t\t\t\t\t\t\t\t\t<div class=\"elementor-column elementor-col-100 elementor-top-column elementor-element elementor-element-12a5aa8\" data-id=\"12a5aa8\" data-element_type=\"column\" data-e-type=\"column\">\r\n\t\t\t\t\t<div class=\"elementor-widget-wrap elementor-element-populated\">\r\n\t\t\t\t\t\t\t\t<div class=\"elementor-element elementor-element-ec6090d elementor-widget elementor-widget-text-editor\" data-id=\"ec6090d\" data-element_type=\"widget\" data-e-type=\"widget\" data-widget_type=\"text-editor.default\">\n\t\t\t\t<div class=\"elementor-widget-container\">\n\t\t\t\t\t\t\t\t\t<p>Les factures simplifi\u00e9es, parfois appel\u00e9es factures simples, sont l&rsquo;un des concepts cl\u00e9s de la comptabilit\u00e9 de tout travailleur ind\u00e9pendant, PME ou grande entreprise.<\/p><p>Il s&rsquo;agit d&rsquo;un type sp\u00e9cifique qui remplace les anciens tickets de 2013 et doit remplir une s\u00e9rie d&rsquo;exigences pour sa validit\u00e9.<\/p><p>Dans cet article, nous vous expliquerons quand utiliser la facturation simplifi\u00e9e et ce qu&rsquo;il faut mettre dans n&rsquo;importe quel mod\u00e8le de facturation simplifi\u00e9e.<\/p><p>Si vous avez des questions, n&rsquo;h\u00e9sitez pas \u00e0 nous contacter sur ce<a href=\"https:\/\/www.asesoriaorihuelacosta.com\/fr\/contacter\/\" target=\"_blank\" rel=\"noopener\"> lien<\/a>.<\/p><p>Dans certains cas, ce type de facture simplifi\u00e9e peut \u00eatre utilis\u00e9 \u00e0 la place d&rsquo;une facture normale ou de texte libre.<\/p><p>Une facture simplifi\u00e9e contient moins de contenu obligatoire qu&rsquo;une facture normale : elle n&rsquo;est donc utilis\u00e9e que pour des activit\u00e9s petites ou moins essentielles.<\/p><h2>Contenu d&rsquo;une facture simplifi\u00e9e<\/h2><p>Pour \u00eatre valide, une facture simplifi\u00e9e doit inclure :<\/p><p>Num\u00e9ro de facture et (le cas \u00e9ch\u00e9ant) s\u00e9rie.<\/p><p>Dates d&rsquo;\u00e9mission et d&rsquo;exploitation.<\/p><p>Num\u00e9ro d&rsquo;identification fiscale (NIF) et le nom, pr\u00e9nom, raison sociale ou d\u00e9nomination sociale compl\u00e8te de l&rsquo;entreprise en faveur de laquelle il doit \u00eatre d\u00e9livr\u00e9.<\/p><p>\u00a0<\/p><h3>Identification des types de biens fournis ou de services fournis.<\/h3><p>Taux d&rsquo;imposition applicable (facultatif, peut \u00e9galement \u00eatre indiqu\u00e9 comme \u00ab\u00a0TVA incluse\u00a0\u00bb)<\/p><p>Montant total<\/p><p>Dans le cas d&rsquo;une facture rectificative, nous ferons clairement r\u00e9f\u00e9rence aux donn\u00e9es corrig\u00e9es et \u00e0 la facture correspondante corrig\u00e9e.<\/p><p>Quelle est la diff\u00e9rence entre une facture normale et une facture simplifi\u00e9e ?<\/p><p>La principale diff\u00e9rence entre une facture normale et une facture simplifi\u00e9e est son contenu : fondamentalement, une facture simplifi\u00e9e ne contient pas (\u00e0 quelques exceptions pr\u00e8s) d&rsquo;informations sur le destinataire de la facture, c&rsquo;est-\u00e0-dire sur la personne ou l&rsquo;entreprise qui a souscrit le service. contrat ou biens acquis.<\/p><p>Ces donn\u00e9es doivent figurer sur la facture en texte libre.<\/p><p>Quelques exemples de factures simplifi\u00e9es sont celles \u00e9mises quotidiennement par les petites transactions commerciales dans les magasins d&rsquo;alimentation, les salons de coiffure, les restaurants&#8230;<\/p><h3>Quel est le montant maximum pour une facture simple ?<\/h3><p>Les factures simplifi\u00e9es ont une limite de montant maximum : Si le prix des services ou des biens d\u00e9passe 400 EUR (TVA incluse), une facture en texte libre doit \u00eatre \u00e9mise.<\/p><p>Ce plafond peut \u00eatre port\u00e9 \u00e0 3 000 EUR (TVA incluse) si l&rsquo;une des actions suivantes est effectu\u00e9e :<\/p><p>Ventes au d\u00e9tail (y compris les ventes du fabricant ou du processeur qui fournit le produit).<\/p><p>Vente ou service d&rsquo;ambulances.<\/p><p>Vente au consommateur ou service \u00e0 domicile.<\/p><p>Transport de personnes et de leurs bagages.<\/p><p>Services h\u00f4teliers dans les restaurants, bars, caf\u00e9t\u00e9rias, horchater\u00edas, chocolateries et \u00e9tablissements similaires, ainsi que l&rsquo;offre de boissons ou d&rsquo;aliments pour la consommation sur place.<\/p><p>Services fournis par des discoth\u00e8ques et des danses.<\/p><p>Exploitation t\u00e9l\u00e9phonique par le biais de cabines t\u00e9l\u00e9phoniques \u00e0 usage public et de cartes qui ne permettent pas l&rsquo;identification du titulaire.<\/p><p>Services de salons de coiffure et d&rsquo;agences de beaut\u00e9.<\/p><p>Acc\u00e8s aux installations sportives.<\/p><p>Publication de photographies et de services fournis par des studios photographiques.<\/p><p>J&rsquo;utilise des installations sportives.<\/p><p>Parking et parking.<\/p><p>Location de films.<\/p><p>Nettoyage \u00e0 sec et blanchisserie.<\/p><p>Utilisez les routes \u00e0 p\u00e9age.<\/p><p>Toutes ces actions peuvent \u00eatre justifi\u00e9es par une facture simplifi\u00e9e , \u00e0 condition que la valeur ne d\u00e9passe pas 3 000 EUR (TVA incluse).<\/p><p>Quand une facture simplifi\u00e9e peut-elle \u00eatre \u00e9mise ?<\/p><p>Les factures simplifi\u00e9es peuvent \u00eatre \u00e9mises :<\/p><p>Si le montant (TVA incluse) est retenu dans des limites : normalement moins de 400 euros ou, dans le cas de services individuels, jusqu&rsquo;\u00e0 3 000 euros.<\/p><p>Sur les corrections dans les factures. Qu&rsquo;il s&rsquo;agisse d&rsquo;une facture simple ou gratuite, une copie de la facture doit \u00eatre remise au client ou \u00e0 l&rsquo;acheteur et conserv\u00e9e pour eux.<\/p><p>\u00a0<\/p><h3>Quand ne peut-on pas \u00e9mettre une simple facture ?<\/h3><p>Il est important de savoir que la facture simplifi\u00e9e ne peut pas \u00eatre utilis\u00e9e dans certains cas, quelle que soit la taille de l&rsquo;op\u00e9ration :<\/p><p>Lorsque des marchandises sont livr\u00e9es sur le territoire de la Communaut\u00e9.<\/p><p>En cas de vente \u00e0 distance.<\/p><p>Entreprises op\u00e9rant en dehors du champ d&rsquo;application des taux d&rsquo;imposition applicables.<\/p><p>Investir dans l&rsquo;exploitation d&rsquo;unit\u00e9s passives.<\/p><p>Obtenez gratuitement un mod\u00e8le de facture simplifi\u00e9e au format Pages au format Word ou PDF, sans quitter votre t\u00e9l\u00e9phone ou votre adresse e-mail. Acc\u00e9dez \u00e0 notre drive totalement gratuit.<\/p>\t\t\t\t\t\t\t\t<\/div>\n\t\t\t\t<\/div>\n\t\t\t\t\t<\/div>\r\n\t\t\t\t<\/div>\r\n\t\t\t\t\t<\/div>\r\n\t\t\t\t<\/section>\r\n\t\t\t\t<\/div>\n\t\t","protected":false},"excerpt":{"rendered":"<p>Les factures simplifi\u00e9es, parfois appel\u00e9es factures simples, sont l&rsquo;un des concepts cl\u00e9s de la comptabilit\u00e9 de tout travailleur ind\u00e9pendant, PME ou grande entreprise. Il s&rsquo;agit d&rsquo;un type sp\u00e9cifique qui remplace les anciens tickets de 2013 et doit remplir une s\u00e9rie d&rsquo;exigences pour sa validit\u00e9. Dans cet article, nous vous expliquerons quand utiliser la facturation simplifi\u00e9e [&hellip;]<\/p>\n","protected":false},"author":2,"featured_media":10182,"comment_status":"closed","ping_status":"closed","sticky":false,"template":"","format":"standard","meta":{"_eb_attr":"","inline_featured_image":false,"footnotes":""},"categories":[46],"tags":[],"class_list":["post-41738","post","type-post","status-publish","format-standard","has-post-thumbnail","hentry","category-blog"],"featured_image_src":{"landsacpe":["https:\/\/www.asesoriaorihuelacosta.com\/wp-content\/uploads\/2022\/12\/Factura-simplificada-1.svg",315,445,false],"list":["https:\/\/www.asesoriaorihuelacosta.com\/wp-content\/uploads\/2022\/12\/Factura-simplificada-1.svg",246,348,false],"medium":["https:\/\/www.asesoriaorihuelacosta.com\/wp-content\/uploads\/2022\/12\/Factura-simplificada-1.svg",212,300,false],"full":["https:\/\/www.asesoriaorihuelacosta.com\/wp-content\/uploads\/2022\/12\/Factura-simplificada-1.svg",793,1122,false]},"yoast_head":"<!-- This site is optimized with the Yoast SEO Premium plugin v24.7 (Yoast SEO v27.4) - https:\/\/yoast.com\/product\/yoast-seo-premium-wordpress\/ -->\n<title>La facture simplifi\u00e9e - Asesor\u00eda Orihuela Costa<\/title>\n<meta name=\"description\" content=\"La facture simplifi\u00e9e est l&#039;un des concepts cl\u00e9s de la comptabilit\u00e9 de tout travailleur ind\u00e9pendant, PME ou grande entreprise.\" \/>\n<meta name=\"robots\" content=\"index, follow, max-snippet:-1, max-image-preview:large, max-video-preview:-1\" \/>\n<link rel=\"canonical\" href=\"https:\/\/www.asesoriaorihuelacosta.com\/fr\/la-facture-simplifiee\/\" \/>\n<meta property=\"og:locale\" content=\"fr_FR\" \/>\n<meta property=\"og:type\" content=\"article\" \/>\n<meta property=\"og:title\" content=\"La facture simplifi\u00e9e\" \/>\n<meta property=\"og:description\" content=\"La facture simplifi\u00e9e est l&#039;un des concepts cl\u00e9s de la comptabilit\u00e9 de tout travailleur ind\u00e9pendant, PME ou grande entreprise.\" \/>\n<meta property=\"og:url\" content=\"https:\/\/www.asesoriaorihuelacosta.com\/fr\/la-facture-simplifiee\/\" \/>\n<meta property=\"og:site_name\" content=\"Asesor\u00eda Orihuela Costa\" \/>\n<meta property=\"article:publisher\" content=\"https:\/\/www.facebook.com\/asesoriaorihuelacosta\" \/>\n<meta property=\"article:author\" content=\"https:\/\/www.facebook.com\/patrick.gordinneperez\" \/>\n<meta property=\"article:published_time\" content=\"2022-12-27T20:59:09+00:00\" \/>\n<meta property=\"article:modified_time\" content=\"2025-03-13T03:31:26+00:00\" \/>\n<meta name=\"author\" content=\"Patrick Gordinne Perez\" \/>\n<meta name=\"twitter:card\" content=\"summary_large_image\" \/>\n<meta name=\"twitter:label1\" content=\"\u00c9crit par\" \/>\n\t<meta name=\"twitter:data1\" content=\"Patrick Gordinne Perez\" \/>\n\t<meta name=\"twitter:label2\" content=\"Dur\u00e9e de lecture estim\u00e9e\" \/>\n\t<meta name=\"twitter:data2\" content=\"4 minutes\" \/>\n<script type=\"application\/ld+json\" class=\"yoast-schema-graph\">{\"@context\":\"https:\\\/\\\/schema.org\",\"@graph\":[{\"@type\":\"Article\",\"@id\":\"https:\\\/\\\/www.asesoriaorihuelacosta.com\\\/fr\\\/la-facture-simplifiee\\\/#article\",\"isPartOf\":{\"@id\":\"https:\\\/\\\/www.asesoriaorihuelacosta.com\\\/fr\\\/la-facture-simplifiee\\\/\"},\"author\":{\"name\":\"Patrick Gordinne Perez\",\"@id\":\"https:\\\/\\\/www.asesoriaorihuelacosta.com\\\/fr\\\/#\\\/schema\\\/person\\\/6614ce8cf6d2de542aaf351629fd539e\"},\"headline\":\"La facture simplifi\u00e9e\",\"datePublished\":\"2022-12-27T20:59:09+00:00\",\"dateModified\":\"2025-03-13T03:31:26+00:00\",\"mainEntityOfPage\":{\"@id\":\"https:\\\/\\\/www.asesoriaorihuelacosta.com\\\/fr\\\/la-facture-simplifiee\\\/\"},\"wordCount\":770,\"publisher\":{\"@id\":\"https:\\\/\\\/www.asesoriaorihuelacosta.com\\\/fr\\\/#organization\"},\"image\":{\"@id\":\"https:\\\/\\\/www.asesoriaorihuelacosta.com\\\/fr\\\/la-facture-simplifiee\\\/#primaryimage\"},\"thumbnailUrl\":\"https:\\\/\\\/www.asesoriaorihuelacosta.com\\\/wp-content\\\/uploads\\\/2022\\\/12\\\/Factura-simplificada-1.svg\",\"articleSection\":[\"Blog\"],\"inLanguage\":\"fr-FR\"},{\"@type\":\"WebPage\",\"@id\":\"https:\\\/\\\/www.asesoriaorihuelacosta.com\\\/fr\\\/la-facture-simplifiee\\\/\",\"url\":\"https:\\\/\\\/www.asesoriaorihuelacosta.com\\\/fr\\\/la-facture-simplifiee\\\/\",\"name\":\"La facture simplifi\u00e9e - Asesor\u00eda Orihuela Costa\",\"isPartOf\":{\"@id\":\"https:\\\/\\\/www.asesoriaorihuelacosta.com\\\/fr\\\/#website\"},\"primaryImageOfPage\":{\"@id\":\"https:\\\/\\\/www.asesoriaorihuelacosta.com\\\/fr\\\/la-facture-simplifiee\\\/#primaryimage\"},\"image\":{\"@id\":\"https:\\\/\\\/www.asesoriaorihuelacosta.com\\\/fr\\\/la-facture-simplifiee\\\/#primaryimage\"},\"thumbnailUrl\":\"https:\\\/\\\/www.asesoriaorihuelacosta.com\\\/wp-content\\\/uploads\\\/2022\\\/12\\\/Factura-simplificada-1.svg\",\"datePublished\":\"2022-12-27T20:59:09+00:00\",\"dateModified\":\"2025-03-13T03:31:26+00:00\",\"description\":\"La facture simplifi\u00e9e est l'un des concepts cl\u00e9s de la comptabilit\u00e9 de tout travailleur ind\u00e9pendant, PME ou grande entreprise.\",\"breadcrumb\":{\"@id\":\"https:\\\/\\\/www.asesoriaorihuelacosta.com\\\/fr\\\/la-facture-simplifiee\\\/#breadcrumb\"},\"inLanguage\":\"fr-FR\",\"potentialAction\":[{\"@type\":\"ReadAction\",\"target\":[\"https:\\\/\\\/www.asesoriaorihuelacosta.com\\\/fr\\\/la-facture-simplifiee\\\/\"]}]},{\"@type\":\"ImageObject\",\"inLanguage\":\"fr-FR\",\"@id\":\"https:\\\/\\\/www.asesoriaorihuelacosta.com\\\/fr\\\/la-facture-simplifiee\\\/#primaryimage\",\"url\":\"https:\\\/\\\/www.asesoriaorihuelacosta.com\\\/wp-content\\\/uploads\\\/2022\\\/12\\\/Factura-simplificada-1.svg\",\"contentUrl\":\"https:\\\/\\\/www.asesoriaorihuelacosta.com\\\/wp-content\\\/uploads\\\/2022\\\/12\\\/Factura-simplificada-1.svg\",\"width\":793,\"height\":1122,\"caption\":\"Factura simplificada\"},{\"@type\":\"BreadcrumbList\",\"@id\":\"https:\\\/\\\/www.asesoriaorihuelacosta.com\\\/fr\\\/la-facture-simplifiee\\\/#breadcrumb\",\"itemListElement\":[{\"@type\":\"ListItem\",\"position\":1,\"name\":\"Home\",\"item\":\"https:\\\/\\\/www.asesoriaorihuelacosta.com\\\/fr\\\/\"},{\"@type\":\"ListItem\",\"position\":2,\"name\":\"La facture simplifi\u00e9e\"}]},{\"@type\":\"WebSite\",\"@id\":\"https:\\\/\\\/www.asesoriaorihuelacosta.com\\\/fr\\\/#website\",\"url\":\"https:\\\/\\\/www.asesoriaorihuelacosta.com\\\/fr\\\/\",\"name\":\"https:\\\/\\\/www.asesoriaorihuelacosta.com\\\/\",\"description\":\"Grupo de asesores profesionales\",\"publisher\":{\"@id\":\"https:\\\/\\\/www.asesoriaorihuelacosta.com\\\/fr\\\/#organization\"},\"potentialAction\":[{\"@type\":\"SearchAction\",\"target\":{\"@type\":\"EntryPoint\",\"urlTemplate\":\"https:\\\/\\\/www.asesoriaorihuelacosta.com\\\/fr\\\/?s={search_term_string}\"},\"query-input\":{\"@type\":\"PropertyValueSpecification\",\"valueRequired\":true,\"valueName\":\"search_term_string\"}}],\"inLanguage\":\"fr-FR\"},{\"@type\":\"Organization\",\"@id\":\"https:\\\/\\\/www.asesoriaorihuelacosta.com\\\/fr\\\/#organization\",\"name\":\"Asesor\u00eda Orihuela Costa\",\"url\":\"https:\\\/\\\/www.asesoriaorihuelacosta.com\\\/fr\\\/\",\"logo\":{\"@type\":\"ImageObject\",\"inLanguage\":\"fr-FR\",\"@id\":\"https:\\\/\\\/www.asesoriaorihuelacosta.com\\\/fr\\\/#\\\/schema\\\/logo\\\/image\\\/\",\"url\":\"https:\\\/\\\/www.asesoriaorihuelacosta.com\\\/wp-content\\\/uploads\\\/2022\\\/06\\\/Logo-espa\u5bf8l-asesoriaorihuela.jpg\",\"contentUrl\":\"https:\\\/\\\/www.asesoriaorihuelacosta.com\\\/wp-content\\\/uploads\\\/2022\\\/06\\\/Logo-espa\u5bf8l-asesoriaorihuela.jpg\",\"width\":588,\"height\":136,\"caption\":\"Asesor\u00eda Orihuela Costa\"},\"image\":{\"@id\":\"https:\\\/\\\/www.asesoriaorihuelacosta.com\\\/fr\\\/#\\\/schema\\\/logo\\\/image\\\/\"},\"sameAs\":[\"https:\\\/\\\/www.facebook.com\\\/asesoriaorihuelacosta\"]},{\"@type\":\"Person\",\"@id\":\"https:\\\/\\\/www.asesoriaorihuelacosta.com\\\/fr\\\/#\\\/schema\\\/person\\\/6614ce8cf6d2de542aaf351629fd539e\",\"name\":\"Patrick Gordinne Perez\",\"description\":\"Soy economista colegiado por el colegio de economistas de Alicante con el n\u00famero 2722. Llevo ejerciendo desde el a\u00f1o 2005. Soy especialista en fiscalidad de empresas y aut\u00f3nomos y tambi\u00e9n especialista en gestionar compraventas. Hablo espa\u00f1ol, ingl\u00e9s y franc\u00e9s.\",\"sameAs\":[\"https:\\\/\\\/www.asesoriaorihuelacosta.com\",\"https:\\\/\\\/www.facebook.com\\\/patrick.gordinneperez\",\"https:\\\/\\\/www.linkedin.com\\\/in\\\/patrick-gordinne-perez-1b73aab3\\\/\",\"https:\\\/\\\/www.youtube.com\\\/channel\\\/UC5e95RJEVQlxCnhwDmGNVCw\"],\"gender\":\"Hombre\",\"knowsLanguage\":[\"ingl\u00e9s\",\"franc\u00e9s\",\"espa\u00f1ol\"],\"jobTitle\":\"Gerente\",\"worksFor\":\"Asesoria Orihuela Costa SL\"}]}<\/script>\n<!-- \/ Yoast SEO Premium plugin. -->","yoast_head_json":{"title":"La facture simplifi\u00e9e - Asesor\u00eda Orihuela Costa","description":"La facture simplifi\u00e9e est l'un des concepts cl\u00e9s de la comptabilit\u00e9 de tout travailleur ind\u00e9pendant, PME ou grande entreprise.","robots":{"index":"index","follow":"follow","max-snippet":"max-snippet:-1","max-image-preview":"max-image-preview:large","max-video-preview":"max-video-preview:-1"},"canonical":"https:\/\/www.asesoriaorihuelacosta.com\/fr\/la-facture-simplifiee\/","og_locale":"fr_FR","og_type":"article","og_title":"La facture simplifi\u00e9e","og_description":"La facture simplifi\u00e9e est l'un des concepts cl\u00e9s de la comptabilit\u00e9 de tout travailleur ind\u00e9pendant, PME ou grande entreprise.","og_url":"https:\/\/www.asesoriaorihuelacosta.com\/fr\/la-facture-simplifiee\/","og_site_name":"Asesor\u00eda Orihuela Costa","article_publisher":"https:\/\/www.facebook.com\/asesoriaorihuelacosta","article_author":"https:\/\/www.facebook.com\/patrick.gordinneperez","article_published_time":"2022-12-27T20:59:09+00:00","article_modified_time":"2025-03-13T03:31:26+00:00","author":"Patrick Gordinne Perez","twitter_card":"summary_large_image","twitter_misc":{"\u00c9crit par":"Patrick Gordinne Perez","Dur\u00e9e de lecture estim\u00e9e":"4 minutes"},"schema":{"@context":"https:\/\/schema.org","@graph":[{"@type":"Article","@id":"https:\/\/www.asesoriaorihuelacosta.com\/fr\/la-facture-simplifiee\/#article","isPartOf":{"@id":"https:\/\/www.asesoriaorihuelacosta.com\/fr\/la-facture-simplifiee\/"},"author":{"name":"Patrick Gordinne Perez","@id":"https:\/\/www.asesoriaorihuelacosta.com\/fr\/#\/schema\/person\/6614ce8cf6d2de542aaf351629fd539e"},"headline":"La facture simplifi\u00e9e","datePublished":"2022-12-27T20:59:09+00:00","dateModified":"2025-03-13T03:31:26+00:00","mainEntityOfPage":{"@id":"https:\/\/www.asesoriaorihuelacosta.com\/fr\/la-facture-simplifiee\/"},"wordCount":770,"publisher":{"@id":"https:\/\/www.asesoriaorihuelacosta.com\/fr\/#organization"},"image":{"@id":"https:\/\/www.asesoriaorihuelacosta.com\/fr\/la-facture-simplifiee\/#primaryimage"},"thumbnailUrl":"https:\/\/www.asesoriaorihuelacosta.com\/wp-content\/uploads\/2022\/12\/Factura-simplificada-1.svg","articleSection":["Blog"],"inLanguage":"fr-FR"},{"@type":"WebPage","@id":"https:\/\/www.asesoriaorihuelacosta.com\/fr\/la-facture-simplifiee\/","url":"https:\/\/www.asesoriaorihuelacosta.com\/fr\/la-facture-simplifiee\/","name":"La facture simplifi\u00e9e - Asesor\u00eda Orihuela Costa","isPartOf":{"@id":"https:\/\/www.asesoriaorihuelacosta.com\/fr\/#website"},"primaryImageOfPage":{"@id":"https:\/\/www.asesoriaorihuelacosta.com\/fr\/la-facture-simplifiee\/#primaryimage"},"image":{"@id":"https:\/\/www.asesoriaorihuelacosta.com\/fr\/la-facture-simplifiee\/#primaryimage"},"thumbnailUrl":"https:\/\/www.asesoriaorihuelacosta.com\/wp-content\/uploads\/2022\/12\/Factura-simplificada-1.svg","datePublished":"2022-12-27T20:59:09+00:00","dateModified":"2025-03-13T03:31:26+00:00","description":"La facture simplifi\u00e9e est l'un des concepts cl\u00e9s de la comptabilit\u00e9 de tout travailleur ind\u00e9pendant, PME ou grande entreprise.","breadcrumb":{"@id":"https:\/\/www.asesoriaorihuelacosta.com\/fr\/la-facture-simplifiee\/#breadcrumb"},"inLanguage":"fr-FR","potentialAction":[{"@type":"ReadAction","target":["https:\/\/www.asesoriaorihuelacosta.com\/fr\/la-facture-simplifiee\/"]}]},{"@type":"ImageObject","inLanguage":"fr-FR","@id":"https:\/\/www.asesoriaorihuelacosta.com\/fr\/la-facture-simplifiee\/#primaryimage","url":"https:\/\/www.asesoriaorihuelacosta.com\/wp-content\/uploads\/2022\/12\/Factura-simplificada-1.svg","contentUrl":"https:\/\/www.asesoriaorihuelacosta.com\/wp-content\/uploads\/2022\/12\/Factura-simplificada-1.svg","width":793,"height":1122,"caption":"Factura simplificada"},{"@type":"BreadcrumbList","@id":"https:\/\/www.asesoriaorihuelacosta.com\/fr\/la-facture-simplifiee\/#breadcrumb","itemListElement":[{"@type":"ListItem","position":1,"name":"Home","item":"https:\/\/www.asesoriaorihuelacosta.com\/fr\/"},{"@type":"ListItem","position":2,"name":"La facture simplifi\u00e9e"}]},{"@type":"WebSite","@id":"https:\/\/www.asesoriaorihuelacosta.com\/fr\/#website","url":"https:\/\/www.asesoriaorihuelacosta.com\/fr\/","name":"https:\/\/www.asesoriaorihuelacosta.com\/","description":"Grupo de asesores profesionales","publisher":{"@id":"https:\/\/www.asesoriaorihuelacosta.com\/fr\/#organization"},"potentialAction":[{"@type":"SearchAction","target":{"@type":"EntryPoint","urlTemplate":"https:\/\/www.asesoriaorihuelacosta.com\/fr\/?s={search_term_string}"},"query-input":{"@type":"PropertyValueSpecification","valueRequired":true,"valueName":"search_term_string"}}],"inLanguage":"fr-FR"},{"@type":"Organization","@id":"https:\/\/www.asesoriaorihuelacosta.com\/fr\/#organization","name":"Asesor\u00eda Orihuela Costa","url":"https:\/\/www.asesoriaorihuelacosta.com\/fr\/","logo":{"@type":"ImageObject","inLanguage":"fr-FR","@id":"https:\/\/www.asesoriaorihuelacosta.com\/fr\/#\/schema\/logo\/image\/","url":"https:\/\/www.asesoriaorihuelacosta.com\/wp-content\/uploads\/2022\/06\/Logo-espa\u5bf8l-asesoriaorihuela.jpg","contentUrl":"https:\/\/www.asesoriaorihuelacosta.com\/wp-content\/uploads\/2022\/06\/Logo-espa\u5bf8l-asesoriaorihuela.jpg","width":588,"height":136,"caption":"Asesor\u00eda Orihuela Costa"},"image":{"@id":"https:\/\/www.asesoriaorihuelacosta.com\/fr\/#\/schema\/logo\/image\/"},"sameAs":["https:\/\/www.facebook.com\/asesoriaorihuelacosta"]},{"@type":"Person","@id":"https:\/\/www.asesoriaorihuelacosta.com\/fr\/#\/schema\/person\/6614ce8cf6d2de542aaf351629fd539e","name":"Patrick Gordinne Perez","description":"Soy economista colegiado por el colegio de economistas de Alicante con el n\u00famero 2722. Llevo ejerciendo desde el a\u00f1o 2005. Soy especialista en fiscalidad de empresas y aut\u00f3nomos y tambi\u00e9n especialista en gestionar compraventas. Hablo espa\u00f1ol, ingl\u00e9s y franc\u00e9s.","sameAs":["https:\/\/www.asesoriaorihuelacosta.com","https:\/\/www.facebook.com\/patrick.gordinneperez","https:\/\/www.linkedin.com\/in\/patrick-gordinne-perez-1b73aab3\/","https:\/\/www.youtube.com\/channel\/UC5e95RJEVQlxCnhwDmGNVCw"],"gender":"Hombre","knowsLanguage":["ingl\u00e9s","franc\u00e9s","espa\u00f1ol"],"jobTitle":"Gerente","worksFor":"Asesoria Orihuela Costa SL"}]}},"_links":{"self":[{"href":"https:\/\/www.asesoriaorihuelacosta.com\/fr\/wp-json\/wp\/v2\/posts\/41738","targetHints":{"allow":["GET"]}}],"collection":[{"href":"https:\/\/www.asesoriaorihuelacosta.com\/fr\/wp-json\/wp\/v2\/posts"}],"about":[{"href":"https:\/\/www.asesoriaorihuelacosta.com\/fr\/wp-json\/wp\/v2\/types\/post"}],"author":[{"embeddable":true,"href":"https:\/\/www.asesoriaorihuelacosta.com\/fr\/wp-json\/wp\/v2\/users\/2"}],"replies":[{"embeddable":true,"href":"https:\/\/www.asesoriaorihuelacosta.com\/fr\/wp-json\/wp\/v2\/comments?post=41738"}],"version-history":[{"count":5,"href":"https:\/\/www.asesoriaorihuelacosta.com\/fr\/wp-json\/wp\/v2\/posts\/41738\/revisions"}],"predecessor-version":[{"id":41744,"href":"https:\/\/www.asesoriaorihuelacosta.com\/fr\/wp-json\/wp\/v2\/posts\/41738\/revisions\/41744"}],"wp:featuredmedia":[{"embeddable":true,"href":"https:\/\/www.asesoriaorihuelacosta.com\/fr\/wp-json\/wp\/v2\/media\/10182"}],"wp:attachment":[{"href":"https:\/\/www.asesoriaorihuelacosta.com\/fr\/wp-json\/wp\/v2\/media?parent=41738"}],"wp:term":[{"taxonomy":"category","embeddable":true,"href":"https:\/\/www.asesoriaorihuelacosta.com\/fr\/wp-json\/wp\/v2\/categories?post=41738"},{"taxonomy":"post_tag","embeddable":true,"href":"https:\/\/www.asesoriaorihuelacosta.com\/fr\/wp-json\/wp\/v2\/tags?post=41738"}],"curies":[{"name":"wp","href":"https:\/\/api.w.org\/{rel}","templated":true}]}}