{"id":41719,"date":"2022-03-30T09:11:49","date_gmt":"2022-03-30T09:11:49","guid":{"rendered":"https:\/\/www.asesoriaorihuelacosta.com\/?p=41719"},"modified":"2025-03-13T03:08:19","modified_gmt":"2025-03-13T03:08:19","slug":"conseils-pour-economiser-sur-le-revenu-de-2019","status":"publish","type":"post","link":"https:\/\/www.asesoriaorihuelacosta.com\/fr\/conseils-pour-economiser-sur-le-revenu-de-2019\/","title":{"rendered":"Conseils pour \u00e9conomiser sur le revenu de 2019"},"content":{"rendered":"\t\t<div data-elementor-type=\"wp-post\" data-elementor-id=\"41719\" class=\"elementor elementor-41719\" data-elementor-post-type=\"post\">\n\t\t\t\t\t\t<section data-particle_enable=\"false\" data-particle-mobile-disabled=\"false\" class=\"elementor-section elementor-top-section elementor-element elementor-element-305121b elementor-section-boxed elementor-section-height-default elementor-section-height-default\" data-id=\"305121b\" data-element_type=\"section\" data-e-type=\"section\">\r\n\t\t\r\n\t\t\t\t\t\t\t<div class=\"elementor-container elementor-column-gap-default\">\r\n\t\t\t\t\t\t\t\t\t\t\t<div class=\"elementor-column elementor-col-100 elementor-top-column elementor-element elementor-element-341d8f4\" data-id=\"341d8f4\" data-element_type=\"column\" data-e-type=\"column\">\r\n\t\t\t\t\t<div class=\"elementor-widget-wrap elementor-element-populated\">\r\n\t\t\t\t\t\t\t\t<div class=\"elementor-element elementor-element-9638bea elementor-widget elementor-widget-text-editor\" data-id=\"9638bea\" data-element_type=\"widget\" data-e-type=\"widget\" data-widget_type=\"text-editor.default\">\n\t\t\t\t<div class=\"elementor-widget-container\">\n\t\t\t\t\t\t\t\t\t<p>Attendre le d\u00e9but de la campagne de d\u00e9claration de revenus, au milieu de l&rsquo;ann\u00e9e prochaine, pour s&rsquo;inqui\u00e9ter de ce que nous devons au Tr\u00e9sor dans l&rsquo;IRPF pour l&rsquo;exercice 2019 n&rsquo;est pas une bonne id\u00e9e.<\/p><p>Il vaut mieux penser maintenant pour \u00e9conomiser sur le revenu 2019.<\/p><p>La d\u00e9claration de revenus est d\u00e9pos\u00e9e l&rsquo;ann\u00e9e suivant celle du r\u00e8glement.<\/p><p>Ainsi, d&rsquo;avril \u00e0 juin 2020, vous pr\u00e9senterez l&rsquo;imp\u00f4t sur le revenu des personnes physiques 2019.<\/p><p>C&rsquo;est pourquoi c&rsquo;est maintenant, en 2019, que vous pouvez prendre des d\u00e9cisions pour payer le juste prix dans votre d\u00e9claration.<\/p><p>Si vous souhaitez payer moins d&rsquo;imp\u00f4ts sur le revenu de 2019, suivez ces conseils de notre conseil fiscal pour \u00e9conomiser sur le revenu 2019 :<\/p><p>\u00a0<\/p><h2>REVENUS DU LOYER<\/h2><p>Le Tr\u00e9sor contr\u00f4le de plus en plus et mieux les revenus obtenus par la location de biens immobiliers.<\/p><p>Avec le loyer, vous pouvez obtenir un rendement n\u00e9gatif et avec cela une fiscalit\u00e9 plus faible.<\/p><p>Si le r\u00e9sultat est positif, vous pourrez :<\/p><p>\u00a0<\/p><p>&#8211; Anticiper cette ann\u00e9e les d\u00e9penses que vous devez n\u00e9cessairement faire<\/p><p>&#8211; Le louer comme logement permanent, plut\u00f4t que par saison ou par \u00e9tudiants, afin que vous puissiez appliquer la r\u00e9duction \u00e9tablie.<\/p><p>\u00a0<\/p><h3>RENDEMENTS DES ACTIVIT\u00c9S \u00c9CONOMIQUES<\/h3><p>\u00a0<\/p><p>En fonction de la performance de votre activit\u00e9 \u00e9conomique cette ann\u00e9e et des pr\u00e9visions pour l&rsquo;ann\u00e9e suivante, il peut \u00eatre possible de reporter les derni\u00e8res ventes ou services \u00e0 2020 ou d&rsquo;anticiper les d\u00e9penses aux derniers jours de 2019.<\/p><p>Bien que le taux d&rsquo;imposition ne varie pas d&rsquo;une ann\u00e9e \u00e0 l&rsquo;autre, le report des revenus d&rsquo;un exercice \u00e0 l&rsquo;autre peut \u00eatre int\u00e9ressant pour vous.<\/p><p>\u00a0<\/p><h3>V\u00c9RIFIEZ LES RETENUES PRATIQU\u00c9ES<\/h3><p>\u00a0<\/p><p>Vos payeurs verseront au Tr\u00e9sor en janvier les derni\u00e8res retenues qui vous ont \u00e9t\u00e9 factur\u00e9es en 2019.<\/p><p>Ils pr\u00e9senteront \u00e9galement le r\u00e9sum\u00e9 annuel indiquant le total des retenues vers\u00e9es \u00e0 votre nom.<\/p><p>Vous devriez confirmer avec eux le montant de ces donn\u00e9es avant qu&rsquo;ils ne les d\u00e9clarent. Ainsi, vous \u00e9viterez des surprises en examinant vos donn\u00e9es fiscales pour soumettre votre d\u00e9claration.<\/p><p>\u00a0<\/p><h3>COMPENSER LES REVENUS ET AFFACER LES GAINS ET LES PERTES<\/h3><p>Hacienda classe les rendements de vos investissements en :<\/p><p>&#8211; Rendements du capital mobilier (int\u00e9r\u00eats, dividendes, assurances&#8230;)<\/p><p>&#8211; Gains et pertes en capital (transfert de fonds, actions, immeubles&#8230;)<\/p><p>Au sein de chaque groupe, il vous permet de compenser les soldes n\u00e9gatifs avec les positifs.<\/p><p>Si le solde final est n\u00e9gatif, il peut \u00eatre compens\u00e9 par le solde positif de l&rsquo;autre groupe.<\/p><p>\u00a0<\/p><p>Si vous entra\u00eenez des pertes des ann\u00e9es pr\u00e9c\u00e9dentes ou si vous avez conclu une transaction avec des pertes cette ann\u00e9e, vous pouvez les utiliser pour g\u00e9n\u00e9rer d&rsquo;autres gains. De cette fa\u00e7on, vous \u00e9viterez de payer des imp\u00f4ts pour eux.<\/p><p>\u00a0<\/p><h3>R\u00c9GIMES DE RETRAITE<\/h3><p>Cotiser \u00e0 un r\u00e9gime de retraite est la mesure phare pour planifier la d\u00e9claration de revenus. Il offre une plus grande \u00e9conomie d&rsquo;imp\u00f4t sur le revenu des personnes physiques.<\/p><h3>D\u00c9DUCTION POUR L&rsquo;ACQUISITION D&rsquo;UN LOGEMENT HABITUEL<\/h3><p>Si vous avez achet\u00e9 votre maison habituelle avant le 1er janvier 2013 avec une hypoth\u00e8que, vous pourrez d\u00e9duire 15 % de ce que vous avez pay\u00e9 au cours de l&rsquo;ann\u00e9e.<\/p><p>La limite maximale de la base de d\u00e9duction est de 9 040 euros. Les assurances habitation et vie associ\u00e9es \u00e0 l&rsquo;hypoth\u00e8que sont \u00e9galement incluses.<\/p><h3>D\u00c9DUCTION POUR INVESTISSEMENT DANS LES ENTREPRISES DE CR\u00c9ATION<\/h3><p>C&rsquo;est la d\u00e9duction la plus rentable apr\u00e8s les r\u00e9gimes de retraite et l&rsquo;acquisition d&rsquo;un logement habituel.<\/p><p>La d\u00e9duction pour investissement dans les nouvelles entreprises vise \u00e0 inciter les \u00e9pargnants \u00e0 soutenir les projets \u00e9mergents.<\/p><p>Si vous investissez dans une startup, vous pourrez b\u00e9n\u00e9ficier d&rsquo;une d\u00e9duction de l&rsquo;\u00c9tat \u00e0 l&rsquo;imp\u00f4t sur le revenu des personnes physiques.<\/p><p>De plus, vous ne serez pas non plus impos\u00e9 sur les b\u00e9n\u00e9fices r\u00e9alis\u00e9s en vendant si vous r\u00e9investissez dans une autre nouvelle entreprise.<\/p><p>La plupart des communaut\u00e9s autonomes envisagent \u00e9galement une d\u00e9duction autonome.<\/p><p>Ce sont tous des avantages pour faciliter l&rsquo;entrepreneuriat.<\/p><p>\u00a0<\/p><h3>D\u00c9DUCTIONS POUR DONS<\/h3><p>No\u00ebl approche et \u00e0 cette \u00e9poque, nous nous souvenons davantage des autres.<\/p><p>Bien que l&rsquo;important soit la g\u00e9n\u00e9rosit\u00e9, les d\u00e9ductions de l&rsquo;imp\u00f4t sur le revenu des personnes physiques \u00e9tablies pour les dons vous encouragent peut-\u00eatre \u00e0 les augmenter.<\/p><p>Avec moins d&rsquo;efforts financiers, vous pouvez aider les autres.<\/p><p>\u00a0<\/p><h3>D\u00c9DUCTIONS DE VOTRE COMMUNAUT\u00c9 AUTONOME<\/h3><p>L&rsquo;IRPF dispose d&rsquo;une tranche d&rsquo;\u00c9tat et d&rsquo;une tranche autonome. Au sein de la tranche autonome, chaque Communaut\u00e9 peut \u00e9tablir ses propres d\u00e9ductions en fonction de ses int\u00e9r\u00eats.<\/p><p>Les plus courantes sont :<\/p><p>&#8211; D\u00e9duction pour loyer<\/p><p>&#8211; Pour l&rsquo;achat d&rsquo;une maison<\/p><p>&#8211; Pour l&rsquo;investissement dans de nouvelles entreprises<\/p><p>&#8211; D\u00e9duction pour maternit\u00e9 et adoption<\/p><p>&#8211; Pour les frais de scolarit\u00e9<\/p><p>\u00a0<\/p><h3>SI VOUS \u00caTES SUR LE POINT D&rsquo;AVOIR 65 ANS<\/h3><p>\u00a0<\/p><p>\u00c0 cet \u00e2ge, la retraite approche et certaines d\u00e9cisions d&rsquo;investissement peuvent \u00eatre prises. \u00c0 ces moments-l\u00e0, il est crucial de r\u00e9aliser une bonne planification fiscale :<\/p><p>1) Attention lors de la r\u00e9cup\u00e9ration de votre r\u00e9gime de retraite<\/p><p>Lorsque vous rachetez le r\u00e9gime de retraite, vous devrez payer des imp\u00f4ts sur ce qui a investi et sur les int\u00e9r\u00eats obtenus.<\/p><p>Vous le ferez en tant que rendement au travail, au type marginal que vous avez \u00e0 ce moment-l\u00e0.<\/p><p>Sauvez-le lorsque vous percevez d\u00e9j\u00e0 la pension publique. Ainsi, le taux marginal appliqu\u00e9 \u00e0 la prestation sera inf\u00e9rieur \u00e0 celui du salaire actif.<\/p><p>Si vous le rachetez petit \u00e0 petit, sous la forme d&rsquo;un revenu mensuel ou d&rsquo;une autre p\u00e9riodicit\u00e9, il est possible que vous puissiez payer un imp\u00f4t bien inf\u00e9rieur \u00e0 votre taux marginal actuel.<\/p><p>2) Profitez de l&rsquo;exon\u00e9ration des plus-values obtenues<\/p><p>A) Par transmission de la r\u00e9sidence habituelle<\/p><p>Si vous allez bient\u00f4t avoir 65 ans et que vous avez l&rsquo;intention de transf\u00e9rer votre logement habituel, vous devrez peut-\u00eatre attendre de les avoir.<\/p><p>La raison en est que les gains obtenus par les personnes de plus de 65 ans par la vente de leur logement habituel sont exon\u00e9r\u00e9s de l&rsquo;imp\u00f4t sur le revenu des personnes physiques.<\/p><p>Si le logement est un bien communautaire et que l&rsquo;un des conjoints n&rsquo;a pas encore atteint cet \u00e2ge, il peut compenser le report de la vente jusqu&rsquo;\u00e0 ce qu&rsquo;ils aient tous deux 65 ans.<\/p><p>Dans le cas contraire, le conjoint de moins de 65 ans doit \u00eatre impos\u00e9 pour la moiti\u00e9 du gain patrimonial.<\/p><p>B) Par transmission d&rsquo;autres biens<\/p><p>Il est \u00e9galement conseill\u00e9 d&rsquo;attendre d&rsquo;avoir 65 ans si vous voulez vendre tout autre bien ou droit et obtenir un gain patrimonial.<\/p><p>Si vous avez plus de 65 ans et qu&rsquo;avec le montant obtenu lors de la vente, vous constituez une rente viag\u00e8re, vous n&rsquo;aurez pas \u00e0 payer d&rsquo;imp\u00f4ts sur la plus-value obtenue.<\/p>\t\t\t\t\t\t\t\t<\/div>\n\t\t\t\t<\/div>\n\t\t\t\t\t<\/div>\r\n\t\t\t\t<\/div>\r\n\t\t\t\t\t<\/div>\r\n\t\t\t\t<\/section>\r\n\t\t\t\t<\/div>\n\t\t","protected":false},"excerpt":{"rendered":"<p>Attendre le d\u00e9but de la campagne de d\u00e9claration de revenus, au milieu de l&rsquo;ann\u00e9e prochaine, pour s&rsquo;inqui\u00e9ter de ce que nous devons au Tr\u00e9sor dans l&rsquo;IRPF pour l&rsquo;exercice 2019 n&rsquo;est pas une bonne id\u00e9e. Il vaut mieux penser maintenant pour \u00e9conomiser sur le revenu 2019. La d\u00e9claration de revenus est d\u00e9pos\u00e9e l&rsquo;ann\u00e9e suivant celle du [&hellip;]<\/p>\n","protected":false},"author":2,"featured_media":6562,"comment_status":"closed","ping_status":"closed","sticky":false,"template":"","format":"standard","meta":{"_eb_attr":"","inline_featured_image":false,"footnotes":""},"categories":[46],"tags":[],"class_list":["post-41719","post","type-post","status-publish","format-standard","has-post-thumbnail","hentry","category-blog"],"featured_image_src":{"landsacpe":["https:\/\/www.asesoriaorihuelacosta.com\/wp-content\/uploads\/2022\/03\/Imagen-3-12-19-a-las-11.04.jpeg",320,160,false],"list":["https:\/\/www.asesoriaorihuelacosta.com\/wp-content\/uploads\/2022\/03\/Imagen-3-12-19-a-las-11.04.jpeg",320,160,false],"medium":["https:\/\/www.asesoriaorihuelacosta.com\/wp-content\/uploads\/2022\/03\/Imagen-3-12-19-a-las-11.04-300x150.jpeg",300,150,true],"full":["https:\/\/www.asesoriaorihuelacosta.com\/wp-content\/uploads\/2022\/03\/Imagen-3-12-19-a-las-11.04.jpeg",320,160,false]},"yoast_head":"<!-- This site is optimized with the Yoast SEO Premium plugin v24.7 (Yoast SEO v27.4) - https:\/\/yoast.com\/product\/yoast-seo-premium-wordpress\/ -->\n<title>Conseils pour \u00e9conomiser sur le revenu de 2019 - Asesor\u00eda Orihuela Costa<\/title>\n<meta name=\"description\" content=\"Penser maintenant pour \u00e9conomiser sur le loyer 2019. Notre conseil fiscal vous donne quelques conseils pour \u00e9conomiser sur le revenu 2019.\" \/>\n<meta name=\"robots\" content=\"index, follow, max-snippet:-1, max-image-preview:large, max-video-preview:-1\" \/>\n<link rel=\"canonical\" href=\"https:\/\/www.asesoriaorihuelacosta.com\/fr\/conseils-pour-economiser-sur-le-revenu-de-2019\/\" \/>\n<meta property=\"og:locale\" content=\"fr_FR\" \/>\n<meta property=\"og:type\" content=\"article\" \/>\n<meta property=\"og:title\" content=\"Conseils pour \u00e9conomiser sur le revenu de 2019\" \/>\n<meta property=\"og:description\" content=\"Penser maintenant pour \u00e9conomiser sur le loyer 2019. Notre conseil fiscal vous donne quelques conseils pour \u00e9conomiser sur le revenu 2019.\" \/>\n<meta property=\"og:url\" content=\"https:\/\/www.asesoriaorihuelacosta.com\/fr\/conseils-pour-economiser-sur-le-revenu-de-2019\/\" \/>\n<meta property=\"og:site_name\" content=\"Asesor\u00eda Orihuela Costa\" \/>\n<meta property=\"article:publisher\" content=\"https:\/\/www.facebook.com\/asesoriaorihuelacosta\" \/>\n<meta property=\"article:author\" content=\"https:\/\/www.facebook.com\/patrick.gordinneperez\" \/>\n<meta property=\"article:published_time\" content=\"2022-03-30T09:11:49+00:00\" \/>\n<meta property=\"article:modified_time\" content=\"2025-03-13T03:08:19+00:00\" \/>\n<meta property=\"og:image\" content=\"https:\/\/www.asesoriaorihuelacosta.com\/wp-content\/uploads\/2022\/03\/Imagen-3-12-19-a-las-11.04.jpeg\" \/>\n\t<meta property=\"og:image:width\" content=\"320\" \/>\n\t<meta property=\"og:image:height\" content=\"160\" \/>\n\t<meta property=\"og:image:type\" content=\"image\/jpeg\" \/>\n<meta name=\"author\" content=\"Patrick Gordinne Perez\" \/>\n<meta name=\"twitter:card\" content=\"summary_large_image\" \/>\n<meta name=\"twitter:label1\" content=\"\u00c9crit par\" \/>\n\t<meta name=\"twitter:data1\" content=\"Patrick Gordinne Perez\" \/>\n\t<meta name=\"twitter:label2\" content=\"Dur\u00e9e de lecture estim\u00e9e\" \/>\n\t<meta name=\"twitter:data2\" content=\"5 minutes\" \/>\n<script type=\"application\/ld+json\" class=\"yoast-schema-graph\">{\"@context\":\"https:\\\/\\\/schema.org\",\"@graph\":[{\"@type\":\"Article\",\"@id\":\"https:\\\/\\\/www.asesoriaorihuelacosta.com\\\/fr\\\/conseils-pour-economiser-sur-le-revenu-de-2019\\\/#article\",\"isPartOf\":{\"@id\":\"https:\\\/\\\/www.asesoriaorihuelacosta.com\\\/fr\\\/conseils-pour-economiser-sur-le-revenu-de-2019\\\/\"},\"author\":{\"name\":\"Patrick Gordinne Perez\",\"@id\":\"https:\\\/\\\/www.asesoriaorihuelacosta.com\\\/fr\\\/#\\\/schema\\\/person\\\/6614ce8cf6d2de542aaf351629fd539e\"},\"headline\":\"Conseils pour \u00e9conomiser sur le revenu de 2019\",\"datePublished\":\"2022-03-30T09:11:49+00:00\",\"dateModified\":\"2025-03-13T03:08:19+00:00\",\"mainEntityOfPage\":{\"@id\":\"https:\\\/\\\/www.asesoriaorihuelacosta.com\\\/fr\\\/conseils-pour-economiser-sur-le-revenu-de-2019\\\/\"},\"wordCount\":1212,\"publisher\":{\"@id\":\"https:\\\/\\\/www.asesoriaorihuelacosta.com\\\/fr\\\/#organization\"},\"image\":{\"@id\":\"https:\\\/\\\/www.asesoriaorihuelacosta.com\\\/fr\\\/conseils-pour-economiser-sur-le-revenu-de-2019\\\/#primaryimage\"},\"thumbnailUrl\":\"https:\\\/\\\/www.asesoriaorihuelacosta.com\\\/wp-content\\\/uploads\\\/2022\\\/03\\\/Imagen-3-12-19-a-las-11.04.jpeg\",\"articleSection\":[\"Blog\"],\"inLanguage\":\"fr-FR\"},{\"@type\":\"WebPage\",\"@id\":\"https:\\\/\\\/www.asesoriaorihuelacosta.com\\\/fr\\\/conseils-pour-economiser-sur-le-revenu-de-2019\\\/\",\"url\":\"https:\\\/\\\/www.asesoriaorihuelacosta.com\\\/fr\\\/conseils-pour-economiser-sur-le-revenu-de-2019\\\/\",\"name\":\"Conseils pour \u00e9conomiser sur le revenu de 2019 - Asesor\u00eda Orihuela Costa\",\"isPartOf\":{\"@id\":\"https:\\\/\\\/www.asesoriaorihuelacosta.com\\\/fr\\\/#website\"},\"primaryImageOfPage\":{\"@id\":\"https:\\\/\\\/www.asesoriaorihuelacosta.com\\\/fr\\\/conseils-pour-economiser-sur-le-revenu-de-2019\\\/#primaryimage\"},\"image\":{\"@id\":\"https:\\\/\\\/www.asesoriaorihuelacosta.com\\\/fr\\\/conseils-pour-economiser-sur-le-revenu-de-2019\\\/#primaryimage\"},\"thumbnailUrl\":\"https:\\\/\\\/www.asesoriaorihuelacosta.com\\\/wp-content\\\/uploads\\\/2022\\\/03\\\/Imagen-3-12-19-a-las-11.04.jpeg\",\"datePublished\":\"2022-03-30T09:11:49+00:00\",\"dateModified\":\"2025-03-13T03:08:19+00:00\",\"description\":\"Penser maintenant pour \u00e9conomiser sur le loyer 2019. Notre conseil fiscal vous donne quelques conseils pour \u00e9conomiser sur le revenu 2019.\",\"breadcrumb\":{\"@id\":\"https:\\\/\\\/www.asesoriaorihuelacosta.com\\\/fr\\\/conseils-pour-economiser-sur-le-revenu-de-2019\\\/#breadcrumb\"},\"inLanguage\":\"fr-FR\",\"potentialAction\":[{\"@type\":\"ReadAction\",\"target\":[\"https:\\\/\\\/www.asesoriaorihuelacosta.com\\\/fr\\\/conseils-pour-economiser-sur-le-revenu-de-2019\\\/\"]}]},{\"@type\":\"ImageObject\",\"inLanguage\":\"fr-FR\",\"@id\":\"https:\\\/\\\/www.asesoriaorihuelacosta.com\\\/fr\\\/conseils-pour-economiser-sur-le-revenu-de-2019\\\/#primaryimage\",\"url\":\"https:\\\/\\\/www.asesoriaorihuelacosta.com\\\/wp-content\\\/uploads\\\/2022\\\/03\\\/Imagen-3-12-19-a-las-11.04.jpeg\",\"contentUrl\":\"https:\\\/\\\/www.asesoriaorihuelacosta.com\\\/wp-content\\\/uploads\\\/2022\\\/03\\\/Imagen-3-12-19-a-las-11.04.jpeg\",\"width\":320,\"height\":160,\"caption\":\"ahorrar renta 2019\"},{\"@type\":\"BreadcrumbList\",\"@id\":\"https:\\\/\\\/www.asesoriaorihuelacosta.com\\\/fr\\\/conseils-pour-economiser-sur-le-revenu-de-2019\\\/#breadcrumb\",\"itemListElement\":[{\"@type\":\"ListItem\",\"position\":1,\"name\":\"Home\",\"item\":\"https:\\\/\\\/www.asesoriaorihuelacosta.com\\\/fr\\\/\"},{\"@type\":\"ListItem\",\"position\":2,\"name\":\"Conseils pour \u00e9conomiser sur le revenu de 2019\"}]},{\"@type\":\"WebSite\",\"@id\":\"https:\\\/\\\/www.asesoriaorihuelacosta.com\\\/fr\\\/#website\",\"url\":\"https:\\\/\\\/www.asesoriaorihuelacosta.com\\\/fr\\\/\",\"name\":\"https:\\\/\\\/www.asesoriaorihuelacosta.com\\\/\",\"description\":\"Grupo de asesores profesionales\",\"publisher\":{\"@id\":\"https:\\\/\\\/www.asesoriaorihuelacosta.com\\\/fr\\\/#organization\"},\"potentialAction\":[{\"@type\":\"SearchAction\",\"target\":{\"@type\":\"EntryPoint\",\"urlTemplate\":\"https:\\\/\\\/www.asesoriaorihuelacosta.com\\\/fr\\\/?s={search_term_string}\"},\"query-input\":{\"@type\":\"PropertyValueSpecification\",\"valueRequired\":true,\"valueName\":\"search_term_string\"}}],\"inLanguage\":\"fr-FR\"},{\"@type\":\"Organization\",\"@id\":\"https:\\\/\\\/www.asesoriaorihuelacosta.com\\\/fr\\\/#organization\",\"name\":\"Asesor\u00eda Orihuela Costa\",\"url\":\"https:\\\/\\\/www.asesoriaorihuelacosta.com\\\/fr\\\/\",\"logo\":{\"@type\":\"ImageObject\",\"inLanguage\":\"fr-FR\",\"@id\":\"https:\\\/\\\/www.asesoriaorihuelacosta.com\\\/fr\\\/#\\\/schema\\\/logo\\\/image\\\/\",\"url\":\"https:\\\/\\\/www.asesoriaorihuelacosta.com\\\/wp-content\\\/uploads\\\/2022\\\/06\\\/Logo-espa\u5bf8l-asesoriaorihuela.jpg\",\"contentUrl\":\"https:\\\/\\\/www.asesoriaorihuelacosta.com\\\/wp-content\\\/uploads\\\/2022\\\/06\\\/Logo-espa\u5bf8l-asesoriaorihuela.jpg\",\"width\":588,\"height\":136,\"caption\":\"Asesor\u00eda Orihuela Costa\"},\"image\":{\"@id\":\"https:\\\/\\\/www.asesoriaorihuelacosta.com\\\/fr\\\/#\\\/schema\\\/logo\\\/image\\\/\"},\"sameAs\":[\"https:\\\/\\\/www.facebook.com\\\/asesoriaorihuelacosta\"]},{\"@type\":\"Person\",\"@id\":\"https:\\\/\\\/www.asesoriaorihuelacosta.com\\\/fr\\\/#\\\/schema\\\/person\\\/6614ce8cf6d2de542aaf351629fd539e\",\"name\":\"Patrick Gordinne Perez\",\"description\":\"Soy economista colegiado por el colegio de economistas de Alicante con el n\u00famero 2722. Llevo ejerciendo desde el a\u00f1o 2005. Soy especialista en fiscalidad de empresas y aut\u00f3nomos y tambi\u00e9n especialista en gestionar compraventas. Hablo espa\u00f1ol, ingl\u00e9s y franc\u00e9s.\",\"sameAs\":[\"https:\\\/\\\/www.asesoriaorihuelacosta.com\",\"https:\\\/\\\/www.facebook.com\\\/patrick.gordinneperez\",\"https:\\\/\\\/www.linkedin.com\\\/in\\\/patrick-gordinne-perez-1b73aab3\\\/\",\"https:\\\/\\\/www.youtube.com\\\/channel\\\/UC5e95RJEVQlxCnhwDmGNVCw\"],\"gender\":\"Hombre\",\"knowsLanguage\":[\"ingl\u00e9s\",\"franc\u00e9s\",\"espa\u00f1ol\"],\"jobTitle\":\"Gerente\",\"worksFor\":\"Asesoria Orihuela Costa SL\"}]}<\/script>\n<!-- \/ Yoast SEO Premium plugin. -->","yoast_head_json":{"title":"Conseils pour \u00e9conomiser sur le revenu de 2019 - Asesor\u00eda Orihuela Costa","description":"Penser maintenant pour \u00e9conomiser sur le loyer 2019. Notre conseil fiscal vous donne quelques conseils pour \u00e9conomiser sur le revenu 2019.","robots":{"index":"index","follow":"follow","max-snippet":"max-snippet:-1","max-image-preview":"max-image-preview:large","max-video-preview":"max-video-preview:-1"},"canonical":"https:\/\/www.asesoriaorihuelacosta.com\/fr\/conseils-pour-economiser-sur-le-revenu-de-2019\/","og_locale":"fr_FR","og_type":"article","og_title":"Conseils pour \u00e9conomiser sur le revenu de 2019","og_description":"Penser maintenant pour \u00e9conomiser sur le loyer 2019. Notre conseil fiscal vous donne quelques conseils pour \u00e9conomiser sur le revenu 2019.","og_url":"https:\/\/www.asesoriaorihuelacosta.com\/fr\/conseils-pour-economiser-sur-le-revenu-de-2019\/","og_site_name":"Asesor\u00eda Orihuela Costa","article_publisher":"https:\/\/www.facebook.com\/asesoriaorihuelacosta","article_author":"https:\/\/www.facebook.com\/patrick.gordinneperez","article_published_time":"2022-03-30T09:11:49+00:00","article_modified_time":"2025-03-13T03:08:19+00:00","og_image":[{"width":320,"height":160,"url":"https:\/\/www.asesoriaorihuelacosta.com\/wp-content\/uploads\/2022\/03\/Imagen-3-12-19-a-las-11.04.jpeg","type":"image\/jpeg"}],"author":"Patrick Gordinne Perez","twitter_card":"summary_large_image","twitter_misc":{"\u00c9crit par":"Patrick Gordinne Perez","Dur\u00e9e de lecture estim\u00e9e":"5 minutes"},"schema":{"@context":"https:\/\/schema.org","@graph":[{"@type":"Article","@id":"https:\/\/www.asesoriaorihuelacosta.com\/fr\/conseils-pour-economiser-sur-le-revenu-de-2019\/#article","isPartOf":{"@id":"https:\/\/www.asesoriaorihuelacosta.com\/fr\/conseils-pour-economiser-sur-le-revenu-de-2019\/"},"author":{"name":"Patrick Gordinne Perez","@id":"https:\/\/www.asesoriaorihuelacosta.com\/fr\/#\/schema\/person\/6614ce8cf6d2de542aaf351629fd539e"},"headline":"Conseils pour \u00e9conomiser sur le revenu de 2019","datePublished":"2022-03-30T09:11:49+00:00","dateModified":"2025-03-13T03:08:19+00:00","mainEntityOfPage":{"@id":"https:\/\/www.asesoriaorihuelacosta.com\/fr\/conseils-pour-economiser-sur-le-revenu-de-2019\/"},"wordCount":1212,"publisher":{"@id":"https:\/\/www.asesoriaorihuelacosta.com\/fr\/#organization"},"image":{"@id":"https:\/\/www.asesoriaorihuelacosta.com\/fr\/conseils-pour-economiser-sur-le-revenu-de-2019\/#primaryimage"},"thumbnailUrl":"https:\/\/www.asesoriaorihuelacosta.com\/wp-content\/uploads\/2022\/03\/Imagen-3-12-19-a-las-11.04.jpeg","articleSection":["Blog"],"inLanguage":"fr-FR"},{"@type":"WebPage","@id":"https:\/\/www.asesoriaorihuelacosta.com\/fr\/conseils-pour-economiser-sur-le-revenu-de-2019\/","url":"https:\/\/www.asesoriaorihuelacosta.com\/fr\/conseils-pour-economiser-sur-le-revenu-de-2019\/","name":"Conseils pour \u00e9conomiser sur le revenu de 2019 - Asesor\u00eda Orihuela Costa","isPartOf":{"@id":"https:\/\/www.asesoriaorihuelacosta.com\/fr\/#website"},"primaryImageOfPage":{"@id":"https:\/\/www.asesoriaorihuelacosta.com\/fr\/conseils-pour-economiser-sur-le-revenu-de-2019\/#primaryimage"},"image":{"@id":"https:\/\/www.asesoriaorihuelacosta.com\/fr\/conseils-pour-economiser-sur-le-revenu-de-2019\/#primaryimage"},"thumbnailUrl":"https:\/\/www.asesoriaorihuelacosta.com\/wp-content\/uploads\/2022\/03\/Imagen-3-12-19-a-las-11.04.jpeg","datePublished":"2022-03-30T09:11:49+00:00","dateModified":"2025-03-13T03:08:19+00:00","description":"Penser maintenant pour \u00e9conomiser sur le loyer 2019. Notre conseil fiscal vous donne quelques conseils pour \u00e9conomiser sur le revenu 2019.","breadcrumb":{"@id":"https:\/\/www.asesoriaorihuelacosta.com\/fr\/conseils-pour-economiser-sur-le-revenu-de-2019\/#breadcrumb"},"inLanguage":"fr-FR","potentialAction":[{"@type":"ReadAction","target":["https:\/\/www.asesoriaorihuelacosta.com\/fr\/conseils-pour-economiser-sur-le-revenu-de-2019\/"]}]},{"@type":"ImageObject","inLanguage":"fr-FR","@id":"https:\/\/www.asesoriaorihuelacosta.com\/fr\/conseils-pour-economiser-sur-le-revenu-de-2019\/#primaryimage","url":"https:\/\/www.asesoriaorihuelacosta.com\/wp-content\/uploads\/2022\/03\/Imagen-3-12-19-a-las-11.04.jpeg","contentUrl":"https:\/\/www.asesoriaorihuelacosta.com\/wp-content\/uploads\/2022\/03\/Imagen-3-12-19-a-las-11.04.jpeg","width":320,"height":160,"caption":"ahorrar renta 2019"},{"@type":"BreadcrumbList","@id":"https:\/\/www.asesoriaorihuelacosta.com\/fr\/conseils-pour-economiser-sur-le-revenu-de-2019\/#breadcrumb","itemListElement":[{"@type":"ListItem","position":1,"name":"Home","item":"https:\/\/www.asesoriaorihuelacosta.com\/fr\/"},{"@type":"ListItem","position":2,"name":"Conseils pour \u00e9conomiser sur le revenu de 2019"}]},{"@type":"WebSite","@id":"https:\/\/www.asesoriaorihuelacosta.com\/fr\/#website","url":"https:\/\/www.asesoriaorihuelacosta.com\/fr\/","name":"https:\/\/www.asesoriaorihuelacosta.com\/","description":"Grupo de asesores profesionales","publisher":{"@id":"https:\/\/www.asesoriaorihuelacosta.com\/fr\/#organization"},"potentialAction":[{"@type":"SearchAction","target":{"@type":"EntryPoint","urlTemplate":"https:\/\/www.asesoriaorihuelacosta.com\/fr\/?s={search_term_string}"},"query-input":{"@type":"PropertyValueSpecification","valueRequired":true,"valueName":"search_term_string"}}],"inLanguage":"fr-FR"},{"@type":"Organization","@id":"https:\/\/www.asesoriaorihuelacosta.com\/fr\/#organization","name":"Asesor\u00eda Orihuela Costa","url":"https:\/\/www.asesoriaorihuelacosta.com\/fr\/","logo":{"@type":"ImageObject","inLanguage":"fr-FR","@id":"https:\/\/www.asesoriaorihuelacosta.com\/fr\/#\/schema\/logo\/image\/","url":"https:\/\/www.asesoriaorihuelacosta.com\/wp-content\/uploads\/2022\/06\/Logo-espa\u5bf8l-asesoriaorihuela.jpg","contentUrl":"https:\/\/www.asesoriaorihuelacosta.com\/wp-content\/uploads\/2022\/06\/Logo-espa\u5bf8l-asesoriaorihuela.jpg","width":588,"height":136,"caption":"Asesor\u00eda Orihuela Costa"},"image":{"@id":"https:\/\/www.asesoriaorihuelacosta.com\/fr\/#\/schema\/logo\/image\/"},"sameAs":["https:\/\/www.facebook.com\/asesoriaorihuelacosta"]},{"@type":"Person","@id":"https:\/\/www.asesoriaorihuelacosta.com\/fr\/#\/schema\/person\/6614ce8cf6d2de542aaf351629fd539e","name":"Patrick Gordinne Perez","description":"Soy economista colegiado por el colegio de economistas de Alicante con el n\u00famero 2722. Llevo ejerciendo desde el a\u00f1o 2005. Soy especialista en fiscalidad de empresas y aut\u00f3nomos y tambi\u00e9n especialista en gestionar compraventas. Hablo espa\u00f1ol, ingl\u00e9s y franc\u00e9s.","sameAs":["https:\/\/www.asesoriaorihuelacosta.com","https:\/\/www.facebook.com\/patrick.gordinneperez","https:\/\/www.linkedin.com\/in\/patrick-gordinne-perez-1b73aab3\/","https:\/\/www.youtube.com\/channel\/UC5e95RJEVQlxCnhwDmGNVCw"],"gender":"Hombre","knowsLanguage":["ingl\u00e9s","franc\u00e9s","espa\u00f1ol"],"jobTitle":"Gerente","worksFor":"Asesoria Orihuela Costa SL"}]}},"_links":{"self":[{"href":"https:\/\/www.asesoriaorihuelacosta.com\/fr\/wp-json\/wp\/v2\/posts\/41719","targetHints":{"allow":["GET"]}}],"collection":[{"href":"https:\/\/www.asesoriaorihuelacosta.com\/fr\/wp-json\/wp\/v2\/posts"}],"about":[{"href":"https:\/\/www.asesoriaorihuelacosta.com\/fr\/wp-json\/wp\/v2\/types\/post"}],"author":[{"embeddable":true,"href":"https:\/\/www.asesoriaorihuelacosta.com\/fr\/wp-json\/wp\/v2\/users\/2"}],"replies":[{"embeddable":true,"href":"https:\/\/www.asesoriaorihuelacosta.com\/fr\/wp-json\/wp\/v2\/comments?post=41719"}],"version-history":[{"count":8,"href":"https:\/\/www.asesoriaorihuelacosta.com\/fr\/wp-json\/wp\/v2\/posts\/41719\/revisions"}],"predecessor-version":[{"id":41728,"href":"https:\/\/www.asesoriaorihuelacosta.com\/fr\/wp-json\/wp\/v2\/posts\/41719\/revisions\/41728"}],"wp:featuredmedia":[{"embeddable":true,"href":"https:\/\/www.asesoriaorihuelacosta.com\/fr\/wp-json\/wp\/v2\/media\/6562"}],"wp:attachment":[{"href":"https:\/\/www.asesoriaorihuelacosta.com\/fr\/wp-json\/wp\/v2\/media?parent=41719"}],"wp:term":[{"taxonomy":"category","embeddable":true,"href":"https:\/\/www.asesoriaorihuelacosta.com\/fr\/wp-json\/wp\/v2\/categories?post=41719"},{"taxonomy":"post_tag","embeddable":true,"href":"https:\/\/www.asesoriaorihuelacosta.com\/fr\/wp-json\/wp\/v2\/tags?post=41719"}],"curies":[{"name":"wp","href":"https:\/\/api.w.org\/{rel}","templated":true}]}}