{"id":41694,"date":"2022-03-30T08:53:01","date_gmt":"2022-03-30T08:53:01","guid":{"rendered":"https:\/\/www.asesoriaorihuelacosta.com\/?p=41694"},"modified":"2025-03-12T07:06:31","modified_gmt":"2025-03-12T07:06:31","slug":"mesures-fiscales-introduites-par-le-decret-loi-royal-15-2020","status":"publish","type":"post","link":"https:\/\/www.asesoriaorihuelacosta.com\/fr\/mesures-fiscales-introduites-par-le-decret-loi-royal-15-2020\/","title":{"rendered":"Mesures fiscales introduites par le d\u00e9cret-loi royal 15\/2020"},"content":{"rendered":"\t\t<div data-elementor-type=\"wp-post\" data-elementor-id=\"41694\" class=\"elementor elementor-41694\" data-elementor-post-type=\"post\">\n\t\t\t\t\t\t<section data-particle_enable=\"false\" data-particle-mobile-disabled=\"false\" class=\"elementor-section elementor-top-section elementor-element elementor-element-442f8a7 elementor-section-boxed elementor-section-height-default elementor-section-height-default\" data-id=\"442f8a7\" data-element_type=\"section\" data-e-type=\"section\">\r\n\t\t\r\n\t\t\t\t\t\t\t<div class=\"elementor-container elementor-column-gap-default\">\r\n\t\t\t\t\t\t\t\t\t\t\t<div class=\"elementor-column elementor-col-100 elementor-top-column elementor-element elementor-element-5f53af8\" data-id=\"5f53af8\" data-element_type=\"column\" data-e-type=\"column\">\r\n\t\t\t\t\t<div class=\"elementor-widget-wrap elementor-element-populated\">\r\n\t\t\t\t\t\t\t\t<div class=\"elementor-element elementor-element-f2e86fb elementor-widget elementor-widget-text-editor\" data-id=\"f2e86fb\" data-element_type=\"widget\" data-e-type=\"widget\" data-widget_type=\"text-editor.default\">\n\t\t\t\t<div class=\"elementor-widget-container\">\n\t\t\t\t\t\t\t\t\t<p><b>Mesures fiscales introduites par le d\u00e9cret-loi royal 15\/2020, du 21 avril<\/b><\/p><div><p>Conform\u00e9ment au d\u00e9cret-loi royal 15\/2020, du 21 avril, sur les mesures urgentes compl\u00e9mentaires pour soutenir l&rsquo;\u00e9conomie et l&#8217;emploi, les mesures suivantes sont adopt\u00e9es dans le domaine fiscal :<\/p><p>\u00a0<\/p><h2>TAUX D&rsquo;IMPOSITION TVA<\/h2><p>\u00a0<\/p><p>Taux 0 % sur certaines op\u00e9rations avec des biens n\u00e9cessaires pour lutter contre les effets du COVID-19. (art.8 du RDley 15\/2020)<\/p><p>\u00a0<\/p><p>Du 23 avril (1) au 31 juillet 2020, le taux de TVA de 0 % sera appliqu\u00e9 aux livraisons, importations et acquisitions intracommunautaires de biens pr\u00e9vus \u00e0 l&rsquo;annexe de la RDley susmentionn\u00e9e, dont les destinataires sont des entit\u00e9s de droit public, des cliniques ou des centres hospitaliers, ou des entit\u00e9s priv\u00e9es \u00e0 caract\u00e8re social (art.20. Trois de la loi sur la TVA).<\/p><p>\u00a0<\/p><p>Ces op\u00e9rations seront document\u00e9es sur la facture en tant qu&rsquo;op\u00e9rations exon\u00e9r\u00e9es. Toutefois, l&rsquo;application d&rsquo;un taux d&rsquo;imposition de z\u00e9ro pour cent ne d\u00e9termine pas la limitation du droit \u00e0 la d\u00e9duction de la TVA support\u00e9 par l&rsquo;assujetti qui effectue l&rsquo;op\u00e9ration.<\/p><p>\u00a0<\/p><p>Taux 4 % sur les livres, journaux et magazines num\u00e9riques. (deuxi\u00e8me disposition finale du RDley 15\/2020)<\/p><p>\u00a0<\/p><p>\u00c0 compter du 23 avril 2020, le num\u00e9ro 2.\u00ba du paragraphe deux.1 de l&rsquo;article 91 de la loi sur la TVA est modifi\u00e9, de sorte que le taux de 4 % sera \u00e9galement appliqu\u00e9 aux livres de journaux et aux magazines, m\u00eame lorsqu&rsquo;ils sont consid\u00e9r\u00e9s comme des services fournis par voie \u00e9lectronique. De cette mani\u00e8re, la diff\u00e9rence existante en mati\u00e8re de taux d&rsquo;imposition entre le livre physique et le livre \u00e9lectronique est \u00e9limin\u00e9e.<\/p><p>\u00a0<\/p><h2>IMP\u00d4T SUR LES SOCI\u00c9T\u00c9S<\/h2><p>\u00a0<\/p><p>Option extraordinaire pour la modalit\u00e9 de paiement \u00e9chelonn\u00e9 pr\u00e9vue \u00e0 l&rsquo;article 40.3 de la loi sur l&rsquo;imp\u00f4t sur les soci\u00e9t\u00e9s. (art.9 du RDley 15\/2020)(*)<\/p><p>\u00a0<\/p><p>&#8211; Dans le premier paiement \u00e9chelonn\u00e9 (1P\/2020) : Les contribuables dont le d\u00e9lai de pr\u00e9sentation de l&rsquo;autoliquidation correspondant aux paiements \u00e9chelonn\u00e9s (mod\u00e8le 202) a \u00e9t\u00e9 prolong\u00e9 jusqu&rsquo;au 20 mai, et dont la p\u00e9riode d&rsquo;imposition a commenc\u00e9 \u00e0 partir du 1er janvier 2020, peuvent opter pour la modalit\u00e9 de paiement \u00e9chelonn\u00e9 pr\u00e9vue \u00e0 l&rsquo;article 40.3 de la loi sur l&rsquo;imp\u00f4t sur les soci\u00e9t\u00e9s, en pr\u00e9sentant dans le d\u00e9lai prolong\u00e9 susmentionn\u00e9 de l&rsquo;autoliquidation correspondant au premier paiement \u00e9chelonn\u00e9 en appliquant cette modalit\u00e9.<\/p><p>\u00a0<\/p><p>&#8211; Dans le deuxi\u00e8me paiement \u00e9chelonn\u00e9 (2P\/2020) : Les contribuables dont la p\u00e9riode d&rsquo;imposition a commenc\u00e9 \u00e0 partir du 1er janvier 2020, qui n&rsquo;ont pas eu droit \u00e0 l&rsquo;option extraordinaire pr\u00e9c\u00e9dente lors du premier paiement \u00e9chelonn\u00e9, \u00e0 condition que leur chiffre d&rsquo;affaires ne d\u00e9passe pas 6 millions d&rsquo;euros au cours des 12 mois pr\u00e9c\u00e9dant la date \u00e0 laquelle leur p\u00e9riode d&rsquo;imposition a commenc\u00e9, peuvent opter pour la modalit\u00e9 de paiement fractionn\u00e9 pr\u00e9vue \u00e0 l&rsquo;article 40.3 de la loi fiscale en pr\u00e9sentant \u00e0 temps le deuxi\u00e8me paiement \u00e9chelonn\u00e9 en appliquant cette modalit\u00e9.<\/p><p>\u00a0<\/p><p>&#8211; Le premier paiement \u00e9chelonn\u00e9 effectu\u00e9 dans les 20 premiers jours civils du mois d&rsquo;avril sera d\u00e9ductible de la quote-part des autres paiements \u00e9chelonn\u00e9s effectu\u00e9s pour la m\u00eame p\u00e9riode d&rsquo;imposition d\u00e9termin\u00e9s conform\u00e9ment \u00e0 l&rsquo;option pr\u00e9vue \u00e0 l&rsquo;article 40.3.<\/p><p>\u00a0<\/p><p>&#8211; Cette option extraordinaire ne s&rsquo;applique pas aux groupes fiscaux qui appliquent le r\u00e9gime sp\u00e9cial de consolidation fiscale.<\/p><p>\u00a0<\/p><p>&#8211; Le contribuable qui exerce cette option extraordinaire y sera li\u00e9 exclusivement en ce qui concerne les paiements \u00e9chelonn\u00e9s correspondant \u00e0 la m\u00eame p\u00e9riode d&rsquo;imposition.<\/p><p>\u00a0<\/p><h2>Imp\u00f4t sur le revenu des personnes physiques<\/h2><p>\u00a0<\/p><p>Limitation des effets temporaires de la renonciation tacite \u00e0 la m\u00e9thode d&rsquo;estimation objective au cours de l&rsquo;exercice 2020.(art.10 le RDloi 15\/2020)(*)<\/p><p>\u00a0<\/p><p>Les contribuables de l&rsquo;imp\u00f4t sur le revenu des personnes physiques qui d\u00e9terminent leur rendement net des activit\u00e9s \u00e9conomiques selon la m\u00e9thode d&rsquo;estimation objective, et dans le d\u00e9lai de pr\u00e9sentation du paiement \u00e9chelonn\u00e9 correspondant au premier trimestre de 2020, (d\u00e9lai qui a \u00e9t\u00e9 prolong\u00e9 jusqu&rsquo;au 20 mai), renoncent \u00e0 l&rsquo;application de celui-ci, peuvent \u00e0 nouveau d\u00e9terminer le rendement selon la m\u00e9thode d&rsquo;estimation objective au cours de l&rsquo;exercice 2021 \u00e0 condition qu&rsquo;ils remplissent les conditions d&rsquo;application et r\u00e9voquent la renonciation \u00e0 la m\u00e9thode d&rsquo;estimation objective dans le d\u00e9lai r\u00e9glementaire (art. 33.1. du r\u00e8glement de l&rsquo;imp\u00f4t sur le revenu des personnes physiques).<\/p><p>\u00a0<\/p><p>Cette renonciation et la r\u00e9vocation ult\u00e9rieure de celle-ci auront les m\u00eames effets dans les r\u00e9gimes sp\u00e9ciaux de TVA ou IGIC.<\/p><p>\u00a0<\/p><h2>IRPF et TVA<\/h2><p>\u00a0<\/p><p>Calcul des paiements \u00e9chelonn\u00e9s dans la m\u00e9thode d&rsquo;estimation objective de l&rsquo;IRPF et de la quote-part trimestrielle du r\u00e9gime simplifi\u00e9 de la TVA \u00e0 la suite de l&rsquo;\u00e9tat d&rsquo;alarme de l&rsquo;exercice 2020. (art.11 du RDley 15\/2020)(*)<\/p><p>\u00a0<\/p><p>Ils ne seront pas comptabilis\u00e9s, dans chaque trimestre civil de l&rsquo;exercice 2020, comme jours d&rsquo;exercice de l&rsquo;activit\u00e9, les jours civils au cours desquels l&rsquo;\u00e9tat d&rsquo;alarme aurait \u00e9t\u00e9 d\u00e9clar\u00e9 dans ce trimestre pour :<\/p><p>\u00a0<\/p><p>&#8211; Les contribuables de l&rsquo;imp\u00f4t sur le revenu des personnes physiques qui d\u00e9veloppent des activit\u00e9s \u00e9conomiques incluses dans l&rsquo;annexe II de l&rsquo;ordonnance HAC\/1164\/2019, du 22 novembre, (2) et qui d\u00e9terminent le rendement de celles-ci par la m\u00e9thode d&rsquo;estimation objective, pour le calcul du paiement \u00e9chelonn\u00e9 en fonction des donn\u00e9es de base.<\/p><p>\u00a0<\/p><p>&#8211; Les assujettis \u00e0 la TVA qui exercent des activit\u00e9s commerciales ou professionnelles incluses dans l&rsquo;annexe II susmentionn\u00e9e et qui sont couverts par le r\u00e9gime sp\u00e9cial simplifi\u00e9 de TVA, pour le calcul de l&rsquo;acompte en 2020.<\/p><p>\u00a0<\/p><p>Les jours civils o\u00f9 l&rsquo;\u00e9tat d&rsquo;alarme a \u00e9t\u00e9 d\u00e9clar\u00e9 au premier trimestre 2020 sont de 18 jours.<\/p><p>\u00a0<\/p><p>(*)AVIS : Pour les contribuables de l&rsquo;IRPF, de la TVA et de l&rsquo;imp\u00f4t sur les soci\u00e9t\u00e9s qui ont pr\u00e9sent\u00e9 leurs autoliquidations avant l&rsquo;entr\u00e9e en vigueur du d\u00e9cret-loi royal 15\/2020, l&rsquo;Agence fiscale mettra imm\u00e9diatement en \u0153uvre un syst\u00e8me simple pour faciliter l&rsquo;application des mesures pr\u00e9vues aux articles 9, 10 et 11 de ladite loi.<\/p><p>\u00a0<\/p><p>Le syst\u00e8me consistera en la pr\u00e9sentation par l&rsquo;int\u00e9ress\u00e9 d&rsquo;une nouvelle autoliquidation avec un contenu ajust\u00e9 \u00e0 la mesure en question et en outre un formulaire simple identifiant la premi\u00e8re autoliquidation pr\u00e9sent\u00e9e, ce qui acc\u00e9l\u00e9rera le processus de rectification de cette autoliquidation par l&rsquo;Administration, avec l&rsquo;annulation de ses effets \u00e9conomiques (annulation des domiciliations de paiement, des demandes de report\/fractionnement ou de compensation, accord de remboursement des montants vers\u00e9s, etc.)<\/p><p>\u00a0<\/p><h3>D\u00c9LAIS<\/h3><p>\u00a0<\/p><p>Prolongation des d\u00e9lais de validit\u00e9 de certaines dispositions de la RDley 8\/2020, du 17 mars, et de la RDley 11\/2020, du 31 mars. (premi\u00e8re disposition suppl\u00e9mentaire de la RDley 15\/2020).<\/p><p>\u00a0<\/p><p>Les r\u00e9f\u00e9rences temporaires faites aux 30 avril et 20 mai 2020 \u00e0 l&rsquo;article 33 de la RDloi 8\/2020, du 17 mars, et dans les huiti\u00e8me et neuvi\u00e8me dispositions suppl\u00e9mentaires de la RDley 11\/2020, du 31 mars, seront consid\u00e9r\u00e9es comme faites au 30 mai 2020.<\/p><p>\u00a0<\/p><p>L&rsquo;entr\u00e9e en vigueur du RDley 15\/2020, du 21 avril, a lieu le lendemain de sa publication au BOE, c&rsquo;est-\u00e0-dire le 23 avril 2020.<\/p><p>\u00a0<\/p><p>Non-d\u00e9but de la p\u00e9riode d&rsquo;ex\u00e9cution pour certaines dettes fiscales dans le cas de l&rsquo;octroi d&rsquo;un financement vis\u00e9 \u00e0 l&rsquo;article 29 du d\u00e9cret-loi royal 8\/2020, du 17 mars, de mesures urgentes extraordinaires pour faire face \u00e0 l&rsquo;impact \u00e9conomique et social du COVID-19. (article 11 du RDley15\/2020).<\/p><p>\u00a0<\/p><p>Les d\u00e9clarations-liquidations et les autoliquidations relevant de la comp\u00e9tence de l&rsquo;administration fiscale de l&rsquo;\u00c9tat, pr\u00e9sent\u00e9es par un contribuable dans le d\u00e9lai pr\u00e9vu \u00e0 l&rsquo;article 62.1 de la loi fiscale g\u00e9n\u00e9rale (LGT), sans effectuer le versement correspondant aux dettes fiscales qui en r\u00e9sultent, emp\u00eacheront le d\u00e9but de la p\u00e9riode ex\u00e9cutive \u00e0 condition que les conditions suivantes soient remplies :<\/p><p>\u00a0<\/p><p>Que le contribuable ait demand\u00e9 dans le d\u00e9lai de l&rsquo;article 62.1 de la LGT ou avant son d\u00e9but, le financement vis\u00e9 \u00e0 l&rsquo;article 29 du d\u00e9cret-loi royal 8\/2020, du 17 mars, et pour au moins le montant de ces dettes.<\/p><p>\u00a0<\/p><p>Que le contribuable fournisse \u00e0 l&rsquo;administration fiscale dans un d\u00e9lai maximum de cinq jours \u00e0 compter de la fin du d\u00e9lai de pr\u00e9sentation de la d\u00e9claration-liquidation ou de l&rsquo;autoliquidation un certificat d\u00e9livr\u00e9 par l&rsquo;institution financi\u00e8re attestant que la demande de financement a \u00e9t\u00e9 faite, y compris le montant et les dettes fiscales faisant l&rsquo;objet de celle-ci.<\/p><p>\u00a0<\/p><p>Que cette demande de financement soit accord\u00e9e \u00e0 hauteur d&rsquo;au moins le montant des dettes susmentionn\u00e9es.<\/p><p>\u00a0<\/p><p>Que les dettes soient effectivement, compl\u00e8tement et imm\u00e9diatement satisfaites au moment de l&rsquo;octroi du financement. Cette exigence sera consid\u00e9r\u00e9e comme non remplie en raison de l&rsquo;absence de paiement des dettes apr\u00e8s un d\u00e9lai d&rsquo;un mois \u00e0 compter de la fin du d\u00e9lai mentionn\u00e9 au premier alin\u00e9a du pr\u00e9sent paragraphe.<\/p><p>\u00a0<\/p><p>En cas de non-respect de l&rsquo;une de ces exigences, le d\u00e9but de la p\u00e9riode d&rsquo;ex\u00e9cution n&rsquo;aura pas \u00e9t\u00e9 consid\u00e9r\u00e9 comme emp\u00each\u00e9 \u00e0 la fin du d\u00e9lai pr\u00e9vu \u00e0 l&rsquo;article 62.1 de la LGT.<\/p><p>\u00a0<\/p><p>Pour l&rsquo;accomplissement de ses objectifs, l&rsquo;administration fiscale aura un acc\u00e8s direct et, le cas \u00e9ch\u00e9ant, t\u00e9l\u00e9matique aux informations et aux dossiers complets relatifs \u00e0 la demande et \u00e0 l&rsquo;octroi du financement vis\u00e9 \u00e0 l&rsquo;article 29 du d\u00e9cret-loi royal 8\/2020, du 17 mars.<\/p><\/div>\t\t\t\t\t\t\t\t<\/div>\n\t\t\t\t<\/div>\n\t\t\t\t\t<\/div>\r\n\t\t\t\t<\/div>\r\n\t\t\t\t\t<\/div>\r\n\t\t\t\t<\/section>\r\n\t\t\t\t<\/div>\n\t\t","protected":false},"excerpt":{"rendered":"<p>Mesures fiscales introduites par le d\u00e9cret-loi royal 15\/2020, du 21 avril Conform\u00e9ment au d\u00e9cret-loi royal 15\/2020, du 21 avril, sur les mesures urgentes compl\u00e9mentaires pour soutenir l&rsquo;\u00e9conomie et l&#8217;emploi, les mesures suivantes sont adopt\u00e9es dans le domaine fiscal : \u00a0 TAUX D&rsquo;IMPOSITION TVA \u00a0 Taux 0 % sur certaines op\u00e9rations avec des biens n\u00e9cessaires pour [&hellip;]<\/p>\n","protected":false},"author":2,"featured_media":6546,"comment_status":"closed","ping_status":"closed","sticky":false,"template":"","format":"standard","meta":{"_eb_attr":"","inline_featured_image":false,"footnotes":""},"categories":[46],"tags":[],"class_list":["post-41694","post","type-post","status-publish","format-standard","has-post-thumbnail","hentry","category-blog"],"featured_image_src":{"landsacpe":["https:\/\/www.asesoriaorihuelacosta.com\/wp-content\/uploads\/2022\/03\/aeat-asesoria-orihuela-costa.png",294,171,false],"list":["https:\/\/www.asesoriaorihuelacosta.com\/wp-content\/uploads\/2022\/03\/aeat-asesoria-orihuela-costa.png",294,171,false],"medium":["https:\/\/www.asesoriaorihuelacosta.com\/wp-content\/uploads\/2022\/03\/aeat-asesoria-orihuela-costa.png",294,171,false],"full":["https:\/\/www.asesoriaorihuelacosta.com\/wp-content\/uploads\/2022\/03\/aeat-asesoria-orihuela-costa.png",294,171,false]},"yoast_head":"<!-- This site is optimized with the Yoast SEO Premium plugin v24.7 (Yoast SEO v27.5) - https:\/\/yoast.com\/product\/yoast-seo-premium-wordpress\/ -->\n<title>Mesures fiscales introduites par le d\u00e9cret-loi royal 15\/2020 - Asesor\u00eda Orihuela Costa<\/title>\n<meta name=\"robots\" content=\"index, follow, max-snippet:-1, max-image-preview:large, max-video-preview:-1\" \/>\n<link rel=\"canonical\" href=\"https:\/\/www.asesoriaorihuelacosta.com\/fr\/mesures-fiscales-introduites-par-le-decret-loi-royal-15-2020\/\" \/>\n<meta property=\"og:locale\" content=\"fr_FR\" \/>\n<meta property=\"og:type\" content=\"article\" \/>\n<meta property=\"og:title\" content=\"Mesures fiscales introduites par le d\u00e9cret-loi royal 15\/2020\" \/>\n<meta property=\"og:description\" content=\"Mesures fiscales introduites par le d\u00e9cret-loi royal 15\/2020, du 21 avril Conform\u00e9ment au d\u00e9cret-loi royal 15\/2020, du 21 avril, sur les mesures urgentes compl\u00e9mentaires pour soutenir l&rsquo;\u00e9conomie et l&#8217;emploi, les mesures suivantes sont adopt\u00e9es dans le domaine fiscal : \u00a0 TAUX D&rsquo;IMPOSITION TVA \u00a0 Taux 0 % sur certaines op\u00e9rations avec des biens n\u00e9cessaires pour [&hellip;]\" \/>\n<meta property=\"og:url\" content=\"https:\/\/www.asesoriaorihuelacosta.com\/fr\/mesures-fiscales-introduites-par-le-decret-loi-royal-15-2020\/\" \/>\n<meta property=\"og:site_name\" content=\"Asesor\u00eda Orihuela Costa\" \/>\n<meta property=\"article:publisher\" content=\"https:\/\/www.facebook.com\/asesoriaorihuelacosta\" \/>\n<meta property=\"article:author\" content=\"https:\/\/www.facebook.com\/patrick.gordinneperez\" \/>\n<meta property=\"article:published_time\" content=\"2022-03-30T08:53:01+00:00\" \/>\n<meta property=\"article:modified_time\" content=\"2025-03-12T07:06:31+00:00\" \/>\n<meta property=\"og:image\" content=\"https:\/\/www.asesoriaorihuelacosta.com\/wp-content\/uploads\/2022\/03\/aeat-asesoria-orihuela-costa.png\" \/>\n\t<meta property=\"og:image:width\" content=\"294\" \/>\n\t<meta property=\"og:image:height\" content=\"171\" \/>\n\t<meta property=\"og:image:type\" content=\"image\/png\" \/>\n<meta name=\"author\" content=\"Patrick Gordinne Perez\" \/>\n<meta name=\"twitter:card\" content=\"summary_large_image\" \/>\n<meta name=\"twitter:label1\" content=\"\u00c9crit par\" \/>\n\t<meta name=\"twitter:data1\" content=\"Patrick Gordinne Perez\" \/>\n\t<meta name=\"twitter:label2\" content=\"Dur\u00e9e de lecture estim\u00e9e\" \/>\n\t<meta name=\"twitter:data2\" content=\"7 minutes\" \/>\n<script type=\"application\/ld+json\" class=\"yoast-schema-graph\">{\"@context\":\"https:\\\/\\\/schema.org\",\"@graph\":[{\"@type\":\"Article\",\"@id\":\"https:\\\/\\\/www.asesoriaorihuelacosta.com\\\/fr\\\/mesures-fiscales-introduites-par-le-decret-loi-royal-15-2020\\\/#article\",\"isPartOf\":{\"@id\":\"https:\\\/\\\/www.asesoriaorihuelacosta.com\\\/fr\\\/mesures-fiscales-introduites-par-le-decret-loi-royal-15-2020\\\/\"},\"author\":{\"name\":\"Patrick Gordinne Perez\",\"@id\":\"https:\\\/\\\/www.asesoriaorihuelacosta.com\\\/fr\\\/#\\\/schema\\\/person\\\/6614ce8cf6d2de542aaf351629fd539e\"},\"headline\":\"Mesures fiscales introduites par le d\u00e9cret-loi royal 15\\\/2020\",\"datePublished\":\"2022-03-30T08:53:01+00:00\",\"dateModified\":\"2025-03-12T07:06:31+00:00\",\"mainEntityOfPage\":{\"@id\":\"https:\\\/\\\/www.asesoriaorihuelacosta.com\\\/fr\\\/mesures-fiscales-introduites-par-le-decret-loi-royal-15-2020\\\/\"},\"wordCount\":1589,\"publisher\":{\"@id\":\"https:\\\/\\\/www.asesoriaorihuelacosta.com\\\/fr\\\/#organization\"},\"image\":{\"@id\":\"https:\\\/\\\/www.asesoriaorihuelacosta.com\\\/fr\\\/mesures-fiscales-introduites-par-le-decret-loi-royal-15-2020\\\/#primaryimage\"},\"thumbnailUrl\":\"https:\\\/\\\/www.asesoriaorihuelacosta.com\\\/wp-content\\\/uploads\\\/2022\\\/03\\\/aeat-asesoria-orihuela-costa.png\",\"articleSection\":[\"Blog\"],\"inLanguage\":\"fr-FR\"},{\"@type\":\"WebPage\",\"@id\":\"https:\\\/\\\/www.asesoriaorihuelacosta.com\\\/fr\\\/mesures-fiscales-introduites-par-le-decret-loi-royal-15-2020\\\/\",\"url\":\"https:\\\/\\\/www.asesoriaorihuelacosta.com\\\/fr\\\/mesures-fiscales-introduites-par-le-decret-loi-royal-15-2020\\\/\",\"name\":\"Mesures fiscales introduites par le d\u00e9cret-loi royal 15\\\/2020 - Asesor\u00eda Orihuela Costa\",\"isPartOf\":{\"@id\":\"https:\\\/\\\/www.asesoriaorihuelacosta.com\\\/fr\\\/#website\"},\"primaryImageOfPage\":{\"@id\":\"https:\\\/\\\/www.asesoriaorihuelacosta.com\\\/fr\\\/mesures-fiscales-introduites-par-le-decret-loi-royal-15-2020\\\/#primaryimage\"},\"image\":{\"@id\":\"https:\\\/\\\/www.asesoriaorihuelacosta.com\\\/fr\\\/mesures-fiscales-introduites-par-le-decret-loi-royal-15-2020\\\/#primaryimage\"},\"thumbnailUrl\":\"https:\\\/\\\/www.asesoriaorihuelacosta.com\\\/wp-content\\\/uploads\\\/2022\\\/03\\\/aeat-asesoria-orihuela-costa.png\",\"datePublished\":\"2022-03-30T08:53:01+00:00\",\"dateModified\":\"2025-03-12T07:06:31+00:00\",\"breadcrumb\":{\"@id\":\"https:\\\/\\\/www.asesoriaorihuelacosta.com\\\/fr\\\/mesures-fiscales-introduites-par-le-decret-loi-royal-15-2020\\\/#breadcrumb\"},\"inLanguage\":\"fr-FR\",\"potentialAction\":[{\"@type\":\"ReadAction\",\"target\":[\"https:\\\/\\\/www.asesoriaorihuelacosta.com\\\/fr\\\/mesures-fiscales-introduites-par-le-decret-loi-royal-15-2020\\\/\"]}]},{\"@type\":\"ImageObject\",\"inLanguage\":\"fr-FR\",\"@id\":\"https:\\\/\\\/www.asesoriaorihuelacosta.com\\\/fr\\\/mesures-fiscales-introduites-par-le-decret-loi-royal-15-2020\\\/#primaryimage\",\"url\":\"https:\\\/\\\/www.asesoriaorihuelacosta.com\\\/wp-content\\\/uploads\\\/2022\\\/03\\\/aeat-asesoria-orihuela-costa.png\",\"contentUrl\":\"https:\\\/\\\/www.asesoriaorihuelacosta.com\\\/wp-content\\\/uploads\\\/2022\\\/03\\\/aeat-asesoria-orihuela-costa.png\",\"width\":294,\"height\":171},{\"@type\":\"BreadcrumbList\",\"@id\":\"https:\\\/\\\/www.asesoriaorihuelacosta.com\\\/fr\\\/mesures-fiscales-introduites-par-le-decret-loi-royal-15-2020\\\/#breadcrumb\",\"itemListElement\":[{\"@type\":\"ListItem\",\"position\":1,\"name\":\"Home\",\"item\":\"https:\\\/\\\/www.asesoriaorihuelacosta.com\\\/fr\\\/\"},{\"@type\":\"ListItem\",\"position\":2,\"name\":\"Mesures fiscales introduites par le d\u00e9cret-loi royal 15\\\/2020\"}]},{\"@type\":\"WebSite\",\"@id\":\"https:\\\/\\\/www.asesoriaorihuelacosta.com\\\/fr\\\/#website\",\"url\":\"https:\\\/\\\/www.asesoriaorihuelacosta.com\\\/fr\\\/\",\"name\":\"https:\\\/\\\/www.asesoriaorihuelacosta.com\\\/\",\"description\":\"Grupo de asesores profesionales\",\"publisher\":{\"@id\":\"https:\\\/\\\/www.asesoriaorihuelacosta.com\\\/fr\\\/#organization\"},\"potentialAction\":[{\"@type\":\"SearchAction\",\"target\":{\"@type\":\"EntryPoint\",\"urlTemplate\":\"https:\\\/\\\/www.asesoriaorihuelacosta.com\\\/fr\\\/?s={search_term_string}\"},\"query-input\":{\"@type\":\"PropertyValueSpecification\",\"valueRequired\":true,\"valueName\":\"search_term_string\"}}],\"inLanguage\":\"fr-FR\"},{\"@type\":\"Organization\",\"@id\":\"https:\\\/\\\/www.asesoriaorihuelacosta.com\\\/fr\\\/#organization\",\"name\":\"Asesor\u00eda Orihuela Costa\",\"url\":\"https:\\\/\\\/www.asesoriaorihuelacosta.com\\\/fr\\\/\",\"logo\":{\"@type\":\"ImageObject\",\"inLanguage\":\"fr-FR\",\"@id\":\"https:\\\/\\\/www.asesoriaorihuelacosta.com\\\/fr\\\/#\\\/schema\\\/logo\\\/image\\\/\",\"url\":\"https:\\\/\\\/www.asesoriaorihuelacosta.com\\\/wp-content\\\/uploads\\\/2022\\\/06\\\/Logo-espa\u5bf8l-asesoriaorihuela.jpg\",\"contentUrl\":\"https:\\\/\\\/www.asesoriaorihuelacosta.com\\\/wp-content\\\/uploads\\\/2022\\\/06\\\/Logo-espa\u5bf8l-asesoriaorihuela.jpg\",\"width\":588,\"height\":136,\"caption\":\"Asesor\u00eda Orihuela Costa\"},\"image\":{\"@id\":\"https:\\\/\\\/www.asesoriaorihuelacosta.com\\\/fr\\\/#\\\/schema\\\/logo\\\/image\\\/\"},\"sameAs\":[\"https:\\\/\\\/www.facebook.com\\\/asesoriaorihuelacosta\"]},{\"@type\":\"Person\",\"@id\":\"https:\\\/\\\/www.asesoriaorihuelacosta.com\\\/fr\\\/#\\\/schema\\\/person\\\/6614ce8cf6d2de542aaf351629fd539e\",\"name\":\"Patrick Gordinne Perez\",\"description\":\"Soy economista colegiado por el colegio de economistas de Alicante con el n\u00famero 2722. Llevo ejerciendo desde el a\u00f1o 2005. Soy especialista en fiscalidad de empresas y aut\u00f3nomos y tambi\u00e9n especialista en gestionar compraventas. Hablo espa\u00f1ol, ingl\u00e9s y franc\u00e9s.\",\"sameAs\":[\"https:\\\/\\\/www.asesoriaorihuelacosta.com\",\"https:\\\/\\\/www.facebook.com\\\/patrick.gordinneperez\",\"https:\\\/\\\/www.linkedin.com\\\/in\\\/patrick-gordinne-perez-1b73aab3\\\/\",\"https:\\\/\\\/www.youtube.com\\\/channel\\\/UC5e95RJEVQlxCnhwDmGNVCw\"],\"gender\":\"Hombre\",\"knowsLanguage\":[\"ingl\u00e9s\",\"franc\u00e9s\",\"espa\u00f1ol\"],\"jobTitle\":\"Gerente\",\"worksFor\":\"Asesoria Orihuela Costa SL\"}]}<\/script>\n<!-- \/ Yoast SEO Premium plugin. -->","yoast_head_json":{"title":"Mesures fiscales introduites par le d\u00e9cret-loi royal 15\/2020 - Asesor\u00eda Orihuela Costa","robots":{"index":"index","follow":"follow","max-snippet":"max-snippet:-1","max-image-preview":"max-image-preview:large","max-video-preview":"max-video-preview:-1"},"canonical":"https:\/\/www.asesoriaorihuelacosta.com\/fr\/mesures-fiscales-introduites-par-le-decret-loi-royal-15-2020\/","og_locale":"fr_FR","og_type":"article","og_title":"Mesures fiscales introduites par le d\u00e9cret-loi royal 15\/2020","og_description":"Mesures fiscales introduites par le d\u00e9cret-loi royal 15\/2020, du 21 avril Conform\u00e9ment au d\u00e9cret-loi royal 15\/2020, du 21 avril, sur les mesures urgentes compl\u00e9mentaires pour soutenir l&rsquo;\u00e9conomie et l&#8217;emploi, les mesures suivantes sont adopt\u00e9es dans le domaine fiscal : \u00a0 TAUX D&rsquo;IMPOSITION TVA \u00a0 Taux 0 % sur certaines op\u00e9rations avec des biens n\u00e9cessaires pour [&hellip;]","og_url":"https:\/\/www.asesoriaorihuelacosta.com\/fr\/mesures-fiscales-introduites-par-le-decret-loi-royal-15-2020\/","og_site_name":"Asesor\u00eda Orihuela Costa","article_publisher":"https:\/\/www.facebook.com\/asesoriaorihuelacosta","article_author":"https:\/\/www.facebook.com\/patrick.gordinneperez","article_published_time":"2022-03-30T08:53:01+00:00","article_modified_time":"2025-03-12T07:06:31+00:00","og_image":[{"width":294,"height":171,"url":"https:\/\/www.asesoriaorihuelacosta.com\/wp-content\/uploads\/2022\/03\/aeat-asesoria-orihuela-costa.png","type":"image\/png"}],"author":"Patrick Gordinne Perez","twitter_card":"summary_large_image","twitter_misc":{"\u00c9crit par":"Patrick Gordinne Perez","Dur\u00e9e de lecture estim\u00e9e":"7 minutes"},"schema":{"@context":"https:\/\/schema.org","@graph":[{"@type":"Article","@id":"https:\/\/www.asesoriaorihuelacosta.com\/fr\/mesures-fiscales-introduites-par-le-decret-loi-royal-15-2020\/#article","isPartOf":{"@id":"https:\/\/www.asesoriaorihuelacosta.com\/fr\/mesures-fiscales-introduites-par-le-decret-loi-royal-15-2020\/"},"author":{"name":"Patrick Gordinne Perez","@id":"https:\/\/www.asesoriaorihuelacosta.com\/fr\/#\/schema\/person\/6614ce8cf6d2de542aaf351629fd539e"},"headline":"Mesures fiscales introduites par le d\u00e9cret-loi royal 15\/2020","datePublished":"2022-03-30T08:53:01+00:00","dateModified":"2025-03-12T07:06:31+00:00","mainEntityOfPage":{"@id":"https:\/\/www.asesoriaorihuelacosta.com\/fr\/mesures-fiscales-introduites-par-le-decret-loi-royal-15-2020\/"},"wordCount":1589,"publisher":{"@id":"https:\/\/www.asesoriaorihuelacosta.com\/fr\/#organization"},"image":{"@id":"https:\/\/www.asesoriaorihuelacosta.com\/fr\/mesures-fiscales-introduites-par-le-decret-loi-royal-15-2020\/#primaryimage"},"thumbnailUrl":"https:\/\/www.asesoriaorihuelacosta.com\/wp-content\/uploads\/2022\/03\/aeat-asesoria-orihuela-costa.png","articleSection":["Blog"],"inLanguage":"fr-FR"},{"@type":"WebPage","@id":"https:\/\/www.asesoriaorihuelacosta.com\/fr\/mesures-fiscales-introduites-par-le-decret-loi-royal-15-2020\/","url":"https:\/\/www.asesoriaorihuelacosta.com\/fr\/mesures-fiscales-introduites-par-le-decret-loi-royal-15-2020\/","name":"Mesures fiscales introduites par le d\u00e9cret-loi royal 15\/2020 - Asesor\u00eda Orihuela Costa","isPartOf":{"@id":"https:\/\/www.asesoriaorihuelacosta.com\/fr\/#website"},"primaryImageOfPage":{"@id":"https:\/\/www.asesoriaorihuelacosta.com\/fr\/mesures-fiscales-introduites-par-le-decret-loi-royal-15-2020\/#primaryimage"},"image":{"@id":"https:\/\/www.asesoriaorihuelacosta.com\/fr\/mesures-fiscales-introduites-par-le-decret-loi-royal-15-2020\/#primaryimage"},"thumbnailUrl":"https:\/\/www.asesoriaorihuelacosta.com\/wp-content\/uploads\/2022\/03\/aeat-asesoria-orihuela-costa.png","datePublished":"2022-03-30T08:53:01+00:00","dateModified":"2025-03-12T07:06:31+00:00","breadcrumb":{"@id":"https:\/\/www.asesoriaorihuelacosta.com\/fr\/mesures-fiscales-introduites-par-le-decret-loi-royal-15-2020\/#breadcrumb"},"inLanguage":"fr-FR","potentialAction":[{"@type":"ReadAction","target":["https:\/\/www.asesoriaorihuelacosta.com\/fr\/mesures-fiscales-introduites-par-le-decret-loi-royal-15-2020\/"]}]},{"@type":"ImageObject","inLanguage":"fr-FR","@id":"https:\/\/www.asesoriaorihuelacosta.com\/fr\/mesures-fiscales-introduites-par-le-decret-loi-royal-15-2020\/#primaryimage","url":"https:\/\/www.asesoriaorihuelacosta.com\/wp-content\/uploads\/2022\/03\/aeat-asesoria-orihuela-costa.png","contentUrl":"https:\/\/www.asesoriaorihuelacosta.com\/wp-content\/uploads\/2022\/03\/aeat-asesoria-orihuela-costa.png","width":294,"height":171},{"@type":"BreadcrumbList","@id":"https:\/\/www.asesoriaorihuelacosta.com\/fr\/mesures-fiscales-introduites-par-le-decret-loi-royal-15-2020\/#breadcrumb","itemListElement":[{"@type":"ListItem","position":1,"name":"Home","item":"https:\/\/www.asesoriaorihuelacosta.com\/fr\/"},{"@type":"ListItem","position":2,"name":"Mesures fiscales introduites par le d\u00e9cret-loi royal 15\/2020"}]},{"@type":"WebSite","@id":"https:\/\/www.asesoriaorihuelacosta.com\/fr\/#website","url":"https:\/\/www.asesoriaorihuelacosta.com\/fr\/","name":"https:\/\/www.asesoriaorihuelacosta.com\/","description":"Grupo de asesores profesionales","publisher":{"@id":"https:\/\/www.asesoriaorihuelacosta.com\/fr\/#organization"},"potentialAction":[{"@type":"SearchAction","target":{"@type":"EntryPoint","urlTemplate":"https:\/\/www.asesoriaorihuelacosta.com\/fr\/?s={search_term_string}"},"query-input":{"@type":"PropertyValueSpecification","valueRequired":true,"valueName":"search_term_string"}}],"inLanguage":"fr-FR"},{"@type":"Organization","@id":"https:\/\/www.asesoriaorihuelacosta.com\/fr\/#organization","name":"Asesor\u00eda Orihuela Costa","url":"https:\/\/www.asesoriaorihuelacosta.com\/fr\/","logo":{"@type":"ImageObject","inLanguage":"fr-FR","@id":"https:\/\/www.asesoriaorihuelacosta.com\/fr\/#\/schema\/logo\/image\/","url":"https:\/\/www.asesoriaorihuelacosta.com\/wp-content\/uploads\/2022\/06\/Logo-espa\u5bf8l-asesoriaorihuela.jpg","contentUrl":"https:\/\/www.asesoriaorihuelacosta.com\/wp-content\/uploads\/2022\/06\/Logo-espa\u5bf8l-asesoriaorihuela.jpg","width":588,"height":136,"caption":"Asesor\u00eda Orihuela Costa"},"image":{"@id":"https:\/\/www.asesoriaorihuelacosta.com\/fr\/#\/schema\/logo\/image\/"},"sameAs":["https:\/\/www.facebook.com\/asesoriaorihuelacosta"]},{"@type":"Person","@id":"https:\/\/www.asesoriaorihuelacosta.com\/fr\/#\/schema\/person\/6614ce8cf6d2de542aaf351629fd539e","name":"Patrick Gordinne Perez","description":"Soy economista colegiado por el colegio de economistas de Alicante con el n\u00famero 2722. Llevo ejerciendo desde el a\u00f1o 2005. Soy especialista en fiscalidad de empresas y aut\u00f3nomos y tambi\u00e9n especialista en gestionar compraventas. Hablo espa\u00f1ol, ingl\u00e9s y franc\u00e9s.","sameAs":["https:\/\/www.asesoriaorihuelacosta.com","https:\/\/www.facebook.com\/patrick.gordinneperez","https:\/\/www.linkedin.com\/in\/patrick-gordinne-perez-1b73aab3\/","https:\/\/www.youtube.com\/channel\/UC5e95RJEVQlxCnhwDmGNVCw"],"gender":"Hombre","knowsLanguage":["ingl\u00e9s","franc\u00e9s","espa\u00f1ol"],"jobTitle":"Gerente","worksFor":"Asesoria Orihuela Costa SL"}]}},"_links":{"self":[{"href":"https:\/\/www.asesoriaorihuelacosta.com\/fr\/wp-json\/wp\/v2\/posts\/41694","targetHints":{"allow":["GET"]}}],"collection":[{"href":"https:\/\/www.asesoriaorihuelacosta.com\/fr\/wp-json\/wp\/v2\/posts"}],"about":[{"href":"https:\/\/www.asesoriaorihuelacosta.com\/fr\/wp-json\/wp\/v2\/types\/post"}],"author":[{"embeddable":true,"href":"https:\/\/www.asesoriaorihuelacosta.com\/fr\/wp-json\/wp\/v2\/users\/2"}],"replies":[{"embeddable":true,"href":"https:\/\/www.asesoriaorihuelacosta.com\/fr\/wp-json\/wp\/v2\/comments?post=41694"}],"version-history":[{"count":4,"href":"https:\/\/www.asesoriaorihuelacosta.com\/fr\/wp-json\/wp\/v2\/posts\/41694\/revisions"}],"predecessor-version":[{"id":41698,"href":"https:\/\/www.asesoriaorihuelacosta.com\/fr\/wp-json\/wp\/v2\/posts\/41694\/revisions\/41698"}],"wp:featuredmedia":[{"embeddable":true,"href":"https:\/\/www.asesoriaorihuelacosta.com\/fr\/wp-json\/wp\/v2\/media\/6546"}],"wp:attachment":[{"href":"https:\/\/www.asesoriaorihuelacosta.com\/fr\/wp-json\/wp\/v2\/media?parent=41694"}],"wp:term":[{"taxonomy":"category","embeddable":true,"href":"https:\/\/www.asesoriaorihuelacosta.com\/fr\/wp-json\/wp\/v2\/categories?post=41694"},{"taxonomy":"post_tag","embeddable":true,"href":"https:\/\/www.asesoriaorihuelacosta.com\/fr\/wp-json\/wp\/v2\/tags?post=41694"}],"curies":[{"name":"wp","href":"https:\/\/api.w.org\/{rel}","templated":true}]}}