{"id":40838,"date":"2025-02-05T17:18:52","date_gmt":"2025-02-05T17:18:52","guid":{"rendered":"https:\/\/www.asesoriaorihuelacosta.com\/?p=40838"},"modified":"2025-02-24T18:58:45","modified_gmt":"2025-02-24T18:58:45","slug":"est-ce-votre-entreprise-de-petite-taille","status":"publish","type":"post","link":"https:\/\/www.asesoriaorihuelacosta.com\/fr\/est-ce-votre-entreprise-de-petite-taille\/","title":{"rendered":"Est-ce votre entreprise de petite taille?"},"content":{"rendered":"\t\t<div data-elementor-type=\"wp-post\" data-elementor-id=\"40838\" class=\"elementor elementor-40838\" data-elementor-post-type=\"post\">\n\t\t\t\t\t\t<section data-particle_enable=\"false\" data-particle-mobile-disabled=\"false\" class=\"elementor-section elementor-top-section elementor-element elementor-element-371107e elementor-section-boxed elementor-section-height-default elementor-section-height-default\" data-id=\"371107e\" data-element_type=\"section\" data-e-type=\"section\">\r\n\t\t\r\n\t\t\t\t\t\t\t<div class=\"elementor-container elementor-column-gap-default\">\r\n\t\t\t\t\t\t\t\t\t\t\t<div class=\"elementor-column elementor-col-100 elementor-top-column elementor-element elementor-element-84ecb8d\" data-id=\"84ecb8d\" data-element_type=\"column\" data-e-type=\"column\">\r\n\t\t\t\t\t<div class=\"elementor-widget-wrap elementor-element-populated\">\r\n\t\t\t\t\t\t\t\t<div class=\"elementor-element elementor-element-08a44ef elementor-widget elementor-widget-text-editor\" data-id=\"08a44ef\" data-element_type=\"widget\" data-e-type=\"widget\" data-widget_type=\"text-editor.default\">\n\t\t\t\t<div class=\"elementor-widget-container\">\n\t\t\t\t\t\t\t\t\t<p>Si votre entreprise est consid\u00e9r\u00e9e comme de petite taille, vous pouvez b\u00e9n\u00e9ficier de diverses incitations fiscales qui vous permettront de diff\u00e9rer votre imposition dans l&rsquo;imp\u00f4t sur les soci\u00e9t\u00e9s, rappelez-vous avec nous les conditions que vous devez remplir pour cela.<\/p><p>\u00a0<\/p><p>Dans cet article, nous allons voir les avantages fiscaux et les cl\u00e9s du succ\u00e8s des petites entreprises.<\/p>\t\t\t\t\t\t\t\t<\/div>\n\t\t\t\t<\/div>\n\t\t\t\t\t<\/div>\r\n\t\t\t\t<\/div>\r\n\t\t\t\t\t<\/div>\r\n\t\t\t\t<\/section>\r\n\t\t\t\t<section data-particle_enable=\"false\" data-particle-mobile-disabled=\"false\" class=\"elementor-section elementor-top-section elementor-element elementor-element-a3a4ab2 elementor-section-boxed elementor-section-height-default elementor-section-height-default\" data-id=\"a3a4ab2\" data-element_type=\"section\" data-e-type=\"section\">\r\n\t\t\r\n\t\t\t\t\t\t\t<div class=\"elementor-container elementor-column-gap-default\">\r\n\t\t\t\t\t\t\t\t\t\t\t<div class=\"elementor-column elementor-col-100 elementor-top-column elementor-element elementor-element-c2d8b0d\" data-id=\"c2d8b0d\" data-element_type=\"column\" data-e-type=\"column\">\r\n\t\t\t\t\t<div class=\"elementor-widget-wrap elementor-element-populated\">\r\n\t\t\t\t\t\t\t\t<div class=\"elementor-element elementor-element-d5137be elementor-widget elementor-widget-heading\" data-id=\"d5137be\" data-element_type=\"widget\" data-e-type=\"widget\" data-widget_type=\"heading.default\">\n\t\t\t\t<div class=\"elementor-widget-container\">\n\t\t\t\t\t<h2 class=\"elementor-heading-title elementor-size-default\">R\u00e9gime des petites entreprises<\/h2>\t\t\t\t<\/div>\n\t\t\t\t<\/div>\n\t\t\t\t\t<\/div>\r\n\t\t\t\t<\/div>\r\n\t\t\t\t\t<\/div>\r\n\t\t\t\t<\/section>\r\n\t\t\t\t<section data-particle_enable=\"false\" data-particle-mobile-disabled=\"false\" class=\"elementor-section elementor-top-section elementor-element elementor-element-93a54fd elementor-section-boxed elementor-section-height-default elementor-section-height-default\" data-id=\"93a54fd\" data-element_type=\"section\" data-e-type=\"section\">\r\n\t\t\r\n\t\t\t\t\t\t\t<div class=\"elementor-container elementor-column-gap-default\">\r\n\t\t\t\t\t\t\t\t\t\t\t<div class=\"elementor-column elementor-col-100 elementor-top-column elementor-element elementor-element-7d45d9b\" data-id=\"7d45d9b\" data-element_type=\"column\" data-e-type=\"column\">\r\n\t\t\t\t\t<div class=\"elementor-widget-wrap elementor-element-populated\">\r\n\t\t\t\t\t\t\t\t<div class=\"elementor-element elementor-element-262b7c3 elementor-widget elementor-widget-text-editor\" data-id=\"262b7c3\" data-element_type=\"widget\" data-e-type=\"widget\" data-widget_type=\"text-editor.default\">\n\t\t\t\t<div class=\"elementor-widget-container\">\n\t\t\t\t\t\t\t\t\t<h3 class=\"subtitle2\">Incitations pour les petites entreprises<\/h3><h4>Amortissement acc\u00e9l\u00e9r\u00e9.<\/h4><p>Si votre entreprise est consid\u00e9r\u00e9e comme une entit\u00e9 de petite taille (c&rsquo;est-\u00e0-dire si c&rsquo;est une PME), en quantifiant l&rsquo;imp\u00f4t sur les soci\u00e9t\u00e9s (IS), vous pouvez b\u00e9n\u00e9ficier de certaines incitations qui vous permettent d&rsquo;amortir vos actifs plus rapidement :<\/p><ul><li>Libert\u00e9 d&rsquo;amortissement<\/li><\/ul><p>Tout d&rsquo;abord, vous pouvez opter pour l&rsquo;incitation \u00e0 la libert\u00e9 d&rsquo;amortissement, avec laquelle vous pouvez amortir librement les nouveaux actifs que vous acqu\u00e9rez, jusqu&rsquo;\u00e0 120 000 euros pour chaque travailleur dont l&rsquo;effectif moyen augmente.<\/p><ul><li>Double amortissement<\/li><\/ul><p>Vous pouvez \u00e9galement opter pour le double amortissement, qui permet d&rsquo;amortir les nouveaux actifs selon le coefficient maximum multipli\u00e9 par 2.<\/p><ul><li>Leasing<\/li><\/ul><p>D&rsquo;autre part, dans le cas d&rsquo;actifs acquis par le biais d&rsquo;un cr\u00e9dit-bail, en plus des int\u00e9r\u00eats, votre entreprise peut d\u00e9duire chaque ann\u00e9e le moindre entre le recouvrement du co\u00fbt du cr\u00e9dit-bail et le montant de l&rsquo;amortissement qui r\u00e9sulterait de l&rsquo;application du triple du coefficient maximum.<\/p><h3>Autres avantages pour les petites entreprises<\/h3><p>De m\u00eame, \u00e9tant de petite taille, votre entreprise peut \u00e9galement b\u00e9n\u00e9ficier des incitations suivantes:<\/p><ul><li><h4>D\u00e9t\u00e9rioration g\u00e9n\u00e9rique des clients.<\/h4><\/li><\/ul><p>Il peut \u00eatre comptabilis\u00e9 et d\u00e9duit comme charge de d\u00e9pr\u00e9ciation jusqu&rsquo;\u00e0 1 % du solde des d\u00e9biteurs existant \u00e0 la fin de l&rsquo;exercice.<\/p><ul><li><h4>R\u00e9serve de nivellement.<\/h4><\/li><\/ul><p>Vous pouvez appliquer une r\u00e9duction de 10 % de la base d&rsquo;imposition positive de l&rsquo;exercice (dans la limite d&rsquo;un million d&rsquo;euros).<\/p>\t\t\t\t\t\t\t\t<\/div>\n\t\t\t\t<\/div>\n\t\t\t\t\t<\/div>\r\n\t\t\t\t<\/div>\r\n\t\t\t\t\t<\/div>\r\n\t\t\t\t<\/section>\r\n\t\t\t\t<section data-particle_enable=\"false\" data-particle-mobile-disabled=\"false\" class=\"elementor-section elementor-top-section elementor-element elementor-element-6f690c5 elementor-section-boxed elementor-section-height-default elementor-section-height-default\" data-id=\"6f690c5\" data-element_type=\"section\" data-e-type=\"section\">\r\n\t\t\r\n\t\t\t\t\t\t\t<div class=\"elementor-container elementor-column-gap-default\">\r\n\t\t\t\t\t\t\t\t\t\t\t<div class=\"elementor-column elementor-col-100 elementor-top-column elementor-element elementor-element-fd8c095\" data-id=\"fd8c095\" data-element_type=\"column\" data-e-type=\"column\">\r\n\t\t\t\t\t<div class=\"elementor-widget-wrap elementor-element-populated\">\r\n\t\t\t\t\t\t\t\t<div class=\"elementor-element elementor-element-5d08238 elementor-widget elementor-widget-heading\" data-id=\"5d08238\" data-element_type=\"widget\" data-e-type=\"widget\" data-widget_type=\"heading.default\">\n\t\t\t\t<div class=\"elementor-widget-container\">\n\t\t\t\t\t<h2 class=\"elementor-heading-title elementor-size-default\">Taux d'imposition des petites entreprises \u00e0 partir de 2025<\/h2>\t\t\t\t<\/div>\n\t\t\t\t<\/div>\n\t\t\t\t\t<\/div>\r\n\t\t\t\t<\/div>\r\n\t\t\t\t\t<\/div>\r\n\t\t\t\t<\/section>\r\n\t\t\t\t<section data-particle_enable=\"false\" data-particle-mobile-disabled=\"false\" class=\"elementor-section elementor-top-section elementor-element elementor-element-41a7948 elementor-section-boxed elementor-section-height-default elementor-section-height-default\" data-id=\"41a7948\" data-element_type=\"section\" data-e-type=\"section\">\r\n\t\t\r\n\t\t\t\t\t\t\t<div class=\"elementor-container elementor-column-gap-default\">\r\n\t\t\t\t\t\t\t\t\t\t\t<div class=\"elementor-column elementor-col-100 elementor-top-column elementor-element elementor-element-4057b33\" data-id=\"4057b33\" data-element_type=\"column\" data-e-type=\"column\">\r\n\t\t\t\t\t<div class=\"elementor-widget-wrap\">\r\n\t\t\t\t\t\t\t\t\t<\/div>\r\n\t\t\t\t<\/div>\r\n\t\t\t\t\t<\/div>\r\n\t\t\t\t<\/section>\r\n\t\t\t\t<section data-particle_enable=\"false\" data-particle-mobile-disabled=\"false\" class=\"elementor-section elementor-top-section elementor-element elementor-element-ff99a07 elementor-section-boxed elementor-section-height-default elementor-section-height-default\" data-id=\"ff99a07\" data-element_type=\"section\" data-e-type=\"section\">\r\n\t\t\r\n\t\t\t\t\t\t\t<div class=\"elementor-container elementor-column-gap-default\">\r\n\t\t\t\t\t\t\t\t\t\t\t<div class=\"elementor-column elementor-col-100 elementor-top-column elementor-element elementor-element-400e648\" data-id=\"400e648\" data-element_type=\"column\" data-e-type=\"column\">\r\n\t\t\t\t\t<div class=\"elementor-widget-wrap elementor-element-populated\">\r\n\t\t\t\t\t\t\t\t<div class=\"elementor-element elementor-element-dbfa846 elementor-widget elementor-widget-heading\" data-id=\"dbfa846\" data-element_type=\"widget\" data-e-type=\"widget\" data-widget_type=\"heading.default\">\n\t\t\t\t<div class=\"elementor-widget-container\">\n\t\t\t\t\t<h2 class=\"elementor-heading-title elementor-size-default\">Concept d'entreprise de petite dimension\n<\/h2>\t\t\t\t<\/div>\n\t\t\t\t<\/div>\n\t\t\t\t\t<\/div>\r\n\t\t\t\t<\/div>\r\n\t\t\t\t\t<\/div>\r\n\t\t\t\t<\/section>\r\n\t\t\t\t<section data-particle_enable=\"false\" data-particle-mobile-disabled=\"false\" class=\"elementor-section elementor-top-section elementor-element elementor-element-7117280 elementor-section-boxed elementor-section-height-default elementor-section-height-default\" data-id=\"7117280\" data-element_type=\"section\" data-e-type=\"section\">\r\n\t\t\r\n\t\t\t\t\t\t\t<div class=\"elementor-container elementor-column-gap-default\">\r\n\t\t\t\t\t\t\t\t\t\t\t<div class=\"elementor-column elementor-col-100 elementor-top-column elementor-element elementor-element-c9207b2\" data-id=\"c9207b2\" data-element_type=\"column\" data-e-type=\"column\">\r\n\t\t\t\t\t<div class=\"elementor-widget-wrap elementor-element-populated\">\r\n\t\t\t\t\t\t\t\t<div class=\"elementor-element elementor-element-bb2f288 elementor-widget elementor-widget-text-editor\" data-id=\"bb2f288\" data-element_type=\"widget\" data-e-type=\"widget\" data-widget_type=\"text-editor.default\">\n\t\t\t\t<div class=\"elementor-widget-container\">\n\t\t\t\t\t\t\t\t\t<h3>Qu&rsquo;est-ce qu&rsquo;une petite entreprise ?<\/h3><p>Les entit\u00e9s class\u00e9es comme petites entreprises jouent un r\u00f4le cl\u00e9 dans le tissu \u00e9conomique du pays.<\/p><p>Cette section analyse sa d\u00e9finition, les crit\u00e8res de qualification et les circonstances qui permettent de maintenir ce statut.<\/p><h3>D\u00e9finition selon la loi sur l&rsquo;imp\u00f4t sur les soci\u00e9t\u00e9s<\/h3><p>Selon la r\u00e9glementation en vigueur dans la loi sur l&rsquo;imp\u00f4t sur les soci\u00e9t\u00e9s, une entreprise de petite taille est une entreprise dont le chiffre d&rsquo;affaires net ne d\u00e9passe pas 10 millions d&rsquo;euros au cours de l&rsquo;exercice pr\u00e9c\u00e9dent.<\/p><p>Cette classification permet d&rsquo;appliquer certains avantages fiscaux, offrant un cadre favorable \u00e0 leur d\u00e9veloppement.<\/p><p>Le chiffre d&rsquo;affaires comprend tous les revenus provenant des activit\u00e9s \u00e9conomiques exerc\u00e9es par l&rsquo;entit\u00e9, et le total doit \u00eatre pris en compte dans le cas o\u00f9 l&rsquo;entreprise fait partie d&rsquo;un groupe de soci\u00e9t\u00e9s.<\/p><h3>Crit\u00e8res de qualification<\/h3><p>Pour \u00eatre class\u00e9e comme une entreprise de petite taille, plusieurs crit\u00e8res doivent \u00eatre remplis :<\/p><ul><li>Le chiffre d&rsquo;affaires net doit \u00eatre inf\u00e9rieur \u00e0 10 millions d&rsquo;euros.<\/li><li>Le calcul doit \u00eatre effectu\u00e9 annuellement et prend en compte toutes les activit\u00e9s \u00e9conomiques de l&rsquo;entreprise.<\/li><li>Si l&rsquo;entit\u00e9 appartient \u00e0 un groupe, le chiffre d&rsquo;affaires consolid\u00e9 du groupe sera pris en compte pour la notation.<\/li><\/ul><p>Il est important de noter qu&rsquo;une augmentation des revenus pourrait ne pas signifier une perte imm\u00e9diate de statut, car il existe une marge de trois ans pendant laquelle les b\u00e9n\u00e9fices peuvent continuer \u00e0 \u00eatre appliqu\u00e9s, \u00e0 condition que l&rsquo;entreprise ait maintenu sa taille au cours des deux exercices pr\u00e9c\u00e9dents.<\/p><h3>Situations sp\u00e9ciales et maintien du statut<\/h3><p>Les entreprises qui d\u00e9passent le seuil de 10 millions d&rsquo;euros sur une p\u00e9riode donn\u00e9e, mais qui remplissent certaines conditions, pourront continuer \u00e0 b\u00e9n\u00e9ficier d&rsquo;incitations fiscales pendant une p\u00e9riode suppl\u00e9mentaire.<\/p><p>Ceci est particuli\u00e8rement pertinent dans les cas de restructurations d&rsquo;entreprises o\u00f9 l&rsquo;augmentation du chiffre d&rsquo;affaires est justifi\u00e9e.<\/p><ul><li>Les exigences g\u00e9n\u00e9rales comprennent :<\/li><li>Le d\u00e9passement de la limite doit \u00eatre document\u00e9 et justifi\u00e9.<\/li><\/ul><p>La restructuration des entreprises doit \u00eatre couverte par un r\u00e9gime fiscal sp\u00e9cial.<\/p><p>De cette mani\u00e8re, les entreprises peuvent continuer \u00e0 b\u00e9n\u00e9ficier d&rsquo;un environnement fiscal favorable, ce qui contribue \u00e0 leur durabilit\u00e9 et \u00e0 leur croissance sur le march\u00e9.<\/p><p>Comprendre et g\u00e9rer correctement ces circonstances est essentiel pour maintenir le statut de petite entreprise \u00e0 long terme.<\/p><p>Nous allons approfondir les exigences d&rsquo;une petite entreprise.<\/p>\t\t\t\t\t\t\t\t<\/div>\n\t\t\t\t<\/div>\n\t\t\t\t\t<\/div>\r\n\t\t\t\t<\/div>\r\n\t\t\t\t\t<\/div>\r\n\t\t\t\t<\/section>\r\n\t\t\t\t<section data-particle_enable=\"false\" data-particle-mobile-disabled=\"false\" class=\"elementor-section elementor-top-section elementor-element elementor-element-d9961fb elementor-section-boxed elementor-section-height-default elementor-section-height-default\" data-id=\"d9961fb\" data-element_type=\"section\" data-e-type=\"section\">\r\n\t\t\r\n\t\t\t\t\t\t\t<div class=\"elementor-container elementor-column-gap-default\">\r\n\t\t\t\t\t\t\t\t\t\t\t<div class=\"elementor-column elementor-col-100 elementor-top-column elementor-element elementor-element-427ee93\" data-id=\"427ee93\" data-element_type=\"column\" data-e-type=\"column\">\r\n\t\t\t\t\t<div class=\"elementor-widget-wrap elementor-element-populated\">\r\n\t\t\t\t\t\t\t\t<div class=\"elementor-element elementor-element-38aa92e elementor-widget elementor-widget-heading\" data-id=\"38aa92e\" data-element_type=\"widget\" data-e-type=\"widget\" data-widget_type=\"heading.default\">\n\t\t\t\t<div class=\"elementor-widget-container\">\n\t\t\t\t\t<h2 class=\"elementor-heading-title elementor-size-default\">Avantages fiscaux pour les petites entreprises<\/h2>\t\t\t\t<\/div>\n\t\t\t\t<\/div>\n\t\t\t\t\t<\/div>\r\n\t\t\t\t<\/div>\r\n\t\t\t\t\t<\/div>\r\n\t\t\t\t<\/section>\r\n\t\t\t\t<section data-particle_enable=\"false\" data-particle-mobile-disabled=\"false\" class=\"elementor-section elementor-top-section elementor-element elementor-element-9908341 elementor-section-boxed elementor-section-height-default elementor-section-height-default\" data-id=\"9908341\" data-element_type=\"section\" data-e-type=\"section\">\r\n\t\t\r\n\t\t\t\t\t\t\t<div class=\"elementor-container elementor-column-gap-default\">\r\n\t\t\t\t\t\t\t\t\t\t\t<div class=\"elementor-column elementor-col-100 elementor-top-column elementor-element elementor-element-cbac527\" data-id=\"cbac527\" data-element_type=\"column\" data-e-type=\"column\">\r\n\t\t\t\t\t<div class=\"elementor-widget-wrap elementor-element-populated\">\r\n\t\t\t\t\t\t\t\t<div class=\"elementor-element elementor-element-459b1fd elementor-widget elementor-widget-text-editor\" data-id=\"459b1fd\" data-element_type=\"widget\" data-e-type=\"widget\" data-widget_type=\"text-editor.default\">\n\t\t\t\t<div class=\"elementor-widget-container\">\n\t\t\t\t\t\t\t\t\t<p>Les petites entreprises b\u00e9n\u00e9ficient de divers avantages fiscaux qui leur permettent de g\u00e9rer plus efficacement leur charge fiscale. Ces incitations sont essentielles pour stimuler son d\u00e9veloppement et assurer une meilleure position sur le march\u00e9.<\/p><h3>Libert\u00e9 d&rsquo;amortissement pour les investissements<\/h3><p>La libert\u00e9 d&rsquo;amortissement est un avantage important qui permet \u00e0 ces entreprises d&rsquo;\u00e9tablir leurs propres m\u00e9thodes d&rsquo;amortissement pour les immobilisations.<\/p><h4>Investissements g\u00e9n\u00e9rateurs d&#8217;emplois<\/h4><p>Pour b\u00e9n\u00e9ficier de cette d\u00e9duction, une entreprise doit augmenter son effectif moyen de 10 % dans les 24 mois suivant l&rsquo;acquisition des biens \u00e0 amortir. Cette augmentation favorise non seulement les finances de l&rsquo;entreprise, mais contribue \u00e9galement \u00e0 la cr\u00e9ation d&#8217;emplois.<\/p><h4>Investissements de faible valeur<\/h4><p>Les entit\u00e9s peuvent amortir des actifs dont la valeur unitaire ne d\u00e9passe pas 300 euros, avec une limite maximale de 25 000 euros par p\u00e9riode d&rsquo;imposition. Cela permet aux petits investissements d&rsquo;\u00eatre plus efficaces et d\u00e9ductibles.<\/p><h3>Amortissement acc\u00e9l\u00e9r\u00e9<\/h3><p>L&rsquo;amortissement acc\u00e9l\u00e9r\u00e9 permet aux entreprises de multiplier par deux le coefficient d&rsquo;amortissement lin\u00e9aire maximum \u00e9tabli dans les tableaux officiels.<\/p><h4>Nouveaux \u00e9l\u00e9ments des immobilisations corporelles<\/h4><p>Cet avantage s&rsquo;applique aux nouveaux \u00e9l\u00e9ments acquis des immobilisations corporelles, favorisant ainsi les entreprises qui r\u00e9alisent des investissements dans des biens durables.<\/p><h4>\u00c9l\u00e9ments des immobilisations incorporelles<\/h4><p>En ce qui concerne les \u00e9l\u00e9ments des immobilisations incorporelles, la r\u00e9glementation permet que ceux dont la dur\u00e9e de vie utile ne peut \u00eatre d\u00e9termin\u00e9e de mani\u00e8re fiable soient amortis \u00e0 150 % du montant r\u00e9sultant de l&rsquo;application du coefficient correspondant. Cet aspect est particuli\u00e8rement pertinent pour les entreprises du secteur technologique.<\/p><h3>R\u00e9serve de nivellement des bases d&rsquo;imposition<\/h3><p>La r\u00e9serve de nivellement permet \u00e0 ces entreprises de r\u00e9duire leur base imposable de 10 %, jusqu&rsquo;\u00e0 un plafond de 1 million d&rsquo;euros par an.<\/p><h4>Fonctionnement et avantages<\/h4><p>La r\u00e9serve est consid\u00e9r\u00e9e comme indisponible jusqu&rsquo;\u00e0 ce qu&rsquo;il soit d\u00e9cid\u00e9 de l&rsquo;ajouter \u00e0 la base imposable dans les p\u00e9riodes fiscales futures. Cette mesure permet aux entreprises de capitaliser sur les moments critiques, en allouant une partie de leurs b\u00e9n\u00e9fices \u00e0 ces r\u00e9serves, ce qui peut \u00eatre b\u00e9n\u00e9fique \u00e0 long terme.<\/p><h4>Application dans les p\u00e9riodes d&rsquo;imposition successives<\/h4><p>L&rsquo;application de la r\u00e9serve sur des p\u00e9riodes d&rsquo;imposition successives peut aider \u00e0 \u00e9quilibrer la charge fiscale des ann\u00e9es de revenus plus \u00e9lev\u00e9s, permettant ainsi une meilleure planification financi\u00e8re.<\/p><h3>D\u00e9duction pour pertes pour d\u00e9pr\u00e9ciation de cr\u00e9ances<\/h3><p>Les entreprises peuvent d\u00e9duire les pertes dues \u00e0 la d\u00e9pr\u00e9ciation de leurs comptes, jusqu&rsquo;\u00e0 concurrence de 1 % sur les d\u00e9biteurs \u00e0 la fin de l&rsquo;exercice comptable.<\/p><h4>Insolvabilit\u00e9s possibles des d\u00e9biteurs<\/h4><p>Cette d\u00e9duction assure une protection de l&rsquo;actif circulant dans la comptabilit\u00e9 de l&rsquo;entreprise, essentielle au maintien d&rsquo;une sant\u00e9 financi\u00e8re ad\u00e9quate.<\/p><h4>Calcul selon le pourcentage autoris\u00e9<\/h4><p>Le calcul de la d\u00e9duction est bas\u00e9 sur le pourcentage autoris\u00e9, ce qui fournit aux entreprises un outil pour att\u00e9nuer l&rsquo;impact des d\u00e9fauts de paiement potentiels.<\/p><h3>Location financi\u00e8re en tant que d\u00e9pense d\u00e9ductible<\/h3><p>Les biens acquis dans le cadre du r\u00e9gime de cr\u00e9dit-bail peuvent \u00eatre consid\u00e9r\u00e9s comme des charges d\u00e9ductibles dans la partie correspondant au recouvrement du co\u00fbt des actifs amortissables.<\/p><h4>Conditions du r\u00e9gime sp\u00e9cial<\/h4><p>Ce r\u00e9gime a certaines conditions qui doivent \u00eatre remplies, ce qui offre aux entreprises la possibilit\u00e9 d&rsquo;optimiser leur d\u00e9claration fiscale gr\u00e2ce \u00e0 une gestion ad\u00e9quate.<\/p><h4>Optimisation des flux de tr\u00e9sorerie<\/h4><p>La d\u00e9duction des d\u00e9penses d\u00e9coulant de ce type de baux permet une gestion plus efficace des flux de tr\u00e9sorerie, cruciale pour le fonctionnement quotidien de toute entreprise.<\/p>\t\t\t\t\t\t\t\t<\/div>\n\t\t\t\t<\/div>\n\t\t\t\t\t<\/div>\r\n\t\t\t\t<\/div>\r\n\t\t\t\t\t<\/div>\r\n\t\t\t\t<\/section>\r\n\t\t\t\t<section data-particle_enable=\"false\" data-particle-mobile-disabled=\"false\" class=\"elementor-section elementor-top-section elementor-element elementor-element-7440898 elementor-section-boxed elementor-section-height-default elementor-section-height-default\" data-id=\"7440898\" data-element_type=\"section\" data-e-type=\"section\">\r\n\t\t\r\n\t\t\t\t\t\t\t<div class=\"elementor-container elementor-column-gap-default\">\r\n\t\t\t\t\t\t\t\t\t\t\t<div class=\"elementor-column elementor-col-100 elementor-top-column elementor-element elementor-element-5a98a5d\" data-id=\"5a98a5d\" data-element_type=\"column\" data-e-type=\"column\">\r\n\t\t\t\t\t<div class=\"elementor-widget-wrap elementor-element-populated\">\r\n\t\t\t\t\t\t\t\t<div class=\"elementor-element elementor-element-f8d0225 elementor-widget elementor-widget-heading\" data-id=\"f8d0225\" data-element_type=\"widget\" data-e-type=\"widget\" data-widget_type=\"heading.default\">\n\t\t\t\t<div class=\"elementor-widget-container\">\n\t\t\t\t\t<h2 class=\"elementor-heading-title elementor-size-default\">Conditions requises pour \u00eatre une petite entreprise<\/h2>\t\t\t\t<\/div>\n\t\t\t\t<\/div>\n\t\t\t\t\t<\/div>\r\n\t\t\t\t<\/div>\r\n\t\t\t\t\t<\/div>\r\n\t\t\t\t<\/section>\r\n\t\t\t\t<section data-particle_enable=\"false\" data-particle-mobile-disabled=\"false\" class=\"elementor-section elementor-top-section elementor-element elementor-element-7d419dc elementor-section-boxed elementor-section-height-default elementor-section-height-default\" data-id=\"7d419dc\" data-element_type=\"section\" data-e-type=\"section\">\r\n\t\t\r\n\t\t\t\t\t\t\t<div class=\"elementor-container elementor-column-gap-default\">\r\n\t\t\t\t\t\t\t\t\t\t\t<div class=\"elementor-column elementor-col-100 elementor-top-column elementor-element elementor-element-ba05000\" data-id=\"ba05000\" data-element_type=\"column\" data-e-type=\"column\">\r\n\t\t\t\t\t<div class=\"elementor-widget-wrap elementor-element-populated\">\r\n\t\t\t\t\t\t\t\t<div class=\"elementor-element elementor-element-5571ae9 elementor-widget elementor-widget-text-editor\" data-id=\"5571ae9\" data-element_type=\"widget\" data-e-type=\"widget\" data-widget_type=\"text-editor.default\">\n\t\t\t\t<div class=\"elementor-widget-container\">\n\t\t\t\t\t\t\t\t\t<h3 class=\"subtitle2\">R\u00e8gle des dix millions<\/h3><h4>Chiffre d&rsquo;affaires<\/h4><p>Pour que votre entreprise soit consid\u00e9r\u00e9e comme une PME (c&rsquo;est-\u00e0-dire de petite taille) et puisse b\u00e9n\u00e9ficier de ces incitations fiscales dans votre IS, il est n\u00e9cessaire &#8211; entre autres exigences &#8211; que votre chiffre d&rsquo;affaires (ou celui de votre groupe s&rsquo;il en appartient \u00e0 un) ait \u00e9t\u00e9 inf\u00e9rieur \u00e0 dix millions d&rsquo;euros au cours de l&rsquo;exercice pr\u00e9c\u00e9dent.<\/p><p>Les entreprises qui sont consid\u00e9r\u00e9es comme des <strong>entit\u00e9s patrimoniales<\/strong> &#8211; celles dans lesquelles plus de la moiti\u00e9 de l&rsquo;actif est constitu\u00e9 de titres ou n&rsquo;est pas affect\u00e9 \u00e0 une activit\u00e9 \u00e9conomique &#8211; ne peuvent pas appliquer les incitations des PME.<\/p><p>C&rsquo;est le cas quel que soit votre chiffre d&rsquo;affaires.<\/p><h3>Calcul du chiffre d&rsquo;affaires d&rsquo;une entreprise<\/h3><p>Pour calculer correctement le chiffre d&rsquo;affaires, vous devez effectuer les op\u00e9rations suivantes :<\/p><ul><li><h4>Des concepts qui s&rsquo;ajoutent<\/h4><\/li><\/ul><p>Calculez les ventes de biens ou de services habituels dans l&rsquo;activit\u00e9, sans compter la TVA r\u00e9percut\u00e9e, et ajoutez les subventions qui ont \u00e9t\u00e9 obtenues en fonction des unit\u00e9s de produit vendues par l&rsquo;entreprise.<\/p><ul><li><h4>Concepts qui soustraient\u00a0<\/h4><\/li><\/ul><p>Comptez avec un signe n\u00e9gatif les retours de vente, ainsi que les rappels et les remises accord\u00e9es.<\/p><p>Ni les ventes d&rsquo;immobilisations utilis\u00e9es dans l&rsquo;activit\u00e9, ni les subventions pour r\u00e9aliser des investissements, ni les revenus financiers (sauf si la fourniture de services financiers fait partie des activit\u00e9s habituelles de l&rsquo;entreprise) ne doivent pas \u00eatre pris en compte.<\/p><h3>Chiffre d&rsquo;affaires d&rsquo;un groupe d&rsquo;entreprises<\/h3><p>Lorsqu&rsquo;il s&rsquo;agit de d\u00e9terminer son chiffre d&rsquo;affaires (et de voir s&rsquo;il est inf\u00e9rieur ou non \u00e0 dix millions d&rsquo;euros), si votre entreprise fait partie d&rsquo;un groupe, ce chiffre fera r\u00e9f\u00e9rence \u00e0 celui de l&rsquo;ensemble des entit\u00e9s du groupe (compte tenu des suppressions et des incorporations \u00e9tablies par la r\u00e9glementation comptable).<\/p><p>\u00c0 cet effet :<\/p><ul><li><h4>Groupe commercial<\/h4><\/li><\/ul><p>Tout d&rsquo;abord, il doit tenir compte du chiffre d&rsquo;affaires des soci\u00e9t\u00e9s qui font partie du m\u00eame groupe commercial, que ce groupe soit tenu ou non d&rsquo;\u00e9tablir des comptes annuels consolid\u00e9s.<\/p><ul><li><h4>Groupe familial<\/h4><\/li><\/ul><p>Si votre groupe ou votre entreprise est contr\u00f4l\u00e9 par un associ\u00e9 personne physique qui, seul ou avec son conjoint ou des parents jusqu&rsquo;au deuxi\u00e8me degr\u00e9 (parents, grands-parents, fr\u00e8res et s\u0153urs, enfants et petits-enfants), contr\u00f4le d&rsquo;autres entreprises, vous devez \u00e9galement calculer le chiffre d&rsquo;affaires de ces entreprises.<\/p><ul><li><h4>Activit\u00e9 individuelle<\/h4><\/li><\/ul><p>Enfin, si l&rsquo;associ\u00e9 personne physique qui d\u00e9tient le contr\u00f4le exerce une activit\u00e9 \u00e9conomique pour son propre compte, il doit \u00e9galement calculer le chiffre d&rsquo;affaires que ledit associ\u00e9 obtient pour son activit\u00e9.<\/p><h3>R\u00e8gle des trois ans<\/h3><h4>R\u00e8gle sp\u00e9ciale<\/h4><p>N&rsquo;oubliez pas que m\u00eame si, au cours d&rsquo;un exercice, le chiffre d&rsquo;affaires de votre entreprise <strong>d\u00e9passe dix millions<\/strong> et, en principe, cesse d&rsquo;\u00eatre r\u00e9duit au cours de la p\u00e9riode d&rsquo;imposition suivante, il est possible que vous puissiez encore continuer \u00e0 b\u00e9n\u00e9ficier des incitations des PME pendant trois exercices suppl\u00e9mentaires.<\/p><p>Plus pr\u00e9cis\u00e9ment, cela se produira lorsque, au cours de cet exercice et dans les deux pr\u00e9c\u00e9dents, il a <strong>rempli les conditions<\/strong> pour \u00eatre consid\u00e9r\u00e9 comme une PME.<\/p><h3>Exemple 1 d&rsquo;entreprise de petite taille<\/h3><p>Avec les donn\u00e9es ci-dessous, m\u00eame si en 2024 son chiffre d&rsquo;affaires a d\u00e9pass\u00e9 dix millions, votre entreprise pourra continuer \u00e0 appliquer les incitations de petite taille dans l&rsquo;IS des exercices 2025, 2026 et 2027 (donn\u00e9es en millions d&rsquo;euros) :<\/p><table rules=\"all\"><tbody><tr><td>Concept<\/td><td>2021<\/td><td>2022<\/td><td>2023<\/td><td>2024<\/td><td>2025<\/td><\/tr><tr><td>Chiffre d&rsquo;affaires<\/td><td>5<\/td><td>6<\/td><td>9<\/td><td>13<\/td><td>14<\/td><\/tr><tr><td>R\u00e8gle 10 millions ?<\/td><td>&#8211;<\/td><td>S\u00ed<\/td><td>S\u00ed<\/td><td>S\u00ed<\/td><td>No (1)<\/td><\/tr><tr><td>Des incitations ?<\/td><td>&#8211;<\/td><td>S\u00ed<\/td><td>S\u00ed<\/td><td>S\u00ed<\/td><td>S\u00ed (1)<\/td><\/tr><\/tbody><\/table><p class=\"li-tab-legend-number\">\u00c9tant donn\u00e9 qu&rsquo;en 2024, le chiffre d&rsquo;affaires d\u00e9passe les dix millions, en principe, en 2025, elle cessera d&rsquo;\u00eatre une PME.<\/p><p class=\"li-tab-legend-number\">Cependant, comme vous remplissiez les conditions requises pour \u00eatre une PME en 2022 et 2023, vous pouvez continuer \u00e0 b\u00e9n\u00e9ficier des incitations en 2025, 2026 et 2027.<\/p><h3 class=\"li-tab-legend-number\">Exemple 2 d&rsquo;entreprise de petite taille<\/h3><p class=\"li-tab-legend-number\">Dans l&rsquo;exemple 1, si le chiffre d&rsquo;affaires de 2022 avait \u00e9t\u00e9 de 12 millions d&rsquo;euros, en 2025 <strong>la r\u00e8gle des trois ans ne s&rsquo;appliquerait pas<\/strong> et l&rsquo;entreprise ne pourrait pas b\u00e9n\u00e9ficier des incitations des PME :<\/p><table rules=\"all\"><tbody><tr><td>Concept<\/td><td>2021<\/td><td>2022<\/td><td>2023<\/td><td>2024<\/td><td>2025<\/td><\/tr><tr><td>Chiffre d&rsquo;affaires<\/td><td>5<\/td><td>12<\/td><td>9<\/td><td>13<\/td><td>14<\/td><\/tr><tr><td>R\u00e8gle 10 millions ?<\/td><td>&#8211;<\/td><td>S\u00ed<\/td><td>No<\/td><td>S\u00ed<\/td><td>No (2)<\/td><\/tr><tr><td>Des incitations ?<\/td><td>&#8211;<\/td><td>S\u00ed<\/td><td>(1)<\/td><td>S\u00ed<\/td><td>No (2)<\/td><\/tr><\/tbody><\/table><p class=\"li-tab-legend-number\">En 2023, les incitations pour les PME pourraient s&rsquo;appliquer si, en 2020 et 2021, l&rsquo;entreprise a rempli les conditions pour \u00eatre consid\u00e9r\u00e9e comme de petite taille.<\/p><p class=\"li-tab-legend-number\">\u00c9tant donn\u00e9 qu&rsquo;en 2024 le chiffre d&rsquo;affaires d\u00e9passe les dix millions, en 2025 l&rsquo;entreprise n&rsquo;est pas une PME.<\/p><p class=\"li-tab-legend-number\">La r\u00e8gle des trois ans ne s&rsquo;applique pas (en 2022, le chiffre d&rsquo;affaires d\u00e9passe les dix millions).<\/p><h3 class=\"li-tab-legend-number\">Groupe: formation et croissance<\/h3><h4 class=\"li-tab-legend-number\">Hypoth\u00e8se douteuse.<\/h4><p class=\"li-tab-legend-number\">Dans le cas o\u00f9, au cours d&rsquo;un exercice, votre entreprise est int\u00e9gr\u00e9e \u00e0 un groupe d&rsquo;entreprises ou dans le cas o\u00f9, d\u00e9j\u00e0 en faisant partie d&rsquo;une entreprise, une autre soci\u00e9t\u00e9 y est ajout\u00e9e, des doutes peuvent surgir quant \u00e0 la mani\u00e8re d&rsquo;appliquer les r\u00e8gles susmentionn\u00e9es.<\/p><p class=\"li-tab-legend-number\">Voir ci-dessous un exemple sur la fa\u00e7on d&rsquo;agir dans ces cas.<\/p><h3 class=\"li-tab-legend-number\">Exemple de groupe d&rsquo;entreprises<\/h3><p class=\"li-tab-legend-number\">D\u00e9but 2024, la soci\u00e9t\u00e9 A a acquis 100 % des participations de B, constituant avec elle un groupe. Le chiffre d&rsquo;affaires des soci\u00e9t\u00e9s A et B a \u00e9t\u00e9 le suivant (en millions d&rsquo;euros) :<\/p><table rules=\"all\"><tbody><tr><td>Concept<\/td><td>2021<\/td><td>2022<\/td><td>2023<\/td><td>2024<\/td><td>2025<\/td><\/tr><tr><td>Soci\u00e9t\u00e9 A<\/td><td>11<\/td><td>12<\/td><td>12<\/td><td>14<\/td><td>14<\/td><\/tr><tr><td>Soci\u00e9t\u00e9 B<\/td><td>1<\/td><td>2<\/td><td>2<\/td><td>3<\/td><td>4<\/td><\/tr><tr><td>Groupe (chiffre consolid\u00e9)<\/td><td>&#8211;<\/td><td>&#8211;<\/td><td>&#8211;<\/td><td>17<\/td><td>18<\/td><\/tr><\/tbody><\/table><p>\u00a0<\/p><p><b>Solution<\/b><b>\u00a0<\/b><\/p><p>Avec ces donn\u00e9es, la soci\u00e9t\u00e9 A n&rsquo;a pas le droit d&rsquo;appliquer le r\u00e9gime des PME ni en 2024 ni en 2025 (son chiffre d&rsquo;affaires individuel et de groupe a toujours \u00e9t\u00e9 sup\u00e9rieur \u00e0 dix millions).<\/p><p>Toutefois, dans le cas de la soci\u00e9t\u00e9 B :<\/p><ul><li>En 2024, il ne peut plus \u00eatre consid\u00e9r\u00e9 comme de petite taille selon la r\u00e8gle des dix millions, car en 2023 le chiffre d&rsquo;affaires du groupe d\u00e9passe ce montant.<\/li><li>Cependant, \u00e9tant donn\u00e9 qu&rsquo;en 2023 (qui est l&rsquo;exercice o\u00f9 le chiffre d&rsquo;affaires d\u00e9passe les dix millions) et en 2022 et 2021, la soci\u00e9t\u00e9 remplissait les conditions pour \u00eatre consid\u00e9r\u00e9e comme une PME, elle pourra b\u00e9n\u00e9ficier de la r\u00e8gle des trois ans et b\u00e9n\u00e9ficier \u00e9galement des incitations des PME en 2024, 2025 et 2026.<\/li><\/ul><p>Selon un crit\u00e8re alternatif, dans cet exemple, il faudrait consid\u00e9rer que les dix millions ont \u00e9t\u00e9 d\u00e9pass\u00e9s en 2024 (en 2023, la soci\u00e9t\u00e9 B ne devrait prendre en compte que son chiffre d&rsquo;affaires individuel de deux millions).<\/p><p>Ce crit\u00e8re permettrait \u00e0 la soci\u00e9t\u00e9 B d&rsquo;appliquer les incitations aux PME jusqu&rsquo;en 2027.<\/p>\t\t\t\t\t\t\t\t<\/div>\n\t\t\t\t<\/div>\n\t\t\t\t\t<\/div>\r\n\t\t\t\t<\/div>\r\n\t\t\t\t\t<\/div>\r\n\t\t\t\t<\/section>\r\n\t\t\t\t<section data-particle_enable=\"false\" data-particle-mobile-disabled=\"false\" class=\"elementor-section elementor-top-section elementor-element elementor-element-d5060dd elementor-section-boxed elementor-section-height-default elementor-section-height-default\" data-id=\"d5060dd\" data-element_type=\"section\" data-e-type=\"section\">\r\n\t\t\r\n\t\t\t\t\t\t\t<div class=\"elementor-container elementor-column-gap-default\">\r\n\t\t\t\t\t\t\t\t\t\t\t<div class=\"elementor-column elementor-col-100 elementor-top-column elementor-element elementor-element-da7b587\" data-id=\"da7b587\" data-element_type=\"column\" data-e-type=\"column\">\r\n\t\t\t\t\t<div class=\"elementor-widget-wrap elementor-element-populated\">\r\n\t\t\t\t\t\t\t\t<div class=\"elementor-element elementor-element-44f1573 elementor-widget elementor-widget-text-editor\" data-id=\"44f1573\" data-element_type=\"widget\" data-e-type=\"widget\" data-widget_type=\"text-editor.default\">\n\t\t\t\t<div class=\"elementor-widget-container\">\n\t\t\t\t\t\t\t\t\t<p>M\u00eame si le chiffre d&rsquo;affaires de votre entreprise d\u00e9passe dix millions d&rsquo;euros, n&rsquo;oubliez pas que, dans certains cas, vous pouvez continuer \u00e0 appliquer les incitations des petites entreprises pendant trois ann\u00e9es suppl\u00e9mentaires.<\/p>\t\t\t\t\t\t\t\t<\/div>\n\t\t\t\t<\/div>\n\t\t\t\t\t<\/div>\r\n\t\t\t\t<\/div>\r\n\t\t\t\t\t<\/div>\r\n\t\t\t\t<\/section>\r\n\t\t\t\t<section data-particle_enable=\"false\" data-particle-mobile-disabled=\"false\" class=\"elementor-section elementor-top-section elementor-element elementor-element-bb5cba1 elementor-section-boxed elementor-section-height-default elementor-section-height-default\" data-id=\"bb5cba1\" data-element_type=\"section\" data-e-type=\"section\">\r\n\t\t\r\n\t\t\t\t\t\t\t<div class=\"elementor-container elementor-column-gap-default\">\r\n\t\t\t\t\t\t\t\t\t\t\t<div class=\"elementor-column elementor-col-100 elementor-top-column elementor-element elementor-element-5115224\" data-id=\"5115224\" data-element_type=\"column\" data-e-type=\"column\">\r\n\t\t\t\t\t<div class=\"elementor-widget-wrap elementor-element-populated\">\r\n\t\t\t\t\t\t\t\t<div class=\"elementor-element elementor-element-b7d51c6 elementor-widget elementor-widget-heading\" data-id=\"b7d51c6\" data-element_type=\"widget\" data-e-type=\"widget\" data-widget_type=\"heading.default\">\n\t\t\t\t<div class=\"elementor-widget-container\">\n\t\t\t\t\t<h2 class=\"elementor-heading-title elementor-size-default\">Implications du statut d'entreprise de petite dimension<\/h2>\t\t\t\t<\/div>\n\t\t\t\t<\/div>\n\t\t\t\t\t<\/div>\r\n\t\t\t\t<\/div>\r\n\t\t\t\t\t<\/div>\r\n\t\t\t\t<\/section>\r\n\t\t\t\t<section data-particle_enable=\"false\" data-particle-mobile-disabled=\"false\" class=\"elementor-section elementor-top-section elementor-element elementor-element-7eb7275 elementor-section-boxed elementor-section-height-default elementor-section-height-default\" data-id=\"7eb7275\" data-element_type=\"section\" data-e-type=\"section\">\r\n\t\t\r\n\t\t\t\t\t\t\t<div class=\"elementor-container elementor-column-gap-default\">\r\n\t\t\t\t\t\t\t\t\t\t\t<div class=\"elementor-column elementor-col-100 elementor-top-column elementor-element elementor-element-c32bd04\" data-id=\"c32bd04\" data-element_type=\"column\" data-e-type=\"column\">\r\n\t\t\t\t\t<div class=\"elementor-widget-wrap elementor-element-populated\">\r\n\t\t\t\t\t\t\t\t<div class=\"elementor-element elementor-element-616ff98 elementor-widget elementor-widget-text-editor\" data-id=\"616ff98\" data-element_type=\"widget\" data-e-type=\"widget\" data-widget_type=\"text-editor.default\">\n\t\t\t\t<div class=\"elementor-widget-container\">\n\t\t\t\t\t\t\t\t\t<p>Le statut de petite entreprise influence divers aspects de la planification op\u00e9rationnelle et financi\u00e8re. Les implications sont importantes, affectant \u00e0 la fois les strat\u00e9gies d&rsquo;investissement et les possibilit\u00e9s de financement.<\/p><h3>Impact sur les strat\u00e9gies d&rsquo;investissement et de croissance<\/h3><p>Les entreprises class\u00e9es comme de petite taille ont g\u00e9n\u00e9ralement une plus grande flexibilit\u00e9 pour r\u00e9aliser des investissements strat\u00e9giques. Gr\u00e2ce \u00e0 leurs avantages fiscaux, ils peuvent r\u00e9investir leurs \u00e9conomies dans les nouvelles technologies, la formation du personnel et l&rsquo;expansion du march\u00e9. Ce potentiel de r\u00e9investissement se traduit par :<\/p><ul><li>Facilitation de l&rsquo;innovation : La r\u00e9duction de la charge fiscale permet d&rsquo;allouer davantage de ressources \u00e0 la recherche et au d\u00e9veloppement, stimulant l&rsquo;innovation des produits et des services.<\/li><li>Croissance soutenue : Les entreprises peuvent planifier leur croissance \u00e0 long terme, en fonction des incitations qu&rsquo;elles re\u00e7oivent, ce qui favorise l&#8217;embauche de nouveaux employ\u00e9s et la cr\u00e9ation de valeur ajout\u00e9e.<\/li><\/ul><h3>Possibilit\u00e9s de financement et d&rsquo;acc\u00e8s au capital<\/h3><p>Le statut d&rsquo;entreprise de petite taille affecte non seulement la charge fiscale, mais aussi la perception que les investisseurs ont de la solidit\u00e9 financi\u00e8re de l&rsquo;entreprise. Les entit\u00e9s qui conservent ce statut jouissent g\u00e9n\u00e9ralement d&rsquo;une image favorable aupr\u00e8s des banques et des investisseurs, ce qui se traduit par :<\/p><ul><li>Conditions pr\u00e9f\u00e9rentielles : L&rsquo;acc\u00e8s au cr\u00e9dit et au financement est plus facile, avec des conditions plus avantageuses, ce qui permet d&rsquo;assurer des ressources pour les projets d&rsquo;investissement.<\/li><li>Int\u00e9r\u00eat des investisseurs : Les entreprises qui b\u00e9n\u00e9ficient d&rsquo;incitations fiscales attirent plus facilement les capitaux priv\u00e9s, car les investisseurs voient un potentiel de croissance r\u00e9duit dans d&rsquo;autres formes d&rsquo;entreprise.<\/li><\/ul><h3>Perte de statut et ses cons\u00e9quences fiscales<\/h3><p>Une fois qu&rsquo;une entreprise d\u00e9passe le seuil de chiffre d&rsquo;affaires \u00e9tabli, son classement devient grand, ce qui entra\u00eene un certain nombre d&rsquo;inconv\u00e9nients fiscaux. Les cons\u00e9quences les plus importantes comprennent :<\/p><ul><li>Suppression des avantages fiscaux : La perte de statut entra\u00eene une baisse de l&rsquo;acc\u00e8s aux d\u00e9ductions, ce qui peut entra\u00eener une charge fiscale accrue et limiter les possibilit\u00e9s de r\u00e9investissement.<\/li><li>Impact sur la planification financi\u00e8re : La gestion et les projections financi\u00e8res doivent \u00eatre r\u00e9ajust\u00e9es, ce qui peut retarder les projets en cours et affecter la comp\u00e9titivit\u00e9 du march\u00e9.<\/li><\/ul><p>Le maintien du statut de petite entreprise est donc essentiel pour assurer un panorama fiscal favorable et favoriser un environnement de croissance solide et durable.<\/p>\t\t\t\t\t\t\t\t<\/div>\n\t\t\t\t<\/div>\n\t\t\t\t\t<\/div>\r\n\t\t\t\t<\/div>\r\n\t\t\t\t\t<\/div>\r\n\t\t\t\t<\/section>\r\n\t\t\t\t<section data-particle_enable=\"false\" data-particle-mobile-disabled=\"false\" class=\"elementor-section elementor-top-section elementor-element elementor-element-7246898 elementor-section-boxed elementor-section-height-default elementor-section-height-default\" data-id=\"7246898\" data-element_type=\"section\" data-e-type=\"section\">\r\n\t\t\r\n\t\t\t\t\t\t\t<div class=\"elementor-container elementor-column-gap-default\">\r\n\t\t\t\t\t\t\t\t\t\t\t<div class=\"elementor-column elementor-col-100 elementor-top-column elementor-element elementor-element-49101ae\" data-id=\"49101ae\" data-element_type=\"column\" data-e-type=\"column\">\r\n\t\t\t\t\t<div class=\"elementor-widget-wrap elementor-element-populated\">\r\n\t\t\t\t\t\t\t\t<div class=\"elementor-element elementor-element-66b5ee3 elementor-widget elementor-widget-heading\" data-id=\"66b5ee3\" data-element_type=\"widget\" data-e-type=\"widget\" data-widget_type=\"heading.default\">\n\t\t\t\t<div class=\"elementor-widget-container\">\n\t\t\t\t\t<h2 class=\"elementor-heading-title elementor-size-default\">Foire aux questions sur les petites entreprises<\/h2>\t\t\t\t<\/div>\n\t\t\t\t<\/div>\n\t\t\t\t\t<\/div>\r\n\t\t\t\t<\/div>\r\n\t\t\t\t\t<\/div>\r\n\t\t\t\t<\/section>\r\n\t\t\t\t<section data-particle_enable=\"false\" data-particle-mobile-disabled=\"false\" class=\"elementor-section elementor-top-section elementor-element elementor-element-1dd3cc5 elementor-section-boxed elementor-section-height-default elementor-section-height-default\" data-id=\"1dd3cc5\" data-element_type=\"section\" data-e-type=\"section\">\r\n\t\t\r\n\t\t\t\t\t\t\t<div class=\"elementor-container elementor-column-gap-default\">\r\n\t\t\t\t\t\t\t\t\t\t\t<div class=\"elementor-column elementor-col-100 elementor-top-column elementor-element elementor-element-dbdbf4e\" data-id=\"dbdbf4e\" data-element_type=\"column\" data-e-type=\"column\">\r\n\t\t\t\t\t<div class=\"elementor-widget-wrap elementor-element-populated\">\r\n\t\t\t\t\t\t\t\t<div class=\"elementor-element elementor-element-d8d7f9b elementor-widget elementor-widget-text-editor\" data-id=\"d8d7f9b\" data-element_type=\"widget\" data-e-type=\"widget\" data-widget_type=\"text-editor.default\">\n\t\t\t\t<div class=\"elementor-widget-container\">\n\t\t\t\t\t\t\t\t\t<p>Les petites entreprises suscitent souvent diverses pr\u00e9occupations li\u00e9es \u00e0 leur fonctionnement et \u00e0 leurs b\u00e9n\u00e9fices. Voici quelques questions fr\u00e9quemment pos\u00e9es ainsi que leurs r\u00e9ponses.<\/p><h3>Diff\u00e9rences entre les petites entreprises et les autres entreprises<\/h3><p>Les principales diff\u00e9rences entre les petites entreprises et les grandes entreprises r\u00e9sident dans leurs dimensions financi\u00e8res et dans les avantages fiscaux auxquels elles peuvent b\u00e9n\u00e9ficier. Les caract\u00e9ristiques les plus notables sont :<\/p><ul><li><strong>Chiffre d&rsquo;affaires<\/strong> : Les petites entreprises ont un chiffre d&rsquo;affaires net inf\u00e9rieur \u00e0 10 millions d&rsquo;euros, tandis que les grandes entreprises d\u00e9passent ce seuil.<\/li><li><strong>Avantages fiscaux<\/strong> : Les petites entit\u00e9s b\u00e9n\u00e9ficient de certaines incitations fiscales qui ne sont pas disponibles pour les grandes entreprises. Cela comprend des mesures telles que la libert\u00e9 d&rsquo;amortissement et l&rsquo;amortissement acc\u00e9l\u00e9r\u00e9.<\/li><li><strong>Flexibilit\u00e9 administrative<\/strong> : Les petites entreprises ont g\u00e9n\u00e9ralement une structure organisationnelle plus agile, ce qui leur permet de s&rsquo;adapter rapidement aux changements du march\u00e9.<\/li><\/ul><h3>Comment appliquer correctement les avantages fiscaux<\/h3><p>Pour s&rsquo;assurer que les avantages fiscaux sont correctement appliqu\u00e9s, les entreprises doivent :<\/p><ul><li>Documentation pr\u00e9cise : Tenir des registres appropri\u00e9s justifiant l&rsquo;application de d\u00e9ductions, de cr\u00e9dits et d&rsquo;amortissements.<\/li><li>Conseil fiscal : Avoir le soutien d&rsquo;un conseiller fiscal qui conna\u00eet en profondeur les exigences et les avantages que les petites entreprises peuvent appliquer.<\/li><li>Connaissance des changements r\u00e9glementaires : \u00catre inform\u00e9 des mises \u00e0 jour de la l\u00e9gislation fiscale qui peuvent affecter les incitations disponibles.<\/li><\/ul><h3>Effets des changements sur le chiffre d&rsquo;affaires<\/h3><p>L&rsquo;\u00e9volution du chiffre d&rsquo;affaires peut avoir des implications significatives pour les petites entreprises. Certains des effets comprennent:<\/p><ul><li>Perte de statut : Si une entreprise d\u00e9passe 10 millions d&rsquo;euros, elle perd son statut de petite taille, ce qui peut entra\u00eener la perte de certains avantages fiscaux.<\/li><li>Avantages temporaires : Bien qu&rsquo;elles d\u00e9passent cette limite, les entreprises peuvent b\u00e9n\u00e9ficier d&rsquo;avantages fiscaux pendant trois ann\u00e9es suppl\u00e9mentaires si elles ont conserv\u00e9 le statut au cours des exercices pr\u00e9c\u00e9dents.<\/li><li>Planification fiscale : Il est essentiel de proc\u00e9der \u00e0 une planification fiscale appropri\u00e9e face \u00e0 l&rsquo;\u00e9volution des revenus, afin d&rsquo;\u00e9valuer si des ajustements de la strat\u00e9gie commerciale doivent \u00eatre apport\u00e9s.<\/li><\/ul>\t\t\t\t\t\t\t\t<\/div>\n\t\t\t\t<\/div>\n\t\t\t\t\t<\/div>\r\n\t\t\t\t<\/div>\r\n\t\t\t\t\t<\/div>\r\n\t\t\t\t<\/section>\r\n\t\t\t\t<section data-particle_enable=\"false\" data-particle-mobile-disabled=\"false\" class=\"elementor-section elementor-top-section elementor-element elementor-element-6006cf5 elementor-section-boxed elementor-section-height-default elementor-section-height-default\" data-id=\"6006cf5\" data-element_type=\"section\" data-e-type=\"section\">\r\n\t\t\r\n\t\t\t\t\t\t\t<div class=\"elementor-container elementor-column-gap-default\">\r\n\t\t\t\t\t\t\t\t\t\t\t<div class=\"elementor-column elementor-col-100 elementor-top-column elementor-element elementor-element-5adc438\" data-id=\"5adc438\" data-element_type=\"column\" data-e-type=\"column\">\r\n\t\t\t\t\t<div class=\"elementor-widget-wrap elementor-element-populated\">\r\n\t\t\t\t\t\t\t\t<div class=\"elementor-element elementor-element-42a82af elementor-widget elementor-widget-author-box\" data-id=\"42a82af\" data-element_type=\"widget\" data-e-type=\"widget\" data-widget_type=\"author-box.default\">\n\t\t\t\t<div class=\"elementor-widget-container\">\n\t\t\t\t\t\t\t<div class=\"elementor-author-box\">\n\t\t\t\t\t\t\t<a href=\"https:\/\/www.linkedin.com\/in\/patrick-gordinne-perez-1b73aab3\/\" class=\"elementor-author-box__avatar\">\n\t\t\t\t\t<img decoding=\"async\" src=\"https:\/\/www.asesoriaorihuelacosta.com\/wp-content\/uploads\/2023\/09\/Asesoria-Orihuela-Costa-9-of-18-Grande-300x200.jpeg\" alt=\"Picture of Patrick Gordinne Perez\" loading=\"lazy\">\n\t\t\t\t<\/a>\n\t\t\t\n\t\t\t<div class=\"elementor-author-box__text\">\n\t\t\t\t\t\t\t\t\t<a href=\"https:\/\/www.linkedin.com\/in\/patrick-gordinne-perez-1b73aab3\/\">\n\t\t\t\t\t\t<h4 class=\"elementor-author-box__name\">\n\t\t\t\t\t\t\tPatrick Gordinne Perez\t\t\t\t\t\t<\/h4>\n\t\t\t\t\t<\/a>\n\t\t\t\t\n\t\t\t\t\t\t\t\t\t<div class=\"elementor-author-box__bio\">\n\t\t\t\t\t\t<p>Fondateur d'Asesoria Orihuela Costa et dipl\u00f4m\u00e9 en \u00e9conomie de l'Universit\u00e9 d'Alicante<\/p>\n\t\t\t\t\t<\/div>\n\t\t\t\t\n\t\t\t\t\t\t\t<\/div>\n\t\t<\/div>\n\t\t\t\t\t\t<\/div>\n\t\t\t\t<\/div>\n\t\t\t\t\t<\/div>\r\n\t\t\t\t<\/div>\r\n\t\t\t\t\t<\/div>\r\n\t\t\t\t<\/section>\r\n\t\t\t\t<\/div>\n\t\t","protected":false},"excerpt":{"rendered":"<p>Si votre entreprise est consid\u00e9r\u00e9e comme de petite taille, vous pouvez b\u00e9n\u00e9ficier de diverses incitations fiscales qui vous permettront de diff\u00e9rer votre imposition dans l&rsquo;imp\u00f4t sur les soci\u00e9t\u00e9s, rappelez-vous avec nous les conditions que vous devez remplir pour cela. \u00a0 Dans cet article, nous allons voir les avantages fiscaux et les cl\u00e9s du succ\u00e8s des [&hellip;]<\/p>\n","protected":false},"author":2,"featured_media":39860,"comment_status":"closed","ping_status":"closed","sticky":false,"template":"","format":"standard","meta":{"_eb_attr":"","inline_featured_image":false,"footnotes":""},"categories":[46],"tags":[],"class_list":["post-40838","post","type-post","status-publish","format-standard","has-post-thumbnail","hentry","category-blog"],"featured_image_src":{"landsacpe":["https:\/\/www.asesoriaorihuelacosta.com\/wp-content\/uploads\/2025\/01\/Empresa-de-reducida-dimension-1140x445.webp",1140,445,true],"list":["https:\/\/www.asesoriaorihuelacosta.com\/wp-content\/uploads\/2025\/01\/Empresa-de-reducida-dimension-463x348.webp",463,348,true],"medium":["https:\/\/www.asesoriaorihuelacosta.com\/wp-content\/uploads\/2025\/01\/Empresa-de-reducida-dimension-300x169.webp",300,169,true],"full":["https:\/\/www.asesoriaorihuelacosta.com\/wp-content\/uploads\/2025\/01\/Empresa-de-reducida-dimension.webp",1280,720,false]},"yoast_head":"<!-- This site is optimized with the Yoast SEO Premium plugin v24.7 (Yoast SEO v27.5) - https:\/\/yoast.com\/product\/yoast-seo-premium-wordpress\/ -->\n<title>Est-ce votre entreprise de petite taille? - Asesor\u00eda Orihuela Costa<\/title>\n<meta name=\"description\" content=\"D\u00e9couvrez les avantages des petites entreprises. Trouvez des informations sur les exigences et les avantages de ce type d&#039;entreprise.\" \/>\n<meta name=\"robots\" content=\"index, follow, max-snippet:-1, max-image-preview:large, max-video-preview:-1\" \/>\n<link rel=\"canonical\" href=\"https:\/\/www.asesoriaorihuelacosta.com\/fr\/est-ce-votre-entreprise-de-petite-taille\/\" \/>\n<meta property=\"og:locale\" content=\"fr_FR\" \/>\n<meta property=\"og:type\" content=\"article\" \/>\n<meta property=\"og:title\" content=\"Est-ce votre entreprise de petite taille?\" \/>\n<meta property=\"og:description\" content=\"D\u00e9couvrez les avantages des petites entreprises. Trouvez des informations sur les exigences et les avantages de ce type d&#039;entreprise.\" \/>\n<meta property=\"og:url\" content=\"https:\/\/www.asesoriaorihuelacosta.com\/fr\/est-ce-votre-entreprise-de-petite-taille\/\" \/>\n<meta property=\"og:site_name\" content=\"Asesor\u00eda Orihuela Costa\" \/>\n<meta property=\"article:publisher\" content=\"https:\/\/www.facebook.com\/asesoriaorihuelacosta\" \/>\n<meta property=\"article:author\" content=\"https:\/\/www.facebook.com\/patrick.gordinneperez\" \/>\n<meta property=\"article:published_time\" content=\"2025-02-05T17:18:52+00:00\" \/>\n<meta property=\"article:modified_time\" content=\"2025-02-24T18:58:45+00:00\" \/>\n<meta property=\"og:image\" content=\"https:\/\/www.asesoriaorihuelacosta.com\/wp-content\/uploads\/2025\/01\/Empresa-de-reducida-dimension.webp\" \/>\n\t<meta property=\"og:image:width\" content=\"1280\" \/>\n\t<meta property=\"og:image:height\" content=\"720\" \/>\n\t<meta property=\"og:image:type\" content=\"image\/webp\" \/>\n<meta name=\"author\" content=\"Patrick Gordinne Perez\" \/>\n<meta name=\"twitter:card\" content=\"summary_large_image\" \/>\n<meta name=\"twitter:label1\" content=\"\u00c9crit par\" \/>\n\t<meta name=\"twitter:data1\" content=\"Patrick Gordinne Perez\" \/>\n\t<meta name=\"twitter:label2\" content=\"Dur\u00e9e de lecture estim\u00e9e\" \/>\n\t<meta name=\"twitter:data2\" content=\"15 minutes\" \/>\n<script type=\"application\/ld+json\" class=\"yoast-schema-graph\">{\"@context\":\"https:\\\/\\\/schema.org\",\"@graph\":[{\"@type\":\"Article\",\"@id\":\"https:\\\/\\\/www.asesoriaorihuelacosta.com\\\/fr\\\/est-ce-votre-entreprise-de-petite-taille\\\/#article\",\"isPartOf\":{\"@id\":\"https:\\\/\\\/www.asesoriaorihuelacosta.com\\\/fr\\\/est-ce-votre-entreprise-de-petite-taille\\\/\"},\"author\":{\"name\":\"Patrick Gordinne Perez\",\"@id\":\"https:\\\/\\\/www.asesoriaorihuelacosta.com\\\/fr\\\/#\\\/schema\\\/person\\\/6614ce8cf6d2de542aaf351629fd539e\"},\"headline\":\"Est-ce votre entreprise de petite taille?\",\"datePublished\":\"2025-02-05T17:18:52+00:00\",\"dateModified\":\"2025-02-24T18:58:45+00:00\",\"mainEntityOfPage\":{\"@id\":\"https:\\\/\\\/www.asesoriaorihuelacosta.com\\\/fr\\\/est-ce-votre-entreprise-de-petite-taille\\\/\"},\"wordCount\":3494,\"publisher\":{\"@id\":\"https:\\\/\\\/www.asesoriaorihuelacosta.com\\\/fr\\\/#organization\"},\"image\":{\"@id\":\"https:\\\/\\\/www.asesoriaorihuelacosta.com\\\/fr\\\/est-ce-votre-entreprise-de-petite-taille\\\/#primaryimage\"},\"thumbnailUrl\":\"https:\\\/\\\/www.asesoriaorihuelacosta.com\\\/wp-content\\\/uploads\\\/2025\\\/01\\\/Empresa-de-reducida-dimension.webp\",\"articleSection\":[\"Blog\"],\"inLanguage\":\"fr-FR\"},{\"@type\":\"WebPage\",\"@id\":\"https:\\\/\\\/www.asesoriaorihuelacosta.com\\\/fr\\\/est-ce-votre-entreprise-de-petite-taille\\\/\",\"url\":\"https:\\\/\\\/www.asesoriaorihuelacosta.com\\\/fr\\\/est-ce-votre-entreprise-de-petite-taille\\\/\",\"name\":\"Est-ce votre entreprise de petite taille? - Asesor\u00eda Orihuela Costa\",\"isPartOf\":{\"@id\":\"https:\\\/\\\/www.asesoriaorihuelacosta.com\\\/fr\\\/#website\"},\"primaryImageOfPage\":{\"@id\":\"https:\\\/\\\/www.asesoriaorihuelacosta.com\\\/fr\\\/est-ce-votre-entreprise-de-petite-taille\\\/#primaryimage\"},\"image\":{\"@id\":\"https:\\\/\\\/www.asesoriaorihuelacosta.com\\\/fr\\\/est-ce-votre-entreprise-de-petite-taille\\\/#primaryimage\"},\"thumbnailUrl\":\"https:\\\/\\\/www.asesoriaorihuelacosta.com\\\/wp-content\\\/uploads\\\/2025\\\/01\\\/Empresa-de-reducida-dimension.webp\",\"datePublished\":\"2025-02-05T17:18:52+00:00\",\"dateModified\":\"2025-02-24T18:58:45+00:00\",\"description\":\"D\u00e9couvrez les avantages des petites entreprises. Trouvez des informations sur les exigences et les avantages de ce type d'entreprise.\",\"breadcrumb\":{\"@id\":\"https:\\\/\\\/www.asesoriaorihuelacosta.com\\\/fr\\\/est-ce-votre-entreprise-de-petite-taille\\\/#breadcrumb\"},\"inLanguage\":\"fr-FR\",\"potentialAction\":[{\"@type\":\"ReadAction\",\"target\":[\"https:\\\/\\\/www.asesoriaorihuelacosta.com\\\/fr\\\/est-ce-votre-entreprise-de-petite-taille\\\/\"]}]},{\"@type\":\"ImageObject\",\"inLanguage\":\"fr-FR\",\"@id\":\"https:\\\/\\\/www.asesoriaorihuelacosta.com\\\/fr\\\/est-ce-votre-entreprise-de-petite-taille\\\/#primaryimage\",\"url\":\"https:\\\/\\\/www.asesoriaorihuelacosta.com\\\/wp-content\\\/uploads\\\/2025\\\/01\\\/Empresa-de-reducida-dimension.webp\",\"contentUrl\":\"https:\\\/\\\/www.asesoriaorihuelacosta.com\\\/wp-content\\\/uploads\\\/2025\\\/01\\\/Empresa-de-reducida-dimension.webp\",\"width\":1280,\"height\":720,\"caption\":\"Empresa de reducida dimensi\u00f3n\"},{\"@type\":\"BreadcrumbList\",\"@id\":\"https:\\\/\\\/www.asesoriaorihuelacosta.com\\\/fr\\\/est-ce-votre-entreprise-de-petite-taille\\\/#breadcrumb\",\"itemListElement\":[{\"@type\":\"ListItem\",\"position\":1,\"name\":\"Home\",\"item\":\"https:\\\/\\\/www.asesoriaorihuelacosta.com\\\/fr\\\/\"},{\"@type\":\"ListItem\",\"position\":2,\"name\":\"Est-ce votre entreprise de petite taille?\"}]},{\"@type\":\"WebSite\",\"@id\":\"https:\\\/\\\/www.asesoriaorihuelacosta.com\\\/fr\\\/#website\",\"url\":\"https:\\\/\\\/www.asesoriaorihuelacosta.com\\\/fr\\\/\",\"name\":\"https:\\\/\\\/www.asesoriaorihuelacosta.com\\\/\",\"description\":\"Grupo de asesores profesionales\",\"publisher\":{\"@id\":\"https:\\\/\\\/www.asesoriaorihuelacosta.com\\\/fr\\\/#organization\"},\"potentialAction\":[{\"@type\":\"SearchAction\",\"target\":{\"@type\":\"EntryPoint\",\"urlTemplate\":\"https:\\\/\\\/www.asesoriaorihuelacosta.com\\\/fr\\\/?s={search_term_string}\"},\"query-input\":{\"@type\":\"PropertyValueSpecification\",\"valueRequired\":true,\"valueName\":\"search_term_string\"}}],\"inLanguage\":\"fr-FR\"},{\"@type\":\"Organization\",\"@id\":\"https:\\\/\\\/www.asesoriaorihuelacosta.com\\\/fr\\\/#organization\",\"name\":\"Asesor\u00eda Orihuela Costa\",\"url\":\"https:\\\/\\\/www.asesoriaorihuelacosta.com\\\/fr\\\/\",\"logo\":{\"@type\":\"ImageObject\",\"inLanguage\":\"fr-FR\",\"@id\":\"https:\\\/\\\/www.asesoriaorihuelacosta.com\\\/fr\\\/#\\\/schema\\\/logo\\\/image\\\/\",\"url\":\"https:\\\/\\\/www.asesoriaorihuelacosta.com\\\/wp-content\\\/uploads\\\/2022\\\/06\\\/Logo-espa\u5bf8l-asesoriaorihuela.jpg\",\"contentUrl\":\"https:\\\/\\\/www.asesoriaorihuelacosta.com\\\/wp-content\\\/uploads\\\/2022\\\/06\\\/Logo-espa\u5bf8l-asesoriaorihuela.jpg\",\"width\":588,\"height\":136,\"caption\":\"Asesor\u00eda Orihuela Costa\"},\"image\":{\"@id\":\"https:\\\/\\\/www.asesoriaorihuelacosta.com\\\/fr\\\/#\\\/schema\\\/logo\\\/image\\\/\"},\"sameAs\":[\"https:\\\/\\\/www.facebook.com\\\/asesoriaorihuelacosta\"]},{\"@type\":\"Person\",\"@id\":\"https:\\\/\\\/www.asesoriaorihuelacosta.com\\\/fr\\\/#\\\/schema\\\/person\\\/6614ce8cf6d2de542aaf351629fd539e\",\"name\":\"Patrick Gordinne Perez\",\"description\":\"Soy economista colegiado por el colegio de economistas de Alicante con el n\u00famero 2722. Llevo ejerciendo desde el a\u00f1o 2005. Soy especialista en fiscalidad de empresas y aut\u00f3nomos y tambi\u00e9n especialista en gestionar compraventas. Hablo espa\u00f1ol, ingl\u00e9s y franc\u00e9s.\",\"sameAs\":[\"https:\\\/\\\/www.asesoriaorihuelacosta.com\",\"https:\\\/\\\/www.facebook.com\\\/patrick.gordinneperez\",\"https:\\\/\\\/www.linkedin.com\\\/in\\\/patrick-gordinne-perez-1b73aab3\\\/\",\"https:\\\/\\\/www.youtube.com\\\/channel\\\/UC5e95RJEVQlxCnhwDmGNVCw\"],\"gender\":\"Hombre\",\"knowsLanguage\":[\"ingl\u00e9s\",\"franc\u00e9s\",\"espa\u00f1ol\"],\"jobTitle\":\"Gerente\",\"worksFor\":\"Asesoria Orihuela Costa SL\"}]}<\/script>\n<!-- \/ Yoast SEO Premium plugin. -->","yoast_head_json":{"title":"Est-ce votre entreprise de petite taille? - Asesor\u00eda Orihuela Costa","description":"D\u00e9couvrez les avantages des petites entreprises. Trouvez des informations sur les exigences et les avantages de ce type d'entreprise.","robots":{"index":"index","follow":"follow","max-snippet":"max-snippet:-1","max-image-preview":"max-image-preview:large","max-video-preview":"max-video-preview:-1"},"canonical":"https:\/\/www.asesoriaorihuelacosta.com\/fr\/est-ce-votre-entreprise-de-petite-taille\/","og_locale":"fr_FR","og_type":"article","og_title":"Est-ce votre entreprise de petite taille?","og_description":"D\u00e9couvrez les avantages des petites entreprises. Trouvez des informations sur les exigences et les avantages de ce type d'entreprise.","og_url":"https:\/\/www.asesoriaorihuelacosta.com\/fr\/est-ce-votre-entreprise-de-petite-taille\/","og_site_name":"Asesor\u00eda Orihuela Costa","article_publisher":"https:\/\/www.facebook.com\/asesoriaorihuelacosta","article_author":"https:\/\/www.facebook.com\/patrick.gordinneperez","article_published_time":"2025-02-05T17:18:52+00:00","article_modified_time":"2025-02-24T18:58:45+00:00","og_image":[{"width":1280,"height":720,"url":"https:\/\/www.asesoriaorihuelacosta.com\/wp-content\/uploads\/2025\/01\/Empresa-de-reducida-dimension.webp","type":"image\/webp"}],"author":"Patrick Gordinne Perez","twitter_card":"summary_large_image","twitter_misc":{"\u00c9crit par":"Patrick Gordinne Perez","Dur\u00e9e de lecture estim\u00e9e":"15 minutes"},"schema":{"@context":"https:\/\/schema.org","@graph":[{"@type":"Article","@id":"https:\/\/www.asesoriaorihuelacosta.com\/fr\/est-ce-votre-entreprise-de-petite-taille\/#article","isPartOf":{"@id":"https:\/\/www.asesoriaorihuelacosta.com\/fr\/est-ce-votre-entreprise-de-petite-taille\/"},"author":{"name":"Patrick Gordinne Perez","@id":"https:\/\/www.asesoriaorihuelacosta.com\/fr\/#\/schema\/person\/6614ce8cf6d2de542aaf351629fd539e"},"headline":"Est-ce votre entreprise de petite taille?","datePublished":"2025-02-05T17:18:52+00:00","dateModified":"2025-02-24T18:58:45+00:00","mainEntityOfPage":{"@id":"https:\/\/www.asesoriaorihuelacosta.com\/fr\/est-ce-votre-entreprise-de-petite-taille\/"},"wordCount":3494,"publisher":{"@id":"https:\/\/www.asesoriaorihuelacosta.com\/fr\/#organization"},"image":{"@id":"https:\/\/www.asesoriaorihuelacosta.com\/fr\/est-ce-votre-entreprise-de-petite-taille\/#primaryimage"},"thumbnailUrl":"https:\/\/www.asesoriaorihuelacosta.com\/wp-content\/uploads\/2025\/01\/Empresa-de-reducida-dimension.webp","articleSection":["Blog"],"inLanguage":"fr-FR"},{"@type":"WebPage","@id":"https:\/\/www.asesoriaorihuelacosta.com\/fr\/est-ce-votre-entreprise-de-petite-taille\/","url":"https:\/\/www.asesoriaorihuelacosta.com\/fr\/est-ce-votre-entreprise-de-petite-taille\/","name":"Est-ce votre entreprise de petite taille? - Asesor\u00eda Orihuela Costa","isPartOf":{"@id":"https:\/\/www.asesoriaorihuelacosta.com\/fr\/#website"},"primaryImageOfPage":{"@id":"https:\/\/www.asesoriaorihuelacosta.com\/fr\/est-ce-votre-entreprise-de-petite-taille\/#primaryimage"},"image":{"@id":"https:\/\/www.asesoriaorihuelacosta.com\/fr\/est-ce-votre-entreprise-de-petite-taille\/#primaryimage"},"thumbnailUrl":"https:\/\/www.asesoriaorihuelacosta.com\/wp-content\/uploads\/2025\/01\/Empresa-de-reducida-dimension.webp","datePublished":"2025-02-05T17:18:52+00:00","dateModified":"2025-02-24T18:58:45+00:00","description":"D\u00e9couvrez les avantages des petites entreprises. Trouvez des informations sur les exigences et les avantages de ce type d'entreprise.","breadcrumb":{"@id":"https:\/\/www.asesoriaorihuelacosta.com\/fr\/est-ce-votre-entreprise-de-petite-taille\/#breadcrumb"},"inLanguage":"fr-FR","potentialAction":[{"@type":"ReadAction","target":["https:\/\/www.asesoriaorihuelacosta.com\/fr\/est-ce-votre-entreprise-de-petite-taille\/"]}]},{"@type":"ImageObject","inLanguage":"fr-FR","@id":"https:\/\/www.asesoriaorihuelacosta.com\/fr\/est-ce-votre-entreprise-de-petite-taille\/#primaryimage","url":"https:\/\/www.asesoriaorihuelacosta.com\/wp-content\/uploads\/2025\/01\/Empresa-de-reducida-dimension.webp","contentUrl":"https:\/\/www.asesoriaorihuelacosta.com\/wp-content\/uploads\/2025\/01\/Empresa-de-reducida-dimension.webp","width":1280,"height":720,"caption":"Empresa de reducida dimensi\u00f3n"},{"@type":"BreadcrumbList","@id":"https:\/\/www.asesoriaorihuelacosta.com\/fr\/est-ce-votre-entreprise-de-petite-taille\/#breadcrumb","itemListElement":[{"@type":"ListItem","position":1,"name":"Home","item":"https:\/\/www.asesoriaorihuelacosta.com\/fr\/"},{"@type":"ListItem","position":2,"name":"Est-ce votre entreprise de petite taille?"}]},{"@type":"WebSite","@id":"https:\/\/www.asesoriaorihuelacosta.com\/fr\/#website","url":"https:\/\/www.asesoriaorihuelacosta.com\/fr\/","name":"https:\/\/www.asesoriaorihuelacosta.com\/","description":"Grupo de asesores profesionales","publisher":{"@id":"https:\/\/www.asesoriaorihuelacosta.com\/fr\/#organization"},"potentialAction":[{"@type":"SearchAction","target":{"@type":"EntryPoint","urlTemplate":"https:\/\/www.asesoriaorihuelacosta.com\/fr\/?s={search_term_string}"},"query-input":{"@type":"PropertyValueSpecification","valueRequired":true,"valueName":"search_term_string"}}],"inLanguage":"fr-FR"},{"@type":"Organization","@id":"https:\/\/www.asesoriaorihuelacosta.com\/fr\/#organization","name":"Asesor\u00eda Orihuela Costa","url":"https:\/\/www.asesoriaorihuelacosta.com\/fr\/","logo":{"@type":"ImageObject","inLanguage":"fr-FR","@id":"https:\/\/www.asesoriaorihuelacosta.com\/fr\/#\/schema\/logo\/image\/","url":"https:\/\/www.asesoriaorihuelacosta.com\/wp-content\/uploads\/2022\/06\/Logo-espa\u5bf8l-asesoriaorihuela.jpg","contentUrl":"https:\/\/www.asesoriaorihuelacosta.com\/wp-content\/uploads\/2022\/06\/Logo-espa\u5bf8l-asesoriaorihuela.jpg","width":588,"height":136,"caption":"Asesor\u00eda Orihuela Costa"},"image":{"@id":"https:\/\/www.asesoriaorihuelacosta.com\/fr\/#\/schema\/logo\/image\/"},"sameAs":["https:\/\/www.facebook.com\/asesoriaorihuelacosta"]},{"@type":"Person","@id":"https:\/\/www.asesoriaorihuelacosta.com\/fr\/#\/schema\/person\/6614ce8cf6d2de542aaf351629fd539e","name":"Patrick Gordinne Perez","description":"Soy economista colegiado por el colegio de economistas de Alicante con el n\u00famero 2722. Llevo ejerciendo desde el a\u00f1o 2005. Soy especialista en fiscalidad de empresas y aut\u00f3nomos y tambi\u00e9n especialista en gestionar compraventas. Hablo espa\u00f1ol, ingl\u00e9s y franc\u00e9s.","sameAs":["https:\/\/www.asesoriaorihuelacosta.com","https:\/\/www.facebook.com\/patrick.gordinneperez","https:\/\/www.linkedin.com\/in\/patrick-gordinne-perez-1b73aab3\/","https:\/\/www.youtube.com\/channel\/UC5e95RJEVQlxCnhwDmGNVCw"],"gender":"Hombre","knowsLanguage":["ingl\u00e9s","franc\u00e9s","espa\u00f1ol"],"jobTitle":"Gerente","worksFor":"Asesoria Orihuela Costa SL"}]}},"_links":{"self":[{"href":"https:\/\/www.asesoriaorihuelacosta.com\/fr\/wp-json\/wp\/v2\/posts\/40838","targetHints":{"allow":["GET"]}}],"collection":[{"href":"https:\/\/www.asesoriaorihuelacosta.com\/fr\/wp-json\/wp\/v2\/posts"}],"about":[{"href":"https:\/\/www.asesoriaorihuelacosta.com\/fr\/wp-json\/wp\/v2\/types\/post"}],"author":[{"embeddable":true,"href":"https:\/\/www.asesoriaorihuelacosta.com\/fr\/wp-json\/wp\/v2\/users\/2"}],"replies":[{"embeddable":true,"href":"https:\/\/www.asesoriaorihuelacosta.com\/fr\/wp-json\/wp\/v2\/comments?post=40838"}],"version-history":[{"count":44,"href":"https:\/\/www.asesoriaorihuelacosta.com\/fr\/wp-json\/wp\/v2\/posts\/40838\/revisions"}],"predecessor-version":[{"id":40910,"href":"https:\/\/www.asesoriaorihuelacosta.com\/fr\/wp-json\/wp\/v2\/posts\/40838\/revisions\/40910"}],"wp:featuredmedia":[{"embeddable":true,"href":"https:\/\/www.asesoriaorihuelacosta.com\/fr\/wp-json\/wp\/v2\/media\/39860"}],"wp:attachment":[{"href":"https:\/\/www.asesoriaorihuelacosta.com\/fr\/wp-json\/wp\/v2\/media?parent=40838"}],"wp:term":[{"taxonomy":"category","embeddable":true,"href":"https:\/\/www.asesoriaorihuelacosta.com\/fr\/wp-json\/wp\/v2\/categories?post=40838"},{"taxonomy":"post_tag","embeddable":true,"href":"https:\/\/www.asesoriaorihuelacosta.com\/fr\/wp-json\/wp\/v2\/tags?post=40838"}],"curies":[{"name":"wp","href":"https:\/\/api.w.org\/{rel}","templated":true}]}}