{"id":40454,"date":"2025-02-08T05:07:39","date_gmt":"2025-02-08T05:07:39","guid":{"rendered":"https:\/\/www.asesoriaorihuelacosta.com\/tax-deductions\/"},"modified":"2025-02-14T16:27:04","modified_gmt":"2025-02-14T16:27:04","slug":"deducciones-fiscales","status":"publish","type":"post","link":"https:\/\/www.asesoriaorihuelacosta.com\/fr\/deducciones-fiscales\/","title":{"rendered":"D\u00e9ductions fiscales pour les particuliers et les entreprises : profitez-vous de tout ?"},"content":{"rendered":"\t\t<div data-elementor-type=\"wp-post\" data-elementor-id=\"40454\" class=\"elementor elementor-40454\" data-elementor-post-type=\"post\">\n\t\t\t\t\t\t<section data-particle_enable=\"false\" data-particle-mobile-disabled=\"false\" class=\"elementor-section elementor-top-section elementor-element elementor-element-7a48a10 elementor-section-boxed elementor-section-height-default elementor-section-height-default\" data-id=\"7a48a10\" data-element_type=\"section\" data-e-type=\"section\">\r\n\t\t\r\n\t\t\t\t\t\t\t<div class=\"elementor-container elementor-column-gap-default\">\r\n\t\t\t\t\t\t\t\t\t\t\t<div class=\"elementor-column elementor-col-100 elementor-top-column elementor-element elementor-element-9f5c7a2\" data-id=\"9f5c7a2\" data-element_type=\"column\" data-e-type=\"column\">\r\n\t\t\t\t\t<div class=\"elementor-widget-wrap elementor-element-populated\">\r\n\t\t\t\t\t\t\t\t<div class=\"elementor-element elementor-element-c06db3e elementor-widget elementor-widget-text-editor\" data-id=\"c06db3e\" data-element_type=\"widget\" data-e-type=\"widget\" data-widget_type=\"text-editor.default\">\n\t\t\t\t<div class=\"elementor-widget-container\">\n\t\t\t\t\t\t\t\t\t<p>Il existe de nombreuses d\u00e9ductions fiscales, et vous n&rsquo;\u00eates peut-\u00eatre parfois pas au courant de certaines d&rsquo;entre elles.<\/p><p>Savez-vous que vous ne profitez peut-\u00eatre pas de tous les avantages fiscaux qui vous correspondent ?<\/p><p>Dans cet article, nous r\u00e9solvons vos doutes.<\/p>\t\t\t\t\t\t\t\t<\/div>\n\t\t\t\t<\/div>\n\t\t\t\t\t<\/div>\r\n\t\t\t\t<\/div>\r\n\t\t\t\t\t<\/div>\r\n\t\t\t\t<\/section>\r\n\t\t\t\t<section data-particle_enable=\"false\" data-particle-mobile-disabled=\"false\" class=\"elementor-section elementor-top-section elementor-element elementor-element-b788021 elementor-section-boxed elementor-section-height-default elementor-section-height-default\" data-id=\"b788021\" data-element_type=\"section\" data-e-type=\"section\">\r\n\t\t\r\n\t\t\t\t\t\t\t<div class=\"elementor-container elementor-column-gap-default\">\r\n\t\t\t\t\t\t\t\t\t\t\t<div class=\"elementor-column elementor-col-100 elementor-top-column elementor-element elementor-element-c434660\" data-id=\"c434660\" data-element_type=\"column\" data-e-type=\"column\">\r\n\t\t\t\t\t<div class=\"elementor-widget-wrap elementor-element-populated\">\r\n\t\t\t\t\t\t\t\t<div class=\"elementor-element elementor-element-6fed145 elementor-widget elementor-widget-heading\" data-id=\"6fed145\" data-element_type=\"widget\" data-e-type=\"widget\" data-widget_type=\"heading.default\">\n\t\t\t\t<div class=\"elementor-widget-container\">\n\t\t\t\t\t<h2 class=\"elementor-heading-title elementor-size-default\">D\u00e9ductions fiscales pour les particuliers et les entreprises que vous n'avez peut-\u00eatre pas connus<\/h2>\t\t\t\t<\/div>\n\t\t\t\t<\/div>\n\t\t\t\t\t<\/div>\r\n\t\t\t\t<\/div>\r\n\t\t\t\t\t<\/div>\r\n\t\t\t\t<\/section>\r\n\t\t\t\t<section data-particle_enable=\"false\" data-particle-mobile-disabled=\"false\" class=\"elementor-section elementor-top-section elementor-element elementor-element-8598e63 elementor-section-boxed elementor-section-height-default elementor-section-height-default\" data-id=\"8598e63\" data-element_type=\"section\" data-e-type=\"section\">\r\n\t\t\r\n\t\t\t\t\t\t\t<div class=\"elementor-container elementor-column-gap-default\">\r\n\t\t\t\t\t\t\t\t\t\t\t<div class=\"elementor-column elementor-col-100 elementor-top-column elementor-element elementor-element-bb87e48\" data-id=\"bb87e48\" data-element_type=\"column\" data-e-type=\"column\">\r\n\t\t\t\t\t<div class=\"elementor-widget-wrap elementor-element-populated\">\r\n\t\t\t\t\t\t\t\t<div class=\"elementor-element elementor-element-7e6c9a7 elementor-widget elementor-widget-text-editor\" data-id=\"7e6c9a7\" data-element_type=\"widget\" data-e-type=\"widget\" data-widget_type=\"text-editor.default\">\n\t\t\t\t<div class=\"elementor-widget-container\">\n\t\t\t\t\t\t\t\t\t<h3>Les d\u00e9ductions fiscales s&rsquo;appliquent aux particuliers et aux entreprises.<\/h3><p>Bien que la plupart d&rsquo;entre eux soient bien inform\u00e9s, d&rsquo;autres ne le sont pas tellement.<\/p><p>Et, peut-\u00eatre, vous ne parvenez pas \u00e0 \u00e9conomiser quelques centaines ou milliers d&rsquo;euros chaque ann\u00e9e.<\/p><p>En outre, certains permettent une action \u00e0 court terme et d&rsquo;autres peuvent \u00eatre planifi\u00e9s et report\u00e9s de plusieurs ann\u00e9es.<\/p><p>Voulez-vous conna\u00eetre ces d\u00e9ductions plus en profondeur ? Nous mettons en \u00e9vidence les cas suivants :<\/p>\t\t\t\t\t\t\t\t<\/div>\n\t\t\t\t<\/div>\n\t\t\t\t\t<\/div>\r\n\t\t\t\t<\/div>\r\n\t\t\t\t\t<\/div>\r\n\t\t\t\t<\/section>\r\n\t\t\t\t<section data-particle_enable=\"false\" data-particle-mobile-disabled=\"false\" class=\"elementor-section elementor-top-section elementor-element elementor-element-142299e elementor-section-boxed elementor-section-height-default elementor-section-height-default\" data-id=\"142299e\" data-element_type=\"section\" data-e-type=\"section\">\r\n\t\t\r\n\t\t\t\t\t\t\t<div class=\"elementor-container elementor-column-gap-default\">\r\n\t\t\t\t\t\t\t\t\t\t\t<div class=\"elementor-column elementor-col-100 elementor-top-column elementor-element elementor-element-0280aa6\" data-id=\"0280aa6\" data-element_type=\"column\" data-e-type=\"column\">\r\n\t\t\t\t\t<div class=\"elementor-widget-wrap elementor-element-populated\">\r\n\t\t\t\t\t\t\t\t<div class=\"elementor-element elementor-element-ce9c690 elementor-widget elementor-widget-text-editor\" data-id=\"ce9c690\" data-element_type=\"widget\" data-e-type=\"widget\" data-widget_type=\"text-editor.default\">\n\t\t\t\t<div class=\"elementor-widget-container\">\n\t\t\t\t\t\t\t\t\t<h3>D\u00e9ductions fiscales pour les particuliers<\/h3><p>Les d\u00e9ductions pour les particuliers, au-del\u00e0 des d\u00e9penses habituelles, mettent en \u00e9vidence certains cas.<\/p><p>Nous devons souligner les possibilit\u00e9s suivantes :<\/p><h4>Dons :<\/h4><p>Les dons aux ONG et aux membres de partis politiques et de syndicats sont impos\u00e9s.<\/p><p>Ce que vous ne savez peut-\u00eatre pas, c&rsquo;est que les limites sup\u00e9rieures de l&rsquo;all\u00e9gement ont consid\u00e9rablement augment\u00e9.<\/p><p>Par exemple, en 2025, les 250 premiers euros ont une d\u00e9duction de 80 % et, \u00e0 partir de maintenant, entre 40 et 45 % (si le don est r\u00e9current).<\/p><h4>Soins aux personnes \u00e0 charge :<\/h4><p>L&rsquo;administration reconna\u00eet \u00e9galement les d\u00e9ductions pour les personnes qui s&rsquo;occupent des personnes \u00e2g\u00e9es ou des personnes \u00e0 charge.<\/p><p>Ceci n&rsquo;est pas seulement reconnu pour la garde d&rsquo;enfants.<\/p><p>Cependant, pour cela, vous devez v\u00e9rifier le degr\u00e9 de d\u00e9pendance.<\/p><p>Dans ce cas, une partie importante de l&rsquo;assiette fiscale des imp\u00f4ts pourrait \u00eatre r\u00e9duite.<\/p><h4>Hypoth\u00e8ques ant\u00e9rieures \u00e0 2013 :<\/h4><p>C&rsquo;est une option qui n&rsquo;existe que pour ceux qui ont contract\u00e9 une hypoth\u00e8que pour leur maison avant 2013.<\/p><p>Dans ce cas, vous pouvez appliquer les d\u00e9ductions fiscales qui existaient jusqu&rsquo;\u00e0 ce moment-l\u00e0 et jusqu&rsquo;\u00e0 ce que vous l&rsquo;annuliez.<\/p><h4>R\u00e9formes pour l&rsquo;efficacit\u00e9 \u00e9nerg\u00e9tique :<\/h4><p>Les r\u00e9formes de l&rsquo;efficacit\u00e9 du logement sont \u00e9galement soumises \u00e0 des d\u00e9ductions fiscales.<\/p><p>Dans certains cas, par le biais de remises directes sur l&rsquo;imp\u00f4t sur le revenu des particuliers dans la section r\u00e9gionale ou \u00e9tatique.<\/p><p>Il existe d&rsquo;autres types tels que la subvention directe ou les primes de l&rsquo;imp\u00f4t immobilier (IBI), g\u00e9r\u00e9 par les municipalit\u00e9s.<\/p><p>D&rsquo;autre part, vous devez savoir qu&rsquo;il y a d&rsquo;autres d\u00e9ductions en fonction du territoire.<\/p><p>Par exemple, en Aragon, vous l&rsquo;aurez pour vivre dans des zones de d\u00e9peuplement.<\/p><p>Aux \u00eeles Bal\u00e9ares, aux \u00eeles Canaries et en Catalogne, vous aurez des d\u00e9ductions li\u00e9es \u00e0 vos \u00e9tudes.<\/p><p>Les contribuables veufs ont des d\u00e9ductions en Catalogne, en Estr\u00e9madure et dans la Communaut\u00e9 valencienne, \u00e0 Murcie pour l&rsquo;installation de dispositifs d&rsquo;\u00e9conomie d&rsquo;eau, aux \u00eeles Canaries pour la contraction des primes d&rsquo;assurance et, enfin, \u00e0 La Rioja pour le logement dans les zones rurales.<\/p><h4>D\u00e9ductions fiscales pour les entreprises<\/h4><p>Les d\u00e9ductions fiscales pour les entreprises sont particuli\u00e8rement importantes.<\/p><p>Non seulement pour les entreprises commerciales, mais aussi pour les travailleurs ind\u00e9pendants ayant leur propre entreprise.<\/p><p>Incluons quelques exemples de d\u00e9ductions peu connues :<\/p><h4>D\u00e9ductions fiscales pour l&#8217;embauche :<\/h4><p>Les d\u00e9ductions fiscales pour les contrats peuvent \u00eatre de plusieurs types.<\/p><p>Pour les travailleurs ayant un certain type de handicap (33 \u00e0 65 %) ou pour les ch\u00f4meurs de longue dur\u00e9e (50 %), une partie importante des cotisations \u00e0 payer est r\u00e9duite.<\/p><h4>Amortissement gratuit :<\/h4><p>L&rsquo;amortissement gratuit est une autre des possibilit\u00e9s que les PME et les travailleurs ind\u00e9pendants ont avec leurs actifs.<\/p><p>Plus pr\u00e9cis\u00e9ment, vous pouvez acc\u00e9l\u00e9rer cet amortissement au lieu de le fragmenter, ce qui signifie des \u00e9conomies d&rsquo;imp\u00f4ts en un an, si vous le souhaitez.<\/p><h4>Mise \u00e0 niveau des r\u00e9serves :<\/h4><p>Les r\u00e9serves de nivellement du capital permettent de r\u00e9duire l&rsquo;assiette de l&rsquo;imp\u00f4t sur les soci\u00e9t\u00e9s (IS) de 10 %.<\/p><p>Ceci est appliqu\u00e9 comme compensation pour les ann\u00e9es pr\u00e9c\u00e9dentes avec pertes, pour un maximum de 5 ans.<\/p><h4>\u00c9conomies de fournitures dans le t\u00e9l\u00e9travail :<\/h4><p>Les fournitures des personnes qui t\u00e9l\u00e9travaillent pour leur propre compte peuvent \u00e9galement \u00eatre \u00e9conomis\u00e9es.<\/p><p>L&rsquo;\u00e9lectricit\u00e9, le t\u00e9l\u00e9phone, la connexion Internet, le gaz, l&rsquo;eau ou d&rsquo;autres peuvent \u00eatre r\u00e9duits dans la proportion qu&rsquo;ils occupent de la d\u00e9pense.<\/p><h4>R\u00e9serves de capital :<\/h4><p>Il existe \u00e9galement la possibilit\u00e9 d&rsquo;appliquer des r\u00e9serves de capital.<\/p><p>Plus pr\u00e9cis\u00e9ment, pour appliquer des r\u00e9serves dans la soci\u00e9t\u00e9 de capitaux, qui permettent de r\u00e9duire jusqu&rsquo;\u00e0 10 % de la base imposable de l&rsquo;EI.<\/p><p>D\u00e9duction pour investissements dans les productions culturelles :<\/p><p>L&rsquo;administration promeut l&rsquo;investissement dans les produits culturels.<\/p><p>Vous pouvez d\u00e9duire 30 % de l&rsquo;assiette fiscale jusqu&rsquo;au premier million d&rsquo;euros et 25 % par la suite.<\/p><p>Comme nous pouvons le voir, il est pratique d&rsquo;avoir une sorte de conseil sp\u00e9cialis\u00e9, car, en outre, cela peut changer d&rsquo;ann\u00e9e en ann\u00e9e.<\/p><p>L&rsquo;approbation des budgets dans l&rsquo;\u00c9tat et dans les communaut\u00e9s autonomes introduit ces variations.<\/p>\t\t\t\t\t\t\t\t<\/div>\n\t\t\t\t<\/div>\n\t\t\t\t\t<\/div>\r\n\t\t\t\t<\/div>\r\n\t\t\t\t\t<\/div>\r\n\t\t\t\t<\/section>\r\n\t\t\t\t<section data-particle_enable=\"false\" data-particle-mobile-disabled=\"false\" class=\"elementor-section elementor-top-section elementor-element elementor-element-dc50569 elementor-section-boxed elementor-section-height-default elementor-section-height-default\" data-id=\"dc50569\" data-element_type=\"section\" data-e-type=\"section\">\r\n\t\t\r\n\t\t\t\t\t\t\t<div class=\"elementor-container elementor-column-gap-default\">\r\n\t\t\t\t\t\t\t\t\t\t\t<div class=\"elementor-column elementor-col-100 elementor-top-column elementor-element elementor-element-2a86bfa\" data-id=\"2a86bfa\" data-element_type=\"column\" data-e-type=\"column\">\r\n\t\t\t\t\t<div class=\"elementor-widget-wrap elementor-element-populated\">\r\n\t\t\t\t\t\t\t\t<div class=\"elementor-element elementor-element-9e0f6a9 elementor-widget elementor-widget-heading\" data-id=\"9e0f6a9\" data-element_type=\"widget\" data-e-type=\"widget\" data-widget_type=\"heading.default\">\n\t\t\t\t<div class=\"elementor-widget-container\">\n\t\t\t\t\t<h2 class=\"elementor-heading-title elementor-size-default\">En bref...<\/h2>\t\t\t\t<\/div>\n\t\t\t\t<\/div>\n\t\t\t\t\t<\/div>\r\n\t\t\t\t<\/div>\r\n\t\t\t\t\t<\/div>\r\n\t\t\t\t<\/section>\r\n\t\t\t\t<section data-particle_enable=\"false\" data-particle-mobile-disabled=\"false\" class=\"elementor-section elementor-top-section elementor-element elementor-element-7cb04e0 elementor-section-boxed elementor-section-height-default elementor-section-height-default\" data-id=\"7cb04e0\" data-element_type=\"section\" data-e-type=\"section\">\r\n\t\t\r\n\t\t\t\t\t\t\t<div class=\"elementor-container elementor-column-gap-default\">\r\n\t\t\t\t\t\t\t\t\t\t\t<div class=\"elementor-column elementor-col-100 elementor-top-column elementor-element elementor-element-48d23e7\" data-id=\"48d23e7\" data-element_type=\"column\" data-e-type=\"column\">\r\n\t\t\t\t\t<div class=\"elementor-widget-wrap elementor-element-populated\">\r\n\t\t\t\t\t\t\t\t<div class=\"elementor-element elementor-element-3171347 elementor-widget elementor-widget-text-editor\" data-id=\"3171347\" data-element_type=\"widget\" data-e-type=\"widget\" data-widget_type=\"text-editor.default\">\n\t\t\t\t<div class=\"elementor-widget-container\">\n\t\t\t\t\t\t\t\t\t<p>Conna\u00eetre les d\u00e9ductions fiscales chaque ann\u00e9e est essentiel pour payer uniquement et exclusivement ce qui vous correspond.<\/p><p>Chez Asesor\u00eda Orihuela Costa, nous vous fournissons tous les outils n\u00e9cessaires pour que vous ayez ces connaissances et que vous meniez une planification fiscale consciente et correcte.<\/p><p>Contactez-nous et nous vous informerons de nos services pour les pigistes et les PME !<\/p>\t\t\t\t\t\t\t\t<\/div>\n\t\t\t\t<\/div>\n\t\t\t\t\t<\/div>\r\n\t\t\t\t<\/div>\r\n\t\t\t\t\t<\/div>\r\n\t\t\t\t<\/section>\r\n\t\t\t\t<\/div>\n\t\t","protected":false},"excerpt":{"rendered":"<p>Il existe de nombreuses d\u00e9ductions fiscales, et vous n&rsquo;\u00eates peut-\u00eatre parfois pas au courant de certaines d&rsquo;entre elles. Savez-vous que vous ne profitez peut-\u00eatre pas de tous les avantages fiscaux qui vous correspondent ? Dans cet article, nous r\u00e9solvons vos doutes. D\u00e9ductions fiscales pour les particuliers et les entreprises que vous n&rsquo;avez peut-\u00eatre pas connus [&hellip;]<\/p>\n","protected":false},"author":2,"featured_media":40327,"comment_status":"closed","ping_status":"closed","sticky":false,"template":"","format":"standard","meta":{"_eb_attr":"","inline_featured_image":false,"footnotes":""},"categories":[46],"tags":[],"class_list":["post-40454","post","type-post","status-publish","format-standard","has-post-thumbnail","hentry","category-blog"],"featured_image_src":{"landsacpe":["https:\/\/www.asesoriaorihuelacosta.com\/wp-content\/uploads\/2025\/02\/deducciones-fiscales-particulares-empresas-aprovechando-1000x445.webp",1000,445,true],"list":["https:\/\/www.asesoriaorihuelacosta.com\/wp-content\/uploads\/2025\/02\/deducciones-fiscales-particulares-empresas-aprovechando-463x348.webp",463,348,true],"medium":["https:\/\/www.asesoriaorihuelacosta.com\/wp-content\/uploads\/2025\/02\/deducciones-fiscales-particulares-empresas-aprovechando-300x201.webp",300,201,true],"full":["https:\/\/www.asesoriaorihuelacosta.com\/wp-content\/uploads\/2025\/02\/deducciones-fiscales-particulares-empresas-aprovechando.webp",1000,669,false]},"yoast_head":"<!-- This site is optimized with the Yoast SEO Premium plugin v24.7 (Yoast SEO v27.4) - https:\/\/yoast.com\/product\/yoast-seo-premium-wordpress\/ -->\n<title>D\u00c9DUCTIONS FISCALES pour PARTICULIERS et ENTREPRISES - Asesor\u00eda Orihuela Costa<\/title>\n<meta name=\"description\" content=\"\u27a2 Les D\u00c9DUCTIONS FISCALES pour les PARTICULIERS et les ENTREPRISES ne sont parfois pas pleinement exploit\u00e9es en raison de l&#039;ignorance.\" \/>\n<meta name=\"robots\" content=\"index, follow, max-snippet:-1, max-image-preview:large, max-video-preview:-1\" \/>\n<link rel=\"canonical\" href=\"https:\/\/www.asesoriaorihuelacosta.com\/fr\/deducciones-fiscales\/\" \/>\n<meta property=\"og:locale\" content=\"fr_FR\" \/>\n<meta property=\"og:type\" content=\"article\" \/>\n<meta property=\"og:title\" content=\"D\u00e9ductions fiscales pour les particuliers et les entreprises : profitez-vous de tout ?\" \/>\n<meta property=\"og:description\" content=\"\u27a2 Les D\u00c9DUCTIONS FISCALES pour les PARTICULIERS et les ENTREPRISES ne sont parfois pas pleinement exploit\u00e9es en raison de l&#039;ignorance.\" \/>\n<meta property=\"og:url\" content=\"https:\/\/www.asesoriaorihuelacosta.com\/fr\/deducciones-fiscales\/\" \/>\n<meta property=\"og:site_name\" content=\"Asesor\u00eda Orihuela Costa\" \/>\n<meta property=\"article:publisher\" content=\"https:\/\/www.facebook.com\/asesoriaorihuelacosta\" \/>\n<meta property=\"article:author\" content=\"https:\/\/www.facebook.com\/patrick.gordinneperez\" \/>\n<meta property=\"article:published_time\" content=\"2025-02-08T05:07:39+00:00\" \/>\n<meta property=\"article:modified_time\" content=\"2025-02-14T16:27:04+00:00\" \/>\n<meta property=\"og:image\" content=\"https:\/\/www.asesoriaorihuelacosta.com\/wp-content\/uploads\/2025\/02\/deducciones-fiscales-particulares-empresas-aprovechando.webp\" \/>\n\t<meta property=\"og:image:width\" content=\"1000\" \/>\n\t<meta property=\"og:image:height\" content=\"669\" \/>\n\t<meta property=\"og:image:type\" content=\"image\/webp\" \/>\n<meta name=\"author\" content=\"Patrick Gordinne Perez\" \/>\n<meta name=\"twitter:card\" content=\"summary_large_image\" \/>\n<meta name=\"twitter:label1\" content=\"\u00c9crit par\" \/>\n\t<meta name=\"twitter:data1\" content=\"Patrick Gordinne Perez\" \/>\n\t<meta name=\"twitter:label2\" content=\"Dur\u00e9e de lecture estim\u00e9e\" \/>\n\t<meta name=\"twitter:data2\" content=\"4 minutes\" \/>\n<script type=\"application\/ld+json\" class=\"yoast-schema-graph\">{\"@context\":\"https:\\\/\\\/schema.org\",\"@graph\":[{\"@type\":\"Article\",\"@id\":\"https:\\\/\\\/www.asesoriaorihuelacosta.com\\\/fr\\\/deducciones-fiscales\\\/#article\",\"isPartOf\":{\"@id\":\"https:\\\/\\\/www.asesoriaorihuelacosta.com\\\/fr\\\/deducciones-fiscales\\\/\"},\"author\":{\"name\":\"Patrick Gordinne Perez\",\"@id\":\"https:\\\/\\\/www.asesoriaorihuelacosta.com\\\/fr\\\/#\\\/schema\\\/person\\\/6614ce8cf6d2de542aaf351629fd539e\"},\"headline\":\"D\u00e9ductions fiscales pour les particuliers et les entreprises : profitez-vous de tout ?\",\"datePublished\":\"2025-02-08T05:07:39+00:00\",\"dateModified\":\"2025-02-14T16:27:04+00:00\",\"mainEntityOfPage\":{\"@id\":\"https:\\\/\\\/www.asesoriaorihuelacosta.com\\\/fr\\\/deducciones-fiscales\\\/\"},\"wordCount\":967,\"publisher\":{\"@id\":\"https:\\\/\\\/www.asesoriaorihuelacosta.com\\\/fr\\\/#organization\"},\"image\":{\"@id\":\"https:\\\/\\\/www.asesoriaorihuelacosta.com\\\/fr\\\/deducciones-fiscales\\\/#primaryimage\"},\"thumbnailUrl\":\"https:\\\/\\\/www.asesoriaorihuelacosta.com\\\/wp-content\\\/uploads\\\/2025\\\/02\\\/deducciones-fiscales-particulares-empresas-aprovechando.webp\",\"articleSection\":[\"Blog\"],\"inLanguage\":\"fr-FR\"},{\"@type\":\"WebPage\",\"@id\":\"https:\\\/\\\/www.asesoriaorihuelacosta.com\\\/fr\\\/deducciones-fiscales\\\/\",\"url\":\"https:\\\/\\\/www.asesoriaorihuelacosta.com\\\/fr\\\/deducciones-fiscales\\\/\",\"name\":\"D\u00c9DUCTIONS FISCALES pour PARTICULIERS et ENTREPRISES - Asesor\u00eda Orihuela Costa\",\"isPartOf\":{\"@id\":\"https:\\\/\\\/www.asesoriaorihuelacosta.com\\\/fr\\\/#website\"},\"primaryImageOfPage\":{\"@id\":\"https:\\\/\\\/www.asesoriaorihuelacosta.com\\\/fr\\\/deducciones-fiscales\\\/#primaryimage\"},\"image\":{\"@id\":\"https:\\\/\\\/www.asesoriaorihuelacosta.com\\\/fr\\\/deducciones-fiscales\\\/#primaryimage\"},\"thumbnailUrl\":\"https:\\\/\\\/www.asesoriaorihuelacosta.com\\\/wp-content\\\/uploads\\\/2025\\\/02\\\/deducciones-fiscales-particulares-empresas-aprovechando.webp\",\"datePublished\":\"2025-02-08T05:07:39+00:00\",\"dateModified\":\"2025-02-14T16:27:04+00:00\",\"description\":\"\u27a2 Les D\u00c9DUCTIONS FISCALES pour les PARTICULIERS et les ENTREPRISES ne sont parfois pas pleinement exploit\u00e9es en raison de l'ignorance.\",\"breadcrumb\":{\"@id\":\"https:\\\/\\\/www.asesoriaorihuelacosta.com\\\/fr\\\/deducciones-fiscales\\\/#breadcrumb\"},\"inLanguage\":\"fr-FR\",\"potentialAction\":[{\"@type\":\"ReadAction\",\"target\":[\"https:\\\/\\\/www.asesoriaorihuelacosta.com\\\/fr\\\/deducciones-fiscales\\\/\"]}]},{\"@type\":\"ImageObject\",\"inLanguage\":\"fr-FR\",\"@id\":\"https:\\\/\\\/www.asesoriaorihuelacosta.com\\\/fr\\\/deducciones-fiscales\\\/#primaryimage\",\"url\":\"https:\\\/\\\/www.asesoriaorihuelacosta.com\\\/wp-content\\\/uploads\\\/2025\\\/02\\\/deducciones-fiscales-particulares-empresas-aprovechando.webp\",\"contentUrl\":\"https:\\\/\\\/www.asesoriaorihuelacosta.com\\\/wp-content\\\/uploads\\\/2025\\\/02\\\/deducciones-fiscales-particulares-empresas-aprovechando.webp\",\"width\":1000,\"height\":669,\"caption\":\"deducciones-fiscales-particulares-empresas-aprovechando\"},{\"@type\":\"BreadcrumbList\",\"@id\":\"https:\\\/\\\/www.asesoriaorihuelacosta.com\\\/fr\\\/deducciones-fiscales\\\/#breadcrumb\",\"itemListElement\":[{\"@type\":\"ListItem\",\"position\":1,\"name\":\"Home\",\"item\":\"https:\\\/\\\/www.asesoriaorihuelacosta.com\\\/fr\\\/\"},{\"@type\":\"ListItem\",\"position\":2,\"name\":\"D\u00e9ductions fiscales pour les particuliers et les entreprises : profitez-vous de tout ?\"}]},{\"@type\":\"WebSite\",\"@id\":\"https:\\\/\\\/www.asesoriaorihuelacosta.com\\\/fr\\\/#website\",\"url\":\"https:\\\/\\\/www.asesoriaorihuelacosta.com\\\/fr\\\/\",\"name\":\"https:\\\/\\\/www.asesoriaorihuelacosta.com\\\/\",\"description\":\"Grupo de asesores profesionales\",\"publisher\":{\"@id\":\"https:\\\/\\\/www.asesoriaorihuelacosta.com\\\/fr\\\/#organization\"},\"potentialAction\":[{\"@type\":\"SearchAction\",\"target\":{\"@type\":\"EntryPoint\",\"urlTemplate\":\"https:\\\/\\\/www.asesoriaorihuelacosta.com\\\/fr\\\/?s={search_term_string}\"},\"query-input\":{\"@type\":\"PropertyValueSpecification\",\"valueRequired\":true,\"valueName\":\"search_term_string\"}}],\"inLanguage\":\"fr-FR\"},{\"@type\":\"Organization\",\"@id\":\"https:\\\/\\\/www.asesoriaorihuelacosta.com\\\/fr\\\/#organization\",\"name\":\"Asesor\u00eda Orihuela Costa\",\"url\":\"https:\\\/\\\/www.asesoriaorihuelacosta.com\\\/fr\\\/\",\"logo\":{\"@type\":\"ImageObject\",\"inLanguage\":\"fr-FR\",\"@id\":\"https:\\\/\\\/www.asesoriaorihuelacosta.com\\\/fr\\\/#\\\/schema\\\/logo\\\/image\\\/\",\"url\":\"https:\\\/\\\/www.asesoriaorihuelacosta.com\\\/wp-content\\\/uploads\\\/2022\\\/06\\\/Logo-espa\u5bf8l-asesoriaorihuela.jpg\",\"contentUrl\":\"https:\\\/\\\/www.asesoriaorihuelacosta.com\\\/wp-content\\\/uploads\\\/2022\\\/06\\\/Logo-espa\u5bf8l-asesoriaorihuela.jpg\",\"width\":588,\"height\":136,\"caption\":\"Asesor\u00eda Orihuela Costa\"},\"image\":{\"@id\":\"https:\\\/\\\/www.asesoriaorihuelacosta.com\\\/fr\\\/#\\\/schema\\\/logo\\\/image\\\/\"},\"sameAs\":[\"https:\\\/\\\/www.facebook.com\\\/asesoriaorihuelacosta\"]},{\"@type\":\"Person\",\"@id\":\"https:\\\/\\\/www.asesoriaorihuelacosta.com\\\/fr\\\/#\\\/schema\\\/person\\\/6614ce8cf6d2de542aaf351629fd539e\",\"name\":\"Patrick Gordinne Perez\",\"description\":\"Soy economista colegiado por el colegio de economistas de Alicante con el n\u00famero 2722. Llevo ejerciendo desde el a\u00f1o 2005. Soy especialista en fiscalidad de empresas y aut\u00f3nomos y tambi\u00e9n especialista en gestionar compraventas. Hablo espa\u00f1ol, ingl\u00e9s y franc\u00e9s.\",\"sameAs\":[\"https:\\\/\\\/www.asesoriaorihuelacosta.com\",\"https:\\\/\\\/www.facebook.com\\\/patrick.gordinneperez\",\"https:\\\/\\\/www.linkedin.com\\\/in\\\/patrick-gordinne-perez-1b73aab3\\\/\",\"https:\\\/\\\/www.youtube.com\\\/channel\\\/UC5e95RJEVQlxCnhwDmGNVCw\"],\"gender\":\"Hombre\",\"knowsLanguage\":[\"ingl\u00e9s\",\"franc\u00e9s\",\"espa\u00f1ol\"],\"jobTitle\":\"Gerente\",\"worksFor\":\"Asesoria Orihuela Costa SL\"}]}<\/script>\n<!-- \/ Yoast SEO Premium plugin. -->","yoast_head_json":{"title":"D\u00c9DUCTIONS FISCALES pour PARTICULIERS et ENTREPRISES - Asesor\u00eda Orihuela Costa","description":"\u27a2 Les D\u00c9DUCTIONS FISCALES pour les PARTICULIERS et les ENTREPRISES ne sont parfois pas pleinement exploit\u00e9es en raison de l'ignorance.","robots":{"index":"index","follow":"follow","max-snippet":"max-snippet:-1","max-image-preview":"max-image-preview:large","max-video-preview":"max-video-preview:-1"},"canonical":"https:\/\/www.asesoriaorihuelacosta.com\/fr\/deducciones-fiscales\/","og_locale":"fr_FR","og_type":"article","og_title":"D\u00e9ductions fiscales pour les particuliers et les entreprises : profitez-vous de tout ?","og_description":"\u27a2 Les D\u00c9DUCTIONS FISCALES pour les PARTICULIERS et les ENTREPRISES ne sont parfois pas pleinement exploit\u00e9es en raison de l'ignorance.","og_url":"https:\/\/www.asesoriaorihuelacosta.com\/fr\/deducciones-fiscales\/","og_site_name":"Asesor\u00eda Orihuela Costa","article_publisher":"https:\/\/www.facebook.com\/asesoriaorihuelacosta","article_author":"https:\/\/www.facebook.com\/patrick.gordinneperez","article_published_time":"2025-02-08T05:07:39+00:00","article_modified_time":"2025-02-14T16:27:04+00:00","og_image":[{"width":1000,"height":669,"url":"https:\/\/www.asesoriaorihuelacosta.com\/wp-content\/uploads\/2025\/02\/deducciones-fiscales-particulares-empresas-aprovechando.webp","type":"image\/webp"}],"author":"Patrick Gordinne Perez","twitter_card":"summary_large_image","twitter_misc":{"\u00c9crit par":"Patrick Gordinne Perez","Dur\u00e9e de lecture estim\u00e9e":"4 minutes"},"schema":{"@context":"https:\/\/schema.org","@graph":[{"@type":"Article","@id":"https:\/\/www.asesoriaorihuelacosta.com\/fr\/deducciones-fiscales\/#article","isPartOf":{"@id":"https:\/\/www.asesoriaorihuelacosta.com\/fr\/deducciones-fiscales\/"},"author":{"name":"Patrick Gordinne Perez","@id":"https:\/\/www.asesoriaorihuelacosta.com\/fr\/#\/schema\/person\/6614ce8cf6d2de542aaf351629fd539e"},"headline":"D\u00e9ductions fiscales pour les particuliers et les entreprises : profitez-vous de tout ?","datePublished":"2025-02-08T05:07:39+00:00","dateModified":"2025-02-14T16:27:04+00:00","mainEntityOfPage":{"@id":"https:\/\/www.asesoriaorihuelacosta.com\/fr\/deducciones-fiscales\/"},"wordCount":967,"publisher":{"@id":"https:\/\/www.asesoriaorihuelacosta.com\/fr\/#organization"},"image":{"@id":"https:\/\/www.asesoriaorihuelacosta.com\/fr\/deducciones-fiscales\/#primaryimage"},"thumbnailUrl":"https:\/\/www.asesoriaorihuelacosta.com\/wp-content\/uploads\/2025\/02\/deducciones-fiscales-particulares-empresas-aprovechando.webp","articleSection":["Blog"],"inLanguage":"fr-FR"},{"@type":"WebPage","@id":"https:\/\/www.asesoriaorihuelacosta.com\/fr\/deducciones-fiscales\/","url":"https:\/\/www.asesoriaorihuelacosta.com\/fr\/deducciones-fiscales\/","name":"D\u00c9DUCTIONS FISCALES pour PARTICULIERS et ENTREPRISES - Asesor\u00eda Orihuela Costa","isPartOf":{"@id":"https:\/\/www.asesoriaorihuelacosta.com\/fr\/#website"},"primaryImageOfPage":{"@id":"https:\/\/www.asesoriaorihuelacosta.com\/fr\/deducciones-fiscales\/#primaryimage"},"image":{"@id":"https:\/\/www.asesoriaorihuelacosta.com\/fr\/deducciones-fiscales\/#primaryimage"},"thumbnailUrl":"https:\/\/www.asesoriaorihuelacosta.com\/wp-content\/uploads\/2025\/02\/deducciones-fiscales-particulares-empresas-aprovechando.webp","datePublished":"2025-02-08T05:07:39+00:00","dateModified":"2025-02-14T16:27:04+00:00","description":"\u27a2 Les D\u00c9DUCTIONS FISCALES pour les PARTICULIERS et les ENTREPRISES ne sont parfois pas pleinement exploit\u00e9es en raison de l'ignorance.","breadcrumb":{"@id":"https:\/\/www.asesoriaorihuelacosta.com\/fr\/deducciones-fiscales\/#breadcrumb"},"inLanguage":"fr-FR","potentialAction":[{"@type":"ReadAction","target":["https:\/\/www.asesoriaorihuelacosta.com\/fr\/deducciones-fiscales\/"]}]},{"@type":"ImageObject","inLanguage":"fr-FR","@id":"https:\/\/www.asesoriaorihuelacosta.com\/fr\/deducciones-fiscales\/#primaryimage","url":"https:\/\/www.asesoriaorihuelacosta.com\/wp-content\/uploads\/2025\/02\/deducciones-fiscales-particulares-empresas-aprovechando.webp","contentUrl":"https:\/\/www.asesoriaorihuelacosta.com\/wp-content\/uploads\/2025\/02\/deducciones-fiscales-particulares-empresas-aprovechando.webp","width":1000,"height":669,"caption":"deducciones-fiscales-particulares-empresas-aprovechando"},{"@type":"BreadcrumbList","@id":"https:\/\/www.asesoriaorihuelacosta.com\/fr\/deducciones-fiscales\/#breadcrumb","itemListElement":[{"@type":"ListItem","position":1,"name":"Home","item":"https:\/\/www.asesoriaorihuelacosta.com\/fr\/"},{"@type":"ListItem","position":2,"name":"D\u00e9ductions fiscales pour les particuliers et les entreprises : profitez-vous de tout ?"}]},{"@type":"WebSite","@id":"https:\/\/www.asesoriaorihuelacosta.com\/fr\/#website","url":"https:\/\/www.asesoriaorihuelacosta.com\/fr\/","name":"https:\/\/www.asesoriaorihuelacosta.com\/","description":"Grupo de asesores profesionales","publisher":{"@id":"https:\/\/www.asesoriaorihuelacosta.com\/fr\/#organization"},"potentialAction":[{"@type":"SearchAction","target":{"@type":"EntryPoint","urlTemplate":"https:\/\/www.asesoriaorihuelacosta.com\/fr\/?s={search_term_string}"},"query-input":{"@type":"PropertyValueSpecification","valueRequired":true,"valueName":"search_term_string"}}],"inLanguage":"fr-FR"},{"@type":"Organization","@id":"https:\/\/www.asesoriaorihuelacosta.com\/fr\/#organization","name":"Asesor\u00eda Orihuela Costa","url":"https:\/\/www.asesoriaorihuelacosta.com\/fr\/","logo":{"@type":"ImageObject","inLanguage":"fr-FR","@id":"https:\/\/www.asesoriaorihuelacosta.com\/fr\/#\/schema\/logo\/image\/","url":"https:\/\/www.asesoriaorihuelacosta.com\/wp-content\/uploads\/2022\/06\/Logo-espa\u5bf8l-asesoriaorihuela.jpg","contentUrl":"https:\/\/www.asesoriaorihuelacosta.com\/wp-content\/uploads\/2022\/06\/Logo-espa\u5bf8l-asesoriaorihuela.jpg","width":588,"height":136,"caption":"Asesor\u00eda Orihuela Costa"},"image":{"@id":"https:\/\/www.asesoriaorihuelacosta.com\/fr\/#\/schema\/logo\/image\/"},"sameAs":["https:\/\/www.facebook.com\/asesoriaorihuelacosta"]},{"@type":"Person","@id":"https:\/\/www.asesoriaorihuelacosta.com\/fr\/#\/schema\/person\/6614ce8cf6d2de542aaf351629fd539e","name":"Patrick Gordinne Perez","description":"Soy economista colegiado por el colegio de economistas de Alicante con el n\u00famero 2722. Llevo ejerciendo desde el a\u00f1o 2005. Soy especialista en fiscalidad de empresas y aut\u00f3nomos y tambi\u00e9n especialista en gestionar compraventas. Hablo espa\u00f1ol, ingl\u00e9s y franc\u00e9s.","sameAs":["https:\/\/www.asesoriaorihuelacosta.com","https:\/\/www.facebook.com\/patrick.gordinneperez","https:\/\/www.linkedin.com\/in\/patrick-gordinne-perez-1b73aab3\/","https:\/\/www.youtube.com\/channel\/UC5e95RJEVQlxCnhwDmGNVCw"],"gender":"Hombre","knowsLanguage":["ingl\u00e9s","franc\u00e9s","espa\u00f1ol"],"jobTitle":"Gerente","worksFor":"Asesoria Orihuela Costa SL"}]}},"_links":{"self":[{"href":"https:\/\/www.asesoriaorihuelacosta.com\/fr\/wp-json\/wp\/v2\/posts\/40454","targetHints":{"allow":["GET"]}}],"collection":[{"href":"https:\/\/www.asesoriaorihuelacosta.com\/fr\/wp-json\/wp\/v2\/posts"}],"about":[{"href":"https:\/\/www.asesoriaorihuelacosta.com\/fr\/wp-json\/wp\/v2\/types\/post"}],"author":[{"embeddable":true,"href":"https:\/\/www.asesoriaorihuelacosta.com\/fr\/wp-json\/wp\/v2\/users\/2"}],"replies":[{"embeddable":true,"href":"https:\/\/www.asesoriaorihuelacosta.com\/fr\/wp-json\/wp\/v2\/comments?post=40454"}],"version-history":[{"count":7,"href":"https:\/\/www.asesoriaorihuelacosta.com\/fr\/wp-json\/wp\/v2\/posts\/40454\/revisions"}],"predecessor-version":[{"id":40463,"href":"https:\/\/www.asesoriaorihuelacosta.com\/fr\/wp-json\/wp\/v2\/posts\/40454\/revisions\/40463"}],"wp:featuredmedia":[{"embeddable":true,"href":"https:\/\/www.asesoriaorihuelacosta.com\/fr\/wp-json\/wp\/v2\/media\/40327"}],"wp:attachment":[{"href":"https:\/\/www.asesoriaorihuelacosta.com\/fr\/wp-json\/wp\/v2\/media?parent=40454"}],"wp:term":[{"taxonomy":"category","embeddable":true,"href":"https:\/\/www.asesoriaorihuelacosta.com\/fr\/wp-json\/wp\/v2\/categories?post=40454"},{"taxonomy":"post_tag","embeddable":true,"href":"https:\/\/www.asesoriaorihuelacosta.com\/fr\/wp-json\/wp\/v2\/tags?post=40454"}],"curies":[{"name":"wp","href":"https:\/\/api.w.org\/{rel}","templated":true}]}}