{"id":40025,"date":"2025-01-09T06:15:22","date_gmt":"2025-01-09T06:15:22","guid":{"rendered":"https:\/\/www.asesoriaorihuelacosta.com\/?p=40025"},"modified":"2025-02-02T19:46:20","modified_gmt":"2025-02-02T19:46:20","slug":"protection-des-donnees-faut-il-installer-des-cameras-dans-la-communaute","status":"publish","type":"post","link":"https:\/\/www.asesoriaorihuelacosta.com\/fr\/protection-des-donnees-faut-il-installer-des-cameras-dans-la-communaute\/","title":{"rendered":"Protection des donn\u00e9es Faut-il installer des cam\u00e9ras dans la communaut\u00e9 ?"},"content":{"rendered":"\t\t<div data-elementor-type=\"wp-post\" data-elementor-id=\"40025\" class=\"elementor elementor-40025\" data-elementor-post-type=\"post\">\n\t\t\t\t\t\t<section data-particle_enable=\"false\" data-particle-mobile-disabled=\"false\" class=\"elementor-section elementor-top-section elementor-element elementor-element-74c152e elementor-section-boxed elementor-section-height-default elementor-section-height-default\" data-id=\"74c152e\" data-element_type=\"section\" data-e-type=\"section\">\r\n\t\t\r\n\t\t\t\t\t\t\t<div class=\"elementor-container elementor-column-gap-default\">\r\n\t\t\t\t\t\t\t\t\t\t\t<div class=\"elementor-column elementor-col-100 elementor-top-column elementor-element elementor-element-73f03d0\" data-id=\"73f03d0\" data-element_type=\"column\" data-e-type=\"column\">\r\n\t\t\t\t\t<div class=\"elementor-widget-wrap elementor-element-populated\">\r\n\t\t\t\t\t\t\t\t<div class=\"elementor-element elementor-element-06ca601 elementor-widget elementor-widget-text-editor\" data-id=\"06ca601\" data-element_type=\"widget\" data-e-type=\"widget\" data-widget_type=\"text-editor.default\">\n\t\t\t\t<div class=\"elementor-widget-container\">\n\t\t\t\t\t\t\t\t\t<p>Protection des donn\u00e9es : Votre communaut\u00e9 est souvent endommag\u00e9e : les murs sont bossel\u00e9s ou ray\u00e9s, l&rsquo;ascenseur est sale&#8230; parfois, m\u00eame les serrures sont endommag\u00e9es en raison d&rsquo;une mauvaise utilisation.<\/p><p>C&rsquo;est pourquoi vous envisagez de surveiller ces zones \u00e0 l&rsquo;aide de cam\u00e9ras.<\/p><p>Cette mesure sera-t-elle utile ?<\/p>\t\t\t\t\t\t\t\t<\/div>\n\t\t\t\t<\/div>\n\t\t\t\t\t<\/div>\r\n\t\t\t\t<\/div>\r\n\t\t\t\t\t<\/div>\r\n\t\t\t\t<\/section>\r\n\t\t\t\t<section data-particle_enable=\"false\" data-particle-mobile-disabled=\"false\" class=\"elementor-section elementor-top-section elementor-element elementor-element-3dae2f2 elementor-section-boxed elementor-section-height-default elementor-section-height-default\" data-id=\"3dae2f2\" data-element_type=\"section\" data-e-type=\"section\">\r\n\t\t\r\n\t\t\t\t\t\t\t<div class=\"elementor-container elementor-column-gap-default\">\r\n\t\t\t\t\t\t\t\t\t\t\t<div class=\"elementor-column elementor-col-100 elementor-top-column elementor-element elementor-element-87bf1e1\" data-id=\"87bf1e1\" data-element_type=\"column\" data-e-type=\"column\">\r\n\t\t\t\t\t<div class=\"elementor-widget-wrap elementor-element-populated\">\r\n\t\t\t\t\t\t\t\t<div class=\"elementor-element elementor-element-5aa3919 elementor-widget elementor-widget-heading\" data-id=\"5aa3919\" data-element_type=\"widget\" data-e-type=\"widget\" data-widget_type=\"heading.default\">\n\t\t\t\t<div class=\"elementor-widget-container\">\n\t\t\t\t\t<h2 class=\"elementor-heading-title elementor-size-default\">Protecci\u00f3n de datos en la Videovigilancia<\/h2>\t\t\t\t<\/div>\n\t\t\t\t<\/div>\n\t\t\t\t\t<\/div>\r\n\t\t\t\t<\/div>\r\n\t\t\t\t\t<\/div>\r\n\t\t\t\t<\/section>\r\n\t\t\t\t<section data-particle_enable=\"false\" data-particle-mobile-disabled=\"false\" class=\"elementor-section elementor-top-section elementor-element elementor-element-3db88e1 elementor-section-boxed elementor-section-height-default elementor-section-height-default\" data-id=\"3db88e1\" data-element_type=\"section\" data-e-type=\"section\">\r\n\t\t\r\n\t\t\t\t\t\t\t<div class=\"elementor-container elementor-column-gap-default\">\r\n\t\t\t\t\t\t\t\t\t\t\t<div class=\"elementor-column elementor-col-100 elementor-top-column elementor-element elementor-element-81de6d1\" data-id=\"81de6d1\" data-element_type=\"column\" data-e-type=\"column\">\r\n\t\t\t\t\t<div class=\"elementor-widget-wrap elementor-element-populated\">\r\n\t\t\t\t\t\t\t\t<div class=\"elementor-element elementor-element-b50a430 elementor-widget elementor-widget-text-editor\" data-id=\"b50a430\" data-element_type=\"widget\" data-e-type=\"widget\" data-widget_type=\"text-editor.default\">\n\t\t\t\t<div class=\"elementor-widget-container\">\n\t\t\t\t\t\t\t\t\t<p>Si les syst\u00e8mes de vid\u00e9osurveillance sont efficaces pour d\u00e9terminer les responsabilit\u00e9s, il est important de rappeler qu&rsquo;en plus d&rsquo;avoir un co\u00fbt, ils <strong>portent atteinte au droit \u00e0 la vie priv\u00e9e des personnes<\/strong> et impliquent le traitement de leurs donn\u00e9es personnelles (leur propre image).<\/p><p><strong>Attention<\/strong>!<\/p><p>Pour cette raison, leur installation et leur utilisation <strong>doivent r\u00e9pondre \u00e0 certaines exigences<\/strong> et l&rsquo;acc\u00e8s aux enregistrements est restreint.<\/p>\t\t\t\t\t\t\t\t<\/div>\n\t\t\t\t<\/div>\n\t\t\t\t\t<\/div>\r\n\t\t\t\t<\/div>\r\n\t\t\t\t\t<\/div>\r\n\t\t\t\t<\/section>\r\n\t\t\t\t<section data-particle_enable=\"false\" data-particle-mobile-disabled=\"false\" class=\"elementor-section elementor-top-section elementor-element elementor-element-0420eff elementor-section-boxed elementor-section-height-default elementor-section-height-default\" data-id=\"0420eff\" data-element_type=\"section\" data-e-type=\"section\">\r\n\t\t\r\n\t\t\t\t\t\t\t<div class=\"elementor-container elementor-column-gap-default\">\r\n\t\t\t\t\t\t\t\t\t\t\t<div class=\"elementor-column elementor-col-100 elementor-top-column elementor-element elementor-element-4ea96bd\" data-id=\"4ea96bd\" data-element_type=\"column\" data-e-type=\"column\">\r\n\t\t\t\t\t<div class=\"elementor-widget-wrap elementor-element-populated\">\r\n\t\t\t\t\t\t\t\t<div class=\"elementor-element elementor-element-8c260b6 elementor-widget elementor-widget-heading\" data-id=\"8c260b6\" data-element_type=\"widget\" data-e-type=\"widget\" data-widget_type=\"heading.default\">\n\t\t\t\t<div class=\"elementor-widget-container\">\n\t\t\t\t\t<h2 class=\"elementor-heading-title elementor-size-default\">Exigences de la loi sur la protection des donn\u00e9es pour l'installation de cam\u00e9ras communautaires<\/h2>\t\t\t\t<\/div>\n\t\t\t\t<\/div>\n\t\t\t\t\t<\/div>\r\n\t\t\t\t<\/div>\r\n\t\t\t\t\t<\/div>\r\n\t\t\t\t<\/section>\r\n\t\t\t\t<section data-particle_enable=\"false\" data-particle-mobile-disabled=\"false\" class=\"elementor-section elementor-top-section elementor-element elementor-element-0c0861a elementor-section-boxed elementor-section-height-default elementor-section-height-default\" data-id=\"0c0861a\" data-element_type=\"section\" data-e-type=\"section\">\r\n\t\t\r\n\t\t\t\t\t\t\t<div class=\"elementor-container elementor-column-gap-default\">\r\n\t\t\t\t\t\t\t\t\t\t\t<div class=\"elementor-column elementor-col-100 elementor-top-column elementor-element elementor-element-3e21b15\" data-id=\"3e21b15\" data-element_type=\"column\" data-e-type=\"column\">\r\n\t\t\t\t\t<div class=\"elementor-widget-wrap elementor-element-populated\">\r\n\t\t\t\t\t\t\t\t<div class=\"elementor-element elementor-element-db22b9e elementor-widget elementor-widget-text-editor\" data-id=\"db22b9e\" data-element_type=\"widget\" data-e-type=\"widget\" data-widget_type=\"text-editor.default\">\n\t\t\t\t<div class=\"elementor-widget-container\">\n\t\t\t\t\t\t\t\t\t<h3><strong>Accord de l&rsquo;assembl\u00e9e des <\/strong><b>propri\u00e9taires<\/b><\/h3><p>L&rsquo;installation de cam\u00e9ras n\u00e9cessite l&rsquo;accord de la communaut\u00e9 et une justification (par exemple, pour des raisons de s\u00e9curit\u00e9 ; dans votre cas, pour <i>emp\u00eacher l&rsquo;entr\u00e9e d&rsquo;\u00e9trangers ou d&rsquo;\u00e9ventuels cambriolages<\/i> &#8211; car certaines serrures sont fr\u00e9quemment fractur\u00e9es et la simple pr\u00e9sence de la cam\u00e9ra pourrait persuader les voisins de faire un usage civique de ces espaces).<\/p><p><strong>Important<\/strong><\/p><p>Le <a href=\"https:\/\/eur-lex.europa.eu\/ES\/legal-content\/summary\/general-data-protection-regulation-gdpr.html\" rel=\"noopener\">r\u00e8glement g\u00e9n\u00e9ral sur la protection des donn\u00e9es (RGPD)<\/a> exige l&rsquo;approbation d&rsquo;une telle mesure par une majorit\u00e9 qualifi\u00e9e de 3\/5 des membres du conseil d&rsquo;administration.<\/p><h3><strong>Vie priv\u00e9e des <\/strong><b>voisins <\/b><\/h3><p>D&rsquo;autre part, leur installation et leur utilisation doivent \u00eatre conformes aux r\u00e8gles de protection des donn\u00e9es.<\/p><p>Il convient notamment de pr\u00eater attention aux points suivants<\/p><h4><i>Emplacement<\/i> des cam\u00e9ras<\/h4><ul><li>\u00a0<\/li><\/ul><p>Les cam\u00e9ras ne peuvent \u00eatre <i>plac\u00e9es<\/i> que <i>dans les parties communes de l&rsquo;immeuble<\/i> (couloirs, entr\u00e9es, garages ou jardins).<\/p><p>Elles ne doivent en aucun cas capter des <i>images de l&rsquo;int\u00e9rieur des logements ou de la voie publique<\/i> et, s&rsquo;il s&rsquo;agit de cam\u00e9ras inclinables ou zoomantes, des \u00ab\u00a0masques de confidentialit\u00e9\u00a0\u00bb (zones flout\u00e9es ou censur\u00e9es par un bloc noir ou gris dans l&rsquo;image) doivent \u00eatre install\u00e9s sur celles-ci.<\/p><h4><i>Proportionnelle<\/i><\/h4><ul><li>\u00a0<\/li><\/ul><p>Seul le <i>minimum n\u00e9cessaire<\/i> \u00e0 l&rsquo;objectif vis\u00e9 doit \u00eatre install\u00e9 (si un seul suffit, il n&rsquo;est pas possible d&rsquo;en installer d&rsquo;autres).<\/p><h4><i>Signalisation des cam\u00e9ras<\/i><\/h4><ul><li>\u00a0<\/li><\/ul><p>Les cam\u00e9ras doivent \u00eatre expos\u00e9es (afin que les gens sachent d&rsquo;o\u00f9 elles sont enregistr\u00e9es).<\/p><p>En outre, des panneaux devraient \u00eatre install\u00e9s pour informer de leur existence, des coordonn\u00e9es de la personne responsable des images, de la mani\u00e8re dont les droits en mati\u00e8re de protection des donn\u00e9es peuvent \u00eatre exerc\u00e9s et de l&rsquo;endroit o\u00f9 l&rsquo;on peut se renseigner \u00e0 ce sujet.<\/p>\t\t\t\t\t\t\t\t<\/div>\n\t\t\t\t<\/div>\n\t\t\t\t\t<\/div>\r\n\t\t\t\t<\/div>\r\n\t\t\t\t\t<\/div>\r\n\t\t\t\t<\/section>\r\n\t\t\t\t<section data-particle_enable=\"false\" data-particle-mobile-disabled=\"false\" class=\"elementor-section elementor-top-section elementor-element elementor-element-ac643a7 elementor-section-boxed elementor-section-height-default elementor-section-height-default\" data-id=\"ac643a7\" data-element_type=\"section\" data-e-type=\"section\">\r\n\t\t\r\n\t\t\t\t\t\t\t<div class=\"elementor-container elementor-column-gap-default\">\r\n\t\t\t\t\t\t\t\t\t\t\t<div class=\"elementor-column elementor-col-100 elementor-top-column elementor-element elementor-element-808d039\" data-id=\"808d039\" data-element_type=\"column\" data-e-type=\"column\">\r\n\t\t\t\t\t<div class=\"elementor-widget-wrap elementor-element-populated\">\r\n\t\t\t\t\t\t\t\t<div class=\"elementor-element elementor-element-bd322a9 elementor-invisible elementor-widget elementor-widget-text-editor\" data-id=\"bd322a9\" data-element_type=\"widget\" data-e-type=\"widget\" data-settings=\"{&quot;_animation&quot;:&quot;zoomInDown&quot;}\" data-widget_type=\"text-editor.default\">\n\t\t\t\t<div class=\"elementor-widget-container\">\n\t\t\t\t\t\t\t\t\t<p>Les cam\u00e9ras de vid\u00e9osurveillance sont tr\u00e8s dissuasives et constituent un syst\u00e8me de s\u00e9curit\u00e9 efficace pour pr\u00e9venir les comportements criminels ou les actes de vandalisme.<\/p><p>Toutefois, leur installation doit faire l&rsquo;objet d&rsquo;un accord lors d&rsquo;une r\u00e9union et doit \u00eatre conforme aux r\u00e9glementations en mati\u00e8re de protection des donn\u00e9es.<\/p>\t\t\t\t\t\t\t\t<\/div>\n\t\t\t\t<\/div>\n\t\t\t\t\t<\/div>\r\n\t\t\t\t<\/div>\r\n\t\t\t\t\t<\/div>\r\n\t\t\t\t<\/section>\r\n\t\t\t\t<section data-particle_enable=\"false\" data-particle-mobile-disabled=\"false\" class=\"elementor-section elementor-top-section elementor-element elementor-element-069f38c elementor-section-boxed elementor-section-height-default elementor-section-height-default\" data-id=\"069f38c\" data-element_type=\"section\" data-e-type=\"section\">\r\n\t\t\r\n\t\t\t\t\t\t\t<div class=\"elementor-container elementor-column-gap-default\">\r\n\t\t\t\t\t\t\t\t\t\t\t<div class=\"elementor-column elementor-col-100 elementor-top-column elementor-element elementor-element-400a0f0\" data-id=\"400a0f0\" data-element_type=\"column\" data-e-type=\"column\">\r\n\t\t\t\t\t<div class=\"elementor-widget-wrap elementor-element-populated\">\r\n\t\t\t\t\t\t\t\t<div class=\"elementor-element elementor-element-fbb3410 elementor-widget elementor-widget-heading\" data-id=\"fbb3410\" data-element_type=\"widget\" data-e-type=\"widget\" data-widget_type=\"heading.default\">\n\t\t\t\t<div class=\"elementor-widget-container\">\n\t\t\t\t\t<h2 class=\"elementor-heading-title elementor-size-default\">Quelle utilisation peut-on faire des images ?<\/h2>\t\t\t\t<\/div>\n\t\t\t\t<\/div>\n\t\t\t\t\t<\/div>\r\n\t\t\t\t<\/div>\r\n\t\t\t\t\t<\/div>\r\n\t\t\t\t<\/section>\r\n\t\t\t\t<section data-particle_enable=\"false\" data-particle-mobile-disabled=\"false\" class=\"elementor-section elementor-top-section elementor-element elementor-element-cc99e60 elementor-section-boxed elementor-section-height-default elementor-section-height-default\" data-id=\"cc99e60\" data-element_type=\"section\" data-e-type=\"section\">\r\n\t\t\r\n\t\t\t\t\t\t\t<div class=\"elementor-container elementor-column-gap-default\">\r\n\t\t\t\t\t\t\t\t\t\t\t<div class=\"elementor-column elementor-col-100 elementor-top-column elementor-element elementor-element-1ecddeb\" data-id=\"1ecddeb\" data-element_type=\"column\" data-e-type=\"column\">\r\n\t\t\t\t\t<div class=\"elementor-widget-wrap elementor-element-populated\">\r\n\t\t\t\t\t\t\t\t<div class=\"elementor-element elementor-element-2de4782 elementor-widget elementor-widget-text-editor\" data-id=\"2de4782\" data-element_type=\"widget\" data-e-type=\"widget\" data-widget_type=\"text-editor.default\">\n\t\t\t\t<div class=\"elementor-widget-container\">\n\t\t\t\t\t\t\t\t\t<h3><strong>Conservation des <\/strong><b>images<\/b><\/h3><p>Les images captur\u00e9es doivent \u00eatre stock\u00e9es en toute s\u00e9curit\u00e9 et ne peuvent \u00eatre conserv\u00e9es que le temps n\u00e9cessaire (maximum 30 jours &#8211; sauf avis contraire d&rsquo;un juge ou de la police).<\/p><p>Il est recommand\u00e9 que le processeur soit une soci\u00e9t\u00e9 de s\u00e9curit\u00e9 agr\u00e9\u00e9e, car certaines ressources techniques sont n\u00e9cessaires pour prot\u00e9ger correctement les images.<\/p><h3><strong>Visualisation des <\/strong><b>images<\/b><\/h3><p>Enfin, seules les <i>personnes autoris\u00e9es par la communaut\u00e9<\/i> (normalement le pr\u00e9sident ou l&rsquo;administrateur) peuvent avoir <i>acc\u00e8s aux enregistrements<\/i>, et ce uniquement s&rsquo;il existe une <i>raison justifi\u00e9e<\/i>.<\/p><p>Pour ce faire, la personne autoris\u00e9e par la communaut\u00e9 \u00e0 visionner les images doit en faire la demande :<\/p><ul><li>La personne autoris\u00e9e par la communaut\u00e9 \u00e0 visionner les images doit demander l&rsquo;acc\u00e8s aux images \u00e0 la soci\u00e9t\u00e9 qui en a la garde.<\/li><\/ul><p>Normalement, elle doit remplir un formulaire indiquant ses coordonn\u00e9es en tant que personne autoris\u00e9e, le cr\u00e9neau horaire qu&rsquo;elle souhaite visionner (jour et cr\u00e9neau horaire) et le motif de la demande.<\/p><ul><li>Pour acc\u00e9der aux images, il faut un <i>motif suffisamment important pour le justifier<\/i>.<\/li><\/ul><p>Ainsi, en cas de vandalisme ou de d\u00e9lit tel qu&rsquo;un vol, l&rsquo;exposition des donn\u00e9es \u00e0 caract\u00e8re personnel des voisins (leurs images) sera justifi\u00e9e car elle permettra de faire la lumi\u00e8re sur les faits.<\/p><p>En revanche, il est d\u00e9raisonnable d&rsquo;obtenir un acc\u00e8s simplement parce qu&rsquo;un chewing-gum est jet\u00e9 sur le sol ou que l&rsquo;ascenseur est tach\u00e9 par un sac poubelle cass\u00e9.<\/p>\t\t\t\t\t\t\t\t<\/div>\n\t\t\t\t<\/div>\n\t\t\t\t\t<\/div>\r\n\t\t\t\t<\/div>\r\n\t\t\t\t\t<\/div>\r\n\t\t\t\t<\/section>\r\n\t\t\t\t<section data-particle_enable=\"false\" data-particle-mobile-disabled=\"false\" class=\"elementor-section elementor-top-section elementor-element elementor-element-c260f4b elementor-section-boxed elementor-section-height-default elementor-section-height-default\" data-id=\"c260f4b\" data-element_type=\"section\" data-e-type=\"section\">\r\n\t\t\r\n\t\t\t\t\t\t\t<div class=\"elementor-container elementor-column-gap-default\">\r\n\t\t\t\t\t\t\t\t\t\t\t<div class=\"elementor-column elementor-col-100 elementor-top-column elementor-element elementor-element-90c6dbd\" data-id=\"90c6dbd\" data-element_type=\"column\" data-e-type=\"column\">\r\n\t\t\t\t\t<div class=\"elementor-widget-wrap elementor-element-populated\">\r\n\t\t\t\t\t\t\t\t<div class=\"elementor-element elementor-element-7ab0643 elementor-widget elementor-widget-heading\" data-id=\"7ab0643\" data-element_type=\"widget\" data-e-type=\"widget\" data-widget_type=\"heading.default\">\n\t\t\t\t<div class=\"elementor-widget-container\">\n\t\t\t\t\t<h2 class=\"elementor-heading-title elementor-size-default\">Vous pouvez \u00eatre int\u00e9ress\u00e9 par<\/h2>\t\t\t\t<\/div>\n\t\t\t\t<\/div>\n\t\t\t\t\t<\/div>\r\n\t\t\t\t<\/div>\r\n\t\t\t\t\t<\/div>\r\n\t\t\t\t<\/section>\r\n\t\t\t\t<section data-particle_enable=\"false\" data-particle-mobile-disabled=\"false\" class=\"elementor-section elementor-top-section elementor-element elementor-element-099fcda elementor-section-boxed elementor-section-height-default elementor-section-height-default\" data-id=\"099fcda\" data-element_type=\"section\" data-e-type=\"section\">\r\n\t\t\r\n\t\t\t\t\t\t\t<div class=\"elementor-container elementor-column-gap-default\">\r\n\t\t\t\t\t\t\t\t\t\t\t<div class=\"elementor-column elementor-col-100 elementor-top-column elementor-element elementor-element-bd6a470\" data-id=\"bd6a470\" data-element_type=\"column\" data-e-type=\"column\">\r\n\t\t\t\t\t<div class=\"elementor-widget-wrap elementor-element-populated\">\r\n\t\t\t\t\t\t\t\t<div class=\"elementor-element elementor-element-fff87d4 elementor-widget elementor-widget-eael-post-block\" data-id=\"fff87d4\" data-element_type=\"widget\" data-e-type=\"widget\" data-widget_type=\"eael-post-block.default\">\n\t\t\t\t<div class=\"elementor-widget-container\">\n\t\t\t\t\t<div id=\"eael-post-block-fff87d4\" class=\"eael-post-block post-block-style-default \">\n            <div class=\"eael-post-block-grid eael-post-appender eael-post-appender-fff87d4  \"><article class=\"eael-post-block-item eael-post-block-column\">\n        <div class=\"eael-post-block-item-holder\">\n            <div class=\"eael-post-block-item-holder-inner\"><div class=\"eael-entry-media\">\n                        <div class=\"eael-entry-overlay fade-in\"><i class=\"fas fa-long-arrow-alt-right\" aria-hidden=\"true\"><\/i><a href=\"https:\/\/www.asesoriaorihuelacosta.com\/fr\/location-touristique\/\"\n                        \n                        >\n                        <\/a>\n                        <\/div>\n                        <div class=\"eael-entry-thumbnail \">\n                            <img decoding=\"async\" src=\"https:\/\/www.asesoriaorihuelacosta.com\/wp-content\/uploads\/2022\/03\/00alquilerOrihuelaCosta-300x225.jpg\" alt=\"vivienda vaacion\">\n                        <\/div>\n                    <\/div><div class=\"eael-entry-wrapper\"><header class=\"eael-entry-header\"><h2 class=\"eael-entry-title\">\n                                        <a class=\"eael-grid-post-link\" href=\"https:\/\/www.asesoriaorihuelacosta.com\/fr\/location-touristique\/\" title=\"COMMENT FAIRE POUR ENREGISTR\u00c9 VOTRE BIEN IMMOBILIER POUR LA LOCATION TOURISTIQUE EN ESPAGNE?\">\n                                        COMMENT FAIRE POUR ENREGISTR\u00c9 VOTRE BIEN IMMOBILIER POUR LA LOCATION TOURISTIQUE EN ESPAGNE?\n                                        <\/a>\n\n                                    <\/h2><\/header><div class=\"eael-entry-content\"><div class=\"eael-grid-post-excerpt\"><p>Location de logements de tourisme, de loisir ou de loisir...<\/p><\/div><\/div>\n                    <\/div><div class=\"eael-entry-footer\"><div class=\"eael-author-avatar\">\n                                <a href=\"https:\/\/www.asesoriaorihuelacosta.com\/fr\/author\/yoseo\/\"><\/a>\n                            <\/div><div class=\"eael-entry-meta\"><div class=\"eael-posted-by\"><a href=\"https:\/\/www.asesoriaorihuelacosta.com\/fr\/author\/yoseo\/\" title=\"Articles par admin\" rel=\"author\">admin<\/a><\/div><div class=\"eael-posted-on\"><time datetime=\"mars 30, 2022\">mars 30, 2022<\/time><\/div><\/div><\/div><\/div>\n        <\/div>\n    <\/article><\/div>\n\t\t<\/div>\t\t\t\t<\/div>\n\t\t\t\t<\/div>\n\t\t\t\t\t<\/div>\r\n\t\t\t\t<\/div>\r\n\t\t\t\t\t<\/div>\r\n\t\t\t\t<\/section>\r\n\t\t\t\t<\/div>\n\t\t","protected":false},"excerpt":{"rendered":"<p>Protection des donn\u00e9es : Votre communaut\u00e9 est souvent endommag\u00e9e : les murs sont bossel\u00e9s ou ray\u00e9s, l&rsquo;ascenseur est sale&#8230; parfois, m\u00eame les serrures sont endommag\u00e9es en raison d&rsquo;une mauvaise utilisation. C&rsquo;est pourquoi vous envisagez de surveiller ces zones \u00e0 l&rsquo;aide de cam\u00e9ras. Cette mesure sera-t-elle utile ? Protecci\u00f3n de datos en la Videovigilancia Si les [&hellip;]<\/p>\n","protected":false},"author":2,"featured_media":38315,"comment_status":"closed","ping_status":"closed","sticky":false,"template":"","format":"standard","meta":{"_eb_attr":"","inline_featured_image":false,"footnotes":""},"categories":[46],"tags":[],"class_list":["post-40025","post","type-post","status-publish","format-standard","has-post-thumbnail","hentry","category-blog"],"featured_image_src":{"landsacpe":["https:\/\/www.asesoriaorihuelacosta.com\/wp-content\/uploads\/2025\/01\/proteccion-de-datos-1-1140x445.webp",1140,445,true],"list":["https:\/\/www.asesoriaorihuelacosta.com\/wp-content\/uploads\/2025\/01\/proteccion-de-datos-1-463x348.webp",463,348,true],"medium":["https:\/\/www.asesoriaorihuelacosta.com\/wp-content\/uploads\/2025\/01\/proteccion-de-datos-1-300x169.webp",300,169,true],"full":["https:\/\/www.asesoriaorihuelacosta.com\/wp-content\/uploads\/2025\/01\/proteccion-de-datos-1.webp",1280,720,false]},"yoast_head":"<!-- This site is optimized with the Yoast SEO Premium plugin v24.7 (Yoast SEO v27.4) - https:\/\/yoast.com\/product\/yoast-seo-premium-wordpress\/ -->\n<title>Faut-il installer des cam\u00e9ras dans la communaut\u00e9 ?? - Asesor\u00eda Orihuela Costa<\/title>\n<meta name=\"description\" content=\"Renseignez-vous sur la protection des donn\u00e9es dans une communaut\u00e9 et sur la mani\u00e8re de garantir la confidentialit\u00e9 de vos voisins.\" \/>\n<meta name=\"robots\" content=\"index, follow, max-snippet:-1, max-image-preview:large, max-video-preview:-1\" \/>\n<link rel=\"canonical\" href=\"https:\/\/www.asesoriaorihuelacosta.com\/fr\/protection-des-donnees-faut-il-installer-des-cameras-dans-la-communaute\/\" \/>\n<meta property=\"og:locale\" content=\"fr_FR\" \/>\n<meta property=\"og:type\" content=\"article\" \/>\n<meta property=\"og:title\" content=\"Protection des donn\u00e9es Faut-il installer des cam\u00e9ras dans la communaut\u00e9 ?\" \/>\n<meta property=\"og:description\" content=\"Renseignez-vous sur la protection des donn\u00e9es dans une communaut\u00e9 et sur la mani\u00e8re de garantir la confidentialit\u00e9 de vos voisins.\" \/>\n<meta property=\"og:url\" content=\"https:\/\/www.asesoriaorihuelacosta.com\/fr\/protection-des-donnees-faut-il-installer-des-cameras-dans-la-communaute\/\" \/>\n<meta property=\"og:site_name\" content=\"Asesor\u00eda Orihuela Costa\" \/>\n<meta property=\"article:publisher\" content=\"https:\/\/www.facebook.com\/asesoriaorihuelacosta\" \/>\n<meta property=\"article:author\" content=\"https:\/\/www.facebook.com\/patrick.gordinneperez\" \/>\n<meta property=\"article:published_time\" content=\"2025-01-09T06:15:22+00:00\" \/>\n<meta property=\"article:modified_time\" content=\"2025-02-02T19:46:20+00:00\" \/>\n<meta property=\"og:image\" content=\"https:\/\/www.asesoriaorihuelacosta.com\/wp-content\/uploads\/2025\/01\/proteccion-de-datos-1.webp\" \/>\n\t<meta property=\"og:image:width\" content=\"1280\" \/>\n\t<meta property=\"og:image:height\" content=\"720\" \/>\n\t<meta property=\"og:image:type\" content=\"image\/webp\" \/>\n<meta name=\"author\" content=\"Patrick Gordinne Perez\" \/>\n<meta name=\"twitter:card\" content=\"summary_large_image\" \/>\n<meta name=\"twitter:label1\" content=\"\u00c9crit par\" \/>\n\t<meta name=\"twitter:data1\" content=\"Patrick Gordinne Perez\" \/>\n\t<meta name=\"twitter:label2\" content=\"Dur\u00e9e de lecture estim\u00e9e\" \/>\n\t<meta name=\"twitter:data2\" content=\"4 minutes\" \/>\n<script type=\"application\/ld+json\" class=\"yoast-schema-graph\">{\"@context\":\"https:\\\/\\\/schema.org\",\"@graph\":[{\"@type\":\"Article\",\"@id\":\"https:\\\/\\\/www.asesoriaorihuelacosta.com\\\/fr\\\/protection-des-donnees-faut-il-installer-des-cameras-dans-la-communaute\\\/#article\",\"isPartOf\":{\"@id\":\"https:\\\/\\\/www.asesoriaorihuelacosta.com\\\/fr\\\/protection-des-donnees-faut-il-installer-des-cameras-dans-la-communaute\\\/\"},\"author\":{\"name\":\"Patrick Gordinne Perez\",\"@id\":\"https:\\\/\\\/www.asesoriaorihuelacosta.com\\\/fr\\\/#\\\/schema\\\/person\\\/6614ce8cf6d2de542aaf351629fd539e\"},\"headline\":\"Protection des donn\u00e9es Faut-il installer des cam\u00e9ras dans la communaut\u00e9 ?\",\"datePublished\":\"2025-01-09T06:15:22+00:00\",\"dateModified\":\"2025-02-02T19:46:20+00:00\",\"mainEntityOfPage\":{\"@id\":\"https:\\\/\\\/www.asesoriaorihuelacosta.com\\\/fr\\\/protection-des-donnees-faut-il-installer-des-cameras-dans-la-communaute\\\/\"},\"wordCount\":854,\"publisher\":{\"@id\":\"https:\\\/\\\/www.asesoriaorihuelacosta.com\\\/fr\\\/#organization\"},\"image\":{\"@id\":\"https:\\\/\\\/www.asesoriaorihuelacosta.com\\\/fr\\\/protection-des-donnees-faut-il-installer-des-cameras-dans-la-communaute\\\/#primaryimage\"},\"thumbnailUrl\":\"https:\\\/\\\/www.asesoriaorihuelacosta.com\\\/wp-content\\\/uploads\\\/2025\\\/01\\\/proteccion-de-datos-1.webp\",\"articleSection\":[\"Blog\"],\"inLanguage\":\"fr-FR\"},{\"@type\":\"WebPage\",\"@id\":\"https:\\\/\\\/www.asesoriaorihuelacosta.com\\\/fr\\\/protection-des-donnees-faut-il-installer-des-cameras-dans-la-communaute\\\/\",\"url\":\"https:\\\/\\\/www.asesoriaorihuelacosta.com\\\/fr\\\/protection-des-donnees-faut-il-installer-des-cameras-dans-la-communaute\\\/\",\"name\":\"Faut-il installer des cam\u00e9ras dans la communaut\u00e9 ?? - Asesor\u00eda Orihuela Costa\",\"isPartOf\":{\"@id\":\"https:\\\/\\\/www.asesoriaorihuelacosta.com\\\/fr\\\/#website\"},\"primaryImageOfPage\":{\"@id\":\"https:\\\/\\\/www.asesoriaorihuelacosta.com\\\/fr\\\/protection-des-donnees-faut-il-installer-des-cameras-dans-la-communaute\\\/#primaryimage\"},\"image\":{\"@id\":\"https:\\\/\\\/www.asesoriaorihuelacosta.com\\\/fr\\\/protection-des-donnees-faut-il-installer-des-cameras-dans-la-communaute\\\/#primaryimage\"},\"thumbnailUrl\":\"https:\\\/\\\/www.asesoriaorihuelacosta.com\\\/wp-content\\\/uploads\\\/2025\\\/01\\\/proteccion-de-datos-1.webp\",\"datePublished\":\"2025-01-09T06:15:22+00:00\",\"dateModified\":\"2025-02-02T19:46:20+00:00\",\"description\":\"Renseignez-vous sur la protection des donn\u00e9es dans une communaut\u00e9 et sur la mani\u00e8re de garantir la confidentialit\u00e9 de vos voisins.\",\"breadcrumb\":{\"@id\":\"https:\\\/\\\/www.asesoriaorihuelacosta.com\\\/fr\\\/protection-des-donnees-faut-il-installer-des-cameras-dans-la-communaute\\\/#breadcrumb\"},\"inLanguage\":\"fr-FR\",\"potentialAction\":[{\"@type\":\"ReadAction\",\"target\":[\"https:\\\/\\\/www.asesoriaorihuelacosta.com\\\/fr\\\/protection-des-donnees-faut-il-installer-des-cameras-dans-la-communaute\\\/\"]}]},{\"@type\":\"ImageObject\",\"inLanguage\":\"fr-FR\",\"@id\":\"https:\\\/\\\/www.asesoriaorihuelacosta.com\\\/fr\\\/protection-des-donnees-faut-il-installer-des-cameras-dans-la-communaute\\\/#primaryimage\",\"url\":\"https:\\\/\\\/www.asesoriaorihuelacosta.com\\\/wp-content\\\/uploads\\\/2025\\\/01\\\/proteccion-de-datos-1.webp\",\"contentUrl\":\"https:\\\/\\\/www.asesoriaorihuelacosta.com\\\/wp-content\\\/uploads\\\/2025\\\/01\\\/proteccion-de-datos-1.webp\",\"width\":1280,\"height\":720,\"caption\":\"proteccion de datos\"},{\"@type\":\"BreadcrumbList\",\"@id\":\"https:\\\/\\\/www.asesoriaorihuelacosta.com\\\/fr\\\/protection-des-donnees-faut-il-installer-des-cameras-dans-la-communaute\\\/#breadcrumb\",\"itemListElement\":[{\"@type\":\"ListItem\",\"position\":1,\"name\":\"Home\",\"item\":\"https:\\\/\\\/www.asesoriaorihuelacosta.com\\\/fr\\\/\"},{\"@type\":\"ListItem\",\"position\":2,\"name\":\"Protection des donn\u00e9es Faut-il installer des cam\u00e9ras dans la communaut\u00e9 ?\"}]},{\"@type\":\"WebSite\",\"@id\":\"https:\\\/\\\/www.asesoriaorihuelacosta.com\\\/fr\\\/#website\",\"url\":\"https:\\\/\\\/www.asesoriaorihuelacosta.com\\\/fr\\\/\",\"name\":\"https:\\\/\\\/www.asesoriaorihuelacosta.com\\\/\",\"description\":\"Grupo de asesores profesionales\",\"publisher\":{\"@id\":\"https:\\\/\\\/www.asesoriaorihuelacosta.com\\\/fr\\\/#organization\"},\"potentialAction\":[{\"@type\":\"SearchAction\",\"target\":{\"@type\":\"EntryPoint\",\"urlTemplate\":\"https:\\\/\\\/www.asesoriaorihuelacosta.com\\\/fr\\\/?s={search_term_string}\"},\"query-input\":{\"@type\":\"PropertyValueSpecification\",\"valueRequired\":true,\"valueName\":\"search_term_string\"}}],\"inLanguage\":\"fr-FR\"},{\"@type\":\"Organization\",\"@id\":\"https:\\\/\\\/www.asesoriaorihuelacosta.com\\\/fr\\\/#organization\",\"name\":\"Asesor\u00eda Orihuela Costa\",\"url\":\"https:\\\/\\\/www.asesoriaorihuelacosta.com\\\/fr\\\/\",\"logo\":{\"@type\":\"ImageObject\",\"inLanguage\":\"fr-FR\",\"@id\":\"https:\\\/\\\/www.asesoriaorihuelacosta.com\\\/fr\\\/#\\\/schema\\\/logo\\\/image\\\/\",\"url\":\"https:\\\/\\\/www.asesoriaorihuelacosta.com\\\/wp-content\\\/uploads\\\/2022\\\/06\\\/Logo-espa\u5bf8l-asesoriaorihuela.jpg\",\"contentUrl\":\"https:\\\/\\\/www.asesoriaorihuelacosta.com\\\/wp-content\\\/uploads\\\/2022\\\/06\\\/Logo-espa\u5bf8l-asesoriaorihuela.jpg\",\"width\":588,\"height\":136,\"caption\":\"Asesor\u00eda Orihuela Costa\"},\"image\":{\"@id\":\"https:\\\/\\\/www.asesoriaorihuelacosta.com\\\/fr\\\/#\\\/schema\\\/logo\\\/image\\\/\"},\"sameAs\":[\"https:\\\/\\\/www.facebook.com\\\/asesoriaorihuelacosta\"]},{\"@type\":\"Person\",\"@id\":\"https:\\\/\\\/www.asesoriaorihuelacosta.com\\\/fr\\\/#\\\/schema\\\/person\\\/6614ce8cf6d2de542aaf351629fd539e\",\"name\":\"Patrick Gordinne Perez\",\"description\":\"Soy economista colegiado por el colegio de economistas de Alicante con el n\u00famero 2722. Llevo ejerciendo desde el a\u00f1o 2005. Soy especialista en fiscalidad de empresas y aut\u00f3nomos y tambi\u00e9n especialista en gestionar compraventas. Hablo espa\u00f1ol, ingl\u00e9s y franc\u00e9s.\",\"sameAs\":[\"https:\\\/\\\/www.asesoriaorihuelacosta.com\",\"https:\\\/\\\/www.facebook.com\\\/patrick.gordinneperez\",\"https:\\\/\\\/www.linkedin.com\\\/in\\\/patrick-gordinne-perez-1b73aab3\\\/\",\"https:\\\/\\\/www.youtube.com\\\/channel\\\/UC5e95RJEVQlxCnhwDmGNVCw\"],\"gender\":\"Hombre\",\"knowsLanguage\":[\"ingl\u00e9s\",\"franc\u00e9s\",\"espa\u00f1ol\"],\"jobTitle\":\"Gerente\",\"worksFor\":\"Asesoria Orihuela Costa SL\"}]}<\/script>\n<!-- \/ Yoast SEO Premium plugin. -->","yoast_head_json":{"title":"Faut-il installer des cam\u00e9ras dans la communaut\u00e9 ?? - Asesor\u00eda Orihuela Costa","description":"Renseignez-vous sur la protection des donn\u00e9es dans une communaut\u00e9 et sur la mani\u00e8re de garantir la confidentialit\u00e9 de vos voisins.","robots":{"index":"index","follow":"follow","max-snippet":"max-snippet:-1","max-image-preview":"max-image-preview:large","max-video-preview":"max-video-preview:-1"},"canonical":"https:\/\/www.asesoriaorihuelacosta.com\/fr\/protection-des-donnees-faut-il-installer-des-cameras-dans-la-communaute\/","og_locale":"fr_FR","og_type":"article","og_title":"Protection des donn\u00e9es Faut-il installer des cam\u00e9ras dans la communaut\u00e9 ?","og_description":"Renseignez-vous sur la protection des donn\u00e9es dans une communaut\u00e9 et sur la mani\u00e8re de garantir la confidentialit\u00e9 de vos voisins.","og_url":"https:\/\/www.asesoriaorihuelacosta.com\/fr\/protection-des-donnees-faut-il-installer-des-cameras-dans-la-communaute\/","og_site_name":"Asesor\u00eda Orihuela Costa","article_publisher":"https:\/\/www.facebook.com\/asesoriaorihuelacosta","article_author":"https:\/\/www.facebook.com\/patrick.gordinneperez","article_published_time":"2025-01-09T06:15:22+00:00","article_modified_time":"2025-02-02T19:46:20+00:00","og_image":[{"width":1280,"height":720,"url":"https:\/\/www.asesoriaorihuelacosta.com\/wp-content\/uploads\/2025\/01\/proteccion-de-datos-1.webp","type":"image\/webp"}],"author":"Patrick Gordinne Perez","twitter_card":"summary_large_image","twitter_misc":{"\u00c9crit par":"Patrick Gordinne Perez","Dur\u00e9e de lecture estim\u00e9e":"4 minutes"},"schema":{"@context":"https:\/\/schema.org","@graph":[{"@type":"Article","@id":"https:\/\/www.asesoriaorihuelacosta.com\/fr\/protection-des-donnees-faut-il-installer-des-cameras-dans-la-communaute\/#article","isPartOf":{"@id":"https:\/\/www.asesoriaorihuelacosta.com\/fr\/protection-des-donnees-faut-il-installer-des-cameras-dans-la-communaute\/"},"author":{"name":"Patrick Gordinne Perez","@id":"https:\/\/www.asesoriaorihuelacosta.com\/fr\/#\/schema\/person\/6614ce8cf6d2de542aaf351629fd539e"},"headline":"Protection des donn\u00e9es Faut-il installer des cam\u00e9ras dans la communaut\u00e9 ?","datePublished":"2025-01-09T06:15:22+00:00","dateModified":"2025-02-02T19:46:20+00:00","mainEntityOfPage":{"@id":"https:\/\/www.asesoriaorihuelacosta.com\/fr\/protection-des-donnees-faut-il-installer-des-cameras-dans-la-communaute\/"},"wordCount":854,"publisher":{"@id":"https:\/\/www.asesoriaorihuelacosta.com\/fr\/#organization"},"image":{"@id":"https:\/\/www.asesoriaorihuelacosta.com\/fr\/protection-des-donnees-faut-il-installer-des-cameras-dans-la-communaute\/#primaryimage"},"thumbnailUrl":"https:\/\/www.asesoriaorihuelacosta.com\/wp-content\/uploads\/2025\/01\/proteccion-de-datos-1.webp","articleSection":["Blog"],"inLanguage":"fr-FR"},{"@type":"WebPage","@id":"https:\/\/www.asesoriaorihuelacosta.com\/fr\/protection-des-donnees-faut-il-installer-des-cameras-dans-la-communaute\/","url":"https:\/\/www.asesoriaorihuelacosta.com\/fr\/protection-des-donnees-faut-il-installer-des-cameras-dans-la-communaute\/","name":"Faut-il installer des cam\u00e9ras dans la communaut\u00e9 ?? - Asesor\u00eda Orihuela Costa","isPartOf":{"@id":"https:\/\/www.asesoriaorihuelacosta.com\/fr\/#website"},"primaryImageOfPage":{"@id":"https:\/\/www.asesoriaorihuelacosta.com\/fr\/protection-des-donnees-faut-il-installer-des-cameras-dans-la-communaute\/#primaryimage"},"image":{"@id":"https:\/\/www.asesoriaorihuelacosta.com\/fr\/protection-des-donnees-faut-il-installer-des-cameras-dans-la-communaute\/#primaryimage"},"thumbnailUrl":"https:\/\/www.asesoriaorihuelacosta.com\/wp-content\/uploads\/2025\/01\/proteccion-de-datos-1.webp","datePublished":"2025-01-09T06:15:22+00:00","dateModified":"2025-02-02T19:46:20+00:00","description":"Renseignez-vous sur la protection des donn\u00e9es dans une communaut\u00e9 et sur la mani\u00e8re de garantir la confidentialit\u00e9 de vos voisins.","breadcrumb":{"@id":"https:\/\/www.asesoriaorihuelacosta.com\/fr\/protection-des-donnees-faut-il-installer-des-cameras-dans-la-communaute\/#breadcrumb"},"inLanguage":"fr-FR","potentialAction":[{"@type":"ReadAction","target":["https:\/\/www.asesoriaorihuelacosta.com\/fr\/protection-des-donnees-faut-il-installer-des-cameras-dans-la-communaute\/"]}]},{"@type":"ImageObject","inLanguage":"fr-FR","@id":"https:\/\/www.asesoriaorihuelacosta.com\/fr\/protection-des-donnees-faut-il-installer-des-cameras-dans-la-communaute\/#primaryimage","url":"https:\/\/www.asesoriaorihuelacosta.com\/wp-content\/uploads\/2025\/01\/proteccion-de-datos-1.webp","contentUrl":"https:\/\/www.asesoriaorihuelacosta.com\/wp-content\/uploads\/2025\/01\/proteccion-de-datos-1.webp","width":1280,"height":720,"caption":"proteccion de datos"},{"@type":"BreadcrumbList","@id":"https:\/\/www.asesoriaorihuelacosta.com\/fr\/protection-des-donnees-faut-il-installer-des-cameras-dans-la-communaute\/#breadcrumb","itemListElement":[{"@type":"ListItem","position":1,"name":"Home","item":"https:\/\/www.asesoriaorihuelacosta.com\/fr\/"},{"@type":"ListItem","position":2,"name":"Protection des donn\u00e9es Faut-il installer des cam\u00e9ras dans la communaut\u00e9 ?"}]},{"@type":"WebSite","@id":"https:\/\/www.asesoriaorihuelacosta.com\/fr\/#website","url":"https:\/\/www.asesoriaorihuelacosta.com\/fr\/","name":"https:\/\/www.asesoriaorihuelacosta.com\/","description":"Grupo de asesores profesionales","publisher":{"@id":"https:\/\/www.asesoriaorihuelacosta.com\/fr\/#organization"},"potentialAction":[{"@type":"SearchAction","target":{"@type":"EntryPoint","urlTemplate":"https:\/\/www.asesoriaorihuelacosta.com\/fr\/?s={search_term_string}"},"query-input":{"@type":"PropertyValueSpecification","valueRequired":true,"valueName":"search_term_string"}}],"inLanguage":"fr-FR"},{"@type":"Organization","@id":"https:\/\/www.asesoriaorihuelacosta.com\/fr\/#organization","name":"Asesor\u00eda Orihuela Costa","url":"https:\/\/www.asesoriaorihuelacosta.com\/fr\/","logo":{"@type":"ImageObject","inLanguage":"fr-FR","@id":"https:\/\/www.asesoriaorihuelacosta.com\/fr\/#\/schema\/logo\/image\/","url":"https:\/\/www.asesoriaorihuelacosta.com\/wp-content\/uploads\/2022\/06\/Logo-espa\u5bf8l-asesoriaorihuela.jpg","contentUrl":"https:\/\/www.asesoriaorihuelacosta.com\/wp-content\/uploads\/2022\/06\/Logo-espa\u5bf8l-asesoriaorihuela.jpg","width":588,"height":136,"caption":"Asesor\u00eda Orihuela Costa"},"image":{"@id":"https:\/\/www.asesoriaorihuelacosta.com\/fr\/#\/schema\/logo\/image\/"},"sameAs":["https:\/\/www.facebook.com\/asesoriaorihuelacosta"]},{"@type":"Person","@id":"https:\/\/www.asesoriaorihuelacosta.com\/fr\/#\/schema\/person\/6614ce8cf6d2de542aaf351629fd539e","name":"Patrick Gordinne Perez","description":"Soy economista colegiado por el colegio de economistas de Alicante con el n\u00famero 2722. Llevo ejerciendo desde el a\u00f1o 2005. Soy especialista en fiscalidad de empresas y aut\u00f3nomos y tambi\u00e9n especialista en gestionar compraventas. Hablo espa\u00f1ol, ingl\u00e9s y franc\u00e9s.","sameAs":["https:\/\/www.asesoriaorihuelacosta.com","https:\/\/www.facebook.com\/patrick.gordinneperez","https:\/\/www.linkedin.com\/in\/patrick-gordinne-perez-1b73aab3\/","https:\/\/www.youtube.com\/channel\/UC5e95RJEVQlxCnhwDmGNVCw"],"gender":"Hombre","knowsLanguage":["ingl\u00e9s","franc\u00e9s","espa\u00f1ol"],"jobTitle":"Gerente","worksFor":"Asesoria Orihuela Costa SL"}]}},"_links":{"self":[{"href":"https:\/\/www.asesoriaorihuelacosta.com\/fr\/wp-json\/wp\/v2\/posts\/40025","targetHints":{"allow":["GET"]}}],"collection":[{"href":"https:\/\/www.asesoriaorihuelacosta.com\/fr\/wp-json\/wp\/v2\/posts"}],"about":[{"href":"https:\/\/www.asesoriaorihuelacosta.com\/fr\/wp-json\/wp\/v2\/types\/post"}],"author":[{"embeddable":true,"href":"https:\/\/www.asesoriaorihuelacosta.com\/fr\/wp-json\/wp\/v2\/users\/2"}],"replies":[{"embeddable":true,"href":"https:\/\/www.asesoriaorihuelacosta.com\/fr\/wp-json\/wp\/v2\/comments?post=40025"}],"version-history":[{"count":8,"href":"https:\/\/www.asesoriaorihuelacosta.com\/fr\/wp-json\/wp\/v2\/posts\/40025\/revisions"}],"predecessor-version":[{"id":40034,"href":"https:\/\/www.asesoriaorihuelacosta.com\/fr\/wp-json\/wp\/v2\/posts\/40025\/revisions\/40034"}],"wp:featuredmedia":[{"embeddable":true,"href":"https:\/\/www.asesoriaorihuelacosta.com\/fr\/wp-json\/wp\/v2\/media\/38315"}],"wp:attachment":[{"href":"https:\/\/www.asesoriaorihuelacosta.com\/fr\/wp-json\/wp\/v2\/media?parent=40025"}],"wp:term":[{"taxonomy":"category","embeddable":true,"href":"https:\/\/www.asesoriaorihuelacosta.com\/fr\/wp-json\/wp\/v2\/categories?post=40025"},{"taxonomy":"post_tag","embeddable":true,"href":"https:\/\/www.asesoriaorihuelacosta.com\/fr\/wp-json\/wp\/v2\/tags?post=40025"}],"curies":[{"name":"wp","href":"https:\/\/api.w.org\/{rel}","templated":true}]}}