{"id":39482,"date":"2025-01-25T06:10:36","date_gmt":"2025-01-25T06:10:36","guid":{"rendered":"https:\/\/www.asesoriaorihuelacosta.com\/?p=39482"},"modified":"2025-01-25T15:17:05","modified_gmt":"2025-01-25T15:17:05","slug":"5-raisons-de-faire-appel-a-un-cabinet-de-conseil-en-droit-du-travail-pour-votre-entreprise","status":"publish","type":"post","link":"https:\/\/www.asesoriaorihuelacosta.com\/fr\/5-raisons-de-faire-appel-a-un-cabinet-de-conseil-en-droit-du-travail-pour-votre-entreprise\/","title":{"rendered":"5 raisons de faire appel \u00e0 un cabinet de conseil en droit du travail pour votre entreprise"},"content":{"rendered":"\t\t<div data-elementor-type=\"wp-post\" data-elementor-id=\"39482\" class=\"elementor elementor-39482\" data-elementor-post-type=\"post\">\n\t\t\t\t\t\t<section data-particle_enable=\"false\" data-particle-mobile-disabled=\"false\" class=\"elementor-section elementor-top-section elementor-element elementor-element-d55d5a6 elementor-section-boxed elementor-section-height-default elementor-section-height-default\" data-id=\"d55d5a6\" data-element_type=\"section\" data-e-type=\"section\">\r\n\t\t\r\n\t\t\t\t\t\t\t<div class=\"elementor-container elementor-column-gap-default\">\r\n\t\t\t\t\t\t\t\t\t\t\t<div class=\"elementor-column elementor-col-100 elementor-top-column elementor-element elementor-element-af01871\" data-id=\"af01871\" data-element_type=\"column\" data-e-type=\"column\">\r\n\t\t\t\t\t<div class=\"elementor-widget-wrap elementor-element-populated\">\r\n\t\t\t\t\t\t\t\t<div class=\"elementor-element elementor-element-6b37473 elementor-widget elementor-widget-text-editor\" data-id=\"6b37473\" data-element_type=\"widget\" data-e-type=\"widget\" data-widget_type=\"text-editor.default\">\n\t\t\t\t<div class=\"elementor-widget-container\">\n\t\t\t\t\t\t\t\t\t<p>L&rsquo;<b><i>embauche d&rsquo;un cabinet de conseil en droit du travail <\/i><\/b>est une option que tous les ind\u00e9pendants et les PME devraient envisager.<\/p>\n<p>Dans cet article, nous vous expliquons pourquoi&#8230;<\/p>\t\t\t\t\t\t\t\t<\/div>\n\t\t\t\t<\/div>\n\t\t\t\t\t<\/div>\r\n\t\t\t\t<\/div>\r\n\t\t\t\t\t<\/div>\r\n\t\t\t\t<\/section>\r\n\t\t\t\t<section data-particle_enable=\"false\" data-particle-mobile-disabled=\"false\" class=\"elementor-section elementor-top-section elementor-element elementor-element-02d1512 elementor-section-boxed elementor-section-height-default elementor-section-height-default\" data-id=\"02d1512\" data-element_type=\"section\" data-e-type=\"section\">\r\n\t\t\r\n\t\t\t\t\t\t\t<div class=\"elementor-container elementor-column-gap-default\">\r\n\t\t\t\t\t\t\t\t\t\t\t<div class=\"elementor-column elementor-col-100 elementor-top-column elementor-element elementor-element-0c63d7f\" data-id=\"0c63d7f\" data-element_type=\"column\" data-e-type=\"column\">\r\n\t\t\t\t\t<div class=\"elementor-widget-wrap elementor-element-populated\">\r\n\t\t\t\t\t\t\t\t<div class=\"elementor-element elementor-element-e748c31 elementor-widget elementor-widget-heading\" data-id=\"e748c31\" data-element_type=\"widget\" data-e-type=\"widget\" data-widget_type=\"heading.default\">\n\t\t\t\t<div class=\"elementor-widget-container\">\n\t\t\t\t\t<h2 class=\"elementor-heading-title elementor-size-default\">5 raisons de faire appel \u00e0 un cabinet de conseil en droit du travail pour les entreprises<\/h2>\t\t\t\t<\/div>\n\t\t\t\t<\/div>\n\t\t\t\t\t<\/div>\r\n\t\t\t\t<\/div>\r\n\t\t\t\t\t<\/div>\r\n\t\t\t\t<\/section>\r\n\t\t\t\t<section data-particle_enable=\"false\" data-particle-mobile-disabled=\"false\" class=\"elementor-section elementor-top-section elementor-element elementor-element-12faaa6 elementor-section-boxed elementor-section-height-default elementor-section-height-default\" data-id=\"12faaa6\" data-element_type=\"section\" data-e-type=\"section\">\r\n\t\t\r\n\t\t\t\t\t\t\t<div class=\"elementor-container elementor-column-gap-default\">\r\n\t\t\t\t\t\t\t\t\t\t\t<div class=\"elementor-column elementor-col-100 elementor-top-column elementor-element elementor-element-85440c6\" data-id=\"85440c6\" data-element_type=\"column\" data-e-type=\"column\">\r\n\t\t\t\t\t<div class=\"elementor-widget-wrap elementor-element-populated\">\r\n\t\t\t\t\t\t\t\t<div class=\"elementor-element elementor-element-f17fa32 elementor-widget elementor-widget-text-editor\" data-id=\"f17fa32\" data-element_type=\"widget\" data-e-type=\"widget\" data-widget_type=\"text-editor.default\">\n\t\t\t\t<div class=\"elementor-widget-container\">\n\t\t\t\t\t\t\t\t\t<p>Le <b>consultant en droit du travail<\/b> est un sp\u00e9cialiste du droit du travail qui guide les entreprises dans leurs d\u00e9cisions en mati\u00e8re de droit du travail.<\/p>\n<p>S&rsquo;il est courant que les grandes entreprises disposent d&rsquo;un service sp\u00e9cifique de ressources humaines, ce n&rsquo;est pas le cas des ind\u00e9pendants ou des <a href=\"https:\/\/ipyme.org\/es-es\/queespyme\/Paginas\/concepto.aspx\" rel=\"noopener\">PME<\/a>.<\/p>\n<p>L&rsquo;externalisation de ce domaine est g\u00e9n\u00e9ralement pratique, sans pour autant le n\u00e9gliger.<\/p>\n<p>Voici donc les raisons pour lesquelles vous devriez faire appel \u00e0 un cabinet de conseil en mati\u00e8re d&#8217;emploi :<\/p>\n<h3>1. la connaissance des types de contrats qui vous int\u00e9ressent.<\/h3>\n<p>La nature de l&rsquo;entreprise influe sur le <b>type de contrats<\/b> qui peuvent \u00eatre conclus, et les <a href=\"https:\/\/www.boe.es\/buscar\/act.php?id=BOE-A-2021-21788\" rel=\"noopener\">r\u00e9formes du travail<\/a> successives d\u00e9limitent certaines possibilit\u00e9s.<\/p>\n<p>Bien que le contrat \u00e0 dur\u00e9e ind\u00e9termin\u00e9e soit la norme, il existe des variantes, telles que les contrats \u00e0 dur\u00e9e d\u00e9termin\u00e9e, \u00e0 temps partiel, de stage ou discontinus, qui sont reconnues par le <a href=\"https:\/\/www.boe.es\/buscar\/act.php?id=BOE-A-2015-11430\" rel=\"noopener\">statut des travailleurs<\/a>.<\/p>\n<p>Il est essentiel de voir quelle formule est la plus adapt\u00e9e \u00e0 votre entreprise.<\/p>\n<p>Par exemple, une entreprise agricole d\u00e9pend beaucoup du cycle des r\u00e9coltes. Dans ce cas, vous pouvez opter pour un contrat dit permanent ou un contrat \u00e0 dur\u00e9e d\u00e9termin\u00e9e. Mais tout cela se comprend mieux avec l&rsquo;aide d&rsquo;un conseiller sp\u00e9cialis\u00e9 en mati\u00e8re d&#8217;emploi.<\/p>\n<h3>2. Optimisation des co\u00fbts salariaux<\/h3>\n<p>La deuxi\u00e8me raison pour laquelle vous devriez opter pour un bureau de placement est l&rsquo;<b>optimisation des co\u00fbts salariaux<\/b>. En effet, vous savez comment embaucher, pour quel montant (au moins) et quelles sont les possibilit\u00e9s en termes d&rsquo;heures suppl\u00e9mentaires ou de changements d&rsquo;horaires.<\/p>\n<p>N&rsquo;oubliez pas que le statut des travailleurs est la r\u00e8gle de base.<\/p>\n<p>Toutefois, il reconna\u00eet un certain nombre de possibilit\u00e9s, y compris le licenciement, dont vous devez \u00e9galement \u00eatre conscient.<\/p>\n<p>Un conseiller en mati\u00e8re d&#8217;emploi vous indiquera quand et comment optimiser les co\u00fbts afin de payer ce qui est juste.<\/p>\n<h3>3) Am\u00e9lioration des processus<\/h3>\n<p>L&rsquo;<b> am\u00e9lioration des processus<\/b> est une autre raison d&rsquo;engager un consultant en droit du travail, en particulier pour les ind\u00e9pendants et les PME.<\/p>\n<p>Pensez \u00e0 un petit plombier ou \u00e9lectricien ind\u00e9pendant qui a quelques travailleurs sous ses ordres.<\/p>\n<p>Il est \u00e9vident qu&rsquo;il ne disposera pas de son propre service des ressources humaines.<\/p>\n<p>Mais vous pouvez faire appel \u00e0 une soci\u00e9t\u00e9 de conseil pour g\u00e9rer ces processus.<\/p>\n<p>Les conseillers en mati\u00e8re d&#8217;emploi travaillent avec des logiciels avanc\u00e9s, ce qui leur permet de cr\u00e9er des mod\u00e8les de contrats.<\/p>\n<p>De plus, ils pr\u00e9parent les fiches de paie, les contrats, les communications, les licenciements ou les cessations d&#8217;emploi, si n\u00e9cessaire.<\/p>\n<p>Tout cela facilite grandement les processus.<\/p>\n<h3>4. R\u00e9duction des co\u00fbts \u00e0 court et \u00e0 long terme<\/h3>\n<p>Faire appel \u00e0 un cabinet de conseil en emploi fiable signifie \u00e9galement <b>r\u00e9aliser des \u00e9conomies<\/b> \u00e0 court et \u00e0 long terme.<\/p>\n<p>Et ce, de plusieurs mani\u00e8res qu&rsquo;il convient de souligner :<\/p>\n<ul>\n<li><b>Diminution des co\u00fbts salariaux : <\/b>parce que vous choisirez le contrat de travail qui r\u00e9pond le mieux \u00e0 vos besoins \u00e0 un moment donn\u00e9. C&rsquo;est important car, rappelons-le, les travailleurs ont des droits qui s&rsquo;acqui\u00e8rent au fil du temps.<\/li>\n<li><b>Moins d&rsquo;indemnit\u00e9s de licenciement : <\/b>parce que vous saurez quand il est possible de licencier un employ\u00e9 pour des raisons disciplinaires. Vous saurez \u00e9galement s&rsquo;il est n\u00e9cessaire de proc\u00e9der \u00e0 une ERE ou \u00e0 un licenciement pour des raisons objectives. Et aussi, par exemple, s&rsquo;il est dans votre int\u00e9r\u00eat de <a href=\"https:\/\/www.asesoriaorihuelacosta.com\/acto-de-conciliacion-aspectos-a-tener-en-cuenta\/\">r\u00e9gler un<\/a> licenciement avant d&rsquo;aller en justice.<\/li>\n<li><b>Moins d&rsquo;indemnit\u00e9s salariales :<\/b> parce que les fiches de paie indiquent, \u00e0 tout moment, ce qui est d\u00fb. La l\u00e9gislation \u00e9volue et les conseillers sont mis \u00e0 jour.<\/li>\n<\/ul>\n<p>En fin de compte, les conseillers en mati\u00e8re d&#8217;emploi sont rentables parce qu&rsquo;ils vous permettent d&rsquo;\u00e9conomiser de l&rsquo;argent qui serait autrement d\u00e9pens\u00e9.<\/p>\n<p>Il est donc pr\u00e9f\u00e9rable de leur faire confiance.<\/p>\n<h3>5. Pr\u00e9vention des conflits futurs<\/h3>\n<p>Enfin, le conseil en mati\u00e8re de travail sert \u00e0 pr\u00e9venir les conflits futurs.<\/p>\n<p>Un grand nombre d&rsquo;affaires sociales sont li\u00e9es \u00e0 une mauvaise interpr\u00e9tation du droit du travail, parfois m\u00eame sans mauvaise foi.<\/p>\n<p>Les conseillers en droit du travail connaissent non seulement la loi, mais aussi la jurisprudence en la mati\u00e8re.<\/p>\n<p>Ils sont donc mieux \u00e0 m\u00eame de <b>vous conseiller<\/b> dans vos<b> d\u00e9cisions en mati\u00e8re d&#8217;emploi<\/b>.<\/p>\n<p>Et, bien que le risque z\u00e9ro n&rsquo;existe pas par d\u00e9finition dans le monde des affaires, il sera consid\u00e9rablement r\u00e9duit.<\/p>\n<p>Vous aurez beaucoup <b>moins de chances d&rsquo;<\/b> \u00eatre confront\u00e9 \u00e0 des <b>conflits<\/b> du travail r\u00e9sultant d&rsquo;une faute professionnelle.<\/p>\n<p>Par exemple, vous devez conna\u00eetre vos droits en mati\u00e8re d&#8217;emploi, y compris dans le domaine de la <a href=\"https:\/\/www.asesoriaorihuelacosta.com\/garantias-de-los-representantes-legales-de-los-trabajadores\/\">repr\u00e9sentation<\/a>.<\/p>\n<p>En fin de compte, l&rsquo;id\u00e9e est claire : le travail \u00e0 effectuer dans le domaine du recrutement doit \u00eatre conforme \u00e0 la loi et \u00e9viter les probl\u00e8mes.<\/p>\n<p>Cet objectif est atteint.<\/p>\t\t\t\t\t\t\t\t<\/div>\n\t\t\t\t<\/div>\n\t\t\t\t\t<\/div>\r\n\t\t\t\t<\/div>\r\n\t\t\t\t\t<\/div>\r\n\t\t\t\t<\/section>\r\n\t\t\t\t<section data-particle_enable=\"false\" data-particle-mobile-disabled=\"false\" class=\"elementor-section elementor-top-section elementor-element elementor-element-a6a630c elementor-section-boxed elementor-section-height-default elementor-section-height-default\" data-id=\"a6a630c\" data-element_type=\"section\" data-e-type=\"section\">\r\n\t\t\r\n\t\t\t\t\t\t\t<div class=\"elementor-container elementor-column-gap-default\">\r\n\t\t\t\t\t\t\t\t\t\t\t<div class=\"elementor-column elementor-col-100 elementor-top-column elementor-element elementor-element-191e0ea\" data-id=\"191e0ea\" data-element_type=\"column\" data-e-type=\"column\">\r\n\t\t\t\t\t<div class=\"elementor-widget-wrap elementor-element-populated\">\r\n\t\t\t\t\t\t\t\t<div class=\"elementor-element elementor-element-55bf81f elementor-widget elementor-widget-heading\" data-id=\"55bf81f\" data-element_type=\"widget\" data-e-type=\"widget\" data-widget_type=\"heading.default\">\n\t\t\t\t<div class=\"elementor-widget-container\">\n\t\t\t\t\t<h2 class=\"elementor-heading-title elementor-size-default\">Par cons\u00e9quent...<\/h2>\t\t\t\t<\/div>\n\t\t\t\t<\/div>\n\t\t\t\t\t<\/div>\r\n\t\t\t\t<\/div>\r\n\t\t\t\t\t<\/div>\r\n\t\t\t\t<\/section>\r\n\t\t\t\t<section data-particle_enable=\"false\" data-particle-mobile-disabled=\"false\" class=\"elementor-section elementor-top-section elementor-element elementor-element-e9e85f5 elementor-section-boxed elementor-section-height-default elementor-section-height-default\" data-id=\"e9e85f5\" data-element_type=\"section\" data-e-type=\"section\">\r\n\t\t\r\n\t\t\t\t\t\t\t<div class=\"elementor-container elementor-column-gap-default\">\r\n\t\t\t\t\t\t\t\t\t\t\t<div class=\"elementor-column elementor-col-100 elementor-top-column elementor-element elementor-element-6b6e2e6\" data-id=\"6b6e2e6\" data-element_type=\"column\" data-e-type=\"column\">\r\n\t\t\t\t\t<div class=\"elementor-widget-wrap elementor-element-populated\">\r\n\t\t\t\t\t\t\t\t<div class=\"elementor-element elementor-element-ae84473 elementor-widget elementor-widget-text-editor\" data-id=\"ae84473\" data-element_type=\"widget\" data-e-type=\"widget\" data-widget_type=\"text-editor.default\">\n\t\t\t\t<div class=\"elementor-widget-container\">\n\t\t\t\t\t\t\t\t\t<p>Faire appel \u00e0 un cabinet de conseil en emploi facilite grandement le travail des ind\u00e9pendants et des PME.<\/p><p>Vous \u00eates \u00e0 la recherche d&rsquo;un sp\u00e9cialiste reconnu ?<\/p><p>Ne vous inqui\u00e9tez pas, chez Asesor\u00eda Orihuela Costa, nous avons une \u00e9quipe qui peut vous aider \u00e0 r\u00e9soudre les probl\u00e8mes de travail de votre entreprise.<\/p><p><strong><a href=\"https:\/\/www.asesoriaorihuelacosta.com\/contacto\/\">Appelez-nous<\/a> sans engagement !<\/strong><\/p>\t\t\t\t\t\t\t\t<\/div>\n\t\t\t\t<\/div>\n\t\t\t\t\t<\/div>\r\n\t\t\t\t<\/div>\r\n\t\t\t\t\t<\/div>\r\n\t\t\t\t<\/section>\r\n\t\t\t\t<\/div>\n\t\t","protected":false},"excerpt":{"rendered":"<p>L&rsquo;embauche d&rsquo;un cabinet de conseil en droit du travail est une option que tous les ind\u00e9pendants et les PME devraient envisager. Dans cet article, nous vous expliquons pourquoi&#8230; 5 raisons de faire appel \u00e0 un cabinet de conseil en droit du travail pour les entreprises Le consultant en droit du travail est un sp\u00e9cialiste du [&hellip;]<\/p>\n","protected":false},"author":2,"featured_media":39411,"comment_status":"closed","ping_status":"closed","sticky":false,"template":"","format":"standard","meta":{"_eb_attr":"","inline_featured_image":false,"footnotes":""},"categories":[46],"tags":[],"class_list":["post-39482","post","type-post","status-publish","format-standard","has-post-thumbnail","hentry","category-blog"],"featured_image_src":{"landsacpe":["https:\/\/www.asesoriaorihuelacosta.com\/wp-content\/uploads\/2025\/01\/razones-contratar-asesoria-laboral-tu-negocio-1000x445.webp",1000,445,true],"list":["https:\/\/www.asesoriaorihuelacosta.com\/wp-content\/uploads\/2025\/01\/razones-contratar-asesoria-laboral-tu-negocio-463x348.webp",463,348,true],"medium":["https:\/\/www.asesoriaorihuelacosta.com\/wp-content\/uploads\/2025\/01\/razones-contratar-asesoria-laboral-tu-negocio-300x200.webp",300,200,true],"full":["https:\/\/www.asesoriaorihuelacosta.com\/wp-content\/uploads\/2025\/01\/razones-contratar-asesoria-laboral-tu-negocio.webp",1000,667,false]},"yoast_head":"<!-- This site is optimized with the Yoast SEO Premium plugin v24.7 (Yoast SEO v27.5) - https:\/\/yoast.com\/product\/yoast-seo-premium-wordpress\/ -->\n<title>\u27a2 Faire appel \u00e0 un cabinet de conseil en droit du travail - Asesor\u00eda Orihuela Costa<\/title>\n<meta name=\"description\" content=\"\u27a2 L\u2019ENGAGEMENT d\u2019un CABINET DE CONSEIL EN DROIT DU TRAVAIL pour votre entreprise peut \u00eatre conseill\u00e9 pour plusieurs raisons.\" \/>\n<meta name=\"robots\" content=\"index, follow, max-snippet:-1, max-image-preview:large, max-video-preview:-1\" \/>\n<link rel=\"canonical\" href=\"https:\/\/www.asesoriaorihuelacosta.com\/fr\/5-raisons-de-faire-appel-a-un-cabinet-de-conseil-en-droit-du-travail-pour-votre-entreprise\/\" \/>\n<meta property=\"og:locale\" content=\"fr_FR\" \/>\n<meta property=\"og:type\" content=\"article\" \/>\n<meta property=\"og:title\" content=\"5 raisons de faire appel \u00e0 un cabinet de conseil en droit du travail pour votre entreprise\" \/>\n<meta property=\"og:description\" content=\"\u27a2 L\u2019ENGAGEMENT d\u2019un CABINET DE CONSEIL EN DROIT DU TRAVAIL pour votre entreprise peut \u00eatre conseill\u00e9 pour plusieurs raisons.\" \/>\n<meta property=\"og:url\" content=\"https:\/\/www.asesoriaorihuelacosta.com\/fr\/5-raisons-de-faire-appel-a-un-cabinet-de-conseil-en-droit-du-travail-pour-votre-entreprise\/\" \/>\n<meta property=\"og:site_name\" content=\"Asesor\u00eda Orihuela Costa\" \/>\n<meta property=\"article:publisher\" content=\"https:\/\/www.facebook.com\/asesoriaorihuelacosta\" \/>\n<meta property=\"article:author\" content=\"https:\/\/www.facebook.com\/patrick.gordinneperez\" \/>\n<meta property=\"article:published_time\" content=\"2025-01-25T06:10:36+00:00\" \/>\n<meta property=\"article:modified_time\" content=\"2025-01-25T15:17:05+00:00\" \/>\n<meta property=\"og:image\" content=\"https:\/\/www.asesoriaorihuelacosta.com\/wp-content\/uploads\/2025\/01\/razones-contratar-asesoria-laboral-tu-negocio.webp\" \/>\n\t<meta property=\"og:image:width\" content=\"1000\" \/>\n\t<meta property=\"og:image:height\" content=\"667\" \/>\n\t<meta property=\"og:image:type\" content=\"image\/webp\" \/>\n<meta name=\"author\" content=\"Patrick Gordinne Perez\" \/>\n<meta name=\"twitter:card\" content=\"summary_large_image\" \/>\n<meta name=\"twitter:label1\" content=\"\u00c9crit par\" \/>\n\t<meta name=\"twitter:data1\" content=\"Patrick Gordinne Perez\" \/>\n\t<meta name=\"twitter:label2\" content=\"Dur\u00e9e de lecture estim\u00e9e\" \/>\n\t<meta name=\"twitter:data2\" content=\"4 minutes\" \/>\n<script type=\"application\/ld+json\" class=\"yoast-schema-graph\">{\"@context\":\"https:\\\/\\\/schema.org\",\"@graph\":[{\"@type\":\"Article\",\"@id\":\"https:\\\/\\\/www.asesoriaorihuelacosta.com\\\/fr\\\/5-raisons-de-faire-appel-a-un-cabinet-de-conseil-en-droit-du-travail-pour-votre-entreprise\\\/#article\",\"isPartOf\":{\"@id\":\"https:\\\/\\\/www.asesoriaorihuelacosta.com\\\/fr\\\/5-raisons-de-faire-appel-a-un-cabinet-de-conseil-en-droit-du-travail-pour-votre-entreprise\\\/\"},\"author\":{\"name\":\"Patrick Gordinne Perez\",\"@id\":\"https:\\\/\\\/www.asesoriaorihuelacosta.com\\\/fr\\\/#\\\/schema\\\/person\\\/6614ce8cf6d2de542aaf351629fd539e\"},\"headline\":\"5 raisons de faire appel \u00e0 un cabinet de conseil en droit du travail pour votre entreprise\",\"datePublished\":\"2025-01-25T06:10:36+00:00\",\"dateModified\":\"2025-01-25T15:17:05+00:00\",\"mainEntityOfPage\":{\"@id\":\"https:\\\/\\\/www.asesoriaorihuelacosta.com\\\/fr\\\/5-raisons-de-faire-appel-a-un-cabinet-de-conseil-en-droit-du-travail-pour-votre-entreprise\\\/\"},\"wordCount\":981,\"publisher\":{\"@id\":\"https:\\\/\\\/www.asesoriaorihuelacosta.com\\\/fr\\\/#organization\"},\"image\":{\"@id\":\"https:\\\/\\\/www.asesoriaorihuelacosta.com\\\/fr\\\/5-raisons-de-faire-appel-a-un-cabinet-de-conseil-en-droit-du-travail-pour-votre-entreprise\\\/#primaryimage\"},\"thumbnailUrl\":\"https:\\\/\\\/www.asesoriaorihuelacosta.com\\\/wp-content\\\/uploads\\\/2025\\\/01\\\/razones-contratar-asesoria-laboral-tu-negocio.webp\",\"articleSection\":[\"Blog\"],\"inLanguage\":\"fr-FR\"},{\"@type\":\"WebPage\",\"@id\":\"https:\\\/\\\/www.asesoriaorihuelacosta.com\\\/fr\\\/5-raisons-de-faire-appel-a-un-cabinet-de-conseil-en-droit-du-travail-pour-votre-entreprise\\\/\",\"url\":\"https:\\\/\\\/www.asesoriaorihuelacosta.com\\\/fr\\\/5-raisons-de-faire-appel-a-un-cabinet-de-conseil-en-droit-du-travail-pour-votre-entreprise\\\/\",\"name\":\"\u27a2 Faire appel \u00e0 un cabinet de conseil en droit du travail - Asesor\u00eda Orihuela Costa\",\"isPartOf\":{\"@id\":\"https:\\\/\\\/www.asesoriaorihuelacosta.com\\\/fr\\\/#website\"},\"primaryImageOfPage\":{\"@id\":\"https:\\\/\\\/www.asesoriaorihuelacosta.com\\\/fr\\\/5-raisons-de-faire-appel-a-un-cabinet-de-conseil-en-droit-du-travail-pour-votre-entreprise\\\/#primaryimage\"},\"image\":{\"@id\":\"https:\\\/\\\/www.asesoriaorihuelacosta.com\\\/fr\\\/5-raisons-de-faire-appel-a-un-cabinet-de-conseil-en-droit-du-travail-pour-votre-entreprise\\\/#primaryimage\"},\"thumbnailUrl\":\"https:\\\/\\\/www.asesoriaorihuelacosta.com\\\/wp-content\\\/uploads\\\/2025\\\/01\\\/razones-contratar-asesoria-laboral-tu-negocio.webp\",\"datePublished\":\"2025-01-25T06:10:36+00:00\",\"dateModified\":\"2025-01-25T15:17:05+00:00\",\"description\":\"\u27a2 L\u2019ENGAGEMENT d\u2019un CABINET DE CONSEIL EN DROIT DU TRAVAIL pour votre entreprise peut \u00eatre conseill\u00e9 pour plusieurs raisons.\",\"breadcrumb\":{\"@id\":\"https:\\\/\\\/www.asesoriaorihuelacosta.com\\\/fr\\\/5-raisons-de-faire-appel-a-un-cabinet-de-conseil-en-droit-du-travail-pour-votre-entreprise\\\/#breadcrumb\"},\"inLanguage\":\"fr-FR\",\"potentialAction\":[{\"@type\":\"ReadAction\",\"target\":[\"https:\\\/\\\/www.asesoriaorihuelacosta.com\\\/fr\\\/5-raisons-de-faire-appel-a-un-cabinet-de-conseil-en-droit-du-travail-pour-votre-entreprise\\\/\"]}]},{\"@type\":\"ImageObject\",\"inLanguage\":\"fr-FR\",\"@id\":\"https:\\\/\\\/www.asesoriaorihuelacosta.com\\\/fr\\\/5-raisons-de-faire-appel-a-un-cabinet-de-conseil-en-droit-du-travail-pour-votre-entreprise\\\/#primaryimage\",\"url\":\"https:\\\/\\\/www.asesoriaorihuelacosta.com\\\/wp-content\\\/uploads\\\/2025\\\/01\\\/razones-contratar-asesoria-laboral-tu-negocio.webp\",\"contentUrl\":\"https:\\\/\\\/www.asesoriaorihuelacosta.com\\\/wp-content\\\/uploads\\\/2025\\\/01\\\/razones-contratar-asesoria-laboral-tu-negocio.webp\",\"width\":1000,\"height\":667,\"caption\":\"razones contratar-asesoria laboral tu-negocio\"},{\"@type\":\"BreadcrumbList\",\"@id\":\"https:\\\/\\\/www.asesoriaorihuelacosta.com\\\/fr\\\/5-raisons-de-faire-appel-a-un-cabinet-de-conseil-en-droit-du-travail-pour-votre-entreprise\\\/#breadcrumb\",\"itemListElement\":[{\"@type\":\"ListItem\",\"position\":1,\"name\":\"Home\",\"item\":\"https:\\\/\\\/www.asesoriaorihuelacosta.com\\\/fr\\\/\"},{\"@type\":\"ListItem\",\"position\":2,\"name\":\"5 raisons de faire appel \u00e0 un cabinet de conseil en droit du travail pour votre entreprise\"}]},{\"@type\":\"WebSite\",\"@id\":\"https:\\\/\\\/www.asesoriaorihuelacosta.com\\\/fr\\\/#website\",\"url\":\"https:\\\/\\\/www.asesoriaorihuelacosta.com\\\/fr\\\/\",\"name\":\"https:\\\/\\\/www.asesoriaorihuelacosta.com\\\/\",\"description\":\"Grupo de asesores profesionales\",\"publisher\":{\"@id\":\"https:\\\/\\\/www.asesoriaorihuelacosta.com\\\/fr\\\/#organization\"},\"potentialAction\":[{\"@type\":\"SearchAction\",\"target\":{\"@type\":\"EntryPoint\",\"urlTemplate\":\"https:\\\/\\\/www.asesoriaorihuelacosta.com\\\/fr\\\/?s={search_term_string}\"},\"query-input\":{\"@type\":\"PropertyValueSpecification\",\"valueRequired\":true,\"valueName\":\"search_term_string\"}}],\"inLanguage\":\"fr-FR\"},{\"@type\":\"Organization\",\"@id\":\"https:\\\/\\\/www.asesoriaorihuelacosta.com\\\/fr\\\/#organization\",\"name\":\"Asesor\u00eda Orihuela Costa\",\"url\":\"https:\\\/\\\/www.asesoriaorihuelacosta.com\\\/fr\\\/\",\"logo\":{\"@type\":\"ImageObject\",\"inLanguage\":\"fr-FR\",\"@id\":\"https:\\\/\\\/www.asesoriaorihuelacosta.com\\\/fr\\\/#\\\/schema\\\/logo\\\/image\\\/\",\"url\":\"https:\\\/\\\/www.asesoriaorihuelacosta.com\\\/wp-content\\\/uploads\\\/2022\\\/06\\\/Logo-espa\u5bf8l-asesoriaorihuela.jpg\",\"contentUrl\":\"https:\\\/\\\/www.asesoriaorihuelacosta.com\\\/wp-content\\\/uploads\\\/2022\\\/06\\\/Logo-espa\u5bf8l-asesoriaorihuela.jpg\",\"width\":588,\"height\":136,\"caption\":\"Asesor\u00eda Orihuela Costa\"},\"image\":{\"@id\":\"https:\\\/\\\/www.asesoriaorihuelacosta.com\\\/fr\\\/#\\\/schema\\\/logo\\\/image\\\/\"},\"sameAs\":[\"https:\\\/\\\/www.facebook.com\\\/asesoriaorihuelacosta\"]},{\"@type\":\"Person\",\"@id\":\"https:\\\/\\\/www.asesoriaorihuelacosta.com\\\/fr\\\/#\\\/schema\\\/person\\\/6614ce8cf6d2de542aaf351629fd539e\",\"name\":\"Patrick Gordinne Perez\",\"description\":\"Soy economista colegiado por el colegio de economistas de Alicante con el n\u00famero 2722. Llevo ejerciendo desde el a\u00f1o 2005. Soy especialista en fiscalidad de empresas y aut\u00f3nomos y tambi\u00e9n especialista en gestionar compraventas. Hablo espa\u00f1ol, ingl\u00e9s y franc\u00e9s.\",\"sameAs\":[\"https:\\\/\\\/www.asesoriaorihuelacosta.com\",\"https:\\\/\\\/www.facebook.com\\\/patrick.gordinneperez\",\"https:\\\/\\\/www.linkedin.com\\\/in\\\/patrick-gordinne-perez-1b73aab3\\\/\",\"https:\\\/\\\/www.youtube.com\\\/channel\\\/UC5e95RJEVQlxCnhwDmGNVCw\"],\"gender\":\"Hombre\",\"knowsLanguage\":[\"ingl\u00e9s\",\"franc\u00e9s\",\"espa\u00f1ol\"],\"jobTitle\":\"Gerente\",\"worksFor\":\"Asesoria Orihuela Costa SL\"}]}<\/script>\n<!-- \/ Yoast SEO Premium plugin. -->","yoast_head_json":{"title":"\u27a2 Faire appel \u00e0 un cabinet de conseil en droit du travail - Asesor\u00eda Orihuela Costa","description":"\u27a2 L\u2019ENGAGEMENT d\u2019un CABINET DE CONSEIL EN DROIT DU TRAVAIL pour votre entreprise peut \u00eatre conseill\u00e9 pour plusieurs raisons.","robots":{"index":"index","follow":"follow","max-snippet":"max-snippet:-1","max-image-preview":"max-image-preview:large","max-video-preview":"max-video-preview:-1"},"canonical":"https:\/\/www.asesoriaorihuelacosta.com\/fr\/5-raisons-de-faire-appel-a-un-cabinet-de-conseil-en-droit-du-travail-pour-votre-entreprise\/","og_locale":"fr_FR","og_type":"article","og_title":"5 raisons de faire appel \u00e0 un cabinet de conseil en droit du travail pour votre entreprise","og_description":"\u27a2 L\u2019ENGAGEMENT d\u2019un CABINET DE CONSEIL EN DROIT DU TRAVAIL pour votre entreprise peut \u00eatre conseill\u00e9 pour plusieurs raisons.","og_url":"https:\/\/www.asesoriaorihuelacosta.com\/fr\/5-raisons-de-faire-appel-a-un-cabinet-de-conseil-en-droit-du-travail-pour-votre-entreprise\/","og_site_name":"Asesor\u00eda Orihuela Costa","article_publisher":"https:\/\/www.facebook.com\/asesoriaorihuelacosta","article_author":"https:\/\/www.facebook.com\/patrick.gordinneperez","article_published_time":"2025-01-25T06:10:36+00:00","article_modified_time":"2025-01-25T15:17:05+00:00","og_image":[{"width":1000,"height":667,"url":"https:\/\/www.asesoriaorihuelacosta.com\/wp-content\/uploads\/2025\/01\/razones-contratar-asesoria-laboral-tu-negocio.webp","type":"image\/webp"}],"author":"Patrick Gordinne Perez","twitter_card":"summary_large_image","twitter_misc":{"\u00c9crit par":"Patrick Gordinne Perez","Dur\u00e9e de lecture estim\u00e9e":"4 minutes"},"schema":{"@context":"https:\/\/schema.org","@graph":[{"@type":"Article","@id":"https:\/\/www.asesoriaorihuelacosta.com\/fr\/5-raisons-de-faire-appel-a-un-cabinet-de-conseil-en-droit-du-travail-pour-votre-entreprise\/#article","isPartOf":{"@id":"https:\/\/www.asesoriaorihuelacosta.com\/fr\/5-raisons-de-faire-appel-a-un-cabinet-de-conseil-en-droit-du-travail-pour-votre-entreprise\/"},"author":{"name":"Patrick Gordinne Perez","@id":"https:\/\/www.asesoriaorihuelacosta.com\/fr\/#\/schema\/person\/6614ce8cf6d2de542aaf351629fd539e"},"headline":"5 raisons de faire appel \u00e0 un cabinet de conseil en droit du travail pour votre entreprise","datePublished":"2025-01-25T06:10:36+00:00","dateModified":"2025-01-25T15:17:05+00:00","mainEntityOfPage":{"@id":"https:\/\/www.asesoriaorihuelacosta.com\/fr\/5-raisons-de-faire-appel-a-un-cabinet-de-conseil-en-droit-du-travail-pour-votre-entreprise\/"},"wordCount":981,"publisher":{"@id":"https:\/\/www.asesoriaorihuelacosta.com\/fr\/#organization"},"image":{"@id":"https:\/\/www.asesoriaorihuelacosta.com\/fr\/5-raisons-de-faire-appel-a-un-cabinet-de-conseil-en-droit-du-travail-pour-votre-entreprise\/#primaryimage"},"thumbnailUrl":"https:\/\/www.asesoriaorihuelacosta.com\/wp-content\/uploads\/2025\/01\/razones-contratar-asesoria-laboral-tu-negocio.webp","articleSection":["Blog"],"inLanguage":"fr-FR"},{"@type":"WebPage","@id":"https:\/\/www.asesoriaorihuelacosta.com\/fr\/5-raisons-de-faire-appel-a-un-cabinet-de-conseil-en-droit-du-travail-pour-votre-entreprise\/","url":"https:\/\/www.asesoriaorihuelacosta.com\/fr\/5-raisons-de-faire-appel-a-un-cabinet-de-conseil-en-droit-du-travail-pour-votre-entreprise\/","name":"\u27a2 Faire appel \u00e0 un cabinet de conseil en droit du travail - Asesor\u00eda Orihuela Costa","isPartOf":{"@id":"https:\/\/www.asesoriaorihuelacosta.com\/fr\/#website"},"primaryImageOfPage":{"@id":"https:\/\/www.asesoriaorihuelacosta.com\/fr\/5-raisons-de-faire-appel-a-un-cabinet-de-conseil-en-droit-du-travail-pour-votre-entreprise\/#primaryimage"},"image":{"@id":"https:\/\/www.asesoriaorihuelacosta.com\/fr\/5-raisons-de-faire-appel-a-un-cabinet-de-conseil-en-droit-du-travail-pour-votre-entreprise\/#primaryimage"},"thumbnailUrl":"https:\/\/www.asesoriaorihuelacosta.com\/wp-content\/uploads\/2025\/01\/razones-contratar-asesoria-laboral-tu-negocio.webp","datePublished":"2025-01-25T06:10:36+00:00","dateModified":"2025-01-25T15:17:05+00:00","description":"\u27a2 L\u2019ENGAGEMENT d\u2019un CABINET DE CONSEIL EN DROIT DU TRAVAIL pour votre entreprise peut \u00eatre conseill\u00e9 pour plusieurs raisons.","breadcrumb":{"@id":"https:\/\/www.asesoriaorihuelacosta.com\/fr\/5-raisons-de-faire-appel-a-un-cabinet-de-conseil-en-droit-du-travail-pour-votre-entreprise\/#breadcrumb"},"inLanguage":"fr-FR","potentialAction":[{"@type":"ReadAction","target":["https:\/\/www.asesoriaorihuelacosta.com\/fr\/5-raisons-de-faire-appel-a-un-cabinet-de-conseil-en-droit-du-travail-pour-votre-entreprise\/"]}]},{"@type":"ImageObject","inLanguage":"fr-FR","@id":"https:\/\/www.asesoriaorihuelacosta.com\/fr\/5-raisons-de-faire-appel-a-un-cabinet-de-conseil-en-droit-du-travail-pour-votre-entreprise\/#primaryimage","url":"https:\/\/www.asesoriaorihuelacosta.com\/wp-content\/uploads\/2025\/01\/razones-contratar-asesoria-laboral-tu-negocio.webp","contentUrl":"https:\/\/www.asesoriaorihuelacosta.com\/wp-content\/uploads\/2025\/01\/razones-contratar-asesoria-laboral-tu-negocio.webp","width":1000,"height":667,"caption":"razones contratar-asesoria laboral tu-negocio"},{"@type":"BreadcrumbList","@id":"https:\/\/www.asesoriaorihuelacosta.com\/fr\/5-raisons-de-faire-appel-a-un-cabinet-de-conseil-en-droit-du-travail-pour-votre-entreprise\/#breadcrumb","itemListElement":[{"@type":"ListItem","position":1,"name":"Home","item":"https:\/\/www.asesoriaorihuelacosta.com\/fr\/"},{"@type":"ListItem","position":2,"name":"5 raisons de faire appel \u00e0 un cabinet de conseil en droit du travail pour votre entreprise"}]},{"@type":"WebSite","@id":"https:\/\/www.asesoriaorihuelacosta.com\/fr\/#website","url":"https:\/\/www.asesoriaorihuelacosta.com\/fr\/","name":"https:\/\/www.asesoriaorihuelacosta.com\/","description":"Grupo de asesores profesionales","publisher":{"@id":"https:\/\/www.asesoriaorihuelacosta.com\/fr\/#organization"},"potentialAction":[{"@type":"SearchAction","target":{"@type":"EntryPoint","urlTemplate":"https:\/\/www.asesoriaorihuelacosta.com\/fr\/?s={search_term_string}"},"query-input":{"@type":"PropertyValueSpecification","valueRequired":true,"valueName":"search_term_string"}}],"inLanguage":"fr-FR"},{"@type":"Organization","@id":"https:\/\/www.asesoriaorihuelacosta.com\/fr\/#organization","name":"Asesor\u00eda Orihuela Costa","url":"https:\/\/www.asesoriaorihuelacosta.com\/fr\/","logo":{"@type":"ImageObject","inLanguage":"fr-FR","@id":"https:\/\/www.asesoriaorihuelacosta.com\/fr\/#\/schema\/logo\/image\/","url":"https:\/\/www.asesoriaorihuelacosta.com\/wp-content\/uploads\/2022\/06\/Logo-espa\u5bf8l-asesoriaorihuela.jpg","contentUrl":"https:\/\/www.asesoriaorihuelacosta.com\/wp-content\/uploads\/2022\/06\/Logo-espa\u5bf8l-asesoriaorihuela.jpg","width":588,"height":136,"caption":"Asesor\u00eda Orihuela Costa"},"image":{"@id":"https:\/\/www.asesoriaorihuelacosta.com\/fr\/#\/schema\/logo\/image\/"},"sameAs":["https:\/\/www.facebook.com\/asesoriaorihuelacosta"]},{"@type":"Person","@id":"https:\/\/www.asesoriaorihuelacosta.com\/fr\/#\/schema\/person\/6614ce8cf6d2de542aaf351629fd539e","name":"Patrick Gordinne Perez","description":"Soy economista colegiado por el colegio de economistas de Alicante con el n\u00famero 2722. Llevo ejerciendo desde el a\u00f1o 2005. Soy especialista en fiscalidad de empresas y aut\u00f3nomos y tambi\u00e9n especialista en gestionar compraventas. Hablo espa\u00f1ol, ingl\u00e9s y franc\u00e9s.","sameAs":["https:\/\/www.asesoriaorihuelacosta.com","https:\/\/www.facebook.com\/patrick.gordinneperez","https:\/\/www.linkedin.com\/in\/patrick-gordinne-perez-1b73aab3\/","https:\/\/www.youtube.com\/channel\/UC5e95RJEVQlxCnhwDmGNVCw"],"gender":"Hombre","knowsLanguage":["ingl\u00e9s","franc\u00e9s","espa\u00f1ol"],"jobTitle":"Gerente","worksFor":"Asesoria Orihuela Costa SL"}]}},"_links":{"self":[{"href":"https:\/\/www.asesoriaorihuelacosta.com\/fr\/wp-json\/wp\/v2\/posts\/39482","targetHints":{"allow":["GET"]}}],"collection":[{"href":"https:\/\/www.asesoriaorihuelacosta.com\/fr\/wp-json\/wp\/v2\/posts"}],"about":[{"href":"https:\/\/www.asesoriaorihuelacosta.com\/fr\/wp-json\/wp\/v2\/types\/post"}],"author":[{"embeddable":true,"href":"https:\/\/www.asesoriaorihuelacosta.com\/fr\/wp-json\/wp\/v2\/users\/2"}],"replies":[{"embeddable":true,"href":"https:\/\/www.asesoriaorihuelacosta.com\/fr\/wp-json\/wp\/v2\/comments?post=39482"}],"version-history":[{"count":12,"href":"https:\/\/www.asesoriaorihuelacosta.com\/fr\/wp-json\/wp\/v2\/posts\/39482\/revisions"}],"predecessor-version":[{"id":39497,"href":"https:\/\/www.asesoriaorihuelacosta.com\/fr\/wp-json\/wp\/v2\/posts\/39482\/revisions\/39497"}],"wp:featuredmedia":[{"embeddable":true,"href":"https:\/\/www.asesoriaorihuelacosta.com\/fr\/wp-json\/wp\/v2\/media\/39411"}],"wp:attachment":[{"href":"https:\/\/www.asesoriaorihuelacosta.com\/fr\/wp-json\/wp\/v2\/media?parent=39482"}],"wp:term":[{"taxonomy":"category","embeddable":true,"href":"https:\/\/www.asesoriaorihuelacosta.com\/fr\/wp-json\/wp\/v2\/categories?post=39482"},{"taxonomy":"post_tag","embeddable":true,"href":"https:\/\/www.asesoriaorihuelacosta.com\/fr\/wp-json\/wp\/v2\/tags?post=39482"}],"curies":[{"name":"wp","href":"https:\/\/api.w.org\/{rel}","templated":true}]}}