{"id":39152,"date":"2022-03-29T09:25:00","date_gmt":"2022-03-29T09:25:00","guid":{"rendered":"https:\/\/www.asesoriaorihuelacosta.com\/?p=39152"},"modified":"2025-01-17T18:14:10","modified_gmt":"2025-01-17T18:14:10","slug":"mesures-dans-le-domaine-de-lemploi-et-de-la-securite-sociale","status":"publish","type":"post","link":"https:\/\/www.asesoriaorihuelacosta.com\/fr\/mesures-dans-le-domaine-de-lemploi-et-de-la-securite-sociale\/","title":{"rendered":"Mesures dans le domaine de l&#8217;emploi et de la s\u00e9curit\u00e9 sociale"},"content":{"rendered":"\t\t<div data-elementor-type=\"wp-post\" data-elementor-id=\"39152\" class=\"elementor elementor-39152\" data-elementor-post-type=\"post\">\n\t\t\t\t\t\t<section data-particle_enable=\"false\" data-particle-mobile-disabled=\"false\" class=\"elementor-section elementor-top-section elementor-element elementor-element-ba4d9dc elementor-section-boxed elementor-section-height-default elementor-section-height-default\" data-id=\"ba4d9dc\" data-element_type=\"section\" data-e-type=\"section\">\r\n\t\t\r\n\t\t\t\t\t\t\t<div class=\"elementor-container elementor-column-gap-default\">\r\n\t\t\t\t\t\t\t\t\t\t\t<div class=\"elementor-column elementor-col-100 elementor-top-column elementor-element elementor-element-a7ff1e5\" data-id=\"a7ff1e5\" data-element_type=\"column\" data-e-type=\"column\">\r\n\t\t\t\t\t<div class=\"elementor-widget-wrap elementor-element-populated\">\r\n\t\t\t\t\t\t\t\t<div class=\"elementor-element elementor-element-5f9e128 elementor-widget elementor-widget-text-editor\" data-id=\"5f9e128\" data-element_type=\"widget\" data-e-type=\"widget\" data-widget_type=\"text-editor.default\">\n\t\t\t\t<div class=\"elementor-widget-container\">\n\t\t\t\t\t\t\t\t\t<p>Le Conseil des ministres a approuv\u00e9 un d\u00e9cret-loi royal sur les mesures urgentes qui prolonge la validit\u00e9 de certaines r\u00e8gles d\u00e9j\u00e0 adopt\u00e9es pour att\u00e9nuer l&rsquo;impact \u00e9conomique caus\u00e9 par le COVID-19 et en \u00e9tablit de nouvelles pour diff\u00e9rents secteurs.<\/p><p><strong>Prolongation des mesures de flexibilisation de l&#8217;emploi agricole<\/strong><\/p><p>Le <a href=\"https:\/\/www.boe.es\/buscar\/act.php?id=BOE-A-2020-4332\">d\u00e9cret-loi royal 13\/2020, du 7 avril,<\/a> portant adoption de certaines mesures urgentes en mati\u00e8re d&#8217;emploi agricole, a permis l&#8217;embauche de ch\u00f4meurs, d&rsquo;immigr\u00e9s et de jeunes \u00e9trangers dans le secteur agricole, avec l&rsquo;objectif ferme de mettre fin \u00e0 la p\u00e9nurie de main-d&rsquo;\u0153uvre et de travailleurs dans les campagnes \u00e0 la suite de la crise du Coronavirus et d&rsquo;\u00e9viter ainsi les p\u00e9nuries alimentaires.<\/p><p>En outre, les salaires per\u00e7us pour ces emplois pourraient \u00eatre compatibles avec les indemnit\u00e9s de ch\u00f4mage ou de licenciement.<\/p><p>Cette mesure \u00e9tait en vigueur jusqu&rsquo;au 30 juin 2020 et le d\u00e9cret-loi royal 19\/2020 la prolonge jusqu&rsquo;au 30 septembre 2020.<\/p><p>\u00c0 cette fin, les entreprises et les employeurs doivent communiquer aux services publics r\u00e9gionaux de l&#8217;emploi, dans les dix jours ouvrables suivant leur accord, les contrats dont il est convenu de prolonger la validit\u00e9, en indiquant la nouvelle date de fin de validit\u00e9.<\/p><p><strong>Cong\u00e9 pour risque professionnel pour les travailleurs qui fournissent des services de sant\u00e9 et qui ont \u00e9t\u00e9 infect\u00e9s par le COVID19<\/strong><\/p><p>Les travailleurs qui fournissent des services dans des centres sanitaires ou socio-sanitaires et qui ont \u00e9t\u00e9 infect\u00e9s par le COVID-19 sont inclus dans le cong\u00e9 pour risque professionnel. Jusqu&rsquo;\u00e0 pr\u00e9sent, ce n&rsquo;\u00e9tait pas le cas ; cette raison n&rsquo;\u00e9tait envisag\u00e9e que pour le reste des travailleurs.<\/p><p>Cela concerne les infections survenues jusqu&rsquo;\u00e0 un mois apr\u00e8s la fin de l&rsquo;\u00e9tat d&rsquo;alerte, et la d\u00e9claration d&rsquo;accident du travail correspondante doit \u00eatre fournie, et dans le cas d&rsquo;un d\u00e9c\u00e8s, si celui-ci est survenu jusqu&rsquo;\u00e0 cinq jours apr\u00e8s l&rsquo;infection, il sera consid\u00e9r\u00e9 comme un accident du travail.<\/p><p><strong>Nouvelles concernant le d\u00e9p\u00f4t de la d\u00e9claration d&rsquo;imp\u00f4t sur les soci\u00e9t\u00e9s<\/strong><\/p><p>Le d\u00e9cret-loi royal \u00e9tablit une s\u00e9rie de modifications et de nouveaut\u00e9s concernant la d\u00e9claration de l&rsquo;imp\u00f4t sur les soci\u00e9t\u00e9s pour les contribuables qui respectent les dispositions des articles 40 et 41 du d\u00e9cret-loi royal 8\/2020, du 17 mars, sur les mesures urgentes extraordinaires pour faire face \u00e0 l&rsquo;impact \u00e9conomique et social du COVID-19.<\/p><p>Le d\u00e9lai de d\u00e9p\u00f4t pour les contribuables qui formulent et approuvent les comptes annuels conform\u00e9ment aux articles 40 et 41 du d\u00e9cret-loi royal 8\/2020 est maintenu jusqu&rsquo;au 25 juillet 2020. Toutefois, si \u00e0 la fin de cette derni\u00e8re p\u00e9riode, les comptes annuels n&rsquo;ont pas \u00e9t\u00e9 approuv\u00e9s par l&rsquo;organisme correspondant, la d\u00e9claration sera faite avec les comptes annuels disponibles.<\/p><p>Dans le cas o\u00f9 l&rsquo;auto-\u00e9valuation de l&rsquo;imp\u00f4t qui devrait r\u00e9sulter des comptes annuels approuv\u00e9s par l&rsquo;organisme correspondant diff\u00e8re de celle pr\u00e9sent\u00e9e conform\u00e9ment aux dispositions de la section pr\u00e9c\u00e9dente, les contribuables devront pr\u00e9senter une nouvelle auto-\u00e9valuation avec une date limite fix\u00e9e au 30 novembre 2020.<\/p><p>Cette nouvelle auto-d\u00e9claration sera consid\u00e9r\u00e9e comme compl\u00e9mentaire si elle aboutit \u00e0 un montant \u00e0 payer plus \u00e9lev\u00e9 ou \u00e0 un montant \u00e0 rembourser plus faible que celui d\u00e9riv\u00e9 de l&rsquo;auto-d\u00e9claration pr\u00e9c\u00e9dente. Le montant \u00e0 payer qui en r\u00e9sulte est major\u00e9 d&rsquo;int\u00e9r\u00eats de retard.<\/p><p>Dans tous les autres cas, la nouvelle auto-\u00e9valuation prendra effet \u00e0 partir de sa pr\u00e9sentation, sans que les dispositions du paragraphe 3 de l&rsquo;article 120 de la loi 58\/2003, du 17 d\u00e9cembre, sur la fiscalit\u00e9 g\u00e9n\u00e9rale, et des articles 126 et suivants du r\u00e8glement g\u00e9n\u00e9ral sur les actions et proc\u00e9dures de gestion et d&rsquo;inspection fiscale et sur le d\u00e9veloppement des r\u00e8gles communes pour les proc\u00e9dures d&rsquo;application fiscale, approuv\u00e9 par le d\u00e9cret royal 1065\/2007, du 27 juillet, ne soient applicables, ni que les pouvoirs de l&rsquo;administration pour v\u00e9rifier ou contr\u00f4ler la premi\u00e8re et la nouvelle auto-\u00e9valuation ne soient limit\u00e9s.<\/p><p>En cas de remboursement des montants, l&rsquo;article 127 de la loi 27\/2014, du 27 novembre, relative \u00e0 l&rsquo;imp\u00f4t sur les soci\u00e9t\u00e9s, s&rsquo;applique. \u00c0 cette fin, le d\u00e9lai de six mois est calcul\u00e9 \u00e0 partir de la fin de la p\u00e9riode \u00e9tablie dans la section pr\u00e9c\u00e9dente pour la pr\u00e9sentation de la nouvelle auto-\u00e9valuation. Lorsque la rectification entra\u00eene le remboursement d&rsquo;un montant r\u00e9sultant d&rsquo;un paiement effectif dans la d\u00e9claration pr\u00e9c\u00e9dente, les int\u00e9r\u00eats de retard courent sur ce montant \u00e0 partir du jour suivant la fin de la p\u00e9riode de d\u00e9claration volontaire jusqu&rsquo;\u00e0 la date \u00e0 laquelle le paiement du remboursement est ordonn\u00e9.<\/p><p>Les auto-d\u00e9clarations pr\u00e9sent\u00e9es par les contribuables peuvent faire l&rsquo;objet d&rsquo;une v\u00e9rification et d&rsquo;un contr\u00f4le de la part de l&rsquo;administration, qui proc\u00e9dera, le cas \u00e9ch\u00e9ant, \u00e0 la liquidation correspondante. En particulier, les rectifications n&rsquo;auront pas d&rsquo;effet pr\u00e9clusif.<\/p><p><strong>Prolongation du report des dettes fiscales pour les PME et les travailleurs ind\u00e9pendants<\/strong><\/p><p>Le d\u00e9cret-loi royal 7\/2020, du 12 mars, adoptant des mesures urgentes pour r\u00e9pondre \u00e0 l&rsquo;impact \u00e9conomique du COVID-19, \u00e9tablit un report des dettes fiscales pour les PME et les travailleurs ind\u00e9pendants, \u00e0 condition que celles-ci ne d\u00e9passent pas 30 000 euros. Ce report \u00e9tait d&rsquo;une dur\u00e9e de 6 mois, dont les trois premiers mois ne comportaient pas d&rsquo;int\u00e9r\u00eats de retard.<\/p><p>Le gouvernement, par le d\u00e9cret royal 19\/2020, a prolong\u00e9 le report de 30 jours, avec 30 jours suppl\u00e9mentaires sans int\u00e9r\u00eat de retard. Ainsi, il sera possible de demander un report allant jusqu&rsquo;\u00e0 7 mois, avec 4 mois sans int\u00e9r\u00eat de retard.<\/p><p><a href=\"https:\/\/www.asesoriaorihuelacosta.com\/contacto\">Contactez-nous<\/a> si vous avez des doutes ou si vous souhaitez obtenir plus d&rsquo;informations.<\/p>\t\t\t\t\t\t\t\t<\/div>\n\t\t\t\t<\/div>\n\t\t\t\t\t<\/div>\r\n\t\t\t\t<\/div>\r\n\t\t\t\t\t<\/div>\r\n\t\t\t\t<\/section>\r\n\t\t\t\t<\/div>\n\t\t","protected":false},"excerpt":{"rendered":"<p>Le Conseil des ministres a approuv\u00e9 un d\u00e9cret-loi royal sur les mesures urgentes qui prolonge la validit\u00e9 de certaines r\u00e8gles d\u00e9j\u00e0 adopt\u00e9es pour att\u00e9nuer l&rsquo;impact \u00e9conomique caus\u00e9 par le COVID-19 et en \u00e9tablit de nouvelles pour diff\u00e9rents secteurs. Prolongation des mesures de flexibilisation de l&#8217;emploi agricole Le d\u00e9cret-loi royal 13\/2020, du 7 avril, portant adoption [&hellip;]<\/p>\n","protected":false},"author":2,"featured_media":12302,"comment_status":"closed","ping_status":"closed","sticky":false,"template":"","format":"standard","meta":{"_eb_attr":"","inline_featured_image":false,"footnotes":""},"categories":[46],"tags":[],"class_list":["post-39152","post","type-post","status-publish","format-standard","has-post-thumbnail","hentry","category-blog"],"featured_image_src":{"landsacpe":["https:\/\/www.asesoriaorihuelacosta.com\/wp-content\/uploads\/2022\/03\/nuevas-medidas-comunidad-valenciana-800x445.jpeg",800,445,true],"list":["https:\/\/www.asesoriaorihuelacosta.com\/wp-content\/uploads\/2022\/03\/nuevas-medidas-comunidad-valenciana-463x348.jpeg",463,348,true],"medium":["https:\/\/www.asesoriaorihuelacosta.com\/wp-content\/uploads\/2022\/03\/nuevas-medidas-comunidad-valenciana-200x300.jpeg",200,300,true],"full":["https:\/\/www.asesoriaorihuelacosta.com\/wp-content\/uploads\/2022\/03\/nuevas-medidas-comunidad-valenciana.jpeg",800,1200,false]},"yoast_head":"<!-- This site is optimized with the Yoast SEO Premium plugin v24.7 (Yoast SEO v27.5) - https:\/\/yoast.com\/product\/yoast-seo-premium-wordpress\/ -->\n<title>Mesures dans le domaine de l&#039;emploi et de la s\u00e9curit\u00e9 sociale - Asesor\u00eda Orihuela Costa<\/title>\n<meta name=\"description\" content=\"Le d\u00e9cret-loi royal approuv\u00e9 \u00e9tend les mesures visant \u00e0 rendre l&#039;emploi agricole plus flexible. Travail, salaires et avantages sociaux\" \/>\n<meta name=\"robots\" content=\"index, follow, max-snippet:-1, max-image-preview:large, max-video-preview:-1\" \/>\n<link rel=\"canonical\" href=\"https:\/\/www.asesoriaorihuelacosta.com\/fr\/mesures-dans-le-domaine-de-lemploi-et-de-la-securite-sociale\/\" \/>\n<meta property=\"og:locale\" content=\"fr_FR\" \/>\n<meta property=\"og:type\" content=\"article\" \/>\n<meta property=\"og:title\" content=\"Mesures dans le domaine de l&#039;emploi et de la s\u00e9curit\u00e9 sociale\" \/>\n<meta property=\"og:description\" content=\"Le d\u00e9cret-loi royal approuv\u00e9 \u00e9tend les mesures visant \u00e0 rendre l&#039;emploi agricole plus flexible. Travail, salaires et avantages sociaux\" \/>\n<meta property=\"og:url\" content=\"https:\/\/www.asesoriaorihuelacosta.com\/fr\/mesures-dans-le-domaine-de-lemploi-et-de-la-securite-sociale\/\" \/>\n<meta property=\"og:site_name\" content=\"Asesor\u00eda Orihuela Costa\" \/>\n<meta property=\"article:publisher\" content=\"https:\/\/www.facebook.com\/asesoriaorihuelacosta\" \/>\n<meta property=\"article:author\" content=\"https:\/\/www.facebook.com\/patrick.gordinneperez\" \/>\n<meta property=\"article:published_time\" content=\"2022-03-29T09:25:00+00:00\" \/>\n<meta property=\"article:modified_time\" content=\"2025-01-17T18:14:10+00:00\" \/>\n<meta property=\"og:image\" content=\"https:\/\/www.asesoriaorihuelacosta.com\/wp-content\/uploads\/2022\/03\/nuevas-medidas-comunidad-valenciana.jpeg\" \/>\n\t<meta property=\"og:image:width\" content=\"800\" \/>\n\t<meta property=\"og:image:height\" content=\"1200\" \/>\n\t<meta property=\"og:image:type\" content=\"image\/jpeg\" \/>\n<meta name=\"author\" content=\"Patrick Gordinne Perez\" \/>\n<meta name=\"twitter:card\" content=\"summary_large_image\" \/>\n<meta name=\"twitter:label1\" content=\"\u00c9crit par\" \/>\n\t<meta name=\"twitter:data1\" content=\"Patrick Gordinne Perez\" \/>\n\t<meta name=\"twitter:label2\" content=\"Dur\u00e9e de lecture estim\u00e9e\" \/>\n\t<meta name=\"twitter:data2\" content=\"5 minutes\" \/>\n<script type=\"application\/ld+json\" class=\"yoast-schema-graph\">{\"@context\":\"https:\\\/\\\/schema.org\",\"@graph\":[{\"@type\":\"Article\",\"@id\":\"https:\\\/\\\/www.asesoriaorihuelacosta.com\\\/fr\\\/mesures-dans-le-domaine-de-lemploi-et-de-la-securite-sociale\\\/#article\",\"isPartOf\":{\"@id\":\"https:\\\/\\\/www.asesoriaorihuelacosta.com\\\/fr\\\/mesures-dans-le-domaine-de-lemploi-et-de-la-securite-sociale\\\/\"},\"author\":{\"name\":\"Patrick Gordinne Perez\",\"@id\":\"https:\\\/\\\/www.asesoriaorihuelacosta.com\\\/fr\\\/#\\\/schema\\\/person\\\/6614ce8cf6d2de542aaf351629fd539e\"},\"headline\":\"Mesures dans le domaine de l&#8217;emploi et de la s\u00e9curit\u00e9 sociale\",\"datePublished\":\"2022-03-29T09:25:00+00:00\",\"dateModified\":\"2025-01-17T18:14:10+00:00\",\"mainEntityOfPage\":{\"@id\":\"https:\\\/\\\/www.asesoriaorihuelacosta.com\\\/fr\\\/mesures-dans-le-domaine-de-lemploi-et-de-la-securite-sociale\\\/\"},\"wordCount\":1009,\"publisher\":{\"@id\":\"https:\\\/\\\/www.asesoriaorihuelacosta.com\\\/fr\\\/#organization\"},\"image\":{\"@id\":\"https:\\\/\\\/www.asesoriaorihuelacosta.com\\\/fr\\\/mesures-dans-le-domaine-de-lemploi-et-de-la-securite-sociale\\\/#primaryimage\"},\"thumbnailUrl\":\"https:\\\/\\\/www.asesoriaorihuelacosta.com\\\/wp-content\\\/uploads\\\/2022\\\/03\\\/nuevas-medidas-comunidad-valenciana.jpeg\",\"articleSection\":[\"Blog\"],\"inLanguage\":\"fr-FR\"},{\"@type\":\"WebPage\",\"@id\":\"https:\\\/\\\/www.asesoriaorihuelacosta.com\\\/fr\\\/mesures-dans-le-domaine-de-lemploi-et-de-la-securite-sociale\\\/\",\"url\":\"https:\\\/\\\/www.asesoriaorihuelacosta.com\\\/fr\\\/mesures-dans-le-domaine-de-lemploi-et-de-la-securite-sociale\\\/\",\"name\":\"Mesures dans le domaine de l'emploi et de la s\u00e9curit\u00e9 sociale - Asesor\u00eda Orihuela Costa\",\"isPartOf\":{\"@id\":\"https:\\\/\\\/www.asesoriaorihuelacosta.com\\\/fr\\\/#website\"},\"primaryImageOfPage\":{\"@id\":\"https:\\\/\\\/www.asesoriaorihuelacosta.com\\\/fr\\\/mesures-dans-le-domaine-de-lemploi-et-de-la-securite-sociale\\\/#primaryimage\"},\"image\":{\"@id\":\"https:\\\/\\\/www.asesoriaorihuelacosta.com\\\/fr\\\/mesures-dans-le-domaine-de-lemploi-et-de-la-securite-sociale\\\/#primaryimage\"},\"thumbnailUrl\":\"https:\\\/\\\/www.asesoriaorihuelacosta.com\\\/wp-content\\\/uploads\\\/2022\\\/03\\\/nuevas-medidas-comunidad-valenciana.jpeg\",\"datePublished\":\"2022-03-29T09:25:00+00:00\",\"dateModified\":\"2025-01-17T18:14:10+00:00\",\"description\":\"Le d\u00e9cret-loi royal approuv\u00e9 \u00e9tend les mesures visant \u00e0 rendre l'emploi agricole plus flexible. Travail, salaires et avantages sociaux\",\"breadcrumb\":{\"@id\":\"https:\\\/\\\/www.asesoriaorihuelacosta.com\\\/fr\\\/mesures-dans-le-domaine-de-lemploi-et-de-la-securite-sociale\\\/#breadcrumb\"},\"inLanguage\":\"fr-FR\",\"potentialAction\":[{\"@type\":\"ReadAction\",\"target\":[\"https:\\\/\\\/www.asesoriaorihuelacosta.com\\\/fr\\\/mesures-dans-le-domaine-de-lemploi-et-de-la-securite-sociale\\\/\"]}]},{\"@type\":\"ImageObject\",\"inLanguage\":\"fr-FR\",\"@id\":\"https:\\\/\\\/www.asesoriaorihuelacosta.com\\\/fr\\\/mesures-dans-le-domaine-de-lemploi-et-de-la-securite-sociale\\\/#primaryimage\",\"url\":\"https:\\\/\\\/www.asesoriaorihuelacosta.com\\\/wp-content\\\/uploads\\\/2022\\\/03\\\/nuevas-medidas-comunidad-valenciana.jpeg\",\"contentUrl\":\"https:\\\/\\\/www.asesoriaorihuelacosta.com\\\/wp-content\\\/uploads\\\/2022\\\/03\\\/nuevas-medidas-comunidad-valenciana.jpeg\",\"width\":800,\"height\":1200,\"caption\":\"nuevas medidas comunidad valenciana\"},{\"@type\":\"BreadcrumbList\",\"@id\":\"https:\\\/\\\/www.asesoriaorihuelacosta.com\\\/fr\\\/mesures-dans-le-domaine-de-lemploi-et-de-la-securite-sociale\\\/#breadcrumb\",\"itemListElement\":[{\"@type\":\"ListItem\",\"position\":1,\"name\":\"Home\",\"item\":\"https:\\\/\\\/www.asesoriaorihuelacosta.com\\\/fr\\\/\"},{\"@type\":\"ListItem\",\"position\":2,\"name\":\"Mesures dans le domaine de l&#8217;emploi et de la s\u00e9curit\u00e9 sociale\"}]},{\"@type\":\"WebSite\",\"@id\":\"https:\\\/\\\/www.asesoriaorihuelacosta.com\\\/fr\\\/#website\",\"url\":\"https:\\\/\\\/www.asesoriaorihuelacosta.com\\\/fr\\\/\",\"name\":\"https:\\\/\\\/www.asesoriaorihuelacosta.com\\\/\",\"description\":\"Grupo de asesores profesionales\",\"publisher\":{\"@id\":\"https:\\\/\\\/www.asesoriaorihuelacosta.com\\\/fr\\\/#organization\"},\"potentialAction\":[{\"@type\":\"SearchAction\",\"target\":{\"@type\":\"EntryPoint\",\"urlTemplate\":\"https:\\\/\\\/www.asesoriaorihuelacosta.com\\\/fr\\\/?s={search_term_string}\"},\"query-input\":{\"@type\":\"PropertyValueSpecification\",\"valueRequired\":true,\"valueName\":\"search_term_string\"}}],\"inLanguage\":\"fr-FR\"},{\"@type\":\"Organization\",\"@id\":\"https:\\\/\\\/www.asesoriaorihuelacosta.com\\\/fr\\\/#organization\",\"name\":\"Asesor\u00eda Orihuela Costa\",\"url\":\"https:\\\/\\\/www.asesoriaorihuelacosta.com\\\/fr\\\/\",\"logo\":{\"@type\":\"ImageObject\",\"inLanguage\":\"fr-FR\",\"@id\":\"https:\\\/\\\/www.asesoriaorihuelacosta.com\\\/fr\\\/#\\\/schema\\\/logo\\\/image\\\/\",\"url\":\"https:\\\/\\\/www.asesoriaorihuelacosta.com\\\/wp-content\\\/uploads\\\/2022\\\/06\\\/Logo-espa\u5bf8l-asesoriaorihuela.jpg\",\"contentUrl\":\"https:\\\/\\\/www.asesoriaorihuelacosta.com\\\/wp-content\\\/uploads\\\/2022\\\/06\\\/Logo-espa\u5bf8l-asesoriaorihuela.jpg\",\"width\":588,\"height\":136,\"caption\":\"Asesor\u00eda Orihuela Costa\"},\"image\":{\"@id\":\"https:\\\/\\\/www.asesoriaorihuelacosta.com\\\/fr\\\/#\\\/schema\\\/logo\\\/image\\\/\"},\"sameAs\":[\"https:\\\/\\\/www.facebook.com\\\/asesoriaorihuelacosta\"]},{\"@type\":\"Person\",\"@id\":\"https:\\\/\\\/www.asesoriaorihuelacosta.com\\\/fr\\\/#\\\/schema\\\/person\\\/6614ce8cf6d2de542aaf351629fd539e\",\"name\":\"Patrick Gordinne Perez\",\"description\":\"Soy economista colegiado por el colegio de economistas de Alicante con el n\u00famero 2722. Llevo ejerciendo desde el a\u00f1o 2005. Soy especialista en fiscalidad de empresas y aut\u00f3nomos y tambi\u00e9n especialista en gestionar compraventas. Hablo espa\u00f1ol, ingl\u00e9s y franc\u00e9s.\",\"sameAs\":[\"https:\\\/\\\/www.asesoriaorihuelacosta.com\",\"https:\\\/\\\/www.facebook.com\\\/patrick.gordinneperez\",\"https:\\\/\\\/www.linkedin.com\\\/in\\\/patrick-gordinne-perez-1b73aab3\\\/\",\"https:\\\/\\\/www.youtube.com\\\/channel\\\/UC5e95RJEVQlxCnhwDmGNVCw\"],\"gender\":\"Hombre\",\"knowsLanguage\":[\"ingl\u00e9s\",\"franc\u00e9s\",\"espa\u00f1ol\"],\"jobTitle\":\"Gerente\",\"worksFor\":\"Asesoria Orihuela Costa SL\"}]}<\/script>\n<!-- \/ Yoast SEO Premium plugin. -->","yoast_head_json":{"title":"Mesures dans le domaine de l'emploi et de la s\u00e9curit\u00e9 sociale - Asesor\u00eda Orihuela Costa","description":"Le d\u00e9cret-loi royal approuv\u00e9 \u00e9tend les mesures visant \u00e0 rendre l'emploi agricole plus flexible. Travail, salaires et avantages sociaux","robots":{"index":"index","follow":"follow","max-snippet":"max-snippet:-1","max-image-preview":"max-image-preview:large","max-video-preview":"max-video-preview:-1"},"canonical":"https:\/\/www.asesoriaorihuelacosta.com\/fr\/mesures-dans-le-domaine-de-lemploi-et-de-la-securite-sociale\/","og_locale":"fr_FR","og_type":"article","og_title":"Mesures dans le domaine de l'emploi et de la s\u00e9curit\u00e9 sociale","og_description":"Le d\u00e9cret-loi royal approuv\u00e9 \u00e9tend les mesures visant \u00e0 rendre l'emploi agricole plus flexible. Travail, salaires et avantages sociaux","og_url":"https:\/\/www.asesoriaorihuelacosta.com\/fr\/mesures-dans-le-domaine-de-lemploi-et-de-la-securite-sociale\/","og_site_name":"Asesor\u00eda Orihuela Costa","article_publisher":"https:\/\/www.facebook.com\/asesoriaorihuelacosta","article_author":"https:\/\/www.facebook.com\/patrick.gordinneperez","article_published_time":"2022-03-29T09:25:00+00:00","article_modified_time":"2025-01-17T18:14:10+00:00","og_image":[{"width":800,"height":1200,"url":"https:\/\/www.asesoriaorihuelacosta.com\/wp-content\/uploads\/2022\/03\/nuevas-medidas-comunidad-valenciana.jpeg","type":"image\/jpeg"}],"author":"Patrick Gordinne Perez","twitter_card":"summary_large_image","twitter_misc":{"\u00c9crit par":"Patrick Gordinne Perez","Dur\u00e9e de lecture estim\u00e9e":"5 minutes"},"schema":{"@context":"https:\/\/schema.org","@graph":[{"@type":"Article","@id":"https:\/\/www.asesoriaorihuelacosta.com\/fr\/mesures-dans-le-domaine-de-lemploi-et-de-la-securite-sociale\/#article","isPartOf":{"@id":"https:\/\/www.asesoriaorihuelacosta.com\/fr\/mesures-dans-le-domaine-de-lemploi-et-de-la-securite-sociale\/"},"author":{"name":"Patrick Gordinne Perez","@id":"https:\/\/www.asesoriaorihuelacosta.com\/fr\/#\/schema\/person\/6614ce8cf6d2de542aaf351629fd539e"},"headline":"Mesures dans le domaine de l&#8217;emploi et de la s\u00e9curit\u00e9 sociale","datePublished":"2022-03-29T09:25:00+00:00","dateModified":"2025-01-17T18:14:10+00:00","mainEntityOfPage":{"@id":"https:\/\/www.asesoriaorihuelacosta.com\/fr\/mesures-dans-le-domaine-de-lemploi-et-de-la-securite-sociale\/"},"wordCount":1009,"publisher":{"@id":"https:\/\/www.asesoriaorihuelacosta.com\/fr\/#organization"},"image":{"@id":"https:\/\/www.asesoriaorihuelacosta.com\/fr\/mesures-dans-le-domaine-de-lemploi-et-de-la-securite-sociale\/#primaryimage"},"thumbnailUrl":"https:\/\/www.asesoriaorihuelacosta.com\/wp-content\/uploads\/2022\/03\/nuevas-medidas-comunidad-valenciana.jpeg","articleSection":["Blog"],"inLanguage":"fr-FR"},{"@type":"WebPage","@id":"https:\/\/www.asesoriaorihuelacosta.com\/fr\/mesures-dans-le-domaine-de-lemploi-et-de-la-securite-sociale\/","url":"https:\/\/www.asesoriaorihuelacosta.com\/fr\/mesures-dans-le-domaine-de-lemploi-et-de-la-securite-sociale\/","name":"Mesures dans le domaine de l'emploi et de la s\u00e9curit\u00e9 sociale - Asesor\u00eda Orihuela Costa","isPartOf":{"@id":"https:\/\/www.asesoriaorihuelacosta.com\/fr\/#website"},"primaryImageOfPage":{"@id":"https:\/\/www.asesoriaorihuelacosta.com\/fr\/mesures-dans-le-domaine-de-lemploi-et-de-la-securite-sociale\/#primaryimage"},"image":{"@id":"https:\/\/www.asesoriaorihuelacosta.com\/fr\/mesures-dans-le-domaine-de-lemploi-et-de-la-securite-sociale\/#primaryimage"},"thumbnailUrl":"https:\/\/www.asesoriaorihuelacosta.com\/wp-content\/uploads\/2022\/03\/nuevas-medidas-comunidad-valenciana.jpeg","datePublished":"2022-03-29T09:25:00+00:00","dateModified":"2025-01-17T18:14:10+00:00","description":"Le d\u00e9cret-loi royal approuv\u00e9 \u00e9tend les mesures visant \u00e0 rendre l'emploi agricole plus flexible. Travail, salaires et avantages sociaux","breadcrumb":{"@id":"https:\/\/www.asesoriaorihuelacosta.com\/fr\/mesures-dans-le-domaine-de-lemploi-et-de-la-securite-sociale\/#breadcrumb"},"inLanguage":"fr-FR","potentialAction":[{"@type":"ReadAction","target":["https:\/\/www.asesoriaorihuelacosta.com\/fr\/mesures-dans-le-domaine-de-lemploi-et-de-la-securite-sociale\/"]}]},{"@type":"ImageObject","inLanguage":"fr-FR","@id":"https:\/\/www.asesoriaorihuelacosta.com\/fr\/mesures-dans-le-domaine-de-lemploi-et-de-la-securite-sociale\/#primaryimage","url":"https:\/\/www.asesoriaorihuelacosta.com\/wp-content\/uploads\/2022\/03\/nuevas-medidas-comunidad-valenciana.jpeg","contentUrl":"https:\/\/www.asesoriaorihuelacosta.com\/wp-content\/uploads\/2022\/03\/nuevas-medidas-comunidad-valenciana.jpeg","width":800,"height":1200,"caption":"nuevas medidas comunidad valenciana"},{"@type":"BreadcrumbList","@id":"https:\/\/www.asesoriaorihuelacosta.com\/fr\/mesures-dans-le-domaine-de-lemploi-et-de-la-securite-sociale\/#breadcrumb","itemListElement":[{"@type":"ListItem","position":1,"name":"Home","item":"https:\/\/www.asesoriaorihuelacosta.com\/fr\/"},{"@type":"ListItem","position":2,"name":"Mesures dans le domaine de l&#8217;emploi et de la s\u00e9curit\u00e9 sociale"}]},{"@type":"WebSite","@id":"https:\/\/www.asesoriaorihuelacosta.com\/fr\/#website","url":"https:\/\/www.asesoriaorihuelacosta.com\/fr\/","name":"https:\/\/www.asesoriaorihuelacosta.com\/","description":"Grupo de asesores profesionales","publisher":{"@id":"https:\/\/www.asesoriaorihuelacosta.com\/fr\/#organization"},"potentialAction":[{"@type":"SearchAction","target":{"@type":"EntryPoint","urlTemplate":"https:\/\/www.asesoriaorihuelacosta.com\/fr\/?s={search_term_string}"},"query-input":{"@type":"PropertyValueSpecification","valueRequired":true,"valueName":"search_term_string"}}],"inLanguage":"fr-FR"},{"@type":"Organization","@id":"https:\/\/www.asesoriaorihuelacosta.com\/fr\/#organization","name":"Asesor\u00eda Orihuela Costa","url":"https:\/\/www.asesoriaorihuelacosta.com\/fr\/","logo":{"@type":"ImageObject","inLanguage":"fr-FR","@id":"https:\/\/www.asesoriaorihuelacosta.com\/fr\/#\/schema\/logo\/image\/","url":"https:\/\/www.asesoriaorihuelacosta.com\/wp-content\/uploads\/2022\/06\/Logo-espa\u5bf8l-asesoriaorihuela.jpg","contentUrl":"https:\/\/www.asesoriaorihuelacosta.com\/wp-content\/uploads\/2022\/06\/Logo-espa\u5bf8l-asesoriaorihuela.jpg","width":588,"height":136,"caption":"Asesor\u00eda Orihuela Costa"},"image":{"@id":"https:\/\/www.asesoriaorihuelacosta.com\/fr\/#\/schema\/logo\/image\/"},"sameAs":["https:\/\/www.facebook.com\/asesoriaorihuelacosta"]},{"@type":"Person","@id":"https:\/\/www.asesoriaorihuelacosta.com\/fr\/#\/schema\/person\/6614ce8cf6d2de542aaf351629fd539e","name":"Patrick Gordinne Perez","description":"Soy economista colegiado por el colegio de economistas de Alicante con el n\u00famero 2722. Llevo ejerciendo desde el a\u00f1o 2005. Soy especialista en fiscalidad de empresas y aut\u00f3nomos y tambi\u00e9n especialista en gestionar compraventas. Hablo espa\u00f1ol, ingl\u00e9s y franc\u00e9s.","sameAs":["https:\/\/www.asesoriaorihuelacosta.com","https:\/\/www.facebook.com\/patrick.gordinneperez","https:\/\/www.linkedin.com\/in\/patrick-gordinne-perez-1b73aab3\/","https:\/\/www.youtube.com\/channel\/UC5e95RJEVQlxCnhwDmGNVCw"],"gender":"Hombre","knowsLanguage":["ingl\u00e9s","franc\u00e9s","espa\u00f1ol"],"jobTitle":"Gerente","worksFor":"Asesoria Orihuela Costa SL"}]}},"_links":{"self":[{"href":"https:\/\/www.asesoriaorihuelacosta.com\/fr\/wp-json\/wp\/v2\/posts\/39152","targetHints":{"allow":["GET"]}}],"collection":[{"href":"https:\/\/www.asesoriaorihuelacosta.com\/fr\/wp-json\/wp\/v2\/posts"}],"about":[{"href":"https:\/\/www.asesoriaorihuelacosta.com\/fr\/wp-json\/wp\/v2\/types\/post"}],"author":[{"embeddable":true,"href":"https:\/\/www.asesoriaorihuelacosta.com\/fr\/wp-json\/wp\/v2\/users\/2"}],"replies":[{"embeddable":true,"href":"https:\/\/www.asesoriaorihuelacosta.com\/fr\/wp-json\/wp\/v2\/comments?post=39152"}],"version-history":[{"count":8,"href":"https:\/\/www.asesoriaorihuelacosta.com\/fr\/wp-json\/wp\/v2\/posts\/39152\/revisions"}],"predecessor-version":[{"id":39162,"href":"https:\/\/www.asesoriaorihuelacosta.com\/fr\/wp-json\/wp\/v2\/posts\/39152\/revisions\/39162"}],"wp:featuredmedia":[{"embeddable":true,"href":"https:\/\/www.asesoriaorihuelacosta.com\/fr\/wp-json\/wp\/v2\/media\/12302"}],"wp:attachment":[{"href":"https:\/\/www.asesoriaorihuelacosta.com\/fr\/wp-json\/wp\/v2\/media?parent=39152"}],"wp:term":[{"taxonomy":"category","embeddable":true,"href":"https:\/\/www.asesoriaorihuelacosta.com\/fr\/wp-json\/wp\/v2\/categories?post=39152"},{"taxonomy":"post_tag","embeddable":true,"href":"https:\/\/www.asesoriaorihuelacosta.com\/fr\/wp-json\/wp\/v2\/tags?post=39152"}],"curies":[{"name":"wp","href":"https:\/\/api.w.org\/{rel}","templated":true}]}}