{"id":39116,"date":"2022-03-29T09:28:56","date_gmt":"2022-03-29T09:28:56","guid":{"rendered":"https:\/\/www.asesoriaorihuelacosta.com\/?p=39116"},"modified":"2025-01-17T17:52:09","modified_gmt":"2025-01-17T17:52:09","slug":"la-securite-sociale-approuve-un-moratoire-sur-les-cotisations-sociales-pour-12-secteurs-economiques","status":"publish","type":"post","link":"https:\/\/www.asesoriaorihuelacosta.com\/fr\/la-securite-sociale-approuve-un-moratoire-sur-les-cotisations-sociales-pour-12-secteurs-economiques\/","title":{"rendered":"La S\u00e9curit\u00e9 sociale approuve un moratoire sur les cotisations sociales pour 12 secteurs \u00e9conomiques"},"content":{"rendered":"\t\t<div data-elementor-type=\"wp-post\" data-elementor-id=\"39116\" class=\"elementor elementor-39116\" data-elementor-post-type=\"post\">\n\t\t\t\t\t\t<section data-particle_enable=\"false\" data-particle-mobile-disabled=\"false\" class=\"elementor-section elementor-top-section elementor-element elementor-element-0d8f806 elementor-section-boxed elementor-section-height-default elementor-section-height-default\" data-id=\"0d8f806\" data-element_type=\"section\" data-e-type=\"section\">\r\n\t\t\r\n\t\t\t\t\t\t\t<div class=\"elementor-container elementor-column-gap-default\">\r\n\t\t\t\t\t\t\t\t\t\t\t<div class=\"elementor-column elementor-col-100 elementor-top-column elementor-element elementor-element-53580d9\" data-id=\"53580d9\" data-element_type=\"column\" data-e-type=\"column\">\r\n\t\t\t\t\t<div class=\"elementor-widget-wrap elementor-element-populated\">\r\n\t\t\t\t\t\t\t\t<div class=\"elementor-element elementor-element-8a7d833 elementor-widget elementor-widget-text-editor\" data-id=\"8a7d833\" data-element_type=\"widget\" data-e-type=\"widget\" data-widget_type=\"text-editor.default\">\n\t\t\t\t<div class=\"elementor-widget-container\">\n\t\t\t\t\t\t\t\t\t<p>Le minist\u00e8re de l&rsquo;inclusion, de la <a href=\"http:\/\/www.seg-social.es\/wps\/portal\/wss\/internet\/Inicio\">s\u00e9curit\u00e9 sociale<\/a> et des migrations a donn\u00e9 son feu vert \u00e0 l&rsquo;arr\u00eat\u00e9 minist\u00e9riel qui d\u00e9veloppe le moratoire sur les contributions patronales aux cotisations sociales inclus dans le d\u00e9cret royal 11\/2020 et qui permettra aux entreprises et aux travailleurs ind\u00e9pendants de 12 secteurs \u00e9conomiques de suspendre pendant six mois, sans aucun int\u00e9r\u00eat, les cotisations sociales (pour les entreprises, les contributions patronales et pour les concepts de collecte conjointe et les travailleurs ind\u00e9pendants, pour leurs quotas) payables au cours des mois de mai, juin et juillet.<\/p><p>Dans le cas des travailleurs ind\u00e9pendants, ces mensualit\u00e9s sont celles correspondant \u00e0 ces mois, tandis que dans le cas des entreprises, ce sont celles du mois pr\u00e9c\u00e9dent. Concr\u00e8tement, l&rsquo;arr\u00eat\u00e9 minist\u00e9riel autorise les secteurs \u00e9conomiques suivants \u00e0 demander le moratoire sur les cotisations sociales sans int\u00e9r\u00eat pour les mois \u00e0 venir :<\/p><p>Code CNAE 2009 Description de l&rsquo;activit\u00e9<\/p><p><br \/><br \/><br \/>119 Autres cultures non p\u00e9rennes 129 Autres cultures p\u00e9rennes 1812 Autres activit\u00e9s d&rsquo;imprimerie 2512 <br \/><br \/><br \/>Fabrication de menuiseries m\u00e9talliques 4322 Installation de plomberie, chauffage et climatisation 4332 Installation de menuiseries 4711 <br \/><br \/>Commerce de d\u00e9tail en magasin non sp\u00e9cialis\u00e9 \u00e0 pr\u00e9dominance alimentaire 4719 Autres commerces de d\u00e9tail en magasin non sp\u00e9cialis\u00e9 4724 <br \/><br \/><br \/>Commerce de d\u00e9tail de pain et de produits de boulangerie-p\u00e2tisserie en magasin sp\u00e9cialis\u00e9 7311 Agences de publicit\u00e9 8623 Activit\u00e9s dentaires 9602 Coiffure et autres soins de beaut\u00e9<\/p><p>Le moratoire permettra aux ind\u00e9pendants et aux entreprises dont l&rsquo;activit\u00e9 correspond \u00e0 ces codes CNAE de demander la suspension des cotisations patronales de leurs travailleurs pour une p\u00e9riode de six mois sans aucun int\u00e9r\u00eat. Si le moratoire est accord\u00e9, les paiements dus en mai seront pay\u00e9s en novembre et ainsi de suite pour les mensualit\u00e9s restantes.<\/p><p>Les entreprises doivent demander ce moratoire entre le 1er et le 10 du mois au cours duquel elles devraient effectuer le paiement \u00e0 la Tr\u00e9sorerie g\u00e9n\u00e9rale de la s\u00e9curit\u00e9 sociale par l&rsquo;interm\u00e9diaire du syst\u00e8me RED. Dans le cas des travailleurs ind\u00e9pendants qui ne sont pas autoris\u00e9s \u00e0 utiliser le RED, ils peuvent utiliser le service de bureau \u00e9lectronique de la s\u00e9curit\u00e9 sociale.<\/p><p>Cette mesure est nouvelle par son extension, car jusqu&rsquo;\u00e0 pr\u00e9sent les moratoires autoris\u00e9s \u00e9taient limit\u00e9s \u00e0 des crit\u00e8res g\u00e9ographiques, \u00e0 la suite de catastrophes naturelles, comme ce fut le cas lors du tremblement de terre de Lorca en 2011, mais n&rsquo;avaient jamais \u00e9t\u00e9 mis en \u0153uvre au niveau sectoriel.<\/p><p>Les travailleurs ind\u00e9pendants et les entreprises dont l&rsquo;activit\u00e9 ne figure pas parmi celles indiqu\u00e9es ont la possibilit\u00e9 de demander un report des cotisations sociales avec un taux d&rsquo;int\u00e9r\u00eat de 0,5 % sept fois inf\u00e9rieur au taux habituel pour les paiements dus au cours des mois d&rsquo;avril, mai et juin.<\/p><p>Ces initiatives font partie de l&rsquo;ensemble des mesures mises en place par le gouvernement pour att\u00e9nuer les effets de la pand\u00e9mie de COVID-19 sur les entreprises, les travailleurs ind\u00e9pendants et les travailleurs.<\/p><p>Contactez <a href=\"https:\/\/www.asesoriaorihuelacosta.com\/contacto\">Asesor\u00eda Orihuela Costa<\/a> sans engagement<\/p>\t\t\t\t\t\t\t\t<\/div>\n\t\t\t\t<\/div>\n\t\t\t\t\t<\/div>\r\n\t\t\t\t<\/div>\r\n\t\t\t\t\t<\/div>\r\n\t\t\t\t<\/section>\r\n\t\t\t\t<\/div>\n\t\t","protected":false},"excerpt":{"rendered":"<p>Le minist\u00e8re de l&rsquo;inclusion, de la s\u00e9curit\u00e9 sociale et des migrations a donn\u00e9 son feu vert \u00e0 l&rsquo;arr\u00eat\u00e9 minist\u00e9riel qui d\u00e9veloppe le moratoire sur les contributions patronales aux cotisations sociales inclus dans le d\u00e9cret royal 11\/2020 et qui permettra aux entreprises et aux travailleurs ind\u00e9pendants de 12 secteurs \u00e9conomiques de suspendre pendant six mois, sans [&hellip;]<\/p>\n","protected":false},"author":2,"featured_media":6534,"comment_status":"closed","ping_status":"closed","sticky":false,"template":"","format":"standard","meta":{"_eb_attr":"","inline_featured_image":false,"footnotes":""},"categories":[46],"tags":[],"class_list":["post-39116","post","type-post","status-publish","format-standard","has-post-thumbnail","hentry","category-blog"],"featured_image_src":{"landsacpe":["https:\/\/www.asesoriaorihuelacosta.com\/wp-content\/uploads\/2022\/03\/moratoria-seguros-sociales.jpg",500,250,false],"list":["https:\/\/www.asesoriaorihuelacosta.com\/wp-content\/uploads\/2022\/03\/moratoria-seguros-sociales-463x250.jpg",463,250,true],"medium":["https:\/\/www.asesoriaorihuelacosta.com\/wp-content\/uploads\/2022\/03\/moratoria-seguros-sociales-300x150.jpg",300,150,true],"full":["https:\/\/www.asesoriaorihuelacosta.com\/wp-content\/uploads\/2022\/03\/moratoria-seguros-sociales.jpg",500,250,false]},"yoast_head":"<!-- This site is optimized with the Yoast SEO Premium plugin v24.7 (Yoast SEO v27.4) - https:\/\/yoast.com\/product\/yoast-seo-premium-wordpress\/ -->\n<title>Moratoire des cotisations sociales pour 12 secteurs \u00e9conomiques - Asesor\u00eda Orihuela Costa<\/title>\n<meta name=\"description\" content=\"D\u00e9couvrez comment les entreprises concern\u00e9es par le moratoire sur cotisations sociales b\u00e9n\u00e9ficieront de 6 mois sans avoir \u00e0 payer d&#039;int\u00e9r\u00eats.\" \/>\n<meta name=\"robots\" content=\"index, follow, max-snippet:-1, max-image-preview:large, max-video-preview:-1\" \/>\n<link rel=\"canonical\" href=\"https:\/\/www.asesoriaorihuelacosta.com\/fr\/la-securite-sociale-approuve-un-moratoire-sur-les-cotisations-sociales-pour-12-secteurs-economiques\/\" \/>\n<meta property=\"og:locale\" content=\"fr_FR\" \/>\n<meta property=\"og:type\" content=\"article\" \/>\n<meta property=\"og:title\" content=\"La S\u00e9curit\u00e9 sociale approuve un moratoire sur les cotisations sociales pour 12 secteurs \u00e9conomiques\" \/>\n<meta property=\"og:description\" content=\"D\u00e9couvrez comment les entreprises concern\u00e9es par le moratoire sur cotisations sociales b\u00e9n\u00e9ficieront de 6 mois sans avoir \u00e0 payer d&#039;int\u00e9r\u00eats.\" \/>\n<meta property=\"og:url\" content=\"https:\/\/www.asesoriaorihuelacosta.com\/fr\/la-securite-sociale-approuve-un-moratoire-sur-les-cotisations-sociales-pour-12-secteurs-economiques\/\" \/>\n<meta property=\"og:site_name\" content=\"Asesor\u00eda Orihuela Costa\" \/>\n<meta property=\"article:publisher\" content=\"https:\/\/www.facebook.com\/asesoriaorihuelacosta\" \/>\n<meta property=\"article:author\" content=\"https:\/\/www.facebook.com\/patrick.gordinneperez\" \/>\n<meta property=\"article:published_time\" content=\"2022-03-29T09:28:56+00:00\" \/>\n<meta property=\"article:modified_time\" content=\"2025-01-17T17:52:09+00:00\" \/>\n<meta property=\"og:image\" content=\"https:\/\/www.asesoriaorihuelacosta.com\/wp-content\/uploads\/2022\/03\/moratoria-seguros-sociales.jpg\" \/>\n\t<meta property=\"og:image:width\" content=\"500\" \/>\n\t<meta property=\"og:image:height\" content=\"250\" \/>\n\t<meta property=\"og:image:type\" content=\"image\/jpeg\" \/>\n<meta name=\"author\" content=\"Patrick Gordinne Perez\" \/>\n<meta name=\"twitter:card\" content=\"summary_large_image\" \/>\n<meta name=\"twitter:label1\" content=\"\u00c9crit par\" \/>\n\t<meta name=\"twitter:data1\" content=\"Patrick Gordinne Perez\" \/>\n\t<meta name=\"twitter:label2\" content=\"Dur\u00e9e de lecture estim\u00e9e\" \/>\n\t<meta name=\"twitter:data2\" content=\"3 minutes\" \/>\n<script type=\"application\/ld+json\" class=\"yoast-schema-graph\">{\"@context\":\"https:\\\/\\\/schema.org\",\"@graph\":[{\"@type\":\"Article\",\"@id\":\"https:\\\/\\\/www.asesoriaorihuelacosta.com\\\/fr\\\/la-securite-sociale-approuve-un-moratoire-sur-les-cotisations-sociales-pour-12-secteurs-economiques\\\/#article\",\"isPartOf\":{\"@id\":\"https:\\\/\\\/www.asesoriaorihuelacosta.com\\\/fr\\\/la-securite-sociale-approuve-un-moratoire-sur-les-cotisations-sociales-pour-12-secteurs-economiques\\\/\"},\"author\":{\"name\":\"Patrick Gordinne Perez\",\"@id\":\"https:\\\/\\\/www.asesoriaorihuelacosta.com\\\/fr\\\/#\\\/schema\\\/person\\\/6614ce8cf6d2de542aaf351629fd539e\"},\"headline\":\"La S\u00e9curit\u00e9 sociale approuve un moratoire sur les cotisations sociales pour 12 secteurs \u00e9conomiques\",\"datePublished\":\"2022-03-29T09:28:56+00:00\",\"dateModified\":\"2025-01-17T17:52:09+00:00\",\"mainEntityOfPage\":{\"@id\":\"https:\\\/\\\/www.asesoriaorihuelacosta.com\\\/fr\\\/la-securite-sociale-approuve-un-moratoire-sur-les-cotisations-sociales-pour-12-secteurs-economiques\\\/\"},\"wordCount\":535,\"publisher\":{\"@id\":\"https:\\\/\\\/www.asesoriaorihuelacosta.com\\\/fr\\\/#organization\"},\"image\":{\"@id\":\"https:\\\/\\\/www.asesoriaorihuelacosta.com\\\/fr\\\/la-securite-sociale-approuve-un-moratoire-sur-les-cotisations-sociales-pour-12-secteurs-economiques\\\/#primaryimage\"},\"thumbnailUrl\":\"https:\\\/\\\/www.asesoriaorihuelacosta.com\\\/wp-content\\\/uploads\\\/2022\\\/03\\\/moratoria-seguros-sociales.jpg\",\"articleSection\":[\"Blog\"],\"inLanguage\":\"fr-FR\"},{\"@type\":\"WebPage\",\"@id\":\"https:\\\/\\\/www.asesoriaorihuelacosta.com\\\/fr\\\/la-securite-sociale-approuve-un-moratoire-sur-les-cotisations-sociales-pour-12-secteurs-economiques\\\/\",\"url\":\"https:\\\/\\\/www.asesoriaorihuelacosta.com\\\/fr\\\/la-securite-sociale-approuve-un-moratoire-sur-les-cotisations-sociales-pour-12-secteurs-economiques\\\/\",\"name\":\"Moratoire des cotisations sociales pour 12 secteurs \u00e9conomiques - Asesor\u00eda Orihuela Costa\",\"isPartOf\":{\"@id\":\"https:\\\/\\\/www.asesoriaorihuelacosta.com\\\/fr\\\/#website\"},\"primaryImageOfPage\":{\"@id\":\"https:\\\/\\\/www.asesoriaorihuelacosta.com\\\/fr\\\/la-securite-sociale-approuve-un-moratoire-sur-les-cotisations-sociales-pour-12-secteurs-economiques\\\/#primaryimage\"},\"image\":{\"@id\":\"https:\\\/\\\/www.asesoriaorihuelacosta.com\\\/fr\\\/la-securite-sociale-approuve-un-moratoire-sur-les-cotisations-sociales-pour-12-secteurs-economiques\\\/#primaryimage\"},\"thumbnailUrl\":\"https:\\\/\\\/www.asesoriaorihuelacosta.com\\\/wp-content\\\/uploads\\\/2022\\\/03\\\/moratoria-seguros-sociales.jpg\",\"datePublished\":\"2022-03-29T09:28:56+00:00\",\"dateModified\":\"2025-01-17T17:52:09+00:00\",\"description\":\"D\u00e9couvrez comment les entreprises concern\u00e9es par le moratoire sur cotisations sociales b\u00e9n\u00e9ficieront de 6 mois sans avoir \u00e0 payer d'int\u00e9r\u00eats.\",\"breadcrumb\":{\"@id\":\"https:\\\/\\\/www.asesoriaorihuelacosta.com\\\/fr\\\/la-securite-sociale-approuve-un-moratoire-sur-les-cotisations-sociales-pour-12-secteurs-economiques\\\/#breadcrumb\"},\"inLanguage\":\"fr-FR\",\"potentialAction\":[{\"@type\":\"ReadAction\",\"target\":[\"https:\\\/\\\/www.asesoriaorihuelacosta.com\\\/fr\\\/la-securite-sociale-approuve-un-moratoire-sur-les-cotisations-sociales-pour-12-secteurs-economiques\\\/\"]}]},{\"@type\":\"ImageObject\",\"inLanguage\":\"fr-FR\",\"@id\":\"https:\\\/\\\/www.asesoriaorihuelacosta.com\\\/fr\\\/la-securite-sociale-approuve-un-moratoire-sur-les-cotisations-sociales-pour-12-secteurs-economiques\\\/#primaryimage\",\"url\":\"https:\\\/\\\/www.asesoriaorihuelacosta.com\\\/wp-content\\\/uploads\\\/2022\\\/03\\\/moratoria-seguros-sociales.jpg\",\"contentUrl\":\"https:\\\/\\\/www.asesoriaorihuelacosta.com\\\/wp-content\\\/uploads\\\/2022\\\/03\\\/moratoria-seguros-sociales.jpg\",\"width\":500,\"height\":250},{\"@type\":\"BreadcrumbList\",\"@id\":\"https:\\\/\\\/www.asesoriaorihuelacosta.com\\\/fr\\\/la-securite-sociale-approuve-un-moratoire-sur-les-cotisations-sociales-pour-12-secteurs-economiques\\\/#breadcrumb\",\"itemListElement\":[{\"@type\":\"ListItem\",\"position\":1,\"name\":\"Home\",\"item\":\"https:\\\/\\\/www.asesoriaorihuelacosta.com\\\/fr\\\/\"},{\"@type\":\"ListItem\",\"position\":2,\"name\":\"La S\u00e9curit\u00e9 sociale approuve un moratoire sur les cotisations sociales pour 12 secteurs \u00e9conomiques\"}]},{\"@type\":\"WebSite\",\"@id\":\"https:\\\/\\\/www.asesoriaorihuelacosta.com\\\/fr\\\/#website\",\"url\":\"https:\\\/\\\/www.asesoriaorihuelacosta.com\\\/fr\\\/\",\"name\":\"https:\\\/\\\/www.asesoriaorihuelacosta.com\\\/\",\"description\":\"Grupo de asesores profesionales\",\"publisher\":{\"@id\":\"https:\\\/\\\/www.asesoriaorihuelacosta.com\\\/fr\\\/#organization\"},\"potentialAction\":[{\"@type\":\"SearchAction\",\"target\":{\"@type\":\"EntryPoint\",\"urlTemplate\":\"https:\\\/\\\/www.asesoriaorihuelacosta.com\\\/fr\\\/?s={search_term_string}\"},\"query-input\":{\"@type\":\"PropertyValueSpecification\",\"valueRequired\":true,\"valueName\":\"search_term_string\"}}],\"inLanguage\":\"fr-FR\"},{\"@type\":\"Organization\",\"@id\":\"https:\\\/\\\/www.asesoriaorihuelacosta.com\\\/fr\\\/#organization\",\"name\":\"Asesor\u00eda Orihuela Costa\",\"url\":\"https:\\\/\\\/www.asesoriaorihuelacosta.com\\\/fr\\\/\",\"logo\":{\"@type\":\"ImageObject\",\"inLanguage\":\"fr-FR\",\"@id\":\"https:\\\/\\\/www.asesoriaorihuelacosta.com\\\/fr\\\/#\\\/schema\\\/logo\\\/image\\\/\",\"url\":\"https:\\\/\\\/www.asesoriaorihuelacosta.com\\\/wp-content\\\/uploads\\\/2022\\\/06\\\/Logo-espa\u5bf8l-asesoriaorihuela.jpg\",\"contentUrl\":\"https:\\\/\\\/www.asesoriaorihuelacosta.com\\\/wp-content\\\/uploads\\\/2022\\\/06\\\/Logo-espa\u5bf8l-asesoriaorihuela.jpg\",\"width\":588,\"height\":136,\"caption\":\"Asesor\u00eda Orihuela Costa\"},\"image\":{\"@id\":\"https:\\\/\\\/www.asesoriaorihuelacosta.com\\\/fr\\\/#\\\/schema\\\/logo\\\/image\\\/\"},\"sameAs\":[\"https:\\\/\\\/www.facebook.com\\\/asesoriaorihuelacosta\"]},{\"@type\":\"Person\",\"@id\":\"https:\\\/\\\/www.asesoriaorihuelacosta.com\\\/fr\\\/#\\\/schema\\\/person\\\/6614ce8cf6d2de542aaf351629fd539e\",\"name\":\"Patrick Gordinne Perez\",\"description\":\"Soy economista colegiado por el colegio de economistas de Alicante con el n\u00famero 2722. Llevo ejerciendo desde el a\u00f1o 2005. Soy especialista en fiscalidad de empresas y aut\u00f3nomos y tambi\u00e9n especialista en gestionar compraventas. Hablo espa\u00f1ol, ingl\u00e9s y franc\u00e9s.\",\"sameAs\":[\"https:\\\/\\\/www.asesoriaorihuelacosta.com\",\"https:\\\/\\\/www.facebook.com\\\/patrick.gordinneperez\",\"https:\\\/\\\/www.linkedin.com\\\/in\\\/patrick-gordinne-perez-1b73aab3\\\/\",\"https:\\\/\\\/www.youtube.com\\\/channel\\\/UC5e95RJEVQlxCnhwDmGNVCw\"],\"gender\":\"Hombre\",\"knowsLanguage\":[\"ingl\u00e9s\",\"franc\u00e9s\",\"espa\u00f1ol\"],\"jobTitle\":\"Gerente\",\"worksFor\":\"Asesoria Orihuela Costa SL\"}]}<\/script>\n<!-- \/ Yoast SEO Premium plugin. -->","yoast_head_json":{"title":"Moratoire des cotisations sociales pour 12 secteurs \u00e9conomiques - Asesor\u00eda Orihuela Costa","description":"D\u00e9couvrez comment les entreprises concern\u00e9es par le moratoire sur cotisations sociales b\u00e9n\u00e9ficieront de 6 mois sans avoir \u00e0 payer d'int\u00e9r\u00eats.","robots":{"index":"index","follow":"follow","max-snippet":"max-snippet:-1","max-image-preview":"max-image-preview:large","max-video-preview":"max-video-preview:-1"},"canonical":"https:\/\/www.asesoriaorihuelacosta.com\/fr\/la-securite-sociale-approuve-un-moratoire-sur-les-cotisations-sociales-pour-12-secteurs-economiques\/","og_locale":"fr_FR","og_type":"article","og_title":"La S\u00e9curit\u00e9 sociale approuve un moratoire sur les cotisations sociales pour 12 secteurs \u00e9conomiques","og_description":"D\u00e9couvrez comment les entreprises concern\u00e9es par le moratoire sur cotisations sociales b\u00e9n\u00e9ficieront de 6 mois sans avoir \u00e0 payer d'int\u00e9r\u00eats.","og_url":"https:\/\/www.asesoriaorihuelacosta.com\/fr\/la-securite-sociale-approuve-un-moratoire-sur-les-cotisations-sociales-pour-12-secteurs-economiques\/","og_site_name":"Asesor\u00eda Orihuela Costa","article_publisher":"https:\/\/www.facebook.com\/asesoriaorihuelacosta","article_author":"https:\/\/www.facebook.com\/patrick.gordinneperez","article_published_time":"2022-03-29T09:28:56+00:00","article_modified_time":"2025-01-17T17:52:09+00:00","og_image":[{"width":500,"height":250,"url":"https:\/\/www.asesoriaorihuelacosta.com\/wp-content\/uploads\/2022\/03\/moratoria-seguros-sociales.jpg","type":"image\/jpeg"}],"author":"Patrick Gordinne Perez","twitter_card":"summary_large_image","twitter_misc":{"\u00c9crit par":"Patrick Gordinne Perez","Dur\u00e9e de lecture estim\u00e9e":"3 minutes"},"schema":{"@context":"https:\/\/schema.org","@graph":[{"@type":"Article","@id":"https:\/\/www.asesoriaorihuelacosta.com\/fr\/la-securite-sociale-approuve-un-moratoire-sur-les-cotisations-sociales-pour-12-secteurs-economiques\/#article","isPartOf":{"@id":"https:\/\/www.asesoriaorihuelacosta.com\/fr\/la-securite-sociale-approuve-un-moratoire-sur-les-cotisations-sociales-pour-12-secteurs-economiques\/"},"author":{"name":"Patrick Gordinne Perez","@id":"https:\/\/www.asesoriaorihuelacosta.com\/fr\/#\/schema\/person\/6614ce8cf6d2de542aaf351629fd539e"},"headline":"La S\u00e9curit\u00e9 sociale approuve un moratoire sur les cotisations sociales pour 12 secteurs \u00e9conomiques","datePublished":"2022-03-29T09:28:56+00:00","dateModified":"2025-01-17T17:52:09+00:00","mainEntityOfPage":{"@id":"https:\/\/www.asesoriaorihuelacosta.com\/fr\/la-securite-sociale-approuve-un-moratoire-sur-les-cotisations-sociales-pour-12-secteurs-economiques\/"},"wordCount":535,"publisher":{"@id":"https:\/\/www.asesoriaorihuelacosta.com\/fr\/#organization"},"image":{"@id":"https:\/\/www.asesoriaorihuelacosta.com\/fr\/la-securite-sociale-approuve-un-moratoire-sur-les-cotisations-sociales-pour-12-secteurs-economiques\/#primaryimage"},"thumbnailUrl":"https:\/\/www.asesoriaorihuelacosta.com\/wp-content\/uploads\/2022\/03\/moratoria-seguros-sociales.jpg","articleSection":["Blog"],"inLanguage":"fr-FR"},{"@type":"WebPage","@id":"https:\/\/www.asesoriaorihuelacosta.com\/fr\/la-securite-sociale-approuve-un-moratoire-sur-les-cotisations-sociales-pour-12-secteurs-economiques\/","url":"https:\/\/www.asesoriaorihuelacosta.com\/fr\/la-securite-sociale-approuve-un-moratoire-sur-les-cotisations-sociales-pour-12-secteurs-economiques\/","name":"Moratoire des cotisations sociales pour 12 secteurs \u00e9conomiques - Asesor\u00eda Orihuela Costa","isPartOf":{"@id":"https:\/\/www.asesoriaorihuelacosta.com\/fr\/#website"},"primaryImageOfPage":{"@id":"https:\/\/www.asesoriaorihuelacosta.com\/fr\/la-securite-sociale-approuve-un-moratoire-sur-les-cotisations-sociales-pour-12-secteurs-economiques\/#primaryimage"},"image":{"@id":"https:\/\/www.asesoriaorihuelacosta.com\/fr\/la-securite-sociale-approuve-un-moratoire-sur-les-cotisations-sociales-pour-12-secteurs-economiques\/#primaryimage"},"thumbnailUrl":"https:\/\/www.asesoriaorihuelacosta.com\/wp-content\/uploads\/2022\/03\/moratoria-seguros-sociales.jpg","datePublished":"2022-03-29T09:28:56+00:00","dateModified":"2025-01-17T17:52:09+00:00","description":"D\u00e9couvrez comment les entreprises concern\u00e9es par le moratoire sur cotisations sociales b\u00e9n\u00e9ficieront de 6 mois sans avoir \u00e0 payer d'int\u00e9r\u00eats.","breadcrumb":{"@id":"https:\/\/www.asesoriaorihuelacosta.com\/fr\/la-securite-sociale-approuve-un-moratoire-sur-les-cotisations-sociales-pour-12-secteurs-economiques\/#breadcrumb"},"inLanguage":"fr-FR","potentialAction":[{"@type":"ReadAction","target":["https:\/\/www.asesoriaorihuelacosta.com\/fr\/la-securite-sociale-approuve-un-moratoire-sur-les-cotisations-sociales-pour-12-secteurs-economiques\/"]}]},{"@type":"ImageObject","inLanguage":"fr-FR","@id":"https:\/\/www.asesoriaorihuelacosta.com\/fr\/la-securite-sociale-approuve-un-moratoire-sur-les-cotisations-sociales-pour-12-secteurs-economiques\/#primaryimage","url":"https:\/\/www.asesoriaorihuelacosta.com\/wp-content\/uploads\/2022\/03\/moratoria-seguros-sociales.jpg","contentUrl":"https:\/\/www.asesoriaorihuelacosta.com\/wp-content\/uploads\/2022\/03\/moratoria-seguros-sociales.jpg","width":500,"height":250},{"@type":"BreadcrumbList","@id":"https:\/\/www.asesoriaorihuelacosta.com\/fr\/la-securite-sociale-approuve-un-moratoire-sur-les-cotisations-sociales-pour-12-secteurs-economiques\/#breadcrumb","itemListElement":[{"@type":"ListItem","position":1,"name":"Home","item":"https:\/\/www.asesoriaorihuelacosta.com\/fr\/"},{"@type":"ListItem","position":2,"name":"La S\u00e9curit\u00e9 sociale approuve un moratoire sur les cotisations sociales pour 12 secteurs \u00e9conomiques"}]},{"@type":"WebSite","@id":"https:\/\/www.asesoriaorihuelacosta.com\/fr\/#website","url":"https:\/\/www.asesoriaorihuelacosta.com\/fr\/","name":"https:\/\/www.asesoriaorihuelacosta.com\/","description":"Grupo de asesores profesionales","publisher":{"@id":"https:\/\/www.asesoriaorihuelacosta.com\/fr\/#organization"},"potentialAction":[{"@type":"SearchAction","target":{"@type":"EntryPoint","urlTemplate":"https:\/\/www.asesoriaorihuelacosta.com\/fr\/?s={search_term_string}"},"query-input":{"@type":"PropertyValueSpecification","valueRequired":true,"valueName":"search_term_string"}}],"inLanguage":"fr-FR"},{"@type":"Organization","@id":"https:\/\/www.asesoriaorihuelacosta.com\/fr\/#organization","name":"Asesor\u00eda Orihuela Costa","url":"https:\/\/www.asesoriaorihuelacosta.com\/fr\/","logo":{"@type":"ImageObject","inLanguage":"fr-FR","@id":"https:\/\/www.asesoriaorihuelacosta.com\/fr\/#\/schema\/logo\/image\/","url":"https:\/\/www.asesoriaorihuelacosta.com\/wp-content\/uploads\/2022\/06\/Logo-espa\u5bf8l-asesoriaorihuela.jpg","contentUrl":"https:\/\/www.asesoriaorihuelacosta.com\/wp-content\/uploads\/2022\/06\/Logo-espa\u5bf8l-asesoriaorihuela.jpg","width":588,"height":136,"caption":"Asesor\u00eda Orihuela Costa"},"image":{"@id":"https:\/\/www.asesoriaorihuelacosta.com\/fr\/#\/schema\/logo\/image\/"},"sameAs":["https:\/\/www.facebook.com\/asesoriaorihuelacosta"]},{"@type":"Person","@id":"https:\/\/www.asesoriaorihuelacosta.com\/fr\/#\/schema\/person\/6614ce8cf6d2de542aaf351629fd539e","name":"Patrick Gordinne Perez","description":"Soy economista colegiado por el colegio de economistas de Alicante con el n\u00famero 2722. Llevo ejerciendo desde el a\u00f1o 2005. Soy especialista en fiscalidad de empresas y aut\u00f3nomos y tambi\u00e9n especialista en gestionar compraventas. Hablo espa\u00f1ol, ingl\u00e9s y franc\u00e9s.","sameAs":["https:\/\/www.asesoriaorihuelacosta.com","https:\/\/www.facebook.com\/patrick.gordinneperez","https:\/\/www.linkedin.com\/in\/patrick-gordinne-perez-1b73aab3\/","https:\/\/www.youtube.com\/channel\/UC5e95RJEVQlxCnhwDmGNVCw"],"gender":"Hombre","knowsLanguage":["ingl\u00e9s","franc\u00e9s","espa\u00f1ol"],"jobTitle":"Gerente","worksFor":"Asesoria Orihuela Costa SL"}]}},"_links":{"self":[{"href":"https:\/\/www.asesoriaorihuelacosta.com\/fr\/wp-json\/wp\/v2\/posts\/39116","targetHints":{"allow":["GET"]}}],"collection":[{"href":"https:\/\/www.asesoriaorihuelacosta.com\/fr\/wp-json\/wp\/v2\/posts"}],"about":[{"href":"https:\/\/www.asesoriaorihuelacosta.com\/fr\/wp-json\/wp\/v2\/types\/post"}],"author":[{"embeddable":true,"href":"https:\/\/www.asesoriaorihuelacosta.com\/fr\/wp-json\/wp\/v2\/users\/2"}],"replies":[{"embeddable":true,"href":"https:\/\/www.asesoriaorihuelacosta.com\/fr\/wp-json\/wp\/v2\/comments?post=39116"}],"version-history":[{"count":8,"href":"https:\/\/www.asesoriaorihuelacosta.com\/fr\/wp-json\/wp\/v2\/posts\/39116\/revisions"}],"predecessor-version":[{"id":39125,"href":"https:\/\/www.asesoriaorihuelacosta.com\/fr\/wp-json\/wp\/v2\/posts\/39116\/revisions\/39125"}],"wp:featuredmedia":[{"embeddable":true,"href":"https:\/\/www.asesoriaorihuelacosta.com\/fr\/wp-json\/wp\/v2\/media\/6534"}],"wp:attachment":[{"href":"https:\/\/www.asesoriaorihuelacosta.com\/fr\/wp-json\/wp\/v2\/media?parent=39116"}],"wp:term":[{"taxonomy":"category","embeddable":true,"href":"https:\/\/www.asesoriaorihuelacosta.com\/fr\/wp-json\/wp\/v2\/categories?post=39116"},{"taxonomy":"post_tag","embeddable":true,"href":"https:\/\/www.asesoriaorihuelacosta.com\/fr\/wp-json\/wp\/v2\/tags?post=39116"}],"curies":[{"name":"wp","href":"https:\/\/api.w.org\/{rel}","templated":true}]}}