{"id":34812,"date":"2024-11-07T19:03:44","date_gmt":"2024-11-07T19:03:44","guid":{"rendered":"https:\/\/www.asesoriaorihuelacosta.com\/?p=34812"},"modified":"2024-11-14T18:45:20","modified_gmt":"2024-11-14T18:45:20","slug":"nouvelles-declaration-rectificative-de-tva","status":"publish","type":"post","link":"https:\/\/www.asesoriaorihuelacosta.com\/fr\/nouvelles-declaration-rectificative-de-tva\/","title":{"rendered":"Nouvelles d\u00e9claration rectificative de TVA"},"content":{"rendered":"\t\t<div data-elementor-type=\"wp-post\" data-elementor-id=\"34812\" class=\"elementor elementor-34812\" data-elementor-post-type=\"post\">\n\t\t\t\t\t\t<section data-particle_enable=\"false\" data-particle-mobile-disabled=\"false\" class=\"elementor-section elementor-top-section elementor-element elementor-element-3424a3c elementor-section-boxed elementor-section-height-default elementor-section-height-default\" data-id=\"3424a3c\" data-element_type=\"section\" data-e-type=\"section\">\r\n\t\t\r\n\t\t\t\t\t\t\t<div class=\"elementor-container elementor-column-gap-default\">\r\n\t\t\t\t\t\t\t\t\t\t\t<div class=\"elementor-column elementor-col-100 elementor-top-column elementor-element elementor-element-851cc7d\" data-id=\"851cc7d\" data-element_type=\"column\" data-e-type=\"column\">\r\n\t\t\t\t\t<div class=\"elementor-widget-wrap elementor-element-populated\">\r\n\t\t\t\t\t\t\t\t<div class=\"elementor-element elementor-element-dcf3667 elementor-widget elementor-widget-text-editor\" data-id=\"dcf3667\" data-element_type=\"widget\" data-e-type=\"widget\" data-widget_type=\"text-editor.default\">\n\t\t\t\t<div class=\"elementor-widget-container\">\n\t\t\t\t\t\t\t\t\t<p>R\u00e9cemment, le formulaire 303 a \u00e9t\u00e9 modifi\u00e9 pour introduire le<strong> nouveau syst\u00e8me de<\/strong><strong> d\u00e9claration rectificative<\/strong> de la TVA .<\/p><p>Nous l&rsquo;avons d\u00e9j\u00e0 test\u00e9 et il semble que ce soit une bonne mesure.<\/p><p>Voyez ce qu&rsquo;il en est de ces changements&#8230;<\/p>\t\t\t\t\t\t\t\t<\/div>\n\t\t\t\t<\/div>\n\t\t\t\t\t<\/div>\r\n\t\t\t\t<\/div>\r\n\t\t\t\t\t<\/div>\r\n\t\t\t\t<\/section>\r\n\t\t\t\t<section data-particle_enable=\"false\" data-particle-mobile-disabled=\"false\" class=\"elementor-section elementor-top-section elementor-element elementor-element-b3e553c elementor-section-boxed elementor-section-height-default elementor-section-height-default\" data-id=\"b3e553c\" data-element_type=\"section\" data-e-type=\"section\">\r\n\t\t\r\n\t\t\t\t\t\t\t<div class=\"elementor-container elementor-column-gap-default\">\r\n\t\t\t\t\t\t\t\t\t\t\t<div class=\"elementor-column elementor-col-100 elementor-top-column elementor-element elementor-element-fb4e2be\" data-id=\"fb4e2be\" data-element_type=\"column\" data-e-type=\"column\">\r\n\t\t\t\t\t<div class=\"elementor-widget-wrap elementor-element-populated\">\r\n\t\t\t\t\t\t\t\t<div class=\"elementor-element elementor-element-f0bf820 elementor-widget elementor-widget-heading\" data-id=\"f0bf820\" data-element_type=\"widget\" data-e-type=\"widget\" data-widget_type=\"heading.default\">\n\t\t\t\t<div class=\"elementor-widget-container\">\n\t\t\t\t\t<h2 class=\"elementor-heading-title elementor-size-default\">Nouveau syst\u00e8me de rectification<\/h2>\t\t\t\t<\/div>\n\t\t\t\t<\/div>\n\t\t\t\t\t<\/div>\r\n\t\t\t\t<\/div>\r\n\t\t\t\t\t<\/div>\r\n\t\t\t\t<\/section>\r\n\t\t\t\t<section data-particle_enable=\"false\" data-particle-mobile-disabled=\"false\" class=\"elementor-section elementor-top-section elementor-element elementor-element-a545936 elementor-section-boxed elementor-section-height-default elementor-section-height-default\" data-id=\"a545936\" data-element_type=\"section\" data-e-type=\"section\">\r\n\t\t\r\n\t\t\t\t\t\t\t<div class=\"elementor-container elementor-column-gap-default\">\r\n\t\t\t\t\t\t\t\t\t\t\t<div class=\"elementor-column elementor-col-100 elementor-top-column elementor-element elementor-element-72e7629\" data-id=\"72e7629\" data-element_type=\"column\" data-e-type=\"column\">\r\n\t\t\t\t\t<div class=\"elementor-widget-wrap elementor-element-populated\">\r\n\t\t\t\t\t\t\t\t<div class=\"elementor-element elementor-element-9a566ba elementor-widget elementor-widget-text-editor\" data-id=\"9a566ba\" data-element_type=\"widget\" data-e-type=\"widget\" data-widget_type=\"text-editor.default\">\n\t\t\t\t<div class=\"elementor-widget-container\">\n\t\t\t\t\t\t\t\t\t<h3 class=\"subtitle2\"><strong><span style=\"color: #0000ff;\">Rectification des d\u00e9clarations de revenus<\/span><\/strong><\/h3><h4><strong>Comment rectifier une d\u00e9claration d&rsquo;imp\u00f4t jusqu&rsquo;\u00e0 pr\u00e9sent (30\/09\/24) : double syst\u00e8me<\/strong><\/h4><p>Jusqu&rsquo;\u00e0 pr\u00e9sent, lorsqu&rsquo;un contribuable d\u00e9tectait une erreur dans une d\u00e9claration d&rsquo;autocotisation d\u00e9j\u00e0 d\u00e9pos\u00e9e, la r\u00e9glementation \u00e9tablissait un double syst\u00e8me de rectification et de correction de l&rsquo;erreur :<\/p><ul><li><h3><strong><i>D\u00e9claration compl\u00e9mentaire<\/i><\/strong><\/h3><\/li><\/ul><p>Lorsque l&rsquo;erreur a \u00e9t\u00e9 commise au d\u00e9triment de l&rsquo;Inland Revenue (parce qu&rsquo;elle a entra\u00een\u00e9 un <strong>revenu inf\u00e9rieur<\/strong> ou un montant <strong>plus \u00e9lev\u00e9<\/strong> \u00e0 compenser ou \u00e0 <strong>rembourser<\/strong> que le montant correct), une <strong>rectification compl\u00e9mentaire de l&rsquo;auto-\u00e9valuation<\/strong> doit \u00eatre soumise.<\/p><h3><strong>Demande de rectification de la d\u00e9claration<\/strong><\/h3><p>Lorsque l&rsquo;erreur \u00e9tait au <strong>d\u00e9triment du contribuable<\/strong> (pour avoir trop pay\u00e9 ou avoir demand\u00e9 une compensation ou un remboursement inf\u00e9rieur au montant correct), il fallait pr\u00e9senter une lettre expliquant l&rsquo;erreur,<strong> demander sa rectification<\/strong> et <span style=\"text-decoration: underline;\">attendre la r\u00e9solution du Tr\u00e9sor<\/span>.<\/p><h3 style=\"text-align: center;\"><span style=\"color: #ff0000;\">L&rsquo;avantage est que l&rsquo;administration fiscale ne pouvait pas vous dire que vous n&rsquo;aviez pas pay\u00e9.<\/span><\/h3><h3><span style=\"color: #0000ff;\"><strong>Nouveau syst\u00e8me (\u00e0 partir du 01\/10\/24)<\/strong><\/span><\/h3><p>Toutefois, des modifications sont actuellement apport\u00e9es \u00e0 cette proc\u00e9dure et, pour l&rsquo;instant, il a \u00e9t\u00e9 approuv\u00e9 de la modifier dans le domaine de la TVA, de l&rsquo;imp\u00f4t sur le revenu des personnes physiques, de l&rsquo;imp\u00f4t sur le revenu des soci\u00e9t\u00e9s et de certaines taxes sp\u00e9ciales.<\/p><p>L&rsquo;objectif est que, lorsqu&rsquo;un contribuable souhaite rectifier une erreur qui lui a caus\u00e9 un pr\u00e9judice, au lieu de pr\u00e9senter une lettre de rectification, il doit pr\u00e9senter une <strong>d\u00e9claration rectificative<\/strong>.<\/p><h3 style=\"text-align: center;\"><span style=\"color: #ff0000;\">Le probl\u00e8me, c&rsquo;est que si l&rsquo;administration fiscale examine ce que vous avez modifi\u00e9 et n&rsquo;est pas d&rsquo;accord, elle vous imposera une p\u00e9nalit\u00e9 et vous paiera des int\u00e9r\u00eats.<\/span><\/h3><h3 class=\"subtitle2\">D&rsquo;abord la TVA<\/h3><h4><strong>Entr\u00e9e en vigueur<\/strong><\/h4><p>Ces nouvelles d\u00e9clarations rectificatives sont introduites progressivement et la premi\u00e8re \u00e0 entrer en vigueur est l&rsquo;auto-\u00e9valuation de la TVA [Ordonnance HAC\/819\/2024, DF \u00danica], qui doit d\u00e9j\u00e0 \u00eatre utilis\u00e9e pour rectifier l <i>&lsquo;auto-\u00e9valuation du <strong>troisi\u00e8me trimestre 2024<\/strong> et des <strong>trimestres<\/strong> suivants<\/i> <i>(ou du mois de septembre 2024 et des trimestres suivants dans le cas d&rsquo;auto-\u00e9valuations mensuelles)<\/i>.<\/p><p>Toutefois, l&rsquo;obligation de rectifier les d\u00e9clarations de TVA de cette mani\u00e8re <strong>n&rsquo;affecte pas les<\/strong> d\u00e9clarations pour les <strong>p\u00e9riodes ant\u00e9rieures \u00e0<\/strong> celles-ci, qui doivent \u00eatre rectifi\u00e9es en utilisant le m\u00eame double syst\u00e8me qu&rsquo;auparavant (avec une lettre de rectification compl\u00e9mentaire ou une lettre de rectification).<\/p><h4><strong>Exceptions<\/strong><\/h4><p>Il existe cependant des cas o\u00f9, lorsqu&rsquo;il s&rsquo;agit de corriger une erreur qui a port\u00e9 pr\u00e9judice au contribuable, <i>la rectification doit toujours \u00eatre faite par \u00e9crit.<\/i><\/p><p>Il s&rsquo;agit des cas suivants :<\/p><ul><li>Dans le cas de rectifications de quotes-parts de TVA qui ont \u00e9t\u00e9 ind\u00fbment r\u00e9percut\u00e9es sur d&rsquo;autres contribuables.<\/li><li>Et dans le cas de rectifications de quotes-parts de TVA correspondant \u00e0 des op\u00e9rations qui ont \u00e9t\u00e9 couvertes par les <i>r\u00e9gimes sp\u00e9ciaux pour les ventes \u00e0 distance et certaines livraisons nationales de biens et de services<\/i>.<\/li><\/ul><h4><strong>Violation d&rsquo;une norme sup\u00e9rieure<\/strong><\/h4><p>De m\u00eame, et \u00e0 titre facultatif, il sera toujours possible de demander la rectification de la TVA par \u00e9crit (au lieu de pr\u00e9senter une auto\u00e9valuation rectificative) lorsque celle-ci est demand\u00e9e parce qu&rsquo;il a \u00e9t\u00e9 consid\u00e9r\u00e9 que <i>les<\/i> <i>r\u00e8gles appliqu\u00e9es dans l&rsquo;auto\u00e9valuation ont viol\u00e9 un pr\u00e9cepte d&rsquo;une norme sup\u00e9rieure<\/i> (de la Constitution espagnole, des directives europ\u00e9ennes, des trait\u00e9s internationaux, etc.<\/p><p>Dans les cas d&rsquo;infraction \u00e0 des r\u00e8gles sup\u00e9rieures, la pr\u00e9sentation de pi\u00e8ces justificatives n&rsquo;est possible que si la rectification est demand\u00e9e par \u00e9crit.<\/p><p>Ainsi, dans de tels cas, il est souvent plus pratique de pr\u00e9senter une demande \u00e9crite que de pr\u00e9senter une rectification par auto-\u00e9valuation.<\/p>\t\t\t\t\t\t\t\t<\/div>\n\t\t\t\t<\/div>\n\t\t\t\t\t<\/div>\r\n\t\t\t\t<\/div>\r\n\t\t\t\t\t<\/div>\r\n\t\t\t\t<\/section>\r\n\t\t\t\t<section data-particle_enable=\"false\" data-particle-mobile-disabled=\"false\" class=\"elementor-section elementor-top-section elementor-element elementor-element-12a3349 elementor-section-boxed elementor-section-height-default elementor-section-height-default\" data-id=\"12a3349\" data-element_type=\"section\" data-e-type=\"section\">\r\n\t\t\r\n\t\t\t\t\t\t\t<div class=\"elementor-container elementor-column-gap-default\">\r\n\t\t\t\t\t\t\t\t\t\t\t<div class=\"elementor-column elementor-col-100 elementor-top-column elementor-element elementor-element-9023714\" data-id=\"9023714\" data-element_type=\"column\" data-e-type=\"column\">\r\n\t\t\t\t\t<div class=\"elementor-widget-wrap elementor-element-populated\">\r\n\t\t\t\t\t\t\t\t<div class=\"elementor-element elementor-element-b520c37 elementor-widget elementor-widget-text-editor\" data-id=\"b520c37\" data-element_type=\"widget\" data-e-type=\"widget\" data-widget_type=\"text-editor.default\">\n\t\t\t\t<div class=\"elementor-widget-container\">\n\t\t\t\t\t\t\t\t\t<p style=\"text-align: center;\"><span style=\"color: #ff00ff;\">La rectification signifie que, d\u00e8s le d\u00e9part, les crit\u00e8res du contribuable sont impos\u00e9s.<\/span><\/p><p style=\"text-align: center;\"><span style=\"color: #ff00ff;\">Ainsi, le droit au remboursement demand\u00e9 sera reconnu, ou le paiement d&rsquo;une dette inf\u00e9rieure \u00e0 celle initialement incluse dans la d\u00e9claration.<\/span><\/p>\t\t\t\t\t\t\t\t<\/div>\n\t\t\t\t<\/div>\n\t\t\t\t\t<\/div>\r\n\t\t\t\t<\/div>\r\n\t\t\t\t\t<\/div>\r\n\t\t\t\t<\/section>\r\n\t\t\t\t<section data-particle_enable=\"false\" data-particle-mobile-disabled=\"false\" class=\"elementor-section elementor-top-section elementor-element elementor-element-7ac2f43 elementor-section-boxed elementor-section-height-default elementor-section-height-default\" data-id=\"7ac2f43\" data-element_type=\"section\" data-e-type=\"section\">\r\n\t\t\r\n\t\t\t\t\t\t\t<div class=\"elementor-container elementor-column-gap-default\">\r\n\t\t\t\t\t\t\t\t\t\t\t<div class=\"elementor-column elementor-col-100 elementor-top-column elementor-element elementor-element-dfa2295\" data-id=\"dfa2295\" data-element_type=\"column\" data-e-type=\"column\">\r\n\t\t\t\t\t<div class=\"elementor-widget-wrap elementor-element-populated\">\r\n\t\t\t\t\t\t\t\t<div class=\"elementor-element elementor-element-37bf62f elementor-widget elementor-widget-heading\" data-id=\"37bf62f\" data-element_type=\"widget\" data-e-type=\"widget\" data-widget_type=\"heading.default\">\n\t\t\t\t<div class=\"elementor-widget-container\">\n\t\t\t\t\t<h2 class=\"elementor-heading-title elementor-size-default\">Modification du formulaire 303<\/h2>\t\t\t\t<\/div>\n\t\t\t\t<\/div>\n\t\t\t\t\t<\/div>\r\n\t\t\t\t<\/div>\r\n\t\t\t\t\t<\/div>\r\n\t\t\t\t<\/section>\r\n\t\t\t\t<section data-particle_enable=\"false\" data-particle-mobile-disabled=\"false\" class=\"elementor-section elementor-top-section elementor-element elementor-element-0072e76 elementor-section-boxed elementor-section-height-default elementor-section-height-default\" data-id=\"0072e76\" data-element_type=\"section\" data-e-type=\"section\">\r\n\t\t\r\n\t\t\t\t\t\t\t<div class=\"elementor-container elementor-column-gap-default\">\r\n\t\t\t\t\t\t\t\t\t\t\t<div class=\"elementor-column elementor-col-100 elementor-top-column elementor-element elementor-element-c8f6a16\" data-id=\"c8f6a16\" data-element_type=\"column\" data-e-type=\"column\">\r\n\t\t\t\t\t<div class=\"elementor-widget-wrap elementor-element-populated\">\r\n\t\t\t\t\t\t\t\t<div class=\"elementor-element elementor-element-119e2a0 elementor-flip-box--effect-flip elementor-flip-box--direction-up elementor-widget elementor-widget-flip-box\" data-id=\"119e2a0\" data-element_type=\"widget\" data-e-type=\"widget\" data-widget_type=\"flip-box.default\">\n\t\t\t\t<div class=\"elementor-widget-container\">\n\t\t\t\t\t\t\t<div class=\"elementor-flip-box\" tabindex=\"0\">\n\t\t\t<div class=\"elementor-flip-box__layer elementor-flip-box__front\">\n\t\t\t\t<div class=\"elementor-flip-box__layer__overlay\">\n\t\t\t\t\t<div class=\"elementor-flip-box__layer__inner\">\n\t\t\t\t\t\t\t\t\t\t\t\t\t<div class=\"elementor-icon-wrapper elementor-view-default\">\n\t\t\t\t\t\t\t\t<div class=\"elementor-icon\">\n\t\t\t\t\t\t\t\t\t<i class=\"fas fa-star\"><\/i>\t\t\t\t\t\t\t\t<\/div>\n\t\t\t\t\t\t\t<\/div>\n\t\t\t\t\t\t\n\t\t\t\t\t\t\t\t\t\t\t\t\t<h3 class=\"elementor-flip-box__layer__title\">\n\t\t\t\t\t\t\t\tUne d\u00e9claration de TVA d\u00e9j\u00e0 d\u00e9pos\u00e9e peut-elle \u00eatre modifi\u00e9e ?\t\t\t\t\t\t\t<\/h3>\n\t\t\t\t\t\t\n\t\t\t\t\t\t\t\t\t\t\t<\/div>\n\t\t\t\t<\/div>\n\t\t\t<\/div>\n\t\t\t<div class=\"elementor-flip-box__layer elementor-flip-box__back\">\n\t\t\t<div class=\"elementor-flip-box__layer__overlay\">\n\t\t\t\t<div class=\"elementor-flip-box__layer__inner\">\n\t\t\t\t\t\t\t\t\t\t\t<h3 class=\"elementor-flip-box__layer__title\">\n\t\t\t\t\t\t\tYES WE CAN !!!\t\t\t\t\t\t<\/h3>\n\t\t\t\t\t\n\t\t\t\t\t\n\t\t\t\t\t\t\t\t\t\t\t<a class=\"elementor-flip-box__button elementor-button elementor-size-sm\">\n\t\t\t\t\t\t\tNe perdez plus de temps et d\u00e9couvrez comment modifier votre autocotisation TVA\t\t\t\t\t\t<\/a>\n\t\t\t\t\t\t\t\t<\/div>\n\t\t<\/div>\n\t\t<\/div>\n\t\t<\/div>\n\t\t\t\t\t\t<\/div>\n\t\t\t\t<\/div>\n\t\t\t\t\t<\/div>\r\n\t\t\t\t<\/div>\r\n\t\t\t\t\t<\/div>\r\n\t\t\t\t<\/section>\r\n\t\t\t\t<section data-particle_enable=\"false\" data-particle-mobile-disabled=\"false\" class=\"elementor-section elementor-top-section elementor-element elementor-element-9489527 elementor-section-boxed elementor-section-height-default elementor-section-height-default\" data-id=\"9489527\" data-element_type=\"section\" data-e-type=\"section\">\r\n\t\t\r\n\t\t\t\t\t\t\t<div class=\"elementor-container elementor-column-gap-default\">\r\n\t\t\t\t\t\t\t\t\t\t\t<div class=\"elementor-column elementor-col-100 elementor-top-column elementor-element elementor-element-33c8965\" data-id=\"33c8965\" data-element_type=\"column\" data-e-type=\"column\">\r\n\t\t\t\t\t<div class=\"elementor-widget-wrap elementor-element-populated\">\r\n\t\t\t\t\t\t\t\t<div class=\"elementor-element elementor-element-4465016 elementor-widget elementor-widget-text-editor\" data-id=\"4465016\" data-element_type=\"widget\" data-e-type=\"widget\" data-widget_type=\"text-editor.default\">\n\t\t\t\t<div class=\"elementor-widget-container\">\n\t\t\t\t\t\t\t\t\t<h3 class=\"subtitle2\"><strong>Nouvelles cases du <\/strong><strong>formulaire 303<\/strong><\/h3><p>Les nouvelles d\u00e9claration rectificative en mati\u00e8re de TVA <i>sont formalis\u00e9es par le formulaire 303 lui-m\u00eame<\/i>, dans lequel de nouvelles cases et sections ont \u00e9t\u00e9 incluses.<\/p><p>La d\u00e9claration rectificative doit reproduire les donn\u00e9es de la d\u00e9claration initiale et doit modifier ou ajouter celles qui sont n\u00e9cessaires pour refl\u00e9ter le r\u00e9sultat qui aurait \u00e9t\u00e9 obtenu si la d\u00e9claration avait \u00e9t\u00e9 d\u00e9pos\u00e9e correctement.<\/p><h3><strong>Identification<\/strong><\/h3><p>Tout d&rsquo;abord, \u00e0 la page 3, un nouveau paragraphe 5 a \u00e9t\u00e9 introduit, intitul\u00e9 \u00ab\u00a0Rectification\u00a0\u00bb, qui doit \u00eatre coch\u00e9 en indiquant \u00e9galement le num\u00e9ro de la pi\u00e8ce justificative de l&rsquo;auto\u00e9valuation \u00e0 rectifier.<\/p><p>En outre, la raison de la rectification doit \u00eatre indiqu\u00e9e.<\/p><p>Deux options sont possibles :<\/p><h4><i>D\u00e9saccord sur le crit\u00e8re administratif (0,01 % des cas).<\/i><\/h4><ul><li><p>Ce motif ne sera marqu\u00e9 que lorsque l&rsquo;auto-\u00e9valuation initiale a \u00e9t\u00e9 d\u00e9pos\u00e9e en appliquant un crit\u00e8re administratif avec lequel on n&rsquo;est pas d&rsquo;accord (sur la mani\u00e8re d&rsquo;interpr\u00e9ter une r\u00e8gle sp\u00e9cifique), mais sans consid\u00e9rer que ce crit\u00e8re viole une r\u00e8gle de rang sup\u00e9rieur (l\u00e9gale, constitutionnelle, droit europ\u00e9en, conventions internationales&#8230;).<\/p><\/li><\/ul><h4><i>Rectifications <strong>(99,99% des cas<\/strong>)<\/i><\/h4><ul><li><p>Dans le reste des cas, l&rsquo;option \u00ab\u00a0Rectifications\u00a0\u00bb sera coch\u00e9e.<\/p><\/li><\/ul><p>Il peut arriver que la rectification de l&rsquo;auto-\u00e9valuation soit soumise pour les deux raisons en m\u00eame temps. Dans ce cas, les deux cases doivent \u00eatre coch\u00e9es.<\/p><p><strong>Cases 70 et 109<\/strong><\/p><p>En revanche, une fois que le r\u00e9sultat de la d\u00e9claration rectificative a \u00e9t\u00e9 calcul\u00e9 (case 69), ce montant est soustrait de ce montant :<\/p><ul><li>Le r\u00e9sultat de l&rsquo;autocotisation initialement d\u00e9pos\u00e9e (case 70) sera soustrait.<\/li><li>Si la d\u00e9claration initialement d\u00e9pos\u00e9e \u00e9tait un remboursement et que l&rsquo;administration fiscale a d\u00e9j\u00e0 accept\u00e9 le remboursement (et donc que l&rsquo;entreprise l&rsquo;a d\u00e9j\u00e0 per\u00e7u ou le percevra prochainement), le montant du remboursement sera soustrait (case 109).<\/li><li>Le montant obtenu apr\u00e8s ces op\u00e9rations sera le r\u00e9sultat de la modification (case 71).<\/li><\/ul><p><strong>Cases 73 et 111<\/strong><\/p><p>Une nouvelle case 111 a \u00e9galement \u00e9t\u00e9 introduite afin que, si le r\u00e9sultat ci-dessus est un remboursement, il soit possible de diff\u00e9rencier si le remboursement est une demande de revenus indus (case 111) ou s&rsquo;il d\u00e9coule de la r\u00e9glementation fiscale (case 73).<\/p><p>Rappelons qu&rsquo;en cas de remboursement de revenus indus, l&rsquo;administration fiscale doit verser des int\u00e9r\u00eats de retard.<\/p><p><strong>Exemple 1 de d\u00e9claration rectificative<\/strong><\/p><p>Si l&rsquo;auto\u00e9valuation initiale a abouti \u00e0 un montant \u00e0 payer de 50 000 euros et que l&rsquo;auto\u00e9valuation rectificative n&rsquo;aboutit qu&rsquo;\u00e0 un montant \u00e0 payer de 40 000 euros, l&rsquo;entreprise doit inscrire le remboursement de 10 000 euros en sa faveur \u00e0 la case 111 (avec int\u00e9r\u00eats, car il s&rsquo;agit d&rsquo;un remboursement de revenus indus).<\/p><p><strong>Exemple 2 : D\u00e9claration d&rsquo;imp\u00f4t rectificative\u00a0<\/strong><\/p><p>Si la d\u00e9claration initiale a donn\u00e9 lieu \u00e0 un remboursement de 30 000 euros (parce qu&rsquo;il s&rsquo;agissait de la derni\u00e8re d\u00e9claration de l&rsquo;ann\u00e9e ou parce que l&rsquo;entreprise est inscrite au REDEME) et que la d\u00e9claration rectificative donne un r\u00e9sultat de 35 000 euros en faveur de l&rsquo;entreprise, il faut inscrire 5 000 euros dans la case 73 (dans ce cas, il n&rsquo;y aura pas d&rsquo;int\u00e9r\u00eats de retard, puisqu&rsquo;il n&rsquo;y a pas eu d&rsquo;indus).<\/p><h3 class=\"subtitle2\">Rectification en cas de divergences<\/h3><h4><strong>Crit\u00e8res diff\u00e9rents de ceux de l&rsquo;administration fiscale<\/strong><\/h4><p>Comme indiqu\u00e9 ci-dessus, les nouvelles d\u00e9claration rectificative de la TVA vous permettent d&rsquo;abord de pr\u00e9senter une auto-\u00e9valuation suivant le crit\u00e8re de l&rsquo;administration fiscale et, si vous n&rsquo;\u00eates pas d&rsquo;accord avec celui-ci, vous pouvez ensuite pr\u00e9senter une modification en appliquant le crit\u00e8re que vous consid\u00e9rez comme correct (pour ce faire, lorsque vous indiquez le type de correction d&rsquo;auto-\u00e9valuation, vous devez cocher la case<strong>\u00ab\u00a0Divergence crit\u00e8re administratif\u00a0\u00bb<\/strong>).<\/p><p>Dans ces cas, en outre, s&rsquo;il existe un ajustement qui ne peut pas \u00eatre introduit en modifiant les cases du mod\u00e8le, il est possible de modifier le r\u00e9sultat \u00e0 la hausse ou \u00e0 la baisse et d&rsquo;inclure cet ajustement dans la nouvelle case 108 (par exemple, parce que le mod\u00e8le ne permet pas d&rsquo;appliquer un taux de TVA que le contribuable consid\u00e8re comme correct).<\/p><p>En tout \u00e9tat de cause, les cas dans lesquels la case 108 devrait \u00eatre utilis\u00e9e seront tr\u00e8s rares (l&rsquo;Inland Revenue consid\u00e8re que son remplissage devrait \u00eatre extr\u00eamement exceptionnel).<\/p><p><strong>Pas de p\u00e9nalit\u00e9<\/strong><\/p><p>Il faut comprendre que, comme c&rsquo;\u00e9tait le cas jusqu&rsquo;\u00e0 pr\u00e9sent lorsqu&rsquo;une lettre rectificative \u00e9tait pr\u00e9sent\u00e9e, si votre entreprise pr\u00e9sente une rectification de l&rsquo;auto-\u00e9valuation indiquant qu&rsquo;il s&rsquo;agit d&rsquo;une <i>rectification due \u00e0 des divergences<\/i>, l&rsquo;administration fiscale ne peut pas consid\u00e9rer qu&rsquo;il y a fraude ou faute et imposer des p\u00e9nalit\u00e9s pour avoir demand\u00e9 un remboursement plus \u00e9lev\u00e9 ou un revenu plus faible.<\/p>\t\t\t\t\t\t\t\t<\/div>\n\t\t\t\t<\/div>\n\t\t\t\t\t<\/div>\r\n\t\t\t\t<\/div>\r\n\t\t\t\t\t<\/div>\r\n\t\t\t\t<\/section>\r\n\t\t\t\t<section data-particle_enable=\"false\" data-particle-mobile-disabled=\"false\" class=\"elementor-section elementor-top-section elementor-element elementor-element-28da27d elementor-section-boxed elementor-section-height-default elementor-section-height-default\" data-id=\"28da27d\" data-element_type=\"section\" data-e-type=\"section\">\r\n\t\t\r\n\t\t\t\t\t\t\t<div class=\"elementor-container elementor-column-gap-default\">\r\n\t\t\t\t\t\t\t\t\t\t\t<div class=\"elementor-column elementor-col-100 elementor-top-column elementor-element elementor-element-7671f70\" data-id=\"7671f70\" data-element_type=\"column\" data-e-type=\"column\">\r\n\t\t\t\t\t<div class=\"elementor-widget-wrap elementor-element-populated\">\r\n\t\t\t\t\t\t\t\t<div class=\"elementor-element elementor-element-20e5c8d elementor-widget elementor-widget-text-editor\" data-id=\"20e5c8d\" data-element_type=\"widget\" data-e-type=\"widget\" data-widget_type=\"text-editor.default\">\n\t\t\t\t<div class=\"elementor-widget-container\">\n\t\t\t\t\t\t\t\t\t<p>Si vous devez rectifier une d\u00e9claration de TVA pour le mois de septembre ou le troisi\u00e8me trimestre 2024 &#8211; ou les p\u00e9riodes suivantes &#8211; dans la plupart des cas, vous ne pourrez plus d\u00e9poser de lettre. Vous devrez la modifier en d\u00e9posant un formulaire correctif 303.<\/p>\t\t\t\t\t\t\t\t<\/div>\n\t\t\t\t<\/div>\n\t\t\t\t\t<\/div>\r\n\t\t\t\t<\/div>\r\n\t\t\t\t\t<\/div>\r\n\t\t\t\t<\/section>\r\n\t\t\t\t<\/div>\n\t\t","protected":false},"excerpt":{"rendered":"<p>R\u00e9cemment, le formulaire 303 a \u00e9t\u00e9 modifi\u00e9 pour introduire le nouveau syst\u00e8me de d\u00e9claration rectificative de la TVA . Nous l&rsquo;avons d\u00e9j\u00e0 test\u00e9 et il semble que ce soit une bonne mesure. Voyez ce qu&rsquo;il en est de ces changements&#8230; Nouveau syst\u00e8me de rectification Rectification des d\u00e9clarations de revenus Comment rectifier une d\u00e9claration d&rsquo;imp\u00f4t jusqu&rsquo;\u00e0 [&hellip;]<\/p>\n","protected":false},"author":2,"featured_media":33911,"comment_status":"closed","ping_status":"closed","sticky":false,"template":"","format":"standard","meta":{"_eb_attr":"","inline_featured_image":false,"footnotes":""},"categories":[46],"tags":[],"class_list":["post-34812","post","type-post","status-publish","format-standard","has-post-thumbnail","hentry","category-blog"],"featured_image_src":{"landsacpe":["https:\/\/www.asesoriaorihuelacosta.com\/wp-content\/uploads\/2024\/11\/Nuevas-autoliquidaciones-rectificativas-1140x445.jpg",1140,445,true],"list":["https:\/\/www.asesoriaorihuelacosta.com\/wp-content\/uploads\/2024\/11\/Nuevas-autoliquidaciones-rectificativas-463x348.jpg",463,348,true],"medium":["https:\/\/www.asesoriaorihuelacosta.com\/wp-content\/uploads\/2024\/11\/Nuevas-autoliquidaciones-rectificativas-300x169.jpg",300,169,true],"full":["https:\/\/www.asesoriaorihuelacosta.com\/wp-content\/uploads\/2024\/11\/Nuevas-autoliquidaciones-rectificativas.jpg",1920,1080,false]},"yoast_head":"<!-- This site is optimized with the Yoast SEO Premium plugin v24.7 (Yoast SEO v27.4) - https:\/\/yoast.com\/product\/yoast-seo-premium-wordpress\/ -->\n<title>Nouvelles d\u00e9claration rectificative de TVA - Asesor\u00eda Orihuela Costa<\/title>\n<meta name=\"description\" content=\"Le formulaire 303 a \u00e9t\u00e9 modifi\u00e9 pour introduire le nouveau syst\u00e8me d\u00e9claration rectificative de la TVA. Voyez en quoi consistent ces changements.\" \/>\n<meta name=\"robots\" content=\"index, follow, max-snippet:-1, max-image-preview:large, max-video-preview:-1\" \/>\n<link rel=\"canonical\" href=\"https:\/\/www.asesoriaorihuelacosta.com\/fr\/nouvelles-declaration-rectificative-de-tva\/\" \/>\n<meta property=\"og:locale\" content=\"fr_FR\" \/>\n<meta property=\"og:type\" content=\"article\" \/>\n<meta property=\"og:title\" content=\"Nouvelles d\u00e9claration rectificative de TVA\" \/>\n<meta property=\"og:description\" content=\"Le formulaire 303 a \u00e9t\u00e9 modifi\u00e9 pour introduire le nouveau syst\u00e8me d\u00e9claration rectificative de la TVA. Voyez en quoi consistent ces changements.\" \/>\n<meta property=\"og:url\" content=\"https:\/\/www.asesoriaorihuelacosta.com\/fr\/nouvelles-declaration-rectificative-de-tva\/\" \/>\n<meta property=\"og:site_name\" content=\"Asesor\u00eda Orihuela Costa\" \/>\n<meta property=\"article:publisher\" content=\"https:\/\/www.facebook.com\/asesoriaorihuelacosta\" \/>\n<meta property=\"article:author\" content=\"https:\/\/www.facebook.com\/patrick.gordinneperez\" \/>\n<meta property=\"article:published_time\" content=\"2024-11-07T19:03:44+00:00\" \/>\n<meta property=\"article:modified_time\" content=\"2024-11-14T18:45:20+00:00\" \/>\n<meta property=\"og:image\" content=\"https:\/\/www.asesoriaorihuelacosta.com\/wp-content\/uploads\/2024\/11\/Nuevas-autoliquidaciones-rectificativas.jpg\" \/>\n\t<meta property=\"og:image:width\" content=\"1920\" \/>\n\t<meta property=\"og:image:height\" content=\"1080\" \/>\n\t<meta property=\"og:image:type\" content=\"image\/jpeg\" \/>\n<meta name=\"author\" content=\"Patrick Gordinne Perez\" \/>\n<meta name=\"twitter:card\" content=\"summary_large_image\" \/>\n<meta name=\"twitter:label1\" content=\"\u00c9crit par\" \/>\n\t<meta name=\"twitter:data1\" content=\"Patrick Gordinne Perez\" \/>\n\t<meta name=\"twitter:label2\" content=\"Dur\u00e9e de lecture estim\u00e9e\" \/>\n\t<meta name=\"twitter:data2\" content=\"7 minutes\" \/>\n<script type=\"application\/ld+json\" class=\"yoast-schema-graph\">{\"@context\":\"https:\\\/\\\/schema.org\",\"@graph\":[{\"@type\":\"Article\",\"@id\":\"https:\\\/\\\/www.asesoriaorihuelacosta.com\\\/fr\\\/nouvelles-declaration-rectificative-de-tva\\\/#article\",\"isPartOf\":{\"@id\":\"https:\\\/\\\/www.asesoriaorihuelacosta.com\\\/fr\\\/nouvelles-declaration-rectificative-de-tva\\\/\"},\"author\":{\"name\":\"Patrick Gordinne Perez\",\"@id\":\"https:\\\/\\\/www.asesoriaorihuelacosta.com\\\/fr\\\/#\\\/schema\\\/person\\\/6614ce8cf6d2de542aaf351629fd539e\"},\"headline\":\"Nouvelles d\u00e9claration rectificative de TVA\",\"datePublished\":\"2024-11-07T19:03:44+00:00\",\"dateModified\":\"2024-11-14T18:45:20+00:00\",\"mainEntityOfPage\":{\"@id\":\"https:\\\/\\\/www.asesoriaorihuelacosta.com\\\/fr\\\/nouvelles-declaration-rectificative-de-tva\\\/\"},\"wordCount\":1665,\"publisher\":{\"@id\":\"https:\\\/\\\/www.asesoriaorihuelacosta.com\\\/fr\\\/#organization\"},\"image\":{\"@id\":\"https:\\\/\\\/www.asesoriaorihuelacosta.com\\\/fr\\\/nouvelles-declaration-rectificative-de-tva\\\/#primaryimage\"},\"thumbnailUrl\":\"https:\\\/\\\/www.asesoriaorihuelacosta.com\\\/wp-content\\\/uploads\\\/2024\\\/11\\\/Nuevas-autoliquidaciones-rectificativas.jpg\",\"articleSection\":[\"Blog\"],\"inLanguage\":\"fr-FR\"},{\"@type\":\"WebPage\",\"@id\":\"https:\\\/\\\/www.asesoriaorihuelacosta.com\\\/fr\\\/nouvelles-declaration-rectificative-de-tva\\\/\",\"url\":\"https:\\\/\\\/www.asesoriaorihuelacosta.com\\\/fr\\\/nouvelles-declaration-rectificative-de-tva\\\/\",\"name\":\"Nouvelles d\u00e9claration rectificative de TVA - Asesor\u00eda Orihuela Costa\",\"isPartOf\":{\"@id\":\"https:\\\/\\\/www.asesoriaorihuelacosta.com\\\/fr\\\/#website\"},\"primaryImageOfPage\":{\"@id\":\"https:\\\/\\\/www.asesoriaorihuelacosta.com\\\/fr\\\/nouvelles-declaration-rectificative-de-tva\\\/#primaryimage\"},\"image\":{\"@id\":\"https:\\\/\\\/www.asesoriaorihuelacosta.com\\\/fr\\\/nouvelles-declaration-rectificative-de-tva\\\/#primaryimage\"},\"thumbnailUrl\":\"https:\\\/\\\/www.asesoriaorihuelacosta.com\\\/wp-content\\\/uploads\\\/2024\\\/11\\\/Nuevas-autoliquidaciones-rectificativas.jpg\",\"datePublished\":\"2024-11-07T19:03:44+00:00\",\"dateModified\":\"2024-11-14T18:45:20+00:00\",\"description\":\"Le formulaire 303 a \u00e9t\u00e9 modifi\u00e9 pour introduire le nouveau syst\u00e8me d\u00e9claration rectificative de la TVA. Voyez en quoi consistent ces changements.\",\"breadcrumb\":{\"@id\":\"https:\\\/\\\/www.asesoriaorihuelacosta.com\\\/fr\\\/nouvelles-declaration-rectificative-de-tva\\\/#breadcrumb\"},\"inLanguage\":\"fr-FR\",\"potentialAction\":[{\"@type\":\"ReadAction\",\"target\":[\"https:\\\/\\\/www.asesoriaorihuelacosta.com\\\/fr\\\/nouvelles-declaration-rectificative-de-tva\\\/\"]}]},{\"@type\":\"ImageObject\",\"inLanguage\":\"fr-FR\",\"@id\":\"https:\\\/\\\/www.asesoriaorihuelacosta.com\\\/fr\\\/nouvelles-declaration-rectificative-de-tva\\\/#primaryimage\",\"url\":\"https:\\\/\\\/www.asesoriaorihuelacosta.com\\\/wp-content\\\/uploads\\\/2024\\\/11\\\/Nuevas-autoliquidaciones-rectificativas.jpg\",\"contentUrl\":\"https:\\\/\\\/www.asesoriaorihuelacosta.com\\\/wp-content\\\/uploads\\\/2024\\\/11\\\/Nuevas-autoliquidaciones-rectificativas.jpg\",\"width\":1920,\"height\":1080,\"caption\":\"Nuevas autoliquidaciones rectificativas\"},{\"@type\":\"BreadcrumbList\",\"@id\":\"https:\\\/\\\/www.asesoriaorihuelacosta.com\\\/fr\\\/nouvelles-declaration-rectificative-de-tva\\\/#breadcrumb\",\"itemListElement\":[{\"@type\":\"ListItem\",\"position\":1,\"name\":\"Home\",\"item\":\"https:\\\/\\\/www.asesoriaorihuelacosta.com\\\/fr\\\/\"},{\"@type\":\"ListItem\",\"position\":2,\"name\":\"Nouvelles d\u00e9claration rectificative de TVA\"}]},{\"@type\":\"WebSite\",\"@id\":\"https:\\\/\\\/www.asesoriaorihuelacosta.com\\\/fr\\\/#website\",\"url\":\"https:\\\/\\\/www.asesoriaorihuelacosta.com\\\/fr\\\/\",\"name\":\"https:\\\/\\\/www.asesoriaorihuelacosta.com\\\/\",\"description\":\"Grupo de asesores profesionales\",\"publisher\":{\"@id\":\"https:\\\/\\\/www.asesoriaorihuelacosta.com\\\/fr\\\/#organization\"},\"potentialAction\":[{\"@type\":\"SearchAction\",\"target\":{\"@type\":\"EntryPoint\",\"urlTemplate\":\"https:\\\/\\\/www.asesoriaorihuelacosta.com\\\/fr\\\/?s={search_term_string}\"},\"query-input\":{\"@type\":\"PropertyValueSpecification\",\"valueRequired\":true,\"valueName\":\"search_term_string\"}}],\"inLanguage\":\"fr-FR\"},{\"@type\":\"Organization\",\"@id\":\"https:\\\/\\\/www.asesoriaorihuelacosta.com\\\/fr\\\/#organization\",\"name\":\"Asesor\u00eda Orihuela Costa\",\"url\":\"https:\\\/\\\/www.asesoriaorihuelacosta.com\\\/fr\\\/\",\"logo\":{\"@type\":\"ImageObject\",\"inLanguage\":\"fr-FR\",\"@id\":\"https:\\\/\\\/www.asesoriaorihuelacosta.com\\\/fr\\\/#\\\/schema\\\/logo\\\/image\\\/\",\"url\":\"https:\\\/\\\/www.asesoriaorihuelacosta.com\\\/wp-content\\\/uploads\\\/2022\\\/06\\\/Logo-espa\u5bf8l-asesoriaorihuela.jpg\",\"contentUrl\":\"https:\\\/\\\/www.asesoriaorihuelacosta.com\\\/wp-content\\\/uploads\\\/2022\\\/06\\\/Logo-espa\u5bf8l-asesoriaorihuela.jpg\",\"width\":588,\"height\":136,\"caption\":\"Asesor\u00eda Orihuela Costa\"},\"image\":{\"@id\":\"https:\\\/\\\/www.asesoriaorihuelacosta.com\\\/fr\\\/#\\\/schema\\\/logo\\\/image\\\/\"},\"sameAs\":[\"https:\\\/\\\/www.facebook.com\\\/asesoriaorihuelacosta\"]},{\"@type\":\"Person\",\"@id\":\"https:\\\/\\\/www.asesoriaorihuelacosta.com\\\/fr\\\/#\\\/schema\\\/person\\\/6614ce8cf6d2de542aaf351629fd539e\",\"name\":\"Patrick Gordinne Perez\",\"description\":\"Soy economista colegiado por el colegio de economistas de Alicante con el n\u00famero 2722. Llevo ejerciendo desde el a\u00f1o 2005. Soy especialista en fiscalidad de empresas y aut\u00f3nomos y tambi\u00e9n especialista en gestionar compraventas. Hablo espa\u00f1ol, ingl\u00e9s y franc\u00e9s.\",\"sameAs\":[\"https:\\\/\\\/www.asesoriaorihuelacosta.com\",\"https:\\\/\\\/www.facebook.com\\\/patrick.gordinneperez\",\"https:\\\/\\\/www.linkedin.com\\\/in\\\/patrick-gordinne-perez-1b73aab3\\\/\",\"https:\\\/\\\/www.youtube.com\\\/channel\\\/UC5e95RJEVQlxCnhwDmGNVCw\"],\"gender\":\"Hombre\",\"knowsLanguage\":[\"ingl\u00e9s\",\"franc\u00e9s\",\"espa\u00f1ol\"],\"jobTitle\":\"Gerente\",\"worksFor\":\"Asesoria Orihuela Costa SL\"}]}<\/script>\n<!-- \/ Yoast SEO Premium plugin. -->","yoast_head_json":{"title":"Nouvelles d\u00e9claration rectificative de TVA - Asesor\u00eda Orihuela Costa","description":"Le formulaire 303 a \u00e9t\u00e9 modifi\u00e9 pour introduire le nouveau syst\u00e8me d\u00e9claration rectificative de la TVA. Voyez en quoi consistent ces changements.","robots":{"index":"index","follow":"follow","max-snippet":"max-snippet:-1","max-image-preview":"max-image-preview:large","max-video-preview":"max-video-preview:-1"},"canonical":"https:\/\/www.asesoriaorihuelacosta.com\/fr\/nouvelles-declaration-rectificative-de-tva\/","og_locale":"fr_FR","og_type":"article","og_title":"Nouvelles d\u00e9claration rectificative de TVA","og_description":"Le formulaire 303 a \u00e9t\u00e9 modifi\u00e9 pour introduire le nouveau syst\u00e8me d\u00e9claration rectificative de la TVA. Voyez en quoi consistent ces changements.","og_url":"https:\/\/www.asesoriaorihuelacosta.com\/fr\/nouvelles-declaration-rectificative-de-tva\/","og_site_name":"Asesor\u00eda Orihuela Costa","article_publisher":"https:\/\/www.facebook.com\/asesoriaorihuelacosta","article_author":"https:\/\/www.facebook.com\/patrick.gordinneperez","article_published_time":"2024-11-07T19:03:44+00:00","article_modified_time":"2024-11-14T18:45:20+00:00","og_image":[{"width":1920,"height":1080,"url":"https:\/\/www.asesoriaorihuelacosta.com\/wp-content\/uploads\/2024\/11\/Nuevas-autoliquidaciones-rectificativas.jpg","type":"image\/jpeg"}],"author":"Patrick Gordinne Perez","twitter_card":"summary_large_image","twitter_misc":{"\u00c9crit par":"Patrick Gordinne Perez","Dur\u00e9e de lecture estim\u00e9e":"7 minutes"},"schema":{"@context":"https:\/\/schema.org","@graph":[{"@type":"Article","@id":"https:\/\/www.asesoriaorihuelacosta.com\/fr\/nouvelles-declaration-rectificative-de-tva\/#article","isPartOf":{"@id":"https:\/\/www.asesoriaorihuelacosta.com\/fr\/nouvelles-declaration-rectificative-de-tva\/"},"author":{"name":"Patrick Gordinne Perez","@id":"https:\/\/www.asesoriaorihuelacosta.com\/fr\/#\/schema\/person\/6614ce8cf6d2de542aaf351629fd539e"},"headline":"Nouvelles d\u00e9claration rectificative de TVA","datePublished":"2024-11-07T19:03:44+00:00","dateModified":"2024-11-14T18:45:20+00:00","mainEntityOfPage":{"@id":"https:\/\/www.asesoriaorihuelacosta.com\/fr\/nouvelles-declaration-rectificative-de-tva\/"},"wordCount":1665,"publisher":{"@id":"https:\/\/www.asesoriaorihuelacosta.com\/fr\/#organization"},"image":{"@id":"https:\/\/www.asesoriaorihuelacosta.com\/fr\/nouvelles-declaration-rectificative-de-tva\/#primaryimage"},"thumbnailUrl":"https:\/\/www.asesoriaorihuelacosta.com\/wp-content\/uploads\/2024\/11\/Nuevas-autoliquidaciones-rectificativas.jpg","articleSection":["Blog"],"inLanguage":"fr-FR"},{"@type":"WebPage","@id":"https:\/\/www.asesoriaorihuelacosta.com\/fr\/nouvelles-declaration-rectificative-de-tva\/","url":"https:\/\/www.asesoriaorihuelacosta.com\/fr\/nouvelles-declaration-rectificative-de-tva\/","name":"Nouvelles d\u00e9claration rectificative de TVA - Asesor\u00eda Orihuela Costa","isPartOf":{"@id":"https:\/\/www.asesoriaorihuelacosta.com\/fr\/#website"},"primaryImageOfPage":{"@id":"https:\/\/www.asesoriaorihuelacosta.com\/fr\/nouvelles-declaration-rectificative-de-tva\/#primaryimage"},"image":{"@id":"https:\/\/www.asesoriaorihuelacosta.com\/fr\/nouvelles-declaration-rectificative-de-tva\/#primaryimage"},"thumbnailUrl":"https:\/\/www.asesoriaorihuelacosta.com\/wp-content\/uploads\/2024\/11\/Nuevas-autoliquidaciones-rectificativas.jpg","datePublished":"2024-11-07T19:03:44+00:00","dateModified":"2024-11-14T18:45:20+00:00","description":"Le formulaire 303 a \u00e9t\u00e9 modifi\u00e9 pour introduire le nouveau syst\u00e8me d\u00e9claration rectificative de la TVA. Voyez en quoi consistent ces changements.","breadcrumb":{"@id":"https:\/\/www.asesoriaorihuelacosta.com\/fr\/nouvelles-declaration-rectificative-de-tva\/#breadcrumb"},"inLanguage":"fr-FR","potentialAction":[{"@type":"ReadAction","target":["https:\/\/www.asesoriaorihuelacosta.com\/fr\/nouvelles-declaration-rectificative-de-tva\/"]}]},{"@type":"ImageObject","inLanguage":"fr-FR","@id":"https:\/\/www.asesoriaorihuelacosta.com\/fr\/nouvelles-declaration-rectificative-de-tva\/#primaryimage","url":"https:\/\/www.asesoriaorihuelacosta.com\/wp-content\/uploads\/2024\/11\/Nuevas-autoliquidaciones-rectificativas.jpg","contentUrl":"https:\/\/www.asesoriaorihuelacosta.com\/wp-content\/uploads\/2024\/11\/Nuevas-autoliquidaciones-rectificativas.jpg","width":1920,"height":1080,"caption":"Nuevas autoliquidaciones rectificativas"},{"@type":"BreadcrumbList","@id":"https:\/\/www.asesoriaorihuelacosta.com\/fr\/nouvelles-declaration-rectificative-de-tva\/#breadcrumb","itemListElement":[{"@type":"ListItem","position":1,"name":"Home","item":"https:\/\/www.asesoriaorihuelacosta.com\/fr\/"},{"@type":"ListItem","position":2,"name":"Nouvelles d\u00e9claration rectificative de TVA"}]},{"@type":"WebSite","@id":"https:\/\/www.asesoriaorihuelacosta.com\/fr\/#website","url":"https:\/\/www.asesoriaorihuelacosta.com\/fr\/","name":"https:\/\/www.asesoriaorihuelacosta.com\/","description":"Grupo de asesores profesionales","publisher":{"@id":"https:\/\/www.asesoriaorihuelacosta.com\/fr\/#organization"},"potentialAction":[{"@type":"SearchAction","target":{"@type":"EntryPoint","urlTemplate":"https:\/\/www.asesoriaorihuelacosta.com\/fr\/?s={search_term_string}"},"query-input":{"@type":"PropertyValueSpecification","valueRequired":true,"valueName":"search_term_string"}}],"inLanguage":"fr-FR"},{"@type":"Organization","@id":"https:\/\/www.asesoriaorihuelacosta.com\/fr\/#organization","name":"Asesor\u00eda Orihuela Costa","url":"https:\/\/www.asesoriaorihuelacosta.com\/fr\/","logo":{"@type":"ImageObject","inLanguage":"fr-FR","@id":"https:\/\/www.asesoriaorihuelacosta.com\/fr\/#\/schema\/logo\/image\/","url":"https:\/\/www.asesoriaorihuelacosta.com\/wp-content\/uploads\/2022\/06\/Logo-espa\u5bf8l-asesoriaorihuela.jpg","contentUrl":"https:\/\/www.asesoriaorihuelacosta.com\/wp-content\/uploads\/2022\/06\/Logo-espa\u5bf8l-asesoriaorihuela.jpg","width":588,"height":136,"caption":"Asesor\u00eda Orihuela Costa"},"image":{"@id":"https:\/\/www.asesoriaorihuelacosta.com\/fr\/#\/schema\/logo\/image\/"},"sameAs":["https:\/\/www.facebook.com\/asesoriaorihuelacosta"]},{"@type":"Person","@id":"https:\/\/www.asesoriaorihuelacosta.com\/fr\/#\/schema\/person\/6614ce8cf6d2de542aaf351629fd539e","name":"Patrick Gordinne Perez","description":"Soy economista colegiado por el colegio de economistas de Alicante con el n\u00famero 2722. Llevo ejerciendo desde el a\u00f1o 2005. Soy especialista en fiscalidad de empresas y aut\u00f3nomos y tambi\u00e9n especialista en gestionar compraventas. Hablo espa\u00f1ol, ingl\u00e9s y franc\u00e9s.","sameAs":["https:\/\/www.asesoriaorihuelacosta.com","https:\/\/www.facebook.com\/patrick.gordinneperez","https:\/\/www.linkedin.com\/in\/patrick-gordinne-perez-1b73aab3\/","https:\/\/www.youtube.com\/channel\/UC5e95RJEVQlxCnhwDmGNVCw"],"gender":"Hombre","knowsLanguage":["ingl\u00e9s","franc\u00e9s","espa\u00f1ol"],"jobTitle":"Gerente","worksFor":"Asesoria Orihuela Costa SL"}]}},"_links":{"self":[{"href":"https:\/\/www.asesoriaorihuelacosta.com\/fr\/wp-json\/wp\/v2\/posts\/34812","targetHints":{"allow":["GET"]}}],"collection":[{"href":"https:\/\/www.asesoriaorihuelacosta.com\/fr\/wp-json\/wp\/v2\/posts"}],"about":[{"href":"https:\/\/www.asesoriaorihuelacosta.com\/fr\/wp-json\/wp\/v2\/types\/post"}],"author":[{"embeddable":true,"href":"https:\/\/www.asesoriaorihuelacosta.com\/fr\/wp-json\/wp\/v2\/users\/2"}],"replies":[{"embeddable":true,"href":"https:\/\/www.asesoriaorihuelacosta.com\/fr\/wp-json\/wp\/v2\/comments?post=34812"}],"version-history":[{"count":7,"href":"https:\/\/www.asesoriaorihuelacosta.com\/fr\/wp-json\/wp\/v2\/posts\/34812\/revisions"}],"predecessor-version":[{"id":34819,"href":"https:\/\/www.asesoriaorihuelacosta.com\/fr\/wp-json\/wp\/v2\/posts\/34812\/revisions\/34819"}],"wp:featuredmedia":[{"embeddable":true,"href":"https:\/\/www.asesoriaorihuelacosta.com\/fr\/wp-json\/wp\/v2\/media\/33911"}],"wp:attachment":[{"href":"https:\/\/www.asesoriaorihuelacosta.com\/fr\/wp-json\/wp\/v2\/media?parent=34812"}],"wp:term":[{"taxonomy":"category","embeddable":true,"href":"https:\/\/www.asesoriaorihuelacosta.com\/fr\/wp-json\/wp\/v2\/categories?post=34812"},{"taxonomy":"post_tag","embeddable":true,"href":"https:\/\/www.asesoriaorihuelacosta.com\/fr\/wp-json\/wp\/v2\/tags?post=34812"}],"curies":[{"name":"wp","href":"https:\/\/api.w.org\/{rel}","templated":true}]}}