{"id":34149,"date":"2024-10-16T03:58:05","date_gmt":"2024-10-16T03:58:05","guid":{"rendered":"https:\/\/www.asesoriaorihuelacosta.com\/?p=34149"},"modified":"2024-11-09T10:28:52","modified_gmt":"2024-11-09T10:28:52","slug":"pouvez-vous-conserver-le-contrat-de-remplacement-en-vacances","status":"publish","type":"post","link":"https:\/\/www.asesoriaorihuelacosta.com\/fr\/pouvez-vous-conserver-le-contrat-de-remplacement-en-vacances\/","title":{"rendered":"Pouvez-vous conserver le contrat de remplacement pendant les vacances ?"},"content":{"rendered":"\t\t<div data-elementor-type=\"wp-post\" data-elementor-id=\"34149\" class=\"elementor elementor-34149\" data-elementor-post-type=\"post\">\n\t\t\t\t\t\t<section data-particle_enable=\"false\" data-particle-mobile-disabled=\"false\" class=\"elementor-section elementor-top-section elementor-element elementor-element-4cf7698 elementor-section-boxed elementor-section-height-default elementor-section-height-default\" data-id=\"4cf7698\" data-element_type=\"section\" data-e-type=\"section\">\r\n\t\t\r\n\t\t\t\t\t\t\t<div class=\"elementor-container elementor-column-gap-default\">\r\n\t\t\t\t\t\t\t\t\t\t\t<div class=\"elementor-column elementor-col-100 elementor-top-column elementor-element elementor-element-31831e9\" data-id=\"31831e9\" data-element_type=\"column\" data-e-type=\"column\">\r\n\t\t\t\t\t<div class=\"elementor-widget-wrap elementor-element-populated\">\r\n\t\t\t\t\t\t\t\t<div class=\"elementor-element elementor-element-1d128eb elementor-widget elementor-widget-text-editor\" data-id=\"1d128eb\" data-element_type=\"widget\" data-e-type=\"widget\" data-widget_type=\"text-editor.default\">\n\t\t\t\t<div class=\"elementor-widget-container\">\n\t\t\t\t\t\t\t\t\t<p>L&rsquo;une de vos employ\u00e9es a demand\u00e9 \u00e0 partir apr\u00e8s son cong\u00e9 de maternit\u00e9. Si vous avez embauch\u00e9 un rempla\u00e7ant pour son cong\u00e9 de maternit\u00e9, pouvez-vous maintenir le <strong>contrat du rempla\u00e7ant<\/strong> pendant son cong\u00e9 ?<\/p>\t\t\t\t\t\t\t\t<\/div>\n\t\t\t\t<\/div>\n\t\t\t\t\t<\/div>\r\n\t\t\t\t<\/div>\r\n\t\t\t\t\t<\/div>\r\n\t\t\t\t<\/section>\r\n\t\t\t\t<section data-particle_enable=\"false\" data-particle-mobile-disabled=\"false\" class=\"elementor-section elementor-top-section elementor-element elementor-element-0a3ef23 elementor-section-boxed elementor-section-height-default elementor-section-height-default\" data-id=\"0a3ef23\" data-element_type=\"section\" data-e-type=\"section\">\r\n\t\t\r\n\t\t\t\t\t\t\t<div class=\"elementor-container elementor-column-gap-default\">\r\n\t\t\t\t\t\t\t\t\t\t\t<div class=\"elementor-column elementor-col-100 elementor-top-column elementor-element elementor-element-a512bb8\" data-id=\"a512bb8\" data-element_type=\"column\" data-e-type=\"column\">\r\n\t\t\t\t\t<div class=\"elementor-widget-wrap elementor-element-populated\">\r\n\t\t\t\t\t\t\t\t<div class=\"elementor-element elementor-element-3ee1810 elementor-widget elementor-widget-heading\" data-id=\"3ee1810\" data-element_type=\"widget\" data-e-type=\"widget\" data-widget_type=\"heading.default\">\n\t\t\t\t<div class=\"elementor-widget-container\">\n\t\t\t\t\t<h2 class=\"elementor-heading-title elementor-size-default\">Qu'est-ce qu'un contrat de remplacement ?<\/h2>\t\t\t\t<\/div>\n\t\t\t\t<\/div>\n\t\t\t\t\t<\/div>\r\n\t\t\t\t<\/div>\r\n\t\t\t\t\t<\/div>\r\n\t\t\t\t<\/section>\r\n\t\t\t\t<section data-particle_enable=\"false\" data-particle-mobile-disabled=\"false\" class=\"elementor-section elementor-top-section elementor-element elementor-element-3c7c604 elementor-section-boxed elementor-section-height-default elementor-section-height-default\" data-id=\"3c7c604\" data-element_type=\"section\" data-e-type=\"section\">\r\n\t\t\r\n\t\t\t\t\t\t\t<div class=\"elementor-container elementor-column-gap-default\">\r\n\t\t\t\t\t\t\t\t\t\t\t<div class=\"elementor-column elementor-col-100 elementor-top-column elementor-element elementor-element-6df4fb1\" data-id=\"6df4fb1\" data-element_type=\"column\" data-e-type=\"column\">\r\n\t\t\t\t\t<div class=\"elementor-widget-wrap elementor-element-populated\">\r\n\t\t\t\t\t\t\t\t<div class=\"elementor-element elementor-element-664f239 elementor-widget elementor-widget-text-editor\" data-id=\"664f239\" data-element_type=\"widget\" data-e-type=\"widget\" data-widget_type=\"text-editor.default\">\n\t\t\t\t<div class=\"elementor-widget-container\">\n\t\t\t\t\t\t\t\t\t<h3><strong>Travailleur int\u00e9rimaire<\/strong><\/h3><p>Le contrat de substitution (anciennement contrat d&rsquo;int\u00e9rim) <i><strong>permet d&rsquo;engager un salari\u00e9 (int\u00e9rimaire)<\/strong> pour remplacer un autre salari\u00e9 qui quitte temporairement l&rsquo;entreprise<\/i> et qui a droit \u00e0 ce que son emploi lui soit r\u00e9serv\u00e9.<\/p><p>Cette r\u00e9servation signifie que le <strong>contrat de<\/strong> remplacement prend fin d\u00e8s que le salari\u00e9 remplac\u00e9 retrouve son emploi.<\/p><h3><strong>Exemples de contrats de <\/strong><b>remplacement<\/b><\/h3><p>Ce contrat peut \u00eatre conclu, par exemple, en cas d&rsquo;absence pour cause d&rsquo;<strong>incapacit\u00e9 temporaire<\/strong>, de suspension du contrat pour cause d&rsquo;accouchement et de cong\u00e9 de garde d&rsquo;enfants ou de cong\u00e9 de garde d&rsquo;enfants.<\/p>\t\t\t\t\t\t\t\t<\/div>\n\t\t\t\t<\/div>\n\t\t\t\t\t<\/div>\r\n\t\t\t\t<\/div>\r\n\t\t\t\t\t<\/div>\r\n\t\t\t\t<\/section>\r\n\t\t\t\t<section data-particle_enable=\"false\" data-particle-mobile-disabled=\"false\" class=\"elementor-section elementor-top-section elementor-element elementor-element-d3c498c elementor-section-boxed elementor-section-height-default elementor-section-height-default\" data-id=\"d3c498c\" data-element_type=\"section\" data-e-type=\"section\">\r\n\t\t\r\n\t\t\t\t\t\t\t<div class=\"elementor-container elementor-column-gap-default\">\r\n\t\t\t\t\t\t\t\t\t\t\t<div class=\"elementor-column elementor-col-100 elementor-top-column elementor-element elementor-element-5dab9e8\" data-id=\"5dab9e8\" data-element_type=\"column\" data-e-type=\"column\">\r\n\t\t\t\t\t<div class=\"elementor-widget-wrap elementor-element-populated\">\r\n\t\t\t\t\t\t\t\t<div class=\"elementor-element elementor-element-426ef33 elementor-widget elementor-widget-heading\" data-id=\"426ef33\" data-element_type=\"widget\" data-e-type=\"widget\" data-widget_type=\"heading.default\">\n\t\t\t\t<div class=\"elementor-widget-container\">\n\t\t\t\t\t<h2 class=\"elementor-heading-title elementor-size-default\">Le contrat de remplacement est un contrat temporaire<\/h2>\t\t\t\t<\/div>\n\t\t\t\t<\/div>\n\t\t\t\t\t<\/div>\r\n\t\t\t\t<\/div>\r\n\t\t\t\t\t<\/div>\r\n\t\t\t\t<\/section>\r\n\t\t\t\t<section data-particle_enable=\"false\" data-particle-mobile-disabled=\"false\" class=\"elementor-section elementor-top-section elementor-element elementor-element-d78f86f elementor-section-boxed elementor-section-height-default elementor-section-height-default\" data-id=\"d78f86f\" data-element_type=\"section\" data-e-type=\"section\">\r\n\t\t\r\n\t\t\t\t\t\t\t<div class=\"elementor-container elementor-column-gap-default\">\r\n\t\t\t\t\t\t\t\t\t\t\t<div class=\"elementor-column elementor-col-100 elementor-top-column elementor-element elementor-element-8f325f9\" data-id=\"8f325f9\" data-element_type=\"column\" data-e-type=\"column\">\r\n\t\t\t\t\t<div class=\"elementor-widget-wrap elementor-element-populated\">\r\n\t\t\t\t\t\t\t\t<div class=\"elementor-element elementor-element-bd13136 elementor-widget elementor-widget-text-editor\" data-id=\"bd13136\" data-element_type=\"widget\" data-e-type=\"widget\" data-widget_type=\"text-editor.default\">\n\t\t\t\t<div class=\"elementor-widget-container\">\n\t\t\t\t\t\t\t\t\t<h3><strong>Dur\u00e9e du contrat de remplacement<\/strong><\/h3><p>En g\u00e9n\u00e9ral, la dur\u00e9e du contrat de remplacement doit co\u00efncider avec la dur\u00e9e du contrat suspendu de la personne remplac\u00e9e.<\/p><p>Toutefois, la prestation de services du travailleur de remplacement peut commencer avant l&rsquo;absence de la personne remplac\u00e9e, afin de donner \u00e0 cette derni\u00e8re le temps de recevoir un minimum de formation.<\/p><h4><strong>Conversion du contrat<\/strong><\/h4><p>La non-r\u00e9int\u00e9gration de la personne remplac\u00e9e n&rsquo;entra\u00eene pas en soi la transformation du contrat de remplacement en contrat \u00e0 dur\u00e9e ind\u00e9termin\u00e9e.<\/p><p>Toutefois :<\/p><ul><li>Si le rempla\u00e7ant est maintenu dans ses fonctions apr\u00e8s \u00e9puisement de la cause qui a justifi\u00e9 son contrat, celui-ci devient ind\u00e9termin\u00e9.<\/li><li>Le motif du remplacement doit \u00eatre indiqu\u00e9 par \u00e9crit dans le contrat. \u00c0 d\u00e9faut, il est pr\u00e9sum\u00e9 conclu pour une dur\u00e9e ind\u00e9termin\u00e9e, sauf preuve contraire.<\/li><\/ul><h4><strong>Fonctions du travailleur<\/strong><\/h4><p>Il est admis que le travailleur rempla\u00e7ant n&rsquo;exerce pas les m\u00eames fonctions que celui qu&rsquo;il remplace.<\/p><p>En d&rsquo;autres termes, un autre employ\u00e9 peut \u00eatre affect\u00e9 \u00e0 la place du travailleur absent, de sorte que le travailleur sous contrat puisse exercer les fonctions que l&rsquo;entreprise juge n\u00e9cessaires.<\/p>\t\t\t\t\t\t\t\t<\/div>\n\t\t\t\t<\/div>\n\t\t\t\t\t<\/div>\r\n\t\t\t\t<\/div>\r\n\t\t\t\t\t<\/div>\r\n\t\t\t\t<\/section>\r\n\t\t\t\t<section data-particle_enable=\"false\" data-particle-mobile-disabled=\"false\" class=\"elementor-section elementor-top-section elementor-element elementor-element-a932b86 elementor-section-boxed elementor-section-height-default elementor-section-height-default\" data-id=\"a932b86\" data-element_type=\"section\" data-e-type=\"section\">\r\n\t\t\r\n\t\t\t\t\t\t\t<div class=\"elementor-container elementor-column-gap-default\">\r\n\t\t\t\t\t\t\t\t\t\t\t<div class=\"elementor-column elementor-col-100 elementor-top-column elementor-element elementor-element-42187ed\" data-id=\"42187ed\" data-element_type=\"column\" data-e-type=\"column\">\r\n\t\t\t\t\t<div class=\"elementor-widget-wrap elementor-element-populated\">\r\n\t\t\t\t\t\t\t\t<div class=\"elementor-element elementor-element-2a41856 elementor-widget elementor-widget-porto_button\" data-id=\"2a41856\" data-element_type=\"widget\" data-e-type=\"widget\" data-settings=\"{&quot;align&quot;:&quot;center&quot;}\" data-widget_type=\"porto_button.default\">\n\t\t\t\t<div class=\"elementor-widget-container\">\n\t\t\t\t\t<a aria-label=\"button\" class=\"btn btn-xl btn-primary btn-icon\" href=\"https:\/\/www.asesoriaorihuelacosta.com\/fr\/fiche-de-paie\/\"><i class=\"fas fa-arrow-circle-right\"><\/i><span >J'ai besoin d'aide avec le contrat de remplacement<\/span><span class=\"dir-arrow hlb\" data-appear-animation-delay=\"800\" data-appear-animation=\"rotateInUpLeft\"><\/span><\/a>\t\t\t\t<\/div>\n\t\t\t\t<\/div>\n\t\t\t\t\t<\/div>\r\n\t\t\t\t<\/div>\r\n\t\t\t\t\t<\/div>\r\n\t\t\t\t<\/section>\r\n\t\t\t\t<section data-particle_enable=\"false\" data-particle-mobile-disabled=\"false\" class=\"elementor-section elementor-top-section elementor-element elementor-element-e2541e5 elementor-section-boxed elementor-section-height-default elementor-section-height-default\" data-id=\"e2541e5\" data-element_type=\"section\" data-e-type=\"section\">\r\n\t\t\r\n\t\t\t\t\t\t\t<div class=\"elementor-container elementor-column-gap-default\">\r\n\t\t\t\t\t\t\t\t\t\t\t<div class=\"elementor-column elementor-col-100 elementor-top-column elementor-element elementor-element-0701056\" data-id=\"0701056\" data-element_type=\"column\" data-e-type=\"column\">\r\n\t\t\t\t\t<div class=\"elementor-widget-wrap elementor-element-populated\">\r\n\t\t\t\t\t\t\t\t<div class=\"elementor-element elementor-element-83baf92 elementor-widget elementor-widget-heading\" data-id=\"83baf92\" data-element_type=\"widget\" data-e-type=\"widget\" data-widget_type=\"heading.default\">\n\t\t\t\t<div class=\"elementor-widget-container\">\n\t\t\t\t\t<h2 class=\"elementor-heading-title elementor-size-default\">Qu'en est-il des vacances ?<\/h2>\t\t\t\t<\/div>\n\t\t\t\t<\/div>\n\t\t\t\t\t<\/div>\r\n\t\t\t\t<\/div>\r\n\t\t\t\t\t<\/div>\r\n\t\t\t\t<\/section>\r\n\t\t\t\t<section data-particle_enable=\"false\" data-particle-mobile-disabled=\"false\" class=\"elementor-section elementor-top-section elementor-element elementor-element-d878288 elementor-section-boxed elementor-section-height-default elementor-section-height-default\" data-id=\"d878288\" data-element_type=\"section\" data-e-type=\"section\">\r\n\t\t\r\n\t\t\t\t\t\t\t<div class=\"elementor-container elementor-column-gap-default\">\r\n\t\t\t\t\t\t\t\t\t\t\t<div class=\"elementor-column elementor-col-100 elementor-top-column elementor-element elementor-element-9e189f7\" data-id=\"9e189f7\" data-element_type=\"column\" data-e-type=\"column\">\r\n\t\t\t\t\t<div class=\"elementor-widget-wrap elementor-element-populated\">\r\n\t\t\t\t\t\t\t\t<div class=\"elementor-element elementor-element-4f464c6 elementor-widget elementor-widget-text-editor\" data-id=\"4f464c6\" data-element_type=\"widget\" data-e-type=\"widget\" data-widget_type=\"text-editor.default\">\n\t\t\t\t<div class=\"elementor-widget-container\">\n\t\t\t\t\t\t\t\t\t<h3><strong>Ce n&rsquo;est pas possible<\/strong><\/h3><p>L&rsquo;absence pour cause de vacances <strong>n&rsquo;est pas une situation de suspension du contrat de travail<\/strong> avec droit de r\u00e9serve, mais une interruption de la prestation de services.<\/p><p>Les tribunaux consid\u00e8rent que vous, en tant qu&#8217;employeur, <strong>\u00eates pleinement conscient du<\/strong> fait que votre personnel est en vacances et en cong\u00e9s, il s&rsquo;agit donc d&rsquo;une circonstance pr\u00e9visible et <strong>vous ne pouvez pas utiliser le contrat de remplacement pour couvrir ces cong\u00e9s<\/strong>.<\/p><h4><strong>C&rsquo;est dans votre int\u00e9r\u00eat<\/strong><\/h4><p><strong>Depuis la derni\u00e8re <a href=\"https:\/\/www.boe.es\/buscar\/act.php?id=BOE-A-2024-10235\" rel=\"noopener\">r\u00e9forme du travail<\/a>,<\/strong> le remplacement des travailleurs pendant leurs vacances doit se faire par le biais d&rsquo;un contrat temporaire en raison des circonstances de production.<\/p><p>Mais que se passe-t-il si ces vacances sont prises apr\u00e8s le cong\u00e9 pay\u00e9 de garde d&rsquo;enfant ?<\/p><h4><strong>Naissance d&rsquo;un enfant<\/strong><\/h4><p>M\u00eame si la travailleuse rempla\u00e7ante a pris un cong\u00e9 parental, suivi &#8211; de mani\u00e8re ininterrompue &#8211; d&rsquo;un cong\u00e9 d&rsquo;allaitement accumul\u00e9 et des cong\u00e9s dus (ce qui est un cas tr\u00e8s courant), <strong>le contrat de remplacement doit \u00eatre r\u00e9sili\u00e9 \u00e0 la fin du cong\u00e9 d&rsquo;allaitement et avant le d\u00e9but des cong\u00e9s<\/strong>.<\/p><p><span style=\"text-decoration: underline;\">Ceci a \u00e9t\u00e9 confirm\u00e9 par les tribunaux.<\/span><\/p><p><strong>Attention !<\/strong><\/p><p>Si le contrat du rempla\u00e7ant n&rsquo;est pas r\u00e9sili\u00e9 avant le d\u00e9part en vacances de la salari\u00e9e absente,<strong> vous risquez<\/strong> que la r\u00e9siliation du contrat du rempla\u00e7ant apr\u00e8s le d\u00e9part en vacances du rempla\u00e7ant <strong>soit qualifi\u00e9e de licenciement abusif<\/strong>, puisqu&rsquo;il est devenu \u00e0 dur\u00e9e ind\u00e9termin\u00e9e.<\/p>\t\t\t\t\t\t\t\t<\/div>\n\t\t\t\t<\/div>\n\t\t\t\t\t<\/div>\r\n\t\t\t\t<\/div>\r\n\t\t\t\t\t<\/div>\r\n\t\t\t\t<\/section>\r\n\t\t\t\t<section data-particle_enable=\"false\" data-particle-mobile-disabled=\"false\" class=\"elementor-section elementor-top-section elementor-element elementor-element-d3f337b elementor-section-boxed elementor-section-height-default elementor-section-height-default\" data-id=\"d3f337b\" data-element_type=\"section\" data-e-type=\"section\">\r\n\t\t\r\n\t\t\t\t\t\t\t<div class=\"elementor-container elementor-column-gap-default\">\r\n\t\t\t\t\t\t\t\t\t\t\t<div class=\"elementor-column elementor-col-100 elementor-top-column elementor-element elementor-element-824dcd4\" data-id=\"824dcd4\" data-element_type=\"column\" data-e-type=\"column\">\r\n\t\t\t\t\t<div class=\"elementor-widget-wrap elementor-element-populated\">\r\n\t\t\t\t\t\t\t\t<div class=\"elementor-element elementor-element-8a47b2e elementor-widget elementor-widget-heading\" data-id=\"8a47b2e\" data-element_type=\"widget\" data-e-type=\"widget\" data-widget_type=\"heading.default\">\n\t\t\t\t<div class=\"elementor-widget-container\">\n\t\t\t\t\t<h2 class=\"elementor-heading-title elementor-size-default\">En bref<\/h2>\t\t\t\t<\/div>\n\t\t\t\t<\/div>\n\t\t\t\t\t<\/div>\r\n\t\t\t\t<\/div>\r\n\t\t\t\t\t<\/div>\r\n\t\t\t\t<\/section>\r\n\t\t\t\t<section data-particle_enable=\"false\" data-particle-mobile-disabled=\"false\" class=\"elementor-section elementor-top-section elementor-element elementor-element-d937475 elementor-section-boxed elementor-section-height-default elementor-section-height-default\" data-id=\"d937475\" data-element_type=\"section\" data-e-type=\"section\">\r\n\t\t\r\n\t\t\t\t\t\t\t<div class=\"elementor-container elementor-column-gap-default\">\r\n\t\t\t\t\t\t\t\t\t\t\t<div class=\"elementor-column elementor-col-100 elementor-top-column elementor-element elementor-element-94eb9bf\" data-id=\"94eb9bf\" data-element_type=\"column\" data-e-type=\"column\">\r\n\t\t\t\t\t<div class=\"elementor-widget-wrap elementor-element-populated\">\r\n\t\t\t\t\t\t\t\t<div class=\"elementor-element elementor-element-4327aac elementor-widget elementor-widget-text-editor\" data-id=\"4327aac\" data-element_type=\"widget\" data-e-type=\"widget\" data-widget_type=\"text-editor.default\">\n\t\t\t\t<div class=\"elementor-widget-container\">\n\t\t\t\t\t\t\t\t\t<p>Si votre employ\u00e9e est en vacances apr\u00e8s son cong\u00e9 de maternit\u00e9 et que vous avez engag\u00e9 une rempla\u00e7ante, <strong>vous devez mettre fin \u00e0 son contrat avant que l&#8217;employ\u00e9e remplac\u00e9e ne commence ses vacances<\/strong>.<\/p>\t\t\t\t\t\t\t\t<\/div>\n\t\t\t\t<\/div>\n\t\t\t\t\t<\/div>\r\n\t\t\t\t<\/div>\r\n\t\t\t\t\t<\/div>\r\n\t\t\t\t<\/section>\r\n\t\t\t\t<\/div>\n\t\t","protected":false},"excerpt":{"rendered":"<p>L&rsquo;une de vos employ\u00e9es a demand\u00e9 \u00e0 partir apr\u00e8s son cong\u00e9 de maternit\u00e9. Si vous avez embauch\u00e9 un rempla\u00e7ant pour son cong\u00e9 de maternit\u00e9, pouvez-vous maintenir le contrat du rempla\u00e7ant pendant son cong\u00e9 ? Qu&rsquo;est-ce qu&rsquo;un contrat de remplacement ? Travailleur int\u00e9rimaire Le contrat de substitution (anciennement contrat d&rsquo;int\u00e9rim) permet d&rsquo;engager un salari\u00e9 (int\u00e9rimaire) pour [&hellip;]<\/p>\n","protected":false},"author":2,"featured_media":32818,"comment_status":"closed","ping_status":"closed","sticky":false,"template":"","format":"standard","meta":{"_eb_attr":"","inline_featured_image":false,"footnotes":""},"categories":[46],"tags":[],"class_list":["post-34149","post","type-post","status-publish","format-standard","has-post-thumbnail","hentry","category-blog"],"featured_image_src":{"landsacpe":["https:\/\/www.asesoriaorihuelacosta.com\/wp-content\/uploads\/2024\/10\/contrato-de-sustitucion-1140x445.jpg",1140,445,true],"list":["https:\/\/www.asesoriaorihuelacosta.com\/wp-content\/uploads\/2024\/10\/contrato-de-sustitucion-463x348.jpg",463,348,true],"medium":["https:\/\/www.asesoriaorihuelacosta.com\/wp-content\/uploads\/2024\/10\/contrato-de-sustitucion-300x169.jpg",300,169,true],"full":["https:\/\/www.asesoriaorihuelacosta.com\/wp-content\/uploads\/2024\/10\/contrato-de-sustitucion.jpg",1920,1080,false]},"yoast_head":"<!-- This site is optimized with the Yoast SEO Premium plugin v24.7 (Yoast SEO v27.4) - https:\/\/yoast.com\/product\/yoast-seo-premium-wordpress\/ -->\n<title>Pouvez-vous conserver le contrat de remplacement en vacances? - Asesor\u00eda Orihuela Costa<\/title>\n<meta name=\"description\" content=\"Avez-vous besoin d&#039;informations sur le contrat de remplacement ? D\u00e9couvrez tout ce qu\u2019il faut savoir sur ce type de contrat sur notre blog.\" \/>\n<meta name=\"robots\" content=\"index, follow, max-snippet:-1, max-image-preview:large, max-video-preview:-1\" \/>\n<link rel=\"canonical\" href=\"https:\/\/www.asesoriaorihuelacosta.com\/fr\/pouvez-vous-conserver-le-contrat-de-remplacement-en-vacances\/\" \/>\n<meta property=\"og:locale\" content=\"fr_FR\" \/>\n<meta property=\"og:type\" content=\"article\" \/>\n<meta property=\"og:title\" content=\"Pouvez-vous conserver le contrat de remplacement pendant les vacances ?\" \/>\n<meta property=\"og:description\" content=\"Avez-vous besoin d&#039;informations sur le contrat de remplacement ? D\u00e9couvrez tout ce qu\u2019il faut savoir sur ce type de contrat sur notre blog.\" \/>\n<meta property=\"og:url\" content=\"https:\/\/www.asesoriaorihuelacosta.com\/fr\/pouvez-vous-conserver-le-contrat-de-remplacement-en-vacances\/\" \/>\n<meta property=\"og:site_name\" content=\"Asesor\u00eda Orihuela Costa\" \/>\n<meta property=\"article:publisher\" content=\"https:\/\/www.facebook.com\/asesoriaorihuelacosta\" \/>\n<meta property=\"article:author\" content=\"https:\/\/www.facebook.com\/patrick.gordinneperez\" \/>\n<meta property=\"article:published_time\" content=\"2024-10-16T03:58:05+00:00\" \/>\n<meta property=\"article:modified_time\" content=\"2024-11-09T10:28:52+00:00\" \/>\n<meta property=\"og:image\" content=\"https:\/\/www.asesoriaorihuelacosta.com\/wp-content\/uploads\/2024\/10\/contrato-de-sustitucion.jpg\" \/>\n\t<meta property=\"og:image:width\" content=\"1920\" \/>\n\t<meta property=\"og:image:height\" content=\"1080\" \/>\n\t<meta property=\"og:image:type\" content=\"image\/jpeg\" \/>\n<meta name=\"author\" content=\"Patrick Gordinne Perez\" \/>\n<meta name=\"twitter:card\" content=\"summary_large_image\" \/>\n<meta name=\"twitter:label1\" content=\"\u00c9crit par\" \/>\n\t<meta name=\"twitter:data1\" content=\"Patrick Gordinne Perez\" \/>\n\t<meta name=\"twitter:label2\" content=\"Dur\u00e9e de lecture estim\u00e9e\" \/>\n\t<meta name=\"twitter:data2\" content=\"3 minutes\" \/>\n<script type=\"application\/ld+json\" class=\"yoast-schema-graph\">{\"@context\":\"https:\\\/\\\/schema.org\",\"@graph\":[{\"@type\":\"Article\",\"@id\":\"https:\\\/\\\/www.asesoriaorihuelacosta.com\\\/fr\\\/pouvez-vous-conserver-le-contrat-de-remplacement-en-vacances\\\/#article\",\"isPartOf\":{\"@id\":\"https:\\\/\\\/www.asesoriaorihuelacosta.com\\\/fr\\\/pouvez-vous-conserver-le-contrat-de-remplacement-en-vacances\\\/\"},\"author\":{\"name\":\"Patrick Gordinne Perez\",\"@id\":\"https:\\\/\\\/www.asesoriaorihuelacosta.com\\\/fr\\\/#\\\/schema\\\/person\\\/6614ce8cf6d2de542aaf351629fd539e\"},\"headline\":\"Pouvez-vous conserver le contrat de remplacement pendant les vacances ?\",\"datePublished\":\"2024-10-16T03:58:05+00:00\",\"dateModified\":\"2024-11-09T10:28:52+00:00\",\"mainEntityOfPage\":{\"@id\":\"https:\\\/\\\/www.asesoriaorihuelacosta.com\\\/fr\\\/pouvez-vous-conserver-le-contrat-de-remplacement-en-vacances\\\/\"},\"wordCount\":695,\"publisher\":{\"@id\":\"https:\\\/\\\/www.asesoriaorihuelacosta.com\\\/fr\\\/#organization\"},\"image\":{\"@id\":\"https:\\\/\\\/www.asesoriaorihuelacosta.com\\\/fr\\\/pouvez-vous-conserver-le-contrat-de-remplacement-en-vacances\\\/#primaryimage\"},\"thumbnailUrl\":\"https:\\\/\\\/www.asesoriaorihuelacosta.com\\\/wp-content\\\/uploads\\\/2024\\\/10\\\/contrato-de-sustitucion.jpg\",\"articleSection\":[\"Blog\"],\"inLanguage\":\"fr-FR\"},{\"@type\":\"WebPage\",\"@id\":\"https:\\\/\\\/www.asesoriaorihuelacosta.com\\\/fr\\\/pouvez-vous-conserver-le-contrat-de-remplacement-en-vacances\\\/\",\"url\":\"https:\\\/\\\/www.asesoriaorihuelacosta.com\\\/fr\\\/pouvez-vous-conserver-le-contrat-de-remplacement-en-vacances\\\/\",\"name\":\"Pouvez-vous conserver le contrat de remplacement en vacances? - Asesor\u00eda Orihuela Costa\",\"isPartOf\":{\"@id\":\"https:\\\/\\\/www.asesoriaorihuelacosta.com\\\/fr\\\/#website\"},\"primaryImageOfPage\":{\"@id\":\"https:\\\/\\\/www.asesoriaorihuelacosta.com\\\/fr\\\/pouvez-vous-conserver-le-contrat-de-remplacement-en-vacances\\\/#primaryimage\"},\"image\":{\"@id\":\"https:\\\/\\\/www.asesoriaorihuelacosta.com\\\/fr\\\/pouvez-vous-conserver-le-contrat-de-remplacement-en-vacances\\\/#primaryimage\"},\"thumbnailUrl\":\"https:\\\/\\\/www.asesoriaorihuelacosta.com\\\/wp-content\\\/uploads\\\/2024\\\/10\\\/contrato-de-sustitucion.jpg\",\"datePublished\":\"2024-10-16T03:58:05+00:00\",\"dateModified\":\"2024-11-09T10:28:52+00:00\",\"description\":\"Avez-vous besoin d'informations sur le contrat de remplacement ? D\u00e9couvrez tout ce qu\u2019il faut savoir sur ce type de contrat sur notre blog.\",\"breadcrumb\":{\"@id\":\"https:\\\/\\\/www.asesoriaorihuelacosta.com\\\/fr\\\/pouvez-vous-conserver-le-contrat-de-remplacement-en-vacances\\\/#breadcrumb\"},\"inLanguage\":\"fr-FR\",\"potentialAction\":[{\"@type\":\"ReadAction\",\"target\":[\"https:\\\/\\\/www.asesoriaorihuelacosta.com\\\/fr\\\/pouvez-vous-conserver-le-contrat-de-remplacement-en-vacances\\\/\"]}]},{\"@type\":\"ImageObject\",\"inLanguage\":\"fr-FR\",\"@id\":\"https:\\\/\\\/www.asesoriaorihuelacosta.com\\\/fr\\\/pouvez-vous-conserver-le-contrat-de-remplacement-en-vacances\\\/#primaryimage\",\"url\":\"https:\\\/\\\/www.asesoriaorihuelacosta.com\\\/wp-content\\\/uploads\\\/2024\\\/10\\\/contrato-de-sustitucion.jpg\",\"contentUrl\":\"https:\\\/\\\/www.asesoriaorihuelacosta.com\\\/wp-content\\\/uploads\\\/2024\\\/10\\\/contrato-de-sustitucion.jpg\",\"width\":1920,\"height\":1080,\"caption\":\"contrato de sustituci\u00f3n\"},{\"@type\":\"BreadcrumbList\",\"@id\":\"https:\\\/\\\/www.asesoriaorihuelacosta.com\\\/fr\\\/pouvez-vous-conserver-le-contrat-de-remplacement-en-vacances\\\/#breadcrumb\",\"itemListElement\":[{\"@type\":\"ListItem\",\"position\":1,\"name\":\"Home\",\"item\":\"https:\\\/\\\/www.asesoriaorihuelacosta.com\\\/fr\\\/\"},{\"@type\":\"ListItem\",\"position\":2,\"name\":\"Pouvez-vous conserver le contrat de remplacement pendant les vacances ?\"}]},{\"@type\":\"WebSite\",\"@id\":\"https:\\\/\\\/www.asesoriaorihuelacosta.com\\\/fr\\\/#website\",\"url\":\"https:\\\/\\\/www.asesoriaorihuelacosta.com\\\/fr\\\/\",\"name\":\"https:\\\/\\\/www.asesoriaorihuelacosta.com\\\/\",\"description\":\"Grupo de asesores profesionales\",\"publisher\":{\"@id\":\"https:\\\/\\\/www.asesoriaorihuelacosta.com\\\/fr\\\/#organization\"},\"potentialAction\":[{\"@type\":\"SearchAction\",\"target\":{\"@type\":\"EntryPoint\",\"urlTemplate\":\"https:\\\/\\\/www.asesoriaorihuelacosta.com\\\/fr\\\/?s={search_term_string}\"},\"query-input\":{\"@type\":\"PropertyValueSpecification\",\"valueRequired\":true,\"valueName\":\"search_term_string\"}}],\"inLanguage\":\"fr-FR\"},{\"@type\":\"Organization\",\"@id\":\"https:\\\/\\\/www.asesoriaorihuelacosta.com\\\/fr\\\/#organization\",\"name\":\"Asesor\u00eda Orihuela Costa\",\"url\":\"https:\\\/\\\/www.asesoriaorihuelacosta.com\\\/fr\\\/\",\"logo\":{\"@type\":\"ImageObject\",\"inLanguage\":\"fr-FR\",\"@id\":\"https:\\\/\\\/www.asesoriaorihuelacosta.com\\\/fr\\\/#\\\/schema\\\/logo\\\/image\\\/\",\"url\":\"https:\\\/\\\/www.asesoriaorihuelacosta.com\\\/wp-content\\\/uploads\\\/2022\\\/06\\\/Logo-espa\u5bf8l-asesoriaorihuela.jpg\",\"contentUrl\":\"https:\\\/\\\/www.asesoriaorihuelacosta.com\\\/wp-content\\\/uploads\\\/2022\\\/06\\\/Logo-espa\u5bf8l-asesoriaorihuela.jpg\",\"width\":588,\"height\":136,\"caption\":\"Asesor\u00eda Orihuela Costa\"},\"image\":{\"@id\":\"https:\\\/\\\/www.asesoriaorihuelacosta.com\\\/fr\\\/#\\\/schema\\\/logo\\\/image\\\/\"},\"sameAs\":[\"https:\\\/\\\/www.facebook.com\\\/asesoriaorihuelacosta\"]},{\"@type\":\"Person\",\"@id\":\"https:\\\/\\\/www.asesoriaorihuelacosta.com\\\/fr\\\/#\\\/schema\\\/person\\\/6614ce8cf6d2de542aaf351629fd539e\",\"name\":\"Patrick Gordinne Perez\",\"description\":\"Soy economista colegiado por el colegio de economistas de Alicante con el n\u00famero 2722. Llevo ejerciendo desde el a\u00f1o 2005. Soy especialista en fiscalidad de empresas y aut\u00f3nomos y tambi\u00e9n especialista en gestionar compraventas. Hablo espa\u00f1ol, ingl\u00e9s y franc\u00e9s.\",\"sameAs\":[\"https:\\\/\\\/www.asesoriaorihuelacosta.com\",\"https:\\\/\\\/www.facebook.com\\\/patrick.gordinneperez\",\"https:\\\/\\\/www.linkedin.com\\\/in\\\/patrick-gordinne-perez-1b73aab3\\\/\",\"https:\\\/\\\/www.youtube.com\\\/channel\\\/UC5e95RJEVQlxCnhwDmGNVCw\"],\"gender\":\"Hombre\",\"knowsLanguage\":[\"ingl\u00e9s\",\"franc\u00e9s\",\"espa\u00f1ol\"],\"jobTitle\":\"Gerente\",\"worksFor\":\"Asesoria Orihuela Costa SL\"}]}<\/script>\n<!-- \/ Yoast SEO Premium plugin. -->","yoast_head_json":{"title":"Pouvez-vous conserver le contrat de remplacement en vacances? - Asesor\u00eda Orihuela Costa","description":"Avez-vous besoin d'informations sur le contrat de remplacement ? D\u00e9couvrez tout ce qu\u2019il faut savoir sur ce type de contrat sur notre blog.","robots":{"index":"index","follow":"follow","max-snippet":"max-snippet:-1","max-image-preview":"max-image-preview:large","max-video-preview":"max-video-preview:-1"},"canonical":"https:\/\/www.asesoriaorihuelacosta.com\/fr\/pouvez-vous-conserver-le-contrat-de-remplacement-en-vacances\/","og_locale":"fr_FR","og_type":"article","og_title":"Pouvez-vous conserver le contrat de remplacement pendant les vacances ?","og_description":"Avez-vous besoin d'informations sur le contrat de remplacement ? D\u00e9couvrez tout ce qu\u2019il faut savoir sur ce type de contrat sur notre blog.","og_url":"https:\/\/www.asesoriaorihuelacosta.com\/fr\/pouvez-vous-conserver-le-contrat-de-remplacement-en-vacances\/","og_site_name":"Asesor\u00eda Orihuela Costa","article_publisher":"https:\/\/www.facebook.com\/asesoriaorihuelacosta","article_author":"https:\/\/www.facebook.com\/patrick.gordinneperez","article_published_time":"2024-10-16T03:58:05+00:00","article_modified_time":"2024-11-09T10:28:52+00:00","og_image":[{"width":1920,"height":1080,"url":"https:\/\/www.asesoriaorihuelacosta.com\/wp-content\/uploads\/2024\/10\/contrato-de-sustitucion.jpg","type":"image\/jpeg"}],"author":"Patrick Gordinne Perez","twitter_card":"summary_large_image","twitter_misc":{"\u00c9crit par":"Patrick Gordinne Perez","Dur\u00e9e de lecture estim\u00e9e":"3 minutes"},"schema":{"@context":"https:\/\/schema.org","@graph":[{"@type":"Article","@id":"https:\/\/www.asesoriaorihuelacosta.com\/fr\/pouvez-vous-conserver-le-contrat-de-remplacement-en-vacances\/#article","isPartOf":{"@id":"https:\/\/www.asesoriaorihuelacosta.com\/fr\/pouvez-vous-conserver-le-contrat-de-remplacement-en-vacances\/"},"author":{"name":"Patrick Gordinne Perez","@id":"https:\/\/www.asesoriaorihuelacosta.com\/fr\/#\/schema\/person\/6614ce8cf6d2de542aaf351629fd539e"},"headline":"Pouvez-vous conserver le contrat de remplacement pendant les vacances ?","datePublished":"2024-10-16T03:58:05+00:00","dateModified":"2024-11-09T10:28:52+00:00","mainEntityOfPage":{"@id":"https:\/\/www.asesoriaorihuelacosta.com\/fr\/pouvez-vous-conserver-le-contrat-de-remplacement-en-vacances\/"},"wordCount":695,"publisher":{"@id":"https:\/\/www.asesoriaorihuelacosta.com\/fr\/#organization"},"image":{"@id":"https:\/\/www.asesoriaorihuelacosta.com\/fr\/pouvez-vous-conserver-le-contrat-de-remplacement-en-vacances\/#primaryimage"},"thumbnailUrl":"https:\/\/www.asesoriaorihuelacosta.com\/wp-content\/uploads\/2024\/10\/contrato-de-sustitucion.jpg","articleSection":["Blog"],"inLanguage":"fr-FR"},{"@type":"WebPage","@id":"https:\/\/www.asesoriaorihuelacosta.com\/fr\/pouvez-vous-conserver-le-contrat-de-remplacement-en-vacances\/","url":"https:\/\/www.asesoriaorihuelacosta.com\/fr\/pouvez-vous-conserver-le-contrat-de-remplacement-en-vacances\/","name":"Pouvez-vous conserver le contrat de remplacement en vacances? - Asesor\u00eda Orihuela Costa","isPartOf":{"@id":"https:\/\/www.asesoriaorihuelacosta.com\/fr\/#website"},"primaryImageOfPage":{"@id":"https:\/\/www.asesoriaorihuelacosta.com\/fr\/pouvez-vous-conserver-le-contrat-de-remplacement-en-vacances\/#primaryimage"},"image":{"@id":"https:\/\/www.asesoriaorihuelacosta.com\/fr\/pouvez-vous-conserver-le-contrat-de-remplacement-en-vacances\/#primaryimage"},"thumbnailUrl":"https:\/\/www.asesoriaorihuelacosta.com\/wp-content\/uploads\/2024\/10\/contrato-de-sustitucion.jpg","datePublished":"2024-10-16T03:58:05+00:00","dateModified":"2024-11-09T10:28:52+00:00","description":"Avez-vous besoin d'informations sur le contrat de remplacement ? D\u00e9couvrez tout ce qu\u2019il faut savoir sur ce type de contrat sur notre blog.","breadcrumb":{"@id":"https:\/\/www.asesoriaorihuelacosta.com\/fr\/pouvez-vous-conserver-le-contrat-de-remplacement-en-vacances\/#breadcrumb"},"inLanguage":"fr-FR","potentialAction":[{"@type":"ReadAction","target":["https:\/\/www.asesoriaorihuelacosta.com\/fr\/pouvez-vous-conserver-le-contrat-de-remplacement-en-vacances\/"]}]},{"@type":"ImageObject","inLanguage":"fr-FR","@id":"https:\/\/www.asesoriaorihuelacosta.com\/fr\/pouvez-vous-conserver-le-contrat-de-remplacement-en-vacances\/#primaryimage","url":"https:\/\/www.asesoriaorihuelacosta.com\/wp-content\/uploads\/2024\/10\/contrato-de-sustitucion.jpg","contentUrl":"https:\/\/www.asesoriaorihuelacosta.com\/wp-content\/uploads\/2024\/10\/contrato-de-sustitucion.jpg","width":1920,"height":1080,"caption":"contrato de sustituci\u00f3n"},{"@type":"BreadcrumbList","@id":"https:\/\/www.asesoriaorihuelacosta.com\/fr\/pouvez-vous-conserver-le-contrat-de-remplacement-en-vacances\/#breadcrumb","itemListElement":[{"@type":"ListItem","position":1,"name":"Home","item":"https:\/\/www.asesoriaorihuelacosta.com\/fr\/"},{"@type":"ListItem","position":2,"name":"Pouvez-vous conserver le contrat de remplacement pendant les vacances ?"}]},{"@type":"WebSite","@id":"https:\/\/www.asesoriaorihuelacosta.com\/fr\/#website","url":"https:\/\/www.asesoriaorihuelacosta.com\/fr\/","name":"https:\/\/www.asesoriaorihuelacosta.com\/","description":"Grupo de asesores profesionales","publisher":{"@id":"https:\/\/www.asesoriaorihuelacosta.com\/fr\/#organization"},"potentialAction":[{"@type":"SearchAction","target":{"@type":"EntryPoint","urlTemplate":"https:\/\/www.asesoriaorihuelacosta.com\/fr\/?s={search_term_string}"},"query-input":{"@type":"PropertyValueSpecification","valueRequired":true,"valueName":"search_term_string"}}],"inLanguage":"fr-FR"},{"@type":"Organization","@id":"https:\/\/www.asesoriaorihuelacosta.com\/fr\/#organization","name":"Asesor\u00eda Orihuela Costa","url":"https:\/\/www.asesoriaorihuelacosta.com\/fr\/","logo":{"@type":"ImageObject","inLanguage":"fr-FR","@id":"https:\/\/www.asesoriaorihuelacosta.com\/fr\/#\/schema\/logo\/image\/","url":"https:\/\/www.asesoriaorihuelacosta.com\/wp-content\/uploads\/2022\/06\/Logo-espa\u5bf8l-asesoriaorihuela.jpg","contentUrl":"https:\/\/www.asesoriaorihuelacosta.com\/wp-content\/uploads\/2022\/06\/Logo-espa\u5bf8l-asesoriaorihuela.jpg","width":588,"height":136,"caption":"Asesor\u00eda Orihuela Costa"},"image":{"@id":"https:\/\/www.asesoriaorihuelacosta.com\/fr\/#\/schema\/logo\/image\/"},"sameAs":["https:\/\/www.facebook.com\/asesoriaorihuelacosta"]},{"@type":"Person","@id":"https:\/\/www.asesoriaorihuelacosta.com\/fr\/#\/schema\/person\/6614ce8cf6d2de542aaf351629fd539e","name":"Patrick Gordinne Perez","description":"Soy economista colegiado por el colegio de economistas de Alicante con el n\u00famero 2722. Llevo ejerciendo desde el a\u00f1o 2005. Soy especialista en fiscalidad de empresas y aut\u00f3nomos y tambi\u00e9n especialista en gestionar compraventas. Hablo espa\u00f1ol, ingl\u00e9s y franc\u00e9s.","sameAs":["https:\/\/www.asesoriaorihuelacosta.com","https:\/\/www.facebook.com\/patrick.gordinneperez","https:\/\/www.linkedin.com\/in\/patrick-gordinne-perez-1b73aab3\/","https:\/\/www.youtube.com\/channel\/UC5e95RJEVQlxCnhwDmGNVCw"],"gender":"Hombre","knowsLanguage":["ingl\u00e9s","franc\u00e9s","espa\u00f1ol"],"jobTitle":"Gerente","worksFor":"Asesoria Orihuela Costa SL"}]}},"_links":{"self":[{"href":"https:\/\/www.asesoriaorihuelacosta.com\/fr\/wp-json\/wp\/v2\/posts\/34149","targetHints":{"allow":["GET"]}}],"collection":[{"href":"https:\/\/www.asesoriaorihuelacosta.com\/fr\/wp-json\/wp\/v2\/posts"}],"about":[{"href":"https:\/\/www.asesoriaorihuelacosta.com\/fr\/wp-json\/wp\/v2\/types\/post"}],"author":[{"embeddable":true,"href":"https:\/\/www.asesoriaorihuelacosta.com\/fr\/wp-json\/wp\/v2\/users\/2"}],"replies":[{"embeddable":true,"href":"https:\/\/www.asesoriaorihuelacosta.com\/fr\/wp-json\/wp\/v2\/comments?post=34149"}],"version-history":[{"count":17,"href":"https:\/\/www.asesoriaorihuelacosta.com\/fr\/wp-json\/wp\/v2\/posts\/34149\/revisions"}],"predecessor-version":[{"id":34166,"href":"https:\/\/www.asesoriaorihuelacosta.com\/fr\/wp-json\/wp\/v2\/posts\/34149\/revisions\/34166"}],"wp:featuredmedia":[{"embeddable":true,"href":"https:\/\/www.asesoriaorihuelacosta.com\/fr\/wp-json\/wp\/v2\/media\/32818"}],"wp:attachment":[{"href":"https:\/\/www.asesoriaorihuelacosta.com\/fr\/wp-json\/wp\/v2\/media?parent=34149"}],"wp:term":[{"taxonomy":"category","embeddable":true,"href":"https:\/\/www.asesoriaorihuelacosta.com\/fr\/wp-json\/wp\/v2\/categories?post=34149"},{"taxonomy":"post_tag","embeddable":true,"href":"https:\/\/www.asesoriaorihuelacosta.com\/fr\/wp-json\/wp\/v2\/tags?post=34149"}],"curies":[{"name":"wp","href":"https:\/\/api.w.org\/{rel}","templated":true}]}}