{"id":32428,"date":"2024-09-23T14:02:27","date_gmt":"2024-09-23T14:02:27","guid":{"rendered":"https:\/\/www.asesoriaorihuelacosta.com\/?p=32428"},"modified":"2024-10-03T17:49:28","modified_gmt":"2024-10-03T17:49:28","slug":"taxation-de-la-reduction-du-capital-avec-remboursement-des-actifs-aux-associe","status":"publish","type":"post","link":"https:\/\/www.asesoriaorihuelacosta.com\/fr\/taxation-de-la-reduction-du-capital-avec-remboursement-des-actifs-aux-associe\/","title":{"rendered":"Taxation de la r\u00e9duction du capital avec remboursement des actifs aux associ\u00e9 ?"},"content":{"rendered":"\t\t<div data-elementor-type=\"wp-post\" data-elementor-id=\"32428\" class=\"elementor elementor-32428\" data-elementor-post-type=\"post\">\n\t\t\t\t\t\t<section data-particle_enable=\"false\" data-particle-mobile-disabled=\"false\" class=\"elementor-section elementor-top-section elementor-element elementor-element-2915434 elementor-section-boxed elementor-section-height-default elementor-section-height-default\" data-id=\"2915434\" data-element_type=\"section\" data-e-type=\"section\">\r\n\t\t\r\n\t\t\t\t\t\t\t<div class=\"elementor-container elementor-column-gap-default\">\r\n\t\t\t\t\t\t\t\t\t\t\t<div class=\"elementor-column elementor-col-100 elementor-top-column elementor-element elementor-element-664174a\" data-id=\"664174a\" data-element_type=\"column\" data-e-type=\"column\">\r\n\t\t\t\t\t<div class=\"elementor-widget-wrap elementor-element-populated\">\r\n\t\t\t\t\t\t\t\t<div class=\"elementor-element elementor-element-ed39255 elementor-widget elementor-widget-text-editor\" data-id=\"ed39255\" data-element_type=\"widget\" data-e-type=\"widget\" data-widget_type=\"text-editor.default\">\n\t\t\t\t<div class=\"elementor-widget-container\">\n\t\t\t\t\t\t\t\t\t<p>La\u00a0<i><b>reducci\u00f3n de capital\u00a0<\/b><\/i>es una decisi\u00f3n que las empresas pueden tomar, en algunos casos, para redimensionar su actividad o estructura societaria. Indicamos si esta tributa y de qu\u00e9 manera. La <i><b>r\u00e9duction de capital <\/b><\/i>est une d\u00e9cision que les entreprises peuvent prendre, dans certains cas, pour redimensionner leur activit\u00e9 ou leur structure. Nous indiquons si et comment elle est tax\u00e9e.<\/p>\t\t\t\t\t\t\t\t<\/div>\n\t\t\t\t<\/div>\n\t\t\t\t\t<\/div>\r\n\t\t\t\t<\/div>\r\n\t\t\t\t\t<\/div>\r\n\t\t\t\t<\/section>\r\n\t\t\t\t<section data-particle_enable=\"false\" data-particle-mobile-disabled=\"false\" class=\"elementor-section elementor-top-section elementor-element elementor-element-697a84a elementor-section-boxed elementor-section-height-default elementor-section-height-default\" data-id=\"697a84a\" data-element_type=\"section\" data-e-type=\"section\">\r\n\t\t\r\n\t\t\t\t\t\t\t<div class=\"elementor-container elementor-column-gap-default\">\r\n\t\t\t\t\t\t\t\t\t\t\t<div class=\"elementor-column elementor-col-100 elementor-top-column elementor-element elementor-element-f0a175b\" data-id=\"f0a175b\" data-element_type=\"column\" data-e-type=\"column\">\r\n\t\t\t\t\t<div class=\"elementor-widget-wrap elementor-element-populated\">\r\n\t\t\t\t\t\t\t\t<div class=\"elementor-element elementor-element-6388532 elementor-widget elementor-widget-heading\" data-id=\"6388532\" data-element_type=\"widget\" data-e-type=\"widget\" data-widget_type=\"heading.default\">\n\t\t\t\t<div class=\"elementor-widget-container\">\n\t\t\t\t\t<h2 class=\"elementor-heading-title elementor-size-default\">Imposition d'une r\u00e9duction de capital avec remboursement des apports en capital<\/h2>\t\t\t\t<\/div>\n\t\t\t\t<\/div>\n\t\t\t\t\t<\/div>\r\n\t\t\t\t<\/div>\r\n\t\t\t\t\t<\/div>\r\n\t\t\t\t<\/section>\r\n\t\t\t\t<section data-particle_enable=\"false\" data-particle-mobile-disabled=\"false\" class=\"elementor-section elementor-top-section elementor-element elementor-element-181a537 elementor-section-boxed elementor-section-height-default elementor-section-height-default\" data-id=\"181a537\" data-element_type=\"section\" data-e-type=\"section\">\r\n\t\t\r\n\t\t\t\t\t\t\t<div class=\"elementor-container elementor-column-gap-default\">\r\n\t\t\t\t\t\t\t\t\t\t\t<div class=\"elementor-column elementor-col-100 elementor-top-column elementor-element elementor-element-6b60d87\" data-id=\"6b60d87\" data-element_type=\"column\" data-e-type=\"column\">\r\n\t\t\t\t\t<div class=\"elementor-widget-wrap elementor-element-populated\">\r\n\t\t\t\t\t\t\t\t<div class=\"elementor-element elementor-element-32d3453 elementor-widget elementor-widget-text-editor\" data-id=\"32d3453\" data-element_type=\"widget\" data-e-type=\"widget\" data-widget_type=\"text-editor.default\">\n\t\t\t\t<div class=\"elementor-widget-container\">\n\t\t\t\t\t\t\t\t\t<p>Les r\u00e9ductions de capital, lorsqu&rsquo;elles impliquent un <b>remboursement des apports<\/b> aux actionnaires, sont <b>imposables<\/b>.<\/p><p>Sans surprise, il s&rsquo;agit d&rsquo;un montant que ces personnes re\u00e7oivent et qui, par cons\u00e9quent, est soumis \u00e0 l&rsquo;imp\u00f4t.<\/p><p>En principe, il existe quatre types d&rsquo;imp\u00f4ts : l&rsquo;<a href=\"https:\/\/www.asesoriaorihuelacosta.com\/fr\/nouveautes-dans-le-itp-de-la-communaute-valencienne-et-le-itp-de-la-region-de-murcie-en-2024\/\">imp\u00f4t sur les transferts (ITP)<\/a> et l&rsquo;<a href=\"https:\/\/www.lamoncloa.gob.es\/serviciosdeprensa\/notasprensa\/hacienda\/Paginas\/2023\/220323-que-es-irpf-y-cuando-se-presenta.aspx\" rel=\"noopener\">imp\u00f4t sur le revenu des personnes physiques (IRPF)<\/a>; si l&rsquo;associ\u00e9 est un \u00e9tranger, l&rsquo;imp\u00f4t sur le revenu des non-r\u00e9sidents (IRNR) peut s&rsquo;appliquer. Si l&rsquo;entreprise est une personne morale, l&rsquo;imp\u00f4t sur les soci\u00e9t\u00e9s (IS) s&rsquo;applique.<\/p><p>Il est donc utile de conna\u00eetre les diff\u00e9rents cas de figure en fonction de leurs caract\u00e9ristiques. Nous allons voir ce qu&rsquo;il en est :<\/p><h3>1. r\u00e9duction de capital : droits de mutation (ITP).<\/h3><p>La r\u00e9duction du capital avec r\u00e9mun\u00e9ration des actionnaires est consid\u00e9r\u00e9e comme un <b>transfert d&rsquo;actifs <\/b>et, par cons\u00e9quent, est soumise \u00e0 l&rsquo;imp\u00f4t sur les transferts (ITP). Il convient de rappeler que cet imp\u00f4t, bien qu&rsquo;il s&rsquo;agisse d&rsquo;un imp\u00f4t d&rsquo;\u00c9tat, est d\u00e9volu aux communaut\u00e9s autonomes.<\/p><p>Le taux g\u00e9n\u00e9ral de l&rsquo;imp\u00f4t est de <b>1 % de la valeur<\/b> totale de la transaction. Selon le territoire, il devra \u00eatre r\u00e9gl\u00e9 dans les tr\u00e9soreries territoriales. En tout \u00e9tat de cause, il s&rsquo;agit d&rsquo;une question incontournable.<\/p><h3>2. l&rsquo;imp\u00f4t sur le revenu des personnes physiques (IRPF)<\/h3><p>En second lieu, cette op\u00e9ration est soumise \u00e0 l&rsquo;<b>imp\u00f4t sur le revenu des personnes physiques<\/b>. En ce sens, le crit\u00e8re \u00e0 prendre en compte est l&rsquo;existence de <b>b\u00e9n\u00e9fices<\/b>, de <b>revenus de capitaux mobiliers<\/b>.<\/p><p>Dans ce cas, il est n\u00e9cessaire d&rsquo;appliquer le taux d&rsquo;imposition correspondant, qui variera en fonction du montant des plus-values. Voyons ce qu&rsquo;il en est :<\/p><ul><li>Jusqu&rsquo;\u00e0 6 001 euros : <b>19 %.<\/b><\/li><li>Entre 6 001 et 50 0001 euros : <b>21 %.<\/b><\/li><li>Plus de 50 001 euros :<b> 23 %. <\/b>Il s&rsquo;agit du taux d&rsquo;imposition le plus \u00e9lev\u00e9.<\/li><\/ul><h3>3. Imp\u00f4t sur le revenu des non-r\u00e9sidents (IRNR)<\/h3><p>L&rsquo;<b>IRNR<\/b> est l&rsquo;alternative pour les non-r\u00e9sidents de payer leurs imp\u00f4ts en Espagne.<\/p><p>Les personnes qui ont des int\u00e9r\u00eats dans le pays ont \u00e9galement des obligations envers les autorit\u00e9s fiscales espagnoles.<\/p><p>Dans ce cas, l&rsquo;IRNR remplit \u00e0 peu pr\u00e8s la fonction de recouvrement de l&rsquo;IRPF, en la rempla\u00e7ant. Pour ce type d&rsquo;op\u00e9ration, le pr\u00e9compte mobilier s&rsquo;\u00e9l\u00e8ve \u00e0 <b>19 % <\/b>des revenus.<\/p><h3>4. Imp\u00f4t sur les soci\u00e9t\u00e9s (IS)<\/h3><p>C&rsquo;est le cas lorsque la personne qui quitte une entreprise est une <a href=\"https:\/\/www.sage.com\/es-es\/blog\/persona-juridica-que-es-tipos-y-como-se-regula\/\" rel=\"noopener\">personne morale<\/a>.<\/p><p>Et ce, qu&rsquo;il s&rsquo;agisse d&rsquo;une <a href=\"https:\/\/www.asesoriaorihuelacosta.com\/fr\/le-concept-de-sociedad-limitada-unipersonal-entreprise-unipersonnelle-a-responsabilite-limitee-en-espagne\/\">soci\u00e9t\u00e9 anonyme<\/a> ou d&rsquo;une soci\u00e9t\u00e9 \u00e0 responsabilit\u00e9 limit\u00e9e. Dans ce cas, elle doit \u00eatre r\u00e9gie par le taux de l <b>&lsquo;imp\u00f4t sur les soci\u00e9t\u00e9s<\/b>.<\/p><p>Toutefois, vous pouvez b\u00e9n\u00e9ficier d&rsquo;une exon\u00e9ration de 95 % du montant \u00e0 payer si vous d\u00e9tenez moins de 5 % du capital ou si cet apport a dur\u00e9 plus d&rsquo;un an.<\/p>\t\t\t\t\t\t\t\t<\/div>\n\t\t\t\t<\/div>\n\t\t\t\t\t<\/div>\r\n\t\t\t\t<\/div>\r\n\t\t\t\t\t<\/div>\r\n\t\t\t\t<\/section>\r\n\t\t\t\t<section data-particle_enable=\"false\" data-particle-mobile-disabled=\"false\" class=\"elementor-section elementor-top-section elementor-element elementor-element-c77fc74 elementor-section-boxed elementor-section-height-default elementor-section-height-default\" data-id=\"c77fc74\" data-element_type=\"section\" data-e-type=\"section\">\r\n\t\t\r\n\t\t\t\t\t\t\t<div class=\"elementor-container elementor-column-gap-default\">\r\n\t\t\t\t\t\t\t\t\t\t\t<div class=\"elementor-column elementor-col-100 elementor-top-column elementor-element elementor-element-c67f373\" data-id=\"c67f373\" data-element_type=\"column\" data-e-type=\"column\">\r\n\t\t\t\t\t<div class=\"elementor-widget-wrap elementor-element-populated\">\r\n\t\t\t\t\t\t\t\t<div class=\"elementor-element elementor-element-bc1ce65 elementor-widget elementor-widget-heading\" data-id=\"bc1ce65\" data-element_type=\"widget\" data-e-type=\"widget\" data-widget_type=\"heading.default\">\n\t\t\t\t<div class=\"elementor-widget-container\">\n\t\t\t\t\t<h2 class=\"elementor-heading-title elementor-size-default\">En bref...<\/h2>\t\t\t\t<\/div>\n\t\t\t\t<\/div>\n\t\t\t\t\t<\/div>\r\n\t\t\t\t<\/div>\r\n\t\t\t\t\t<\/div>\r\n\t\t\t\t<\/section>\r\n\t\t\t\t<section data-particle_enable=\"false\" data-particle-mobile-disabled=\"false\" class=\"elementor-section elementor-top-section elementor-element elementor-element-d116395 elementor-section-boxed elementor-section-height-default elementor-section-height-default\" data-id=\"d116395\" data-element_type=\"section\" data-e-type=\"section\">\r\n\t\t\r\n\t\t\t\t\t\t\t<div class=\"elementor-container elementor-column-gap-default\">\r\n\t\t\t\t\t\t\t\t\t\t\t<div class=\"elementor-column elementor-col-100 elementor-top-column elementor-element elementor-element-0a0d08b\" data-id=\"0a0d08b\" data-element_type=\"column\" data-e-type=\"column\">\r\n\t\t\t\t\t<div class=\"elementor-widget-wrap elementor-element-populated\">\r\n\t\t\t\t\t\t\t\t<div class=\"elementor-element elementor-element-c21847a elementor-widget elementor-widget-text-editor\" data-id=\"c21847a\" data-element_type=\"widget\" data-e-type=\"widget\" data-widget_type=\"text-editor.default\">\n\t\t\t\t<div class=\"elementor-widget-container\">\n\t\t\t\t\t\t\t\t\t<p>La r\u00e9duction du capital vous oblige \u00e0 payer des imp\u00f4ts, en fonction des circonstances et du lieu de r\u00e9sidence. \u00cates-vous concern\u00e9 par cette op\u00e9ration ?<\/p><p>Chez <a href=\"https:\/\/www.asesoriaorihuelacosta.com\/fr\/\">Asesor\u00eda Orihuela Costa<\/a>, nous vous dirons quelles sont les exigences fiscales \u00e0 respecter dans votre cas particulier.<\/p><p>Contactez-nous pour plus d&rsquo;informations et nous vous renseignerons sans engagement !<\/p>\t\t\t\t\t\t\t\t<\/div>\n\t\t\t\t<\/div>\n\t\t\t\t\t<\/div>\r\n\t\t\t\t<\/div>\r\n\t\t\t\t\t<\/div>\r\n\t\t\t\t<\/section>\r\n\t\t\t\t<\/div>\n\t\t","protected":false},"excerpt":{"rendered":"<p>La\u00a0reducci\u00f3n de capital\u00a0es una decisi\u00f3n que las empresas pueden tomar, en algunos casos, para redimensionar su actividad o estructura societaria. Indicamos si esta tributa y de qu\u00e9 manera. La r\u00e9duction de capital est une d\u00e9cision que les entreprises peuvent prendre, dans certains cas, pour redimensionner leur activit\u00e9 ou leur structure. Nous indiquons si et comment [&hellip;]<\/p>\n","protected":false},"author":2,"featured_media":29920,"comment_status":"closed","ping_status":"closed","sticky":false,"template":"","format":"standard","meta":{"_eb_attr":"","inline_featured_image":false,"footnotes":""},"categories":[46],"tags":[],"class_list":["post-32428","post","type-post","status-publish","format-standard","has-post-thumbnail","hentry","category-blog"],"featured_image_src":{"landsacpe":["https:\/\/www.asesoriaorihuelacosta.com\/wp-content\/uploads\/2024\/08\/tributa-reduccion-capital-devolucion-aportaciones-socios-1026-1000x445.jpg",1000,445,true],"list":["https:\/\/www.asesoriaorihuelacosta.com\/wp-content\/uploads\/2024\/08\/tributa-reduccion-capital-devolucion-aportaciones-socios-1026-463x348.jpg",463,348,true],"medium":["https:\/\/www.asesoriaorihuelacosta.com\/wp-content\/uploads\/2024\/08\/tributa-reduccion-capital-devolucion-aportaciones-socios-1026-300x240.jpg",300,240,true],"full":["https:\/\/www.asesoriaorihuelacosta.com\/wp-content\/uploads\/2024\/08\/tributa-reduccion-capital-devolucion-aportaciones-socios-1026.jpg",1000,800,false]},"yoast_head":"<!-- This site is optimized with the Yoast SEO Premium plugin v24.7 (Yoast SEO v27.5) - https:\/\/yoast.com\/product\/yoast-seo-premium-wordpress\/ -->\n<title>\u27a2 R\u00c9DUCTION DU CAPITAL, taxation avec remboursement - Asesor\u00eda Orihuela Costa<\/title>\n<meta name=\"description\" content=\"\u27a2 La R\u00c9DUCTION du CAPITAL avec le REMBOURSEMENT des apports aux tributs sociaux d&#039;une forme d\u00e9termin\u00e9e. \u27a2 L&#039;explication dans notre article!\" \/>\n<meta name=\"robots\" content=\"index, follow, max-snippet:-1, max-image-preview:large, max-video-preview:-1\" \/>\n<link rel=\"canonical\" href=\"https:\/\/www.asesoriaorihuelacosta.com\/fr\/taxation-de-la-reduction-du-capital-avec-remboursement-des-actifs-aux-associe\/\" \/>\n<meta property=\"og:locale\" content=\"fr_FR\" \/>\n<meta property=\"og:type\" content=\"article\" \/>\n<meta property=\"og:title\" content=\"Taxation de la r\u00e9duction du capital avec remboursement des actifs aux associ\u00e9 ?\" \/>\n<meta property=\"og:description\" content=\"\u27a2 La R\u00c9DUCTION du CAPITAL avec le REMBOURSEMENT des apports aux tributs sociaux d&#039;une forme d\u00e9termin\u00e9e. \u27a2 L&#039;explication dans notre article!\" \/>\n<meta property=\"og:url\" content=\"https:\/\/www.asesoriaorihuelacosta.com\/fr\/taxation-de-la-reduction-du-capital-avec-remboursement-des-actifs-aux-associe\/\" \/>\n<meta property=\"og:site_name\" content=\"Asesor\u00eda Orihuela Costa\" \/>\n<meta property=\"article:publisher\" content=\"https:\/\/www.facebook.com\/asesoriaorihuelacosta\" \/>\n<meta property=\"article:author\" content=\"https:\/\/www.facebook.com\/patrick.gordinneperez\" \/>\n<meta property=\"article:published_time\" content=\"2024-09-23T14:02:27+00:00\" \/>\n<meta property=\"article:modified_time\" content=\"2024-10-03T17:49:28+00:00\" \/>\n<meta property=\"og:image\" content=\"https:\/\/www.asesoriaorihuelacosta.com\/wp-content\/uploads\/2024\/08\/tributa-reduccion-capital-devolucion-aportaciones-socios-1026.jpg\" \/>\n\t<meta property=\"og:image:width\" content=\"1000\" \/>\n\t<meta property=\"og:image:height\" content=\"800\" \/>\n\t<meta property=\"og:image:type\" content=\"image\/jpeg\" \/>\n<meta name=\"author\" content=\"Patrick Gordinne Perez\" \/>\n<meta name=\"twitter:card\" content=\"summary_large_image\" \/>\n<meta name=\"twitter:label1\" content=\"\u00c9crit par\" \/>\n\t<meta name=\"twitter:data1\" content=\"Patrick Gordinne Perez\" \/>\n\t<meta name=\"twitter:label2\" content=\"Dur\u00e9e de lecture estim\u00e9e\" \/>\n\t<meta name=\"twitter:data2\" content=\"3 minutes\" \/>\n<script type=\"application\/ld+json\" class=\"yoast-schema-graph\">{\"@context\":\"https:\\\/\\\/schema.org\",\"@graph\":[{\"@type\":\"Article\",\"@id\":\"https:\\\/\\\/www.asesoriaorihuelacosta.com\\\/fr\\\/taxation-de-la-reduction-du-capital-avec-remboursement-des-actifs-aux-associe\\\/#article\",\"isPartOf\":{\"@id\":\"https:\\\/\\\/www.asesoriaorihuelacosta.com\\\/fr\\\/taxation-de-la-reduction-du-capital-avec-remboursement-des-actifs-aux-associe\\\/\"},\"author\":{\"name\":\"Patrick Gordinne Perez\",\"@id\":\"https:\\\/\\\/www.asesoriaorihuelacosta.com\\\/fr\\\/#\\\/schema\\\/person\\\/6614ce8cf6d2de542aaf351629fd539e\"},\"headline\":\"Taxation de la r\u00e9duction du capital avec remboursement des actifs aux associ\u00e9 ?\",\"datePublished\":\"2024-09-23T14:02:27+00:00\",\"dateModified\":\"2024-10-03T17:49:28+00:00\",\"mainEntityOfPage\":{\"@id\":\"https:\\\/\\\/www.asesoriaorihuelacosta.com\\\/fr\\\/taxation-de-la-reduction-du-capital-avec-remboursement-des-actifs-aux-associe\\\/\"},\"wordCount\":658,\"publisher\":{\"@id\":\"https:\\\/\\\/www.asesoriaorihuelacosta.com\\\/fr\\\/#organization\"},\"image\":{\"@id\":\"https:\\\/\\\/www.asesoriaorihuelacosta.com\\\/fr\\\/taxation-de-la-reduction-du-capital-avec-remboursement-des-actifs-aux-associe\\\/#primaryimage\"},\"thumbnailUrl\":\"https:\\\/\\\/www.asesoriaorihuelacosta.com\\\/wp-content\\\/uploads\\\/2024\\\/08\\\/tributa-reduccion-capital-devolucion-aportaciones-socios-1026.jpg\",\"articleSection\":[\"Blog\"],\"inLanguage\":\"fr-FR\"},{\"@type\":\"WebPage\",\"@id\":\"https:\\\/\\\/www.asesoriaorihuelacosta.com\\\/fr\\\/taxation-de-la-reduction-du-capital-avec-remboursement-des-actifs-aux-associe\\\/\",\"url\":\"https:\\\/\\\/www.asesoriaorihuelacosta.com\\\/fr\\\/taxation-de-la-reduction-du-capital-avec-remboursement-des-actifs-aux-associe\\\/\",\"name\":\"\u27a2 R\u00c9DUCTION DU CAPITAL, taxation avec remboursement - Asesor\u00eda Orihuela Costa\",\"isPartOf\":{\"@id\":\"https:\\\/\\\/www.asesoriaorihuelacosta.com\\\/fr\\\/#website\"},\"primaryImageOfPage\":{\"@id\":\"https:\\\/\\\/www.asesoriaorihuelacosta.com\\\/fr\\\/taxation-de-la-reduction-du-capital-avec-remboursement-des-actifs-aux-associe\\\/#primaryimage\"},\"image\":{\"@id\":\"https:\\\/\\\/www.asesoriaorihuelacosta.com\\\/fr\\\/taxation-de-la-reduction-du-capital-avec-remboursement-des-actifs-aux-associe\\\/#primaryimage\"},\"thumbnailUrl\":\"https:\\\/\\\/www.asesoriaorihuelacosta.com\\\/wp-content\\\/uploads\\\/2024\\\/08\\\/tributa-reduccion-capital-devolucion-aportaciones-socios-1026.jpg\",\"datePublished\":\"2024-09-23T14:02:27+00:00\",\"dateModified\":\"2024-10-03T17:49:28+00:00\",\"description\":\"\u27a2 La R\u00c9DUCTION du CAPITAL avec le REMBOURSEMENT des apports aux tributs sociaux d'une forme d\u00e9termin\u00e9e. \u27a2 L'explication dans notre article!\",\"breadcrumb\":{\"@id\":\"https:\\\/\\\/www.asesoriaorihuelacosta.com\\\/fr\\\/taxation-de-la-reduction-du-capital-avec-remboursement-des-actifs-aux-associe\\\/#breadcrumb\"},\"inLanguage\":\"fr-FR\",\"potentialAction\":[{\"@type\":\"ReadAction\",\"target\":[\"https:\\\/\\\/www.asesoriaorihuelacosta.com\\\/fr\\\/taxation-de-la-reduction-du-capital-avec-remboursement-des-actifs-aux-associe\\\/\"]}]},{\"@type\":\"ImageObject\",\"inLanguage\":\"fr-FR\",\"@id\":\"https:\\\/\\\/www.asesoriaorihuelacosta.com\\\/fr\\\/taxation-de-la-reduction-du-capital-avec-remboursement-des-actifs-aux-associe\\\/#primaryimage\",\"url\":\"https:\\\/\\\/www.asesoriaorihuelacosta.com\\\/wp-content\\\/uploads\\\/2024\\\/08\\\/tributa-reduccion-capital-devolucion-aportaciones-socios-1026.jpg\",\"contentUrl\":\"https:\\\/\\\/www.asesoriaorihuelacosta.com\\\/wp-content\\\/uploads\\\/2024\\\/08\\\/tributa-reduccion-capital-devolucion-aportaciones-socios-1026.jpg\",\"width\":1000,\"height\":800,\"caption\":\"tributa-reduccion-capital-devolucion-aportaciones-socios-1026\"},{\"@type\":\"BreadcrumbList\",\"@id\":\"https:\\\/\\\/www.asesoriaorihuelacosta.com\\\/fr\\\/taxation-de-la-reduction-du-capital-avec-remboursement-des-actifs-aux-associe\\\/#breadcrumb\",\"itemListElement\":[{\"@type\":\"ListItem\",\"position\":1,\"name\":\"Home\",\"item\":\"https:\\\/\\\/www.asesoriaorihuelacosta.com\\\/fr\\\/\"},{\"@type\":\"ListItem\",\"position\":2,\"name\":\"Taxation de la r\u00e9duction du capital avec remboursement des actifs aux associ\u00e9 ?\"}]},{\"@type\":\"WebSite\",\"@id\":\"https:\\\/\\\/www.asesoriaorihuelacosta.com\\\/fr\\\/#website\",\"url\":\"https:\\\/\\\/www.asesoriaorihuelacosta.com\\\/fr\\\/\",\"name\":\"https:\\\/\\\/www.asesoriaorihuelacosta.com\\\/\",\"description\":\"Grupo de asesores profesionales\",\"publisher\":{\"@id\":\"https:\\\/\\\/www.asesoriaorihuelacosta.com\\\/fr\\\/#organization\"},\"potentialAction\":[{\"@type\":\"SearchAction\",\"target\":{\"@type\":\"EntryPoint\",\"urlTemplate\":\"https:\\\/\\\/www.asesoriaorihuelacosta.com\\\/fr\\\/?s={search_term_string}\"},\"query-input\":{\"@type\":\"PropertyValueSpecification\",\"valueRequired\":true,\"valueName\":\"search_term_string\"}}],\"inLanguage\":\"fr-FR\"},{\"@type\":\"Organization\",\"@id\":\"https:\\\/\\\/www.asesoriaorihuelacosta.com\\\/fr\\\/#organization\",\"name\":\"Asesor\u00eda Orihuela Costa\",\"url\":\"https:\\\/\\\/www.asesoriaorihuelacosta.com\\\/fr\\\/\",\"logo\":{\"@type\":\"ImageObject\",\"inLanguage\":\"fr-FR\",\"@id\":\"https:\\\/\\\/www.asesoriaorihuelacosta.com\\\/fr\\\/#\\\/schema\\\/logo\\\/image\\\/\",\"url\":\"https:\\\/\\\/www.asesoriaorihuelacosta.com\\\/wp-content\\\/uploads\\\/2022\\\/06\\\/Logo-espa\u5bf8l-asesoriaorihuela.jpg\",\"contentUrl\":\"https:\\\/\\\/www.asesoriaorihuelacosta.com\\\/wp-content\\\/uploads\\\/2022\\\/06\\\/Logo-espa\u5bf8l-asesoriaorihuela.jpg\",\"width\":588,\"height\":136,\"caption\":\"Asesor\u00eda Orihuela Costa\"},\"image\":{\"@id\":\"https:\\\/\\\/www.asesoriaorihuelacosta.com\\\/fr\\\/#\\\/schema\\\/logo\\\/image\\\/\"},\"sameAs\":[\"https:\\\/\\\/www.facebook.com\\\/asesoriaorihuelacosta\"]},{\"@type\":\"Person\",\"@id\":\"https:\\\/\\\/www.asesoriaorihuelacosta.com\\\/fr\\\/#\\\/schema\\\/person\\\/6614ce8cf6d2de542aaf351629fd539e\",\"name\":\"Patrick Gordinne Perez\",\"description\":\"Soy economista colegiado por el colegio de economistas de Alicante con el n\u00famero 2722. Llevo ejerciendo desde el a\u00f1o 2005. Soy especialista en fiscalidad de empresas y aut\u00f3nomos y tambi\u00e9n especialista en gestionar compraventas. Hablo espa\u00f1ol, ingl\u00e9s y franc\u00e9s.\",\"sameAs\":[\"https:\\\/\\\/www.asesoriaorihuelacosta.com\",\"https:\\\/\\\/www.facebook.com\\\/patrick.gordinneperez\",\"https:\\\/\\\/www.linkedin.com\\\/in\\\/patrick-gordinne-perez-1b73aab3\\\/\",\"https:\\\/\\\/www.youtube.com\\\/channel\\\/UC5e95RJEVQlxCnhwDmGNVCw\"],\"gender\":\"Hombre\",\"knowsLanguage\":[\"ingl\u00e9s\",\"franc\u00e9s\",\"espa\u00f1ol\"],\"jobTitle\":\"Gerente\",\"worksFor\":\"Asesoria Orihuela Costa SL\"}]}<\/script>\n<!-- \/ Yoast SEO Premium plugin. -->","yoast_head_json":{"title":"\u27a2 R\u00c9DUCTION DU CAPITAL, taxation avec remboursement - Asesor\u00eda Orihuela Costa","description":"\u27a2 La R\u00c9DUCTION du CAPITAL avec le REMBOURSEMENT des apports aux tributs sociaux d'une forme d\u00e9termin\u00e9e. \u27a2 L'explication dans notre article!","robots":{"index":"index","follow":"follow","max-snippet":"max-snippet:-1","max-image-preview":"max-image-preview:large","max-video-preview":"max-video-preview:-1"},"canonical":"https:\/\/www.asesoriaorihuelacosta.com\/fr\/taxation-de-la-reduction-du-capital-avec-remboursement-des-actifs-aux-associe\/","og_locale":"fr_FR","og_type":"article","og_title":"Taxation de la r\u00e9duction du capital avec remboursement des actifs aux associ\u00e9 ?","og_description":"\u27a2 La R\u00c9DUCTION du CAPITAL avec le REMBOURSEMENT des apports aux tributs sociaux d'une forme d\u00e9termin\u00e9e. \u27a2 L'explication dans notre article!","og_url":"https:\/\/www.asesoriaorihuelacosta.com\/fr\/taxation-de-la-reduction-du-capital-avec-remboursement-des-actifs-aux-associe\/","og_site_name":"Asesor\u00eda Orihuela Costa","article_publisher":"https:\/\/www.facebook.com\/asesoriaorihuelacosta","article_author":"https:\/\/www.facebook.com\/patrick.gordinneperez","article_published_time":"2024-09-23T14:02:27+00:00","article_modified_time":"2024-10-03T17:49:28+00:00","og_image":[{"width":1000,"height":800,"url":"https:\/\/www.asesoriaorihuelacosta.com\/wp-content\/uploads\/2024\/08\/tributa-reduccion-capital-devolucion-aportaciones-socios-1026.jpg","type":"image\/jpeg"}],"author":"Patrick Gordinne Perez","twitter_card":"summary_large_image","twitter_misc":{"\u00c9crit par":"Patrick Gordinne Perez","Dur\u00e9e de lecture estim\u00e9e":"3 minutes"},"schema":{"@context":"https:\/\/schema.org","@graph":[{"@type":"Article","@id":"https:\/\/www.asesoriaorihuelacosta.com\/fr\/taxation-de-la-reduction-du-capital-avec-remboursement-des-actifs-aux-associe\/#article","isPartOf":{"@id":"https:\/\/www.asesoriaorihuelacosta.com\/fr\/taxation-de-la-reduction-du-capital-avec-remboursement-des-actifs-aux-associe\/"},"author":{"name":"Patrick Gordinne Perez","@id":"https:\/\/www.asesoriaorihuelacosta.com\/fr\/#\/schema\/person\/6614ce8cf6d2de542aaf351629fd539e"},"headline":"Taxation de la r\u00e9duction du capital avec remboursement des actifs aux associ\u00e9 ?","datePublished":"2024-09-23T14:02:27+00:00","dateModified":"2024-10-03T17:49:28+00:00","mainEntityOfPage":{"@id":"https:\/\/www.asesoriaorihuelacosta.com\/fr\/taxation-de-la-reduction-du-capital-avec-remboursement-des-actifs-aux-associe\/"},"wordCount":658,"publisher":{"@id":"https:\/\/www.asesoriaorihuelacosta.com\/fr\/#organization"},"image":{"@id":"https:\/\/www.asesoriaorihuelacosta.com\/fr\/taxation-de-la-reduction-du-capital-avec-remboursement-des-actifs-aux-associe\/#primaryimage"},"thumbnailUrl":"https:\/\/www.asesoriaorihuelacosta.com\/wp-content\/uploads\/2024\/08\/tributa-reduccion-capital-devolucion-aportaciones-socios-1026.jpg","articleSection":["Blog"],"inLanguage":"fr-FR"},{"@type":"WebPage","@id":"https:\/\/www.asesoriaorihuelacosta.com\/fr\/taxation-de-la-reduction-du-capital-avec-remboursement-des-actifs-aux-associe\/","url":"https:\/\/www.asesoriaorihuelacosta.com\/fr\/taxation-de-la-reduction-du-capital-avec-remboursement-des-actifs-aux-associe\/","name":"\u27a2 R\u00c9DUCTION DU CAPITAL, taxation avec remboursement - Asesor\u00eda Orihuela Costa","isPartOf":{"@id":"https:\/\/www.asesoriaorihuelacosta.com\/fr\/#website"},"primaryImageOfPage":{"@id":"https:\/\/www.asesoriaorihuelacosta.com\/fr\/taxation-de-la-reduction-du-capital-avec-remboursement-des-actifs-aux-associe\/#primaryimage"},"image":{"@id":"https:\/\/www.asesoriaorihuelacosta.com\/fr\/taxation-de-la-reduction-du-capital-avec-remboursement-des-actifs-aux-associe\/#primaryimage"},"thumbnailUrl":"https:\/\/www.asesoriaorihuelacosta.com\/wp-content\/uploads\/2024\/08\/tributa-reduccion-capital-devolucion-aportaciones-socios-1026.jpg","datePublished":"2024-09-23T14:02:27+00:00","dateModified":"2024-10-03T17:49:28+00:00","description":"\u27a2 La R\u00c9DUCTION du CAPITAL avec le REMBOURSEMENT des apports aux tributs sociaux d'une forme d\u00e9termin\u00e9e. \u27a2 L'explication dans notre article!","breadcrumb":{"@id":"https:\/\/www.asesoriaorihuelacosta.com\/fr\/taxation-de-la-reduction-du-capital-avec-remboursement-des-actifs-aux-associe\/#breadcrumb"},"inLanguage":"fr-FR","potentialAction":[{"@type":"ReadAction","target":["https:\/\/www.asesoriaorihuelacosta.com\/fr\/taxation-de-la-reduction-du-capital-avec-remboursement-des-actifs-aux-associe\/"]}]},{"@type":"ImageObject","inLanguage":"fr-FR","@id":"https:\/\/www.asesoriaorihuelacosta.com\/fr\/taxation-de-la-reduction-du-capital-avec-remboursement-des-actifs-aux-associe\/#primaryimage","url":"https:\/\/www.asesoriaorihuelacosta.com\/wp-content\/uploads\/2024\/08\/tributa-reduccion-capital-devolucion-aportaciones-socios-1026.jpg","contentUrl":"https:\/\/www.asesoriaorihuelacosta.com\/wp-content\/uploads\/2024\/08\/tributa-reduccion-capital-devolucion-aportaciones-socios-1026.jpg","width":1000,"height":800,"caption":"tributa-reduccion-capital-devolucion-aportaciones-socios-1026"},{"@type":"BreadcrumbList","@id":"https:\/\/www.asesoriaorihuelacosta.com\/fr\/taxation-de-la-reduction-du-capital-avec-remboursement-des-actifs-aux-associe\/#breadcrumb","itemListElement":[{"@type":"ListItem","position":1,"name":"Home","item":"https:\/\/www.asesoriaorihuelacosta.com\/fr\/"},{"@type":"ListItem","position":2,"name":"Taxation de la r\u00e9duction du capital avec remboursement des actifs aux associ\u00e9 ?"}]},{"@type":"WebSite","@id":"https:\/\/www.asesoriaorihuelacosta.com\/fr\/#website","url":"https:\/\/www.asesoriaorihuelacosta.com\/fr\/","name":"https:\/\/www.asesoriaorihuelacosta.com\/","description":"Grupo de asesores profesionales","publisher":{"@id":"https:\/\/www.asesoriaorihuelacosta.com\/fr\/#organization"},"potentialAction":[{"@type":"SearchAction","target":{"@type":"EntryPoint","urlTemplate":"https:\/\/www.asesoriaorihuelacosta.com\/fr\/?s={search_term_string}"},"query-input":{"@type":"PropertyValueSpecification","valueRequired":true,"valueName":"search_term_string"}}],"inLanguage":"fr-FR"},{"@type":"Organization","@id":"https:\/\/www.asesoriaorihuelacosta.com\/fr\/#organization","name":"Asesor\u00eda Orihuela Costa","url":"https:\/\/www.asesoriaorihuelacosta.com\/fr\/","logo":{"@type":"ImageObject","inLanguage":"fr-FR","@id":"https:\/\/www.asesoriaorihuelacosta.com\/fr\/#\/schema\/logo\/image\/","url":"https:\/\/www.asesoriaorihuelacosta.com\/wp-content\/uploads\/2022\/06\/Logo-espa\u5bf8l-asesoriaorihuela.jpg","contentUrl":"https:\/\/www.asesoriaorihuelacosta.com\/wp-content\/uploads\/2022\/06\/Logo-espa\u5bf8l-asesoriaorihuela.jpg","width":588,"height":136,"caption":"Asesor\u00eda Orihuela Costa"},"image":{"@id":"https:\/\/www.asesoriaorihuelacosta.com\/fr\/#\/schema\/logo\/image\/"},"sameAs":["https:\/\/www.facebook.com\/asesoriaorihuelacosta"]},{"@type":"Person","@id":"https:\/\/www.asesoriaorihuelacosta.com\/fr\/#\/schema\/person\/6614ce8cf6d2de542aaf351629fd539e","name":"Patrick Gordinne Perez","description":"Soy economista colegiado por el colegio de economistas de Alicante con el n\u00famero 2722. Llevo ejerciendo desde el a\u00f1o 2005. Soy especialista en fiscalidad de empresas y aut\u00f3nomos y tambi\u00e9n especialista en gestionar compraventas. Hablo espa\u00f1ol, ingl\u00e9s y franc\u00e9s.","sameAs":["https:\/\/www.asesoriaorihuelacosta.com","https:\/\/www.facebook.com\/patrick.gordinneperez","https:\/\/www.linkedin.com\/in\/patrick-gordinne-perez-1b73aab3\/","https:\/\/www.youtube.com\/channel\/UC5e95RJEVQlxCnhwDmGNVCw"],"gender":"Hombre","knowsLanguage":["ingl\u00e9s","franc\u00e9s","espa\u00f1ol"],"jobTitle":"Gerente","worksFor":"Asesoria Orihuela Costa SL"}]}},"_links":{"self":[{"href":"https:\/\/www.asesoriaorihuelacosta.com\/fr\/wp-json\/wp\/v2\/posts\/32428","targetHints":{"allow":["GET"]}}],"collection":[{"href":"https:\/\/www.asesoriaorihuelacosta.com\/fr\/wp-json\/wp\/v2\/posts"}],"about":[{"href":"https:\/\/www.asesoriaorihuelacosta.com\/fr\/wp-json\/wp\/v2\/types\/post"}],"author":[{"embeddable":true,"href":"https:\/\/www.asesoriaorihuelacosta.com\/fr\/wp-json\/wp\/v2\/users\/2"}],"replies":[{"embeddable":true,"href":"https:\/\/www.asesoriaorihuelacosta.com\/fr\/wp-json\/wp\/v2\/comments?post=32428"}],"version-history":[{"count":15,"href":"https:\/\/www.asesoriaorihuelacosta.com\/fr\/wp-json\/wp\/v2\/posts\/32428\/revisions"}],"predecessor-version":[{"id":32443,"href":"https:\/\/www.asesoriaorihuelacosta.com\/fr\/wp-json\/wp\/v2\/posts\/32428\/revisions\/32443"}],"wp:featuredmedia":[{"embeddable":true,"href":"https:\/\/www.asesoriaorihuelacosta.com\/fr\/wp-json\/wp\/v2\/media\/29920"}],"wp:attachment":[{"href":"https:\/\/www.asesoriaorihuelacosta.com\/fr\/wp-json\/wp\/v2\/media?parent=32428"}],"wp:term":[{"taxonomy":"category","embeddable":true,"href":"https:\/\/www.asesoriaorihuelacosta.com\/fr\/wp-json\/wp\/v2\/categories?post=32428"},{"taxonomy":"post_tag","embeddable":true,"href":"https:\/\/www.asesoriaorihuelacosta.com\/fr\/wp-json\/wp\/v2\/tags?post=32428"}],"curies":[{"name":"wp","href":"https:\/\/api.w.org\/{rel}","templated":true}]}}