{"id":32154,"date":"2024-09-09T09:19:11","date_gmt":"2024-09-09T09:19:11","guid":{"rendered":"https:\/\/www.asesoriaorihuelacosta.com\/?p=32154"},"modified":"2024-09-29T04:50:31","modified_gmt":"2024-09-29T04:50:31","slug":"prescription-de-plus-values-injustifiees-en-espagne","status":"publish","type":"post","link":"https:\/\/www.asesoriaorihuelacosta.com\/fr\/prescription-de-plus-values-injustifiees-en-espagne\/","title":{"rendered":"Prescription de plus-values \u200b\u200binjustifi\u00e9es en Espagne"},"content":{"rendered":"\t\t<div data-elementor-type=\"wp-post\" data-elementor-id=\"32154\" class=\"elementor elementor-32154\" data-elementor-post-type=\"post\">\n\t\t\t\t\t\t<section data-particle_enable=\"false\" data-particle-mobile-disabled=\"false\" class=\"elementor-section elementor-top-section elementor-element elementor-element-c1f290f elementor-section-boxed elementor-section-height-default elementor-section-height-default\" data-id=\"c1f290f\" data-element_type=\"section\" data-e-type=\"section\">\r\n\t\t\r\n\t\t\t\t\t\t\t<div class=\"elementor-container elementor-column-gap-default\">\r\n\t\t\t\t\t\t\t\t\t\t\t<div class=\"elementor-column elementor-col-100 elementor-top-column elementor-element elementor-element-dbd2545\" data-id=\"dbd2545\" data-element_type=\"column\" data-e-type=\"column\">\r\n\t\t\t\t\t<div class=\"elementor-widget-wrap elementor-element-populated\">\r\n\t\t\t\t\t\t\t\t<div class=\"elementor-element elementor-element-dd8fdaa elementor-widget elementor-widget-text-editor\" data-id=\"dd8fdaa\" data-element_type=\"widget\" data-e-type=\"widget\" data-widget_type=\"text-editor.default\">\n\t\t\t\t<div class=\"elementor-widget-container\">\n\t\t\t\t\t\t\t\t\t<p>Les plus-values \u200b\u200binjustifi\u00e9es sont celles que le contribuable ne peut prouver l\u00e9galement et de mani\u00e8re transparente dans sa d\u00e9claration d\u2019imp\u00f4t sur le revenu des personnes physiques (IRPF). En Espagne, ces b\u00e9n\u00e9fices font g\u00e9n\u00e9ralement l&rsquo;objet d&rsquo;une enqu\u00eate de la part de l&rsquo;administration fiscale et, s&rsquo;ils ne peuvent \u00eatre justifi\u00e9s, ils peuvent entra\u00eener des p\u00e9nalit\u00e9s fiscales consid\u00e9rables.<\/p>\t\t\t\t\t\t\t\t<\/div>\n\t\t\t\t<\/div>\n\t\t\t\t\t<\/div>\r\n\t\t\t\t<\/div>\r\n\t\t\t\t\t<\/div>\r\n\t\t\t\t<\/section>\r\n\t\t\t\t<section data-particle_enable=\"false\" data-particle-mobile-disabled=\"false\" class=\"elementor-section elementor-top-section elementor-element elementor-element-ea4ccf5 elementor-section-boxed elementor-section-height-default elementor-section-height-default\" data-id=\"ea4ccf5\" data-element_type=\"section\" data-e-type=\"section\">\r\n\t\t\r\n\t\t\t\t\t\t\t<div class=\"elementor-container elementor-column-gap-default\">\r\n\t\t\t\t\t\t\t\t\t\t\t<div class=\"elementor-column elementor-col-100 elementor-top-column elementor-element elementor-element-52b21aa\" data-id=\"52b21aa\" data-element_type=\"column\" data-e-type=\"column\">\r\n\t\t\t\t\t<div class=\"elementor-widget-wrap elementor-element-populated\">\r\n\t\t\t\t\t\t\t\t<div class=\"elementor-element elementor-element-37fa56a elementor-widget elementor-widget-heading\" data-id=\"37fa56a\" data-element_type=\"widget\" data-e-type=\"widget\" data-widget_type=\"heading.default\">\n\t\t\t\t<div class=\"elementor-widget-container\">\n\t\t\t\t\t<h2 class=\"elementor-heading-title elementor-size-default\">Que sont les plus-values \u200b\u200binjustifi\u00e9es ?<\/h2>\t\t\t\t<\/div>\n\t\t\t\t<\/div>\n\t\t\t\t\t<\/div>\r\n\t\t\t\t<\/div>\r\n\t\t\t\t\t<\/div>\r\n\t\t\t\t<\/section>\r\n\t\t\t\t<section data-particle_enable=\"false\" data-particle-mobile-disabled=\"false\" class=\"elementor-section elementor-top-section elementor-element elementor-element-2dbfb67 elementor-section-boxed elementor-section-height-default elementor-section-height-default\" data-id=\"2dbfb67\" data-element_type=\"section\" data-e-type=\"section\">\r\n\t\t\r\n\t\t\t\t\t\t\t<div class=\"elementor-container elementor-column-gap-default\">\r\n\t\t\t\t\t\t\t\t\t\t\t<div class=\"elementor-column elementor-col-100 elementor-top-column elementor-element elementor-element-42b0d8f\" data-id=\"42b0d8f\" data-element_type=\"column\" data-e-type=\"column\">\r\n\t\t\t\t\t<div class=\"elementor-widget-wrap elementor-element-populated\">\r\n\t\t\t\t\t\t\t\t<div class=\"elementor-element elementor-element-9fe1b1f elementor-widget-mobile__width-initial elementor-widget elementor-widget-text-editor\" data-id=\"9fe1b1f\" data-element_type=\"widget\" data-e-type=\"widget\" data-widget_type=\"text-editor.default\">\n\t\t\t\t<div class=\"elementor-widget-container\">\n\t\t\t\t\t\t\t\t\t<p>Les plus-values \u200b\u200binjustifi\u00e9es font r\u00e9f\u00e9rence aux augmentations des actifs d&rsquo;un contribuable qui ne peuvent \u00eatre expliqu\u00e9es par le revenu d\u00e9clar\u00e9 ou par toute autre source l\u00e9gale de revenu. Ces b\u00e9n\u00e9fices peuvent provenir, par exemple, d&rsquo;op\u00e9rations non d\u00e9clar\u00e9es, d&rsquo;encaissements injustifi\u00e9s ou d&rsquo;acquisitions de biens sans preuve des ressources financi\u00e8res utilis\u00e9es pour l&rsquo;achat.<\/p><p>Dans le cadre de la loi relative \u00e0 l&rsquo;imp\u00f4t sur le revenu des personnes physiques, notamment \u00e0 l&rsquo;article 39 de la loi relative \u00e0 l&rsquo;imp\u00f4t sur le revenu des personnes physiques 35\/2006, il est \u00e9tabli que le contribuable doit d\u00e9clarer tous ses revenus et plus-values. Si des diff\u00e9rences sont d\u00e9tect\u00e9es entre le patrimoine du contribuable et ce qui est d\u00e9clar\u00e9, on peut consid\u00e9rer qu&rsquo;il y a eu une augmentation injustifi\u00e9e du patrimoine.<\/p>\t\t\t\t\t\t\t\t<\/div>\n\t\t\t\t<\/div>\n\t\t\t\t\t<\/div>\r\n\t\t\t\t<\/div>\r\n\t\t\t\t\t<\/div>\r\n\t\t\t\t<\/section>\r\n\t\t\t\t<section data-particle_enable=\"false\" data-particle-mobile-disabled=\"false\" class=\"elementor-section elementor-top-section elementor-element elementor-element-37646df elementor-section-boxed elementor-section-height-default elementor-section-height-default\" data-id=\"37646df\" data-element_type=\"section\" data-e-type=\"section\">\r\n\t\t\r\n\t\t\t\t\t\t\t<div class=\"elementor-container elementor-column-gap-default\">\r\n\t\t\t\t\t\t\t\t\t\t\t<div class=\"elementor-column elementor-col-100 elementor-top-column elementor-element elementor-element-76796a8\" data-id=\"76796a8\" data-element_type=\"column\" data-e-type=\"column\">\r\n\t\t\t\t\t<div class=\"elementor-widget-wrap elementor-element-populated\">\r\n\t\t\t\t\t\t\t\t<div class=\"elementor-element elementor-element-3790921 elementor-widget-mobile__width-initial elementor-widget elementor-widget-heading\" data-id=\"3790921\" data-element_type=\"widget\" data-e-type=\"widget\" data-widget_type=\"heading.default\">\n\t\t\t\t<div class=\"elementor-widget-container\">\n\t\t\t\t\t<h2 class=\"elementor-heading-title elementor-size-default\">D\u00e9lai de prescription dans le domaine fiscal<\/h2>\t\t\t\t<\/div>\n\t\t\t\t<\/div>\n\t\t\t\t\t<\/div>\r\n\t\t\t\t<\/div>\r\n\t\t\t\t\t<\/div>\r\n\t\t\t\t<\/section>\r\n\t\t\t\t<section data-particle_enable=\"false\" data-particle-mobile-disabled=\"false\" class=\"elementor-section elementor-top-section elementor-element elementor-element-43190be elementor-section-boxed elementor-section-height-default elementor-section-height-default\" data-id=\"43190be\" data-element_type=\"section\" data-e-type=\"section\">\r\n\t\t\r\n\t\t\t\t\t\t\t<div class=\"elementor-container elementor-column-gap-default\">\r\n\t\t\t\t\t\t\t\t\t\t\t<div class=\"elementor-column elementor-col-100 elementor-top-column elementor-element elementor-element-c003eee\" data-id=\"c003eee\" data-element_type=\"column\" data-e-type=\"column\">\r\n\t\t\t\t\t<div class=\"elementor-widget-wrap elementor-element-populated\">\r\n\t\t\t\t\t\t\t\t<div class=\"elementor-element elementor-element-cf74438 elementor-widget elementor-widget-text-editor\" data-id=\"cf74438\" data-element_type=\"widget\" data-e-type=\"widget\" data-widget_type=\"text-editor.default\">\n\t\t\t\t<div class=\"elementor-widget-container\">\n\t\t\t\t\t\t\t\t\t<p>Le d\u00e9lai de prescription g\u00e9n\u00e9ral en mati\u00e8re fiscale est r\u00e9glement\u00e9 dans la Loi G\u00e9n\u00e9rale des Imp\u00f4ts (LGT), dans son article 66. Le d\u00e9lai est de quatre ans, \u00e0 compter du lendemain du jour o\u00f9 expire le d\u00e9lai de d\u00e9p\u00f4t de la d\u00e9claration fiscale correspondant. Ce d\u00e9lai est applicable tant pour l&rsquo;examen des d\u00e9clarations fiscales que pour l&rsquo;exigence de cotisations et de sanctions compl\u00e9mentaires.<\/p><p>En cas de plus-values \u200b\u200binjustifi\u00e9es, l&rsquo;Administration fiscale dispose d&rsquo;un d\u00e9lai de quatre ans pour enqu\u00eater et, le cas \u00e9ch\u00e9ant, exiger le paiement des sommes dues. Cela inclut \u00e0 la fois la r\u00e9gularisation de l\u2019imp\u00f4t sur le revenu des personnes physiques et les \u00e9ventuelles sanctions suppl\u00e9mentaires qui pourraient \u00eatre impos\u00e9es.<\/p><p>Le d\u00e9lai commence le lendemain de la fin de la p\u00e9riode volontaire de d\u00e9p\u00f4t de la d\u00e9claration, soit g\u00e9n\u00e9ralement le 30 juin de chaque ann\u00e9e. Il existe cependant des situations qui peuvent interrompre ou suspendre ce d\u00e9lai, comme la pr\u00e9sentation de recours ou le d\u00e9but d&rsquo;une proc\u00e9dure de contr\u00f4le fiscal.<\/p>\t\t\t\t\t\t\t\t<\/div>\n\t\t\t\t<\/div>\n\t\t\t\t\t<\/div>\r\n\t\t\t\t<\/div>\r\n\t\t\t\t\t<\/div>\r\n\t\t\t\t<\/section>\r\n\t\t\t\t<section data-particle_enable=\"false\" data-particle-mobile-disabled=\"false\" class=\"elementor-section elementor-top-section elementor-element elementor-element-3b1d5a3 elementor-section-boxed elementor-section-height-default elementor-section-height-default\" data-id=\"3b1d5a3\" data-element_type=\"section\" data-e-type=\"section\">\r\n\t\t\r\n\t\t\t\t\t\t\t<div class=\"elementor-container elementor-column-gap-default\">\r\n\t\t\t\t\t\t\t\t\t\t\t<div class=\"elementor-column elementor-col-100 elementor-top-column elementor-element elementor-element-6a63a88\" data-id=\"6a63a88\" data-element_type=\"column\" data-e-type=\"column\">\r\n\t\t\t\t\t<div class=\"elementor-widget-wrap elementor-element-populated\">\r\n\t\t\t\t\t\t\t\t<div class=\"elementor-element elementor-element-5a7bab0 elementor-widget elementor-widget-heading\" data-id=\"5a7bab0\" data-element_type=\"widget\" data-e-type=\"widget\" data-widget_type=\"heading.default\">\n\t\t\t\t<div class=\"elementor-widget-container\">\n\t\t\t\t\t<h2 class=\"elementor-heading-title elementor-size-default\">Plus-values \u200b\u200binjustifi\u00e9es et \u00ab perte de prescription longue \u00bb<\/h2>\t\t\t\t<\/div>\n\t\t\t\t<\/div>\n\t\t\t\t\t<\/div>\r\n\t\t\t\t<\/div>\r\n\t\t\t\t\t<\/div>\r\n\t\t\t\t<\/section>\r\n\t\t\t\t<section data-particle_enable=\"false\" data-particle-mobile-disabled=\"false\" class=\"elementor-section elementor-top-section elementor-element elementor-element-5e45f97 elementor-section-boxed elementor-section-height-default elementor-section-height-default\" data-id=\"5e45f97\" data-element_type=\"section\" data-e-type=\"section\">\r\n\t\t\r\n\t\t\t\t\t\t\t<div class=\"elementor-container elementor-column-gap-default\">\r\n\t\t\t\t\t\t\t\t\t\t\t<div class=\"elementor-column elementor-col-100 elementor-top-column elementor-element elementor-element-59d22ee\" data-id=\"59d22ee\" data-element_type=\"column\" data-e-type=\"column\">\r\n\t\t\t\t\t<div class=\"elementor-widget-wrap elementor-element-populated\">\r\n\t\t\t\t\t\t\t\t<div class=\"elementor-element elementor-element-b7676b9 elementor-widget elementor-widget-text-editor\" data-id=\"b7676b9\" data-element_type=\"widget\" data-e-type=\"widget\" data-widget_type=\"text-editor.default\">\n\t\t\t\t<div class=\"elementor-widget-container\">\n\t\t\t\t\t\t\t\t\t<p>Dans les cas o\u00f9 des plus-values \u200b\u200binjustifi\u00e9es proviennent de biens ou de droits non d\u00e9clar\u00e9s \u00e0 ce moment-l\u00e0, la prescription peut \u00eatre prolong\u00e9e. Cela se produit dans les cas o\u00f9 l&rsquo;origine de l&rsquo;augmentation du patrimoine remonte \u00e0 plus de quatre ans et que le contribuable ne l&rsquo;a pas d\u00e9clar\u00e9e correctement.<\/p><p>L&rsquo;article 39.2 de la loi relative \u00e0 l&rsquo;imp\u00f4t sur le revenu des personnes physiques dispose que les augmentations injustifi\u00e9es peuvent \u00eatre imput\u00e9es au cours de la p\u00e9riode fiscale au cours de laquelle elles sont d\u00e9couvertes, quel que soit le moment o\u00f9 elles se sont produites. Cette disposition permet au fisc de r\u00e9clamer des plus-values \u200b\u200binjustifi\u00e9es, m\u00eame si celles-ci sont n\u00e9es il y a plus de quatre ans, ce qui est famili\u00e8rement connu sous le nom de \u00ab perte de longue prescription \u00bb.<\/p><p>Cette hypoth\u00e8se est particuli\u00e8rement pertinente lorsque l&rsquo;administration fiscale d\u00e9couvre des actifs ou des droits \u00e0 l&rsquo;\u00e9tranger qui n&rsquo;ont pas \u00e9t\u00e9 d\u00fbment d\u00e9clar\u00e9s \u00e0 l&rsquo;aide du formulaire 720. Selon la loi 7\/2012, ceux qui ne d\u00e9clarent pas correctement les actifs situ\u00e9s \u00e0 l&rsquo;\u00e9tranger peuvent s&rsquo;exposer \u00e0 des sanctions et payer des imp\u00f4ts pour le capital correspondant. gains sans limitation de temps, c\u2019est-\u00e0-dire sans que la prescription ne fonctionne.<\/p>\t\t\t\t\t\t\t\t<\/div>\n\t\t\t\t<\/div>\n\t\t\t\t\t<\/div>\r\n\t\t\t\t<\/div>\r\n\t\t\t\t\t<\/div>\r\n\t\t\t\t<\/section>\r\n\t\t\t\t<section data-particle_enable=\"false\" data-particle-mobile-disabled=\"false\" class=\"elementor-section elementor-top-section elementor-element elementor-element-219f92e elementor-section-boxed elementor-section-height-default elementor-section-height-default\" data-id=\"219f92e\" data-element_type=\"section\" data-e-type=\"section\">\r\n\t\t\r\n\t\t\t\t\t\t\t<div class=\"elementor-container elementor-column-gap-default\">\r\n\t\t\t\t\t\t\t\t\t\t\t<div class=\"elementor-column elementor-col-100 elementor-top-column elementor-element elementor-element-34d5ae9\" data-id=\"34d5ae9\" data-element_type=\"column\" data-e-type=\"column\">\r\n\t\t\t\t\t<div class=\"elementor-widget-wrap elementor-element-populated\">\r\n\t\t\t\t\t\t\t\t<div class=\"elementor-element elementor-element-b27f122 elementor-widget elementor-widget-heading\" data-id=\"b27f122\" data-element_type=\"widget\" data-e-type=\"widget\" data-widget_type=\"heading.default\">\n\t\t\t\t<div class=\"elementor-widget-container\">\n\t\t\t\t\t<h2 class=\"elementor-heading-title elementor-size-default\">Interruption du d\u00e9lai de prescription<\/h2>\t\t\t\t<\/div>\n\t\t\t\t<\/div>\n\t\t\t\t\t<\/div>\r\n\t\t\t\t<\/div>\r\n\t\t\t\t\t<\/div>\r\n\t\t\t\t<\/section>\r\n\t\t\t\t<section data-particle_enable=\"false\" data-particle-mobile-disabled=\"false\" class=\"elementor-section elementor-top-section elementor-element elementor-element-e384bbc elementor-section-boxed elementor-section-height-default elementor-section-height-default\" data-id=\"e384bbc\" data-element_type=\"section\" data-e-type=\"section\">\r\n\t\t\r\n\t\t\t\t\t\t\t<div class=\"elementor-container elementor-column-gap-default\">\r\n\t\t\t\t\t\t\t\t\t\t\t<div class=\"elementor-column elementor-col-100 elementor-top-column elementor-element elementor-element-26f2d94\" data-id=\"26f2d94\" data-element_type=\"column\" data-e-type=\"column\">\r\n\t\t\t\t\t<div class=\"elementor-widget-wrap elementor-element-populated\">\r\n\t\t\t\t\t\t\t\t<div class=\"elementor-element elementor-element-5a50bb0 elementor-widget-mobile__width-initial elementor-widget elementor-widget-text-editor\" data-id=\"5a50bb0\" data-element_type=\"widget\" data-e-type=\"widget\" data-widget_type=\"text-editor.default\">\n\t\t\t\t<div class=\"elementor-widget-container\">\n\t\t\t\t\t\t\t\t\t<p>La Loi G\u00e9n\u00e9rale des Imp\u00f4ts espagnol pr\u00e9voit certaines causes pouvant interrompre le d\u00e9lai de prescription. Une fois interrompue, la p\u00e9riode recommence \u00e0 z\u00e9ro. Parmi les causes d\u2019interruption les plus courantes figurent :<\/p><p>Le d\u00e9but d\u2019une proc\u00e9dure de contr\u00f4le fiscal. Dans ce cas, l&rsquo;administration fiscale peut interrompre le d\u00e9lai de prescription lorsqu&rsquo;elle entame formellement une inspection ou une v\u00e9rification du contribuable.<br \/>La pr\u00e9sentation de ressources ou de cr\u00e9ances par le contribuable. Si le contribuable conteste un r\u00e8glement ou une p\u00e9nalit\u00e9 impos\u00e9e par l&rsquo;Agence fiscale, le d\u00e9lai de prescription est suspendu jusqu&rsquo;\u00e0 ce que l&rsquo;appel soit r\u00e9solu.<br \/>La reconnaissance de la dette par le contribuable. Si le contribuable reconna\u00eet qu&rsquo;il existe une dette fiscale impay\u00e9e, le d\u00e9lai de prescription est interrompu.<\/p>\t\t\t\t\t\t\t\t<\/div>\n\t\t\t\t<\/div>\n\t\t\t\t\t<\/div>\r\n\t\t\t\t<\/div>\r\n\t\t\t\t\t<\/div>\r\n\t\t\t\t<\/section>\r\n\t\t\t\t<section data-particle_enable=\"false\" data-particle-mobile-disabled=\"false\" class=\"elementor-section elementor-top-section elementor-element elementor-element-bb88c34 elementor-section-boxed elementor-section-height-default elementor-section-height-default\" data-id=\"bb88c34\" data-element_type=\"section\" data-e-type=\"section\">\r\n\t\t\r\n\t\t\t\t\t\t\t<div class=\"elementor-container elementor-column-gap-default\">\r\n\t\t\t\t\t\t\t\t\t\t\t<div class=\"elementor-column elementor-col-100 elementor-top-column elementor-element elementor-element-3afa1e5\" data-id=\"3afa1e5\" data-element_type=\"column\" data-e-type=\"column\">\r\n\t\t\t\t\t<div class=\"elementor-widget-wrap elementor-element-populated\">\r\n\t\t\t\t\t\t\t\t<div class=\"elementor-element elementor-element-427eb34 elementor-widget elementor-widget-heading\" data-id=\"427eb34\" data-element_type=\"widget\" data-e-type=\"widget\" data-widget_type=\"heading.default\">\n\t\t\t\t<div class=\"elementor-widget-container\">\n\t\t\t\t\t<h2 class=\"elementor-heading-title elementor-size-default\">Effets de la prescription sur les plus-values \u200b\u200binjustifi\u00e9es<\/h2>\t\t\t\t<\/div>\n\t\t\t\t<\/div>\n\t\t\t\t\t<\/div>\r\n\t\t\t\t<\/div>\r\n\t\t\t\t\t<\/div>\r\n\t\t\t\t<\/section>\r\n\t\t\t\t<section data-particle_enable=\"false\" data-particle-mobile-disabled=\"false\" class=\"elementor-section elementor-top-section elementor-element elementor-element-99086d3 elementor-section-boxed elementor-section-height-default elementor-section-height-default\" data-id=\"99086d3\" data-element_type=\"section\" data-e-type=\"section\">\r\n\t\t\r\n\t\t\t\t\t\t\t<div class=\"elementor-container elementor-column-gap-default\">\r\n\t\t\t\t\t\t\t\t\t\t\t<div class=\"elementor-column elementor-col-100 elementor-top-column elementor-element elementor-element-f60ed49\" data-id=\"f60ed49\" data-element_type=\"column\" data-e-type=\"column\">\r\n\t\t\t\t\t<div class=\"elementor-widget-wrap elementor-element-populated\">\r\n\t\t\t\t\t\t\t\t<div class=\"elementor-element elementor-element-0a4f83f elementor-widget-mobile__width-initial elementor-widget elementor-widget-text-editor\" data-id=\"0a4f83f\" data-element_type=\"widget\" data-e-type=\"widget\" data-widget_type=\"text-editor.default\">\n\t\t\t\t<div class=\"elementor-widget-container\">\n\t\t\t\t\t\t\t\t\t<p>Lorsque la prescription est remplie, l&rsquo;administration fiscale perd la capacit\u00e9 juridique d&rsquo;exiger le paiement des sommes dues au titre des plus-values \u200b\u200binjustifi\u00e9es. Toutefois, si la prescription n&rsquo;a pas eu lieu ou a \u00e9t\u00e9 interrompue, l&rsquo;Agence peut exiger la r\u00e9gularisation des sommes non d\u00e9clar\u00e9es, en imposant des majorations et des int\u00e9r\u00eats de retard.<\/p><p>Il est important de garder \u00e0 l\u2019esprit que, dans le cas o\u00f9 des plus-values \u200b\u200binjustifi\u00e9es sont d\u00e9couvertes lors de proc\u00e9dures administratives telles que le contr\u00f4le fiscal, la charge de la preuve incombe au contribuable. Si celui-ci ne peut d\u00e9montrer l&rsquo;origine l\u00e9gale des augmentations de capital, l&rsquo;Administration fiscale pourra proc\u00e9der \u00e0 la r\u00e9gularisation et \u00e0 la sanction.<\/p>\t\t\t\t\t\t\t\t<\/div>\n\t\t\t\t<\/div>\n\t\t\t\t\t<\/div>\r\n\t\t\t\t<\/div>\r\n\t\t\t\t\t<\/div>\r\n\t\t\t\t<\/section>\r\n\t\t\t\t<section data-particle_enable=\"false\" data-particle-mobile-disabled=\"false\" class=\"elementor-section elementor-top-section elementor-element elementor-element-deb9ac4 elementor-section-boxed elementor-section-height-default elementor-section-height-default\" data-id=\"deb9ac4\" data-element_type=\"section\" data-e-type=\"section\">\r\n\t\t\r\n\t\t\t\t\t\t\t<div class=\"elementor-container elementor-column-gap-default\">\r\n\t\t\t\t\t\t\t\t\t\t\t<div class=\"elementor-column elementor-col-100 elementor-top-column elementor-element elementor-element-1901c64\" data-id=\"1901c64\" data-element_type=\"column\" data-e-type=\"column\">\r\n\t\t\t\t\t<div class=\"elementor-widget-wrap elementor-element-populated\">\r\n\t\t\t\t\t\t\t\t<div class=\"elementor-element elementor-element-f0e8ff5 elementor-widget elementor-widget-heading\" data-id=\"f0e8ff5\" data-element_type=\"widget\" data-e-type=\"widget\" data-widget_type=\"heading.default\">\n\t\t\t\t<div class=\"elementor-widget-container\">\n\t\t\t\t\t<h2 class=\"elementor-heading-title elementor-size-default\">Cons\u00e9quences fiscales et p\u00e9nalit\u00e9s<\/h2>\t\t\t\t<\/div>\n\t\t\t\t<\/div>\n\t\t\t\t\t<\/div>\r\n\t\t\t\t<\/div>\r\n\t\t\t\t\t<\/div>\r\n\t\t\t\t<\/section>\r\n\t\t\t\t<section data-particle_enable=\"false\" data-particle-mobile-disabled=\"false\" class=\"elementor-section elementor-top-section elementor-element elementor-element-f65d081 elementor-section-boxed elementor-section-height-default elementor-section-height-default\" data-id=\"f65d081\" data-element_type=\"section\" data-e-type=\"section\">\r\n\t\t\r\n\t\t\t\t\t\t\t<div class=\"elementor-container elementor-column-gap-default\">\r\n\t\t\t\t\t\t\t\t\t\t\t<div class=\"elementor-column elementor-col-100 elementor-top-column elementor-element elementor-element-05a8afb\" data-id=\"05a8afb\" data-element_type=\"column\" data-e-type=\"column\">\r\n\t\t\t\t\t<div class=\"elementor-widget-wrap elementor-element-populated\">\r\n\t\t\t\t\t\t\t\t<div class=\"elementor-element elementor-element-feee3a2 elementor-widget elementor-widget-text-editor\" data-id=\"feee3a2\" data-element_type=\"widget\" data-e-type=\"widget\" data-widget_type=\"text-editor.default\">\n\t\t\t\t<div class=\"elementor-widget-container\">\n\t\t\t\t\t\t\t\t\t<p>Les cons\u00e9quences de ne pas justifier une augmentation des actifs peuvent \u00eatre graves. La r\u00e9gularisation de la dette impliquera le paiement de l\u2019imp\u00f4t sur le revenu des personnes physiques correspondant aux b\u00e9n\u00e9fices injustifi\u00e9s, major\u00e9 d\u2019int\u00e9r\u00eats de retard et d\u2019\u00e9ventuelles majorations. En outre, l&rsquo;administration fiscale peut imposer des sanctions financi\u00e8res pouvant aller de 50 \u00e0 150 % du montant non d\u00e9clar\u00e9, selon la gravit\u00e9 de l&rsquo;infraction.<\/p><p>Si les biens ou droits non d\u00e9clar\u00e9s se trouvent \u00e0 l&rsquo;\u00e9tranger et que l&rsquo;obligation de pr\u00e9senter le formulaire 720 n&rsquo;a pas \u00e9t\u00e9 respect\u00e9e, les sanctions peuvent \u00eatre beaucoup plus lourdes, atteignant 5 000 euros pour chaque donn\u00e9e non d\u00e9clar\u00e9e ou incorrectement d\u00e9clar\u00e9e, avec un minimum de 10 000 euros.<\/p><p>La prescription des plus-values \u200b\u200binjustifi\u00e9es est une question fondamentale dans le domaine fiscal espagnol. Bien que le d\u00e9lai de prescription g\u00e9n\u00e9ral soit de quatre ans, il existe des exceptions qui peuvent prolonger ce d\u00e9lai, notamment lorsqu&rsquo;il s&rsquo;agit de biens non d\u00e9clar\u00e9s \u00e0 l&rsquo;\u00e9tranger. Il est essentiel de disposer de conseillers sp\u00e9cialis\u00e9s capables de vous proposer une r\u00e9ponse adapt\u00e9e \u00e0 ce type de cas.<\/p>\t\t\t\t\t\t\t\t<\/div>\n\t\t\t\t<\/div>\n\t\t\t\t\t<\/div>\r\n\t\t\t\t<\/div>\r\n\t\t\t\t\t<\/div>\r\n\t\t\t\t<\/section>\r\n\t\t\t\t<\/div>\n\t\t","protected":false},"excerpt":{"rendered":"<p>Les plus-values \u200b\u200binjustifi\u00e9es sont celles que le contribuable ne peut prouver l\u00e9galement et de mani\u00e8re transparente dans sa d\u00e9claration d\u2019imp\u00f4t sur le revenu des personnes physiques (IRPF). En Espagne, ces b\u00e9n\u00e9fices font g\u00e9n\u00e9ralement l&rsquo;objet d&rsquo;une enqu\u00eate de la part de l&rsquo;administration fiscale et, s&rsquo;ils ne peuvent \u00eatre justifi\u00e9s, ils peuvent entra\u00eener des p\u00e9nalit\u00e9s fiscales consid\u00e9rables. [&hellip;]<\/p>\n","protected":false},"author":2,"featured_media":31701,"comment_status":"closed","ping_status":"closed","sticky":false,"template":"","format":"standard","meta":{"_eb_attr":"","inline_featured_image":false,"footnotes":""},"categories":[45],"tags":[],"class_list":["post-32154","post","type-post","status-publish","format-standard","has-post-thumbnail","hentry","category-blog"],"featured_image_src":{"landsacpe":["https:\/\/www.asesoriaorihuelacosta.com\/wp-content\/uploads\/2024\/09\/money-1033647_640-1.jpg",640,409,false],"list":["https:\/\/www.asesoriaorihuelacosta.com\/wp-content\/uploads\/2024\/09\/money-1033647_640-1-463x348.jpg",463,348,true],"medium":["https:\/\/www.asesoriaorihuelacosta.com\/wp-content\/uploads\/2024\/09\/money-1033647_640-1-300x192.jpg",300,192,true],"full":["https:\/\/www.asesoriaorihuelacosta.com\/wp-content\/uploads\/2024\/09\/money-1033647_640-1.jpg",640,409,false]},"yoast_head":"<!-- This site is optimized with the Yoast SEO Premium plugin v24.7 (Yoast SEO v27.4) - https:\/\/yoast.com\/product\/yoast-seo-premium-wordpress\/ -->\n<title>Prescription de plus-values \u200b\u200binjustifi\u00e9es en Espagne - Asesor\u00eda Orihuela Costa<\/title>\n<meta name=\"description\" content=\"D\u00e9couvrez tout sur les plus-values \u200b\u200binjustifi\u00e9es en Espagne : qu\u2019est-ce que c\u2019est ? Quelles sont les cons\u00e9quences ? D\u00e9couvrez notre article\" \/>\n<meta name=\"robots\" content=\"index, follow, max-snippet:-1, max-image-preview:large, max-video-preview:-1\" \/>\n<link rel=\"canonical\" href=\"https:\/\/www.asesoriaorihuelacosta.com\/fr\/prescription-de-plus-values-injustifiees-en-espagne\/\" \/>\n<meta property=\"og:locale\" content=\"fr_FR\" \/>\n<meta property=\"og:type\" content=\"article\" \/>\n<meta property=\"og:title\" content=\"Prescription de plus-values \u200b\u200binjustifi\u00e9es en Espagne\" \/>\n<meta property=\"og:description\" content=\"D\u00e9couvrez tout sur les plus-values \u200b\u200binjustifi\u00e9es en Espagne : qu\u2019est-ce que c\u2019est ? Quelles sont les cons\u00e9quences ? D\u00e9couvrez notre article\" \/>\n<meta property=\"og:url\" content=\"https:\/\/www.asesoriaorihuelacosta.com\/fr\/prescription-de-plus-values-injustifiees-en-espagne\/\" \/>\n<meta property=\"og:site_name\" content=\"Asesor\u00eda Orihuela Costa\" \/>\n<meta property=\"article:publisher\" content=\"https:\/\/www.facebook.com\/asesoriaorihuelacosta\" \/>\n<meta property=\"article:author\" content=\"https:\/\/www.facebook.com\/patrick.gordinneperez\" \/>\n<meta property=\"article:published_time\" content=\"2024-09-09T09:19:11+00:00\" \/>\n<meta property=\"article:modified_time\" content=\"2024-09-29T04:50:31+00:00\" \/>\n<meta property=\"og:image\" content=\"https:\/\/www.asesoriaorihuelacosta.com\/wp-content\/uploads\/2024\/09\/money-1033647_640-1.jpg\" \/>\n\t<meta property=\"og:image:width\" content=\"640\" \/>\n\t<meta property=\"og:image:height\" content=\"409\" \/>\n\t<meta property=\"og:image:type\" content=\"image\/jpeg\" \/>\n<meta name=\"author\" content=\"Patrick Gordinne Perez\" \/>\n<meta name=\"twitter:card\" content=\"summary_large_image\" \/>\n<meta name=\"twitter:label1\" content=\"\u00c9crit par\" \/>\n\t<meta name=\"twitter:data1\" content=\"Patrick Gordinne Perez\" \/>\n\t<meta name=\"twitter:label2\" content=\"Dur\u00e9e de lecture estim\u00e9e\" \/>\n\t<meta name=\"twitter:data2\" content=\"5 minutes\" \/>\n<script type=\"application\/ld+json\" class=\"yoast-schema-graph\">{\"@context\":\"https:\\\/\\\/schema.org\",\"@graph\":[{\"@type\":\"Article\",\"@id\":\"https:\\\/\\\/www.asesoriaorihuelacosta.com\\\/fr\\\/prescription-de-plus-values-injustifiees-en-espagne\\\/#article\",\"isPartOf\":{\"@id\":\"https:\\\/\\\/www.asesoriaorihuelacosta.com\\\/fr\\\/prescription-de-plus-values-injustifiees-en-espagne\\\/\"},\"author\":{\"name\":\"Patrick Gordinne Perez\",\"@id\":\"https:\\\/\\\/www.asesoriaorihuelacosta.com\\\/fr\\\/#\\\/schema\\\/person\\\/6614ce8cf6d2de542aaf351629fd539e\"},\"headline\":\"Prescription de plus-values \u200b\u200binjustifi\u00e9es en Espagne\",\"datePublished\":\"2024-09-09T09:19:11+00:00\",\"dateModified\":\"2024-09-29T04:50:31+00:00\",\"mainEntityOfPage\":{\"@id\":\"https:\\\/\\\/www.asesoriaorihuelacosta.com\\\/fr\\\/prescription-de-plus-values-injustifiees-en-espagne\\\/\"},\"wordCount\":1180,\"publisher\":{\"@id\":\"https:\\\/\\\/www.asesoriaorihuelacosta.com\\\/fr\\\/#organization\"},\"image\":{\"@id\":\"https:\\\/\\\/www.asesoriaorihuelacosta.com\\\/fr\\\/prescription-de-plus-values-injustifiees-en-espagne\\\/#primaryimage\"},\"thumbnailUrl\":\"https:\\\/\\\/www.asesoriaorihuelacosta.com\\\/wp-content\\\/uploads\\\/2024\\\/09\\\/money-1033647_640-1.jpg\",\"articleSection\":[\"Blog\"],\"inLanguage\":\"fr-FR\"},{\"@type\":\"WebPage\",\"@id\":\"https:\\\/\\\/www.asesoriaorihuelacosta.com\\\/fr\\\/prescription-de-plus-values-injustifiees-en-espagne\\\/\",\"url\":\"https:\\\/\\\/www.asesoriaorihuelacosta.com\\\/fr\\\/prescription-de-plus-values-injustifiees-en-espagne\\\/\",\"name\":\"Prescription de plus-values \u200b\u200binjustifi\u00e9es en Espagne - Asesor\u00eda Orihuela Costa\",\"isPartOf\":{\"@id\":\"https:\\\/\\\/www.asesoriaorihuelacosta.com\\\/fr\\\/#website\"},\"primaryImageOfPage\":{\"@id\":\"https:\\\/\\\/www.asesoriaorihuelacosta.com\\\/fr\\\/prescription-de-plus-values-injustifiees-en-espagne\\\/#primaryimage\"},\"image\":{\"@id\":\"https:\\\/\\\/www.asesoriaorihuelacosta.com\\\/fr\\\/prescription-de-plus-values-injustifiees-en-espagne\\\/#primaryimage\"},\"thumbnailUrl\":\"https:\\\/\\\/www.asesoriaorihuelacosta.com\\\/wp-content\\\/uploads\\\/2024\\\/09\\\/money-1033647_640-1.jpg\",\"datePublished\":\"2024-09-09T09:19:11+00:00\",\"dateModified\":\"2024-09-29T04:50:31+00:00\",\"description\":\"D\u00e9couvrez tout sur les plus-values \u200b\u200binjustifi\u00e9es en Espagne : qu\u2019est-ce que c\u2019est ? Quelles sont les cons\u00e9quences ? D\u00e9couvrez notre article\",\"breadcrumb\":{\"@id\":\"https:\\\/\\\/www.asesoriaorihuelacosta.com\\\/fr\\\/prescription-de-plus-values-injustifiees-en-espagne\\\/#breadcrumb\"},\"inLanguage\":\"fr-FR\",\"potentialAction\":[{\"@type\":\"ReadAction\",\"target\":[\"https:\\\/\\\/www.asesoriaorihuelacosta.com\\\/fr\\\/prescription-de-plus-values-injustifiees-en-espagne\\\/\"]}]},{\"@type\":\"ImageObject\",\"inLanguage\":\"fr-FR\",\"@id\":\"https:\\\/\\\/www.asesoriaorihuelacosta.com\\\/fr\\\/prescription-de-plus-values-injustifiees-en-espagne\\\/#primaryimage\",\"url\":\"https:\\\/\\\/www.asesoriaorihuelacosta.com\\\/wp-content\\\/uploads\\\/2024\\\/09\\\/money-1033647_640-1.jpg\",\"contentUrl\":\"https:\\\/\\\/www.asesoriaorihuelacosta.com\\\/wp-content\\\/uploads\\\/2024\\\/09\\\/money-1033647_640-1.jpg\",\"width\":640,\"height\":409,\"caption\":\"Ganancias patrimoniales no justificadas\"},{\"@type\":\"BreadcrumbList\",\"@id\":\"https:\\\/\\\/www.asesoriaorihuelacosta.com\\\/fr\\\/prescription-de-plus-values-injustifiees-en-espagne\\\/#breadcrumb\",\"itemListElement\":[{\"@type\":\"ListItem\",\"position\":1,\"name\":\"Home\",\"item\":\"https:\\\/\\\/www.asesoriaorihuelacosta.com\\\/fr\\\/\"},{\"@type\":\"ListItem\",\"position\":2,\"name\":\"Prescription de plus-values \u200b\u200binjustifi\u00e9es en Espagne\"}]},{\"@type\":\"WebSite\",\"@id\":\"https:\\\/\\\/www.asesoriaorihuelacosta.com\\\/fr\\\/#website\",\"url\":\"https:\\\/\\\/www.asesoriaorihuelacosta.com\\\/fr\\\/\",\"name\":\"https:\\\/\\\/www.asesoriaorihuelacosta.com\\\/\",\"description\":\"Grupo de asesores profesionales\",\"publisher\":{\"@id\":\"https:\\\/\\\/www.asesoriaorihuelacosta.com\\\/fr\\\/#organization\"},\"potentialAction\":[{\"@type\":\"SearchAction\",\"target\":{\"@type\":\"EntryPoint\",\"urlTemplate\":\"https:\\\/\\\/www.asesoriaorihuelacosta.com\\\/fr\\\/?s={search_term_string}\"},\"query-input\":{\"@type\":\"PropertyValueSpecification\",\"valueRequired\":true,\"valueName\":\"search_term_string\"}}],\"inLanguage\":\"fr-FR\"},{\"@type\":\"Organization\",\"@id\":\"https:\\\/\\\/www.asesoriaorihuelacosta.com\\\/fr\\\/#organization\",\"name\":\"Asesor\u00eda Orihuela Costa\",\"url\":\"https:\\\/\\\/www.asesoriaorihuelacosta.com\\\/fr\\\/\",\"logo\":{\"@type\":\"ImageObject\",\"inLanguage\":\"fr-FR\",\"@id\":\"https:\\\/\\\/www.asesoriaorihuelacosta.com\\\/fr\\\/#\\\/schema\\\/logo\\\/image\\\/\",\"url\":\"https:\\\/\\\/www.asesoriaorihuelacosta.com\\\/wp-content\\\/uploads\\\/2022\\\/06\\\/Logo-espa\u5bf8l-asesoriaorihuela.jpg\",\"contentUrl\":\"https:\\\/\\\/www.asesoriaorihuelacosta.com\\\/wp-content\\\/uploads\\\/2022\\\/06\\\/Logo-espa\u5bf8l-asesoriaorihuela.jpg\",\"width\":588,\"height\":136,\"caption\":\"Asesor\u00eda Orihuela Costa\"},\"image\":{\"@id\":\"https:\\\/\\\/www.asesoriaorihuelacosta.com\\\/fr\\\/#\\\/schema\\\/logo\\\/image\\\/\"},\"sameAs\":[\"https:\\\/\\\/www.facebook.com\\\/asesoriaorihuelacosta\"]},{\"@type\":\"Person\",\"@id\":\"https:\\\/\\\/www.asesoriaorihuelacosta.com\\\/fr\\\/#\\\/schema\\\/person\\\/6614ce8cf6d2de542aaf351629fd539e\",\"name\":\"Patrick Gordinne Perez\",\"description\":\"Soy economista colegiado por el colegio de economistas de Alicante con el n\u00famero 2722. Llevo ejerciendo desde el a\u00f1o 2005. Soy especialista en fiscalidad de empresas y aut\u00f3nomos y tambi\u00e9n especialista en gestionar compraventas. Hablo espa\u00f1ol, ingl\u00e9s y franc\u00e9s.\",\"sameAs\":[\"https:\\\/\\\/www.asesoriaorihuelacosta.com\",\"https:\\\/\\\/www.facebook.com\\\/patrick.gordinneperez\",\"https:\\\/\\\/www.linkedin.com\\\/in\\\/patrick-gordinne-perez-1b73aab3\\\/\",\"https:\\\/\\\/www.youtube.com\\\/channel\\\/UC5e95RJEVQlxCnhwDmGNVCw\"],\"gender\":\"Hombre\",\"knowsLanguage\":[\"ingl\u00e9s\",\"franc\u00e9s\",\"espa\u00f1ol\"],\"jobTitle\":\"Gerente\",\"worksFor\":\"Asesoria Orihuela Costa SL\"}]}<\/script>\n<!-- \/ Yoast SEO Premium plugin. -->","yoast_head_json":{"title":"Prescription de plus-values \u200b\u200binjustifi\u00e9es en Espagne - Asesor\u00eda Orihuela Costa","description":"D\u00e9couvrez tout sur les plus-values \u200b\u200binjustifi\u00e9es en Espagne : qu\u2019est-ce que c\u2019est ? Quelles sont les cons\u00e9quences ? D\u00e9couvrez notre article","robots":{"index":"index","follow":"follow","max-snippet":"max-snippet:-1","max-image-preview":"max-image-preview:large","max-video-preview":"max-video-preview:-1"},"canonical":"https:\/\/www.asesoriaorihuelacosta.com\/fr\/prescription-de-plus-values-injustifiees-en-espagne\/","og_locale":"fr_FR","og_type":"article","og_title":"Prescription de plus-values \u200b\u200binjustifi\u00e9es en Espagne","og_description":"D\u00e9couvrez tout sur les plus-values \u200b\u200binjustifi\u00e9es en Espagne : qu\u2019est-ce que c\u2019est ? Quelles sont les cons\u00e9quences ? D\u00e9couvrez notre article","og_url":"https:\/\/www.asesoriaorihuelacosta.com\/fr\/prescription-de-plus-values-injustifiees-en-espagne\/","og_site_name":"Asesor\u00eda Orihuela Costa","article_publisher":"https:\/\/www.facebook.com\/asesoriaorihuelacosta","article_author":"https:\/\/www.facebook.com\/patrick.gordinneperez","article_published_time":"2024-09-09T09:19:11+00:00","article_modified_time":"2024-09-29T04:50:31+00:00","og_image":[{"width":640,"height":409,"url":"https:\/\/www.asesoriaorihuelacosta.com\/wp-content\/uploads\/2024\/09\/money-1033647_640-1.jpg","type":"image\/jpeg"}],"author":"Patrick Gordinne Perez","twitter_card":"summary_large_image","twitter_misc":{"\u00c9crit par":"Patrick Gordinne Perez","Dur\u00e9e de lecture estim\u00e9e":"5 minutes"},"schema":{"@context":"https:\/\/schema.org","@graph":[{"@type":"Article","@id":"https:\/\/www.asesoriaorihuelacosta.com\/fr\/prescription-de-plus-values-injustifiees-en-espagne\/#article","isPartOf":{"@id":"https:\/\/www.asesoriaorihuelacosta.com\/fr\/prescription-de-plus-values-injustifiees-en-espagne\/"},"author":{"name":"Patrick Gordinne Perez","@id":"https:\/\/www.asesoriaorihuelacosta.com\/fr\/#\/schema\/person\/6614ce8cf6d2de542aaf351629fd539e"},"headline":"Prescription de plus-values \u200b\u200binjustifi\u00e9es en Espagne","datePublished":"2024-09-09T09:19:11+00:00","dateModified":"2024-09-29T04:50:31+00:00","mainEntityOfPage":{"@id":"https:\/\/www.asesoriaorihuelacosta.com\/fr\/prescription-de-plus-values-injustifiees-en-espagne\/"},"wordCount":1180,"publisher":{"@id":"https:\/\/www.asesoriaorihuelacosta.com\/fr\/#organization"},"image":{"@id":"https:\/\/www.asesoriaorihuelacosta.com\/fr\/prescription-de-plus-values-injustifiees-en-espagne\/#primaryimage"},"thumbnailUrl":"https:\/\/www.asesoriaorihuelacosta.com\/wp-content\/uploads\/2024\/09\/money-1033647_640-1.jpg","articleSection":["Blog"],"inLanguage":"fr-FR"},{"@type":"WebPage","@id":"https:\/\/www.asesoriaorihuelacosta.com\/fr\/prescription-de-plus-values-injustifiees-en-espagne\/","url":"https:\/\/www.asesoriaorihuelacosta.com\/fr\/prescription-de-plus-values-injustifiees-en-espagne\/","name":"Prescription de plus-values \u200b\u200binjustifi\u00e9es en Espagne - Asesor\u00eda Orihuela Costa","isPartOf":{"@id":"https:\/\/www.asesoriaorihuelacosta.com\/fr\/#website"},"primaryImageOfPage":{"@id":"https:\/\/www.asesoriaorihuelacosta.com\/fr\/prescription-de-plus-values-injustifiees-en-espagne\/#primaryimage"},"image":{"@id":"https:\/\/www.asesoriaorihuelacosta.com\/fr\/prescription-de-plus-values-injustifiees-en-espagne\/#primaryimage"},"thumbnailUrl":"https:\/\/www.asesoriaorihuelacosta.com\/wp-content\/uploads\/2024\/09\/money-1033647_640-1.jpg","datePublished":"2024-09-09T09:19:11+00:00","dateModified":"2024-09-29T04:50:31+00:00","description":"D\u00e9couvrez tout sur les plus-values \u200b\u200binjustifi\u00e9es en Espagne : qu\u2019est-ce que c\u2019est ? Quelles sont les cons\u00e9quences ? D\u00e9couvrez notre article","breadcrumb":{"@id":"https:\/\/www.asesoriaorihuelacosta.com\/fr\/prescription-de-plus-values-injustifiees-en-espagne\/#breadcrumb"},"inLanguage":"fr-FR","potentialAction":[{"@type":"ReadAction","target":["https:\/\/www.asesoriaorihuelacosta.com\/fr\/prescription-de-plus-values-injustifiees-en-espagne\/"]}]},{"@type":"ImageObject","inLanguage":"fr-FR","@id":"https:\/\/www.asesoriaorihuelacosta.com\/fr\/prescription-de-plus-values-injustifiees-en-espagne\/#primaryimage","url":"https:\/\/www.asesoriaorihuelacosta.com\/wp-content\/uploads\/2024\/09\/money-1033647_640-1.jpg","contentUrl":"https:\/\/www.asesoriaorihuelacosta.com\/wp-content\/uploads\/2024\/09\/money-1033647_640-1.jpg","width":640,"height":409,"caption":"Ganancias patrimoniales no justificadas"},{"@type":"BreadcrumbList","@id":"https:\/\/www.asesoriaorihuelacosta.com\/fr\/prescription-de-plus-values-injustifiees-en-espagne\/#breadcrumb","itemListElement":[{"@type":"ListItem","position":1,"name":"Home","item":"https:\/\/www.asesoriaorihuelacosta.com\/fr\/"},{"@type":"ListItem","position":2,"name":"Prescription de plus-values \u200b\u200binjustifi\u00e9es en Espagne"}]},{"@type":"WebSite","@id":"https:\/\/www.asesoriaorihuelacosta.com\/fr\/#website","url":"https:\/\/www.asesoriaorihuelacosta.com\/fr\/","name":"https:\/\/www.asesoriaorihuelacosta.com\/","description":"Grupo de asesores profesionales","publisher":{"@id":"https:\/\/www.asesoriaorihuelacosta.com\/fr\/#organization"},"potentialAction":[{"@type":"SearchAction","target":{"@type":"EntryPoint","urlTemplate":"https:\/\/www.asesoriaorihuelacosta.com\/fr\/?s={search_term_string}"},"query-input":{"@type":"PropertyValueSpecification","valueRequired":true,"valueName":"search_term_string"}}],"inLanguage":"fr-FR"},{"@type":"Organization","@id":"https:\/\/www.asesoriaorihuelacosta.com\/fr\/#organization","name":"Asesor\u00eda Orihuela Costa","url":"https:\/\/www.asesoriaorihuelacosta.com\/fr\/","logo":{"@type":"ImageObject","inLanguage":"fr-FR","@id":"https:\/\/www.asesoriaorihuelacosta.com\/fr\/#\/schema\/logo\/image\/","url":"https:\/\/www.asesoriaorihuelacosta.com\/wp-content\/uploads\/2022\/06\/Logo-espa\u5bf8l-asesoriaorihuela.jpg","contentUrl":"https:\/\/www.asesoriaorihuelacosta.com\/wp-content\/uploads\/2022\/06\/Logo-espa\u5bf8l-asesoriaorihuela.jpg","width":588,"height":136,"caption":"Asesor\u00eda Orihuela Costa"},"image":{"@id":"https:\/\/www.asesoriaorihuelacosta.com\/fr\/#\/schema\/logo\/image\/"},"sameAs":["https:\/\/www.facebook.com\/asesoriaorihuelacosta"]},{"@type":"Person","@id":"https:\/\/www.asesoriaorihuelacosta.com\/fr\/#\/schema\/person\/6614ce8cf6d2de542aaf351629fd539e","name":"Patrick Gordinne Perez","description":"Soy economista colegiado por el colegio de economistas de Alicante con el n\u00famero 2722. Llevo ejerciendo desde el a\u00f1o 2005. Soy especialista en fiscalidad de empresas y aut\u00f3nomos y tambi\u00e9n especialista en gestionar compraventas. Hablo espa\u00f1ol, ingl\u00e9s y franc\u00e9s.","sameAs":["https:\/\/www.asesoriaorihuelacosta.com","https:\/\/www.facebook.com\/patrick.gordinneperez","https:\/\/www.linkedin.com\/in\/patrick-gordinne-perez-1b73aab3\/","https:\/\/www.youtube.com\/channel\/UC5e95RJEVQlxCnhwDmGNVCw"],"gender":"Hombre","knowsLanguage":["ingl\u00e9s","franc\u00e9s","espa\u00f1ol"],"jobTitle":"Gerente","worksFor":"Asesoria Orihuela Costa SL"}]}},"_links":{"self":[{"href":"https:\/\/www.asesoriaorihuelacosta.com\/fr\/wp-json\/wp\/v2\/posts\/32154","targetHints":{"allow":["GET"]}}],"collection":[{"href":"https:\/\/www.asesoriaorihuelacosta.com\/fr\/wp-json\/wp\/v2\/posts"}],"about":[{"href":"https:\/\/www.asesoriaorihuelacosta.com\/fr\/wp-json\/wp\/v2\/types\/post"}],"author":[{"embeddable":true,"href":"https:\/\/www.asesoriaorihuelacosta.com\/fr\/wp-json\/wp\/v2\/users\/2"}],"replies":[{"embeddable":true,"href":"https:\/\/www.asesoriaorihuelacosta.com\/fr\/wp-json\/wp\/v2\/comments?post=32154"}],"version-history":[{"count":8,"href":"https:\/\/www.asesoriaorihuelacosta.com\/fr\/wp-json\/wp\/v2\/posts\/32154\/revisions"}],"predecessor-version":[{"id":32162,"href":"https:\/\/www.asesoriaorihuelacosta.com\/fr\/wp-json\/wp\/v2\/posts\/32154\/revisions\/32162"}],"wp:featuredmedia":[{"embeddable":true,"href":"https:\/\/www.asesoriaorihuelacosta.com\/fr\/wp-json\/wp\/v2\/media\/31701"}],"wp:attachment":[{"href":"https:\/\/www.asesoriaorihuelacosta.com\/fr\/wp-json\/wp\/v2\/media?parent=32154"}],"wp:term":[{"taxonomy":"category","embeddable":true,"href":"https:\/\/www.asesoriaorihuelacosta.com\/fr\/wp-json\/wp\/v2\/categories?post=32154"},{"taxonomy":"post_tag","embeddable":true,"href":"https:\/\/www.asesoriaorihuelacosta.com\/fr\/wp-json\/wp\/v2\/tags?post=32154"}],"curies":[{"name":"wp","href":"https:\/\/api.w.org\/{rel}","templated":true}]}}