{"id":32045,"date":"2024-09-04T07:39:49","date_gmt":"2024-09-04T07:39:49","guid":{"rendered":"https:\/\/www.asesoriaorihuelacosta.com\/?p=32045"},"modified":"2024-09-18T17:40:33","modified_gmt":"2024-09-18T17:40:33","slug":"vente-a-distance-une-actualite-importante","status":"publish","type":"post","link":"https:\/\/www.asesoriaorihuelacosta.com\/fr\/vente-a-distance-une-actualite-importante\/","title":{"rendered":"Vente \u00e0 distance : une actualit\u00e9 importante"},"content":{"rendered":"\t\t<div data-elementor-type=\"wp-post\" data-elementor-id=\"32045\" class=\"elementor elementor-32045\" data-elementor-post-type=\"post\">\n\t\t\t\t\t\t<section data-particle_enable=\"false\" data-particle-mobile-disabled=\"false\" class=\"elementor-section elementor-top-section elementor-element elementor-element-a17d391 elementor-section-boxed elementor-section-height-default elementor-section-height-default\" data-id=\"a17d391\" data-element_type=\"section\" data-e-type=\"section\">\r\n\t\t\r\n\t\t\t\t\t\t\t<div class=\"elementor-container elementor-column-gap-default\">\r\n\t\t\t\t\t\t\t\t\t\t\t<div class=\"elementor-column elementor-col-100 elementor-top-column elementor-element elementor-element-86a34fc\" data-id=\"86a34fc\" data-element_type=\"column\" data-e-type=\"column\">\r\n\t\t\t\t\t<div class=\"elementor-widget-wrap elementor-element-populated\">\r\n\t\t\t\t\t\t\t\t<div class=\"elementor-element elementor-element-5f80be1 elementor-widget elementor-widget-text-editor\" data-id=\"5f80be1\" data-element_type=\"widget\" data-e-type=\"widget\" data-widget_type=\"text-editor.default\">\n\t\t\t\t<div class=\"elementor-widget-container\">\n\t\t\t\t\t\t\t\t\t<p>Si une entreprise r\u00e9alise des <strong>ventes \u00e0 distance<\/strong> et fournit des services \u00e9lectroniques \u00e0 des consommateurs finaux dans d&rsquo;autres pays de l&rsquo;UE dont le montant total d\u00e9passe 10 000 \u00a4, elle devra facturer la TVA dans le pays de destination \u00e0 partir du 1er juillet 2021.<\/p>\t\t\t\t\t\t\t\t<\/div>\n\t\t\t\t<\/div>\n\t\t\t\t\t<\/div>\r\n\t\t\t\t<\/div>\r\n\t\t\t\t\t<\/div>\r\n\t\t\t\t<\/section>\r\n\t\t\t\t<section data-particle_enable=\"false\" data-particle-mobile-disabled=\"false\" class=\"elementor-section elementor-top-section elementor-element elementor-element-e536954 elementor-section-boxed elementor-section-height-default elementor-section-height-default\" data-id=\"e536954\" data-element_type=\"section\" data-e-type=\"section\">\r\n\t\t\r\n\t\t\t\t\t\t\t<div class=\"elementor-container elementor-column-gap-default\">\r\n\t\t\t\t\t\t\t\t\t\t\t<div class=\"elementor-column elementor-col-100 elementor-top-column elementor-element elementor-element-44d8364\" data-id=\"44d8364\" data-element_type=\"column\" data-e-type=\"column\">\r\n\t\t\t\t\t<div class=\"elementor-widget-wrap elementor-element-populated\">\r\n\t\t\t\t\t\t\t\t<div class=\"elementor-element elementor-element-0e6d688 elementor-widget elementor-widget-heading\" data-id=\"0e6d688\" data-element_type=\"widget\" data-e-type=\"widget\" data-widget_type=\"heading.default\">\n\t\t\t\t<div class=\"elementor-widget-container\">\n\t\t\t\t\t<h2 class=\"elementor-heading-title elementor-size-default\">Vente \u00e0 distance<\/h2>\t\t\t\t<\/div>\n\t\t\t\t<\/div>\n\t\t\t\t\t<\/div>\r\n\t\t\t\t<\/div>\r\n\t\t\t\t\t<\/div>\r\n\t\t\t\t<\/section>\r\n\t\t\t\t<section data-particle_enable=\"false\" data-particle-mobile-disabled=\"false\" class=\"elementor-section elementor-top-section elementor-element elementor-element-543bd3f elementor-section-boxed elementor-section-height-default elementor-section-height-default\" data-id=\"543bd3f\" data-element_type=\"section\" data-e-type=\"section\">\r\n\t\t\r\n\t\t\t\t\t\t\t<div class=\"elementor-container elementor-column-gap-default\">\r\n\t\t\t\t\t\t\t\t\t\t\t<div class=\"elementor-column elementor-col-100 elementor-top-column elementor-element elementor-element-48058a6\" data-id=\"48058a6\" data-element_type=\"column\" data-e-type=\"column\">\r\n\t\t\t\t\t<div class=\"elementor-widget-wrap elementor-element-populated\">\r\n\t\t\t\t\t\t\t\t<div class=\"elementor-element elementor-element-44ebbd3 elementor-widget elementor-widget-text-editor\" data-id=\"44ebbd3\" data-element_type=\"widget\" data-e-type=\"widget\" data-widget_type=\"text-editor.default\">\n\t\t\t\t<div class=\"elementor-widget-container\">\n\t\t\t\t\t\t\t\t\t<h3>Modifications : 1er juillet 2021<\/h3><h4><br \/>Plafond unique de 10 000 euros<\/h4><p>\u00c0 compter du 1er juillet 2021, le plafond est consid\u00e9rablement r\u00e9duit, ce qui obligera beaucoup plus d&rsquo;entreprises \u00e0 appliquer le r\u00e9gime de vente \u00e0 distance :<\/p><ul><li>Limite unique et globale. Si au cours de l&rsquo;ann\u00e9e civile pr\u00e9c\u00e9dente ou de l&rsquo;ann\u00e9e en cours, le total des ventes \u00e0 distance r\u00e9alis\u00e9es \u00e0 tous les consommateurs finaux dans d&rsquo;autres pays de l&rsquo;UE atteint 10 000 euros, l&rsquo;entreprise sera d\u00e9j\u00e0 oblig\u00e9e d&rsquo;appliquer la TVA dans les pays de destination.<\/li><li>Plus d&rsquo;op\u00e9rations. Pour calculer ce seuil, il faut \u00e9galement prendre en compte les ventes totales li\u00e9es \u00e0 la fourniture de services \u00e9lectroniques aux consommateurs finaux dans d&rsquo;autres pays de l&rsquo;UE, ainsi que les services de t\u00e9l\u00e9communications, de radiodiffusion et de t\u00e9l\u00e9vision.<\/li><\/ul><h3><br \/>Exemple de vente \u00e0 distance<\/h3><p>Voir quelques exemples pour voir comment interpr\u00e9ter ces nouvelles r\u00e8gles\u00a0:<\/p><ul><li>Si en 2020 une entreprise a r\u00e9alis\u00e9 des ventes \u00e0 distance aux consommateurs finaux en Italie pour 6 000 euros et en France pour 20 000 euros, \u00e0 compter du 1er juillet 2021, elle devra facturer la TVA dans le pays de destination (\u00e9tant donn\u00e9 que la somme des deux chiffres de ventes d\u00e9passe 10 000 euros). euros).<\/li><li>La m\u00eame chose se produira dans le cas d&rsquo;une autre entreprise qui, en 2020, a r\u00e9alis\u00e9 des ventes \u00e0 distance aux consommateurs finaux en Belgique pour 8.000 euros et a fourni des services \u00e9lectroniques aux consommateurs au Portugal pour 4.000 euros de plus. Dans la mesure o\u00f9 le total d\u00e9passe 10 000 euros, le r\u00e9gime sp\u00e9cial sera \u00e9galement applicable.<\/li><\/ul><p>Dans les deux cas pr\u00e9c\u00e9dents, si les ventes \u00e0 distance indiqu\u00e9es avaient eu lieu au cours du premier semestre 2021, \u00e0 compter du 1er juillet, le r\u00e9gime particulier des ventes \u00e0 distance serait \u00e9galement applicable.<\/p><h3>Ventes \u00e0 distance de services \u00e9lectroniques<\/h3><p>Comme vous pouvez le constater, depuis le 1er juillet 2021, la fiscalit\u00e9 du r\u00e9gime des ventes \u00e0 distance est \u00e9gale \u00e0 celle des services \u00e9lectroniques, et les ventes des deux activit\u00e9s doivent \u00eatre calcul\u00e9es conjointement pour d\u00e9terminer si le seuil de 10 000 euros est atteint (en cas une entreprise les r\u00e9alise en m\u00eame temps).<\/p><p>De m\u00eame, comme c&rsquo;\u00e9tait le cas jusqu&rsquo;\u00e0 pr\u00e9sent pour les services \u00e9lectroniques, m\u00eame si le total des ventes \u00e0 distance r\u00e9alis\u00e9es ne d\u00e9passe pas cette limite, l&rsquo;entrepreneur peut choisir de facturer la TVA du pays de destination.<\/p><h3>Le guichet unique de la vente \u00e0 distance<\/h3><p>D\u2019un autre c\u00f4t\u00e9, et comme c\u2019est le cas pour les services \u00e9lectroniques, l\u2019application du r\u00e9gime de vente \u00e0 distance est facilit\u00e9e par la mise en place d\u2019un syst\u00e8me de \u00ab guichet unique \u00bb.<\/p><p>Ainsi, <strong>il ne sera plus n\u00e9cessaire pour l\u2019entreprise de s\u2019enregistrer aupr\u00e8s de l\u2019administration fiscale de chacun des pays dans lesquels elle vend<\/strong> (comme c\u2019\u00e9tait le cas auparavant), mais pourra b\u00e9n\u00e9ficier d\u2019un syst\u00e8me de \u00ab guichet unique \u00bb gr\u00e2ce au nouveau <strong>formulaire 035<\/strong> et r\u00e9gler toute la TVA qui affecte l&rsquo;UE via le Tr\u00e9sor espagnol (afin qu&rsquo;il se charge de transf\u00e9rer la TVA qui correspond \u00e0 chaque territoire).<\/p><p>L&rsquo;inscription se fera trimestriellement. \u00c0 ces fins, le mod\u00e8le 368 \u00e9tait jusqu&rsquo;\u00e0 pr\u00e9sent utilis\u00e9 pour d\u00e9clarer les services \u00e9lectroniques.<\/p><p>\u00c0 compter du 1er juillet 2021, ce mod\u00e8le sera remplac\u00e9 par le nouveau mod\u00e8le 369, qui inclura \u00e9galement la vente \u00e0 distance.<\/p><p>Veuillez \u00e9galement noter que dans ces d\u00e9clarations, il n&rsquo;est pas possible de d\u00e9duire la TVA que l&rsquo;entreprise a pu supporter dans les pays communautaires de destination, et le remboursement doit \u00eatre demand\u00e9 via le formulaire 360 \u200b\u200b(\u00ab Demande de remboursement aux entreprises non \u00e9tablies \u00bb).<\/p>\t\t\t\t\t\t\t\t<\/div>\n\t\t\t\t<\/div>\n\t\t\t\t\t<\/div>\r\n\t\t\t\t<\/div>\r\n\t\t\t\t\t<\/div>\r\n\t\t\t\t<\/section>\r\n\t\t\t\t<section data-particle_enable=\"false\" data-particle-mobile-disabled=\"false\" class=\"elementor-section elementor-top-section elementor-element elementor-element-1e665ff elementor-section-boxed elementor-section-height-default elementor-section-height-default\" data-id=\"1e665ff\" data-element_type=\"section\" data-e-type=\"section\">\r\n\t\t\r\n\t\t\t\t\t\t\t<div class=\"elementor-container elementor-column-gap-default\">\r\n\t\t\t\t\t\t\t\t\t\t\t<div class=\"elementor-column elementor-col-100 elementor-top-column elementor-element elementor-element-f7ad5e1\" data-id=\"f7ad5e1\" data-element_type=\"column\" data-e-type=\"column\">\r\n\t\t\t\t\t<div class=\"elementor-widget-wrap elementor-element-populated\">\r\n\t\t\t\t\t\t\t\t<div class=\"elementor-element elementor-element-d0bfa8b elementor-align-center elementor-widget elementor-widget-button\" data-id=\"d0bfa8b\" data-element_type=\"widget\" data-e-type=\"widget\" data-widget_type=\"button.default\">\n\t\t\t\t<div class=\"elementor-widget-container\">\n\t\t\t\t\t\t\t\t\t<div class=\"elementor-button-wrapper\">\n\t\t\t\t\t<a class=\"elementor-button elementor-button-link elementor-size-sm\" href=\"https:\/\/www2.agenciatributaria.gob.es\/wlpl\/AVAC-CALC\/LocalizadoresBienes\">\n\t\t\t\t\t\t<span class=\"elementor-button-content-wrapper\">\n\t\t\t\t\t\t\t\t\t<span class=\"elementor-button-text\">Vous avez des questions sur la localisation de vos ventes \u00e0 distance ? Cliquez ici<\/span>\n\t\t\t\t\t<\/span>\n\t\t\t\t\t<\/a>\n\t\t\t\t<\/div>\n\t\t\t\t\t\t\t\t<\/div>\n\t\t\t\t<\/div>\n\t\t\t\t\t<\/div>\r\n\t\t\t\t<\/div>\r\n\t\t\t\t\t<\/div>\r\n\t\t\t\t<\/section>\r\n\t\t\t\t<section data-particle_enable=\"false\" data-particle-mobile-disabled=\"false\" class=\"elementor-section elementor-top-section elementor-element elementor-element-b06643f elementor-section-boxed elementor-section-height-default elementor-section-height-default\" data-id=\"b06643f\" data-element_type=\"section\" data-e-type=\"section\">\r\n\t\t\r\n\t\t\t\t\t\t\t<div class=\"elementor-container elementor-column-gap-default\">\r\n\t\t\t\t\t\t\t\t\t\t\t<div class=\"elementor-column elementor-col-100 elementor-top-column elementor-element elementor-element-2735c3c\" data-id=\"2735c3c\" data-element_type=\"column\" data-e-type=\"column\">\r\n\t\t\t\t\t<div class=\"elementor-widget-wrap elementor-element-populated\">\r\n\t\t\t\t\t\t\t\t<div class=\"elementor-element elementor-element-4b4b9c2 elementor-widget elementor-widget-heading\" data-id=\"4b4b9c2\" data-element_type=\"widget\" data-e-type=\"widget\" data-widget_type=\"heading.default\">\n\t\t\t\t<div class=\"elementor-widget-container\">\n\t\t\t\t\t<h2 class=\"elementor-heading-title elementor-size-default\">Autres d\u00e9veloppements dans le domaine de la vente \u00e0 distance<\/h2>\t\t\t\t<\/div>\n\t\t\t\t<\/div>\n\t\t\t\t\t<\/div>\r\n\t\t\t\t<\/div>\r\n\t\t\t\t\t<\/div>\r\n\t\t\t\t<\/section>\r\n\t\t\t\t<section data-particle_enable=\"false\" data-particle-mobile-disabled=\"false\" class=\"elementor-section elementor-top-section elementor-element elementor-element-8284b58 elementor-section-boxed elementor-section-height-default elementor-section-height-default\" data-id=\"8284b58\" data-element_type=\"section\" data-e-type=\"section\">\r\n\t\t\r\n\t\t\t\t\t\t\t<div class=\"elementor-container elementor-column-gap-default\">\r\n\t\t\t\t\t\t\t\t\t\t\t<div class=\"elementor-column elementor-col-100 elementor-top-column elementor-element elementor-element-ecf19e8\" data-id=\"ecf19e8\" data-element_type=\"column\" data-e-type=\"column\">\r\n\t\t\t\t\t<div class=\"elementor-widget-wrap elementor-element-populated\">\r\n\t\t\t\t\t\t\t\t<div class=\"elementor-element elementor-element-97bda9b elementor-widget elementor-widget-image\" data-id=\"97bda9b\" data-element_type=\"widget\" data-e-type=\"widget\" data-widget_type=\"image.default\">\n\t\t\t\t<div class=\"elementor-widget-container\">\n\t\t\t\t\t\t\t\t\t\t\t\t\t\t\t<img loading=\"lazy\" decoding=\"async\" width=\"640\" height=\"360\" src=\"https:\/\/www.asesoriaorihuelacosta.com\/wp-content\/uploads\/2024\/08\/ventas-a-distancia-.jpeg\" class=\"attachment-large size-large wp-image-29073\" alt=\"ventas a distancia\" srcset=\"https:\/\/www.asesoriaorihuelacosta.com\/wp-content\/uploads\/2024\/08\/ventas-a-distancia-.jpeg 640w, https:\/\/www.asesoriaorihuelacosta.com\/wp-content\/uploads\/2024\/08\/ventas-a-distancia--400x225.jpeg 400w\" sizes=\"auto, (max-width: 640px) 100vw, 640px\" \/>\t\t\t\t\t\t\t\t\t\t\t\t\t\t\t<\/div>\n\t\t\t\t<\/div>\n\t\t\t\t\t<\/div>\r\n\t\t\t\t<\/div>\r\n\t\t\t\t\t<\/div>\r\n\t\t\t\t<\/section>\r\n\t\t\t\t<section data-particle_enable=\"false\" data-particle-mobile-disabled=\"false\" class=\"elementor-section elementor-top-section elementor-element elementor-element-8c6c064 elementor-section-boxed elementor-section-height-default elementor-section-height-default\" data-id=\"8c6c064\" data-element_type=\"section\" data-e-type=\"section\">\r\n\t\t\r\n\t\t\t\t\t\t\t<div class=\"elementor-container elementor-column-gap-default\">\r\n\t\t\t\t\t\t\t\t\t\t\t<div class=\"elementor-column elementor-col-100 elementor-top-column elementor-element elementor-element-61920a5\" data-id=\"61920a5\" data-element_type=\"column\" data-e-type=\"column\">\r\n\t\t\t\t\t<div class=\"elementor-widget-wrap elementor-element-populated\">\r\n\t\t\t\t\t\t\t\t<div class=\"elementor-element elementor-element-2aeca4c elementor-widget elementor-widget-text-editor\" data-id=\"2aeca4c\" data-element_type=\"widget\" data-e-type=\"widget\" data-widget_type=\"text-editor.default\">\n\t\t\t\t<div class=\"elementor-widget-container\">\n\t\t\t\t\t\t\t\t\t<h3 class=\"subtitle2\">Biens import\u00e9s<\/h3><h4><strong>Biens de faible valeur<\/strong><\/h4><p>Une autre nouveaut\u00e9 importante \u00e0 partir du 1er juillet 2021 concerne les ventes \u00e0 distance de biens aux consommateurs finaux lorsque le fournisseur envoie les biens depuis un pays tiers (et non depuis un autre pays de l&rsquo;UE) et que ces deux conditions sont \u00e9galement remplies :<\/p><ul><li><i><strong>Valeur<\/strong>: <\/i>la <i><strong>valeur<\/strong> <\/i>des biens ne d\u00e9passe pas 150 EUR.<\/li><li><i><strong>Droits d&rsquo;accises : <\/strong><\/i>les marchandises import\u00e9es ne sont pas soumises aux droits d&rsquo;accises.<\/li><\/ul><h3><strong>Importations exon\u00e9r\u00e9es<\/strong><\/h3><p>Dans ce cas, lorsqu&rsquo;il facture ses clients, l&rsquo;entrepreneur peut \u00e9galement utiliser le syst\u00e8me de vente \u00e0 distance et facturer la TVA du pays du destinataire.<\/p><p>Ainsi, lors de l&rsquo;enl\u00e8vement des marchandises \u00e0 la douane, il peut d\u00e9clarer l&rsquo;importation en exon\u00e9ration de TVA.<\/p><p>Pour ce faire, il suffit que le fournisseur fournisse, au moment du d\u00e9p\u00f4t de la d\u00e9claration douani\u00e8re d&rsquo;importation, le num\u00e9ro d&rsquo;identification individuel sous lequel il est identifi\u00e9 lorsqu&rsquo;il d\u00e9clare ses ventes \u00e0 distance par l&rsquo;interm\u00e9diaire du syst\u00e8me de \u00ab\u00a0guichet unique\u00a0\u00bb.<\/p><p>La TVA sur ces ventes peut \u00e9galement \u00eatre r\u00e9gl\u00e9e par le biais du syst\u00e8me de \u00ab\u00a0guichet unique\u00a0\u00bb, sans qu&rsquo;il soit n\u00e9cessaire de s&rsquo;enregistrer et de d\u00e9poser des d\u00e9clarations dans le pays du destinataire. Toutefois, il est pr\u00e9vu que, dans ces cas, le formulaire 369 devra \u00eatre d\u00e9pos\u00e9 sur une base mensuelle.<\/p><h3 class=\"subtitle2\">Interfaces num\u00e9riques<\/h3><p><strong>Nouveaux fournisseurs<\/strong><\/p><p>Enfin, et \u00e9galement \u00e0 partir du 1er juillet 2021, des changements sont intervenus dans les places de march\u00e9 en ligne, les plateformes, les portails Internet ou similaires, par l&rsquo;interm\u00e9diaire desquels les consommateurs europ\u00e9ens peuvent acheter des produits en provenance de pays tiers.<\/p><p>Ainsi, ces interm\u00e9diaires peuvent \u00eatre oblig\u00e9s de facturer la TVA dans le pays de destination pour les ventes \u00e0 distance r\u00e9alis\u00e9es par leur interm\u00e9diaire, acqu\u00e9rant ainsi, aux fins de la TVA, le statut de fournisseurs.<\/p><p>C&rsquo;est notamment le cas lorsque les produits import\u00e9s ont une valeur inf\u00e9rieure ou \u00e9gale \u00e0 150 \u00a4.<\/p><p><strong>Plus facile pour les consommateurs<\/strong><\/p><p>Dans ces cas, l&rsquo;importation des biens sera exon\u00e9r\u00e9e et l&rsquo;op\u00e9rateur d&rsquo;interface pourra b\u00e9n\u00e9ficier du r\u00e9gime des ventes \u00e0 distance de biens import\u00e9s.<\/p><p>Les consommateurs finaux pourront ainsi se conformer plus facilement \u00e0 leurs obligations : au lieu de payer la TVA \u00e0 l&rsquo;importation \u00e0 la douane, c&rsquo;est l&rsquo;interface qui collecte la TVA et la verse \u00e0 l&rsquo;administration fiscale (en la r\u00e9percutant sur les clients au moment de l&rsquo;achat).<\/p><p>Parall\u00e8lement, \u00e0 partir du 1er juillet 2021, l&rsquo;exon\u00e9ration pour les importations de biens de faible valeur jusqu&rsquo;\u00e0 22 euros dispara\u00eetra, de sorte que l&rsquo;achat de biens via une interface ne sera pas plus tax\u00e9 que l&rsquo;achat direct aupr\u00e8s d&rsquo;un fournisseur \u00e9tranger.<\/p>\t\t\t\t\t\t\t\t<\/div>\n\t\t\t\t<\/div>\n\t\t\t\t\t<\/div>\r\n\t\t\t\t<\/div>\r\n\t\t\t\t\t<\/div>\r\n\t\t\t\t<\/section>\r\n\t\t\t\t<section data-particle_enable=\"false\" data-particle-mobile-disabled=\"false\" class=\"elementor-section elementor-top-section elementor-element elementor-element-3a9eb46 elementor-section-boxed elementor-section-height-default elementor-section-height-default\" data-id=\"3a9eb46\" data-element_type=\"section\" data-e-type=\"section\">\r\n\t\t\r\n\t\t\t\t\t\t\t<div class=\"elementor-container elementor-column-gap-default\">\r\n\t\t\t\t\t\t\t\t\t\t\t<div class=\"elementor-column elementor-col-100 elementor-top-column elementor-element elementor-element-763828e\" data-id=\"763828e\" data-element_type=\"column\" data-e-type=\"column\">\r\n\t\t\t\t\t<div class=\"elementor-widget-wrap elementor-element-populated\">\r\n\t\t\t\t\t\t\t\t<div class=\"elementor-element elementor-element-0979c45 elementor-widget elementor-widget-porto_button\" data-id=\"0979c45\" data-element_type=\"widget\" data-e-type=\"widget\" data-settings=\"{&quot;align&quot;:&quot;center&quot;}\" data-widget_type=\"porto_button.default\">\n\t\t\t\t<div class=\"elementor-widget-container\">\n\t\t\t\t\t<a aria-label=\"button\" class=\"btn btn-lg btn-primary\" href=\"https:\/\/www.asesoriaorihuelacosta.com\/contacto\/\"><span >J'ai des questions sur la vente \u00e0 distance<\/span><\/a>\t\t\t\t<\/div>\n\t\t\t\t<\/div>\n\t\t\t\t\t<\/div>\r\n\t\t\t\t<\/div>\r\n\t\t\t\t\t<\/div>\r\n\t\t\t\t<\/section>\r\n\t\t\t\t<\/div>\n\t\t","protected":false},"excerpt":{"rendered":"<p>Si une entreprise r\u00e9alise des ventes \u00e0 distance et fournit des services \u00e9lectroniques \u00e0 des consommateurs finaux dans d&rsquo;autres pays de l&rsquo;UE dont le montant total d\u00e9passe 10 000 \u00a4, elle devra facturer la TVA dans le pays de destination \u00e0 partir du 1er juillet 2021. Vente \u00e0 distance Modifications : 1er juillet 2021 Plafond [&hellip;]<\/p>\n","protected":false},"author":2,"featured_media":29100,"comment_status":"closed","ping_status":"closed","sticky":false,"template":"","format":"standard","meta":{"_eb_attr":"","inline_featured_image":false,"footnotes":""},"categories":[46],"tags":[],"class_list":["post-32045","post","type-post","status-publish","format-standard","has-post-thumbnail","hentry","category-blog"],"featured_image_src":{"landsacpe":["https:\/\/www.asesoriaorihuelacosta.com\/wp-content\/uploads\/2024\/08\/ventas-a-distancia-2.jpeg",640,360,false],"list":["https:\/\/www.asesoriaorihuelacosta.com\/wp-content\/uploads\/2024\/08\/ventas-a-distancia-2-463x348.jpeg",463,348,true],"medium":["https:\/\/www.asesoriaorihuelacosta.com\/wp-content\/uploads\/2024\/08\/ventas-a-distancia-2-300x169.jpeg",300,169,true],"full":["https:\/\/www.asesoriaorihuelacosta.com\/wp-content\/uploads\/2024\/08\/ventas-a-distancia-2.jpeg",640,360,false]},"yoast_head":"<!-- This site is optimized with the Yoast SEO Premium plugin v24.7 (Yoast SEO v27.4) - https:\/\/yoast.com\/product\/yoast-seo-premium-wordpress\/ -->\n<title>Vente \u00e0 distance : une actualit\u00e9 importante - Asesor\u00eda Orihuela Costa<\/title>\n<meta name=\"description\" content=\"Depuis le 1\/07 2021, de nouvelles regles ont \u00e9t\u00e9 introduites dans la vente \u00e0 distance aux consommateurs finaux des autres pays de l&#039;Europe.\" \/>\n<meta name=\"robots\" content=\"index, follow, max-snippet:-1, max-image-preview:large, max-video-preview:-1\" \/>\n<link rel=\"canonical\" href=\"https:\/\/www.asesoriaorihuelacosta.com\/fr\/vente-a-distance-une-actualite-importante\/\" \/>\n<meta property=\"og:locale\" content=\"fr_FR\" \/>\n<meta property=\"og:type\" content=\"article\" \/>\n<meta property=\"og:title\" content=\"Vente \u00e0 distance : une actualit\u00e9 importante\" \/>\n<meta property=\"og:description\" content=\"Depuis le 1\/07 2021, de nouvelles regles ont \u00e9t\u00e9 introduites dans la vente \u00e0 distance aux consommateurs finaux des autres pays de l&#039;Europe.\" \/>\n<meta property=\"og:url\" content=\"https:\/\/www.asesoriaorihuelacosta.com\/fr\/vente-a-distance-une-actualite-importante\/\" \/>\n<meta property=\"og:site_name\" content=\"Asesor\u00eda Orihuela Costa\" \/>\n<meta property=\"article:publisher\" content=\"https:\/\/www.facebook.com\/asesoriaorihuelacosta\" \/>\n<meta property=\"article:author\" content=\"https:\/\/www.facebook.com\/patrick.gordinneperez\" \/>\n<meta property=\"article:published_time\" content=\"2024-09-04T07:39:49+00:00\" \/>\n<meta property=\"article:modified_time\" content=\"2024-09-18T17:40:33+00:00\" \/>\n<meta property=\"og:image\" content=\"https:\/\/www.asesoriaorihuelacosta.com\/wp-content\/uploads\/2024\/08\/ventas-a-distancia-2.jpeg\" \/>\n\t<meta property=\"og:image:width\" content=\"640\" \/>\n\t<meta property=\"og:image:height\" content=\"360\" \/>\n\t<meta property=\"og:image:type\" content=\"image\/jpeg\" \/>\n<meta name=\"author\" content=\"Patrick Gordinne Perez\" \/>\n<meta name=\"twitter:card\" content=\"summary_large_image\" \/>\n<meta name=\"twitter:label1\" content=\"\u00c9crit par\" \/>\n\t<meta name=\"twitter:data1\" content=\"Patrick Gordinne Perez\" \/>\n\t<meta name=\"twitter:label2\" content=\"Dur\u00e9e de lecture estim\u00e9e\" \/>\n\t<meta name=\"twitter:data2\" content=\"6 minutes\" \/>\n<script type=\"application\/ld+json\" class=\"yoast-schema-graph\">{\"@context\":\"https:\\\/\\\/schema.org\",\"@graph\":[{\"@type\":\"Article\",\"@id\":\"https:\\\/\\\/www.asesoriaorihuelacosta.com\\\/fr\\\/vente-a-distance-une-actualite-importante\\\/#article\",\"isPartOf\":{\"@id\":\"https:\\\/\\\/www.asesoriaorihuelacosta.com\\\/fr\\\/vente-a-distance-une-actualite-importante\\\/\"},\"author\":{\"name\":\"Patrick Gordinne Perez\",\"@id\":\"https:\\\/\\\/www.asesoriaorihuelacosta.com\\\/fr\\\/#\\\/schema\\\/person\\\/6614ce8cf6d2de542aaf351629fd539e\"},\"headline\":\"Vente \u00e0 distance : une actualit\u00e9 importante\",\"datePublished\":\"2024-09-04T07:39:49+00:00\",\"dateModified\":\"2024-09-18T17:40:33+00:00\",\"mainEntityOfPage\":{\"@id\":\"https:\\\/\\\/www.asesoriaorihuelacosta.com\\\/fr\\\/vente-a-distance-une-actualite-importante\\\/\"},\"wordCount\":1170,\"publisher\":{\"@id\":\"https:\\\/\\\/www.asesoriaorihuelacosta.com\\\/fr\\\/#organization\"},\"image\":{\"@id\":\"https:\\\/\\\/www.asesoriaorihuelacosta.com\\\/fr\\\/vente-a-distance-une-actualite-importante\\\/#primaryimage\"},\"thumbnailUrl\":\"https:\\\/\\\/www.asesoriaorihuelacosta.com\\\/wp-content\\\/uploads\\\/2024\\\/08\\\/ventas-a-distancia-2.jpeg\",\"articleSection\":[\"Blog\"],\"inLanguage\":\"fr-FR\"},{\"@type\":\"WebPage\",\"@id\":\"https:\\\/\\\/www.asesoriaorihuelacosta.com\\\/fr\\\/vente-a-distance-une-actualite-importante\\\/\",\"url\":\"https:\\\/\\\/www.asesoriaorihuelacosta.com\\\/fr\\\/vente-a-distance-une-actualite-importante\\\/\",\"name\":\"Vente \u00e0 distance : une actualit\u00e9 importante - Asesor\u00eda Orihuela Costa\",\"isPartOf\":{\"@id\":\"https:\\\/\\\/www.asesoriaorihuelacosta.com\\\/fr\\\/#website\"},\"primaryImageOfPage\":{\"@id\":\"https:\\\/\\\/www.asesoriaorihuelacosta.com\\\/fr\\\/vente-a-distance-une-actualite-importante\\\/#primaryimage\"},\"image\":{\"@id\":\"https:\\\/\\\/www.asesoriaorihuelacosta.com\\\/fr\\\/vente-a-distance-une-actualite-importante\\\/#primaryimage\"},\"thumbnailUrl\":\"https:\\\/\\\/www.asesoriaorihuelacosta.com\\\/wp-content\\\/uploads\\\/2024\\\/08\\\/ventas-a-distancia-2.jpeg\",\"datePublished\":\"2024-09-04T07:39:49+00:00\",\"dateModified\":\"2024-09-18T17:40:33+00:00\",\"description\":\"Depuis le 1\\\/07 2021, de nouvelles regles ont \u00e9t\u00e9 introduites dans la vente \u00e0 distance aux consommateurs finaux des autres pays de l'Europe.\",\"breadcrumb\":{\"@id\":\"https:\\\/\\\/www.asesoriaorihuelacosta.com\\\/fr\\\/vente-a-distance-une-actualite-importante\\\/#breadcrumb\"},\"inLanguage\":\"fr-FR\",\"potentialAction\":[{\"@type\":\"ReadAction\",\"target\":[\"https:\\\/\\\/www.asesoriaorihuelacosta.com\\\/fr\\\/vente-a-distance-une-actualite-importante\\\/\"]}]},{\"@type\":\"ImageObject\",\"inLanguage\":\"fr-FR\",\"@id\":\"https:\\\/\\\/www.asesoriaorihuelacosta.com\\\/fr\\\/vente-a-distance-une-actualite-importante\\\/#primaryimage\",\"url\":\"https:\\\/\\\/www.asesoriaorihuelacosta.com\\\/wp-content\\\/uploads\\\/2024\\\/08\\\/ventas-a-distancia-2.jpeg\",\"contentUrl\":\"https:\\\/\\\/www.asesoriaorihuelacosta.com\\\/wp-content\\\/uploads\\\/2024\\\/08\\\/ventas-a-distancia-2.jpeg\",\"width\":640,\"height\":360,\"caption\":\"ventas a distancia\"},{\"@type\":\"BreadcrumbList\",\"@id\":\"https:\\\/\\\/www.asesoriaorihuelacosta.com\\\/fr\\\/vente-a-distance-une-actualite-importante\\\/#breadcrumb\",\"itemListElement\":[{\"@type\":\"ListItem\",\"position\":1,\"name\":\"Home\",\"item\":\"https:\\\/\\\/www.asesoriaorihuelacosta.com\\\/fr\\\/\"},{\"@type\":\"ListItem\",\"position\":2,\"name\":\"Vente \u00e0 distance : une actualit\u00e9 importante\"}]},{\"@type\":\"WebSite\",\"@id\":\"https:\\\/\\\/www.asesoriaorihuelacosta.com\\\/fr\\\/#website\",\"url\":\"https:\\\/\\\/www.asesoriaorihuelacosta.com\\\/fr\\\/\",\"name\":\"https:\\\/\\\/www.asesoriaorihuelacosta.com\\\/\",\"description\":\"Grupo de asesores profesionales\",\"publisher\":{\"@id\":\"https:\\\/\\\/www.asesoriaorihuelacosta.com\\\/fr\\\/#organization\"},\"potentialAction\":[{\"@type\":\"SearchAction\",\"target\":{\"@type\":\"EntryPoint\",\"urlTemplate\":\"https:\\\/\\\/www.asesoriaorihuelacosta.com\\\/fr\\\/?s={search_term_string}\"},\"query-input\":{\"@type\":\"PropertyValueSpecification\",\"valueRequired\":true,\"valueName\":\"search_term_string\"}}],\"inLanguage\":\"fr-FR\"},{\"@type\":\"Organization\",\"@id\":\"https:\\\/\\\/www.asesoriaorihuelacosta.com\\\/fr\\\/#organization\",\"name\":\"Asesor\u00eda Orihuela Costa\",\"url\":\"https:\\\/\\\/www.asesoriaorihuelacosta.com\\\/fr\\\/\",\"logo\":{\"@type\":\"ImageObject\",\"inLanguage\":\"fr-FR\",\"@id\":\"https:\\\/\\\/www.asesoriaorihuelacosta.com\\\/fr\\\/#\\\/schema\\\/logo\\\/image\\\/\",\"url\":\"https:\\\/\\\/www.asesoriaorihuelacosta.com\\\/wp-content\\\/uploads\\\/2022\\\/06\\\/Logo-espa\u5bf8l-asesoriaorihuela.jpg\",\"contentUrl\":\"https:\\\/\\\/www.asesoriaorihuelacosta.com\\\/wp-content\\\/uploads\\\/2022\\\/06\\\/Logo-espa\u5bf8l-asesoriaorihuela.jpg\",\"width\":588,\"height\":136,\"caption\":\"Asesor\u00eda Orihuela Costa\"},\"image\":{\"@id\":\"https:\\\/\\\/www.asesoriaorihuelacosta.com\\\/fr\\\/#\\\/schema\\\/logo\\\/image\\\/\"},\"sameAs\":[\"https:\\\/\\\/www.facebook.com\\\/asesoriaorihuelacosta\"]},{\"@type\":\"Person\",\"@id\":\"https:\\\/\\\/www.asesoriaorihuelacosta.com\\\/fr\\\/#\\\/schema\\\/person\\\/6614ce8cf6d2de542aaf351629fd539e\",\"name\":\"Patrick Gordinne Perez\",\"description\":\"Soy economista colegiado por el colegio de economistas de Alicante con el n\u00famero 2722. Llevo ejerciendo desde el a\u00f1o 2005. Soy especialista en fiscalidad de empresas y aut\u00f3nomos y tambi\u00e9n especialista en gestionar compraventas. Hablo espa\u00f1ol, ingl\u00e9s y franc\u00e9s.\",\"sameAs\":[\"https:\\\/\\\/www.asesoriaorihuelacosta.com\",\"https:\\\/\\\/www.facebook.com\\\/patrick.gordinneperez\",\"https:\\\/\\\/www.linkedin.com\\\/in\\\/patrick-gordinne-perez-1b73aab3\\\/\",\"https:\\\/\\\/www.youtube.com\\\/channel\\\/UC5e95RJEVQlxCnhwDmGNVCw\"],\"gender\":\"Hombre\",\"knowsLanguage\":[\"ingl\u00e9s\",\"franc\u00e9s\",\"espa\u00f1ol\"],\"jobTitle\":\"Gerente\",\"worksFor\":\"Asesoria Orihuela Costa SL\"}]}<\/script>\n<!-- \/ Yoast SEO Premium plugin. -->","yoast_head_json":{"title":"Vente \u00e0 distance : une actualit\u00e9 importante - Asesor\u00eda Orihuela Costa","description":"Depuis le 1\/07 2021, de nouvelles regles ont \u00e9t\u00e9 introduites dans la vente \u00e0 distance aux consommateurs finaux des autres pays de l'Europe.","robots":{"index":"index","follow":"follow","max-snippet":"max-snippet:-1","max-image-preview":"max-image-preview:large","max-video-preview":"max-video-preview:-1"},"canonical":"https:\/\/www.asesoriaorihuelacosta.com\/fr\/vente-a-distance-une-actualite-importante\/","og_locale":"fr_FR","og_type":"article","og_title":"Vente \u00e0 distance : une actualit\u00e9 importante","og_description":"Depuis le 1\/07 2021, de nouvelles regles ont \u00e9t\u00e9 introduites dans la vente \u00e0 distance aux consommateurs finaux des autres pays de l'Europe.","og_url":"https:\/\/www.asesoriaorihuelacosta.com\/fr\/vente-a-distance-une-actualite-importante\/","og_site_name":"Asesor\u00eda Orihuela Costa","article_publisher":"https:\/\/www.facebook.com\/asesoriaorihuelacosta","article_author":"https:\/\/www.facebook.com\/patrick.gordinneperez","article_published_time":"2024-09-04T07:39:49+00:00","article_modified_time":"2024-09-18T17:40:33+00:00","og_image":[{"width":640,"height":360,"url":"https:\/\/www.asesoriaorihuelacosta.com\/wp-content\/uploads\/2024\/08\/ventas-a-distancia-2.jpeg","type":"image\/jpeg"}],"author":"Patrick Gordinne Perez","twitter_card":"summary_large_image","twitter_misc":{"\u00c9crit par":"Patrick Gordinne Perez","Dur\u00e9e de lecture estim\u00e9e":"6 minutes"},"schema":{"@context":"https:\/\/schema.org","@graph":[{"@type":"Article","@id":"https:\/\/www.asesoriaorihuelacosta.com\/fr\/vente-a-distance-une-actualite-importante\/#article","isPartOf":{"@id":"https:\/\/www.asesoriaorihuelacosta.com\/fr\/vente-a-distance-une-actualite-importante\/"},"author":{"name":"Patrick Gordinne Perez","@id":"https:\/\/www.asesoriaorihuelacosta.com\/fr\/#\/schema\/person\/6614ce8cf6d2de542aaf351629fd539e"},"headline":"Vente \u00e0 distance : une actualit\u00e9 importante","datePublished":"2024-09-04T07:39:49+00:00","dateModified":"2024-09-18T17:40:33+00:00","mainEntityOfPage":{"@id":"https:\/\/www.asesoriaorihuelacosta.com\/fr\/vente-a-distance-une-actualite-importante\/"},"wordCount":1170,"publisher":{"@id":"https:\/\/www.asesoriaorihuelacosta.com\/fr\/#organization"},"image":{"@id":"https:\/\/www.asesoriaorihuelacosta.com\/fr\/vente-a-distance-une-actualite-importante\/#primaryimage"},"thumbnailUrl":"https:\/\/www.asesoriaorihuelacosta.com\/wp-content\/uploads\/2024\/08\/ventas-a-distancia-2.jpeg","articleSection":["Blog"],"inLanguage":"fr-FR"},{"@type":"WebPage","@id":"https:\/\/www.asesoriaorihuelacosta.com\/fr\/vente-a-distance-une-actualite-importante\/","url":"https:\/\/www.asesoriaorihuelacosta.com\/fr\/vente-a-distance-une-actualite-importante\/","name":"Vente \u00e0 distance : une actualit\u00e9 importante - Asesor\u00eda Orihuela Costa","isPartOf":{"@id":"https:\/\/www.asesoriaorihuelacosta.com\/fr\/#website"},"primaryImageOfPage":{"@id":"https:\/\/www.asesoriaorihuelacosta.com\/fr\/vente-a-distance-une-actualite-importante\/#primaryimage"},"image":{"@id":"https:\/\/www.asesoriaorihuelacosta.com\/fr\/vente-a-distance-une-actualite-importante\/#primaryimage"},"thumbnailUrl":"https:\/\/www.asesoriaorihuelacosta.com\/wp-content\/uploads\/2024\/08\/ventas-a-distancia-2.jpeg","datePublished":"2024-09-04T07:39:49+00:00","dateModified":"2024-09-18T17:40:33+00:00","description":"Depuis le 1\/07 2021, de nouvelles regles ont \u00e9t\u00e9 introduites dans la vente \u00e0 distance aux consommateurs finaux des autres pays de l'Europe.","breadcrumb":{"@id":"https:\/\/www.asesoriaorihuelacosta.com\/fr\/vente-a-distance-une-actualite-importante\/#breadcrumb"},"inLanguage":"fr-FR","potentialAction":[{"@type":"ReadAction","target":["https:\/\/www.asesoriaorihuelacosta.com\/fr\/vente-a-distance-une-actualite-importante\/"]}]},{"@type":"ImageObject","inLanguage":"fr-FR","@id":"https:\/\/www.asesoriaorihuelacosta.com\/fr\/vente-a-distance-une-actualite-importante\/#primaryimage","url":"https:\/\/www.asesoriaorihuelacosta.com\/wp-content\/uploads\/2024\/08\/ventas-a-distancia-2.jpeg","contentUrl":"https:\/\/www.asesoriaorihuelacosta.com\/wp-content\/uploads\/2024\/08\/ventas-a-distancia-2.jpeg","width":640,"height":360,"caption":"ventas a distancia"},{"@type":"BreadcrumbList","@id":"https:\/\/www.asesoriaorihuelacosta.com\/fr\/vente-a-distance-une-actualite-importante\/#breadcrumb","itemListElement":[{"@type":"ListItem","position":1,"name":"Home","item":"https:\/\/www.asesoriaorihuelacosta.com\/fr\/"},{"@type":"ListItem","position":2,"name":"Vente \u00e0 distance : une actualit\u00e9 importante"}]},{"@type":"WebSite","@id":"https:\/\/www.asesoriaorihuelacosta.com\/fr\/#website","url":"https:\/\/www.asesoriaorihuelacosta.com\/fr\/","name":"https:\/\/www.asesoriaorihuelacosta.com\/","description":"Grupo de asesores profesionales","publisher":{"@id":"https:\/\/www.asesoriaorihuelacosta.com\/fr\/#organization"},"potentialAction":[{"@type":"SearchAction","target":{"@type":"EntryPoint","urlTemplate":"https:\/\/www.asesoriaorihuelacosta.com\/fr\/?s={search_term_string}"},"query-input":{"@type":"PropertyValueSpecification","valueRequired":true,"valueName":"search_term_string"}}],"inLanguage":"fr-FR"},{"@type":"Organization","@id":"https:\/\/www.asesoriaorihuelacosta.com\/fr\/#organization","name":"Asesor\u00eda Orihuela Costa","url":"https:\/\/www.asesoriaorihuelacosta.com\/fr\/","logo":{"@type":"ImageObject","inLanguage":"fr-FR","@id":"https:\/\/www.asesoriaorihuelacosta.com\/fr\/#\/schema\/logo\/image\/","url":"https:\/\/www.asesoriaorihuelacosta.com\/wp-content\/uploads\/2022\/06\/Logo-espa\u5bf8l-asesoriaorihuela.jpg","contentUrl":"https:\/\/www.asesoriaorihuelacosta.com\/wp-content\/uploads\/2022\/06\/Logo-espa\u5bf8l-asesoriaorihuela.jpg","width":588,"height":136,"caption":"Asesor\u00eda Orihuela Costa"},"image":{"@id":"https:\/\/www.asesoriaorihuelacosta.com\/fr\/#\/schema\/logo\/image\/"},"sameAs":["https:\/\/www.facebook.com\/asesoriaorihuelacosta"]},{"@type":"Person","@id":"https:\/\/www.asesoriaorihuelacosta.com\/fr\/#\/schema\/person\/6614ce8cf6d2de542aaf351629fd539e","name":"Patrick Gordinne Perez","description":"Soy economista colegiado por el colegio de economistas de Alicante con el n\u00famero 2722. Llevo ejerciendo desde el a\u00f1o 2005. Soy especialista en fiscalidad de empresas y aut\u00f3nomos y tambi\u00e9n especialista en gestionar compraventas. Hablo espa\u00f1ol, ingl\u00e9s y franc\u00e9s.","sameAs":["https:\/\/www.asesoriaorihuelacosta.com","https:\/\/www.facebook.com\/patrick.gordinneperez","https:\/\/www.linkedin.com\/in\/patrick-gordinne-perez-1b73aab3\/","https:\/\/www.youtube.com\/channel\/UC5e95RJEVQlxCnhwDmGNVCw"],"gender":"Hombre","knowsLanguage":["ingl\u00e9s","franc\u00e9s","espa\u00f1ol"],"jobTitle":"Gerente","worksFor":"Asesoria Orihuela Costa SL"}]}},"_links":{"self":[{"href":"https:\/\/www.asesoriaorihuelacosta.com\/fr\/wp-json\/wp\/v2\/posts\/32045","targetHints":{"allow":["GET"]}}],"collection":[{"href":"https:\/\/www.asesoriaorihuelacosta.com\/fr\/wp-json\/wp\/v2\/posts"}],"about":[{"href":"https:\/\/www.asesoriaorihuelacosta.com\/fr\/wp-json\/wp\/v2\/types\/post"}],"author":[{"embeddable":true,"href":"https:\/\/www.asesoriaorihuelacosta.com\/fr\/wp-json\/wp\/v2\/users\/2"}],"replies":[{"embeddable":true,"href":"https:\/\/www.asesoriaorihuelacosta.com\/fr\/wp-json\/wp\/v2\/comments?post=32045"}],"version-history":[{"count":11,"href":"https:\/\/www.asesoriaorihuelacosta.com\/fr\/wp-json\/wp\/v2\/posts\/32045\/revisions"}],"predecessor-version":[{"id":32056,"href":"https:\/\/www.asesoriaorihuelacosta.com\/fr\/wp-json\/wp\/v2\/posts\/32045\/revisions\/32056"}],"wp:featuredmedia":[{"embeddable":true,"href":"https:\/\/www.asesoriaorihuelacosta.com\/fr\/wp-json\/wp\/v2\/media\/29100"}],"wp:attachment":[{"href":"https:\/\/www.asesoriaorihuelacosta.com\/fr\/wp-json\/wp\/v2\/media?parent=32045"}],"wp:term":[{"taxonomy":"category","embeddable":true,"href":"https:\/\/www.asesoriaorihuelacosta.com\/fr\/wp-json\/wp\/v2\/categories?post=32045"},{"taxonomy":"post_tag","embeddable":true,"href":"https:\/\/www.asesoriaorihuelacosta.com\/fr\/wp-json\/wp\/v2\/tags?post=32045"}],"curies":[{"name":"wp","href":"https:\/\/api.w.org\/{rel}","templated":true}]}}