{"id":31880,"date":"2024-08-29T16:54:53","date_gmt":"2024-08-29T16:54:53","guid":{"rendered":"https:\/\/www.asesoriaorihuelacosta.com\/?p=31880"},"modified":"2024-09-12T18:43:26","modified_gmt":"2024-09-12T18:43:26","slug":"comment-est-taxe-le-kit-numerique-en-espagne","status":"publish","type":"post","link":"https:\/\/www.asesoriaorihuelacosta.com\/fr\/comment-est-taxe-le-kit-numerique-en-espagne\/","title":{"rendered":"Comment est tax\u00e9 le kit num\u00e9rique en Espagne ?"},"content":{"rendered":"\t\t<div data-elementor-type=\"wp-post\" data-elementor-id=\"31880\" class=\"elementor elementor-31880\" data-elementor-post-type=\"post\">\n\t\t\t\t\t\t<section data-particle_enable=\"false\" data-particle-mobile-disabled=\"false\" class=\"elementor-section elementor-top-section elementor-element elementor-element-3be3fea elementor-section-boxed elementor-section-height-default elementor-section-height-default\" data-id=\"3be3fea\" data-element_type=\"section\" data-e-type=\"section\">\r\n\t\t\r\n\t\t\t\t\t\t\t<div class=\"elementor-container elementor-column-gap-default\">\r\n\t\t\t\t\t\t\t\t\t\t\t<div class=\"elementor-column elementor-col-100 elementor-top-column elementor-element elementor-element-cf52dd5\" data-id=\"cf52dd5\" data-element_type=\"column\" data-e-type=\"column\">\r\n\t\t\t\t\t<div class=\"elementor-widget-wrap elementor-element-populated\">\r\n\t\t\t\t\t\t\t\t<div class=\"elementor-element elementor-element-2f0418b elementor-widget elementor-widget-text-editor\" data-id=\"2f0418b\" data-element_type=\"widget\" data-e-type=\"widget\" data-widget_type=\"text-editor.default\">\n\t\t\t\t<div class=\"elementor-widget-container\">\n\t\t\t\t\t\t\t\t\t<p>Avez-vous re\u00e7u le kit num\u00e9rique ? Oui, f\u00e9licitations, mais savez-vous<strong> comment le kit num\u00e9rique est tax\u00e9<\/strong>? Il est important de savoir comment le kit num\u00e9rique est tax\u00e9 afin d&rsquo;\u00e9viter de faire des erreurs dans votre d\u00e9claration d&rsquo;imp\u00f4ts ou dans votre imp\u00f4t sur les soci\u00e9t\u00e9s.<\/p><p>Votre entreprise &#8211; ou vous en tant qu&rsquo;ind\u00e9pendant &#8211; a demand\u00e9 une des subventions du programme \u00ab\u00a0Kit num\u00e9rique\u00a0\u00bb.<\/p><p>Si vous recevez une de ces<span style=\"text-decoration: underline;\"> subventions, n&rsquo;oubliez pas que votre imposition variera en fonction de l&rsquo;usage que vous ferez de la subvention du kit num\u00e9rique.<\/span><\/p>\t\t\t\t\t\t\t\t<\/div>\n\t\t\t\t<\/div>\n\t\t\t\t\t<\/div>\r\n\t\t\t\t<\/div>\r\n\t\t\t\t\t<\/div>\r\n\t\t\t\t<\/section>\r\n\t\t\t\t<section data-particle_enable=\"false\" data-particle-mobile-disabled=\"false\" class=\"elementor-section elementor-top-section elementor-element elementor-element-942e348 elementor-section-boxed elementor-section-height-default elementor-section-height-default\" data-id=\"942e348\" data-element_type=\"section\" data-e-type=\"section\">\r\n\t\t\r\n\t\t\t\t\t\t\t<div class=\"elementor-container elementor-column-gap-default\">\r\n\t\t\t\t\t\t\t\t\t\t\t<div class=\"elementor-column elementor-col-100 elementor-top-column elementor-element elementor-element-3142199\" data-id=\"3142199\" data-element_type=\"column\" data-e-type=\"column\">\r\n\t\t\t\t\t<div class=\"elementor-widget-wrap elementor-element-populated\">\r\n\t\t\t\t\t\t\t\t<div class=\"elementor-element elementor-element-faa9209 elementor-widget elementor-widget-porto_ultimate_heading\" data-id=\"faa9209\" data-element_type=\"widget\" data-e-type=\"widget\" data-widget_type=\"porto_ultimate_heading.default\">\n\t\t\t\t<div class=\"elementor-widget-container\">\n\t\t\t\t\t<div class=\"porto-u-heading  porto-u-55ca8359258f9a412be7e73af65d2aac\"><div class=\"porto-u-sub-heading\" style=\"\"><h2>Programme Kit num\u00e9rique\u00a0<\/h2><\/div><style>.porto-u-55ca8359258f9a412be7e73af65d2aac.porto-u-heading{text-align:center}<\/style><\/div>\t\t\t\t<\/div>\n\t\t\t\t<\/div>\n\t\t\t\t\t<\/div>\r\n\t\t\t\t<\/div>\r\n\t\t\t\t\t<\/div>\r\n\t\t\t\t<\/section>\r\n\t\t\t\t<section data-particle_enable=\"false\" data-particle-mobile-disabled=\"false\" class=\"elementor-section elementor-top-section elementor-element elementor-element-0751d15 elementor-section-boxed elementor-section-height-default elementor-section-height-default\" data-id=\"0751d15\" data-element_type=\"section\" data-e-type=\"section\">\r\n\t\t\r\n\t\t\t\t\t\t\t<div class=\"elementor-container elementor-column-gap-default\">\r\n\t\t\t\t\t\t\t\t\t\t\t<div class=\"elementor-column elementor-col-100 elementor-top-column elementor-element elementor-element-5348e21\" data-id=\"5348e21\" data-element_type=\"column\" data-e-type=\"column\">\r\n\t\t\t\t\t<div class=\"elementor-widget-wrap elementor-element-populated\">\r\n\t\t\t\t\t\t\t\t<div class=\"elementor-element elementor-element-c12c816 elementor-widget elementor-widget-text-editor\" data-id=\"c12c816\" data-element_type=\"widget\" data-e-type=\"widget\" data-widget_type=\"text-editor.default\">\n\t\t\t\t<div class=\"elementor-widget-container\">\n\t\t\t\t\t\t\t\t\t<h3>Qu&rsquo;est-ce que le kit num\u00e9rique ?<\/h3><h4>Le kit num\u00e9rique est une subvention du gouvernement espagnol<\/h4><p>Si vous \u00eates ind\u00e9pendant ou si vous travaillez dans le cadre d&rsquo;une soci\u00e9t\u00e9 (avec un maximum de 250 employ\u00e9s), vous pouvez demander cette subvention pour mettre en \u0153uvre une s\u00e9rie de solutions num\u00e9riques sp\u00e9cifiques ou m\u00eame du mat\u00e9riel (site web et pr\u00e9sence sur internet, ordinateur portable ou de bureau, commerce \u00e9lectronique, cybers\u00e9curit\u00e9, etc.)<\/p><p>Le montant total de cette subvention (appel\u00e9e prime num\u00e9rique) d\u00e9pend de la taille de votre entreprise et du nombre d&#8217;employ\u00e9s et varie entre 3.000\u20ac\u00a0 et 29.000 \u20ac.<\/p><h4>Prime num\u00e9rique<\/h4><p>Les solutions \u00e9ligibles d\u00e9pendent \u00e9galement du type d&rsquo;entreprise ; le montant maximal \u00e9ligible pour chaque solution varie \u00e9galement (entre 1.000\u20ac et 29.000 \u20ac).Le montant maximal \u00e9ligible pour chaque solution varie \u00e9galement (entre 1.000 \u20ac et 29.000 \u20ac).<\/p><p>Acc\u00e9dez au portail Acelera Pyme, inscrivez-vous et faites le test d&rsquo;autodiagnostic pour identifier les solutions qui vous int\u00e9ressent.<\/p><p>Vous pouvez ensuite faire une demande d&rsquo;aide et, une fois celle-ci accord\u00e9e, vous recevrez un bon d&rsquo;achat du montant correspondant, que vous pourrez utiliser pour acheter les solutions num\u00e9riques dont vous avez besoin.<\/p><h4><br \/>Agent de num\u00e9risation<\/h4><p>Pour ce faire, vous devez contracter ces solutions num\u00e9riques avec les fournisseurs inclus dans le programme Kit num\u00e9rique (les \u00ab\u00a0agents de num\u00e9risation\u00a0\u00bb), et l&rsquo;administration paiera les frais correspondants directement \u00e0 votre agent (\u00e0 l&rsquo;exception de la TVA, que votre entreprise doit payer, bien que vous puissiez la d\u00e9duire dans votre d\u00e9claration d&rsquo;imp\u00f4t p\u00e9riodique).<\/p>\t\t\t\t\t\t\t\t<\/div>\n\t\t\t\t<\/div>\n\t\t\t\t\t<\/div>\r\n\t\t\t\t<\/div>\r\n\t\t\t\t\t<\/div>\r\n\t\t\t\t<\/section>\r\n\t\t\t\t<section data-particle_enable=\"false\" data-particle-mobile-disabled=\"false\" class=\"elementor-section elementor-top-section elementor-element elementor-element-145d315 elementor-section-boxed elementor-section-height-default elementor-section-height-default\" data-id=\"145d315\" data-element_type=\"section\" data-e-type=\"section\">\r\n\t\t\r\n\t\t\t\t\t\t\t<div class=\"elementor-container elementor-column-gap-default\">\r\n\t\t\t\t\t\t\t\t\t\t\t<div class=\"elementor-column elementor-col-100 elementor-top-column elementor-element elementor-element-9f8eeb6\" data-id=\"9f8eeb6\" data-element_type=\"column\" data-e-type=\"column\">\r\n\t\t\t\t\t<div class=\"elementor-widget-wrap elementor-element-populated\">\r\n\t\t\t\t\t\t\t\t<div class=\"elementor-element elementor-element-309f5c4 elementor-invisible elementor-widget elementor-widget-text-editor\" data-id=\"309f5c4\" data-element_type=\"widget\" data-e-type=\"widget\" data-settings=\"{&quot;_animation&quot;:&quot;fadeInRight&quot;}\" data-widget_type=\"text-editor.default\">\n\t\t\t\t<div class=\"elementor-widget-container\">\n\t\t\t\t\t\t\t\t\t<p>N&rsquo;oubliez pas que ces subventions constituent un revenu sup\u00e9rieur qui est impos\u00e9 \u00e0 l&rsquo;Imp\u00f4t sur les Soci\u00e9t\u00e9s (IS) et \u00e0 l&rsquo;Imp\u00f4t sur le Revenu des Personnes Physiques.<\/p>\t\t\t\t\t\t\t\t<\/div>\n\t\t\t\t<\/div>\n\t\t\t\t\t<\/div>\r\n\t\t\t\t<\/div>\r\n\t\t\t\t\t<\/div>\r\n\t\t\t\t<\/section>\r\n\t\t\t\t<section data-particle_enable=\"false\" data-particle-mobile-disabled=\"false\" class=\"elementor-section elementor-top-section elementor-element elementor-element-8a96587 elementor-section-boxed elementor-section-height-default elementor-section-height-default\" data-id=\"8a96587\" data-element_type=\"section\" data-e-type=\"section\">\r\n\t\t\r\n\t\t\t\t\t\t\t<div class=\"elementor-container elementor-column-gap-default\">\r\n\t\t\t\t\t\t\t\t\t\t\t<div class=\"elementor-column elementor-col-100 elementor-top-column elementor-element elementor-element-e16b16d\" data-id=\"e16b16d\" data-element_type=\"column\" data-e-type=\"column\">\r\n\t\t\t\t\t<div class=\"elementor-widget-wrap elementor-element-populated\">\r\n\t\t\t\t\t\t\t\t<div class=\"elementor-element elementor-element-c42b286 elementor-widget elementor-widget-porto_ultimate_heading\" data-id=\"c42b286\" data-element_type=\"widget\" data-e-type=\"widget\" data-widget_type=\"porto_ultimate_heading.default\">\n\t\t\t\t<div class=\"elementor-widget-container\">\n\t\t\t\t\t<div class=\"porto-u-heading  porto-u-55ca8359258f9a412be7e73af65d2aac\"><div class=\"porto-u-sub-heading\" style=\"\"><h2>Fiscalit\u00e9 des kits num\u00e9riques<\/h2><\/div><style>.porto-u-55ca8359258f9a412be7e73af65d2aac.porto-u-heading{text-align:center}<\/style><\/div>\t\t\t\t<\/div>\n\t\t\t\t<\/div>\n\t\t\t\t\t<\/div>\r\n\t\t\t\t<\/div>\r\n\t\t\t\t\t<\/div>\r\n\t\t\t\t<\/section>\r\n\t\t\t\t<section data-particle_enable=\"false\" data-particle-mobile-disabled=\"false\" class=\"elementor-section elementor-top-section elementor-element elementor-element-4f09d83 elementor-section-boxed elementor-section-height-default elementor-section-height-default\" data-id=\"4f09d83\" data-element_type=\"section\" data-e-type=\"section\">\r\n\t\t\r\n\t\t\t\t\t\t\t<div class=\"elementor-container elementor-column-gap-default\">\r\n\t\t\t\t\t\t\t\t\t\t\t<div class=\"elementor-column elementor-col-100 elementor-top-column elementor-element elementor-element-b7ef73c\" data-id=\"b7ef73c\" data-element_type=\"column\" data-e-type=\"column\">\r\n\t\t\t\t\t<div class=\"elementor-widget-wrap elementor-element-populated\">\r\n\t\t\t\t\t\t\t\t<div class=\"elementor-element elementor-element-050559b elementor-widget elementor-widget-text-editor\" data-id=\"050559b\" data-element_type=\"widget\" data-e-type=\"widget\" data-widget_type=\"text-editor.default\">\n\t\t\t\t<div class=\"elementor-widget-container\">\n\t\t\t\t\t\t\t\t\t<h3>Imputation<\/h3><p>A ces fins, rappelons que les subventions sont attribu\u00e9es en fonction de leur finalit\u00e9 :<\/p><ul><li><strong>Subvention courante<\/strong> : Si elles sont destin\u00e9es \u00e0 couvrir des d\u00e9penses de l&rsquo;ann\u00e9e, elles sont affect\u00e9es en totalit\u00e9 \u00e0 titre de majoration de revenus l&rsquo;ann\u00e9e au cours de laquelle leur subvention est notifi\u00e9e.<\/li><li><strong>Subvention en capital<\/strong> : Toutefois, lorsqu&rsquo;elles sont li\u00e9es \u00e0 l&rsquo;acquisition d&rsquo;un nouveau bien li\u00e9 \u00e0 l&rsquo;activit\u00e9, elles doivent \u00eatre affect\u00e9es dans la m\u00eame proportion dans laquelle le bien acquis est amorti.<\/li><\/ul><h3><br \/>Immobilis\u00e9<\/h3><p>Or, \u00e9tant donn\u00e9 que les subventions constituent g\u00e9n\u00e9ralement des aides \u00e0 l&rsquo;acquisition d&rsquo;immobilisations corporelles ou incorporelles, elles devraient g\u00e9n\u00e9ralement \u00eatre allou\u00e9es au fur et \u00e0 mesure de l&rsquo;amortissement de ces actifs.<\/p><p>Ainsi par exemple :<\/p><ul><li>Si vous acqu\u00e9rez un nouveau logiciel, vous devez le comptabiliser (pour la valeur qui lui est attribu\u00e9e dans le <a href=\"https:\/\/www.acelerapyme.gob.es\/kit-digital\" target=\"_blank\" rel=\"noopener\">programme Kit Num\u00e9rique<\/a>) comme une \u00ab Application Informatique \u00bb (compte 206), avec pour contrepartie un compte patrimonial (compte 130, \u00ab<\/li><li>Subventions officielles \u00bb. du capital\u00a0\u00bb).<br \/>De m\u00eame, \u00e0 la fin de chaque ann\u00e9e vous devez comptabiliser l&rsquo;amortissement (si le coefficient maximum s&rsquo;applique, 33% de la valeur de la solution).<\/li><li>Parall\u00e8lement, vous devez d\u00e9clarer un revenu annuel plus \u00e9lev\u00e9 en appliquant le m\u00eame pourcentage d&rsquo;amortissement sur la subvention et en l&rsquo;enregistrant au compte 746 \u00ab Subventions transf\u00e9r\u00e9es aux r\u00e9sultats de l&rsquo;exercice \u00bb (imput\u00e9 au compte 130 indiqu\u00e9 ci-dessus).<br \/>Estimation directe simplifi\u00e9e<\/li><\/ul><p>Si vous agissez en tant qu&rsquo;ind\u00e9pendant en estimation directe simplifi\u00e9e et devez appliquer les tables d&rsquo;amortissement particuli\u00e8res de ce r\u00e9gime, rappelez-vous que le coefficient d&rsquo;amortissement maximum pour les applications informatiques est de 26 % par an.<\/p>\t\t\t\t\t\t\t\t<\/div>\n\t\t\t\t<\/div>\n\t\t\t\t\t<\/div>\r\n\t\t\t\t<\/div>\r\n\t\t\t\t\t<\/div>\r\n\t\t\t\t<\/section>\r\n\t\t\t\t<section data-particle_enable=\"false\" data-particle-mobile-disabled=\"false\" class=\"elementor-section elementor-top-section elementor-element elementor-element-35d398b elementor-section-boxed elementor-section-height-default elementor-section-height-default\" data-id=\"35d398b\" data-element_type=\"section\" data-e-type=\"section\">\r\n\t\t\r\n\t\t\t\t\t\t\t<div class=\"elementor-container elementor-column-gap-default\">\r\n\t\t\t\t\t\t\t\t\t\t\t<div class=\"elementor-column elementor-col-100 elementor-top-column elementor-element elementor-element-f98bf69\" data-id=\"f98bf69\" data-element_type=\"column\" data-e-type=\"column\">\r\n\t\t\t\t\t<div class=\"elementor-widget-wrap elementor-element-populated\">\r\n\t\t\t\t\t\t\t\t<div class=\"elementor-element elementor-element-6377d9f elementor-widget elementor-widget-text-editor\" data-id=\"6377d9f\" data-element_type=\"widget\" data-e-type=\"widget\" data-widget_type=\"text-editor.default\">\n\t\t\t\t<div class=\"elementor-widget-container\">\n\t\t\t\t\t\t\t\t\t<p>Si la subvention re\u00e7ue constitue une aide \u00e0 l&rsquo;acquisition d&rsquo;un bien corporel ou incorporel, vous ne devez pas d\u00e9clarer les revenus l&rsquo;ann\u00e9e au cours de laquelle vous recevez l&rsquo;aide, mais plut\u00f4t au fur et \u00e0 mesure de l&rsquo;amortissement desdits biens.<\/p>\t\t\t\t\t\t\t\t<\/div>\n\t\t\t\t<\/div>\n\t\t\t\t\t<\/div>\r\n\t\t\t\t<\/div>\r\n\t\t\t\t\t<\/div>\r\n\t\t\t\t<\/section>\r\n\t\t\t\t<section data-particle_enable=\"false\" data-particle-mobile-disabled=\"false\" class=\"elementor-section elementor-top-section elementor-element elementor-element-58454e2 elementor-section-boxed elementor-section-height-default elementor-section-height-default\" data-id=\"58454e2\" data-element_type=\"section\" data-e-type=\"section\">\r\n\t\t\r\n\t\t\t\t\t\t\t<div class=\"elementor-container elementor-column-gap-default\">\r\n\t\t\t\t\t\t\t\t\t\t\t<div class=\"elementor-column elementor-col-100 elementor-top-column elementor-element elementor-element-6e39611\" data-id=\"6e39611\" data-element_type=\"column\" data-e-type=\"column\">\r\n\t\t\t\t\t<div class=\"elementor-widget-wrap elementor-element-populated\">\r\n\t\t\t\t\t\t\t\t<div class=\"elementor-element elementor-element-894418d elementor-widget elementor-widget-text-editor\" data-id=\"894418d\" data-element_type=\"widget\" data-e-type=\"widget\" data-widget_type=\"text-editor.default\">\n\t\t\t\t<div class=\"elementor-widget-container\">\n\t\t\t\t\t\t\t\t\t<h3 style=\"text-align: center;\">Chez Asesoria Orihuela Costa, nous pouvons vous aider \u00e0 obtenir le kit num\u00e9rique<\/h3>\t\t\t\t\t\t\t\t<\/div>\n\t\t\t\t<\/div>\n\t\t\t\t\t<\/div>\r\n\t\t\t\t<\/div>\r\n\t\t\t\t\t<\/div>\r\n\t\t\t\t<\/section>\r\n\t\t\t\t<\/div>\n\t\t","protected":false},"excerpt":{"rendered":"<p>Avez-vous re\u00e7u le kit num\u00e9rique ? Oui, f\u00e9licitations, mais savez-vous comment le kit num\u00e9rique est tax\u00e9? Il est important de savoir comment le kit num\u00e9rique est tax\u00e9 afin d&rsquo;\u00e9viter de faire des erreurs dans votre d\u00e9claration d&rsquo;imp\u00f4ts ou dans votre imp\u00f4t sur les soci\u00e9t\u00e9s. Votre entreprise &#8211; ou vous en tant qu&rsquo;ind\u00e9pendant &#8211; a demand\u00e9 [&hellip;]<\/p>\n","protected":false},"author":2,"featured_media":31314,"comment_status":"closed","ping_status":"closed","sticky":false,"template":"","format":"standard","meta":{"_eb_attr":"","inline_featured_image":false,"footnotes":""},"categories":[46],"tags":[],"class_list":["post-31880","post","type-post","status-publish","format-standard","has-post-thumbnail","hentry","category-blog"],"featured_image_src":{"landsacpe":["https:\/\/www.asesoriaorihuelacosta.com\/wp-content\/uploads\/2024\/08\/como-tributa-el-kit-digital-1140x445.jpg",1140,445,true],"list":["https:\/\/www.asesoriaorihuelacosta.com\/wp-content\/uploads\/2024\/08\/como-tributa-el-kit-digital-463x348.jpg",463,348,true],"medium":["https:\/\/www.asesoriaorihuelacosta.com\/wp-content\/uploads\/2024\/08\/como-tributa-el-kit-digital-300x169.jpg",300,169,true],"full":["https:\/\/www.asesoriaorihuelacosta.com\/wp-content\/uploads\/2024\/08\/como-tributa-el-kit-digital.jpg",1920,1080,false]},"yoast_head":"<!-- This site is optimized with the Yoast SEO Premium plugin v24.7 (Yoast SEO v27.4) - https:\/\/yoast.com\/product\/yoast-seo-premium-wordpress\/ -->\n<title>Comment est tax\u00e9 le kit num\u00e9rique en Espagne ? - Asesor\u00eda Orihuela Costa<\/title>\n<meta name=\"description\" content=\"D\u00e9couvrez les cl\u00e9s de la fiscalit\u00e9 du kit num\u00e9rique en Espagne et assurez-vous de bien respecter vos obligations fiscales.\" \/>\n<meta name=\"robots\" content=\"index, follow, max-snippet:-1, max-image-preview:large, max-video-preview:-1\" \/>\n<link rel=\"canonical\" href=\"https:\/\/www.asesoriaorihuelacosta.com\/fr\/comment-est-taxe-le-kit-numerique-en-espagne\/\" \/>\n<meta property=\"og:locale\" content=\"fr_FR\" \/>\n<meta property=\"og:type\" content=\"article\" \/>\n<meta property=\"og:title\" content=\"Comment est tax\u00e9 le kit num\u00e9rique en Espagne ?\" \/>\n<meta property=\"og:description\" content=\"D\u00e9couvrez les cl\u00e9s de la fiscalit\u00e9 du kit num\u00e9rique en Espagne et assurez-vous de bien respecter vos obligations fiscales.\" \/>\n<meta property=\"og:url\" content=\"https:\/\/www.asesoriaorihuelacosta.com\/fr\/comment-est-taxe-le-kit-numerique-en-espagne\/\" \/>\n<meta property=\"og:site_name\" content=\"Asesor\u00eda Orihuela Costa\" \/>\n<meta property=\"article:publisher\" content=\"https:\/\/www.facebook.com\/asesoriaorihuelacosta\" \/>\n<meta property=\"article:author\" content=\"https:\/\/www.facebook.com\/patrick.gordinneperez\" \/>\n<meta property=\"article:published_time\" content=\"2024-08-29T16:54:53+00:00\" \/>\n<meta property=\"article:modified_time\" content=\"2024-09-12T18:43:26+00:00\" \/>\n<meta property=\"og:image\" content=\"https:\/\/www.asesoriaorihuelacosta.com\/wp-content\/uploads\/2024\/08\/como-tributa-el-kit-digital.jpg\" \/>\n\t<meta property=\"og:image:width\" content=\"1920\" \/>\n\t<meta property=\"og:image:height\" content=\"1080\" \/>\n\t<meta property=\"og:image:type\" content=\"image\/jpeg\" \/>\n<meta name=\"author\" content=\"Patrick Gordinne Perez\" \/>\n<meta name=\"twitter:card\" content=\"summary_large_image\" \/>\n<meta name=\"twitter:label1\" content=\"\u00c9crit par\" \/>\n\t<meta name=\"twitter:data1\" content=\"Patrick Gordinne Perez\" \/>\n\t<meta name=\"twitter:label2\" content=\"Dur\u00e9e de lecture estim\u00e9e\" \/>\n\t<meta name=\"twitter:data2\" content=\"4 minutes\" \/>\n<script type=\"application\/ld+json\" class=\"yoast-schema-graph\">{\"@context\":\"https:\\\/\\\/schema.org\",\"@graph\":[{\"@type\":\"Article\",\"@id\":\"https:\\\/\\\/www.asesoriaorihuelacosta.com\\\/fr\\\/comment-est-taxe-le-kit-numerique-en-espagne\\\/#article\",\"isPartOf\":{\"@id\":\"https:\\\/\\\/www.asesoriaorihuelacosta.com\\\/fr\\\/comment-est-taxe-le-kit-numerique-en-espagne\\\/\"},\"author\":{\"name\":\"Patrick Gordinne Perez\",\"@id\":\"https:\\\/\\\/www.asesoriaorihuelacosta.com\\\/fr\\\/#\\\/schema\\\/person\\\/6614ce8cf6d2de542aaf351629fd539e\"},\"headline\":\"Comment est tax\u00e9 le kit num\u00e9rique en Espagne ?\",\"datePublished\":\"2024-08-29T16:54:53+00:00\",\"dateModified\":\"2024-09-12T18:43:26+00:00\",\"mainEntityOfPage\":{\"@id\":\"https:\\\/\\\/www.asesoriaorihuelacosta.com\\\/fr\\\/comment-est-taxe-le-kit-numerique-en-espagne\\\/\"},\"wordCount\":768,\"publisher\":{\"@id\":\"https:\\\/\\\/www.asesoriaorihuelacosta.com\\\/fr\\\/#organization\"},\"image\":{\"@id\":\"https:\\\/\\\/www.asesoriaorihuelacosta.com\\\/fr\\\/comment-est-taxe-le-kit-numerique-en-espagne\\\/#primaryimage\"},\"thumbnailUrl\":\"https:\\\/\\\/www.asesoriaorihuelacosta.com\\\/wp-content\\\/uploads\\\/2024\\\/08\\\/como-tributa-el-kit-digital.jpg\",\"articleSection\":[\"Blog\"],\"inLanguage\":\"fr-FR\"},{\"@type\":\"WebPage\",\"@id\":\"https:\\\/\\\/www.asesoriaorihuelacosta.com\\\/fr\\\/comment-est-taxe-le-kit-numerique-en-espagne\\\/\",\"url\":\"https:\\\/\\\/www.asesoriaorihuelacosta.com\\\/fr\\\/comment-est-taxe-le-kit-numerique-en-espagne\\\/\",\"name\":\"Comment est tax\u00e9 le kit num\u00e9rique en Espagne ? - Asesor\u00eda Orihuela Costa\",\"isPartOf\":{\"@id\":\"https:\\\/\\\/www.asesoriaorihuelacosta.com\\\/fr\\\/#website\"},\"primaryImageOfPage\":{\"@id\":\"https:\\\/\\\/www.asesoriaorihuelacosta.com\\\/fr\\\/comment-est-taxe-le-kit-numerique-en-espagne\\\/#primaryimage\"},\"image\":{\"@id\":\"https:\\\/\\\/www.asesoriaorihuelacosta.com\\\/fr\\\/comment-est-taxe-le-kit-numerique-en-espagne\\\/#primaryimage\"},\"thumbnailUrl\":\"https:\\\/\\\/www.asesoriaorihuelacosta.com\\\/wp-content\\\/uploads\\\/2024\\\/08\\\/como-tributa-el-kit-digital.jpg\",\"datePublished\":\"2024-08-29T16:54:53+00:00\",\"dateModified\":\"2024-09-12T18:43:26+00:00\",\"description\":\"D\u00e9couvrez les cl\u00e9s de la fiscalit\u00e9 du kit num\u00e9rique en Espagne et assurez-vous de bien respecter vos obligations fiscales.\",\"breadcrumb\":{\"@id\":\"https:\\\/\\\/www.asesoriaorihuelacosta.com\\\/fr\\\/comment-est-taxe-le-kit-numerique-en-espagne\\\/#breadcrumb\"},\"inLanguage\":\"fr-FR\",\"potentialAction\":[{\"@type\":\"ReadAction\",\"target\":[\"https:\\\/\\\/www.asesoriaorihuelacosta.com\\\/fr\\\/comment-est-taxe-le-kit-numerique-en-espagne\\\/\"]}]},{\"@type\":\"ImageObject\",\"inLanguage\":\"fr-FR\",\"@id\":\"https:\\\/\\\/www.asesoriaorihuelacosta.com\\\/fr\\\/comment-est-taxe-le-kit-numerique-en-espagne\\\/#primaryimage\",\"url\":\"https:\\\/\\\/www.asesoriaorihuelacosta.com\\\/wp-content\\\/uploads\\\/2024\\\/08\\\/como-tributa-el-kit-digital.jpg\",\"contentUrl\":\"https:\\\/\\\/www.asesoriaorihuelacosta.com\\\/wp-content\\\/uploads\\\/2024\\\/08\\\/como-tributa-el-kit-digital.jpg\",\"width\":1920,\"height\":1080,\"caption\":\"como tributa el kit digital\"},{\"@type\":\"BreadcrumbList\",\"@id\":\"https:\\\/\\\/www.asesoriaorihuelacosta.com\\\/fr\\\/comment-est-taxe-le-kit-numerique-en-espagne\\\/#breadcrumb\",\"itemListElement\":[{\"@type\":\"ListItem\",\"position\":1,\"name\":\"Home\",\"item\":\"https:\\\/\\\/www.asesoriaorihuelacosta.com\\\/fr\\\/\"},{\"@type\":\"ListItem\",\"position\":2,\"name\":\"Comment est tax\u00e9 le kit num\u00e9rique en Espagne ?\"}]},{\"@type\":\"WebSite\",\"@id\":\"https:\\\/\\\/www.asesoriaorihuelacosta.com\\\/fr\\\/#website\",\"url\":\"https:\\\/\\\/www.asesoriaorihuelacosta.com\\\/fr\\\/\",\"name\":\"https:\\\/\\\/www.asesoriaorihuelacosta.com\\\/\",\"description\":\"Grupo de asesores profesionales\",\"publisher\":{\"@id\":\"https:\\\/\\\/www.asesoriaorihuelacosta.com\\\/fr\\\/#organization\"},\"potentialAction\":[{\"@type\":\"SearchAction\",\"target\":{\"@type\":\"EntryPoint\",\"urlTemplate\":\"https:\\\/\\\/www.asesoriaorihuelacosta.com\\\/fr\\\/?s={search_term_string}\"},\"query-input\":{\"@type\":\"PropertyValueSpecification\",\"valueRequired\":true,\"valueName\":\"search_term_string\"}}],\"inLanguage\":\"fr-FR\"},{\"@type\":\"Organization\",\"@id\":\"https:\\\/\\\/www.asesoriaorihuelacosta.com\\\/fr\\\/#organization\",\"name\":\"Asesor\u00eda Orihuela Costa\",\"url\":\"https:\\\/\\\/www.asesoriaorihuelacosta.com\\\/fr\\\/\",\"logo\":{\"@type\":\"ImageObject\",\"inLanguage\":\"fr-FR\",\"@id\":\"https:\\\/\\\/www.asesoriaorihuelacosta.com\\\/fr\\\/#\\\/schema\\\/logo\\\/image\\\/\",\"url\":\"https:\\\/\\\/www.asesoriaorihuelacosta.com\\\/wp-content\\\/uploads\\\/2022\\\/06\\\/Logo-espa\u5bf8l-asesoriaorihuela.jpg\",\"contentUrl\":\"https:\\\/\\\/www.asesoriaorihuelacosta.com\\\/wp-content\\\/uploads\\\/2022\\\/06\\\/Logo-espa\u5bf8l-asesoriaorihuela.jpg\",\"width\":588,\"height\":136,\"caption\":\"Asesor\u00eda Orihuela Costa\"},\"image\":{\"@id\":\"https:\\\/\\\/www.asesoriaorihuelacosta.com\\\/fr\\\/#\\\/schema\\\/logo\\\/image\\\/\"},\"sameAs\":[\"https:\\\/\\\/www.facebook.com\\\/asesoriaorihuelacosta\"]},{\"@type\":\"Person\",\"@id\":\"https:\\\/\\\/www.asesoriaorihuelacosta.com\\\/fr\\\/#\\\/schema\\\/person\\\/6614ce8cf6d2de542aaf351629fd539e\",\"name\":\"Patrick Gordinne Perez\",\"description\":\"Soy economista colegiado por el colegio de economistas de Alicante con el n\u00famero 2722. Llevo ejerciendo desde el a\u00f1o 2005. Soy especialista en fiscalidad de empresas y aut\u00f3nomos y tambi\u00e9n especialista en gestionar compraventas. Hablo espa\u00f1ol, ingl\u00e9s y franc\u00e9s.\",\"sameAs\":[\"https:\\\/\\\/www.asesoriaorihuelacosta.com\",\"https:\\\/\\\/www.facebook.com\\\/patrick.gordinneperez\",\"https:\\\/\\\/www.linkedin.com\\\/in\\\/patrick-gordinne-perez-1b73aab3\\\/\",\"https:\\\/\\\/www.youtube.com\\\/channel\\\/UC5e95RJEVQlxCnhwDmGNVCw\"],\"gender\":\"Hombre\",\"knowsLanguage\":[\"ingl\u00e9s\",\"franc\u00e9s\",\"espa\u00f1ol\"],\"jobTitle\":\"Gerente\",\"worksFor\":\"Asesoria Orihuela Costa SL\"}]}<\/script>\n<!-- \/ Yoast SEO Premium plugin. -->","yoast_head_json":{"title":"Comment est tax\u00e9 le kit num\u00e9rique en Espagne ? - Asesor\u00eda Orihuela Costa","description":"D\u00e9couvrez les cl\u00e9s de la fiscalit\u00e9 du kit num\u00e9rique en Espagne et assurez-vous de bien respecter vos obligations fiscales.","robots":{"index":"index","follow":"follow","max-snippet":"max-snippet:-1","max-image-preview":"max-image-preview:large","max-video-preview":"max-video-preview:-1"},"canonical":"https:\/\/www.asesoriaorihuelacosta.com\/fr\/comment-est-taxe-le-kit-numerique-en-espagne\/","og_locale":"fr_FR","og_type":"article","og_title":"Comment est tax\u00e9 le kit num\u00e9rique en Espagne ?","og_description":"D\u00e9couvrez les cl\u00e9s de la fiscalit\u00e9 du kit num\u00e9rique en Espagne et assurez-vous de bien respecter vos obligations fiscales.","og_url":"https:\/\/www.asesoriaorihuelacosta.com\/fr\/comment-est-taxe-le-kit-numerique-en-espagne\/","og_site_name":"Asesor\u00eda Orihuela Costa","article_publisher":"https:\/\/www.facebook.com\/asesoriaorihuelacosta","article_author":"https:\/\/www.facebook.com\/patrick.gordinneperez","article_published_time":"2024-08-29T16:54:53+00:00","article_modified_time":"2024-09-12T18:43:26+00:00","og_image":[{"width":1920,"height":1080,"url":"https:\/\/www.asesoriaorihuelacosta.com\/wp-content\/uploads\/2024\/08\/como-tributa-el-kit-digital.jpg","type":"image\/jpeg"}],"author":"Patrick Gordinne Perez","twitter_card":"summary_large_image","twitter_misc":{"\u00c9crit par":"Patrick Gordinne Perez","Dur\u00e9e de lecture estim\u00e9e":"4 minutes"},"schema":{"@context":"https:\/\/schema.org","@graph":[{"@type":"Article","@id":"https:\/\/www.asesoriaorihuelacosta.com\/fr\/comment-est-taxe-le-kit-numerique-en-espagne\/#article","isPartOf":{"@id":"https:\/\/www.asesoriaorihuelacosta.com\/fr\/comment-est-taxe-le-kit-numerique-en-espagne\/"},"author":{"name":"Patrick Gordinne Perez","@id":"https:\/\/www.asesoriaorihuelacosta.com\/fr\/#\/schema\/person\/6614ce8cf6d2de542aaf351629fd539e"},"headline":"Comment est tax\u00e9 le kit num\u00e9rique en Espagne ?","datePublished":"2024-08-29T16:54:53+00:00","dateModified":"2024-09-12T18:43:26+00:00","mainEntityOfPage":{"@id":"https:\/\/www.asesoriaorihuelacosta.com\/fr\/comment-est-taxe-le-kit-numerique-en-espagne\/"},"wordCount":768,"publisher":{"@id":"https:\/\/www.asesoriaorihuelacosta.com\/fr\/#organization"},"image":{"@id":"https:\/\/www.asesoriaorihuelacosta.com\/fr\/comment-est-taxe-le-kit-numerique-en-espagne\/#primaryimage"},"thumbnailUrl":"https:\/\/www.asesoriaorihuelacosta.com\/wp-content\/uploads\/2024\/08\/como-tributa-el-kit-digital.jpg","articleSection":["Blog"],"inLanguage":"fr-FR"},{"@type":"WebPage","@id":"https:\/\/www.asesoriaorihuelacosta.com\/fr\/comment-est-taxe-le-kit-numerique-en-espagne\/","url":"https:\/\/www.asesoriaorihuelacosta.com\/fr\/comment-est-taxe-le-kit-numerique-en-espagne\/","name":"Comment est tax\u00e9 le kit num\u00e9rique en Espagne ? - Asesor\u00eda Orihuela Costa","isPartOf":{"@id":"https:\/\/www.asesoriaorihuelacosta.com\/fr\/#website"},"primaryImageOfPage":{"@id":"https:\/\/www.asesoriaorihuelacosta.com\/fr\/comment-est-taxe-le-kit-numerique-en-espagne\/#primaryimage"},"image":{"@id":"https:\/\/www.asesoriaorihuelacosta.com\/fr\/comment-est-taxe-le-kit-numerique-en-espagne\/#primaryimage"},"thumbnailUrl":"https:\/\/www.asesoriaorihuelacosta.com\/wp-content\/uploads\/2024\/08\/como-tributa-el-kit-digital.jpg","datePublished":"2024-08-29T16:54:53+00:00","dateModified":"2024-09-12T18:43:26+00:00","description":"D\u00e9couvrez les cl\u00e9s de la fiscalit\u00e9 du kit num\u00e9rique en Espagne et assurez-vous de bien respecter vos obligations fiscales.","breadcrumb":{"@id":"https:\/\/www.asesoriaorihuelacosta.com\/fr\/comment-est-taxe-le-kit-numerique-en-espagne\/#breadcrumb"},"inLanguage":"fr-FR","potentialAction":[{"@type":"ReadAction","target":["https:\/\/www.asesoriaorihuelacosta.com\/fr\/comment-est-taxe-le-kit-numerique-en-espagne\/"]}]},{"@type":"ImageObject","inLanguage":"fr-FR","@id":"https:\/\/www.asesoriaorihuelacosta.com\/fr\/comment-est-taxe-le-kit-numerique-en-espagne\/#primaryimage","url":"https:\/\/www.asesoriaorihuelacosta.com\/wp-content\/uploads\/2024\/08\/como-tributa-el-kit-digital.jpg","contentUrl":"https:\/\/www.asesoriaorihuelacosta.com\/wp-content\/uploads\/2024\/08\/como-tributa-el-kit-digital.jpg","width":1920,"height":1080,"caption":"como tributa el kit digital"},{"@type":"BreadcrumbList","@id":"https:\/\/www.asesoriaorihuelacosta.com\/fr\/comment-est-taxe-le-kit-numerique-en-espagne\/#breadcrumb","itemListElement":[{"@type":"ListItem","position":1,"name":"Home","item":"https:\/\/www.asesoriaorihuelacosta.com\/fr\/"},{"@type":"ListItem","position":2,"name":"Comment est tax\u00e9 le kit num\u00e9rique en Espagne ?"}]},{"@type":"WebSite","@id":"https:\/\/www.asesoriaorihuelacosta.com\/fr\/#website","url":"https:\/\/www.asesoriaorihuelacosta.com\/fr\/","name":"https:\/\/www.asesoriaorihuelacosta.com\/","description":"Grupo de asesores profesionales","publisher":{"@id":"https:\/\/www.asesoriaorihuelacosta.com\/fr\/#organization"},"potentialAction":[{"@type":"SearchAction","target":{"@type":"EntryPoint","urlTemplate":"https:\/\/www.asesoriaorihuelacosta.com\/fr\/?s={search_term_string}"},"query-input":{"@type":"PropertyValueSpecification","valueRequired":true,"valueName":"search_term_string"}}],"inLanguage":"fr-FR"},{"@type":"Organization","@id":"https:\/\/www.asesoriaorihuelacosta.com\/fr\/#organization","name":"Asesor\u00eda Orihuela Costa","url":"https:\/\/www.asesoriaorihuelacosta.com\/fr\/","logo":{"@type":"ImageObject","inLanguage":"fr-FR","@id":"https:\/\/www.asesoriaorihuelacosta.com\/fr\/#\/schema\/logo\/image\/","url":"https:\/\/www.asesoriaorihuelacosta.com\/wp-content\/uploads\/2022\/06\/Logo-espa\u5bf8l-asesoriaorihuela.jpg","contentUrl":"https:\/\/www.asesoriaorihuelacosta.com\/wp-content\/uploads\/2022\/06\/Logo-espa\u5bf8l-asesoriaorihuela.jpg","width":588,"height":136,"caption":"Asesor\u00eda Orihuela Costa"},"image":{"@id":"https:\/\/www.asesoriaorihuelacosta.com\/fr\/#\/schema\/logo\/image\/"},"sameAs":["https:\/\/www.facebook.com\/asesoriaorihuelacosta"]},{"@type":"Person","@id":"https:\/\/www.asesoriaorihuelacosta.com\/fr\/#\/schema\/person\/6614ce8cf6d2de542aaf351629fd539e","name":"Patrick Gordinne Perez","description":"Soy economista colegiado por el colegio de economistas de Alicante con el n\u00famero 2722. Llevo ejerciendo desde el a\u00f1o 2005. Soy especialista en fiscalidad de empresas y aut\u00f3nomos y tambi\u00e9n especialista en gestionar compraventas. Hablo espa\u00f1ol, ingl\u00e9s y franc\u00e9s.","sameAs":["https:\/\/www.asesoriaorihuelacosta.com","https:\/\/www.facebook.com\/patrick.gordinneperez","https:\/\/www.linkedin.com\/in\/patrick-gordinne-perez-1b73aab3\/","https:\/\/www.youtube.com\/channel\/UC5e95RJEVQlxCnhwDmGNVCw"],"gender":"Hombre","knowsLanguage":["ingl\u00e9s","franc\u00e9s","espa\u00f1ol"],"jobTitle":"Gerente","worksFor":"Asesoria Orihuela Costa SL"}]}},"_links":{"self":[{"href":"https:\/\/www.asesoriaorihuelacosta.com\/fr\/wp-json\/wp\/v2\/posts\/31880","targetHints":{"allow":["GET"]}}],"collection":[{"href":"https:\/\/www.asesoriaorihuelacosta.com\/fr\/wp-json\/wp\/v2\/posts"}],"about":[{"href":"https:\/\/www.asesoriaorihuelacosta.com\/fr\/wp-json\/wp\/v2\/types\/post"}],"author":[{"embeddable":true,"href":"https:\/\/www.asesoriaorihuelacosta.com\/fr\/wp-json\/wp\/v2\/users\/2"}],"replies":[{"embeddable":true,"href":"https:\/\/www.asesoriaorihuelacosta.com\/fr\/wp-json\/wp\/v2\/comments?post=31880"}],"version-history":[{"count":7,"href":"https:\/\/www.asesoriaorihuelacosta.com\/fr\/wp-json\/wp\/v2\/posts\/31880\/revisions"}],"predecessor-version":[{"id":31887,"href":"https:\/\/www.asesoriaorihuelacosta.com\/fr\/wp-json\/wp\/v2\/posts\/31880\/revisions\/31887"}],"wp:featuredmedia":[{"embeddable":true,"href":"https:\/\/www.asesoriaorihuelacosta.com\/fr\/wp-json\/wp\/v2\/media\/31314"}],"wp:attachment":[{"href":"https:\/\/www.asesoriaorihuelacosta.com\/fr\/wp-json\/wp\/v2\/media?parent=31880"}],"wp:term":[{"taxonomy":"category","embeddable":true,"href":"https:\/\/www.asesoriaorihuelacosta.com\/fr\/wp-json\/wp\/v2\/categories?post=31880"},{"taxonomy":"post_tag","embeddable":true,"href":"https:\/\/www.asesoriaorihuelacosta.com\/fr\/wp-json\/wp\/v2\/tags?post=31880"}],"curies":[{"name":"wp","href":"https:\/\/api.w.org\/{rel}","templated":true}]}}