{"id":31382,"date":"2024-06-07T07:31:03","date_gmt":"2024-06-07T07:31:03","guid":{"rendered":"https:\/\/www.asesoriaorihuelacosta.com\/?p=31382"},"modified":"2024-08-30T07:28:14","modified_gmt":"2024-08-30T07:28:14","slug":"comment-demander-un-releve-de-carriere-en-espagne","status":"publish","type":"post","link":"https:\/\/www.asesoriaorihuelacosta.com\/fr\/comment-demander-un-releve-de-carriere-en-espagne\/","title":{"rendered":"Comment demander un Relev\u00e9 de carri\u00e8re en Espagne?"},"content":{"rendered":"\t\t<div data-elementor-type=\"wp-post\" data-elementor-id=\"31382\" class=\"elementor elementor-31382\" data-elementor-post-type=\"post\">\n\t\t\t\t\t\t<section data-particle_enable=\"false\" data-particle-mobile-disabled=\"false\" class=\"elementor-section elementor-top-section elementor-element elementor-element-d401e3c elementor-section-boxed elementor-section-height-default elementor-section-height-default\" data-id=\"d401e3c\" data-element_type=\"section\" data-e-type=\"section\">\r\n\t\t\r\n\t\t\t\t\t\t\t<div class=\"elementor-container elementor-column-gap-default\">\r\n\t\t\t\t\t\t\t\t\t\t\t<div class=\"elementor-column elementor-col-100 elementor-top-column elementor-element elementor-element-a2054ac\" data-id=\"a2054ac\" data-element_type=\"column\" data-e-type=\"column\">\r\n\t\t\t\t\t<div class=\"elementor-widget-wrap elementor-element-populated\">\r\n\t\t\t\t\t\t\t\t<div class=\"elementor-element elementor-element-e14d54b elementor-widget elementor-widget-text-editor\" data-id=\"e14d54b\" data-element_type=\"widget\" data-e-type=\"widget\" data-widget_type=\"text-editor.default\">\n\t\t\t\t<div class=\"elementor-widget-container\">\n\t\t\t\t\t\t\t\t\t<p>La Relev\u00e9 de carri\u00e8re en Espagne est un document qui inclut la carri\u00e8re professionnelle d&rsquo;une personne en Espagne. Il comprend des informations sur les inscriptions et les annulations \u00e0 la s\u00e9curit\u00e9 sociale, ainsi que sur les p\u00e9riodes d&#8217;emploi et les donn\u00e9es de l&rsquo;entreprise. Conna\u00eetre la vie professionnelle est essentiel pour diverses d\u00e9marches, comme la recherche d&rsquo;un emploi ou la demande de pension. Cela peut \u00e9galement \u00eatre utile pour des modifications administratives et l&rsquo;obtention de cr\u00e9dits.<\/p>\t\t\t\t\t\t\t\t<\/div>\n\t\t\t\t<\/div>\n\t\t\t\t\t<\/div>\r\n\t\t\t\t<\/div>\r\n\t\t\t\t\t<\/div>\r\n\t\t\t\t<\/section>\r\n\t\t\t\t<section data-particle_enable=\"false\" data-particle-mobile-disabled=\"false\" class=\"elementor-section elementor-top-section elementor-element elementor-element-8140cb9 elementor-section-boxed elementor-section-height-default elementor-section-height-default\" data-id=\"8140cb9\" data-element_type=\"section\" data-e-type=\"section\">\r\n\t\t\r\n\t\t\t\t\t\t\t<div class=\"elementor-container elementor-column-gap-default\">\r\n\t\t\t\t\t\t\t\t\t\t\t<div class=\"elementor-column elementor-col-100 elementor-top-column elementor-element elementor-element-658904c\" data-id=\"658904c\" data-element_type=\"column\" data-e-type=\"column\">\r\n\t\t\t\t\t<div class=\"elementor-widget-wrap elementor-element-populated\">\r\n\t\t\t\t\t\t\t\t<div class=\"elementor-element elementor-element-7f691e9 elementor-widget elementor-widget-heading\" data-id=\"7f691e9\" data-element_type=\"widget\" data-e-type=\"widget\" data-widget_type=\"heading.default\">\n\t\t\t\t<div class=\"elementor-widget-container\">\n\t\t\t\t\t<h2 class=\"elementor-heading-title elementor-size-default\">Qu'est-ce que le Relev\u00e9 de carri\u00e8re en Espagne<\/h2>\t\t\t\t<\/div>\n\t\t\t\t<\/div>\n\t\t\t\t\t<\/div>\r\n\t\t\t\t<\/div>\r\n\t\t\t\t\t<\/div>\r\n\t\t\t\t<\/section>\r\n\t\t\t\t<section data-particle_enable=\"false\" data-particle-mobile-disabled=\"false\" class=\"elementor-section elementor-top-section elementor-element elementor-element-c75f35f elementor-section-boxed elementor-section-height-default elementor-section-height-default\" data-id=\"c75f35f\" data-element_type=\"section\" data-e-type=\"section\">\r\n\t\t\r\n\t\t\t\t\t\t\t<div class=\"elementor-container elementor-column-gap-default\">\r\n\t\t\t\t\t\t\t\t\t\t\t<div class=\"elementor-column elementor-col-100 elementor-top-column elementor-element elementor-element-116f8b2\" data-id=\"116f8b2\" data-element_type=\"column\" data-e-type=\"column\">\r\n\t\t\t\t\t<div class=\"elementor-widget-wrap elementor-element-populated\">\r\n\t\t\t\t\t\t\t\t<div class=\"elementor-element elementor-element-4ab4205 elementor-widget elementor-widget-text-editor\" data-id=\"4ab4205\" data-element_type=\"widget\" data-e-type=\"widget\" data-widget_type=\"text-editor.default\">\n\t\t\t\t<div class=\"elementor-widget-container\">\n\t\t\t\t\t\t\t\t\t<p>Le\u00a0Relev\u00e9 de carri\u00e8re en Espagne est un document qui concentre la carri\u00e8re professionnelle d&rsquo;un individu en Espagne. Ce rapport comprend toutes les p\u00e9riodes pendant lesquelles une personne a \u00e9t\u00e9 inscrite au syst\u00e8me de s\u00e9curit\u00e9 sociale, refl\u00e9tant les inscriptions et les annulations, ainsi que le temps travaill\u00e9 dans diverses entreprises.<\/p><p>Le rapport d\u00e9taille les informations essentielles sur chaque emploi, telles que\u00a0:<\/p><ul><li>Dates d&rsquo;inscription et d&rsquo;annulation pour chaque emploi.<\/li><li>Nom des entreprises dans lesquelles vous avez travaill\u00e9.<\/li><li>Dur\u00e9e totale des contrats.<\/li><\/ul><p>Si un citoyen n&rsquo;a jamais \u00e9t\u00e9 inscrit \u00e0 aucun r\u00e9gime de s\u00e9curit\u00e9 sociale, le rapport indiquera cette situation. Ceci est pertinent pour ceux qui ont quitt\u00e9 le march\u00e9 du travail ou ceux qui commencent leur carri\u00e8re professionnelle.<\/p><p>La vie professionnelle a de multiples applications au niveau administratif et professionnel, servant de document qui certifie l&rsquo;exp\u00e9rience et les cotisations \u00e0 la s\u00e9curit\u00e9 sociale des travailleurs tout au long de leur vie professionnelle.<\/p>\t\t\t\t\t\t\t\t<\/div>\n\t\t\t\t<\/div>\n\t\t\t\t\t<\/div>\r\n\t\t\t\t<\/div>\r\n\t\t\t\t\t<\/div>\r\n\t\t\t\t<\/section>\r\n\t\t\t\t<section data-particle_enable=\"false\" data-particle-mobile-disabled=\"false\" class=\"elementor-section elementor-top-section elementor-element elementor-element-0a4c6bc elementor-section-boxed elementor-section-height-default elementor-section-height-default\" data-id=\"0a4c6bc\" data-element_type=\"section\" data-e-type=\"section\">\r\n\t\t\r\n\t\t\t\t\t\t\t<div class=\"elementor-container elementor-column-gap-default\">\r\n\t\t\t\t\t\t\t\t\t\t\t<div class=\"elementor-column elementor-col-100 elementor-top-column elementor-element elementor-element-95387af\" data-id=\"95387af\" data-element_type=\"column\" data-e-type=\"column\">\r\n\t\t\t\t\t<div class=\"elementor-widget-wrap elementor-element-populated\">\r\n\t\t\t\t\t\t\t\t<div class=\"elementor-element elementor-element-301b0d0 elementor-widget elementor-widget-heading\" data-id=\"301b0d0\" data-element_type=\"widget\" data-e-type=\"widget\" data-widget_type=\"heading.default\">\n\t\t\t\t<div class=\"elementor-widget-container\">\n\t\t\t\t\t<h2 class=\"elementor-heading-title elementor-size-default\">Comment demander le Relev\u00e9 de carri\u00e8re en Espagne?<\/h2>\t\t\t\t<\/div>\n\t\t\t\t<\/div>\n\t\t\t\t\t<\/div>\r\n\t\t\t\t<\/div>\r\n\t\t\t\t\t<\/div>\r\n\t\t\t\t<\/section>\r\n\t\t\t\t<section data-particle_enable=\"false\" data-particle-mobile-disabled=\"false\" class=\"elementor-section elementor-top-section elementor-element elementor-element-562c3a0 elementor-section-boxed elementor-section-height-default elementor-section-height-default\" data-id=\"562c3a0\" data-element_type=\"section\" data-e-type=\"section\">\r\n\t\t\r\n\t\t\t\t\t\t\t<div class=\"elementor-container elementor-column-gap-default\">\r\n\t\t\t\t\t\t\t\t\t\t\t<div class=\"elementor-column elementor-col-100 elementor-top-column elementor-element elementor-element-4654d1a\" data-id=\"4654d1a\" data-element_type=\"column\" data-e-type=\"column\">\r\n\t\t\t\t\t<div class=\"elementor-widget-wrap elementor-element-populated\">\r\n\t\t\t\t\t\t\t\t<div class=\"elementor-element elementor-element-ae4b101 elementor-widget elementor-widget-text-editor\" data-id=\"ae4b101\" data-element_type=\"widget\" data-e-type=\"widget\" data-widget_type=\"text-editor.default\">\n\t\t\t\t<div class=\"elementor-widget-container\">\n\t\t\t\t\t\t\t\t\t<p>La demande de Relev\u00e9 de carri\u00e8re en Espagne peut \u00eatre effectu\u00e9e de diff\u00e9rentes mani\u00e8res, permettant aux citoyens d&rsquo;acc\u00e9der facilement et rapidement \u00e0 leurs informations.<\/p><h3>Candidature en ligne<\/h3><h4>Utilisation du certificat num\u00e9rique<\/h4><p>Pour postuler en ligne, il est n\u00e9cessaire d&rsquo;avoir un <a href=\"https:\/\/www.asesoriaorihuelacosta.com\/fr\/comment-utiliser-le-certificat-numerique\/\" target=\"_blank\" rel=\"noopener\">certificat num\u00e9rique<\/a>. Ce certificat permet une identification s\u00e9curis\u00e9e de l&rsquo;utilisateur sur le portail officiel de la S\u00e9curit\u00e9 Sociale.<\/p><h4>Proc\u00e9dure \u00e9tape par \u00e9tape<\/h4><ul><li>Acc\u00e9dez au si\u00e8ge \u00e9lectronique de la S\u00e9curit\u00e9 Sociale.<\/li><li>S\u00e9lectionnez l&rsquo;option \u00ab Rapports et certificats \u00bb.<\/li><li>Choisissez \u00ab Rapport sur la vie professionnelle \u00bb et acceptez les conditions d&rsquo;utilisation.<\/li><li>T\u00e9l\u00e9chargez le rapport au format PDF une fois le processus termin\u00e9.<\/li><\/ul><h3>Candidature au format physique<\/h3><h4>Livraison \u00e0 domicile<\/h4><p>L&rsquo;utilisateur peut demander \u00e0 recevoir le rapport au format papier. Pour ce faire, il est indispensable de communiquer la bonne adresse \u00e0 la Tr\u00e9sorerie G\u00e9n\u00e9rale de la S\u00e9curit\u00e9 Sociale.<\/p><h4>Suivi des demandes<\/h4><p>Des m\u00e9canismes en ligne sont fournis pour v\u00e9rifier l&rsquo;\u00e9tat de la candidature \u00e0 tout moment.<\/p><h3>Demande en personne<\/h3><h4>Bureaux de s\u00e9curit\u00e9 sociale<\/h4><p>La possibilit\u00e9 de demander le rapport en personne est disponible dans les bureaux de la S\u00e9curit\u00e9 Sociale. Cette m\u00e9thode n\u00e9cessite un mouvement physique.<\/p><h4>Exigences n\u00e9cessaires<\/h4><p>Pour postuler en personne, il est indispensable de pr\u00e9senter une pi\u00e8ce d&rsquo;identit\u00e9 et, dans certains cas, de r\u00e9pondre \u00e0 des exigences suppl\u00e9mentaires que le personnel pourra indiquer.<\/p><p>La vie professionnelle en ligne permet aux citoyens d&rsquo;acc\u00e9der \u00e0 leur historique professionnel et aux services associ\u00e9s via la plateforme num\u00e9rique de la s\u00e9curit\u00e9 sociale. Ce syst\u00e8me facilite la gestion des informations sur le travail de mani\u00e8re rapide et efficace.<\/p><p>Il existe de nombreuses raisons de demander une vie professionnelle et il est tr\u00e8s important de savoir comment demander une vie professionnelle.<\/p><p>Si vous \u00eates inscrit \u00e0 la S\u00e9curit\u00e9 Sociale ou avez \u00e9t\u00e9 inscrit \u00e0 un moment donn\u00e9 de votre vie et que vous souhaitez consulter ou devez prouver ces situations, vous pouvez demander un Rapport de Vie Professionnelle dans lequel appara\u00eetront toutes les situations d&rsquo;inscription et d&rsquo;annulation dans les diff\u00e9rents r\u00e9gimes. . de la S\u00e9curit\u00e9 Sociale et le nombre de jours d&rsquo;inscription.<\/p><p>Vous pouvez en faire la demande \u00e0 tout moment et vous recevrez des informations mises \u00e0 jour \u00e0 partir de cette date.<\/p><p>Vous pouvez l&rsquo;<a href=\"https:\/\/portal.seg-social.gob.es\/wps\/portal\/importass\/importass\/Categorias\/Vida+laboral+e+informes\/Informes+sobre+tu+situacion+laboral\/Informe+de+tu+vida+laboral\">obtenir imm\u00e9diatement en ligne aupr\u00e8s du si\u00e8ge \u00e9lectronique de la s\u00e9curit\u00e9 sociale<\/a> via ce lien si vous disposez des moyens d&rsquo;identification suivants : certificat num\u00e9rique, Cl@ve ou Document National d&rsquo;Identit\u00e9 Electronique, ou par SMS, si votre num\u00e9ro de t\u00e9l\u00e9phone est dans la base de donn\u00e9es de la Tr\u00e9sorerie G\u00e9n\u00e9rale de la S\u00e9curit\u00e9 Sociale.<\/p><p>Si vous ne disposez pas de ces moyens \u00e9lectroniques, vous pouvez demander que le rapport de vie professionnelle vous soit envoy\u00e9 par courrier postal \u00e0 partir de la m\u00eame page dans l&rsquo;option \u00ab Vie professionnelle par courrier postal \u00bb.<\/p>\t\t\t\t\t\t\t\t<\/div>\n\t\t\t\t<\/div>\n\t\t\t\t\t<\/div>\r\n\t\t\t\t<\/div>\r\n\t\t\t\t\t<\/div>\r\n\t\t\t\t<\/section>\r\n\t\t\t\t<section data-particle_enable=\"false\" data-particle-mobile-disabled=\"false\" class=\"elementor-section elementor-top-section elementor-element elementor-element-bc501a1 elementor-section-boxed elementor-section-height-default elementor-section-height-default\" data-id=\"bc501a1\" data-element_type=\"section\" data-e-type=\"section\">\r\n\t\t\r\n\t\t\t\t\t\t\t<div class=\"elementor-container elementor-column-gap-default\">\r\n\t\t\t\t\t\t\t\t\t\t\t<div class=\"elementor-column elementor-col-100 elementor-top-column elementor-element elementor-element-47ab6bc\" data-id=\"47ab6bc\" data-element_type=\"column\" data-e-type=\"column\">\r\n\t\t\t\t\t<div class=\"elementor-widget-wrap elementor-element-populated\">\r\n\t\t\t\t\t\t\t\t<div class=\"elementor-element elementor-element-fbf0742 elementor-widget elementor-widget-heading\" data-id=\"fbf0742\" data-element_type=\"widget\" data-e-type=\"widget\" data-widget_type=\"heading.default\">\n\t\t\t\t<div class=\"elementor-widget-container\">\n\t\t\t\t\t<h2 class=\"elementor-heading-title elementor-size-default\">Relev\u00e9 de carri\u00e8re en Espagne en ligne<\/h2>\t\t\t\t<\/div>\n\t\t\t\t<\/div>\n\t\t\t\t\t<\/div>\r\n\t\t\t\t<\/div>\r\n\t\t\t\t\t<\/div>\r\n\t\t\t\t<\/section>\r\n\t\t\t\t<section data-particle_enable=\"false\" data-particle-mobile-disabled=\"false\" class=\"elementor-section elementor-top-section elementor-element elementor-element-9ceab52 elementor-section-boxed elementor-section-height-default elementor-section-height-default\" data-id=\"9ceab52\" data-element_type=\"section\" data-e-type=\"section\">\r\n\t\t\r\n\t\t\t\t\t\t\t<div class=\"elementor-container elementor-column-gap-default\">\r\n\t\t\t\t\t\t\t\t\t\t\t<div class=\"elementor-column elementor-col-100 elementor-top-column elementor-element elementor-element-dccc9b4\" data-id=\"dccc9b4\" data-element_type=\"column\" data-e-type=\"column\">\r\n\t\t\t\t\t<div class=\"elementor-widget-wrap\">\r\n\t\t\t\t\t\t\t\t\t<\/div>\r\n\t\t\t\t<\/div>\r\n\t\t\t\t\t<\/div>\r\n\t\t\t\t<\/section>\r\n\t\t\t\t<section data-particle_enable=\"false\" data-particle-mobile-disabled=\"false\" class=\"elementor-section elementor-top-section elementor-element elementor-element-b30d9c9 elementor-section-boxed elementor-section-height-default elementor-section-height-default\" data-id=\"b30d9c9\" data-element_type=\"section\" data-e-type=\"section\">\r\n\t\t\r\n\t\t\t\t\t\t\t<div class=\"elementor-container elementor-column-gap-default\">\r\n\t\t\t\t\t\t\t\t\t\t\t<div class=\"elementor-column elementor-col-100 elementor-top-column elementor-element elementor-element-bbf1c25\" data-id=\"bbf1c25\" data-element_type=\"column\" data-e-type=\"column\">\r\n\t\t\t\t\t<div class=\"elementor-widget-wrap elementor-element-populated\">\r\n\t\t\t\t\t\t\t\t<div class=\"elementor-element elementor-element-8632445 elementor-widget elementor-widget-text-editor\" data-id=\"8632445\" data-element_type=\"widget\" data-e-type=\"widget\" data-widget_type=\"text-editor.default\">\n\t\t\t\t<div class=\"elementor-widget-container\">\n\t\t\t\t\t\t\t\t\t<h3>Portail de la s\u00e9curit\u00e9 sociale<\/h3><p>Le portail de la S\u00e9curit\u00e9 sociale est le principal outil pour consulter votre Relev\u00e9 de carri\u00e8re en Espagne en ligne. Gr\u00e2ce \u00e0 ce support, les utilisateurs peuvent acc\u00e9der \u00e0 leurs donn\u00e9es d&#8217;emploi et effectuer diverses d\u00e9marches.<\/p><h4>Navigateurs pris en charge<\/h4><p>L&rsquo;acc\u00e8s au portail est optimis\u00e9 pour les navigateurs les plus utilis\u00e9s, garantissant une exp\u00e9rience fluide dans :<\/p><ul><li>Google Chrome<\/li><li>Mozilla Firefox<\/li><li>Microsoft Bord<\/li><li>Safari<\/li><\/ul><h4>Options d&rsquo;accessibilit\u00e9<\/h4><p>Le portail int\u00e8gre \u00e9galement des fonctionnalit\u00e9s d&rsquo;accessibilit\u00e9 qui permettent aux personnes handicap\u00e9es d&rsquo;utiliser les services disponibles. Cela inclut une mise en page r\u00e9active et la possibilit\u00e9 de modifier la taille du texte.<\/p><h3>Consultation en mati\u00e8re de paiement et de dettes<\/h3><p>La consultation des paiements et des dettes est une autre fonction essentielle du portail. Les utilisateurs peuvent v\u00e9rifier leur situation financi\u00e8re et leurs cotisations vers\u00e9es \u00e0 la s\u00e9curit\u00e9 sociale.<\/p><h4>Informations mises \u00e0 jour<\/h4><p>Les donn\u00e9es disponibles sont constamment mises \u00e0 jour, ce qui garantit que les informations refl\u00e8tent la r\u00e9alit\u00e9 professionnelle de chacun.<\/p><h4>Invalidit\u00e9 temporaire et autres r\u00e9gimes<\/h4><p>Le portail propose \u00e9galement des informations sur les situations d&rsquo;invalidit\u00e9 temporaire, ainsi que des d\u00e9tails sur d&rsquo;autres r\u00e9gimes de s\u00e9curit\u00e9 sociale, offrant ainsi une vue compl\u00e8te des droits et obligations du travail.<\/p>\t\t\t\t\t\t\t\t<\/div>\n\t\t\t\t<\/div>\n\t\t\t\t\t<\/div>\r\n\t\t\t\t<\/div>\r\n\t\t\t\t\t<\/div>\r\n\t\t\t\t<\/section>\r\n\t\t\t\t<section data-particle_enable=\"false\" data-particle-mobile-disabled=\"false\" class=\"elementor-section elementor-top-section elementor-element elementor-element-43bdab2 elementor-section-boxed elementor-section-height-default elementor-section-height-default\" data-id=\"43bdab2\" data-element_type=\"section\" data-e-type=\"section\">\r\n\t\t\r\n\t\t\t\t\t\t\t<div class=\"elementor-container elementor-column-gap-default\">\r\n\t\t\t\t\t\t\t\t\t\t\t<div class=\"elementor-column elementor-col-100 elementor-top-column elementor-element elementor-element-e060d04\" data-id=\"e060d04\" data-element_type=\"column\" data-e-type=\"column\">\r\n\t\t\t\t\t<div class=\"elementor-widget-wrap elementor-element-populated\">\r\n\t\t\t\t\t\t\t\t<div class=\"elementor-element elementor-element-b7acba1 elementor-widget elementor-widget-heading\" data-id=\"b7acba1\" data-element_type=\"widget\" data-e-type=\"widget\" data-widget_type=\"heading.default\">\n\t\t\t\t<div class=\"elementor-widget-container\">\n\t\t\t\t\t<h2 class=\"elementor-heading-title elementor-size-default\">Comment interpr\u00e9ter votre Relev\u00e9 de carri\u00e8re en Espagne<\/h2>\t\t\t\t<\/div>\n\t\t\t\t<\/div>\n\t\t\t\t\t<\/div>\r\n\t\t\t\t<\/div>\r\n\t\t\t\t\t<\/div>\r\n\t\t\t\t<\/section>\r\n\t\t\t\t<section data-particle_enable=\"false\" data-particle-mobile-disabled=\"false\" class=\"elementor-section elementor-top-section elementor-element elementor-element-e070078 elementor-section-boxed elementor-section-height-default elementor-section-height-default\" data-id=\"e070078\" data-element_type=\"section\" data-e-type=\"section\">\r\n\t\t\r\n\t\t\t\t\t\t\t<div class=\"elementor-container elementor-column-gap-default\">\r\n\t\t\t\t\t\t\t\t\t\t\t<div class=\"elementor-column elementor-col-100 elementor-top-column elementor-element elementor-element-b9f1b49\" data-id=\"b9f1b49\" data-element_type=\"column\" data-e-type=\"column\">\r\n\t\t\t\t\t<div class=\"elementor-widget-wrap elementor-element-populated\">\r\n\t\t\t\t\t\t\t\t<div class=\"elementor-element elementor-element-af2a60d elementor-widget elementor-widget-text-editor\" data-id=\"af2a60d\" data-element_type=\"widget\" data-e-type=\"widget\" data-widget_type=\"text-editor.default\">\n\t\t\t\t<div class=\"elementor-widget-container\">\n\t\t\t\t\t\t\t\t\t<p>L&rsquo;interpr\u00e9tation du Relev\u00e9 de carri\u00e8re en Espagne est essentielle pour comprendre le cheminement de carri\u00e8re et garantir que toutes les informations sont exactes et \u00e0 jour.<\/p><h3>Informations principales<\/h3><p>Le rapport fournit un r\u00e9sum\u00e9 d\u00e9taill\u00e9 de la vie professionnelle d&rsquo;une personne, en mettant en \u00e9vidence les p\u00e9riodes d&rsquo;affiliation \u00e0 la s\u00e9curit\u00e9 sociale, les entreprises dans lesquelles elle a travaill\u00e9 et la dur\u00e9e totale de cotisation. Ces informations sont essentielles lors de la recherche d\u2019un emploi ou d\u2019une demande de prestations.<\/p><h3>Inscriptions et annulations \u00e0 la S\u00e9curit\u00e9 Sociale<\/h3><p>Toutes les inscriptions et annulations dans les diff\u00e9rents r\u00e9gimes de s\u00e9curit\u00e9 sociale sont refl\u00e9t\u00e9es. Il est important de revoir ces dates et de v\u00e9rifier qu&rsquo;il n&rsquo;y a pas d&rsquo;erreurs, car elles pourraient affecter les futures demandes de pension ou de subventions.<\/p><h3>Corrections de bugs<\/h3><p>Si des erreurs sont identifi\u00e9es dans le rapport, la modification des donn\u00e9es doit \u00eatre demand\u00e9e \u00e0 la S\u00e9curit\u00e9 Sociale. Pour ce faire, il est n\u00e9cessaire de pr\u00e9senter la documentation justifiant la r\u00e9clamation. Il est essentiel que les informations soient exactes, car elles ont une validit\u00e9 juridique dans diff\u00e9rents domaines administratifs.<\/p>\t\t\t\t\t\t\t\t<\/div>\n\t\t\t\t<\/div>\n\t\t\t\t\t<\/div>\r\n\t\t\t\t<\/div>\r\n\t\t\t\t\t<\/div>\r\n\t\t\t\t<\/section>\r\n\t\t\t\t<section data-particle_enable=\"false\" data-particle-mobile-disabled=\"false\" class=\"elementor-section elementor-top-section elementor-element elementor-element-1dd6f9f elementor-section-boxed elementor-section-height-default elementor-section-height-default\" data-id=\"1dd6f9f\" data-element_type=\"section\" data-e-type=\"section\">\r\n\t\t\r\n\t\t\t\t\t\t\t<div class=\"elementor-container elementor-column-gap-default\">\r\n\t\t\t\t\t\t\t\t\t\t\t<div class=\"elementor-column elementor-col-100 elementor-top-column elementor-element elementor-element-09115e1\" data-id=\"09115e1\" data-element_type=\"column\" data-e-type=\"column\">\r\n\t\t\t\t\t<div class=\"elementor-widget-wrap elementor-element-populated\">\r\n\t\t\t\t\t\t\t\t<div class=\"elementor-element elementor-element-c496bc7 elementor-widget elementor-widget-heading\" data-id=\"c496bc7\" data-element_type=\"widget\" data-e-type=\"widget\" data-widget_type=\"heading.default\">\n\t\t\t\t<div class=\"elementor-widget-container\">\n\t\t\t\t\t<h2 class=\"elementor-heading-title elementor-size-default\">Importance du Relev\u00e9 de carri\u00e8re en Espagne<\/h2>\t\t\t\t<\/div>\n\t\t\t\t<\/div>\n\t\t\t\t\t<\/div>\r\n\t\t\t\t<\/div>\r\n\t\t\t\t\t<\/div>\r\n\t\t\t\t<\/section>\r\n\t\t\t\t<section data-particle_enable=\"false\" data-particle-mobile-disabled=\"false\" class=\"elementor-section elementor-top-section elementor-element elementor-element-625c32b elementor-section-boxed elementor-section-height-default elementor-section-height-default\" data-id=\"625c32b\" data-element_type=\"section\" data-e-type=\"section\">\r\n\t\t\r\n\t\t\t\t\t\t\t<div class=\"elementor-container elementor-column-gap-default\">\r\n\t\t\t\t\t\t\t\t\t\t\t<div class=\"elementor-column elementor-col-100 elementor-top-column elementor-element elementor-element-0b3895b\" data-id=\"0b3895b\" data-element_type=\"column\" data-e-type=\"column\">\r\n\t\t\t\t\t<div class=\"elementor-widget-wrap elementor-element-populated\">\r\n\t\t\t\t\t\t\t\t<div class=\"elementor-element elementor-element-636c293 elementor-widget elementor-widget-text-editor\" data-id=\"636c293\" data-element_type=\"widget\" data-e-type=\"widget\" data-widget_type=\"text-editor.default\">\n\t\t\t\t<div class=\"elementor-widget-container\">\n\t\t\t\t\t\t\t\t\t<p>Le Relev\u00e9 de carri\u00e8re en Espagne joue un r\u00f4le essentiel dans diff\u00e9rents domaines de la vie professionnelle et administrative d&rsquo;une personne. Il fournit des informations pr\u00e9cieuses qui peuvent \u00eatre d\u00e9cisives dans diverses circonstances.<\/p><h3>Recherche d&#8217;emploi<\/h3><p>Ce document est fr\u00e9quemment demand\u00e9 par les employeurs dans le cadre du processus de s\u00e9lection. Il vous permet de v\u00e9rifier l&rsquo;exp\u00e9rience professionnelle d&rsquo;un candidat, facilitant ainsi l&rsquo;\u00e9valuation de son aptitude au poste.<\/p><h3>Avantages sociaux et pensions<\/h3><p>Pour acc\u00e9der \u00e0 certains types de pensions ou d\u2019allocations de ch\u00f4mage, il est indispensable de justifier du temps travaill\u00e9 et des cotisations vers\u00e9es \u00e0 la S\u00e9curit\u00e9 Sociale. Le rapport de vie professionnelle devient un document cl\u00e9 pour valider ces droits.<\/p><h3>Demandes de cr\u00e9dit<\/h3><p>Les institutions financi\u00e8res exigent souvent ce rapport dans le cadre de leur analyse de la capacit\u00e9 de payer du demandeur. Les informations sur les ant\u00e9c\u00e9dents professionnels aident \u00e0 \u00e9valuer la stabilit\u00e9 \u00e9conomique de la personne.<\/p><h3>Modifications administratives<\/h3><p>Si des erreurs surviennent dans les donn\u00e9es enregistr\u00e9es \u00e0 la S\u00e9curit\u00e9 Sociale, le rapport de vie professionnelle est indispensable pour g\u00e9rer les corrections n\u00e9cessaires. Ce document fournit les preuves n\u00e9cessaires pour apporter les modifications pertinentes.<\/p>\t\t\t\t\t\t\t\t<\/div>\n\t\t\t\t<\/div>\n\t\t\t\t\t<\/div>\r\n\t\t\t\t<\/div>\r\n\t\t\t\t\t<\/div>\r\n\t\t\t\t<\/section>\r\n\t\t\t\t<section data-particle_enable=\"false\" data-particle-mobile-disabled=\"false\" class=\"elementor-section elementor-top-section elementor-element elementor-element-a926b00 elementor-section-boxed elementor-section-height-default elementor-section-height-default\" data-id=\"a926b00\" data-element_type=\"section\" data-e-type=\"section\">\r\n\t\t\r\n\t\t\t\t\t\t\t<div class=\"elementor-container elementor-column-gap-default\">\r\n\t\t\t\t\t\t\t\t\t\t\t<div class=\"elementor-column elementor-col-100 elementor-top-column elementor-element elementor-element-439917a\" data-id=\"439917a\" data-element_type=\"column\" data-e-type=\"column\">\r\n\t\t\t\t\t<div class=\"elementor-widget-wrap elementor-element-populated\">\r\n\t\t\t\t\t\t\t\t<div class=\"elementor-element elementor-element-53c3ceb elementor-widget elementor-widget-heading\" data-id=\"53c3ceb\" data-element_type=\"widget\" data-e-type=\"widget\" data-widget_type=\"heading.default\">\n\t\t\t\t<div class=\"elementor-widget-container\">\n\t\t\t\t\t<h2 class=\"elementor-heading-title elementor-size-default\">Questions fr\u00e9quemment pos\u00e9es<\/h2>\t\t\t\t<\/div>\n\t\t\t\t<\/div>\n\t\t\t\t\t<\/div>\r\n\t\t\t\t<\/div>\r\n\t\t\t\t\t<\/div>\r\n\t\t\t\t<\/section>\r\n\t\t\t\t<section data-particle_enable=\"false\" data-particle-mobile-disabled=\"false\" class=\"elementor-section elementor-top-section elementor-element elementor-element-03d3c52 elementor-section-boxed elementor-section-height-default elementor-section-height-default\" data-id=\"03d3c52\" data-element_type=\"section\" data-e-type=\"section\">\r\n\t\t\r\n\t\t\t\t\t\t\t<div class=\"elementor-container elementor-column-gap-default\">\r\n\t\t\t\t\t\t\t\t\t\t\t<div class=\"elementor-column elementor-col-100 elementor-top-column elementor-element elementor-element-1376682\" data-id=\"1376682\" data-element_type=\"column\" data-e-type=\"column\">\r\n\t\t\t\t\t<div class=\"elementor-widget-wrap elementor-element-populated\">\r\n\t\t\t\t\t\t\t\t<div class=\"elementor-element elementor-element-868d26d elementor-widget elementor-widget-text-editor\" data-id=\"868d26d\" data-element_type=\"widget\" data-e-type=\"widget\" data-widget_type=\"text-editor.default\">\n\t\t\t\t<div class=\"elementor-widget-container\">\n\t\t\t\t\t\t\t\t\t<p>Vous trouverez ci-dessous quelques-uns des doutes les plus courants concernant le Relev\u00e9 de carri\u00e8re et les rapports qui y sont associ\u00e9s.<\/p><h3>Puis-je demander le rapport si je n&rsquo;ai pas travaill\u00e9 depuis longtemps ?<\/h3><p>La possibilit\u00e9 de demander le Relev\u00e9 de carri\u00e8re est ouverte \u00e0 toute personne ayant \u00e9t\u00e9 inscrite \u00e0 la S\u00e9curit\u00e9 sociale \u00e0 un moment donn\u00e9 de sa carri\u00e8re professionnelle. Peu importe si vous avez pass\u00e9 une longue p\u00e9riode sans emploi ; Le rapport restera accessible.<\/p><h3>Que faire en cas d&rsquo;erreurs dans le rapport ?<\/h3><p>Si une incoh\u00e9rence ou une erreur est d\u00e9tect\u00e9e dans le rapport, il est n\u00e9cessaire de demander une correction \u00e0 la S\u00e9curit\u00e9 Sociale. Ce processus implique de fournir la documentation pertinente pour \u00e9tayer la r\u00e9clamation. Il est conseill\u00e9 d&rsquo;agir rapidement pour s&rsquo;assurer que les donn\u00e9es refl\u00e8tent la situation actuelle de l&#8217;emploi.<\/p><h3>Validit\u00e9 juridique du rapport<\/h3><p>Le Relev\u00e9 de carri\u00e8re en Espagne est consid\u00e9r\u00e9 comme un document officiel et a une valeur l\u00e9gale. Il peut \u00eatre demand\u00e9 par des tiers dans diff\u00e9rents contextes, tels que des proc\u00e9dures de travail ou administratives. Il est donc essentiel de maintenir ces donn\u00e9es \u00e0 jour et en ordre.<\/p>\t\t\t\t\t\t\t\t<\/div>\n\t\t\t\t<\/div>\n\t\t\t\t\t<\/div>\r\n\t\t\t\t<\/div>\r\n\t\t\t\t\t<\/div>\r\n\t\t\t\t<\/section>\r\n\t\t\t\t<section data-particle_enable=\"false\" data-particle-mobile-disabled=\"false\" class=\"elementor-section elementor-top-section elementor-element elementor-element-5beb1cb elementor-section-boxed elementor-section-height-default elementor-section-height-default\" data-id=\"5beb1cb\" data-element_type=\"section\" data-e-type=\"section\">\r\n\t\t\r\n\t\t\t\t\t\t\t<div class=\"elementor-container elementor-column-gap-default\">\r\n\t\t\t\t\t\t\t\t\t\t\t<div class=\"elementor-column elementor-col-100 elementor-top-column elementor-element elementor-element-beb5130\" data-id=\"beb5130\" data-element_type=\"column\" data-e-type=\"column\">\r\n\t\t\t\t\t<div class=\"elementor-widget-wrap elementor-element-populated\">\r\n\t\t\t\t\t\t\t\t<div class=\"elementor-element elementor-element-5d3b204 elementor-widget elementor-widget-heading\" data-id=\"5d3b204\" data-element_type=\"widget\" data-e-type=\"widget\" data-widget_type=\"heading.default\">\n\t\t\t\t<div class=\"elementor-widget-container\">\n\t\t\t\t\t<h2 class=\"elementor-heading-title elementor-size-default\">Diff\u00e9rences entre le rapport de vie au travail et le rapport de situation actuelle du travailleur<\/h2>\t\t\t\t<\/div>\n\t\t\t\t<\/div>\n\t\t\t\t\t<\/div>\r\n\t\t\t\t<\/div>\r\n\t\t\t\t\t<\/div>\r\n\t\t\t\t<\/section>\r\n\t\t\t\t<section data-particle_enable=\"false\" data-particle-mobile-disabled=\"false\" class=\"elementor-section elementor-top-section elementor-element elementor-element-fb45591 elementor-section-boxed elementor-section-height-default elementor-section-height-default\" data-id=\"fb45591\" data-element_type=\"section\" data-e-type=\"section\">\r\n\t\t\r\n\t\t\t\t\t\t\t<div class=\"elementor-container elementor-column-gap-default\">\r\n\t\t\t\t\t\t\t\t\t\t\t<div class=\"elementor-column elementor-col-100 elementor-top-column elementor-element elementor-element-f189ff4\" data-id=\"f189ff4\" data-element_type=\"column\" data-e-type=\"column\">\r\n\t\t\t\t\t<div class=\"elementor-widget-wrap elementor-element-populated\">\r\n\t\t\t\t\t\t\t\t<div class=\"elementor-element elementor-element-6457a8d elementor-widget elementor-widget-text-editor\" data-id=\"6457a8d\" data-element_type=\"widget\" data-e-type=\"widget\" data-widget_type=\"text-editor.default\">\n\t\t\t\t<div class=\"elementor-widget-container\">\n\t\t\t\t\t\t\t\t\t<p>Le relev\u00e9 de carri\u00e8re et le rapport de situation actuelle du travailleur sont deux documents diff\u00e9rents, bien que tous deux soient li\u00e9s au parcours professionnel d&rsquo;une personne en Espagne.<\/p><p>Le Relev\u00e9 de carri\u00e8re propose un historique complet du parcours professionnel d&rsquo;un travailleur, comprenant :<\/p><ul><li>Inscriptions et annulations dans diff\u00e9rents r\u00e9gimes de s\u00e9curit\u00e9 sociale.<\/li><li>P\u00e9riodes d\u2019emploi et donn\u00e9es de l\u2019entreprise.<\/li><li>Temps total travaill\u00e9 tout au long de la vie professionnelle.<\/li><\/ul><p>En revanche, le rapport de situation actuelle du travailleur se concentre uniquement sur l&rsquo;\u00e9tat actuel de l&rsquo;individu. Ses fonctionnalit\u00e9s incluent :<\/p><ul><li>Informations indiquant si le travailleur est actuellement actif ou non.<\/li><li>Dates auxquelles ces situations se sont produites.<\/li><li>Confirmation de l&rsquo;existence d&rsquo;un num\u00e9ro de s\u00e9curit\u00e9 sociale attribu\u00e9.<\/li><\/ul><p>Ces diff\u00e9rences sont essentielles lors de la demande de l&rsquo;un ou l&rsquo;autre document, puisque chacun remplit des fonctions sp\u00e9cifiques dans diverses proc\u00e9dures administratives et de travail.<\/p>\t\t\t\t\t\t\t\t<\/div>\n\t\t\t\t<\/div>\n\t\t\t\t\t<\/div>\r\n\t\t\t\t<\/div>\r\n\t\t\t\t\t<\/div>\r\n\t\t\t\t<\/section>\r\n\t\t\t\t<section data-particle_enable=\"false\" data-particle-mobile-disabled=\"false\" class=\"elementor-section elementor-top-section elementor-element elementor-element-b17adaf elementor-section-boxed elementor-section-height-default elementor-section-height-default\" data-id=\"b17adaf\" data-element_type=\"section\" data-e-type=\"section\">\r\n\t\t\r\n\t\t\t\t\t\t\t<div class=\"elementor-container elementor-column-gap-default\">\r\n\t\t\t\t\t\t\t\t\t\t\t<div class=\"elementor-column elementor-col-100 elementor-top-column elementor-element elementor-element-31135a2\" data-id=\"31135a2\" data-element_type=\"column\" data-e-type=\"column\">\r\n\t\t\t\t\t<div class=\"elementor-widget-wrap elementor-element-populated\">\r\n\t\t\t\t\t\t\t\t<div class=\"elementor-element elementor-element-198438f elementor-widget elementor-widget-text-editor\" data-id=\"198438f\" data-element_type=\"widget\" data-e-type=\"widget\" data-widget_type=\"text-editor.default\">\n\t\t\t\t<div class=\"elementor-widget-container\">\n\t\t\t\t\t\t\t\t\t<p>Si vous avez des questions ou des probl\u00e8mes lors de la demande de votre certificat de travail ou si vous souhaitez que nous le demandions pour vous, n&rsquo;h\u00e9sitez pas \u00e0 contacter ASESORIA ORIHUELA COSTA<\/p>\t\t\t\t\t\t\t\t<\/div>\n\t\t\t\t<\/div>\n\t\t\t\t\t<\/div>\r\n\t\t\t\t<\/div>\r\n\t\t\t\t\t<\/div>\r\n\t\t\t\t<\/section>\r\n\t\t\t\t<\/div>\n\t\t","protected":false},"excerpt":{"rendered":"<p>La Relev\u00e9 de carri\u00e8re en Espagne est un document qui inclut la carri\u00e8re professionnelle d&rsquo;une personne en Espagne. Il comprend des informations sur les inscriptions et les annulations \u00e0 la s\u00e9curit\u00e9 sociale, ainsi que sur les p\u00e9riodes d&#8217;emploi et les donn\u00e9es de l&rsquo;entreprise. Conna\u00eetre la vie professionnelle est essentiel pour diverses d\u00e9marches, comme la recherche [&hellip;]<\/p>\n","protected":false},"author":2,"featured_media":9794,"comment_status":"closed","ping_status":"closed","sticky":false,"template":"","format":"standard","meta":{"_eb_attr":"","inline_featured_image":false,"footnotes":""},"categories":[46],"tags":[],"class_list":["post-31382","post","type-post","status-publish","format-standard","has-post-thumbnail","hentry","category-blog"],"featured_image_src":{"landsacpe":["https:\/\/www.asesoriaorihuelacosta.com\/wp-content\/uploads\/2022\/12\/vida-laboral.jpg",770,420,false],"list":["https:\/\/www.asesoriaorihuelacosta.com\/wp-content\/uploads\/2022\/12\/vida-laboral-463x348.jpg",463,348,true],"medium":["https:\/\/www.asesoriaorihuelacosta.com\/wp-content\/uploads\/2022\/12\/vida-laboral-300x164.jpg",300,164,true],"full":["https:\/\/www.asesoriaorihuelacosta.com\/wp-content\/uploads\/2022\/12\/vida-laboral.jpg",770,420,false]},"yoast_head":"<!-- This site is optimized with the Yoast SEO Premium plugin v24.7 (Yoast SEO v27.5) - https:\/\/yoast.com\/product\/yoast-seo-premium-wordpress\/ -->\n<title>Comment demander un Relev\u00e9 de carri\u00e8re en Espagne? - Asesor\u00eda Orihuela Costa<\/title>\n<meta name=\"description\" content=\"Vida laboral ou Relev\u00e9 de carri\u00e8re en Espagne, c&#039;est un rapport de ce que vous avez travaill\u00e9 et cotis\u00e9 . Voyez ici comment l&#039;obtenir\" \/>\n<meta name=\"robots\" content=\"index, follow, max-snippet:-1, max-image-preview:large, max-video-preview:-1\" \/>\n<link rel=\"canonical\" href=\"https:\/\/www.asesoriaorihuelacosta.com\/fr\/comment-demander-un-releve-de-carriere-en-espagne\/\" \/>\n<meta property=\"og:locale\" content=\"fr_FR\" \/>\n<meta property=\"og:type\" content=\"article\" \/>\n<meta property=\"og:title\" content=\"Comment demander un Relev\u00e9 de carri\u00e8re en Espagne?\" \/>\n<meta property=\"og:description\" content=\"Vida laboral ou Relev\u00e9 de carri\u00e8re en Espagne, c&#039;est un rapport de ce que vous avez travaill\u00e9 et cotis\u00e9 . Voyez ici comment l&#039;obtenir\" \/>\n<meta property=\"og:url\" content=\"https:\/\/www.asesoriaorihuelacosta.com\/fr\/comment-demander-un-releve-de-carriere-en-espagne\/\" \/>\n<meta property=\"og:site_name\" content=\"Asesor\u00eda Orihuela Costa\" \/>\n<meta property=\"article:publisher\" content=\"https:\/\/www.facebook.com\/asesoriaorihuelacosta\" \/>\n<meta property=\"article:author\" content=\"https:\/\/www.facebook.com\/patrick.gordinneperez\" \/>\n<meta property=\"article:published_time\" content=\"2024-06-07T07:31:03+00:00\" \/>\n<meta property=\"article:modified_time\" content=\"2024-08-30T07:28:14+00:00\" \/>\n<meta property=\"og:image\" content=\"https:\/\/www.asesoriaorihuelacosta.com\/wp-content\/uploads\/2022\/12\/vida-laboral.jpg\" \/>\n\t<meta property=\"og:image:width\" content=\"770\" \/>\n\t<meta property=\"og:image:height\" content=\"420\" \/>\n\t<meta property=\"og:image:type\" content=\"image\/jpeg\" \/>\n<meta name=\"author\" content=\"Patrick Gordinne Perez\" \/>\n<meta name=\"twitter:card\" content=\"summary_large_image\" \/>\n<meta name=\"twitter:label1\" content=\"\u00c9crit par\" \/>\n\t<meta name=\"twitter:data1\" content=\"Patrick Gordinne Perez\" \/>\n\t<meta name=\"twitter:label2\" content=\"Dur\u00e9e de lecture estim\u00e9e\" \/>\n\t<meta name=\"twitter:data2\" content=\"8 minutes\" \/>\n<script type=\"application\/ld+json\" class=\"yoast-schema-graph\">{\"@context\":\"https:\\\/\\\/schema.org\",\"@graph\":[{\"@type\":\"Article\",\"@id\":\"https:\\\/\\\/www.asesoriaorihuelacosta.com\\\/fr\\\/comment-demander-un-releve-de-carriere-en-espagne\\\/#article\",\"isPartOf\":{\"@id\":\"https:\\\/\\\/www.asesoriaorihuelacosta.com\\\/fr\\\/comment-demander-un-releve-de-carriere-en-espagne\\\/\"},\"author\":{\"name\":\"Patrick Gordinne Perez\",\"@id\":\"https:\\\/\\\/www.asesoriaorihuelacosta.com\\\/fr\\\/#\\\/schema\\\/person\\\/6614ce8cf6d2de542aaf351629fd539e\"},\"headline\":\"Comment demander un Relev\u00e9 de carri\u00e8re en Espagne?\",\"datePublished\":\"2024-06-07T07:31:03+00:00\",\"dateModified\":\"2024-08-30T07:28:14+00:00\",\"mainEntityOfPage\":{\"@id\":\"https:\\\/\\\/www.asesoriaorihuelacosta.com\\\/fr\\\/comment-demander-un-releve-de-carriere-en-espagne\\\/\"},\"wordCount\":1902,\"publisher\":{\"@id\":\"https:\\\/\\\/www.asesoriaorihuelacosta.com\\\/fr\\\/#organization\"},\"image\":{\"@id\":\"https:\\\/\\\/www.asesoriaorihuelacosta.com\\\/fr\\\/comment-demander-un-releve-de-carriere-en-espagne\\\/#primaryimage\"},\"thumbnailUrl\":\"https:\\\/\\\/www.asesoriaorihuelacosta.com\\\/wp-content\\\/uploads\\\/2022\\\/12\\\/vida-laboral.jpg\",\"articleSection\":[\"Blog\"],\"inLanguage\":\"fr-FR\"},{\"@type\":\"WebPage\",\"@id\":\"https:\\\/\\\/www.asesoriaorihuelacosta.com\\\/fr\\\/comment-demander-un-releve-de-carriere-en-espagne\\\/\",\"url\":\"https:\\\/\\\/www.asesoriaorihuelacosta.com\\\/fr\\\/comment-demander-un-releve-de-carriere-en-espagne\\\/\",\"name\":\"Comment demander un Relev\u00e9 de carri\u00e8re en Espagne? - Asesor\u00eda Orihuela Costa\",\"isPartOf\":{\"@id\":\"https:\\\/\\\/www.asesoriaorihuelacosta.com\\\/fr\\\/#website\"},\"primaryImageOfPage\":{\"@id\":\"https:\\\/\\\/www.asesoriaorihuelacosta.com\\\/fr\\\/comment-demander-un-releve-de-carriere-en-espagne\\\/#primaryimage\"},\"image\":{\"@id\":\"https:\\\/\\\/www.asesoriaorihuelacosta.com\\\/fr\\\/comment-demander-un-releve-de-carriere-en-espagne\\\/#primaryimage\"},\"thumbnailUrl\":\"https:\\\/\\\/www.asesoriaorihuelacosta.com\\\/wp-content\\\/uploads\\\/2022\\\/12\\\/vida-laboral.jpg\",\"datePublished\":\"2024-06-07T07:31:03+00:00\",\"dateModified\":\"2024-08-30T07:28:14+00:00\",\"description\":\"Vida laboral ou Relev\u00e9 de carri\u00e8re en Espagne, c'est un rapport de ce que vous avez travaill\u00e9 et cotis\u00e9 . Voyez ici comment l'obtenir\",\"breadcrumb\":{\"@id\":\"https:\\\/\\\/www.asesoriaorihuelacosta.com\\\/fr\\\/comment-demander-un-releve-de-carriere-en-espagne\\\/#breadcrumb\"},\"inLanguage\":\"fr-FR\",\"potentialAction\":[{\"@type\":\"ReadAction\",\"target\":[\"https:\\\/\\\/www.asesoriaorihuelacosta.com\\\/fr\\\/comment-demander-un-releve-de-carriere-en-espagne\\\/\"]}]},{\"@type\":\"ImageObject\",\"inLanguage\":\"fr-FR\",\"@id\":\"https:\\\/\\\/www.asesoriaorihuelacosta.com\\\/fr\\\/comment-demander-un-releve-de-carriere-en-espagne\\\/#primaryimage\",\"url\":\"https:\\\/\\\/www.asesoriaorihuelacosta.com\\\/wp-content\\\/uploads\\\/2022\\\/12\\\/vida-laboral.jpg\",\"contentUrl\":\"https:\\\/\\\/www.asesoriaorihuelacosta.com\\\/wp-content\\\/uploads\\\/2022\\\/12\\\/vida-laboral.jpg\",\"width\":770,\"height\":420,\"caption\":\"vida-laboral\"},{\"@type\":\"BreadcrumbList\",\"@id\":\"https:\\\/\\\/www.asesoriaorihuelacosta.com\\\/fr\\\/comment-demander-un-releve-de-carriere-en-espagne\\\/#breadcrumb\",\"itemListElement\":[{\"@type\":\"ListItem\",\"position\":1,\"name\":\"Home\",\"item\":\"https:\\\/\\\/www.asesoriaorihuelacosta.com\\\/fr\\\/\"},{\"@type\":\"ListItem\",\"position\":2,\"name\":\"Comment demander un Relev\u00e9 de carri\u00e8re en Espagne?\"}]},{\"@type\":\"WebSite\",\"@id\":\"https:\\\/\\\/www.asesoriaorihuelacosta.com\\\/fr\\\/#website\",\"url\":\"https:\\\/\\\/www.asesoriaorihuelacosta.com\\\/fr\\\/\",\"name\":\"https:\\\/\\\/www.asesoriaorihuelacosta.com\\\/\",\"description\":\"Grupo de asesores profesionales\",\"publisher\":{\"@id\":\"https:\\\/\\\/www.asesoriaorihuelacosta.com\\\/fr\\\/#organization\"},\"potentialAction\":[{\"@type\":\"SearchAction\",\"target\":{\"@type\":\"EntryPoint\",\"urlTemplate\":\"https:\\\/\\\/www.asesoriaorihuelacosta.com\\\/fr\\\/?s={search_term_string}\"},\"query-input\":{\"@type\":\"PropertyValueSpecification\",\"valueRequired\":true,\"valueName\":\"search_term_string\"}}],\"inLanguage\":\"fr-FR\"},{\"@type\":\"Organization\",\"@id\":\"https:\\\/\\\/www.asesoriaorihuelacosta.com\\\/fr\\\/#organization\",\"name\":\"Asesor\u00eda Orihuela Costa\",\"url\":\"https:\\\/\\\/www.asesoriaorihuelacosta.com\\\/fr\\\/\",\"logo\":{\"@type\":\"ImageObject\",\"inLanguage\":\"fr-FR\",\"@id\":\"https:\\\/\\\/www.asesoriaorihuelacosta.com\\\/fr\\\/#\\\/schema\\\/logo\\\/image\\\/\",\"url\":\"https:\\\/\\\/www.asesoriaorihuelacosta.com\\\/wp-content\\\/uploads\\\/2022\\\/06\\\/Logo-espa\u5bf8l-asesoriaorihuela.jpg\",\"contentUrl\":\"https:\\\/\\\/www.asesoriaorihuelacosta.com\\\/wp-content\\\/uploads\\\/2022\\\/06\\\/Logo-espa\u5bf8l-asesoriaorihuela.jpg\",\"width\":588,\"height\":136,\"caption\":\"Asesor\u00eda Orihuela Costa\"},\"image\":{\"@id\":\"https:\\\/\\\/www.asesoriaorihuelacosta.com\\\/fr\\\/#\\\/schema\\\/logo\\\/image\\\/\"},\"sameAs\":[\"https:\\\/\\\/www.facebook.com\\\/asesoriaorihuelacosta\"]},{\"@type\":\"Person\",\"@id\":\"https:\\\/\\\/www.asesoriaorihuelacosta.com\\\/fr\\\/#\\\/schema\\\/person\\\/6614ce8cf6d2de542aaf351629fd539e\",\"name\":\"Patrick Gordinne Perez\",\"description\":\"Soy economista colegiado por el colegio de economistas de Alicante con el n\u00famero 2722. Llevo ejerciendo desde el a\u00f1o 2005. Soy especialista en fiscalidad de empresas y aut\u00f3nomos y tambi\u00e9n especialista en gestionar compraventas. Hablo espa\u00f1ol, ingl\u00e9s y franc\u00e9s.\",\"sameAs\":[\"https:\\\/\\\/www.asesoriaorihuelacosta.com\",\"https:\\\/\\\/www.facebook.com\\\/patrick.gordinneperez\",\"https:\\\/\\\/www.linkedin.com\\\/in\\\/patrick-gordinne-perez-1b73aab3\\\/\",\"https:\\\/\\\/www.youtube.com\\\/channel\\\/UC5e95RJEVQlxCnhwDmGNVCw\"],\"gender\":\"Hombre\",\"knowsLanguage\":[\"ingl\u00e9s\",\"franc\u00e9s\",\"espa\u00f1ol\"],\"jobTitle\":\"Gerente\",\"worksFor\":\"Asesoria Orihuela Costa SL\"}]}<\/script>\n<!-- \/ Yoast SEO Premium plugin. -->","yoast_head_json":{"title":"Comment demander un Relev\u00e9 de carri\u00e8re en Espagne? - Asesor\u00eda Orihuela Costa","description":"Vida laboral ou Relev\u00e9 de carri\u00e8re en Espagne, c'est un rapport de ce que vous avez travaill\u00e9 et cotis\u00e9 . Voyez ici comment l'obtenir","robots":{"index":"index","follow":"follow","max-snippet":"max-snippet:-1","max-image-preview":"max-image-preview:large","max-video-preview":"max-video-preview:-1"},"canonical":"https:\/\/www.asesoriaorihuelacosta.com\/fr\/comment-demander-un-releve-de-carriere-en-espagne\/","og_locale":"fr_FR","og_type":"article","og_title":"Comment demander un Relev\u00e9 de carri\u00e8re en Espagne?","og_description":"Vida laboral ou Relev\u00e9 de carri\u00e8re en Espagne, c'est un rapport de ce que vous avez travaill\u00e9 et cotis\u00e9 . Voyez ici comment l'obtenir","og_url":"https:\/\/www.asesoriaorihuelacosta.com\/fr\/comment-demander-un-releve-de-carriere-en-espagne\/","og_site_name":"Asesor\u00eda Orihuela Costa","article_publisher":"https:\/\/www.facebook.com\/asesoriaorihuelacosta","article_author":"https:\/\/www.facebook.com\/patrick.gordinneperez","article_published_time":"2024-06-07T07:31:03+00:00","article_modified_time":"2024-08-30T07:28:14+00:00","og_image":[{"width":770,"height":420,"url":"https:\/\/www.asesoriaorihuelacosta.com\/wp-content\/uploads\/2022\/12\/vida-laboral.jpg","type":"image\/jpeg"}],"author":"Patrick Gordinne Perez","twitter_card":"summary_large_image","twitter_misc":{"\u00c9crit par":"Patrick Gordinne Perez","Dur\u00e9e de lecture estim\u00e9e":"8 minutes"},"schema":{"@context":"https:\/\/schema.org","@graph":[{"@type":"Article","@id":"https:\/\/www.asesoriaorihuelacosta.com\/fr\/comment-demander-un-releve-de-carriere-en-espagne\/#article","isPartOf":{"@id":"https:\/\/www.asesoriaorihuelacosta.com\/fr\/comment-demander-un-releve-de-carriere-en-espagne\/"},"author":{"name":"Patrick Gordinne Perez","@id":"https:\/\/www.asesoriaorihuelacosta.com\/fr\/#\/schema\/person\/6614ce8cf6d2de542aaf351629fd539e"},"headline":"Comment demander un Relev\u00e9 de carri\u00e8re en Espagne?","datePublished":"2024-06-07T07:31:03+00:00","dateModified":"2024-08-30T07:28:14+00:00","mainEntityOfPage":{"@id":"https:\/\/www.asesoriaorihuelacosta.com\/fr\/comment-demander-un-releve-de-carriere-en-espagne\/"},"wordCount":1902,"publisher":{"@id":"https:\/\/www.asesoriaorihuelacosta.com\/fr\/#organization"},"image":{"@id":"https:\/\/www.asesoriaorihuelacosta.com\/fr\/comment-demander-un-releve-de-carriere-en-espagne\/#primaryimage"},"thumbnailUrl":"https:\/\/www.asesoriaorihuelacosta.com\/wp-content\/uploads\/2022\/12\/vida-laboral.jpg","articleSection":["Blog"],"inLanguage":"fr-FR"},{"@type":"WebPage","@id":"https:\/\/www.asesoriaorihuelacosta.com\/fr\/comment-demander-un-releve-de-carriere-en-espagne\/","url":"https:\/\/www.asesoriaorihuelacosta.com\/fr\/comment-demander-un-releve-de-carriere-en-espagne\/","name":"Comment demander un Relev\u00e9 de carri\u00e8re en Espagne? - Asesor\u00eda Orihuela Costa","isPartOf":{"@id":"https:\/\/www.asesoriaorihuelacosta.com\/fr\/#website"},"primaryImageOfPage":{"@id":"https:\/\/www.asesoriaorihuelacosta.com\/fr\/comment-demander-un-releve-de-carriere-en-espagne\/#primaryimage"},"image":{"@id":"https:\/\/www.asesoriaorihuelacosta.com\/fr\/comment-demander-un-releve-de-carriere-en-espagne\/#primaryimage"},"thumbnailUrl":"https:\/\/www.asesoriaorihuelacosta.com\/wp-content\/uploads\/2022\/12\/vida-laboral.jpg","datePublished":"2024-06-07T07:31:03+00:00","dateModified":"2024-08-30T07:28:14+00:00","description":"Vida laboral ou Relev\u00e9 de carri\u00e8re en Espagne, c'est un rapport de ce que vous avez travaill\u00e9 et cotis\u00e9 . Voyez ici comment l'obtenir","breadcrumb":{"@id":"https:\/\/www.asesoriaorihuelacosta.com\/fr\/comment-demander-un-releve-de-carriere-en-espagne\/#breadcrumb"},"inLanguage":"fr-FR","potentialAction":[{"@type":"ReadAction","target":["https:\/\/www.asesoriaorihuelacosta.com\/fr\/comment-demander-un-releve-de-carriere-en-espagne\/"]}]},{"@type":"ImageObject","inLanguage":"fr-FR","@id":"https:\/\/www.asesoriaorihuelacosta.com\/fr\/comment-demander-un-releve-de-carriere-en-espagne\/#primaryimage","url":"https:\/\/www.asesoriaorihuelacosta.com\/wp-content\/uploads\/2022\/12\/vida-laboral.jpg","contentUrl":"https:\/\/www.asesoriaorihuelacosta.com\/wp-content\/uploads\/2022\/12\/vida-laboral.jpg","width":770,"height":420,"caption":"vida-laboral"},{"@type":"BreadcrumbList","@id":"https:\/\/www.asesoriaorihuelacosta.com\/fr\/comment-demander-un-releve-de-carriere-en-espagne\/#breadcrumb","itemListElement":[{"@type":"ListItem","position":1,"name":"Home","item":"https:\/\/www.asesoriaorihuelacosta.com\/fr\/"},{"@type":"ListItem","position":2,"name":"Comment demander un Relev\u00e9 de carri\u00e8re en Espagne?"}]},{"@type":"WebSite","@id":"https:\/\/www.asesoriaorihuelacosta.com\/fr\/#website","url":"https:\/\/www.asesoriaorihuelacosta.com\/fr\/","name":"https:\/\/www.asesoriaorihuelacosta.com\/","description":"Grupo de asesores profesionales","publisher":{"@id":"https:\/\/www.asesoriaorihuelacosta.com\/fr\/#organization"},"potentialAction":[{"@type":"SearchAction","target":{"@type":"EntryPoint","urlTemplate":"https:\/\/www.asesoriaorihuelacosta.com\/fr\/?s={search_term_string}"},"query-input":{"@type":"PropertyValueSpecification","valueRequired":true,"valueName":"search_term_string"}}],"inLanguage":"fr-FR"},{"@type":"Organization","@id":"https:\/\/www.asesoriaorihuelacosta.com\/fr\/#organization","name":"Asesor\u00eda Orihuela Costa","url":"https:\/\/www.asesoriaorihuelacosta.com\/fr\/","logo":{"@type":"ImageObject","inLanguage":"fr-FR","@id":"https:\/\/www.asesoriaorihuelacosta.com\/fr\/#\/schema\/logo\/image\/","url":"https:\/\/www.asesoriaorihuelacosta.com\/wp-content\/uploads\/2022\/06\/Logo-espa\u5bf8l-asesoriaorihuela.jpg","contentUrl":"https:\/\/www.asesoriaorihuelacosta.com\/wp-content\/uploads\/2022\/06\/Logo-espa\u5bf8l-asesoriaorihuela.jpg","width":588,"height":136,"caption":"Asesor\u00eda Orihuela Costa"},"image":{"@id":"https:\/\/www.asesoriaorihuelacosta.com\/fr\/#\/schema\/logo\/image\/"},"sameAs":["https:\/\/www.facebook.com\/asesoriaorihuelacosta"]},{"@type":"Person","@id":"https:\/\/www.asesoriaorihuelacosta.com\/fr\/#\/schema\/person\/6614ce8cf6d2de542aaf351629fd539e","name":"Patrick Gordinne Perez","description":"Soy economista colegiado por el colegio de economistas de Alicante con el n\u00famero 2722. Llevo ejerciendo desde el a\u00f1o 2005. Soy especialista en fiscalidad de empresas y aut\u00f3nomos y tambi\u00e9n especialista en gestionar compraventas. Hablo espa\u00f1ol, ingl\u00e9s y franc\u00e9s.","sameAs":["https:\/\/www.asesoriaorihuelacosta.com","https:\/\/www.facebook.com\/patrick.gordinneperez","https:\/\/www.linkedin.com\/in\/patrick-gordinne-perez-1b73aab3\/","https:\/\/www.youtube.com\/channel\/UC5e95RJEVQlxCnhwDmGNVCw"],"gender":"Hombre","knowsLanguage":["ingl\u00e9s","franc\u00e9s","espa\u00f1ol"],"jobTitle":"Gerente","worksFor":"Asesoria Orihuela Costa SL"}]}},"_links":{"self":[{"href":"https:\/\/www.asesoriaorihuelacosta.com\/fr\/wp-json\/wp\/v2\/posts\/31382","targetHints":{"allow":["GET"]}}],"collection":[{"href":"https:\/\/www.asesoriaorihuelacosta.com\/fr\/wp-json\/wp\/v2\/posts"}],"about":[{"href":"https:\/\/www.asesoriaorihuelacosta.com\/fr\/wp-json\/wp\/v2\/types\/post"}],"author":[{"embeddable":true,"href":"https:\/\/www.asesoriaorihuelacosta.com\/fr\/wp-json\/wp\/v2\/users\/2"}],"replies":[{"embeddable":true,"href":"https:\/\/www.asesoriaorihuelacosta.com\/fr\/wp-json\/wp\/v2\/comments?post=31382"}],"version-history":[{"count":20,"href":"https:\/\/www.asesoriaorihuelacosta.com\/fr\/wp-json\/wp\/v2\/posts\/31382\/revisions"}],"predecessor-version":[{"id":31402,"href":"https:\/\/www.asesoriaorihuelacosta.com\/fr\/wp-json\/wp\/v2\/posts\/31382\/revisions\/31402"}],"wp:featuredmedia":[{"embeddable":true,"href":"https:\/\/www.asesoriaorihuelacosta.com\/fr\/wp-json\/wp\/v2\/media\/9794"}],"wp:attachment":[{"href":"https:\/\/www.asesoriaorihuelacosta.com\/fr\/wp-json\/wp\/v2\/media?parent=31382"}],"wp:term":[{"taxonomy":"category","embeddable":true,"href":"https:\/\/www.asesoriaorihuelacosta.com\/fr\/wp-json\/wp\/v2\/categories?post=31382"},{"taxonomy":"post_tag","embeddable":true,"href":"https:\/\/www.asesoriaorihuelacosta.com\/fr\/wp-json\/wp\/v2\/tags?post=31382"}],"curies":[{"name":"wp","href":"https:\/\/api.w.org\/{rel}","templated":true}]}}