{"id":31245,"date":"2024-08-19T11:21:27","date_gmt":"2024-08-19T11:21:27","guid":{"rendered":"https:\/\/www.asesoriaorihuelacosta.com\/?p=31245"},"modified":"2024-08-27T09:16:15","modified_gmt":"2024-08-27T09:16:15","slug":"comment-demander-un-numero-daffiliation-a-la-securite-sociale-en-espagne","status":"publish","type":"post","link":"https:\/\/www.asesoriaorihuelacosta.com\/fr\/comment-demander-un-numero-daffiliation-a-la-securite-sociale-en-espagne\/","title":{"rendered":"Comment demander un num\u00e9ro d&rsquo;affiliation \u00e0 la s\u00e9curit\u00e9 sociale en Espagne"},"content":{"rendered":"\t\t<div data-elementor-type=\"wp-post\" data-elementor-id=\"31245\" class=\"elementor elementor-31245\" data-elementor-post-type=\"post\">\n\t\t\t\t\t\t<section data-particle_enable=\"false\" data-particle-mobile-disabled=\"false\" class=\"elementor-section elementor-top-section elementor-element elementor-element-39aba0d9 elementor-section-boxed elementor-section-height-default elementor-section-height-default\" data-id=\"39aba0d9\" data-element_type=\"section\" data-e-type=\"section\">\r\n\t\t\r\n\t\t\t\t\t\t\t<div class=\"elementor-container elementor-column-gap-default\">\r\n\t\t\t\t\t\t\t\t\t\t\t<div class=\"elementor-column elementor-col-100 elementor-top-column elementor-element elementor-element-5b52d6e8\" data-id=\"5b52d6e8\" data-element_type=\"column\" data-e-type=\"column\">\r\n\t\t\t\t\t<div class=\"elementor-widget-wrap elementor-element-populated\">\r\n\t\t\t\t\t\t\t\t<div class=\"elementor-element elementor-element-b5620cb elementor-widget elementor-widget-text-editor\" data-id=\"b5620cb\" data-element_type=\"widget\" data-e-type=\"widget\" data-widget_type=\"text-editor.default\">\n\t\t\t\t<div class=\"elementor-widget-container\">\n\t\t\t\t\t\t\t\t\t\n<h1 class=\"wp-block-heading\" id=\"h-\"><\/h1>\n\t\t\t\t\t\t\t\t<\/div>\n\t\t\t\t<\/div>\n\t\t\t\t\t<\/div>\r\n\t\t\t\t<\/div>\r\n\t\t\t\t\t<\/div>\r\n\t\t\t\t<\/section>\r\n\t\t\t\t<section data-particle_enable=\"false\" data-particle-mobile-disabled=\"false\" class=\"elementor-section elementor-top-section elementor-element elementor-element-611718f elementor-section-boxed elementor-section-height-default elementor-section-height-default\" data-id=\"611718f\" data-element_type=\"section\" data-e-type=\"section\">\r\n\t\t\r\n\t\t\t\t\t\t\t<div class=\"elementor-container elementor-column-gap-default\">\r\n\t\t\t\t\t\t\t\t\t\t\t<div class=\"elementor-column elementor-col-100 elementor-top-column elementor-element elementor-element-f402db2\" data-id=\"f402db2\" data-element_type=\"column\" data-e-type=\"column\">\r\n\t\t\t\t\t<div class=\"elementor-widget-wrap elementor-element-populated\">\r\n\t\t\t\t\t\t\t\t<div class=\"elementor-element elementor-element-f9052d6 elementor-widget elementor-widget-text-editor\" data-id=\"f9052d6\" data-element_type=\"widget\" data-e-type=\"widget\" data-widget_type=\"text-editor.default\">\n\t\t\t\t<div class=\"elementor-widget-container\">\n\t\t\t\t\t\t\t\t\t<p>Le num\u00e9ro d&rsquo;affiliation \u00e0 la s\u00e9curit\u00e9 sociale est un identifiant unique que toute personne doit avoir en Espagne pour pouvoir travailler et acc\u00e9der aux services sociaux et de sant\u00e9. Ce num\u00e9ro est indispensable pour toute activit\u00e9 professionnelle, puisqu&rsquo;il permet le suivi des cotisations et prestations li\u00e9es \u00e0 la S\u00e9curit\u00e9 Sociale.<\/p><p>Demander un num\u00e9ro de s\u00e9curit\u00e9 sociale peut sembler un processus compliqu\u00e9, mais avec les bonnes informations, cela peut \u00eatre fait efficacement et rapidement.<\/p>\t\t\t\t\t\t\t\t<\/div>\n\t\t\t\t<\/div>\n\t\t\t\t\t<\/div>\r\n\t\t\t\t<\/div>\r\n\t\t\t\t\t<\/div>\r\n\t\t\t\t<\/section>\r\n\t\t\t\t<section data-particle_enable=\"false\" data-particle-mobile-disabled=\"false\" class=\"elementor-section elementor-top-section elementor-element elementor-element-4a76588 elementor-section-boxed elementor-section-height-default elementor-section-height-default\" data-id=\"4a76588\" data-element_type=\"section\" data-e-type=\"section\">\r\n\t\t\r\n\t\t\t\t\t\t\t<div class=\"elementor-container elementor-column-gap-default\">\r\n\t\t\t\t\t\t\t\t\t\t\t<div class=\"elementor-column elementor-col-100 elementor-top-column elementor-element elementor-element-fb6c295\" data-id=\"fb6c295\" data-element_type=\"column\" data-e-type=\"column\">\r\n\t\t\t\t\t<div class=\"elementor-widget-wrap elementor-element-populated\">\r\n\t\t\t\t\t\t\t\t<div class=\"elementor-element elementor-element-ae0c562 elementor-widget elementor-widget-heading\" data-id=\"ae0c562\" data-element_type=\"widget\" data-e-type=\"widget\" data-widget_type=\"heading.default\">\n\t\t\t\t<div class=\"elementor-widget-container\">\n\t\t\t\t\t<h2 class=\"elementor-heading-title elementor-size-default\">Quel est le num\u00e9ro d'affiliation \u00e0 la S\u00e9curit\u00e9 Sociale ?<\/h2>\t\t\t\t<\/div>\n\t\t\t\t<\/div>\n\t\t\t\t\t<\/div>\r\n\t\t\t\t<\/div>\r\n\t\t\t\t\t<\/div>\r\n\t\t\t\t<\/section>\r\n\t\t\t\t<section data-particle_enable=\"false\" data-particle-mobile-disabled=\"false\" class=\"elementor-section elementor-top-section elementor-element elementor-element-a5f687d elementor-section-boxed elementor-section-height-default elementor-section-height-default\" data-id=\"a5f687d\" data-element_type=\"section\" data-e-type=\"section\">\r\n\t\t\r\n\t\t\t\t\t\t\t<div class=\"elementor-container elementor-column-gap-default\">\r\n\t\t\t\t\t\t\t\t\t\t\t<div class=\"elementor-column elementor-col-100 elementor-top-column elementor-element elementor-element-88fb9c6\" data-id=\"88fb9c6\" data-element_type=\"column\" data-e-type=\"column\">\r\n\t\t\t\t\t<div class=\"elementor-widget-wrap elementor-element-populated\">\r\n\t\t\t\t\t\t\t\t<div class=\"elementor-element elementor-element-8f2163f elementor-widget elementor-widget-text-editor\" data-id=\"8f2163f\" data-element_type=\"widget\" data-e-type=\"widget\" data-widget_type=\"text-editor.default\">\n\t\t\t\t<div class=\"elementor-widget-container\">\n\t\t\t\t\t\t\t\t\t<p>Le num\u00e9ro d&rsquo;affiliation \u00e0 la s\u00e9curit\u00e9 sociale <a href=\"https:\/\/portal.seg-social.gob.es\/wps\/portal\/importass\/importass\/Categorias\/Vida+laboral+e+informes\/Informes+sobre+tu+situacion+laboral\/Acreditacion_NUSS\" target=\"_blank\" rel=\"noopener\">(NAF)<\/a> est un num\u00e9ro personnel et unique attribu\u00e9 \u00e0 chaque citoyen ou r\u00e9sident qui travaillera ou percevra des prestations de s\u00e9curit\u00e9 sociale en Espagne. Ce num\u00e9ro est essentiel pour contr\u00f4ler les cotisations des travailleurs, ainsi que pour acc\u00e9der aux prestations de ch\u00f4mage, de retraite, d&rsquo;invalidit\u00e9 et de sant\u00e9.<\/p>\t\t\t\t\t\t\t\t<\/div>\n\t\t\t\t<\/div>\n\t\t\t\t\t<\/div>\r\n\t\t\t\t<\/div>\r\n\t\t\t\t\t<\/div>\r\n\t\t\t\t<\/section>\r\n\t\t\t\t<section data-particle_enable=\"false\" data-particle-mobile-disabled=\"false\" class=\"elementor-section elementor-top-section elementor-element elementor-element-57856d2 elementor-section-boxed elementor-section-height-default elementor-section-height-default\" data-id=\"57856d2\" data-element_type=\"section\" data-e-type=\"section\">\r\n\t\t\r\n\t\t\t\t\t\t\t<div class=\"elementor-container elementor-column-gap-default\">\r\n\t\t\t\t\t\t\t\t\t\t\t<div class=\"elementor-column elementor-col-100 elementor-top-column elementor-element elementor-element-784ae7c\" data-id=\"784ae7c\" data-element_type=\"column\" data-e-type=\"column\">\r\n\t\t\t\t\t<div class=\"elementor-widget-wrap elementor-element-populated\">\r\n\t\t\t\t\t\t\t\t<div class=\"elementor-element elementor-element-550259c elementor-widget elementor-widget-heading\" data-id=\"550259c\" data-element_type=\"widget\" data-e-type=\"widget\" data-widget_type=\"heading.default\">\n\t\t\t\t<div class=\"elementor-widget-container\">\n\t\t\t\t\t<h2 class=\"elementor-heading-title elementor-size-default\">Qui a besoin d\u2019un num\u00e9ro de membre ?\n<\/h2>\t\t\t\t<\/div>\n\t\t\t\t<\/div>\n\t\t\t\t\t<\/div>\r\n\t\t\t\t<\/div>\r\n\t\t\t\t\t<\/div>\r\n\t\t\t\t<\/section>\r\n\t\t\t\t<section data-particle_enable=\"false\" data-particle-mobile-disabled=\"false\" class=\"elementor-section elementor-top-section elementor-element elementor-element-29b111b elementor-section-boxed elementor-section-height-default elementor-section-height-default\" data-id=\"29b111b\" data-element_type=\"section\" data-e-type=\"section\">\r\n\t\t\r\n\t\t\t\t\t\t\t<div class=\"elementor-container elementor-column-gap-default\">\r\n\t\t\t\t\t\t\t\t\t\t\t<div class=\"elementor-column elementor-col-100 elementor-top-column elementor-element elementor-element-53eaf2b\" data-id=\"53eaf2b\" data-element_type=\"column\" data-e-type=\"column\">\r\n\t\t\t\t\t<div class=\"elementor-widget-wrap elementor-element-populated\">\r\n\t\t\t\t\t\t\t\t<div class=\"elementor-element elementor-element-2575a84 elementor-widget elementor-widget-text-editor\" data-id=\"2575a84\" data-element_type=\"widget\" data-e-type=\"widget\" data-widget_type=\"text-editor.default\">\n\t\t\t\t<div class=\"elementor-widget-container\">\n\t\t\t\t\t\t\t\t\t<ul>\n<li style=\"font-weight: 400;\" aria-level=\"1\">Travailleurs salari\u00e9s : Toute personne qui travaille pour une entreprise en Espagne.<\/li>\n<li style=\"font-weight: 400;\" aria-level=\"1\"><a href=\"https:\/\/www.asesoriaorihuelacosta.com\/fr\/conseil-independant\/\" target=\"_blank\" rel=\"noopener\">Travailleurs ind\u00e9pendants<\/a> (Ind\u00e9pendants) : Personnes qui d\u00e9marrent une activit\u00e9 professionnelle ou commerciale.<\/li>\n<li style=\"font-weight: 400;\" aria-level=\"1\">Stagiaires : Si le stage est r\u00e9mun\u00e9r\u00e9, vous aurez \u00e9galement besoin d&rsquo;un NAF.<\/li>\n<li style=\"font-weight: 400;\" aria-level=\"1\">Citoyens \u00e9trangers : r\u00e9sidents non nationaux qui vont travailler en Espagne.<\/li>\n<li style=\"font-weight: 400;\" aria-level=\"1\">B\u00e9n\u00e9ficiaires des prestations sociales : Personnes qui demandent des prestations de la S\u00e9curit\u00e9 Sociale.<\/li>\n<\/ul>\t\t\t\t\t\t\t\t<\/div>\n\t\t\t\t<\/div>\n\t\t\t\t\t<\/div>\r\n\t\t\t\t<\/div>\r\n\t\t\t\t\t<\/div>\r\n\t\t\t\t<\/section>\r\n\t\t\t\t<section data-particle_enable=\"false\" data-particle-mobile-disabled=\"false\" class=\"elementor-section elementor-top-section elementor-element elementor-element-5820a31 elementor-section-boxed elementor-section-height-default elementor-section-height-default\" data-id=\"5820a31\" data-element_type=\"section\" data-e-type=\"section\">\r\n\t\t\r\n\t\t\t\t\t\t\t<div class=\"elementor-container elementor-column-gap-default\">\r\n\t\t\t\t\t\t\t\t\t\t\t<div class=\"elementor-column elementor-col-100 elementor-top-column elementor-element elementor-element-65abd25\" data-id=\"65abd25\" data-element_type=\"column\" data-e-type=\"column\">\r\n\t\t\t\t\t<div class=\"elementor-widget-wrap elementor-element-populated\">\r\n\t\t\t\t\t\t\t\t<div class=\"elementor-element elementor-element-629a230 elementor-widget elementor-widget-heading\" data-id=\"629a230\" data-element_type=\"widget\" data-e-type=\"widget\" data-widget_type=\"heading.default\">\n\t\t\t\t<div class=\"elementor-widget-container\">\n\t\t\t\t\t<h2 class=\"elementor-heading-title elementor-size-default\">Documentation n\u00e9cessaire pour demander le NAF<\/h2>\t\t\t\t<\/div>\n\t\t\t\t<\/div>\n\t\t\t\t\t<\/div>\r\n\t\t\t\t<\/div>\r\n\t\t\t\t\t<\/div>\r\n\t\t\t\t<\/section>\r\n\t\t\t\t<section data-particle_enable=\"false\" data-particle-mobile-disabled=\"false\" class=\"elementor-section elementor-top-section elementor-element elementor-element-a1f1dd2 elementor-section-boxed elementor-section-height-default elementor-section-height-default\" data-id=\"a1f1dd2\" data-element_type=\"section\" data-e-type=\"section\">\r\n\t\t\r\n\t\t\t\t\t\t\t<div class=\"elementor-container elementor-column-gap-default\">\r\n\t\t\t\t\t\t\t\t\t\t\t<div class=\"elementor-column elementor-col-100 elementor-top-column elementor-element elementor-element-83c3f7a\" data-id=\"83c3f7a\" data-element_type=\"column\" data-e-type=\"column\">\r\n\t\t\t\t\t<div class=\"elementor-widget-wrap elementor-element-populated\">\r\n\t\t\t\t\t\t\t\t<div class=\"elementor-element elementor-element-51354d2 elementor-widget elementor-widget-text-editor\" data-id=\"51354d2\" data-element_type=\"widget\" data-e-type=\"widget\" data-widget_type=\"text-editor.default\">\n\t\t\t\t<div class=\"elementor-widget-container\">\n\t\t\t\t\t\t\t\t\t<p>Avant de demander le num\u00e9ro de membre, il est important de rassembler les documents n\u00e9cessaires. G\u00e9n\u00e9ralement, les documents requis comprennent\u00a0:<\/p>\n<ul>\n<li>DNI ou NIE : Document d&rsquo;identit\u00e9 nationale pour les citoyens espagnols ou num\u00e9ro d&rsquo;identification d&rsquo;\u00e9tranger pour les r\u00e9sidents non espagnols.<\/li>\n<li>Passeport : Pour les \u00e9trangers qui n&rsquo;ont pas encore de NIE.<\/li>\n<li>Formulaire TA.1 : Formulaire officiel de demande de num\u00e9ro de membre.<\/li>\n<li>Contrat de travail : Si le num\u00e9ro est demand\u00e9 pour d\u00e9marrer un emploi.<\/li>\n<li>Permis de s\u00e9jour : Pour les citoyens non-UE.<\/li>\n<\/ul>\t\t\t\t\t\t\t\t<\/div>\n\t\t\t\t<\/div>\n\t\t\t\t\t<\/div>\r\n\t\t\t\t<\/div>\r\n\t\t\t\t\t<\/div>\r\n\t\t\t\t<\/section>\r\n\t\t\t\t<section data-particle_enable=\"false\" data-particle-mobile-disabled=\"false\" class=\"elementor-section elementor-top-section elementor-element elementor-element-f56cc8a elementor-section-boxed elementor-section-height-default elementor-section-height-default\" data-id=\"f56cc8a\" data-element_type=\"section\" data-e-type=\"section\">\r\n\t\t\r\n\t\t\t\t\t\t\t<div class=\"elementor-container elementor-column-gap-default\">\r\n\t\t\t\t\t\t\t\t\t\t\t<div class=\"elementor-column elementor-col-100 elementor-top-column elementor-element elementor-element-39f6396\" data-id=\"39f6396\" data-element_type=\"column\" data-e-type=\"column\">\r\n\t\t\t\t\t<div class=\"elementor-widget-wrap elementor-element-populated\">\r\n\t\t\t\t\t\t\t\t<div class=\"elementor-element elementor-element-a9cbc5e elementor-widget elementor-widget-heading\" data-id=\"a9cbc5e\" data-element_type=\"widget\" data-e-type=\"widget\" data-widget_type=\"heading.default\">\n\t\t\t\t<div class=\"elementor-widget-container\">\n\t\t\t\t\t<h2 class=\"elementor-heading-title elementor-size-default\">Proc\u00e9dure pour demander le num\u00e9ro de membre<\/h2>\t\t\t\t<\/div>\n\t\t\t\t<\/div>\n\t\t\t\t\t<\/div>\r\n\t\t\t\t<\/div>\r\n\t\t\t\t\t<\/div>\r\n\t\t\t\t<\/section>\r\n\t\t\t\t<section data-particle_enable=\"false\" data-particle-mobile-disabled=\"false\" class=\"elementor-section elementor-top-section elementor-element elementor-element-e3220ae elementor-section-boxed elementor-section-height-default elementor-section-height-default\" data-id=\"e3220ae\" data-element_type=\"section\" data-e-type=\"section\">\r\n\t\t\r\n\t\t\t\t\t\t\t<div class=\"elementor-container elementor-column-gap-default\">\r\n\t\t\t\t\t\t\t\t\t\t\t<div class=\"elementor-column elementor-col-100 elementor-top-column elementor-element elementor-element-654d7c8\" data-id=\"654d7c8\" data-element_type=\"column\" data-e-type=\"column\">\r\n\t\t\t\t\t<div class=\"elementor-widget-wrap elementor-element-populated\">\r\n\t\t\t\t\t\t\t\t<div class=\"elementor-element elementor-element-83bfb23 elementor-widget elementor-widget-text-editor\" data-id=\"83bfb23\" data-element_type=\"widget\" data-e-type=\"widget\" data-widget_type=\"text-editor.default\">\n\t\t\t\t<div class=\"elementor-widget-container\">\n\t\t\t\t\t\t\t\t\t<ol>\n<li>\n<p>Demande en personne<\/p>\n<\/li>\n<\/ol>\n<ul>\n<li>Localisation du bureau : Recherchez le bureau de la S\u00e9curit\u00e9 Sociale le plus proche de votre lieu de r\u00e9sidence ou de travail.<\/li>\n<li>Rendez-vous : Dans de nombreux bureaux, il est n\u00e9cessaire de demander un rendez-vous via le site de la S\u00e9curit\u00e9 Sociale ou en appelant le num\u00e9ro de t\u00e9l\u00e9phone du service client.<\/li>\n<li>Pr\u00e9sentation des documents : Apportez la documentation n\u00e9cessaire au rendez-vous. Assurez-vous d&rsquo;avoir \u00e0 la fois des originaux et des copies.<\/li>\n<li>Remplissez le formulaire TA.1 : Ce formulaire doit \u00eatre compl\u00e9t\u00e9 et soumis. Le personnel du bureau peut r\u00e9pondre \u00e0 vos questions.<\/li>\n<li>R\u00e9ception du NAF : Une fois la documentation examin\u00e9e, le num\u00e9ro de membre sera attribu\u00e9 et remis sur place ou envoy\u00e9 par courrier.<\/li>\n<\/ul>\n<p>\u00a0 \u00a0 \u00a0 \u00a02. Candidature en ligne<\/p>\n<ul>\n<li>Acc\u00e8s au portail : Acc\u00e9dez au site officiel de la S\u00e9curit\u00e9 Sociale (www.seg-social.es).<\/li>\n<li>Inscription et mot de passe permanent : Si vous n&rsquo;\u00eates pas inscrit, vous devez le faire et obtenir un mot de passe permanent. Cela peut n\u00e9cessiter un processus de v\u00e9rification d\u2019identit\u00e9.<\/li>\n<li>Remplissez le formulaire en ligne : Remplissez le formulaire TA.1 dans sa version num\u00e9rique en joignant les copies num\u00e9riques des documents n\u00e9cessaires.<\/li>\n<li>Soumission et confirmation : Soumettez le formulaire et attendez la confirmation de l\u2019inscription. Le NAF sera envoy\u00e9 par voie \u00e9lectronique ou par courrier postal.<\/li>\n<\/ul>\n<p><br \/>\u00a0 \u00a0 \u00a0 3. Candidature via l&rsquo;entreprise<\/p>\n<p>Dans de nombreux cas, les entreprises peuvent demander le NAF au nom du travailleur. Cette d\u00e9marche est courante pour les nouveaux salari\u00e9s qui ne poss\u00e8dent pas encore de num\u00e9ro de membre.<\/p>\n<ul>\n<li>R\u00e9cup\u00e9rez les documents du travailleur : DNI ou NIE, passeport et tout autre document pertinent.<\/li>\n<li>Remplissez le formulaire TA.2\/S : C&rsquo;est le formulaire que les entreprises utilisent pour demander l&rsquo;affiliation de nouveaux travailleurs.<\/li>\n<li>D\u00e9poser la demande : L&rsquo;entreprise peut d\u00e9poser la demande en ligne ou en personne dans un bureau de la S\u00e9curit\u00e9 sociale.<\/li>\n<li>R\u00e9ception du NAF : Une fois la demande trait\u00e9e, le travailleur recevra son num\u00e9ro de membre.<\/li>\n<\/ul>\t\t\t\t\t\t\t\t<\/div>\n\t\t\t\t<\/div>\n\t\t\t\t\t<\/div>\r\n\t\t\t\t<\/div>\r\n\t\t\t\t\t<\/div>\r\n\t\t\t\t<\/section>\r\n\t\t\t\t<section data-particle_enable=\"false\" data-particle-mobile-disabled=\"false\" class=\"elementor-section elementor-top-section elementor-element elementor-element-95fcb32 elementor-section-boxed elementor-section-height-default elementor-section-height-default\" data-id=\"95fcb32\" data-element_type=\"section\" data-e-type=\"section\">\r\n\t\t\r\n\t\t\t\t\t\t\t<div class=\"elementor-container elementor-column-gap-default\">\r\n\t\t\t\t\t\t\t\t\t\t\t<div class=\"elementor-column elementor-col-100 elementor-top-column elementor-element elementor-element-3c6ffdb\" data-id=\"3c6ffdb\" data-element_type=\"column\" data-e-type=\"column\">\r\n\t\t\t\t\t<div class=\"elementor-widget-wrap elementor-element-populated\">\r\n\t\t\t\t\t\t\t\t<div class=\"elementor-element elementor-element-58d0b1b elementor-widget elementor-widget-heading\" data-id=\"58d0b1b\" data-element_type=\"widget\" data-e-type=\"widget\" data-widget_type=\"heading.default\">\n\t\t\t\t<div class=\"elementor-widget-container\">\n\t\t\t\t\t<h2 class=\"elementor-heading-title elementor-size-default\">FAQ NAF\n<\/h2>\t\t\t\t<\/div>\n\t\t\t\t<\/div>\n\t\t\t\t\t<\/div>\r\n\t\t\t\t<\/div>\r\n\t\t\t\t\t<\/div>\r\n\t\t\t\t<\/section>\r\n\t\t\t\t<section data-particle_enable=\"false\" data-particle-mobile-disabled=\"false\" class=\"elementor-section elementor-top-section elementor-element elementor-element-51f9749 elementor-section-boxed elementor-section-height-default elementor-section-height-default\" data-id=\"51f9749\" data-element_type=\"section\" data-e-type=\"section\">\r\n\t\t\r\n\t\t\t\t\t\t\t<div class=\"elementor-container elementor-column-gap-default\">\r\n\t\t\t\t\t\t\t\t\t\t\t<div class=\"elementor-column elementor-col-100 elementor-top-column elementor-element elementor-element-def1cf0\" data-id=\"def1cf0\" data-element_type=\"column\" data-e-type=\"column\">\r\n\t\t\t\t\t<div class=\"elementor-widget-wrap elementor-element-populated\">\r\n\t\t\t\t\t\t\t\t<div class=\"elementor-element elementor-element-a025ccd elementor-widget elementor-widget-text-editor\" data-id=\"a025ccd\" data-element_type=\"widget\" data-e-type=\"widget\" data-widget_type=\"text-editor.default\">\n\t\t\t\t<div class=\"elementor-widget-container\">\n\t\t\t\t\t\t\t\t\t<h3>Combien de temps prend le processus ?<\/h3>\n<p>Le temps peut varier. Dans un bureau de la S\u00e9curit\u00e9 sociale, le NAF peut \u00eatre attribu\u00e9 le jour m\u00eame. Si vous en faites la demande en ligne, la confirmation peut prendre plusieurs jours.<\/p>\n<h3>Est-il n\u00e9cessaire de renouveler la NAF ?<\/h3>\n<p>Non, le NAF est un num\u00e9ro unique attribu\u00e9 \u00e0 vie et qui ne n\u00e9cessite pas de renouvellement.<\/p>\n<p>Le num\u00e9ro d&rsquo;affiliation \u00e0 la S\u00e9curit\u00e9 Sociale est indispensable pour toute personne qui travaille ou per\u00e7oit des allocations en Espagne. Postuler peut sembler un processus complexe, mais en suivant les \u00e9tapes appropri\u00e9es et avec la documentation n\u00e9cessaire, cela peut \u00eatre une t\u00e2che simple et rapide.<\/p>\n<p>Chez <a href=\"https:\/\/www.asesoriaorihuelacosta.com\/fr\/\" target=\"_blank\" rel=\"noopener\">Asesor\u00eda Orihuela Costa<\/a>, nous vous offrons le meilleur service de conseil pour les entreprises et les particuliers.<\/p>\n<p>Si vous devez effectuer une d\u00e9marche aupr\u00e8s du fisc ou de la s\u00e9curit\u00e9 sociale, notre \u00e9quipe est toujours pr\u00eate \u00e0 vous aider.<\/p>\n<p>De plus, nous mettons \u00e0 votre disposition la meilleure \u00e9quipe sp\u00e9cialis\u00e9e dans le conseil financier et fiscal pour les entreprises et les ind\u00e9pendants.<\/p>\t\t\t\t\t\t\t\t<\/div>\n\t\t\t\t<\/div>\n\t\t\t\t\t<\/div>\r\n\t\t\t\t<\/div>\r\n\t\t\t\t\t<\/div>\r\n\t\t\t\t<\/section>\r\n\t\t\t\t<\/div>\n\t\t","protected":false},"excerpt":{"rendered":"<p>Le num\u00e9ro d&rsquo;affiliation \u00e0 la s\u00e9curit\u00e9 sociale est un identifiant unique que toute personne doit avoir en Espagne pour pouvoir travailler et acc\u00e9der aux services sociaux et de sant\u00e9. Ce num\u00e9ro est indispensable pour toute activit\u00e9 professionnelle, puisqu&rsquo;il permet le suivi des cotisations et prestations li\u00e9es \u00e0 la S\u00e9curit\u00e9 Sociale. Demander un num\u00e9ro de s\u00e9curit\u00e9 [&hellip;]<\/p>\n","protected":false},"author":2,"featured_media":30186,"comment_status":"closed","ping_status":"closed","sticky":false,"template":"","format":"standard","meta":{"_eb_attr":"","inline_featured_image":false,"footnotes":""},"categories":[1],"tags":[],"class_list":["post-31245","post","type-post","status-publish","format-standard","has-post-thumbnail","hentry","category-blog"],"featured_image_src":{"landsacpe":["https:\/\/www.asesoriaorihuelacosta.com\/wp-content\/uploads\/2024\/08\/man-1866784_640.jpg",640,427,false],"list":["https:\/\/www.asesoriaorihuelacosta.com\/wp-content\/uploads\/2024\/08\/man-1866784_640-463x348.jpg",463,348,true],"medium":["https:\/\/www.asesoriaorihuelacosta.com\/wp-content\/uploads\/2024\/08\/man-1866784_640-300x200.jpg",300,200,true],"full":["https:\/\/www.asesoriaorihuelacosta.com\/wp-content\/uploads\/2024\/08\/man-1866784_640.jpg",640,427,false]},"yoast_head":"<!-- This site is optimized with the Yoast SEO Premium plugin v24.7 (Yoast SEO v27.4) - https:\/\/yoast.com\/product\/yoast-seo-premium-wordpress\/ -->\n<title>Comment demander un num\u00e9ro de la s\u00e9curit\u00e9 sociale en Espagne - Asesor\u00eda Orihuela Costa<\/title>\n<meta name=\"description\" content=\"D\u00e9couvrez comment demander le num\u00e9ro de s\u00e9curit\u00e9 sociale en Espagne de mani\u00e8re rapide et efficace par diff\u00e9rents moyens.\" \/>\n<meta name=\"robots\" content=\"index, follow, max-snippet:-1, max-image-preview:large, max-video-preview:-1\" \/>\n<link rel=\"canonical\" href=\"https:\/\/www.asesoriaorihuelacosta.com\/fr\/comment-demander-un-numero-daffiliation-a-la-securite-sociale-en-espagne\/\" \/>\n<meta property=\"og:locale\" content=\"fr_FR\" \/>\n<meta property=\"og:type\" content=\"article\" \/>\n<meta property=\"og:title\" content=\"Comment demander un num\u00e9ro d&#039;affiliation \u00e0 la s\u00e9curit\u00e9 sociale en Espagne\" \/>\n<meta property=\"og:description\" content=\"D\u00e9couvrez comment demander le num\u00e9ro de s\u00e9curit\u00e9 sociale en Espagne de mani\u00e8re rapide et efficace par diff\u00e9rents moyens.\" \/>\n<meta property=\"og:url\" content=\"https:\/\/www.asesoriaorihuelacosta.com\/fr\/comment-demander-un-numero-daffiliation-a-la-securite-sociale-en-espagne\/\" \/>\n<meta property=\"og:site_name\" content=\"Asesor\u00eda Orihuela Costa\" \/>\n<meta property=\"article:publisher\" content=\"https:\/\/www.facebook.com\/asesoriaorihuelacosta\" \/>\n<meta property=\"article:author\" content=\"https:\/\/www.facebook.com\/patrick.gordinneperez\" \/>\n<meta property=\"article:published_time\" content=\"2024-08-19T11:21:27+00:00\" \/>\n<meta property=\"article:modified_time\" content=\"2024-08-27T09:16:15+00:00\" \/>\n<meta property=\"og:image\" content=\"https:\/\/www.asesoriaorihuelacosta.com\/wp-content\/uploads\/2024\/08\/man-1866784_640.jpg\" \/>\n\t<meta property=\"og:image:width\" content=\"640\" \/>\n\t<meta property=\"og:image:height\" content=\"427\" \/>\n\t<meta property=\"og:image:type\" content=\"image\/jpeg\" \/>\n<meta name=\"author\" content=\"Patrick Gordinne Perez\" \/>\n<meta name=\"twitter:card\" content=\"summary_large_image\" \/>\n<meta name=\"twitter:label1\" content=\"\u00c9crit par\" \/>\n\t<meta name=\"twitter:data1\" content=\"Patrick Gordinne Perez\" \/>\n\t<meta name=\"twitter:label2\" content=\"Dur\u00e9e de lecture estim\u00e9e\" \/>\n\t<meta name=\"twitter:data2\" content=\"4 minutes\" \/>\n<script type=\"application\/ld+json\" class=\"yoast-schema-graph\">{\"@context\":\"https:\\\/\\\/schema.org\",\"@graph\":[{\"@type\":\"Article\",\"@id\":\"https:\\\/\\\/www.asesoriaorihuelacosta.com\\\/fr\\\/comment-demander-un-numero-daffiliation-a-la-securite-sociale-en-espagne\\\/#article\",\"isPartOf\":{\"@id\":\"https:\\\/\\\/www.asesoriaorihuelacosta.com\\\/fr\\\/comment-demander-un-numero-daffiliation-a-la-securite-sociale-en-espagne\\\/\"},\"author\":{\"name\":\"Patrick Gordinne Perez\",\"@id\":\"https:\\\/\\\/www.asesoriaorihuelacosta.com\\\/fr\\\/#\\\/schema\\\/person\\\/6614ce8cf6d2de542aaf351629fd539e\"},\"headline\":\"Comment demander un num\u00e9ro d&rsquo;affiliation \u00e0 la s\u00e9curit\u00e9 sociale en Espagne\",\"datePublished\":\"2024-08-19T11:21:27+00:00\",\"dateModified\":\"2024-08-27T09:16:15+00:00\",\"mainEntityOfPage\":{\"@id\":\"https:\\\/\\\/www.asesoriaorihuelacosta.com\\\/fr\\\/comment-demander-un-numero-daffiliation-a-la-securite-sociale-en-espagne\\\/\"},\"wordCount\":888,\"publisher\":{\"@id\":\"https:\\\/\\\/www.asesoriaorihuelacosta.com\\\/fr\\\/#organization\"},\"image\":{\"@id\":\"https:\\\/\\\/www.asesoriaorihuelacosta.com\\\/fr\\\/comment-demander-un-numero-daffiliation-a-la-securite-sociale-en-espagne\\\/#primaryimage\"},\"thumbnailUrl\":\"https:\\\/\\\/www.asesoriaorihuelacosta.com\\\/wp-content\\\/uploads\\\/2024\\\/08\\\/man-1866784_640.jpg\",\"articleSection\":[\"Blog\"],\"inLanguage\":\"fr-FR\"},{\"@type\":\"WebPage\",\"@id\":\"https:\\\/\\\/www.asesoriaorihuelacosta.com\\\/fr\\\/comment-demander-un-numero-daffiliation-a-la-securite-sociale-en-espagne\\\/\",\"url\":\"https:\\\/\\\/www.asesoriaorihuelacosta.com\\\/fr\\\/comment-demander-un-numero-daffiliation-a-la-securite-sociale-en-espagne\\\/\",\"name\":\"Comment demander un num\u00e9ro de la s\u00e9curit\u00e9 sociale en Espagne - Asesor\u00eda Orihuela Costa\",\"isPartOf\":{\"@id\":\"https:\\\/\\\/www.asesoriaorihuelacosta.com\\\/fr\\\/#website\"},\"primaryImageOfPage\":{\"@id\":\"https:\\\/\\\/www.asesoriaorihuelacosta.com\\\/fr\\\/comment-demander-un-numero-daffiliation-a-la-securite-sociale-en-espagne\\\/#primaryimage\"},\"image\":{\"@id\":\"https:\\\/\\\/www.asesoriaorihuelacosta.com\\\/fr\\\/comment-demander-un-numero-daffiliation-a-la-securite-sociale-en-espagne\\\/#primaryimage\"},\"thumbnailUrl\":\"https:\\\/\\\/www.asesoriaorihuelacosta.com\\\/wp-content\\\/uploads\\\/2024\\\/08\\\/man-1866784_640.jpg\",\"datePublished\":\"2024-08-19T11:21:27+00:00\",\"dateModified\":\"2024-08-27T09:16:15+00:00\",\"description\":\"D\u00e9couvrez comment demander le num\u00e9ro de s\u00e9curit\u00e9 sociale en Espagne de mani\u00e8re rapide et efficace par diff\u00e9rents moyens.\",\"breadcrumb\":{\"@id\":\"https:\\\/\\\/www.asesoriaorihuelacosta.com\\\/fr\\\/comment-demander-un-numero-daffiliation-a-la-securite-sociale-en-espagne\\\/#breadcrumb\"},\"inLanguage\":\"fr-FR\",\"potentialAction\":[{\"@type\":\"ReadAction\",\"target\":[\"https:\\\/\\\/www.asesoriaorihuelacosta.com\\\/fr\\\/comment-demander-un-numero-daffiliation-a-la-securite-sociale-en-espagne\\\/\"]}]},{\"@type\":\"ImageObject\",\"inLanguage\":\"fr-FR\",\"@id\":\"https:\\\/\\\/www.asesoriaorihuelacosta.com\\\/fr\\\/comment-demander-un-numero-daffiliation-a-la-securite-sociale-en-espagne\\\/#primaryimage\",\"url\":\"https:\\\/\\\/www.asesoriaorihuelacosta.com\\\/wp-content\\\/uploads\\\/2024\\\/08\\\/man-1866784_640.jpg\",\"contentUrl\":\"https:\\\/\\\/www.asesoriaorihuelacosta.com\\\/wp-content\\\/uploads\\\/2024\\\/08\\\/man-1866784_640.jpg\",\"width\":640,\"height\":427,\"caption\":\"Solicitar el n\u00famero de la Seguridad Social\"},{\"@type\":\"BreadcrumbList\",\"@id\":\"https:\\\/\\\/www.asesoriaorihuelacosta.com\\\/fr\\\/comment-demander-un-numero-daffiliation-a-la-securite-sociale-en-espagne\\\/#breadcrumb\",\"itemListElement\":[{\"@type\":\"ListItem\",\"position\":1,\"name\":\"Home\",\"item\":\"https:\\\/\\\/www.asesoriaorihuelacosta.com\\\/fr\\\/\"},{\"@type\":\"ListItem\",\"position\":2,\"name\":\"Comment demander un num\u00e9ro d&#8217;affiliation \u00e0 la s\u00e9curit\u00e9 sociale en Espagne\"}]},{\"@type\":\"WebSite\",\"@id\":\"https:\\\/\\\/www.asesoriaorihuelacosta.com\\\/fr\\\/#website\",\"url\":\"https:\\\/\\\/www.asesoriaorihuelacosta.com\\\/fr\\\/\",\"name\":\"https:\\\/\\\/www.asesoriaorihuelacosta.com\\\/\",\"description\":\"Grupo de asesores profesionales\",\"publisher\":{\"@id\":\"https:\\\/\\\/www.asesoriaorihuelacosta.com\\\/fr\\\/#organization\"},\"potentialAction\":[{\"@type\":\"SearchAction\",\"target\":{\"@type\":\"EntryPoint\",\"urlTemplate\":\"https:\\\/\\\/www.asesoriaorihuelacosta.com\\\/fr\\\/?s={search_term_string}\"},\"query-input\":{\"@type\":\"PropertyValueSpecification\",\"valueRequired\":true,\"valueName\":\"search_term_string\"}}],\"inLanguage\":\"fr-FR\"},{\"@type\":\"Organization\",\"@id\":\"https:\\\/\\\/www.asesoriaorihuelacosta.com\\\/fr\\\/#organization\",\"name\":\"Asesor\u00eda Orihuela Costa\",\"url\":\"https:\\\/\\\/www.asesoriaorihuelacosta.com\\\/fr\\\/\",\"logo\":{\"@type\":\"ImageObject\",\"inLanguage\":\"fr-FR\",\"@id\":\"https:\\\/\\\/www.asesoriaorihuelacosta.com\\\/fr\\\/#\\\/schema\\\/logo\\\/image\\\/\",\"url\":\"https:\\\/\\\/www.asesoriaorihuelacosta.com\\\/wp-content\\\/uploads\\\/2022\\\/06\\\/Logo-espa\u5bf8l-asesoriaorihuela.jpg\",\"contentUrl\":\"https:\\\/\\\/www.asesoriaorihuelacosta.com\\\/wp-content\\\/uploads\\\/2022\\\/06\\\/Logo-espa\u5bf8l-asesoriaorihuela.jpg\",\"width\":588,\"height\":136,\"caption\":\"Asesor\u00eda Orihuela Costa\"},\"image\":{\"@id\":\"https:\\\/\\\/www.asesoriaorihuelacosta.com\\\/fr\\\/#\\\/schema\\\/logo\\\/image\\\/\"},\"sameAs\":[\"https:\\\/\\\/www.facebook.com\\\/asesoriaorihuelacosta\"]},{\"@type\":\"Person\",\"@id\":\"https:\\\/\\\/www.asesoriaorihuelacosta.com\\\/fr\\\/#\\\/schema\\\/person\\\/6614ce8cf6d2de542aaf351629fd539e\",\"name\":\"Patrick Gordinne Perez\",\"description\":\"Soy economista colegiado por el colegio de economistas de Alicante con el n\u00famero 2722. Llevo ejerciendo desde el a\u00f1o 2005. Soy especialista en fiscalidad de empresas y aut\u00f3nomos y tambi\u00e9n especialista en gestionar compraventas. Hablo espa\u00f1ol, ingl\u00e9s y franc\u00e9s.\",\"sameAs\":[\"https:\\\/\\\/www.asesoriaorihuelacosta.com\",\"https:\\\/\\\/www.facebook.com\\\/patrick.gordinneperez\",\"https:\\\/\\\/www.linkedin.com\\\/in\\\/patrick-gordinne-perez-1b73aab3\\\/\",\"https:\\\/\\\/www.youtube.com\\\/channel\\\/UC5e95RJEVQlxCnhwDmGNVCw\"],\"gender\":\"Hombre\",\"knowsLanguage\":[\"ingl\u00e9s\",\"franc\u00e9s\",\"espa\u00f1ol\"],\"jobTitle\":\"Gerente\",\"worksFor\":\"Asesoria Orihuela Costa SL\"}]}<\/script>\n<!-- \/ Yoast SEO Premium plugin. -->","yoast_head_json":{"title":"Comment demander un num\u00e9ro de la s\u00e9curit\u00e9 sociale en Espagne - Asesor\u00eda Orihuela Costa","description":"D\u00e9couvrez comment demander le num\u00e9ro de s\u00e9curit\u00e9 sociale en Espagne de mani\u00e8re rapide et efficace par diff\u00e9rents moyens.","robots":{"index":"index","follow":"follow","max-snippet":"max-snippet:-1","max-image-preview":"max-image-preview:large","max-video-preview":"max-video-preview:-1"},"canonical":"https:\/\/www.asesoriaorihuelacosta.com\/fr\/comment-demander-un-numero-daffiliation-a-la-securite-sociale-en-espagne\/","og_locale":"fr_FR","og_type":"article","og_title":"Comment demander un num\u00e9ro d'affiliation \u00e0 la s\u00e9curit\u00e9 sociale en Espagne","og_description":"D\u00e9couvrez comment demander le num\u00e9ro de s\u00e9curit\u00e9 sociale en Espagne de mani\u00e8re rapide et efficace par diff\u00e9rents moyens.","og_url":"https:\/\/www.asesoriaorihuelacosta.com\/fr\/comment-demander-un-numero-daffiliation-a-la-securite-sociale-en-espagne\/","og_site_name":"Asesor\u00eda Orihuela Costa","article_publisher":"https:\/\/www.facebook.com\/asesoriaorihuelacosta","article_author":"https:\/\/www.facebook.com\/patrick.gordinneperez","article_published_time":"2024-08-19T11:21:27+00:00","article_modified_time":"2024-08-27T09:16:15+00:00","og_image":[{"width":640,"height":427,"url":"https:\/\/www.asesoriaorihuelacosta.com\/wp-content\/uploads\/2024\/08\/man-1866784_640.jpg","type":"image\/jpeg"}],"author":"Patrick Gordinne Perez","twitter_card":"summary_large_image","twitter_misc":{"\u00c9crit par":"Patrick Gordinne Perez","Dur\u00e9e de lecture estim\u00e9e":"4 minutes"},"schema":{"@context":"https:\/\/schema.org","@graph":[{"@type":"Article","@id":"https:\/\/www.asesoriaorihuelacosta.com\/fr\/comment-demander-un-numero-daffiliation-a-la-securite-sociale-en-espagne\/#article","isPartOf":{"@id":"https:\/\/www.asesoriaorihuelacosta.com\/fr\/comment-demander-un-numero-daffiliation-a-la-securite-sociale-en-espagne\/"},"author":{"name":"Patrick Gordinne Perez","@id":"https:\/\/www.asesoriaorihuelacosta.com\/fr\/#\/schema\/person\/6614ce8cf6d2de542aaf351629fd539e"},"headline":"Comment demander un num\u00e9ro d&rsquo;affiliation \u00e0 la s\u00e9curit\u00e9 sociale en Espagne","datePublished":"2024-08-19T11:21:27+00:00","dateModified":"2024-08-27T09:16:15+00:00","mainEntityOfPage":{"@id":"https:\/\/www.asesoriaorihuelacosta.com\/fr\/comment-demander-un-numero-daffiliation-a-la-securite-sociale-en-espagne\/"},"wordCount":888,"publisher":{"@id":"https:\/\/www.asesoriaorihuelacosta.com\/fr\/#organization"},"image":{"@id":"https:\/\/www.asesoriaorihuelacosta.com\/fr\/comment-demander-un-numero-daffiliation-a-la-securite-sociale-en-espagne\/#primaryimage"},"thumbnailUrl":"https:\/\/www.asesoriaorihuelacosta.com\/wp-content\/uploads\/2024\/08\/man-1866784_640.jpg","articleSection":["Blog"],"inLanguage":"fr-FR"},{"@type":"WebPage","@id":"https:\/\/www.asesoriaorihuelacosta.com\/fr\/comment-demander-un-numero-daffiliation-a-la-securite-sociale-en-espagne\/","url":"https:\/\/www.asesoriaorihuelacosta.com\/fr\/comment-demander-un-numero-daffiliation-a-la-securite-sociale-en-espagne\/","name":"Comment demander un num\u00e9ro de la s\u00e9curit\u00e9 sociale en Espagne - Asesor\u00eda Orihuela Costa","isPartOf":{"@id":"https:\/\/www.asesoriaorihuelacosta.com\/fr\/#website"},"primaryImageOfPage":{"@id":"https:\/\/www.asesoriaorihuelacosta.com\/fr\/comment-demander-un-numero-daffiliation-a-la-securite-sociale-en-espagne\/#primaryimage"},"image":{"@id":"https:\/\/www.asesoriaorihuelacosta.com\/fr\/comment-demander-un-numero-daffiliation-a-la-securite-sociale-en-espagne\/#primaryimage"},"thumbnailUrl":"https:\/\/www.asesoriaorihuelacosta.com\/wp-content\/uploads\/2024\/08\/man-1866784_640.jpg","datePublished":"2024-08-19T11:21:27+00:00","dateModified":"2024-08-27T09:16:15+00:00","description":"D\u00e9couvrez comment demander le num\u00e9ro de s\u00e9curit\u00e9 sociale en Espagne de mani\u00e8re rapide et efficace par diff\u00e9rents moyens.","breadcrumb":{"@id":"https:\/\/www.asesoriaorihuelacosta.com\/fr\/comment-demander-un-numero-daffiliation-a-la-securite-sociale-en-espagne\/#breadcrumb"},"inLanguage":"fr-FR","potentialAction":[{"@type":"ReadAction","target":["https:\/\/www.asesoriaorihuelacosta.com\/fr\/comment-demander-un-numero-daffiliation-a-la-securite-sociale-en-espagne\/"]}]},{"@type":"ImageObject","inLanguage":"fr-FR","@id":"https:\/\/www.asesoriaorihuelacosta.com\/fr\/comment-demander-un-numero-daffiliation-a-la-securite-sociale-en-espagne\/#primaryimage","url":"https:\/\/www.asesoriaorihuelacosta.com\/wp-content\/uploads\/2024\/08\/man-1866784_640.jpg","contentUrl":"https:\/\/www.asesoriaorihuelacosta.com\/wp-content\/uploads\/2024\/08\/man-1866784_640.jpg","width":640,"height":427,"caption":"Solicitar el n\u00famero de la Seguridad Social"},{"@type":"BreadcrumbList","@id":"https:\/\/www.asesoriaorihuelacosta.com\/fr\/comment-demander-un-numero-daffiliation-a-la-securite-sociale-en-espagne\/#breadcrumb","itemListElement":[{"@type":"ListItem","position":1,"name":"Home","item":"https:\/\/www.asesoriaorihuelacosta.com\/fr\/"},{"@type":"ListItem","position":2,"name":"Comment demander un num\u00e9ro d&#8217;affiliation \u00e0 la s\u00e9curit\u00e9 sociale en Espagne"}]},{"@type":"WebSite","@id":"https:\/\/www.asesoriaorihuelacosta.com\/fr\/#website","url":"https:\/\/www.asesoriaorihuelacosta.com\/fr\/","name":"https:\/\/www.asesoriaorihuelacosta.com\/","description":"Grupo de asesores profesionales","publisher":{"@id":"https:\/\/www.asesoriaorihuelacosta.com\/fr\/#organization"},"potentialAction":[{"@type":"SearchAction","target":{"@type":"EntryPoint","urlTemplate":"https:\/\/www.asesoriaorihuelacosta.com\/fr\/?s={search_term_string}"},"query-input":{"@type":"PropertyValueSpecification","valueRequired":true,"valueName":"search_term_string"}}],"inLanguage":"fr-FR"},{"@type":"Organization","@id":"https:\/\/www.asesoriaorihuelacosta.com\/fr\/#organization","name":"Asesor\u00eda Orihuela Costa","url":"https:\/\/www.asesoriaorihuelacosta.com\/fr\/","logo":{"@type":"ImageObject","inLanguage":"fr-FR","@id":"https:\/\/www.asesoriaorihuelacosta.com\/fr\/#\/schema\/logo\/image\/","url":"https:\/\/www.asesoriaorihuelacosta.com\/wp-content\/uploads\/2022\/06\/Logo-espa\u5bf8l-asesoriaorihuela.jpg","contentUrl":"https:\/\/www.asesoriaorihuelacosta.com\/wp-content\/uploads\/2022\/06\/Logo-espa\u5bf8l-asesoriaorihuela.jpg","width":588,"height":136,"caption":"Asesor\u00eda Orihuela Costa"},"image":{"@id":"https:\/\/www.asesoriaorihuelacosta.com\/fr\/#\/schema\/logo\/image\/"},"sameAs":["https:\/\/www.facebook.com\/asesoriaorihuelacosta"]},{"@type":"Person","@id":"https:\/\/www.asesoriaorihuelacosta.com\/fr\/#\/schema\/person\/6614ce8cf6d2de542aaf351629fd539e","name":"Patrick Gordinne Perez","description":"Soy economista colegiado por el colegio de economistas de Alicante con el n\u00famero 2722. Llevo ejerciendo desde el a\u00f1o 2005. Soy especialista en fiscalidad de empresas y aut\u00f3nomos y tambi\u00e9n especialista en gestionar compraventas. Hablo espa\u00f1ol, ingl\u00e9s y franc\u00e9s.","sameAs":["https:\/\/www.asesoriaorihuelacosta.com","https:\/\/www.facebook.com\/patrick.gordinneperez","https:\/\/www.linkedin.com\/in\/patrick-gordinne-perez-1b73aab3\/","https:\/\/www.youtube.com\/channel\/UC5e95RJEVQlxCnhwDmGNVCw"],"gender":"Hombre","knowsLanguage":["ingl\u00e9s","franc\u00e9s","espa\u00f1ol"],"jobTitle":"Gerente","worksFor":"Asesoria Orihuela Costa SL"}]}},"_links":{"self":[{"href":"https:\/\/www.asesoriaorihuelacosta.com\/fr\/wp-json\/wp\/v2\/posts\/31245","targetHints":{"allow":["GET"]}}],"collection":[{"href":"https:\/\/www.asesoriaorihuelacosta.com\/fr\/wp-json\/wp\/v2\/posts"}],"about":[{"href":"https:\/\/www.asesoriaorihuelacosta.com\/fr\/wp-json\/wp\/v2\/types\/post"}],"author":[{"embeddable":true,"href":"https:\/\/www.asesoriaorihuelacosta.com\/fr\/wp-json\/wp\/v2\/users\/2"}],"replies":[{"embeddable":true,"href":"https:\/\/www.asesoriaorihuelacosta.com\/fr\/wp-json\/wp\/v2\/comments?post=31245"}],"version-history":[{"count":19,"href":"https:\/\/www.asesoriaorihuelacosta.com\/fr\/wp-json\/wp\/v2\/posts\/31245\/revisions"}],"predecessor-version":[{"id":31264,"href":"https:\/\/www.asesoriaorihuelacosta.com\/fr\/wp-json\/wp\/v2\/posts\/31245\/revisions\/31264"}],"wp:featuredmedia":[{"embeddable":true,"href":"https:\/\/www.asesoriaorihuelacosta.com\/fr\/wp-json\/wp\/v2\/media\/30186"}],"wp:attachment":[{"href":"https:\/\/www.asesoriaorihuelacosta.com\/fr\/wp-json\/wp\/v2\/media?parent=31245"}],"wp:term":[{"taxonomy":"category","embeddable":true,"href":"https:\/\/www.asesoriaorihuelacosta.com\/fr\/wp-json\/wp\/v2\/categories?post=31245"},{"taxonomy":"post_tag","embeddable":true,"href":"https:\/\/www.asesoriaorihuelacosta.com\/fr\/wp-json\/wp\/v2\/tags?post=31245"}],"curies":[{"name":"wp","href":"https:\/\/api.w.org\/{rel}","templated":true}]}}