{"id":30723,"date":"2024-08-19T11:04:36","date_gmt":"2024-08-19T11:04:36","guid":{"rendered":"https:\/\/www.asesoriaorihuelacosta.com\/?p=30723"},"modified":"2024-08-25T19:13:02","modified_gmt":"2024-08-25T19:13:02","slug":"quest-ce-que-la-tva-collectee-en-espagne","status":"publish","type":"post","link":"https:\/\/www.asesoriaorihuelacosta.com\/fr\/quest-ce-que-la-tva-collectee-en-espagne\/","title":{"rendered":"Qu\u2019est-ce que la TVA collect\u00e9e en Espagne ?"},"content":{"rendered":"\t\t<div data-elementor-type=\"wp-post\" data-elementor-id=\"30723\" class=\"elementor elementor-30723\" data-elementor-post-type=\"post\">\n\t\t\t\t\t\t<section data-particle_enable=\"false\" data-particle-mobile-disabled=\"false\" class=\"elementor-section elementor-top-section elementor-element elementor-element-a08db70 elementor-section-boxed elementor-section-height-default elementor-section-height-default\" data-id=\"a08db70\" data-element_type=\"section\" data-e-type=\"section\">\r\n\t\t\r\n\t\t\t\t\t\t\t<div class=\"elementor-container elementor-column-gap-default\">\r\n\t\t\t\t\t\t\t\t\t\t\t<div class=\"elementor-column elementor-col-100 elementor-top-column elementor-element elementor-element-c24526c\" data-id=\"c24526c\" data-element_type=\"column\" data-e-type=\"column\">\r\n\t\t\t\t\t<div class=\"elementor-widget-wrap elementor-element-populated\">\r\n\t\t\t\t\t\t\t\t<div class=\"elementor-element elementor-element-94ca31a elementor-widget elementor-widget-text-editor\" data-id=\"94ca31a\" data-element_type=\"widget\" data-e-type=\"widget\" data-widget_type=\"text-editor.default\">\n\t\t\t\t<div class=\"elementor-widget-container\">\n\t\t\t\t\t\t\t\t\t<p>La taxe sur la valeur ajout\u00e9e (TVA) est l&rsquo;une des taxes les plus importantes et les plus courantes en Espagne et dans de nombreux autres pays. Au sein du syst\u00e8me de TVA, il existe deux concepts fondamentaux : la TVA en aval et la TVA en amont. Dans cet article, nous nous concentrerons sur l&rsquo;explication en d\u00e9tail de ce qu&rsquo;est la TVA en aval, comment elle est calcul\u00e9e, son importance dans la gestion d&rsquo;une entreprise et en quoi elle diff\u00e8re de la TVA en amont.<\/p>\t\t\t\t\t\t\t\t<\/div>\n\t\t\t\t<\/div>\n\t\t\t\t\t<\/div>\r\n\t\t\t\t<\/div>\r\n\t\t\t\t\t<\/div>\r\n\t\t\t\t<\/section>\r\n\t\t\t\t<section data-particle_enable=\"false\" data-particle-mobile-disabled=\"false\" class=\"elementor-section elementor-top-section elementor-element elementor-element-e686f94 elementor-section-boxed elementor-section-height-default elementor-section-height-default\" data-id=\"e686f94\" data-element_type=\"section\" data-e-type=\"section\">\r\n\t\t\r\n\t\t\t\t\t\t\t<div class=\"elementor-container elementor-column-gap-default\">\r\n\t\t\t\t\t\t\t\t\t\t\t<div class=\"elementor-column elementor-col-100 elementor-top-column elementor-element elementor-element-bfa9338\" data-id=\"bfa9338\" data-element_type=\"column\" data-e-type=\"column\">\r\n\t\t\t\t\t<div class=\"elementor-widget-wrap elementor-element-populated\">\r\n\t\t\t\t\t\t\t\t<div class=\"elementor-element elementor-element-0d9995a elementor-widget elementor-widget-heading\" data-id=\"0d9995a\" data-element_type=\"widget\" data-e-type=\"widget\" data-widget_type=\"heading.default\">\n\t\t\t\t<div class=\"elementor-widget-container\">\n\t\t\t\t\t<h2 class=\"elementor-heading-title elementor-size-default\">D\u00e9finition de la TVA en aval\n<\/h2>\t\t\t\t<\/div>\n\t\t\t\t<\/div>\n\t\t\t\t\t<\/div>\r\n\t\t\t\t<\/div>\r\n\t\t\t\t\t<\/div>\r\n\t\t\t\t<\/section>\r\n\t\t\t\t<section data-particle_enable=\"false\" data-particle-mobile-disabled=\"false\" class=\"elementor-section elementor-top-section elementor-element elementor-element-1f49d1f elementor-section-boxed elementor-section-height-default elementor-section-height-default\" data-id=\"1f49d1f\" data-element_type=\"section\" data-e-type=\"section\">\r\n\t\t\r\n\t\t\t\t\t\t\t<div class=\"elementor-container elementor-column-gap-default\">\r\n\t\t\t\t\t\t\t\t\t\t\t<div class=\"elementor-column elementor-col-100 elementor-top-column elementor-element elementor-element-deb63ec\" data-id=\"deb63ec\" data-element_type=\"column\" data-e-type=\"column\">\r\n\t\t\t\t\t<div class=\"elementor-widget-wrap elementor-element-populated\">\r\n\t\t\t\t\t\t\t\t<div class=\"elementor-element elementor-element-f5f0511 elementor-widget elementor-widget-text-editor\" data-id=\"f5f0511\" data-element_type=\"widget\" data-e-type=\"widget\" data-widget_type=\"text-editor.default\">\n\t\t\t\t<div class=\"elementor-widget-container\">\n\t\t\t\t\t\t\t\t\t<p>La TVA en aval est la taxe qu&rsquo;une entreprise ou un professionnel ind\u00e9pendant (ind\u00e9pendant) facture \u00e0 ses clients pour la vente de biens ou la prestation de services. Ce montant s&rsquo;ajoute au prix net du produit ou du service et est pay\u00e9 par le consommateur final, mais il appartient au vendeur de le percevoir et de le d\u00e9clarer \u00e0 l&rsquo;administration fiscale.<\/p><p>Par exemple, si un commer\u00e7ant vend un article \u00e0 100 euros et que le taux de TVA applicable est de 21 %, le prix final pour le consommateur sera de 121 euros. Les 21 euros suppl\u00e9mentaires repr\u00e9sentent la TVA factur\u00e9e.<\/p>\t\t\t\t\t\t\t\t<\/div>\n\t\t\t\t<\/div>\n\t\t\t\t\t<\/div>\r\n\t\t\t\t<\/div>\r\n\t\t\t\t\t<\/div>\r\n\t\t\t\t<\/section>\r\n\t\t\t\t<section data-particle_enable=\"false\" data-particle-mobile-disabled=\"false\" class=\"elementor-section elementor-top-section elementor-element elementor-element-e34fe83 elementor-section-boxed elementor-section-height-default elementor-section-height-default\" data-id=\"e34fe83\" data-element_type=\"section\" data-e-type=\"section\">\r\n\t\t\r\n\t\t\t\t\t\t\t<div class=\"elementor-container elementor-column-gap-default\">\r\n\t\t\t\t\t\t\t\t\t\t\t<div class=\"elementor-column elementor-col-100 elementor-top-column elementor-element elementor-element-67333d7\" data-id=\"67333d7\" data-element_type=\"column\" data-e-type=\"column\">\r\n\t\t\t\t\t<div class=\"elementor-widget-wrap elementor-element-populated\">\r\n\t\t\t\t\t\t\t\t<div class=\"elementor-element elementor-element-d1ebcb2 elementor-widget elementor-widget-heading\" data-id=\"d1ebcb2\" data-element_type=\"widget\" data-e-type=\"widget\" data-widget_type=\"heading.default\">\n\t\t\t\t<div class=\"elementor-widget-container\">\n\t\t\t\t\t<h2 class=\"elementor-heading-title elementor-size-default\">Types de TVA en Espagne\n<\/h2>\t\t\t\t<\/div>\n\t\t\t\t<\/div>\n\t\t\t\t\t<\/div>\r\n\t\t\t\t<\/div>\r\n\t\t\t\t\t<\/div>\r\n\t\t\t\t<\/section>\r\n\t\t\t\t<section data-particle_enable=\"false\" data-particle-mobile-disabled=\"false\" class=\"elementor-section elementor-top-section elementor-element elementor-element-c05dfdf elementor-section-boxed elementor-section-height-default elementor-section-height-default\" data-id=\"c05dfdf\" data-element_type=\"section\" data-e-type=\"section\">\r\n\t\t\r\n\t\t\t\t\t\t\t<div class=\"elementor-container elementor-column-gap-default\">\r\n\t\t\t\t\t\t\t\t\t\t\t<div class=\"elementor-column elementor-col-100 elementor-top-column elementor-element elementor-element-0c72d4d\" data-id=\"0c72d4d\" data-element_type=\"column\" data-e-type=\"column\">\r\n\t\t\t\t\t<div class=\"elementor-widget-wrap elementor-element-populated\">\r\n\t\t\t\t\t\t\t\t<div class=\"elementor-element elementor-element-edc265e elementor-widget elementor-widget-text-editor\" data-id=\"edc265e\" data-element_type=\"widget\" data-e-type=\"widget\" data-widget_type=\"text-editor.default\">\n\t\t\t\t<div class=\"elementor-widget-container\">\n\t\t\t\t\t\t\t\t\t<p>En Espagne, il existe plusieurs types de TVA applicables \u00e0 diff\u00e9rents produits et services :<\/p><ul><li>Tarif g\u00e9n\u00e9ral (21 %) : Applicable \u00e0 la plupart des biens et services.<\/li><li>Tarif r\u00e9duit (10 %) : Applicable sur certains produits et services, tels que les services de restauration, de transport, d&rsquo;accueil et de nettoyage.<\/li><li>Taux super r\u00e9duit (4%) : Applicable sur les produits essentiels, tels que le pain, le lait, les fruits et l\u00e9gumes, les m\u00e9dicaments et les livres.<\/li><\/ul>\t\t\t\t\t\t\t\t<\/div>\n\t\t\t\t<\/div>\n\t\t\t\t\t<\/div>\r\n\t\t\t\t<\/div>\r\n\t\t\t\t\t<\/div>\r\n\t\t\t\t<\/section>\r\n\t\t\t\t<section data-particle_enable=\"false\" data-particle-mobile-disabled=\"false\" class=\"elementor-section elementor-top-section elementor-element elementor-element-d49f986 elementor-section-boxed elementor-section-height-default elementor-section-height-default\" data-id=\"d49f986\" data-element_type=\"section\" data-e-type=\"section\">\r\n\t\t\r\n\t\t\t\t\t\t\t<div class=\"elementor-container elementor-column-gap-default\">\r\n\t\t\t\t\t\t\t\t\t\t\t<div class=\"elementor-column elementor-col-100 elementor-top-column elementor-element elementor-element-61bf256\" data-id=\"61bf256\" data-element_type=\"column\" data-e-type=\"column\">\r\n\t\t\t\t\t<div class=\"elementor-widget-wrap elementor-element-populated\">\r\n\t\t\t\t\t\t\t\t<div class=\"elementor-element elementor-element-c3b50d3 elementor-widget elementor-widget-heading\" data-id=\"c3b50d3\" data-element_type=\"widget\" data-e-type=\"widget\" data-widget_type=\"heading.default\">\n\t\t\t\t<div class=\"elementor-widget-container\">\n\t\t\t\t\t<h2 class=\"elementor-heading-title elementor-size-default\">Comment est calcul\u00e9e la TVA en aval\n<\/h2>\t\t\t\t<\/div>\n\t\t\t\t<\/div>\n\t\t\t\t\t<\/div>\r\n\t\t\t\t<\/div>\r\n\t\t\t\t\t<\/div>\r\n\t\t\t\t<\/section>\r\n\t\t\t\t<section data-particle_enable=\"false\" data-particle-mobile-disabled=\"false\" class=\"elementor-section elementor-top-section elementor-element elementor-element-92e86f3 elementor-section-boxed elementor-section-height-default elementor-section-height-default\" data-id=\"92e86f3\" data-element_type=\"section\" data-e-type=\"section\">\r\n\t\t\r\n\t\t\t\t\t\t\t<div class=\"elementor-container elementor-column-gap-default\">\r\n\t\t\t\t\t\t\t\t\t\t\t<div class=\"elementor-column elementor-col-100 elementor-top-column elementor-element elementor-element-4a4db7c\" data-id=\"4a4db7c\" data-element_type=\"column\" data-e-type=\"column\">\r\n\t\t\t\t\t<div class=\"elementor-widget-wrap elementor-element-populated\">\r\n\t\t\t\t\t\t\t\t<div class=\"elementor-element elementor-element-c52b34c elementor-widget elementor-widget-text-editor\" data-id=\"c52b34c\" data-element_type=\"widget\" data-e-type=\"widget\" data-widget_type=\"text-editor.default\">\n\t\t\t\t<div class=\"elementor-widget-container\">\n\t\t\t\t\t\t\t\t\t<p>Le calcul de la TVA en aval est relativement simple. Elle repose sur l\u2019application du pourcentage de TVA correspondant au prix net du bien ou du service. La formule est la suivante :<\/p><p>TVA en sortie = Prix net \u00d7 Taux de TVA<\/p><p>Par exemple, si vous vendez un produit dont le prix net est de 200 euros et le taux de TVA est de 21% :<\/p><p>TVA sortante = 200 \u20ac \u00d7 0,21 = 42 \u20ac<\/p><p>Le prix final que le client paiera sera :<\/p><p>200 \u20ac + 42 \u20ac = 242 \u20ac<\/p>\t\t\t\t\t\t\t\t<\/div>\n\t\t\t\t<\/div>\n\t\t\t\t\t<\/div>\r\n\t\t\t\t<\/div>\r\n\t\t\t\t\t<\/div>\r\n\t\t\t\t<\/section>\r\n\t\t\t\t<section data-particle_enable=\"false\" data-particle-mobile-disabled=\"false\" class=\"elementor-section elementor-top-section elementor-element elementor-element-17786dc elementor-section-boxed elementor-section-height-default elementor-section-height-default\" data-id=\"17786dc\" data-element_type=\"section\" data-e-type=\"section\">\r\n\t\t\r\n\t\t\t\t\t\t\t<div class=\"elementor-container elementor-column-gap-default\">\r\n\t\t\t\t\t\t\t\t\t\t\t<div class=\"elementor-column elementor-col-100 elementor-top-column elementor-element elementor-element-122f428\" data-id=\"122f428\" data-element_type=\"column\" data-e-type=\"column\">\r\n\t\t\t\t\t<div class=\"elementor-widget-wrap elementor-element-populated\">\r\n\t\t\t\t\t\t\t\t<div class=\"elementor-element elementor-element-5cdb504 elementor-widget elementor-widget-porto_button\" data-id=\"5cdb504\" data-element_type=\"widget\" data-e-type=\"widget\" data-settings=\"{&quot;align&quot;:&quot;center&quot;}\" data-widget_type=\"porto_button.default\">\n\t\t\t\t<div class=\"elementor-widget-container\">\n\t\t\t\t\t<a aria-label=\"button\" class=\"btn btn-xl btn-secondary btn-modern btn-full-rounded\" href=\"https:\/\/www.asesoriaorihuelacosta.com\/calculadora-iva\/\"><span >Acc\u00e9dez \u00e0 notre calculateur de TVA ici<\/span><\/a>\t\t\t\t<\/div>\n\t\t\t\t<\/div>\n\t\t\t\t\t<\/div>\r\n\t\t\t\t<\/div>\r\n\t\t\t\t\t<\/div>\r\n\t\t\t\t<\/section>\r\n\t\t\t\t<section data-particle_enable=\"false\" data-particle-mobile-disabled=\"false\" class=\"elementor-section elementor-top-section elementor-element elementor-element-0657e89 elementor-section-boxed elementor-section-height-default elementor-section-height-default\" data-id=\"0657e89\" data-element_type=\"section\" data-e-type=\"section\">\r\n\t\t\r\n\t\t\t\t\t\t\t<div class=\"elementor-container elementor-column-gap-default\">\r\n\t\t\t\t\t\t\t\t\t\t\t<div class=\"elementor-column elementor-col-100 elementor-top-column elementor-element elementor-element-9783f3d\" data-id=\"9783f3d\" data-element_type=\"column\" data-e-type=\"column\">\r\n\t\t\t\t\t<div class=\"elementor-widget-wrap elementor-element-populated\">\r\n\t\t\t\t\t\t\t\t<div class=\"elementor-element elementor-element-ea5c8fe elementor-widget elementor-widget-heading\" data-id=\"ea5c8fe\" data-element_type=\"widget\" data-e-type=\"widget\" data-widget_type=\"heading.default\">\n\t\t\t\t<div class=\"elementor-widget-container\">\n\t\t\t\t\t<h2 class=\"elementor-heading-title elementor-size-default\">D\u00e9claration et paiement de la TVA en aval\n<\/h2>\t\t\t\t<\/div>\n\t\t\t\t<\/div>\n\t\t\t\t\t<\/div>\r\n\t\t\t\t<\/div>\r\n\t\t\t\t\t<\/div>\r\n\t\t\t\t<\/section>\r\n\t\t\t\t<section data-particle_enable=\"false\" data-particle-mobile-disabled=\"false\" class=\"elementor-section elementor-top-section elementor-element elementor-element-e295a60 elementor-section-boxed elementor-section-height-default elementor-section-height-default\" data-id=\"e295a60\" data-element_type=\"section\" data-e-type=\"section\">\r\n\t\t\r\n\t\t\t\t\t\t\t<div class=\"elementor-container elementor-column-gap-default\">\r\n\t\t\t\t\t\t\t\t\t\t\t<div class=\"elementor-column elementor-col-100 elementor-top-column elementor-element elementor-element-92fa82a\" data-id=\"92fa82a\" data-element_type=\"column\" data-e-type=\"column\">\r\n\t\t\t\t\t<div class=\"elementor-widget-wrap elementor-element-populated\">\r\n\t\t\t\t\t\t\t\t<div class=\"elementor-element elementor-element-f98ed9a elementor-widget elementor-widget-text-editor\" data-id=\"f98ed9a\" data-element_type=\"widget\" data-e-type=\"widget\" data-widget_type=\"text-editor.default\">\n\t\t\t\t<div class=\"elementor-widget-container\">\n\t\t\t\t\t\t\t\t\t<p>Les entreprises et les ind\u00e9pendants sont tenus de d\u00e9clarer et de payer p\u00e9riodiquement la TVA en aval \u00e0 l&rsquo;administration fiscale. Ce processus est g\u00e9n\u00e9ralement effectu\u00e9 trimestriellement ou mensuellement, selon le volume d&rsquo;affaires.<\/p><p>D\u00e9claration trimestrielle : La plupart des petites et moyennes entreprises (PME) et des travailleurs ind\u00e9pendants soumettent leur d\u00e9claration de TVA tous les trois mois, en utilisant le mod\u00e8le 303.<br \/>D\u00e9claration mensuelle : Les grandes entreprises et celles inscrites au Registre des d\u00e9clarations mensuelles (REDEME) doivent soumettre mensuellement leur d\u00e9claration de TVA.<br \/>La d\u00e9claration indique la TVA totale en aval au cours de la p\u00e9riode correspondante et d\u00e9duit la TVA en amont (TVA pay\u00e9e \u00e0 d&rsquo;autres fournisseurs pour les biens et services achet\u00e9s). La diff\u00e9rence entre la TVA en aval et la TVA en amont d\u00e9terminera si l&rsquo;entreprise doit payer l&rsquo;administration fiscale ou si elle a droit \u00e0 un remboursement.<\/p>\t\t\t\t\t\t\t\t<\/div>\n\t\t\t\t<\/div>\n\t\t\t\t\t<\/div>\r\n\t\t\t\t<\/div>\r\n\t\t\t\t\t<\/div>\r\n\t\t\t\t<\/section>\r\n\t\t\t\t<section data-particle_enable=\"false\" data-particle-mobile-disabled=\"false\" class=\"elementor-section elementor-top-section elementor-element elementor-element-2b6fd77 elementor-section-boxed elementor-section-height-default elementor-section-height-default\" data-id=\"2b6fd77\" data-element_type=\"section\" data-e-type=\"section\">\r\n\t\t\r\n\t\t\t\t\t\t\t<div class=\"elementor-container elementor-column-gap-default\">\r\n\t\t\t\t\t\t\t\t\t\t\t<div class=\"elementor-column elementor-col-100 elementor-top-column elementor-element elementor-element-5d8529f\" data-id=\"5d8529f\" data-element_type=\"column\" data-e-type=\"column\">\r\n\t\t\t\t\t<div class=\"elementor-widget-wrap elementor-element-populated\">\r\n\t\t\t\t\t\t\t\t<div class=\"elementor-element elementor-element-b18b51b elementor-widget elementor-widget-heading\" data-id=\"b18b51b\" data-element_type=\"widget\" data-e-type=\"widget\" data-widget_type=\"heading.default\">\n\t\t\t\t<div class=\"elementor-widget-container\">\n\t\t\t\t\t<h2 class=\"elementor-heading-title elementor-size-default\">Importance de la TVA factur\u00e9e dans la gestion d'entreprise\n<\/h2>\t\t\t\t<\/div>\n\t\t\t\t<\/div>\n\t\t\t\t\t<\/div>\r\n\t\t\t\t<\/div>\r\n\t\t\t\t\t<\/div>\r\n\t\t\t\t<\/section>\r\n\t\t\t\t<section data-particle_enable=\"false\" data-particle-mobile-disabled=\"false\" class=\"elementor-section elementor-top-section elementor-element elementor-element-1879c32 elementor-section-boxed elementor-section-height-default elementor-section-height-default\" data-id=\"1879c32\" data-element_type=\"section\" data-e-type=\"section\">\r\n\t\t\r\n\t\t\t\t\t\t\t<div class=\"elementor-container elementor-column-gap-default\">\r\n\t\t\t\t\t\t\t\t\t\t\t<div class=\"elementor-column elementor-col-100 elementor-top-column elementor-element elementor-element-70fa8aa\" data-id=\"70fa8aa\" data-element_type=\"column\" data-e-type=\"column\">\r\n\t\t\t\t\t<div class=\"elementor-widget-wrap elementor-element-populated\">\r\n\t\t\t\t\t\t\t\t<div class=\"elementor-element elementor-element-ed46f86 elementor-widget elementor-widget-text-editor\" data-id=\"ed46f86\" data-element_type=\"widget\" data-e-type=\"widget\" data-widget_type=\"text-editor.default\">\n\t\t\t\t<div class=\"elementor-widget-container\">\n\t\t\t\t\t\t\t\t\t<p>Une bonne gestion de la TVA en aval est cruciale pour la sant\u00e9 financi\u00e8re de toute entreprise. Certaines des raisons pour lesquelles c&rsquo;est important incluent\u00a0:<\/p><ul><li>Conformit\u00e9 l\u00e9gale : les entreprises sont l\u00e9galement tenues de collecter et de d\u00e9clarer la TVA avec pr\u00e9cision. Ne pas le faire peut entra\u00eener des sanctions et des amendes.<\/li><li>Flux de tr\u00e9sorerie : La TVA collect\u00e9e influence directement la tr\u00e9sorerie de l&rsquo;entreprise. Il est essentiel de g\u00e9rer correctement les revenus et les d\u00e9penses afin de garantir qu&rsquo;il y a suffisamment de liquidit\u00e9s disponibles pour payer la TVA \u00e0 l&rsquo;administration fiscale \u00e0 l&rsquo;\u00e9ch\u00e9ance.<\/li><li>Transparence financi\u00e8re : Une gestion correcte de la TVA permet aux entreprises de maintenir une comptabilit\u00e9 claire et pr\u00e9cise, ce qui facilite la prise de d\u00e9cision et la planification financi\u00e8re.<\/li><li>Optimisation fiscale : Conna\u00eetre les particularit\u00e9s de la TVA en aval et en aval peut aider les entreprises \u00e0 optimiser leur pression fiscale, en profitant d&rsquo;\u00e9ventuelles d\u00e9ductions et remboursements.<\/li><\/ul>\t\t\t\t\t\t\t\t<\/div>\n\t\t\t\t<\/div>\n\t\t\t\t\t<\/div>\r\n\t\t\t\t<\/div>\r\n\t\t\t\t\t<\/div>\r\n\t\t\t\t<\/section>\r\n\t\t\t\t<section data-particle_enable=\"false\" data-particle-mobile-disabled=\"false\" class=\"elementor-section elementor-top-section elementor-element elementor-element-a61a906 elementor-section-boxed elementor-section-height-default elementor-section-height-default\" data-id=\"a61a906\" data-element_type=\"section\" data-e-type=\"section\">\r\n\t\t\r\n\t\t\t\t\t\t\t<div class=\"elementor-container elementor-column-gap-default\">\r\n\t\t\t\t\t\t\t\t\t\t\t<div class=\"elementor-column elementor-col-100 elementor-top-column elementor-element elementor-element-558388a\" data-id=\"558388a\" data-element_type=\"column\" data-e-type=\"column\">\r\n\t\t\t\t\t<div class=\"elementor-widget-wrap elementor-element-populated\">\r\n\t\t\t\t\t\t\t\t<div class=\"elementor-element elementor-element-249f95b elementor-widget elementor-widget-heading\" data-id=\"249f95b\" data-element_type=\"widget\" data-e-type=\"widget\" data-widget_type=\"heading.default\">\n\t\t\t\t<div class=\"elementor-widget-container\">\n\t\t\t\t\t<h2 class=\"elementor-heading-title elementor-size-default\">Diff\u00e9rence entre la TVA en aval et la TVA en amont<\/h2>\t\t\t\t<\/div>\n\t\t\t\t<\/div>\n\t\t\t\t\t<\/div>\r\n\t\t\t\t<\/div>\r\n\t\t\t\t\t<\/div>\r\n\t\t\t\t<\/section>\r\n\t\t\t\t<section data-particle_enable=\"false\" data-particle-mobile-disabled=\"false\" class=\"elementor-section elementor-top-section elementor-element elementor-element-7b99e8c elementor-section-boxed elementor-section-height-default elementor-section-height-default\" data-id=\"7b99e8c\" data-element_type=\"section\" data-e-type=\"section\">\r\n\t\t\r\n\t\t\t\t\t\t\t<div class=\"elementor-container elementor-column-gap-default\">\r\n\t\t\t\t\t\t\t\t\t\t\t<div class=\"elementor-column elementor-col-100 elementor-top-column elementor-element elementor-element-7e8ebf4\" data-id=\"7e8ebf4\" data-element_type=\"column\" data-e-type=\"column\">\r\n\t\t\t\t\t<div class=\"elementor-widget-wrap elementor-element-populated\">\r\n\t\t\t\t\t\t\t\t<div class=\"elementor-element elementor-element-72c5354 elementor-widget elementor-widget-text-editor\" data-id=\"72c5354\" data-element_type=\"widget\" data-e-type=\"widget\" data-widget_type=\"text-editor.default\">\n\t\t\t\t<div class=\"elementor-widget-container\">\n\t\t\t\t\t\t\t\t\t<p>Il est essentiel de comprendre la diff\u00e9rence entre la TVA en aval et la TVA en amont :<\/p><ul><li>TVA collect\u00e9e : Il s&rsquo;agit de la taxe que l&rsquo;entreprise facture \u00e0 ses clients. Il s&rsquo;agit d&rsquo;un revenu pour l&rsquo;entreprise, mais il doit \u00eatre transf\u00e9r\u00e9 \u00e0 l&rsquo;administration fiscale.<\/li><li>TVA en amont : C&rsquo;est la taxe que l&rsquo;entreprise paie \u00e0 ses fournisseurs pour les biens et services qu&rsquo;elle acquiert. Ce montant peut \u00eatre d\u00e9duit de la<\/li><li>TVA en aval lors de la d\u00e9claration, ce qui r\u00e9duit le montant de TVA que l&rsquo;entreprise doit payer.<br \/>Par exemple, si une entreprise a une TVA en aval de 10 000 \u20ac et une TVA en amont de 6 000 \u20ac, elle doit verser \u00e0 l&rsquo;Administration fiscale la diff\u00e9rence de 4 000 \u20ac.<\/li><\/ul><p>La TVA collect\u00e9e fait partie int\u00e9grante du syst\u00e8me fiscal espagnol et touche toutes les entreprises et professionnels ind\u00e9pendants. Comprendre de quoi il s\u2019agit, comment il est calcul\u00e9 et comment le g\u00e9rer correctement est essentiel pour garantir la conformit\u00e9 l\u00e9gale et la sant\u00e9 financi\u00e8re d\u2019une entreprise. Chez <strong><a href=\"https:\/\/www.asesoriaorihuelacosta.com\/fr\/contacter\/\" target=\"_blank\" rel=\"noopener\">Asesor\u00eda Orihuela Costa<\/a><\/strong>, nous nous chargeons de calculer les imp\u00f4ts de votre activit\u00e9 commerciale, afin que vous n&rsquo;ayez \u00e0 vous soucier que de votre entreprise.<\/p>\t\t\t\t\t\t\t\t<\/div>\n\t\t\t\t<\/div>\n\t\t\t\t\t<\/div>\r\n\t\t\t\t<\/div>\r\n\t\t\t\t\t<\/div>\r\n\t\t\t\t<\/section>\r\n\t\t\t\t<\/div>\n\t\t","protected":false},"excerpt":{"rendered":"<p>La taxe sur la valeur ajout\u00e9e (TVA) est l&rsquo;une des taxes les plus importantes et les plus courantes en Espagne et dans de nombreux autres pays. Au sein du syst\u00e8me de TVA, il existe deux concepts fondamentaux : la TVA en aval et la TVA en amont. Dans cet article, nous nous concentrerons sur l&rsquo;explication [&hellip;]<\/p>\n","protected":false},"author":2,"featured_media":30163,"comment_status":"closed","ping_status":"closed","sticky":false,"template":"","format":"standard","meta":{"_eb_attr":"","inline_featured_image":false,"footnotes":""},"categories":[46],"tags":[],"class_list":["post-30723","post","type-post","status-publish","format-standard","has-post-thumbnail","hentry","category-blog"],"featured_image_src":{"landsacpe":["https:\/\/www.asesoriaorihuelacosta.com\/wp-content\/uploads\/2024\/08\/calculator-1156121_640.jpg",640,427,false],"list":["https:\/\/www.asesoriaorihuelacosta.com\/wp-content\/uploads\/2024\/08\/calculator-1156121_640-463x348.jpg",463,348,true],"medium":["https:\/\/www.asesoriaorihuelacosta.com\/wp-content\/uploads\/2024\/08\/calculator-1156121_640-300x200.jpg",300,200,true],"full":["https:\/\/www.asesoriaorihuelacosta.com\/wp-content\/uploads\/2024\/08\/calculator-1156121_640.jpg",640,427,false]},"yoast_head":"<!-- This site is optimized with the Yoast SEO Premium plugin v24.7 (Yoast SEO v27.4) - https:\/\/yoast.com\/product\/yoast-seo-premium-wordpress\/ -->\n<title>Qu\u2019est-ce que la TVA collect\u00e9e en Espagne ? - Asesor\u00eda Orihuela Costa<\/title>\n<meta name=\"description\" content=\"D\u00e9couvrez ce qu&#039;est la TVA collect\u00e9e et son importance. D\u00e9couvrez comment elle est calcul\u00e9e et en quoi elle diff\u00e8re de la TVA en amont.\" \/>\n<meta name=\"robots\" content=\"index, follow, max-snippet:-1, max-image-preview:large, max-video-preview:-1\" \/>\n<link rel=\"canonical\" href=\"https:\/\/www.asesoriaorihuelacosta.com\/fr\/quest-ce-que-la-tva-collectee-en-espagne\/\" \/>\n<meta property=\"og:locale\" content=\"fr_FR\" \/>\n<meta property=\"og:type\" content=\"article\" \/>\n<meta property=\"og:title\" content=\"Qu\u2019est-ce que la TVA collect\u00e9e en Espagne ?\" \/>\n<meta property=\"og:description\" content=\"D\u00e9couvrez ce qu&#039;est la TVA collect\u00e9e et son importance. D\u00e9couvrez comment elle est calcul\u00e9e et en quoi elle diff\u00e8re de la TVA en amont.\" \/>\n<meta property=\"og:url\" content=\"https:\/\/www.asesoriaorihuelacosta.com\/fr\/quest-ce-que-la-tva-collectee-en-espagne\/\" \/>\n<meta property=\"og:site_name\" content=\"Asesor\u00eda Orihuela Costa\" \/>\n<meta property=\"article:publisher\" content=\"https:\/\/www.facebook.com\/asesoriaorihuelacosta\" \/>\n<meta property=\"article:author\" content=\"https:\/\/www.facebook.com\/patrick.gordinneperez\" \/>\n<meta property=\"article:published_time\" content=\"2024-08-19T11:04:36+00:00\" \/>\n<meta property=\"article:modified_time\" content=\"2024-08-25T19:13:02+00:00\" \/>\n<meta property=\"og:image\" content=\"https:\/\/www.asesoriaorihuelacosta.com\/wp-content\/uploads\/2024\/08\/calculator-1156121_640.jpg\" \/>\n\t<meta property=\"og:image:width\" content=\"640\" \/>\n\t<meta property=\"og:image:height\" content=\"427\" \/>\n\t<meta property=\"og:image:type\" content=\"image\/jpeg\" \/>\n<meta name=\"author\" content=\"Patrick Gordinne Perez\" \/>\n<meta name=\"twitter:card\" content=\"summary_large_image\" \/>\n<meta name=\"twitter:label1\" content=\"\u00c9crit par\" \/>\n\t<meta name=\"twitter:data1\" content=\"Patrick Gordinne Perez\" \/>\n\t<meta name=\"twitter:label2\" content=\"Dur\u00e9e de lecture estim\u00e9e\" \/>\n\t<meta name=\"twitter:data2\" content=\"5 minutes\" \/>\n<script type=\"application\/ld+json\" class=\"yoast-schema-graph\">{\"@context\":\"https:\\\/\\\/schema.org\",\"@graph\":[{\"@type\":\"Article\",\"@id\":\"https:\\\/\\\/www.asesoriaorihuelacosta.com\\\/fr\\\/quest-ce-que-la-tva-collectee-en-espagne\\\/#article\",\"isPartOf\":{\"@id\":\"https:\\\/\\\/www.asesoriaorihuelacosta.com\\\/fr\\\/quest-ce-que-la-tva-collectee-en-espagne\\\/\"},\"author\":{\"name\":\"Patrick Gordinne Perez\",\"@id\":\"https:\\\/\\\/www.asesoriaorihuelacosta.com\\\/fr\\\/#\\\/schema\\\/person\\\/6614ce8cf6d2de542aaf351629fd539e\"},\"headline\":\"Qu\u2019est-ce que la TVA collect\u00e9e en Espagne ?\",\"datePublished\":\"2024-08-19T11:04:36+00:00\",\"dateModified\":\"2024-08-25T19:13:02+00:00\",\"mainEntityOfPage\":{\"@id\":\"https:\\\/\\\/www.asesoriaorihuelacosta.com\\\/fr\\\/quest-ce-que-la-tva-collectee-en-espagne\\\/\"},\"wordCount\":952,\"publisher\":{\"@id\":\"https:\\\/\\\/www.asesoriaorihuelacosta.com\\\/fr\\\/#organization\"},\"image\":{\"@id\":\"https:\\\/\\\/www.asesoriaorihuelacosta.com\\\/fr\\\/quest-ce-que-la-tva-collectee-en-espagne\\\/#primaryimage\"},\"thumbnailUrl\":\"https:\\\/\\\/www.asesoriaorihuelacosta.com\\\/wp-content\\\/uploads\\\/2024\\\/08\\\/calculator-1156121_640.jpg\",\"articleSection\":[\"Blog\"],\"inLanguage\":\"fr-FR\"},{\"@type\":\"WebPage\",\"@id\":\"https:\\\/\\\/www.asesoriaorihuelacosta.com\\\/fr\\\/quest-ce-que-la-tva-collectee-en-espagne\\\/\",\"url\":\"https:\\\/\\\/www.asesoriaorihuelacosta.com\\\/fr\\\/quest-ce-que-la-tva-collectee-en-espagne\\\/\",\"name\":\"Qu\u2019est-ce que la TVA collect\u00e9e en Espagne ? - Asesor\u00eda Orihuela Costa\",\"isPartOf\":{\"@id\":\"https:\\\/\\\/www.asesoriaorihuelacosta.com\\\/fr\\\/#website\"},\"primaryImageOfPage\":{\"@id\":\"https:\\\/\\\/www.asesoriaorihuelacosta.com\\\/fr\\\/quest-ce-que-la-tva-collectee-en-espagne\\\/#primaryimage\"},\"image\":{\"@id\":\"https:\\\/\\\/www.asesoriaorihuelacosta.com\\\/fr\\\/quest-ce-que-la-tva-collectee-en-espagne\\\/#primaryimage\"},\"thumbnailUrl\":\"https:\\\/\\\/www.asesoriaorihuelacosta.com\\\/wp-content\\\/uploads\\\/2024\\\/08\\\/calculator-1156121_640.jpg\",\"datePublished\":\"2024-08-19T11:04:36+00:00\",\"dateModified\":\"2024-08-25T19:13:02+00:00\",\"description\":\"D\u00e9couvrez ce qu'est la TVA collect\u00e9e et son importance. D\u00e9couvrez comment elle est calcul\u00e9e et en quoi elle diff\u00e8re de la TVA en amont.\",\"breadcrumb\":{\"@id\":\"https:\\\/\\\/www.asesoriaorihuelacosta.com\\\/fr\\\/quest-ce-que-la-tva-collectee-en-espagne\\\/#breadcrumb\"},\"inLanguage\":\"fr-FR\",\"potentialAction\":[{\"@type\":\"ReadAction\",\"target\":[\"https:\\\/\\\/www.asesoriaorihuelacosta.com\\\/fr\\\/quest-ce-que-la-tva-collectee-en-espagne\\\/\"]}]},{\"@type\":\"ImageObject\",\"inLanguage\":\"fr-FR\",\"@id\":\"https:\\\/\\\/www.asesoriaorihuelacosta.com\\\/fr\\\/quest-ce-que-la-tva-collectee-en-espagne\\\/#primaryimage\",\"url\":\"https:\\\/\\\/www.asesoriaorihuelacosta.com\\\/wp-content\\\/uploads\\\/2024\\\/08\\\/calculator-1156121_640.jpg\",\"contentUrl\":\"https:\\\/\\\/www.asesoriaorihuelacosta.com\\\/wp-content\\\/uploads\\\/2024\\\/08\\\/calculator-1156121_640.jpg\",\"width\":640,\"height\":427,\"caption\":\"IVA repercutido\"},{\"@type\":\"BreadcrumbList\",\"@id\":\"https:\\\/\\\/www.asesoriaorihuelacosta.com\\\/fr\\\/quest-ce-que-la-tva-collectee-en-espagne\\\/#breadcrumb\",\"itemListElement\":[{\"@type\":\"ListItem\",\"position\":1,\"name\":\"Home\",\"item\":\"https:\\\/\\\/www.asesoriaorihuelacosta.com\\\/fr\\\/\"},{\"@type\":\"ListItem\",\"position\":2,\"name\":\"Qu\u2019est-ce que la TVA collect\u00e9e en Espagne ?\"}]},{\"@type\":\"WebSite\",\"@id\":\"https:\\\/\\\/www.asesoriaorihuelacosta.com\\\/fr\\\/#website\",\"url\":\"https:\\\/\\\/www.asesoriaorihuelacosta.com\\\/fr\\\/\",\"name\":\"https:\\\/\\\/www.asesoriaorihuelacosta.com\\\/\",\"description\":\"Grupo de asesores profesionales\",\"publisher\":{\"@id\":\"https:\\\/\\\/www.asesoriaorihuelacosta.com\\\/fr\\\/#organization\"},\"potentialAction\":[{\"@type\":\"SearchAction\",\"target\":{\"@type\":\"EntryPoint\",\"urlTemplate\":\"https:\\\/\\\/www.asesoriaorihuelacosta.com\\\/fr\\\/?s={search_term_string}\"},\"query-input\":{\"@type\":\"PropertyValueSpecification\",\"valueRequired\":true,\"valueName\":\"search_term_string\"}}],\"inLanguage\":\"fr-FR\"},{\"@type\":\"Organization\",\"@id\":\"https:\\\/\\\/www.asesoriaorihuelacosta.com\\\/fr\\\/#organization\",\"name\":\"Asesor\u00eda Orihuela Costa\",\"url\":\"https:\\\/\\\/www.asesoriaorihuelacosta.com\\\/fr\\\/\",\"logo\":{\"@type\":\"ImageObject\",\"inLanguage\":\"fr-FR\",\"@id\":\"https:\\\/\\\/www.asesoriaorihuelacosta.com\\\/fr\\\/#\\\/schema\\\/logo\\\/image\\\/\",\"url\":\"https:\\\/\\\/www.asesoriaorihuelacosta.com\\\/wp-content\\\/uploads\\\/2022\\\/06\\\/Logo-espa\u5bf8l-asesoriaorihuela.jpg\",\"contentUrl\":\"https:\\\/\\\/www.asesoriaorihuelacosta.com\\\/wp-content\\\/uploads\\\/2022\\\/06\\\/Logo-espa\u5bf8l-asesoriaorihuela.jpg\",\"width\":588,\"height\":136,\"caption\":\"Asesor\u00eda Orihuela Costa\"},\"image\":{\"@id\":\"https:\\\/\\\/www.asesoriaorihuelacosta.com\\\/fr\\\/#\\\/schema\\\/logo\\\/image\\\/\"},\"sameAs\":[\"https:\\\/\\\/www.facebook.com\\\/asesoriaorihuelacosta\"]},{\"@type\":\"Person\",\"@id\":\"https:\\\/\\\/www.asesoriaorihuelacosta.com\\\/fr\\\/#\\\/schema\\\/person\\\/6614ce8cf6d2de542aaf351629fd539e\",\"name\":\"Patrick Gordinne Perez\",\"description\":\"Soy economista colegiado por el colegio de economistas de Alicante con el n\u00famero 2722. Llevo ejerciendo desde el a\u00f1o 2005. Soy especialista en fiscalidad de empresas y aut\u00f3nomos y tambi\u00e9n especialista en gestionar compraventas. Hablo espa\u00f1ol, ingl\u00e9s y franc\u00e9s.\",\"sameAs\":[\"https:\\\/\\\/www.asesoriaorihuelacosta.com\",\"https:\\\/\\\/www.facebook.com\\\/patrick.gordinneperez\",\"https:\\\/\\\/www.linkedin.com\\\/in\\\/patrick-gordinne-perez-1b73aab3\\\/\",\"https:\\\/\\\/www.youtube.com\\\/channel\\\/UC5e95RJEVQlxCnhwDmGNVCw\"],\"gender\":\"Hombre\",\"knowsLanguage\":[\"ingl\u00e9s\",\"franc\u00e9s\",\"espa\u00f1ol\"],\"jobTitle\":\"Gerente\",\"worksFor\":\"Asesoria Orihuela Costa SL\"}]}<\/script>\n<!-- \/ Yoast SEO Premium plugin. -->","yoast_head_json":{"title":"Qu\u2019est-ce que la TVA collect\u00e9e en Espagne ? - Asesor\u00eda Orihuela Costa","description":"D\u00e9couvrez ce qu'est la TVA collect\u00e9e et son importance. D\u00e9couvrez comment elle est calcul\u00e9e et en quoi elle diff\u00e8re de la TVA en amont.","robots":{"index":"index","follow":"follow","max-snippet":"max-snippet:-1","max-image-preview":"max-image-preview:large","max-video-preview":"max-video-preview:-1"},"canonical":"https:\/\/www.asesoriaorihuelacosta.com\/fr\/quest-ce-que-la-tva-collectee-en-espagne\/","og_locale":"fr_FR","og_type":"article","og_title":"Qu\u2019est-ce que la TVA collect\u00e9e en Espagne ?","og_description":"D\u00e9couvrez ce qu'est la TVA collect\u00e9e et son importance. D\u00e9couvrez comment elle est calcul\u00e9e et en quoi elle diff\u00e8re de la TVA en amont.","og_url":"https:\/\/www.asesoriaorihuelacosta.com\/fr\/quest-ce-que-la-tva-collectee-en-espagne\/","og_site_name":"Asesor\u00eda Orihuela Costa","article_publisher":"https:\/\/www.facebook.com\/asesoriaorihuelacosta","article_author":"https:\/\/www.facebook.com\/patrick.gordinneperez","article_published_time":"2024-08-19T11:04:36+00:00","article_modified_time":"2024-08-25T19:13:02+00:00","og_image":[{"width":640,"height":427,"url":"https:\/\/www.asesoriaorihuelacosta.com\/wp-content\/uploads\/2024\/08\/calculator-1156121_640.jpg","type":"image\/jpeg"}],"author":"Patrick Gordinne Perez","twitter_card":"summary_large_image","twitter_misc":{"\u00c9crit par":"Patrick Gordinne Perez","Dur\u00e9e de lecture estim\u00e9e":"5 minutes"},"schema":{"@context":"https:\/\/schema.org","@graph":[{"@type":"Article","@id":"https:\/\/www.asesoriaorihuelacosta.com\/fr\/quest-ce-que-la-tva-collectee-en-espagne\/#article","isPartOf":{"@id":"https:\/\/www.asesoriaorihuelacosta.com\/fr\/quest-ce-que-la-tva-collectee-en-espagne\/"},"author":{"name":"Patrick Gordinne Perez","@id":"https:\/\/www.asesoriaorihuelacosta.com\/fr\/#\/schema\/person\/6614ce8cf6d2de542aaf351629fd539e"},"headline":"Qu\u2019est-ce que la TVA collect\u00e9e en Espagne ?","datePublished":"2024-08-19T11:04:36+00:00","dateModified":"2024-08-25T19:13:02+00:00","mainEntityOfPage":{"@id":"https:\/\/www.asesoriaorihuelacosta.com\/fr\/quest-ce-que-la-tva-collectee-en-espagne\/"},"wordCount":952,"publisher":{"@id":"https:\/\/www.asesoriaorihuelacosta.com\/fr\/#organization"},"image":{"@id":"https:\/\/www.asesoriaorihuelacosta.com\/fr\/quest-ce-que-la-tva-collectee-en-espagne\/#primaryimage"},"thumbnailUrl":"https:\/\/www.asesoriaorihuelacosta.com\/wp-content\/uploads\/2024\/08\/calculator-1156121_640.jpg","articleSection":["Blog"],"inLanguage":"fr-FR"},{"@type":"WebPage","@id":"https:\/\/www.asesoriaorihuelacosta.com\/fr\/quest-ce-que-la-tva-collectee-en-espagne\/","url":"https:\/\/www.asesoriaorihuelacosta.com\/fr\/quest-ce-que-la-tva-collectee-en-espagne\/","name":"Qu\u2019est-ce que la TVA collect\u00e9e en Espagne ? - Asesor\u00eda Orihuela Costa","isPartOf":{"@id":"https:\/\/www.asesoriaorihuelacosta.com\/fr\/#website"},"primaryImageOfPage":{"@id":"https:\/\/www.asesoriaorihuelacosta.com\/fr\/quest-ce-que-la-tva-collectee-en-espagne\/#primaryimage"},"image":{"@id":"https:\/\/www.asesoriaorihuelacosta.com\/fr\/quest-ce-que-la-tva-collectee-en-espagne\/#primaryimage"},"thumbnailUrl":"https:\/\/www.asesoriaorihuelacosta.com\/wp-content\/uploads\/2024\/08\/calculator-1156121_640.jpg","datePublished":"2024-08-19T11:04:36+00:00","dateModified":"2024-08-25T19:13:02+00:00","description":"D\u00e9couvrez ce qu'est la TVA collect\u00e9e et son importance. D\u00e9couvrez comment elle est calcul\u00e9e et en quoi elle diff\u00e8re de la TVA en amont.","breadcrumb":{"@id":"https:\/\/www.asesoriaorihuelacosta.com\/fr\/quest-ce-que-la-tva-collectee-en-espagne\/#breadcrumb"},"inLanguage":"fr-FR","potentialAction":[{"@type":"ReadAction","target":["https:\/\/www.asesoriaorihuelacosta.com\/fr\/quest-ce-que-la-tva-collectee-en-espagne\/"]}]},{"@type":"ImageObject","inLanguage":"fr-FR","@id":"https:\/\/www.asesoriaorihuelacosta.com\/fr\/quest-ce-que-la-tva-collectee-en-espagne\/#primaryimage","url":"https:\/\/www.asesoriaorihuelacosta.com\/wp-content\/uploads\/2024\/08\/calculator-1156121_640.jpg","contentUrl":"https:\/\/www.asesoriaorihuelacosta.com\/wp-content\/uploads\/2024\/08\/calculator-1156121_640.jpg","width":640,"height":427,"caption":"IVA repercutido"},{"@type":"BreadcrumbList","@id":"https:\/\/www.asesoriaorihuelacosta.com\/fr\/quest-ce-que-la-tva-collectee-en-espagne\/#breadcrumb","itemListElement":[{"@type":"ListItem","position":1,"name":"Home","item":"https:\/\/www.asesoriaorihuelacosta.com\/fr\/"},{"@type":"ListItem","position":2,"name":"Qu\u2019est-ce que la TVA collect\u00e9e en Espagne ?"}]},{"@type":"WebSite","@id":"https:\/\/www.asesoriaorihuelacosta.com\/fr\/#website","url":"https:\/\/www.asesoriaorihuelacosta.com\/fr\/","name":"https:\/\/www.asesoriaorihuelacosta.com\/","description":"Grupo de asesores profesionales","publisher":{"@id":"https:\/\/www.asesoriaorihuelacosta.com\/fr\/#organization"},"potentialAction":[{"@type":"SearchAction","target":{"@type":"EntryPoint","urlTemplate":"https:\/\/www.asesoriaorihuelacosta.com\/fr\/?s={search_term_string}"},"query-input":{"@type":"PropertyValueSpecification","valueRequired":true,"valueName":"search_term_string"}}],"inLanguage":"fr-FR"},{"@type":"Organization","@id":"https:\/\/www.asesoriaorihuelacosta.com\/fr\/#organization","name":"Asesor\u00eda Orihuela Costa","url":"https:\/\/www.asesoriaorihuelacosta.com\/fr\/","logo":{"@type":"ImageObject","inLanguage":"fr-FR","@id":"https:\/\/www.asesoriaorihuelacosta.com\/fr\/#\/schema\/logo\/image\/","url":"https:\/\/www.asesoriaorihuelacosta.com\/wp-content\/uploads\/2022\/06\/Logo-espa\u5bf8l-asesoriaorihuela.jpg","contentUrl":"https:\/\/www.asesoriaorihuelacosta.com\/wp-content\/uploads\/2022\/06\/Logo-espa\u5bf8l-asesoriaorihuela.jpg","width":588,"height":136,"caption":"Asesor\u00eda Orihuela Costa"},"image":{"@id":"https:\/\/www.asesoriaorihuelacosta.com\/fr\/#\/schema\/logo\/image\/"},"sameAs":["https:\/\/www.facebook.com\/asesoriaorihuelacosta"]},{"@type":"Person","@id":"https:\/\/www.asesoriaorihuelacosta.com\/fr\/#\/schema\/person\/6614ce8cf6d2de542aaf351629fd539e","name":"Patrick Gordinne Perez","description":"Soy economista colegiado por el colegio de economistas de Alicante con el n\u00famero 2722. Llevo ejerciendo desde el a\u00f1o 2005. Soy especialista en fiscalidad de empresas y aut\u00f3nomos y tambi\u00e9n especialista en gestionar compraventas. Hablo espa\u00f1ol, ingl\u00e9s y franc\u00e9s.","sameAs":["https:\/\/www.asesoriaorihuelacosta.com","https:\/\/www.facebook.com\/patrick.gordinneperez","https:\/\/www.linkedin.com\/in\/patrick-gordinne-perez-1b73aab3\/","https:\/\/www.youtube.com\/channel\/UC5e95RJEVQlxCnhwDmGNVCw"],"gender":"Hombre","knowsLanguage":["ingl\u00e9s","franc\u00e9s","espa\u00f1ol"],"jobTitle":"Gerente","worksFor":"Asesoria Orihuela Costa SL"}]}},"_links":{"self":[{"href":"https:\/\/www.asesoriaorihuelacosta.com\/fr\/wp-json\/wp\/v2\/posts\/30723","targetHints":{"allow":["GET"]}}],"collection":[{"href":"https:\/\/www.asesoriaorihuelacosta.com\/fr\/wp-json\/wp\/v2\/posts"}],"about":[{"href":"https:\/\/www.asesoriaorihuelacosta.com\/fr\/wp-json\/wp\/v2\/types\/post"}],"author":[{"embeddable":true,"href":"https:\/\/www.asesoriaorihuelacosta.com\/fr\/wp-json\/wp\/v2\/users\/2"}],"replies":[{"embeddable":true,"href":"https:\/\/www.asesoriaorihuelacosta.com\/fr\/wp-json\/wp\/v2\/comments?post=30723"}],"version-history":[{"count":11,"href":"https:\/\/www.asesoriaorihuelacosta.com\/fr\/wp-json\/wp\/v2\/posts\/30723\/revisions"}],"predecessor-version":[{"id":30734,"href":"https:\/\/www.asesoriaorihuelacosta.com\/fr\/wp-json\/wp\/v2\/posts\/30723\/revisions\/30734"}],"wp:featuredmedia":[{"embeddable":true,"href":"https:\/\/www.asesoriaorihuelacosta.com\/fr\/wp-json\/wp\/v2\/media\/30163"}],"wp:attachment":[{"href":"https:\/\/www.asesoriaorihuelacosta.com\/fr\/wp-json\/wp\/v2\/media?parent=30723"}],"wp:term":[{"taxonomy":"category","embeddable":true,"href":"https:\/\/www.asesoriaorihuelacosta.com\/fr\/wp-json\/wp\/v2\/categories?post=30723"},{"taxonomy":"post_tag","embeddable":true,"href":"https:\/\/www.asesoriaorihuelacosta.com\/fr\/wp-json\/wp\/v2\/tags?post=30723"}],"curies":[{"name":"wp","href":"https:\/\/api.w.org\/{rel}","templated":true}]}}