{"id":28314,"date":"2024-07-23T04:43:29","date_gmt":"2024-07-23T04:43:29","guid":{"rendered":"https:\/\/www.asesoriaorihuelacosta.com\/?p=28314"},"modified":"2024-07-26T04:40:58","modified_gmt":"2024-07-26T04:40:58","slug":"que-se-passe-t-il-si-une-entreprise-nest-pas-enregistree-au-registre-du-commerce","status":"publish","type":"post","link":"https:\/\/www.asesoriaorihuelacosta.com\/fr\/que-se-passe-t-il-si-une-entreprise-nest-pas-enregistree-au-registre-du-commerce\/","title":{"rendered":"Que se passe-t-il si une entreprise n&rsquo;est pas enregistr\u00e9e au registre du commerce ?"},"content":{"rendered":"\t\t<div data-elementor-type=\"wp-post\" data-elementor-id=\"28314\" class=\"elementor elementor-28314\" data-elementor-post-type=\"post\">\n\t\t\t\t\t\t<section data-particle_enable=\"false\" data-particle-mobile-disabled=\"false\" class=\"elementor-section elementor-top-section elementor-element elementor-element-5889c28 elementor-section-boxed elementor-section-height-default elementor-section-height-default\" data-id=\"5889c28\" data-element_type=\"section\" data-e-type=\"section\">\r\n\t\t\r\n\t\t\t\t\t\t\t<div class=\"elementor-container elementor-column-gap-default\">\r\n\t\t\t\t\t\t\t\t\t\t\t<div class=\"elementor-column elementor-col-100 elementor-top-column elementor-element elementor-element-35550de\" data-id=\"35550de\" data-element_type=\"column\" data-e-type=\"column\">\r\n\t\t\t\t\t<div class=\"elementor-widget-wrap elementor-element-populated\">\r\n\t\t\t\t\t\t\t\t<div class=\"elementor-element elementor-element-49dc680 elementor-widget elementor-widget-text-editor\" data-id=\"49dc680\" data-element_type=\"widget\" data-e-type=\"widget\" data-widget_type=\"text-editor.default\">\n\t\t\t\t<div class=\"elementor-widget-container\">\n\t\t\t\t\t\t\t\t\t<p>Une soci\u00e9t\u00e9 non inscrite au registre du commerce rencontre de nombreux probl\u00e8mes de fonctionnement et n&rsquo;est pas viable \u00e0 long terme.<\/p><p>Nous expliquons quels sont les principaux \u00e9l\u00e9ments n\u00e9gatifs&#8230;<\/p>\t\t\t\t\t\t\t\t<\/div>\n\t\t\t\t<\/div>\n\t\t\t\t\t<\/div>\r\n\t\t\t\t<\/div>\r\n\t\t\t\t\t<\/div>\r\n\t\t\t\t<\/section>\r\n\t\t\t\t<section data-particle_enable=\"false\" data-particle-mobile-disabled=\"false\" class=\"elementor-section elementor-top-section elementor-element elementor-element-ff96c64 elementor-section-boxed elementor-section-height-default elementor-section-height-default\" data-id=\"ff96c64\" data-element_type=\"section\" data-e-type=\"section\">\r\n\t\t\r\n\t\t\t\t\t\t\t<div class=\"elementor-container elementor-column-gap-default\">\r\n\t\t\t\t\t\t\t\t\t\t\t<div class=\"elementor-column elementor-col-100 elementor-top-column elementor-element elementor-element-2d51d36\" data-id=\"2d51d36\" data-element_type=\"column\" data-e-type=\"column\">\r\n\t\t\t\t\t<div class=\"elementor-widget-wrap elementor-element-populated\">\r\n\t\t\t\t\t\t\t\t<div class=\"elementor-element elementor-element-a78503a elementor-widget elementor-widget-heading\" data-id=\"a78503a\" data-element_type=\"widget\" data-e-type=\"widget\" data-widget_type=\"heading.default\">\n\t\t\t\t<div class=\"elementor-widget-container\">\n\t\t\t\t\t<h2 class=\"elementor-heading-title elementor-size-default\">Cons\u00e9quences de la non-inscription d'une soci\u00e9t\u00e9 au registre du commerce<\/h2>\t\t\t\t<\/div>\n\t\t\t\t<\/div>\n\t\t\t\t\t<\/div>\r\n\t\t\t\t<\/div>\r\n\t\t\t\t\t<\/div>\r\n\t\t\t\t<\/section>\r\n\t\t\t\t<section data-particle_enable=\"false\" data-particle-mobile-disabled=\"false\" class=\"elementor-section elementor-top-section elementor-element elementor-element-d1f0bb4 elementor-section-boxed elementor-section-height-default elementor-section-height-default\" data-id=\"d1f0bb4\" data-element_type=\"section\" data-e-type=\"section\">\r\n\t\t\r\n\t\t\t\t\t\t\t<div class=\"elementor-container elementor-column-gap-default\">\r\n\t\t\t\t\t\t\t\t\t\t\t<div class=\"elementor-column elementor-col-100 elementor-top-column elementor-element elementor-element-e369d50\" data-id=\"e369d50\" data-element_type=\"column\" data-e-type=\"column\">\r\n\t\t\t\t\t<div class=\"elementor-widget-wrap elementor-element-populated\">\r\n\t\t\t\t\t\t\t\t<div class=\"elementor-element elementor-element-40d38e2 elementor-widget elementor-widget-text-editor\" data-id=\"40d38e2\" data-element_type=\"widget\" data-e-type=\"widget\" data-widget_type=\"text-editor.default\">\n\t\t\t\t<div class=\"elementor-widget-container\">\n\t\t\t\t\t\t\t\t\t<p>Lorsqu&rsquo;une soci\u00e9t\u00e9 n&rsquo;est pas inscrite au registre du commerce, et qu&rsquo;elle dispose d&rsquo;un d\u00e9lai maximum d&rsquo;un an pour le faire \u00e0 compter de sa constitution, elle est consid\u00e9r\u00e9e comme irr\u00e9guli\u00e8re.<\/p><p>Techniquement, elle peut fonctionner, mais d&rsquo;une mani\u00e8re totalement diff\u00e9rente de ce qui \u00e9tait pr\u00e9vu \u00e0 l&rsquo;origine.<\/p><p>Il ne s&rsquo;agit donc pas d&rsquo;une situation recommandable. Tels sont les principaux inconv\u00e9nients :<\/p>\t\t\t\t\t\t\t\t<\/div>\n\t\t\t\t<\/div>\n\t\t\t\t\t<\/div>\r\n\t\t\t\t<\/div>\r\n\t\t\t\t\t<\/div>\r\n\t\t\t\t<\/section>\r\n\t\t\t\t<section data-particle_enable=\"false\" data-particle-mobile-disabled=\"false\" class=\"elementor-section elementor-top-section elementor-element elementor-element-2643a35 elementor-section-boxed elementor-section-height-default elementor-section-height-default\" data-id=\"2643a35\" data-element_type=\"section\" data-e-type=\"section\">\r\n\t\t\r\n\t\t\t\t\t\t\t<div class=\"elementor-container elementor-column-gap-default\">\r\n\t\t\t\t\t\t\t\t\t\t\t<div class=\"elementor-column elementor-col-100 elementor-top-column elementor-element elementor-element-976a2bd\" data-id=\"976a2bd\" data-element_type=\"column\" data-e-type=\"column\">\r\n\t\t\t\t\t<div class=\"elementor-widget-wrap elementor-element-populated\">\r\n\t\t\t\t\t\t\t\t<div class=\"elementor-element elementor-element-3079c99 elementor-widget elementor-widget-heading\" data-id=\"3079c99\" data-element_type=\"widget\" data-e-type=\"widget\" data-widget_type=\"heading.default\">\n\t\t\t\t<div class=\"elementor-widget-container\">\n\t\t\t\t\t<h3 class=\"elementor-heading-title elementor-size-default\">1. Une soci\u00e9t\u00e9 non inscrite au registre n'a pas de personnalit\u00e9 juridique.<\/h3>\t\t\t\t<\/div>\n\t\t\t\t<\/div>\n\t\t\t\t\t<\/div>\r\n\t\t\t\t<\/div>\r\n\t\t\t\t\t<\/div>\r\n\t\t\t\t<\/section>\r\n\t\t\t\t<section data-particle_enable=\"false\" data-particle-mobile-disabled=\"false\" class=\"elementor-section elementor-top-section elementor-element elementor-element-90729fc elementor-section-boxed elementor-section-height-default elementor-section-height-default\" data-id=\"90729fc\" data-element_type=\"section\" data-e-type=\"section\">\r\n\t\t\r\n\t\t\t\t\t\t\t<div class=\"elementor-container elementor-column-gap-default\">\r\n\t\t\t\t\t\t\t\t\t\t\t<div class=\"elementor-column elementor-col-100 elementor-top-column elementor-element elementor-element-1225561\" data-id=\"1225561\" data-element_type=\"column\" data-e-type=\"column\">\r\n\t\t\t\t\t<div class=\"elementor-widget-wrap elementor-element-populated\">\r\n\t\t\t\t\t\t\t\t<div class=\"elementor-element elementor-element-0b509ba elementor-widget elementor-widget-text-editor\" data-id=\"0b509ba\" data-element_type=\"widget\" data-e-type=\"widget\" data-widget_type=\"text-editor.default\">\n\t\t\t\t<div class=\"elementor-widget-container\">\n\t\t\t\t\t\t\t\t\t<p>Le principal effet d&rsquo;une soci\u00e9t\u00e9 irr\u00e9guli\u00e8re est qu&rsquo;elle est d\u00e9pourvue de personnalit\u00e9 juridique, comme le serait une soci\u00e9t\u00e9 \u00e0 responsabilit\u00e9 limit\u00e9e avec ses <strong><a href=\"https:\/\/www.asesoriaorihuelacosta.com\/fr\/que-sont-les-statuts-et-quel-role-jouent-ils-dans-lentreprise\/\">statuts<\/a><\/strong>.<\/p><p>N&rsquo;\u00e9tant pas inscrite au registre du commerce, elle n&rsquo;est pas enregistr\u00e9e et, \u00e0 toutes fins utiles, n&rsquo;existe pas.<\/p><p>Cela ne l&#8217;emp\u00eache pas de fonctionner \u00e0 100 %, mais cela supprime les principaux avantages li\u00e9s \u00e0 sa constitution.<\/p><p>Est-ce possible ? Oui, tant que les formalit\u00e9s ne sont pas accomplies en temps utile, une fois que vous disposez des actes notari\u00e9s.<\/p><p>Parfois, des divergences entre les associ\u00e9s ou une simple n\u00e9gligence peuvent conduire \u00e0 ce r\u00e9sultat.<\/p>\t\t\t\t\t\t\t\t<\/div>\n\t\t\t\t<\/div>\n\t\t\t\t\t<\/div>\r\n\t\t\t\t<\/div>\r\n\t\t\t\t\t<\/div>\r\n\t\t\t\t<\/section>\r\n\t\t\t\t<section data-particle_enable=\"false\" data-particle-mobile-disabled=\"false\" class=\"elementor-section elementor-top-section elementor-element elementor-element-9a78281 elementor-section-boxed elementor-section-height-default elementor-section-height-default\" data-id=\"9a78281\" data-element_type=\"section\" data-e-type=\"section\">\r\n\t\t\r\n\t\t\t\t\t\t\t<div class=\"elementor-container elementor-column-gap-default\">\r\n\t\t\t\t\t\t\t\t\t\t\t<div class=\"elementor-column elementor-col-100 elementor-top-column elementor-element elementor-element-a52e8af\" data-id=\"a52e8af\" data-element_type=\"column\" data-e-type=\"column\">\r\n\t\t\t\t\t<div class=\"elementor-widget-wrap elementor-element-populated\">\r\n\t\t\t\t\t\t\t\t<div class=\"elementor-element elementor-element-9d97956 elementor-widget elementor-widget-heading\" data-id=\"9d97956\" data-element_type=\"widget\" data-e-type=\"widget\" data-widget_type=\"heading.default\">\n\t\t\t\t<div class=\"elementor-widget-container\">\n\t\t\t\t\t<h3 class=\"elementor-heading-title elementor-size-default\">2. La responsabilit\u00e9 des associ\u00e9s est illimit\u00e9e<\/h3>\t\t\t\t<\/div>\n\t\t\t\t<\/div>\n\t\t\t\t\t<\/div>\r\n\t\t\t\t<\/div>\r\n\t\t\t\t\t<\/div>\r\n\t\t\t\t<\/section>\r\n\t\t\t\t<section data-particle_enable=\"false\" data-particle-mobile-disabled=\"false\" class=\"elementor-section elementor-top-section elementor-element elementor-element-dfdb96e elementor-section-boxed elementor-section-height-default elementor-section-height-default\" data-id=\"dfdb96e\" data-element_type=\"section\" data-e-type=\"section\">\r\n\t\t\r\n\t\t\t\t\t\t\t<div class=\"elementor-container elementor-column-gap-default\">\r\n\t\t\t\t\t\t\t\t\t\t\t<div class=\"elementor-column elementor-col-100 elementor-top-column elementor-element elementor-element-1a87a7b\" data-id=\"1a87a7b\" data-element_type=\"column\" data-e-type=\"column\">\r\n\t\t\t\t\t<div class=\"elementor-widget-wrap elementor-element-populated\">\r\n\t\t\t\t\t\t\t\t<div class=\"elementor-element elementor-element-081767d elementor-widget elementor-widget-text-editor\" data-id=\"081767d\" data-element_type=\"widget\" data-e-type=\"widget\" data-widget_type=\"text-editor.default\">\n\t\t\t\t<div class=\"elementor-widget-container\">\n\t\t\t\t\t\t\t\t\t<p>Le deuxi\u00e8me aspect important \u00e0 noter est que la responsabilit\u00e9 des associ\u00e9s est illimit\u00e9e.<\/p><p>Comme il ne s&rsquo;agit pas d&rsquo;une soci\u00e9t\u00e9 commerciale classique, ils sont solidairement responsables sur l&rsquo;ensemble de leurs biens et de leurs dettes, et pas seulement sur le capital apport\u00e9.<\/p><p>La cons\u00e9quence pratique est que cette soci\u00e9t\u00e9 fonctionne comme une soci\u00e9t\u00e9 civile.<\/p><p>Cela entra\u00eene \u00e9videmment une s\u00e9rie de limitations importantes.<\/p>\t\t\t\t\t\t\t\t<\/div>\n\t\t\t\t<\/div>\n\t\t\t\t\t<\/div>\r\n\t\t\t\t<\/div>\r\n\t\t\t\t\t<\/div>\r\n\t\t\t\t<\/section>\r\n\t\t\t\t<section data-particle_enable=\"false\" data-particle-mobile-disabled=\"false\" class=\"elementor-section elementor-top-section elementor-element elementor-element-bc63ad7 elementor-section-boxed elementor-section-height-default elementor-section-height-default\" data-id=\"bc63ad7\" data-element_type=\"section\" data-e-type=\"section\">\r\n\t\t\r\n\t\t\t\t\t\t\t<div class=\"elementor-container elementor-column-gap-default\">\r\n\t\t\t\t\t\t\t\t\t\t\t<div class=\"elementor-column elementor-col-100 elementor-top-column elementor-element elementor-element-0a47b28\" data-id=\"0a47b28\" data-element_type=\"column\" data-e-type=\"column\">\r\n\t\t\t\t\t<div class=\"elementor-widget-wrap elementor-element-populated\">\r\n\t\t\t\t\t\t\t\t<div class=\"elementor-element elementor-element-58b0721 elementor-widget elementor-widget-image\" data-id=\"58b0721\" data-element_type=\"widget\" data-e-type=\"widget\" data-widget_type=\"image.default\">\n\t\t\t\t<div class=\"elementor-widget-container\">\n\t\t\t\t\t\t\t\t\t\t\t\t\t\t\t<img loading=\"lazy\" decoding=\"async\" width=\"640\" height=\"360\" src=\"https:\/\/www.asesoriaorihuelacosta.com\/wp-content\/uploads\/2024\/06\/deducir-el-iva-de-una-vivienda.-.jpeg\" class=\"attachment-large size-large wp-image-27356\" alt=\"\" srcset=\"https:\/\/www.asesoriaorihuelacosta.com\/wp-content\/uploads\/2024\/06\/deducir-el-iva-de-una-vivienda.-.jpeg 640w, https:\/\/www.asesoriaorihuelacosta.com\/wp-content\/uploads\/2024\/06\/deducir-el-iva-de-una-vivienda.--400x225.jpeg 400w\" sizes=\"auto, (max-width: 640px) 100vw, 640px\" \/>\t\t\t\t\t\t\t\t\t\t\t\t\t\t\t<\/div>\n\t\t\t\t<\/div>\n\t\t\t\t\t<\/div>\r\n\t\t\t\t<\/div>\r\n\t\t\t\t\t<\/div>\r\n\t\t\t\t<\/section>\r\n\t\t\t\t<section data-particle_enable=\"false\" data-particle-mobile-disabled=\"false\" class=\"elementor-section elementor-top-section elementor-element elementor-element-f92def6 elementor-section-boxed elementor-section-height-default elementor-section-height-default\" data-id=\"f92def6\" data-element_type=\"section\" data-e-type=\"section\">\r\n\t\t\r\n\t\t\t\t\t\t\t<div class=\"elementor-container elementor-column-gap-default\">\r\n\t\t\t\t\t\t\t\t\t\t\t<div class=\"elementor-column elementor-col-100 elementor-top-column elementor-element elementor-element-28f5d0e\" data-id=\"28f5d0e\" data-element_type=\"column\" data-e-type=\"column\">\r\n\t\t\t\t\t<div class=\"elementor-widget-wrap elementor-element-populated\">\r\n\t\t\t\t\t\t\t\t<div class=\"elementor-element elementor-element-ea379b2 elementor-widget elementor-widget-heading\" data-id=\"ea379b2\" data-element_type=\"widget\" data-e-type=\"widget\" data-widget_type=\"heading.default\">\n\t\t\t\t<div class=\"elementor-widget-container\">\n\t\t\t\t\t<h3 class=\"elementor-heading-title elementor-size-default\">3. L'entreprise est impos\u00e9e au titre de l'imp\u00f4t sur le revenu des personnes physiques.<\/h3>\t\t\t\t<\/div>\n\t\t\t\t<\/div>\n\t\t\t\t\t<\/div>\r\n\t\t\t\t<\/div>\r\n\t\t\t\t\t<\/div>\r\n\t\t\t\t<\/section>\r\n\t\t\t\t<section data-particle_enable=\"false\" data-particle-mobile-disabled=\"false\" class=\"elementor-section elementor-top-section elementor-element elementor-element-8720563 elementor-section-boxed elementor-section-height-default elementor-section-height-default\" data-id=\"8720563\" data-element_type=\"section\" data-e-type=\"section\">\r\n\t\t\r\n\t\t\t\t\t\t\t<div class=\"elementor-container elementor-column-gap-default\">\r\n\t\t\t\t\t\t\t\t\t\t\t<div class=\"elementor-column elementor-col-100 elementor-top-column elementor-element elementor-element-e03a019\" data-id=\"e03a019\" data-element_type=\"column\" data-e-type=\"column\">\r\n\t\t\t\t\t<div class=\"elementor-widget-wrap elementor-element-populated\">\r\n\t\t\t\t\t\t\t\t<div class=\"elementor-element elementor-element-db11823 elementor-widget elementor-widget-text-editor\" data-id=\"db11823\" data-element_type=\"widget\" data-e-type=\"widget\" data-widget_type=\"text-editor.default\">\n\t\t\t\t<div class=\"elementor-widget-container\">\n\t\t\t\t\t\t\t\t\t<p class=\"p1\">Enfin, l&rsquo;entreprise, exer\u00e7ant son activit\u00e9 de mani\u00e8re irr\u00e9guli\u00e8re, ne paiera pas l&rsquo;imp\u00f4t sur les soci\u00e9t\u00e9s (IS), qui serait applicable.<\/p><p class=\"p1\">Bien qu&rsquo;elle puisse facturer, en pratique, elle devra le faire par le biais de l&rsquo;imp\u00f4t sur le revenu des personnes physiques (IRPF), qui s&rsquo;applique lorsqu&rsquo;un travailleur ind\u00e9pendant est une personne physique.<\/p><p class=\"p1\">C&rsquo;est donc de cette mani\u00e8re que les partenaires s&rsquo;acquitteront de leurs obligations fiscales.<\/p><p class=\"p1\"><br \/>Il est clair pour tout le monde que le paiement de l&rsquo;imp\u00f4t sur le revenu des personnes physiques peut entra\u00eener des d\u00e9penses plus importantes, car il est \u00e9galement beaucoup plus difficile de dissocier les d\u00e9penses professionnelles des d\u00e9penses personnelles ou d&rsquo;<a href=\"https:\/\/www.asesoriaorihuelacosta.com\/fr\/pourquoi-lexternalisation-est-elle-importante-pour-les-entreprises\/\" target=\"_blank\" rel=\"noopener\"><strong>externaliser<\/strong><\/a>.<\/p><p class=\"p1\">En outre, en cas d&rsquo;imposition \u00e0 l&rsquo;IS, il est possible de constituer des provisions pour les ann\u00e9es ult\u00e9rieures et de r\u00e9duire ainsi le montant de l&rsquo;imp\u00f4t \u00e0 payer.<\/p>\t\t\t\t\t\t\t\t<\/div>\n\t\t\t\t<\/div>\n\t\t\t\t\t<\/div>\r\n\t\t\t\t<\/div>\r\n\t\t\t\t\t<\/div>\r\n\t\t\t\t<\/section>\r\n\t\t\t\t<section data-particle_enable=\"false\" data-particle-mobile-disabled=\"false\" class=\"elementor-section elementor-top-section elementor-element elementor-element-275ecf3 elementor-section-boxed elementor-section-height-default elementor-section-height-default\" data-id=\"275ecf3\" data-element_type=\"section\" data-e-type=\"section\">\r\n\t\t\r\n\t\t\t\t\t\t\t<div class=\"elementor-container elementor-column-gap-default\">\r\n\t\t\t\t\t\t\t\t\t\t\t<div class=\"elementor-column elementor-col-100 elementor-top-column elementor-element elementor-element-ec791c7\" data-id=\"ec791c7\" data-element_type=\"column\" data-e-type=\"column\">\r\n\t\t\t\t\t<div class=\"elementor-widget-wrap elementor-element-populated\">\r\n\t\t\t\t\t\t\t\t<div class=\"elementor-element elementor-element-fd2238b elementor-widget elementor-widget-heading\" data-id=\"fd2238b\" data-element_type=\"widget\" data-e-type=\"widget\" data-widget_type=\"heading.default\">\n\t\t\t\t<div class=\"elementor-widget-container\">\n\t\t\t\t\t<h3 class=\"elementor-heading-title elementor-size-default\">4. Sanctions par l'administration<\/h3>\t\t\t\t<\/div>\n\t\t\t\t<\/div>\n\t\t\t\t\t<\/div>\r\n\t\t\t\t<\/div>\r\n\t\t\t\t\t<\/div>\r\n\t\t\t\t<\/section>\r\n\t\t\t\t<section data-particle_enable=\"false\" data-particle-mobile-disabled=\"false\" class=\"elementor-section elementor-top-section elementor-element elementor-element-0938606 elementor-section-boxed elementor-section-height-default elementor-section-height-default\" data-id=\"0938606\" data-element_type=\"section\" data-e-type=\"section\">\r\n\t\t\r\n\t\t\t\t\t\t\t<div class=\"elementor-container elementor-column-gap-default\">\r\n\t\t\t\t\t\t\t\t\t\t\t<div class=\"elementor-column elementor-col-100 elementor-top-column elementor-element elementor-element-32a01b8\" data-id=\"32a01b8\" data-element_type=\"column\" data-e-type=\"column\">\r\n\t\t\t\t\t<div class=\"elementor-widget-wrap elementor-element-populated\">\r\n\t\t\t\t\t\t\t\t<div class=\"elementor-element elementor-element-0151b1e elementor-widget elementor-widget-text-editor\" data-id=\"0151b1e\" data-element_type=\"widget\" data-e-type=\"widget\" data-widget_type=\"text-editor.default\">\n\t\t\t\t<div class=\"elementor-widget-container\">\n\t\t\t\t\t\t\t\t\t<p>L&rsquo;administration peut imposer a la soci\u00e9t\u00e9 non inscrite au <a href=\"https:\/\/www.registradores.org\/el-colegio\/registro-mercantil\" target=\"_blank\" rel=\"noopener\">registre du commerce<\/a>\u00a0des sanctions en cas de d\u00e9faut d&rsquo;accomplissement de certaines formalit\u00e9s en temps et en forme.<\/p><p>Dans certains cas, ces sanctions se limitent \u00e0 des p\u00e9nalit\u00e9s financi\u00e8res, mais dans d&rsquo;autres, elles peuvent aller jusqu&rsquo;\u00e0 la dissolution de la soci\u00e9t\u00e9 et la fermeture de l&rsquo;entreprise.<\/p><p>Ce n&rsquo;est pas pour rien que l&rsquo;entreprise fonctionne de mani\u00e8re irr\u00e9guli\u00e8re et cela peut avoir des cons\u00e9quences \u00e0 long terme.<\/p><p>C&rsquo;est pourquoi nous vous recommandons vivement d&rsquo;\u00e9viter cette situation \u00e0 moyen terme.<\/p>\t\t\t\t\t\t\t\t<\/div>\n\t\t\t\t<\/div>\n\t\t\t\t\t<\/div>\r\n\t\t\t\t<\/div>\r\n\t\t\t\t\t<\/div>\r\n\t\t\t\t<\/section>\r\n\t\t\t\t<section data-particle_enable=\"false\" data-particle-mobile-disabled=\"false\" class=\"elementor-section elementor-top-section elementor-element elementor-element-a654c41 elementor-section-boxed elementor-section-height-default elementor-section-height-default\" data-id=\"a654c41\" data-element_type=\"section\" data-e-type=\"section\">\r\n\t\t\r\n\t\t\t\t\t\t\t<div class=\"elementor-container elementor-column-gap-default\">\r\n\t\t\t\t\t\t\t\t\t\t\t<div class=\"elementor-column elementor-col-100 elementor-top-column elementor-element elementor-element-43f4a97\" data-id=\"43f4a97\" data-element_type=\"column\" data-e-type=\"column\">\r\n\t\t\t\t\t<div class=\"elementor-widget-wrap elementor-element-populated\">\r\n\t\t\t\t\t\t\t\t<div class=\"elementor-element elementor-element-664a0dd elementor-widget elementor-widget-heading\" data-id=\"664a0dd\" data-element_type=\"widget\" data-e-type=\"widget\" data-widget_type=\"heading.default\">\n\t\t\t\t<div class=\"elementor-widget-container\">\n\t\t\t\t\t<h2 class=\"elementor-heading-title elementor-size-default\">Par cons\u00e9quent...<\/h2>\t\t\t\t<\/div>\n\t\t\t\t<\/div>\n\t\t\t\t\t<\/div>\r\n\t\t\t\t<\/div>\r\n\t\t\t\t\t<\/div>\r\n\t\t\t\t<\/section>\r\n\t\t\t\t<section data-particle_enable=\"false\" data-particle-mobile-disabled=\"false\" class=\"elementor-section elementor-top-section elementor-element elementor-element-f884d78 elementor-section-boxed elementor-section-height-default elementor-section-height-default\" data-id=\"f884d78\" data-element_type=\"section\" data-e-type=\"section\">\r\n\t\t\r\n\t\t\t\t\t\t\t<div class=\"elementor-container elementor-column-gap-default\">\r\n\t\t\t\t\t\t\t\t\t\t\t<div class=\"elementor-column elementor-col-100 elementor-top-column elementor-element elementor-element-f5560da\" data-id=\"f5560da\" data-element_type=\"column\" data-e-type=\"column\">\r\n\t\t\t\t\t<div class=\"elementor-widget-wrap elementor-element-populated\">\r\n\t\t\t\t\t\t\t\t<div class=\"elementor-element elementor-element-2a8ff86 elementor-widget elementor-widget-text-editor\" data-id=\"2a8ff86\" data-element_type=\"widget\" data-e-type=\"widget\" data-widget_type=\"text-editor.default\">\n\t\t\t\t<div class=\"elementor-widget-container\">\n\t\t\t\t\t\t\t\t\t<p>Il est essentiel d&rsquo;avoir toute la documentation \u00e0 jour lors de la cr\u00e9ation d&rsquo;une soci\u00e9t\u00e9 commerciale.<\/p><p>En effet, une soci\u00e9t\u00e9 non inscrite au registre est source d&rsquo;innombrables probl\u00e8mes.<\/p><p>Chez Asesoria Orihuela Costa, nous disposons d&rsquo;un service sp\u00e9cialis\u00e9 de Gestor\u00eda pour vous aider \u00e0 accomplir toutes les d\u00e9marches l\u00e9gales.<\/p><p><a href=\"https:\/\/www.asesoriaorihuelacosta.com\/fr\/contacter\/\" target=\"_blank\" rel=\"noopener\">Appelez-nous<\/a> sans engagement !<\/p>\t\t\t\t\t\t\t\t<\/div>\n\t\t\t\t<\/div>\n\t\t\t\t\t<\/div>\r\n\t\t\t\t<\/div>\r\n\t\t\t\t\t<\/div>\r\n\t\t\t\t<\/section>\r\n\t\t\t\t<\/div>\n\t\t","protected":false},"excerpt":{"rendered":"<p>Une soci\u00e9t\u00e9 non inscrite au registre du commerce rencontre de nombreux probl\u00e8mes de fonctionnement et n&rsquo;est pas viable \u00e0 long terme. Nous expliquons quels sont les principaux \u00e9l\u00e9ments n\u00e9gatifs&#8230; Cons\u00e9quences de la non-inscription d&rsquo;une soci\u00e9t\u00e9 au registre du commerce Lorsqu&rsquo;une soci\u00e9t\u00e9 n&rsquo;est pas inscrite au registre du commerce, et qu&rsquo;elle dispose d&rsquo;un d\u00e9lai maximum d&rsquo;un [&hellip;]<\/p>\n","protected":false},"author":2,"featured_media":27952,"comment_status":"closed","ping_status":"closed","sticky":false,"template":"","format":"standard","meta":{"_eb_attr":"","inline_featured_image":false,"footnotes":""},"categories":[46],"tags":[],"class_list":["post-28314","post","type-post","status-publish","format-standard","has-post-thumbnail","hentry","category-blog"],"featured_image_src":{"landsacpe":["https:\/\/www.asesoriaorihuelacosta.com\/wp-content\/uploads\/2024\/07\/sociedad-no-esta-inscrita-999x445.jpg",999,445,true],"list":["https:\/\/www.asesoriaorihuelacosta.com\/wp-content\/uploads\/2024\/07\/sociedad-no-esta-inscrita-463x348.jpg",463,348,true],"medium":["https:\/\/www.asesoriaorihuelacosta.com\/wp-content\/uploads\/2024\/07\/sociedad-no-esta-inscrita-300x200.jpg",300,200,true],"full":["https:\/\/www.asesoriaorihuelacosta.com\/wp-content\/uploads\/2024\/07\/sociedad-no-esta-inscrita.jpg",999,667,false]},"yoast_head":"<!-- This site is optimized with the Yoast SEO Premium plugin v24.7 (Yoast SEO v27.4) - https:\/\/yoast.com\/product\/yoast-seo-premium-wordpress\/ -->\n<title>\u27a2 Soci\u00e9t\u00e9 NON inscrite au registre du commerce, cons\u00e9quences - Asesor\u00eda Orihuela Costa<\/title>\n<meta name=\"description\" content=\"\u27a2 UNE Soci\u00e9t\u00e9 NON INSCRITE AU REGISTRE DU COMMERCE peut rencontrer plusieurs probl\u00e8mes de fonctionnement. Voici les plus r\u00e9currents\" \/>\n<meta name=\"robots\" content=\"index, follow, max-snippet:-1, max-image-preview:large, max-video-preview:-1\" \/>\n<link rel=\"canonical\" href=\"https:\/\/www.asesoriaorihuelacosta.com\/fr\/que-se-passe-t-il-si-une-entreprise-nest-pas-enregistree-au-registre-du-commerce\/\" \/>\n<meta property=\"og:locale\" content=\"fr_FR\" \/>\n<meta property=\"og:type\" content=\"article\" \/>\n<meta property=\"og:title\" content=\"Que se passe-t-il si une entreprise n&#039;est pas enregistr\u00e9e au registre du commerce ?\" \/>\n<meta property=\"og:description\" content=\"\u27a2 UNE Soci\u00e9t\u00e9 NON INSCRITE AU REGISTRE DU COMMERCE peut rencontrer plusieurs probl\u00e8mes de fonctionnement. Voici les plus r\u00e9currents\" \/>\n<meta property=\"og:url\" content=\"https:\/\/www.asesoriaorihuelacosta.com\/fr\/que-se-passe-t-il-si-une-entreprise-nest-pas-enregistree-au-registre-du-commerce\/\" \/>\n<meta property=\"og:site_name\" content=\"Asesor\u00eda Orihuela Costa\" \/>\n<meta property=\"article:publisher\" content=\"https:\/\/www.facebook.com\/asesoriaorihuelacosta\" \/>\n<meta property=\"article:author\" content=\"https:\/\/www.facebook.com\/patrick.gordinneperez\" \/>\n<meta property=\"article:published_time\" content=\"2024-07-23T04:43:29+00:00\" \/>\n<meta property=\"article:modified_time\" content=\"2024-07-26T04:40:58+00:00\" \/>\n<meta property=\"og:image\" content=\"https:\/\/www.asesoriaorihuelacosta.com\/wp-content\/uploads\/2024\/07\/sociedad-no-esta-inscrita.jpg\" \/>\n\t<meta property=\"og:image:width\" content=\"999\" \/>\n\t<meta property=\"og:image:height\" content=\"667\" \/>\n\t<meta property=\"og:image:type\" content=\"image\/jpeg\" \/>\n<meta name=\"author\" content=\"Patrick Gordinne Perez\" \/>\n<meta name=\"twitter:card\" content=\"summary_large_image\" \/>\n<meta name=\"twitter:label1\" content=\"\u00c9crit par\" \/>\n\t<meta name=\"twitter:data1\" content=\"Patrick Gordinne Perez\" \/>\n\t<meta name=\"twitter:label2\" content=\"Dur\u00e9e de lecture estim\u00e9e\" \/>\n\t<meta name=\"twitter:data2\" content=\"4 minutes\" \/>\n<script type=\"application\/ld+json\" class=\"yoast-schema-graph\">{\"@context\":\"https:\\\/\\\/schema.org\",\"@graph\":[{\"@type\":\"Article\",\"@id\":\"https:\\\/\\\/www.asesoriaorihuelacosta.com\\\/fr\\\/que-se-passe-t-il-si-une-entreprise-nest-pas-enregistree-au-registre-du-commerce\\\/#article\",\"isPartOf\":{\"@id\":\"https:\\\/\\\/www.asesoriaorihuelacosta.com\\\/fr\\\/que-se-passe-t-il-si-une-entreprise-nest-pas-enregistree-au-registre-du-commerce\\\/\"},\"author\":{\"name\":\"Patrick Gordinne Perez\",\"@id\":\"https:\\\/\\\/www.asesoriaorihuelacosta.com\\\/fr\\\/#\\\/schema\\\/person\\\/6614ce8cf6d2de542aaf351629fd539e\"},\"headline\":\"Que se passe-t-il si une entreprise n&rsquo;est pas enregistr\u00e9e au registre du commerce ?\",\"datePublished\":\"2024-07-23T04:43:29+00:00\",\"dateModified\":\"2024-07-26T04:40:58+00:00\",\"mainEntityOfPage\":{\"@id\":\"https:\\\/\\\/www.asesoriaorihuelacosta.com\\\/fr\\\/que-se-passe-t-il-si-une-entreprise-nest-pas-enregistree-au-registre-du-commerce\\\/\"},\"wordCount\":693,\"publisher\":{\"@id\":\"https:\\\/\\\/www.asesoriaorihuelacosta.com\\\/fr\\\/#organization\"},\"image\":{\"@id\":\"https:\\\/\\\/www.asesoriaorihuelacosta.com\\\/fr\\\/que-se-passe-t-il-si-une-entreprise-nest-pas-enregistree-au-registre-du-commerce\\\/#primaryimage\"},\"thumbnailUrl\":\"https:\\\/\\\/www.asesoriaorihuelacosta.com\\\/wp-content\\\/uploads\\\/2024\\\/07\\\/sociedad-no-esta-inscrita.jpg\",\"articleSection\":[\"Blog\"],\"inLanguage\":\"fr-FR\"},{\"@type\":\"WebPage\",\"@id\":\"https:\\\/\\\/www.asesoriaorihuelacosta.com\\\/fr\\\/que-se-passe-t-il-si-une-entreprise-nest-pas-enregistree-au-registre-du-commerce\\\/\",\"url\":\"https:\\\/\\\/www.asesoriaorihuelacosta.com\\\/fr\\\/que-se-passe-t-il-si-une-entreprise-nest-pas-enregistree-au-registre-du-commerce\\\/\",\"name\":\"\u27a2 Soci\u00e9t\u00e9 NON inscrite au registre du commerce, cons\u00e9quences - Asesor\u00eda Orihuela Costa\",\"isPartOf\":{\"@id\":\"https:\\\/\\\/www.asesoriaorihuelacosta.com\\\/fr\\\/#website\"},\"primaryImageOfPage\":{\"@id\":\"https:\\\/\\\/www.asesoriaorihuelacosta.com\\\/fr\\\/que-se-passe-t-il-si-une-entreprise-nest-pas-enregistree-au-registre-du-commerce\\\/#primaryimage\"},\"image\":{\"@id\":\"https:\\\/\\\/www.asesoriaorihuelacosta.com\\\/fr\\\/que-se-passe-t-il-si-une-entreprise-nest-pas-enregistree-au-registre-du-commerce\\\/#primaryimage\"},\"thumbnailUrl\":\"https:\\\/\\\/www.asesoriaorihuelacosta.com\\\/wp-content\\\/uploads\\\/2024\\\/07\\\/sociedad-no-esta-inscrita.jpg\",\"datePublished\":\"2024-07-23T04:43:29+00:00\",\"dateModified\":\"2024-07-26T04:40:58+00:00\",\"description\":\"\u27a2 UNE Soci\u00e9t\u00e9 NON INSCRITE AU REGISTRE DU COMMERCE peut rencontrer plusieurs probl\u00e8mes de fonctionnement. Voici les plus r\u00e9currents\",\"breadcrumb\":{\"@id\":\"https:\\\/\\\/www.asesoriaorihuelacosta.com\\\/fr\\\/que-se-passe-t-il-si-une-entreprise-nest-pas-enregistree-au-registre-du-commerce\\\/#breadcrumb\"},\"inLanguage\":\"fr-FR\",\"potentialAction\":[{\"@type\":\"ReadAction\",\"target\":[\"https:\\\/\\\/www.asesoriaorihuelacosta.com\\\/fr\\\/que-se-passe-t-il-si-une-entreprise-nest-pas-enregistree-au-registre-du-commerce\\\/\"]}]},{\"@type\":\"ImageObject\",\"inLanguage\":\"fr-FR\",\"@id\":\"https:\\\/\\\/www.asesoriaorihuelacosta.com\\\/fr\\\/que-se-passe-t-il-si-une-entreprise-nest-pas-enregistree-au-registre-du-commerce\\\/#primaryimage\",\"url\":\"https:\\\/\\\/www.asesoriaorihuelacosta.com\\\/wp-content\\\/uploads\\\/2024\\\/07\\\/sociedad-no-esta-inscrita.jpg\",\"contentUrl\":\"https:\\\/\\\/www.asesoriaorihuelacosta.com\\\/wp-content\\\/uploads\\\/2024\\\/07\\\/sociedad-no-esta-inscrita.jpg\",\"width\":999,\"height\":667,\"caption\":\"sociedad no est\u00e1 inscrita\"},{\"@type\":\"BreadcrumbList\",\"@id\":\"https:\\\/\\\/www.asesoriaorihuelacosta.com\\\/fr\\\/que-se-passe-t-il-si-une-entreprise-nest-pas-enregistree-au-registre-du-commerce\\\/#breadcrumb\",\"itemListElement\":[{\"@type\":\"ListItem\",\"position\":1,\"name\":\"Home\",\"item\":\"https:\\\/\\\/www.asesoriaorihuelacosta.com\\\/fr\\\/\"},{\"@type\":\"ListItem\",\"position\":2,\"name\":\"Que se passe-t-il si une entreprise n&#8217;est pas enregistr\u00e9e au registre du commerce ?\"}]},{\"@type\":\"WebSite\",\"@id\":\"https:\\\/\\\/www.asesoriaorihuelacosta.com\\\/fr\\\/#website\",\"url\":\"https:\\\/\\\/www.asesoriaorihuelacosta.com\\\/fr\\\/\",\"name\":\"https:\\\/\\\/www.asesoriaorihuelacosta.com\\\/\",\"description\":\"Grupo de asesores profesionales\",\"publisher\":{\"@id\":\"https:\\\/\\\/www.asesoriaorihuelacosta.com\\\/fr\\\/#organization\"},\"potentialAction\":[{\"@type\":\"SearchAction\",\"target\":{\"@type\":\"EntryPoint\",\"urlTemplate\":\"https:\\\/\\\/www.asesoriaorihuelacosta.com\\\/fr\\\/?s={search_term_string}\"},\"query-input\":{\"@type\":\"PropertyValueSpecification\",\"valueRequired\":true,\"valueName\":\"search_term_string\"}}],\"inLanguage\":\"fr-FR\"},{\"@type\":\"Organization\",\"@id\":\"https:\\\/\\\/www.asesoriaorihuelacosta.com\\\/fr\\\/#organization\",\"name\":\"Asesor\u00eda Orihuela Costa\",\"url\":\"https:\\\/\\\/www.asesoriaorihuelacosta.com\\\/fr\\\/\",\"logo\":{\"@type\":\"ImageObject\",\"inLanguage\":\"fr-FR\",\"@id\":\"https:\\\/\\\/www.asesoriaorihuelacosta.com\\\/fr\\\/#\\\/schema\\\/logo\\\/image\\\/\",\"url\":\"https:\\\/\\\/www.asesoriaorihuelacosta.com\\\/wp-content\\\/uploads\\\/2022\\\/06\\\/Logo-espa\u5bf8l-asesoriaorihuela.jpg\",\"contentUrl\":\"https:\\\/\\\/www.asesoriaorihuelacosta.com\\\/wp-content\\\/uploads\\\/2022\\\/06\\\/Logo-espa\u5bf8l-asesoriaorihuela.jpg\",\"width\":588,\"height\":136,\"caption\":\"Asesor\u00eda Orihuela Costa\"},\"image\":{\"@id\":\"https:\\\/\\\/www.asesoriaorihuelacosta.com\\\/fr\\\/#\\\/schema\\\/logo\\\/image\\\/\"},\"sameAs\":[\"https:\\\/\\\/www.facebook.com\\\/asesoriaorihuelacosta\"]},{\"@type\":\"Person\",\"@id\":\"https:\\\/\\\/www.asesoriaorihuelacosta.com\\\/fr\\\/#\\\/schema\\\/person\\\/6614ce8cf6d2de542aaf351629fd539e\",\"name\":\"Patrick Gordinne Perez\",\"description\":\"Soy economista colegiado por el colegio de economistas de Alicante con el n\u00famero 2722. Llevo ejerciendo desde el a\u00f1o 2005. Soy especialista en fiscalidad de empresas y aut\u00f3nomos y tambi\u00e9n especialista en gestionar compraventas. Hablo espa\u00f1ol, ingl\u00e9s y franc\u00e9s.\",\"sameAs\":[\"https:\\\/\\\/www.asesoriaorihuelacosta.com\",\"https:\\\/\\\/www.facebook.com\\\/patrick.gordinneperez\",\"https:\\\/\\\/www.linkedin.com\\\/in\\\/patrick-gordinne-perez-1b73aab3\\\/\",\"https:\\\/\\\/www.youtube.com\\\/channel\\\/UC5e95RJEVQlxCnhwDmGNVCw\"],\"gender\":\"Hombre\",\"knowsLanguage\":[\"ingl\u00e9s\",\"franc\u00e9s\",\"espa\u00f1ol\"],\"jobTitle\":\"Gerente\",\"worksFor\":\"Asesoria Orihuela Costa SL\"}]}<\/script>\n<!-- \/ Yoast SEO Premium plugin. -->","yoast_head_json":{"title":"\u27a2 Soci\u00e9t\u00e9 NON inscrite au registre du commerce, cons\u00e9quences - Asesor\u00eda Orihuela Costa","description":"\u27a2 UNE Soci\u00e9t\u00e9 NON INSCRITE AU REGISTRE DU COMMERCE peut rencontrer plusieurs probl\u00e8mes de fonctionnement. Voici les plus r\u00e9currents","robots":{"index":"index","follow":"follow","max-snippet":"max-snippet:-1","max-image-preview":"max-image-preview:large","max-video-preview":"max-video-preview:-1"},"canonical":"https:\/\/www.asesoriaorihuelacosta.com\/fr\/que-se-passe-t-il-si-une-entreprise-nest-pas-enregistree-au-registre-du-commerce\/","og_locale":"fr_FR","og_type":"article","og_title":"Que se passe-t-il si une entreprise n'est pas enregistr\u00e9e au registre du commerce ?","og_description":"\u27a2 UNE Soci\u00e9t\u00e9 NON INSCRITE AU REGISTRE DU COMMERCE peut rencontrer plusieurs probl\u00e8mes de fonctionnement. Voici les plus r\u00e9currents","og_url":"https:\/\/www.asesoriaorihuelacosta.com\/fr\/que-se-passe-t-il-si-une-entreprise-nest-pas-enregistree-au-registre-du-commerce\/","og_site_name":"Asesor\u00eda Orihuela Costa","article_publisher":"https:\/\/www.facebook.com\/asesoriaorihuelacosta","article_author":"https:\/\/www.facebook.com\/patrick.gordinneperez","article_published_time":"2024-07-23T04:43:29+00:00","article_modified_time":"2024-07-26T04:40:58+00:00","og_image":[{"width":999,"height":667,"url":"https:\/\/www.asesoriaorihuelacosta.com\/wp-content\/uploads\/2024\/07\/sociedad-no-esta-inscrita.jpg","type":"image\/jpeg"}],"author":"Patrick Gordinne Perez","twitter_card":"summary_large_image","twitter_misc":{"\u00c9crit par":"Patrick Gordinne Perez","Dur\u00e9e de lecture estim\u00e9e":"4 minutes"},"schema":{"@context":"https:\/\/schema.org","@graph":[{"@type":"Article","@id":"https:\/\/www.asesoriaorihuelacosta.com\/fr\/que-se-passe-t-il-si-une-entreprise-nest-pas-enregistree-au-registre-du-commerce\/#article","isPartOf":{"@id":"https:\/\/www.asesoriaorihuelacosta.com\/fr\/que-se-passe-t-il-si-une-entreprise-nest-pas-enregistree-au-registre-du-commerce\/"},"author":{"name":"Patrick Gordinne Perez","@id":"https:\/\/www.asesoriaorihuelacosta.com\/fr\/#\/schema\/person\/6614ce8cf6d2de542aaf351629fd539e"},"headline":"Que se passe-t-il si une entreprise n&rsquo;est pas enregistr\u00e9e au registre du commerce ?","datePublished":"2024-07-23T04:43:29+00:00","dateModified":"2024-07-26T04:40:58+00:00","mainEntityOfPage":{"@id":"https:\/\/www.asesoriaorihuelacosta.com\/fr\/que-se-passe-t-il-si-une-entreprise-nest-pas-enregistree-au-registre-du-commerce\/"},"wordCount":693,"publisher":{"@id":"https:\/\/www.asesoriaorihuelacosta.com\/fr\/#organization"},"image":{"@id":"https:\/\/www.asesoriaorihuelacosta.com\/fr\/que-se-passe-t-il-si-une-entreprise-nest-pas-enregistree-au-registre-du-commerce\/#primaryimage"},"thumbnailUrl":"https:\/\/www.asesoriaorihuelacosta.com\/wp-content\/uploads\/2024\/07\/sociedad-no-esta-inscrita.jpg","articleSection":["Blog"],"inLanguage":"fr-FR"},{"@type":"WebPage","@id":"https:\/\/www.asesoriaorihuelacosta.com\/fr\/que-se-passe-t-il-si-une-entreprise-nest-pas-enregistree-au-registre-du-commerce\/","url":"https:\/\/www.asesoriaorihuelacosta.com\/fr\/que-se-passe-t-il-si-une-entreprise-nest-pas-enregistree-au-registre-du-commerce\/","name":"\u27a2 Soci\u00e9t\u00e9 NON inscrite au registre du commerce, cons\u00e9quences - Asesor\u00eda Orihuela Costa","isPartOf":{"@id":"https:\/\/www.asesoriaorihuelacosta.com\/fr\/#website"},"primaryImageOfPage":{"@id":"https:\/\/www.asesoriaorihuelacosta.com\/fr\/que-se-passe-t-il-si-une-entreprise-nest-pas-enregistree-au-registre-du-commerce\/#primaryimage"},"image":{"@id":"https:\/\/www.asesoriaorihuelacosta.com\/fr\/que-se-passe-t-il-si-une-entreprise-nest-pas-enregistree-au-registre-du-commerce\/#primaryimage"},"thumbnailUrl":"https:\/\/www.asesoriaorihuelacosta.com\/wp-content\/uploads\/2024\/07\/sociedad-no-esta-inscrita.jpg","datePublished":"2024-07-23T04:43:29+00:00","dateModified":"2024-07-26T04:40:58+00:00","description":"\u27a2 UNE Soci\u00e9t\u00e9 NON INSCRITE AU REGISTRE DU COMMERCE peut rencontrer plusieurs probl\u00e8mes de fonctionnement. Voici les plus r\u00e9currents","breadcrumb":{"@id":"https:\/\/www.asesoriaorihuelacosta.com\/fr\/que-se-passe-t-il-si-une-entreprise-nest-pas-enregistree-au-registre-du-commerce\/#breadcrumb"},"inLanguage":"fr-FR","potentialAction":[{"@type":"ReadAction","target":["https:\/\/www.asesoriaorihuelacosta.com\/fr\/que-se-passe-t-il-si-une-entreprise-nest-pas-enregistree-au-registre-du-commerce\/"]}]},{"@type":"ImageObject","inLanguage":"fr-FR","@id":"https:\/\/www.asesoriaorihuelacosta.com\/fr\/que-se-passe-t-il-si-une-entreprise-nest-pas-enregistree-au-registre-du-commerce\/#primaryimage","url":"https:\/\/www.asesoriaorihuelacosta.com\/wp-content\/uploads\/2024\/07\/sociedad-no-esta-inscrita.jpg","contentUrl":"https:\/\/www.asesoriaorihuelacosta.com\/wp-content\/uploads\/2024\/07\/sociedad-no-esta-inscrita.jpg","width":999,"height":667,"caption":"sociedad no est\u00e1 inscrita"},{"@type":"BreadcrumbList","@id":"https:\/\/www.asesoriaorihuelacosta.com\/fr\/que-se-passe-t-il-si-une-entreprise-nest-pas-enregistree-au-registre-du-commerce\/#breadcrumb","itemListElement":[{"@type":"ListItem","position":1,"name":"Home","item":"https:\/\/www.asesoriaorihuelacosta.com\/fr\/"},{"@type":"ListItem","position":2,"name":"Que se passe-t-il si une entreprise n&#8217;est pas enregistr\u00e9e au registre du commerce ?"}]},{"@type":"WebSite","@id":"https:\/\/www.asesoriaorihuelacosta.com\/fr\/#website","url":"https:\/\/www.asesoriaorihuelacosta.com\/fr\/","name":"https:\/\/www.asesoriaorihuelacosta.com\/","description":"Grupo de asesores profesionales","publisher":{"@id":"https:\/\/www.asesoriaorihuelacosta.com\/fr\/#organization"},"potentialAction":[{"@type":"SearchAction","target":{"@type":"EntryPoint","urlTemplate":"https:\/\/www.asesoriaorihuelacosta.com\/fr\/?s={search_term_string}"},"query-input":{"@type":"PropertyValueSpecification","valueRequired":true,"valueName":"search_term_string"}}],"inLanguage":"fr-FR"},{"@type":"Organization","@id":"https:\/\/www.asesoriaorihuelacosta.com\/fr\/#organization","name":"Asesor\u00eda Orihuela Costa","url":"https:\/\/www.asesoriaorihuelacosta.com\/fr\/","logo":{"@type":"ImageObject","inLanguage":"fr-FR","@id":"https:\/\/www.asesoriaorihuelacosta.com\/fr\/#\/schema\/logo\/image\/","url":"https:\/\/www.asesoriaorihuelacosta.com\/wp-content\/uploads\/2022\/06\/Logo-espa\u5bf8l-asesoriaorihuela.jpg","contentUrl":"https:\/\/www.asesoriaorihuelacosta.com\/wp-content\/uploads\/2022\/06\/Logo-espa\u5bf8l-asesoriaorihuela.jpg","width":588,"height":136,"caption":"Asesor\u00eda Orihuela Costa"},"image":{"@id":"https:\/\/www.asesoriaorihuelacosta.com\/fr\/#\/schema\/logo\/image\/"},"sameAs":["https:\/\/www.facebook.com\/asesoriaorihuelacosta"]},{"@type":"Person","@id":"https:\/\/www.asesoriaorihuelacosta.com\/fr\/#\/schema\/person\/6614ce8cf6d2de542aaf351629fd539e","name":"Patrick Gordinne Perez","description":"Soy economista colegiado por el colegio de economistas de Alicante con el n\u00famero 2722. Llevo ejerciendo desde el a\u00f1o 2005. Soy especialista en fiscalidad de empresas y aut\u00f3nomos y tambi\u00e9n especialista en gestionar compraventas. Hablo espa\u00f1ol, ingl\u00e9s y franc\u00e9s.","sameAs":["https:\/\/www.asesoriaorihuelacosta.com","https:\/\/www.facebook.com\/patrick.gordinneperez","https:\/\/www.linkedin.com\/in\/patrick-gordinne-perez-1b73aab3\/","https:\/\/www.youtube.com\/channel\/UC5e95RJEVQlxCnhwDmGNVCw"],"gender":"Hombre","knowsLanguage":["ingl\u00e9s","franc\u00e9s","espa\u00f1ol"],"jobTitle":"Gerente","worksFor":"Asesoria Orihuela Costa SL"}]}},"_links":{"self":[{"href":"https:\/\/www.asesoriaorihuelacosta.com\/fr\/wp-json\/wp\/v2\/posts\/28314","targetHints":{"allow":["GET"]}}],"collection":[{"href":"https:\/\/www.asesoriaorihuelacosta.com\/fr\/wp-json\/wp\/v2\/posts"}],"about":[{"href":"https:\/\/www.asesoriaorihuelacosta.com\/fr\/wp-json\/wp\/v2\/types\/post"}],"author":[{"embeddable":true,"href":"https:\/\/www.asesoriaorihuelacosta.com\/fr\/wp-json\/wp\/v2\/users\/2"}],"replies":[{"embeddable":true,"href":"https:\/\/www.asesoriaorihuelacosta.com\/fr\/wp-json\/wp\/v2\/comments?post=28314"}],"version-history":[{"count":14,"href":"https:\/\/www.asesoriaorihuelacosta.com\/fr\/wp-json\/wp\/v2\/posts\/28314\/revisions"}],"predecessor-version":[{"id":28339,"href":"https:\/\/www.asesoriaorihuelacosta.com\/fr\/wp-json\/wp\/v2\/posts\/28314\/revisions\/28339"}],"wp:featuredmedia":[{"embeddable":true,"href":"https:\/\/www.asesoriaorihuelacosta.com\/fr\/wp-json\/wp\/v2\/media\/27952"}],"wp:attachment":[{"href":"https:\/\/www.asesoriaorihuelacosta.com\/fr\/wp-json\/wp\/v2\/media?parent=28314"}],"wp:term":[{"taxonomy":"category","embeddable":true,"href":"https:\/\/www.asesoriaorihuelacosta.com\/fr\/wp-json\/wp\/v2\/categories?post=28314"},{"taxonomy":"post_tag","embeddable":true,"href":"https:\/\/www.asesoriaorihuelacosta.com\/fr\/wp-json\/wp\/v2\/tags?post=28314"}],"curies":[{"name":"wp","href":"https:\/\/api.w.org\/{rel}","templated":true}]}}