{"id":28306,"date":"2024-07-20T20:52:47","date_gmt":"2024-07-20T20:52:47","guid":{"rendered":"https:\/\/www.asesoriaorihuelacosta.com\/?p=28306"},"modified":"2024-07-25T17:22:04","modified_gmt":"2024-07-25T17:22:04","slug":"comment-la-tva-est-elle-deduite-au-debut-de-lactivite","status":"publish","type":"post","link":"https:\/\/www.asesoriaorihuelacosta.com\/fr\/comment-la-tva-est-elle-deduite-au-debut-de-lactivite\/","title":{"rendered":"Comment la TVA est-elle d\u00e9duite au d\u00e9but de l&rsquo;activit\u00e9 ?"},"content":{"rendered":"\t\t<div data-elementor-type=\"wp-post\" data-elementor-id=\"28306\" class=\"elementor elementor-28306\" data-elementor-post-type=\"post\">\n\t\t\t\t\t\t<section data-particle_enable=\"false\" data-particle-mobile-disabled=\"false\" class=\"elementor-section elementor-top-section elementor-element elementor-element-c4d07b9 elementor-section-boxed elementor-section-height-default elementor-section-height-default\" data-id=\"c4d07b9\" data-element_type=\"section\" data-e-type=\"section\">\r\n\t\t\r\n\t\t\t\t\t\t\t<div class=\"elementor-container elementor-column-gap-default\">\r\n\t\t\t\t\t\t\t\t\t\t\t<div class=\"elementor-column elementor-col-100 elementor-top-column elementor-element elementor-element-1053998\" data-id=\"1053998\" data-element_type=\"column\" data-e-type=\"column\">\r\n\t\t\t\t\t<div class=\"elementor-widget-wrap elementor-element-populated\">\r\n\t\t\t\t\t\t\t\t<div class=\"elementor-element elementor-element-2c95d13 elementor-widget elementor-widget-text-editor\" data-id=\"2c95d13\" data-element_type=\"widget\" data-e-type=\"widget\" data-widget_type=\"text-editor.default\">\n\t\t\t\t<div class=\"elementor-widget-container\">\n\t\t\t\t\t\t\t\t\t<p>La d\u00e9duction de la TVA au d\u00e9marrage d&rsquo;une entreprise est parfaitement l\u00e9gale, m\u00eame si elle peut entra\u00eener des difficult\u00e9s suppl\u00e9mentaires. Nous vous expliquons comment proc\u00e9der correctement pour \u00e9viter tout probl\u00e8me.<\/p>\t\t\t\t\t\t\t\t<\/div>\n\t\t\t\t<\/div>\n\t\t\t\t\t<\/div>\r\n\t\t\t\t<\/div>\r\n\t\t\t\t\t<\/div>\r\n\t\t\t\t<\/section>\r\n\t\t\t\t<section data-particle_enable=\"false\" data-particle-mobile-disabled=\"false\" class=\"elementor-section elementor-top-section elementor-element elementor-element-7e115ef elementor-section-boxed elementor-section-height-default elementor-section-height-default\" data-id=\"7e115ef\" data-element_type=\"section\" data-e-type=\"section\">\r\n\t\t\r\n\t\t\t\t\t\t\t<div class=\"elementor-container elementor-column-gap-default\">\r\n\t\t\t\t\t\t\t\t\t\t\t<div class=\"elementor-column elementor-col-100 elementor-top-column elementor-element elementor-element-f3743db\" data-id=\"f3743db\" data-element_type=\"column\" data-e-type=\"column\">\r\n\t\t\t\t\t<div class=\"elementor-widget-wrap elementor-element-populated\">\r\n\t\t\t\t\t\t\t\t<div class=\"elementor-element elementor-element-805aca4 elementor-widget elementor-widget-heading\" data-id=\"805aca4\" data-element_type=\"widget\" data-e-type=\"widget\" data-widget_type=\"heading.default\">\n\t\t\t\t<div class=\"elementor-widget-container\">\n\t\t\t\t\t<h2 class=\"elementor-heading-title elementor-size-default\">Comment d\u00e9duire la TVA au d\u00e9but de l'activit\u00e9 ?<\/h2>\t\t\t\t<\/div>\n\t\t\t\t<\/div>\n\t\t\t\t\t<\/div>\r\n\t\t\t\t<\/div>\r\n\t\t\t\t\t<\/div>\r\n\t\t\t\t<\/section>\r\n\t\t\t\t<section data-particle_enable=\"false\" data-particle-mobile-disabled=\"false\" class=\"elementor-section elementor-top-section elementor-element elementor-element-b7a6bfb elementor-section-boxed elementor-section-height-default elementor-section-height-default\" data-id=\"b7a6bfb\" data-element_type=\"section\" data-e-type=\"section\">\r\n\t\t\r\n\t\t\t\t\t\t\t<div class=\"elementor-container elementor-column-gap-default\">\r\n\t\t\t\t\t\t\t\t\t\t\t<div class=\"elementor-column elementor-col-100 elementor-top-column elementor-element elementor-element-b794e22\" data-id=\"b794e22\" data-element_type=\"column\" data-e-type=\"column\">\r\n\t\t\t\t\t<div class=\"elementor-widget-wrap elementor-element-populated\">\r\n\t\t\t\t\t\t\t\t<div class=\"elementor-element elementor-element-a5e4bb7 elementor-widget elementor-widget-text-editor\" data-id=\"a5e4bb7\" data-element_type=\"widget\" data-e-type=\"widget\" data-widget_type=\"text-editor.default\">\n\t\t\t\t<div class=\"elementor-widget-container\">\n\t\t\t\t\t\t\t\t\t<p>La d\u00e9duction de la TVA lors de la cr\u00e9ation d&rsquo;une entreprise fonctionne de la m\u00eame mani\u00e8re que pour les entreprises en activit\u00e9 depuis longtemps.<\/p><p>Ce n&rsquo;est pas pour rien qu&rsquo;elle fait partie des <strong><a href=\"https:\/\/www.asesoriaorihuelacosta.com\/fr\/ce-quil-faut-savoir-sur-les-obligations-des-entreprise-en-espagne\/\" target=\"_blank\" rel=\"noopener\">obligations fiscales incontournables<\/a><\/strong>.<\/p><p>Des d\u00e9comptes trimestriels sont effectu\u00e9s, puis on v\u00e9rifie si la TVA en amont est sup\u00e9rieure \u00e0 la TVA en aval ; si c&rsquo;est le cas, l&rsquo;entreprise ou le professionnel a le droit de la compenser les ann\u00e9es suivantes.<\/p><p>Toutefois, la situation est d&rsquo;abord plus compliqu\u00e9e, car l&rsquo;utilisation professionnelle des biens de l&rsquo;entreprise doit \u00eatre clairement d\u00e9limit\u00e9e.<\/p><p>Dans le cas des ind\u00e9pendants ou des entreprises familiales, il est encore plus complexe de d\u00e9terminer si la TVA est d\u00e9ductible. Tout d&rsquo;abord, le travailleur ind\u00e9pendant doit \u00eatre inscrit au recensement des entrepreneurs, des professions lib\u00e9rales ou des d\u00e9tenteurs de revenus et la soci\u00e9t\u00e9 doit \u00eatre enregistr\u00e9e aupr\u00e8s de l&rsquo;Agence des imp\u00f4ts et de la s\u00e9curit\u00e9 sociale.<\/p><p>Il existe des calculateurs pour faire le calcul, mais il y a des nuances. Les crit\u00e8res \u00e0 prendre en compte pour d\u00e9duire la TVA au d\u00e9but de l&rsquo;activit\u00e9 professionnelle sont les suivants. Attention :<\/p>\t\t\t\t\t\t\t\t<\/div>\n\t\t\t\t<\/div>\n\t\t\t\t\t<\/div>\r\n\t\t\t\t<\/div>\r\n\t\t\t\t\t<\/div>\r\n\t\t\t\t<\/section>\r\n\t\t\t\t<section data-particle_enable=\"false\" data-particle-mobile-disabled=\"false\" class=\"elementor-section elementor-top-section elementor-element elementor-element-32cfb94 elementor-section-boxed elementor-section-height-default elementor-section-height-default\" data-id=\"32cfb94\" data-element_type=\"section\" data-e-type=\"section\">\r\n\t\t\r\n\t\t\t\t\t\t\t<div class=\"elementor-container elementor-column-gap-default\">\r\n\t\t\t\t\t\t\t\t\t\t\t<div class=\"elementor-column elementor-col-100 elementor-top-column elementor-element elementor-element-fdf2e5d\" data-id=\"fdf2e5d\" data-element_type=\"column\" data-e-type=\"column\">\r\n\t\t\t\t\t<div class=\"elementor-widget-wrap elementor-element-populated\">\r\n\t\t\t\t\t\t\t\t<div class=\"elementor-element elementor-element-fa60a05 elementor-widget elementor-widget-heading\" data-id=\"fa60a05\" data-element_type=\"widget\" data-e-type=\"widget\" data-widget_type=\"heading.default\">\n\t\t\t\t<div class=\"elementor-widget-container\">\n\t\t\t\t\t<h3 class=\"elementor-heading-title elementor-size-default\">1. les biens et services li\u00e9s \u00e0 l'exercice de l'activit\u00e9<\/h3>\t\t\t\t<\/div>\n\t\t\t\t<\/div>\n\t\t\t\t\t<\/div>\r\n\t\t\t\t<\/div>\r\n\t\t\t\t\t<\/div>\r\n\t\t\t\t<\/section>\r\n\t\t\t\t<section data-particle_enable=\"false\" data-particle-mobile-disabled=\"false\" class=\"elementor-section elementor-top-section elementor-element elementor-element-5102fd6 elementor-section-boxed elementor-section-height-default elementor-section-height-default\" data-id=\"5102fd6\" data-element_type=\"section\" data-e-type=\"section\">\r\n\t\t\r\n\t\t\t\t\t\t\t<div class=\"elementor-container elementor-column-gap-default\">\r\n\t\t\t\t\t\t\t\t\t\t\t<div class=\"elementor-column elementor-col-100 elementor-top-column elementor-element elementor-element-e73cab0\" data-id=\"e73cab0\" data-element_type=\"column\" data-e-type=\"column\">\r\n\t\t\t\t\t<div class=\"elementor-widget-wrap elementor-element-populated\">\r\n\t\t\t\t\t\t\t\t<div class=\"elementor-element elementor-element-63fead0 elementor-widget elementor-widget-text-editor\" data-id=\"63fead0\" data-element_type=\"widget\" data-e-type=\"widget\" data-widget_type=\"text-editor.default\">\n\t\t\t\t<div class=\"elementor-widget-container\">\n\t\t\t\t\t\t\t\t\t<p>La premi\u00e8re chose \u00e0 d\u00e9montrer est que les biens et services achet\u00e9s sont <a href=\"https:\/\/sede.agenciatributaria.gob.es\/Sede\/iva\/que-iva-soportado-puedo-deducir\/que-puedo-deducir.html\" target=\"_blank\" rel=\"noopener\">directement li\u00e9s \u00e0 l&rsquo;activit\u00e9<\/a> de l&rsquo;entreprise.<\/p><p>Il s&rsquo;agit du crit\u00e8re g\u00e9n\u00e9ral, mais il existe parfois des biens \u00e0 usage mixte, tels que des v\u00e9hicules ou des ordinateurs.<\/p><p>C&rsquo;est l\u00e0, sans aucun doute, qu&rsquo;un \u00e9l\u00e9ment de complexit\u00e9 est introduit.<\/p><p>Dans le cas des v\u00e9hicules ou des ordinateurs, quel taux de TVA doit \u00eatre d\u00e9duit ?<\/p><p>L&rsquo;id\u00e9e est de pouvoir d\u00e9duire le pourcentage utilis\u00e9 pour l&rsquo;activit\u00e9.<\/p><p>Une solution courante consiste \u00e0 d\u00e9duire 50 % de la TVA pour \u00e9viter les probl\u00e8mes avec le bureau des imp\u00f4ts. Et il est essentiel de d\u00e9clarer honn\u00eatement.<\/p>\t\t\t\t\t\t\t\t<\/div>\n\t\t\t\t<\/div>\n\t\t\t\t\t<\/div>\r\n\t\t\t\t<\/div>\r\n\t\t\t\t\t<\/div>\r\n\t\t\t\t<\/section>\r\n\t\t\t\t<section data-particle_enable=\"false\" data-particle-mobile-disabled=\"false\" class=\"elementor-section elementor-top-section elementor-element elementor-element-1c17700 elementor-section-boxed elementor-section-height-default elementor-section-height-default\" data-id=\"1c17700\" data-element_type=\"section\" data-e-type=\"section\">\r\n\t\t\r\n\t\t\t\t\t\t\t<div class=\"elementor-container elementor-column-gap-default\">\r\n\t\t\t\t\t\t\t\t\t\t\t<div class=\"elementor-column elementor-col-100 elementor-top-column elementor-element elementor-element-b86afff\" data-id=\"b86afff\" data-element_type=\"column\" data-e-type=\"column\">\r\n\t\t\t\t\t<div class=\"elementor-widget-wrap elementor-element-populated\">\r\n\t\t\t\t\t\t\t\t<div class=\"elementor-element elementor-element-a4fefce elementor-widget elementor-widget-heading\" data-id=\"a4fefce\" data-element_type=\"widget\" data-e-type=\"widget\" data-widget_type=\"heading.default\">\n\t\t\t\t<div class=\"elementor-widget-container\">\n\t\t\t\t\t<h3 class=\"elementor-heading-title elementor-size-default\">2. les factures d'achat<\/h3>\t\t\t\t<\/div>\n\t\t\t\t<\/div>\n\t\t\t\t\t<\/div>\r\n\t\t\t\t<\/div>\r\n\t\t\t\t\t<\/div>\r\n\t\t\t\t<\/section>\r\n\t\t\t\t<section data-particle_enable=\"false\" data-particle-mobile-disabled=\"false\" class=\"elementor-section elementor-top-section elementor-element elementor-element-9e65217 elementor-section-boxed elementor-section-height-default elementor-section-height-default\" data-id=\"9e65217\" data-element_type=\"section\" data-e-type=\"section\">\r\n\t\t\r\n\t\t\t\t\t\t\t<div class=\"elementor-container elementor-column-gap-default\">\r\n\t\t\t\t\t\t\t\t\t\t\t<div class=\"elementor-column elementor-col-100 elementor-top-column elementor-element elementor-element-c0bd5ca\" data-id=\"c0bd5ca\" data-element_type=\"column\" data-e-type=\"column\">\r\n\t\t\t\t\t<div class=\"elementor-widget-wrap elementor-element-populated\">\r\n\t\t\t\t\t\t\t\t<div class=\"elementor-element elementor-element-48e87c1 elementor-widget elementor-widget-text-editor\" data-id=\"48e87c1\" data-element_type=\"widget\" data-e-type=\"widget\" data-widget_type=\"text-editor.default\">\n\t\t\t\t<div class=\"elementor-widget-container\">\n\t\t\t\t\t\t\t\t\t<p>Les factures relatives \u00e0 l&rsquo;achat de biens, de services ou de fournitures doivent \u00eatre incluses d\u00e8s le d\u00e9part.<\/p><p>Il est essentiel de v\u00e9rifier que toutes les informations n\u00e9cessaires y figurent, y compris l&rsquo;identification de l&rsquo;acheteur et du vendeur, le concept et le <a href=\"https:\/\/sede.agenciatributaria.gob.es\/Sede\/ayuda\/manuales-videos-folletos\/manuales-practicos\/folleto-actividades-economicas\/4-impuesto-sobre-sociedades\/4_3-tipo-gravamen-cuota-integra.html\" target=\"_blank\" rel=\"noopener\">taux d&rsquo;imposition associ\u00e9.<\/a><\/p><p>Et, en cas de doute, il est conseill\u00e9 de demander conseil.<\/p>\t\t\t\t\t\t\t\t<\/div>\n\t\t\t\t<\/div>\n\t\t\t\t\t<\/div>\r\n\t\t\t\t<\/div>\r\n\t\t\t\t\t<\/div>\r\n\t\t\t\t<\/section>\r\n\t\t\t\t<section data-particle_enable=\"false\" data-particle-mobile-disabled=\"false\" class=\"elementor-section elementor-top-section elementor-element elementor-element-74d3f8b elementor-section-boxed elementor-section-height-default elementor-section-height-default\" data-id=\"74d3f8b\" data-element_type=\"section\" data-e-type=\"section\">\r\n\t\t\r\n\t\t\t\t\t\t\t<div class=\"elementor-container elementor-column-gap-default\">\r\n\t\t\t\t\t\t\t\t\t\t\t<div class=\"elementor-column elementor-col-100 elementor-top-column elementor-element elementor-element-7fd4bb7\" data-id=\"7fd4bb7\" data-element_type=\"column\" data-e-type=\"column\">\r\n\t\t\t\t\t<div class=\"elementor-widget-wrap elementor-element-populated\">\r\n\t\t\t\t\t\t\t\t<div class=\"elementor-element elementor-element-ebb5612 elementor-widget elementor-widget-image\" data-id=\"ebb5612\" data-element_type=\"widget\" data-e-type=\"widget\" data-widget_type=\"image.default\">\n\t\t\t\t<div class=\"elementor-widget-container\">\n\t\t\t\t\t\t\t\t\t\t\t\t\t\t\t<img loading=\"lazy\" decoding=\"async\" width=\"640\" height=\"360\" src=\"https:\/\/www.asesoriaorihuelacosta.com\/wp-content\/uploads\/2024\/06\/2-en-tamano-mediano.jpeg\" class=\"attachment-large size-large wp-image-27175\" alt=\"Sigue siempre adelant\" srcset=\"https:\/\/www.asesoriaorihuelacosta.com\/wp-content\/uploads\/2024\/06\/2-en-tamano-mediano.jpeg 640w, https:\/\/www.asesoriaorihuelacosta.com\/wp-content\/uploads\/2024\/06\/2-en-tamano-mediano-400x225.jpeg 400w\" sizes=\"auto, (max-width: 640px) 100vw, 640px\" \/>\t\t\t\t\t\t\t\t\t\t\t\t\t\t\t<\/div>\n\t\t\t\t<\/div>\n\t\t\t\t\t<\/div>\r\n\t\t\t\t<\/div>\r\n\t\t\t\t\t<\/div>\r\n\t\t\t\t<\/section>\r\n\t\t\t\t<section data-particle_enable=\"false\" data-particle-mobile-disabled=\"false\" class=\"elementor-section elementor-top-section elementor-element elementor-element-02d4b10 elementor-section-boxed elementor-section-height-default elementor-section-height-default\" data-id=\"02d4b10\" data-element_type=\"section\" data-e-type=\"section\">\r\n\t\t\r\n\t\t\t\t\t\t\t<div class=\"elementor-container elementor-column-gap-default\">\r\n\t\t\t\t\t\t\t\t\t\t\t<div class=\"elementor-column elementor-col-100 elementor-top-column elementor-element elementor-element-6bfd611\" data-id=\"6bfd611\" data-element_type=\"column\" data-e-type=\"column\">\r\n\t\t\t\t\t<div class=\"elementor-widget-wrap elementor-element-populated\">\r\n\t\t\t\t\t\t\t\t<div class=\"elementor-element elementor-element-5701c02 elementor-widget elementor-widget-heading\" data-id=\"5701c02\" data-element_type=\"widget\" data-e-type=\"widget\" data-widget_type=\"heading.default\">\n\t\t\t\t<div class=\"elementor-widget-container\">\n\t\t\t\t\t<h3 class=\"elementor-heading-title elementor-size-default\">3. R\u00e9gularisation de la d\u00e9duction de la TVA au cours du premier trimestre<\/h3>\t\t\t\t<\/div>\n\t\t\t\t<\/div>\n\t\t\t\t\t<\/div>\r\n\t\t\t\t<\/div>\r\n\t\t\t\t\t<\/div>\r\n\t\t\t\t<\/section>\r\n\t\t\t\t<section data-particle_enable=\"false\" data-particle-mobile-disabled=\"false\" class=\"elementor-section elementor-top-section elementor-element elementor-element-4c3e8f3 elementor-section-boxed elementor-section-height-default elementor-section-height-default\" data-id=\"4c3e8f3\" data-element_type=\"section\" data-e-type=\"section\">\r\n\t\t\r\n\t\t\t\t\t\t\t<div class=\"elementor-container elementor-column-gap-default\">\r\n\t\t\t\t\t\t\t\t\t\t\t<div class=\"elementor-column elementor-col-100 elementor-top-column elementor-element elementor-element-2b43948\" data-id=\"2b43948\" data-element_type=\"column\" data-e-type=\"column\">\r\n\t\t\t\t\t<div class=\"elementor-widget-wrap elementor-element-populated\">\r\n\t\t\t\t\t\t\t\t<div class=\"elementor-element elementor-element-133422a elementor-widget elementor-widget-text-editor\" data-id=\"133422a\" data-element_type=\"widget\" data-e-type=\"widget\" data-widget_type=\"text-editor.default\">\n\t\t\t\t<div class=\"elementor-widget-container\">\n\t\t\t\t\t\t\t\t\t<p>Des biens ou des services peuvent avoir \u00e9t\u00e9 achet\u00e9s au cours du processus d&rsquo;enregistrement.<\/p><p>S&rsquo;il peut \u00eatre d\u00e9montr\u00e9 qu&rsquo;ils sont indispensables \u00e0 l&rsquo;exercice de l&rsquo;activit\u00e9, ils peuvent \u00eatre inclus dans la d\u00e9claration de TVA du trimestre suivant.<\/p><p>Toutefois, dans ce cas, des informations compl\u00e9mentaires doivent \u00eatre fournies afin d&rsquo;\u00e9viter toute erreur d&rsquo;interpr\u00e9tation.<\/p><p>Ce processus n&rsquo;est valable que pour la premi\u00e8re imposition \u00e0 la TVA. Par la suite, il ne sera plus possible de compenser les montants.<\/p>\t\t\t\t\t\t\t\t<\/div>\n\t\t\t\t<\/div>\n\t\t\t\t\t<\/div>\r\n\t\t\t\t<\/div>\r\n\t\t\t\t\t<\/div>\r\n\t\t\t\t<\/section>\r\n\t\t\t\t<section data-particle_enable=\"false\" data-particle-mobile-disabled=\"false\" class=\"elementor-section elementor-top-section elementor-element elementor-element-4d635ea elementor-section-boxed elementor-section-height-default elementor-section-height-default\" data-id=\"4d635ea\" data-element_type=\"section\" data-e-type=\"section\">\r\n\t\t\r\n\t\t\t\t\t\t\t<div class=\"elementor-container elementor-column-gap-default\">\r\n\t\t\t\t\t\t\t\t\t\t\t<div class=\"elementor-column elementor-col-100 elementor-top-column elementor-element elementor-element-98c3bcd\" data-id=\"98c3bcd\" data-element_type=\"column\" data-e-type=\"column\">\r\n\t\t\t\t\t<div class=\"elementor-widget-wrap elementor-element-populated\">\r\n\t\t\t\t\t\t\t\t<div class=\"elementor-element elementor-element-23e690d elementor-widget elementor-widget-heading\" data-id=\"23e690d\" data-element_type=\"widget\" data-e-type=\"widget\" data-widget_type=\"heading.default\">\n\t\t\t\t<div class=\"elementor-widget-container\">\n\t\t\t\t\t<h2 class=\"elementor-heading-title elementor-size-default\">Obtenir des conseils de professionnels qualifi\u00e9s<\/h2>\t\t\t\t<\/div>\n\t\t\t\t<\/div>\n\t\t\t\t\t<\/div>\r\n\t\t\t\t<\/div>\r\n\t\t\t\t\t<\/div>\r\n\t\t\t\t<\/section>\r\n\t\t\t\t<section data-particle_enable=\"false\" data-particle-mobile-disabled=\"false\" class=\"elementor-section elementor-top-section elementor-element elementor-element-cb2cb90 elementor-section-boxed elementor-section-height-default elementor-section-height-default\" data-id=\"cb2cb90\" data-element_type=\"section\" data-e-type=\"section\">\r\n\t\t\r\n\t\t\t\t\t\t\t<div class=\"elementor-container elementor-column-gap-default\">\r\n\t\t\t\t\t\t\t\t\t\t\t<div class=\"elementor-column elementor-col-100 elementor-top-column elementor-element elementor-element-638bdb5\" data-id=\"638bdb5\" data-element_type=\"column\" data-e-type=\"column\">\r\n\t\t\t\t\t<div class=\"elementor-widget-wrap elementor-element-populated\">\r\n\t\t\t\t\t\t\t\t<div class=\"elementor-element elementor-element-f9af48f elementor-widget elementor-widget-text-editor\" data-id=\"f9af48f\" data-element_type=\"widget\" data-e-type=\"widget\" data-widget_type=\"text-editor.default\">\n\t\t\t\t<div class=\"elementor-widget-container\">\n\t\t\t\t\t\t\t\t\t<p>Vous ouvrez une entreprise et vous voulez savoir quand et comment d\u00e9duire la TVA avec toutes les garanties ? L&rsquo;id\u00e9al est de faire appel \u00e0 un conseiller fiscal.<\/p><p>Chez Asesor\u00eda Orihuela Costa, nous vous fournissons tout ce dont vous avez besoin pour appliquer les d\u00e9ductions et effectuer les d\u00e9clarations fiscales aupr\u00e8s de l&rsquo;administration fiscale.<\/p><p>N&rsquo;h\u00e9sitez pas \u00e0 nous <a href=\"https:\/\/www.asesoriaorihuelacosta.com\/fr\/contacter\/\" target=\"_blank\" rel=\"noopener\"><strong>contacter<\/strong><\/a> !<\/p>\t\t\t\t\t\t\t\t<\/div>\n\t\t\t\t<\/div>\n\t\t\t\t\t<\/div>\r\n\t\t\t\t<\/div>\r\n\t\t\t\t\t<\/div>\r\n\t\t\t\t<\/section>\r\n\t\t\t\t<\/div>\n\t\t","protected":false},"excerpt":{"rendered":"<p>La d\u00e9duction de la TVA au d\u00e9marrage d&rsquo;une entreprise est parfaitement l\u00e9gale, m\u00eame si elle peut entra\u00eener des difficult\u00e9s suppl\u00e9mentaires. Nous vous expliquons comment proc\u00e9der correctement pour \u00e9viter tout probl\u00e8me. Comment d\u00e9duire la TVA au d\u00e9but de l&rsquo;activit\u00e9 ? La d\u00e9duction de la TVA lors de la cr\u00e9ation d&rsquo;une entreprise fonctionne de la m\u00eame mani\u00e8re [&hellip;]<\/p>\n","protected":false},"author":2,"featured_media":27934,"comment_status":"closed","ping_status":"closed","sticky":false,"template":"","format":"standard","meta":{"_eb_attr":"","inline_featured_image":false,"footnotes":""},"categories":[46],"tags":[],"class_list":["post-28306","post","type-post","status-publish","format-standard","has-post-thumbnail","hentry","category-blog"],"featured_image_src":{"landsacpe":["https:\/\/www.asesoriaorihuelacosta.com\/wp-content\/uploads\/2024\/07\/deduce-iva-inicio-actividad-1000x445.jpeg",1000,445,true],"list":["https:\/\/www.asesoriaorihuelacosta.com\/wp-content\/uploads\/2024\/07\/deduce-iva-inicio-actividad-463x348.jpeg",463,348,true],"medium":["https:\/\/www.asesoriaorihuelacosta.com\/wp-content\/uploads\/2024\/07\/deduce-iva-inicio-actividad-300x199.jpeg",300,199,true],"full":["https:\/\/www.asesoriaorihuelacosta.com\/wp-content\/uploads\/2024\/07\/deduce-iva-inicio-actividad.jpeg",1000,664,false]},"yoast_head":"<!-- This site is optimized with the Yoast SEO Premium plugin v24.7 (Yoast SEO v27.5) - https:\/\/yoast.com\/product\/yoast-seo-premium-wordpress\/ -->\n<title>Comment la TVA est-elle d\u00e9duite au d\u00e9but de l&#039;activit\u00e9 ? - Asesor\u00eda Orihuela Costa<\/title>\n<meta name=\"description\" content=\"\u27a2 D\u00c9DUIRE la TVA au d\u00e9but de l&#039;activit\u00e9 de l&#039;entreprise est possible pour \u00e9conomiser les co\u00fbts de l&#039;entreprise. \u27a2 D\u00e9couvrez comment faire !\" \/>\n<meta name=\"robots\" content=\"index, follow, max-snippet:-1, max-image-preview:large, max-video-preview:-1\" \/>\n<link rel=\"canonical\" href=\"https:\/\/www.asesoriaorihuelacosta.com\/fr\/comment-la-tva-est-elle-deduite-au-debut-de-lactivite\/\" \/>\n<meta property=\"og:locale\" content=\"fr_FR\" \/>\n<meta property=\"og:type\" content=\"article\" \/>\n<meta property=\"og:title\" content=\"Comment la TVA est-elle d\u00e9duite au d\u00e9but de l&#039;activit\u00e9 ?\" \/>\n<meta property=\"og:description\" content=\"\u27a2 D\u00c9DUIRE la TVA au d\u00e9but de l&#039;activit\u00e9 de l&#039;entreprise est possible pour \u00e9conomiser les co\u00fbts de l&#039;entreprise. \u27a2 D\u00e9couvrez comment faire !\" \/>\n<meta property=\"og:url\" content=\"https:\/\/www.asesoriaorihuelacosta.com\/fr\/comment-la-tva-est-elle-deduite-au-debut-de-lactivite\/\" \/>\n<meta property=\"og:site_name\" content=\"Asesor\u00eda Orihuela Costa\" \/>\n<meta property=\"article:publisher\" content=\"https:\/\/www.facebook.com\/asesoriaorihuelacosta\" \/>\n<meta property=\"article:author\" content=\"https:\/\/www.facebook.com\/patrick.gordinneperez\" \/>\n<meta property=\"article:published_time\" content=\"2024-07-20T20:52:47+00:00\" \/>\n<meta property=\"article:modified_time\" content=\"2024-07-25T17:22:04+00:00\" \/>\n<meta property=\"og:image\" content=\"https:\/\/www.asesoriaorihuelacosta.com\/wp-content\/uploads\/2024\/07\/deduce-iva-inicio-actividad.jpeg\" \/>\n\t<meta property=\"og:image:width\" content=\"1000\" \/>\n\t<meta property=\"og:image:height\" content=\"664\" \/>\n\t<meta property=\"og:image:type\" content=\"image\/jpeg\" \/>\n<meta name=\"author\" content=\"Patrick Gordinne Perez\" \/>\n<meta name=\"twitter:card\" content=\"summary_large_image\" \/>\n<meta name=\"twitter:label1\" content=\"\u00c9crit par\" \/>\n\t<meta name=\"twitter:data1\" content=\"Patrick Gordinne Perez\" \/>\n\t<meta name=\"twitter:label2\" content=\"Dur\u00e9e de lecture estim\u00e9e\" \/>\n\t<meta name=\"twitter:data2\" content=\"3 minutes\" \/>\n<script type=\"application\/ld+json\" class=\"yoast-schema-graph\">{\"@context\":\"https:\\\/\\\/schema.org\",\"@graph\":[{\"@type\":\"Article\",\"@id\":\"https:\\\/\\\/www.asesoriaorihuelacosta.com\\\/fr\\\/comment-la-tva-est-elle-deduite-au-debut-de-lactivite\\\/#article\",\"isPartOf\":{\"@id\":\"https:\\\/\\\/www.asesoriaorihuelacosta.com\\\/fr\\\/comment-la-tva-est-elle-deduite-au-debut-de-lactivite\\\/\"},\"author\":{\"name\":\"Patrick Gordinne Perez\",\"@id\":\"https:\\\/\\\/www.asesoriaorihuelacosta.com\\\/fr\\\/#\\\/schema\\\/person\\\/6614ce8cf6d2de542aaf351629fd539e\"},\"headline\":\"Comment la TVA est-elle d\u00e9duite au d\u00e9but de l&rsquo;activit\u00e9 ?\",\"datePublished\":\"2024-07-20T20:52:47+00:00\",\"dateModified\":\"2024-07-25T17:22:04+00:00\",\"mainEntityOfPage\":{\"@id\":\"https:\\\/\\\/www.asesoriaorihuelacosta.com\\\/fr\\\/comment-la-tva-est-elle-deduite-au-debut-de-lactivite\\\/\"},\"wordCount\":654,\"publisher\":{\"@id\":\"https:\\\/\\\/www.asesoriaorihuelacosta.com\\\/fr\\\/#organization\"},\"image\":{\"@id\":\"https:\\\/\\\/www.asesoriaorihuelacosta.com\\\/fr\\\/comment-la-tva-est-elle-deduite-au-debut-de-lactivite\\\/#primaryimage\"},\"thumbnailUrl\":\"https:\\\/\\\/www.asesoriaorihuelacosta.com\\\/wp-content\\\/uploads\\\/2024\\\/07\\\/deduce-iva-inicio-actividad.jpeg\",\"articleSection\":[\"Blog\"],\"inLanguage\":\"fr-FR\"},{\"@type\":\"WebPage\",\"@id\":\"https:\\\/\\\/www.asesoriaorihuelacosta.com\\\/fr\\\/comment-la-tva-est-elle-deduite-au-debut-de-lactivite\\\/\",\"url\":\"https:\\\/\\\/www.asesoriaorihuelacosta.com\\\/fr\\\/comment-la-tva-est-elle-deduite-au-debut-de-lactivite\\\/\",\"name\":\"Comment la TVA est-elle d\u00e9duite au d\u00e9but de l'activit\u00e9 ? - Asesor\u00eda Orihuela Costa\",\"isPartOf\":{\"@id\":\"https:\\\/\\\/www.asesoriaorihuelacosta.com\\\/fr\\\/#website\"},\"primaryImageOfPage\":{\"@id\":\"https:\\\/\\\/www.asesoriaorihuelacosta.com\\\/fr\\\/comment-la-tva-est-elle-deduite-au-debut-de-lactivite\\\/#primaryimage\"},\"image\":{\"@id\":\"https:\\\/\\\/www.asesoriaorihuelacosta.com\\\/fr\\\/comment-la-tva-est-elle-deduite-au-debut-de-lactivite\\\/#primaryimage\"},\"thumbnailUrl\":\"https:\\\/\\\/www.asesoriaorihuelacosta.com\\\/wp-content\\\/uploads\\\/2024\\\/07\\\/deduce-iva-inicio-actividad.jpeg\",\"datePublished\":\"2024-07-20T20:52:47+00:00\",\"dateModified\":\"2024-07-25T17:22:04+00:00\",\"description\":\"\u27a2 D\u00c9DUIRE la TVA au d\u00e9but de l'activit\u00e9 de l'entreprise est possible pour \u00e9conomiser les co\u00fbts de l'entreprise. \u27a2 D\u00e9couvrez comment faire !\",\"breadcrumb\":{\"@id\":\"https:\\\/\\\/www.asesoriaorihuelacosta.com\\\/fr\\\/comment-la-tva-est-elle-deduite-au-debut-de-lactivite\\\/#breadcrumb\"},\"inLanguage\":\"fr-FR\",\"potentialAction\":[{\"@type\":\"ReadAction\",\"target\":[\"https:\\\/\\\/www.asesoriaorihuelacosta.com\\\/fr\\\/comment-la-tva-est-elle-deduite-au-debut-de-lactivite\\\/\"]}]},{\"@type\":\"ImageObject\",\"inLanguage\":\"fr-FR\",\"@id\":\"https:\\\/\\\/www.asesoriaorihuelacosta.com\\\/fr\\\/comment-la-tva-est-elle-deduite-au-debut-de-lactivite\\\/#primaryimage\",\"url\":\"https:\\\/\\\/www.asesoriaorihuelacosta.com\\\/wp-content\\\/uploads\\\/2024\\\/07\\\/deduce-iva-inicio-actividad.jpeg\",\"contentUrl\":\"https:\\\/\\\/www.asesoriaorihuelacosta.com\\\/wp-content\\\/uploads\\\/2024\\\/07\\\/deduce-iva-inicio-actividad.jpeg\",\"width\":1000,\"height\":664,\"caption\":\"deduce-iva-inicio-actividad\"},{\"@type\":\"BreadcrumbList\",\"@id\":\"https:\\\/\\\/www.asesoriaorihuelacosta.com\\\/fr\\\/comment-la-tva-est-elle-deduite-au-debut-de-lactivite\\\/#breadcrumb\",\"itemListElement\":[{\"@type\":\"ListItem\",\"position\":1,\"name\":\"Home\",\"item\":\"https:\\\/\\\/www.asesoriaorihuelacosta.com\\\/fr\\\/\"},{\"@type\":\"ListItem\",\"position\":2,\"name\":\"Comment la TVA est-elle d\u00e9duite au d\u00e9but de l&#8217;activit\u00e9 ?\"}]},{\"@type\":\"WebSite\",\"@id\":\"https:\\\/\\\/www.asesoriaorihuelacosta.com\\\/fr\\\/#website\",\"url\":\"https:\\\/\\\/www.asesoriaorihuelacosta.com\\\/fr\\\/\",\"name\":\"https:\\\/\\\/www.asesoriaorihuelacosta.com\\\/\",\"description\":\"Grupo de asesores profesionales\",\"publisher\":{\"@id\":\"https:\\\/\\\/www.asesoriaorihuelacosta.com\\\/fr\\\/#organization\"},\"potentialAction\":[{\"@type\":\"SearchAction\",\"target\":{\"@type\":\"EntryPoint\",\"urlTemplate\":\"https:\\\/\\\/www.asesoriaorihuelacosta.com\\\/fr\\\/?s={search_term_string}\"},\"query-input\":{\"@type\":\"PropertyValueSpecification\",\"valueRequired\":true,\"valueName\":\"search_term_string\"}}],\"inLanguage\":\"fr-FR\"},{\"@type\":\"Organization\",\"@id\":\"https:\\\/\\\/www.asesoriaorihuelacosta.com\\\/fr\\\/#organization\",\"name\":\"Asesor\u00eda Orihuela Costa\",\"url\":\"https:\\\/\\\/www.asesoriaorihuelacosta.com\\\/fr\\\/\",\"logo\":{\"@type\":\"ImageObject\",\"inLanguage\":\"fr-FR\",\"@id\":\"https:\\\/\\\/www.asesoriaorihuelacosta.com\\\/fr\\\/#\\\/schema\\\/logo\\\/image\\\/\",\"url\":\"https:\\\/\\\/www.asesoriaorihuelacosta.com\\\/wp-content\\\/uploads\\\/2022\\\/06\\\/Logo-espa\u5bf8l-asesoriaorihuela.jpg\",\"contentUrl\":\"https:\\\/\\\/www.asesoriaorihuelacosta.com\\\/wp-content\\\/uploads\\\/2022\\\/06\\\/Logo-espa\u5bf8l-asesoriaorihuela.jpg\",\"width\":588,\"height\":136,\"caption\":\"Asesor\u00eda Orihuela Costa\"},\"image\":{\"@id\":\"https:\\\/\\\/www.asesoriaorihuelacosta.com\\\/fr\\\/#\\\/schema\\\/logo\\\/image\\\/\"},\"sameAs\":[\"https:\\\/\\\/www.facebook.com\\\/asesoriaorihuelacosta\"]},{\"@type\":\"Person\",\"@id\":\"https:\\\/\\\/www.asesoriaorihuelacosta.com\\\/fr\\\/#\\\/schema\\\/person\\\/6614ce8cf6d2de542aaf351629fd539e\",\"name\":\"Patrick Gordinne Perez\",\"description\":\"Soy economista colegiado por el colegio de economistas de Alicante con el n\u00famero 2722. Llevo ejerciendo desde el a\u00f1o 2005. Soy especialista en fiscalidad de empresas y aut\u00f3nomos y tambi\u00e9n especialista en gestionar compraventas. Hablo espa\u00f1ol, ingl\u00e9s y franc\u00e9s.\",\"sameAs\":[\"https:\\\/\\\/www.asesoriaorihuelacosta.com\",\"https:\\\/\\\/www.facebook.com\\\/patrick.gordinneperez\",\"https:\\\/\\\/www.linkedin.com\\\/in\\\/patrick-gordinne-perez-1b73aab3\\\/\",\"https:\\\/\\\/www.youtube.com\\\/channel\\\/UC5e95RJEVQlxCnhwDmGNVCw\"],\"gender\":\"Hombre\",\"knowsLanguage\":[\"ingl\u00e9s\",\"franc\u00e9s\",\"espa\u00f1ol\"],\"jobTitle\":\"Gerente\",\"worksFor\":\"Asesoria Orihuela Costa SL\"}]}<\/script>\n<!-- \/ Yoast SEO Premium plugin. -->","yoast_head_json":{"title":"Comment la TVA est-elle d\u00e9duite au d\u00e9but de l'activit\u00e9 ? - Asesor\u00eda Orihuela Costa","description":"\u27a2 D\u00c9DUIRE la TVA au d\u00e9but de l'activit\u00e9 de l'entreprise est possible pour \u00e9conomiser les co\u00fbts de l'entreprise. \u27a2 D\u00e9couvrez comment faire !","robots":{"index":"index","follow":"follow","max-snippet":"max-snippet:-1","max-image-preview":"max-image-preview:large","max-video-preview":"max-video-preview:-1"},"canonical":"https:\/\/www.asesoriaorihuelacosta.com\/fr\/comment-la-tva-est-elle-deduite-au-debut-de-lactivite\/","og_locale":"fr_FR","og_type":"article","og_title":"Comment la TVA est-elle d\u00e9duite au d\u00e9but de l'activit\u00e9 ?","og_description":"\u27a2 D\u00c9DUIRE la TVA au d\u00e9but de l'activit\u00e9 de l'entreprise est possible pour \u00e9conomiser les co\u00fbts de l'entreprise. \u27a2 D\u00e9couvrez comment faire !","og_url":"https:\/\/www.asesoriaorihuelacosta.com\/fr\/comment-la-tva-est-elle-deduite-au-debut-de-lactivite\/","og_site_name":"Asesor\u00eda Orihuela Costa","article_publisher":"https:\/\/www.facebook.com\/asesoriaorihuelacosta","article_author":"https:\/\/www.facebook.com\/patrick.gordinneperez","article_published_time":"2024-07-20T20:52:47+00:00","article_modified_time":"2024-07-25T17:22:04+00:00","og_image":[{"width":1000,"height":664,"url":"https:\/\/www.asesoriaorihuelacosta.com\/wp-content\/uploads\/2024\/07\/deduce-iva-inicio-actividad.jpeg","type":"image\/jpeg"}],"author":"Patrick Gordinne Perez","twitter_card":"summary_large_image","twitter_misc":{"\u00c9crit par":"Patrick Gordinne Perez","Dur\u00e9e de lecture estim\u00e9e":"3 minutes"},"schema":{"@context":"https:\/\/schema.org","@graph":[{"@type":"Article","@id":"https:\/\/www.asesoriaorihuelacosta.com\/fr\/comment-la-tva-est-elle-deduite-au-debut-de-lactivite\/#article","isPartOf":{"@id":"https:\/\/www.asesoriaorihuelacosta.com\/fr\/comment-la-tva-est-elle-deduite-au-debut-de-lactivite\/"},"author":{"name":"Patrick Gordinne Perez","@id":"https:\/\/www.asesoriaorihuelacosta.com\/fr\/#\/schema\/person\/6614ce8cf6d2de542aaf351629fd539e"},"headline":"Comment la TVA est-elle d\u00e9duite au d\u00e9but de l&rsquo;activit\u00e9 ?","datePublished":"2024-07-20T20:52:47+00:00","dateModified":"2024-07-25T17:22:04+00:00","mainEntityOfPage":{"@id":"https:\/\/www.asesoriaorihuelacosta.com\/fr\/comment-la-tva-est-elle-deduite-au-debut-de-lactivite\/"},"wordCount":654,"publisher":{"@id":"https:\/\/www.asesoriaorihuelacosta.com\/fr\/#organization"},"image":{"@id":"https:\/\/www.asesoriaorihuelacosta.com\/fr\/comment-la-tva-est-elle-deduite-au-debut-de-lactivite\/#primaryimage"},"thumbnailUrl":"https:\/\/www.asesoriaorihuelacosta.com\/wp-content\/uploads\/2024\/07\/deduce-iva-inicio-actividad.jpeg","articleSection":["Blog"],"inLanguage":"fr-FR"},{"@type":"WebPage","@id":"https:\/\/www.asesoriaorihuelacosta.com\/fr\/comment-la-tva-est-elle-deduite-au-debut-de-lactivite\/","url":"https:\/\/www.asesoriaorihuelacosta.com\/fr\/comment-la-tva-est-elle-deduite-au-debut-de-lactivite\/","name":"Comment la TVA est-elle d\u00e9duite au d\u00e9but de l'activit\u00e9 ? - Asesor\u00eda Orihuela Costa","isPartOf":{"@id":"https:\/\/www.asesoriaorihuelacosta.com\/fr\/#website"},"primaryImageOfPage":{"@id":"https:\/\/www.asesoriaorihuelacosta.com\/fr\/comment-la-tva-est-elle-deduite-au-debut-de-lactivite\/#primaryimage"},"image":{"@id":"https:\/\/www.asesoriaorihuelacosta.com\/fr\/comment-la-tva-est-elle-deduite-au-debut-de-lactivite\/#primaryimage"},"thumbnailUrl":"https:\/\/www.asesoriaorihuelacosta.com\/wp-content\/uploads\/2024\/07\/deduce-iva-inicio-actividad.jpeg","datePublished":"2024-07-20T20:52:47+00:00","dateModified":"2024-07-25T17:22:04+00:00","description":"\u27a2 D\u00c9DUIRE la TVA au d\u00e9but de l'activit\u00e9 de l'entreprise est possible pour \u00e9conomiser les co\u00fbts de l'entreprise. \u27a2 D\u00e9couvrez comment faire !","breadcrumb":{"@id":"https:\/\/www.asesoriaorihuelacosta.com\/fr\/comment-la-tva-est-elle-deduite-au-debut-de-lactivite\/#breadcrumb"},"inLanguage":"fr-FR","potentialAction":[{"@type":"ReadAction","target":["https:\/\/www.asesoriaorihuelacosta.com\/fr\/comment-la-tva-est-elle-deduite-au-debut-de-lactivite\/"]}]},{"@type":"ImageObject","inLanguage":"fr-FR","@id":"https:\/\/www.asesoriaorihuelacosta.com\/fr\/comment-la-tva-est-elle-deduite-au-debut-de-lactivite\/#primaryimage","url":"https:\/\/www.asesoriaorihuelacosta.com\/wp-content\/uploads\/2024\/07\/deduce-iva-inicio-actividad.jpeg","contentUrl":"https:\/\/www.asesoriaorihuelacosta.com\/wp-content\/uploads\/2024\/07\/deduce-iva-inicio-actividad.jpeg","width":1000,"height":664,"caption":"deduce-iva-inicio-actividad"},{"@type":"BreadcrumbList","@id":"https:\/\/www.asesoriaorihuelacosta.com\/fr\/comment-la-tva-est-elle-deduite-au-debut-de-lactivite\/#breadcrumb","itemListElement":[{"@type":"ListItem","position":1,"name":"Home","item":"https:\/\/www.asesoriaorihuelacosta.com\/fr\/"},{"@type":"ListItem","position":2,"name":"Comment la TVA est-elle d\u00e9duite au d\u00e9but de l&#8217;activit\u00e9 ?"}]},{"@type":"WebSite","@id":"https:\/\/www.asesoriaorihuelacosta.com\/fr\/#website","url":"https:\/\/www.asesoriaorihuelacosta.com\/fr\/","name":"https:\/\/www.asesoriaorihuelacosta.com\/","description":"Grupo de asesores profesionales","publisher":{"@id":"https:\/\/www.asesoriaorihuelacosta.com\/fr\/#organization"},"potentialAction":[{"@type":"SearchAction","target":{"@type":"EntryPoint","urlTemplate":"https:\/\/www.asesoriaorihuelacosta.com\/fr\/?s={search_term_string}"},"query-input":{"@type":"PropertyValueSpecification","valueRequired":true,"valueName":"search_term_string"}}],"inLanguage":"fr-FR"},{"@type":"Organization","@id":"https:\/\/www.asesoriaorihuelacosta.com\/fr\/#organization","name":"Asesor\u00eda Orihuela Costa","url":"https:\/\/www.asesoriaorihuelacosta.com\/fr\/","logo":{"@type":"ImageObject","inLanguage":"fr-FR","@id":"https:\/\/www.asesoriaorihuelacosta.com\/fr\/#\/schema\/logo\/image\/","url":"https:\/\/www.asesoriaorihuelacosta.com\/wp-content\/uploads\/2022\/06\/Logo-espa\u5bf8l-asesoriaorihuela.jpg","contentUrl":"https:\/\/www.asesoriaorihuelacosta.com\/wp-content\/uploads\/2022\/06\/Logo-espa\u5bf8l-asesoriaorihuela.jpg","width":588,"height":136,"caption":"Asesor\u00eda Orihuela Costa"},"image":{"@id":"https:\/\/www.asesoriaorihuelacosta.com\/fr\/#\/schema\/logo\/image\/"},"sameAs":["https:\/\/www.facebook.com\/asesoriaorihuelacosta"]},{"@type":"Person","@id":"https:\/\/www.asesoriaorihuelacosta.com\/fr\/#\/schema\/person\/6614ce8cf6d2de542aaf351629fd539e","name":"Patrick Gordinne Perez","description":"Soy economista colegiado por el colegio de economistas de Alicante con el n\u00famero 2722. Llevo ejerciendo desde el a\u00f1o 2005. Soy especialista en fiscalidad de empresas y aut\u00f3nomos y tambi\u00e9n especialista en gestionar compraventas. Hablo espa\u00f1ol, ingl\u00e9s y franc\u00e9s.","sameAs":["https:\/\/www.asesoriaorihuelacosta.com","https:\/\/www.facebook.com\/patrick.gordinneperez","https:\/\/www.linkedin.com\/in\/patrick-gordinne-perez-1b73aab3\/","https:\/\/www.youtube.com\/channel\/UC5e95RJEVQlxCnhwDmGNVCw"],"gender":"Hombre","knowsLanguage":["ingl\u00e9s","franc\u00e9s","espa\u00f1ol"],"jobTitle":"Gerente","worksFor":"Asesoria Orihuela Costa SL"}]}},"_links":{"self":[{"href":"https:\/\/www.asesoriaorihuelacosta.com\/fr\/wp-json\/wp\/v2\/posts\/28306","targetHints":{"allow":["GET"]}}],"collection":[{"href":"https:\/\/www.asesoriaorihuelacosta.com\/fr\/wp-json\/wp\/v2\/posts"}],"about":[{"href":"https:\/\/www.asesoriaorihuelacosta.com\/fr\/wp-json\/wp\/v2\/types\/post"}],"author":[{"embeddable":true,"href":"https:\/\/www.asesoriaorihuelacosta.com\/fr\/wp-json\/wp\/v2\/users\/2"}],"replies":[{"embeddable":true,"href":"https:\/\/www.asesoriaorihuelacosta.com\/fr\/wp-json\/wp\/v2\/comments?post=28306"}],"version-history":[{"count":7,"href":"https:\/\/www.asesoriaorihuelacosta.com\/fr\/wp-json\/wp\/v2\/posts\/28306\/revisions"}],"predecessor-version":[{"id":28313,"href":"https:\/\/www.asesoriaorihuelacosta.com\/fr\/wp-json\/wp\/v2\/posts\/28306\/revisions\/28313"}],"wp:featuredmedia":[{"embeddable":true,"href":"https:\/\/www.asesoriaorihuelacosta.com\/fr\/wp-json\/wp\/v2\/media\/27934"}],"wp:attachment":[{"href":"https:\/\/www.asesoriaorihuelacosta.com\/fr\/wp-json\/wp\/v2\/media?parent=28306"}],"wp:term":[{"taxonomy":"category","embeddable":true,"href":"https:\/\/www.asesoriaorihuelacosta.com\/fr\/wp-json\/wp\/v2\/categories?post=28306"},{"taxonomy":"post_tag","embeddable":true,"href":"https:\/\/www.asesoriaorihuelacosta.com\/fr\/wp-json\/wp\/v2\/tags?post=28306"}],"curies":[{"name":"wp","href":"https:\/\/api.w.org\/{rel}","templated":true}]}}