{"id":28001,"date":"2024-07-16T17:08:04","date_gmt":"2024-07-16T17:08:04","guid":{"rendered":"https:\/\/www.asesoriaorihuelacosta.com\/?p=28001"},"modified":"2024-07-23T04:52:12","modified_gmt":"2024-07-23T04:52:12","slug":"conseils-pour-gerer-le-stress-et-eviter-lepuisement-professionnel","status":"publish","type":"post","link":"https:\/\/www.asesoriaorihuelacosta.com\/fr\/conseils-pour-gerer-le-stress-et-eviter-lepuisement-professionnel\/","title":{"rendered":"Conseils pour g\u00e9rer le stress et \u00e9viter l&rsquo;\u00e9puisement professionnel"},"content":{"rendered":"\t\t<div data-elementor-type=\"wp-post\" data-elementor-id=\"28001\" class=\"elementor elementor-28001\" data-elementor-post-type=\"post\">\n\t\t\t\t\t\t<section data-particle_enable=\"false\" data-particle-mobile-disabled=\"false\" class=\"elementor-section elementor-top-section elementor-element elementor-element-fd21689 elementor-section-boxed elementor-section-height-default elementor-section-height-default\" data-id=\"fd21689\" data-element_type=\"section\" data-e-type=\"section\">\r\n\t\t\r\n\t\t\t\t\t\t\t<div class=\"elementor-container elementor-column-gap-default\">\r\n\t\t\t\t\t\t\t\t\t\t\t<div class=\"elementor-column elementor-col-100 elementor-top-column elementor-element elementor-element-68f273c\" data-id=\"68f273c\" data-element_type=\"column\" data-e-type=\"column\">\r\n\t\t\t\t\t<div class=\"elementor-widget-wrap elementor-element-populated\">\r\n\t\t\t\t\t\t\t\t<div class=\"elementor-element elementor-element-334f0e8 elementor-widget elementor-widget-text-editor\" data-id=\"334f0e8\" data-element_type=\"widget\" data-e-type=\"widget\" data-widget_type=\"text-editor.default\">\n\t\t\t\t<div class=\"elementor-widget-container\">\n\t\t\t\t\t\t\t\t\t<p>Ces derniers temps, nous sommes nombreux \u00e0 chercher des moyens de g\u00e9rer efficacement le stress. Nous savons que la gestion du stress est fondamentale pour notre sant\u00e9 mentale et pour maintenir un bon \u00e9quilibre entre vie professionnelle et vie priv\u00e9e. Pour commencer, nous devons identifier les sources de stress dans notre vie quotidienne et appliquer des techniques telles que la respiration profonde, la m\u00e9ditation ou l&rsquo;exercice physique. Ces strat\u00e9gies nous aident \u00e0 r\u00e9duire les tensions accumul\u00e9es et \u00e0 relever les d\u00e9fis avec un esprit plus clair et plus calme.<\/p><p>En outre, nous devrions mettre en \u0153uvre des strat\u00e9gies d&rsquo;autosoins qui nous permettent de pr\u00e9venir la fatigue chronique. Il s&rsquo;agit notamment d&rsquo;adopter des habitudes saines telles qu&rsquo;une alimentation \u00e9quilibr\u00e9e, un sommeil suffisant et de consacrer du temps \u00e0 des activit\u00e9s qui nous plaisent et nous d\u00e9tendent. N&rsquo;oubliez pas que prendre soin de soi n&rsquo;est pas un luxe, mais une n\u00e9cessit\u00e9 pour maintenir notre \u00e9nergie et notre bien-\u00eatre g\u00e9n\u00e9ral. En appliquant ces mesures, nous pouvons \u00e9viter l&rsquo;\u00e9puisement professionnel et profiter d&rsquo;une vie plus riche et plus \u00e9quilibr\u00e9e.<\/p>\t\t\t\t\t\t\t\t<\/div>\n\t\t\t\t<\/div>\n\t\t\t\t\t<\/div>\r\n\t\t\t\t<\/div>\r\n\t\t\t\t\t<\/div>\r\n\t\t\t\t<\/section>\r\n\t\t\t\t<section data-particle_enable=\"false\" data-particle-mobile-disabled=\"false\" class=\"elementor-section elementor-top-section elementor-element elementor-element-3b89613 elementor-section-boxed elementor-section-height-default elementor-section-height-default\" data-id=\"3b89613\" data-element_type=\"section\" data-e-type=\"section\">\r\n\t\t\r\n\t\t\t\t\t\t\t<div class=\"elementor-container elementor-column-gap-default\">\r\n\t\t\t\t\t\t\t\t\t\t\t<div class=\"elementor-column elementor-col-100 elementor-top-column elementor-element elementor-element-6aae08d\" data-id=\"6aae08d\" data-element_type=\"column\" data-e-type=\"column\">\r\n\t\t\t\t\t<div class=\"elementor-widget-wrap elementor-element-populated\">\r\n\t\t\t\t\t\t\t\t<div class=\"elementor-element elementor-element-aa99cc6 elementor-widget elementor-widget-heading\" data-id=\"aa99cc6\" data-element_type=\"widget\" data-e-type=\"widget\" data-widget_type=\"heading.default\">\n\t\t\t\t<div class=\"elementor-widget-container\">\n\t\t\t\t\t<h2 class=\"elementor-heading-title elementor-size-default\">Conseils pour g\u00e9rer le stress\n<\/h2>\t\t\t\t<\/div>\n\t\t\t\t<\/div>\n\t\t\t\t\t<\/div>\r\n\t\t\t\t<\/div>\r\n\t\t\t\t\t<\/div>\r\n\t\t\t\t<\/section>\r\n\t\t\t\t<section data-particle_enable=\"false\" data-particle-mobile-disabled=\"false\" class=\"elementor-section elementor-top-section elementor-element elementor-element-ad3de72 elementor-section-boxed elementor-section-height-default elementor-section-height-default\" data-id=\"ad3de72\" data-element_type=\"section\" data-e-type=\"section\">\r\n\t\t\r\n\t\t\t\t\t\t\t<div class=\"elementor-container elementor-column-gap-default\">\r\n\t\t\t\t\t\t\t\t\t\t\t<div class=\"elementor-column elementor-col-100 elementor-top-column elementor-element elementor-element-d3e0cb6\" data-id=\"d3e0cb6\" data-element_type=\"column\" data-e-type=\"column\">\r\n\t\t\t\t\t<div class=\"elementor-widget-wrap elementor-element-populated\">\r\n\t\t\t\t\t\t\t\t<div class=\"elementor-element elementor-element-af484a2 elementor-widget elementor-widget-text-editor\" data-id=\"af484a2\" data-element_type=\"widget\" data-e-type=\"widget\" data-widget_type=\"text-editor.default\">\n\t\t\t\t<div class=\"elementor-widget-container\">\n\t\t\t\t\t\t\t\t\t<p class=\"p1\">Aujourd&rsquo;hui, nous sommes nombreux \u00e0 rechercher des conseils pour g\u00e9rer efficacement le stress. Il est essentiel de comprendre que la gestion du stress commence par l&rsquo;identification des causes du stress dans notre vie quotidienne, de sorte que la mise en \u0153uvre de ces m\u00e9thodes peut am\u00e9liorer consid\u00e9rablement notre sant\u00e9 mentale et maintenir un bon \u00e9quilibre entre vie professionnelle et vie priv\u00e9e :<\/p>\t\t\t\t\t\t\t\t<\/div>\n\t\t\t\t<\/div>\n\t\t\t\t\t<\/div>\r\n\t\t\t\t<\/div>\r\n\t\t\t\t\t<\/div>\r\n\t\t\t\t<\/section>\r\n\t\t\t\t<section data-particle_enable=\"false\" data-particle-mobile-disabled=\"false\" class=\"elementor-section elementor-top-section elementor-element elementor-element-1f43bae elementor-section-boxed elementor-section-height-default elementor-section-height-default\" data-id=\"1f43bae\" data-element_type=\"section\" data-e-type=\"section\">\r\n\t\t\r\n\t\t\t\t\t\t\t<div class=\"elementor-container elementor-column-gap-default\">\r\n\t\t\t\t\t\t\t\t\t\t\t<div class=\"elementor-column elementor-col-100 elementor-top-column elementor-element elementor-element-f560810\" data-id=\"f560810\" data-element_type=\"column\" data-e-type=\"column\">\r\n\t\t\t\t\t<div class=\"elementor-widget-wrap elementor-element-populated\">\r\n\t\t\t\t\t\t\t\t<div class=\"elementor-element elementor-element-49cc3a2 elementor-widget elementor-widget-text-editor\" data-id=\"49cc3a2\" data-element_type=\"widget\" data-e-type=\"widget\" data-widget_type=\"text-editor.default\">\n\t\t\t\t<div class=\"elementor-widget-container\">\n\t\t\t\t\t\t\t\t\t<h3>Techniques de relaxation efficaces<\/h3><p>Les techniques de relaxation sont essentielles pour g\u00e9rer le stress et \u00e9viter qu&rsquo;il ne devienne un probl\u00e8me chronique. Par exemple, la m\u00e9ditation guid\u00e9e est une pratique qui nous permet de nous concentrer et de faire le vide dans notre esprit. De m\u00eame, des activit\u00e9s telles que l&rsquo;\u00e9coute d&rsquo;une musique calme ou la prise d&rsquo;un bain chaud peuvent \u00eatre tr\u00e8s b\u00e9n\u00e9fiques.<\/p><p>Il est important de trouver une technique adapt\u00e9e \u00e0 nos besoins et \u00e0 notre mode de vie. En int\u00e9grant ces pratiques \u00e0 notre routine quotidienne, nous pouvons am\u00e9liorer notre <strong>sant\u00e9 mentale<\/strong> et r\u00e9duire le risque de <strong>fatigue chronique<\/strong>.<\/p>\t\t\t\t\t\t\t\t<\/div>\n\t\t\t\t<\/div>\n\t\t\t\t\t<\/div>\r\n\t\t\t\t<\/div>\r\n\t\t\t\t\t<\/div>\r\n\t\t\t\t<\/section>\r\n\t\t\t\t<section data-particle_enable=\"false\" data-particle-mobile-disabled=\"false\" class=\"elementor-section elementor-top-section elementor-element elementor-element-b04bd1a elementor-section-boxed elementor-section-height-default elementor-section-height-default\" data-id=\"b04bd1a\" data-element_type=\"section\" data-e-type=\"section\">\r\n\t\t\r\n\t\t\t\t\t\t\t<div class=\"elementor-container elementor-column-gap-default\">\r\n\t\t\t\t\t\t\t\t\t\t\t<div class=\"elementor-column elementor-col-100 elementor-top-column elementor-element elementor-element-d977539\" data-id=\"d977539\" data-element_type=\"column\" data-e-type=\"column\">\r\n\t\t\t\t\t<div class=\"elementor-widget-wrap elementor-element-populated\">\r\n\t\t\t\t\t\t\t\t<div class=\"elementor-element elementor-element-35e9bc7 elementor-widget elementor-widget-text-editor\" data-id=\"35e9bc7\" data-element_type=\"widget\" data-e-type=\"widget\" data-widget_type=\"text-editor.default\">\n\t\t\t\t<div class=\"elementor-widget-container\">\n\t\t\t\t\t\t\t\t\t<h3>Exercices de respiration profonde<\/h3><p>Les exercices de respiration profonde sont un outil puissant pour g\u00e9rer le stress. Ils consistent \u00e0 inspirer profond\u00e9ment, \u00e0 retenir l&rsquo;air pendant quelques secondes, puis \u00e0 expirer lentement. Cette pratique permet de r\u00e9duire l&rsquo;anxi\u00e9t\u00e9 et de calmer l&rsquo;esprit. Par exemple, la technique 4-7-8 : inspirez en comptant jusqu&rsquo;\u00e0 quatre, retenez votre souffle en comptant jusqu&rsquo;\u00e0 sept et expirez en comptant jusqu&rsquo;\u00e0 huit.<\/p><p>Ces exercices sont non seulement faciles \u00e0 r\u00e9aliser, mais aussi tr\u00e8s efficaces pour la gestion du stress et la pr\u00e9vention du burn-out.<\/p>\t\t\t\t\t\t\t\t<\/div>\n\t\t\t\t<\/div>\n\t\t\t\t\t<\/div>\r\n\t\t\t\t<\/div>\r\n\t\t\t\t\t<\/div>\r\n\t\t\t\t<\/section>\r\n\t\t\t\t<section data-particle_enable=\"false\" data-particle-mobile-disabled=\"false\" class=\"elementor-section elementor-top-section elementor-element elementor-element-1e6d6e1 elementor-section-boxed elementor-section-height-default elementor-section-height-default\" data-id=\"1e6d6e1\" data-element_type=\"section\" data-e-type=\"section\">\r\n\t\t\r\n\t\t\t\t\t\t\t<div class=\"elementor-container elementor-column-gap-default\">\r\n\t\t\t\t\t\t\t\t\t\t\t<div class=\"elementor-column elementor-col-100 elementor-top-column elementor-element elementor-element-dc53798\" data-id=\"dc53798\" data-element_type=\"column\" data-e-type=\"column\">\r\n\t\t\t\t\t<div class=\"elementor-widget-wrap elementor-element-populated\">\r\n\t\t\t\t\t\t\t\t<div class=\"elementor-element elementor-element-18fcc49 elementor-widget elementor-widget-image\" data-id=\"18fcc49\" data-element_type=\"widget\" data-e-type=\"widget\" data-widget_type=\"image.default\">\n\t\t\t\t<div class=\"elementor-widget-container\">\n\t\t\t\t\t\t\t\t\t\t\t\t\t\t\t<img loading=\"lazy\" decoding=\"async\" width=\"640\" height=\"537\" src=\"https:\/\/www.asesoriaorihuelacosta.com\/wp-content\/uploads\/2024\/07\/ejercicios-de-respiracion-profunda-para-manejar-el-estres.jpeg\" class=\"attachment-large size-large wp-image-27662\" alt=\"ejercicios-de-respiracion-profunda-para-manejar-el-estres\" srcset=\"https:\/\/www.asesoriaorihuelacosta.com\/wp-content\/uploads\/2024\/07\/ejercicios-de-respiracion-profunda-para-manejar-el-estres.jpeg 640w, https:\/\/www.asesoriaorihuelacosta.com\/wp-content\/uploads\/2024\/07\/ejercicios-de-respiracion-profunda-para-manejar-el-estres-400x336.jpeg 400w\" sizes=\"auto, (max-width: 640px) 100vw, 640px\" \/>\t\t\t\t\t\t\t\t\t\t\t\t\t\t\t<\/div>\n\t\t\t\t<\/div>\n\t\t\t\t\t<\/div>\r\n\t\t\t\t<\/div>\r\n\t\t\t\t\t<\/div>\r\n\t\t\t\t<\/section>\r\n\t\t\t\t<section data-particle_enable=\"false\" data-particle-mobile-disabled=\"false\" class=\"elementor-section elementor-top-section elementor-element elementor-element-f69ea8c elementor-section-boxed elementor-section-height-default elementor-section-height-default\" data-id=\"f69ea8c\" data-element_type=\"section\" data-e-type=\"section\">\r\n\t\t\r\n\t\t\t\t\t\t\t<div class=\"elementor-container elementor-column-gap-default\">\r\n\t\t\t\t\t\t\t\t\t\t\t<div class=\"elementor-column elementor-col-100 elementor-top-column elementor-element elementor-element-20243fd\" data-id=\"20243fd\" data-element_type=\"column\" data-e-type=\"column\">\r\n\t\t\t\t\t<div class=\"elementor-widget-wrap elementor-element-populated\">\r\n\t\t\t\t\t\t\t\t<div class=\"elementor-element elementor-element-e648dc4 elementor-widget elementor-widget-heading\" data-id=\"e648dc4\" data-element_type=\"widget\" data-e-type=\"widget\" data-widget_type=\"heading.default\">\n\t\t\t\t<div class=\"elementor-widget-container\">\n\t\t\t\t\t<h2 class=\"elementor-heading-title elementor-size-default\">Comment \u00e9viter l'\u00e9puisement professionnel ?<\/h2>\t\t\t\t<\/div>\n\t\t\t\t<\/div>\n\t\t\t\t\t<\/div>\r\n\t\t\t\t<\/div>\r\n\t\t\t\t\t<\/div>\r\n\t\t\t\t<\/section>\r\n\t\t\t\t<section data-particle_enable=\"false\" data-particle-mobile-disabled=\"false\" class=\"elementor-section elementor-top-section elementor-element elementor-element-59e51bf elementor-section-boxed elementor-section-height-default elementor-section-height-default\" data-id=\"59e51bf\" data-element_type=\"section\" data-e-type=\"section\">\r\n\t\t\r\n\t\t\t\t\t\t\t<div class=\"elementor-container elementor-column-gap-default\">\r\n\t\t\t\t\t\t\t\t\t\t\t<div class=\"elementor-column elementor-col-100 elementor-top-column elementor-element elementor-element-7ecb71b\" data-id=\"7ecb71b\" data-element_type=\"column\" data-e-type=\"column\">\r\n\t\t\t\t\t<div class=\"elementor-widget-wrap elementor-element-populated\">\r\n\t\t\t\t\t\t\t\t<div class=\"elementor-element elementor-element-cb9e47b elementor-widget elementor-widget-text-editor\" data-id=\"cb9e47b\" data-element_type=\"widget\" data-e-type=\"widget\" data-widget_type=\"text-editor.default\">\n\t\t\t\t<div class=\"elementor-widget-container\">\n\t\t\t\t\t\t\t\t\t<p>Pour \u00e9viter l&rsquo;\u00e9puisement professionnel, il est essentiel d&rsquo;adopter des habitudes saines qui favorisent le bien-\u00eatre physique et mental. La pr\u00e9vention de l&rsquo;\u00e9puisement professionnel commence par la reconnaissance des premiers sympt\u00f4mes de fatigue et de stress excessif. En outre, il est important d&rsquo;\u00e9tablir des limites claires entre le travail et le temps personnel afin de maintenir un bon \u00e9quilibre entre vie professionnelle et vie priv\u00e9e.<\/p><p>Le fait de consacrer du temps \u00e0 des activit\u00e9s qui nous plaisent et \u00e0 des techniques de relaxation peut nous aider \u00e0 nous ressourcer et \u00e0 rester motiv\u00e9s. La mise en \u0153uvre de ces changements dans notre routine quotidienne nous permettra de g\u00e9rer le stress plus efficacement :<\/p>\t\t\t\t\t\t\t\t<\/div>\n\t\t\t\t<\/div>\n\t\t\t\t\t<\/div>\r\n\t\t\t\t<\/div>\r\n\t\t\t\t\t<\/div>\r\n\t\t\t\t<\/section>\r\n\t\t\t\t<section data-particle_enable=\"false\" data-particle-mobile-disabled=\"false\" class=\"elementor-section elementor-top-section elementor-element elementor-element-93cb5be elementor-section-boxed elementor-section-height-default elementor-section-height-default\" data-id=\"93cb5be\" data-element_type=\"section\" data-e-type=\"section\">\r\n\t\t\r\n\t\t\t\t\t\t\t<div class=\"elementor-container elementor-column-gap-default\">\r\n\t\t\t\t\t\t\t\t\t\t\t<div class=\"elementor-column elementor-col-100 elementor-top-column elementor-element elementor-element-47067b9\" data-id=\"47067b9\" data-element_type=\"column\" data-e-type=\"column\">\r\n\t\t\t\t\t<div class=\"elementor-widget-wrap elementor-element-populated\">\r\n\t\t\t\t\t\t\t\t<div class=\"elementor-element elementor-element-a5f3f50 elementor-widget elementor-widget-text-editor\" data-id=\"a5f3f50\" data-element_type=\"widget\" data-e-type=\"widget\" data-widget_type=\"text-editor.default\">\n\t\t\t\t<div class=\"elementor-widget-container\">\n\t\t\t\t\t\t\t\t\t<h3>Des habitudes saines au quotidien<\/h3><p>Des habitudes quotidiennes saines sont essentielles pour \u00e9viter l&rsquo;\u00e9puisement professionnel et maintenir une bonne sant\u00e9 mentale. L&rsquo;int\u00e9gration d&rsquo;une activit\u00e9 physique r\u00e9guli\u00e8re, d&rsquo;une alimentation \u00e9quilibr\u00e9e et d&rsquo;un repos suffisant dans notre routine quotidienne peut avoir un impact positif sur notre bien-\u00eatre g\u00e9n\u00e9ral. Par exemple, marcher en plein air pendant 30 minutes par jour peut am\u00e9liorer notre humeur et r\u00e9duire le stress.<\/p><p>Il est \u00e9galement important de faire de courtes pauses au cours de la journ\u00e9e pour se ressourcer et rester concentr\u00e9. Ces habitudes sont essentielles pour g\u00e9rer le stress et \u00e9viter la fatigue chronique.<\/p>\t\t\t\t\t\t\t\t<\/div>\n\t\t\t\t<\/div>\n\t\t\t\t\t<\/div>\r\n\t\t\t\t<\/div>\r\n\t\t\t\t\t<\/div>\r\n\t\t\t\t<\/section>\r\n\t\t\t\t<section data-particle_enable=\"false\" data-particle-mobile-disabled=\"false\" class=\"elementor-section elementor-top-section elementor-element elementor-element-50a58c6 elementor-section-boxed elementor-section-height-default elementor-section-height-default\" data-id=\"50a58c6\" data-element_type=\"section\" data-e-type=\"section\">\r\n\t\t\r\n\t\t\t\t\t\t\t<div class=\"elementor-container elementor-column-gap-default\">\r\n\t\t\t\t\t\t\t\t\t\t\t<div class=\"elementor-column elementor-col-100 elementor-top-column elementor-element elementor-element-aacf60f\" data-id=\"aacf60f\" data-element_type=\"column\" data-e-type=\"column\">\r\n\t\t\t\t\t<div class=\"elementor-widget-wrap elementor-element-populated\">\r\n\t\t\t\t\t\t\t\t<div class=\"elementor-element elementor-element-486ce36 elementor-widget elementor-widget-text-editor\" data-id=\"486ce36\" data-element_type=\"widget\" data-e-type=\"widget\" data-widget_type=\"text-editor.default\">\n\t\t\t\t<div class=\"elementor-widget-container\">\n\t\t\t\t\t\t\t\t\t<h3>Importance d&rsquo;un sommeil r\u00e9parateur<\/h3><p>Un sommeil r\u00e9parateur est essentiel pour g\u00e9rer le stress et \u00e9viter l&rsquo;\u00e9puisement professionnel. Une bonne nuit de sommeil permet \u00e0 notre corps et \u00e0 notre esprit de r\u00e9cup\u00e9rer et nous pr\u00e9pare \u00e0 affronter les d\u00e9fis quotidiens. Il est conseill\u00e9 de maintenir une routine de sommeil r\u00e9guli\u00e8re, en \u00e9vitant d&rsquo;utiliser des appareils \u00e9lectroniques avant l&rsquo;heure du coucher. Un sommeil ad\u00e9quat am\u00e9liore notre sant\u00e9 mentale et nous aide \u00e0 maintenir un bon \u00e9quilibre entre vie professionnelle et vie priv\u00e9e.<\/p><p>Donner la priorit\u00e9 au sommeil et cr\u00e9er un environnement reposant peut \u00eatre l&rsquo;une des strat\u00e9gies d&rsquo;autosoins les plus efficaces pour pr\u00e9venir la fatigue chronique.<\/p>\t\t\t\t\t\t\t\t<\/div>\n\t\t\t\t<\/div>\n\t\t\t\t\t<\/div>\r\n\t\t\t\t<\/div>\r\n\t\t\t\t\t<\/div>\r\n\t\t\t\t<\/section>\r\n\t\t\t\t<section data-particle_enable=\"false\" data-particle-mobile-disabled=\"false\" class=\"elementor-section elementor-top-section elementor-element elementor-element-0b52b8b elementor-section-boxed elementor-section-height-default elementor-section-height-default\" data-id=\"0b52b8b\" data-element_type=\"section\" data-e-type=\"section\">\r\n\t\t\r\n\t\t\t\t\t\t\t<div class=\"elementor-container elementor-column-gap-default\">\r\n\t\t\t\t\t\t\t\t\t\t\t<div class=\"elementor-column elementor-col-100 elementor-top-column elementor-element elementor-element-80ae3ca\" data-id=\"80ae3ca\" data-element_type=\"column\" data-e-type=\"column\">\r\n\t\t\t\t\t<div class=\"elementor-widget-wrap elementor-element-populated\">\r\n\t\t\t\t\t\t\t\t<div class=\"elementor-element elementor-element-233c7e6 elementor-widget elementor-widget-image\" data-id=\"233c7e6\" data-element_type=\"widget\" data-e-type=\"widget\" data-widget_type=\"image.default\">\n\t\t\t\t<div class=\"elementor-widget-container\">\n\t\t\t\t\t\t\t\t\t\t\t\t\t\t\t<img loading=\"lazy\" decoding=\"async\" width=\"640\" height=\"537\" src=\"https:\/\/www.asesoriaorihuelacosta.com\/wp-content\/uploads\/2024\/07\/importancia-del-sueno-reparador-para-evitar-el-agotamiento.jpeg\" class=\"attachment-large size-large wp-image-27665\" alt=\"importancia-del-sueno-reparador-para-evitar-el-agotamiento\" srcset=\"https:\/\/www.asesoriaorihuelacosta.com\/wp-content\/uploads\/2024\/07\/importancia-del-sueno-reparador-para-evitar-el-agotamiento.jpeg 640w, https:\/\/www.asesoriaorihuelacosta.com\/wp-content\/uploads\/2024\/07\/importancia-del-sueno-reparador-para-evitar-el-agotamiento-400x336.jpeg 400w\" sizes=\"auto, (max-width: 640px) 100vw, 640px\" \/>\t\t\t\t\t\t\t\t\t\t\t\t\t\t\t<\/div>\n\t\t\t\t<\/div>\n\t\t\t\t\t<\/div>\r\n\t\t\t\t<\/div>\r\n\t\t\t\t\t<\/div>\r\n\t\t\t\t<\/section>\r\n\t\t\t\t<section data-particle_enable=\"false\" data-particle-mobile-disabled=\"false\" class=\"elementor-section elementor-top-section elementor-element elementor-element-a529b4a elementor-section-boxed elementor-section-height-default elementor-section-height-default\" data-id=\"a529b4a\" data-element_type=\"section\" data-e-type=\"section\">\r\n\t\t\r\n\t\t\t\t\t\t\t<div class=\"elementor-container elementor-column-gap-default\">\r\n\t\t\t\t\t\t\t\t\t\t\t<div class=\"elementor-column elementor-col-100 elementor-top-column elementor-element elementor-element-6194292\" data-id=\"6194292\" data-element_type=\"column\" data-e-type=\"column\">\r\n\t\t\t\t\t<div class=\"elementor-widget-wrap elementor-element-populated\">\r\n\t\t\t\t\t\t\t\t<div class=\"elementor-element elementor-element-b3bbeff elementor-widget elementor-widget-heading\" data-id=\"b3bbeff\" data-element_type=\"widget\" data-e-type=\"widget\" data-widget_type=\"heading.default\">\n\t\t\t\t<div class=\"elementor-widget-container\">\n\t\t\t\t\t<h2 class=\"elementor-heading-title elementor-size-default\">Strat\u00e9gies d'autosoins\n<\/h2>\t\t\t\t<\/div>\n\t\t\t\t<\/div>\n\t\t\t\t\t<\/div>\r\n\t\t\t\t<\/div>\r\n\t\t\t\t\t<\/div>\r\n\t\t\t\t<\/section>\r\n\t\t\t\t<section data-particle_enable=\"false\" data-particle-mobile-disabled=\"false\" class=\"elementor-section elementor-top-section elementor-element elementor-element-8448509 elementor-section-boxed elementor-section-height-default elementor-section-height-default\" data-id=\"8448509\" data-element_type=\"section\" data-e-type=\"section\">\r\n\t\t\r\n\t\t\t\t\t\t\t<div class=\"elementor-container elementor-column-gap-default\">\r\n\t\t\t\t\t\t\t\t\t\t\t<div class=\"elementor-column elementor-col-100 elementor-top-column elementor-element elementor-element-a7bfbf8\" data-id=\"a7bfbf8\" data-element_type=\"column\" data-e-type=\"column\">\r\n\t\t\t\t\t<div class=\"elementor-widget-wrap elementor-element-populated\">\r\n\t\t\t\t\t\t\t\t<div class=\"elementor-element elementor-element-d0480ee elementor-widget elementor-widget-text-editor\" data-id=\"d0480ee\" data-element_type=\"widget\" data-e-type=\"widget\" data-widget_type=\"text-editor.default\">\n\t\t\t\t<div class=\"elementor-widget-container\">\n\t\t\t\t\t\t\t\t\t<p>L&rsquo;adoption de strat\u00e9gies d&rsquo;autosoins est essentielle pour g\u00e9rer le stress et maintenir une bonne sant\u00e9 mentale, car ces pratiques nous permettent de nous d\u00e9connecter des soucis quotidiens et d&rsquo;am\u00e9liorer l&rsquo;\u00e9quilibre entre notre vie professionnelle et notre vie priv\u00e9e.<\/p><p>La mise en \u0153uvre de strat\u00e9gies d&rsquo;autosoins est un excellent moyen de pr\u00e9venir la fatigue chronique et l&rsquo;\u00e9puisement professionnel :<\/p>\t\t\t\t\t\t\t\t<\/div>\n\t\t\t\t<\/div>\n\t\t\t\t\t<\/div>\r\n\t\t\t\t<\/div>\r\n\t\t\t\t\t<\/div>\r\n\t\t\t\t<\/section>\r\n\t\t\t\t<section data-particle_enable=\"false\" data-particle-mobile-disabled=\"false\" class=\"elementor-section elementor-top-section elementor-element elementor-element-83313ad elementor-section-boxed elementor-section-height-default elementor-section-height-default\" data-id=\"83313ad\" data-element_type=\"section\" data-e-type=\"section\">\r\n\t\t\r\n\t\t\t\t\t\t\t<div class=\"elementor-container elementor-column-gap-default\">\r\n\t\t\t\t\t\t\t\t\t\t\t<div class=\"elementor-column elementor-col-100 elementor-top-column elementor-element elementor-element-c236c02\" data-id=\"c236c02\" data-element_type=\"column\" data-e-type=\"column\">\r\n\t\t\t\t\t<div class=\"elementor-widget-wrap elementor-element-populated\">\r\n\t\t\t\t\t\t\t\t<div class=\"elementor-element elementor-element-0abbcbb elementor-widget elementor-widget-text-editor\" data-id=\"0abbcbb\" data-element_type=\"widget\" data-e-type=\"widget\" data-widget_type=\"text-editor.default\">\n\t\t\t\t<div class=\"elementor-widget-container\">\n\t\t\t\t\t\t\t\t\t<h3>Activit\u00e9s r\u00e9cr\u00e9atives pour le bien-\u00eatre<\/h3><p>Les activit\u00e9s r\u00e9cr\u00e9atives sont un \u00e9l\u00e9ment important des strat\u00e9gies d&rsquo;autosoins. S&rsquo;adonner \u00e0 des passe-temps et \u00e0 des activit\u00e9s qui nous plaisent peut \u00eatre un moyen efficace de g\u00e9rer le stress. Par exemple, pratiquer un sport, peindre, jouer d&rsquo;un instrument de musique ou m\u00eame jardiner sont d&rsquo;excellents moyens de se d\u00e9tendre et de se ressourcer.<\/p><p>Ces activit\u00e9s nous permettent de nous d\u00e9tacher de nos responsabilit\u00e9s et de nous concentrer sur quelque chose qui nous passionne. Inclure des activit\u00e9s r\u00e9cr\u00e9atives dans notre routine quotidienne est essentiel pour maintenir une bonne sant\u00e9 mentale et pr\u00e9venir l&rsquo;\u00e9puisement professionnel.<\/p>\t\t\t\t\t\t\t\t<\/div>\n\t\t\t\t<\/div>\n\t\t\t\t\t<\/div>\r\n\t\t\t\t<\/div>\r\n\t\t\t\t\t<\/div>\r\n\t\t\t\t<\/section>\r\n\t\t\t\t<section data-particle_enable=\"false\" data-particle-mobile-disabled=\"false\" class=\"elementor-section elementor-top-section elementor-element elementor-element-1fb7d4a elementor-section-boxed elementor-section-height-default elementor-section-height-default\" data-id=\"1fb7d4a\" data-element_type=\"section\" data-e-type=\"section\">\r\n\t\t\r\n\t\t\t\t\t\t\t<div class=\"elementor-container elementor-column-gap-default\">\r\n\t\t\t\t\t\t\t\t\t\t\t<div class=\"elementor-column elementor-col-100 elementor-top-column elementor-element elementor-element-8012c45\" data-id=\"8012c45\" data-element_type=\"column\" data-e-type=\"column\">\r\n\t\t\t\t\t<div class=\"elementor-widget-wrap elementor-element-populated\">\r\n\t\t\t\t\t\t\t\t<div class=\"elementor-element elementor-element-339789c elementor-widget elementor-widget-text-editor\" data-id=\"339789c\" data-element_type=\"widget\" data-e-type=\"widget\" data-widget_type=\"text-editor.default\">\n\t\t\t\t<div class=\"elementor-widget-container\">\n\t\t\t\t\t\t\t\t\t<h3>L&rsquo;alimentation \u00e9quilibr\u00e9e et son impact<\/h3><p>Une alimentation \u00e9quilibr\u00e9e a un impact significatif sur notre capacit\u00e9 \u00e0 g\u00e9rer le stress et \u00e0 maintenir une bonne sant\u00e9 mentale. Une alimentation riche en fruits, l\u00e9gumes, prot\u00e9ines et c\u00e9r\u00e9ales compl\u00e8tes nous fournit les nutriments dont nous avons besoin pour faire face aux d\u00e9fis quotidiens.<\/p><p>\u00c9viter l&rsquo;exc\u00e8s de caf\u00e9ine et de sucre peut \u00e9galement contribuer \u00e0 r\u00e9duire l&rsquo;anxi\u00e9t\u00e9 et \u00e0 am\u00e9liorer notre humeur. En outre, il est essentiel de rester hydrat\u00e9 pour un fonctionnement optimal du corps et de l&rsquo;esprit.<\/p><p>Une alimentation \u00e9quilibr\u00e9e est l&rsquo;une des strat\u00e9gies les plus efficaces pour maintenir l&rsquo;\u00e9quilibre entre vie professionnelle et vie priv\u00e9e et \u00e9viter la fatigue chronique.<\/p>\t\t\t\t\t\t\t\t<\/div>\n\t\t\t\t<\/div>\n\t\t\t\t\t<\/div>\r\n\t\t\t\t<\/div>\r\n\t\t\t\t\t<\/div>\r\n\t\t\t\t<\/section>\r\n\t\t\t\t<section data-particle_enable=\"false\" data-particle-mobile-disabled=\"false\" class=\"elementor-section elementor-top-section elementor-element elementor-element-d48ffe8 elementor-section-boxed elementor-section-height-default elementor-section-height-default\" data-id=\"d48ffe8\" data-element_type=\"section\" data-e-type=\"section\">\r\n\t\t\r\n\t\t\t\t\t\t\t<div class=\"elementor-container elementor-column-gap-default\">\r\n\t\t\t\t\t\t\t\t\t\t\t<div class=\"elementor-column elementor-col-100 elementor-top-column elementor-element elementor-element-f133b7d\" data-id=\"f133b7d\" data-element_type=\"column\" data-e-type=\"column\">\r\n\t\t\t\t\t<div class=\"elementor-widget-wrap elementor-element-populated\">\r\n\t\t\t\t\t\t\t\t<div class=\"elementor-element elementor-element-5ac89de elementor-widget elementor-widget-image\" data-id=\"5ac89de\" data-element_type=\"widget\" data-e-type=\"widget\" data-widget_type=\"image.default\">\n\t\t\t\t<div class=\"elementor-widget-container\">\n\t\t\t\t\t\t\t\t\t\t\t\t\t\t\t<img loading=\"lazy\" decoding=\"async\" width=\"640\" height=\"537\" src=\"https:\/\/www.asesoriaorihuelacosta.com\/wp-content\/uploads\/2024\/07\/confia-en-la-asesoria-orihuela-costa-y-olvidate-del-estres.jpeg\" class=\"attachment-large size-large wp-image-27671\" alt=\"confia-en-la-asesoria-orihuela-costa-y-olvidate-del-estres\" srcset=\"https:\/\/www.asesoriaorihuelacosta.com\/wp-content\/uploads\/2024\/07\/confia-en-la-asesoria-orihuela-costa-y-olvidate-del-estres.jpeg 640w, https:\/\/www.asesoriaorihuelacosta.com\/wp-content\/uploads\/2024\/07\/confia-en-la-asesoria-orihuela-costa-y-olvidate-del-estres-400x336.jpeg 400w\" sizes=\"auto, (max-width: 640px) 100vw, 640px\" \/>\t\t\t\t\t\t\t\t\t\t\t\t\t\t\t<\/div>\n\t\t\t\t<\/div>\n\t\t\t\t\t<\/div>\r\n\t\t\t\t<\/div>\r\n\t\t\t\t\t<\/div>\r\n\t\t\t\t<\/section>\r\n\t\t\t\t<section data-particle_enable=\"false\" data-particle-mobile-disabled=\"false\" class=\"elementor-section elementor-top-section elementor-element elementor-element-fd16404 elementor-section-boxed elementor-section-height-default elementor-section-height-default\" data-id=\"fd16404\" data-element_type=\"section\" data-e-type=\"section\">\r\n\t\t\r\n\t\t\t\t\t\t\t<div class=\"elementor-container elementor-column-gap-default\">\r\n\t\t\t\t\t\t\t\t\t\t\t<div class=\"elementor-column elementor-col-100 elementor-top-column elementor-element elementor-element-3a3ccf9\" data-id=\"3a3ccf9\" data-element_type=\"column\" data-e-type=\"column\">\r\n\t\t\t\t\t<div class=\"elementor-widget-wrap elementor-element-populated\">\r\n\t\t\t\t\t\t\t\t<div class=\"elementor-element elementor-element-fc09677 elementor-widget elementor-widget-heading\" data-id=\"fc09677\" data-element_type=\"widget\" data-e-type=\"widget\" data-widget_type=\"heading.default\">\n\t\t\t\t<div class=\"elementor-widget-container\">\n\t\t\t\t\t<h2 class=\"elementor-heading-title elementor-size-default\">Asesor\u00eda Orihuela Costa : Mettez votre entreprise entre nos mains et dites adieu au stress\n<\/h2>\t\t\t\t<\/div>\n\t\t\t\t<\/div>\n\t\t\t\t\t<\/div>\r\n\t\t\t\t<\/div>\r\n\t\t\t\t\t<\/div>\r\n\t\t\t\t<\/section>\r\n\t\t\t\t<section data-particle_enable=\"false\" data-particle-mobile-disabled=\"false\" class=\"elementor-section elementor-top-section elementor-element elementor-element-88986ce elementor-section-boxed elementor-section-height-default elementor-section-height-default\" data-id=\"88986ce\" data-element_type=\"section\" data-e-type=\"section\">\r\n\t\t\r\n\t\t\t\t\t\t\t<div class=\"elementor-container elementor-column-gap-default\">\r\n\t\t\t\t\t\t\t\t\t\t\t<div class=\"elementor-column elementor-col-100 elementor-top-column elementor-element elementor-element-8d2543d\" data-id=\"8d2543d\" data-element_type=\"column\" data-e-type=\"column\">\r\n\t\t\t\t\t<div class=\"elementor-widget-wrap elementor-element-populated\">\r\n\t\t\t\t\t\t\t\t<div class=\"elementor-element elementor-element-3df6fd8 elementor-widget elementor-widget-text-editor\" data-id=\"3df6fd8\" data-element_type=\"widget\" data-e-type=\"widget\" data-widget_type=\"text-editor.default\">\n\t\t\t\t<div class=\"elementor-widget-container\">\n\t\t\t\t\t\t\t\t\t<p>Pour ceux d&rsquo;entre nous qui cherchent \u00e0 am\u00e9liorer leur gestion du stress et \u00e0 \u00e9viter l&rsquo;\u00e9puisement professionnel, il est essentiel d&rsquo;adopter une combinaison de techniques de relaxation, d&rsquo;habitudes saines et de strat\u00e9gies d&rsquo;autosoins.<\/p><p>L&rsquo;application de ces conseils de gestion du stress peut transformer de mani\u00e8re significative notre sant\u00e9 mentale et notre \u00e9quilibre entre vie professionnelle et vie priv\u00e9e.<\/p><p>N&rsquo;oublions pas que prendre soin de soi est un investissement dans notre bien-\u00eatre \u00e0 long terme et nous permet d&rsquo;\u00eatre au mieux de notre forme face aux d\u00e9fis quotidiens.<\/p><p>Si vous avez besoin d&rsquo;une aide suppl\u00e9mentaire pour mettre en \u0153uvre ces strat\u00e9gies et am\u00e9liorer votre qualit\u00e9 de vie, nous vous recommandons de contacter Asesor\u00eda Orihuela Costa : nous offrons des services sp\u00e9cialis\u00e9s en conseil social, conseil fiscal et comptable, conseil pour les PME, conseil pour les ind\u00e9pendants&#8230;<\/p><p>N&rsquo;oubliez pas que notre \u00e9quipe est l\u00e0 pour vous soutenir et vous aider \u00e0 trouver l&rsquo;\u00e9quilibre parfait entre vos responsabilit\u00e9s professionnelles et votre bien-\u00eatre personnel.<\/p><p>Demandez des informations sans engagement et d\u00e9couvrez comment nous pouvons vous aider \u00e0 mener une vie plus \u00e9quilibr\u00e9e et sans stress.<\/p><p>Suivez-nous sur Facebook et ne manquez pas nos actualit\u00e9s !<\/p>\t\t\t\t\t\t\t\t<\/div>\n\t\t\t\t<\/div>\n\t\t\t\t\t<\/div>\r\n\t\t\t\t<\/div>\r\n\t\t\t\t\t<\/div>\r\n\t\t\t\t<\/section>\r\n\t\t\t\t<\/div>\n\t\t","protected":false},"excerpt":{"rendered":"<p>Ces derniers temps, nous sommes nombreux \u00e0 chercher des moyens de g\u00e9rer efficacement le stress. Nous savons que la gestion du stress est fondamentale pour notre sant\u00e9 mentale et pour maintenir un bon \u00e9quilibre entre vie professionnelle et vie priv\u00e9e. Pour commencer, nous devons identifier les sources de stress dans notre vie quotidienne et appliquer [&hellip;]<\/p>\n","protected":false},"author":2,"featured_media":27670,"comment_status":"closed","ping_status":"closed","sticky":false,"template":"","format":"standard","meta":{"_eb_attr":"","inline_featured_image":false,"footnotes":""},"categories":[46],"tags":[],"class_list":["post-28001","post","type-post","status-publish","format-standard","has-post-thumbnail","hentry","category-blog"],"featured_image_src":{"landsacpe":["https:\/\/www.asesoriaorihuelacosta.com\/wp-content\/uploads\/2024\/07\/consejos-para-manejar-el-estres-y-evitar-el-agotamiento-640x445.jpeg",640,445,true],"list":["https:\/\/www.asesoriaorihuelacosta.com\/wp-content\/uploads\/2024\/07\/consejos-para-manejar-el-estres-y-evitar-el-agotamiento-463x348.jpeg",463,348,true],"medium":["https:\/\/www.asesoriaorihuelacosta.com\/wp-content\/uploads\/2024\/07\/consejos-para-manejar-el-estres-y-evitar-el-agotamiento-300x252.jpeg",300,252,true],"full":["https:\/\/www.asesoriaorihuelacosta.com\/wp-content\/uploads\/2024\/07\/consejos-para-manejar-el-estres-y-evitar-el-agotamiento.jpeg",640,537,false]},"yoast_head":"<!-- This site is optimized with the Yoast SEO Premium plugin v24.7 (Yoast SEO v27.4) - https:\/\/yoast.com\/product\/yoast-seo-premium-wordpress\/ -->\n<title>Conseils pour g\u00e9rer le stress et \u00e9viter l&#039;\u00e9puisement professionnel - Asesor\u00eda Orihuela Costa<\/title>\n<meta name=\"description\" content=\"D\u00e9couvrez comment g\u00e9rer le stress \u00e0 l&#039;aide de strat\u00e9gies efficaces et am\u00e9liorez votre \u00e9quilibre travail-vie priv\u00e9e et votre bien-\u00eatre personnel.\" \/>\n<meta name=\"robots\" content=\"index, follow, max-snippet:-1, max-image-preview:large, max-video-preview:-1\" \/>\n<link rel=\"canonical\" href=\"https:\/\/www.asesoriaorihuelacosta.com\/fr\/conseils-pour-gerer-le-stress-et-eviter-lepuisement-professionnel\/\" \/>\n<meta property=\"og:locale\" content=\"fr_FR\" \/>\n<meta property=\"og:type\" content=\"article\" \/>\n<meta property=\"og:title\" content=\"Conseils pour g\u00e9rer le stress et \u00e9viter l&#039;\u00e9puisement professionnel\" \/>\n<meta property=\"og:description\" content=\"D\u00e9couvrez comment g\u00e9rer le stress \u00e0 l&#039;aide de strat\u00e9gies efficaces et am\u00e9liorez votre \u00e9quilibre travail-vie priv\u00e9e et votre bien-\u00eatre personnel.\" \/>\n<meta property=\"og:url\" content=\"https:\/\/www.asesoriaorihuelacosta.com\/fr\/conseils-pour-gerer-le-stress-et-eviter-lepuisement-professionnel\/\" \/>\n<meta property=\"og:site_name\" content=\"Asesor\u00eda Orihuela Costa\" \/>\n<meta property=\"article:publisher\" content=\"https:\/\/www.facebook.com\/asesoriaorihuelacosta\" \/>\n<meta property=\"article:author\" content=\"https:\/\/www.facebook.com\/patrick.gordinneperez\" \/>\n<meta property=\"article:published_time\" content=\"2024-07-16T17:08:04+00:00\" \/>\n<meta property=\"article:modified_time\" content=\"2024-07-23T04:52:12+00:00\" \/>\n<meta property=\"og:image\" content=\"https:\/\/www.asesoriaorihuelacosta.com\/wp-content\/uploads\/2024\/07\/consejos-para-manejar-el-estres-y-evitar-el-agotamiento.jpeg\" \/>\n\t<meta property=\"og:image:width\" content=\"640\" \/>\n\t<meta property=\"og:image:height\" content=\"537\" \/>\n\t<meta property=\"og:image:type\" content=\"image\/jpeg\" \/>\n<meta name=\"author\" content=\"Patrick Gordinne Perez\" \/>\n<meta name=\"twitter:card\" content=\"summary_large_image\" \/>\n<meta name=\"twitter:label1\" content=\"\u00c9crit par\" \/>\n\t<meta name=\"twitter:data1\" content=\"Patrick Gordinne Perez\" \/>\n\t<meta name=\"twitter:label2\" content=\"Dur\u00e9e de lecture estim\u00e9e\" \/>\n\t<meta name=\"twitter:data2\" content=\"7 minutes\" \/>\n<script type=\"application\/ld+json\" class=\"yoast-schema-graph\">{\"@context\":\"https:\\\/\\\/schema.org\",\"@graph\":[{\"@type\":\"Article\",\"@id\":\"https:\\\/\\\/www.asesoriaorihuelacosta.com\\\/fr\\\/conseils-pour-gerer-le-stress-et-eviter-lepuisement-professionnel\\\/#article\",\"isPartOf\":{\"@id\":\"https:\\\/\\\/www.asesoriaorihuelacosta.com\\\/fr\\\/conseils-pour-gerer-le-stress-et-eviter-lepuisement-professionnel\\\/\"},\"author\":{\"name\":\"Patrick Gordinne Perez\",\"@id\":\"https:\\\/\\\/www.asesoriaorihuelacosta.com\\\/fr\\\/#\\\/schema\\\/person\\\/6614ce8cf6d2de542aaf351629fd539e\"},\"headline\":\"Conseils pour g\u00e9rer le stress et \u00e9viter l&rsquo;\u00e9puisement professionnel\",\"datePublished\":\"2024-07-16T17:08:04+00:00\",\"dateModified\":\"2024-07-23T04:52:12+00:00\",\"mainEntityOfPage\":{\"@id\":\"https:\\\/\\\/www.asesoriaorihuelacosta.com\\\/fr\\\/conseils-pour-gerer-le-stress-et-eviter-lepuisement-professionnel\\\/\"},\"wordCount\":1401,\"publisher\":{\"@id\":\"https:\\\/\\\/www.asesoriaorihuelacosta.com\\\/fr\\\/#organization\"},\"image\":{\"@id\":\"https:\\\/\\\/www.asesoriaorihuelacosta.com\\\/fr\\\/conseils-pour-gerer-le-stress-et-eviter-lepuisement-professionnel\\\/#primaryimage\"},\"thumbnailUrl\":\"https:\\\/\\\/www.asesoriaorihuelacosta.com\\\/wp-content\\\/uploads\\\/2024\\\/07\\\/consejos-para-manejar-el-estres-y-evitar-el-agotamiento.jpeg\",\"articleSection\":[\"Blog\"],\"inLanguage\":\"fr-FR\"},{\"@type\":\"WebPage\",\"@id\":\"https:\\\/\\\/www.asesoriaorihuelacosta.com\\\/fr\\\/conseils-pour-gerer-le-stress-et-eviter-lepuisement-professionnel\\\/\",\"url\":\"https:\\\/\\\/www.asesoriaorihuelacosta.com\\\/fr\\\/conseils-pour-gerer-le-stress-et-eviter-lepuisement-professionnel\\\/\",\"name\":\"Conseils pour g\u00e9rer le stress et \u00e9viter l'\u00e9puisement professionnel - Asesor\u00eda Orihuela Costa\",\"isPartOf\":{\"@id\":\"https:\\\/\\\/www.asesoriaorihuelacosta.com\\\/fr\\\/#website\"},\"primaryImageOfPage\":{\"@id\":\"https:\\\/\\\/www.asesoriaorihuelacosta.com\\\/fr\\\/conseils-pour-gerer-le-stress-et-eviter-lepuisement-professionnel\\\/#primaryimage\"},\"image\":{\"@id\":\"https:\\\/\\\/www.asesoriaorihuelacosta.com\\\/fr\\\/conseils-pour-gerer-le-stress-et-eviter-lepuisement-professionnel\\\/#primaryimage\"},\"thumbnailUrl\":\"https:\\\/\\\/www.asesoriaorihuelacosta.com\\\/wp-content\\\/uploads\\\/2024\\\/07\\\/consejos-para-manejar-el-estres-y-evitar-el-agotamiento.jpeg\",\"datePublished\":\"2024-07-16T17:08:04+00:00\",\"dateModified\":\"2024-07-23T04:52:12+00:00\",\"description\":\"D\u00e9couvrez comment g\u00e9rer le stress \u00e0 l'aide de strat\u00e9gies efficaces et am\u00e9liorez votre \u00e9quilibre travail-vie priv\u00e9e et votre bien-\u00eatre personnel.\",\"breadcrumb\":{\"@id\":\"https:\\\/\\\/www.asesoriaorihuelacosta.com\\\/fr\\\/conseils-pour-gerer-le-stress-et-eviter-lepuisement-professionnel\\\/#breadcrumb\"},\"inLanguage\":\"fr-FR\",\"potentialAction\":[{\"@type\":\"ReadAction\",\"target\":[\"https:\\\/\\\/www.asesoriaorihuelacosta.com\\\/fr\\\/conseils-pour-gerer-le-stress-et-eviter-lepuisement-professionnel\\\/\"]}]},{\"@type\":\"ImageObject\",\"inLanguage\":\"fr-FR\",\"@id\":\"https:\\\/\\\/www.asesoriaorihuelacosta.com\\\/fr\\\/conseils-pour-gerer-le-stress-et-eviter-lepuisement-professionnel\\\/#primaryimage\",\"url\":\"https:\\\/\\\/www.asesoriaorihuelacosta.com\\\/wp-content\\\/uploads\\\/2024\\\/07\\\/consejos-para-manejar-el-estres-y-evitar-el-agotamiento.jpeg\",\"contentUrl\":\"https:\\\/\\\/www.asesoriaorihuelacosta.com\\\/wp-content\\\/uploads\\\/2024\\\/07\\\/consejos-para-manejar-el-estres-y-evitar-el-agotamiento.jpeg\",\"width\":640,\"height\":537,\"caption\":\"consejos-para-manejar-el-estres-y-evitar-el-agotamiento\"},{\"@type\":\"BreadcrumbList\",\"@id\":\"https:\\\/\\\/www.asesoriaorihuelacosta.com\\\/fr\\\/conseils-pour-gerer-le-stress-et-eviter-lepuisement-professionnel\\\/#breadcrumb\",\"itemListElement\":[{\"@type\":\"ListItem\",\"position\":1,\"name\":\"Home\",\"item\":\"https:\\\/\\\/www.asesoriaorihuelacosta.com\\\/fr\\\/\"},{\"@type\":\"ListItem\",\"position\":2,\"name\":\"Conseils pour g\u00e9rer le stress et \u00e9viter l&#8217;\u00e9puisement professionnel\"}]},{\"@type\":\"WebSite\",\"@id\":\"https:\\\/\\\/www.asesoriaorihuelacosta.com\\\/fr\\\/#website\",\"url\":\"https:\\\/\\\/www.asesoriaorihuelacosta.com\\\/fr\\\/\",\"name\":\"https:\\\/\\\/www.asesoriaorihuelacosta.com\\\/\",\"description\":\"Grupo de asesores profesionales\",\"publisher\":{\"@id\":\"https:\\\/\\\/www.asesoriaorihuelacosta.com\\\/fr\\\/#organization\"},\"potentialAction\":[{\"@type\":\"SearchAction\",\"target\":{\"@type\":\"EntryPoint\",\"urlTemplate\":\"https:\\\/\\\/www.asesoriaorihuelacosta.com\\\/fr\\\/?s={search_term_string}\"},\"query-input\":{\"@type\":\"PropertyValueSpecification\",\"valueRequired\":true,\"valueName\":\"search_term_string\"}}],\"inLanguage\":\"fr-FR\"},{\"@type\":\"Organization\",\"@id\":\"https:\\\/\\\/www.asesoriaorihuelacosta.com\\\/fr\\\/#organization\",\"name\":\"Asesor\u00eda Orihuela Costa\",\"url\":\"https:\\\/\\\/www.asesoriaorihuelacosta.com\\\/fr\\\/\",\"logo\":{\"@type\":\"ImageObject\",\"inLanguage\":\"fr-FR\",\"@id\":\"https:\\\/\\\/www.asesoriaorihuelacosta.com\\\/fr\\\/#\\\/schema\\\/logo\\\/image\\\/\",\"url\":\"https:\\\/\\\/www.asesoriaorihuelacosta.com\\\/wp-content\\\/uploads\\\/2022\\\/06\\\/Logo-espa\u5bf8l-asesoriaorihuela.jpg\",\"contentUrl\":\"https:\\\/\\\/www.asesoriaorihuelacosta.com\\\/wp-content\\\/uploads\\\/2022\\\/06\\\/Logo-espa\u5bf8l-asesoriaorihuela.jpg\",\"width\":588,\"height\":136,\"caption\":\"Asesor\u00eda Orihuela Costa\"},\"image\":{\"@id\":\"https:\\\/\\\/www.asesoriaorihuelacosta.com\\\/fr\\\/#\\\/schema\\\/logo\\\/image\\\/\"},\"sameAs\":[\"https:\\\/\\\/www.facebook.com\\\/asesoriaorihuelacosta\"]},{\"@type\":\"Person\",\"@id\":\"https:\\\/\\\/www.asesoriaorihuelacosta.com\\\/fr\\\/#\\\/schema\\\/person\\\/6614ce8cf6d2de542aaf351629fd539e\",\"name\":\"Patrick Gordinne Perez\",\"description\":\"Soy economista colegiado por el colegio de economistas de Alicante con el n\u00famero 2722. Llevo ejerciendo desde el a\u00f1o 2005. Soy especialista en fiscalidad de empresas y aut\u00f3nomos y tambi\u00e9n especialista en gestionar compraventas. Hablo espa\u00f1ol, ingl\u00e9s y franc\u00e9s.\",\"sameAs\":[\"https:\\\/\\\/www.asesoriaorihuelacosta.com\",\"https:\\\/\\\/www.facebook.com\\\/patrick.gordinneperez\",\"https:\\\/\\\/www.linkedin.com\\\/in\\\/patrick-gordinne-perez-1b73aab3\\\/\",\"https:\\\/\\\/www.youtube.com\\\/channel\\\/UC5e95RJEVQlxCnhwDmGNVCw\"],\"gender\":\"Hombre\",\"knowsLanguage\":[\"ingl\u00e9s\",\"franc\u00e9s\",\"espa\u00f1ol\"],\"jobTitle\":\"Gerente\",\"worksFor\":\"Asesoria Orihuela Costa SL\"}]}<\/script>\n<!-- \/ Yoast SEO Premium plugin. -->","yoast_head_json":{"title":"Conseils pour g\u00e9rer le stress et \u00e9viter l'\u00e9puisement professionnel - Asesor\u00eda Orihuela Costa","description":"D\u00e9couvrez comment g\u00e9rer le stress \u00e0 l'aide de strat\u00e9gies efficaces et am\u00e9liorez votre \u00e9quilibre travail-vie priv\u00e9e et votre bien-\u00eatre personnel.","robots":{"index":"index","follow":"follow","max-snippet":"max-snippet:-1","max-image-preview":"max-image-preview:large","max-video-preview":"max-video-preview:-1"},"canonical":"https:\/\/www.asesoriaorihuelacosta.com\/fr\/conseils-pour-gerer-le-stress-et-eviter-lepuisement-professionnel\/","og_locale":"fr_FR","og_type":"article","og_title":"Conseils pour g\u00e9rer le stress et \u00e9viter l'\u00e9puisement professionnel","og_description":"D\u00e9couvrez comment g\u00e9rer le stress \u00e0 l'aide de strat\u00e9gies efficaces et am\u00e9liorez votre \u00e9quilibre travail-vie priv\u00e9e et votre bien-\u00eatre personnel.","og_url":"https:\/\/www.asesoriaorihuelacosta.com\/fr\/conseils-pour-gerer-le-stress-et-eviter-lepuisement-professionnel\/","og_site_name":"Asesor\u00eda Orihuela Costa","article_publisher":"https:\/\/www.facebook.com\/asesoriaorihuelacosta","article_author":"https:\/\/www.facebook.com\/patrick.gordinneperez","article_published_time":"2024-07-16T17:08:04+00:00","article_modified_time":"2024-07-23T04:52:12+00:00","og_image":[{"width":640,"height":537,"url":"https:\/\/www.asesoriaorihuelacosta.com\/wp-content\/uploads\/2024\/07\/consejos-para-manejar-el-estres-y-evitar-el-agotamiento.jpeg","type":"image\/jpeg"}],"author":"Patrick Gordinne Perez","twitter_card":"summary_large_image","twitter_misc":{"\u00c9crit par":"Patrick Gordinne Perez","Dur\u00e9e de lecture estim\u00e9e":"7 minutes"},"schema":{"@context":"https:\/\/schema.org","@graph":[{"@type":"Article","@id":"https:\/\/www.asesoriaorihuelacosta.com\/fr\/conseils-pour-gerer-le-stress-et-eviter-lepuisement-professionnel\/#article","isPartOf":{"@id":"https:\/\/www.asesoriaorihuelacosta.com\/fr\/conseils-pour-gerer-le-stress-et-eviter-lepuisement-professionnel\/"},"author":{"name":"Patrick Gordinne Perez","@id":"https:\/\/www.asesoriaorihuelacosta.com\/fr\/#\/schema\/person\/6614ce8cf6d2de542aaf351629fd539e"},"headline":"Conseils pour g\u00e9rer le stress et \u00e9viter l&rsquo;\u00e9puisement professionnel","datePublished":"2024-07-16T17:08:04+00:00","dateModified":"2024-07-23T04:52:12+00:00","mainEntityOfPage":{"@id":"https:\/\/www.asesoriaorihuelacosta.com\/fr\/conseils-pour-gerer-le-stress-et-eviter-lepuisement-professionnel\/"},"wordCount":1401,"publisher":{"@id":"https:\/\/www.asesoriaorihuelacosta.com\/fr\/#organization"},"image":{"@id":"https:\/\/www.asesoriaorihuelacosta.com\/fr\/conseils-pour-gerer-le-stress-et-eviter-lepuisement-professionnel\/#primaryimage"},"thumbnailUrl":"https:\/\/www.asesoriaorihuelacosta.com\/wp-content\/uploads\/2024\/07\/consejos-para-manejar-el-estres-y-evitar-el-agotamiento.jpeg","articleSection":["Blog"],"inLanguage":"fr-FR"},{"@type":"WebPage","@id":"https:\/\/www.asesoriaorihuelacosta.com\/fr\/conseils-pour-gerer-le-stress-et-eviter-lepuisement-professionnel\/","url":"https:\/\/www.asesoriaorihuelacosta.com\/fr\/conseils-pour-gerer-le-stress-et-eviter-lepuisement-professionnel\/","name":"Conseils pour g\u00e9rer le stress et \u00e9viter l'\u00e9puisement professionnel - Asesor\u00eda Orihuela Costa","isPartOf":{"@id":"https:\/\/www.asesoriaorihuelacosta.com\/fr\/#website"},"primaryImageOfPage":{"@id":"https:\/\/www.asesoriaorihuelacosta.com\/fr\/conseils-pour-gerer-le-stress-et-eviter-lepuisement-professionnel\/#primaryimage"},"image":{"@id":"https:\/\/www.asesoriaorihuelacosta.com\/fr\/conseils-pour-gerer-le-stress-et-eviter-lepuisement-professionnel\/#primaryimage"},"thumbnailUrl":"https:\/\/www.asesoriaorihuelacosta.com\/wp-content\/uploads\/2024\/07\/consejos-para-manejar-el-estres-y-evitar-el-agotamiento.jpeg","datePublished":"2024-07-16T17:08:04+00:00","dateModified":"2024-07-23T04:52:12+00:00","description":"D\u00e9couvrez comment g\u00e9rer le stress \u00e0 l'aide de strat\u00e9gies efficaces et am\u00e9liorez votre \u00e9quilibre travail-vie priv\u00e9e et votre bien-\u00eatre personnel.","breadcrumb":{"@id":"https:\/\/www.asesoriaorihuelacosta.com\/fr\/conseils-pour-gerer-le-stress-et-eviter-lepuisement-professionnel\/#breadcrumb"},"inLanguage":"fr-FR","potentialAction":[{"@type":"ReadAction","target":["https:\/\/www.asesoriaorihuelacosta.com\/fr\/conseils-pour-gerer-le-stress-et-eviter-lepuisement-professionnel\/"]}]},{"@type":"ImageObject","inLanguage":"fr-FR","@id":"https:\/\/www.asesoriaorihuelacosta.com\/fr\/conseils-pour-gerer-le-stress-et-eviter-lepuisement-professionnel\/#primaryimage","url":"https:\/\/www.asesoriaorihuelacosta.com\/wp-content\/uploads\/2024\/07\/consejos-para-manejar-el-estres-y-evitar-el-agotamiento.jpeg","contentUrl":"https:\/\/www.asesoriaorihuelacosta.com\/wp-content\/uploads\/2024\/07\/consejos-para-manejar-el-estres-y-evitar-el-agotamiento.jpeg","width":640,"height":537,"caption":"consejos-para-manejar-el-estres-y-evitar-el-agotamiento"},{"@type":"BreadcrumbList","@id":"https:\/\/www.asesoriaorihuelacosta.com\/fr\/conseils-pour-gerer-le-stress-et-eviter-lepuisement-professionnel\/#breadcrumb","itemListElement":[{"@type":"ListItem","position":1,"name":"Home","item":"https:\/\/www.asesoriaorihuelacosta.com\/fr\/"},{"@type":"ListItem","position":2,"name":"Conseils pour g\u00e9rer le stress et \u00e9viter l&#8217;\u00e9puisement professionnel"}]},{"@type":"WebSite","@id":"https:\/\/www.asesoriaorihuelacosta.com\/fr\/#website","url":"https:\/\/www.asesoriaorihuelacosta.com\/fr\/","name":"https:\/\/www.asesoriaorihuelacosta.com\/","description":"Grupo de asesores profesionales","publisher":{"@id":"https:\/\/www.asesoriaorihuelacosta.com\/fr\/#organization"},"potentialAction":[{"@type":"SearchAction","target":{"@type":"EntryPoint","urlTemplate":"https:\/\/www.asesoriaorihuelacosta.com\/fr\/?s={search_term_string}"},"query-input":{"@type":"PropertyValueSpecification","valueRequired":true,"valueName":"search_term_string"}}],"inLanguage":"fr-FR"},{"@type":"Organization","@id":"https:\/\/www.asesoriaorihuelacosta.com\/fr\/#organization","name":"Asesor\u00eda Orihuela Costa","url":"https:\/\/www.asesoriaorihuelacosta.com\/fr\/","logo":{"@type":"ImageObject","inLanguage":"fr-FR","@id":"https:\/\/www.asesoriaorihuelacosta.com\/fr\/#\/schema\/logo\/image\/","url":"https:\/\/www.asesoriaorihuelacosta.com\/wp-content\/uploads\/2022\/06\/Logo-espa\u5bf8l-asesoriaorihuela.jpg","contentUrl":"https:\/\/www.asesoriaorihuelacosta.com\/wp-content\/uploads\/2022\/06\/Logo-espa\u5bf8l-asesoriaorihuela.jpg","width":588,"height":136,"caption":"Asesor\u00eda Orihuela Costa"},"image":{"@id":"https:\/\/www.asesoriaorihuelacosta.com\/fr\/#\/schema\/logo\/image\/"},"sameAs":["https:\/\/www.facebook.com\/asesoriaorihuelacosta"]},{"@type":"Person","@id":"https:\/\/www.asesoriaorihuelacosta.com\/fr\/#\/schema\/person\/6614ce8cf6d2de542aaf351629fd539e","name":"Patrick Gordinne Perez","description":"Soy economista colegiado por el colegio de economistas de Alicante con el n\u00famero 2722. Llevo ejerciendo desde el a\u00f1o 2005. Soy especialista en fiscalidad de empresas y aut\u00f3nomos y tambi\u00e9n especialista en gestionar compraventas. Hablo espa\u00f1ol, ingl\u00e9s y franc\u00e9s.","sameAs":["https:\/\/www.asesoriaorihuelacosta.com","https:\/\/www.facebook.com\/patrick.gordinneperez","https:\/\/www.linkedin.com\/in\/patrick-gordinne-perez-1b73aab3\/","https:\/\/www.youtube.com\/channel\/UC5e95RJEVQlxCnhwDmGNVCw"],"gender":"Hombre","knowsLanguage":["ingl\u00e9s","franc\u00e9s","espa\u00f1ol"],"jobTitle":"Gerente","worksFor":"Asesoria Orihuela Costa SL"}]}},"_links":{"self":[{"href":"https:\/\/www.asesoriaorihuelacosta.com\/fr\/wp-json\/wp\/v2\/posts\/28001","targetHints":{"allow":["GET"]}}],"collection":[{"href":"https:\/\/www.asesoriaorihuelacosta.com\/fr\/wp-json\/wp\/v2\/posts"}],"about":[{"href":"https:\/\/www.asesoriaorihuelacosta.com\/fr\/wp-json\/wp\/v2\/types\/post"}],"author":[{"embeddable":true,"href":"https:\/\/www.asesoriaorihuelacosta.com\/fr\/wp-json\/wp\/v2\/users\/2"}],"replies":[{"embeddable":true,"href":"https:\/\/www.asesoriaorihuelacosta.com\/fr\/wp-json\/wp\/v2\/comments?post=28001"}],"version-history":[{"count":4,"href":"https:\/\/www.asesoriaorihuelacosta.com\/fr\/wp-json\/wp\/v2\/posts\/28001\/revisions"}],"predecessor-version":[{"id":28005,"href":"https:\/\/www.asesoriaorihuelacosta.com\/fr\/wp-json\/wp\/v2\/posts\/28001\/revisions\/28005"}],"wp:featuredmedia":[{"embeddable":true,"href":"https:\/\/www.asesoriaorihuelacosta.com\/fr\/wp-json\/wp\/v2\/media\/27670"}],"wp:attachment":[{"href":"https:\/\/www.asesoriaorihuelacosta.com\/fr\/wp-json\/wp\/v2\/media?parent=28001"}],"wp:term":[{"taxonomy":"category","embeddable":true,"href":"https:\/\/www.asesoriaorihuelacosta.com\/fr\/wp-json\/wp\/v2\/categories?post=28001"},{"taxonomy":"post_tag","embeddable":true,"href":"https:\/\/www.asesoriaorihuelacosta.com\/fr\/wp-json\/wp\/v2\/tags?post=28001"}],"curies":[{"name":"wp","href":"https:\/\/api.w.org\/{rel}","templated":true}]}}