{"id":27855,"date":"2024-07-13T16:05:56","date_gmt":"2024-07-13T16:05:56","guid":{"rendered":"https:\/\/www.asesoriaorihuelacosta.com\/?p=27855"},"modified":"2024-07-18T17:12:14","modified_gmt":"2024-07-18T17:12:14","slug":"comment-commencer-a-facturer-electroniquement","status":"publish","type":"post","link":"https:\/\/www.asesoriaorihuelacosta.com\/fr\/comment-commencer-a-facturer-electroniquement\/","title":{"rendered":"Comment commencer \u00e0 facturer \u00e9lectroniquement ?"},"content":{"rendered":"\t\t<div data-elementor-type=\"wp-post\" data-elementor-id=\"27855\" class=\"elementor elementor-27855\" data-elementor-post-type=\"post\">\n\t\t\t\t\t\t<section data-particle_enable=\"false\" data-particle-mobile-disabled=\"false\" class=\"elementor-section elementor-top-section elementor-element elementor-element-e876c46 elementor-section-boxed elementor-section-height-default elementor-section-height-default\" data-id=\"e876c46\" data-element_type=\"section\" data-e-type=\"section\">\r\n\t\t\r\n\t\t\t\t\t\t\t<div class=\"elementor-container elementor-column-gap-default\">\r\n\t\t\t\t\t\t\t\t\t\t\t<div class=\"elementor-column elementor-col-100 elementor-top-column elementor-element elementor-element-d17a4b8\" data-id=\"d17a4b8\" data-element_type=\"column\" data-e-type=\"column\">\r\n\t\t\t\t\t<div class=\"elementor-widget-wrap elementor-element-populated\">\r\n\t\t\t\t\t\t\t\t<div class=\"elementor-element elementor-element-57d7166 elementor-widget elementor-widget-text-editor\" data-id=\"57d7166\" data-element_type=\"widget\" data-e-type=\"widget\" data-widget_type=\"text-editor.default\">\n\t\t\t\t<div class=\"elementor-widget-container\">\n\t\t\t\t\t\t\t\t\t<p>Vous conviendrez avec moi que la vie des ind\u00e9pendants devient un enfer. Et les factures \u00e9lectroniques sont devenues une difficult\u00e9 suppl\u00e9mentaire.<\/p><p>Il est clair que les entreprises qui peuvent se le permettre n&rsquo;auront pas de probl\u00e8me, mais le petit ind\u00e9pendant ou le petit commer\u00e7ant aura une d\u00e9pense suppl\u00e9mentaire qui peut \u00eatre, a priori, inutile.<\/p><p>Nous vous montrons ici comment faire face \u00e0 l&rsquo;obligation (plus proche que vous ne le pensez) d&rsquo;\u00e9mettre des factures \u00e9lectroniques.<\/p>\t\t\t\t\t\t\t\t<\/div>\n\t\t\t\t<\/div>\n\t\t\t\t\t<\/div>\r\n\t\t\t\t<\/div>\r\n\t\t\t\t\t<\/div>\r\n\t\t\t\t<\/section>\r\n\t\t\t\t<section data-particle_enable=\"false\" data-particle-mobile-disabled=\"false\" class=\"elementor-section elementor-top-section elementor-element elementor-element-03cbc28 elementor-section-boxed elementor-section-height-default elementor-section-height-default\" data-id=\"03cbc28\" data-element_type=\"section\" data-e-type=\"section\">\r\n\t\t\r\n\t\t\t\t\t\t\t<div class=\"elementor-container elementor-column-gap-default\">\r\n\t\t\t\t\t\t\t\t\t\t\t<div class=\"elementor-column elementor-col-100 elementor-top-column elementor-element elementor-element-12c7ab4\" data-id=\"12c7ab4\" data-element_type=\"column\" data-e-type=\"column\">\r\n\t\t\t\t\t<div class=\"elementor-widget-wrap elementor-element-populated\">\r\n\t\t\t\t\t\t\t\t<div class=\"elementor-element elementor-element-8e168aa elementor-widget elementor-widget-heading\" data-id=\"8e168aa\" data-element_type=\"widget\" data-e-type=\"widget\" data-widget_type=\"heading.default\">\n\t\t\t\t<div class=\"elementor-widget-container\">\n\t\t\t\t\t<h2 class=\"elementor-heading-title elementor-size-default\">Qu'est-ce qu'une facture \u00e9lectronique ?<\/h2>\t\t\t\t<\/div>\n\t\t\t\t<\/div>\n\t\t\t\t\t<\/div>\r\n\t\t\t\t<\/div>\r\n\t\t\t\t\t<\/div>\r\n\t\t\t\t<\/section>\r\n\t\t\t\t<section data-particle_enable=\"false\" data-particle-mobile-disabled=\"false\" class=\"elementor-section elementor-top-section elementor-element elementor-element-0a781d7 elementor-section-boxed elementor-section-height-default elementor-section-height-default\" data-id=\"0a781d7\" data-element_type=\"section\" data-e-type=\"section\">\r\n\t\t\r\n\t\t\t\t\t\t\t<div class=\"elementor-container elementor-column-gap-default\">\r\n\t\t\t\t\t\t\t\t\t\t\t<div class=\"elementor-column elementor-col-100 elementor-top-column elementor-element elementor-element-7c2e4cc\" data-id=\"7c2e4cc\" data-element_type=\"column\" data-e-type=\"column\">\r\n\t\t\t\t\t<div class=\"elementor-widget-wrap elementor-element-populated\">\r\n\t\t\t\t\t\t\t\t<div class=\"elementor-element elementor-element-ed37b41 elementor-widget elementor-widget-text-editor\" data-id=\"ed37b41\" data-element_type=\"widget\" data-e-type=\"widget\" data-widget_type=\"text-editor.default\">\n\t\t\t\t<div class=\"elementor-widget-container\">\n\t\t\t\t\t\t\t\t\t<p>Une facture \u00e9lectronique est consid\u00e9r\u00e9e comme conforme aux dispositions du r\u00e8glement sur la facturation (en ce qui concerne le contenu et l&rsquo;int\u00e9grit\u00e9, la garantie de l&rsquo;authenticit\u00e9 de l&rsquo;origine, etc :<\/p><ul><li>Elle doit \u00eatre \u00e9mise et re\u00e7ue par voie \u00e9lectronique ; par cons\u00e9quent, une facture \u00e9mise par voie \u00e9lectronique mais d\u00e9livr\u00e9e sur papier n&rsquo;est pas une facture \u00e9lectronique. En revanche, les factures \u00e9mises sur papier qui sont scann\u00e9es, envoy\u00e9es et re\u00e7ues par courrier \u00e9lectronique sont consid\u00e9r\u00e9es comme des factures \u00e9lectroniques.<\/li><li>Le destinataire doit avoir donn\u00e9 son consentement expr\u00e8s pour recevoir la facture sous cette forme, sauf en cas de facturation \u00e9lectronique obligatoire (comme dans certains march\u00e9s publics).<\/li><li>Leur authenticit\u00e9 et leur origine doivent \u00eatre garanties par un moyen valable (par exemple, signature \u00e9lectronique, \u00e9change de donn\u00e9es informatis\u00e9es ou tout autre moyen pr\u00e9alablement valid\u00e9 par l&rsquo;Agence des imp\u00f4ts).<\/li><\/ul><p>Il existe \u00e9galement le logiciel \u00ab\u00a0Facturae\u00a0\u00bb, auquel vous pouvez acc\u00e9der en visitant le site facturae et \u00e0 partir duquel vous pouvez t\u00e9l\u00e9charger une application gratuite pour g\u00e9n\u00e9rer des factures \u00e9lectroniques.<\/p>\t\t\t\t\t\t\t\t<\/div>\n\t\t\t\t<\/div>\n\t\t\t\t\t<\/div>\r\n\t\t\t\t<\/div>\r\n\t\t\t\t\t<\/div>\r\n\t\t\t\t<\/section>\r\n\t\t\t\t<section data-particle_enable=\"false\" data-particle-mobile-disabled=\"false\" class=\"elementor-section elementor-top-section elementor-element elementor-element-978549e elementor-section-boxed elementor-section-height-default elementor-section-height-default\" data-id=\"978549e\" data-element_type=\"section\" data-e-type=\"section\">\r\n\t\t\r\n\t\t\t\t\t\t\t<div class=\"elementor-container elementor-column-gap-default\">\r\n\t\t\t\t\t\t\t\t\t\t\t<div class=\"elementor-column elementor-col-100 elementor-top-column elementor-element elementor-element-b63f935\" data-id=\"b63f935\" data-element_type=\"column\" data-e-type=\"column\">\r\n\t\t\t\t\t<div class=\"elementor-widget-wrap elementor-element-populated\">\r\n\t\t\t\t\t\t\t\t<div class=\"elementor-element elementor-element-a9fc03d elementor-widget elementor-widget-text-editor\" data-id=\"a9fc03d\" data-element_type=\"widget\" data-e-type=\"widget\" data-widget_type=\"text-editor.default\">\n\t\t\t\t<div class=\"elementor-widget-container\">\n\t\t\t\t\t\t\t\t\t<h4>Destinataire<\/h4><p>Le destinataire doit disposer des moyens technologiques n\u00e9cessaires pour v\u00e9rifier la signature \u00e9lectronique ou les certificats \u00e9lectroniques utilis\u00e9s.<\/p><p>C&rsquo;est pr\u00e9cis\u00e9ment pour cette raison qu&rsquo;il doit donner son accord pour recevoir des factures \u00e9lectroniques et qu&rsquo;il peut \u00e9galement le r\u00e9voquer \u00e0 tout moment.<\/p><h3>Consentement du destinataire<\/h3><h4>Ce consentement peut \u00eatre de deux types :<\/h4><ul><li>Express : par exemple, en envoyant une acceptation (ou un refus) de recevoir des factures \u00e9lectroniques.<\/li><li>Tacite : par exemple, s&rsquo;il est prouv\u00e9 qu&rsquo;il a acc\u00e9d\u00e9 au portail \u00e9lectronique de l&rsquo;exp\u00e9diteur, lorsque ce dernier met \u00e0 sa disposition des factures \u00e9lectroniques, et qu&rsquo;il n&rsquo;a pas communiqu\u00e9 son refus de les recevoir.<\/li><\/ul>\t\t\t\t\t\t\t\t<\/div>\n\t\t\t\t<\/div>\n\t\t\t\t\t<\/div>\r\n\t\t\t\t<\/div>\r\n\t\t\t\t\t<\/div>\r\n\t\t\t\t<\/section>\r\n\t\t\t\t<section data-particle_enable=\"false\" data-particle-mobile-disabled=\"false\" class=\"elementor-section elementor-top-section elementor-element elementor-element-6a5d8d7 elementor-section-boxed elementor-section-height-default elementor-section-height-default\" data-id=\"6a5d8d7\" data-element_type=\"section\" data-e-type=\"section\">\r\n\t\t\r\n\t\t\t\t\t\t\t<div class=\"elementor-container elementor-column-gap-default\">\r\n\t\t\t\t\t\t\t\t\t\t\t<div class=\"elementor-column elementor-col-100 elementor-top-column elementor-element elementor-element-9e2be72\" data-id=\"9e2be72\" data-element_type=\"column\" data-e-type=\"column\">\r\n\t\t\t\t\t<div class=\"elementor-widget-wrap elementor-element-populated\">\r\n\t\t\t\t\t\t\t\t<div class=\"elementor-element elementor-element-9c91cba elementor-widget elementor-widget-heading\" data-id=\"9c91cba\" data-element_type=\"widget\" data-e-type=\"widget\" data-widget_type=\"heading.default\">\n\t\t\t\t<div class=\"elementor-widget-container\">\n\t\t\t\t\t<h2 class=\"elementor-heading-title elementor-size-default\">Contenu d'une facture \u00e9lectronique<\/h2>\t\t\t\t<\/div>\n\t\t\t\t<\/div>\n\t\t\t\t\t<\/div>\r\n\t\t\t\t<\/div>\r\n\t\t\t\t\t<\/div>\r\n\t\t\t\t<\/section>\r\n\t\t\t\t<section data-particle_enable=\"false\" data-particle-mobile-disabled=\"false\" class=\"elementor-section elementor-top-section elementor-element elementor-element-7f7eae4 elementor-section-boxed elementor-section-height-default elementor-section-height-default\" data-id=\"7f7eae4\" data-element_type=\"section\" data-e-type=\"section\">\r\n\t\t\r\n\t\t\t\t\t\t\t<div class=\"elementor-container elementor-column-gap-default\">\r\n\t\t\t\t\t\t\t\t\t\t\t<div class=\"elementor-column elementor-col-100 elementor-top-column elementor-element elementor-element-24ac11f\" data-id=\"24ac11f\" data-element_type=\"column\" data-e-type=\"column\">\r\n\t\t\t\t\t<div class=\"elementor-widget-wrap elementor-element-populated\">\r\n\t\t\t\t\t\t\t\t<div class=\"elementor-element elementor-element-ca70a9d elementor-widget elementor-widget-text-editor\" data-id=\"ca70a9d\" data-element_type=\"widget\" data-e-type=\"widget\" data-widget_type=\"text-editor.default\">\n\t\t\t\t<div class=\"elementor-widget-container\">\n\t\t\t\t\t\t\t\t\t<p>Le contenu d&rsquo;une facture \u00e9lectronique est le m\u00eame que celui de toute autre facture. Il existe toutefois deux diff\u00e9rences importantes.<\/p><p>D&rsquo;une part, cette facture doit \u00eatre sign\u00e9e par l&rsquo;un des moyens susmentionn\u00e9s, afin de garantir son authenticit\u00e9 et son origine.<\/p><p>D&rsquo;autre part, dans les factures \u00e9lectroniques avec d&rsquo;autres <a href=\"https:\/\/www.asesoriaorihuelacosta.com\/fr\/comptable-en-ligne\/\" target=\"_blank\" rel=\"noopener\"><strong>entreprises et des ind\u00e9pendants<\/strong><\/a>, les sp\u00e9cifications techniques doivent \u00eatre convenues, afin que les logiciels des entreprises respectives puissent lire les documents \u00e9chang\u00e9s.<\/p><p>Mais vous pouvez \u00e9galement convenir avec vos clients et fournisseurs d&rsquo;un contenu suppl\u00e9mentaire, au-del\u00e0 du minimum l\u00e9gal requis pour toute facture.<\/p><p>Par exemple, pour faciliter les processus internes du destinataire (comme une mani\u00e8re sp\u00e9cifique d&rsquo;identifier le document, l&rsquo;incorporation d&rsquo;un code QR avec des informations suppl\u00e9mentaires&#8230;).<\/p>\t\t\t\t\t\t\t\t<\/div>\n\t\t\t\t<\/div>\n\t\t\t\t\t<\/div>\r\n\t\t\t\t<\/div>\r\n\t\t\t\t\t<\/div>\r\n\t\t\t\t<\/section>\r\n\t\t\t\t<section data-particle_enable=\"false\" data-particle-mobile-disabled=\"false\" class=\"elementor-section elementor-top-section elementor-element elementor-element-bb3593f elementor-section-boxed elementor-section-height-default elementor-section-height-default\" data-id=\"bb3593f\" data-element_type=\"section\" data-e-type=\"section\">\r\n\t\t\r\n\t\t\t\t\t\t\t<div class=\"elementor-container elementor-column-gap-default\">\r\n\t\t\t\t\t\t\t\t\t\t\t<div class=\"elementor-column elementor-col-100 elementor-top-column elementor-element elementor-element-8221ff3\" data-id=\"8221ff3\" data-element_type=\"column\" data-e-type=\"column\">\r\n\t\t\t\t\t<div class=\"elementor-widget-wrap elementor-element-populated\">\r\n\t\t\t\t\t\t\t\t<div class=\"elementor-element elementor-element-fef8988 elementor-widget elementor-widget-heading\" data-id=\"fef8988\" data-element_type=\"widget\" data-e-type=\"widget\" data-widget_type=\"heading.default\">\n\t\t\t\t<div class=\"elementor-widget-container\">\n\t\t\t\t\t<h2 class=\"elementor-heading-title elementor-size-default\">Action du destinataire d'une facture \u00e9lectronique<\/h2>\t\t\t\t<\/div>\n\t\t\t\t<\/div>\n\t\t\t\t\t<\/div>\r\n\t\t\t\t<\/div>\r\n\t\t\t\t\t<\/div>\r\n\t\t\t\t<\/section>\r\n\t\t\t\t<section data-particle_enable=\"false\" data-particle-mobile-disabled=\"false\" class=\"elementor-section elementor-top-section elementor-element elementor-element-7859a41 elementor-section-boxed elementor-section-height-default elementor-section-height-default\" data-id=\"7859a41\" data-element_type=\"section\" data-e-type=\"section\">\r\n\t\t\r\n\t\t\t\t\t\t\t<div class=\"elementor-container elementor-column-gap-default\">\r\n\t\t\t\t\t\t\t\t\t\t\t<div class=\"elementor-column elementor-col-100 elementor-top-column elementor-element elementor-element-98f3647\" data-id=\"98f3647\" data-element_type=\"column\" data-e-type=\"column\">\r\n\t\t\t\t\t<div class=\"elementor-widget-wrap elementor-element-populated\">\r\n\t\t\t\t\t\t\t\t<div class=\"elementor-element elementor-element-42b04ad elementor-widget elementor-widget-text-editor\" data-id=\"42b04ad\" data-element_type=\"widget\" data-e-type=\"widget\" data-widget_type=\"text-editor.default\">\n\t\t\t\t<div class=\"elementor-widget-container\">\n\t\t\t\t\t\t\t\t\t<h3>Obligations du destinataire<\/h3><p>Le destinataire, en plus de respecter les obligations de conservation de la facture (pour justifier aupr\u00e8s de l&rsquo;administration fiscale l&rsquo;amortissement d&rsquo;un bien acquis, ou la d\u00e9duction d&rsquo;une charge, etc.), doit informer son entreprise de l&rsquo;\u00e9tat de la facture.<\/p><p>), il doit informer son entreprise de l&rsquo;\u00e9tat de la facture :<\/p><ul><li>S&rsquo;il l&rsquo;accepte ou la rejette et \u00e0 quelle date (s&rsquo;il n&rsquo;est pas d&rsquo;accord avec son contenu, il peut la rejeter, comme toute autre facture).<\/li><li>Il doit \u00e9galement vous informer du paiement effectif et complet et de la date \u00e0 laquelle il a \u00e9t\u00e9 effectu\u00e9.<\/li><\/ul>\t\t\t\t\t\t\t\t<\/div>\n\t\t\t\t<\/div>\n\t\t\t\t\t<\/div>\r\n\t\t\t\t<\/div>\r\n\t\t\t\t\t<\/div>\r\n\t\t\t\t<\/section>\r\n\t\t\t\t<section data-particle_enable=\"false\" data-particle-mobile-disabled=\"false\" class=\"elementor-section elementor-top-section elementor-element elementor-element-e09c2e2 elementor-section-boxed elementor-section-height-default elementor-section-height-default\" data-id=\"e09c2e2\" data-element_type=\"section\" data-e-type=\"section\">\r\n\t\t\r\n\t\t\t\t\t\t\t<div class=\"elementor-container elementor-column-gap-default\">\r\n\t\t\t\t\t\t\t\t\t\t\t<div class=\"elementor-column elementor-col-100 elementor-top-column elementor-element elementor-element-230ebed\" data-id=\"230ebed\" data-element_type=\"column\" data-e-type=\"column\">\r\n\t\t\t\t\t<div class=\"elementor-widget-wrap elementor-element-populated\">\r\n\t\t\t\t\t\t\t\t<div class=\"elementor-element elementor-element-571dc19 elementor-invisible elementor-widget elementor-widget-text-editor\" data-id=\"571dc19\" data-element_type=\"widget\" data-e-type=\"widget\" data-settings=\"{&quot;_animation&quot;:&quot;fadeInRight&quot;}\" data-widget_type=\"text-editor.default\">\n\t\t\t\t<div class=\"elementor-widget-container\">\n\t\t\t\t\t\t\t\t\t<p style=\"text-align: center;\">Pour \u00e9mettre des factures \u00e9lectroniques, vous devez obtenir le consentement du destinataire et \u00eatre en mesure de garantir leur authenticit\u00e9 et leur origine au moyen d&rsquo;une signature \u00e9lectronique ou d&rsquo;autres moyens pr\u00e9alablement valid\u00e9s par l&rsquo;Agence fiscale. Pour ce faire, vous pouvez utiliser l&rsquo;application <a href=\"https:\/\/www.facturae.gob.es\/Paginas\/Index.aspx\" target=\"_blank\" rel=\"noopener\">\u00ab\u00a0Facturae\u00a0\u00bb<\/a>.<\/p>\t\t\t\t\t\t\t\t<\/div>\n\t\t\t\t<\/div>\n\t\t\t\t\t<\/div>\r\n\t\t\t\t<\/div>\r\n\t\t\t\t\t<\/div>\r\n\t\t\t\t<\/section>\r\n\t\t\t\t<\/div>\n\t\t","protected":false},"excerpt":{"rendered":"<p>Vous conviendrez avec moi que la vie des ind\u00e9pendants devient un enfer. Et les factures \u00e9lectroniques sont devenues une difficult\u00e9 suppl\u00e9mentaire. Il est clair que les entreprises qui peuvent se le permettre n&rsquo;auront pas de probl\u00e8me, mais le petit ind\u00e9pendant ou le petit commer\u00e7ant aura une d\u00e9pense suppl\u00e9mentaire qui peut \u00eatre, a priori, inutile. Nous [&hellip;]<\/p>\n","protected":false},"author":2,"featured_media":13195,"comment_status":"closed","ping_status":"closed","sticky":false,"template":"","format":"standard","meta":{"_eb_attr":"","inline_featured_image":false,"footnotes":""},"categories":[46],"tags":[],"class_list":["post-27855","post","type-post","status-publish","format-standard","has-post-thumbnail","hentry","category-blog"],"featured_image_src":{"landsacpe":["https:\/\/www.asesoriaorihuelacosta.com\/wp-content\/uploads\/2023\/03\/facturacion-electronica-desde-cuando-es-obligatorio-1140x445.jpeg",1140,445,true],"list":["https:\/\/www.asesoriaorihuelacosta.com\/wp-content\/uploads\/2023\/03\/facturacion-electronica-desde-cuando-es-obligatorio-463x348.jpeg",463,348,true],"medium":["https:\/\/www.asesoriaorihuelacosta.com\/wp-content\/uploads\/2023\/03\/facturacion-electronica-desde-cuando-es-obligatorio-300x169.jpeg",300,169,true],"full":["https:\/\/www.asesoriaorihuelacosta.com\/wp-content\/uploads\/2023\/03\/facturacion-electronica-desde-cuando-es-obligatorio.jpeg",1280,720,false]},"yoast_head":"<!-- This site is optimized with the Yoast SEO Premium plugin v24.7 (Yoast SEO v27.5) - https:\/\/yoast.com\/product\/yoast-seo-premium-wordpress\/ -->\n<title>Comment commencer \u00e0 facturer \u00e9lectroniquement ? - Asesor\u00eda Orihuela Costa<\/title>\n<meta name=\"description\" content=\"Pour pouvoir \u00e9mettre des factures \u00e9lectroniques, vous devez garantir leur authenticit\u00e9 et leur origine avec une signature \u00e9lectronique.\" \/>\n<meta name=\"robots\" content=\"index, follow, max-snippet:-1, max-image-preview:large, max-video-preview:-1\" \/>\n<link rel=\"canonical\" href=\"https:\/\/www.asesoriaorihuelacosta.com\/fr\/comment-commencer-a-facturer-electroniquement\/\" \/>\n<meta property=\"og:locale\" content=\"fr_FR\" \/>\n<meta property=\"og:type\" content=\"article\" \/>\n<meta property=\"og:title\" content=\"Comment commencer \u00e0 facturer \u00e9lectroniquement ?\" \/>\n<meta property=\"og:description\" content=\"Pour pouvoir \u00e9mettre des factures \u00e9lectroniques, vous devez garantir leur authenticit\u00e9 et leur origine avec une signature \u00e9lectronique.\" \/>\n<meta property=\"og:url\" content=\"https:\/\/www.asesoriaorihuelacosta.com\/fr\/comment-commencer-a-facturer-electroniquement\/\" \/>\n<meta property=\"og:site_name\" content=\"Asesor\u00eda Orihuela Costa\" \/>\n<meta property=\"article:publisher\" content=\"https:\/\/www.facebook.com\/asesoriaorihuelacosta\" \/>\n<meta property=\"article:author\" content=\"https:\/\/www.facebook.com\/patrick.gordinneperez\" \/>\n<meta property=\"article:published_time\" content=\"2024-07-13T16:05:56+00:00\" \/>\n<meta property=\"article:modified_time\" content=\"2024-07-18T17:12:14+00:00\" \/>\n<meta property=\"og:image\" content=\"https:\/\/www.asesoriaorihuelacosta.com\/wp-content\/uploads\/2023\/03\/facturacion-electronica-desde-cuando-es-obligatorio.jpeg\" \/>\n\t<meta property=\"og:image:width\" content=\"1280\" \/>\n\t<meta property=\"og:image:height\" content=\"720\" \/>\n\t<meta property=\"og:image:type\" content=\"image\/jpeg\" \/>\n<meta name=\"author\" content=\"Patrick Gordinne Perez\" \/>\n<meta name=\"twitter:card\" content=\"summary_large_image\" \/>\n<meta name=\"twitter:label1\" content=\"\u00c9crit par\" \/>\n\t<meta name=\"twitter:data1\" content=\"Patrick Gordinne Perez\" \/>\n\t<meta name=\"twitter:label2\" content=\"Dur\u00e9e de lecture estim\u00e9e\" \/>\n\t<meta name=\"twitter:data2\" content=\"3 minutes\" \/>\n<script type=\"application\/ld+json\" class=\"yoast-schema-graph\">{\"@context\":\"https:\\\/\\\/schema.org\",\"@graph\":[{\"@type\":\"Article\",\"@id\":\"https:\\\/\\\/www.asesoriaorihuelacosta.com\\\/fr\\\/comment-commencer-a-facturer-electroniquement\\\/#article\",\"isPartOf\":{\"@id\":\"https:\\\/\\\/www.asesoriaorihuelacosta.com\\\/fr\\\/comment-commencer-a-facturer-electroniquement\\\/\"},\"author\":{\"name\":\"Patrick Gordinne Perez\",\"@id\":\"https:\\\/\\\/www.asesoriaorihuelacosta.com\\\/fr\\\/#\\\/schema\\\/person\\\/6614ce8cf6d2de542aaf351629fd539e\"},\"headline\":\"Comment commencer \u00e0 facturer \u00e9lectroniquement ?\",\"datePublished\":\"2024-07-13T16:05:56+00:00\",\"dateModified\":\"2024-07-18T17:12:14+00:00\",\"mainEntityOfPage\":{\"@id\":\"https:\\\/\\\/www.asesoriaorihuelacosta.com\\\/fr\\\/comment-commencer-a-facturer-electroniquement\\\/\"},\"wordCount\":705,\"publisher\":{\"@id\":\"https:\\\/\\\/www.asesoriaorihuelacosta.com\\\/fr\\\/#organization\"},\"image\":{\"@id\":\"https:\\\/\\\/www.asesoriaorihuelacosta.com\\\/fr\\\/comment-commencer-a-facturer-electroniquement\\\/#primaryimage\"},\"thumbnailUrl\":\"https:\\\/\\\/www.asesoriaorihuelacosta.com\\\/wp-content\\\/uploads\\\/2023\\\/03\\\/facturacion-electronica-desde-cuando-es-obligatorio.jpeg\",\"articleSection\":[\"Blog\"],\"inLanguage\":\"fr-FR\"},{\"@type\":\"WebPage\",\"@id\":\"https:\\\/\\\/www.asesoriaorihuelacosta.com\\\/fr\\\/comment-commencer-a-facturer-electroniquement\\\/\",\"url\":\"https:\\\/\\\/www.asesoriaorihuelacosta.com\\\/fr\\\/comment-commencer-a-facturer-electroniquement\\\/\",\"name\":\"Comment commencer \u00e0 facturer \u00e9lectroniquement ? - Asesor\u00eda Orihuela Costa\",\"isPartOf\":{\"@id\":\"https:\\\/\\\/www.asesoriaorihuelacosta.com\\\/fr\\\/#website\"},\"primaryImageOfPage\":{\"@id\":\"https:\\\/\\\/www.asesoriaorihuelacosta.com\\\/fr\\\/comment-commencer-a-facturer-electroniquement\\\/#primaryimage\"},\"image\":{\"@id\":\"https:\\\/\\\/www.asesoriaorihuelacosta.com\\\/fr\\\/comment-commencer-a-facturer-electroniquement\\\/#primaryimage\"},\"thumbnailUrl\":\"https:\\\/\\\/www.asesoriaorihuelacosta.com\\\/wp-content\\\/uploads\\\/2023\\\/03\\\/facturacion-electronica-desde-cuando-es-obligatorio.jpeg\",\"datePublished\":\"2024-07-13T16:05:56+00:00\",\"dateModified\":\"2024-07-18T17:12:14+00:00\",\"description\":\"Pour pouvoir \u00e9mettre des factures \u00e9lectroniques, vous devez garantir leur authenticit\u00e9 et leur origine avec une signature \u00e9lectronique.\",\"breadcrumb\":{\"@id\":\"https:\\\/\\\/www.asesoriaorihuelacosta.com\\\/fr\\\/comment-commencer-a-facturer-electroniquement\\\/#breadcrumb\"},\"inLanguage\":\"fr-FR\",\"potentialAction\":[{\"@type\":\"ReadAction\",\"target\":[\"https:\\\/\\\/www.asesoriaorihuelacosta.com\\\/fr\\\/comment-commencer-a-facturer-electroniquement\\\/\"]}]},{\"@type\":\"ImageObject\",\"inLanguage\":\"fr-FR\",\"@id\":\"https:\\\/\\\/www.asesoriaorihuelacosta.com\\\/fr\\\/comment-commencer-a-facturer-electroniquement\\\/#primaryimage\",\"url\":\"https:\\\/\\\/www.asesoriaorihuelacosta.com\\\/wp-content\\\/uploads\\\/2023\\\/03\\\/facturacion-electronica-desde-cuando-es-obligatorio.jpeg\",\"contentUrl\":\"https:\\\/\\\/www.asesoriaorihuelacosta.com\\\/wp-content\\\/uploads\\\/2023\\\/03\\\/facturacion-electronica-desde-cuando-es-obligatorio.jpeg\",\"width\":1280,\"height\":720,\"caption\":\"facturacion electronica desde cuando es obligatorio\"},{\"@type\":\"BreadcrumbList\",\"@id\":\"https:\\\/\\\/www.asesoriaorihuelacosta.com\\\/fr\\\/comment-commencer-a-facturer-electroniquement\\\/#breadcrumb\",\"itemListElement\":[{\"@type\":\"ListItem\",\"position\":1,\"name\":\"Home\",\"item\":\"https:\\\/\\\/www.asesoriaorihuelacosta.com\\\/fr\\\/\"},{\"@type\":\"ListItem\",\"position\":2,\"name\":\"Comment commencer \u00e0 facturer \u00e9lectroniquement ?\"}]},{\"@type\":\"WebSite\",\"@id\":\"https:\\\/\\\/www.asesoriaorihuelacosta.com\\\/fr\\\/#website\",\"url\":\"https:\\\/\\\/www.asesoriaorihuelacosta.com\\\/fr\\\/\",\"name\":\"https:\\\/\\\/www.asesoriaorihuelacosta.com\\\/\",\"description\":\"Grupo de asesores profesionales\",\"publisher\":{\"@id\":\"https:\\\/\\\/www.asesoriaorihuelacosta.com\\\/fr\\\/#organization\"},\"potentialAction\":[{\"@type\":\"SearchAction\",\"target\":{\"@type\":\"EntryPoint\",\"urlTemplate\":\"https:\\\/\\\/www.asesoriaorihuelacosta.com\\\/fr\\\/?s={search_term_string}\"},\"query-input\":{\"@type\":\"PropertyValueSpecification\",\"valueRequired\":true,\"valueName\":\"search_term_string\"}}],\"inLanguage\":\"fr-FR\"},{\"@type\":\"Organization\",\"@id\":\"https:\\\/\\\/www.asesoriaorihuelacosta.com\\\/fr\\\/#organization\",\"name\":\"Asesor\u00eda Orihuela Costa\",\"url\":\"https:\\\/\\\/www.asesoriaorihuelacosta.com\\\/fr\\\/\",\"logo\":{\"@type\":\"ImageObject\",\"inLanguage\":\"fr-FR\",\"@id\":\"https:\\\/\\\/www.asesoriaorihuelacosta.com\\\/fr\\\/#\\\/schema\\\/logo\\\/image\\\/\",\"url\":\"https:\\\/\\\/www.asesoriaorihuelacosta.com\\\/wp-content\\\/uploads\\\/2022\\\/06\\\/Logo-espa\u5bf8l-asesoriaorihuela.jpg\",\"contentUrl\":\"https:\\\/\\\/www.asesoriaorihuelacosta.com\\\/wp-content\\\/uploads\\\/2022\\\/06\\\/Logo-espa\u5bf8l-asesoriaorihuela.jpg\",\"width\":588,\"height\":136,\"caption\":\"Asesor\u00eda Orihuela Costa\"},\"image\":{\"@id\":\"https:\\\/\\\/www.asesoriaorihuelacosta.com\\\/fr\\\/#\\\/schema\\\/logo\\\/image\\\/\"},\"sameAs\":[\"https:\\\/\\\/www.facebook.com\\\/asesoriaorihuelacosta\"]},{\"@type\":\"Person\",\"@id\":\"https:\\\/\\\/www.asesoriaorihuelacosta.com\\\/fr\\\/#\\\/schema\\\/person\\\/6614ce8cf6d2de542aaf351629fd539e\",\"name\":\"Patrick Gordinne Perez\",\"description\":\"Soy economista colegiado por el colegio de economistas de Alicante con el n\u00famero 2722. Llevo ejerciendo desde el a\u00f1o 2005. Soy especialista en fiscalidad de empresas y aut\u00f3nomos y tambi\u00e9n especialista en gestionar compraventas. Hablo espa\u00f1ol, ingl\u00e9s y franc\u00e9s.\",\"sameAs\":[\"https:\\\/\\\/www.asesoriaorihuelacosta.com\",\"https:\\\/\\\/www.facebook.com\\\/patrick.gordinneperez\",\"https:\\\/\\\/www.linkedin.com\\\/in\\\/patrick-gordinne-perez-1b73aab3\\\/\",\"https:\\\/\\\/www.youtube.com\\\/channel\\\/UC5e95RJEVQlxCnhwDmGNVCw\"],\"gender\":\"Hombre\",\"knowsLanguage\":[\"ingl\u00e9s\",\"franc\u00e9s\",\"espa\u00f1ol\"],\"jobTitle\":\"Gerente\",\"worksFor\":\"Asesoria Orihuela Costa SL\"}]}<\/script>\n<!-- \/ Yoast SEO Premium plugin. -->","yoast_head_json":{"title":"Comment commencer \u00e0 facturer \u00e9lectroniquement ? - Asesor\u00eda Orihuela Costa","description":"Pour pouvoir \u00e9mettre des factures \u00e9lectroniques, vous devez garantir leur authenticit\u00e9 et leur origine avec une signature \u00e9lectronique.","robots":{"index":"index","follow":"follow","max-snippet":"max-snippet:-1","max-image-preview":"max-image-preview:large","max-video-preview":"max-video-preview:-1"},"canonical":"https:\/\/www.asesoriaorihuelacosta.com\/fr\/comment-commencer-a-facturer-electroniquement\/","og_locale":"fr_FR","og_type":"article","og_title":"Comment commencer \u00e0 facturer \u00e9lectroniquement ?","og_description":"Pour pouvoir \u00e9mettre des factures \u00e9lectroniques, vous devez garantir leur authenticit\u00e9 et leur origine avec une signature \u00e9lectronique.","og_url":"https:\/\/www.asesoriaorihuelacosta.com\/fr\/comment-commencer-a-facturer-electroniquement\/","og_site_name":"Asesor\u00eda Orihuela Costa","article_publisher":"https:\/\/www.facebook.com\/asesoriaorihuelacosta","article_author":"https:\/\/www.facebook.com\/patrick.gordinneperez","article_published_time":"2024-07-13T16:05:56+00:00","article_modified_time":"2024-07-18T17:12:14+00:00","og_image":[{"width":1280,"height":720,"url":"https:\/\/www.asesoriaorihuelacosta.com\/wp-content\/uploads\/2023\/03\/facturacion-electronica-desde-cuando-es-obligatorio.jpeg","type":"image\/jpeg"}],"author":"Patrick Gordinne Perez","twitter_card":"summary_large_image","twitter_misc":{"\u00c9crit par":"Patrick Gordinne Perez","Dur\u00e9e de lecture estim\u00e9e":"3 minutes"},"schema":{"@context":"https:\/\/schema.org","@graph":[{"@type":"Article","@id":"https:\/\/www.asesoriaorihuelacosta.com\/fr\/comment-commencer-a-facturer-electroniquement\/#article","isPartOf":{"@id":"https:\/\/www.asesoriaorihuelacosta.com\/fr\/comment-commencer-a-facturer-electroniquement\/"},"author":{"name":"Patrick Gordinne Perez","@id":"https:\/\/www.asesoriaorihuelacosta.com\/fr\/#\/schema\/person\/6614ce8cf6d2de542aaf351629fd539e"},"headline":"Comment commencer \u00e0 facturer \u00e9lectroniquement ?","datePublished":"2024-07-13T16:05:56+00:00","dateModified":"2024-07-18T17:12:14+00:00","mainEntityOfPage":{"@id":"https:\/\/www.asesoriaorihuelacosta.com\/fr\/comment-commencer-a-facturer-electroniquement\/"},"wordCount":705,"publisher":{"@id":"https:\/\/www.asesoriaorihuelacosta.com\/fr\/#organization"},"image":{"@id":"https:\/\/www.asesoriaorihuelacosta.com\/fr\/comment-commencer-a-facturer-electroniquement\/#primaryimage"},"thumbnailUrl":"https:\/\/www.asesoriaorihuelacosta.com\/wp-content\/uploads\/2023\/03\/facturacion-electronica-desde-cuando-es-obligatorio.jpeg","articleSection":["Blog"],"inLanguage":"fr-FR"},{"@type":"WebPage","@id":"https:\/\/www.asesoriaorihuelacosta.com\/fr\/comment-commencer-a-facturer-electroniquement\/","url":"https:\/\/www.asesoriaorihuelacosta.com\/fr\/comment-commencer-a-facturer-electroniquement\/","name":"Comment commencer \u00e0 facturer \u00e9lectroniquement ? - Asesor\u00eda Orihuela Costa","isPartOf":{"@id":"https:\/\/www.asesoriaorihuelacosta.com\/fr\/#website"},"primaryImageOfPage":{"@id":"https:\/\/www.asesoriaorihuelacosta.com\/fr\/comment-commencer-a-facturer-electroniquement\/#primaryimage"},"image":{"@id":"https:\/\/www.asesoriaorihuelacosta.com\/fr\/comment-commencer-a-facturer-electroniquement\/#primaryimage"},"thumbnailUrl":"https:\/\/www.asesoriaorihuelacosta.com\/wp-content\/uploads\/2023\/03\/facturacion-electronica-desde-cuando-es-obligatorio.jpeg","datePublished":"2024-07-13T16:05:56+00:00","dateModified":"2024-07-18T17:12:14+00:00","description":"Pour pouvoir \u00e9mettre des factures \u00e9lectroniques, vous devez garantir leur authenticit\u00e9 et leur origine avec une signature \u00e9lectronique.","breadcrumb":{"@id":"https:\/\/www.asesoriaorihuelacosta.com\/fr\/comment-commencer-a-facturer-electroniquement\/#breadcrumb"},"inLanguage":"fr-FR","potentialAction":[{"@type":"ReadAction","target":["https:\/\/www.asesoriaorihuelacosta.com\/fr\/comment-commencer-a-facturer-electroniquement\/"]}]},{"@type":"ImageObject","inLanguage":"fr-FR","@id":"https:\/\/www.asesoriaorihuelacosta.com\/fr\/comment-commencer-a-facturer-electroniquement\/#primaryimage","url":"https:\/\/www.asesoriaorihuelacosta.com\/wp-content\/uploads\/2023\/03\/facturacion-electronica-desde-cuando-es-obligatorio.jpeg","contentUrl":"https:\/\/www.asesoriaorihuelacosta.com\/wp-content\/uploads\/2023\/03\/facturacion-electronica-desde-cuando-es-obligatorio.jpeg","width":1280,"height":720,"caption":"facturacion electronica desde cuando es obligatorio"},{"@type":"BreadcrumbList","@id":"https:\/\/www.asesoriaorihuelacosta.com\/fr\/comment-commencer-a-facturer-electroniquement\/#breadcrumb","itemListElement":[{"@type":"ListItem","position":1,"name":"Home","item":"https:\/\/www.asesoriaorihuelacosta.com\/fr\/"},{"@type":"ListItem","position":2,"name":"Comment commencer \u00e0 facturer \u00e9lectroniquement ?"}]},{"@type":"WebSite","@id":"https:\/\/www.asesoriaorihuelacosta.com\/fr\/#website","url":"https:\/\/www.asesoriaorihuelacosta.com\/fr\/","name":"https:\/\/www.asesoriaorihuelacosta.com\/","description":"Grupo de asesores profesionales","publisher":{"@id":"https:\/\/www.asesoriaorihuelacosta.com\/fr\/#organization"},"potentialAction":[{"@type":"SearchAction","target":{"@type":"EntryPoint","urlTemplate":"https:\/\/www.asesoriaorihuelacosta.com\/fr\/?s={search_term_string}"},"query-input":{"@type":"PropertyValueSpecification","valueRequired":true,"valueName":"search_term_string"}}],"inLanguage":"fr-FR"},{"@type":"Organization","@id":"https:\/\/www.asesoriaorihuelacosta.com\/fr\/#organization","name":"Asesor\u00eda Orihuela Costa","url":"https:\/\/www.asesoriaorihuelacosta.com\/fr\/","logo":{"@type":"ImageObject","inLanguage":"fr-FR","@id":"https:\/\/www.asesoriaorihuelacosta.com\/fr\/#\/schema\/logo\/image\/","url":"https:\/\/www.asesoriaorihuelacosta.com\/wp-content\/uploads\/2022\/06\/Logo-espa\u5bf8l-asesoriaorihuela.jpg","contentUrl":"https:\/\/www.asesoriaorihuelacosta.com\/wp-content\/uploads\/2022\/06\/Logo-espa\u5bf8l-asesoriaorihuela.jpg","width":588,"height":136,"caption":"Asesor\u00eda Orihuela Costa"},"image":{"@id":"https:\/\/www.asesoriaorihuelacosta.com\/fr\/#\/schema\/logo\/image\/"},"sameAs":["https:\/\/www.facebook.com\/asesoriaorihuelacosta"]},{"@type":"Person","@id":"https:\/\/www.asesoriaorihuelacosta.com\/fr\/#\/schema\/person\/6614ce8cf6d2de542aaf351629fd539e","name":"Patrick Gordinne Perez","description":"Soy economista colegiado por el colegio de economistas de Alicante con el n\u00famero 2722. Llevo ejerciendo desde el a\u00f1o 2005. Soy especialista en fiscalidad de empresas y aut\u00f3nomos y tambi\u00e9n especialista en gestionar compraventas. Hablo espa\u00f1ol, ingl\u00e9s y franc\u00e9s.","sameAs":["https:\/\/www.asesoriaorihuelacosta.com","https:\/\/www.facebook.com\/patrick.gordinneperez","https:\/\/www.linkedin.com\/in\/patrick-gordinne-perez-1b73aab3\/","https:\/\/www.youtube.com\/channel\/UC5e95RJEVQlxCnhwDmGNVCw"],"gender":"Hombre","knowsLanguage":["ingl\u00e9s","franc\u00e9s","espa\u00f1ol"],"jobTitle":"Gerente","worksFor":"Asesoria Orihuela Costa SL"}]}},"_links":{"self":[{"href":"https:\/\/www.asesoriaorihuelacosta.com\/fr\/wp-json\/wp\/v2\/posts\/27855","targetHints":{"allow":["GET"]}}],"collection":[{"href":"https:\/\/www.asesoriaorihuelacosta.com\/fr\/wp-json\/wp\/v2\/posts"}],"about":[{"href":"https:\/\/www.asesoriaorihuelacosta.com\/fr\/wp-json\/wp\/v2\/types\/post"}],"author":[{"embeddable":true,"href":"https:\/\/www.asesoriaorihuelacosta.com\/fr\/wp-json\/wp\/v2\/users\/2"}],"replies":[{"embeddable":true,"href":"https:\/\/www.asesoriaorihuelacosta.com\/fr\/wp-json\/wp\/v2\/comments?post=27855"}],"version-history":[{"count":7,"href":"https:\/\/www.asesoriaorihuelacosta.com\/fr\/wp-json\/wp\/v2\/posts\/27855\/revisions"}],"predecessor-version":[{"id":27862,"href":"https:\/\/www.asesoriaorihuelacosta.com\/fr\/wp-json\/wp\/v2\/posts\/27855\/revisions\/27862"}],"wp:featuredmedia":[{"embeddable":true,"href":"https:\/\/www.asesoriaorihuelacosta.com\/fr\/wp-json\/wp\/v2\/media\/13195"}],"wp:attachment":[{"href":"https:\/\/www.asesoriaorihuelacosta.com\/fr\/wp-json\/wp\/v2\/media?parent=27855"}],"wp:term":[{"taxonomy":"category","embeddable":true,"href":"https:\/\/www.asesoriaorihuelacosta.com\/fr\/wp-json\/wp\/v2\/categories?post=27855"},{"taxonomy":"post_tag","embeddable":true,"href":"https:\/\/www.asesoriaorihuelacosta.com\/fr\/wp-json\/wp\/v2\/tags?post=27855"}],"curies":[{"name":"wp","href":"https:\/\/api.w.org\/{rel}","templated":true}]}}