{"id":27054,"date":"2024-06-11T09:50:07","date_gmt":"2024-06-11T09:50:07","guid":{"rendered":"https:\/\/www.asesoriaorihuelacosta.com\/?p=27054"},"modified":"2024-06-14T05:48:51","modified_gmt":"2024-06-14T05:48:51","slug":"responsabilites-de-ladministrateur-dune-societe-anonyme","status":"publish","type":"post","link":"https:\/\/www.asesoriaorihuelacosta.com\/fr\/responsabilites-de-ladministrateur-dune-societe-anonyme\/","title":{"rendered":"Responsabilit\u00e9s de l&rsquo;administrateur d&rsquo;une soci\u00e9t\u00e9 anonyme"},"content":{"rendered":"\n<p>Les responsabilit\u00e9s de l&rsquo;administrateur d&rsquo;une soci\u00e9t\u00e9 anonyme sont l&rsquo;un des crit\u00e8res \u00e0 prendre en compte avant d&rsquo;opter pour cette forme administrative. Dans ce qui suit, nous analyserons leurs implications dans diff\u00e9rentes circonstances.<\/p>\n\n\n\n<h2 class=\"wp-block-heading\" id=\"h-les-fondements-de-la-societe-anonyme\">Les fondements de la soci\u00e9t\u00e9 anonyme<\/h2>\n\n\n\n<p><\/p>\n\n\n\n<p>Une soci\u00e9t\u00e9 anonyme (S.A.) est une forme d&rsquo;organisation commerciale dans laquelle le capital social est divis\u00e9 en actions et la propri\u00e9t\u00e9 de la soci\u00e9t\u00e9 est repr\u00e9sent\u00e9e par ces actions. Les actionnaires, qui sont les propri\u00e9taires des actions, ont une responsabilit\u00e9 limit\u00e9e, ce qui signifie que leur responsabilit\u00e9 pour les dettes et les obligations de la soci\u00e9t\u00e9 est limit\u00e9e au total de leur investissement dans les actions.<\/p>\n\n\n\n<p>Les soci\u00e9t\u00e9s sont des entit\u00e9s juridiques ind\u00e9pendantes de leurs actionnaires et peuvent mener des affaires, embaucher des employ\u00e9s, poss\u00e9der des biens et \u00eatre poursuivies en justice ou agir en justice en leur nom propre. Les actions peuvent \u00eatre achet\u00e9es et vendues librement, ce qui facilite le transfert de propri\u00e9t\u00e9 et fournit des liquidit\u00e9s aux investisseurs.<\/p>\n\n\n\n<p>La soci\u00e9t\u00e9 est g\u00e9r\u00e9e par un conseil d&rsquo;administration, \u00e9lu par les actionnaires, qui prend les d\u00e9cisions strat\u00e9giques et supervise le fonctionnement quotidien de la soci\u00e9t\u00e9.<\/p>\n\n\n\n<h2 class=\"wp-block-heading\" id=\"h-responsabilites-de-l-administrateur-d-une-societe-anonyme\">Responsabilit\u00e9s de l&rsquo;administrateur d&rsquo;une soci\u00e9t\u00e9 anonyme<\/h2>\n\n\n\n<p>L&rsquo;administrateur d&rsquo;une soci\u00e9t\u00e9 anonyme joue un r\u00f4le crucial dans la gestion et la direction de l&rsquo;entreprise. Ses responsabilit\u00e9s couvrent un certain nombre de domaines cl\u00e9s, qui garantissent le bon fonctionnement de l&rsquo;entreprise dans toutes ses activit\u00e9s.<\/p>\n\n\n\n<p>La gestion op\u00e9rationnelle<\/p>\n\n\n\n<p>Le directeur est responsable de la gestion op\u00e9rationnelle quotidienne de la soci\u00e9t\u00e9 anonyme. Il doit notamment superviser toutes les activit\u00e9s commerciales, coordonner les d\u00e9partements, veiller \u00e0 ce que les ressources soient utilis\u00e9es efficacement et que les op\u00e9rations soient align\u00e9es sur les objectifs strat\u00e9giques de l&rsquo;entreprise. Il doit prendre des d\u00e9cisions efficaces pour maintenir la continuit\u00e9 des activit\u00e9s et am\u00e9liorer les performances de l&rsquo;entreprise.<\/p>\n\n\n\n<p>Conformit\u00e9 juridique et r\u00e9glementaire<\/p>\n\n\n\n<p>Le directeur doit veiller \u00e0 ce que l&rsquo;entreprise respecte toutes les lois et r\u00e9glementations en vigueur, y compris les d\u00e9clarations financi\u00e8res et fiscales en temps voulu, le respect des r\u00e9glementations du travail et de l&rsquo;environnement, ainsi que le respect du droit des soci\u00e9t\u00e9s. Le non-respect de ces obligations peut entra\u00eener des sanctions juridiques et des amendes, ainsi qu&rsquo;une atteinte \u00e0 la r\u00e9putation de l&rsquo;entreprise.<\/p>\n\n\n\n<p>Prot\u00e9ger les int\u00e9r\u00eats des actionnaires<\/p>\n\n\n\n<p>La protection des int\u00e9r\u00eats des actionnaires est une responsabilit\u00e9 fondamentale de l&rsquo;administrateur. Il doit agir au mieux des int\u00e9r\u00eats des actionnaires, en assurant une gestion transparente et \u00e9thique, par la divulgation compl\u00e8te et pr\u00e9cise des informations financi\u00e8res et op\u00e9rationnelles, en prenant des d\u00e9cisions qui maximisent la valeur actionnariale et en pr\u00e9venant les conflits d&rsquo;int\u00e9r\u00eats.<\/p>\n\n\n\n<p>Surveillance financi\u00e8re<\/p>\n\n\n\n<p>La surveillance financi\u00e8re est l&rsquo;un des domaines critiques. Le gestionnaire doit veiller \u00e0 l&rsquo;int\u00e9grit\u00e9 des \u00e9tats financiers, mettre en \u0153uvre des contr\u00f4les internes efficaces et superviser la gestion du budget. Il est \u00e9galement responsable de l&rsquo;allocation des ressources financi\u00e8res, de la gestion des investissements et doit veiller \u00e0 la rentabilit\u00e9 de l&rsquo;entreprise.<\/p>\n\n\n\n<p>Relation avec le conseil d&rsquo;administration<\/p>\n\n\n\n<p>Le gestionnaire doit maintenir une communication constante et efficace avec le conseil d&rsquo;administration. Il doit fournir des rapports d\u00e9taill\u00e9s sur les performances de l&rsquo;entreprise, soulever les probl\u00e8mes et proposer des solutions. Il est \u00e9galement important qu&rsquo;il se conforme aux d\u00e9cisions du conseil d&rsquo;administration et qu&rsquo;il veille \u00e0 ce que les politiques et les strat\u00e9gies approuv\u00e9es soient correctement mises en \u0153uvre.<\/p>\n\n\n\n<p>Gestion des risques<\/p>\n\n\n\n<p>Le directeur doit identifier, \u00e9valuer et g\u00e9rer les risques susceptibles d&rsquo;affecter l&rsquo;entreprise, tels que les risques financiers, op\u00e9rationnels, de march\u00e9 et juridiques. Il doit \u00e9laborer et mettre en \u0153uvre des strat\u00e9gies d&rsquo;att\u00e9nuation des risques et veiller \u00e0 ce que l&rsquo;entreprise soit pr\u00eate \u00e0 faire face aux impr\u00e9vus et \u00e0 maintenir la continuit\u00e9 de ses activit\u00e9s.<\/p>\n\n\n\n<h2 class=\"wp-block-heading\" id=\"h-la-responsabilite-du-dirigeant-d-une-sa-en-cas-de-faillite\">La responsabilit\u00e9 du dirigeant d&rsquo;une SA en cas de faillite<\/h2>\n\n\n\n<p>Le directeur d&rsquo;une soci\u00e9t\u00e9 anonyme a des responsabilit\u00e9s sp\u00e9cifiques en cas de faillite de l&rsquo;entreprise. Il doit agir avec diligence et dans l&rsquo;int\u00e9r\u00eat des cr\u00e9anciers et des actionnaires, en veillant \u00e0 ce que toutes les d\u00e9cisions prises minimisent les pertes et prot\u00e8gent les actifs restants de la soci\u00e9t\u00e9.<\/p>\n\n\n\n<p>L&rsquo;administrateur doit veiller \u00e0 ce que l&rsquo;entreprise respecte toutes les obligations l\u00e9gales li\u00e9es \u00e0 la proc\u00e9dure de faillite, notamment le d\u00e9p\u00f4t en temps utile des demandes d&rsquo;insolvabilit\u00e9, la coop\u00e9ration avec les autorit\u00e9s judiciaires et la transparence dans la divulgation de la situation financi\u00e8re de l&rsquo;entreprise. Le non-respect de ces obligations peut entra\u00eener des sanctions juridiques et personnelles.<\/p>\n\n\n\n<p>En outre, le syndic est responsable de la pr\u00e9servation et de la gestion des actifs de l&rsquo;entreprise pendant la proc\u00e9dure de faillite. Cela implique de prendre des mesures pour emp\u00eacher la dilapidation des actifs et de veiller \u00e0 ce que toute vente ou liquidation d&rsquo;actifs soit men\u00e9e de mani\u00e8re \u00e9quitable et transparente. Elle doit \u00e9galement travailler en \u00e9troite collaboration avec les liquidateurs ou les administrateurs de l&rsquo;insolvabilit\u00e9 pour g\u00e9rer le processus de mani\u00e8re ordonn\u00e9e.<\/p>\n\n\n\n<p>S&rsquo;il est prouv\u00e9 que l&rsquo;administrateur a agi avec n\u00e9gligence, mauvaise foi ou a commis une fraude qui a contribu\u00e9 \u00e0 la faillite, il peut \u00eatre tenu personnellement responsable des dettes de l&rsquo;entreprise.<\/p>\n\n\n\n<h2 class=\"wp-block-heading\" id=\"h-un-administrateur-est-il-responsable-de-ses-biens-dans-une-societe-anonyme\">Un administrateur est-il responsable de ses biens dans une soci\u00e9t\u00e9 anonyme ?<\/h2>\n\n\n\n<p>Un administrateur d&rsquo;une soci\u00e9t\u00e9 anonyme n&rsquo;est pas responsable sur ses biens personnels des dettes de la soci\u00e9t\u00e9, sauf s&rsquo;il a fait preuve de n\u00e9gligence, de mauvaise foi ou de fraude, auquel cas il peut \u00eatre tenu personnellement responsable.<\/p>\n","protected":false},"excerpt":{"rendered":"<p>Les responsabilit\u00e9s de l&rsquo;administrateur d&rsquo;une soci\u00e9t\u00e9 anonyme sont l&rsquo;un des crit\u00e8res \u00e0 prendre en compte avant d&rsquo;opter pour cette forme administrative. Dans ce qui suit, nous analyserons leurs implications dans diff\u00e9rentes circonstances. Les fondements de la soci\u00e9t\u00e9 anonyme Une soci\u00e9t\u00e9 anonyme (S.A.) est une forme d&rsquo;organisation commerciale dans laquelle le capital social est divis\u00e9 en [&hellip;]<\/p>\n","protected":false},"author":2,"featured_media":26889,"comment_status":"closed","ping_status":"closed","sticky":false,"template":"","format":"standard","meta":{"_eb_attr":"","inline_featured_image":false,"footnotes":""},"categories":[46],"tags":[],"class_list":["post-27054","post","type-post","status-publish","format-standard","has-post-thumbnail","hentry","category-blog"],"featured_image_src":{"landsacpe":["https:\/\/www.asesoriaorihuelacosta.com\/wp-content\/uploads\/2024\/06\/laptops-593296_640-3.jpg",640,427,false],"list":["https:\/\/www.asesoriaorihuelacosta.com\/wp-content\/uploads\/2024\/06\/laptops-593296_640-3-463x348.jpg",463,348,true],"medium":["https:\/\/www.asesoriaorihuelacosta.com\/wp-content\/uploads\/2024\/06\/laptops-593296_640-3-300x200.jpg",300,200,true],"full":["https:\/\/www.asesoriaorihuelacosta.com\/wp-content\/uploads\/2024\/06\/laptops-593296_640-3.jpg",640,427,false]},"yoast_head":"<!-- This site is optimized with the Yoast SEO Premium plugin v24.7 (Yoast SEO v27.4) - https:\/\/yoast.com\/product\/yoast-seo-premium-wordpress\/ -->\n<title>Responsabilit\u00e9s de l&#039;administrateur d&#039;une soci\u00e9t\u00e9 anonyme - Asesor\u00eda Orihuela Costa<\/title>\n<meta name=\"description\" content=\"D\u00e9couvrez les responsabilit\u00e9s du directeur d&#039;une soci\u00e9t\u00e9 anonyme et comment elles affectent son r\u00f4le dans l&#039;organisation de l&#039;entreprise.\" \/>\n<meta name=\"robots\" content=\"index, follow, max-snippet:-1, max-image-preview:large, max-video-preview:-1\" \/>\n<link rel=\"canonical\" href=\"https:\/\/www.asesoriaorihuelacosta.com\/fr\/responsabilites-de-ladministrateur-dune-societe-anonyme\/\" \/>\n<meta property=\"og:locale\" content=\"fr_FR\" \/>\n<meta property=\"og:type\" content=\"article\" \/>\n<meta property=\"og:title\" content=\"Responsabilit\u00e9s de l&#039;administrateur d&#039;une soci\u00e9t\u00e9 anonyme\" \/>\n<meta property=\"og:description\" content=\"D\u00e9couvrez les responsabilit\u00e9s du directeur d&#039;une soci\u00e9t\u00e9 anonyme et comment elles affectent son r\u00f4le dans l&#039;organisation de l&#039;entreprise.\" \/>\n<meta property=\"og:url\" content=\"https:\/\/www.asesoriaorihuelacosta.com\/fr\/responsabilites-de-ladministrateur-dune-societe-anonyme\/\" \/>\n<meta property=\"og:site_name\" content=\"Asesor\u00eda Orihuela Costa\" \/>\n<meta property=\"article:publisher\" content=\"https:\/\/www.facebook.com\/asesoriaorihuelacosta\" \/>\n<meta property=\"article:author\" content=\"https:\/\/www.facebook.com\/patrick.gordinneperez\" \/>\n<meta property=\"article:published_time\" content=\"2024-06-11T09:50:07+00:00\" \/>\n<meta property=\"article:modified_time\" content=\"2024-06-14T05:48:51+00:00\" \/>\n<meta property=\"og:image\" content=\"https:\/\/www.asesoriaorihuelacosta.com\/wp-content\/uploads\/2024\/06\/laptops-593296_640-3.jpg\" \/>\n\t<meta property=\"og:image:width\" content=\"640\" \/>\n\t<meta property=\"og:image:height\" content=\"427\" \/>\n\t<meta property=\"og:image:type\" content=\"image\/jpeg\" \/>\n<meta name=\"author\" content=\"Patrick Gordinne Perez\" \/>\n<meta name=\"twitter:card\" content=\"summary_large_image\" \/>\n<meta name=\"twitter:label1\" content=\"\u00c9crit par\" \/>\n\t<meta name=\"twitter:data1\" content=\"Patrick Gordinne Perez\" \/>\n\t<meta name=\"twitter:label2\" content=\"Dur\u00e9e de lecture estim\u00e9e\" \/>\n\t<meta name=\"twitter:data2\" content=\"4 minutes\" \/>\n<script type=\"application\/ld+json\" class=\"yoast-schema-graph\">{\"@context\":\"https:\\\/\\\/schema.org\",\"@graph\":[{\"@type\":\"Article\",\"@id\":\"https:\\\/\\\/www.asesoriaorihuelacosta.com\\\/fr\\\/responsabilites-de-ladministrateur-dune-societe-anonyme\\\/#article\",\"isPartOf\":{\"@id\":\"https:\\\/\\\/www.asesoriaorihuelacosta.com\\\/fr\\\/responsabilites-de-ladministrateur-dune-societe-anonyme\\\/\"},\"author\":{\"name\":\"Patrick Gordinne Perez\",\"@id\":\"https:\\\/\\\/www.asesoriaorihuelacosta.com\\\/fr\\\/#\\\/schema\\\/person\\\/6614ce8cf6d2de542aaf351629fd539e\"},\"headline\":\"Responsabilit\u00e9s de l&rsquo;administrateur d&rsquo;une soci\u00e9t\u00e9 anonyme\",\"datePublished\":\"2024-06-11T09:50:07+00:00\",\"dateModified\":\"2024-06-14T05:48:51+00:00\",\"mainEntityOfPage\":{\"@id\":\"https:\\\/\\\/www.asesoriaorihuelacosta.com\\\/fr\\\/responsabilites-de-ladministrateur-dune-societe-anonyme\\\/\"},\"wordCount\":1034,\"publisher\":{\"@id\":\"https:\\\/\\\/www.asesoriaorihuelacosta.com\\\/fr\\\/#organization\"},\"image\":{\"@id\":\"https:\\\/\\\/www.asesoriaorihuelacosta.com\\\/fr\\\/responsabilites-de-ladministrateur-dune-societe-anonyme\\\/#primaryimage\"},\"thumbnailUrl\":\"https:\\\/\\\/www.asesoriaorihuelacosta.com\\\/wp-content\\\/uploads\\\/2024\\\/06\\\/laptops-593296_640-3.jpg\",\"articleSection\":[\"Blog\"],\"inLanguage\":\"fr-FR\"},{\"@type\":\"WebPage\",\"@id\":\"https:\\\/\\\/www.asesoriaorihuelacosta.com\\\/fr\\\/responsabilites-de-ladministrateur-dune-societe-anonyme\\\/\",\"url\":\"https:\\\/\\\/www.asesoriaorihuelacosta.com\\\/fr\\\/responsabilites-de-ladministrateur-dune-societe-anonyme\\\/\",\"name\":\"Responsabilit\u00e9s de l'administrateur d'une soci\u00e9t\u00e9 anonyme - Asesor\u00eda Orihuela Costa\",\"isPartOf\":{\"@id\":\"https:\\\/\\\/www.asesoriaorihuelacosta.com\\\/fr\\\/#website\"},\"primaryImageOfPage\":{\"@id\":\"https:\\\/\\\/www.asesoriaorihuelacosta.com\\\/fr\\\/responsabilites-de-ladministrateur-dune-societe-anonyme\\\/#primaryimage\"},\"image\":{\"@id\":\"https:\\\/\\\/www.asesoriaorihuelacosta.com\\\/fr\\\/responsabilites-de-ladministrateur-dune-societe-anonyme\\\/#primaryimage\"},\"thumbnailUrl\":\"https:\\\/\\\/www.asesoriaorihuelacosta.com\\\/wp-content\\\/uploads\\\/2024\\\/06\\\/laptops-593296_640-3.jpg\",\"datePublished\":\"2024-06-11T09:50:07+00:00\",\"dateModified\":\"2024-06-14T05:48:51+00:00\",\"description\":\"D\u00e9couvrez les responsabilit\u00e9s du directeur d'une soci\u00e9t\u00e9 anonyme et comment elles affectent son r\u00f4le dans l'organisation de l'entreprise.\",\"breadcrumb\":{\"@id\":\"https:\\\/\\\/www.asesoriaorihuelacosta.com\\\/fr\\\/responsabilites-de-ladministrateur-dune-societe-anonyme\\\/#breadcrumb\"},\"inLanguage\":\"fr-FR\",\"potentialAction\":[{\"@type\":\"ReadAction\",\"target\":[\"https:\\\/\\\/www.asesoriaorihuelacosta.com\\\/fr\\\/responsabilites-de-ladministrateur-dune-societe-anonyme\\\/\"]}]},{\"@type\":\"ImageObject\",\"inLanguage\":\"fr-FR\",\"@id\":\"https:\\\/\\\/www.asesoriaorihuelacosta.com\\\/fr\\\/responsabilites-de-ladministrateur-dune-societe-anonyme\\\/#primaryimage\",\"url\":\"https:\\\/\\\/www.asesoriaorihuelacosta.com\\\/wp-content\\\/uploads\\\/2024\\\/06\\\/laptops-593296_640-3.jpg\",\"contentUrl\":\"https:\\\/\\\/www.asesoriaorihuelacosta.com\\\/wp-content\\\/uploads\\\/2024\\\/06\\\/laptops-593296_640-3.jpg\",\"width\":640,\"height\":427,\"caption\":\"Responsabilidades del administrador de una sociedad an\u00f3nima\"},{\"@type\":\"BreadcrumbList\",\"@id\":\"https:\\\/\\\/www.asesoriaorihuelacosta.com\\\/fr\\\/responsabilites-de-ladministrateur-dune-societe-anonyme\\\/#breadcrumb\",\"itemListElement\":[{\"@type\":\"ListItem\",\"position\":1,\"name\":\"Home\",\"item\":\"https:\\\/\\\/www.asesoriaorihuelacosta.com\\\/fr\\\/\"},{\"@type\":\"ListItem\",\"position\":2,\"name\":\"Responsabilit\u00e9s de l&#8217;administrateur d&#8217;une soci\u00e9t\u00e9 anonyme\"}]},{\"@type\":\"WebSite\",\"@id\":\"https:\\\/\\\/www.asesoriaorihuelacosta.com\\\/fr\\\/#website\",\"url\":\"https:\\\/\\\/www.asesoriaorihuelacosta.com\\\/fr\\\/\",\"name\":\"https:\\\/\\\/www.asesoriaorihuelacosta.com\\\/\",\"description\":\"Grupo de asesores profesionales\",\"publisher\":{\"@id\":\"https:\\\/\\\/www.asesoriaorihuelacosta.com\\\/fr\\\/#organization\"},\"potentialAction\":[{\"@type\":\"SearchAction\",\"target\":{\"@type\":\"EntryPoint\",\"urlTemplate\":\"https:\\\/\\\/www.asesoriaorihuelacosta.com\\\/fr\\\/?s={search_term_string}\"},\"query-input\":{\"@type\":\"PropertyValueSpecification\",\"valueRequired\":true,\"valueName\":\"search_term_string\"}}],\"inLanguage\":\"fr-FR\"},{\"@type\":\"Organization\",\"@id\":\"https:\\\/\\\/www.asesoriaorihuelacosta.com\\\/fr\\\/#organization\",\"name\":\"Asesor\u00eda Orihuela Costa\",\"url\":\"https:\\\/\\\/www.asesoriaorihuelacosta.com\\\/fr\\\/\",\"logo\":{\"@type\":\"ImageObject\",\"inLanguage\":\"fr-FR\",\"@id\":\"https:\\\/\\\/www.asesoriaorihuelacosta.com\\\/fr\\\/#\\\/schema\\\/logo\\\/image\\\/\",\"url\":\"https:\\\/\\\/www.asesoriaorihuelacosta.com\\\/wp-content\\\/uploads\\\/2022\\\/06\\\/Logo-espa\u5bf8l-asesoriaorihuela.jpg\",\"contentUrl\":\"https:\\\/\\\/www.asesoriaorihuelacosta.com\\\/wp-content\\\/uploads\\\/2022\\\/06\\\/Logo-espa\u5bf8l-asesoriaorihuela.jpg\",\"width\":588,\"height\":136,\"caption\":\"Asesor\u00eda Orihuela Costa\"},\"image\":{\"@id\":\"https:\\\/\\\/www.asesoriaorihuelacosta.com\\\/fr\\\/#\\\/schema\\\/logo\\\/image\\\/\"},\"sameAs\":[\"https:\\\/\\\/www.facebook.com\\\/asesoriaorihuelacosta\"]},{\"@type\":\"Person\",\"@id\":\"https:\\\/\\\/www.asesoriaorihuelacosta.com\\\/fr\\\/#\\\/schema\\\/person\\\/6614ce8cf6d2de542aaf351629fd539e\",\"name\":\"Patrick Gordinne Perez\",\"description\":\"Soy economista colegiado por el colegio de economistas de Alicante con el n\u00famero 2722. Llevo ejerciendo desde el a\u00f1o 2005. Soy especialista en fiscalidad de empresas y aut\u00f3nomos y tambi\u00e9n especialista en gestionar compraventas. Hablo espa\u00f1ol, ingl\u00e9s y franc\u00e9s.\",\"sameAs\":[\"https:\\\/\\\/www.asesoriaorihuelacosta.com\",\"https:\\\/\\\/www.facebook.com\\\/patrick.gordinneperez\",\"https:\\\/\\\/www.linkedin.com\\\/in\\\/patrick-gordinne-perez-1b73aab3\\\/\",\"https:\\\/\\\/www.youtube.com\\\/channel\\\/UC5e95RJEVQlxCnhwDmGNVCw\"],\"gender\":\"Hombre\",\"knowsLanguage\":[\"ingl\u00e9s\",\"franc\u00e9s\",\"espa\u00f1ol\"],\"jobTitle\":\"Gerente\",\"worksFor\":\"Asesoria Orihuela Costa SL\"}]}<\/script>\n<!-- \/ Yoast SEO Premium plugin. -->","yoast_head_json":{"title":"Responsabilit\u00e9s de l'administrateur d'une soci\u00e9t\u00e9 anonyme - Asesor\u00eda Orihuela Costa","description":"D\u00e9couvrez les responsabilit\u00e9s du directeur d'une soci\u00e9t\u00e9 anonyme et comment elles affectent son r\u00f4le dans l'organisation de l'entreprise.","robots":{"index":"index","follow":"follow","max-snippet":"max-snippet:-1","max-image-preview":"max-image-preview:large","max-video-preview":"max-video-preview:-1"},"canonical":"https:\/\/www.asesoriaorihuelacosta.com\/fr\/responsabilites-de-ladministrateur-dune-societe-anonyme\/","og_locale":"fr_FR","og_type":"article","og_title":"Responsabilit\u00e9s de l'administrateur d'une soci\u00e9t\u00e9 anonyme","og_description":"D\u00e9couvrez les responsabilit\u00e9s du directeur d'une soci\u00e9t\u00e9 anonyme et comment elles affectent son r\u00f4le dans l'organisation de l'entreprise.","og_url":"https:\/\/www.asesoriaorihuelacosta.com\/fr\/responsabilites-de-ladministrateur-dune-societe-anonyme\/","og_site_name":"Asesor\u00eda Orihuela Costa","article_publisher":"https:\/\/www.facebook.com\/asesoriaorihuelacosta","article_author":"https:\/\/www.facebook.com\/patrick.gordinneperez","article_published_time":"2024-06-11T09:50:07+00:00","article_modified_time":"2024-06-14T05:48:51+00:00","og_image":[{"width":640,"height":427,"url":"https:\/\/www.asesoriaorihuelacosta.com\/wp-content\/uploads\/2024\/06\/laptops-593296_640-3.jpg","type":"image\/jpeg"}],"author":"Patrick Gordinne Perez","twitter_card":"summary_large_image","twitter_misc":{"\u00c9crit par":"Patrick Gordinne Perez","Dur\u00e9e de lecture estim\u00e9e":"4 minutes"},"schema":{"@context":"https:\/\/schema.org","@graph":[{"@type":"Article","@id":"https:\/\/www.asesoriaorihuelacosta.com\/fr\/responsabilites-de-ladministrateur-dune-societe-anonyme\/#article","isPartOf":{"@id":"https:\/\/www.asesoriaorihuelacosta.com\/fr\/responsabilites-de-ladministrateur-dune-societe-anonyme\/"},"author":{"name":"Patrick Gordinne Perez","@id":"https:\/\/www.asesoriaorihuelacosta.com\/fr\/#\/schema\/person\/6614ce8cf6d2de542aaf351629fd539e"},"headline":"Responsabilit\u00e9s de l&rsquo;administrateur d&rsquo;une soci\u00e9t\u00e9 anonyme","datePublished":"2024-06-11T09:50:07+00:00","dateModified":"2024-06-14T05:48:51+00:00","mainEntityOfPage":{"@id":"https:\/\/www.asesoriaorihuelacosta.com\/fr\/responsabilites-de-ladministrateur-dune-societe-anonyme\/"},"wordCount":1034,"publisher":{"@id":"https:\/\/www.asesoriaorihuelacosta.com\/fr\/#organization"},"image":{"@id":"https:\/\/www.asesoriaorihuelacosta.com\/fr\/responsabilites-de-ladministrateur-dune-societe-anonyme\/#primaryimage"},"thumbnailUrl":"https:\/\/www.asesoriaorihuelacosta.com\/wp-content\/uploads\/2024\/06\/laptops-593296_640-3.jpg","articleSection":["Blog"],"inLanguage":"fr-FR"},{"@type":"WebPage","@id":"https:\/\/www.asesoriaorihuelacosta.com\/fr\/responsabilites-de-ladministrateur-dune-societe-anonyme\/","url":"https:\/\/www.asesoriaorihuelacosta.com\/fr\/responsabilites-de-ladministrateur-dune-societe-anonyme\/","name":"Responsabilit\u00e9s de l'administrateur d'une soci\u00e9t\u00e9 anonyme - Asesor\u00eda Orihuela Costa","isPartOf":{"@id":"https:\/\/www.asesoriaorihuelacosta.com\/fr\/#website"},"primaryImageOfPage":{"@id":"https:\/\/www.asesoriaorihuelacosta.com\/fr\/responsabilites-de-ladministrateur-dune-societe-anonyme\/#primaryimage"},"image":{"@id":"https:\/\/www.asesoriaorihuelacosta.com\/fr\/responsabilites-de-ladministrateur-dune-societe-anonyme\/#primaryimage"},"thumbnailUrl":"https:\/\/www.asesoriaorihuelacosta.com\/wp-content\/uploads\/2024\/06\/laptops-593296_640-3.jpg","datePublished":"2024-06-11T09:50:07+00:00","dateModified":"2024-06-14T05:48:51+00:00","description":"D\u00e9couvrez les responsabilit\u00e9s du directeur d'une soci\u00e9t\u00e9 anonyme et comment elles affectent son r\u00f4le dans l'organisation de l'entreprise.","breadcrumb":{"@id":"https:\/\/www.asesoriaorihuelacosta.com\/fr\/responsabilites-de-ladministrateur-dune-societe-anonyme\/#breadcrumb"},"inLanguage":"fr-FR","potentialAction":[{"@type":"ReadAction","target":["https:\/\/www.asesoriaorihuelacosta.com\/fr\/responsabilites-de-ladministrateur-dune-societe-anonyme\/"]}]},{"@type":"ImageObject","inLanguage":"fr-FR","@id":"https:\/\/www.asesoriaorihuelacosta.com\/fr\/responsabilites-de-ladministrateur-dune-societe-anonyme\/#primaryimage","url":"https:\/\/www.asesoriaorihuelacosta.com\/wp-content\/uploads\/2024\/06\/laptops-593296_640-3.jpg","contentUrl":"https:\/\/www.asesoriaorihuelacosta.com\/wp-content\/uploads\/2024\/06\/laptops-593296_640-3.jpg","width":640,"height":427,"caption":"Responsabilidades del administrador de una sociedad an\u00f3nima"},{"@type":"BreadcrumbList","@id":"https:\/\/www.asesoriaorihuelacosta.com\/fr\/responsabilites-de-ladministrateur-dune-societe-anonyme\/#breadcrumb","itemListElement":[{"@type":"ListItem","position":1,"name":"Home","item":"https:\/\/www.asesoriaorihuelacosta.com\/fr\/"},{"@type":"ListItem","position":2,"name":"Responsabilit\u00e9s de l&#8217;administrateur d&#8217;une soci\u00e9t\u00e9 anonyme"}]},{"@type":"WebSite","@id":"https:\/\/www.asesoriaorihuelacosta.com\/fr\/#website","url":"https:\/\/www.asesoriaorihuelacosta.com\/fr\/","name":"https:\/\/www.asesoriaorihuelacosta.com\/","description":"Grupo de asesores profesionales","publisher":{"@id":"https:\/\/www.asesoriaorihuelacosta.com\/fr\/#organization"},"potentialAction":[{"@type":"SearchAction","target":{"@type":"EntryPoint","urlTemplate":"https:\/\/www.asesoriaorihuelacosta.com\/fr\/?s={search_term_string}"},"query-input":{"@type":"PropertyValueSpecification","valueRequired":true,"valueName":"search_term_string"}}],"inLanguage":"fr-FR"},{"@type":"Organization","@id":"https:\/\/www.asesoriaorihuelacosta.com\/fr\/#organization","name":"Asesor\u00eda Orihuela Costa","url":"https:\/\/www.asesoriaorihuelacosta.com\/fr\/","logo":{"@type":"ImageObject","inLanguage":"fr-FR","@id":"https:\/\/www.asesoriaorihuelacosta.com\/fr\/#\/schema\/logo\/image\/","url":"https:\/\/www.asesoriaorihuelacosta.com\/wp-content\/uploads\/2022\/06\/Logo-espa\u5bf8l-asesoriaorihuela.jpg","contentUrl":"https:\/\/www.asesoriaorihuelacosta.com\/wp-content\/uploads\/2022\/06\/Logo-espa\u5bf8l-asesoriaorihuela.jpg","width":588,"height":136,"caption":"Asesor\u00eda Orihuela Costa"},"image":{"@id":"https:\/\/www.asesoriaorihuelacosta.com\/fr\/#\/schema\/logo\/image\/"},"sameAs":["https:\/\/www.facebook.com\/asesoriaorihuelacosta"]},{"@type":"Person","@id":"https:\/\/www.asesoriaorihuelacosta.com\/fr\/#\/schema\/person\/6614ce8cf6d2de542aaf351629fd539e","name":"Patrick Gordinne Perez","description":"Soy economista colegiado por el colegio de economistas de Alicante con el n\u00famero 2722. Llevo ejerciendo desde el a\u00f1o 2005. Soy especialista en fiscalidad de empresas y aut\u00f3nomos y tambi\u00e9n especialista en gestionar compraventas. Hablo espa\u00f1ol, ingl\u00e9s y franc\u00e9s.","sameAs":["https:\/\/www.asesoriaorihuelacosta.com","https:\/\/www.facebook.com\/patrick.gordinneperez","https:\/\/www.linkedin.com\/in\/patrick-gordinne-perez-1b73aab3\/","https:\/\/www.youtube.com\/channel\/UC5e95RJEVQlxCnhwDmGNVCw"],"gender":"Hombre","knowsLanguage":["ingl\u00e9s","franc\u00e9s","espa\u00f1ol"],"jobTitle":"Gerente","worksFor":"Asesoria Orihuela Costa SL"}]}},"_links":{"self":[{"href":"https:\/\/www.asesoriaorihuelacosta.com\/fr\/wp-json\/wp\/v2\/posts\/27054","targetHints":{"allow":["GET"]}}],"collection":[{"href":"https:\/\/www.asesoriaorihuelacosta.com\/fr\/wp-json\/wp\/v2\/posts"}],"about":[{"href":"https:\/\/www.asesoriaorihuelacosta.com\/fr\/wp-json\/wp\/v2\/types\/post"}],"author":[{"embeddable":true,"href":"https:\/\/www.asesoriaorihuelacosta.com\/fr\/wp-json\/wp\/v2\/users\/2"}],"replies":[{"embeddable":true,"href":"https:\/\/www.asesoriaorihuelacosta.com\/fr\/wp-json\/wp\/v2\/comments?post=27054"}],"version-history":[{"count":1,"href":"https:\/\/www.asesoriaorihuelacosta.com\/fr\/wp-json\/wp\/v2\/posts\/27054\/revisions"}],"predecessor-version":[{"id":27055,"href":"https:\/\/www.asesoriaorihuelacosta.com\/fr\/wp-json\/wp\/v2\/posts\/27054\/revisions\/27055"}],"wp:featuredmedia":[{"embeddable":true,"href":"https:\/\/www.asesoriaorihuelacosta.com\/fr\/wp-json\/wp\/v2\/media\/26889"}],"wp:attachment":[{"href":"https:\/\/www.asesoriaorihuelacosta.com\/fr\/wp-json\/wp\/v2\/media?parent=27054"}],"wp:term":[{"taxonomy":"category","embeddable":true,"href":"https:\/\/www.asesoriaorihuelacosta.com\/fr\/wp-json\/wp\/v2\/categories?post=27054"},{"taxonomy":"post_tag","embeddable":true,"href":"https:\/\/www.asesoriaorihuelacosta.com\/fr\/wp-json\/wp\/v2\/tags?post=27054"}],"curies":[{"name":"wp","href":"https:\/\/api.w.org\/{rel}","templated":true}]}}