{"id":25581,"date":"2024-05-11T14:12:26","date_gmt":"2024-05-11T14:12:26","guid":{"rendered":"https:\/\/www.asesoriaorihuelacosta.com\/?p=25581"},"modified":"2024-05-15T01:39:33","modified_gmt":"2024-05-15T01:39:33","slug":"ce-quil-faut-savoir-sur-les-obligations-des-entreprise-en-espagne","status":"publish","type":"post","link":"https:\/\/www.asesoriaorihuelacosta.com\/fr\/ce-quil-faut-savoir-sur-les-obligations-des-entreprise-en-espagne\/","title":{"rendered":"Ce qu&rsquo;il faut savoir sur les obligations des entreprise en Espagne"},"content":{"rendered":"\t\t<div data-elementor-type=\"wp-post\" data-elementor-id=\"25581\" class=\"elementor elementor-25581\" data-elementor-post-type=\"post\">\n\t\t\t\t\t\t<section data-particle_enable=\"false\" data-particle-mobile-disabled=\"false\" class=\"elementor-section elementor-top-section elementor-element elementor-element-32da825 elementor-section-boxed elementor-section-height-default elementor-section-height-default\" data-id=\"32da825\" data-element_type=\"section\" data-e-type=\"section\">\r\n\t\t\r\n\t\t\t\t\t\t\t<div class=\"elementor-container elementor-column-gap-default\">\r\n\t\t\t\t\t\t\t\t\t\t\t<div class=\"elementor-column elementor-col-100 elementor-top-column elementor-element elementor-element-5d96a09\" data-id=\"5d96a09\" data-element_type=\"column\" data-e-type=\"column\">\r\n\t\t\t\t\t<div class=\"elementor-widget-wrap elementor-element-populated\">\r\n\t\t\t\t\t\t\t\t<div class=\"elementor-element elementor-element-73995e3 elementor-widget elementor-widget-text-editor\" data-id=\"73995e3\" data-element_type=\"widget\" data-e-type=\"widget\" data-widget_type=\"text-editor.default\">\n\t\t\t\t<div class=\"elementor-widget-container\">\n\t\t\t\t\t\t\t\t\t<p>Les entreprises ont diverses obligations commerciales \u00e0 respecter sous peine de sanctions financi\u00e8res. Vous avez des doutes ? Dans cet article, nous les dissipons.Les entreprises ont diverses obligations commerciales \u00e0 respecter sous peine de sanctions financi\u00e8res. Vous avez des doutes ? Dans cet article, nous les dissipons.<\/p>\t\t\t\t\t\t\t\t<\/div>\n\t\t\t\t<\/div>\n\t\t\t\t\t<\/div>\r\n\t\t\t\t<\/div>\r\n\t\t\t\t\t<\/div>\r\n\t\t\t\t<\/section>\r\n\t\t\t\t<section data-particle_enable=\"false\" data-particle-mobile-disabled=\"false\" class=\"elementor-section elementor-top-section elementor-element elementor-element-333ffd3 elementor-section-boxed elementor-section-height-default elementor-section-height-default\" data-id=\"333ffd3\" data-element_type=\"section\" data-e-type=\"section\">\r\n\t\t\r\n\t\t\t\t\t\t\t<div class=\"elementor-container elementor-column-gap-default\">\r\n\t\t\t\t\t\t\t\t\t\t\t<div class=\"elementor-column elementor-col-100 elementor-top-column elementor-element elementor-element-f572979\" data-id=\"f572979\" data-element_type=\"column\" data-e-type=\"column\">\r\n\t\t\t\t\t<div class=\"elementor-widget-wrap elementor-element-populated\">\r\n\t\t\t\t\t\t\t\t<div class=\"elementor-element elementor-element-e718e2d elementor-widget elementor-widget-heading\" data-id=\"e718e2d\" data-element_type=\"widget\" data-e-type=\"widget\" data-widget_type=\"heading.default\">\n\t\t\t\t<div class=\"elementor-widget-container\">\n\t\t\t\t\t<h2 class=\"elementor-heading-title elementor-size-default\">Les obligations commerciales des entreprises en Espagne<\/h2>\t\t\t\t<\/div>\n\t\t\t\t<\/div>\n\t\t\t\t\t<\/div>\r\n\t\t\t\t<\/div>\r\n\t\t\t\t\t<\/div>\r\n\t\t\t\t<\/section>\r\n\t\t\t\t<section data-particle_enable=\"false\" data-particle-mobile-disabled=\"false\" class=\"elementor-section elementor-top-section elementor-element elementor-element-97094ed elementor-section-boxed elementor-section-height-default elementor-section-height-default\" data-id=\"97094ed\" data-element_type=\"section\" data-e-type=\"section\">\r\n\t\t\r\n\t\t\t\t\t\t\t<div class=\"elementor-container elementor-column-gap-default\">\r\n\t\t\t\t\t\t\t\t\t\t\t<div class=\"elementor-column elementor-col-100 elementor-top-column elementor-element elementor-element-b21a0bc\" data-id=\"b21a0bc\" data-element_type=\"column\" data-e-type=\"column\">\r\n\t\t\t\t\t<div class=\"elementor-widget-wrap elementor-element-populated\">\r\n\t\t\t\t\t\t\t\t<div class=\"elementor-element elementor-element-bef94dd elementor-widget elementor-widget-text-editor\" data-id=\"bef94dd\" data-element_type=\"widget\" data-e-type=\"widget\" data-widget_type=\"text-editor.default\">\n\t\t\t\t<div class=\"elementor-widget-container\">\n\t\t\t\t\t\t\t\t\t<p>Les entreprises d\u00fbment <strong><a href=\"https:\/\/www.asesoriaorihuelacosta.com\/fr\/la-procedure-dinscription-dune-societe-au-registre-du-commerce-en-espagne\/\" target=\"_blank\" rel=\"noopener\">inscrites au registre du commerce<\/a><\/strong>, \u00e0 la s\u00e9curit\u00e9 sociale et \u00e0 l&rsquo;administration fiscale ont une s\u00e9rie d&rsquo;obligations commerciales \u00e0 respecter dans le cadre de leurs activit\u00e9s quotidiennes. Nous soulignons les plus importantes d&rsquo;entre elles :<\/p>\t\t\t\t\t\t\t\t<\/div>\n\t\t\t\t<\/div>\n\t\t\t\t\t<\/div>\r\n\t\t\t\t<\/div>\r\n\t\t\t\t\t<\/div>\r\n\t\t\t\t<\/section>\r\n\t\t\t\t<section data-particle_enable=\"false\" data-particle-mobile-disabled=\"false\" class=\"elementor-section elementor-top-section elementor-element elementor-element-b839cf0 elementor-section-boxed elementor-section-height-default elementor-section-height-default\" data-id=\"b839cf0\" data-element_type=\"section\" data-e-type=\"section\">\r\n\t\t\r\n\t\t\t\t\t\t\t<div class=\"elementor-container elementor-column-gap-default\">\r\n\t\t\t\t\t\t\t\t\t\t\t<div class=\"elementor-column elementor-col-100 elementor-top-column elementor-element elementor-element-b8fd2a7\" data-id=\"b8fd2a7\" data-element_type=\"column\" data-e-type=\"column\">\r\n\t\t\t\t\t<div class=\"elementor-widget-wrap elementor-element-populated\">\r\n\t\t\t\t\t\t\t\t<div class=\"elementor-element elementor-element-bc53f9b elementor-widget elementor-widget-text-editor\" data-id=\"bc53f9b\" data-element_type=\"widget\" data-e-type=\"widget\" data-widget_type=\"text-editor.default\">\n\t\t\t\t<div class=\"elementor-widget-container\">\n\t\t\t\t\t\t\t\t\t<h3>1.Livres obligatoires<\/h3><p>La premi\u00e8re obligation de l&rsquo;entreprise est de tenir des livres comptables \u00e0 la disposition des autorit\u00e9s commerciales et fiscales. Plus pr\u00e9cis\u00e9ment, ils doivent \u00eatre les suivants :<\/p><ul><li><strong>Le livre des proc\u00e8s-verbaux<\/strong> : le livre des proc\u00e8s-verbaux enregistre toutes les r\u00e9unions de l&rsquo;assembl\u00e9e g\u00e9n\u00e9rale des actionnaires, ainsi que les r\u00e9solutions qui ont \u00e9t\u00e9 prises. Ces informations doivent \u00eatre accessibles \u00e0 l&rsquo;administration g\u00e9n\u00e9rale, mais aussi aux actionnaires.<\/li><li><strong>Grand livre comptable<\/strong> : le journal sert \u00e0 enregistrer tous les mouvements de marchandises, les achats, les ventes, les stocks et tous les autres mouvements comptables qui ont \u00e9t\u00e9 enregistr\u00e9s ce jour-l\u00e0. Il permet ainsi de suivre l&rsquo;\u00e9volution des donn\u00e9es.<\/li><li><strong>Livre d&rsquo;inventaire et des comptes annuels<\/strong> : le livre d&rsquo;inventaire et des comptes annuels enregistre l&rsquo;inventaire d&rsquo;une entreprise \u00e0 la fin de l&rsquo;ann\u00e9e et les comptes annuels de l&rsquo;entreprise. Il est utilis\u00e9 pour qu&rsquo;ils puissent ensuite \u00eatre d\u00e9pos\u00e9s au <a href=\"https:\/\/www.mjusticia.gob.es\/es\/ciudadania\/registros\/propiedad-mercantiles\/registro-mercantil#\" target=\"_blank\" rel=\"noopener\">registre du commerce<\/a>.<\/li><li>Registre des membres : Le registre des membres comprend les membres de l&rsquo;entreprise, qui sont d\u00fbment identifi\u00e9s.<\/li><\/ul><p>Dans les entreprises individuelles \u00e0 responsabilit\u00e9 limit\u00e9e (S.L.U.), un livre des contrats doit \u00e9galement \u00eatre tenu pour les enregistrer.<\/p><h3>2. Obligations commerciales : pr\u00e9sentation des comptes annuels<\/h3><p>Les obligations commerciales impliquent le d\u00e9p\u00f4t et la pr\u00e9sentation des comptes annuels de chaque exercice aupr\u00e8s du registre du commerce de la province dans laquelle la soci\u00e9t\u00e9 a son si\u00e8ge social. La date limite de d\u00e9p\u00f4t est la fin du premier semestre de l&rsquo;ann\u00e9e suivante (30 juillet).<\/p><p>Les comptes annuels se composent de deux types de documents. Il y a tout d&rsquo;abord le journal, qui enregistre tous les mouvements quotidiens. D&rsquo;autre part, le livre d&rsquo;inventaire et des comptes annuels, qui enregistre l&rsquo;\u00e9tat actuel de l&rsquo;entreprise.<\/p><p>N&rsquo;oubliez pas que les comptes annuels doivent d&rsquo;abord \u00eatre approuv\u00e9s par l&rsquo;assembl\u00e9e g\u00e9n\u00e9rale des actionnaires. Dans le cas contraire, ces derniers pourraient <a href=\"https:\/\/www.asesoriaorihuelacosta.com\/fr\/responsabilites-du-dirigeant-dune-sprl-tout-ce-que-vous-devez-savoir\/\" target=\"_blank\" rel=\"noopener\">se retourner contre l&rsquo;administrateur<\/a> et les contester devant les tribunaux.<\/p><h3>3. Paiement des imp\u00f4ts<\/h3><p>La troisi\u00e8me obligation des entreprises, \u00e0 des fins commerciales, est le paiement des imp\u00f4ts correspondants. Comme nous nous r\u00e9f\u00e9rons aux soci\u00e9t\u00e9s commerciales, nous pouvons essentiellement mettre en \u00e9vidence ces obligations :<\/p><ul><li><strong>Taxe sur la valeur ajout\u00e9e<\/strong> : la <a href=\"https:\/\/administracion.gob.es\/pag_Home\/Tu-espacio-europeo\/derechos-obligaciones\/empresas\/impuestos\/IVA\/normas-generales.html#:~:text=El%20Impuesto%20sobre%20el%20valor,las%20importaciones%20de%20bienes\" target=\"_blank\" rel=\"noopener\">taxe sur la valeur ajout\u00e9e (TVA)<\/a> doit \u00eatre acquitt\u00e9e trimestriellement, en calculant la diff\u00e9rence entre les recettes et les d\u00e9penses. Si cette diff\u00e9rence est positive, elle doit \u00eatre pay\u00e9e dans le mois suivant le trimestre de facturation ; si la diff\u00e9rence est n\u00e9gative, elle peut \u00eatre compens\u00e9e au cours des trimestres suivants. Les entreprises qui rel\u00e8vent de la <a href=\"https:\/\/www.asesoriaorihuelacosta.com\/fr\/nouveau-systeme-de-communication-immediate-dinformations-sii-en-espagne\/\" target=\"_blank\" rel=\"noopener\">fourniture imm\u00e9diate d&rsquo;informations<\/a> (SII) le font sur une base mensuelle.<\/li><li><strong>Imp\u00f4t sur les soci\u00e9t\u00e9s<\/strong> : L&rsquo;imp\u00f4t sur les soci\u00e9t\u00e9s (IS) est pay\u00e9 annuellement, avec une \u00e9ch\u00e9ance en juillet de l&rsquo;ann\u00e9e suivante, bien qu&rsquo;il soit possible de verser des acomptes tous les quatre mois (avril, octobre et d\u00e9cembre). Le taux g\u00e9n\u00e9ral d&rsquo;imposition est fix\u00e9 \u00e0 23 % ou 25 % des b\u00e9n\u00e9fices bruts. Certaines entreprises nouvellement cr\u00e9\u00e9es paient 15 % pendant les deux premi\u00e8res ann\u00e9es si elles remplissent certaines conditions.<\/li><li><strong>Taxe sur les activit\u00e9s commerciales<\/strong> : toutes les entreprises sont tenues de s&rsquo;inscrire \u00e0 la taxe sur les activit\u00e9s commerciales (IAE) lorsqu&rsquo;elles s&rsquo;enregistrent. Toutefois, seules celles dont le chiffre d&rsquo;affaires est sup\u00e9rieur \u00e0 un million d&rsquo;euros la paient.<\/li><\/ul><p>Dans certains cas, il existe \u00e9galement des taxes r\u00e9gionales ou des surtaxes, en fonction de l&rsquo;activit\u00e9 de chaque entreprise. Il convient donc d&rsquo;en tenir compte.<\/p>\t\t\t\t\t\t\t\t<\/div>\n\t\t\t\t<\/div>\n\t\t\t\t\t<\/div>\r\n\t\t\t\t<\/div>\r\n\t\t\t\t\t<\/div>\r\n\t\t\t\t<\/section>\r\n\t\t\t\t<section data-particle_enable=\"false\" data-particle-mobile-disabled=\"false\" class=\"elementor-section elementor-top-section elementor-element elementor-element-9df9d08 elementor-section-boxed elementor-section-height-default elementor-section-height-default\" data-id=\"9df9d08\" data-element_type=\"section\" data-e-type=\"section\">\r\n\t\t\r\n\t\t\t\t\t\t\t<div class=\"elementor-container elementor-column-gap-default\">\r\n\t\t\t\t\t\t\t\t\t\t\t<div class=\"elementor-column elementor-col-100 elementor-top-column elementor-element elementor-element-df3b09c\" data-id=\"df3b09c\" data-element_type=\"column\" data-e-type=\"column\">\r\n\t\t\t\t\t<div class=\"elementor-widget-wrap elementor-element-populated\">\r\n\t\t\t\t\t\t\t\t<div class=\"elementor-element elementor-element-c1cee5a elementor-widget elementor-widget-heading\" data-id=\"c1cee5a\" data-element_type=\"widget\" data-e-type=\"widget\" data-widget_type=\"heading.default\">\n\t\t\t\t<div class=\"elementor-widget-container\">\n\t\t\t\t\t<h2 class=\"elementor-heading-title elementor-size-default\">En r\u00e9sum\u00e9...<\/h2>\t\t\t\t<\/div>\n\t\t\t\t<\/div>\n\t\t\t\t\t<\/div>\r\n\t\t\t\t<\/div>\r\n\t\t\t\t\t<\/div>\r\n\t\t\t\t<\/section>\r\n\t\t\t\t<section data-particle_enable=\"false\" data-particle-mobile-disabled=\"false\" class=\"elementor-section elementor-top-section elementor-element elementor-element-ce065cd elementor-section-boxed elementor-section-height-default elementor-section-height-default\" data-id=\"ce065cd\" data-element_type=\"section\" data-e-type=\"section\">\r\n\t\t\r\n\t\t\t\t\t\t\t<div class=\"elementor-container elementor-column-gap-default\">\r\n\t\t\t\t\t\t\t\t\t\t\t<div class=\"elementor-column elementor-col-100 elementor-top-column elementor-element elementor-element-d306ba5\" data-id=\"d306ba5\" data-element_type=\"column\" data-e-type=\"column\">\r\n\t\t\t\t\t<div class=\"elementor-widget-wrap elementor-element-populated\">\r\n\t\t\t\t\t\t\t\t<div class=\"elementor-element elementor-element-a84e84e elementor-widget elementor-widget-text-editor\" data-id=\"a84e84e\" data-element_type=\"widget\" data-e-type=\"widget\" data-widget_type=\"text-editor.default\">\n\t\t\t\t<div class=\"elementor-widget-container\">\n\t\t\t\t\t\t\t\t\t<p>Conna\u00eetre les obligations commerciales et les d\u00e9lais permet d&rsquo;\u00e9viter les probl\u00e8mes de p\u00e9nalit\u00e9s. Chez <a href=\"https:\/\/www.asesoriaorihuelacosta.com\/fr\/\" target=\"_blank\" rel=\"noopener\">Asesor\u00eda Orihuela Costa<\/a>, nous pouvons vous aider \u00e0 g\u00e9rer cette situation dans votre entreprise, contactez-nous pour en savoir plus !<\/p>\t\t\t\t\t\t\t\t<\/div>\n\t\t\t\t<\/div>\n\t\t\t\t\t<\/div>\r\n\t\t\t\t<\/div>\r\n\t\t\t\t\t<\/div>\r\n\t\t\t\t<\/section>\r\n\t\t\t\t<\/div>\n\t\t","protected":false},"excerpt":{"rendered":"<p>Les entreprises ont diverses obligations commerciales \u00e0 respecter sous peine de sanctions financi\u00e8res. Vous avez des doutes ? Dans cet article, nous les dissipons.Les entreprises ont diverses obligations commerciales \u00e0 respecter sous peine de sanctions financi\u00e8res. Vous avez des doutes ? Dans cet article, nous les dissipons. Les obligations commerciales des entreprises en Espagne Les [&hellip;]<\/p>\n","protected":false},"author":2,"featured_media":25366,"comment_status":"closed","ping_status":"closed","sticky":false,"template":"","format":"standard","meta":{"_eb_attr":"","inline_featured_image":false,"footnotes":""},"categories":[45],"tags":[],"class_list":["post-25581","post","type-post","status-publish","format-standard","has-post-thumbnail","hentry","category-blog"],"featured_image_src":{"landsacpe":["https:\/\/www.asesoriaorihuelacosta.com\/wp-content\/uploads\/2024\/05\/necesitas-obligaciones-mercantiles-1026-1000x445.jpg",1000,445,true],"list":["https:\/\/www.asesoriaorihuelacosta.com\/wp-content\/uploads\/2024\/05\/necesitas-obligaciones-mercantiles-1026-463x348.jpg",463,348,true],"medium":["https:\/\/www.asesoriaorihuelacosta.com\/wp-content\/uploads\/2024\/05\/necesitas-obligaciones-mercantiles-1026-300x225.jpg",300,225,true],"full":["https:\/\/www.asesoriaorihuelacosta.com\/wp-content\/uploads\/2024\/05\/necesitas-obligaciones-mercantiles-1026.jpg",1000,750,false]},"yoast_head":"<!-- This site is optimized with the Yoast SEO Premium plugin v24.7 (Yoast SEO v27.5) - https:\/\/yoast.com\/product\/yoast-seo-premium-wordpress\/ -->\n<title>Ce qu&#039;il faut savoir sur les obligations des entreprise en Espagne - Asesor\u00eda Orihuela Costa<\/title>\n<meta name=\"description\" content=\"\u27a2 LES OBLIGATIONS D&#039;UNE ENTREPRISE vis-\u00e0-vis de l&#039;\u00c9tat et des administrations r\u00e9gionales sont diverses. \u27a2 Apprenez \u00e0 mieux les conna\u00eetre !\" \/>\n<meta name=\"robots\" content=\"index, follow, max-snippet:-1, max-image-preview:large, max-video-preview:-1\" \/>\n<link rel=\"canonical\" href=\"https:\/\/www.asesoriaorihuelacosta.com\/fr\/ce-quil-faut-savoir-sur-les-obligations-des-entreprise-en-espagne\/\" \/>\n<meta property=\"og:locale\" content=\"fr_FR\" \/>\n<meta property=\"og:type\" content=\"article\" \/>\n<meta property=\"og:title\" content=\"Ce qu&#039;il faut savoir sur les obligations des entreprise en Espagne\" \/>\n<meta property=\"og:description\" content=\"\u27a2 LES OBLIGATIONS D&#039;UNE ENTREPRISE vis-\u00e0-vis de l&#039;\u00c9tat et des administrations r\u00e9gionales sont diverses. \u27a2 Apprenez \u00e0 mieux les conna\u00eetre !\" \/>\n<meta property=\"og:url\" content=\"https:\/\/www.asesoriaorihuelacosta.com\/fr\/ce-quil-faut-savoir-sur-les-obligations-des-entreprise-en-espagne\/\" \/>\n<meta property=\"og:site_name\" content=\"Asesor\u00eda Orihuela Costa\" \/>\n<meta property=\"article:publisher\" content=\"https:\/\/www.facebook.com\/asesoriaorihuelacosta\" \/>\n<meta property=\"article:author\" content=\"https:\/\/www.facebook.com\/patrick.gordinneperez\" \/>\n<meta property=\"article:published_time\" content=\"2024-05-11T14:12:26+00:00\" \/>\n<meta property=\"article:modified_time\" content=\"2024-05-15T01:39:33+00:00\" \/>\n<meta property=\"og:image\" content=\"https:\/\/www.asesoriaorihuelacosta.com\/wp-content\/uploads\/2024\/05\/necesitas-obligaciones-mercantiles-1026.jpg\" \/>\n\t<meta property=\"og:image:width\" content=\"1000\" \/>\n\t<meta property=\"og:image:height\" content=\"750\" \/>\n\t<meta property=\"og:image:type\" content=\"image\/jpeg\" \/>\n<meta name=\"author\" content=\"Patrick Gordinne Perez\" \/>\n<meta name=\"twitter:card\" content=\"summary_large_image\" \/>\n<meta name=\"twitter:label1\" content=\"\u00c9crit par\" \/>\n\t<meta name=\"twitter:data1\" content=\"Patrick Gordinne Perez\" \/>\n\t<meta name=\"twitter:label2\" content=\"Dur\u00e9e de lecture estim\u00e9e\" \/>\n\t<meta name=\"twitter:data2\" content=\"4 minutes\" \/>\n<script type=\"application\/ld+json\" class=\"yoast-schema-graph\">{\"@context\":\"https:\\\/\\\/schema.org\",\"@graph\":[{\"@type\":\"Article\",\"@id\":\"https:\\\/\\\/www.asesoriaorihuelacosta.com\\\/fr\\\/ce-quil-faut-savoir-sur-les-obligations-des-entreprise-en-espagne\\\/#article\",\"isPartOf\":{\"@id\":\"https:\\\/\\\/www.asesoriaorihuelacosta.com\\\/fr\\\/ce-quil-faut-savoir-sur-les-obligations-des-entreprise-en-espagne\\\/\"},\"author\":{\"name\":\"Patrick Gordinne Perez\",\"@id\":\"https:\\\/\\\/www.asesoriaorihuelacosta.com\\\/fr\\\/#\\\/schema\\\/person\\\/6614ce8cf6d2de542aaf351629fd539e\"},\"headline\":\"Ce qu&rsquo;il faut savoir sur les obligations des entreprise en Espagne\",\"datePublished\":\"2024-05-11T14:12:26+00:00\",\"dateModified\":\"2024-05-15T01:39:33+00:00\",\"mainEntityOfPage\":{\"@id\":\"https:\\\/\\\/www.asesoriaorihuelacosta.com\\\/fr\\\/ce-quil-faut-savoir-sur-les-obligations-des-entreprise-en-espagne\\\/\"},\"wordCount\":782,\"publisher\":{\"@id\":\"https:\\\/\\\/www.asesoriaorihuelacosta.com\\\/fr\\\/#organization\"},\"image\":{\"@id\":\"https:\\\/\\\/www.asesoriaorihuelacosta.com\\\/fr\\\/ce-quil-faut-savoir-sur-les-obligations-des-entreprise-en-espagne\\\/#primaryimage\"},\"thumbnailUrl\":\"https:\\\/\\\/www.asesoriaorihuelacosta.com\\\/wp-content\\\/uploads\\\/2024\\\/05\\\/necesitas-obligaciones-mercantiles-1026.jpg\",\"articleSection\":[\"Blog\"],\"inLanguage\":\"fr-FR\"},{\"@type\":\"WebPage\",\"@id\":\"https:\\\/\\\/www.asesoriaorihuelacosta.com\\\/fr\\\/ce-quil-faut-savoir-sur-les-obligations-des-entreprise-en-espagne\\\/\",\"url\":\"https:\\\/\\\/www.asesoriaorihuelacosta.com\\\/fr\\\/ce-quil-faut-savoir-sur-les-obligations-des-entreprise-en-espagne\\\/\",\"name\":\"Ce qu'il faut savoir sur les obligations des entreprise en Espagne - Asesor\u00eda Orihuela Costa\",\"isPartOf\":{\"@id\":\"https:\\\/\\\/www.asesoriaorihuelacosta.com\\\/fr\\\/#website\"},\"primaryImageOfPage\":{\"@id\":\"https:\\\/\\\/www.asesoriaorihuelacosta.com\\\/fr\\\/ce-quil-faut-savoir-sur-les-obligations-des-entreprise-en-espagne\\\/#primaryimage\"},\"image\":{\"@id\":\"https:\\\/\\\/www.asesoriaorihuelacosta.com\\\/fr\\\/ce-quil-faut-savoir-sur-les-obligations-des-entreprise-en-espagne\\\/#primaryimage\"},\"thumbnailUrl\":\"https:\\\/\\\/www.asesoriaorihuelacosta.com\\\/wp-content\\\/uploads\\\/2024\\\/05\\\/necesitas-obligaciones-mercantiles-1026.jpg\",\"datePublished\":\"2024-05-11T14:12:26+00:00\",\"dateModified\":\"2024-05-15T01:39:33+00:00\",\"description\":\"\u27a2 LES OBLIGATIONS D'UNE ENTREPRISE vis-\u00e0-vis de l'\u00c9tat et des administrations r\u00e9gionales sont diverses. \u27a2 Apprenez \u00e0 mieux les conna\u00eetre !\",\"breadcrumb\":{\"@id\":\"https:\\\/\\\/www.asesoriaorihuelacosta.com\\\/fr\\\/ce-quil-faut-savoir-sur-les-obligations-des-entreprise-en-espagne\\\/#breadcrumb\"},\"inLanguage\":\"fr-FR\",\"potentialAction\":[{\"@type\":\"ReadAction\",\"target\":[\"https:\\\/\\\/www.asesoriaorihuelacosta.com\\\/fr\\\/ce-quil-faut-savoir-sur-les-obligations-des-entreprise-en-espagne\\\/\"]}]},{\"@type\":\"ImageObject\",\"inLanguage\":\"fr-FR\",\"@id\":\"https:\\\/\\\/www.asesoriaorihuelacosta.com\\\/fr\\\/ce-quil-faut-savoir-sur-les-obligations-des-entreprise-en-espagne\\\/#primaryimage\",\"url\":\"https:\\\/\\\/www.asesoriaorihuelacosta.com\\\/wp-content\\\/uploads\\\/2024\\\/05\\\/necesitas-obligaciones-mercantiles-1026.jpg\",\"contentUrl\":\"https:\\\/\\\/www.asesoriaorihuelacosta.com\\\/wp-content\\\/uploads\\\/2024\\\/05\\\/necesitas-obligaciones-mercantiles-1026.jpg\",\"width\":1000,\"height\":750,\"caption\":\"obligaciones-mercantiles\"},{\"@type\":\"BreadcrumbList\",\"@id\":\"https:\\\/\\\/www.asesoriaorihuelacosta.com\\\/fr\\\/ce-quil-faut-savoir-sur-les-obligations-des-entreprise-en-espagne\\\/#breadcrumb\",\"itemListElement\":[{\"@type\":\"ListItem\",\"position\":1,\"name\":\"Home\",\"item\":\"https:\\\/\\\/www.asesoriaorihuelacosta.com\\\/fr\\\/\"},{\"@type\":\"ListItem\",\"position\":2,\"name\":\"Ce qu&#8217;il faut savoir sur les obligations des entreprise en Espagne\"}]},{\"@type\":\"WebSite\",\"@id\":\"https:\\\/\\\/www.asesoriaorihuelacosta.com\\\/fr\\\/#website\",\"url\":\"https:\\\/\\\/www.asesoriaorihuelacosta.com\\\/fr\\\/\",\"name\":\"https:\\\/\\\/www.asesoriaorihuelacosta.com\\\/\",\"description\":\"Grupo de asesores profesionales\",\"publisher\":{\"@id\":\"https:\\\/\\\/www.asesoriaorihuelacosta.com\\\/fr\\\/#organization\"},\"potentialAction\":[{\"@type\":\"SearchAction\",\"target\":{\"@type\":\"EntryPoint\",\"urlTemplate\":\"https:\\\/\\\/www.asesoriaorihuelacosta.com\\\/fr\\\/?s={search_term_string}\"},\"query-input\":{\"@type\":\"PropertyValueSpecification\",\"valueRequired\":true,\"valueName\":\"search_term_string\"}}],\"inLanguage\":\"fr-FR\"},{\"@type\":\"Organization\",\"@id\":\"https:\\\/\\\/www.asesoriaorihuelacosta.com\\\/fr\\\/#organization\",\"name\":\"Asesor\u00eda Orihuela Costa\",\"url\":\"https:\\\/\\\/www.asesoriaorihuelacosta.com\\\/fr\\\/\",\"logo\":{\"@type\":\"ImageObject\",\"inLanguage\":\"fr-FR\",\"@id\":\"https:\\\/\\\/www.asesoriaorihuelacosta.com\\\/fr\\\/#\\\/schema\\\/logo\\\/image\\\/\",\"url\":\"https:\\\/\\\/www.asesoriaorihuelacosta.com\\\/wp-content\\\/uploads\\\/2022\\\/06\\\/Logo-espa\u5bf8l-asesoriaorihuela.jpg\",\"contentUrl\":\"https:\\\/\\\/www.asesoriaorihuelacosta.com\\\/wp-content\\\/uploads\\\/2022\\\/06\\\/Logo-espa\u5bf8l-asesoriaorihuela.jpg\",\"width\":588,\"height\":136,\"caption\":\"Asesor\u00eda Orihuela Costa\"},\"image\":{\"@id\":\"https:\\\/\\\/www.asesoriaorihuelacosta.com\\\/fr\\\/#\\\/schema\\\/logo\\\/image\\\/\"},\"sameAs\":[\"https:\\\/\\\/www.facebook.com\\\/asesoriaorihuelacosta\"]},{\"@type\":\"Person\",\"@id\":\"https:\\\/\\\/www.asesoriaorihuelacosta.com\\\/fr\\\/#\\\/schema\\\/person\\\/6614ce8cf6d2de542aaf351629fd539e\",\"name\":\"Patrick Gordinne Perez\",\"description\":\"Soy economista colegiado por el colegio de economistas de Alicante con el n\u00famero 2722. Llevo ejerciendo desde el a\u00f1o 2005. Soy especialista en fiscalidad de empresas y aut\u00f3nomos y tambi\u00e9n especialista en gestionar compraventas. Hablo espa\u00f1ol, ingl\u00e9s y franc\u00e9s.\",\"sameAs\":[\"https:\\\/\\\/www.asesoriaorihuelacosta.com\",\"https:\\\/\\\/www.facebook.com\\\/patrick.gordinneperez\",\"https:\\\/\\\/www.linkedin.com\\\/in\\\/patrick-gordinne-perez-1b73aab3\\\/\",\"https:\\\/\\\/www.youtube.com\\\/channel\\\/UC5e95RJEVQlxCnhwDmGNVCw\"],\"gender\":\"Hombre\",\"knowsLanguage\":[\"ingl\u00e9s\",\"franc\u00e9s\",\"espa\u00f1ol\"],\"jobTitle\":\"Gerente\",\"worksFor\":\"Asesoria Orihuela Costa SL\"}]}<\/script>\n<!-- \/ Yoast SEO Premium plugin. -->","yoast_head_json":{"title":"Ce qu'il faut savoir sur les obligations des entreprise en Espagne - Asesor\u00eda Orihuela Costa","description":"\u27a2 LES OBLIGATIONS D'UNE ENTREPRISE vis-\u00e0-vis de l'\u00c9tat et des administrations r\u00e9gionales sont diverses. \u27a2 Apprenez \u00e0 mieux les conna\u00eetre !","robots":{"index":"index","follow":"follow","max-snippet":"max-snippet:-1","max-image-preview":"max-image-preview:large","max-video-preview":"max-video-preview:-1"},"canonical":"https:\/\/www.asesoriaorihuelacosta.com\/fr\/ce-quil-faut-savoir-sur-les-obligations-des-entreprise-en-espagne\/","og_locale":"fr_FR","og_type":"article","og_title":"Ce qu'il faut savoir sur les obligations des entreprise en Espagne","og_description":"\u27a2 LES OBLIGATIONS D'UNE ENTREPRISE vis-\u00e0-vis de l'\u00c9tat et des administrations r\u00e9gionales sont diverses. \u27a2 Apprenez \u00e0 mieux les conna\u00eetre !","og_url":"https:\/\/www.asesoriaorihuelacosta.com\/fr\/ce-quil-faut-savoir-sur-les-obligations-des-entreprise-en-espagne\/","og_site_name":"Asesor\u00eda Orihuela Costa","article_publisher":"https:\/\/www.facebook.com\/asesoriaorihuelacosta","article_author":"https:\/\/www.facebook.com\/patrick.gordinneperez","article_published_time":"2024-05-11T14:12:26+00:00","article_modified_time":"2024-05-15T01:39:33+00:00","og_image":[{"width":1000,"height":750,"url":"https:\/\/www.asesoriaorihuelacosta.com\/wp-content\/uploads\/2024\/05\/necesitas-obligaciones-mercantiles-1026.jpg","type":"image\/jpeg"}],"author":"Patrick Gordinne Perez","twitter_card":"summary_large_image","twitter_misc":{"\u00c9crit par":"Patrick Gordinne Perez","Dur\u00e9e de lecture estim\u00e9e":"4 minutes"},"schema":{"@context":"https:\/\/schema.org","@graph":[{"@type":"Article","@id":"https:\/\/www.asesoriaorihuelacosta.com\/fr\/ce-quil-faut-savoir-sur-les-obligations-des-entreprise-en-espagne\/#article","isPartOf":{"@id":"https:\/\/www.asesoriaorihuelacosta.com\/fr\/ce-quil-faut-savoir-sur-les-obligations-des-entreprise-en-espagne\/"},"author":{"name":"Patrick Gordinne Perez","@id":"https:\/\/www.asesoriaorihuelacosta.com\/fr\/#\/schema\/person\/6614ce8cf6d2de542aaf351629fd539e"},"headline":"Ce qu&rsquo;il faut savoir sur les obligations des entreprise en Espagne","datePublished":"2024-05-11T14:12:26+00:00","dateModified":"2024-05-15T01:39:33+00:00","mainEntityOfPage":{"@id":"https:\/\/www.asesoriaorihuelacosta.com\/fr\/ce-quil-faut-savoir-sur-les-obligations-des-entreprise-en-espagne\/"},"wordCount":782,"publisher":{"@id":"https:\/\/www.asesoriaorihuelacosta.com\/fr\/#organization"},"image":{"@id":"https:\/\/www.asesoriaorihuelacosta.com\/fr\/ce-quil-faut-savoir-sur-les-obligations-des-entreprise-en-espagne\/#primaryimage"},"thumbnailUrl":"https:\/\/www.asesoriaorihuelacosta.com\/wp-content\/uploads\/2024\/05\/necesitas-obligaciones-mercantiles-1026.jpg","articleSection":["Blog"],"inLanguage":"fr-FR"},{"@type":"WebPage","@id":"https:\/\/www.asesoriaorihuelacosta.com\/fr\/ce-quil-faut-savoir-sur-les-obligations-des-entreprise-en-espagne\/","url":"https:\/\/www.asesoriaorihuelacosta.com\/fr\/ce-quil-faut-savoir-sur-les-obligations-des-entreprise-en-espagne\/","name":"Ce qu'il faut savoir sur les obligations des entreprise en Espagne - Asesor\u00eda Orihuela Costa","isPartOf":{"@id":"https:\/\/www.asesoriaorihuelacosta.com\/fr\/#website"},"primaryImageOfPage":{"@id":"https:\/\/www.asesoriaorihuelacosta.com\/fr\/ce-quil-faut-savoir-sur-les-obligations-des-entreprise-en-espagne\/#primaryimage"},"image":{"@id":"https:\/\/www.asesoriaorihuelacosta.com\/fr\/ce-quil-faut-savoir-sur-les-obligations-des-entreprise-en-espagne\/#primaryimage"},"thumbnailUrl":"https:\/\/www.asesoriaorihuelacosta.com\/wp-content\/uploads\/2024\/05\/necesitas-obligaciones-mercantiles-1026.jpg","datePublished":"2024-05-11T14:12:26+00:00","dateModified":"2024-05-15T01:39:33+00:00","description":"\u27a2 LES OBLIGATIONS D'UNE ENTREPRISE vis-\u00e0-vis de l'\u00c9tat et des administrations r\u00e9gionales sont diverses. \u27a2 Apprenez \u00e0 mieux les conna\u00eetre !","breadcrumb":{"@id":"https:\/\/www.asesoriaorihuelacosta.com\/fr\/ce-quil-faut-savoir-sur-les-obligations-des-entreprise-en-espagne\/#breadcrumb"},"inLanguage":"fr-FR","potentialAction":[{"@type":"ReadAction","target":["https:\/\/www.asesoriaorihuelacosta.com\/fr\/ce-quil-faut-savoir-sur-les-obligations-des-entreprise-en-espagne\/"]}]},{"@type":"ImageObject","inLanguage":"fr-FR","@id":"https:\/\/www.asesoriaorihuelacosta.com\/fr\/ce-quil-faut-savoir-sur-les-obligations-des-entreprise-en-espagne\/#primaryimage","url":"https:\/\/www.asesoriaorihuelacosta.com\/wp-content\/uploads\/2024\/05\/necesitas-obligaciones-mercantiles-1026.jpg","contentUrl":"https:\/\/www.asesoriaorihuelacosta.com\/wp-content\/uploads\/2024\/05\/necesitas-obligaciones-mercantiles-1026.jpg","width":1000,"height":750,"caption":"obligaciones-mercantiles"},{"@type":"BreadcrumbList","@id":"https:\/\/www.asesoriaorihuelacosta.com\/fr\/ce-quil-faut-savoir-sur-les-obligations-des-entreprise-en-espagne\/#breadcrumb","itemListElement":[{"@type":"ListItem","position":1,"name":"Home","item":"https:\/\/www.asesoriaorihuelacosta.com\/fr\/"},{"@type":"ListItem","position":2,"name":"Ce qu&#8217;il faut savoir sur les obligations des entreprise en Espagne"}]},{"@type":"WebSite","@id":"https:\/\/www.asesoriaorihuelacosta.com\/fr\/#website","url":"https:\/\/www.asesoriaorihuelacosta.com\/fr\/","name":"https:\/\/www.asesoriaorihuelacosta.com\/","description":"Grupo de asesores profesionales","publisher":{"@id":"https:\/\/www.asesoriaorihuelacosta.com\/fr\/#organization"},"potentialAction":[{"@type":"SearchAction","target":{"@type":"EntryPoint","urlTemplate":"https:\/\/www.asesoriaorihuelacosta.com\/fr\/?s={search_term_string}"},"query-input":{"@type":"PropertyValueSpecification","valueRequired":true,"valueName":"search_term_string"}}],"inLanguage":"fr-FR"},{"@type":"Organization","@id":"https:\/\/www.asesoriaorihuelacosta.com\/fr\/#organization","name":"Asesor\u00eda Orihuela Costa","url":"https:\/\/www.asesoriaorihuelacosta.com\/fr\/","logo":{"@type":"ImageObject","inLanguage":"fr-FR","@id":"https:\/\/www.asesoriaorihuelacosta.com\/fr\/#\/schema\/logo\/image\/","url":"https:\/\/www.asesoriaorihuelacosta.com\/wp-content\/uploads\/2022\/06\/Logo-espa\u5bf8l-asesoriaorihuela.jpg","contentUrl":"https:\/\/www.asesoriaorihuelacosta.com\/wp-content\/uploads\/2022\/06\/Logo-espa\u5bf8l-asesoriaorihuela.jpg","width":588,"height":136,"caption":"Asesor\u00eda Orihuela Costa"},"image":{"@id":"https:\/\/www.asesoriaorihuelacosta.com\/fr\/#\/schema\/logo\/image\/"},"sameAs":["https:\/\/www.facebook.com\/asesoriaorihuelacosta"]},{"@type":"Person","@id":"https:\/\/www.asesoriaorihuelacosta.com\/fr\/#\/schema\/person\/6614ce8cf6d2de542aaf351629fd539e","name":"Patrick Gordinne Perez","description":"Soy economista colegiado por el colegio de economistas de Alicante con el n\u00famero 2722. Llevo ejerciendo desde el a\u00f1o 2005. Soy especialista en fiscalidad de empresas y aut\u00f3nomos y tambi\u00e9n especialista en gestionar compraventas. Hablo espa\u00f1ol, ingl\u00e9s y franc\u00e9s.","sameAs":["https:\/\/www.asesoriaorihuelacosta.com","https:\/\/www.facebook.com\/patrick.gordinneperez","https:\/\/www.linkedin.com\/in\/patrick-gordinne-perez-1b73aab3\/","https:\/\/www.youtube.com\/channel\/UC5e95RJEVQlxCnhwDmGNVCw"],"gender":"Hombre","knowsLanguage":["ingl\u00e9s","franc\u00e9s","espa\u00f1ol"],"jobTitle":"Gerente","worksFor":"Asesoria Orihuela Costa SL"}]}},"_links":{"self":[{"href":"https:\/\/www.asesoriaorihuelacosta.com\/fr\/wp-json\/wp\/v2\/posts\/25581","targetHints":{"allow":["GET"]}}],"collection":[{"href":"https:\/\/www.asesoriaorihuelacosta.com\/fr\/wp-json\/wp\/v2\/posts"}],"about":[{"href":"https:\/\/www.asesoriaorihuelacosta.com\/fr\/wp-json\/wp\/v2\/types\/post"}],"author":[{"embeddable":true,"href":"https:\/\/www.asesoriaorihuelacosta.com\/fr\/wp-json\/wp\/v2\/users\/2"}],"replies":[{"embeddable":true,"href":"https:\/\/www.asesoriaorihuelacosta.com\/fr\/wp-json\/wp\/v2\/comments?post=25581"}],"version-history":[{"count":8,"href":"https:\/\/www.asesoriaorihuelacosta.com\/fr\/wp-json\/wp\/v2\/posts\/25581\/revisions"}],"predecessor-version":[{"id":25590,"href":"https:\/\/www.asesoriaorihuelacosta.com\/fr\/wp-json\/wp\/v2\/posts\/25581\/revisions\/25590"}],"wp:featuredmedia":[{"embeddable":true,"href":"https:\/\/www.asesoriaorihuelacosta.com\/fr\/wp-json\/wp\/v2\/media\/25366"}],"wp:attachment":[{"href":"https:\/\/www.asesoriaorihuelacosta.com\/fr\/wp-json\/wp\/v2\/media?parent=25581"}],"wp:term":[{"taxonomy":"category","embeddable":true,"href":"https:\/\/www.asesoriaorihuelacosta.com\/fr\/wp-json\/wp\/v2\/categories?post=25581"},{"taxonomy":"post_tag","embeddable":true,"href":"https:\/\/www.asesoriaorihuelacosta.com\/fr\/wp-json\/wp\/v2\/tags?post=25581"}],"curies":[{"name":"wp","href":"https:\/\/api.w.org\/{rel}","templated":true}]}}