{"id":25229,"date":"2024-05-03T17:17:16","date_gmt":"2024-05-03T17:17:16","guid":{"rendered":"https:\/\/www.asesoriaorihuelacosta.com\/?p=25229"},"modified":"2024-05-09T11:33:26","modified_gmt":"2024-05-09T11:33:26","slug":"comment-agir-a-la-reception-dune-proposition-de-redressement-fiscal-provisoire","status":"publish","type":"post","link":"https:\/\/www.asesoriaorihuelacosta.com\/fr\/comment-agir-a-la-reception-dune-proposition-de-redressement-fiscal-provisoire\/","title":{"rendered":"Comment agir \u00e0 la r\u00e9ception d&rsquo;une proposition de redressement fiscal provisoire ?"},"content":{"rendered":"\t\t<div data-elementor-type=\"wp-post\" data-elementor-id=\"25229\" class=\"elementor elementor-25229\" data-elementor-post-type=\"post\">\n\t\t\t\t\t\t<section data-particle_enable=\"false\" data-particle-mobile-disabled=\"false\" class=\"elementor-section elementor-top-section elementor-element elementor-element-0d3add9 elementor-section-boxed elementor-section-height-default elementor-section-height-default\" data-id=\"0d3add9\" data-element_type=\"section\" data-e-type=\"section\">\r\n\t\t\r\n\t\t\t\t\t\t\t<div class=\"elementor-container elementor-column-gap-default\">\r\n\t\t\t\t\t\t\t\t\t\t\t<div class=\"elementor-column elementor-col-100 elementor-top-column elementor-element elementor-element-31e3195\" data-id=\"31e3195\" data-element_type=\"column\" data-e-type=\"column\">\r\n\t\t\t\t\t<div class=\"elementor-widget-wrap elementor-element-populated\">\r\n\t\t\t\t\t\t\t\t<div class=\"elementor-element elementor-element-6f58e57 elementor-widget elementor-widget-text-editor\" data-id=\"6f58e57\" data-element_type=\"widget\" data-e-type=\"widget\" data-widget_type=\"text-editor.default\">\n\t\t\t\t<div class=\"elementor-widget-container\">\n\t\t\t\t\t\t\t\t\t<p>Que faire si nous recevons une proposition de redressement fiscal provisoire de la part de l&rsquo;administration fiscale ? Personne n&rsquo;aime recevoir des nouvelles de l&rsquo;administration fiscale, car la plupart du temps, lorsque l&rsquo;administration fiscale nous envoie une lettre, il s&rsquo;agit d&rsquo;une mauvaise nouvelle. Parfois tr\u00e8s mauvaises.<\/p><p>Lorsque l&rsquo;administration fiscale estime qu&rsquo;une de vos d\u00e9clarations est incorrecte, elle envoie ce que l&rsquo;on appelle une \u00ab\u00a0proposition de redressement fiscal provisoire\u00a0\u00bb (un \u00ab\u00a0parall\u00e8le\u00a0\u00bb). Dans cet article, r\u00e9dig\u00e9 par des personnes, et non par des machines ou des IA, nous expliquons comment agir apr\u00e8s avoir re\u00e7u une proposition d&rsquo;\u00e9valuation provisoire.<\/p>\t\t\t\t\t\t\t\t<\/div>\n\t\t\t\t<\/div>\n\t\t\t\t\t<\/div>\r\n\t\t\t\t<\/div>\r\n\t\t\t\t\t<\/div>\r\n\t\t\t\t<\/section>\r\n\t\t\t\t<section data-particle_enable=\"false\" data-particle-mobile-disabled=\"false\" class=\"elementor-section elementor-top-section elementor-element elementor-element-63b37d5 elementor-section-boxed elementor-section-height-default elementor-section-height-default\" data-id=\"63b37d5\" data-element_type=\"section\" data-e-type=\"section\">\r\n\t\t\r\n\t\t\t\t\t\t\t<div class=\"elementor-container elementor-column-gap-default\">\r\n\t\t\t\t\t\t\t\t\t\t\t<div class=\"elementor-column elementor-col-100 elementor-top-column elementor-element elementor-element-4ae61f1\" data-id=\"4ae61f1\" data-element_type=\"column\" data-e-type=\"column\">\r\n\t\t\t\t\t<div class=\"elementor-widget-wrap elementor-element-populated\">\r\n\t\t\t\t\t\t\t\t<div class=\"elementor-element elementor-element-e428b10 elementor-widget elementor-widget-heading\" data-id=\"e428b10\" data-element_type=\"widget\" data-e-type=\"widget\" data-widget_type=\"heading.default\">\n\t\t\t\t<div class=\"elementor-widget-container\">\n\t\t\t\t\t<h2 class=\"elementor-heading-title elementor-size-default\">Qu'est-ce qu'une proposition de redressement fiscal provisoire ?<\/h2>\t\t\t\t<\/div>\n\t\t\t\t<\/div>\n\t\t\t\t\t<\/div>\r\n\t\t\t\t<\/div>\r\n\t\t\t\t\t<\/div>\r\n\t\t\t\t<\/section>\r\n\t\t\t\t<section data-particle_enable=\"false\" data-particle-mobile-disabled=\"false\" class=\"elementor-section elementor-top-section elementor-element elementor-element-ba20b95 elementor-section-boxed elementor-section-height-default elementor-section-height-default\" data-id=\"ba20b95\" data-element_type=\"section\" data-e-type=\"section\">\r\n\t\t\r\n\t\t\t\t\t\t\t<div class=\"elementor-container elementor-column-gap-default\">\r\n\t\t\t\t\t\t\t\t\t\t\t<div class=\"elementor-column elementor-col-100 elementor-top-column elementor-element elementor-element-047b8c0\" data-id=\"047b8c0\" data-element_type=\"column\" data-e-type=\"column\">\r\n\t\t\t\t\t<div class=\"elementor-widget-wrap elementor-element-populated\">\r\n\t\t\t\t\t\t\t\t<div class=\"elementor-element elementor-element-6c01708 elementor-widget elementor-widget-text-editor\" data-id=\"6c01708\" data-element_type=\"widget\" data-e-type=\"widget\" data-widget_type=\"text-editor.default\">\n\t\t\t\t<div class=\"elementor-widget-container\">\n\t\t\t\t\t\t\t\t\t<h3>Il y a une divergence avec les autorit\u00e9s fiscales<\/h3><p>Lorsque l&rsquo;administration fiscale estime que, sur la base des informations dont elle dispose, une auto\u00e9valuation ou d\u00e9claration pr\u00e9sent\u00e9e est incorrecte, elle envoie une \u00ab\u00a0proposition de redressement fiscal provisoire\u00a0\u00bb, qui propose une modification de l&rsquo;auto\u00e9valuation.<\/p><p>Il peut en r\u00e9sulter un montant \u00e0 payer sup\u00e9rieur au montant initialement pay\u00e9 ou un remboursement inf\u00e9rieur.<\/p><p>Ces propositions sont dites \u00ab\u00a0parall\u00e8les\u00a0\u00bb, car elles contiennent g\u00e9n\u00e9ralement une feuille \u00e0 deux colonnes comparant les donn\u00e9es introduites par le contribuable et celles que le Tr\u00e9sor consid\u00e8re comme correctes, avec un ast\u00e9risque indiquant les \u00e9l\u00e9ments pour lesquels il y a des diff\u00e9rences.<\/p><p>Les propositions de redressement fiscal provisoire peuvent concerner n&rsquo;importe quel imp\u00f4t : proposition de redressement fiscal provisoire de l&rsquo;imp\u00f4t sur le revenu, proposition de r\u00e8glement provisoire de la TVA, proposition de r\u00e8glement de l&rsquo;imp\u00f4t sur les soci\u00e9t\u00e9s, proposition de redressement fiscal des droits de succession, proposition de r\u00e8glement des droits de mutation, etc.<\/p><h3 style=\"text-align: center;\">La notification de la proc\u00e9dure de r\u00e9clamation de la proposition de redressement fiscal provisoire de l&rsquo;imp\u00f4t n&rsquo;est qu&rsquo;une proposition.<\/h3><p>Si vous ou votre entreprise recevez une telle notification, rappelez-vous qu&rsquo;il ne s&rsquo;agit que d&rsquo;une proposition : vous avez encore le temps de pr\u00e9senter des all\u00e9gations et de justifier que votre d\u00e9claration fiscale \u00e9tait correcte.<\/p><p>Ce n&rsquo;est que plus tard, une fois que vous aurez formul\u00e9 vos all\u00e9gations et fourni des documents (ou une fois que le d\u00e9lai aura expir\u00e9 sans que vous ayez formul\u00e9 d&rsquo;all\u00e9gations), que l&rsquo;administration fiscale vous notifiera un avis d&rsquo;imposition contre lequel vous pourrez faire appel, si elle continue \u00e0 le faire.<\/p>\t\t\t\t\t\t\t\t<\/div>\n\t\t\t\t<\/div>\n\t\t\t\t\t<\/div>\r\n\t\t\t\t<\/div>\r\n\t\t\t\t\t<\/div>\r\n\t\t\t\t<\/section>\r\n\t\t\t\t<section data-particle_enable=\"false\" data-particle-mobile-disabled=\"false\" class=\"elementor-section elementor-top-section elementor-element elementor-element-53a69fe elementor-section-boxed elementor-section-height-default elementor-section-height-default\" data-id=\"53a69fe\" data-element_type=\"section\" data-e-type=\"section\">\r\n\t\t\r\n\t\t\t\t\t\t\t<div class=\"elementor-container elementor-column-gap-default\">\r\n\t\t\t\t\t\t\t\t\t\t\t<div class=\"elementor-column elementor-col-100 elementor-top-column elementor-element elementor-element-f7b96b7\" data-id=\"f7b96b7\" data-element_type=\"column\" data-e-type=\"column\">\r\n\t\t\t\t\t<div class=\"elementor-widget-wrap elementor-element-populated\">\r\n\t\t\t\t\t\t\t\t<div class=\"elementor-element elementor-element-5fd1c8d elementor-widget elementor-widget-heading\" data-id=\"5fd1c8d\" data-element_type=\"widget\" data-e-type=\"widget\" data-widget_type=\"heading.default\">\n\t\t\t\t<div class=\"elementor-widget-container\">\n\t\t\t\t\t<h2 class=\"elementor-heading-title elementor-size-default\">Comment agir apr\u00e8s avoir re\u00e7u une proposition de redressement?<\/h2>\t\t\t\t<\/div>\n\t\t\t\t<\/div>\n\t\t\t\t\t<\/div>\r\n\t\t\t\t<\/div>\r\n\t\t\t\t\t<\/div>\r\n\t\t\t\t<\/section>\r\n\t\t\t\t<section data-particle_enable=\"false\" data-particle-mobile-disabled=\"false\" class=\"elementor-section elementor-top-section elementor-element elementor-element-32dafd3 elementor-section-boxed elementor-section-height-default elementor-section-height-default\" data-id=\"32dafd3\" data-element_type=\"section\" data-e-type=\"section\">\r\n\t\t\r\n\t\t\t\t\t\t\t<div class=\"elementor-container elementor-column-gap-default\">\r\n\t\t\t\t\t\t\t\t\t\t\t<div class=\"elementor-column elementor-col-100 elementor-top-column elementor-element elementor-element-194a114\" data-id=\"194a114\" data-element_type=\"column\" data-e-type=\"column\">\r\n\t\t\t\t\t<div class=\"elementor-widget-wrap elementor-element-populated\">\r\n\t\t\t\t\t\t\t\t<div class=\"elementor-element elementor-element-12fb543 elementor-widget elementor-widget-text-editor\" data-id=\"12fb543\" data-element_type=\"widget\" data-e-type=\"widget\" data-widget_type=\"text-editor.default\">\n\t\t\t\t<div class=\"elementor-widget-container\">\n\t\t\t\t\t\t\t\t\t<h3>La motivation est sacr\u00e9e<\/h3><p>V\u00e9rifier que la communication re\u00e7ue informe des divergences constat\u00e9es (les faits \u00e0 l&rsquo;origine du parall\u00e8le) et explique la raison des changements (les fondements juridiques).<\/p><p>Cette motivation est essentielle : sans elle, vous serez sans d\u00e9fense (ne connaissant pas les raisons pour lesquelles vous \u00eates \u00ab\u00a0accus\u00e9\u00a0\u00bb, il vous sera impossible de d\u00e9fendre vos int\u00e9r\u00eats).<\/p><p>Si l&rsquo;administration fiscale ne justifie pas correctement sa proposition et la confirme finalement, vous pourrez faire appel de l&rsquo;imposition et utiliser ce d\u00e9faut comme argument pour la faire annuler.<\/p><h3>Pr\u00e9sentation des all\u00e9gations et des pi\u00e8ces justificatives au TAEA<\/h3><p>M\u00eame s&rsquo;il s&rsquo;agit d&rsquo;une simple proposition d&rsquo;imposition provisoire, soumettez des all\u00e9gations au TAEA et fournissez tous les documents et preuves que vous pouvez rassembler pour d\u00e9fendre vos int\u00e9r\u00eats. La proposition d&rsquo;\u00e9valuation fiscale elle-m\u00eame contient un formulaire permettant de formuler des all\u00e9gations \u00e0 l&rsquo;\u00e9gard de la proposition d&rsquo;\u00e9valuation fiscale.<\/p><p>Vous n&rsquo;aurez pas \u00e0 fournir de garantie ou de nantissement pour arr\u00eater le recouvrement (c&rsquo;est pr\u00e9cis\u00e9ment parce que la liquidation n&rsquo;existe pas encore que l&rsquo;on vous envoie une proposition), et vous b\u00e9n\u00e9ficierez d&rsquo;un double avantage :<\/p><ul><li>Si vos arguments sont accept\u00e9s, vous aurez \u00e9vit\u00e9 le r\u00e8glement final (ou vous aurez r\u00e9ussi \u00e0 le faire modifier dans des termes acceptables).<\/li><li>S&rsquo;ils ne sont pas accept\u00e9s, vous serez en mesure de mieux \u00e9valuer s&rsquo;il est ou non dans votre int\u00e9r\u00eat de contester l&rsquo;\u00e9valuation finale et de d\u00e9terminer le type de recours \u00e0 introduire.<\/li><\/ul><h3>Demander plus de temps pour pr\u00e9senter les arguments a la AEAT<\/h3><p>Si vous pensez avoir besoin de plus de temps pour pr\u00e9parer les all\u00e9gations ou rassembler des documents et des preuves, vous pouvez demander une prolongation automatique de la moiti\u00e9 des jours du d\u00e9lai (ainsi, si le d\u00e9lai de r\u00e9ponse est de dix jours, il est prolong\u00e9 \u00e0 quinze jours).<\/p>\t\t\t\t\t\t\t\t<\/div>\n\t\t\t\t<\/div>\n\t\t\t\t\t<\/div>\r\n\t\t\t\t<\/div>\r\n\t\t\t\t\t<\/div>\r\n\t\t\t\t<\/section>\r\n\t\t\t\t<section data-particle_enable=\"false\" data-particle-mobile-disabled=\"false\" class=\"elementor-section elementor-top-section elementor-element elementor-element-d2253bf elementor-section-boxed elementor-section-height-default elementor-section-height-default\" data-id=\"d2253bf\" data-element_type=\"section\" data-e-type=\"section\">\r\n\t\t\r\n\t\t\t\t\t\t\t<div class=\"elementor-container elementor-column-gap-default\">\r\n\t\t\t\t\t\t\t\t\t\t\t<div class=\"elementor-column elementor-col-100 elementor-top-column elementor-element elementor-element-2abec43\" data-id=\"2abec43\" data-element_type=\"column\" data-e-type=\"column\">\r\n\t\t\t\t\t<div class=\"elementor-widget-wrap elementor-element-populated\">\r\n\t\t\t\t\t\t\t\t<div class=\"elementor-element elementor-element-8a90de3 elementor-widget elementor-widget-heading\" data-id=\"8a90de3\" data-element_type=\"widget\" data-e-type=\"widget\" data-widget_type=\"heading.default\">\n\t\t\t\t<div class=\"elementor-widget-container\">\n\t\t\t\t\t<h2 class=\"elementor-heading-title elementor-size-default\">Accepter la proposition de redressement provisoire de l'AEAT.<\/h2>\t\t\t\t<\/div>\n\t\t\t\t<\/div>\n\t\t\t\t\t<\/div>\r\n\t\t\t\t<\/div>\r\n\t\t\t\t\t<\/div>\r\n\t\t\t\t<\/section>\r\n\t\t\t\t<section data-particle_enable=\"false\" data-particle-mobile-disabled=\"false\" class=\"elementor-section elementor-top-section elementor-element elementor-element-07ebf14 elementor-section-boxed elementor-section-height-default elementor-section-height-default\" data-id=\"07ebf14\" data-element_type=\"section\" data-e-type=\"section\">\r\n\t\t\r\n\t\t\t\t\t\t\t<div class=\"elementor-container elementor-column-gap-default\">\r\n\t\t\t\t\t\t\t\t\t\t\t<div class=\"elementor-column elementor-col-100 elementor-top-column elementor-element elementor-element-1548754\" data-id=\"1548754\" data-element_type=\"column\" data-e-type=\"column\">\r\n\t\t\t\t\t<div class=\"elementor-widget-wrap elementor-element-populated\">\r\n\t\t\t\t\t\t\t\t<div class=\"elementor-element elementor-element-b641028 elementor-widget elementor-widget-text-editor\" data-id=\"b641028\" data-element_type=\"widget\" data-e-type=\"widget\" data-widget_type=\"text-editor.default\">\n\t\t\t\t<div class=\"elementor-widget-container\">\n\t\t\t\t\t\t\t\t\t<h3>Proposition de redressement provisoire sans arguments<\/h3><p>Dans ce cas, l&rsquo;administration fiscale n&rsquo;aura pas \u00e0 \u00e9tudier ou \u00e0 \u00e9valuer vos all\u00e9gations et vous enverra les lettres de paiement dans les prochains jours. Vous acceptez la proposition de liquidation provisoire et indiquez \u00e0 l&rsquo;administration fiscale que vous acceptez de payer la dette.<\/p>\t\t\t\t\t\t\t\t<\/div>\n\t\t\t\t<\/div>\n\t\t\t\t\t<\/div>\r\n\t\t\t\t<\/div>\r\n\t\t\t\t\t<\/div>\r\n\t\t\t\t<\/section>\r\n\t\t\t\t<section data-particle_enable=\"false\" data-particle-mobile-disabled=\"false\" class=\"elementor-section elementor-top-section elementor-element elementor-element-63daec8 elementor-section-boxed elementor-section-height-default elementor-section-height-default\" data-id=\"63daec8\" data-element_type=\"section\" data-e-type=\"section\">\r\n\t\t\r\n\t\t\t\t\t\t\t<div class=\"elementor-container elementor-column-gap-default\">\r\n\t\t\t\t\t\t\t\t\t\t\t<div class=\"elementor-column elementor-col-100 elementor-top-column elementor-element elementor-element-8ff6bf1\" data-id=\"8ff6bf1\" data-element_type=\"column\" data-e-type=\"column\">\r\n\t\t\t\t\t<div class=\"elementor-widget-wrap elementor-element-populated\">\r\n\t\t\t\t\t\t\t\t<div class=\"elementor-element elementor-element-d90baa8 elementor-widget elementor-widget-heading\" data-id=\"d90baa8\" data-element_type=\"widget\" data-e-type=\"widget\" data-widget_type=\"heading.default\">\n\t\t\t\t<div class=\"elementor-widget-container\">\n\t\t\t\t\t<h2 class=\"elementor-heading-title elementor-size-default\">Il n'est pas n\u00e9cessaire de faire un redressement fiscal<\/h2>\t\t\t\t<\/div>\n\t\t\t\t<\/div>\n\t\t\t\t\t<\/div>\r\n\t\t\t\t<\/div>\r\n\t\t\t\t\t<\/div>\r\n\t\t\t\t<\/section>\r\n\t\t\t\t<section data-particle_enable=\"false\" data-particle-mobile-disabled=\"false\" class=\"elementor-section elementor-top-section elementor-element elementor-element-ea2832f elementor-section-boxed elementor-section-height-default elementor-section-height-default\" data-id=\"ea2832f\" data-element_type=\"section\" data-e-type=\"section\">\r\n\t\t\r\n\t\t\t\t\t\t\t<div class=\"elementor-container elementor-column-gap-default\">\r\n\t\t\t\t\t\t\t\t\t\t\t<div class=\"elementor-column elementor-col-100 elementor-top-column elementor-element elementor-element-9e04bfd\" data-id=\"9e04bfd\" data-element_type=\"column\" data-e-type=\"column\">\r\n\t\t\t\t\t<div class=\"elementor-widget-wrap elementor-element-populated\">\r\n\t\t\t\t\t\t\t\t<div class=\"elementor-element elementor-element-2d2707c elementor-widget elementor-widget-text-editor\" data-id=\"2d2707c\" data-element_type=\"widget\" data-e-type=\"widget\" data-widget_type=\"text-editor.default\">\n\t\t\t\t<div class=\"elementor-widget-container\">\n\t\t\t\t\t\t\t\t\t<p>Dans ce cas, l&rsquo;administration fiscale a accept\u00e9 vos arguments et vos documents et vous ne devez rien payer. N&rsquo;oubliez pas que l&rsquo;administration fiscale doit vous informer qu&rsquo;il n&rsquo;y a pas lieu de proc\u00e9der \u00e0 un redressement fiscal.<\/p>\t\t\t\t\t\t\t\t<\/div>\n\t\t\t\t<\/div>\n\t\t\t\t\t<\/div>\r\n\t\t\t\t<\/div>\r\n\t\t\t\t\t<\/div>\r\n\t\t\t\t<\/section>\r\n\t\t\t\t<section data-particle_enable=\"false\" data-particle-mobile-disabled=\"false\" class=\"elementor-section elementor-top-section elementor-element elementor-element-1b4da12 elementor-section-boxed elementor-section-height-default elementor-section-height-default\" data-id=\"1b4da12\" data-element_type=\"section\" data-e-type=\"section\">\r\n\t\t\r\n\t\t\t\t\t\t\t<div class=\"elementor-container elementor-column-gap-default\">\r\n\t\t\t\t\t\t\t\t\t\t\t<div class=\"elementor-column elementor-col-100 elementor-top-column elementor-element elementor-element-db0540c\" data-id=\"db0540c\" data-element_type=\"column\" data-e-type=\"column\">\r\n\t\t\t\t\t<div class=\"elementor-widget-wrap elementor-element-populated\">\r\n\t\t\t\t\t\t\t\t<div class=\"elementor-element elementor-element-90cce98 elementor-widget elementor-widget-heading\" data-id=\"90cce98\" data-element_type=\"widget\" data-e-type=\"widget\" data-widget_type=\"heading.default\">\n\t\t\t\t<div class=\"elementor-widget-container\">\n\t\t\t\t\t<h2 class=\"elementor-heading-title elementor-size-default\">R\u00e9ception du redressement provisoire<\/h2>\t\t\t\t<\/div>\n\t\t\t\t<\/div>\n\t\t\t\t\t<\/div>\r\n\t\t\t\t<\/div>\r\n\t\t\t\t\t<\/div>\r\n\t\t\t\t<\/section>\r\n\t\t\t\t<section data-particle_enable=\"false\" data-particle-mobile-disabled=\"false\" class=\"elementor-section elementor-top-section elementor-element elementor-element-e341da5 elementor-section-boxed elementor-section-height-default elementor-section-height-default\" data-id=\"e341da5\" data-element_type=\"section\" data-e-type=\"section\">\r\n\t\t\r\n\t\t\t\t\t\t\t<div class=\"elementor-container elementor-column-gap-default\">\r\n\t\t\t\t\t\t\t\t\t\t\t<div class=\"elementor-column elementor-col-100 elementor-top-column elementor-element elementor-element-1df394e\" data-id=\"1df394e\" data-element_type=\"column\" data-e-type=\"column\">\r\n\t\t\t\t\t<div class=\"elementor-widget-wrap elementor-element-populated\">\r\n\t\t\t\t\t\t\t\t<div class=\"elementor-element elementor-element-3f4addd elementor-widget elementor-widget-image\" data-id=\"3f4addd\" data-element_type=\"widget\" data-e-type=\"widget\" data-widget_type=\"image.default\">\n\t\t\t\t<div class=\"elementor-widget-container\">\n\t\t\t\t\t\t\t\t\t\t\t\t\t\t\t<img loading=\"lazy\" decoding=\"async\" width=\"625\" height=\"640\" src=\"https:\/\/www.asesoriaorihuelacosta.com\/wp-content\/uploads\/2024\/05\/propuesta-de-liquidacion-provisonal.jpeg\" class=\"attachment-large size-large wp-image-25075\" alt=\"propuesta de liquidacion provisonal\" srcset=\"https:\/\/www.asesoriaorihuelacosta.com\/wp-content\/uploads\/2024\/05\/propuesta-de-liquidacion-provisonal.jpeg 625w, https:\/\/www.asesoriaorihuelacosta.com\/wp-content\/uploads\/2024\/05\/propuesta-de-liquidacion-provisonal-400x410.jpeg 400w\" sizes=\"auto, (max-width: 625px) 100vw, 625px\" \/>\t\t\t\t\t\t\t\t\t\t\t\t\t\t\t<\/div>\n\t\t\t\t<\/div>\n\t\t\t\t\t<\/div>\r\n\t\t\t\t<\/div>\r\n\t\t\t\t\t<\/div>\r\n\t\t\t\t<\/section>\r\n\t\t\t\t<section data-particle_enable=\"false\" data-particle-mobile-disabled=\"false\" class=\"elementor-section elementor-top-section elementor-element elementor-element-00ba2d3 elementor-section-boxed elementor-section-height-default elementor-section-height-default\" data-id=\"00ba2d3\" data-element_type=\"section\" data-e-type=\"section\">\r\n\t\t\r\n\t\t\t\t\t\t\t<div class=\"elementor-container elementor-column-gap-default\">\r\n\t\t\t\t\t\t\t\t\t\t\t<div class=\"elementor-column elementor-col-100 elementor-top-column elementor-element elementor-element-fc644f5\" data-id=\"fc644f5\" data-element_type=\"column\" data-e-type=\"column\">\r\n\t\t\t\t\t<div class=\"elementor-widget-wrap elementor-element-populated\">\r\n\t\t\t\t\t\t\t\t<div class=\"elementor-element elementor-element-c13b6e8 elementor-widget elementor-widget-text-editor\" data-id=\"c13b6e8\" data-element_type=\"widget\" data-e-type=\"widget\" data-widget_type=\"text-editor.default\">\n\t\t\t\t<div class=\"elementor-widget-container\">\n\t\t\t\t\t\t\t\t\t<h3>Celle-ci est plus grave car les autorit\u00e9s fiscales ont rejet\u00e9 nos demandes.<\/h3><p>Apr\u00e8s avoir pr\u00e9sent\u00e9 les all\u00e9gations et les documents (ou ne pas l&rsquo;avoir fait), l&rsquo;administration fiscale peut continuer \u00e0 consid\u00e9rer que la situation doit \u00eatre r\u00e9gularis\u00e9e.<\/p><p>Dans ce cas, elle vous notifiera la \u00ab\u00a0liquidation provisoire\u00a0\u00bb correspondante (qui met fin \u00e0 la proc\u00e9dure de v\u00e9rification) et vous demandera de payer l&rsquo;imp\u00f4t :<\/p><ul><li>de payer un compl\u00e9ment d&rsquo;imp\u00f4t \u00e0 celui initialement pay\u00e9, ainsi que les int\u00e9r\u00eats de retard correspondants.<\/li><li>Rembourser une partie d&rsquo;un remboursement que vous avez obtenu, \u00e9galement avec des int\u00e9r\u00eats de retard (si l&rsquo;administration fiscale l&rsquo;a d\u00e9j\u00e0 rembours\u00e9).<\/li><li>Ou r\u00e9duire le montant d&rsquo;un remboursement que vous avez demand\u00e9 (si vous n&rsquo;avez pas encore \u00e9t\u00e9 pay\u00e9).<\/li><\/ul><h3>Vous devez payer&#8230;<\/h3><p>Ind\u00e9pendamment de tout recours \u00e9ventuel, vous \u00eates tenu de payer la dette d\u00e8s que vous recevez l&rsquo;avis d&rsquo;imposition. Les d\u00e9lais de paiement sont les suivants :<\/p><h2>Tr\u00e8s important : D\u00e9lais de paiement de la dette fiscale<\/h2><p>\u00a0<\/p><ul><li>Si vous recevez l&rsquo;avis d&rsquo;imposition dans la premi\u00e8re quinzaine du mois (le 15 du mois inclus), la date limite de paiement est le 20 du mois suivant.<\/li><li>Si vous le recevez entre le 16 et le dernier jour du mois, la date limite de paiement est le 5 du deuxi\u00e8me mois suivant.<\/li><\/ul><p>Si le dernier jour de paiement est un samedi, un dimanche ou un jour f\u00e9ri\u00e9, le d\u00e9lai de paiement est prolong\u00e9 jusqu&rsquo;au jour ouvrable suivant.<\/p><h3>ou non, demande de report<\/h3><p>Une autre alternative consiste \u00e0 demander, dans le d\u00e9lai de paiement volontaire, un report, en assumant les int\u00e9r\u00eats de retard qui peuvent \u00eatre g\u00e9n\u00e9r\u00e9s. Pour ce faire :<\/p><ul><li>Vous devez justifier que votre situation financi\u00e8re vous emp\u00eache temporairement d&rsquo;effectuer le paiement dans le d\u00e9lai volontaire.<\/li><li>Si le montant total des dettes report\u00e9es aupr\u00e8s de l&rsquo;administration fiscale d\u00e9passe 50.000 euros, vous devez fournir une garantie bancaire ou d&rsquo;autres garanties de paiement.<\/li><\/ul><p>Le paiement de la dette ou la demande de report &#8211; avec ou sans garanties &#8211; ne signifie pas que vous \u00eates d&rsquo;accord avec l&rsquo;\u00e9valuation faite par l&rsquo;administration fiscale. Vous pouvez donc la contester dans les conditions d\u00e9crites ci-dessous.<\/p>\t\t\t\t\t\t\t\t<\/div>\n\t\t\t\t<\/div>\n\t\t\t\t\t<\/div>\r\n\t\t\t\t<\/div>\r\n\t\t\t\t\t<\/div>\r\n\t\t\t\t<\/section>\r\n\t\t\t\t<section data-particle_enable=\"false\" data-particle-mobile-disabled=\"false\" class=\"elementor-section elementor-top-section elementor-element elementor-element-4385368 elementor-section-boxed elementor-section-height-default elementor-section-height-default\" data-id=\"4385368\" data-element_type=\"section\" data-e-type=\"section\">\r\n\t\t\r\n\t\t\t\t\t\t\t<div class=\"elementor-container elementor-column-gap-default\">\r\n\t\t\t\t\t\t\t\t\t\t\t<div class=\"elementor-column elementor-col-100 elementor-top-column elementor-element elementor-element-ee3c70e\" data-id=\"ee3c70e\" data-element_type=\"column\" data-e-type=\"column\">\r\n\t\t\t\t\t<div class=\"elementor-widget-wrap elementor-element-populated\">\r\n\t\t\t\t\t\t\t\t<div class=\"elementor-element elementor-element-19b4780 elementor-align-center elementor-widget elementor-widget-button\" data-id=\"19b4780\" data-element_type=\"widget\" data-e-type=\"widget\" data-widget_type=\"button.default\">\n\t\t\t\t<div class=\"elementor-widget-container\">\n\t\t\t\t\t\t\t\t\t<div class=\"elementor-button-wrapper\">\n\t\t\t\t\t<a class=\"elementor-button elementor-button-link elementor-size-lg\" href=\"https:\/\/www.asesoriaorihuelacosta.com\/fr\/contacter\/\">\n\t\t\t\t\t\t<span class=\"elementor-button-content-wrapper\">\n\t\t\t\t\t\t\t\t\t<span class=\"elementor-button-text\">J'ai besoin d'aide pour r\u00e9diger une proposition de redressement fiscal provisoire.<\/span>\n\t\t\t\t\t<\/span>\n\t\t\t\t\t<\/a>\n\t\t\t\t<\/div>\n\t\t\t\t\t\t\t\t<\/div>\n\t\t\t\t<\/div>\n\t\t\t\t\t<\/div>\r\n\t\t\t\t<\/div>\r\n\t\t\t\t\t<\/div>\r\n\t\t\t\t<\/section>\r\n\t\t\t\t<section data-particle_enable=\"false\" data-particle-mobile-disabled=\"false\" class=\"elementor-section elementor-top-section elementor-element elementor-element-caffb60 elementor-section-boxed elementor-section-height-default elementor-section-height-default\" data-id=\"caffb60\" data-element_type=\"section\" data-e-type=\"section\">\r\n\t\t\r\n\t\t\t\t\t\t\t<div class=\"elementor-container elementor-column-gap-default\">\r\n\t\t\t\t\t\t\t\t\t\t\t<div class=\"elementor-column elementor-col-100 elementor-top-column elementor-element elementor-element-accf34a\" data-id=\"accf34a\" data-element_type=\"column\" data-e-type=\"column\">\r\n\t\t\t\t\t<div class=\"elementor-widget-wrap elementor-element-populated\">\r\n\t\t\t\t\t\t\t\t<div class=\"elementor-element elementor-element-69c2c1c elementor-widget elementor-widget-heading\" data-id=\"69c2c1c\" data-element_type=\"widget\" data-e-type=\"widget\" data-widget_type=\"heading.default\">\n\t\t\t\t<div class=\"elementor-widget-container\">\n\t\t\t\t\t<h2 class=\"elementor-heading-title elementor-size-default\">Comment faire appel d'un avis d'imposition provisoire ?<\/h2>\t\t\t\t<\/div>\n\t\t\t\t<\/div>\n\t\t\t\t\t<\/div>\r\n\t\t\t\t<\/div>\r\n\t\t\t\t\t<\/div>\r\n\t\t\t\t<\/section>\r\n\t\t\t\t<section data-particle_enable=\"false\" data-particle-mobile-disabled=\"false\" class=\"elementor-section elementor-top-section elementor-element elementor-element-470be42 elementor-section-boxed elementor-section-height-default elementor-section-height-default\" data-id=\"470be42\" data-element_type=\"section\" data-e-type=\"section\">\r\n\t\t\r\n\t\t\t\t\t\t\t<div class=\"elementor-container elementor-column-gap-default\">\r\n\t\t\t\t\t\t\t\t\t\t\t<div class=\"elementor-column elementor-col-100 elementor-top-column elementor-element elementor-element-da1fe15\" data-id=\"da1fe15\" data-element_type=\"column\" data-e-type=\"column\">\r\n\t\t\t\t\t<div class=\"elementor-widget-wrap elementor-element-populated\">\r\n\t\t\t\t\t\t\t\t<div class=\"elementor-element elementor-element-5ccc3e5 elementor-widget elementor-widget-text-editor\" data-id=\"5ccc3e5\" data-element_type=\"widget\" data-e-type=\"widget\" data-widget_type=\"text-editor.default\">\n\t\t\t\t<div class=\"elementor-widget-container\">\n\t\t\t\t\t\t\t\t\t<h3>Vous pouvez introduire deux types de r\u00e9clamations contre le redressement fiscal provisoire<\/h3><p>Si vous d\u00e9cidez d&rsquo;introduire un recours contre le redressement fiscal provisoire, vous pouvez le faire :<\/p><ul><li>une r\u00e9clamation en reconsid\u00e9ration aupr\u00e8s de l&rsquo;Administration fiscale<\/li><li>une r\u00e9clamation \u00e9conomico-administratif devant le Tribunal \u00e9conomico-administratif.<\/li><\/ul><h3>D\u00e9lai d&rsquo;introduction des r\u00e9clamation<\/h3><p>Dans les deux cas, le d\u00e9lai de recours est d&rsquo;un mois \u00e0 compter du jour suivant la date de notification de l&rsquo;imposition.<\/p><p>Le d\u00e9lai se termine le jour du mois suivant ayant le m\u00eame num\u00e9ro ordinal que le jour de r\u00e9ception de la notification ; et si celui-ci n&rsquo;existe pas, le d\u00e9lai se termine le dernier jour du mois.<\/p><p>Par exemple, si vous avez re\u00e7u la notification le 6 septembre, vous pouvez faire appel jusqu&rsquo;au 6 octobre ; et si vous avez re\u00e7u la notification le 31 mars, vous pouvez faire appel jusqu&rsquo;au 30 avril.<\/p><h3>Recours en r\u00e9examen :<\/h3><ul><li>Si vous introduisez un recours aupr\u00e8s de l&rsquo;administration fiscale, il doit \u00eatre r\u00e9solu par l&rsquo;organisme qui a \u00e9mis l&rsquo;avis d&rsquo;imposition provisoire (par cons\u00e9quent, si vous avez d\u00e9j\u00e0 pr\u00e9sent\u00e9 des objections \u00e0 la proposition initiale, il sera difficile pour l&rsquo;administration fiscale de vous donner raison).<\/li><\/ul><h3>R\u00e9clamation financi\u00e8re administrative<\/h3><p>L&rsquo;autre option consiste \u00e0 introduire une r\u00e9clamation \u00e9conomico-administrative contre l&rsquo;avis d&rsquo;imposition (soit directement apr\u00e8s avoir re\u00e7u l&rsquo;avis d&rsquo;imposition, soit apr\u00e8s le rejet de votre demande de r\u00e9examen). Dans ce cas, le tribunal \u00e9conomico-administratif r\u00e9gional (Tribunal Econ\u00f3mico-Administrativo Regional -TEAR- de votre communaut\u00e9 autonome.<\/p><p>Bien que cet organe soit appel\u00e9 \u00ab\u00a0tribunal\u00a0\u00bb, il s&rsquo;agit d&rsquo;un organe administratif. Par cons\u00e9quent, il n&rsquo;est pas n\u00e9cessaire de faire appel \u00e0 un avocat pour d\u00e9poser une demande.<\/p><p>Si le TEAR ne vous donne pas raison, vous devrez vous adresser aux tribunaux ordinaires. Dans ce cas, l&rsquo;assistance d&rsquo;un avocat et d&rsquo;un avou\u00e9 sera n\u00e9cessaire.<\/p><p>Si la demande d\u00e9passe 150.000 euros (ou 1.800.000 euros si une \u00e9valuation ou une base imposable est contest\u00e9e) et qu&rsquo;elle est rejet\u00e9e, il est n\u00e9cessaire, avant de s&rsquo;adresser aux tribunaux ordinaires, d&rsquo;introduire un recours aupr\u00e8s du Tribunal \u00e9conomique et administratif central (TEAC). Dans ce cas, il est possible de s&rsquo;adresser d&rsquo;abord au TEAR ou directement au TEAC.<\/p>\t\t\t\t\t\t\t\t<\/div>\n\t\t\t\t<\/div>\n\t\t\t\t\t<\/div>\r\n\t\t\t\t<\/div>\r\n\t\t\t\t\t<\/div>\r\n\t\t\t\t<\/section>\r\n\t\t\t\t<section data-particle_enable=\"false\" data-particle-mobile-disabled=\"false\" class=\"elementor-section elementor-top-section elementor-element elementor-element-8571e29 elementor-section-boxed elementor-section-height-default elementor-section-height-default\" data-id=\"8571e29\" data-element_type=\"section\" data-e-type=\"section\">\r\n\t\t\r\n\t\t\t\t\t\t\t<div class=\"elementor-container elementor-column-gap-default\">\r\n\t\t\t\t\t\t\t\t\t\t\t<div class=\"elementor-column elementor-col-100 elementor-top-column elementor-element elementor-element-2798659\" data-id=\"2798659\" data-element_type=\"column\" data-e-type=\"column\">\r\n\t\t\t\t\t<div class=\"elementor-widget-wrap elementor-element-populated\">\r\n\t\t\t\t\t\t\t\t<div class=\"elementor-element elementor-element-e74faaa elementor-widget elementor-widget-heading\" data-id=\"e74faaa\" data-element_type=\"widget\" data-e-type=\"widget\" data-widget_type=\"heading.default\">\n\t\t\t\t<div class=\"elementor-widget-container\">\n\t\t\t\t\t<h2 class=\"elementor-heading-title elementor-size-default\">Puis-je demander une suspension du paiement d'un redressement fiscal provisoire ?<\/h2>\t\t\t\t<\/div>\n\t\t\t\t<\/div>\n\t\t\t\t\t<\/div>\r\n\t\t\t\t<\/div>\r\n\t\t\t\t\t<\/div>\r\n\t\t\t\t<\/section>\r\n\t\t\t\t<section data-particle_enable=\"false\" data-particle-mobile-disabled=\"false\" class=\"elementor-section elementor-top-section elementor-element elementor-element-ecbfedb elementor-section-boxed elementor-section-height-default elementor-section-height-default\" data-id=\"ecbfedb\" data-element_type=\"section\" data-e-type=\"section\">\r\n\t\t\r\n\t\t\t\t\t\t\t<div class=\"elementor-container elementor-column-gap-default\">\r\n\t\t\t\t\t\t\t\t\t\t\t<div class=\"elementor-column elementor-col-100 elementor-top-column elementor-element elementor-element-422bde0\" data-id=\"422bde0\" data-element_type=\"column\" data-e-type=\"column\">\r\n\t\t\t\t\t<div class=\"elementor-widget-wrap elementor-element-populated\">\r\n\t\t\t\t\t\t\t\t<div class=\"elementor-element elementor-element-105efbe elementor-widget elementor-widget-text-editor\" data-id=\"105efbe\" data-element_type=\"widget\" data-e-type=\"widget\" data-widget_type=\"text-editor.default\">\n\t\t\t\t<div class=\"elementor-widget-container\">\n\t\t\t\t\t\t\t\t\t<h3>Oui, mais vous devez demander express\u00e9ment la suspension et donner des garanties de paiement.<\/h3><p>L&rsquo;introduction d&rsquo;un recours ne suspend pas le recouvrement (sauf si vous introduisez un recours contre une sanction, auquel cas la simple introduction d&rsquo;un recours suspend le recouvrement).<\/p><p>Par cons\u00e9quent, votre entreprise sera toujours oblig\u00e9e de payer les sommes r\u00e9clam\u00e9es tant qu&rsquo;elle n&rsquo;aura pas demand\u00e9 express\u00e9ment la suspension.<\/p><p>Pour ce faire :<\/p><h3>Vous devez fournir des garanties.<\/h3><p>En g\u00e9n\u00e9ral, vous devrez fournir des garanties (si vous gagnez le recours, vous pourrez demander le remboursement de leur co\u00fbt &#8211; par exemple, les frais de garantie bancaire).<\/p><h3>Pas de garantie.<\/h3><p>Vous pouvez suspendre le paiement de l&rsquo;\u00e9valuation provisoire sans devoir fournir de garanties lorsque le recours est fond\u00e9 sur l&rsquo;existence d&rsquo;erreurs mat\u00e9rielles, arithm\u00e9tiques ou factuelles dans l&rsquo;\u00e9valuation.<\/p><p>L&rsquo;erreur doit \u00eatre \u00e9vidente et manifeste, sans qu&rsquo;aucune interpr\u00e9tation juridique ne soit n\u00e9cessaire pour l&rsquo;appr\u00e9cier.<\/p><p>Une erreur d&rsquo;addition ou de soustraction, l&rsquo;ajout d&rsquo;un z\u00e9ro, le remplacement d&rsquo;un chiffre par un autre ou la comptabilisation d&rsquo;un \u00e9l\u00e9ment n\u00e9gatif comme un \u00e9l\u00e9ment positif sont des erreurs mat\u00e9rielles.<\/p><p>Les erreurs de fait impliquent une mauvaise appr\u00e9ciation des faits.<\/p><p>Par exemple, imputer \u00e0 une personne un gain provenant d&rsquo;une vente qu&rsquo;elle n&rsquo;a pas effectu\u00e9e, ou ne pas tenir compte d&rsquo;une invalidit\u00e9 accord\u00e9e par la s\u00e9curit\u00e9 sociale.<\/p><p>De plus, les erreurs doivent \u00eatre claires et incontestables, et ne pas r\u00e9sulter d&rsquo;interpr\u00e9tations de la loi (auquel cas il s&rsquo;agirait d&rsquo;erreurs de droit). Or, il est rare que l&rsquo;administration fiscale commette des erreurs mat\u00e9rielles, arithm\u00e9tiques ou factuelles dans la liquidation, ou du moins il n&rsquo;est pas tr\u00e8s fr\u00e9quent de voir des erreurs de ce type.<\/p>\t\t\t\t\t\t\t\t<\/div>\n\t\t\t\t<\/div>\n\t\t\t\t\t<\/div>\r\n\t\t\t\t<\/div>\r\n\t\t\t\t\t<\/div>\r\n\t\t\t\t<\/section>\r\n\t\t\t\t<section data-particle_enable=\"false\" data-particle-mobile-disabled=\"false\" class=\"elementor-section elementor-top-section elementor-element elementor-element-18749b0 elementor-section-boxed elementor-section-height-default elementor-section-height-default\" data-id=\"18749b0\" data-element_type=\"section\" data-e-type=\"section\">\r\n\t\t\r\n\t\t\t\t\t\t\t<div class=\"elementor-container elementor-column-gap-default\">\r\n\t\t\t\t\t\t\t\t\t\t\t<div class=\"elementor-column elementor-col-100 elementor-top-column elementor-element elementor-element-e4743af\" data-id=\"e4743af\" data-element_type=\"column\" data-e-type=\"column\">\r\n\t\t\t\t\t<div class=\"elementor-widget-wrap elementor-element-populated\">\r\n\t\t\t\t\t\t\t\t<div class=\"elementor-element elementor-element-0316366 elementor-widget elementor-widget-text-editor\" data-id=\"0316366\" data-element_type=\"widget\" data-e-type=\"widget\" data-widget_type=\"text-editor.default\">\n\t\t\t\t<div class=\"elementor-widget-container\">\n\t\t\t\t\t\t\t\t\t<p style=\"text-align: center;\">N&rsquo;OUBLIEZ PAS<\/p><p style=\"text-align: center;\">M\u00eame s&rsquo;il s&rsquo;agit d&rsquo;une proposition de redressement fiscal provisoire, pr\u00e9sentez des all\u00e9gations et des documents prouvant que les donn\u00e9es incluses dans l&rsquo;auto-\u00e9valuation sont correctes.<\/p><h3 style=\"text-align: center;\">Vous pouvez \u00e9galement le faire dans le cadre d&rsquo;une r\u00e9clamation contre le redressement fiscal provisoire.<\/h3>\t\t\t\t\t\t\t\t<\/div>\n\t\t\t\t<\/div>\n\t\t\t\t\t<\/div>\r\n\t\t\t\t<\/div>\r\n\t\t\t\t\t<\/div>\r\n\t\t\t\t<\/section>\r\n\t\t\t\t<\/div>\n\t\t","protected":false},"excerpt":{"rendered":"<p>Que faire si nous recevons une proposition de redressement fiscal provisoire de la part de l&rsquo;administration fiscale ? Personne n&rsquo;aime recevoir des nouvelles de l&rsquo;administration fiscale, car la plupart du temps, lorsque l&rsquo;administration fiscale nous envoie une lettre, il s&rsquo;agit d&rsquo;une mauvaise nouvelle. Parfois tr\u00e8s mauvaises. Lorsque l&rsquo;administration fiscale estime qu&rsquo;une de vos d\u00e9clarations est [&hellip;]<\/p>\n","protected":false},"author":2,"featured_media":25083,"comment_status":"closed","ping_status":"closed","sticky":false,"template":"","format":"standard","meta":{"_eb_attr":"","inline_featured_image":false,"footnotes":""},"categories":[45],"tags":[],"class_list":["post-25229","post","type-post","status-publish","format-standard","has-post-thumbnail","hentry","category-blog"],"featured_image_src":{"landsacpe":["https:\/\/www.asesoriaorihuelacosta.com\/wp-content\/uploads\/2024\/05\/propuesta-de-liquidacion-provisional-640x445.jpeg",640,445,true],"list":["https:\/\/www.asesoriaorihuelacosta.com\/wp-content\/uploads\/2024\/05\/propuesta-de-liquidacion-provisional-463x348.jpeg",463,348,true],"medium":["https:\/\/www.asesoriaorihuelacosta.com\/wp-content\/uploads\/2024\/05\/propuesta-de-liquidacion-provisional-300x255.jpeg",300,255,true],"full":["https:\/\/www.asesoriaorihuelacosta.com\/wp-content\/uploads\/2024\/05\/propuesta-de-liquidacion-provisional.jpeg",640,544,false]},"yoast_head":"<!-- This site is optimized with the Yoast SEO Premium plugin v24.7 (Yoast SEO v27.4) - https:\/\/yoast.com\/product\/yoast-seo-premium-wordpress\/ -->\n<title>R\u00e9ception d&#039;une proposition de redressement fiscal provisoire Asesor\u00eda Orihuela Costa<\/title>\n<meta name=\"description\" content=\"Si l&#039;AEAT estime qu&#039;une d\u00e9claration est incorrecte, vous recevez une proposition de redressement fiscal provisoire. Comment proc\u00e9der ?\" \/>\n<meta name=\"robots\" content=\"index, follow, max-snippet:-1, max-image-preview:large, max-video-preview:-1\" \/>\n<link rel=\"canonical\" href=\"https:\/\/www.asesoriaorihuelacosta.com\/fr\/comment-agir-a-la-reception-dune-proposition-de-redressement-fiscal-provisoire\/\" \/>\n<meta property=\"og:locale\" content=\"fr_FR\" \/>\n<meta property=\"og:type\" content=\"article\" \/>\n<meta property=\"og:title\" content=\"Comment agir \u00e0 la r\u00e9ception d&#039;une proposition de redressement fiscal provisoire ?\" \/>\n<meta property=\"og:description\" content=\"Si l&#039;AEAT estime qu&#039;une d\u00e9claration est incorrecte, vous recevez une proposition de redressement fiscal provisoire. Comment proc\u00e9der ?\" \/>\n<meta property=\"og:url\" content=\"https:\/\/www.asesoriaorihuelacosta.com\/fr\/comment-agir-a-la-reception-dune-proposition-de-redressement-fiscal-provisoire\/\" \/>\n<meta property=\"og:site_name\" content=\"Asesor\u00eda Orihuela Costa\" \/>\n<meta property=\"article:publisher\" content=\"https:\/\/www.facebook.com\/asesoriaorihuelacosta\" \/>\n<meta property=\"article:author\" content=\"https:\/\/www.facebook.com\/patrick.gordinneperez\" \/>\n<meta property=\"article:published_time\" content=\"2024-05-03T17:17:16+00:00\" \/>\n<meta property=\"article:modified_time\" content=\"2024-05-09T11:33:26+00:00\" \/>\n<meta property=\"og:image\" content=\"https:\/\/www.asesoriaorihuelacosta.com\/wp-content\/uploads\/2024\/05\/propuesta-de-liquidacion-provisional.jpeg\" \/>\n\t<meta property=\"og:image:width\" content=\"640\" \/>\n\t<meta property=\"og:image:height\" content=\"544\" \/>\n\t<meta property=\"og:image:type\" content=\"image\/jpeg\" \/>\n<meta name=\"author\" content=\"Patrick Gordinne Perez\" \/>\n<meta name=\"twitter:card\" content=\"summary_large_image\" \/>\n<meta name=\"twitter:label1\" content=\"\u00c9crit par\" \/>\n\t<meta name=\"twitter:data1\" content=\"Patrick Gordinne Perez\" \/>\n\t<meta name=\"twitter:label2\" content=\"Dur\u00e9e de lecture estim\u00e9e\" \/>\n\t<meta name=\"twitter:data2\" content=\"9 minutes\" \/>\n<script type=\"application\/ld+json\" class=\"yoast-schema-graph\">{\"@context\":\"https:\\\/\\\/schema.org\",\"@graph\":[{\"@type\":\"Article\",\"@id\":\"https:\\\/\\\/www.asesoriaorihuelacosta.com\\\/fr\\\/comment-agir-a-la-reception-dune-proposition-de-redressement-fiscal-provisoire\\\/#article\",\"isPartOf\":{\"@id\":\"https:\\\/\\\/www.asesoriaorihuelacosta.com\\\/fr\\\/comment-agir-a-la-reception-dune-proposition-de-redressement-fiscal-provisoire\\\/\"},\"author\":{\"name\":\"Patrick Gordinne Perez\",\"@id\":\"https:\\\/\\\/www.asesoriaorihuelacosta.com\\\/fr\\\/#\\\/schema\\\/person\\\/6614ce8cf6d2de542aaf351629fd539e\"},\"headline\":\"Comment agir \u00e0 la r\u00e9ception d&rsquo;une proposition de redressement fiscal provisoire ?\",\"datePublished\":\"2024-05-03T17:17:16+00:00\",\"dateModified\":\"2024-05-09T11:33:26+00:00\",\"mainEntityOfPage\":{\"@id\":\"https:\\\/\\\/www.asesoriaorihuelacosta.com\\\/fr\\\/comment-agir-a-la-reception-dune-proposition-de-redressement-fiscal-provisoire\\\/\"},\"wordCount\":2108,\"publisher\":{\"@id\":\"https:\\\/\\\/www.asesoriaorihuelacosta.com\\\/fr\\\/#organization\"},\"image\":{\"@id\":\"https:\\\/\\\/www.asesoriaorihuelacosta.com\\\/fr\\\/comment-agir-a-la-reception-dune-proposition-de-redressement-fiscal-provisoire\\\/#primaryimage\"},\"thumbnailUrl\":\"https:\\\/\\\/www.asesoriaorihuelacosta.com\\\/wp-content\\\/uploads\\\/2024\\\/05\\\/propuesta-de-liquidacion-provisional.jpeg\",\"articleSection\":[\"Blog\"],\"inLanguage\":\"fr-FR\"},{\"@type\":\"WebPage\",\"@id\":\"https:\\\/\\\/www.asesoriaorihuelacosta.com\\\/fr\\\/comment-agir-a-la-reception-dune-proposition-de-redressement-fiscal-provisoire\\\/\",\"url\":\"https:\\\/\\\/www.asesoriaorihuelacosta.com\\\/fr\\\/comment-agir-a-la-reception-dune-proposition-de-redressement-fiscal-provisoire\\\/\",\"name\":\"R\u00e9ception d'une proposition de redressement fiscal provisoire Asesor\u00eda Orihuela Costa\",\"isPartOf\":{\"@id\":\"https:\\\/\\\/www.asesoriaorihuelacosta.com\\\/fr\\\/#website\"},\"primaryImageOfPage\":{\"@id\":\"https:\\\/\\\/www.asesoriaorihuelacosta.com\\\/fr\\\/comment-agir-a-la-reception-dune-proposition-de-redressement-fiscal-provisoire\\\/#primaryimage\"},\"image\":{\"@id\":\"https:\\\/\\\/www.asesoriaorihuelacosta.com\\\/fr\\\/comment-agir-a-la-reception-dune-proposition-de-redressement-fiscal-provisoire\\\/#primaryimage\"},\"thumbnailUrl\":\"https:\\\/\\\/www.asesoriaorihuelacosta.com\\\/wp-content\\\/uploads\\\/2024\\\/05\\\/propuesta-de-liquidacion-provisional.jpeg\",\"datePublished\":\"2024-05-03T17:17:16+00:00\",\"dateModified\":\"2024-05-09T11:33:26+00:00\",\"description\":\"Si l'AEAT estime qu'une d\u00e9claration est incorrecte, vous recevez une proposition de redressement fiscal provisoire. Comment proc\u00e9der ?\",\"breadcrumb\":{\"@id\":\"https:\\\/\\\/www.asesoriaorihuelacosta.com\\\/fr\\\/comment-agir-a-la-reception-dune-proposition-de-redressement-fiscal-provisoire\\\/#breadcrumb\"},\"inLanguage\":\"fr-FR\",\"potentialAction\":[{\"@type\":\"ReadAction\",\"target\":[\"https:\\\/\\\/www.asesoriaorihuelacosta.com\\\/fr\\\/comment-agir-a-la-reception-dune-proposition-de-redressement-fiscal-provisoire\\\/\"]}]},{\"@type\":\"ImageObject\",\"inLanguage\":\"fr-FR\",\"@id\":\"https:\\\/\\\/www.asesoriaorihuelacosta.com\\\/fr\\\/comment-agir-a-la-reception-dune-proposition-de-redressement-fiscal-provisoire\\\/#primaryimage\",\"url\":\"https:\\\/\\\/www.asesoriaorihuelacosta.com\\\/wp-content\\\/uploads\\\/2024\\\/05\\\/propuesta-de-liquidacion-provisional.jpeg\",\"contentUrl\":\"https:\\\/\\\/www.asesoriaorihuelacosta.com\\\/wp-content\\\/uploads\\\/2024\\\/05\\\/propuesta-de-liquidacion-provisional.jpeg\",\"width\":640,\"height\":544,\"caption\":\"propuesta-de-liquidacion-provisional\"},{\"@type\":\"BreadcrumbList\",\"@id\":\"https:\\\/\\\/www.asesoriaorihuelacosta.com\\\/fr\\\/comment-agir-a-la-reception-dune-proposition-de-redressement-fiscal-provisoire\\\/#breadcrumb\",\"itemListElement\":[{\"@type\":\"ListItem\",\"position\":1,\"name\":\"Home\",\"item\":\"https:\\\/\\\/www.asesoriaorihuelacosta.com\\\/fr\\\/\"},{\"@type\":\"ListItem\",\"position\":2,\"name\":\"Comment agir \u00e0 la r\u00e9ception d&#8217;une proposition de redressement fiscal provisoire ?\"}]},{\"@type\":\"WebSite\",\"@id\":\"https:\\\/\\\/www.asesoriaorihuelacosta.com\\\/fr\\\/#website\",\"url\":\"https:\\\/\\\/www.asesoriaorihuelacosta.com\\\/fr\\\/\",\"name\":\"https:\\\/\\\/www.asesoriaorihuelacosta.com\\\/\",\"description\":\"Grupo de asesores profesionales\",\"publisher\":{\"@id\":\"https:\\\/\\\/www.asesoriaorihuelacosta.com\\\/fr\\\/#organization\"},\"potentialAction\":[{\"@type\":\"SearchAction\",\"target\":{\"@type\":\"EntryPoint\",\"urlTemplate\":\"https:\\\/\\\/www.asesoriaorihuelacosta.com\\\/fr\\\/?s={search_term_string}\"},\"query-input\":{\"@type\":\"PropertyValueSpecification\",\"valueRequired\":true,\"valueName\":\"search_term_string\"}}],\"inLanguage\":\"fr-FR\"},{\"@type\":\"Organization\",\"@id\":\"https:\\\/\\\/www.asesoriaorihuelacosta.com\\\/fr\\\/#organization\",\"name\":\"Asesor\u00eda Orihuela Costa\",\"url\":\"https:\\\/\\\/www.asesoriaorihuelacosta.com\\\/fr\\\/\",\"logo\":{\"@type\":\"ImageObject\",\"inLanguage\":\"fr-FR\",\"@id\":\"https:\\\/\\\/www.asesoriaorihuelacosta.com\\\/fr\\\/#\\\/schema\\\/logo\\\/image\\\/\",\"url\":\"https:\\\/\\\/www.asesoriaorihuelacosta.com\\\/wp-content\\\/uploads\\\/2022\\\/06\\\/Logo-espa\u5bf8l-asesoriaorihuela.jpg\",\"contentUrl\":\"https:\\\/\\\/www.asesoriaorihuelacosta.com\\\/wp-content\\\/uploads\\\/2022\\\/06\\\/Logo-espa\u5bf8l-asesoriaorihuela.jpg\",\"width\":588,\"height\":136,\"caption\":\"Asesor\u00eda Orihuela Costa\"},\"image\":{\"@id\":\"https:\\\/\\\/www.asesoriaorihuelacosta.com\\\/fr\\\/#\\\/schema\\\/logo\\\/image\\\/\"},\"sameAs\":[\"https:\\\/\\\/www.facebook.com\\\/asesoriaorihuelacosta\"]},{\"@type\":\"Person\",\"@id\":\"https:\\\/\\\/www.asesoriaorihuelacosta.com\\\/fr\\\/#\\\/schema\\\/person\\\/6614ce8cf6d2de542aaf351629fd539e\",\"name\":\"Patrick Gordinne Perez\",\"description\":\"Soy economista colegiado por el colegio de economistas de Alicante con el n\u00famero 2722. Llevo ejerciendo desde el a\u00f1o 2005. Soy especialista en fiscalidad de empresas y aut\u00f3nomos y tambi\u00e9n especialista en gestionar compraventas. Hablo espa\u00f1ol, ingl\u00e9s y franc\u00e9s.\",\"sameAs\":[\"https:\\\/\\\/www.asesoriaorihuelacosta.com\",\"https:\\\/\\\/www.facebook.com\\\/patrick.gordinneperez\",\"https:\\\/\\\/www.linkedin.com\\\/in\\\/patrick-gordinne-perez-1b73aab3\\\/\",\"https:\\\/\\\/www.youtube.com\\\/channel\\\/UC5e95RJEVQlxCnhwDmGNVCw\"],\"gender\":\"Hombre\",\"knowsLanguage\":[\"ingl\u00e9s\",\"franc\u00e9s\",\"espa\u00f1ol\"],\"jobTitle\":\"Gerente\",\"worksFor\":\"Asesoria Orihuela Costa SL\"}]}<\/script>\n<!-- \/ Yoast SEO Premium plugin. -->","yoast_head_json":{"title":"R\u00e9ception d'une proposition de redressement fiscal provisoire Asesor\u00eda Orihuela Costa","description":"Si l'AEAT estime qu'une d\u00e9claration est incorrecte, vous recevez une proposition de redressement fiscal provisoire. Comment proc\u00e9der ?","robots":{"index":"index","follow":"follow","max-snippet":"max-snippet:-1","max-image-preview":"max-image-preview:large","max-video-preview":"max-video-preview:-1"},"canonical":"https:\/\/www.asesoriaorihuelacosta.com\/fr\/comment-agir-a-la-reception-dune-proposition-de-redressement-fiscal-provisoire\/","og_locale":"fr_FR","og_type":"article","og_title":"Comment agir \u00e0 la r\u00e9ception d'une proposition de redressement fiscal provisoire ?","og_description":"Si l'AEAT estime qu'une d\u00e9claration est incorrecte, vous recevez une proposition de redressement fiscal provisoire. Comment proc\u00e9der ?","og_url":"https:\/\/www.asesoriaorihuelacosta.com\/fr\/comment-agir-a-la-reception-dune-proposition-de-redressement-fiscal-provisoire\/","og_site_name":"Asesor\u00eda Orihuela Costa","article_publisher":"https:\/\/www.facebook.com\/asesoriaorihuelacosta","article_author":"https:\/\/www.facebook.com\/patrick.gordinneperez","article_published_time":"2024-05-03T17:17:16+00:00","article_modified_time":"2024-05-09T11:33:26+00:00","og_image":[{"width":640,"height":544,"url":"https:\/\/www.asesoriaorihuelacosta.com\/wp-content\/uploads\/2024\/05\/propuesta-de-liquidacion-provisional.jpeg","type":"image\/jpeg"}],"author":"Patrick Gordinne Perez","twitter_card":"summary_large_image","twitter_misc":{"\u00c9crit par":"Patrick Gordinne Perez","Dur\u00e9e de lecture estim\u00e9e":"9 minutes"},"schema":{"@context":"https:\/\/schema.org","@graph":[{"@type":"Article","@id":"https:\/\/www.asesoriaorihuelacosta.com\/fr\/comment-agir-a-la-reception-dune-proposition-de-redressement-fiscal-provisoire\/#article","isPartOf":{"@id":"https:\/\/www.asesoriaorihuelacosta.com\/fr\/comment-agir-a-la-reception-dune-proposition-de-redressement-fiscal-provisoire\/"},"author":{"name":"Patrick Gordinne Perez","@id":"https:\/\/www.asesoriaorihuelacosta.com\/fr\/#\/schema\/person\/6614ce8cf6d2de542aaf351629fd539e"},"headline":"Comment agir \u00e0 la r\u00e9ception d&rsquo;une proposition de redressement fiscal provisoire ?","datePublished":"2024-05-03T17:17:16+00:00","dateModified":"2024-05-09T11:33:26+00:00","mainEntityOfPage":{"@id":"https:\/\/www.asesoriaorihuelacosta.com\/fr\/comment-agir-a-la-reception-dune-proposition-de-redressement-fiscal-provisoire\/"},"wordCount":2108,"publisher":{"@id":"https:\/\/www.asesoriaorihuelacosta.com\/fr\/#organization"},"image":{"@id":"https:\/\/www.asesoriaorihuelacosta.com\/fr\/comment-agir-a-la-reception-dune-proposition-de-redressement-fiscal-provisoire\/#primaryimage"},"thumbnailUrl":"https:\/\/www.asesoriaorihuelacosta.com\/wp-content\/uploads\/2024\/05\/propuesta-de-liquidacion-provisional.jpeg","articleSection":["Blog"],"inLanguage":"fr-FR"},{"@type":"WebPage","@id":"https:\/\/www.asesoriaorihuelacosta.com\/fr\/comment-agir-a-la-reception-dune-proposition-de-redressement-fiscal-provisoire\/","url":"https:\/\/www.asesoriaorihuelacosta.com\/fr\/comment-agir-a-la-reception-dune-proposition-de-redressement-fiscal-provisoire\/","name":"R\u00e9ception d'une proposition de redressement fiscal provisoire Asesor\u00eda Orihuela Costa","isPartOf":{"@id":"https:\/\/www.asesoriaorihuelacosta.com\/fr\/#website"},"primaryImageOfPage":{"@id":"https:\/\/www.asesoriaorihuelacosta.com\/fr\/comment-agir-a-la-reception-dune-proposition-de-redressement-fiscal-provisoire\/#primaryimage"},"image":{"@id":"https:\/\/www.asesoriaorihuelacosta.com\/fr\/comment-agir-a-la-reception-dune-proposition-de-redressement-fiscal-provisoire\/#primaryimage"},"thumbnailUrl":"https:\/\/www.asesoriaorihuelacosta.com\/wp-content\/uploads\/2024\/05\/propuesta-de-liquidacion-provisional.jpeg","datePublished":"2024-05-03T17:17:16+00:00","dateModified":"2024-05-09T11:33:26+00:00","description":"Si l'AEAT estime qu'une d\u00e9claration est incorrecte, vous recevez une proposition de redressement fiscal provisoire. Comment proc\u00e9der ?","breadcrumb":{"@id":"https:\/\/www.asesoriaorihuelacosta.com\/fr\/comment-agir-a-la-reception-dune-proposition-de-redressement-fiscal-provisoire\/#breadcrumb"},"inLanguage":"fr-FR","potentialAction":[{"@type":"ReadAction","target":["https:\/\/www.asesoriaorihuelacosta.com\/fr\/comment-agir-a-la-reception-dune-proposition-de-redressement-fiscal-provisoire\/"]}]},{"@type":"ImageObject","inLanguage":"fr-FR","@id":"https:\/\/www.asesoriaorihuelacosta.com\/fr\/comment-agir-a-la-reception-dune-proposition-de-redressement-fiscal-provisoire\/#primaryimage","url":"https:\/\/www.asesoriaorihuelacosta.com\/wp-content\/uploads\/2024\/05\/propuesta-de-liquidacion-provisional.jpeg","contentUrl":"https:\/\/www.asesoriaorihuelacosta.com\/wp-content\/uploads\/2024\/05\/propuesta-de-liquidacion-provisional.jpeg","width":640,"height":544,"caption":"propuesta-de-liquidacion-provisional"},{"@type":"BreadcrumbList","@id":"https:\/\/www.asesoriaorihuelacosta.com\/fr\/comment-agir-a-la-reception-dune-proposition-de-redressement-fiscal-provisoire\/#breadcrumb","itemListElement":[{"@type":"ListItem","position":1,"name":"Home","item":"https:\/\/www.asesoriaorihuelacosta.com\/fr\/"},{"@type":"ListItem","position":2,"name":"Comment agir \u00e0 la r\u00e9ception d&#8217;une proposition de redressement fiscal provisoire ?"}]},{"@type":"WebSite","@id":"https:\/\/www.asesoriaorihuelacosta.com\/fr\/#website","url":"https:\/\/www.asesoriaorihuelacosta.com\/fr\/","name":"https:\/\/www.asesoriaorihuelacosta.com\/","description":"Grupo de asesores profesionales","publisher":{"@id":"https:\/\/www.asesoriaorihuelacosta.com\/fr\/#organization"},"potentialAction":[{"@type":"SearchAction","target":{"@type":"EntryPoint","urlTemplate":"https:\/\/www.asesoriaorihuelacosta.com\/fr\/?s={search_term_string}"},"query-input":{"@type":"PropertyValueSpecification","valueRequired":true,"valueName":"search_term_string"}}],"inLanguage":"fr-FR"},{"@type":"Organization","@id":"https:\/\/www.asesoriaorihuelacosta.com\/fr\/#organization","name":"Asesor\u00eda Orihuela Costa","url":"https:\/\/www.asesoriaorihuelacosta.com\/fr\/","logo":{"@type":"ImageObject","inLanguage":"fr-FR","@id":"https:\/\/www.asesoriaorihuelacosta.com\/fr\/#\/schema\/logo\/image\/","url":"https:\/\/www.asesoriaorihuelacosta.com\/wp-content\/uploads\/2022\/06\/Logo-espa\u5bf8l-asesoriaorihuela.jpg","contentUrl":"https:\/\/www.asesoriaorihuelacosta.com\/wp-content\/uploads\/2022\/06\/Logo-espa\u5bf8l-asesoriaorihuela.jpg","width":588,"height":136,"caption":"Asesor\u00eda Orihuela Costa"},"image":{"@id":"https:\/\/www.asesoriaorihuelacosta.com\/fr\/#\/schema\/logo\/image\/"},"sameAs":["https:\/\/www.facebook.com\/asesoriaorihuelacosta"]},{"@type":"Person","@id":"https:\/\/www.asesoriaorihuelacosta.com\/fr\/#\/schema\/person\/6614ce8cf6d2de542aaf351629fd539e","name":"Patrick Gordinne Perez","description":"Soy economista colegiado por el colegio de economistas de Alicante con el n\u00famero 2722. Llevo ejerciendo desde el a\u00f1o 2005. Soy especialista en fiscalidad de empresas y aut\u00f3nomos y tambi\u00e9n especialista en gestionar compraventas. Hablo espa\u00f1ol, ingl\u00e9s y franc\u00e9s.","sameAs":["https:\/\/www.asesoriaorihuelacosta.com","https:\/\/www.facebook.com\/patrick.gordinneperez","https:\/\/www.linkedin.com\/in\/patrick-gordinne-perez-1b73aab3\/","https:\/\/www.youtube.com\/channel\/UC5e95RJEVQlxCnhwDmGNVCw"],"gender":"Hombre","knowsLanguage":["ingl\u00e9s","franc\u00e9s","espa\u00f1ol"],"jobTitle":"Gerente","worksFor":"Asesoria Orihuela Costa SL"}]}},"_links":{"self":[{"href":"https:\/\/www.asesoriaorihuelacosta.com\/fr\/wp-json\/wp\/v2\/posts\/25229","targetHints":{"allow":["GET"]}}],"collection":[{"href":"https:\/\/www.asesoriaorihuelacosta.com\/fr\/wp-json\/wp\/v2\/posts"}],"about":[{"href":"https:\/\/www.asesoriaorihuelacosta.com\/fr\/wp-json\/wp\/v2\/types\/post"}],"author":[{"embeddable":true,"href":"https:\/\/www.asesoriaorihuelacosta.com\/fr\/wp-json\/wp\/v2\/users\/2"}],"replies":[{"embeddable":true,"href":"https:\/\/www.asesoriaorihuelacosta.com\/fr\/wp-json\/wp\/v2\/comments?post=25229"}],"version-history":[{"count":16,"href":"https:\/\/www.asesoriaorihuelacosta.com\/fr\/wp-json\/wp\/v2\/posts\/25229\/revisions"}],"predecessor-version":[{"id":25248,"href":"https:\/\/www.asesoriaorihuelacosta.com\/fr\/wp-json\/wp\/v2\/posts\/25229\/revisions\/25248"}],"wp:featuredmedia":[{"embeddable":true,"href":"https:\/\/www.asesoriaorihuelacosta.com\/fr\/wp-json\/wp\/v2\/media\/25083"}],"wp:attachment":[{"href":"https:\/\/www.asesoriaorihuelacosta.com\/fr\/wp-json\/wp\/v2\/media?parent=25229"}],"wp:term":[{"taxonomy":"category","embeddable":true,"href":"https:\/\/www.asesoriaorihuelacosta.com\/fr\/wp-json\/wp\/v2\/categories?post=25229"},{"taxonomy":"post_tag","embeddable":true,"href":"https:\/\/www.asesoriaorihuelacosta.com\/fr\/wp-json\/wp\/v2\/tags?post=25229"}],"curies":[{"name":"wp","href":"https:\/\/api.w.org\/{rel}","templated":true}]}}