{"id":24471,"date":"2024-04-22T19:41:44","date_gmt":"2024-04-22T19:41:44","guid":{"rendered":"https:\/\/www.asesoriaorihuelacosta.com\/?p=24471"},"modified":"2024-04-24T00:34:06","modified_gmt":"2024-04-24T00:34:06","slug":"quelles-sont-les-exigences-formelles-pour-une-facture-en-espagne","status":"publish","type":"post","link":"https:\/\/www.asesoriaorihuelacosta.com\/fr\/quelles-sont-les-exigences-formelles-pour-une-facture-en-espagne\/","title":{"rendered":"Quelles sont les exigences formelles pour une facture en Espagne ?"},"content":{"rendered":"\t\t<div data-elementor-type=\"wp-post\" data-elementor-id=\"24471\" class=\"elementor elementor-24471\" data-elementor-post-type=\"post\">\n\t\t\t\t\t\t<section data-particle_enable=\"false\" data-particle-mobile-disabled=\"false\" class=\"elementor-section elementor-top-section elementor-element elementor-element-12b2533 elementor-section-boxed elementor-section-height-default elementor-section-height-default\" data-id=\"12b2533\" data-element_type=\"section\" data-e-type=\"section\">\r\n\t\t\r\n\t\t\t\t\t\t\t<div class=\"elementor-container elementor-column-gap-default\">\r\n\t\t\t\t\t\t\t\t\t\t\t<div class=\"elementor-column elementor-col-100 elementor-top-column elementor-element elementor-element-6baa628\" data-id=\"6baa628\" data-element_type=\"column\" data-e-type=\"column\">\r\n\t\t\t\t\t<div class=\"elementor-widget-wrap elementor-element-populated\">\r\n\t\t\t\t\t\t\t\t<div class=\"elementor-element elementor-element-81f1cf5 elementor-widget elementor-widget-text-editor\" data-id=\"81f1cf5\" data-element_type=\"widget\" data-e-type=\"widget\" data-widget_type=\"text-editor.default\">\n\t\t\t\t<div class=\"elementor-widget-container\">\n\t\t\t\t\t\t\t\t\t<p>Avant de payer vos factures, v\u00e9rifiez qu&rsquo;elles sont correctes. N&rsquo;oubliez pas que si elles contiennent des erreurs, l&rsquo;administration fiscale peut refuser de d\u00e9duire la TVA en amont. Et compte tenu de la charge fiscale \u00e9lev\u00e9e que votre entreprise doit d\u00e9j\u00e0 supporter, c&rsquo;est la seule chose qui manque&#8230;<\/p>\t\t\t\t\t\t\t\t<\/div>\n\t\t\t\t<\/div>\n\t\t\t\t\t<\/div>\r\n\t\t\t\t<\/div>\r\n\t\t\t\t\t<\/div>\r\n\t\t\t\t<\/section>\r\n\t\t\t\t<section data-particle_enable=\"false\" data-particle-mobile-disabled=\"false\" class=\"elementor-section elementor-top-section elementor-element elementor-element-f16900f elementor-section-boxed elementor-section-height-default elementor-section-height-default\" data-id=\"f16900f\" data-element_type=\"section\" data-e-type=\"section\">\r\n\t\t\r\n\t\t\t\t\t\t\t<div class=\"elementor-container elementor-column-gap-default\">\r\n\t\t\t\t\t\t\t\t\t\t\t<div class=\"elementor-column elementor-col-100 elementor-top-column elementor-element elementor-element-7d36a9b\" data-id=\"7d36a9b\" data-element_type=\"column\" data-e-type=\"column\">\r\n\t\t\t\t\t<div class=\"elementor-widget-wrap elementor-element-populated\">\r\n\t\t\t\t\t\t\t\t<div class=\"elementor-element elementor-element-1f1611b elementor-widget elementor-widget-heading\" data-id=\"1f1611b\" data-element_type=\"widget\" data-e-type=\"widget\" data-widget_type=\"heading.default\">\n\t\t\t\t<div class=\"elementor-widget-container\">\n\t\t\t\t\t<h2 class=\"elementor-heading-title elementor-size-default\">Quelles sont les formalit\u00e9s \u00e0 remplir pour l'\u00e9tablissement d'une facture en Espagne ?<\/h2>\t\t\t\t<\/div>\n\t\t\t\t<\/div>\n\t\t\t\t\t<\/div>\r\n\t\t\t\t<\/div>\r\n\t\t\t\t\t<\/div>\r\n\t\t\t\t<\/section>\r\n\t\t\t\t<section data-particle_enable=\"false\" data-particle-mobile-disabled=\"false\" class=\"elementor-section elementor-top-section elementor-element elementor-element-34903e1 elementor-section-boxed elementor-section-height-default elementor-section-height-default\" data-id=\"34903e1\" data-element_type=\"section\" data-e-type=\"section\">\r\n\t\t\r\n\t\t\t\t\t\t\t<div class=\"elementor-container elementor-column-gap-default\">\r\n\t\t\t\t\t\t\t\t\t\t\t<div class=\"elementor-column elementor-col-100 elementor-top-column elementor-element elementor-element-770d871\" data-id=\"770d871\" data-element_type=\"column\" data-e-type=\"column\">\r\n\t\t\t\t\t<div class=\"elementor-widget-wrap elementor-element-populated\">\r\n\t\t\t\t\t\t\t\t<div class=\"elementor-element elementor-element-245d69f elementor-widget elementor-widget-text-editor\" data-id=\"245d69f\" data-element_type=\"widget\" data-e-type=\"widget\" data-widget_type=\"text-editor.default\">\n\t\t\t\t<div class=\"elementor-widget-container\">\n\t\t\t\t\t\t\t\t\t<h3>Exigences formelles des factures selon les autorit\u00e9s fiscales<\/h3><p>Dans le domaine de la TVA, l&rsquo;administration fiscale exige que toutes les conditions de forme requises par la loi soient remplies.<\/p><p>L&rsquo;une des formalit\u00e9s auxquelles il attache le plus d&rsquo;importance est le contenu des factures.<\/p><p>Ainsi, m\u00eame si vous pouvez prouver que votre entreprise a achet\u00e9 un bien et que vous avez bien pay\u00e9 le prix et la TVA factur\u00e9s par votre fournisseur, l&rsquo;administration fiscale peut refuser de d\u00e9duire la TVA si la facture du fournisseur contient des erreurs dans son contenu.<\/p><p>Pour \u00e9viter ce risque, exigez que les factures de votre fournisseur respectent toutes les conditions de forme pr\u00e9vues par la loi.<\/p><p>Le cas \u00e9ch\u00e9ant, ne payez pas avant d&rsquo;avoir re\u00e7u une facture en bonne et due forme.<\/p><p>Vous pouvez \u00e9galement payer le principal et retenir le paiement de la TVA, en faisant valoir qu&rsquo;en raison d&rsquo;erreurs formelles dans la facture, celle-ci ne vous a pas \u00e9t\u00e9 correctement factur\u00e9e et que vous ne pouvez donc pas la d\u00e9duire.<\/p>\t\t\t\t\t\t\t\t<\/div>\n\t\t\t\t<\/div>\n\t\t\t\t\t<\/div>\r\n\t\t\t\t<\/div>\r\n\t\t\t\t\t<\/div>\r\n\t\t\t\t<\/section>\r\n\t\t\t\t<section data-particle_enable=\"false\" data-particle-mobile-disabled=\"false\" class=\"elementor-section elementor-top-section elementor-element elementor-element-95042d9 elementor-section-boxed elementor-section-height-default elementor-section-height-default\" data-id=\"95042d9\" data-element_type=\"section\" data-e-type=\"section\">\r\n\t\t\r\n\t\t\t\t\t\t\t<div class=\"elementor-container elementor-column-gap-default\">\r\n\t\t\t\t\t\t\t\t\t\t\t<div class=\"elementor-column elementor-col-100 elementor-top-column elementor-element elementor-element-37f00ff\" data-id=\"37f00ff\" data-element_type=\"column\" data-e-type=\"column\">\r\n\t\t\t\t\t<div class=\"elementor-widget-wrap elementor-element-populated\">\r\n\t\t\t\t\t\t\t\t<div class=\"elementor-element elementor-element-12c2ef2 elementor-widget elementor-widget-heading\" data-id=\"12c2ef2\" data-element_type=\"widget\" data-e-type=\"widget\" data-widget_type=\"heading.default\">\n\t\t\t\t<div class=\"elementor-widget-container\">\n\t\t\t\t\t<h2 class=\"elementor-heading-title elementor-size-default\">Exigences g\u00e9n\u00e9rales pour l'\u00e9tablissement d'une facture en Espagne<\/h2>\t\t\t\t<\/div>\n\t\t\t\t<\/div>\n\t\t\t\t\t<\/div>\r\n\t\t\t\t<\/div>\r\n\t\t\t\t\t<\/div>\r\n\t\t\t\t<\/section>\r\n\t\t\t\t<section data-particle_enable=\"false\" data-particle-mobile-disabled=\"false\" class=\"elementor-section elementor-top-section elementor-element elementor-element-d7e3ac5 elementor-section-boxed elementor-section-height-default elementor-section-height-default\" data-id=\"d7e3ac5\" data-element_type=\"section\" data-e-type=\"section\">\r\n\t\t\r\n\t\t\t\t\t\t\t<div class=\"elementor-container elementor-column-gap-default\">\r\n\t\t\t\t\t\t\t\t\t\t\t<div class=\"elementor-column elementor-col-100 elementor-top-column elementor-element elementor-element-6f14953\" data-id=\"6f14953\" data-element_type=\"column\" data-e-type=\"column\">\r\n\t\t\t\t\t<div class=\"elementor-widget-wrap elementor-element-populated\">\r\n\t\t\t\t\t\t\t\t<div class=\"elementor-element elementor-element-7560b40 elementor-widget elementor-widget-text-editor\" data-id=\"7560b40\" data-element_type=\"widget\" data-e-type=\"widget\" data-widget_type=\"text-editor.default\">\n\t\t\t\t<div class=\"elementor-widget-container\">\n\t\t\t\t\t\t\t\t\t<h3>Identification de la facture<\/h3><p>La facture doit \u00eatre correctement identifi\u00e9e avec le <strong>num\u00e9ro et la date<\/strong> \u00e0 laquelle elle a \u00e9t\u00e9 \u00e9mise.<\/p><p>La date \u00e0 laquelle la transaction a eu lieu (date de r\u00e9gularisation) doit \u00e9galement figurer lorsqu&rsquo;elle ne co\u00efncide pas avec la date d&rsquo;\u00e9mission.<\/p><p>Si votre fournisseur \u00e9met des factures contenant des transactions effectu\u00e9es \u00e0 des jours diff\u00e9rents (<a href=\"https:\/\/www.asesoriaorihuelacosta.com\/fr\/les-factures-recapitulatives\/\" target=\"_blank\" rel=\"noopener\">factures r\u00e9capitulatives<\/a>), v\u00e9rifiez que toutes les transactions se r\u00e9f\u00e8rent au m\u00eame mois civil.<\/p><h3>Coordonn\u00e9es du fournisseur et du client<\/h3><p>La facture doit comporter la <strong>raison sociale compl\u00e8te, le num\u00e9ro de TVA et l&rsquo;adresse fiscale du fournisseur et du client.<\/strong><\/p><p>Si le fournisseur est \u00e9tabli dans un autre pays de l&rsquo;Union europ\u00e9enne, le num\u00e9ro d&rsquo;identification TVA attribu\u00e9 par son pays doit \u00eatre indiqu\u00e9.<\/p><h3>Donn\u00e9es relatives \u00e0 la TVA<\/h3><p>La<strong> base d&rsquo;imposition<\/strong>, le <strong>taux d&rsquo;imposition<\/strong> et le montant de la TVA factur\u00e9e doivent \u00e9galement \u00eatre indiqu\u00e9s s\u00e9par\u00e9ment.<\/p><p>Par contre, si plusieurs produits ayant des taux de TVA diff\u00e9rents sont achet\u00e9s dans la m\u00eame transaction, la base imposable, le taux d&rsquo;imposition et le montant correspondant \u00e0 chaque groupe de produits auquel s&rsquo;applique le m\u00eame taux de TVA doivent \u00eatre indiqu\u00e9s s\u00e9par\u00e9ment.<\/p><p>Si l&rsquo;op\u00e9ration est exon\u00e9r\u00e9e de TVA, il est n\u00e9cessaire que l&rsquo;\u00e9metteur <strong>indique sur la facture la r\u00e8gle justifiant que la taxe ne soit pas per\u00e7ue sur l&rsquo;op\u00e9ration.<\/strong><\/p>\t\t\t\t\t\t\t\t<\/div>\n\t\t\t\t<\/div>\n\t\t\t\t\t<\/div>\r\n\t\t\t\t<\/div>\r\n\t\t\t\t\t<\/div>\r\n\t\t\t\t<\/section>\r\n\t\t\t\t<section data-particle_enable=\"false\" data-particle-mobile-disabled=\"false\" class=\"elementor-section elementor-top-section elementor-element elementor-element-ff543ed elementor-section-boxed elementor-section-height-default elementor-section-height-default\" data-id=\"ff543ed\" data-element_type=\"section\" data-e-type=\"section\">\r\n\t\t\r\n\t\t\t\t\t\t\t<div class=\"elementor-container elementor-column-gap-default\">\r\n\t\t\t\t\t\t\t\t\t\t\t<div class=\"elementor-column elementor-col-100 elementor-top-column elementor-element elementor-element-3df3abb\" data-id=\"3df3abb\" data-element_type=\"column\" data-e-type=\"column\">\r\n\t\t\t\t\t<div class=\"elementor-widget-wrap elementor-element-populated\">\r\n\t\t\t\t\t\t\t\t<div class=\"elementor-element elementor-element-03e67ba elementor-widget elementor-widget-heading\" data-id=\"03e67ba\" data-element_type=\"widget\" data-e-type=\"widget\" data-widget_type=\"heading.default\">\n\t\t\t\t<div class=\"elementor-widget-container\">\n\t\t\t\t\t<h2 class=\"elementor-heading-title elementor-size-default\">Description ou concept d'une facture<\/h2>\t\t\t\t<\/div>\n\t\t\t\t<\/div>\n\t\t\t\t\t<\/div>\r\n\t\t\t\t<\/div>\r\n\t\t\t\t\t<\/div>\r\n\t\t\t\t<\/section>\r\n\t\t\t\t<section data-particle_enable=\"false\" data-particle-mobile-disabled=\"false\" class=\"elementor-section elementor-top-section elementor-element elementor-element-ab261d7 elementor-section-boxed elementor-section-height-default elementor-section-height-default\" data-id=\"ab261d7\" data-element_type=\"section\" data-e-type=\"section\">\r\n\t\t\r\n\t\t\t\t\t\t\t<div class=\"elementor-container elementor-column-gap-default\">\r\n\t\t\t\t\t\t\t\t\t\t\t<div class=\"elementor-column elementor-col-100 elementor-top-column elementor-element elementor-element-2e436df\" data-id=\"2e436df\" data-element_type=\"column\" data-e-type=\"column\">\r\n\t\t\t\t\t<div class=\"elementor-widget-wrap elementor-element-populated\">\r\n\t\t\t\t\t\t\t\t<div class=\"elementor-element elementor-element-43a0ed9 elementor-widget elementor-widget-text-editor\" data-id=\"43a0ed9\" data-element_type=\"widget\" data-e-type=\"widget\" data-widget_type=\"text-editor.default\">\n\t\t\t\t<div class=\"elementor-widget-container\">\n\t\t\t\t\t\t\t\t\t<h3>Tr\u00e8s important : le concept ou la description doit \u00eatre suffisant pour comprendre l&rsquo;op\u00e9ration.<\/h3><p>Enfin, la facture doit d\u00e9crire l&rsquo;op\u00e9ration effectu\u00e9e, de mani\u00e8re \u00e0 pouvoir d\u00e9terminer si la TVA doit \u00eatre appliqu\u00e9e \u00e0 l&rsquo;op\u00e9ration et, le cas \u00e9ch\u00e9ant, le taux d&rsquo;imposition applicable :<\/p><p>En cas de vente de marchandises, la description de chaque produit vendu, le nombre d&rsquo;unit\u00e9s et le prix unitaire doivent \u00eatre indiqu\u00e9s.<\/p><p>Il est \u00e9galement possible que la facture fasse r\u00e9f\u00e9rence \u00e0 un bon de livraison sp\u00e9cifique. Dans ce cas, vous devez le conserver avec la facture.<\/p><p>Si la facture fait r\u00e9f\u00e9rence \u00e0 un service, il faut exiger que la description exacte des services soit indiqu\u00e9e.<\/p><p>Si la description est trop g\u00e9n\u00e9rique, les autorit\u00e9s fiscales peuvent refuser de d\u00e9duire la TVA en amont. N&rsquo;autorisez pas une description telle que \u00ab\u00a0services divers\u00a0\u00bb, car elle ne vous permet pas de d\u00e9terminer si la taxe a \u00e9t\u00e9 calcul\u00e9e correctement.<\/p>\t\t\t\t\t\t\t\t<\/div>\n\t\t\t\t<\/div>\n\t\t\t\t\t<\/div>\r\n\t\t\t\t<\/div>\r\n\t\t\t\t\t<\/div>\r\n\t\t\t\t<\/section>\r\n\t\t\t\t<section data-particle_enable=\"false\" data-particle-mobile-disabled=\"false\" class=\"elementor-section elementor-top-section elementor-element elementor-element-d2e237b elementor-section-boxed elementor-section-height-default elementor-section-height-default\" data-id=\"d2e237b\" data-element_type=\"section\" data-e-type=\"section\">\r\n\t\t\r\n\t\t\t\t\t\t\t<div class=\"elementor-container elementor-column-gap-default\">\r\n\t\t\t\t\t\t\t\t\t\t\t<div class=\"elementor-column elementor-col-100 elementor-top-column elementor-element elementor-element-ad5957c\" data-id=\"ad5957c\" data-element_type=\"column\" data-e-type=\"column\">\r\n\t\t\t\t\t<div class=\"elementor-widget-wrap elementor-element-populated\">\r\n\t\t\t\t\t\t\t\t<div class=\"elementor-element elementor-element-732d8e7 elementor-invisible elementor-widget elementor-widget-text-editor\" data-id=\"732d8e7\" data-element_type=\"widget\" data-e-type=\"widget\" data-settings=\"{&quot;_animation&quot;:&quot;bounceInDown&quot;}\" data-widget_type=\"text-editor.default\">\n\t\t\t\t<div class=\"elementor-widget-container\">\n\t\t\t\t\t\t\t\t\t<p style=\"text-align: center;\">V\u00e9rifiez que les factures re\u00e7ues contiennent toutes les informations requises par la loi. S&rsquo;il y a des erreurs, demandez qu&rsquo;elles soient rectifi\u00e9es et, si n\u00e9cessaire, retenez le paiement jusqu&rsquo;\u00e0 ce que vous soyez en possession de la facture correcte.<\/p>\t\t\t\t\t\t\t\t<\/div>\n\t\t\t\t<\/div>\n\t\t\t\t\t<\/div>\r\n\t\t\t\t<\/div>\r\n\t\t\t\t\t<\/div>\r\n\t\t\t\t<\/section>\r\n\t\t\t\t<\/div>\n\t\t","protected":false},"excerpt":{"rendered":"<p>Avant de payer vos factures, v\u00e9rifiez qu&rsquo;elles sont correctes. N&rsquo;oubliez pas que si elles contiennent des erreurs, l&rsquo;administration fiscale peut refuser de d\u00e9duire la TVA en amont. Et compte tenu de la charge fiscale \u00e9lev\u00e9e que votre entreprise doit d\u00e9j\u00e0 supporter, c&rsquo;est la seule chose qui manque&#8230; Quelles sont les formalit\u00e9s \u00e0 remplir pour l&rsquo;\u00e9tablissement [&hellip;]<\/p>\n","protected":false},"author":2,"featured_media":24359,"comment_status":"closed","ping_status":"closed","sticky":false,"template":"","format":"standard","meta":{"_eb_attr":"","inline_featured_image":false,"footnotes":""},"categories":[1],"tags":[],"class_list":["post-24471","post","type-post","status-publish","format-standard","has-post-thumbnail","hentry","category-blog"],"featured_image_src":{"landsacpe":["https:\/\/www.asesoriaorihuelacosta.com\/wp-content\/uploads\/2024\/04\/requisitos-formales-factura.jpeg",640,360,false],"list":["https:\/\/www.asesoriaorihuelacosta.com\/wp-content\/uploads\/2024\/04\/requisitos-formales-factura-463x348.jpeg",463,348,true],"medium":["https:\/\/www.asesoriaorihuelacosta.com\/wp-content\/uploads\/2024\/04\/requisitos-formales-factura-300x169.jpeg",300,169,true],"full":["https:\/\/www.asesoriaorihuelacosta.com\/wp-content\/uploads\/2024\/04\/requisitos-formales-factura.jpeg",640,360,false]},"yoast_head":"<!-- This site is optimized with the Yoast SEO Premium plugin v24.7 (Yoast SEO v27.4) - https:\/\/yoast.com\/product\/yoast-seo-premium-wordpress\/ -->\n<title>Quelles sont les exigences formelles pour une facture?- Asesor\u00eda Orihuela Costa<\/title>\n<meta name=\"description\" content=\"Avant de payer vos factures, v\u00e9rifiez qu&#039;elles sont correctes. N&#039;oubliez pas que si elles contiennent des erreurs, l&#039;AEAT peut refuser la TVA\" \/>\n<meta name=\"robots\" content=\"index, follow, max-snippet:-1, max-image-preview:large, max-video-preview:-1\" \/>\n<link rel=\"canonical\" href=\"https:\/\/www.asesoriaorihuelacosta.com\/fr\/quelles-sont-les-exigences-formelles-pour-une-facture-en-espagne\/\" \/>\n<meta property=\"og:locale\" content=\"fr_FR\" \/>\n<meta property=\"og:type\" content=\"article\" \/>\n<meta property=\"og:title\" content=\"Quelles sont les exigences formelles pour une facture en Espagne ?\" \/>\n<meta property=\"og:description\" content=\"Avant de payer vos factures, v\u00e9rifiez qu&#039;elles sont correctes. N&#039;oubliez pas que si elles contiennent des erreurs, l&#039;AEAT peut refuser la TVA\" \/>\n<meta property=\"og:url\" content=\"https:\/\/www.asesoriaorihuelacosta.com\/fr\/quelles-sont-les-exigences-formelles-pour-une-facture-en-espagne\/\" \/>\n<meta property=\"og:site_name\" content=\"Asesor\u00eda Orihuela Costa\" \/>\n<meta property=\"article:publisher\" content=\"https:\/\/www.facebook.com\/asesoriaorihuelacosta\" \/>\n<meta property=\"article:author\" content=\"https:\/\/www.facebook.com\/patrick.gordinneperez\" \/>\n<meta property=\"article:published_time\" content=\"2024-04-22T19:41:44+00:00\" \/>\n<meta property=\"article:modified_time\" content=\"2024-04-24T00:34:06+00:00\" \/>\n<meta property=\"og:image\" content=\"https:\/\/www.asesoriaorihuelacosta.com\/wp-content\/uploads\/2024\/04\/requisitos-formales-factura.jpeg\" \/>\n\t<meta property=\"og:image:width\" content=\"640\" \/>\n\t<meta property=\"og:image:height\" content=\"360\" \/>\n\t<meta property=\"og:image:type\" content=\"image\/jpeg\" \/>\n<meta name=\"author\" content=\"Patrick Gordinne Perez\" \/>\n<meta name=\"twitter:card\" content=\"summary_large_image\" \/>\n<meta name=\"twitter:label1\" content=\"\u00c9crit par\" \/>\n\t<meta name=\"twitter:data1\" content=\"Patrick Gordinne Perez\" \/>\n\t<meta name=\"twitter:label2\" content=\"Dur\u00e9e de lecture estim\u00e9e\" \/>\n\t<meta name=\"twitter:data2\" content=\"3 minutes\" \/>\n<script type=\"application\/ld+json\" class=\"yoast-schema-graph\">{\"@context\":\"https:\\\/\\\/schema.org\",\"@graph\":[{\"@type\":\"Article\",\"@id\":\"https:\\\/\\\/www.asesoriaorihuelacosta.com\\\/fr\\\/quelles-sont-les-exigences-formelles-pour-une-facture-en-espagne\\\/#article\",\"isPartOf\":{\"@id\":\"https:\\\/\\\/www.asesoriaorihuelacosta.com\\\/fr\\\/quelles-sont-les-exigences-formelles-pour-une-facture-en-espagne\\\/\"},\"author\":{\"name\":\"Patrick Gordinne Perez\",\"@id\":\"https:\\\/\\\/www.asesoriaorihuelacosta.com\\\/fr\\\/#\\\/schema\\\/person\\\/6614ce8cf6d2de542aaf351629fd539e\"},\"headline\":\"Quelles sont les exigences formelles pour une facture en Espagne ?\",\"datePublished\":\"2024-04-22T19:41:44+00:00\",\"dateModified\":\"2024-04-24T00:34:06+00:00\",\"mainEntityOfPage\":{\"@id\":\"https:\\\/\\\/www.asesoriaorihuelacosta.com\\\/fr\\\/quelles-sont-les-exigences-formelles-pour-une-facture-en-espagne\\\/\"},\"wordCount\":755,\"publisher\":{\"@id\":\"https:\\\/\\\/www.asesoriaorihuelacosta.com\\\/fr\\\/#organization\"},\"image\":{\"@id\":\"https:\\\/\\\/www.asesoriaorihuelacosta.com\\\/fr\\\/quelles-sont-les-exigences-formelles-pour-une-facture-en-espagne\\\/#primaryimage\"},\"thumbnailUrl\":\"https:\\\/\\\/www.asesoriaorihuelacosta.com\\\/wp-content\\\/uploads\\\/2024\\\/04\\\/requisitos-formales-factura.jpeg\",\"articleSection\":[\"Blog\"],\"inLanguage\":\"fr-FR\"},{\"@type\":\"WebPage\",\"@id\":\"https:\\\/\\\/www.asesoriaorihuelacosta.com\\\/fr\\\/quelles-sont-les-exigences-formelles-pour-une-facture-en-espagne\\\/\",\"url\":\"https:\\\/\\\/www.asesoriaorihuelacosta.com\\\/fr\\\/quelles-sont-les-exigences-formelles-pour-une-facture-en-espagne\\\/\",\"name\":\"Quelles sont les exigences formelles pour une facture?- Asesor\u00eda Orihuela Costa\",\"isPartOf\":{\"@id\":\"https:\\\/\\\/www.asesoriaorihuelacosta.com\\\/fr\\\/#website\"},\"primaryImageOfPage\":{\"@id\":\"https:\\\/\\\/www.asesoriaorihuelacosta.com\\\/fr\\\/quelles-sont-les-exigences-formelles-pour-une-facture-en-espagne\\\/#primaryimage\"},\"image\":{\"@id\":\"https:\\\/\\\/www.asesoriaorihuelacosta.com\\\/fr\\\/quelles-sont-les-exigences-formelles-pour-une-facture-en-espagne\\\/#primaryimage\"},\"thumbnailUrl\":\"https:\\\/\\\/www.asesoriaorihuelacosta.com\\\/wp-content\\\/uploads\\\/2024\\\/04\\\/requisitos-formales-factura.jpeg\",\"datePublished\":\"2024-04-22T19:41:44+00:00\",\"dateModified\":\"2024-04-24T00:34:06+00:00\",\"description\":\"Avant de payer vos factures, v\u00e9rifiez qu'elles sont correctes. N'oubliez pas que si elles contiennent des erreurs, l'AEAT peut refuser la TVA\",\"breadcrumb\":{\"@id\":\"https:\\\/\\\/www.asesoriaorihuelacosta.com\\\/fr\\\/quelles-sont-les-exigences-formelles-pour-une-facture-en-espagne\\\/#breadcrumb\"},\"inLanguage\":\"fr-FR\",\"potentialAction\":[{\"@type\":\"ReadAction\",\"target\":[\"https:\\\/\\\/www.asesoriaorihuelacosta.com\\\/fr\\\/quelles-sont-les-exigences-formelles-pour-une-facture-en-espagne\\\/\"]}]},{\"@type\":\"ImageObject\",\"inLanguage\":\"fr-FR\",\"@id\":\"https:\\\/\\\/www.asesoriaorihuelacosta.com\\\/fr\\\/quelles-sont-les-exigences-formelles-pour-une-facture-en-espagne\\\/#primaryimage\",\"url\":\"https:\\\/\\\/www.asesoriaorihuelacosta.com\\\/wp-content\\\/uploads\\\/2024\\\/04\\\/requisitos-formales-factura.jpeg\",\"contentUrl\":\"https:\\\/\\\/www.asesoriaorihuelacosta.com\\\/wp-content\\\/uploads\\\/2024\\\/04\\\/requisitos-formales-factura.jpeg\",\"width\":640,\"height\":360,\"caption\":\"requisitos formales factura\"},{\"@type\":\"BreadcrumbList\",\"@id\":\"https:\\\/\\\/www.asesoriaorihuelacosta.com\\\/fr\\\/quelles-sont-les-exigences-formelles-pour-une-facture-en-espagne\\\/#breadcrumb\",\"itemListElement\":[{\"@type\":\"ListItem\",\"position\":1,\"name\":\"Home\",\"item\":\"https:\\\/\\\/www.asesoriaorihuelacosta.com\\\/fr\\\/\"},{\"@type\":\"ListItem\",\"position\":2,\"name\":\"Quelles sont les exigences formelles pour une facture en Espagne ?\"}]},{\"@type\":\"WebSite\",\"@id\":\"https:\\\/\\\/www.asesoriaorihuelacosta.com\\\/fr\\\/#website\",\"url\":\"https:\\\/\\\/www.asesoriaorihuelacosta.com\\\/fr\\\/\",\"name\":\"https:\\\/\\\/www.asesoriaorihuelacosta.com\\\/\",\"description\":\"Grupo de asesores profesionales\",\"publisher\":{\"@id\":\"https:\\\/\\\/www.asesoriaorihuelacosta.com\\\/fr\\\/#organization\"},\"potentialAction\":[{\"@type\":\"SearchAction\",\"target\":{\"@type\":\"EntryPoint\",\"urlTemplate\":\"https:\\\/\\\/www.asesoriaorihuelacosta.com\\\/fr\\\/?s={search_term_string}\"},\"query-input\":{\"@type\":\"PropertyValueSpecification\",\"valueRequired\":true,\"valueName\":\"search_term_string\"}}],\"inLanguage\":\"fr-FR\"},{\"@type\":\"Organization\",\"@id\":\"https:\\\/\\\/www.asesoriaorihuelacosta.com\\\/fr\\\/#organization\",\"name\":\"Asesor\u00eda Orihuela Costa\",\"url\":\"https:\\\/\\\/www.asesoriaorihuelacosta.com\\\/fr\\\/\",\"logo\":{\"@type\":\"ImageObject\",\"inLanguage\":\"fr-FR\",\"@id\":\"https:\\\/\\\/www.asesoriaorihuelacosta.com\\\/fr\\\/#\\\/schema\\\/logo\\\/image\\\/\",\"url\":\"https:\\\/\\\/www.asesoriaorihuelacosta.com\\\/wp-content\\\/uploads\\\/2022\\\/06\\\/Logo-espa\u5bf8l-asesoriaorihuela.jpg\",\"contentUrl\":\"https:\\\/\\\/www.asesoriaorihuelacosta.com\\\/wp-content\\\/uploads\\\/2022\\\/06\\\/Logo-espa\u5bf8l-asesoriaorihuela.jpg\",\"width\":588,\"height\":136,\"caption\":\"Asesor\u00eda Orihuela Costa\"},\"image\":{\"@id\":\"https:\\\/\\\/www.asesoriaorihuelacosta.com\\\/fr\\\/#\\\/schema\\\/logo\\\/image\\\/\"},\"sameAs\":[\"https:\\\/\\\/www.facebook.com\\\/asesoriaorihuelacosta\"]},{\"@type\":\"Person\",\"@id\":\"https:\\\/\\\/www.asesoriaorihuelacosta.com\\\/fr\\\/#\\\/schema\\\/person\\\/6614ce8cf6d2de542aaf351629fd539e\",\"name\":\"Patrick Gordinne Perez\",\"description\":\"Soy economista colegiado por el colegio de economistas de Alicante con el n\u00famero 2722. Llevo ejerciendo desde el a\u00f1o 2005. Soy especialista en fiscalidad de empresas y aut\u00f3nomos y tambi\u00e9n especialista en gestionar compraventas. Hablo espa\u00f1ol, ingl\u00e9s y franc\u00e9s.\",\"sameAs\":[\"https:\\\/\\\/www.asesoriaorihuelacosta.com\",\"https:\\\/\\\/www.facebook.com\\\/patrick.gordinneperez\",\"https:\\\/\\\/www.linkedin.com\\\/in\\\/patrick-gordinne-perez-1b73aab3\\\/\",\"https:\\\/\\\/www.youtube.com\\\/channel\\\/UC5e95RJEVQlxCnhwDmGNVCw\"],\"gender\":\"Hombre\",\"knowsLanguage\":[\"ingl\u00e9s\",\"franc\u00e9s\",\"espa\u00f1ol\"],\"jobTitle\":\"Gerente\",\"worksFor\":\"Asesoria Orihuela Costa SL\"}]}<\/script>\n<!-- \/ Yoast SEO Premium plugin. -->","yoast_head_json":{"title":"Quelles sont les exigences formelles pour une facture?- Asesor\u00eda Orihuela Costa","description":"Avant de payer vos factures, v\u00e9rifiez qu'elles sont correctes. N'oubliez pas que si elles contiennent des erreurs, l'AEAT peut refuser la TVA","robots":{"index":"index","follow":"follow","max-snippet":"max-snippet:-1","max-image-preview":"max-image-preview:large","max-video-preview":"max-video-preview:-1"},"canonical":"https:\/\/www.asesoriaorihuelacosta.com\/fr\/quelles-sont-les-exigences-formelles-pour-une-facture-en-espagne\/","og_locale":"fr_FR","og_type":"article","og_title":"Quelles sont les exigences formelles pour une facture en Espagne ?","og_description":"Avant de payer vos factures, v\u00e9rifiez qu'elles sont correctes. N'oubliez pas que si elles contiennent des erreurs, l'AEAT peut refuser la TVA","og_url":"https:\/\/www.asesoriaorihuelacosta.com\/fr\/quelles-sont-les-exigences-formelles-pour-une-facture-en-espagne\/","og_site_name":"Asesor\u00eda Orihuela Costa","article_publisher":"https:\/\/www.facebook.com\/asesoriaorihuelacosta","article_author":"https:\/\/www.facebook.com\/patrick.gordinneperez","article_published_time":"2024-04-22T19:41:44+00:00","article_modified_time":"2024-04-24T00:34:06+00:00","og_image":[{"width":640,"height":360,"url":"https:\/\/www.asesoriaorihuelacosta.com\/wp-content\/uploads\/2024\/04\/requisitos-formales-factura.jpeg","type":"image\/jpeg"}],"author":"Patrick Gordinne Perez","twitter_card":"summary_large_image","twitter_misc":{"\u00c9crit par":"Patrick Gordinne Perez","Dur\u00e9e de lecture estim\u00e9e":"3 minutes"},"schema":{"@context":"https:\/\/schema.org","@graph":[{"@type":"Article","@id":"https:\/\/www.asesoriaorihuelacosta.com\/fr\/quelles-sont-les-exigences-formelles-pour-une-facture-en-espagne\/#article","isPartOf":{"@id":"https:\/\/www.asesoriaorihuelacosta.com\/fr\/quelles-sont-les-exigences-formelles-pour-une-facture-en-espagne\/"},"author":{"name":"Patrick Gordinne Perez","@id":"https:\/\/www.asesoriaorihuelacosta.com\/fr\/#\/schema\/person\/6614ce8cf6d2de542aaf351629fd539e"},"headline":"Quelles sont les exigences formelles pour une facture en Espagne ?","datePublished":"2024-04-22T19:41:44+00:00","dateModified":"2024-04-24T00:34:06+00:00","mainEntityOfPage":{"@id":"https:\/\/www.asesoriaorihuelacosta.com\/fr\/quelles-sont-les-exigences-formelles-pour-une-facture-en-espagne\/"},"wordCount":755,"publisher":{"@id":"https:\/\/www.asesoriaorihuelacosta.com\/fr\/#organization"},"image":{"@id":"https:\/\/www.asesoriaorihuelacosta.com\/fr\/quelles-sont-les-exigences-formelles-pour-une-facture-en-espagne\/#primaryimage"},"thumbnailUrl":"https:\/\/www.asesoriaorihuelacosta.com\/wp-content\/uploads\/2024\/04\/requisitos-formales-factura.jpeg","articleSection":["Blog"],"inLanguage":"fr-FR"},{"@type":"WebPage","@id":"https:\/\/www.asesoriaorihuelacosta.com\/fr\/quelles-sont-les-exigences-formelles-pour-une-facture-en-espagne\/","url":"https:\/\/www.asesoriaorihuelacosta.com\/fr\/quelles-sont-les-exigences-formelles-pour-une-facture-en-espagne\/","name":"Quelles sont les exigences formelles pour une facture?- Asesor\u00eda Orihuela Costa","isPartOf":{"@id":"https:\/\/www.asesoriaorihuelacosta.com\/fr\/#website"},"primaryImageOfPage":{"@id":"https:\/\/www.asesoriaorihuelacosta.com\/fr\/quelles-sont-les-exigences-formelles-pour-une-facture-en-espagne\/#primaryimage"},"image":{"@id":"https:\/\/www.asesoriaorihuelacosta.com\/fr\/quelles-sont-les-exigences-formelles-pour-une-facture-en-espagne\/#primaryimage"},"thumbnailUrl":"https:\/\/www.asesoriaorihuelacosta.com\/wp-content\/uploads\/2024\/04\/requisitos-formales-factura.jpeg","datePublished":"2024-04-22T19:41:44+00:00","dateModified":"2024-04-24T00:34:06+00:00","description":"Avant de payer vos factures, v\u00e9rifiez qu'elles sont correctes. N'oubliez pas que si elles contiennent des erreurs, l'AEAT peut refuser la TVA","breadcrumb":{"@id":"https:\/\/www.asesoriaorihuelacosta.com\/fr\/quelles-sont-les-exigences-formelles-pour-une-facture-en-espagne\/#breadcrumb"},"inLanguage":"fr-FR","potentialAction":[{"@type":"ReadAction","target":["https:\/\/www.asesoriaorihuelacosta.com\/fr\/quelles-sont-les-exigences-formelles-pour-une-facture-en-espagne\/"]}]},{"@type":"ImageObject","inLanguage":"fr-FR","@id":"https:\/\/www.asesoriaorihuelacosta.com\/fr\/quelles-sont-les-exigences-formelles-pour-une-facture-en-espagne\/#primaryimage","url":"https:\/\/www.asesoriaorihuelacosta.com\/wp-content\/uploads\/2024\/04\/requisitos-formales-factura.jpeg","contentUrl":"https:\/\/www.asesoriaorihuelacosta.com\/wp-content\/uploads\/2024\/04\/requisitos-formales-factura.jpeg","width":640,"height":360,"caption":"requisitos formales factura"},{"@type":"BreadcrumbList","@id":"https:\/\/www.asesoriaorihuelacosta.com\/fr\/quelles-sont-les-exigences-formelles-pour-une-facture-en-espagne\/#breadcrumb","itemListElement":[{"@type":"ListItem","position":1,"name":"Home","item":"https:\/\/www.asesoriaorihuelacosta.com\/fr\/"},{"@type":"ListItem","position":2,"name":"Quelles sont les exigences formelles pour une facture en Espagne ?"}]},{"@type":"WebSite","@id":"https:\/\/www.asesoriaorihuelacosta.com\/fr\/#website","url":"https:\/\/www.asesoriaorihuelacosta.com\/fr\/","name":"https:\/\/www.asesoriaorihuelacosta.com\/","description":"Grupo de asesores profesionales","publisher":{"@id":"https:\/\/www.asesoriaorihuelacosta.com\/fr\/#organization"},"potentialAction":[{"@type":"SearchAction","target":{"@type":"EntryPoint","urlTemplate":"https:\/\/www.asesoriaorihuelacosta.com\/fr\/?s={search_term_string}"},"query-input":{"@type":"PropertyValueSpecification","valueRequired":true,"valueName":"search_term_string"}}],"inLanguage":"fr-FR"},{"@type":"Organization","@id":"https:\/\/www.asesoriaorihuelacosta.com\/fr\/#organization","name":"Asesor\u00eda Orihuela Costa","url":"https:\/\/www.asesoriaorihuelacosta.com\/fr\/","logo":{"@type":"ImageObject","inLanguage":"fr-FR","@id":"https:\/\/www.asesoriaorihuelacosta.com\/fr\/#\/schema\/logo\/image\/","url":"https:\/\/www.asesoriaorihuelacosta.com\/wp-content\/uploads\/2022\/06\/Logo-espa\u5bf8l-asesoriaorihuela.jpg","contentUrl":"https:\/\/www.asesoriaorihuelacosta.com\/wp-content\/uploads\/2022\/06\/Logo-espa\u5bf8l-asesoriaorihuela.jpg","width":588,"height":136,"caption":"Asesor\u00eda Orihuela Costa"},"image":{"@id":"https:\/\/www.asesoriaorihuelacosta.com\/fr\/#\/schema\/logo\/image\/"},"sameAs":["https:\/\/www.facebook.com\/asesoriaorihuelacosta"]},{"@type":"Person","@id":"https:\/\/www.asesoriaorihuelacosta.com\/fr\/#\/schema\/person\/6614ce8cf6d2de542aaf351629fd539e","name":"Patrick Gordinne Perez","description":"Soy economista colegiado por el colegio de economistas de Alicante con el n\u00famero 2722. Llevo ejerciendo desde el a\u00f1o 2005. Soy especialista en fiscalidad de empresas y aut\u00f3nomos y tambi\u00e9n especialista en gestionar compraventas. Hablo espa\u00f1ol, ingl\u00e9s y franc\u00e9s.","sameAs":["https:\/\/www.asesoriaorihuelacosta.com","https:\/\/www.facebook.com\/patrick.gordinneperez","https:\/\/www.linkedin.com\/in\/patrick-gordinne-perez-1b73aab3\/","https:\/\/www.youtube.com\/channel\/UC5e95RJEVQlxCnhwDmGNVCw"],"gender":"Hombre","knowsLanguage":["ingl\u00e9s","franc\u00e9s","espa\u00f1ol"],"jobTitle":"Gerente","worksFor":"Asesoria Orihuela Costa SL"}]}},"_links":{"self":[{"href":"https:\/\/www.asesoriaorihuelacosta.com\/fr\/wp-json\/wp\/v2\/posts\/24471","targetHints":{"allow":["GET"]}}],"collection":[{"href":"https:\/\/www.asesoriaorihuelacosta.com\/fr\/wp-json\/wp\/v2\/posts"}],"about":[{"href":"https:\/\/www.asesoriaorihuelacosta.com\/fr\/wp-json\/wp\/v2\/types\/post"}],"author":[{"embeddable":true,"href":"https:\/\/www.asesoriaorihuelacosta.com\/fr\/wp-json\/wp\/v2\/users\/2"}],"replies":[{"embeddable":true,"href":"https:\/\/www.asesoriaorihuelacosta.com\/fr\/wp-json\/wp\/v2\/comments?post=24471"}],"version-history":[{"count":7,"href":"https:\/\/www.asesoriaorihuelacosta.com\/fr\/wp-json\/wp\/v2\/posts\/24471\/revisions"}],"predecessor-version":[{"id":24478,"href":"https:\/\/www.asesoriaorihuelacosta.com\/fr\/wp-json\/wp\/v2\/posts\/24471\/revisions\/24478"}],"wp:featuredmedia":[{"embeddable":true,"href":"https:\/\/www.asesoriaorihuelacosta.com\/fr\/wp-json\/wp\/v2\/media\/24359"}],"wp:attachment":[{"href":"https:\/\/www.asesoriaorihuelacosta.com\/fr\/wp-json\/wp\/v2\/media?parent=24471"}],"wp:term":[{"taxonomy":"category","embeddable":true,"href":"https:\/\/www.asesoriaorihuelacosta.com\/fr\/wp-json\/wp\/v2\/categories?post=24471"},{"taxonomy":"post_tag","embeddable":true,"href":"https:\/\/www.asesoriaorihuelacosta.com\/fr\/wp-json\/wp\/v2\/tags?post=24471"}],"curies":[{"name":"wp","href":"https:\/\/api.w.org\/{rel}","templated":true}]}}